{"id":9905,"date":"2023-02-22T18:19:43","date_gmt":"2023-02-22T21:19:43","guid":{"rendered":"https:\/\/ingesto.org.br\/?p=9905"},"modified":"2023-05-24T20:55:36","modified_gmt":"2023-05-24T23:55:36","slug":"estudo-inedito-traca-o-perfil-das-oscs-criadas-em-120-anos-no-brasil","status":"publish","type":"post","link":"https:\/\/ingesto.org.br\/en\/estudo-inedito-traca-o-perfil-das-oscs-criadas-em-120-anos-no-brasil\/","title":{"rendered":"Unpublished study profiles CSOs created over 120 years in Brazil"},"content":{"rendered":"<p>Pesquisa in\u00e9dita do Instituto de Pesquisa Econ\u00f4mica Aplicada (Ipea), publicada nesta segunda-feira (13) apresenta um levantamento que abrange o universo das mais de 1 milh\u00e3o de organiza\u00e7\u00f5es da sociedade civil (OSCs) formalmente criadas em um per\u00edodo de 120 anos no pa\u00eds. De acordo com a pesquisa\u00a0<em>Din\u00e2micas do Terceiro Setor no Brasil: Trajet\u00f3rias de cria\u00e7\u00e3o e fechamento de organiza\u00e7\u00f5es da sociedade civil de 1901 a 2020,\u00a0<\/em>the majority profile of these CSOs is private associations (85%), based in the Southeast region (40%), with an average time of activity of 17.6 years, focused on the areas of \u201cdevelopment and defense of rights and interests\u201d (40.0% ) and \u201creligion\u201d (24.6%).<\/p>\n\n\n<div class=\"wp-block-image\">\n<figure class=\"aligncenter size-full\"><img fetchpriority=\"high\" decoding=\"async\" width=\"1023\" height=\"635\" src=\"https:\/\/ingesto.org.br\/wp-content\/uploads\/2023\/02\/image-1.png\" alt=\"\" class=\"wp-image-9907\" srcset=\"https:\/\/ingesto.org.br\/wp-content\/uploads\/2023\/02\/image-1.png 1023w, https:\/\/ingesto.org.br\/wp-content\/uploads\/2023\/02\/image-1-300x186.png 300w, https:\/\/ingesto.org.br\/wp-content\/uploads\/2023\/02\/image-1-768x477.png 768w, https:\/\/ingesto.org.br\/wp-content\/uploads\/2023\/02\/image-1-600x372.png 600w\" sizes=\"(max-width: 1023px) 100vw, 1023px\" \/><figcaption class=\"wp-element-caption\">IPEA &#8211; 120 anos de Hist\u00f3ria do Terceiro Setor<\/figcaption><\/figure>\n<\/div>\n\n\n<p>O estudo \u2013 produzido pela pesquisadora do Ipea Janine Mello e por Ana Camila Ribeiro, consultora da Comiss\u00e3o Econ\u00f4mica para a Am\u00e9rica Latina e o Caribe (Cepal) \u2013 estima que entre as OSCs hoje ativas, 38% s\u00e3o voltadas a atividades de defesa de direitos e interesses, e 27% para atividades de natureza religiosa.<\/p>\n\n\n\n<p class=\"has-normal-font-size\">According to the publication, the movement to formalize CSOs gained strength from the 1960s onwards and reached its peak during the 2000s: 99% of the CSOs created were formalized after 1960, probably as a result of legislation that regulated the General Taxpayer Registry (CGC), an instrument prior to the emergence, in 1998, of the National Register of Legal Entities (CNPJ).<\/p>\n\n\n\n<p>Regarding closures, the research reveals that, of 1,161,354 CSOs created throughout the 120-year period analyzed, 345,678 \u2013 equivalent to a third \u2013 had their activities closed. The analysis also shows that, of every hundred social assistance CSOs opened, 49 closed their activities, a number that drops to 46 in organizations in other areas of activity.<\/p>\n\n\n\n<p class=\"has-normal-font-size\">A an\u00e1lise conclui ser necess\u00e1rio aumentar a confian\u00e7a, a transpar\u00eancia e a legitimidade das OSCs na sociedade, revalorizar as potencialidades das intera\u00e7\u00f5es entre Estado e OSCs na execu\u00e7\u00e3o de pol\u00edticas p\u00fablicas, compreender melhor como as OSCs contribuem para fortalecer a democracia e qual papel deveria ser desempenhado por elas na forma\u00e7\u00e3o da agenda de pol\u00edticas p\u00fablicas do pa\u00eds.<\/p>\n\n\n\n<p class=\"has-normal-font-size\"><strong><a href=\"https:\/\/ingesto.org.br\/wp-content\/uploads\/2023\/02\/td_dinamica_terceiro_setor_publicacao_preliminar.pdf\" target=\"_blank\" rel=\"noreferrer noopener\">Access the full study<\/a><\/strong><\/p>\n\n\n\n<p class=\"has-normal-font-size\"><strong>General Coordination of press and Social Communication<br><\/strong>(21) 3515-8704 \/ (21) 3515-8578<br>(61) 2026-5501<br><a href=\"mailto:ascom@ipea.gov.br\"><\/a><a href=\"mailto:ascom@ipea.gov.br\">ascom@ipea.gov.br<\/a><\/p>","protected":false},"excerpt":{"rendered":"<p>Unprecedented research by the Institute of Applied Economic Research (Ipea), published this Monday (13), presents a survey that covers the universe of more than 1 million civil society organizations (CSOs) formally created over a period of 120 years in the country . According to the research Dynamics of the Third Sector in Brazil: Trajectories of creation and closure of civil society organizations from 1901 to 2020, the majority profile of these CSOs is private associations (85%), based in the Southeast region (40%), with time average activity of 17.6 years, focused on the areas of \u201cdevelopment and defense of rights and interests\u201d (40.0%) and \u201creligion\u201d (24.6%).<\/p>","protected":false},"author":1,"featured_media":9906,"comment_status":"open","ping_status":"open","sticky":true,"template":"elementor_theme","format":"standard","meta":{"give_campaign_id":0,"_yoast_wpseo_focuskw":"","_yoast_wpseo_title":"","_yoast_wpseo_metadesc":"","_joinchat":[],"footnotes":""},"categories":[29],"tags":[481,1173,1170,251,474,497,498,1171],"class_list":["post-9905","post","type-post","status-publish","format-standard","has-post-thumbnail","hentry","category-noticias","tag-3setorconectado","tag-ana-camila-ribeiro","tag-ipea","tag-ongs","tag-organizacoes-da-sociedade-civil","tag-organizacoessociais","tag-oscip","tag-pesquisa"],"yoast_head":"<!-- This site is optimized with the Yoast SEO plugin v27.4 - https:\/\/yoast.com\/product\/yoast-seo-wordpress\/ -->\n<title>Estudo in\u00e9dito tra\u00e7a o perfil das OSCs criadas em 120 anos no Brasil - Ingesto<\/title>\n<meta name=\"robots\" content=\"index, follow, max-snippet:-1, max-image-preview:large, max-video-preview:-1\" \/>\n<link rel=\"canonical\" href=\"https:\/\/ingesto.org.br\/en\/estudo-inedito-traca-o-perfil-das-oscs-criadas-em-120-anos-no-brasil\/\" \/>\n<meta property=\"og:locale\" content=\"en_US\" \/>\n<meta property=\"og:type\" content=\"article\" \/>\n<meta property=\"og:title\" content=\"Estudo in\u00e9dito tra\u00e7a o perfil das OSCs criadas em 120 anos no Brasil - Ingesto\" \/>\n<meta property=\"og:description\" content=\"Pesquisa in\u00e9dita do Instituto de Pesquisa Econ\u00f4mica Aplicada (Ipea), publicada nesta segunda-feira (13) apresenta um levantamento que abrange o universo das mais de 1 milh\u00e3o de organiza\u00e7\u00f5es da sociedade civil (OSCs) formalmente criadas em um per\u00edodo de 120 anos no pa\u00eds. De acordo com a pesquisa Din\u00e2micas do Terceiro Setor no Brasil: Trajet\u00f3rias de cria\u00e7\u00e3o e fechamento de organiza\u00e7\u00f5es da sociedade civil de 1901 a 2020, o perfil majorit\u00e1rio dessas OSCs \u00e9 de associa\u00e7\u00f5es privadas (85%), sediadas na regi\u00e3o Sudeste (40%), com tempo m\u00e9dio de atividade de 17,6 anos, voltadas para as \u00e1reas de \u201cdesenvolvimento e defesa de direitos e interesses\u201d (40,0%) e \u201creligi\u00e3o\u201d (24,6%).\" \/>\n<meta property=\"og:url\" content=\"https:\/\/ingesto.org.br\/en\/estudo-inedito-traca-o-perfil-das-oscs-criadas-em-120-anos-no-brasil\/\" \/>\n<meta property=\"og:site_name\" content=\"Ingesto\" \/>\n<meta property=\"article:publisher\" content=\"https:\/\/www.facebook.com\/institutoingesto\" \/>\n<meta property=\"article:published_time\" content=\"2023-02-22T21:19:43+00:00\" \/>\n<meta property=\"article:modified_time\" content=\"2023-05-24T23:55:36+00:00\" \/>\n<meta property=\"og:image\" content=\"https:\/\/ingesto.org.br\/wp-content\/uploads\/2023\/02\/230213_mapa_osc_site.jpg\" \/>\n\t<meta property=\"og:image:width\" content=\"978\" \/>\n\t<meta property=\"og:image:height\" content=\"500\" \/>\n\t<meta property=\"og:image:type\" content=\"image\/jpeg\" \/>\n<meta name=\"author\" content=\"Ingesto\" \/>\n<meta name=\"twitter:card\" content=\"summary_large_image\" \/>\n<meta name=\"twitter:creator\" content=\"@Ingestos\" \/>\n<meta name=\"twitter:site\" content=\"@Ingestos\" \/>\n<meta name=\"twitter:label1\" content=\"Written by\" \/>\n\t<meta name=\"twitter:data1\" content=\"Ingesto\" \/>\n\t<meta name=\"twitter:label2\" content=\"Est. reading time\" \/>\n\t<meta name=\"twitter:data2\" content=\"2 minutes\" \/>\n<script type=\"application\/ld+json\" class=\"yoast-schema-graph\">{\"@context\":\"https:\\\/\\\/schema.org\",\"@graph\":[{\"@type\":\"Article\",\"@id\":\"https:\\\/\\\/ingesto.org.br\\\/estudo-inedito-traca-o-perfil-das-oscs-criadas-em-120-anos-no-brasil\\\/#article\",\"isPartOf\":{\"@id\":\"https:\\\/\\\/ingesto.org.br\\\/estudo-inedito-traca-o-perfil-das-oscs-criadas-em-120-anos-no-brasil\\\/\"},\"author\":{\"name\":\"Ingesto\",\"@id\":\"http:\\\/\\\/ingesto.org.br\\\/en\\\/#\\\/schema\\\/person\\\/b6b24d64bb11f377f79f5f35b9c466dc\"},\"headline\":\"Estudo in\u00e9dito tra\u00e7a o perfil das OSCs criadas em 120 anos no Brasil\",\"datePublished\":\"2023-02-22T21:19:43+00:00\",\"dateModified\":\"2023-05-24T23:55:36+00:00\",\"mainEntityOfPage\":{\"@id\":\"https:\\\/\\\/ingesto.org.br\\\/estudo-inedito-traca-o-perfil-das-oscs-criadas-em-120-anos-no-brasil\\\/\"},\"wordCount\":401,\"commentCount\":0,\"publisher\":{\"@id\":\"http:\\\/\\\/ingesto.org.br\\\/en\\\/#organization\"},\"image\":{\"@id\":\"https:\\\/\\\/ingesto.org.br\\\/estudo-inedito-traca-o-perfil-das-oscs-criadas-em-120-anos-no-brasil\\\/#primaryimage\"},\"thumbnailUrl\":\"https:\\\/\\\/ingesto.org.br\\\/wp-content\\\/uploads\\\/2023\\\/02\\\/230213_mapa_osc_site.jpg\",\"keywords\":[\"3setorconectado\",\"Ana Camila Ribeiro\",\"IPEA\",\"ONGs\",\"Organiza\u00e7\u00f5es da Sociedade Civil\",\"organizacoessociais\",\"oscip\",\"Pesquisa\"],\"articleSection\":[\"Not\u00edcias\"],\"inLanguage\":\"en-US\",\"potentialAction\":[{\"@type\":\"CommentAction\",\"name\":\"Comment\",\"target\":[\"https:\\\/\\\/ingesto.org.br\\\/estudo-inedito-traca-o-perfil-das-oscs-criadas-em-120-anos-no-brasil\\\/#respond\"]}]},{\"@type\":\"WebPage\",\"@id\":\"https:\\\/\\\/ingesto.org.br\\\/estudo-inedito-traca-o-perfil-das-oscs-criadas-em-120-anos-no-brasil\\\/\",\"url\":\"https:\\\/\\\/ingesto.org.br\\\/estudo-inedito-traca-o-perfil-das-oscs-criadas-em-120-anos-no-brasil\\\/\",\"name\":\"Estudo in\u00e9dito tra\u00e7a o perfil das OSCs criadas em 120 anos no Brasil - Ingesto\",\"isPartOf\":{\"@id\":\"http:\\\/\\\/ingesto.org.br\\\/en\\\/#website\"},\"primaryImageOfPage\":{\"@id\":\"https:\\\/\\\/ingesto.org.br\\\/estudo-inedito-traca-o-perfil-das-oscs-criadas-em-120-anos-no-brasil\\\/#primaryimage\"},\"image\":{\"@id\":\"https:\\\/\\\/ingesto.org.br\\\/estudo-inedito-traca-o-perfil-das-oscs-criadas-em-120-anos-no-brasil\\\/#primaryimage\"},\"thumbnailUrl\":\"https:\\\/\\\/ingesto.org.br\\\/wp-content\\\/uploads\\\/2023\\\/02\\\/230213_mapa_osc_site.jpg\",\"datePublished\":\"2023-02-22T21:19:43+00:00\",\"dateModified\":\"2023-05-24T23:55:36+00:00\",\"breadcrumb\":{\"@id\":\"https:\\\/\\\/ingesto.org.br\\\/estudo-inedito-traca-o-perfil-das-oscs-criadas-em-120-anos-no-brasil\\\/#breadcrumb\"},\"inLanguage\":\"en-US\",\"potentialAction\":[{\"@type\":\"ReadAction\",\"target\":[\"https:\\\/\\\/ingesto.org.br\\\/estudo-inedito-traca-o-perfil-das-oscs-criadas-em-120-anos-no-brasil\\\/\"]}]},{\"@type\":\"ImageObject\",\"inLanguage\":\"en-US\",\"@id\":\"https:\\\/\\\/ingesto.org.br\\\/estudo-inedito-traca-o-perfil-das-oscs-criadas-em-120-anos-no-brasil\\\/#primaryimage\",\"url\":\"https:\\\/\\\/ingesto.org.br\\\/wp-content\\\/uploads\\\/2023\\\/02\\\/230213_mapa_osc_site.jpg\",\"contentUrl\":\"https:\\\/\\\/ingesto.org.br\\\/wp-content\\\/uploads\\\/2023\\\/02\\\/230213_mapa_osc_site.jpg\",\"width\":978,\"height\":500},{\"@type\":\"BreadcrumbList\",\"@id\":\"https:\\\/\\\/ingesto.org.br\\\/estudo-inedito-traca-o-perfil-das-oscs-criadas-em-120-anos-no-brasil\\\/#breadcrumb\",\"itemListElement\":[{\"@type\":\"ListItem\",\"position\":1,\"name\":\"In\u00edcio\",\"item\":\"https:\\\/\\\/ingesto.org.br\\\/\"},{\"@type\":\"ListItem\",\"position\":2,\"name\":\"Estudo in\u00e9dito tra\u00e7a o perfil das OSCs criadas em 120 anos no Brasil\"}]},{\"@type\":\"WebSite\",\"@id\":\"http:\\\/\\\/ingesto.org.br\\\/en\\\/#website\",\"url\":\"http:\\\/\\\/ingesto.org.br\\\/en\\\/\",\"name\":\"Instituto\",\"description\":\"Instituto para Gest\u00e3o do Terceiro Setor\",\"publisher\":{\"@id\":\"http:\\\/\\\/ingesto.org.br\\\/en\\\/#organization\"},\"alternateName\":\"Ingesto\",\"potentialAction\":[{\"@type\":\"SearchAction\",\"target\":{\"@type\":\"EntryPoint\",\"urlTemplate\":\"http:\\\/\\\/ingesto.org.br\\\/en\\\/?s={search_term_string}\"},\"query-input\":{\"@type\":\"PropertyValueSpecification\",\"valueRequired\":true,\"valueName\":\"search_term_string\"}}],\"inLanguage\":\"en-US\"},{\"@type\":\"Organization\",\"@id\":\"http:\\\/\\\/ingesto.org.br\\\/en\\\/#organization\",\"name\":\"Ingesto\",\"url\":\"http:\\\/\\\/ingesto.org.br\\\/en\\\/\",\"logo\":{\"@type\":\"ImageObject\",\"inLanguage\":\"en-US\",\"@id\":\"http:\\\/\\\/ingesto.org.br\\\/en\\\/#\\\/schema\\\/logo\\\/image\\\/\",\"url\":\"https:\\\/\\\/ingesto.org.br\\\/wp-content\\\/uploads\\\/2020\\\/11\\\/cropped-cropped-icone.png\",\"contentUrl\":\"https:\\\/\\\/ingesto.org.br\\\/wp-content\\\/uploads\\\/2020\\\/11\\\/cropped-cropped-icone.png\",\"width\":512,\"height\":512,\"caption\":\"Ingesto\"},\"image\":{\"@id\":\"http:\\\/\\\/ingesto.org.br\\\/en\\\/#\\\/schema\\\/logo\\\/image\\\/\"},\"sameAs\":[\"https:\\\/\\\/www.facebook.com\\\/institutoingesto\",\"https:\\\/\\\/x.com\\\/Ingestos\",\"https:\\\/\\\/www.instagram.com\\\/institutoingesto\\\/\",\"https:\\\/\\\/www.youtube.com\\\/@institutoingesto\",\"https:\\\/\\\/www.linkedin.com\\\/in\\\/instituto-ingesto\"]},{\"@type\":\"Person\",\"@id\":\"http:\\\/\\\/ingesto.org.br\\\/en\\\/#\\\/schema\\\/person\\\/b6b24d64bb11f377f79f5f35b9c466dc\",\"name\":\"Ingesto\",\"image\":{\"@type\":\"ImageObject\",\"inLanguage\":\"en-US\",\"@id\":\"https:\\\/\\\/ingesto.org.br\\\/wp-content\\\/litespeed\\\/avatar\\\/4d7201aed9dddada281d8ce59ea56991.jpg?ver=1776950236\",\"url\":\"https:\\\/\\\/ingesto.org.br\\\/wp-content\\\/litespeed\\\/avatar\\\/4d7201aed9dddada281d8ce59ea56991.jpg?ver=1776950236\",\"contentUrl\":\"https:\\\/\\\/ingesto.org.br\\\/wp-content\\\/litespeed\\\/avatar\\\/4d7201aed9dddada281d8ce59ea56991.jpg?ver=1776950236\",\"caption\":\"Ingesto\"},\"sameAs\":[\"http:\\\/\\\/ingesto.org.br\"],\"url\":\"https:\\\/\\\/ingesto.org.br\\\/en\\\/author\\\/instituto-ingesto\\\/\"}]}<\/script>\n<!-- \/ Yoast SEO plugin. -->","yoast_head_json":{"title":"Estudo in\u00e9dito tra\u00e7a o perfil das OSCs criadas em 120 anos no Brasil - Ingesto","robots":{"index":"index","follow":"follow","max-snippet":"max-snippet:-1","max-image-preview":"max-image-preview:large","max-video-preview":"max-video-preview:-1"},"canonical":"https:\/\/ingesto.org.br\/en\/estudo-inedito-traca-o-perfil-das-oscs-criadas-em-120-anos-no-brasil\/","og_locale":"en_US","og_type":"article","og_title":"Estudo in\u00e9dito tra\u00e7a o perfil das OSCs criadas em 120 anos no Brasil - Ingesto","og_description":"Pesquisa in\u00e9dita do Instituto de Pesquisa Econ\u00f4mica Aplicada (Ipea), publicada nesta segunda-feira (13) apresenta um levantamento que abrange o universo das mais de 1 milh\u00e3o de organiza\u00e7\u00f5es da sociedade civil (OSCs) formalmente criadas em um per\u00edodo de 120 anos no pa\u00eds. De acordo com a pesquisa Din\u00e2micas do Terceiro Setor no Brasil: Trajet\u00f3rias de cria\u00e7\u00e3o e fechamento de organiza\u00e7\u00f5es da sociedade civil de 1901 a 2020, o perfil majorit\u00e1rio dessas OSCs \u00e9 de associa\u00e7\u00f5es privadas (85%), sediadas na regi\u00e3o Sudeste (40%), com tempo m\u00e9dio de atividade de 17,6 anos, voltadas para as \u00e1reas de \u201cdesenvolvimento e defesa de direitos e interesses\u201d (40,0%) e \u201creligi\u00e3o\u201d (24,6%).","og_url":"https:\/\/ingesto.org.br\/en\/estudo-inedito-traca-o-perfil-das-oscs-criadas-em-120-anos-no-brasil\/","og_site_name":"Ingesto","article_publisher":"https:\/\/www.facebook.com\/institutoingesto","article_published_time":"2023-02-22T21:19:43+00:00","article_modified_time":"2023-05-24T23:55:36+00:00","og_image":[{"width":978,"height":500,"url":"https:\/\/ingesto.org.br\/wp-content\/uploads\/2023\/02\/230213_mapa_osc_site.jpg","type":"image\/jpeg"}],"author":"Ingesto","twitter_card":"summary_large_image","twitter_creator":"@Ingestos","twitter_site":"@Ingestos","twitter_misc":{"Written by":"Ingesto","Est. reading time":"2 minutes"},"schema":{"@context":"https:\/\/schema.org","@graph":[{"@type":"Article","@id":"https:\/\/ingesto.org.br\/estudo-inedito-traca-o-perfil-das-oscs-criadas-em-120-anos-no-brasil\/#article","isPartOf":{"@id":"https:\/\/ingesto.org.br\/estudo-inedito-traca-o-perfil-das-oscs-criadas-em-120-anos-no-brasil\/"},"author":{"name":"Ingesto","@id":"http:\/\/ingesto.org.br\/en\/#\/schema\/person\/b6b24d64bb11f377f79f5f35b9c466dc"},"headline":"Estudo in\u00e9dito tra\u00e7a o perfil das OSCs criadas em 120 anos no Brasil","datePublished":"2023-02-22T21:19:43+00:00","dateModified":"2023-05-24T23:55:36+00:00","mainEntityOfPage":{"@id":"https:\/\/ingesto.org.br\/estudo-inedito-traca-o-perfil-das-oscs-criadas-em-120-anos-no-brasil\/"},"wordCount":401,"commentCount":0,"publisher":{"@id":"http:\/\/ingesto.org.br\/en\/#organization"},"image":{"@id":"https:\/\/ingesto.org.br\/estudo-inedito-traca-o-perfil-das-oscs-criadas-em-120-anos-no-brasil\/#primaryimage"},"thumbnailUrl":"https:\/\/ingesto.org.br\/wp-content\/uploads\/2023\/02\/230213_mapa_osc_site.jpg","keywords":["3setorconectado","Ana Camila Ribeiro","IPEA","ONGs","Organiza\u00e7\u00f5es da Sociedade Civil","organizacoessociais","oscip","Pesquisa"],"articleSection":["Not\u00edcias"],"inLanguage":"en-US","potentialAction":[{"@type":"CommentAction","name":"Comment","target":["https:\/\/ingesto.org.br\/estudo-inedito-traca-o-perfil-das-oscs-criadas-em-120-anos-no-brasil\/#respond"]}]},{"@type":"WebPage","@id":"https:\/\/ingesto.org.br\/estudo-inedito-traca-o-perfil-das-oscs-criadas-em-120-anos-no-brasil\/","url":"https:\/\/ingesto.org.br\/estudo-inedito-traca-o-perfil-das-oscs-criadas-em-120-anos-no-brasil\/","name":"Estudo in\u00e9dito tra\u00e7a o perfil das OSCs criadas em 120 anos no Brasil - Ingesto","isPartOf":{"@id":"http:\/\/ingesto.org.br\/en\/#website"},"primaryImageOfPage":{"@id":"https:\/\/ingesto.org.br\/estudo-inedito-traca-o-perfil-das-oscs-criadas-em-120-anos-no-brasil\/#primaryimage"},"image":{"@id":"https:\/\/ingesto.org.br\/estudo-inedito-traca-o-perfil-das-oscs-criadas-em-120-anos-no-brasil\/#primaryimage"},"thumbnailUrl":"https:\/\/ingesto.org.br\/wp-content\/uploads\/2023\/02\/230213_mapa_osc_site.jpg","datePublished":"2023-02-22T21:19:43+00:00","dateModified":"2023-05-24T23:55:36+00:00","breadcrumb":{"@id":"https:\/\/ingesto.org.br\/estudo-inedito-traca-o-perfil-das-oscs-criadas-em-120-anos-no-brasil\/#breadcrumb"},"inLanguage":"en-US","potentialAction":[{"@type":"ReadAction","target":["https:\/\/ingesto.org.br\/estudo-inedito-traca-o-perfil-das-oscs-criadas-em-120-anos-no-brasil\/"]}]},{"@type":"ImageObject","inLanguage":"en-US","@id":"https:\/\/ingesto.org.br\/estudo-inedito-traca-o-perfil-das-oscs-criadas-em-120-anos-no-brasil\/#primaryimage","url":"https:\/\/ingesto.org.br\/wp-content\/uploads\/2023\/02\/230213_mapa_osc_site.jpg","contentUrl":"https:\/\/ingesto.org.br\/wp-content\/uploads\/2023\/02\/230213_mapa_osc_site.jpg","width":978,"height":500},{"@type":"BreadcrumbList","@id":"https:\/\/ingesto.org.br\/estudo-inedito-traca-o-perfil-das-oscs-criadas-em-120-anos-no-brasil\/#breadcrumb","itemListElement":[{"@type":"ListItem","position":1,"name":"In\u00edcio","item":"https:\/\/ingesto.org.br\/"},{"@type":"ListItem","position":2,"name":"Estudo in\u00e9dito tra\u00e7a o perfil das OSCs criadas em 120 anos no Brasil"}]},{"@type":"WebSite","@id":"http:\/\/ingesto.org.br\/en\/#website","url":"http:\/\/ingesto.org.br\/en\/","name":"Institute","description":"Institute for Third Sector Management","publisher":{"@id":"http:\/\/ingesto.org.br\/en\/#organization"},"alternateName":"Ingesto","potentialAction":[{"@type":"SearchAction","target":{"@type":"EntryPoint","urlTemplate":"http:\/\/ingesto.org.br\/en\/?s={search_term_string}"},"query-input":{"@type":"PropertyValueSpecification","valueRequired":true,"valueName":"search_term_string"}}],"inLanguage":"en-US"},{"@type":"Organization","@id":"http:\/\/ingesto.org.br\/en\/#organization","name":"Ingesto","url":"http:\/\/ingesto.org.br\/en\/","logo":{"@type":"ImageObject","inLanguage":"en-US","@id":"http:\/\/ingesto.org.br\/en\/#\/schema\/logo\/image\/","url":"https:\/\/ingesto.org.br\/wp-content\/uploads\/2020\/11\/cropped-cropped-icone.png","contentUrl":"https:\/\/ingesto.org.br\/wp-content\/uploads\/2020\/11\/cropped-cropped-icone.png","width":512,"height":512,"caption":"Ingesto"},"image":{"@id":"http:\/\/ingesto.org.br\/en\/#\/schema\/logo\/image\/"},"sameAs":["https:\/\/www.facebook.com\/institutoingesto","https:\/\/x.com\/Ingestos","https:\/\/www.instagram.com\/institutoingesto\/","https:\/\/www.youtube.com\/@institutoingesto","https:\/\/www.linkedin.com\/in\/instituto-ingesto"]},{"@type":"Person","@id":"http:\/\/ingesto.org.br\/en\/#\/schema\/person\/b6b24d64bb11f377f79f5f35b9c466dc","name":"Ingesto","image":{"@type":"ImageObject","inLanguage":"en-US","@id":"https:\/\/ingesto.org.br\/wp-content\/litespeed\/avatar\/4d7201aed9dddada281d8ce59ea56991.jpg?ver=1776950236","url":"https:\/\/ingesto.org.br\/wp-content\/litespeed\/avatar\/4d7201aed9dddada281d8ce59ea56991.jpg?ver=1776950236","contentUrl":"https:\/\/ingesto.org.br\/wp-content\/litespeed\/avatar\/4d7201aed9dddada281d8ce59ea56991.jpg?ver=1776950236","caption":"Ingesto"},"sameAs":["http:\/\/ingesto.org.br"],"url":"https:\/\/ingesto.org.br\/en\/author\/instituto-ingesto\/"}]}},"jetpack_featured_media_url":"https:\/\/ingesto.org.br\/wp-content\/uploads\/2023\/02\/230213_mapa_osc_site.jpg","jetpack_shortlink":"https:\/\/wp.me\/peji5g-2zL","acf":[],"_links":{"self":[{"href":"https:\/\/ingesto.org.br\/en\/wp-json\/wp\/v2\/posts\/9905","targetHints":{"allow":["GET"]}}],"collection":[{"href":"https:\/\/ingesto.org.br\/en\/wp-json\/wp\/v2\/posts"}],"about":[{"href":"https:\/\/ingesto.org.br\/en\/wp-json\/wp\/v2\/types\/post"}],"author":[{"embeddable":true,"href":"https:\/\/ingesto.org.br\/en\/wp-json\/wp\/v2\/users\/1"}],"replies":[{"embeddable":true,"href":"https:\/\/ingesto.org.br\/en\/wp-json\/wp\/v2\/comments?post=9905"}],"version-history":[{"count":0,"href":"https:\/\/ingesto.org.br\/en\/wp-json\/wp\/v2\/posts\/9905\/revisions"}],"wp:featuredmedia":[{"embeddable":true,"href":"https:\/\/ingesto.org.br\/en\/wp-json\/wp\/v2\/media\/9906"}],"wp:attachment":[{"href":"https:\/\/ingesto.org.br\/en\/wp-json\/wp\/v2\/media?parent=9905"}],"wp:term":[{"taxonomy":"category","embeddable":true,"href":"https:\/\/ingesto.org.br\/en\/wp-json\/wp\/v2\/categories?post=9905"},{"taxonomy":"post_tag","embeddable":true,"href":"https:\/\/ingesto.org.br\/en\/wp-json\/wp\/v2\/tags?post=9905"}],"curies":[{"name":"wp","href":"https:\/\/api.w.org\/{rel}","templated":true}]}}