{"id":9302,"date":"2022-01-25T14:59:34","date_gmt":"2022-01-25T14:59:34","guid":{"rendered":"https:\/\/rubenssantana.com\/?p=6085"},"modified":"2022-01-25T14:59:34","modified_gmt":"2022-01-25T14:59:34","slug":"quem-sao-e-o-que-fazem-as-10-pessoas-fisicas-que-mais-financiaram-a-rouanet-no-ano-de-2021","status":"publish","type":"post","link":"https:\/\/ingesto.org.br\/en\/quem-sao-e-o-que-fazem-as-10-pessoas-fisicas-que-mais-financiaram-a-rouanet-no-ano-de-2021\/","title":{"rendered":"Who are the 10 Individuals who financed Rouanet the most in 2021 and what do they do?"},"content":{"rendered":"\n<p> As mudan\u00e7as mais recentes na antiga&nbsp;<strong>Lei Rouanet &#8211; Lei de Incentivo \u00e0 Cultura &#8211;&nbsp;<\/strong>est\u00e3o gerando preocupa\u00e7\u00f5es na \u00e1rea art\u00edstica. Diferente do esperado, que \u00e9 de se ampliar investimentos e criar mecanismos de retomada para o setor cultural, as novas medidas do Governo Federal trazem restri\u00e7\u00f5es, exclus\u00f5es de conte\u00fados e limita\u00e7\u00f5es no processo decis\u00f3rio. <\/p>\n\n\n\n<div class=\"wp-block-image\"><figure class=\"aligncenter size-full is-resized\"><a href=\"https:\/\/rubenssantana.com\/wp-content\/uploads\/2022\/01\/apresentaco.jpg\"><img fetchpriority=\"high\" decoding=\"async\" src=\"https:\/\/rubenssantana.com\/wp-content\/uploads\/2022\/01\/apresentaco.jpg\" alt=\"\" class=\"wp-image-6043\" width=\"836\" height=\"558\" srcset=\"https:\/\/ingesto.org.br\/wp-content\/uploads\/2022\/01\/apresentaco.jpg 550w, https:\/\/ingesto.org.br\/wp-content\/uploads\/2022\/01\/apresentaco-300x200.jpg 300w\" sizes=\"(max-width: 836px) 100vw, 836px\" \/><\/a><\/figure><\/div>\n\n\n\n<p> Veja abaixo as principais mudan\u00e7as trazidas publicadas ontem,&nbsp;<strong>27 de julho de 2021<\/strong>, no Di\u00e1rio Oficial:<\/p>\n\n\n\n<p><strong>1. Enfraquecimento da CNIC<\/strong><\/p>\n\n\n\n<p>A partir de agora a Comiss\u00e3o Nacional de Incentivo \u00e0 Cultura deixa de ser um \u00f3rg\u00e3o de delibera\u00e7\u00e3o para ser uma inst\u00e2ncia recursal que n\u00e3o delibera mais.<\/p>\n\n\n\n<p><strong>2. Inclus\u00e3o de Arte Sacra<\/strong><\/p>\n\n\n\n<p>Na pr\u00e1tica isso j\u00e1 acontecia e a Arte Sacra j\u00e1 se valida dos recursos da Lei, por\u00e9m o Decreto imp\u00f5e a inclus\u00e3o de representantes na CNIC. A medida \u00e9 um pleito antigo da bancada evang\u00e9lica para utilizar tais recursos para restaura\u00e7\u00e3o dos templos religiosos com recursos da lei.<\/p>\n\n\n\n<p><strong>3. Mais poderes ao presidente do CNIC<\/strong><\/p>\n\n\n\n<p>Com advento da nova lei o presidente do CNIC poder\u00e1 vetar projetos unilateralmente sem a necessidade de consultar os demais integrantes da comiss\u00e3o. Hoje as decis\u00f5es est\u00e3o a cargo de Andr\u00e9 Porciuncula Alay Esteves, capit\u00e3o da PM da Bahia.<\/p>\n\n\n\n<p><strong>4. Artes C\u00eanicas n\u00e3o est\u00e1 mais contemplada<\/strong><\/p>\n\n\n\n<p>Apesar de se presumir a admissibilidade dos projetos, o termo &#8220;Artes C\u00eanicas&#8221; foi eliminado. No lugar entraram Belas artes e Arte Sacra.<\/p>\n\n\n\n<p><strong>5. Regulamento interno da CNIC para para o Ministro<\/strong><\/p>\n\n\n\n<p>A partir de agora o regimento interno da CNIC n\u00e3o ser\u00e1 mais deliberado internamente. Pelo contr\u00e1rio, o Secret\u00e1rio Especial de Cultura e do Minist\u00e9rio Turismo ficar\u00e1 respons\u00e1vel.<\/p>\n\n\n\n<p><strong>6. Cria\u00e7\u00e3o de lista de institui\u00e7\u00f5es relevantes<\/strong><\/p>\n\n\n\n<p>A Secretaria Especial de Cultura e do Minist\u00e9rio Turismo&nbsp;poder\u00e1 dizer quais institui\u00e7\u00f5es s\u00e3o relevantes ou n\u00e3o relevantes. O que unilateralmente poder\u00e1 possibilitar ou inviabilizar a libera\u00e7\u00e3o de recursos para dada institui\u00e7\u00e3o.<\/p>\n\n\n\n<p><strong>7. Projetos com planos anuais alterados<\/strong><\/p>\n\n\n\n<p>Projetos que tenham como escopo a cobertura anual s\u00f3 est\u00e3o permitidos para institui\u00e7\u00f5es relevantes (item 6) e museus p\u00fablicos, patrim\u00f4nio material e imaterial e a\u00e7\u00f5es formativas de cultura.<\/p>\n\n\n\n<h2 class=\"has-text-align-center wp-block-heading\" id=\"as-10-pessoas-fisicas-que-mais-financiaram-a-rouanet-em-2021\"> <strong>As 10 Pessoas F\u00edsicas que mais Financiaram a Rouanet em 2021<\/strong><\/h2>\n\n\n\n<figure class=\"wp-block-table is-style-stripes\"><table><tbody><tr><td><strong>N.<\/strong><\/td><td><strong>Unidade da Federa\u00e7\u00e3o<\/strong><\/td><td><strong>Incentivador&nbsp;<\/strong><\/td><td><strong>Pronac&nbsp;<\/strong><\/td><td><strong>Nome do Projeto&nbsp;<\/strong><\/td><td><strong>Vl.Captado&nbsp;<\/strong><\/td><\/tr><tr><td>1<\/td><td>S\u00e3o Paulo<\/td><td>RICARDO VILLELA MARINO<\/td><td>202169&nbsp;<\/td><td>O espet\u00e1culo Marrom &#8211; O Musical&nbsp;<\/td><td>R$ 380.000,00<\/td><\/tr><tr><td>2<\/td><td>S\u00e3o Paulo<\/td><td>Patrice Philipe Nogueira Baptista Etin<\/td><td>185151&nbsp;<\/td><td>Restaura\u00e7\u00e3o, Conserva\u00e7\u00e3o e Moderniza\u00e7\u00e3o &#8211; Edif\u00edcio e Acervo do MASP<\/td><td>R$ 300.000,00<\/td><\/tr><tr><td>3<\/td><td>S\u00e3o Paulo<\/td><td>GILSON FINKELSZTAIN<\/td><td>183890&nbsp;<\/td><td>Museu Judaico de S\u00e3o Paulo &#8211; Plano Bianual 2019 \/ 2020<\/td><td>R$ 225.000,00<\/td><\/tr><tr><td>4<\/td><td>S\u00e3o Paulo<\/td><td>Domingos Figueiredo de Abreu<\/td><td>210367&nbsp;<\/td><td>INVERNO<\/td><td>R$ 210.000,00<\/td><\/tr><tr><td>5<\/td><td>S\u00e3o Paulo<\/td><td>SERGIO AVILA DORIA MARTINS<\/td><td>201797&nbsp;<\/td><td>Hist\u00f3rias Al\u00e9m Muros<\/td><td>R$ 200.000,00<\/td><\/tr><tr><td>6<\/td><td>S\u00e3o Paulo<\/td><td>Tiago Marques Pess\u00f4a<\/td><td>203525&nbsp;<\/td><td>Plano Plurianual de Atividades e Manuten\u00e7\u00e3o do Instituto Inhotim &#8211; 2021\/2024<\/td><td>R$ 180.000,00<\/td><\/tr><tr><td>7<\/td><td>S\u00e3o Paulo<\/td><td>CANDIDO BOTELHO BRACHER<\/td><td>211623&nbsp;<\/td><td>27\u00ba \u00c9 TUDO VERDADE &#8211; FESTIVAL INTERNACIONAL DE DOCUMENT\u00c1RIOS<\/td><td>R$ 161.000,00<\/td><\/tr><tr><td>8<\/td><td>S\u00e3o Paulo<\/td><td>PEDRO LOPES ASPRINO<\/td><td>205075&nbsp;<\/td><td>Viol\u00e3o Recitais online, entrevistas e grava\u00e7\u00e3o de EPs<\/td><td>R$ 160.000,00<\/td><\/tr><tr><td>9<\/td><td>Rio Grande do Sul<\/td><td>JADNA SAVI DE FREITAS<\/td><td>182314&nbsp;<\/td><td>Reconstru\u00e7\u00e3o do Teatro Cultura Art\u00edstica &#8211; Segunda Fase<\/td><td>R$ 150.000,00<\/td><\/tr><tr><td>10<\/td><td> Rio Grande do Sul <\/td><td>Jane Savi De Freitas<\/td><td>182314<\/td><td>Reconstru\u00e7\u00e3o do Teatro Cultura Art\u00edstica &#8211; Segunda Fase<\/td><td> R$ 150.000,00<\/td><\/tr><\/tbody><\/table><\/figure>\n\n\n\n<h2 class=\"has-text-align-center wp-block-heading\" id=\"quem-sao-e-o-que-fazem\"><strong>QUEM S\u00c3O E O QUE FAZEM<\/strong><\/h2>\n\n\n\n<h4 class=\"wp-block-heading\" id=\"ricardo-villela-marino\"><strong>Ricardo Villela Marino: <\/strong><\/h4>\n\n\n\n<div class=\"wp-block-image is-style-rounded\"><figure class=\"aligncenter size-full is-resized\"><a href=\"https:\/\/rubenssantana.com\/wp-content\/uploads\/2022\/01\/Ricardo_Villela_Marino.jpg\"><img decoding=\"async\" src=\"https:\/\/rubenssantana.com\/wp-content\/uploads\/2022\/01\/Ricardo_Villela_Marino.jpg\" alt=\"\" class=\"wp-image-6032\" width=\"302\" height=\"452\" srcset=\"https:\/\/ingesto.org.br\/wp-content\/uploads\/2022\/01\/Ricardo_Villela_Marino.jpg 640w, https:\/\/ingesto.org.br\/wp-content\/uploads\/2022\/01\/Ricardo_Villela_Marino-200x300.jpg 200w, https:\/\/ingesto.org.br\/wp-content\/uploads\/2022\/01\/Ricardo_Villela_Marino-600x898.jpg 600w\" sizes=\"(max-width: 302px) 100vw, 302px\" \/><\/a><\/figure><\/div>\n\n\n\n<p>Ricardo Villela Marino \u00e9 CEO da Opera\u00e7\u00e3o do Ita\u00fa na Am\u00e9rica Latina e membro do Conselho da holding Ita\u00fasa, que comporta o Ita\u00fa. O banco \u00e9 a maior institui\u00e7\u00e3o financeira privada do Brasil, com valor de mercado acima de R$ 300 bilh\u00f5es. Ricardo Villela ainda \u00e9 acionista do grupo.<\/p>\n\n\n\n<p>Ricardo Villela Marino tamb\u00e9m \u00e9 presidente do Instituto PDR, organiza\u00e7\u00e3o fundada em 2014 e que tem como objetivo investir e preparar novos empreendedores com vi\u00e9s voltado para transforma\u00e7\u00e3o social.<\/p>\n\n\n\n<p><a href=\"https:\/\/www.suno.com.br\/tudo-sobre\/ricardo-villela-marino\/\">Informa\u00e7\u00f5es Extra\u00eddas<\/a><\/p>\n\n\n\n<h4 class=\"wp-block-heading\" id=\"patrice-philipe-nogueira-baptista-etin\"><strong>Patrice Philipe Nogueira Baptista Etin<\/strong><\/h4>\n\n\n\n<div class=\"wp-block-image is-style-rounded\"><figure class=\"aligncenter size-full is-resized\"><a href=\"https:\/\/rubenssantana.com\/wp-content\/uploads\/2022\/01\/resize.jpg\"><img decoding=\"async\" src=\"https:\/\/rubenssantana.com\/wp-content\/uploads\/2022\/01\/resize.jpg\" alt=\"\" class=\"wp-image-6033\" width=\"433\" height=\"260\"\/><\/a><\/figure><\/div>\n\n\n\n<p>Patrice Philippe Nogueira Baptista Etlin \u00e9 empres\u00e1rio(a) com participa\u00e7\u00e3o em 43 CNPJ perante a RFB nos seguintes Estados: SP, PR, PE, RJ, MG, DF. Dessas empresas, 10 est\u00e3o Ativas, sendo 32 do tipo Matriz e 11 do tipo Filial. A empresa mais antiga \u00e9 a PARANAGUA MOVIMENTACAO DE CONTEINERES PARTICIPACOES S\/A, aberta em 17\/11\/2010 e atualmente BAIXADA. J\u00e1 a mais recente \u00e9 a CI&amp;T SOFTWARE S\/A, aberta em 21\/10\/2021 e atualmente ATIVA. O capital social das empresas somam cerca de R$ 1.992.360.058,43. Atualmente Patrice tem 186 S\u00f3cios em outras empresas cadastradas no CNPJ. Verifique abaixo quais s\u00e3o as empresas e os s\u00f3cios de Patrice.<\/p>\n\n\n\n<p>Patrice Philippe Nogueira Baptista Etlin \u00e9 um empres\u00e1rio que j\u00e1 esteve \u00e0 frente de 8 empresas diferentes.<\/p>\n\n\n\n<p>\u00c9 Presidente do Grupo Big SA, Presidente da GTM Holdings SA, Presidente do Grupo Big Brasil SA, Presidente da Allied Tecnologia SA e S\u00f3cio Diretor da Advent do Brasil Consultoria e Participa\u00e7\u00f5es Ltda.<\/p>\n\n\n\n<p>Ele tamb\u00e9m faz parte do conselho da Restoque Com\u00e9rcio e Confec\u00e7\u00f5es de Roupas SA e da TCP Participa\u00e7\u00f5es SA e \u00e9 presidente da Latin American Venture Capital Association.<\/p>\n\n\n\n<p>Em sua carreira passada ocupou o cargo de Presidente da International Meal Co. Alimentacao SA, S\u00f3cio Fundador da International Venture Partners Ltd., Presidente da Fidelity National Participa\u00e7\u00f5es Ltda.&nbsp;e Diretor do Espa\u00e7o Matra Marconi.<\/p>\n\n\n\n<p>O Sr. Nogueira Baptista Etlin \u00e9 graduado pela Universidade de S\u00e3o Paulo, MBA pelo INSEAD e p\u00f3s-graduado pela \u00c9cole Centrale Paris.<\/p>\n\n\n\n<p><a href=\"https:\/\/transparencia.cc\/dados\/socios\/310558\/patrice-philippe-nogueira-baptista-etlin\/\">Informa\u00e7\u00f5es Extra\u00eddas<\/a> e <a href=\"https:\/\/www.marketscreener.com\/business-leaders\/Patrice-Philippe-Nogueira-Baptista-Etlin-069P40-E\/biography\/\">Aqui<\/a><\/p>\n\n\n\n<h4 class=\"wp-block-heading\" id=\"gilson-finkelsztain\"><strong>Gilson Finkelsztain<\/strong><\/h4>\n\n\n\n<div class=\"wp-block-image is-style-rounded\"><figure class=\"aligncenter size-full\"><a href=\"https:\/\/rubenssantana.com\/wp-content\/uploads\/2022\/01\/gilson-finkelsztain-edited.jpg\"><img loading=\"lazy\" decoding=\"async\" width=\"310\" height=\"310\" src=\"https:\/\/rubenssantana.com\/wp-content\/uploads\/2022\/01\/gilson-finkelsztain-edited.jpg\" alt=\"\" class=\"wp-image-6034\" srcset=\"https:\/\/ingesto.org.br\/wp-content\/uploads\/2022\/01\/gilson-finkelsztain-edited.jpg 310w, https:\/\/ingesto.org.br\/wp-content\/uploads\/2022\/01\/gilson-finkelsztain-edited-300x300.jpg 300w, https:\/\/ingesto.org.br\/wp-content\/uploads\/2022\/01\/gilson-finkelsztain-edited-150x150.jpg 150w, https:\/\/ingesto.org.br\/wp-content\/uploads\/2022\/01\/gilson-finkelsztain-edited-100x100.jpg 100w\" sizes=\"(max-width: 310px) 100vw, 310px\" \/><\/a><\/figure><\/div>\n\n\n\n<p>Gilson Finkelsztain \u00e9 o atual presidente da B3 (Brasil, Bolsa, Balc\u00e3o), a maior bolsa de valores da Am\u00e9rica Latina e a \u00fanica a operar no Brasil. Ele assumiu o posto na B3 em maio de 2017, ap\u00f3s a sa\u00edda de Edemir Pinto do mercado financeiro.<\/p>\n\n\n\n<p>Antes, Gilson Finkelsztain estava a frente da Cetip (chegou ao cargo de diretor em 2013) que se fundiu a BM&amp;FBovespa e deu origem a B3.<\/p>\n\n\n\n<div class=\"wp-block-image is-style-rounded\"><figure class=\"aligncenter size-full is-resized\"><a href=\"https:\/\/rubenssantana.com\/wp-content\/uploads\/2022\/01\/Gilson-Finkelsztain-1.jpg\"><img loading=\"lazy\" decoding=\"async\" src=\"https:\/\/rubenssantana.com\/wp-content\/uploads\/2022\/01\/Gilson-Finkelsztain-1.jpg\" alt=\"\" class=\"wp-image-6035\" width=\"393\" height=\"393\" srcset=\"https:\/\/ingesto.org.br\/wp-content\/uploads\/2022\/01\/Gilson-Finkelsztain-1.jpg 751w, https:\/\/ingesto.org.br\/wp-content\/uploads\/2022\/01\/Gilson-Finkelsztain-1-300x300.jpg 300w, https:\/\/ingesto.org.br\/wp-content\/uploads\/2022\/01\/Gilson-Finkelsztain-1-150x150.jpg 150w, https:\/\/ingesto.org.br\/wp-content\/uploads\/2022\/01\/Gilson-Finkelsztain-1-600x600.jpg 600w, https:\/\/ingesto.org.br\/wp-content\/uploads\/2022\/01\/Gilson-Finkelsztain-1-100x100.jpg 100w\" sizes=\"(max-width: 393px) 100vw, 393px\" \/><\/a><\/figure><\/div>\n\n\n\n<p>Gilson Finkelsztain \u00e9 formado em engenharia de produ\u00e7\u00e3o civil pela Pontif\u00edcia Universidade Cat\u00f3lica do Rio de Janeiro (PUC-RJ).<\/p>\n\n\n\n<p>Com mais de 24 de experi\u00eancia no mercado financeiro, \u00e9 tamb\u00e9m especializado pelo Instituto Europeu de Administra\u00e7\u00e3o de Empresas (INSEAD).<\/p>\n\n\n\n<p>Come\u00e7ou a trajet\u00f3ria no mercado financeiro no&nbsp;<strong>Citibank<\/strong>, em 1993. Na institui\u00e7\u00e3o, ocupou posi\u00e7\u00f5es de ger\u00eancia tanto no Brasil quando em unidades do M\u00e9xico e Estados Unidos.<\/p>\n\n\n\n<p>Filkenstein permaneceu no Citibank at\u00e9 2007 \u2013 naquela \u00e9poca, j\u00e1 era diretor de vendas de tesouraria.<\/p>\n\n\n\n<p>Em seguida, foi membro do comit\u00ea executivo do banco de investimentos norte-americano JP Morgan no Brasil. A trajet\u00f3ria na institui\u00e7\u00e3o durou at\u00e9 2010.<\/p>\n\n\n\n<p><a href=\"https:\/\/www.suno.com.br\/tudo-sobre\/gilson-finkelstein\/\">Informa\u00e7\u00f5es Extra\u00eddas<\/a><\/p>\n\n\n\n<h4 class=\"wp-block-heading\" id=\"domingos-figueiredo-de-abreu\"><strong>Domingos Figueiredo de Abreu<\/strong><\/h4>\n\n\n\n<div class=\"wp-block-image is-style-rounded\"><figure class=\"aligncenter size-large is-resized\"><a href=\"https:\/\/rubenssantana.com\/wp-content\/uploads\/2022\/01\/foto27sa-101-bradesco-d1.jpg\"><img loading=\"lazy\" decoding=\"async\" src=\"https:\/\/rubenssantana.com\/wp-content\/uploads\/2022\/01\/foto27sa-101-bradesco-d1-865x1024.jpg\" alt=\"\" class=\"wp-image-6036\" width=\"293\" height=\"347\" srcset=\"https:\/\/ingesto.org.br\/wp-content\/uploads\/2022\/01\/foto27sa-101-bradesco-d1-865x1024.jpg 865w, https:\/\/ingesto.org.br\/wp-content\/uploads\/2022\/01\/foto27sa-101-bradesco-d1-254x300.jpg 254w, https:\/\/ingesto.org.br\/wp-content\/uploads\/2022\/01\/foto27sa-101-bradesco-d1-768x909.jpg 768w, https:\/\/ingesto.org.br\/wp-content\/uploads\/2022\/01\/foto27sa-101-bradesco-d1-600x710.jpg 600w, https:\/\/ingesto.org.br\/wp-content\/uploads\/2022\/01\/foto27sa-101-bradesco-d1.jpg 1200w\" sizes=\"(max-width: 293px) 100vw, 293px\" \/><\/a><\/figure><\/div>\n\n\n\n<p>O Sr. Domingos Figueiredo de Abreu atua como Vice-Presidente Executivo e Membro da Diretoria Executiva do Banco Bradesco SA desde 3 de janeiro de 2012. Antes disso, ocupou tamb\u00e9m o cargo de Diretor de Rela\u00e7\u00f5es com Investidores da Companhia at\u00e9 3 de janeiro de 2012. Anteriormente, atuou como Membro da Diretoria Executiva e Diretor Gerente da Companhia desde mar\u00e7o de 2002. \u00c9 Membro do Comit\u00ea de Conduta \u00c9tica do Banco, Comit\u00ea de Gest\u00e3o Integrada de Riscos e Aloca\u00e7\u00e3o de Capital, Comit\u00ea de Sustentabilidade, Comit\u00ea Executivo de Divulga\u00e7\u00e3o e Comit\u00ea de Compliance e Controles Internos. Foi admitido no Banco Bradesco SA em dezembro de 1981. Foi eleito Diretor Departamental em junho de 2001 e Diretor Gerente em mar\u00e7o de 2002. Foi Diretor do Banco BCN SA de dezembro de 1997 a junho de 2001. \u00c9 Membro da Mesa Regedora da Funda\u00e7\u00e3o Bradesco e Membro do Conselho de Administra\u00e7\u00e3o da Funda\u00e7\u00e3o Instituto de Doen\u00e7as do Aparelho Digestivo e da Nutri\u00e7\u00e3o (FIMADEN). \u00c9 tamb\u00e9m Membro Suplente do Conselho de Administra\u00e7\u00e3o da CPM Holdings Limited desde mar\u00e7o de 2006. Foi Diretor do Banco BCN de dezembro de 1997 a junho de 2001 e Membro Suplente do Conselho de Administra\u00e7\u00e3o da CPM Braxis SA de outubro de 2001 a mar\u00e7o de 2007. Graduado em Economia pela Faculdade de Ci\u00eancias Econ\u00f4micas da Universidade de Mogi das Cruzes e em Ci\u00eancias Cont\u00e1beis pelo Centro Universit\u00e1rio Funda\u00e7\u00e3o de Ensino para Osasco, com p\u00f3s-gradua\u00e7\u00e3o em Gest\u00e3o Financeira (CEAG) pela Funda\u00e7\u00e3o Getulio Vargas (FGV) e MBA Executivo em Finan\u00e7as pelo IBMEC- Instituto Brasileiro de Mercado de Capitais.<\/p>\n\n\n\n<p><a href=\"https:\/\/biography.omicsonline.org\/brazil\/banco-bradesco\/domingos-figueiredo-de-abreu-963285\">Informa\u00e7\u00f5es Extra\u00eddas<\/a><\/p>\n\n\n\n<h4 class=\"wp-block-heading\" id=\"sergio-avila-doria-martins\"><strong>Sergio Avila Doria Martins<\/strong><\/h4>\n\n\n\n<p>N\u00e3o foi poss\u00edvel extrair informa\u00e7\u00f5es mais precisas sobre essa Pessoa F\u00edsica. Assim, declinamos de apresentar informa\u00e7\u00f5es com o m\u00ednimo de credibilidade.<\/p>\n\n\n\n<h4 class=\"wp-block-heading\" id=\"tiago-marques-pessoa\"><strong>Tiago Marques Pess\u00f4a<\/strong><\/h4>\n\n\n\n<div class=\"wp-block-image is-style-rounded\"><figure class=\"aligncenter size-full is-resized\"><a href=\"https:\/\/rubenssantana.com\/wp-content\/uploads\/2022\/01\/1516924437354.jpg\"><img loading=\"lazy\" decoding=\"async\" src=\"https:\/\/rubenssantana.com\/wp-content\/uploads\/2022\/01\/1516924437354.jpg\" alt=\"\" class=\"wp-image-6037\" width=\"317\" height=\"317\" srcset=\"https:\/\/ingesto.org.br\/wp-content\/uploads\/2022\/01\/1516924437354.jpg 200w, https:\/\/ingesto.org.br\/wp-content\/uploads\/2022\/01\/1516924437354-150x150.jpg 150w, https:\/\/ingesto.org.br\/wp-content\/uploads\/2022\/01\/1516924437354-100x100.jpg 100w\" sizes=\"(max-width: 317px) 100vw, 317px\" \/><\/a><\/figure><\/div>\n\n\n\n<p>Diretor do Banco Morgan Stanley S.A<\/p>\n\n\n\n<p><a href=\"https:\/\/pt.wikipedia.org\/wiki\/Morgan_Stanley\">Informa\u00e7\u00f5es Extra\u00eddas<\/a>, <a href=\"http:\/\/servicos.receita.fazenda.gov.br\/Servicos\/cnpjreva\/cnpjreva_solicitacao.asp\">RFB<\/a> e <a href=\"https:\/\/br.linkedin.com\/in\/tiago-pessoa-34797099\">Linkedin<\/a><\/p>\n\n\n\n<h4 class=\"wp-block-heading\" id=\"candido-botelho-bracher\"><strong>Candido Botelho Bracher<\/strong><\/h4>\n\n\n\n<div class=\"wp-block-image is-style-rounded\"><figure class=\"aligncenter size-full\"><a href=\"https:\/\/rubenssantana.com\/wp-content\/uploads\/2022\/01\/candidobracher-400x300-1.jpg\"><img loading=\"lazy\" decoding=\"async\" width=\"400\" height=\"300\" src=\"https:\/\/rubenssantana.com\/wp-content\/uploads\/2022\/01\/candidobracher-400x300-1.jpg\" alt=\"\" class=\"wp-image-6038\" srcset=\"https:\/\/ingesto.org.br\/wp-content\/uploads\/2022\/01\/candidobracher-400x300-1.jpg 400w, https:\/\/ingesto.org.br\/wp-content\/uploads\/2022\/01\/candidobracher-400x300-1-300x225.jpg 300w\" sizes=\"(max-width: 400px) 100vw, 400px\" \/><\/a><\/figure><\/div>\n\n\n\n<p>Candido Bracher \u00e9 o CEO e acionista da holding Ita\u00fa Unibanco, um dos grupos brasileiro de maior sucesso na bolsa de valores. Candido fez toda sua carreira profissional no setor financeiro, trabalhando em institui\u00e7\u00f5es como: Banco Itamarati, Bahia Corretora, Banco da Bahia Investimento, Banco de Desenvolvimento do Estado de S\u00e3o Paulo \u2013 Badesp e BBA.<\/p>\n\n\n\n<p>Em novembro de 2016, Candido Bracher, assumiu a presid\u00eancia do bando Ita\u00fa, a maior institui\u00e7\u00e3o financeira privada da Am\u00e9rica Latina.<\/p>\n\n\n\n<p>O executivo vem de fam\u00edlia aristocrata e com carreira na \u00e1rea. Seu pai \u00e9 Fern\u00e3o Bracher, que em seu curr\u00edculo tem trajet\u00f3ria como sendo o 10\u00b0 Presidente do Banco Central do Brasil e um dos fundadores do BBA.<\/p>\n\n\n\n<p>Candido \u00e9 formado em administra\u00e7\u00e3o de empresas pela Faculdade Get\u00falio Vargas \u2013 FGV.<\/p>\n\n\n\n<p><a href=\"https:\/\/www.suno.com.br\/tudo-sobre\/candido-bracher\/\">Informa\u00e7\u00f5es Extra\u00eddas<\/a><\/p>\n\n\n\n<h4 class=\"wp-block-heading\" id=\"pedro-lopes-asprino\"><strong>Pedro Lopes Asprino<\/strong><\/h4>\n\n\n\n<p>N\u00e3o foi poss\u00edvel extrair informa\u00e7\u00f5es mais precisas sobre essa Pessoa F\u00edsica. Assim, declinamos de apresentar informa\u00e7\u00f5es com o m\u00ednimo de credibilidade.<\/p>\n\n\n\n<h4 class=\"wp-block-heading\" id=\"jadna-savi-de-freitas\"><strong>Jadna Savi de Freitas<\/strong><\/h4>\n\n\n\n<p><\/p>\n\n\n\n<p>Jadna Savi De Freitas \u00e9 empres\u00e1rio(a) com participa\u00e7\u00e3o em 8 CNPJ perante a RFB nos seguintes Estados: RS, SC. Dessas empresas, 4 est\u00e3o Ativas A empresa mais antiga \u00e9 a FAZENDA REVOREDO LTDA, aberta em 19\/02\/1981 e atualmente ATIVA. J\u00e1 a mais recente \u00e9 a JMAF PARTICIPACOES LTDA., aberta em 09\/11\/2015 e atualmente BAIXADA. O capital social das empresas somam cerca de R$ 30.853.096,00. Atualmente Jadna tem 33 S\u00f3cios em outras empresas cadastradas no CNPJ. Verifique abaixo quais s\u00e3o as empresas e os s\u00f3cios de Jadna.<\/p>\n\n\n\n<p><a href=\"https:\/\/transparencia.cc\/dados\/socios\/873549\/jadna-savi-de-freitas\/\">Informa\u00e7\u00f5es Extra\u00eddas<\/a> e <a href=\"https:\/\/cnpj.services\/qsa\/jadna-savi-de-freitas\">Mais<\/a><\/p>\n\n\n\n<h4 class=\"wp-block-heading\" id=\"jane-savi-de-freitas\"><strong>Jane Savi de Freitas<\/strong><\/h4>\n\n\n\n<p>N\u00famero de Empresa(s) que pertencem ou j\u00e1 pertenceram a Jane Savi De Freitas: 8, Jane Savi De Freitas \u00e9 ou j\u00e1 foi S\u00f3cio(a) de: 1 Empresa(s) no Estado de Jane Savi De Freitas \u00e9 ou j\u00e1 foi S\u00f3cio(a) de: 7 Empresa(s) no Estado de SC, Capital social da(s) Empresa(s) de Jane Savi De Freitas \u00e9 de: R$ 30.854.096,00.<\/p>\n\n\n\n<p><a href=\"https:\/\/cnpj.services\/qsa\/jane-savi-de-freitas\">Informa\u00e7\u00f5es Extra\u00eddas<\/a><\/p>\n\n\n\n<h2 class=\"has-text-align-center wp-block-heading\" id=\"caracteristicas-da-lista\"><strong>Caracter\u00edsticas da Lista<\/strong><\/h2>\n\n\n\n<p>Da lista das<strong> Pessoas F\u00edsicas<\/strong> que mais Financiaram a <strong>Lei Rouanet<\/strong> em <strong>2021<\/strong> verifica-se predomin\u00e2ncia do g\u00eanero masculino, 8 homens contra 2 mulheres, sendo que essas duas mulheres apresentam parentescos, Jane e Jadna, talvez sejam irm\u00e3s.<\/p>\n\n\n\n<p>\u00c9 importante notar que dessa lista 8 financiadores declararam domic\u00edlio em <strong>S\u00e3o Paulo<\/strong> e 2 no Estado do <strong>Rio Grande do Sul,<\/strong> coincidentemente a J<strong>adna e a Jane<\/strong>.<\/p>\n\n\n\n<p>Na lista do <strong>SALICT<\/strong> de <strong>2021<\/strong> consta tamb\u00e9m alguns nomes de <strong>Pessoas F\u00edsicas<\/strong>, s\u00f3 que utilizam <strong>CNPJs <\/strong>de pessoas jur\u00eddicas no cadastro. N\u00e3o consegui entender o porque dessa caracter\u00edstica na lista. De toda forma evitei incluir nessa lista os <strong>CNPJs <\/strong>Financiadores e me ative exclusivamente nos maiores doadores do exerc\u00edcio Pessoas F\u00edsicas que apresentam no <strong>SALIC <\/strong>o cadastramento atrav\u00e9s do <strong>CPF<\/strong>.<\/p>\n\n\n\n<h2 class=\"has-text-align-center wp-block-heading\" id=\"orientacoes-aos-captadores-de-recursos\"><strong>Orienta\u00e7\u00f5es aos Captadores de Recursos<\/strong><\/h2>\n\n\n\n<p>Se voc\u00ea apresentou ou est\u00e1 em vias de apresentar um Projeto junto \u00e0 Legisla\u00e7\u00e3o de Isen\u00e7\u00e3o Fiscal, mais especificamente junto \u00e0 <strong>Lei Rouanet<\/strong>, \u00e9 fundamental estar atento que o processo de Capta\u00e7\u00e3o de Recursos \u00e9 dif\u00edcil por natureza, pois h\u00e1 muito mais demanda que oferta.<\/p>\n\n\n\n<p>Assim, se quiser obter um m\u00ednimo de sucesso em seu processo de capta\u00e7\u00e3o de recursos esteja atento aos detalhes abaixo:<\/p>\n\n\n\n<ul class=\"wp-block-list\"><li>Conhe\u00e7a seu poss\u00edvel Financiador. N\u00e3o adianta nada pegar os dados os telefones do financiador e come\u00e7ar a telefonar, encaminhar e-mail ou mensagens para a empresa ou para a pessoas f\u00edsica. \u00c9 fundamental um profundo conhecimento das rela\u00e7\u00f5es do financiador, seus gostos, seus hobbys, atividades, lazeres, amigos, redes sociais e etc. Isso tudo objetiva que sua capta\u00e7\u00e3o seja mais assertiva.<\/li><li> Conhe\u00e7a seus Projeto profundamente e seja capaz de convencer qualquer financiador sobre a import\u00e2ncia e relev\u00e2ncia do mesmo. Se n\u00e3o conseguir fazer isso, dificilmente obter\u00e1 sucesso em sua capta\u00e7\u00e3o.<\/li><li>Como a legisla\u00e7\u00e3o de Isen\u00e7\u00e3o Fiscal e todo seu conte\u00fado \u00e9 p\u00fablico, qualquer pessoa tem acesso aos nomes dos financiadores e tamb\u00e9m aos dados de telefone, e-mails e endere\u00e7os. Assim, a maioria das empresas criaram um banker, objetivando, na pior das hip\u00f3teses, que sua capta\u00e7\u00e3o n\u00e3o chegue a lugar algum. Assim, \u00e9 comum muitos captadores ficarem semanas, meses e at\u00e9 anos captando recursos sem nunca conseguirem um aporte financeiro. As desculpas s\u00e3os as mais interessantes poss\u00edveis: &#8211; est\u00e1 almo\u00e7ando, &#8211; est\u00e1 viajando, &#8211; n\u00e3o est\u00e1 na sala, &#8211; n\u00e3o volta mais hoje, s\u00f3 volta amanh\u00e3 na parte da tarde, &#8211; n\u00e3o est\u00e1 atendendo, &#8211; est\u00e1 viajando, &#8211; seu e-mails n\u00e3o chegou, &#8211; envia novamente, &#8211; est\u00e1 faltando informa\u00e7\u00f5es, &#8211; n\u00e3o temos interesse e etc., etc., etc. Quando voc\u00ea v\u00ea j\u00e1 se passaram semanas, meses. Ent\u00e3o deixe-me ser claro, n\u00e3o basta saber o nome, telefone, e-mails, endere\u00e7os e redes sociais do seu financiador, \u00e9 precisa criar network e para isso \u00e9 necess\u00e1rio que voc\u00ea acesse as redes de amigos e colegas do seu poss\u00edvel financiador.<\/li><li>Bem, por \u00faltimo, outra coisa que voc\u00ea, como captador de recursos encontrar\u00e1 bastante. As Pessoas Jur\u00eddicas de lucro real, aquelas que s\u00e3o poss\u00edveis aportar recursos via Lei Rouanet, possuem estrat\u00e9gias para financiar os seus pr\u00f3prios projetos atrav\u00e9s de Organiza\u00e7\u00f5es da Sociedade Civil &#8211; OSCs, ligadas direta ou indiretamente \u00e0 empresa. Por isso que voc\u00ea v\u00ea que a maioria das grandes empresas possuem sua pr\u00f3pria Institui\u00e7\u00e3o, Funda\u00e7\u00e3o Roberto Marinho, Funda\u00e7\u00e3o Bradesco, Funda\u00e7\u00e3o BB, Funda\u00e7\u00e3o Ita\u00fa Social  e etc. Assim, acaba que, os recursos que, na verdade n\u00e3o s\u00e3o poucos, acaba sendo encaminhados para quem menos precisa, as grandes empresas.<\/li><\/ul>\n\n\n\n<h2 class=\"has-text-align-center wp-block-heading\" id=\"informacoes-importantes\"><strong>INFORMA\u00c7\u00d5ES IMPORTANTES<\/strong><\/h2>\n\n\n\n<p>Todas as informa\u00e7\u00f5es e conte\u00fados foram extra\u00eddos da Base de Dados do <strong>SALICT NET<\/strong> que \u00e9 publica e objetiva transpar\u00eancia com o trato com a coisa p\u00fablica.<\/p>\n\n\n\n<p>As informa\u00e7\u00f5es sobre os doadores e financiadores tamb\u00e9m foram extra\u00eddos de sites especializados na Internet e os dados podem ser consultadas nos links onde houve a garimpagem das informa\u00e7\u00f5es.<\/p>\n\n\n\n<p>Assim, que por algum equ\u00edvoco as informa\u00e7\u00f5es n\u00e3o forem completamente fidedignas por favor nos encaminhe uma mensagem abaixo para que possamos realizar as devidas altera\u00e7\u00f5es.<\/p>\n\n\n\n<h2 class=\"has-text-align-center wp-block-heading\" id=\"lista-completa\"><strong>Lista Completa<\/strong><\/h2>\n\n\n\n<p>Segue abaixo a lista completa de Financiadores da Rouanet de 2021 de Pessoas F\u00edsicas e Pessoas Jur\u00eddicas.  Esclare\u00e7o ainda que objetivando o cumprimento da legisla\u00e7\u00e3o de Acesso a Informa\u00e7\u00e3o, extra\u00ed da lista informa\u00e7\u00f5es sens\u00edveis como endere\u00e7os, e-mails, telefones, redes sociais e CPFs dos Financiadores.<\/p>\n\n\n\n<h2 class=\"has-text-align-center wp-block-heading\" id=\"pessoa-fisica\"><strong>Pessoa F\u00edsica<\/strong><\/h2>\n\n\n<p>[ninja_tables id=&#8221;6039&#8243;]<\/p>\n\n\n\n<p><\/p>\n\n\n\n<h2 class=\"has-text-align-center wp-block-heading\" id=\"pessoa-juridica\"><strong>Pessoa Jur\u00eddica<\/strong><\/h2>\n\n\n<p>[ninja_tables id=&#8221;6040&#8243;]<\/p>\n\n\n\n<h2 class=\"has-text-align-center wp-block-heading\" id=\"importantes\"><strong>IMPORTANTES<\/strong><\/h2>\n\n\n\n<blockquote class=\"wp-block-quote is-layout-flow wp-block-quote-is-layout-flow\"><p>Esse site n\u00e3o cria, edita ou altera o conte\u00fado exibido. Todo o processo de coleta de dados cujo resultado culmina nas informa\u00e7\u00f5es a seguir \u00e9 realizado automaticamente, atrav\u00e9s de fontes p\u00fablicas pela Lei de Acesso \u00e0 Informa\u00e7\u00e3o (Lei N\u00ba 12.527\/2011). Portanto, esse site e seu conte\u00fado n\u00e3o substitui as fontes origin\u00e1rias da informa\u00e7\u00e3o, n\u00e3o garante a veracidade dos dados nem que eles estejam atualizados. O sistema pode mesclar hom\u00f4nimos (pessoas do mesmo nome). Esteja atento ao no Aviso Legal.<\/p><\/blockquote>\n\n\n\n<p>Qualquer d\u00favida em rela\u00e7\u00e3o a essa postagem pode me chamar.<\/p>\n","protected":false},"excerpt":{"rendered":"<p>Meet your potential financier. There is no point in taking the financier&#039;s phone data and starting to call, forward emails or messages to the company or individual. In-depth knowledge of the financier&#039;s relationships, tastes, hobbies, activities, leisure activities, friends, social networks, etc. is essential. This all aims to make your capture more assertive.<\/p>","protected":false},"author":1,"featured_media":6044,"comment_status":"open","ping_status":"open","sticky":false,"template":"","format":"standard","meta":{"give_campaign_id":0,"_yoast_wpseo_focuskw":"","_yoast_wpseo_title":"","_yoast_wpseo_metadesc":"","_joinchat":[],"footnotes":""},"categories":[468,1123],"tags":[480,493,737,251,474],"class_list":["post-9302","post","type-post","status-publish","format-standard","has-post-thumbnail","hentry","category-captacao-de-recursos","category-lei-rouanet","tag-3setor","tag-financiadora","tag-isencao-fiscal","tag-ongs","tag-organizacoes-da-sociedade-civil"],"yoast_head":"<!-- This site is optimized with the Yoast SEO plugin v27.5 - https:\/\/yoast.com\/product\/yoast-seo-wordpress\/ -->\n<title>Quem S\u00e3o e o que Fazem as 10 Pessoas F\u00edsicas que mais Financiaram a Rouanet no ano de 2021! - Ingesto<\/title>\n<meta name=\"robots\" content=\"index, follow, max-snippet:-1, max-image-preview:large, max-video-preview:-1\" \/>\n<link rel=\"canonical\" href=\"https:\/\/ingesto.org.br\/en\/quem-sao-e-o-que-fazem-as-10-pessoas-fisicas-que-mais-financiaram-a-rouanet-no-ano-de-2021\/\" \/>\n<meta property=\"og:locale\" content=\"en_US\" \/>\n<meta property=\"og:type\" content=\"article\" \/>\n<meta property=\"og:title\" content=\"Quem S\u00e3o e o que Fazem as 10 Pessoas F\u00edsicas que mais Financiaram a Rouanet no ano de 2021! - Ingesto\" \/>\n<meta property=\"og:description\" content=\"Conhe\u00e7a seu poss\u00edvel Financiador. N\u00e3o adianta nada pegar os dados os telefones do financiador e come\u00e7ar a telefonar, encaminhar e-mail ou mensagens para a empresa ou para a pessoas f\u00edsica. \u00c9 fundamental um profundo conhecimento das rela\u00e7\u00f5es do financiador, seus gostos, seus hobbys, atividades, lazeres, amigos, redes sociais e etc. Isso tudo objetiva que sua capta\u00e7\u00e3o seja mais assertiva.\" \/>\n<meta property=\"og:url\" content=\"https:\/\/ingesto.org.br\/en\/quem-sao-e-o-que-fazem-as-10-pessoas-fisicas-que-mais-financiaram-a-rouanet-no-ano-de-2021\/\" \/>\n<meta property=\"og:site_name\" content=\"Ingesto\" \/>\n<meta property=\"article:publisher\" content=\"https:\/\/www.facebook.com\/institutoingesto\" \/>\n<meta property=\"article:published_time\" content=\"2022-01-25T14:59:34+00:00\" \/>\n<meta property=\"og:image\" content=\"https:\/\/ingesto.org.br\/wp-content\/uploads\/2022\/01\/206991-autoridade-de-marca-por-que-investir-em-eventos-e-projetos-culturais.jpg\" \/>\n\t<meta property=\"og:image:width\" content=\"1280\" \/>\n\t<meta property=\"og:image:height\" content=\"856\" \/>\n\t<meta property=\"og:image:type\" content=\"image\/jpeg\" \/>\n<meta name=\"author\" content=\"Ingesto\" \/>\n<meta name=\"twitter:card\" content=\"summary_large_image\" \/>\n<meta name=\"twitter:creator\" content=\"@Ingestos\" \/>\n<meta name=\"twitter:site\" content=\"@Ingestos\" \/>\n<meta name=\"twitter:label1\" content=\"Written by\" \/>\n\t<meta name=\"twitter:data1\" content=\"Ingesto\" \/>\n\t<meta name=\"twitter:label2\" content=\"Est. reading time\" \/>\n\t<meta name=\"twitter:data2\" content=\"15 minutes\" \/>\n<script type=\"application\/ld+json\" class=\"yoast-schema-graph\">{\"@context\":\"https:\\\/\\\/schema.org\",\"@graph\":[{\"@type\":\"Article\",\"@id\":\"https:\\\/\\\/ingesto.org.br\\\/en\\\/quem-sao-e-o-que-fazem-as-10-pessoas-fisicas-que-mais-financiaram-a-rouanet-no-ano-de-2021\\\/#article\",\"isPartOf\":{\"@id\":\"https:\\\/\\\/ingesto.org.br\\\/en\\\/quem-sao-e-o-que-fazem-as-10-pessoas-fisicas-que-mais-financiaram-a-rouanet-no-ano-de-2021\\\/\"},\"author\":{\"name\":\"Ingesto\",\"@id\":\"http:\\\/\\\/ingesto.org.br\\\/en\\\/#\\\/schema\\\/person\\\/b6b24d64bb11f377f79f5f35b9c466dc\"},\"headline\":\"Quem S\u00e3o e o que Fazem as 10 Pessoas F\u00edsicas que mais Financiaram a Rouanet no ano de 2021!\",\"datePublished\":\"2022-01-25T14:59:34+00:00\",\"mainEntityOfPage\":{\"@id\":\"https:\\\/\\\/ingesto.org.br\\\/en\\\/quem-sao-e-o-que-fazem-as-10-pessoas-fisicas-que-mais-financiaram-a-rouanet-no-ano-de-2021\\\/\"},\"wordCount\":2665,\"commentCount\":0,\"publisher\":{\"@id\":\"http:\\\/\\\/ingesto.org.br\\\/en\\\/#organization\"},\"image\":{\"@id\":\"https:\\\/\\\/ingesto.org.br\\\/en\\\/quem-sao-e-o-que-fazem-as-10-pessoas-fisicas-que-mais-financiaram-a-rouanet-no-ano-de-2021\\\/#primaryimage\"},\"thumbnailUrl\":\"https:\\\/\\\/ingesto.org.br\\\/wp-content\\\/uploads\\\/2022\\\/01\\\/206991-autoridade-de-marca-por-que-investir-em-eventos-e-projetos-culturais.jpg\",\"keywords\":[\"3setor\",\"financiadora\",\"Isen\u00e7\u00e3o Fiscal\",\"ONGs\",\"Organiza\u00e7\u00f5es da Sociedade Civil\"],\"articleSection\":[\"Capta\u00e7\u00e3o de Recursos\",\"Lei Rouanet\"],\"inLanguage\":\"en-US\",\"potentialAction\":[{\"@type\":\"CommentAction\",\"name\":\"Comment\",\"target\":[\"https:\\\/\\\/ingesto.org.br\\\/en\\\/quem-sao-e-o-que-fazem-as-10-pessoas-fisicas-que-mais-financiaram-a-rouanet-no-ano-de-2021\\\/#respond\"]}]},{\"@type\":\"WebPage\",\"@id\":\"https:\\\/\\\/ingesto.org.br\\\/en\\\/quem-sao-e-o-que-fazem-as-10-pessoas-fisicas-que-mais-financiaram-a-rouanet-no-ano-de-2021\\\/\",\"url\":\"https:\\\/\\\/ingesto.org.br\\\/en\\\/quem-sao-e-o-que-fazem-as-10-pessoas-fisicas-que-mais-financiaram-a-rouanet-no-ano-de-2021\\\/\",\"name\":\"Quem S\u00e3o e o que Fazem as 10 Pessoas F\u00edsicas que mais Financiaram a Rouanet no ano de 2021! - Ingesto\",\"isPartOf\":{\"@id\":\"http:\\\/\\\/ingesto.org.br\\\/en\\\/#website\"},\"primaryImageOfPage\":{\"@id\":\"https:\\\/\\\/ingesto.org.br\\\/en\\\/quem-sao-e-o-que-fazem-as-10-pessoas-fisicas-que-mais-financiaram-a-rouanet-no-ano-de-2021\\\/#primaryimage\"},\"image\":{\"@id\":\"https:\\\/\\\/ingesto.org.br\\\/en\\\/quem-sao-e-o-que-fazem-as-10-pessoas-fisicas-que-mais-financiaram-a-rouanet-no-ano-de-2021\\\/#primaryimage\"},\"thumbnailUrl\":\"https:\\\/\\\/ingesto.org.br\\\/wp-content\\\/uploads\\\/2022\\\/01\\\/206991-autoridade-de-marca-por-que-investir-em-eventos-e-projetos-culturais.jpg\",\"datePublished\":\"2022-01-25T14:59:34+00:00\",\"breadcrumb\":{\"@id\":\"https:\\\/\\\/ingesto.org.br\\\/en\\\/quem-sao-e-o-que-fazem-as-10-pessoas-fisicas-que-mais-financiaram-a-rouanet-no-ano-de-2021\\\/#breadcrumb\"},\"inLanguage\":\"en-US\",\"potentialAction\":[{\"@type\":\"ReadAction\",\"target\":[\"https:\\\/\\\/ingesto.org.br\\\/en\\\/quem-sao-e-o-que-fazem-as-10-pessoas-fisicas-que-mais-financiaram-a-rouanet-no-ano-de-2021\\\/\"]}]},{\"@type\":\"ImageObject\",\"inLanguage\":\"en-US\",\"@id\":\"https:\\\/\\\/ingesto.org.br\\\/en\\\/quem-sao-e-o-que-fazem-as-10-pessoas-fisicas-que-mais-financiaram-a-rouanet-no-ano-de-2021\\\/#primaryimage\",\"url\":\"https:\\\/\\\/ingesto.org.br\\\/wp-content\\\/uploads\\\/2022\\\/01\\\/206991-autoridade-de-marca-por-que-investir-em-eventos-e-projetos-culturais.jpg\",\"contentUrl\":\"https:\\\/\\\/ingesto.org.br\\\/wp-content\\\/uploads\\\/2022\\\/01\\\/206991-autoridade-de-marca-por-que-investir-em-eventos-e-projetos-culturais.jpg\",\"width\":1280,\"height\":856},{\"@type\":\"BreadcrumbList\",\"@id\":\"https:\\\/\\\/ingesto.org.br\\\/en\\\/quem-sao-e-o-que-fazem-as-10-pessoas-fisicas-que-mais-financiaram-a-rouanet-no-ano-de-2021\\\/#breadcrumb\",\"itemListElement\":[{\"@type\":\"ListItem\",\"position\":1,\"name\":\"In\u00edcio\",\"item\":\"https:\\\/\\\/ingesto.org.br\\\/\"},{\"@type\":\"ListItem\",\"position\":2,\"name\":\"Quem S\u00e3o e o que Fazem as 10 Pessoas F\u00edsicas que mais Financiaram a Rouanet no ano de 2021!\"}]},{\"@type\":\"WebSite\",\"@id\":\"http:\\\/\\\/ingesto.org.br\\\/en\\\/#website\",\"url\":\"http:\\\/\\\/ingesto.org.br\\\/en\\\/\",\"name\":\"Instituto\",\"description\":\"Instituto para Gest\u00e3o do Terceiro Setor\",\"publisher\":{\"@id\":\"http:\\\/\\\/ingesto.org.br\\\/en\\\/#organization\"},\"alternateName\":\"Ingesto\",\"potentialAction\":[{\"@type\":\"SearchAction\",\"target\":{\"@type\":\"EntryPoint\",\"urlTemplate\":\"http:\\\/\\\/ingesto.org.br\\\/en\\\/?s={search_term_string}\"},\"query-input\":{\"@type\":\"PropertyValueSpecification\",\"valueRequired\":true,\"valueName\":\"search_term_string\"}}],\"inLanguage\":\"en-US\"},{\"@type\":\"Organization\",\"@id\":\"http:\\\/\\\/ingesto.org.br\\\/en\\\/#organization\",\"name\":\"Ingesto\",\"url\":\"http:\\\/\\\/ingesto.org.br\\\/en\\\/\",\"logo\":{\"@type\":\"ImageObject\",\"inLanguage\":\"en-US\",\"@id\":\"http:\\\/\\\/ingesto.org.br\\\/en\\\/#\\\/schema\\\/logo\\\/image\\\/\",\"url\":\"https:\\\/\\\/ingesto.org.br\\\/wp-content\\\/uploads\\\/2020\\\/11\\\/cropped-cropped-icone.png\",\"contentUrl\":\"https:\\\/\\\/ingesto.org.br\\\/wp-content\\\/uploads\\\/2020\\\/11\\\/cropped-cropped-icone.png\",\"width\":512,\"height\":512,\"caption\":\"Ingesto\"},\"image\":{\"@id\":\"http:\\\/\\\/ingesto.org.br\\\/en\\\/#\\\/schema\\\/logo\\\/image\\\/\"},\"sameAs\":[\"https:\\\/\\\/www.facebook.com\\\/institutoingesto\",\"https:\\\/\\\/x.com\\\/Ingestos\",\"https:\\\/\\\/www.instagram.com\\\/institutoingesto\\\/\",\"https:\\\/\\\/www.youtube.com\\\/@institutoingesto\",\"https:\\\/\\\/www.linkedin.com\\\/in\\\/instituto-ingesto\"]},{\"@type\":\"Person\",\"@id\":\"http:\\\/\\\/ingesto.org.br\\\/en\\\/#\\\/schema\\\/person\\\/b6b24d64bb11f377f79f5f35b9c466dc\",\"name\":\"Ingesto\",\"image\":{\"@type\":\"ImageObject\",\"inLanguage\":\"en-US\",\"@id\":\"https:\\\/\\\/ingesto.org.br\\\/wp-content\\\/litespeed\\\/avatar\\\/4d7201aed9dddada281d8ce59ea56991.jpg?ver=1777502375\",\"url\":\"https:\\\/\\\/ingesto.org.br\\\/wp-content\\\/litespeed\\\/avatar\\\/4d7201aed9dddada281d8ce59ea56991.jpg?ver=1777502375\",\"contentUrl\":\"https:\\\/\\\/ingesto.org.br\\\/wp-content\\\/litespeed\\\/avatar\\\/4d7201aed9dddada281d8ce59ea56991.jpg?ver=1777502375\",\"caption\":\"Ingesto\"},\"sameAs\":[\"http:\\\/\\\/ingesto.org.br\"],\"url\":\"https:\\\/\\\/ingesto.org.br\\\/en\\\/author\\\/instituto-ingesto\\\/\"}]}<\/script>\n<!-- \/ Yoast SEO plugin. -->","yoast_head_json":{"title":"Quem S\u00e3o e o que Fazem as 10 Pessoas F\u00edsicas que mais Financiaram a Rouanet no ano de 2021! - Ingesto","robots":{"index":"index","follow":"follow","max-snippet":"max-snippet:-1","max-image-preview":"max-image-preview:large","max-video-preview":"max-video-preview:-1"},"canonical":"https:\/\/ingesto.org.br\/en\/quem-sao-e-o-que-fazem-as-10-pessoas-fisicas-que-mais-financiaram-a-rouanet-no-ano-de-2021\/","og_locale":"en_US","og_type":"article","og_title":"Quem S\u00e3o e o que Fazem as 10 Pessoas F\u00edsicas que mais Financiaram a Rouanet no ano de 2021! - Ingesto","og_description":"Conhe\u00e7a seu poss\u00edvel Financiador. N\u00e3o adianta nada pegar os dados os telefones do financiador e come\u00e7ar a telefonar, encaminhar e-mail ou mensagens para a empresa ou para a pessoas f\u00edsica. \u00c9 fundamental um profundo conhecimento das rela\u00e7\u00f5es do financiador, seus gostos, seus hobbys, atividades, lazeres, amigos, redes sociais e etc. Isso tudo objetiva que sua capta\u00e7\u00e3o seja mais assertiva.","og_url":"https:\/\/ingesto.org.br\/en\/quem-sao-e-o-que-fazem-as-10-pessoas-fisicas-que-mais-financiaram-a-rouanet-no-ano-de-2021\/","og_site_name":"Ingesto","article_publisher":"https:\/\/www.facebook.com\/institutoingesto","article_published_time":"2022-01-25T14:59:34+00:00","og_image":[{"width":1280,"height":856,"url":"https:\/\/ingesto.org.br\/wp-content\/uploads\/2022\/01\/206991-autoridade-de-marca-por-que-investir-em-eventos-e-projetos-culturais.jpg","type":"image\/jpeg"}],"author":"Ingesto","twitter_card":"summary_large_image","twitter_creator":"@Ingestos","twitter_site":"@Ingestos","twitter_misc":{"Written by":"Ingesto","Est. reading time":"15 minutes"},"schema":{"@context":"https:\/\/schema.org","@graph":[{"@type":"Article","@id":"https:\/\/ingesto.org.br\/en\/quem-sao-e-o-que-fazem-as-10-pessoas-fisicas-que-mais-financiaram-a-rouanet-no-ano-de-2021\/#article","isPartOf":{"@id":"https:\/\/ingesto.org.br\/en\/quem-sao-e-o-que-fazem-as-10-pessoas-fisicas-que-mais-financiaram-a-rouanet-no-ano-de-2021\/"},"author":{"name":"Ingesto","@id":"http:\/\/ingesto.org.br\/en\/#\/schema\/person\/b6b24d64bb11f377f79f5f35b9c466dc"},"headline":"Quem S\u00e3o e o que Fazem as 10 Pessoas F\u00edsicas que mais Financiaram a Rouanet no ano de 2021!","datePublished":"2022-01-25T14:59:34+00:00","mainEntityOfPage":{"@id":"https:\/\/ingesto.org.br\/en\/quem-sao-e-o-que-fazem-as-10-pessoas-fisicas-que-mais-financiaram-a-rouanet-no-ano-de-2021\/"},"wordCount":2665,"commentCount":0,"publisher":{"@id":"http:\/\/ingesto.org.br\/en\/#organization"},"image":{"@id":"https:\/\/ingesto.org.br\/en\/quem-sao-e-o-que-fazem-as-10-pessoas-fisicas-que-mais-financiaram-a-rouanet-no-ano-de-2021\/#primaryimage"},"thumbnailUrl":"https:\/\/ingesto.org.br\/wp-content\/uploads\/2022\/01\/206991-autoridade-de-marca-por-que-investir-em-eventos-e-projetos-culturais.jpg","keywords":["3setor","financiadora","Isen\u00e7\u00e3o Fiscal","ONGs","Organiza\u00e7\u00f5es da Sociedade Civil"],"articleSection":["Capta\u00e7\u00e3o de Recursos","Lei Rouanet"],"inLanguage":"en-US","potentialAction":[{"@type":"CommentAction","name":"Comment","target":["https:\/\/ingesto.org.br\/en\/quem-sao-e-o-que-fazem-as-10-pessoas-fisicas-que-mais-financiaram-a-rouanet-no-ano-de-2021\/#respond"]}]},{"@type":"WebPage","@id":"https:\/\/ingesto.org.br\/en\/quem-sao-e-o-que-fazem-as-10-pessoas-fisicas-que-mais-financiaram-a-rouanet-no-ano-de-2021\/","url":"https:\/\/ingesto.org.br\/en\/quem-sao-e-o-que-fazem-as-10-pessoas-fisicas-que-mais-financiaram-a-rouanet-no-ano-de-2021\/","name":"Quem S\u00e3o e o que Fazem as 10 Pessoas F\u00edsicas que mais Financiaram a Rouanet no ano de 2021! - Ingesto","isPartOf":{"@id":"http:\/\/ingesto.org.br\/en\/#website"},"primaryImageOfPage":{"@id":"https:\/\/ingesto.org.br\/en\/quem-sao-e-o-que-fazem-as-10-pessoas-fisicas-que-mais-financiaram-a-rouanet-no-ano-de-2021\/#primaryimage"},"image":{"@id":"https:\/\/ingesto.org.br\/en\/quem-sao-e-o-que-fazem-as-10-pessoas-fisicas-que-mais-financiaram-a-rouanet-no-ano-de-2021\/#primaryimage"},"thumbnailUrl":"https:\/\/ingesto.org.br\/wp-content\/uploads\/2022\/01\/206991-autoridade-de-marca-por-que-investir-em-eventos-e-projetos-culturais.jpg","datePublished":"2022-01-25T14:59:34+00:00","breadcrumb":{"@id":"https:\/\/ingesto.org.br\/en\/quem-sao-e-o-que-fazem-as-10-pessoas-fisicas-que-mais-financiaram-a-rouanet-no-ano-de-2021\/#breadcrumb"},"inLanguage":"en-US","potentialAction":[{"@type":"ReadAction","target":["https:\/\/ingesto.org.br\/en\/quem-sao-e-o-que-fazem-as-10-pessoas-fisicas-que-mais-financiaram-a-rouanet-no-ano-de-2021\/"]}]},{"@type":"ImageObject","inLanguage":"en-US","@id":"https:\/\/ingesto.org.br\/en\/quem-sao-e-o-que-fazem-as-10-pessoas-fisicas-que-mais-financiaram-a-rouanet-no-ano-de-2021\/#primaryimage","url":"https:\/\/ingesto.org.br\/wp-content\/uploads\/2022\/01\/206991-autoridade-de-marca-por-que-investir-em-eventos-e-projetos-culturais.jpg","contentUrl":"https:\/\/ingesto.org.br\/wp-content\/uploads\/2022\/01\/206991-autoridade-de-marca-por-que-investir-em-eventos-e-projetos-culturais.jpg","width":1280,"height":856},{"@type":"BreadcrumbList","@id":"https:\/\/ingesto.org.br\/en\/quem-sao-e-o-que-fazem-as-10-pessoas-fisicas-que-mais-financiaram-a-rouanet-no-ano-de-2021\/#breadcrumb","itemListElement":[{"@type":"ListItem","position":1,"name":"In\u00edcio","item":"https:\/\/ingesto.org.br\/"},{"@type":"ListItem","position":2,"name":"Quem S\u00e3o e o que Fazem as 10 Pessoas F\u00edsicas que mais Financiaram a Rouanet no ano de 2021!"}]},{"@type":"WebSite","@id":"http:\/\/ingesto.org.br\/en\/#website","url":"http:\/\/ingesto.org.br\/en\/","name":"Institute","description":"Institute for Third Sector Management","publisher":{"@id":"http:\/\/ingesto.org.br\/en\/#organization"},"alternateName":"Ingesto","potentialAction":[{"@type":"SearchAction","target":{"@type":"EntryPoint","urlTemplate":"http:\/\/ingesto.org.br\/en\/?s={search_term_string}"},"query-input":{"@type":"PropertyValueSpecification","valueRequired":true,"valueName":"search_term_string"}}],"inLanguage":"en-US"},{"@type":"Organization","@id":"http:\/\/ingesto.org.br\/en\/#organization","name":"Ingesto","url":"http:\/\/ingesto.org.br\/en\/","logo":{"@type":"ImageObject","inLanguage":"en-US","@id":"http:\/\/ingesto.org.br\/en\/#\/schema\/logo\/image\/","url":"https:\/\/ingesto.org.br\/wp-content\/uploads\/2020\/11\/cropped-cropped-icone.png","contentUrl":"https:\/\/ingesto.org.br\/wp-content\/uploads\/2020\/11\/cropped-cropped-icone.png","width":512,"height":512,"caption":"Ingesto"},"image":{"@id":"http:\/\/ingesto.org.br\/en\/#\/schema\/logo\/image\/"},"sameAs":["https:\/\/www.facebook.com\/institutoingesto","https:\/\/x.com\/Ingestos","https:\/\/www.instagram.com\/institutoingesto\/","https:\/\/www.youtube.com\/@institutoingesto","https:\/\/www.linkedin.com\/in\/instituto-ingesto"]},{"@type":"Person","@id":"http:\/\/ingesto.org.br\/en\/#\/schema\/person\/b6b24d64bb11f377f79f5f35b9c466dc","name":"Ingesto","image":{"@type":"ImageObject","inLanguage":"en-US","@id":"https:\/\/ingesto.org.br\/wp-content\/litespeed\/avatar\/4d7201aed9dddada281d8ce59ea56991.jpg?ver=1777502375","url":"https:\/\/ingesto.org.br\/wp-content\/litespeed\/avatar\/4d7201aed9dddada281d8ce59ea56991.jpg?ver=1777502375","contentUrl":"https:\/\/ingesto.org.br\/wp-content\/litespeed\/avatar\/4d7201aed9dddada281d8ce59ea56991.jpg?ver=1777502375","caption":"Ingesto"},"sameAs":["http:\/\/ingesto.org.br"],"url":"https:\/\/ingesto.org.br\/en\/author\/instituto-ingesto\/"}]}},"jetpack_featured_media_url":"https:\/\/ingesto.org.br\/wp-content\/uploads\/2022\/01\/206991-autoridade-de-marca-por-que-investir-em-eventos-e-projetos-culturais.jpg","jetpack_shortlink":"https:\/\/wp.me\/peji5g-2q2","acf":[],"_links":{"self":[{"href":"https:\/\/ingesto.org.br\/en\/wp-json\/wp\/v2\/posts\/9302","targetHints":{"allow":["GET"]}}],"collection":[{"href":"https:\/\/ingesto.org.br\/en\/wp-json\/wp\/v2\/posts"}],"about":[{"href":"https:\/\/ingesto.org.br\/en\/wp-json\/wp\/v2\/types\/post"}],"author":[{"embeddable":true,"href":"https:\/\/ingesto.org.br\/en\/wp-json\/wp\/v2\/users\/1"}],"replies":[{"embeddable":true,"href":"https:\/\/ingesto.org.br\/en\/wp-json\/wp\/v2\/comments?post=9302"}],"version-history":[{"count":0,"href":"https:\/\/ingesto.org.br\/en\/wp-json\/wp\/v2\/posts\/9302\/revisions"}],"wp:featuredmedia":[{"embeddable":true,"href":"https:\/\/ingesto.org.br\/en\/wp-json\/wp\/v2\/media\/6044"}],"wp:attachment":[{"href":"https:\/\/ingesto.org.br\/en\/wp-json\/wp\/v2\/media?parent=9302"}],"wp:term":[{"taxonomy":"category","embeddable":true,"href":"https:\/\/ingesto.org.br\/en\/wp-json\/wp\/v2\/categories?post=9302"},{"taxonomy":"post_tag","embeddable":true,"href":"https:\/\/ingesto.org.br\/en\/wp-json\/wp\/v2\/tags?post=9302"}],"curies":[{"name":"wp","href":"https:\/\/api.w.org\/{rel}","templated":true}]}}