{"id":9296,"date":"2021-06-02T11:41:52","date_gmt":"2021-06-02T11:41:52","guid":{"rendered":"http:\/\/rubenssantana.com\/?p=3935"},"modified":"2021-06-02T11:41:52","modified_gmt":"2021-06-02T11:41:52","slug":"instituicoes-sem-fins-lucrativos-podem-participar-do-credenciamento-para-programas-de-servicos-medicos-no-ministerio-da-saude","status":"publish","type":"post","link":"https:\/\/ingesto.org.br\/en\/instituicoes-sem-fins-lucrativos-podem-participar-do-credenciamento-para-programas-de-servicos-medicos-no-ministerio-da-saude\/","title":{"rendered":"Non-Profit Institutions can participate in the Accreditation for Medical Services Programs at the Ministry of Health!"},"content":{"rendered":"<p>The Ministry of Health opens this Tuesday (1st) the accreditation process for institutions, foundations and non-profit associations that wish to develop projects in the National Support Program for Oncological Care (Pronon) and the National Support Program for People&#039;s Care with Disabilities (Pronas\/PCD).<img decoding=\"async\" src=\"https:\/\/agenciabrasil.ebc.com.br\/ebc.png?id=1411293&amp;o=node\"><img decoding=\"async\" src=\"https:\/\/agenciabrasil.ebc.com.br\/ebc.gif?id=1411293&amp;o=node\"><\/p>\n\n\n\n<p>The two programs include medical service projects, but also train professionals and conduct clinical, epidemiological and social and anthropological research.<\/p>\n\n\n\n<p>Esses projetos podem arrecadar recursos de ren\u00fancia fiscal para financiar suas atividades. Mas para isso as entidades precisam ter certifica\u00e7\u00e3o como organiza\u00e7\u00e3o de interesse social (como organiza\u00e7\u00f5es sociais e organiza\u00e7\u00f5es da sociedade civil de interesse p\u00fablico, al\u00e9m de associa\u00e7\u00f5es de assist\u00eancia social).<\/p>\n\n\n\n<div class=\"wp-block-image\"><figure class=\"aligncenter size-large\"><a href=\"http:\/\/rubenssantana.com\/wp-content\/uploads\/2021\/06\/fachada_ministerio-saude-foto-marcelo-casal-agencia-brasil.jpg\"><img fetchpriority=\"high\" decoding=\"async\" width=\"1024\" height=\"613\" src=\"http:\/\/rubenssantana.com\/wp-content\/uploads\/2021\/06\/fachada_ministerio-saude-foto-marcelo-casal-agencia-brasil-1024x613.jpg\" alt=\"\" class=\"wp-image-3937\" srcset=\"https:\/\/ingesto.org.br\/wp-content\/uploads\/2021\/06\/fachada_ministerio-saude-foto-marcelo-casal-agencia-brasil-1024x613.jpg 1024w, https:\/\/ingesto.org.br\/wp-content\/uploads\/2021\/06\/fachada_ministerio-saude-foto-marcelo-casal-agencia-brasil-300x179.jpg 300w, https:\/\/ingesto.org.br\/wp-content\/uploads\/2021\/06\/fachada_ministerio-saude-foto-marcelo-casal-agencia-brasil-768x459.jpg 768w, https:\/\/ingesto.org.br\/wp-content\/uploads\/2021\/06\/fachada_ministerio-saude-foto-marcelo-casal-agencia-brasil-600x359.jpg 600w, https:\/\/ingesto.org.br\/wp-content\/uploads\/2021\/06\/fachada_ministerio-saude-foto-marcelo-casal-agencia-brasil.jpg 1170w\" sizes=\"(max-width: 1024px) 100vw, 1024px\" \/><\/a><figcaption>Facade of the Ministry of Health on the Esplanada dos Minist\u00e9rios<\/figcaption><\/figure><\/div>\n\n\n\n<p>Accreditation with the Ministry of Health also requires presenting a series of documentation such as the CNPJ, election minutes, documents from directors and different negative and regularity certificates from bodies such as the Ministry of Economy and the General Comptroller of the Union (CGU ).&nbsp;&nbsp;<\/p>\n\n\n\n<p>Entities that are interested in promoting actions that can be included within these two programs can submit their requests until July 31st. The request must be made by letter addressed to the Executive Secretariat of the MS via email\u00a0<a href=\"https:\/\/www.gov.br\/saude\/pt-br\" target=\"_blank\" rel=\"noreferrer noopener\">pronas@saude.gov.br<\/a>\u00a0It is\u00a0<a href=\"https:\/\/www.gov.br\/saude\/pt-br\" target=\"_blank\" rel=\"noreferrer noopener\">pronon@saude.gov.br<\/a>.<\/p>\n\n\n\n<h2 class=\"has-text-align-center wp-block-heading\"><strong>ABOUT THE PROGRAMS \u2013 PRONON AND PRONAS<\/strong><\/h2>\n\n\n\n<p>Established by\u00a0<a href=\"http:\/\/www.planalto.gov.br\/ccivil_03\/_ato2011-2014\/2012\/lei\/l12715.htm\">Law No. 12,715\/2012<\/a>, o Programa Nacional de Apoio \u00e0 Aten\u00e7\u00e3o Oncol\u00f3gica (PRONON) e o Programa Nacional de Apoio \u00e0 Aten\u00e7\u00e3o da Sa\u00fade da Pessoa com Defici\u00eancia (PRONAS\/PCD) foram desenvolvidos para incentivar a\u00e7\u00f5es e servi\u00e7os desenvolvidos por entidades, associa\u00e7\u00f5es e funda\u00e7\u00f5es privadas sem fins lucrativos, que atuem no campo da oncologia e da pessoa com defici\u00eancia.<\/p>\n\n\n\n<div class=\"wp-block-buttons is-vertical is-layout-flex wp-block-buttons-is-layout-flex\">\n<div class=\"wp-block-button has-custom-width wp-block-button__width-25 is-style-outline is-style-outline--1\"><a class=\"wp-block-button__link has-luminous-vivid-orange-background-color has-background\" href=\"https:\/\/antigo.saude.gov.br\/acoes-e-programas\/pronon-pronas\/sobre-os-programas\" style=\"border-radius:18px\">Know more<\/a><\/div>\n<\/div>\n\n\n\n<figure class=\"wp-block-pullquote\" style=\"border-color:#0693e3\"><blockquote class=\"has-text-color has-luminous-vivid-orange-color\"><p><a href=\"https:\/\/antigo.saude.gov.br\/acoes-e-programas\/pronon-pronas\/projetos\">Project List<\/a><\/p><\/blockquote><\/figure>\n\n\n\n<figure class=\"wp-block-pullquote\" style=\"border-color:#0693e3\"><blockquote class=\"has-text-color has-luminous-vivid-orange-color\"><p><a href=\"https:\/\/antigo.saude.gov.br\/acoes-e-programas\/pronon-pronas\/credenciamento\">Accreditation<\/a><\/p><\/blockquote><\/figure>\n\n\n\n<figure class=\"wp-block-pullquote\" style=\"border-color:#0693e3\"><blockquote class=\"has-text-color has-luminous-vivid-orange-color\"><p><a href=\"https:\/\/antigo.saude.gov.br\/acoes-e-programas\/pronon-pronas\/legislacao\">Legislations<\/a><\/p><\/blockquote><\/figure>\n\n\n\n<p style=\"font-size:10px\">Published on 05\/31\/2021 \u2013 15:41 By Jonas Valente \u2013 Rep\u00f3rter Ag\u00eancia Brasil \u2013 Bras\u00edlia<\/p>\n\n\n\n<p>If you have any questions, I&#039;m here. If you need, call me on <strong>Whatsapp<\/strong>. A hug to everyone.<\/p>\n\n\n\n<div class=\"wp-block-image\"><figure class=\"aligncenter size-large is-resized\"><a href=\"http:\/\/api.whatsapp.com\/send?phone=61992175866\"><img decoding=\"async\" src=\"http:\/\/rubenssantana.com\/wp-content\/uploads\/2020\/04\/banner-whatspp.png\" alt=\"\" class=\"wp-image-2400\" width=\"274\" height=\"38\" srcset=\"https:\/\/ingesto.org.br\/wp-content\/uploads\/2020\/04\/banner-whatspp.png 946w, https:\/\/ingesto.org.br\/wp-content\/uploads\/2020\/04\/banner-whatspp-300x43.png 300w, https:\/\/ingesto.org.br\/wp-content\/uploads\/2020\/04\/banner-whatspp-768x110.png 768w, https:\/\/ingesto.org.br\/wp-content\/uploads\/2020\/04\/banner-whatspp-600x86.png 600w\" sizes=\"(max-width: 274px) 100vw, 274px\" \/><\/a><\/figure><\/div>\n\n\n\n<p><\/p>","protected":false},"excerpt":{"rendered":"<p>The Ministry of Health opens this Tuesday (1st) the accreditation process for institutions, foundations and non-profit associations that wish to develop projects in the National Support Program for Oncological Care (Pronon) and the National Support Program for People&#039;s Care with Disabilities (Pronas\/PCD).<\/p>","protected":false},"author":1,"featured_media":3936,"comment_status":"open","ping_status":"open","sticky":false,"template":"","format":"standard","meta":{"give_campaign_id":0,"_yoast_wpseo_focuskw":"","_yoast_wpseo_title":"","_yoast_wpseo_metadesc":"","_joinchat":[],"footnotes":""},"categories":[29],"tags":[480,481,482,483,484,485,486,487,488,489,492,493,494,495,251,474,497,498,499,500,501,502,503,504,505,506,507],"class_list":["post-9296","post","type-post","status-publish","format-standard","has-post-thumbnail","hentry","category-noticias","tag-3setor","tag-3setorconectado","tag-3setorcuritiba","tag-3setorforte","tag-apae","tag-apaebrasil","tag-apaes","tag-apoiadorcultura","tag-apoiadorcultural","tag-associacao-2","tag-financiador","tag-financiadora","tag-fundacao-2","tag-ministerio-da-saude","tag-ongs","tag-organizacoes-da-sociedade-civil","tag-organizacoessociais","tag-oscip","tag-processo-de-credenciamento","tag-programa-nacional","tag-projetossociais","tag-pronas","tag-pronon","tag-sindicato","tag-terceirosetor","tag-terceirosetorconectado","tag-voluntariado"],"yoast_head":"<!-- This site is optimized with the Yoast SEO plugin v27.4 - https:\/\/yoast.com\/product\/yoast-seo-wordpress\/ -->\n<title>Institui\u00e7\u00f5es Sem Fins Lucrativos podem participar do Credenciamento para Programas de Servi\u00e7os M\u00e9dicos no Minist\u00e9rio da Sa\u00fade! - Ingesto<\/title>\n<meta name=\"robots\" content=\"index, follow, max-snippet:-1, max-image-preview:large, max-video-preview:-1\" \/>\n<link rel=\"canonical\" href=\"https:\/\/ingesto.org.br\/en\/instituicoes-sem-fins-lucrativos-podem-participar-do-credenciamento-para-programas-de-servicos-medicos-no-ministerio-da-saude\/\" \/>\n<meta property=\"og:locale\" content=\"en_US\" \/>\n<meta property=\"og:type\" content=\"article\" \/>\n<meta property=\"og:title\" content=\"Institui\u00e7\u00f5es Sem Fins Lucrativos podem participar do Credenciamento para Programas de Servi\u00e7os M\u00e9dicos no Minist\u00e9rio da Sa\u00fade! - Ingesto\" \/>\n<meta property=\"og:description\" content=\"O Minist\u00e9rio da Sa\u00fade abre nesta ter\u00e7a-feira (1\u00ba) o processo de credenciamento para institui\u00e7\u00f5es, funda\u00e7\u00f5es e associa\u00e7\u00f5es sem fins lucrativos que desejam desenvolver projetos no Programa Nacional de Apoio \u00e0 Aten\u00e7\u00e3o Oncol\u00f3gica (Pronon) e no Programa Nacional de Apoio \u00e0 Aten\u00e7\u00e3o da Pessoa com Defici\u00eancia (Pronas\/PCD).\" \/>\n<meta property=\"og:url\" content=\"https:\/\/ingesto.org.br\/en\/instituicoes-sem-fins-lucrativos-podem-participar-do-credenciamento-para-programas-de-servicos-medicos-no-ministerio-da-saude\/\" \/>\n<meta property=\"og:site_name\" content=\"Ingesto\" \/>\n<meta property=\"article:publisher\" content=\"https:\/\/www.facebook.com\/institutoingesto\" \/>\n<meta property=\"article:published_time\" content=\"2021-06-02T11:41:52+00:00\" \/>\n<meta property=\"og:image\" content=\"https:\/\/ingesto.org.br\/wp-content\/uploads\/2021\/06\/pronas-pronon-1-650x480-1.png\" \/>\n\t<meta property=\"og:image:width\" content=\"650\" \/>\n\t<meta property=\"og:image:height\" content=\"480\" \/>\n\t<meta property=\"og:image:type\" content=\"image\/png\" \/>\n<meta name=\"author\" content=\"Ingesto\" \/>\n<meta name=\"twitter:card\" content=\"summary_large_image\" \/>\n<meta name=\"twitter:creator\" content=\"@Ingestos\" \/>\n<meta name=\"twitter:site\" content=\"@Ingestos\" \/>\n<meta name=\"twitter:label1\" content=\"Written by\" \/>\n\t<meta name=\"twitter:data1\" content=\"Ingesto\" \/>\n\t<meta name=\"twitter:label2\" content=\"Est. reading time\" \/>\n\t<meta name=\"twitter:data2\" content=\"3 minutes\" \/>\n<script type=\"application\/ld+json\" class=\"yoast-schema-graph\">{\"@context\":\"https:\\\/\\\/schema.org\",\"@graph\":[{\"@type\":\"Article\",\"@id\":\"https:\\\/\\\/ingesto.org.br\\\/en\\\/instituicoes-sem-fins-lucrativos-podem-participar-do-credenciamento-para-programas-de-servicos-medicos-no-ministerio-da-saude\\\/#article\",\"isPartOf\":{\"@id\":\"https:\\\/\\\/ingesto.org.br\\\/en\\\/instituicoes-sem-fins-lucrativos-podem-participar-do-credenciamento-para-programas-de-servicos-medicos-no-ministerio-da-saude\\\/\"},\"author\":{\"name\":\"Ingesto\",\"@id\":\"http:\\\/\\\/ingesto.org.br\\\/en\\\/#\\\/schema\\\/person\\\/b6b24d64bb11f377f79f5f35b9c466dc\"},\"headline\":\"Institui\u00e7\u00f5es Sem Fins Lucrativos podem participar do Credenciamento para Programas de Servi\u00e7os M\u00e9dicos no Minist\u00e9rio da Sa\u00fade!\",\"datePublished\":\"2021-06-02T11:41:52+00:00\",\"mainEntityOfPage\":{\"@id\":\"https:\\\/\\\/ingesto.org.br\\\/en\\\/instituicoes-sem-fins-lucrativos-podem-participar-do-credenciamento-para-programas-de-servicos-medicos-no-ministerio-da-saude\\\/\"},\"wordCount\":390,\"commentCount\":0,\"publisher\":{\"@id\":\"http:\\\/\\\/ingesto.org.br\\\/en\\\/#organization\"},\"image\":{\"@id\":\"https:\\\/\\\/ingesto.org.br\\\/en\\\/instituicoes-sem-fins-lucrativos-podem-participar-do-credenciamento-para-programas-de-servicos-medicos-no-ministerio-da-saude\\\/#primaryimage\"},\"thumbnailUrl\":\"https:\\\/\\\/ingesto.org.br\\\/wp-content\\\/uploads\\\/2021\\\/06\\\/pronas-pronon-1-650x480-1.png\",\"keywords\":[\"3setor\",\"3setorconectado\",\"3setorcuritiba\",\"3setorforte\",\"apae\",\"apaebrasil\",\"apaes\",\"apoiadorcultura\",\"apoiadorcultural\",\"associacao\",\"Financiador\",\"financiadora\",\"fundacao\",\"minist\u00e9rio da sa\u00fade\",\"ONGs\",\"Organiza\u00e7\u00f5es da Sociedade Civil\",\"organizacoessociais\",\"oscip\",\"processo de credenciamento\",\"programa nacional\",\"projetossociais\",\"pronas\",\"pronon\",\"sindicato\",\"terceirosetor\",\"terceirosetorconectado\",\"voluntariado\"],\"articleSection\":[\"Not\u00edcias\"],\"inLanguage\":\"en-US\",\"potentialAction\":[{\"@type\":\"CommentAction\",\"name\":\"Comment\",\"target\":[\"https:\\\/\\\/ingesto.org.br\\\/en\\\/instituicoes-sem-fins-lucrativos-podem-participar-do-credenciamento-para-programas-de-servicos-medicos-no-ministerio-da-saude\\\/#respond\"]}]},{\"@type\":\"WebPage\",\"@id\":\"https:\\\/\\\/ingesto.org.br\\\/en\\\/instituicoes-sem-fins-lucrativos-podem-participar-do-credenciamento-para-programas-de-servicos-medicos-no-ministerio-da-saude\\\/\",\"url\":\"https:\\\/\\\/ingesto.org.br\\\/en\\\/instituicoes-sem-fins-lucrativos-podem-participar-do-credenciamento-para-programas-de-servicos-medicos-no-ministerio-da-saude\\\/\",\"name\":\"Institui\u00e7\u00f5es Sem Fins Lucrativos podem participar do Credenciamento para Programas de Servi\u00e7os M\u00e9dicos no Minist\u00e9rio da Sa\u00fade! - Ingesto\",\"isPartOf\":{\"@id\":\"http:\\\/\\\/ingesto.org.br\\\/en\\\/#website\"},\"primaryImageOfPage\":{\"@id\":\"https:\\\/\\\/ingesto.org.br\\\/en\\\/instituicoes-sem-fins-lucrativos-podem-participar-do-credenciamento-para-programas-de-servicos-medicos-no-ministerio-da-saude\\\/#primaryimage\"},\"image\":{\"@id\":\"https:\\\/\\\/ingesto.org.br\\\/en\\\/instituicoes-sem-fins-lucrativos-podem-participar-do-credenciamento-para-programas-de-servicos-medicos-no-ministerio-da-saude\\\/#primaryimage\"},\"thumbnailUrl\":\"https:\\\/\\\/ingesto.org.br\\\/wp-content\\\/uploads\\\/2021\\\/06\\\/pronas-pronon-1-650x480-1.png\",\"datePublished\":\"2021-06-02T11:41:52+00:00\",\"breadcrumb\":{\"@id\":\"https:\\\/\\\/ingesto.org.br\\\/en\\\/instituicoes-sem-fins-lucrativos-podem-participar-do-credenciamento-para-programas-de-servicos-medicos-no-ministerio-da-saude\\\/#breadcrumb\"},\"inLanguage\":\"en-US\",\"potentialAction\":[{\"@type\":\"ReadAction\",\"target\":[\"https:\\\/\\\/ingesto.org.br\\\/en\\\/instituicoes-sem-fins-lucrativos-podem-participar-do-credenciamento-para-programas-de-servicos-medicos-no-ministerio-da-saude\\\/\"]}]},{\"@type\":\"ImageObject\",\"inLanguage\":\"en-US\",\"@id\":\"https:\\\/\\\/ingesto.org.br\\\/en\\\/instituicoes-sem-fins-lucrativos-podem-participar-do-credenciamento-para-programas-de-servicos-medicos-no-ministerio-da-saude\\\/#primaryimage\",\"url\":\"https:\\\/\\\/ingesto.org.br\\\/wp-content\\\/uploads\\\/2021\\\/06\\\/pronas-pronon-1-650x480-1.png\",\"contentUrl\":\"https:\\\/\\\/ingesto.org.br\\\/wp-content\\\/uploads\\\/2021\\\/06\\\/pronas-pronon-1-650x480-1.png\",\"width\":650,\"height\":480},{\"@type\":\"BreadcrumbList\",\"@id\":\"https:\\\/\\\/ingesto.org.br\\\/en\\\/instituicoes-sem-fins-lucrativos-podem-participar-do-credenciamento-para-programas-de-servicos-medicos-no-ministerio-da-saude\\\/#breadcrumb\",\"itemListElement\":[{\"@type\":\"ListItem\",\"position\":1,\"name\":\"In\u00edcio\",\"item\":\"https:\\\/\\\/ingesto.org.br\\\/\"},{\"@type\":\"ListItem\",\"position\":2,\"name\":\"Institui\u00e7\u00f5es Sem Fins Lucrativos podem participar do Credenciamento para Programas de Servi\u00e7os M\u00e9dicos no Minist\u00e9rio da Sa\u00fade!\"}]},{\"@type\":\"WebSite\",\"@id\":\"http:\\\/\\\/ingesto.org.br\\\/en\\\/#website\",\"url\":\"http:\\\/\\\/ingesto.org.br\\\/en\\\/\",\"name\":\"Instituto\",\"description\":\"Instituto para Gest\u00e3o do Terceiro Setor\",\"publisher\":{\"@id\":\"http:\\\/\\\/ingesto.org.br\\\/en\\\/#organization\"},\"alternateName\":\"Ingesto\",\"potentialAction\":[{\"@type\":\"SearchAction\",\"target\":{\"@type\":\"EntryPoint\",\"urlTemplate\":\"http:\\\/\\\/ingesto.org.br\\\/en\\\/?s={search_term_string}\"},\"query-input\":{\"@type\":\"PropertyValueSpecification\",\"valueRequired\":true,\"valueName\":\"search_term_string\"}}],\"inLanguage\":\"en-US\"},{\"@type\":\"Organization\",\"@id\":\"http:\\\/\\\/ingesto.org.br\\\/en\\\/#organization\",\"name\":\"Ingesto\",\"url\":\"http:\\\/\\\/ingesto.org.br\\\/en\\\/\",\"logo\":{\"@type\":\"ImageObject\",\"inLanguage\":\"en-US\",\"@id\":\"http:\\\/\\\/ingesto.org.br\\\/en\\\/#\\\/schema\\\/logo\\\/image\\\/\",\"url\":\"https:\\\/\\\/ingesto.org.br\\\/wp-content\\\/uploads\\\/2020\\\/11\\\/cropped-cropped-icone.png\",\"contentUrl\":\"https:\\\/\\\/ingesto.org.br\\\/wp-content\\\/uploads\\\/2020\\\/11\\\/cropped-cropped-icone.png\",\"width\":512,\"height\":512,\"caption\":\"Ingesto\"},\"image\":{\"@id\":\"http:\\\/\\\/ingesto.org.br\\\/en\\\/#\\\/schema\\\/logo\\\/image\\\/\"},\"sameAs\":[\"https:\\\/\\\/www.facebook.com\\\/institutoingesto\",\"https:\\\/\\\/x.com\\\/Ingestos\",\"https:\\\/\\\/www.instagram.com\\\/institutoingesto\\\/\",\"https:\\\/\\\/www.youtube.com\\\/@institutoingesto\",\"https:\\\/\\\/www.linkedin.com\\\/in\\\/instituto-ingesto\"]},{\"@type\":\"Person\",\"@id\":\"http:\\\/\\\/ingesto.org.br\\\/en\\\/#\\\/schema\\\/person\\\/b6b24d64bb11f377f79f5f35b9c466dc\",\"name\":\"Ingesto\",\"image\":{\"@type\":\"ImageObject\",\"inLanguage\":\"en-US\",\"@id\":\"https:\\\/\\\/ingesto.org.br\\\/wp-content\\\/litespeed\\\/avatar\\\/4d7201aed9dddada281d8ce59ea56991.jpg?ver=1776950236\",\"url\":\"https:\\\/\\\/ingesto.org.br\\\/wp-content\\\/litespeed\\\/avatar\\\/4d7201aed9dddada281d8ce59ea56991.jpg?ver=1776950236\",\"contentUrl\":\"https:\\\/\\\/ingesto.org.br\\\/wp-content\\\/litespeed\\\/avatar\\\/4d7201aed9dddada281d8ce59ea56991.jpg?ver=1776950236\",\"caption\":\"Ingesto\"},\"sameAs\":[\"http:\\\/\\\/ingesto.org.br\"],\"url\":\"https:\\\/\\\/ingesto.org.br\\\/en\\\/author\\\/instituto-ingesto\\\/\"}]}<\/script>\n<!-- \/ Yoast SEO plugin. -->","yoast_head_json":{"title":"Institui\u00e7\u00f5es Sem Fins Lucrativos podem participar do Credenciamento para Programas de Servi\u00e7os M\u00e9dicos no Minist\u00e9rio da Sa\u00fade! - Ingesto","robots":{"index":"index","follow":"follow","max-snippet":"max-snippet:-1","max-image-preview":"max-image-preview:large","max-video-preview":"max-video-preview:-1"},"canonical":"https:\/\/ingesto.org.br\/en\/instituicoes-sem-fins-lucrativos-podem-participar-do-credenciamento-para-programas-de-servicos-medicos-no-ministerio-da-saude\/","og_locale":"en_US","og_type":"article","og_title":"Institui\u00e7\u00f5es Sem Fins Lucrativos podem participar do Credenciamento para Programas de Servi\u00e7os M\u00e9dicos no Minist\u00e9rio da Sa\u00fade! - Ingesto","og_description":"O Minist\u00e9rio da Sa\u00fade abre nesta ter\u00e7a-feira (1\u00ba) o processo de credenciamento para institui\u00e7\u00f5es, funda\u00e7\u00f5es e associa\u00e7\u00f5es sem fins lucrativos que desejam desenvolver projetos no Programa Nacional de Apoio \u00e0 Aten\u00e7\u00e3o Oncol\u00f3gica (Pronon) e no Programa Nacional de Apoio \u00e0 Aten\u00e7\u00e3o da Pessoa com Defici\u00eancia (Pronas\/PCD).","og_url":"https:\/\/ingesto.org.br\/en\/instituicoes-sem-fins-lucrativos-podem-participar-do-credenciamento-para-programas-de-servicos-medicos-no-ministerio-da-saude\/","og_site_name":"Ingesto","article_publisher":"https:\/\/www.facebook.com\/institutoingesto","article_published_time":"2021-06-02T11:41:52+00:00","og_image":[{"width":650,"height":480,"url":"https:\/\/ingesto.org.br\/wp-content\/uploads\/2021\/06\/pronas-pronon-1-650x480-1.png","type":"image\/png"}],"author":"Ingesto","twitter_card":"summary_large_image","twitter_creator":"@Ingestos","twitter_site":"@Ingestos","twitter_misc":{"Written by":"Ingesto","Est. reading time":"3 minutes"},"schema":{"@context":"https:\/\/schema.org","@graph":[{"@type":"Article","@id":"https:\/\/ingesto.org.br\/en\/instituicoes-sem-fins-lucrativos-podem-participar-do-credenciamento-para-programas-de-servicos-medicos-no-ministerio-da-saude\/#article","isPartOf":{"@id":"https:\/\/ingesto.org.br\/en\/instituicoes-sem-fins-lucrativos-podem-participar-do-credenciamento-para-programas-de-servicos-medicos-no-ministerio-da-saude\/"},"author":{"name":"Ingesto","@id":"http:\/\/ingesto.org.br\/en\/#\/schema\/person\/b6b24d64bb11f377f79f5f35b9c466dc"},"headline":"Institui\u00e7\u00f5es Sem Fins Lucrativos podem participar do Credenciamento para Programas de Servi\u00e7os M\u00e9dicos no Minist\u00e9rio da Sa\u00fade!","datePublished":"2021-06-02T11:41:52+00:00","mainEntityOfPage":{"@id":"https:\/\/ingesto.org.br\/en\/instituicoes-sem-fins-lucrativos-podem-participar-do-credenciamento-para-programas-de-servicos-medicos-no-ministerio-da-saude\/"},"wordCount":390,"commentCount":0,"publisher":{"@id":"http:\/\/ingesto.org.br\/en\/#organization"},"image":{"@id":"https:\/\/ingesto.org.br\/en\/instituicoes-sem-fins-lucrativos-podem-participar-do-credenciamento-para-programas-de-servicos-medicos-no-ministerio-da-saude\/#primaryimage"},"thumbnailUrl":"https:\/\/ingesto.org.br\/wp-content\/uploads\/2021\/06\/pronas-pronon-1-650x480-1.png","keywords":["3setor","3setorconectado","3setorcuritiba","3setorforte","apae","apaebrasil","apaes","apoiadorcultura","apoiadorcultural","associacao","Financiador","financiadora","fundacao","minist\u00e9rio da sa\u00fade","ONGs","Organiza\u00e7\u00f5es da Sociedade Civil","organizacoessociais","oscip","processo de credenciamento","programa nacional","projetossociais","pronas","pronon","sindicato","terceirosetor","terceirosetorconectado","voluntariado"],"articleSection":["Not\u00edcias"],"inLanguage":"en-US","potentialAction":[{"@type":"CommentAction","name":"Comment","target":["https:\/\/ingesto.org.br\/en\/instituicoes-sem-fins-lucrativos-podem-participar-do-credenciamento-para-programas-de-servicos-medicos-no-ministerio-da-saude\/#respond"]}]},{"@type":"WebPage","@id":"https:\/\/ingesto.org.br\/en\/instituicoes-sem-fins-lucrativos-podem-participar-do-credenciamento-para-programas-de-servicos-medicos-no-ministerio-da-saude\/","url":"https:\/\/ingesto.org.br\/en\/instituicoes-sem-fins-lucrativos-podem-participar-do-credenciamento-para-programas-de-servicos-medicos-no-ministerio-da-saude\/","name":"Institui\u00e7\u00f5es Sem Fins Lucrativos podem participar do Credenciamento para Programas de Servi\u00e7os M\u00e9dicos no Minist\u00e9rio da Sa\u00fade! - Ingesto","isPartOf":{"@id":"http:\/\/ingesto.org.br\/en\/#website"},"primaryImageOfPage":{"@id":"https:\/\/ingesto.org.br\/en\/instituicoes-sem-fins-lucrativos-podem-participar-do-credenciamento-para-programas-de-servicos-medicos-no-ministerio-da-saude\/#primaryimage"},"image":{"@id":"https:\/\/ingesto.org.br\/en\/instituicoes-sem-fins-lucrativos-podem-participar-do-credenciamento-para-programas-de-servicos-medicos-no-ministerio-da-saude\/#primaryimage"},"thumbnailUrl":"https:\/\/ingesto.org.br\/wp-content\/uploads\/2021\/06\/pronas-pronon-1-650x480-1.png","datePublished":"2021-06-02T11:41:52+00:00","breadcrumb":{"@id":"https:\/\/ingesto.org.br\/en\/instituicoes-sem-fins-lucrativos-podem-participar-do-credenciamento-para-programas-de-servicos-medicos-no-ministerio-da-saude\/#breadcrumb"},"inLanguage":"en-US","potentialAction":[{"@type":"ReadAction","target":["https:\/\/ingesto.org.br\/en\/instituicoes-sem-fins-lucrativos-podem-participar-do-credenciamento-para-programas-de-servicos-medicos-no-ministerio-da-saude\/"]}]},{"@type":"ImageObject","inLanguage":"en-US","@id":"https:\/\/ingesto.org.br\/en\/instituicoes-sem-fins-lucrativos-podem-participar-do-credenciamento-para-programas-de-servicos-medicos-no-ministerio-da-saude\/#primaryimage","url":"https:\/\/ingesto.org.br\/wp-content\/uploads\/2021\/06\/pronas-pronon-1-650x480-1.png","contentUrl":"https:\/\/ingesto.org.br\/wp-content\/uploads\/2021\/06\/pronas-pronon-1-650x480-1.png","width":650,"height":480},{"@type":"BreadcrumbList","@id":"https:\/\/ingesto.org.br\/en\/instituicoes-sem-fins-lucrativos-podem-participar-do-credenciamento-para-programas-de-servicos-medicos-no-ministerio-da-saude\/#breadcrumb","itemListElement":[{"@type":"ListItem","position":1,"name":"In\u00edcio","item":"https:\/\/ingesto.org.br\/"},{"@type":"ListItem","position":2,"name":"Institui\u00e7\u00f5es Sem Fins Lucrativos podem participar do Credenciamento para Programas de Servi\u00e7os M\u00e9dicos no Minist\u00e9rio da Sa\u00fade!"}]},{"@type":"WebSite","@id":"http:\/\/ingesto.org.br\/en\/#website","url":"http:\/\/ingesto.org.br\/en\/","name":"Institute","description":"Institute for Third Sector Management","publisher":{"@id":"http:\/\/ingesto.org.br\/en\/#organization"},"alternateName":"Ingesto","potentialAction":[{"@type":"SearchAction","target":{"@type":"EntryPoint","urlTemplate":"http:\/\/ingesto.org.br\/en\/?s={search_term_string}"},"query-input":{"@type":"PropertyValueSpecification","valueRequired":true,"valueName":"search_term_string"}}],"inLanguage":"en-US"},{"@type":"Organization","@id":"http:\/\/ingesto.org.br\/en\/#organization","name":"Ingesto","url":"http:\/\/ingesto.org.br\/en\/","logo":{"@type":"ImageObject","inLanguage":"en-US","@id":"http:\/\/ingesto.org.br\/en\/#\/schema\/logo\/image\/","url":"https:\/\/ingesto.org.br\/wp-content\/uploads\/2020\/11\/cropped-cropped-icone.png","contentUrl":"https:\/\/ingesto.org.br\/wp-content\/uploads\/2020\/11\/cropped-cropped-icone.png","width":512,"height":512,"caption":"Ingesto"},"image":{"@id":"http:\/\/ingesto.org.br\/en\/#\/schema\/logo\/image\/"},"sameAs":["https:\/\/www.facebook.com\/institutoingesto","https:\/\/x.com\/Ingestos","https:\/\/www.instagram.com\/institutoingesto\/","https:\/\/www.youtube.com\/@institutoingesto","https:\/\/www.linkedin.com\/in\/instituto-ingesto"]},{"@type":"Person","@id":"http:\/\/ingesto.org.br\/en\/#\/schema\/person\/b6b24d64bb11f377f79f5f35b9c466dc","name":"Ingesto","image":{"@type":"ImageObject","inLanguage":"en-US","@id":"https:\/\/ingesto.org.br\/wp-content\/litespeed\/avatar\/4d7201aed9dddada281d8ce59ea56991.jpg?ver=1776950236","url":"https:\/\/ingesto.org.br\/wp-content\/litespeed\/avatar\/4d7201aed9dddada281d8ce59ea56991.jpg?ver=1776950236","contentUrl":"https:\/\/ingesto.org.br\/wp-content\/litespeed\/avatar\/4d7201aed9dddada281d8ce59ea56991.jpg?ver=1776950236","caption":"Ingesto"},"sameAs":["http:\/\/ingesto.org.br"],"url":"https:\/\/ingesto.org.br\/en\/author\/instituto-ingesto\/"}]}},"jetpack_featured_media_url":"https:\/\/ingesto.org.br\/wp-content\/uploads\/2021\/06\/pronas-pronon-1-650x480-1.png","jetpack_shortlink":"https:\/\/wp.me\/peji5g-2pW","acf":[],"_links":{"self":[{"href":"https:\/\/ingesto.org.br\/en\/wp-json\/wp\/v2\/posts\/9296","targetHints":{"allow":["GET"]}}],"collection":[{"href":"https:\/\/ingesto.org.br\/en\/wp-json\/wp\/v2\/posts"}],"about":[{"href":"https:\/\/ingesto.org.br\/en\/wp-json\/wp\/v2\/types\/post"}],"author":[{"embeddable":true,"href":"https:\/\/ingesto.org.br\/en\/wp-json\/wp\/v2\/users\/1"}],"replies":[{"embeddable":true,"href":"https:\/\/ingesto.org.br\/en\/wp-json\/wp\/v2\/comments?post=9296"}],"version-history":[{"count":0,"href":"https:\/\/ingesto.org.br\/en\/wp-json\/wp\/v2\/posts\/9296\/revisions"}],"wp:featuredmedia":[{"embeddable":true,"href":"https:\/\/ingesto.org.br\/en\/wp-json\/wp\/v2\/media\/3936"}],"wp:attachment":[{"href":"https:\/\/ingesto.org.br\/en\/wp-json\/wp\/v2\/media?parent=9296"}],"wp:term":[{"taxonomy":"category","embeddable":true,"href":"https:\/\/ingesto.org.br\/en\/wp-json\/wp\/v2\/categories?post=9296"},{"taxonomy":"post_tag","embeddable":true,"href":"https:\/\/ingesto.org.br\/en\/wp-json\/wp\/v2\/tags?post=9296"}],"curies":[{"name":"wp","href":"https:\/\/api.w.org\/{rel}","templated":true}]}}