{"id":9284,"date":"2019-11-19T10:14:43","date_gmt":"2019-11-19T10:14:43","guid":{"rendered":"http:\/\/rubenssantana.com\/sistema-eletronico-de-gestao-de-comunidades-terapeuticas-sisct-portaria-da-senapred\/"},"modified":"2023-02-21T19:22:40","modified_gmt":"2023-02-21T22:22:40","slug":"sistema-eletronico-de-gestao-de-comunidades-terapeuticas-sisct-portaria-da-senapred","status":"publish","type":"post","link":"https:\/\/ingesto.org.br\/en\/sistema-eletronico-de-gestao-de-comunidades-terapeuticas-sisct-portaria-da-senapred\/","title":{"rendered":"Electronic Therapeutic Community Management System \u2013 SISCT \u2013 Senapred ordinance"},"content":{"rendered":"<p><strong>Procedure for using the Electronic Therapeutic Community Management System \u2013 SISCT \u2013 Senapred ordinance<\/strong><\/p>\n<p>WHEREAS all processes relating to care, prevention and social reintegration actions of Drug Policies were transferred from the National Secretariat for Drug Policies \u2013 SENAD, of the Ministry of Justice and Public Security, to the National Secretariat for Drug Care and Prevention \u2013 SENAPRED, from the Citizenship Ministry.<\/p>\n<p><img fetchpriority=\"high\" decoding=\"async\" class=\"wp-image-2267 alignnone size-full\" src=\"http:\/\/rubenssantana.com\/wp-content\/uploads\/2019\/11\/images686166083110445187.jpeg\" width=\"738\" height=\"416\" srcset=\"https:\/\/ingesto.org.br\/wp-content\/uploads\/2019\/11\/images686166083110445187.jpeg 738w, https:\/\/ingesto.org.br\/wp-content\/uploads\/2019\/11\/images686166083110445187-300x169.jpeg 300w, https:\/\/ingesto.org.br\/wp-content\/uploads\/2019\/11\/images686166083110445187-600x338.jpeg 600w\" sizes=\"(max-width: 738px) 100vw, 738px\" \/><\/p>\n<p>A partir dessa data o sistema para controle, cadastramento, atualiza\u00e7\u00f5es e, dentre outras coisas a presta\u00e7\u00e3o de contas, dever\u00e1 ser realizado pelo SISCT.<\/p>\n<p>Follow the Ordinance that regulates <span style=\"color: #162937; font-family: rawline,sans-serif; font-size: 18px; font-style: normal; font-variant-ligatures: normal; font-variant-caps: normal; font-weight: 500; letter-spacing: normal; orphans: 2text-indent:97px; text-transform: none; white-space: normal; widows: 2; word-spacing: 0px; -webkit-text-stroke-width: 0px; background-color: #ffffff; text-decoration-style: initial; text-decoration-color: initial; display: inline!important; float: none; text-align: left;\">O acesso ao Sistema Eletr\u00f4nico de Gest\u00e3o de Comunidades Terap\u00eauticas &#8211; SISCT, a comprova\u00e7\u00e3o da presta\u00e7\u00e3o de servi\u00e7os e do acolhimento, o ateste de notas fiscais e os respectivos pagamentos<\/span>:<\/p>\n<p><a href=\"https:\/\/bit.ly\/2NYQ1v2\" target=\"_blank\" rel=\"noopener noreferrer\">https:\/\/bit.ly\/2NYQ1v2<\/a><\/p>\n<p>We searched for the website&#039;s path to the system and still didn&#039;t find it. We understand that, since the ordinance has been promulgated, the system should already be up and running in perfect condition. In any case, we will try to find out the path\/address of the system and make it available here.<\/p>\n<p>A hug to everyone.<\/p>\n<p class=\"identifica\">ORDINANCE No. 1, OF NOVEMBER 12, 2019<\/p>\n<p class=\"dou-paragraph\">THE NATIONAL SECRETARY OF DRUG CARE AND PREVENTION, in the use of its legal powers, provided for in arts. 58 and 107 of Decree No. 9,674, of January 2, 2019;, and,<\/p>\n<p class=\"dou-paragraph\">WHEREAS all processes relating to care, prevention and social reintegration actions of Drug Policies were transferred from the National Secretariat for Drug Policies \u2013 SENAD, of the Ministry of Justice and Public Security, to the National Secretariat for Drug Care and Prevention \u2013 SENAPRED, from the Citizenship Ministry;<\/p>\n<p class=\"dou-paragraph\">CONSIDERANDO os contratos celebrados, por meio de editais de chamamento p\u00fablico, com a Uni\u00e3o, representada pela SENAPRED, para a presta\u00e7\u00e3o de servi\u00e7os de acolhimento exclusivamente volunt\u00e1rio, em regime residencial transit\u00f3rio, de dependentes qu\u00edmicos;<\/p>\n<p class=\"dou-paragraph\">CONSIDERANDO a necessidade de tornar p\u00fablico as regras e os procedimentos para pagamento por servi\u00e7os prestados por Comunidades Terap\u00eauticas, no \u00e2mbito de contratos celebrados;<\/p>\n<p class=\"dou-paragraph\">CONSIDERING the existence of the Electronic Therapeutic Community Management System \u2013 SISCT;<\/p>\n<p class=\"dou-paragraph\">CONSIDERING the terms of Law No. 8,666, of June 21, 1993, which establishes rules for Public Administration tenders and contracts and provides other provisions;<\/p>\n<p class=\"dou-paragraph\">CONSIDERANDO a Resolu\u00e7\u00e3o &#8211; RDC n\u00ba 29, de 30 de junho de 2011, que disp\u00f5e sobre os requisitos de seguran\u00e7a sanit\u00e1ria para o funcionamento de institui\u00e7\u00f5es que prestem servi\u00e7os de aten\u00e7\u00e3o a pessoas com transtornos decorrentes do uso, abuso ou depend\u00eancia de subst\u00e2ncias psicoativas;<\/p>\n<p class=\"dou-paragraph\">CONSIDERANDO a Resolu\u00e7\u00e3o n\u00ba 01, de 19 de agosto de 2015, do Conselho Nacional de Pol\u00edticas sobre Drogas, que regulamenta, no \u00e2mbito do Sistema Nacional de Pol\u00edticas P\u00fablicas sobre Drogas &#8211; SISNAD, as entidades que realizam o acolhimento de pessoas, em car\u00e1ter volunt\u00e1rio, com problemas associados ao uso nocivo ou depend\u00eancia de subst\u00e2ncia psicoativa, caracterizadas como comunidades terap\u00eauticas;<\/p>\n<p class=\"dou-paragraph\">CONSIDERING Decree No. 9,094, of July 17, 2017, which provides for the simplification of services provided to users of public services;<\/p>\n<p class=\"dou-paragraph\">CONSIDERING Decree No. 9,761 of April 11, 2019, which approves the National Drug Policy;<\/p>\n<p class=\"dou-paragraph\">CONSIDERING Law No. 13,840, of June 5, 2019, which provides for the National System of Public Policies on Drugs and the conditions of care for drug users or addicts and to address the financing of drug policies, including and regulating communities therapies with the addition of Art. 26-A in Law No. 11,343, of August 23, 2006, resolves:<\/p>\n<p class=\"dou-paragraph\">SISCT OPERATIONALIZATION<\/p>\n<p class=\"dou-paragraph\">Art. 1\u00ba O acesso ao Sistema Eletr\u00f4nico de Gest\u00e3o de Comunidades Terap\u00eauticas &#8211; SISCT, a comprova\u00e7\u00e3o da presta\u00e7\u00e3o de servi\u00e7os e do acolhimento, o ateste de notas fiscais e os respectivos pagamentos ficam regulamentados por esta Portaria.<\/p>\n<p class=\"dou-paragraph\">Art. 2 SENAPRED will provide access credentials \u2013 login and password \u2013 to SISCT for its servers and for the contracted Therapeutic Communities.<\/p>\n<p class=\"dou-paragraph\">Art. 3 SENAPRED will register and keep updated, in SISCT, the data on signed contracts, additive terms, apostilles and orders designating Administration representatives.<\/p>\n<p class=\"dou-paragraph\">Art. 4 The Therapeutic Community must provide SENAPRED and, whenever there is a change, immediately communicate the following information to the contract supervisor:<\/p>\n<p class=\"dou-paragraph\">I \u2013 details of the legal representative and their attorneys, if any;<\/p>\n<p class=\"dou-paragraph\">II \u2013 address and contacts;<\/p>\n<p class=\"dou-paragraph\">III \u2013 health permit or other similar instrument in accordance with applicable health legislation;<\/p>\n<p class=\"dou-paragraph\">IV \u2013 technical responsible and substitute, under the terms of RDC n\u00ba 29\/2011 of ANVISA;<\/p>\n<p class=\"dou-paragraph\">V \u2013 banking details of the Therapeutic Community;<\/p>\n<p class=\"dou-paragraph\">VI \u2013 data on its employees and volunteers; It is<\/p>\n<p class=\"dou-paragraph\">VII &#8211; recursos p\u00fablicos eventualmente recebidos para presta\u00e7\u00e3o de servi\u00e7os de acolhimento, discriminando se a fonte \u00e9 federal, estadual ou municipal.<\/p>\n<p class=\"dou-paragraph\">\u00a7 1 In accordance with the provisions of Decree No. 9,094, of July 17, 2017, entities accredited in the National Registry of Accreditation of Therapeutic Communities and Entities for Prevention, Support, Mutual Assistance, Psychosocial Care and Resocialization of Alcohol Dependents and other Drugs and their Family Members, in accordance with Ordinance 563, of April 19, 2019, of the Ministry of Citizenship, will be exempt from presenting the documents referred to in this article, as long as the documents have not been altered and are fully in compliance. force.<\/p>\n<p class=\"dou-paragraph\">\u00a7 2 All documents not required by Ordinance 563, of April 19, 2019, or that have changed, or are no longer valid, must be attached and proven, in accordance with this article.<\/p>\n<p class=\"dou-paragraph\">Art. 5 The Therapeutic Communities will be given two access profiles for managing the SISCT:<\/p>\n<p class=\"dou-paragraph\">I \u2013 Employee;<\/p>\n<p class=\"dou-paragraph\">II \u2013 Legal representative.<\/p>\n<p class=\"dou-paragraph\">\u00a7 1 The \u201cemployee\u201d profile will be allowed to register, change and consult information about those welcomed and about the receptions.<\/p>\n<p class=\"dou-paragraph\">\u00a7 2\u00ba Ao perfil &#8220;representante legal&#8221; ser\u00e1 permitido realizar as a\u00e7\u00f5es permitidas ao perfil &#8220;funcion\u00e1rio&#8221;, bem como validar a planilha dos acolhidos ao final do per\u00edodo mensal da presta\u00e7\u00e3o de servi\u00e7os.<\/p>\n<p class=\"dou-paragraph\">\u00a7 3 The \u201clegal representative\u201d profile will only be granted to the legal representative of the contract or to a legally qualified attorney designated by the representative.<\/p>\n<p class=\"dou-paragraph\">Single paragraph. After publication of the contract, the contractor must send a standard letter to SENAPRED, to inform the legal representative&#039;s data together with the employee&#039;s data to register access credentials to the SISCT.<\/p>\n<p class=\"dou-paragraph\">Art. 6 It is the sole responsibility of system users, including SENAPRED servers, to maintain the confidentiality of their access credentials \u2013 login and password \u2013 and any allegations of improper use cannot be challenged under any circumstances.<\/p>\n<p class=\"dou-paragraph\">\u00a7 1 The use of SISCT will be mandatory from the date of signature of the contract by the National Secretary for Drug Care and Prevention.<\/p>\n<p class=\"dou-paragraph\">\u00a7 2 Biometric control and SISCT are control tools for monitoring the execution of services provided, and, after implementation, biometric control will be mandatory for all contracted entities.<\/p>\n<p class=\"dou-paragraph\">\u00a7 3 The biometric control referred to in \u00a7 2 of this article will consider the individual care plan (PIA)\/singular care plan (PAS), social reintegration activities and family visits by the host.<\/p>\n<p class=\"dou-paragraph\">Art. 7\u00ba A rela\u00e7\u00e3o dos acolhidos correspondente ao m\u00eas apurado dever\u00e1 ser gerada pelo sistema e validada pelo representante legal da Comunidade Terap\u00eautica a fim de se dar in\u00edcio ao processo de comprova\u00e7\u00e3o da presta\u00e7\u00e3o de servi\u00e7os e do acolhimento.<\/p>\n<p class=\"dou-paragraph\">Art. 8 After validating the list of sheltered individuals referred to in art. 7th, Therapeutic Communities must forward to SENAPRED, by the fifth business day of the month following the provision of services, the following documents:<\/p>\n<p class=\"dou-paragraph\">I \u2013 invoice for services provided corresponding to the month calculated, in accordance with art. 10 of this Ordinance;<\/p>\n<p class=\"dou-paragraph\">II \u2013 copy of the sheltered person\u2019s personal identification document (front and back), photo and civil qualification in the case of the Work and Social Security Card and copy of the legal guardian\u2019s personal identification document, if applicable;<\/p>\n<p class=\"dou-paragraph\">III \u2013 copy of the adhesion agreement generated by the system, signed by the host and, in the case of fostering teenagers, also signed by their legal guardian;<\/p>\n<p class=\"dou-paragraph\">IV \u2013 copy of the child\u2019s birth certificate, in the case of fostering a nursing mother;<\/p>\n<p class=\"dou-paragraph\">V \u2013 formal declaration from the Therapeutic Community, generated by the system, with the commitment to help the host to provide their identification documents, if they do not have them, within 30 (thirty) days;<\/p>\n<p class=\"dou-paragraph\">VI \u2013 timely communication, generated by the system, of each reception and dismissal to the health unit and reference social protection equipment, within a period of up to five days, with the appropriate receipt protocol;<\/p>\n<p class=\"dou-paragraph\">VII \u2013 immediate communication of each reception and dismissal, generated by the system, to the local Guardianship Council, with the appropriate reception protocol, in the case of adolescents.<\/p>\n<p class=\"dou-paragraph\">\u00a7 1 The following are considered personal identification documents:<\/p>\n<p class=\"dou-paragraph\">I \u2013 Identity card (RG);<\/p>\n<p class=\"dou-paragraph\">II \u2013 National Driving License (CNH), as long as the model presents a photo;<\/p>\n<p class=\"dou-paragraph\">III \u2013 Work and Social Security Card;<\/p>\n<p class=\"dou-paragraph\">IV \u2013 Professional license, as long as it is valid throughout the national territory (side with the photo and the side with social identification);<\/p>\n<p class=\"dou-paragraph\">V \u2013 Passport;<\/p>\n<p class=\"dou-paragraph\">VI \u2013 National Foreigner Registry \u2013 RNE \u2013 for people of other nationalities; It is<\/p>\n<p class=\"dou-paragraph\">VII \u2013 For Mercosur member countries, those welcomed need to present identification documents with a photo.<\/p>\n<p class=\"dou-paragraph\">\u00a7 2 The following are considered protocols for receiving reception\/dismissal notices:<\/p>\n<p class=\"dou-paragraph\">I \u2013 Receipt from the manual or electronic protocol sector of the bodies;<\/p>\n<p class=\"dou-paragraph\">II \u2013 Acknowledgment of Receipt \u2013 AR, via registered mail or postal mail;<\/p>\n<p class=\"dou-paragraph\">III \u2013 Proof of electronic receipt, via email.<\/p>\n<p class=\"dou-paragraph\">\u00a7 3 If it is proven impossible to obtain the receipt protocol, in the form of item II, proof of electronic sending, via email, will be accepted.<\/p>\n<p class=\"dou-paragraph\">\u00a7 4 The Therapeutic Community must arrange for the issuance of an identification document for the host who does not have it, within a period of up to 30 (thirty) working days, which may be extended for an equal period, upon justification, or, present a protocol requesting the document under penalty for not receiving the service provided after this period.<\/p>\n<p class=\"dou-paragraph\">\u00a7 5 The document issued in the case of \u00a7 2 must be sent together with the documents referred to in the caput, in the month immediately following the date of entry of the person welcomed into the Therapeutic Community.<\/p>\n<p class=\"dou-paragraph\">\u00a7 6 In the case of an illiterate host or person who is unable to understand the terms of reception, it is mandatory to sign the adhesion term referred to in section III of the caput of this article, accompanied by the signature and copy of the witness&#039;s personal document.<\/p>\n<p class=\"dou-paragraph\">\u00a7 7\u00ba A nursing mother is considered to be one who begins foster care when the child(ren) is up to one year old, in which case they may remain in this condition until the end of their foster care. .<\/p>\n<p class=\"dou-paragraph\">\u00a7 8\u00ba The absence of the birth certificate of a child of a nursing mother prevents the attestation of the invoice, and the Therapeutic Community must arrange for the issuance of the document and sending a copy to SENAPRED.<\/p>\n<p class=\"dou-paragraph\">\u00a7 9\u00ba Os documentos de que tratam os incisos II a VII do caput deste artigo dever\u00e3o ser remetidos \u00e0 SENAPRED no primeiro m\u00eas de pagamento do acolhimento de determinada pessoa, dispensando-se seu envio nos meses subsequentes, enquanto perdurar, de forma ininterrupta, o acolhimento e a validade do documento enviado.<\/p>\n<p class=\"dou-paragraph\">\u00a7 10. No caso dos incisos VI e VII, as comunica\u00e7\u00f5es de acolhimento e desligamento dever\u00e3o constar no procedimento de pagamento do m\u00eas subsequente \u00e0 sua ocorr\u00eancia.<\/p>\n<p class=\"dou-paragraph\">\u00a7 11. \u00c9 condi\u00e7\u00e3o para o acolhimento do indiv\u00edduo, a realiza\u00e7\u00e3o pr\u00e9via de avalia\u00e7\u00e3o diagn\u00f3stica, que o considere apto, podendo ser emitida por m\u00e9dico da rede privada ou p\u00fablica de sa\u00fade, ou por m\u00e9dico contratado pela Comunidade Terap\u00eautica, em conson\u00e2ncia com o disposto no art. 3\u00ba da Resolu\u00e7\u00e3o 01\/2015, do CONAD.<\/p>\n<p class=\"dou-paragraph\">\u00a7 12. The diagnostic assessment referred to in \u00a711 does not require referral by the public health network.<\/p>\n<p class=\"dou-paragraph\">Art. 9 In case of unavailability of the SISCT or technical impossibility of its use, duly proven by SENAPRED, the sending, by physical means, of the spreadsheet with the list of receptions and documents listed in art. 8th of this Ordinance.<\/p>\n<p class=\"dou-paragraph\">Single paragraph. The spreadsheet sent in physical form must be signed by the representative of the Therapeutic Community and must contain:<\/p>\n<p class=\"dou-paragraph\">I \u2013 the name and CPF of the host;<\/p>\n<p class=\"dou-paragraph\">II \u2013 vacancy profile (adult, teenager or nursing mother);<\/p>\n<p class=\"dou-paragraph\">III \u2013 date of birth of the host;<\/p>\n<p class=\"dou-paragraph\">IV \u2013 the dates of reception in the Therapeutic Community, of joining the SENAPRED vacancy and of dismissal, if applicable;<\/p>\n<p class=\"dou-paragraph\">V \u2013 the reason for dismissal;<\/p>\n<p class=\"dou-paragraph\">VI \u2013 the number of days of each reception;<\/p>\n<p class=\"dou-paragraph\">VII \u2013 the value corresponding to each reception.<\/p>\n<p class=\"dou-paragraph\">Art. 10. The invoice must be issued without erasures and in legible handwriting, in the name of SENAPRED, registered with the CNPJ under n\u00ba 05.526.783\/0001-65, with information on the bank account number, name of the bank and the respective agency owned by the Therapeutic Community, containing the description of the service (\u201creception of people with disorders resulting from use, abuse or dependence on psychoactive substances\u201d) and indication of the reference month and year of service provision.<\/p>\n<p class=\"dou-paragraph\">\u00a7 1 The use of electronic invoices is permitted.<\/p>\n<p class=\"dou-paragraph\">\u00a7 2\u00ba Ser\u00e3o retidas na fonte e recolhidas previamente aos cofres p\u00fablicos, mediante substitui\u00e7\u00e3o tribut\u00e1ria, as taxas, impostos e contribui\u00e7\u00f5es previstas na legisla\u00e7\u00e3o pertinente, cujos valores e percentuais respectivos dever\u00e3o estar discriminados em local pr\u00f3prio do documento fiscal de cobran\u00e7a. Caso n\u00e3o haja indica\u00e7\u00e3o de percentual em campo pr\u00f3prio do documento fiscal, ser\u00e1 considerado para fins de recolhimento o maior percentual.<\/p>\n<p class=\"dou-paragraph\">\u00a7 3\u00ba No caso de situa\u00e7\u00e3o de isen\u00e7\u00e3o de recolhimento de tributos, dever\u00e1 ser consignado no corpo do documento fiscal a condi\u00e7\u00e3o da excepcionalidade, o enquadramento e fundamento legal, acompanhado de declara\u00e7\u00e3o de isen\u00e7\u00e3o ou imunidade fiscal, emitida pela fazenda p\u00fablica local.<\/p>\n<p class=\"dou-paragraph\">\u00a7 4 Considering that exemption or immunity from Tax on Services of Any Nature must be declared and not presumed, the absence of a declaration of exemption or tax immunity, issued by the local public treasury, will result in the withholding of Tax on Services of Any Nature (ISSQN ), in accordance with Complementary Law No. 116, of July 31, 2003.<\/p>\n<p class=\"dou-paragraph\">Art. 11. The membership agreement issued by SISCT must be signed by the person accepted on the date on which they occupy the vacancy contracted by SENAPRED.<\/p>\n<p class=\"dou-paragraph\">Art. 12. The amount to be paid for reception services will be calculated in accordance with what is shown in the invoice, issued by SISCT, after validation by the legal representative of the contract or a legally qualified attorney designated by the representative.<\/p>\n<p class=\"dou-paragraph\">\u00a7 1\u00ba Os dias de efetivo acolhimento ser\u00e3o considerados pelo sistema, incluindo-se o dia da entrada e o dia da sa\u00edda do acolhido, independentemente de hor\u00e1rio, no programa da SENAPRED.<\/p>\n<p class=\"dou-paragraph\">\u00a7 2 In the event that the reception begins or ends, considering all interruptive causes, during the month of calculation, the value will be calculated in proportion to the days of effective reception, obtained by dividing the number of days in the month of calculation by the days in which the service was carried out, considering the type of vacancy occupied.<\/p>\n<p class=\"dou-paragraph\">\u00a7 3 In order to avoid institutionalization, within a period of up to six months following the last dismissal, the new reception must occur with a reasoned justification from the Therapeutic Community team, a decision that must be included in the Individual Service Plan \u2013 PAS\/Individual Plan Service \u2013 PIA.<\/p>\n<p class=\"dou-paragraph\">\u00a7 4\u00ba Em caso de novo acolhimento em vaga ocupada anteriormente, o pagamento somente ser\u00e1 calculado a partir do dia seguinte \u00e0 desocupa\u00e7\u00e3o da vaga.<\/p>\n<p class=\"dou-paragraph\">\u00a7 5 The amount to be paid for the services provided will be calculated at the time of validation of the reception sheet, in SISCT, by the Representative of the Therapeutic Community.<\/p>\n<p class=\"dou-paragraph\">\u00a7 6 In the case of article 9, the same rules established here will apply, preferably using the spreadsheet provided by SENAPRED.<\/p>\n<p class=\"dou-paragraph\">\u00a7 7\u00ba Em casos de acolhidos que necessitem prolongar o per\u00edodo de perman\u00eancia na Comunidade Terap\u00eautica e seu projeto terap\u00eautico seja menor que 12 meses, dever\u00e1 encaminhar \u00e0 SENAPRED a comprova\u00e7\u00e3o mensal dos servi\u00e7os prestados e relat\u00f3rio assinado por profissional da equipe multidisciplinar com forma\u00e7\u00e3o condizente com as atividades oferecidas no Programa de Acolhimento.<\/p>\n<p class=\"dou-paragraph\">\u00a7 8 Each chemical dependent may be welcomed, by the contracted entities, for up to 12 (twelve) consecutive or interspersed months, within a period of 24 (twenty-four months).<\/p>\n<p class=\"dou-paragraph\">\u00a7 9 If the host has stayed in more than one accredited community, the periods will be added together.<\/p>\n<p class=\"dou-paragraph\">\u00a7 10 SENAPRED will develop tools to identify previous receptions financed with a federal budget.<\/p>\n<p class=\"dou-paragraph\">\u00a7 11. The Individual Service Plan \u2013 PAS\/Individual Service Plan \u2013 PIA, in the form provided for by \u00a7 6 of article 23-B, of Law 11,343\/2006, must be prepared within a maximum period of 30 (thirty days) from of reception.<\/p>\n<p class=\"dou-paragraph\">Art. 13. In the event that the host reaches the age of majority during the reception period, the Therapeutic Community must immediately transfer him to an adult place on the day he turns 18 (eighteen) years old.<\/p>\n<p class=\"dou-paragraph\">\u00a7 1 In the absence of an available adult space, free on the vacancy map, the host may continue to be linked to the adolescent space until a suitable vacancy becomes available.<\/p>\n<p class=\"dou-paragraph\">\u00a7 2 The system will carry out the automatic migration of the host who fits into the hypothesis of the caput, when there is a vacancy for a free adult.<\/p>\n<p class=\"dou-paragraph\">\u00a7 3 Institutions that only have a teenage audience, upon reaching 18 (eighteen) years of age, may remain on the vacancy map until the end of the reception period.<\/p>\n<p class=\"dou-paragraph\">INFORMATION ABOUT THE RECEIVED<\/p>\n<p class=\"dou-paragraph\">Art. 14. Therapeutic Communities must fill in the SISCT with the information identified as mandatory for the registration of those welcomed, as well as new receptions and dismissals.<\/p>\n<p class=\"dou-paragraph\">\u00a7 1 The identification of the host must be made through their Individual Taxpayer Registry \u2013 CPF.<\/p>\n<p class=\"dou-paragraph\">\u00a7 2 If the host does not have a CPF, the institution must issue the declaration as set out in Article 8, item V.<\/p>\n<p class=\"dou-paragraph\">Art. 15. SENAPRED is responsible for keeping the records of those welcomed and records of receptions and dismissals, and may make them available to other bodies for inspection, control and research purposes, guaranteeing the privacy and confidentiality of the information provided regarding the sheltered person .<\/p>\n<p class=\"dou-paragraph\">Art. 16. The Therapeutic Community must preserve the confidentiality of information relating to those welcomed, but may, however, make it available to a public control and inspection body, without the need for authorization by SENAPRED.<\/p>\n<p class=\"dou-paragraph\">Art. 17. The Therapeutic Community must allow research institutions contracted by SENAPRED to carry out interviews with those welcomed and with the multidisciplinary team, providing space to carry out this activity, where the privacy of the interviewees and the confidentiality of the information provided are guaranteed, prohibited the identification of the host, their family members and the entity in publication of any species or genre.<\/p>\n<p class=\"dou-paragraph\">DO ATESTE E PAGAMENTO DAS NOTAS FISCAIS<\/p>\n<p class=\"dou-paragraph\">Art. 18. A nota fiscal, a rela\u00e7\u00e3o de pessoas acolhidas e os documentos que instruem a comprova\u00e7\u00e3o da presta\u00e7\u00e3o de servi\u00e7os e do acolhimento ser\u00e3o analisados pelo fiscal designado pela Administra\u00e7\u00e3o, para o ateste.<\/p>\n<p class=\"dou-paragraph\">\u00a7 1\u00ba Caso haja d\u00favida quanto \u00e0 regularidade da nota fiscal emitida, caber\u00e1 ao fiscal do contrato realizar todas as dilig\u00eancias necess\u00e1rias junto \u00e0 Comunidade Terap\u00eautica e aos \u00f3rg\u00e3os competentes, ocasi\u00e3o em que o pagamento ficar\u00e1 suspenso at\u00e9 o devido saneamento.<\/p>\n<p class=\"dou-paragraph\">\u00a7 2\u00ba Em caso de inconsist\u00eancias ou erros que impe\u00e7am a liquida\u00e7\u00e3o da despesa, a nota fiscal ser\u00e1 rejeitada no SISCT.<\/p>\n<p class=\"dou-paragraph\">\u00a7 3 In the cases mentioned in the previous paragraph, the contract inspector will carry out the reanalysis after rectifying and validating the invoice in SISCT.<\/p>\n<p class=\"dou-paragraph\">\u00a7 4 Inconsistencies or errors presented by the inspector will be forwarded via email.<\/p>\n<p class=\"dou-paragraph\">\u00a7 5 If there are no inconsistencies or after the errors have been corrected, the inspector will certify the invoice.<\/p>\n<p class=\"dou-paragraph\">Art. 19. Diante do ateste emitido na nota fiscal, caber\u00e1 ao Ordenador de Despesas autorizar o respectivo pagamento, observadas as condi\u00e7\u00f5es estabelecidas no presente artigo, al\u00e9m das demais normas aplic\u00e1veis \u00e0 esp\u00e9cie.<\/p>\n<p class=\"dou-paragraph\">\u00a7 1\u00ba A cada pagamento, ser\u00e1 realizada consulta ao Sistema de Cadastramento Unificado de Fornecedores (SICAF) para verificar a manuten\u00e7\u00e3o das condi\u00e7\u00f5es de habilita\u00e7\u00e3o.<\/p>\n<p class=\"dou-paragraph\">\u00a7 2 In case of irregularity, SENAPRED will adopt the following procedures:<\/p>\n<p class=\"dou-paragraph\">I \u2013 sending a notification, in writing, so that the Therapeutic Community, within a period of up to 5 (five) days, counting from its receipt, extendable for an equal period, regularizes its situation or, within the same period, presents its defense;<\/p>\n<p class=\"dou-paragraph\">II \u2013 if there is no regularization, or if the defense is considered unfounded, SENAPRED will send a written warning and notify the bodies responsible for monitoring the fiscal regularity of the contracted Therapeutic Community;<\/p>\n<p class=\"dou-paragraph\">II \u2013 if the irregularity persists, administrative proceedings will be initiated with a view to terminating the contract, guaranteeing the contractor the right to contradictory proceedings and full defense.<\/p>\n<p class=\"dou-paragraph\">\u00a7 3\u00ba A constata\u00e7\u00e3o de irregularidades no SICAF n\u00e3o interromper\u00e1 o pagamento dos servi\u00e7os efetivamente prestados, at\u00e9 eventual decis\u00e3o de rescis\u00e3o contratual.<\/p>\n<p class=\"dou-paragraph\">\u00a7 4 Only for reasons of economy, national security or other highly relevant public interest, duly justified, in any case, by the National Secretary for Drug Care and Prevention, the contract in progress with a Therapeutic Community in default at SICAF will not be terminated.<\/p>\n<p class=\"dou-paragraph\">\u00a7 5\u00ba A prorroga\u00e7\u00e3o do contrato depender\u00e1 da comprova\u00e7\u00e3o das condi\u00e7\u00f5es de habilita\u00e7\u00e3o previstas no Edital.<\/p>\n<p class=\"dou-paragraph\">Art. 20. This Ordinance applies to all contracts in force or that will be concluded with the Therapeutic Communities, under the responsibility of SENAPRED.<\/p>\n<p class=\"dou-paragraph\">Art. 21. Ordinance No. 34, of July 2, 2015, of the National Secretariat for Drug Policies\/Ministry of Justice is hereby revoked.<\/p>\n<p class=\"dou-paragraph\">Art. 22. This Ordinance comes into force on the date of its publication.<\/p>\n<p class=\"assina\">QUIRINO CORDEIRO JUNIOR<\/p>","protected":false},"excerpt":{"rendered":"<p>Procedure for using the Electronic Therapeutic Community Management System \u2013 SISCT \u2013 Senapred ordinance<\/p>","protected":false},"author":1,"featured_media":2268,"comment_status":"closed","ping_status":"closed","sticky":false,"template":"","format":"standard","meta":{"give_campaign_id":0,"_yoast_wpseo_focuskw":"","_yoast_wpseo_title":"","_yoast_wpseo_metadesc":"","_joinchat":[],"footnotes":""},"categories":[861],"tags":[859,860,862,863,864,865,866],"class_list":["post-9284","post","type-post","status-publish","format-standard","has-post-thumbnail","hentry","category-legislacao","tag-comunidades-terapeuticas","tag-drogas","tag-ministerio-da-cidadania","tag-ministerio-da-justica","tag-politica","tag-senad","tag-senapred"],"yoast_head":"<!-- This site is optimized with the Yoast SEO plugin v27.5 - https:\/\/yoast.com\/product\/yoast-seo-wordpress\/ -->\n<title>Sistema Eletr\u00f4nico de Gest\u00e3o de Comunidades Terap\u00eauticas - SISCT - portaria da Senapred - Ingesto<\/title>\n<meta name=\"robots\" content=\"index, follow, max-snippet:-1, max-image-preview:large, max-video-preview:-1\" \/>\n<link rel=\"canonical\" href=\"https:\/\/ingesto.org.br\/en\/sistema-eletronico-de-gestao-de-comunidades-terapeuticas-sisct-portaria-da-senapred\/\" \/>\n<meta property=\"og:locale\" content=\"en_US\" \/>\n<meta property=\"og:type\" content=\"article\" \/>\n<meta property=\"og:title\" content=\"Sistema Eletr\u00f4nico de Gest\u00e3o de Comunidades Terap\u00eauticas - SISCT - portaria da Senapred - Ingesto\" \/>\n<meta property=\"og:description\" content=\"Procedimento para o uso do Sistema Eletr\u00f4nico de Gest\u00e3o de Comunidades Terap\u00eauticas - SISCT - portaria da Senapred\" \/>\n<meta property=\"og:url\" content=\"https:\/\/ingesto.org.br\/en\/sistema-eletronico-de-gestao-de-comunidades-terapeuticas-sisct-portaria-da-senapred\/\" \/>\n<meta property=\"og:site_name\" content=\"Ingesto\" \/>\n<meta property=\"article:publisher\" content=\"https:\/\/www.facebook.com\/institutoingesto\" \/>\n<meta property=\"article:published_time\" content=\"2019-11-19T10:14:43+00:00\" \/>\n<meta property=\"article:modified_time\" content=\"2023-02-21T22:22:40+00:00\" \/>\n<meta property=\"og:image\" content=\"https:\/\/ingesto.org.br\/wp-content\/uploads\/2019\/11\/images-1.jpeg\" \/>\n\t<meta property=\"og:image:width\" content=\"716\" \/>\n\t<meta property=\"og:image:height\" content=\"428\" \/>\n\t<meta property=\"og:image:type\" content=\"image\/jpeg\" \/>\n<meta name=\"author\" content=\"Ingesto\" \/>\n<meta name=\"twitter:card\" content=\"summary_large_image\" \/>\n<meta name=\"twitter:creator\" content=\"@Ingestos\" \/>\n<meta name=\"twitter:site\" content=\"@Ingestos\" \/>\n<meta name=\"twitter:label1\" content=\"Written by\" \/>\n\t<meta name=\"twitter:data1\" content=\"Ingesto\" \/>\n\t<meta name=\"twitter:label2\" content=\"Est. reading time\" \/>\n\t<meta name=\"twitter:data2\" content=\"19 minutes\" \/>\n<script type=\"application\/ld+json\" class=\"yoast-schema-graph\">{\"@context\":\"https:\\\/\\\/schema.org\",\"@graph\":[{\"@type\":\"Article\",\"@id\":\"https:\\\/\\\/ingesto.org.br\\\/sistema-eletronico-de-gestao-de-comunidades-terapeuticas-sisct-portaria-da-senapred\\\/#article\",\"isPartOf\":{\"@id\":\"https:\\\/\\\/ingesto.org.br\\\/sistema-eletronico-de-gestao-de-comunidades-terapeuticas-sisct-portaria-da-senapred\\\/\"},\"author\":{\"name\":\"Ingesto\",\"@id\":\"http:\\\/\\\/ingesto.org.br\\\/en\\\/#\\\/schema\\\/person\\\/b6b24d64bb11f377f79f5f35b9c466dc\"},\"headline\":\"Sistema Eletr\u00f4nico de Gest\u00e3o de Comunidades Terap\u00eauticas &#8211; SISCT &#8211; portaria da Senapred\",\"datePublished\":\"2019-11-19T10:14:43+00:00\",\"dateModified\":\"2023-02-21T22:22:40+00:00\",\"mainEntityOfPage\":{\"@id\":\"https:\\\/\\\/ingesto.org.br\\\/sistema-eletronico-de-gestao-de-comunidades-terapeuticas-sisct-portaria-da-senapred\\\/\"},\"wordCount\":3821,\"publisher\":{\"@id\":\"http:\\\/\\\/ingesto.org.br\\\/en\\\/#organization\"},\"image\":{\"@id\":\"https:\\\/\\\/ingesto.org.br\\\/sistema-eletronico-de-gestao-de-comunidades-terapeuticas-sisct-portaria-da-senapred\\\/#primaryimage\"},\"thumbnailUrl\":\"https:\\\/\\\/ingesto.org.br\\\/wp-content\\\/uploads\\\/2019\\\/11\\\/images-1.jpeg\",\"keywords\":[\"comunidades terap\u00eauticas\",\"drogas\",\"Minist\u00e9rio da Cidadania\",\"Minist\u00e9rio da Justi\u00e7a\",\"pol\u00edtica\",\"SENAD\",\"SENAPRED\"],\"articleSection\":[\"Legisla\u00e7\u00e3o\"],\"inLanguage\":\"en-US\"},{\"@type\":\"WebPage\",\"@id\":\"https:\\\/\\\/ingesto.org.br\\\/sistema-eletronico-de-gestao-de-comunidades-terapeuticas-sisct-portaria-da-senapred\\\/\",\"url\":\"https:\\\/\\\/ingesto.org.br\\\/sistema-eletronico-de-gestao-de-comunidades-terapeuticas-sisct-portaria-da-senapred\\\/\",\"name\":\"Sistema Eletr\u00f4nico de Gest\u00e3o de Comunidades Terap\u00eauticas - SISCT - portaria da Senapred - Ingesto\",\"isPartOf\":{\"@id\":\"http:\\\/\\\/ingesto.org.br\\\/en\\\/#website\"},\"primaryImageOfPage\":{\"@id\":\"https:\\\/\\\/ingesto.org.br\\\/sistema-eletronico-de-gestao-de-comunidades-terapeuticas-sisct-portaria-da-senapred\\\/#primaryimage\"},\"image\":{\"@id\":\"https:\\\/\\\/ingesto.org.br\\\/sistema-eletronico-de-gestao-de-comunidades-terapeuticas-sisct-portaria-da-senapred\\\/#primaryimage\"},\"thumbnailUrl\":\"https:\\\/\\\/ingesto.org.br\\\/wp-content\\\/uploads\\\/2019\\\/11\\\/images-1.jpeg\",\"datePublished\":\"2019-11-19T10:14:43+00:00\",\"dateModified\":\"2023-02-21T22:22:40+00:00\",\"breadcrumb\":{\"@id\":\"https:\\\/\\\/ingesto.org.br\\\/sistema-eletronico-de-gestao-de-comunidades-terapeuticas-sisct-portaria-da-senapred\\\/#breadcrumb\"},\"inLanguage\":\"en-US\",\"potentialAction\":[{\"@type\":\"ReadAction\",\"target\":[\"https:\\\/\\\/ingesto.org.br\\\/sistema-eletronico-de-gestao-de-comunidades-terapeuticas-sisct-portaria-da-senapred\\\/\"]}]},{\"@type\":\"ImageObject\",\"inLanguage\":\"en-US\",\"@id\":\"https:\\\/\\\/ingesto.org.br\\\/sistema-eletronico-de-gestao-de-comunidades-terapeuticas-sisct-portaria-da-senapred\\\/#primaryimage\",\"url\":\"https:\\\/\\\/ingesto.org.br\\\/wp-content\\\/uploads\\\/2019\\\/11\\\/images-1.jpeg\",\"contentUrl\":\"https:\\\/\\\/ingesto.org.br\\\/wp-content\\\/uploads\\\/2019\\\/11\\\/images-1.jpeg\",\"width\":716,\"height\":428},{\"@type\":\"BreadcrumbList\",\"@id\":\"https:\\\/\\\/ingesto.org.br\\\/sistema-eletronico-de-gestao-de-comunidades-terapeuticas-sisct-portaria-da-senapred\\\/#breadcrumb\",\"itemListElement\":[{\"@type\":\"ListItem\",\"position\":1,\"name\":\"In\u00edcio\",\"item\":\"https:\\\/\\\/ingesto.org.br\\\/\"},{\"@type\":\"ListItem\",\"position\":2,\"name\":\"Sistema Eletr\u00f4nico de Gest\u00e3o de Comunidades Terap\u00eauticas &#8211; SISCT &#8211; portaria da Senapred\"}]},{\"@type\":\"WebSite\",\"@id\":\"http:\\\/\\\/ingesto.org.br\\\/en\\\/#website\",\"url\":\"http:\\\/\\\/ingesto.org.br\\\/en\\\/\",\"name\":\"Instituto\",\"description\":\"Instituto para Gest\u00e3o do Terceiro Setor\",\"publisher\":{\"@id\":\"http:\\\/\\\/ingesto.org.br\\\/en\\\/#organization\"},\"alternateName\":\"Ingesto\",\"potentialAction\":[{\"@type\":\"SearchAction\",\"target\":{\"@type\":\"EntryPoint\",\"urlTemplate\":\"http:\\\/\\\/ingesto.org.br\\\/en\\\/?s={search_term_string}\"},\"query-input\":{\"@type\":\"PropertyValueSpecification\",\"valueRequired\":true,\"valueName\":\"search_term_string\"}}],\"inLanguage\":\"en-US\"},{\"@type\":\"Organization\",\"@id\":\"http:\\\/\\\/ingesto.org.br\\\/en\\\/#organization\",\"name\":\"Ingesto\",\"url\":\"http:\\\/\\\/ingesto.org.br\\\/en\\\/\",\"logo\":{\"@type\":\"ImageObject\",\"inLanguage\":\"en-US\",\"@id\":\"http:\\\/\\\/ingesto.org.br\\\/en\\\/#\\\/schema\\\/logo\\\/image\\\/\",\"url\":\"https:\\\/\\\/ingesto.org.br\\\/wp-content\\\/uploads\\\/2020\\\/11\\\/cropped-cropped-icone.png\",\"contentUrl\":\"https:\\\/\\\/ingesto.org.br\\\/wp-content\\\/uploads\\\/2020\\\/11\\\/cropped-cropped-icone.png\",\"width\":512,\"height\":512,\"caption\":\"Ingesto\"},\"image\":{\"@id\":\"http:\\\/\\\/ingesto.org.br\\\/en\\\/#\\\/schema\\\/logo\\\/image\\\/\"},\"sameAs\":[\"https:\\\/\\\/www.facebook.com\\\/institutoingesto\",\"https:\\\/\\\/x.com\\\/Ingestos\",\"https:\\\/\\\/www.instagram.com\\\/institutoingesto\\\/\",\"https:\\\/\\\/www.youtube.com\\\/@institutoingesto\",\"https:\\\/\\\/www.linkedin.com\\\/in\\\/instituto-ingesto\"]},{\"@type\":\"Person\",\"@id\":\"http:\\\/\\\/ingesto.org.br\\\/en\\\/#\\\/schema\\\/person\\\/b6b24d64bb11f377f79f5f35b9c466dc\",\"name\":\"Ingesto\",\"image\":{\"@type\":\"ImageObject\",\"inLanguage\":\"en-US\",\"@id\":\"https:\\\/\\\/ingesto.org.br\\\/wp-content\\\/litespeed\\\/avatar\\\/4d7201aed9dddada281d8ce59ea56991.jpg?ver=1777502375\",\"url\":\"https:\\\/\\\/ingesto.org.br\\\/wp-content\\\/litespeed\\\/avatar\\\/4d7201aed9dddada281d8ce59ea56991.jpg?ver=1777502375\",\"contentUrl\":\"https:\\\/\\\/ingesto.org.br\\\/wp-content\\\/litespeed\\\/avatar\\\/4d7201aed9dddada281d8ce59ea56991.jpg?ver=1777502375\",\"caption\":\"Ingesto\"},\"sameAs\":[\"http:\\\/\\\/ingesto.org.br\"],\"url\":\"https:\\\/\\\/ingesto.org.br\\\/en\\\/author\\\/instituto-ingesto\\\/\"}]}<\/script>\n<!-- \/ Yoast SEO plugin. -->","yoast_head_json":{"title":"Sistema Eletr\u00f4nico de Gest\u00e3o de Comunidades Terap\u00eauticas - SISCT - portaria da Senapred - Ingesto","robots":{"index":"index","follow":"follow","max-snippet":"max-snippet:-1","max-image-preview":"max-image-preview:large","max-video-preview":"max-video-preview:-1"},"canonical":"https:\/\/ingesto.org.br\/en\/sistema-eletronico-de-gestao-de-comunidades-terapeuticas-sisct-portaria-da-senapred\/","og_locale":"en_US","og_type":"article","og_title":"Sistema Eletr\u00f4nico de Gest\u00e3o de Comunidades Terap\u00eauticas - SISCT - portaria da Senapred - Ingesto","og_description":"Procedimento para o uso do Sistema Eletr\u00f4nico de Gest\u00e3o de Comunidades Terap\u00eauticas - SISCT - portaria da Senapred","og_url":"https:\/\/ingesto.org.br\/en\/sistema-eletronico-de-gestao-de-comunidades-terapeuticas-sisct-portaria-da-senapred\/","og_site_name":"Ingesto","article_publisher":"https:\/\/www.facebook.com\/institutoingesto","article_published_time":"2019-11-19T10:14:43+00:00","article_modified_time":"2023-02-21T22:22:40+00:00","og_image":[{"width":716,"height":428,"url":"https:\/\/ingesto.org.br\/wp-content\/uploads\/2019\/11\/images-1.jpeg","type":"image\/jpeg"}],"author":"Ingesto","twitter_card":"summary_large_image","twitter_creator":"@Ingestos","twitter_site":"@Ingestos","twitter_misc":{"Written by":"Ingesto","Est. reading time":"19 minutes"},"schema":{"@context":"https:\/\/schema.org","@graph":[{"@type":"Article","@id":"https:\/\/ingesto.org.br\/sistema-eletronico-de-gestao-de-comunidades-terapeuticas-sisct-portaria-da-senapred\/#article","isPartOf":{"@id":"https:\/\/ingesto.org.br\/sistema-eletronico-de-gestao-de-comunidades-terapeuticas-sisct-portaria-da-senapred\/"},"author":{"name":"Ingesto","@id":"http:\/\/ingesto.org.br\/en\/#\/schema\/person\/b6b24d64bb11f377f79f5f35b9c466dc"},"headline":"Sistema Eletr\u00f4nico de Gest\u00e3o de Comunidades Terap\u00eauticas &#8211; SISCT &#8211; portaria da Senapred","datePublished":"2019-11-19T10:14:43+00:00","dateModified":"2023-02-21T22:22:40+00:00","mainEntityOfPage":{"@id":"https:\/\/ingesto.org.br\/sistema-eletronico-de-gestao-de-comunidades-terapeuticas-sisct-portaria-da-senapred\/"},"wordCount":3821,"publisher":{"@id":"http:\/\/ingesto.org.br\/en\/#organization"},"image":{"@id":"https:\/\/ingesto.org.br\/sistema-eletronico-de-gestao-de-comunidades-terapeuticas-sisct-portaria-da-senapred\/#primaryimage"},"thumbnailUrl":"https:\/\/ingesto.org.br\/wp-content\/uploads\/2019\/11\/images-1.jpeg","keywords":["comunidades terap\u00eauticas","drogas","Minist\u00e9rio da Cidadania","Minist\u00e9rio da Justi\u00e7a","pol\u00edtica","SENAD","SENAPRED"],"articleSection":["Legisla\u00e7\u00e3o"],"inLanguage":"en-US"},{"@type":"WebPage","@id":"https:\/\/ingesto.org.br\/sistema-eletronico-de-gestao-de-comunidades-terapeuticas-sisct-portaria-da-senapred\/","url":"https:\/\/ingesto.org.br\/sistema-eletronico-de-gestao-de-comunidades-terapeuticas-sisct-portaria-da-senapred\/","name":"Sistema Eletr\u00f4nico de Gest\u00e3o de Comunidades Terap\u00eauticas - SISCT - portaria da Senapred - Ingesto","isPartOf":{"@id":"http:\/\/ingesto.org.br\/en\/#website"},"primaryImageOfPage":{"@id":"https:\/\/ingesto.org.br\/sistema-eletronico-de-gestao-de-comunidades-terapeuticas-sisct-portaria-da-senapred\/#primaryimage"},"image":{"@id":"https:\/\/ingesto.org.br\/sistema-eletronico-de-gestao-de-comunidades-terapeuticas-sisct-portaria-da-senapred\/#primaryimage"},"thumbnailUrl":"https:\/\/ingesto.org.br\/wp-content\/uploads\/2019\/11\/images-1.jpeg","datePublished":"2019-11-19T10:14:43+00:00","dateModified":"2023-02-21T22:22:40+00:00","breadcrumb":{"@id":"https:\/\/ingesto.org.br\/sistema-eletronico-de-gestao-de-comunidades-terapeuticas-sisct-portaria-da-senapred\/#breadcrumb"},"inLanguage":"en-US","potentialAction":[{"@type":"ReadAction","target":["https:\/\/ingesto.org.br\/sistema-eletronico-de-gestao-de-comunidades-terapeuticas-sisct-portaria-da-senapred\/"]}]},{"@type":"ImageObject","inLanguage":"en-US","@id":"https:\/\/ingesto.org.br\/sistema-eletronico-de-gestao-de-comunidades-terapeuticas-sisct-portaria-da-senapred\/#primaryimage","url":"https:\/\/ingesto.org.br\/wp-content\/uploads\/2019\/11\/images-1.jpeg","contentUrl":"https:\/\/ingesto.org.br\/wp-content\/uploads\/2019\/11\/images-1.jpeg","width":716,"height":428},{"@type":"BreadcrumbList","@id":"https:\/\/ingesto.org.br\/sistema-eletronico-de-gestao-de-comunidades-terapeuticas-sisct-portaria-da-senapred\/#breadcrumb","itemListElement":[{"@type":"ListItem","position":1,"name":"In\u00edcio","item":"https:\/\/ingesto.org.br\/"},{"@type":"ListItem","position":2,"name":"Sistema Eletr\u00f4nico de Gest\u00e3o de Comunidades Terap\u00eauticas &#8211; SISCT &#8211; portaria da Senapred"}]},{"@type":"WebSite","@id":"http:\/\/ingesto.org.br\/en\/#website","url":"http:\/\/ingesto.org.br\/en\/","name":"Institute","description":"Institute for Third Sector Management","publisher":{"@id":"http:\/\/ingesto.org.br\/en\/#organization"},"alternateName":"Ingesto","potentialAction":[{"@type":"SearchAction","target":{"@type":"EntryPoint","urlTemplate":"http:\/\/ingesto.org.br\/en\/?s={search_term_string}"},"query-input":{"@type":"PropertyValueSpecification","valueRequired":true,"valueName":"search_term_string"}}],"inLanguage":"en-US"},{"@type":"Organization","@id":"http:\/\/ingesto.org.br\/en\/#organization","name":"Ingesto","url":"http:\/\/ingesto.org.br\/en\/","logo":{"@type":"ImageObject","inLanguage":"en-US","@id":"http:\/\/ingesto.org.br\/en\/#\/schema\/logo\/image\/","url":"https:\/\/ingesto.org.br\/wp-content\/uploads\/2020\/11\/cropped-cropped-icone.png","contentUrl":"https:\/\/ingesto.org.br\/wp-content\/uploads\/2020\/11\/cropped-cropped-icone.png","width":512,"height":512,"caption":"Ingesto"},"image":{"@id":"http:\/\/ingesto.org.br\/en\/#\/schema\/logo\/image\/"},"sameAs":["https:\/\/www.facebook.com\/institutoingesto","https:\/\/x.com\/Ingestos","https:\/\/www.instagram.com\/institutoingesto\/","https:\/\/www.youtube.com\/@institutoingesto","https:\/\/www.linkedin.com\/in\/instituto-ingesto"]},{"@type":"Person","@id":"http:\/\/ingesto.org.br\/en\/#\/schema\/person\/b6b24d64bb11f377f79f5f35b9c466dc","name":"Ingesto","image":{"@type":"ImageObject","inLanguage":"en-US","@id":"https:\/\/ingesto.org.br\/wp-content\/litespeed\/avatar\/4d7201aed9dddada281d8ce59ea56991.jpg?ver=1777502375","url":"https:\/\/ingesto.org.br\/wp-content\/litespeed\/avatar\/4d7201aed9dddada281d8ce59ea56991.jpg?ver=1777502375","contentUrl":"https:\/\/ingesto.org.br\/wp-content\/litespeed\/avatar\/4d7201aed9dddada281d8ce59ea56991.jpg?ver=1777502375","caption":"Ingesto"},"sameAs":["http:\/\/ingesto.org.br"],"url":"https:\/\/ingesto.org.br\/en\/author\/instituto-ingesto\/"}]}},"jetpack_featured_media_url":"https:\/\/ingesto.org.br\/wp-content\/uploads\/2019\/11\/images-1.jpeg","jetpack_shortlink":"https:\/\/wp.me\/peji5g-2pK","acf":[],"_links":{"self":[{"href":"https:\/\/ingesto.org.br\/en\/wp-json\/wp\/v2\/posts\/9284","targetHints":{"allow":["GET"]}}],"collection":[{"href":"https:\/\/ingesto.org.br\/en\/wp-json\/wp\/v2\/posts"}],"about":[{"href":"https:\/\/ingesto.org.br\/en\/wp-json\/wp\/v2\/types\/post"}],"author":[{"embeddable":true,"href":"https:\/\/ingesto.org.br\/en\/wp-json\/wp\/v2\/users\/1"}],"replies":[{"embeddable":true,"href":"https:\/\/ingesto.org.br\/en\/wp-json\/wp\/v2\/comments?post=9284"}],"version-history":[{"count":0,"href":"https:\/\/ingesto.org.br\/en\/wp-json\/wp\/v2\/posts\/9284\/revisions"}],"wp:featuredmedia":[{"embeddable":true,"href":"https:\/\/ingesto.org.br\/en\/wp-json\/wp\/v2\/media\/2268"}],"wp:attachment":[{"href":"https:\/\/ingesto.org.br\/en\/wp-json\/wp\/v2\/media?parent=9284"}],"wp:term":[{"taxonomy":"category","embeddable":true,"href":"https:\/\/ingesto.org.br\/en\/wp-json\/wp\/v2\/categories?post=9284"},{"taxonomy":"post_tag","embeddable":true,"href":"https:\/\/ingesto.org.br\/en\/wp-json\/wp\/v2\/tags?post=9284"}],"curies":[{"name":"wp","href":"https:\/\/api.w.org\/{rel}","templated":true}]}}