{"id":8730,"date":"2022-12-05T12:37:19","date_gmt":"2022-12-05T15:37:19","guid":{"rendered":"https:\/\/ingesto.org.br\/?p=8730"},"modified":"2022-12-05T12:44:23","modified_gmt":"2022-12-05T15:44:23","slug":"edital-internacional-para-organizacoes-do-terceiro-setor","status":"publish","type":"post","link":"https:\/\/ingesto.org.br\/en\/edital-internacional-para-organizacoes-do-terceiro-setor\/","title":{"rendered":"International Notice for Third Sector Organizations!"},"content":{"rendered":"<h5 class=\"has-text-align-center wp-block-heading\"><strong>Edital Internacional para Organiza\u00e7\u00f5es do Terceiro Setor:<\/strong> <strong>Programa de Financiamento da iniciativa internacional do clima \u2013 IKI<\/strong><\/h5>\n\n\n\n<figure class=\"wp-block-image size-large\"><img fetchpriority=\"high\" decoding=\"async\" width=\"1024\" height=\"512\" src=\"https:\/\/ingesto.org.br\/wp-content\/uploads\/2022\/12\/IKI-1-1024x512.png\" alt=\"\" class=\"wp-image-8731\" srcset=\"https:\/\/ingesto.org.br\/wp-content\/uploads\/2022\/12\/IKI-1-1024x512.png 1024w, https:\/\/ingesto.org.br\/wp-content\/uploads\/2022\/12\/IKI-1-300x150.png 300w, https:\/\/ingesto.org.br\/wp-content\/uploads\/2022\/12\/IKI-1-768x384.png 768w, https:\/\/ingesto.org.br\/wp-content\/uploads\/2022\/12\/IKI-1-1536x768.png 1536w, https:\/\/ingesto.org.br\/wp-content\/uploads\/2022\/12\/IKI-1-2048x1024.png 2048w, https:\/\/ingesto.org.br\/wp-content\/uploads\/2022\/12\/IKI-1-600x300.png 600w\" sizes=\"(max-width: 1024px) 100vw, 1024px\" \/><figcaption class=\"wp-element-caption\">Programa de Financiamento da iniciativa internacional do clima \u2013 IKI<\/figcaption><\/figure>\n\n\n\n<p><strong>Registration Date: <\/strong>Until March 15, 2023<\/p>\n\n\n\n<p><strong>Eligible: <\/strong>Only CSOs that work in: Mitigation of greenhouse gas emissions; Adapting to the impacts of climate change Conserving natural carbon sinks \/ REDD+; Conserving biological diversity.<\/p>\n\n\n\n<p><strong>Requirements: <\/strong>That have existed for more than 3 years; Have your own accountant and software-based accounting system; Average annual revenue above 330 thousand reais; The institution must be based and registered in countries that are on the DAC ODA Recipient List.<\/p>\n\n\n\n<p><strong>Link:<\/strong> <a href=\"https:\/\/iki-small-grants.de\/application\/\">https:\/\/iki-small-grants.de\/application\/<\/a><\/p>\n\n\n<div class=\"wp-block-image\">\n<figure class=\"aligncenter size-full\"><img decoding=\"async\" width=\"493\" height=\"130\" src=\"https:\/\/ingesto.org.br\/wp-content\/uploads\/2022\/12\/ikismalgrants.png\" alt=\"\" class=\"wp-image-8733\" srcset=\"https:\/\/ingesto.org.br\/wp-content\/uploads\/2022\/12\/ikismalgrants.png 493w, https:\/\/ingesto.org.br\/wp-content\/uploads\/2022\/12\/ikismalgrants-300x79.png 300w\" sizes=\"(max-width: 493px) 100vw, 493px\" \/><figcaption class=\"wp-element-caption\">https:\/\/iki-small-grants.de\/<\/figcaption><\/figure>\n<\/div>\n\n\n<p>See below the eligibility criteria. We can only consider project proposals from organizations that meet all criteria.<\/p>\n\n\n\n<h3 class=\"has-text-align-center wp-block-heading\" id=\"eligibility-criteria-concerning-the-applicant\">Eligibility criteria for candidate organizations:<\/h3>\n\n\n\n<ul class=\"wp-block-list\">\n<li>Applicant organizations must be non-profit organizations. For-profit non-governmental organizations are eligible if they pursue objectives strictly&nbsp;<strong>non-profit<\/strong>&nbsp;dentro do escopo do projeto proposto.<\/li>\n\n\n\n<li>Applicants must be based and registered in countries that are in&nbsp;<strong><a rel=\"noreferrer noopener\" href=\"https:\/\/www.oecd.org\/dac\/financing-sustainable-development\/development-finance-standards\/daclist.htm\" target=\"_blank\">List of DAC ODA Recipients<\/a><\/strong><strong>&nbsp;.&nbsp;<\/strong>Please note that proposals from countries that are official or potential candidates for EU membership are not eligible. This does not apply to Ukraine.<strong><a rel=\"noreferrer noopener\" href=\"https:\/\/www.oecd.org\/dac\/financing-sustainable-development\/development-finance-standards\/daclist.htm\" target=\"_blank\"><\/a><\/strong><\/li>\n\n\n\n<li>Organizations must be in operation for&nbsp;<strong>at least three years<\/strong>&nbsp;.<\/li>\n\n\n\n<li>Over the past three years, the organization must have had a&nbsp;<strong>average annual income<\/strong>&nbsp;of at least&nbsp;<strong>60.000<\/strong>&nbsp;and not exceeding&nbsp;<strong>500.000&nbsp;<\/strong><strong>euros<\/strong>&nbsp;.<\/li>\n\n\n\n<li>The average annual income over the last three years must be greater than (or equal to) the volume of financing requested.<\/li>\n\n\n\n<li>Average annual revenue does not exceed the maximum revenue for eligible organizations (as specified in our funding information). &nbsp;<\/li>\n\n\n\n<li>The candidate must have&nbsp;<strong>accounting staff<\/strong>&nbsp;dedicado e ter princ\u00edpios cont\u00e1beis que garantam mecanismos de controle interno e externo.<\/li>\n\n\n\n<li>The requesting organization must employ a&nbsp;<strong>software-based accounting system<\/strong>&nbsp;that meets their respective national standards. (Excel is not considered sufficient)<\/li>\n<\/ul>\n\n\n\n<h3 class=\"has-text-align-center wp-block-heading\" id=\"eligibility-criteria-concerning-the-project\"><a href=\"https:\/\/iki-small-grants.de\/application\/#_msoanchor_1\"><\/a>Crit\u00e9rios de Elegibilidade relativos ao projeto:<\/h3>\n\n\n\n<ul class=\"wp-block-list\">\n<li>Project proposals must clearly address one of the&nbsp;<strong>IKI funding areas<\/strong>&nbsp;:\n<ul class=\"wp-block-list\">\n<li>Mitigation of greenhouse gas emissions<\/li>\n\n\n\n<li>Adapting to the impacts of climate change<\/li>\n\n\n\n<li>Conserving natural carbon sinks \/ REDD+<\/li>\n\n\n\n<li>Conserving biological diversity<\/li>\n<\/ul>\n<\/li>\n\n\n\n<li>The duration of the proposed projects should be&nbsp;<strong>of at least twelve months<\/strong>&nbsp;and in&nbsp;<strong>maximum three years<\/strong>&nbsp;. Longer durations may be acceptable if properly justified.<\/li>\n\n\n\n<li>Projects must be implemented in&nbsp;<strong>local, national or regional level<\/strong>&nbsp;. Projects with a global focus cannot be funded.<\/li>\n\n\n\n<li>Projects must be carried out by the candidate organization itself. Forwarding funds to other implementing partners or beneficiaries is not permitted.<\/li>\n\n\n\n<li>The requested financing is in&nbsp;<strong>right proportion<\/strong>&nbsp;of your annual income (as specified in our financing information).<\/li>\n\n\n\n<li>The application includes&nbsp;<strong>all mandatory documents<\/strong>&nbsp;.<\/li>\n\n\n\n<li>Projects must have an initial draft of a&nbsp;<strong>capability development concept<\/strong>&nbsp;.<\/li>\n\n\n\n<li>The documents sent are&nbsp;<strong>fully filled<\/strong>&nbsp;(This includes all Excel document sheets such as Budget and GANTT Chart).<\/li>\n\n\n\n<li>You&nbsp;&nbsp;<strong>current models<\/strong>&nbsp;provided on this website have been used (refrain from reformatting or modifying to avoid unintentional errors).<\/li>\n\n\n\n<li>A proposta de projeto deve ser apresentada em&nbsp;<strong>English<\/strong>&nbsp;.<\/li>\n<\/ul>","protected":false},"excerpt":{"rendered":"<p>Edital Internacional para Organiza\u00e7\u00f5es do Terceiro Setor: Programa de Financiamento da iniciativa internacional do clima \u2013 IKI Data Inscri\u00e7\u00e3o: At\u00e9 dia 15 de mar\u00e7o de 2023 Eleg\u00edveis: S\u00f3 OSCs que atuam na: Mitiga\u00e7\u00e3o das emiss\u00f5es de gases de efeito estufa; Adaptando-se aos impactos das mudan\u00e7as clim\u00e1ticas Conservando sumidouros naturais de carbono \/ REDD+; Conservando a [&hellip;]<\/p>\n","protected":false},"author":1,"featured_media":8737,"comment_status":"closed","ping_status":"closed","sticky":true,"template":"","format":"standard","meta":{"give_campaign_id":0,"_yoast_wpseo_focuskw":"","_yoast_wpseo_title":"","_yoast_wpseo_metadesc":"","_joinchat":[],"footnotes":""},"categories":[282],"tags":[280,101,281],"class_list":["post-8730","post","type-post","status-publish","format-standard","has-post-thumbnail","hentry","category-editais","tag-chamamentos","tag-editais","tag-organizacoes-do-terceiro-setor"],"yoast_head":"<!-- This site is optimized with the Yoast SEO plugin v27.5 - https:\/\/yoast.com\/product\/yoast-seo-wordpress\/ -->\n<title>Edital Internacional para Organiza\u00e7\u00f5es do Terceiro Setor! - Ingesto<\/title>\n<meta name=\"robots\" content=\"index, follow, max-snippet:-1, max-image-preview:large, max-video-preview:-1\" \/>\n<link rel=\"canonical\" href=\"https:\/\/ingesto.org.br\/en\/edital-internacional-para-organizacoes-do-terceiro-setor\/\" \/>\n<meta property=\"og:locale\" content=\"en_US\" \/>\n<meta property=\"og:type\" content=\"article\" \/>\n<meta property=\"og:title\" content=\"Edital Internacional para Organiza\u00e7\u00f5es do Terceiro Setor! - Ingesto\" \/>\n<meta property=\"og:description\" content=\"Edital Internacional para Organiza\u00e7\u00f5es do Terceiro Setor: Programa de Financiamento da iniciativa internacional do clima \u2013 IKI Data Inscri\u00e7\u00e3o: At\u00e9 dia 15 de mar\u00e7o de 2023 Eleg\u00edveis: S\u00f3 OSCs que atuam na: Mitiga\u00e7\u00e3o das emiss\u00f5es de gases de efeito estufa; Adaptando-se aos impactos das mudan\u00e7as clim\u00e1ticas Conservando sumidouros naturais de carbono \/ REDD+; Conservando a [&hellip;]\" \/>\n<meta property=\"og:url\" content=\"https:\/\/ingesto.org.br\/en\/edital-internacional-para-organizacoes-do-terceiro-setor\/\" \/>\n<meta property=\"og:site_name\" content=\"Ingesto\" \/>\n<meta property=\"article:publisher\" content=\"https:\/\/www.facebook.com\/institutoingesto\" \/>\n<meta property=\"article:published_time\" content=\"2022-12-05T15:37:19+00:00\" \/>\n<meta property=\"article:modified_time\" content=\"2022-12-05T15:44:23+00:00\" \/>\n<meta property=\"og:image\" content=\"https:\/\/ingesto.org.br\/wp-content\/uploads\/2022\/12\/efeitoestufa.jpg\" \/>\n\t<meta property=\"og:image:width\" content=\"749\" \/>\n\t<meta property=\"og:image:height\" content=\"553\" \/>\n\t<meta property=\"og:image:type\" content=\"image\/jpeg\" \/>\n<meta name=\"author\" content=\"Ingesto\" \/>\n<meta name=\"twitter:card\" content=\"summary_large_image\" \/>\n<meta name=\"twitter:creator\" content=\"@Ingestos\" \/>\n<meta name=\"twitter:site\" content=\"@Ingestos\" \/>\n<meta name=\"twitter:label1\" content=\"Written by\" \/>\n\t<meta name=\"twitter:data1\" content=\"Ingesto\" \/>\n\t<meta name=\"twitter:label2\" content=\"Est. reading time\" \/>\n\t<meta name=\"twitter:data2\" content=\"3 minutes\" \/>\n<script type=\"application\/ld+json\" class=\"yoast-schema-graph\">{\"@context\":\"https:\\\/\\\/schema.org\",\"@graph\":[{\"@type\":\"Article\",\"@id\":\"https:\\\/\\\/ingesto.org.br\\\/edital-internacional-para-organizacoes-do-terceiro-setor\\\/#article\",\"isPartOf\":{\"@id\":\"https:\\\/\\\/ingesto.org.br\\\/edital-internacional-para-organizacoes-do-terceiro-setor\\\/\"},\"author\":{\"name\":\"Ingesto\",\"@id\":\"http:\\\/\\\/ingesto.org.br\\\/en\\\/#\\\/schema\\\/person\\\/b6b24d64bb11f377f79f5f35b9c466dc\"},\"headline\":\"Edital Internacional para Organiza\u00e7\u00f5es do Terceiro Setor!\",\"datePublished\":\"2022-12-05T15:37:19+00:00\",\"dateModified\":\"2022-12-05T15:44:23+00:00\",\"mainEntityOfPage\":{\"@id\":\"https:\\\/\\\/ingesto.org.br\\\/edital-internacional-para-organizacoes-do-terceiro-setor\\\/\"},\"wordCount\":662,\"publisher\":{\"@id\":\"http:\\\/\\\/ingesto.org.br\\\/en\\\/#organization\"},\"image\":{\"@id\":\"https:\\\/\\\/ingesto.org.br\\\/edital-internacional-para-organizacoes-do-terceiro-setor\\\/#primaryimage\"},\"thumbnailUrl\":\"https:\\\/\\\/ingesto.org.br\\\/wp-content\\\/uploads\\\/2022\\\/12\\\/efeitoestufa.jpg\",\"keywords\":[\"chamamentos\",\"editais\",\"Organiza\u00e7\u00f5es do Terceiro Setor\"],\"articleSection\":[\"Editais\"],\"inLanguage\":\"en-US\"},{\"@type\":\"WebPage\",\"@id\":\"https:\\\/\\\/ingesto.org.br\\\/edital-internacional-para-organizacoes-do-terceiro-setor\\\/\",\"url\":\"https:\\\/\\\/ingesto.org.br\\\/edital-internacional-para-organizacoes-do-terceiro-setor\\\/\",\"name\":\"Edital Internacional para Organiza\u00e7\u00f5es do Terceiro Setor! - Ingesto\",\"isPartOf\":{\"@id\":\"http:\\\/\\\/ingesto.org.br\\\/en\\\/#website\"},\"primaryImageOfPage\":{\"@id\":\"https:\\\/\\\/ingesto.org.br\\\/edital-internacional-para-organizacoes-do-terceiro-setor\\\/#primaryimage\"},\"image\":{\"@id\":\"https:\\\/\\\/ingesto.org.br\\\/edital-internacional-para-organizacoes-do-terceiro-setor\\\/#primaryimage\"},\"thumbnailUrl\":\"https:\\\/\\\/ingesto.org.br\\\/wp-content\\\/uploads\\\/2022\\\/12\\\/efeitoestufa.jpg\",\"datePublished\":\"2022-12-05T15:37:19+00:00\",\"dateModified\":\"2022-12-05T15:44:23+00:00\",\"breadcrumb\":{\"@id\":\"https:\\\/\\\/ingesto.org.br\\\/edital-internacional-para-organizacoes-do-terceiro-setor\\\/#breadcrumb\"},\"inLanguage\":\"en-US\",\"potentialAction\":[{\"@type\":\"ReadAction\",\"target\":[\"https:\\\/\\\/ingesto.org.br\\\/edital-internacional-para-organizacoes-do-terceiro-setor\\\/\"]}]},{\"@type\":\"ImageObject\",\"inLanguage\":\"en-US\",\"@id\":\"https:\\\/\\\/ingesto.org.br\\\/edital-internacional-para-organizacoes-do-terceiro-setor\\\/#primaryimage\",\"url\":\"https:\\\/\\\/ingesto.org.br\\\/wp-content\\\/uploads\\\/2022\\\/12\\\/efeitoestufa.jpg\",\"contentUrl\":\"https:\\\/\\\/ingesto.org.br\\\/wp-content\\\/uploads\\\/2022\\\/12\\\/efeitoestufa.jpg\",\"width\":749,\"height\":553},{\"@type\":\"BreadcrumbList\",\"@id\":\"https:\\\/\\\/ingesto.org.br\\\/edital-internacional-para-organizacoes-do-terceiro-setor\\\/#breadcrumb\",\"itemListElement\":[{\"@type\":\"ListItem\",\"position\":1,\"name\":\"In\u00edcio\",\"item\":\"https:\\\/\\\/ingesto.org.br\\\/\"},{\"@type\":\"ListItem\",\"position\":2,\"name\":\"Edital Internacional para Organiza\u00e7\u00f5es do Terceiro Setor!\"}]},{\"@type\":\"WebSite\",\"@id\":\"http:\\\/\\\/ingesto.org.br\\\/en\\\/#website\",\"url\":\"http:\\\/\\\/ingesto.org.br\\\/en\\\/\",\"name\":\"Instituto\",\"description\":\"Instituto para Gest\u00e3o do Terceiro Setor\",\"publisher\":{\"@id\":\"http:\\\/\\\/ingesto.org.br\\\/en\\\/#organization\"},\"alternateName\":\"Ingesto\",\"potentialAction\":[{\"@type\":\"SearchAction\",\"target\":{\"@type\":\"EntryPoint\",\"urlTemplate\":\"http:\\\/\\\/ingesto.org.br\\\/en\\\/?s={search_term_string}\"},\"query-input\":{\"@type\":\"PropertyValueSpecification\",\"valueRequired\":true,\"valueName\":\"search_term_string\"}}],\"inLanguage\":\"en-US\"},{\"@type\":\"Organization\",\"@id\":\"http:\\\/\\\/ingesto.org.br\\\/en\\\/#organization\",\"name\":\"Ingesto\",\"url\":\"http:\\\/\\\/ingesto.org.br\\\/en\\\/\",\"logo\":{\"@type\":\"ImageObject\",\"inLanguage\":\"en-US\",\"@id\":\"http:\\\/\\\/ingesto.org.br\\\/en\\\/#\\\/schema\\\/logo\\\/image\\\/\",\"url\":\"https:\\\/\\\/ingesto.org.br\\\/wp-content\\\/uploads\\\/2020\\\/11\\\/cropped-cropped-icone.png\",\"contentUrl\":\"https:\\\/\\\/ingesto.org.br\\\/wp-content\\\/uploads\\\/2020\\\/11\\\/cropped-cropped-icone.png\",\"width\":512,\"height\":512,\"caption\":\"Ingesto\"},\"image\":{\"@id\":\"http:\\\/\\\/ingesto.org.br\\\/en\\\/#\\\/schema\\\/logo\\\/image\\\/\"},\"sameAs\":[\"https:\\\/\\\/www.facebook.com\\\/institutoingesto\",\"https:\\\/\\\/x.com\\\/Ingestos\",\"https:\\\/\\\/www.instagram.com\\\/institutoingesto\\\/\",\"https:\\\/\\\/www.youtube.com\\\/@institutoingesto\",\"https:\\\/\\\/www.linkedin.com\\\/in\\\/instituto-ingesto\"]},{\"@type\":\"Person\",\"@id\":\"http:\\\/\\\/ingesto.org.br\\\/en\\\/#\\\/schema\\\/person\\\/b6b24d64bb11f377f79f5f35b9c466dc\",\"name\":\"Ingesto\",\"image\":{\"@type\":\"ImageObject\",\"inLanguage\":\"en-US\",\"@id\":\"https:\\\/\\\/ingesto.org.br\\\/wp-content\\\/litespeed\\\/avatar\\\/4d7201aed9dddada281d8ce59ea56991.jpg?ver=1777502375\",\"url\":\"https:\\\/\\\/ingesto.org.br\\\/wp-content\\\/litespeed\\\/avatar\\\/4d7201aed9dddada281d8ce59ea56991.jpg?ver=1777502375\",\"contentUrl\":\"https:\\\/\\\/ingesto.org.br\\\/wp-content\\\/litespeed\\\/avatar\\\/4d7201aed9dddada281d8ce59ea56991.jpg?ver=1777502375\",\"caption\":\"Ingesto\"},\"sameAs\":[\"http:\\\/\\\/ingesto.org.br\"],\"url\":\"https:\\\/\\\/ingesto.org.br\\\/en\\\/author\\\/instituto-ingesto\\\/\"}]}<\/script>\n<!-- \/ Yoast SEO plugin. -->","yoast_head_json":{"title":"Edital Internacional para Organiza\u00e7\u00f5es do Terceiro Setor! - Ingesto","robots":{"index":"index","follow":"follow","max-snippet":"max-snippet:-1","max-image-preview":"max-image-preview:large","max-video-preview":"max-video-preview:-1"},"canonical":"https:\/\/ingesto.org.br\/en\/edital-internacional-para-organizacoes-do-terceiro-setor\/","og_locale":"en_US","og_type":"article","og_title":"Edital Internacional para Organiza\u00e7\u00f5es do Terceiro Setor! - Ingesto","og_description":"Edital Internacional para Organiza\u00e7\u00f5es do Terceiro Setor: Programa de Financiamento da iniciativa internacional do clima \u2013 IKI Data Inscri\u00e7\u00e3o: At\u00e9 dia 15 de mar\u00e7o de 2023 Eleg\u00edveis: S\u00f3 OSCs que atuam na: Mitiga\u00e7\u00e3o das emiss\u00f5es de gases de efeito estufa; Adaptando-se aos impactos das mudan\u00e7as clim\u00e1ticas Conservando sumidouros naturais de carbono \/ REDD+; Conservando a [&hellip;]","og_url":"https:\/\/ingesto.org.br\/en\/edital-internacional-para-organizacoes-do-terceiro-setor\/","og_site_name":"Ingesto","article_publisher":"https:\/\/www.facebook.com\/institutoingesto","article_published_time":"2022-12-05T15:37:19+00:00","article_modified_time":"2022-12-05T15:44:23+00:00","og_image":[{"width":749,"height":553,"url":"https:\/\/ingesto.org.br\/wp-content\/uploads\/2022\/12\/efeitoestufa.jpg","type":"image\/jpeg"}],"author":"Ingesto","twitter_card":"summary_large_image","twitter_creator":"@Ingestos","twitter_site":"@Ingestos","twitter_misc":{"Written by":"Ingesto","Est. reading time":"3 minutes"},"schema":{"@context":"https:\/\/schema.org","@graph":[{"@type":"Article","@id":"https:\/\/ingesto.org.br\/edital-internacional-para-organizacoes-do-terceiro-setor\/#article","isPartOf":{"@id":"https:\/\/ingesto.org.br\/edital-internacional-para-organizacoes-do-terceiro-setor\/"},"author":{"name":"Ingesto","@id":"http:\/\/ingesto.org.br\/en\/#\/schema\/person\/b6b24d64bb11f377f79f5f35b9c466dc"},"headline":"Edital Internacional para Organiza\u00e7\u00f5es do Terceiro Setor!","datePublished":"2022-12-05T15:37:19+00:00","dateModified":"2022-12-05T15:44:23+00:00","mainEntityOfPage":{"@id":"https:\/\/ingesto.org.br\/edital-internacional-para-organizacoes-do-terceiro-setor\/"},"wordCount":662,"publisher":{"@id":"http:\/\/ingesto.org.br\/en\/#organization"},"image":{"@id":"https:\/\/ingesto.org.br\/edital-internacional-para-organizacoes-do-terceiro-setor\/#primaryimage"},"thumbnailUrl":"https:\/\/ingesto.org.br\/wp-content\/uploads\/2022\/12\/efeitoestufa.jpg","keywords":["chamamentos","editais","Organiza\u00e7\u00f5es do Terceiro Setor"],"articleSection":["Editais"],"inLanguage":"en-US"},{"@type":"WebPage","@id":"https:\/\/ingesto.org.br\/edital-internacional-para-organizacoes-do-terceiro-setor\/","url":"https:\/\/ingesto.org.br\/edital-internacional-para-organizacoes-do-terceiro-setor\/","name":"Edital Internacional para Organiza\u00e7\u00f5es do Terceiro Setor! - Ingesto","isPartOf":{"@id":"http:\/\/ingesto.org.br\/en\/#website"},"primaryImageOfPage":{"@id":"https:\/\/ingesto.org.br\/edital-internacional-para-organizacoes-do-terceiro-setor\/#primaryimage"},"image":{"@id":"https:\/\/ingesto.org.br\/edital-internacional-para-organizacoes-do-terceiro-setor\/#primaryimage"},"thumbnailUrl":"https:\/\/ingesto.org.br\/wp-content\/uploads\/2022\/12\/efeitoestufa.jpg","datePublished":"2022-12-05T15:37:19+00:00","dateModified":"2022-12-05T15:44:23+00:00","breadcrumb":{"@id":"https:\/\/ingesto.org.br\/edital-internacional-para-organizacoes-do-terceiro-setor\/#breadcrumb"},"inLanguage":"en-US","potentialAction":[{"@type":"ReadAction","target":["https:\/\/ingesto.org.br\/edital-internacional-para-organizacoes-do-terceiro-setor\/"]}]},{"@type":"ImageObject","inLanguage":"en-US","@id":"https:\/\/ingesto.org.br\/edital-internacional-para-organizacoes-do-terceiro-setor\/#primaryimage","url":"https:\/\/ingesto.org.br\/wp-content\/uploads\/2022\/12\/efeitoestufa.jpg","contentUrl":"https:\/\/ingesto.org.br\/wp-content\/uploads\/2022\/12\/efeitoestufa.jpg","width":749,"height":553},{"@type":"BreadcrumbList","@id":"https:\/\/ingesto.org.br\/edital-internacional-para-organizacoes-do-terceiro-setor\/#breadcrumb","itemListElement":[{"@type":"ListItem","position":1,"name":"In\u00edcio","item":"https:\/\/ingesto.org.br\/"},{"@type":"ListItem","position":2,"name":"Edital Internacional para Organiza\u00e7\u00f5es do Terceiro Setor!"}]},{"@type":"WebSite","@id":"http:\/\/ingesto.org.br\/en\/#website","url":"http:\/\/ingesto.org.br\/en\/","name":"Institute","description":"Institute for Third Sector Management","publisher":{"@id":"http:\/\/ingesto.org.br\/en\/#organization"},"alternateName":"Ingesto","potentialAction":[{"@type":"SearchAction","target":{"@type":"EntryPoint","urlTemplate":"http:\/\/ingesto.org.br\/en\/?s={search_term_string}"},"query-input":{"@type":"PropertyValueSpecification","valueRequired":true,"valueName":"search_term_string"}}],"inLanguage":"en-US"},{"@type":"Organization","@id":"http:\/\/ingesto.org.br\/en\/#organization","name":"Ingesto","url":"http:\/\/ingesto.org.br\/en\/","logo":{"@type":"ImageObject","inLanguage":"en-US","@id":"http:\/\/ingesto.org.br\/en\/#\/schema\/logo\/image\/","url":"https:\/\/ingesto.org.br\/wp-content\/uploads\/2020\/11\/cropped-cropped-icone.png","contentUrl":"https:\/\/ingesto.org.br\/wp-content\/uploads\/2020\/11\/cropped-cropped-icone.png","width":512,"height":512,"caption":"Ingesto"},"image":{"@id":"http:\/\/ingesto.org.br\/en\/#\/schema\/logo\/image\/"},"sameAs":["https:\/\/www.facebook.com\/institutoingesto","https:\/\/x.com\/Ingestos","https:\/\/www.instagram.com\/institutoingesto\/","https:\/\/www.youtube.com\/@institutoingesto","https:\/\/www.linkedin.com\/in\/instituto-ingesto"]},{"@type":"Person","@id":"http:\/\/ingesto.org.br\/en\/#\/schema\/person\/b6b24d64bb11f377f79f5f35b9c466dc","name":"Ingesto","image":{"@type":"ImageObject","inLanguage":"en-US","@id":"https:\/\/ingesto.org.br\/wp-content\/litespeed\/avatar\/4d7201aed9dddada281d8ce59ea56991.jpg?ver=1777502375","url":"https:\/\/ingesto.org.br\/wp-content\/litespeed\/avatar\/4d7201aed9dddada281d8ce59ea56991.jpg?ver=1777502375","contentUrl":"https:\/\/ingesto.org.br\/wp-content\/litespeed\/avatar\/4d7201aed9dddada281d8ce59ea56991.jpg?ver=1777502375","caption":"Ingesto"},"sameAs":["http:\/\/ingesto.org.br"],"url":"https:\/\/ingesto.org.br\/en\/author\/instituto-ingesto\/"}]}},"jetpack_featured_media_url":"https:\/\/ingesto.org.br\/wp-content\/uploads\/2022\/12\/efeitoestufa.jpg","jetpack_shortlink":"https:\/\/wp.me\/peji5g-2gO","acf":[],"_links":{"self":[{"href":"https:\/\/ingesto.org.br\/en\/wp-json\/wp\/v2\/posts\/8730","targetHints":{"allow":["GET"]}}],"collection":[{"href":"https:\/\/ingesto.org.br\/en\/wp-json\/wp\/v2\/posts"}],"about":[{"href":"https:\/\/ingesto.org.br\/en\/wp-json\/wp\/v2\/types\/post"}],"author":[{"embeddable":true,"href":"https:\/\/ingesto.org.br\/en\/wp-json\/wp\/v2\/users\/1"}],"replies":[{"embeddable":true,"href":"https:\/\/ingesto.org.br\/en\/wp-json\/wp\/v2\/comments?post=8730"}],"version-history":[{"count":0,"href":"https:\/\/ingesto.org.br\/en\/wp-json\/wp\/v2\/posts\/8730\/revisions"}],"wp:featuredmedia":[{"embeddable":true,"href":"https:\/\/ingesto.org.br\/en\/wp-json\/wp\/v2\/media\/8737"}],"wp:attachment":[{"href":"https:\/\/ingesto.org.br\/en\/wp-json\/wp\/v2\/media?parent=8730"}],"wp:term":[{"taxonomy":"category","embeddable":true,"href":"https:\/\/ingesto.org.br\/en\/wp-json\/wp\/v2\/categories?post=8730"},{"taxonomy":"post_tag","embeddable":true,"href":"https:\/\/ingesto.org.br\/en\/wp-json\/wp\/v2\/tags?post=8730"}],"curies":[{"name":"wp","href":"https:\/\/api.w.org\/{rel}","templated":true}]}}