{"id":7475,"date":"2022-12-30T11:39:20","date_gmt":"2022-12-30T14:39:20","guid":{"rendered":"https:\/\/rubenssantana.com\/?p=7475"},"modified":"2022-12-30T12:14:49","modified_gmt":"2022-12-30T15:14:49","slug":"para-o-terceiro-setor-qual-o-indice-de-credibilidade-do-governo-bolsonaro","status":"publish","type":"post","link":"https:\/\/ingesto.org.br\/en\/para-o-terceiro-setor-qual-o-indice-de-credibilidade-do-governo-bolsonaro\/","title":{"rendered":"For the Third Sector, what is the Bolsonaro Government\u2019s credibility index?"},"content":{"rendered":"\n<h1 class=\"has-text-align-center wp-block-heading\"><strong>Para o Terceiro Setor qual o \u00edndice de credibilidade do Governo Bolsonaro?<\/strong><\/h1>\n\n\n<div class=\"wp-block-image\">\n<figure class=\"aligncenter size-full is-resized\"><a href=\"https:\/\/rubenssantana.com\/wp-content\/uploads\/2022\/12\/como-conquistar-credibilidade1.jpg\"><img fetchpriority=\"high\" decoding=\"async\" src=\"https:\/\/rubenssantana.com\/wp-content\/uploads\/2022\/12\/como-conquistar-credibilidade1.jpg\" alt=\"Para o Terceiro Setor qual o \u00edndice de credibilidade do Governo Bolsonaro?\" class=\"wp-image-7501\" width=\"927\" height=\"615\"\/><\/a><figcaption class=\"wp-element-caption\">Credibilidade: atributo, qualidade, caracter\u00edstica de quem ou do que \u00e9 cr\u00edvel; confiabilidade.<\/figcaption><\/figure>\n<\/div>\n\n\n<p><strong>Autor:<\/strong><a href=\"https:\/\/rubenssantana.com\/para-o-terceiro-setor-qual-o-indice-de-credibilidade-do-governo-bolsonaro\/\"><strong> <\/strong>Rubens Santana<\/a><\/p>\n\n\n\n<p class=\"has-medium-font-size\">Ol\u00e1 pessoal, tudo bem com todos? Espero que sim. Bem, estou fechando o ano de <strong>2022 <\/strong>com a presente mat\u00e9ria: <strong>Para o Terceiro Setor qual o \u00edndice de credibilidade do Governo Bolsonaro?<\/strong> Creio que o conte\u00fado \u00e9 relevante e interessante, j\u00e1 que foi uma surpresa para mim, explicarei mais abaixo o porqu\u00ea dessa surpresa. Como estava dizendo, o conte\u00fado \u00e9 relevante pois traz, em primeira m\u00e3o, um levantamento que realizei, de todos os valores, transformados em propostas, e que foram apresentados na <strong>Plataforma Mais Brasil<\/strong> e no Sistema do <strong>SALIWEB<\/strong>.<\/p>\n\n\n<div class=\"wp-block-image\">\n<figure class=\"aligncenter size-full is-resized\"><a href=\"https:\/\/rubenssantana.com\/wp-content\/uploads\/2022\/12\/salicweb.png\" target=\"_blank\" rel=\"noreferrer noopener\"><img decoding=\"async\" src=\"https:\/\/rubenssantana.com\/wp-content\/uploads\/2022\/12\/salicweb.png\" alt=\"\" class=\"wp-image-7498\" width=\"598\" height=\"315\"\/><\/a><figcaption class=\"wp-element-caption\">Salic Web<\/figcaption><\/figure>\n<\/div>\n\n\n<p class=\"has-medium-font-size\">Cada um desses sistemas possui peculiaridades pr\u00f3prias e especificidades exclusivas, pois cada um possui finalidades bem definidas e atendem a p\u00fablicos distintos.<\/p>\n\n\n\n<h2 class=\"has-text-align-center wp-block-heading\"><strong>PLATAFORMA MAIS BRASIL<\/strong><\/h2>\n\n\n\n<p class=\"has-medium-font-size\">A&nbsp;<strong>Plataforma +Brasil<\/strong>&nbsp;constitui ferramenta integrada e centralizada, com dados abertos, destinada \u00e0 informatiza\u00e7\u00e3o e \u00e0 operacionaliza\u00e7\u00e3o das transfer\u00eancias de recursos oriundos do <strong>Or\u00e7amento Fiscal <\/strong>e da <strong>Seguridade Social da Uni\u00e3o<\/strong> a \u00f3rg\u00e3o ou entidade da administra\u00e7\u00e3o p\u00fablica estadual, distrital, municipal, direta ou indireta, cons\u00f3rcios p\u00fablicos e <strong>entidades privadas sem fins lucrativos<\/strong>, <em>(nosso caso nesse estudo)<\/em>. Todos aqueles que desejam ou precisem receber recursos do <strong>Governo Federal <\/strong>atrav\u00e9s de projetos ou propostas deveriam utilizar esse sistema para apresentar duas demandas.<\/p>\n\n\n<div class=\"wp-block-image\">\n<figure class=\"aligncenter size-large\"><a href=\"https:\/\/rubenssantana.com\/wp-content\/uploads\/2022\/12\/18052021_PlataformaBrasil.jpg\"><img decoding=\"async\" src=\"https:\/\/rubenssantana.com\/wp-content\/uploads\/2022\/12\/18052021_PlataformaBrasil-1024x548.jpg\" alt=\"\" class=\"wp-image-7484\"\/><\/a><figcaption class=\"wp-element-caption\">Plataforma Mais Brasil<\/figcaption><\/figure>\n<\/div>\n\n\n<p class=\"has-medium-font-size\">Esclare\u00e7o, no entanto que, nem todos os recursos p\u00fablicos oriundos da <strong>Uni\u00e3o <\/strong>passam pela <strong>Plataforma +Brasil<\/strong>, h\u00e1 muitas exce\u00e7\u00f5es. Assim, o levantamento realizado por mim nesse trabalho, objetiva t\u00e3o somente, expor um apanhado substancial de propostas apresentadas na referida plataforma, para demonstrar e ilustrar a teoria desenvolvida nesse texto. Ou seja, o levantamento de dados extra\u00eddo da referida plataforma e descrito nesse trabalho, n\u00e3o \u00e9 total e muito menos exaustivo.<\/p>\n\n\n\n<p class=\"has-medium-font-size\">Nosso levantamento realizado atrav\u00e9s da <strong>Plataforma +Brasil<\/strong>&nbsp;objetiva verificar a maturidade da <strong>Lei n.\u00ba 13.019\/14<\/strong>, <strong>Marco Regulat\u00f3rio das Organiza\u00e7\u00f5es da Sociedade Civil &#8211; MROSC.<\/strong> em rela\u00e7\u00e3o aos atores que lidam direta ou indiretamente com a mencionada lei. No caso, estamos falando de <strong>Financiadores<\/strong>, <em>(Congresso Nacional, atrav\u00e9s de Senadores, Deputados Federais, Comiss\u00f5es, Bancadas, editais, recursos de programa\u00e7\u00f5es ministeriais, recursos de relatoria e etc)<\/em>, bem como dos <strong>\u00d3rg\u00e3os Concedentes<\/strong>, <em>(Minist\u00e9rio, Autarquias P\u00fablicas, Funda\u00e7\u00f5es P\u00fablicas)<\/em>, e, em nosso caso, nesse apanhado, os <strong>\u00d3rg\u00e3os Convenentes<\/strong>, aqui, trataremos exclusivamente das <strong>Organiza\u00e7\u00f5es da Sociedade Civil &#8211; OSCs<\/strong>, nesse diapas\u00e3o estamos falando das <strong><em>Associa\u00e7\u00f5es, Associa\u00e7\u00f5es Religiosas, Funda\u00e7\u00f5es, OSCIPs, OSs, Sindicatos, Cooperativas<\/em><\/strong> que se enquadram no <strong>MROSC<\/strong>.<\/p>\n\n\n\n<p class=\"has-medium-font-size\">Antes de prosseguir, quero apresentar aqui a minha teoria sobre o assunto. A regulamenta\u00e7\u00e3o relacionado \u00e0s transfer\u00eancias de recursos entre o <strong>Poder P\u00fablico Federal<\/strong> e as <strong>Organiza\u00e7\u00f5es da Sociedade Civil &#8211; OSCs<\/strong>, sempre foi um assunto espinhoso por natureza, primeiro, por causa do limbo conceitual e legislativo, e por causa da falta de conhecimento dos financiadores e das pr\u00f3prias <strong>OSCs<\/strong>.<\/p>\n\n\n\n<p class=\"has-medium-font-size\">Antes de <strong>2014<\/strong>, havia v\u00e1rias legisla\u00e7\u00f5es que tratavam do assunto e do tema, o que impactava negativamente na escolha dos financiadores. Era temer\u00e1rio indicar recursos para <strong>OSCs, <\/strong>pois as legisla\u00e7\u00f5es eram pouco claras, quando n\u00e3o, confusas e conflitantes.<\/p>\n\n\n\n<p class=\"has-medium-font-size\">Havia a possibilidade de um parlamentar indicar recursos para uma <strong>OSC<\/strong> e depois ter que justificar a escolha, ou arcar com a possibilidade de uma execu\u00e7\u00e3o de qualidade duvidosa, ou mesmo de ter sua indica\u00e7\u00e3o, meio que, sendo criminalizada, pois a <strong>OSC<\/strong> n\u00e3o geria bem os recursos, ou as vezes, faziam malversa\u00e7\u00e3o dos recursos p\u00fablicos.<\/p>\n\n\n\n<p class=\"has-medium-font-size\">Isso tudo acabava impactado a escolha dos financiadores, o que, segundo meu entendimento, marginalizava as indica\u00e7\u00f5es de recursos por parte dos financiadores \u00e0s <strong>OSCs<\/strong>.<\/p>\n\n\n\n<p class=\"has-medium-font-size\">Bem, diante disso, eu vi a <strong>Lei <strong>n.\u00ba<\/strong> 13.019\/14<\/strong>, extremamente com bons olhos. Para mim, era um divisor de \u00e1guas, seria o antes, e o depois da <strong>MROSC<\/strong>. Segundo minha an\u00e1lise, haveria mais confian\u00e7a entre os<strong> Financiadores Federais <\/strong>e as <strong>OSCs<\/strong>, j\u00e1 que voc\u00ea teria, a partir daquele momento, uma legisla\u00e7\u00e3o completa, robusta, bem definida sobre o tema, e sobre as exig\u00eancias, limites e prerrogativas na transfer\u00eancia de recursos entre <strong>Poder P\u00fablico Federal<\/strong> e as <strong>Organiza\u00e7\u00f5es da Sociedade Civil<\/strong>.<\/p>\n\n\n\n<h2 class=\"has-text-align-center wp-block-heading\"><strong>MINHA TEORIA<\/strong><\/h2>\n\n\n\n<p class=\"has-medium-font-size\">Para essa an\u00e1lise eu fiz um apanhado dos valores brutos das Propostas apresentadas atrav\u00e9s da <strong>Plataforma +Brasil<\/strong>, para, e pelas <strong>Organiza\u00e7\u00f5es da Sociedade Civil<\/strong> &#8211; <strong>OSCs<\/strong>, no per\u00edodo de <strong>2015 <\/strong>at\u00e9 o final do ano de <strong>2022<\/strong>.<\/p>\n\n\n\n<p class=\"has-medium-font-size\">Assim, em um primeiro momento, pensei que eu veria atrav\u00e9s da an\u00e1lise dos n\u00fameros, no decorrer dos anos, e conseguiria verificar o <em><strong>amadurecimento <\/strong><\/em>e a <em><strong>confian\u00e7a <\/strong><\/em>dessa rela\u00e7\u00e3o, entre  <strong>financiadores <\/strong>e <strong>OSCs<\/strong>, com um a<em>cr\u00e9scimo gradativo e escalonado dessas indica\u00e7\u00f5es, transfer\u00eancias e cadastramento de propostas<\/em>.<\/p>\n\n\n\n<p class=\"has-medium-font-size\">Bem, segue abaixo o gr\u00e1fico com os valores brutos por ano de propostas apresentadas na <strong>Plataforma +Brasil<\/strong>.<\/p>\n\n\n<div class=\"wp-block-image\">\n<figure class=\"aligncenter size-large\" id=\"grafico\"><a href=\"https:\/\/rubenssantana.com\/wp-content\/uploads\/2022\/12\/Valores-Totais-de-PROPOSTAS-apresentadas-em-cada-Ano.png\"><img decoding=\"async\" src=\"https:\/\/rubenssantana.com\/wp-content\/uploads\/2022\/12\/Valores-Totais-de-PROPOSTAS-apresentadas-em-cada-Ano-1024x634.png\" alt=\"Gr\u00e1fico dos valores totais de Propostas apresentadas na Plataforma Mais Brasil dos Anos de 2015 a 2022.\" class=\"wp-image-7478\"\/><\/a><figcaption class=\"wp-element-caption\">Gr\u00e1fico dos valores totais de Propostas apresentadas na Plataforma Mais Brasil dos Anos de 2015 a 2022.<\/figcaption><\/figure>\n<\/div>\n\n\n<p class=\"has-medium-font-size\">Nos 8 anos analisados no <strong>Gr\u00e1fico <\/strong>acima temos <strong>dois per\u00edodos <\/strong>e <strong>tr\u00eas governos distintos<\/strong>. Vamos tentar explicar o contexto pol\u00edtico, social e econ\u00f4mico do gr\u00e1fico.<\/p>\n\n\n\n<h2 class=\"has-text-align-center wp-block-heading\"><strong>PRESIDENTE DILMA<\/strong><\/h2>\n\n\n\n<p class=\"has-medium-font-size\">A <strong>Presidente Dilma Rousseff<\/strong> foi eleita para o mandato de <strong>2011 <\/strong>a <strong>2016<\/strong>. Ela foi a primeira mulher eleita presidente do Brasil. Procurou dar continuidade \u00e0 pol\u00edtica de combate \u00e0 pobreza, mas seu governo apresentou dificuldades na pol\u00edtica econ\u00f4mica, enfrentando anos duros de recess\u00e3o.<\/p>\n\n\n\n<p class=\"has-medium-font-size\">Por\u00e9m, foi exatamente no governo dela que foi votada, sancionada e promulgada o <strong>MROSC<\/strong>. Um m\u00e9rito e tanto para um Governante. Por\u00e9m, no decorrer do mandato com o fortalecimento da oposi\u00e7\u00e3o, os erros na condu\u00e7\u00e3o da pol\u00edtica econ\u00f4mica e o avan\u00e7o da opera\u00e7\u00e3o Lava Jato abriram o caminho para que um processo de impeachment interrompesse seu segundo mandato.<\/p>\n\n\n\n<p class=\"has-medium-font-size\">Como presidente representante do <strong>Partido dos Trabalhadores &#8211; PT<\/strong>, tinha uma preocupa\u00e7\u00e3o acentuada com as pol\u00edticas p\u00fablicas do <strong>Terceiro Setor<\/strong>.<\/p>\n\n\n<div class=\"wp-block-image\">\n<figure class=\"aligncenter size-large is-resized\"><a href=\"https:\/\/pt.wikipedia.org\/wiki\/Dilma_Rousseff\"><img decoding=\"async\" src=\"https:\/\/rubenssantana.com\/wp-content\/uploads\/2022\/12\/Dilma_Rousseff-683x1024.jpg\" alt=\"\" class=\"wp-image-7480\" width=\"364\" height=\"546\"\/><\/a><figcaption class=\"wp-element-caption\">Foto: Roberto Stuckert Filho.<\/figcaption><\/figure>\n<\/div>\n\n\n<h2 class=\"has-text-align-center wp-block-heading\"><strong>PRESIDENTE MICHEL TEMER<\/strong><\/h2>\n\n\n\n<p class=\"has-medium-font-size\">O <strong>Presidente Michel Temer<\/strong>, <strong>2016 <\/strong>a <strong>2019<\/strong>, anteriormente vice-presidente, assumiu a presid\u00eancia com a destitui\u00e7\u00e3o da presidente <strong>Dilma Rousseff<\/strong> em <strong>2016<\/strong>. Em seu governo, adotou uma pol\u00edtica econ\u00f4mica de austeridade. Balan\u00e7ou no cargo por conta de esc\u00e2ndalos de corrup\u00e7\u00e3o, mas manteve-se at\u00e9 o final do mandato, principalmente por possuir apoio do Legislativo.<\/p>\n\n\n<div class=\"wp-block-image\">\n<figure class=\"aligncenter size-full is-resized\"><a href=\"https:\/\/pt.wikipedia.org\/wiki\/Michel_Temer\"><img loading=\"lazy\" decoding=\"async\" src=\"https:\/\/rubenssantana.com\/wp-content\/uploads\/2022\/12\/presidente-michel-temer1462936595.jpg\" alt=\"\" class=\"wp-image-7482\" width=\"704\" height=\"527\"\/><\/a><figcaption class=\"wp-element-caption\">Michel Temer ser\u00e1 o 37\u00ba presidente do Brasil<\/figcaption><\/figure>\n<\/div>\n\n\n<p class=\"has-medium-font-size\">Como representante do espectro ideol\u00f3gico conhecido como de centro, apresentou uma preocupa\u00e7\u00e3o moderada em rela\u00e7\u00e3o \u00e0s pol\u00edticas p\u00fablicas que afetam o <strong>Terceiro Setor<\/strong> e consequentemente as <strong>Organiza\u00e7\u00f5es da Sociedade Civil<\/strong>.<\/p>\n\n\n\n<p class=\"has-medium-font-size\">Como seu governo, foi considerado um <strong>mandato-tamp\u00e3o<\/strong>, somente dois anos, n\u00e3o foi poss\u00edvel perceber uma pol\u00edtica bem definida para o <strong>Terceiro Setor,<\/strong> acabou dando continuidade a nova legisla\u00e7\u00e3o que estava em vigor a partir da promulga\u00e7\u00e3o do <strong>MROSC<\/strong>.<\/p>\n\n\n\n<h2 class=\"has-text-align-center wp-block-heading\"><strong>PRESIDENTE BOLSONARO<\/strong><\/h2>\n\n\n\n<p class=\"has-medium-font-size\">Por \u00faltimo, at\u00e9 agora, em <strong>2022<\/strong>, temos o Presidente <strong>Jair Bolsonaro 2019 <\/strong>a <strong>2022<\/strong>. Sua administra\u00e7\u00e3o envolveu-se em uma&nbsp;<a href=\"https:\/\/pt.wikipedia.org\/wiki\/Controv%C3%A9rsias_envolvendo_o_governo_Jair_Bolsonaro\">s\u00e9rie de controv\u00e9rsias<\/a>&nbsp;e v\u00e1rios dos ministros que haviam sido indicados originalmente deixaram seus cargos<sup><a href=\"https:\/\/pt.wikipedia.org\/wiki\/Jair_Bolsonaro#cite_note-67\">[64]<\/a><\/sup>&nbsp;e criticaram o governo.<sup><a href=\"https:\/\/pt.wikipedia.org\/wiki\/Jair_Bolsonaro#cite_note-68\">[65]<\/a><a href=\"https:\/\/pt.wikipedia.org\/wiki\/Jair_Bolsonaro#cite_note-69\">[66]<\/a><a href=\"https:\/\/pt.wikipedia.org\/wiki\/Jair_Bolsonaro#cite_note-70\">[67]<\/a><a href=\"https:\/\/pt.wikipedia.org\/wiki\/Jair_Bolsonaro#cite_note-71\">[68]<\/a><\/sup>&nbsp;A&nbsp;<a href=\"https:\/\/pt.wikipedia.org\/wiki\/Resposta_governamental_%C3%A0_pandemia_de_COVID-19_no_Brasil#Poder_executivo\">resposta de Bolsonaro<\/a>&nbsp;\u00e0&nbsp;<a href=\"https:\/\/pt.wikipedia.org\/wiki\/Pandemia_de_COVID-19_no_Brasil\">pandemia de COVID-19 no Brasil<\/a>&nbsp;tamb\u00e9m foi reprovada em todo o&nbsp;<a href=\"https:\/\/pt.wikipedia.org\/wiki\/Espectro_pol%C3%ADtico\">espectro pol\u00edtico<\/a>&nbsp;e apontada como&nbsp;<a href=\"https:\/\/pt.wikipedia.org\/wiki\/Negacionismo_da_COVID-19#Jair_Bolsonaro\">negacionista<\/a>,<sup><a href=\"https:\/\/pt.wikipedia.org\/wiki\/Jair_Bolsonaro#cite_note-72\">[69]<\/a><a href=\"https:\/\/pt.wikipedia.org\/wiki\/Jair_Bolsonaro#cite_note-73\">[70]<\/a><\/sup>&nbsp;depois que ele minimizou os efeitos da&nbsp;<a href=\"https:\/\/pt.wikipedia.org\/wiki\/COVID-19\">doen\u00e7a<\/a>,<sup><a href=\"https:\/\/pt.wikipedia.org\/wiki\/Jair_Bolsonaro#cite_note-gripezinha-74\">[71]<\/a><a href=\"https:\/\/pt.wikipedia.org\/wiki\/Jair_Bolsonaro#cite_note-Piau%C3%AD-75\">[72]<\/a><\/sup>&nbsp;defendeu&nbsp;<a href=\"https:\/\/pt.wikipedia.org\/wiki\/Kit_Covid\">tratamentos sem efic\u00e1cia comprovada<\/a>,<sup><a href=\"https:\/\/pt.wikipedia.org\/wiki\/Jair_Bolsonaro#cite_note-76\">[73]<\/a><a href=\"https:\/\/pt.wikipedia.org\/wiki\/Jair_Bolsonaro#cite_note-77\">[74]<\/a><a href=\"https:\/\/pt.wikipedia.org\/wiki\/Jair_Bolsonaro#cite_note-78\">[75]<\/a><\/sup>&nbsp;desestimulou a&nbsp;<a href=\"https:\/\/pt.wikipedia.org\/wiki\/Vacina%C3%A7%C3%A3o_contra_a_COVID-19_no_Brasil\">vacina\u00e7\u00e3o<\/a>,<sup><a href=\"https:\/\/pt.wikipedia.org\/wiki\/Jair_Bolsonaro#cite_note-79\">[76]<\/a><a href=\"https:\/\/pt.wikipedia.org\/wiki\/Jair_Bolsonaro#cite_note-80\">[77]<\/a><\/sup>&nbsp;o uso de&nbsp;<a href=\"https:\/\/pt.wikipedia.org\/wiki\/M%C3%A1scara_de_prote%C3%A7%C3%A3o\">m\u00e1scaras de prote\u00e7\u00e3o<\/a><sup><a href=\"https:\/\/pt.wikipedia.org\/wiki\/Jair_Bolsonaro#cite_note-81\">[78]<\/a><a href=\"https:\/\/pt.wikipedia.org\/wiki\/Jair_Bolsonaro#cite_note-82\">[79]<\/a><a href=\"https:\/\/pt.wikipedia.org\/wiki\/Jair_Bolsonaro#cite_note-83\">[80]<\/a><\/sup>&nbsp;e as medidas de&nbsp;<a href=\"https:\/\/pt.wikipedia.org\/wiki\/Distanciamento_social\">distanciamento social<\/a>,<sup><a href=\"https:\/\/pt.wikipedia.org\/wiki\/Jair_Bolsonaro#cite_note-84\">[81]<\/a><a href=\"https:\/\/pt.wikipedia.org\/wiki\/Jair_Bolsonaro#cite_note-85\">[82]<\/a><a href=\"https:\/\/pt.wikipedia.org\/wiki\/Jair_Bolsonaro#cite_note-MandettaSa%C3%ADda-86\">[83]<\/a><a href=\"https:\/\/pt.wikipedia.org\/wiki\/Jair_Bolsonaro#cite_note-MinsitrosSa%C3%BAde-87\">[84]<\/a><\/sup>&nbsp;e postergou a compra de vacinas,<sup><a href=\"https:\/\/pt.wikipedia.org\/wiki\/Jair_Bolsonaro#cite_note-88\">[85]<\/a><a href=\"https:\/\/pt.wikipedia.org\/wiki\/Jair_Bolsonaro#cite_note-89\">[86]<\/a><\/sup>&nbsp;posturas que contribu\u00edram para a ocorr\u00eancia de at\u00e9 400 mil \u00f3bitos evit\u00e1veis<sup><a href=\"https:\/\/pt.wikipedia.org\/wiki\/Jair_Bolsonaro#cite_note-90\">[87]<\/a><\/sup>&nbsp;no total de&nbsp;<a href=\"https:\/\/pt.wikipedia.org\/wiki\/Pandemia_de_COVID-19_no_Brasil#Infectados_e_mortos\">mais de 600 mil mortes<\/a>&nbsp;registradas no pa\u00eds durante a pandemia.<sup><a href=\"https:\/\/pt.wikipedia.org\/wiki\/Jair_Bolsonaro#cite_note-91\">[88]<\/a><\/sup>&nbsp;Sua atua\u00e7\u00e3o durante a crise sanit\u00e1ria fez com que fosse condenado no&nbsp;<a href=\"https:\/\/pt.wikipedia.org\/wiki\/Tribunal_Permanente_dos_Povos\">Tribunal Permanente dos Povos<\/a>&nbsp;por&nbsp;<a href=\"https:\/\/pt.wikipedia.org\/wiki\/Crime_contra_a_humanidade\">crime contra a humanidade<\/a>.<sup><a href=\"https:\/\/pt.wikipedia.org\/wiki\/Jair_Bolsonaro#cite_note-92\">[89]<\/a><\/sup>&nbsp;Nas&nbsp;<a href=\"https:\/\/pt.wikipedia.org\/wiki\/Elei%C3%A7%C3%A3o_presidencial_no_Brasil_em_2022\">elei\u00e7\u00f5es de 2022<\/a>, foi derrotado no segundo turno por&nbsp;<a href=\"https:\/\/pt.wikipedia.org\/wiki\/Luiz_In%C3%A1cio_Lula_da_Silva\">Luiz In\u00e1cio Lula da Silva<\/a>&nbsp;(PT), sendo o primeiro presidente do Brasil a n\u00e3o conseguir se reeleger desde a institui\u00e7\u00e3o da reelei\u00e7\u00e3o em 1997.<sup><a href=\"https:\/\/pt.wikipedia.org\/wiki\/Jair_Bolsonaro#cite_note-93\">[90]<\/a><\/sup><\/p>\n\n\n<div class=\"wp-block-image\">\n<figure class=\"aligncenter size-full\"><a href=\"https:\/\/pt.wikipedia.org\/wiki\/Jair_Bolsonaro\"><img decoding=\"async\" src=\"https:\/\/rubenssantana.com\/wp-content\/uploads\/2022\/12\/bolsonaro.webp\" alt=\"\" class=\"wp-image-7483\"\/><\/a><figcaption class=\"wp-element-caption\">Presidente Jair Bolsonaro<\/figcaption><\/figure>\n<\/div>\n\n\n<p class=\"has-medium-font-size\">Como conservador e representante da ala ideol\u00f3gica considerada como de direita, e por outros como de extrema direita, apresentou e apresenta pouca afei\u00e7\u00e3o ao <strong>Terceiro Setor<\/strong>, demonstrando em muitos casos, certo desprezo e marginaliza\u00e7\u00e3o de grupos oriundos ou origin\u00e1rios desse setor.<\/p>\n\n\n\n<p class=\"has-medium-font-size\">Caso emblem\u00e1tico foi a rela\u00e7\u00e3o do seu governo com a legisla\u00e7\u00e3o que regula o setor cultural, mas especificamente em rela\u00e7\u00e3o \u00e0 legisla\u00e7\u00e3o de incentivo sobre o <strong>Imposto de Renda<\/strong>, <strong>Lei Rouanet<\/strong>, que \u00e9 sabedor, possui um p\u00e9 na \u00e1rea cultura, art\u00edstica e de representa\u00e7\u00e3o do <strong>Terceiro Setor<\/strong>.<\/p>\n\n\n\n<p class=\"has-medium-font-size\">Utilizou as legisla\u00e7\u00f5es do <strong>Terceiro Setor <\/strong>para incluir uma esfera com pouco relacionamento com a \u00e1rea cultural, o setor crist\u00e3o e dos evang\u00e9licos, incluindo as <strong>Associa\u00e7\u00f5es Religiosas <\/strong>como <strong>Organiza\u00e7\u00f5es da Sociedade Civil &#8211; OSCs<\/strong>.<\/p>\n\n\n\n<p class=\"has-medium-font-size\">Penso at\u00e9 ser louv\u00e1vel tal inclus\u00e3o, realmente h\u00e1 muitas organiza\u00e7\u00f5es com origem em nichos religiosos que possuem um trabalho excepcional, e, que, at\u00e9 pouco tempo atr\u00e1s, n\u00e3o possu\u00edam nenhum reconhecimento do governo federal, por exemplo: organiza\u00e7\u00f5es de origem em matriz africana, igrejas cat\u00f3licas e grupos crist\u00e3os.<\/p>\n\n\n\n<p class=\"has-medium-font-size\">Fez o mesmo na <strong>Lei Rouanet<\/strong>, incluiu organiza\u00e7\u00f5es de origem em matriz africana, igrejas cat\u00f3licas e grupos crist\u00e3os como produtoras e desenvolvedoras de produtos culturais sendo alcan\u00e7adas pelas as <strong>isen\u00e7\u00f5es fiscais<\/strong> da <strong>Uni\u00e3o<\/strong>.<\/p>\n\n\n\n<h2 class=\"has-text-align-center wp-block-heading\"><strong>An\u00e1lise Gr\u00e1fica<\/strong><\/h2>\n\n\n\n<p class=\"has-medium-font-size\">Bem, voltando a an\u00e1lise do <a href=\"http:\/\/ingesrto.org.br\/Xxxxx\/#grafico\">gr\u00e1fico <\/a>acima, vamos \u00e0s minhas considera\u00e7\u00f5es e an\u00e1lise.<\/p>\n\n\n<div class=\"wp-block-image\">\n<figure class=\"aligncenter size-full\"><a href=\"https:\/\/rubenssantana.com\/para-o-terceiro-setor-qual-o-indice-de-credibilidade-do-governo-bolsonaro\/#grafico\"><img decoding=\"async\" src=\"https:\/\/rubenssantana.com\/wp-content\/uploads\/2022\/12\/ano1.png\" alt=\"\" class=\"wp-image-7485\"\/><\/a><figcaption class=\"wp-element-caption\">Valores totais de Propostas apresentadas por OSCs de 2015 a 2018<\/figcaption><\/figure>\n<\/div>\n\n\n<p class=\"has-medium-font-size\">Seguindo a l\u00f3gica do racioc\u00ednio extra\u00eddo da minha teoria, realmente nos <strong>4 <\/strong>primeiros anos da legisla\u00e7\u00e3o, a <strong>MROSC <\/strong>ela evoluiu gradativamente, teve um pequeno decr\u00e9scimo em <strong>2016<\/strong>, saindo de<strong> 2 bilh\u00f5es e cem milh\u00f5es<\/strong> em <strong>2015 <\/strong>para <strong>1 Bilh\u00e3o e novecentos milh\u00f5es<\/strong> em <strong>2016<\/strong>, mas logo ap\u00f3s, nos anos de <strong>2017 <\/strong>e <strong>2018 <\/strong>houve um crescimento gigantesco, <strong>4 Bilh\u00f5es e oitocentos milh\u00f5es<\/strong> em <strong>2017 <\/strong>e <strong>6 Bilh\u00f5es e oitocentos milh\u00f5es<\/strong> em <strong>2018<\/strong>.<\/p>\n\n\n\n<p class=\"has-medium-font-size\">De <strong>2015 <\/strong>para <strong>2016 <\/strong>houve uma perda de &#8211; <strong>9,7%<\/strong>, no montante em valores de propostas apresentas, de <strong>2016 <\/strong>para <strong>2017 <\/strong>houve um acr\u00e9scimo de <strong>147,27% <\/strong>e de <strong>2017 <\/strong>para <strong>2018 <\/strong>houve um acr\u00e9scimo da ordem de <strong>42,79%<\/strong>.<\/p>\n\n\n\n<p class=\"has-medium-font-size\">De  <strong>2015 <\/strong>a <strong>2018 <\/strong>o <strong><span style=\"text-decoration: underline;\">&#8220;\u00edndice de confian\u00e7a&#8221;<\/span><\/strong> em termos de crescimento em porcentagem, vamos dizer assim, foi da ordem de <strong>218,82%<\/strong>, ou seja, um <em><strong>big \u00edndice de confian\u00e7a<\/strong><\/em>.<\/p>\n\n\n\n<p class=\"has-medium-font-size\">At\u00e9 aquele momento, <strong>2018<\/strong>, poder\u00edamos dizer que sim, o <strong>MROSC<\/strong> foi uma pol\u00edtica de governo implementada com pleno sucesso, pelo menos em termos de<strong> &#8220;aceita\u00e7\u00e3o&#8221;<\/strong> e de <strong>&#8220;confian\u00e7a&#8221;<\/strong>. Mesmo porque, antes da <strong>MROSC <\/strong>s\u00f3 havia um pantanal de legisla\u00e7\u00e3o com pouca ou nenhuma luz para iluminar o caminho.<\/p>\n\n\n\n<h2 class=\"has-text-align-center wp-block-heading\"><strong>GR\u00c1FICOS &#8211; VALORES E % DE PROPOSTAS APRESENTADAS POR UF<\/strong><\/h2>\n\n\n\n<div class=\"wp-block-jetpack-slideshow\" data-effect=\"slide\"><div class=\"wp-block-jetpack-slideshow_container swiper-container\"><ul class=\"wp-block-jetpack-slideshow_swiper-wrapper swiper-wrapper\"><li class=\"wp-block-jetpack-slideshow_slide swiper-slide\"><figure><img decoding=\"async\" alt=\"\" class=\"wp-block-jetpack-slideshow_image wp-image-7488\" data-id=\"7488\" src=\"https:\/\/rubenssantana.com\/wp-content\/uploads\/2022\/12\/Propostas-Ano-2015-1024x943.png\"\/><figcaption class=\"wp-block-jetpack-slideshow_caption gallery-caption\">2015 &#8211; Valores e % de Propostas Apresentadas na P+B<\/figcaption><\/figure><\/li><li class=\"wp-block-jetpack-slideshow_slide swiper-slide\"><figure><img decoding=\"async\" alt=\"\" class=\"wp-block-jetpack-slideshow_image wp-image-7489\" data-id=\"7489\" src=\"https:\/\/rubenssantana.com\/wp-content\/uploads\/2022\/12\/Propostas-Ano-2016-1024x943.png\"\/><figcaption class=\"wp-block-jetpack-slideshow_caption gallery-caption\">2016 &#8211; Valores e % de Propostas Apresentadas na P+B<\/figcaption><\/figure><\/li><li class=\"wp-block-jetpack-slideshow_slide swiper-slide\"><figure><img decoding=\"async\" alt=\"\" class=\"wp-block-jetpack-slideshow_image wp-image-7490\" data-id=\"7490\" src=\"https:\/\/rubenssantana.com\/wp-content\/uploads\/2022\/12\/Propostas-Ano-2017-1024x943.png\"\/><figcaption class=\"wp-block-jetpack-slideshow_caption gallery-caption\">2017 &#8211; Valores e % de Propostas Apresentadas na P+B<\/figcaption><\/figure><\/li><li class=\"wp-block-jetpack-slideshow_slide swiper-slide\"><figure><img decoding=\"async\" alt=\"\" class=\"wp-block-jetpack-slideshow_image wp-image-7491\" data-id=\"7491\" src=\"https:\/\/rubenssantana.com\/wp-content\/uploads\/2022\/12\/Propostas-Ano-2018-1024x943.png\"\/><figcaption class=\"wp-block-jetpack-slideshow_caption gallery-caption\">2018 &#8211; Valores e % de Propostas Apresentadas na P+B<\/figcaption><\/figure><\/li><li class=\"wp-block-jetpack-slideshow_slide swiper-slide\"><figure><img decoding=\"async\" alt=\"\" class=\"wp-block-jetpack-slideshow_image wp-image-7492\" data-id=\"7492\" src=\"https:\/\/rubenssantana.com\/wp-content\/uploads\/2022\/12\/Propostas-Ano-2019-1024x943.png\"\/><figcaption class=\"wp-block-jetpack-slideshow_caption gallery-caption\">2019 &#8211; Valores e % de Propostas Apresentadas na P+B<\/figcaption><\/figure><\/li><li class=\"wp-block-jetpack-slideshow_slide swiper-slide\"><figure><img decoding=\"async\" alt=\"\" class=\"wp-block-jetpack-slideshow_image wp-image-7493\" data-id=\"7493\" src=\"https:\/\/rubenssantana.com\/wp-content\/uploads\/2022\/12\/Propostas-Ano-2020-1024x943.png\"\/><figcaption class=\"wp-block-jetpack-slideshow_caption gallery-caption\">2020 &#8211; Valores e % de Propostas Apresentadas na P+B<\/figcaption><\/figure><\/li><li class=\"wp-block-jetpack-slideshow_slide swiper-slide\"><figure><img decoding=\"async\" alt=\"\" class=\"wp-block-jetpack-slideshow_image wp-image-7494\" data-id=\"7494\" src=\"https:\/\/rubenssantana.com\/wp-content\/uploads\/2022\/12\/Propostas-Ano-2021-1024x943.png\"\/><figcaption class=\"wp-block-jetpack-slideshow_caption gallery-caption\">2021 &#8211; Valores e % de Propostas Apresentadas na P+B<\/figcaption><\/figure><\/li><li class=\"wp-block-jetpack-slideshow_slide swiper-slide\"><figure><img decoding=\"async\" alt=\"\" class=\"wp-block-jetpack-slideshow_image wp-image-7495\" data-id=\"7495\" src=\"https:\/\/rubenssantana.com\/wp-content\/uploads\/2022\/12\/Propostas-Ano-2022-1024x943.png\"\/><figcaption class=\"wp-block-jetpack-slideshow_caption gallery-caption\">2022 &#8211; Valores e % de Propostas Apresentadas na P+B<\/figcaption><\/figure><\/li><li class=\"wp-block-jetpack-slideshow_slide swiper-slide\"><figure><img decoding=\"async\" alt=\"\" class=\"wp-block-jetpack-slideshow_image wp-image-7496\" data-id=\"7496\" src=\"https:\/\/rubenssantana.com\/wp-content\/uploads\/2022\/12\/Propostas-Todos-os-Ano-2015-a-2022--1024x943.png\"\/><figcaption class=\"wp-block-jetpack-slideshow_caption gallery-caption\">2015 a 2022 &#8211; Valores e % de Propostas Apresentadas na P+B<\/figcaption><\/figure><\/li><\/ul><a class=\"wp-block-jetpack-slideshow_button-prev swiper-button-prev swiper-button-white\" role=\"button\"><\/a><a class=\"wp-block-jetpack-slideshow_button-next swiper-button-next swiper-button-white\" role=\"button\"><\/a><a aria-label=\"Pause Slideshow\" class=\"wp-block-jetpack-slideshow_button-pause\" role=\"button\"><\/a><div class=\"wp-block-jetpack-slideshow_pagination swiper-pagination swiper-pagination-white\"><\/div><\/div><\/div>\n\n\n\n<h2 class=\"has-text-align-center wp-block-heading\"><strong>GOVERNO BOLSONARO<\/strong><\/h2>\n\n\n\n<p class=\"has-medium-font-size\">Por\u00e9m, ap\u00f3s a elei\u00e7\u00e3o e posse do <strong>Presidente Bolsonaro<\/strong> e no decorrer nos exerc\u00edcios seguintes de <strong>2019 <\/strong>a <strong>2022 <\/strong>houve, primeiro, um decr\u00e9scimo claro e substancial do humor, tanto de <strong>financiadores <\/strong>quanto do <strong>conventes<\/strong>.  <\/p>\n\n\n\n<p><\/p>\n\n\n<div class=\"wp-block-image\">\n<figure class=\"aligncenter size-full\"><a href=\"https:\/\/rubenssantana.com\/para-o-terceiro-setor-qual-o-indice-de-credibilidade-do-governo-bolsonaro\/#grafico\"><img decoding=\"async\" src=\"https:\/\/rubenssantana.com\/wp-content\/uploads\/2022\/12\/ano2.png\" alt=\"\" class=\"wp-image-7486\"\/><\/a><figcaption class=\"wp-element-caption\">Valores totais de Propostas apresentadas por OSCs de 2019 a 2022<\/figcaption><\/figure>\n<\/div>\n\n\n<p class=\"has-medium-font-size\">Bem, pelo gr\u00e1fico j\u00e1 percebemos que no<strong> Governo Bolsonaro<\/strong> os valores de Proposta apresentados na <strong>Plataforma +Brasil<\/strong> voltaram para o <strong>patamar de 2015<\/strong>, do primeiro ano efetivo de implementa\u00e7\u00e3o do <strong>Marco Regulat\u00f3rio das Organiza\u00e7\u00f5es da Sociedade Civil &#8211; MROSC<\/strong>, <strong>2015<\/strong>. Em <strong>2015 <\/strong>foram apresentados o valor de <strong>R$ 2.161.850.635,61<\/strong> e em <strong>2019 <\/strong>R$ <strong>2.289.264.272,39<\/strong>.<\/p>\n\n\n\n<p class=\"has-medium-font-size\">De <strong>2019 <\/strong>para <strong>2020<\/strong>, houve uma perda da ordem de <strong>-15,91%<\/strong>, de <strong>2020 <\/strong>para <strong>2021 <\/strong>um acr\u00e9scimo de <strong>61,15%<\/strong> e de <strong>2021 <\/strong>para <strong>2022 <\/strong>uma perda de <strong>-47,97%<\/strong>.<\/p>\n\n\n\n<p class=\"has-medium-font-size\">No computo geral da gest\u00e3o Bolsonaro, de <strong>2019 <\/strong>a <strong>2022<\/strong>, em quatro anos houve uma varia\u00e7\u00e3o em termos de <strong>&#8220;perda de confian\u00e7a&#8221;<\/strong> da ordem de <strong>-29,49%<\/strong> em rela\u00e7\u00e3o a porcentagem de propostas apresentadas na <strong>Plataforma +Brasil<\/strong>.<\/p>\n\n\n\n<p class=\"has-medium-font-size\">Dir\u00edamos que o <strong>&#8220;\u00edndice de confian\u00e7a&#8221;<\/strong> do, e no <strong>Governo Bolsonaro <\/strong>em rela\u00e7\u00e3o ao <strong>Terceiro Setor<\/strong> sofreu suspei\u00e7\u00e3o da ordem de cerca de <strong>30%<\/strong>. Para o <strong>Terceiro Setor<\/strong>, o <strong>Governo Bolsonaro<\/strong> saiu menor do que entrou.<\/p>\n\n\n\n<p class=\"has-medium-font-size\">Agora se compararmos os \u00edndices do <strong>Governo Bolsonaro <\/strong>com os dois anos da <strong>Presidente Dilma e Michel Temer, <\/strong>perceberemos que os n\u00fameros s\u00e3o mais assustadores.<\/p>\n\n\n\n<p class=\"has-medium-font-size\">Se calcularmos as somas dos valores totais de propostas apresentadas <strong>Plataforma +Brasil<\/strong> nos <strong>4 anos<\/strong> do <strong>Governo Dilma<\/strong> e <strong>Michel Temer<\/strong>, da ordem de cerca de <strong>15 Bilh\u00f5es e oitocentos milh\u00f5es<\/strong> e dos <strong>4 anos<\/strong> do <strong>Governo Bolsonaro<\/strong>, cerca de <strong>8 Bilh\u00f5es e novecentos milh\u00f5es<\/strong>, verificaremos que h\u00e1 uma diferen\u00e7a, para menos, da ordem de <strong>-43,60%<\/strong>.<\/p>\n\n\n\n<p class=\"has-medium-font-size\">Assim, podemos<strong> &#8220;afirmar&#8221;<\/strong>, <strong>&#8220;categoricamente&#8221;<\/strong>, que o <strong>Governo Bolsonaro<\/strong> foi <strong>-43,60%<\/strong> menos eficiente para o <strong>Terceiro Setor<\/strong> em seu mandato em compara\u00e7\u00e3o com os <strong>4 anos<\/strong> do <strong>Governo <\/strong>anterior.<\/p>\n\n\n\n<h2 class=\"has-text-align-center wp-block-heading\"><strong>CONCLUS\u00c3O<\/strong><\/h2>\n\n\n\n<p class=\"has-medium-font-size\">Ent\u00e3o pessoal, conclu\u00eddo essa minha an\u00e1lise, deixo aqui meus apontamentos para o exame dos senhores e para a verifica\u00e7\u00e3o das informa\u00e7\u00f5es e de interpreta\u00e7\u00e3o.<\/p>\n\n\n\n<p class=\"has-medium-font-size\">Saber como um Governo trata as suas Pol\u00edticas P\u00fablicas \u00e9 fundamental para que possamos avali\u00e1-lo. Em fun\u00e7\u00e3o disso, realizei a an\u00e1lise acima do volume de Propostas apresentadas na <strong>Plataforma +Brasil<\/strong>, nos \u00faltimos 8 anos, de 2015 a 2022, objetivando primeiro, verificar a maturidade e a aceita\u00e7\u00e3o do <strong>Marco Regulat\u00f3rio das Organiza\u00e7\u00f5es da Sociedade Civil &#8211; MROSC<\/strong> que foi promulgada em <strong>2014<\/strong> pela <strong>Presidente Dilm<\/strong>a.<\/p>\n\n\n\n<p class=\"has-medium-font-size\">Esse marco foi um divisor de \u00e1guas pois estabeleceu um sistema mais eficiente para as transfer\u00eancias de recursos da <strong>Uni\u00e3o<\/strong>, em nosso caso, para o <strong>Terceiro Setor.<\/strong><\/p>\n\n\n\n<p class=\"has-medium-font-size\">Por\u00e9m, no decorrer da an\u00e1lise percebi que a pr\u00f3pria avalia\u00e7\u00e3o poderia estabelecer um \u00edndice de aceita\u00e7\u00e3o da legisla\u00e7\u00e3o e dos Governos que a gerenciam, j\u00e1 que os gestores s\u00e3o influenciadores diretos da aceita\u00e7\u00e3o da pol\u00edtica p\u00fablica.<\/p>\n\n\n\n<p class=\"has-medium-font-size\">Com isso, conforme o volume de proposta apresentadas e as diferen\u00e7as de um ano para o outro, utilizei para estabelecer esse <strong>&#8220;\u00edndice de confian\u00e7a&#8221;<\/strong>. \u00c9 claro que esse \u00edndice n\u00e3o pode ser tratado como dado cient\u00edfico, serve t\u00e3o somente para que possamos tentar realizar uma an\u00e1lise n\u00e3o acad\u00e9mica de como os tr\u00eas governos trataram as pol\u00edticas p\u00fablicas que afetam o <strong>Terceiro Setor<\/strong>. <\/p>\n\n\n\n<p class=\"has-medium-font-size\">Todas as informa\u00e7\u00f5es disponibilizadas nesse texto foram extra\u00eddas da <strong>Plataforma +Brasil<\/strong>, e est\u00e3o dispon\u00edveis para qualquer pessoa acessar nesse <span style=\"text-decoration: underline;\"><a href=\"https:\/\/idp.plataformamaisbrasil.gov.br\/idp\/\" target=\"_blank\" rel=\"noreferrer noopener\">LINK<\/a><\/span>, na aba: <strong>&#8220;Acesso Livre&#8221;<\/strong>.<\/p>\n\n\n\n<p class=\"has-medium-font-size\">No pr\u00f3ximo artigo, farei a mesma an\u00e1lise, mas sobre os conte\u00fados dos \u00faltimos <strong>8 anos<\/strong> da <strong>Plataforma SALICWEB <\/strong>que apresenta todas as propostas, bem como todas as capta\u00e7\u00f5es, nome dos financiadores e valores aportados em cada uma das propostas apresentadas na <strong>Lei Roaunet<\/strong> no per\u00edodo.<\/p>\n","protected":false},"excerpt":{"rendered":"<p>For the Third Sector, what is the Bolsonaro Government\u2019s credibility index?<\/p>","protected":false},"author":1,"featured_media":9750,"comment_status":"closed","ping_status":"closed","sticky":true,"template":"","format":"standard","meta":{"give_campaign_id":0,"_yoast_wpseo_focuskw":"\u00cdndice de Credibilidade do Governo Bolsonaro","_yoast_wpseo_title":"","_yoast_wpseo_metadesc":"Saber o \u00edndice de credibilidade do Governo Bolsonaro quanto ao tratamento das suas Pol\u00edticas P\u00fablicas \u00e9 fundamental para sua avalia\u00e7\u00e3o.","_joinchat":[],"footnotes":""},"categories":[461],"tags":[947,1165,251,474,257,272,182],"class_list":["post-7475","post","type-post","status-publish","format-standard","has-post-thumbnail","hentry","category-artigo","tag-confianca","tag-credibilidade","tag-ongs","tag-organizacoes-da-sociedade-civil","tag-plataforma-mais-brasil","tag-siconv","tag-terceiro-setor"],"yoast_head":"<!-- This site is optimized with the Yoast SEO plugin v27.5 - https:\/\/yoast.com\/product\/yoast-seo-wordpress\/ -->\n<title>Para o Terceiro Setor qual o \u00edndice de credibilidade do Governo Bolsonaro? - Ingesto<\/title>\n<meta name=\"description\" content=\"Saber o \u00edndice de credibilidade do Governo Bolsonaro quanto ao tratamento das suas Pol\u00edticas P\u00fablicas \u00e9 fundamental para sua avalia\u00e7\u00e3o.\" \/>\n<meta name=\"robots\" content=\"index, follow, max-snippet:-1, max-image-preview:large, max-video-preview:-1\" \/>\n<link rel=\"canonical\" href=\"https:\/\/ingesto.org.br\/en\/para-o-terceiro-setor-qual-o-indice-de-credibilidade-do-governo-bolsonaro\/\" \/>\n<meta property=\"og:locale\" content=\"en_US\" \/>\n<meta property=\"og:type\" content=\"article\" \/>\n<meta property=\"og:title\" content=\"Para o Terceiro Setor qual o \u00edndice de credibilidade do Governo Bolsonaro? - Ingesto\" \/>\n<meta property=\"og:description\" content=\"Saber o \u00edndice de credibilidade do Governo Bolsonaro quanto ao tratamento das suas Pol\u00edticas P\u00fablicas \u00e9 fundamental para sua avalia\u00e7\u00e3o.\" \/>\n<meta property=\"og:url\" content=\"https:\/\/ingesto.org.br\/en\/para-o-terceiro-setor-qual-o-indice-de-credibilidade-do-governo-bolsonaro\/\" \/>\n<meta property=\"og:site_name\" content=\"Ingesto\" \/>\n<meta property=\"article:publisher\" content=\"https:\/\/www.facebook.com\/institutoingesto\" \/>\n<meta property=\"article:published_time\" content=\"2022-12-30T14:39:20+00:00\" \/>\n<meta property=\"article:modified_time\" content=\"2022-12-30T15:14:49+00:00\" \/>\n<meta property=\"og:image\" content=\"https:\/\/ingesto.org.br\/wp-content\/uploads\/2022\/12\/Indice-de-Confianca.png\" \/>\n\t<meta property=\"og:image:width\" content=\"692\" \/>\n\t<meta property=\"og:image:height\" content=\"346\" \/>\n\t<meta property=\"og:image:type\" content=\"image\/png\" \/>\n<meta name=\"author\" content=\"Ingesto\" \/>\n<meta name=\"twitter:card\" content=\"summary_large_image\" \/>\n<meta name=\"twitter:title\" content=\"Para o Terceiro Setor qual o \u00edndice de credibilidade do Governo Bolsonaro?\" \/>\n<meta name=\"twitter:description\" content=\"Saber o \u00edndice de credibilidade do Governo Bolsonaro quanto ao tratamento das suas Pol\u00edticas P\u00fablicas \u00e9 fundamental para sua avalia\u00e7\u00e3o.\" \/>\n<meta name=\"twitter:creator\" content=\"@Ingestos\" \/>\n<meta name=\"twitter:site\" content=\"@Ingestos\" \/>\n<meta name=\"twitter:label1\" content=\"Written by\" \/>\n\t<meta name=\"twitter:data1\" content=\"Ingesto\" \/>\n\t<meta name=\"twitter:label2\" content=\"Est. reading time\" \/>\n\t<meta name=\"twitter:data2\" content=\"13 minutes\" \/>\n<script type=\"application\/ld+json\" class=\"yoast-schema-graph\">{\"@context\":\"https:\\\/\\\/schema.org\",\"@graph\":[{\"@type\":\"Article\",\"@id\":\"https:\\\/\\\/ingesto.org.br\\\/para-o-terceiro-setor-qual-o-indice-de-credibilidade-do-governo-bolsonaro\\\/#article\",\"isPartOf\":{\"@id\":\"https:\\\/\\\/ingesto.org.br\\\/para-o-terceiro-setor-qual-o-indice-de-credibilidade-do-governo-bolsonaro\\\/\"},\"author\":{\"name\":\"Ingesto\",\"@id\":\"http:\\\/\\\/ingesto.org.br\\\/en\\\/#\\\/schema\\\/person\\\/b6b24d64bb11f377f79f5f35b9c466dc\"},\"headline\":\"Para o Terceiro Setor qual o \u00edndice de credibilidade do Governo Bolsonaro?\",\"datePublished\":\"2022-12-30T14:39:20+00:00\",\"dateModified\":\"2022-12-30T15:14:49+00:00\",\"mainEntityOfPage\":{\"@id\":\"https:\\\/\\\/ingesto.org.br\\\/para-o-terceiro-setor-qual-o-indice-de-credibilidade-do-governo-bolsonaro\\\/\"},\"wordCount\":2577,\"publisher\":{\"@id\":\"http:\\\/\\\/ingesto.org.br\\\/en\\\/#organization\"},\"image\":{\"@id\":\"https:\\\/\\\/ingesto.org.br\\\/para-o-terceiro-setor-qual-o-indice-de-credibilidade-do-governo-bolsonaro\\\/#primaryimage\"},\"thumbnailUrl\":\"https:\\\/\\\/ingesto.org.br\\\/wp-content\\\/uploads\\\/2022\\\/12\\\/Indice-de-Confianca.png\",\"keywords\":[\"confian\u00e7a\",\"Credibilidade\",\"ONGs\",\"Organiza\u00e7\u00f5es da Sociedade Civil\",\"Plataforma Mais Brasil\",\"SICONV\",\"terceiro setor\"],\"articleSection\":[\"Artigo\"],\"inLanguage\":\"en-US\"},{\"@type\":\"WebPage\",\"@id\":\"https:\\\/\\\/ingesto.org.br\\\/para-o-terceiro-setor-qual-o-indice-de-credibilidade-do-governo-bolsonaro\\\/\",\"url\":\"https:\\\/\\\/ingesto.org.br\\\/para-o-terceiro-setor-qual-o-indice-de-credibilidade-do-governo-bolsonaro\\\/\",\"name\":\"Para o Terceiro Setor qual o \u00edndice de credibilidade do Governo Bolsonaro? - Ingesto\",\"isPartOf\":{\"@id\":\"http:\\\/\\\/ingesto.org.br\\\/en\\\/#website\"},\"primaryImageOfPage\":{\"@id\":\"https:\\\/\\\/ingesto.org.br\\\/para-o-terceiro-setor-qual-o-indice-de-credibilidade-do-governo-bolsonaro\\\/#primaryimage\"},\"image\":{\"@id\":\"https:\\\/\\\/ingesto.org.br\\\/para-o-terceiro-setor-qual-o-indice-de-credibilidade-do-governo-bolsonaro\\\/#primaryimage\"},\"thumbnailUrl\":\"https:\\\/\\\/ingesto.org.br\\\/wp-content\\\/uploads\\\/2022\\\/12\\\/Indice-de-Confianca.png\",\"datePublished\":\"2022-12-30T14:39:20+00:00\",\"dateModified\":\"2022-12-30T15:14:49+00:00\",\"description\":\"Saber o \u00edndice de credibilidade do Governo Bolsonaro quanto ao tratamento das suas Pol\u00edticas P\u00fablicas \u00e9 fundamental para sua avalia\u00e7\u00e3o.\",\"breadcrumb\":{\"@id\":\"https:\\\/\\\/ingesto.org.br\\\/para-o-terceiro-setor-qual-o-indice-de-credibilidade-do-governo-bolsonaro\\\/#breadcrumb\"},\"inLanguage\":\"en-US\",\"potentialAction\":[{\"@type\":\"ReadAction\",\"target\":[\"https:\\\/\\\/ingesto.org.br\\\/para-o-terceiro-setor-qual-o-indice-de-credibilidade-do-governo-bolsonaro\\\/\"]}]},{\"@type\":\"ImageObject\",\"inLanguage\":\"en-US\",\"@id\":\"https:\\\/\\\/ingesto.org.br\\\/para-o-terceiro-setor-qual-o-indice-de-credibilidade-do-governo-bolsonaro\\\/#primaryimage\",\"url\":\"https:\\\/\\\/ingesto.org.br\\\/wp-content\\\/uploads\\\/2022\\\/12\\\/Indice-de-Confianca.png\",\"contentUrl\":\"https:\\\/\\\/ingesto.org.br\\\/wp-content\\\/uploads\\\/2022\\\/12\\\/Indice-de-Confianca.png\",\"width\":692,\"height\":346},{\"@type\":\"BreadcrumbList\",\"@id\":\"https:\\\/\\\/ingesto.org.br\\\/para-o-terceiro-setor-qual-o-indice-de-credibilidade-do-governo-bolsonaro\\\/#breadcrumb\",\"itemListElement\":[{\"@type\":\"ListItem\",\"position\":1,\"name\":\"In\u00edcio\",\"item\":\"https:\\\/\\\/ingesto.org.br\\\/\"},{\"@type\":\"ListItem\",\"position\":2,\"name\":\"Para o Terceiro Setor qual o \u00edndice de credibilidade do Governo Bolsonaro?\"}]},{\"@type\":\"WebSite\",\"@id\":\"http:\\\/\\\/ingesto.org.br\\\/en\\\/#website\",\"url\":\"http:\\\/\\\/ingesto.org.br\\\/en\\\/\",\"name\":\"Instituto\",\"description\":\"Instituto para Gest\u00e3o do Terceiro Setor\",\"publisher\":{\"@id\":\"http:\\\/\\\/ingesto.org.br\\\/en\\\/#organization\"},\"alternateName\":\"Ingesto\",\"potentialAction\":[{\"@type\":\"SearchAction\",\"target\":{\"@type\":\"EntryPoint\",\"urlTemplate\":\"http:\\\/\\\/ingesto.org.br\\\/en\\\/?s={search_term_string}\"},\"query-input\":{\"@type\":\"PropertyValueSpecification\",\"valueRequired\":true,\"valueName\":\"search_term_string\"}}],\"inLanguage\":\"en-US\"},{\"@type\":\"Organization\",\"@id\":\"http:\\\/\\\/ingesto.org.br\\\/en\\\/#organization\",\"name\":\"Ingesto\",\"url\":\"http:\\\/\\\/ingesto.org.br\\\/en\\\/\",\"logo\":{\"@type\":\"ImageObject\",\"inLanguage\":\"en-US\",\"@id\":\"http:\\\/\\\/ingesto.org.br\\\/en\\\/#\\\/schema\\\/logo\\\/image\\\/\",\"url\":\"https:\\\/\\\/ingesto.org.br\\\/wp-content\\\/uploads\\\/2020\\\/11\\\/cropped-cropped-icone.png\",\"contentUrl\":\"https:\\\/\\\/ingesto.org.br\\\/wp-content\\\/uploads\\\/2020\\\/11\\\/cropped-cropped-icone.png\",\"width\":512,\"height\":512,\"caption\":\"Ingesto\"},\"image\":{\"@id\":\"http:\\\/\\\/ingesto.org.br\\\/en\\\/#\\\/schema\\\/logo\\\/image\\\/\"},\"sameAs\":[\"https:\\\/\\\/www.facebook.com\\\/institutoingesto\",\"https:\\\/\\\/x.com\\\/Ingestos\",\"https:\\\/\\\/www.instagram.com\\\/institutoingesto\\\/\",\"https:\\\/\\\/www.youtube.com\\\/@institutoingesto\",\"https:\\\/\\\/www.linkedin.com\\\/in\\\/instituto-ingesto\"]},{\"@type\":\"Person\",\"@id\":\"http:\\\/\\\/ingesto.org.br\\\/en\\\/#\\\/schema\\\/person\\\/b6b24d64bb11f377f79f5f35b9c466dc\",\"name\":\"Ingesto\",\"image\":{\"@type\":\"ImageObject\",\"inLanguage\":\"en-US\",\"@id\":\"https:\\\/\\\/ingesto.org.br\\\/wp-content\\\/litespeed\\\/avatar\\\/4d7201aed9dddada281d8ce59ea56991.jpg?ver=1777502375\",\"url\":\"https:\\\/\\\/ingesto.org.br\\\/wp-content\\\/litespeed\\\/avatar\\\/4d7201aed9dddada281d8ce59ea56991.jpg?ver=1777502375\",\"contentUrl\":\"https:\\\/\\\/ingesto.org.br\\\/wp-content\\\/litespeed\\\/avatar\\\/4d7201aed9dddada281d8ce59ea56991.jpg?ver=1777502375\",\"caption\":\"Ingesto\"},\"sameAs\":[\"http:\\\/\\\/ingesto.org.br\"],\"url\":\"https:\\\/\\\/ingesto.org.br\\\/en\\\/author\\\/instituto-ingesto\\\/\"}]}<\/script>\n<!-- \/ Yoast SEO plugin. -->","yoast_head_json":{"title":"Para o Terceiro Setor qual o \u00edndice de credibilidade do Governo Bolsonaro? - Ingesto","description":"Saber o \u00edndice de credibilidade do Governo Bolsonaro quanto ao tratamento das suas Pol\u00edticas P\u00fablicas \u00e9 fundamental para sua avalia\u00e7\u00e3o.","robots":{"index":"index","follow":"follow","max-snippet":"max-snippet:-1","max-image-preview":"max-image-preview:large","max-video-preview":"max-video-preview:-1"},"canonical":"https:\/\/ingesto.org.br\/en\/para-o-terceiro-setor-qual-o-indice-de-credibilidade-do-governo-bolsonaro\/","og_locale":"en_US","og_type":"article","og_title":"Para o Terceiro Setor qual o \u00edndice de credibilidade do Governo Bolsonaro? - Ingesto","og_description":"Saber o \u00edndice de credibilidade do Governo Bolsonaro quanto ao tratamento das suas Pol\u00edticas P\u00fablicas \u00e9 fundamental para sua avalia\u00e7\u00e3o.","og_url":"https:\/\/ingesto.org.br\/en\/para-o-terceiro-setor-qual-o-indice-de-credibilidade-do-governo-bolsonaro\/","og_site_name":"Ingesto","article_publisher":"https:\/\/www.facebook.com\/institutoingesto","article_published_time":"2022-12-30T14:39:20+00:00","article_modified_time":"2022-12-30T15:14:49+00:00","og_image":[{"width":692,"height":346,"url":"https:\/\/ingesto.org.br\/wp-content\/uploads\/2022\/12\/Indice-de-Confianca.png","type":"image\/png"}],"author":"Ingesto","twitter_card":"summary_large_image","twitter_title":"Para o Terceiro Setor qual o \u00edndice de credibilidade do Governo Bolsonaro?","twitter_description":"Saber o \u00edndice de credibilidade do Governo Bolsonaro quanto ao tratamento das suas Pol\u00edticas P\u00fablicas \u00e9 fundamental para sua avalia\u00e7\u00e3o.","twitter_creator":"@Ingestos","twitter_site":"@Ingestos","twitter_misc":{"Written by":"Ingesto","Est. reading time":"13 minutes"},"schema":{"@context":"https:\/\/schema.org","@graph":[{"@type":"Article","@id":"https:\/\/ingesto.org.br\/para-o-terceiro-setor-qual-o-indice-de-credibilidade-do-governo-bolsonaro\/#article","isPartOf":{"@id":"https:\/\/ingesto.org.br\/para-o-terceiro-setor-qual-o-indice-de-credibilidade-do-governo-bolsonaro\/"},"author":{"name":"Ingesto","@id":"http:\/\/ingesto.org.br\/en\/#\/schema\/person\/b6b24d64bb11f377f79f5f35b9c466dc"},"headline":"Para o Terceiro Setor qual o \u00edndice de credibilidade do Governo Bolsonaro?","datePublished":"2022-12-30T14:39:20+00:00","dateModified":"2022-12-30T15:14:49+00:00","mainEntityOfPage":{"@id":"https:\/\/ingesto.org.br\/para-o-terceiro-setor-qual-o-indice-de-credibilidade-do-governo-bolsonaro\/"},"wordCount":2577,"publisher":{"@id":"http:\/\/ingesto.org.br\/en\/#organization"},"image":{"@id":"https:\/\/ingesto.org.br\/para-o-terceiro-setor-qual-o-indice-de-credibilidade-do-governo-bolsonaro\/#primaryimage"},"thumbnailUrl":"https:\/\/ingesto.org.br\/wp-content\/uploads\/2022\/12\/Indice-de-Confianca.png","keywords":["confian\u00e7a","Credibilidade","ONGs","Organiza\u00e7\u00f5es da Sociedade Civil","Plataforma Mais Brasil","SICONV","terceiro setor"],"articleSection":["Artigo"],"inLanguage":"en-US"},{"@type":"WebPage","@id":"https:\/\/ingesto.org.br\/para-o-terceiro-setor-qual-o-indice-de-credibilidade-do-governo-bolsonaro\/","url":"https:\/\/ingesto.org.br\/para-o-terceiro-setor-qual-o-indice-de-credibilidade-do-governo-bolsonaro\/","name":"Para o Terceiro Setor qual o \u00edndice de credibilidade do Governo Bolsonaro? - Ingesto","isPartOf":{"@id":"http:\/\/ingesto.org.br\/en\/#website"},"primaryImageOfPage":{"@id":"https:\/\/ingesto.org.br\/para-o-terceiro-setor-qual-o-indice-de-credibilidade-do-governo-bolsonaro\/#primaryimage"},"image":{"@id":"https:\/\/ingesto.org.br\/para-o-terceiro-setor-qual-o-indice-de-credibilidade-do-governo-bolsonaro\/#primaryimage"},"thumbnailUrl":"https:\/\/ingesto.org.br\/wp-content\/uploads\/2022\/12\/Indice-de-Confianca.png","datePublished":"2022-12-30T14:39:20+00:00","dateModified":"2022-12-30T15:14:49+00:00","description":"Saber o \u00edndice de credibilidade do Governo Bolsonaro quanto ao tratamento das suas Pol\u00edticas P\u00fablicas \u00e9 fundamental para sua avalia\u00e7\u00e3o.","breadcrumb":{"@id":"https:\/\/ingesto.org.br\/para-o-terceiro-setor-qual-o-indice-de-credibilidade-do-governo-bolsonaro\/#breadcrumb"},"inLanguage":"en-US","potentialAction":[{"@type":"ReadAction","target":["https:\/\/ingesto.org.br\/para-o-terceiro-setor-qual-o-indice-de-credibilidade-do-governo-bolsonaro\/"]}]},{"@type":"ImageObject","inLanguage":"en-US","@id":"https:\/\/ingesto.org.br\/para-o-terceiro-setor-qual-o-indice-de-credibilidade-do-governo-bolsonaro\/#primaryimage","url":"https:\/\/ingesto.org.br\/wp-content\/uploads\/2022\/12\/Indice-de-Confianca.png","contentUrl":"https:\/\/ingesto.org.br\/wp-content\/uploads\/2022\/12\/Indice-de-Confianca.png","width":692,"height":346},{"@type":"BreadcrumbList","@id":"https:\/\/ingesto.org.br\/para-o-terceiro-setor-qual-o-indice-de-credibilidade-do-governo-bolsonaro\/#breadcrumb","itemListElement":[{"@type":"ListItem","position":1,"name":"In\u00edcio","item":"https:\/\/ingesto.org.br\/"},{"@type":"ListItem","position":2,"name":"Para o Terceiro Setor qual o \u00edndice de credibilidade do Governo Bolsonaro?"}]},{"@type":"WebSite","@id":"http:\/\/ingesto.org.br\/en\/#website","url":"http:\/\/ingesto.org.br\/en\/","name":"Institute","description":"Institute for Third Sector Management","publisher":{"@id":"http:\/\/ingesto.org.br\/en\/#organization"},"alternateName":"Ingesto","potentialAction":[{"@type":"SearchAction","target":{"@type":"EntryPoint","urlTemplate":"http:\/\/ingesto.org.br\/en\/?s={search_term_string}"},"query-input":{"@type":"PropertyValueSpecification","valueRequired":true,"valueName":"search_term_string"}}],"inLanguage":"en-US"},{"@type":"Organization","@id":"http:\/\/ingesto.org.br\/en\/#organization","name":"Ingesto","url":"http:\/\/ingesto.org.br\/en\/","logo":{"@type":"ImageObject","inLanguage":"en-US","@id":"http:\/\/ingesto.org.br\/en\/#\/schema\/logo\/image\/","url":"https:\/\/ingesto.org.br\/wp-content\/uploads\/2020\/11\/cropped-cropped-icone.png","contentUrl":"https:\/\/ingesto.org.br\/wp-content\/uploads\/2020\/11\/cropped-cropped-icone.png","width":512,"height":512,"caption":"Ingesto"},"image":{"@id":"http:\/\/ingesto.org.br\/en\/#\/schema\/logo\/image\/"},"sameAs":["https:\/\/www.facebook.com\/institutoingesto","https:\/\/x.com\/Ingestos","https:\/\/www.instagram.com\/institutoingesto\/","https:\/\/www.youtube.com\/@institutoingesto","https:\/\/www.linkedin.com\/in\/instituto-ingesto"]},{"@type":"Person","@id":"http:\/\/ingesto.org.br\/en\/#\/schema\/person\/b6b24d64bb11f377f79f5f35b9c466dc","name":"Ingesto","image":{"@type":"ImageObject","inLanguage":"en-US","@id":"https:\/\/ingesto.org.br\/wp-content\/litespeed\/avatar\/4d7201aed9dddada281d8ce59ea56991.jpg?ver=1777502375","url":"https:\/\/ingesto.org.br\/wp-content\/litespeed\/avatar\/4d7201aed9dddada281d8ce59ea56991.jpg?ver=1777502375","contentUrl":"https:\/\/ingesto.org.br\/wp-content\/litespeed\/avatar\/4d7201aed9dddada281d8ce59ea56991.jpg?ver=1777502375","caption":"Ingesto"},"sameAs":["http:\/\/ingesto.org.br"],"url":"https:\/\/ingesto.org.br\/en\/author\/instituto-ingesto\/"}]}},"jetpack_featured_media_url":"https:\/\/ingesto.org.br\/wp-content\/uploads\/2022\/12\/Indice-de-Confianca.png","jetpack_shortlink":"https:\/\/wp.me\/peji5g-1Wz","acf":[],"_links":{"self":[{"href":"https:\/\/ingesto.org.br\/en\/wp-json\/wp\/v2\/posts\/7475","targetHints":{"allow":["GET"]}}],"collection":[{"href":"https:\/\/ingesto.org.br\/en\/wp-json\/wp\/v2\/posts"}],"about":[{"href":"https:\/\/ingesto.org.br\/en\/wp-json\/wp\/v2\/types\/post"}],"author":[{"embeddable":true,"href":"https:\/\/ingesto.org.br\/en\/wp-json\/wp\/v2\/users\/1"}],"replies":[{"embeddable":true,"href":"https:\/\/ingesto.org.br\/en\/wp-json\/wp\/v2\/comments?post=7475"}],"version-history":[{"count":0,"href":"https:\/\/ingesto.org.br\/en\/wp-json\/wp\/v2\/posts\/7475\/revisions"}],"wp:featuredmedia":[{"embeddable":true,"href":"https:\/\/ingesto.org.br\/en\/wp-json\/wp\/v2\/media\/9750"}],"wp:attachment":[{"href":"https:\/\/ingesto.org.br\/en\/wp-json\/wp\/v2\/media?parent=7475"}],"wp:term":[{"taxonomy":"category","embeddable":true,"href":"https:\/\/ingesto.org.br\/en\/wp-json\/wp\/v2\/categories?post=7475"},{"taxonomy":"post_tag","embeddable":true,"href":"https:\/\/ingesto.org.br\/en\/wp-json\/wp\/v2\/tags?post=7475"}],"curies":[{"name":"wp","href":"https:\/\/api.w.org\/{rel}","templated":true}]}}