{"id":7224,"date":"2022-10-07T17:11:41","date_gmt":"2022-10-07T20:11:41","guid":{"rendered":"https:\/\/rubenssantana.com\/?p=7224"},"modified":"2022-10-07T17:11:41","modified_gmt":"2022-10-07T20:11:41","slug":"parlamentares-que-perderam-a-eleicao-tem-direito-de-indicar-recursos-ao-orcamento","status":"publish","type":"post","link":"https:\/\/ingesto.org.br\/en\/parlamentares-que-perderam-a-eleicao-tem-direito-de-indicar-recursos-ao-orcamento\/","title":{"rendered":"Do parliamentarians who lost the election have the right to indicate resources to the budget?"},"content":{"rendered":"<p>SURVEY<\/p>\n\n\n\n<p>Can deputies and senators who lost the elections indicate resources in the General Union Budget \u2013 OGU\/2023?<\/p>\n\n\n\n<p>Below is the digital description of the video content. The text may not be completely accurate.<\/p>\n\n\n\n<h5 class=\"wp-block-heading\">\u00a0Hello everyone, everything good? Responding to the survey we did: <em>If deputies and senators who lost the election, can they indicate resources for the General Union Budget for 2023?<\/em><\/h5>\n\n\n\n<figure class=\"wp-block-image size-large\"><a href=\"https:\/\/ingesto.org.br\/wp-content\/uploads\/2022\/10\/capa.png\"><img fetchpriority=\"high\" decoding=\"async\" width=\"1024\" height=\"576\" src=\"https:\/\/ingesto.org.br\/wp-content\/uploads\/2022\/10\/capa-1024x576.png\" alt=\"\" class=\"wp-image-7225\" srcset=\"https:\/\/ingesto.org.br\/wp-content\/uploads\/2022\/10\/capa-1024x576.png 1024w, https:\/\/ingesto.org.br\/wp-content\/uploads\/2022\/10\/capa-300x169.png 300w, https:\/\/ingesto.org.br\/wp-content\/uploads\/2022\/10\/capa-768x432.png 768w, https:\/\/ingesto.org.br\/wp-content\/uploads\/2022\/10\/capa-1536x864.png 1536w, https:\/\/ingesto.org.br\/wp-content\/uploads\/2022\/10\/capa-600x338.png 600w, https:\/\/ingesto.org.br\/wp-content\/uploads\/2022\/10\/capa.png 1920w\" sizes=\"(max-width: 1024px) 100vw, 1024px\" \/><\/a><\/figure>\n\n\n\n<p>So, we are going to answer this question. First thing we need to know and understand the following. The budget is voted on in one year, for execution in the following year, then it is voted on, in one year, to be executed in the following year. It is voted on in 2021 to be executed in 2022, it is voted and approved in 2022 to be executed in 2023.<\/p>\n\n\n\n<figure class=\"wp-block-embed aligncenter is-type-video is-provider-youtube wp-block-embed-youtube wp-embed-aspect-16-9 wp-has-aspect-ratio\"><div class=\"wp-block-embed__wrapper\">\n<iframe title=\"Do parliamentarians who lost the election have the right to indicate resources to the budget?\" width=\"640\" height=\"360\" src=\"https:\/\/www.youtube.com\/embed\/w-AziQp5T68?feature=oembed\" frameborder=\"0\" allow=\"accelerometer; autoplay; clipboard-write; encrypted-media; gyroscope; picture-in-picture; web-share\" referrerpolicy=\"strict-origin-when-cross-origin\" allowfullscreen><\/iframe>\n<\/div><\/figure>\n\n\n\n<p>The budget law, the LOA, the Annual Budget Law, every year needs to have a budget law. She will establish how each indication of the budget will be given, from each of the parliamentarians, deputies and senators.<\/p>\n\n\n\n<p>So, when the deputy or senator makes the nomination, in our case, for 2023, he will do so in the process of amending the budget legislation.<\/p>\n\n\n\n<p>Ent\u00e3o o executivo, o Poder Executivo apresenta ao legislativo a proposta de gasto e de entrada de recursos e o Congresso Nacional, deputados e senadores avaliam, faz emendamentos, emendam, colocam peda\u00e7os de proposi\u00e7\u00f5es nesta legisla\u00e7\u00e3o e nesses peda\u00e7os de emendamento, de emenda, ele vai colocar: &#8211; eu quero colocar 1 milh\u00e3o na sa\u00fade, eu quero colocar 1 milh\u00e3o, 5 milh\u00f5es, 3 milh\u00f5es na assist\u00eancia social.<\/p>\n\n\n\n<p>So, the parliamentarian, Deputy, Senator, establishes what he will do with that resource to which he is entitled.<\/p>\n\n\n\n<p>This year now for 2023 the budget is 19 million and 700 thousand reais and some change, some broken, and he will say in the budget legislation that will be voted on now, now that I say, in the period between September and November of the 2022 financial year, he will establish: yes, I will send X to such and such a place, X to such and such a place, that&#039;s it.<\/p>\n\n\n\n<p>Ent\u00e3o o autor da emenda, \u00e9 aquele que diz para onde vai cada recurso. Que \u00e9 o deputado ou Senador, e nesse ano, tem deputados que v\u00e3o fazer, s\u00e3o deputados ser\u00e3o deputados at\u00e9 a entrada dos novos, dos novos deputados e senadores que venceram na elei\u00e7\u00e3o.<\/p>\n\n\n\n<p>So they are Deputies, for now they will vote on the legislation as deputies and they are the authors of these 19 million and 700 thousand reais. So these Deputies will indicate these resources to be executed in 2023 and they are the authors. So the question is: but they lost the election, how will that be?<\/p>\n\n\n\n<p>Bem, o recurso, a vota\u00e7\u00e3o da legisla\u00e7\u00e3o ocorre no anterior, ent\u00e3o no nosso caso 2022 e ela ser\u00e1 executada em 2023, eles j\u00e1 n\u00e3o ser\u00e3o mais deputados, mas aquele recurso, a autoria dele, \u00e9 desse deputados que ainda era Deputado quando eles aprovaram a legisla\u00e7\u00e3o or\u00e7ament\u00e1ria.<\/p>\n\n\n\n<figure class=\"wp-block-video wp-block-embed is-type-video is-provider-videopress\"><div class=\"wp-block-embed__wrapper\">\n<iframe title=\"VideoPress Video Player\" aria-label='VideoPress Video Player' width='640' height='480' src='https:\/\/videopress.com\/embed\/1ipMBNlH?cover=1&amp;preloadContent=metadata&amp;useAverageColor=1&amp;hd=0' frameborder='0' allowfullscreen data-resize-to-parent=\"true\" allow='clipboard-write'><\/iframe><script src='https:\/\/v0.wordpress.com\/js\/next\/videopress-iframe.js?m=1674852142'><\/script>\n<\/div><\/figure>\n\n\n\n<p>So, these 19 million and 700 thousand reais are authored, who would be, let&#039;s say, let&#039;s put it in quotation marks, the owner of that resource, is the deputy and the senator, who is no longer a deputy and senator because he lost the election. But the resource in theory is his.<\/p>\n\n\n\n<p>Ent\u00e3o a indica\u00e7\u00e3o que ele fez agora, que ele far\u00e1, ainda n\u00e3o houve a vota\u00e7\u00e3o nem aprova\u00e7\u00e3o da legisla\u00e7\u00e3o, ainda continuar\u00e1 sendo dele. Ent\u00e3o o que ele faz, ele vai, o mais inteligente que os parlamentares tem que fazer agora \u00e9 primeiro, pensar como que eles v\u00e3o distribuir esses recursos, porque, como eles n\u00e3o estar\u00e3o deputado, eles n\u00e3o t\u00eam a prerrogativa, no per\u00edodo de execu\u00e7\u00e3o, de acessar os sistemas do Poder Executivo e do Legislativo para dizer h\u00e1 aquele um milh\u00e3o que eu ia mandar para sa\u00fade, vou mandar 100 mil para o hospital tal, trezentos mil para o Hospital X.<\/p>\n\n\n\n<p>He will no longer be with the deputy to do this, so what he does he would have to have someone a professional who has access to the systems his password, so he has to change the password so that he can have access to the system and in the period of execution a person that he will pay or not, known to the other Deputy.<\/p>\n\n\n\n<p>A person he will ask to follow up on these indications for him, so he continues to be an author in theory. The executive government will pay for his resource, because the budget is mandatory, it will pay this resource for him, but he will not be in the budget execution period that starts in 2023, he will not be a deputy because he already lost the election, so the monitoring execution, it becomes a little more reckless, which is why some parliamentarians make direct appointments to the institutions.<\/p>\n\n\n\n<p>Instead of doing it generically like most parliamentarians do, a parliamentarian doesn&#039;t say that to send it to the hospital, okay, I&#039;m going to send 1 million, he doesn&#039;t do that, he puts it in healthcare and during the execution period he goes there and distributes those 5 million that he put into healthcare he distributed 1 million to Hospital A, 2 million to hospital B and so on.<\/p>\n\n\n\n<p>Como os parlamentares, eles perderam. O que eles geralmente faz, eles j\u00e1 rubricam eles j\u00e1 colocam no or\u00e7amento, na emenda o valor que vai para aquela institui\u00e7\u00e3o.<\/p>\n\n\n\n<p>So if you are a fundraiser, it is interesting for you to think about the following, what do I do at this moment, if you are going to raise funds now for the deputies who lost, it is possible, but you ask him to initial it so he can put it in the budget your institution does not leave loose.<\/p>\n\n\n\n<p>Because this way he won&#039;t need to juggle a lot with the indications during that execution period, so he already establishes in the budget: Oh 100 goes to such and such an institution, 1 million goes to such and such a hospital, 2 million goes to such and such a secretariat.<\/p>\n\n\n\n<p>Ent\u00e3o ele j\u00e1 estabelece, ele rubrica, quem vai receber o recurso. \u00c9 mais inteligente do que se deixar solto como a maioria dos parlamentares fazem, porque \u00e0s vezes h\u00e1 um acordo agora com as lideran\u00e7as no per\u00edodo de vota\u00e7\u00e3o da legisla\u00e7\u00e3o or\u00e7ament\u00e1ria, mas quando chega no per\u00edodo de execu\u00e7\u00e3o aquele acordo j\u00e1 n\u00e3o vale mais, o cara que iria trabalhar com ele j\u00e1 n\u00e3o vai trabalhar.<\/p>\n\n\n\n<p>So that&#039;s why he leaves it loose, right? It does not initialize it, it leaves it to be defined in the application modality to be defined, which is called 99 in the budgetary legislation. And then during the execution period, he simply goes there and establishes it. So I&#039;m going to send so much to that place, so much to that place so a parliamentarian, federal deputy Senator who lost the election can indicate resources for 2003 can and will indicate the difficulty is monitoring the execution.<\/p>\n\n\n\n<p>Some pay attention to this, some parliamentarians and others don&#039;t and sometimes the guy who doesn&#039;t pay attention arrives the following year thinking he has total control over budget execution and he doesn&#039;t. He didn&#039;t put a password, he no longer has access to the systems because you go to the execution system, where it says how much each resource will go to each place you will change, you will prioritize, who will be the one, who will receive it later. So he no longer has that, because he is no longer with the deputy and as a senator.<\/p>\n\n\n\n<p>Ent\u00e3o ele precisaria de algu\u00e9m que tem acesso aos sistemas, um t\u00e9cnico. E esse t\u00e9cnico que ele vai fazer isso por ele, mas ele j\u00e1 \u00e9 n\u00e3o \u00e9 mais Deputado n\u00e3o \u00e9 mais Senador. Mas ele tem autonomia de indicar o recurso, e o recurso ser executado, e, em outra contrapartida n\u00f3s temos os novos deputados e senadores que est\u00e3o entrando.<\/p>\n\n\n\n<p>And it&#039;s another interesting question: Do these new deputies and senators who will enter from 2023 have a budget? No, there isn&#039;t. So, in theory, they will spend the entire 2023 without a budget and they will vote on the next budget for 2024, so they will have the next budget for 2024, of course, the executive branch often opens up extra budgetary resources to serve these parliamentarians, new deputies and senators, but that depends a lot of each perfect government so the question of this poll is there to answer.<\/p>\n\n\n\n<p>A hug to everyone and success in your fundraising.<\/p>\n\n\n\n<div class=\"wp-block-columns is-layout-flex wp-container-core-columns-is-layout-9d6595d7 wp-block-columns-is-layout-flex\">\n<div class=\"wp-block-column is-layout-flow wp-block-column-is-layout-flow\">\n<figure class=\"wp-block-embed is-type-video is-provider-youtube wp-block-embed-youtube wp-embed-aspect-16-9 wp-has-aspect-ratio\"><div class=\"wp-block-embed__wrapper\">\n<iframe title=\"Where can I find the nominations of Federal Deputies and Senators for my Institution?:\" width=\"640\" height=\"360\" src=\"https:\/\/www.youtube.com\/embed\/G1ML8Du9bdM?feature=oembed\" frameborder=\"0\" allow=\"accelerometer; autoplay; clipboard-write; encrypted-media; gyroscope; picture-in-picture; web-share\" referrerpolicy=\"strict-origin-when-cross-origin\" allowfullscreen><\/iframe>\n<\/div><\/figure>\n<\/div>\n\n\n\n<div class=\"wp-block-column is-layout-flow wp-block-column-is-layout-flow\">\n<figure class=\"wp-block-embed is-type-video is-provider-youtube wp-block-embed-youtube wp-embed-aspect-16-9 wp-has-aspect-ratio\"><div class=\"wp-block-embed__wrapper\">\n<iframe title=\"Fundraising for Civil Society Organizations in the area of Social Assistance at OGU 2022\" width=\"640\" height=\"360\" src=\"https:\/\/www.youtube.com\/embed\/XXw_ErLqSlU?feature=oembed\" frameborder=\"0\" allow=\"accelerometer; autoplay; clipboard-write; encrypted-media; gyroscope; picture-in-picture; web-share\" referrerpolicy=\"strict-origin-when-cross-origin\" allowfullscreen><\/iframe>\n<\/div><\/figure>\n<\/div>\n<\/div>","protected":false},"excerpt":{"rendered":"<p>Find out if a Parliamentarian who lost the election has the right to indicate resources for his base.<\/p>","protected":false},"author":1,"featured_media":7228,"comment_status":"open","ping_status":"open","sticky":true,"template":"","format":"standard","meta":{"give_campaign_id":0,"_yoast_wpseo_focuskw":"","_yoast_wpseo_title":"","_yoast_wpseo_metadesc":"","_joinchat":[],"footnotes":""},"categories":[1132,687,593],"tags":[462,1154,464],"class_list":["post-7224","post","type-post","status-publish","format-standard","has-post-thumbnail","hentry","category-chamamento-publico","category-one-page","category-orcamento-geral-da-uniao-ogu","tag-orcamento","tag-parlamentar","tag-recursos"],"yoast_head":"<!-- This site is optimized with the Yoast SEO plugin v27.4 - https:\/\/yoast.com\/product\/yoast-seo-wordpress\/ -->\n<title>Parlamentares que perderam a elei\u00e7\u00e3o tem direito de indicar recursos ao or\u00e7amento? - Ingesto<\/title>\n<meta name=\"robots\" content=\"index, follow, max-snippet:-1, max-image-preview:large, max-video-preview:-1\" \/>\n<link rel=\"canonical\" href=\"https:\/\/ingesto.org.br\/en\/parlamentares-que-perderam-a-eleicao-tem-direito-de-indicar-recursos-ao-orcamento\/\" \/>\n<meta property=\"og:locale\" content=\"en_US\" \/>\n<meta property=\"og:type\" content=\"article\" \/>\n<meta property=\"og:title\" content=\"Parlamentares que perderam a elei\u00e7\u00e3o tem direito de indicar recursos ao or\u00e7amento? - Ingesto\" \/>\n<meta property=\"og:description\" content=\"Saiba se um Parlamentar que perdeu a elei\u00e7\u00e3o tem direito de indicar recursos para sua base.\" \/>\n<meta property=\"og:url\" content=\"https:\/\/ingesto.org.br\/en\/parlamentares-que-perderam-a-eleicao-tem-direito-de-indicar-recursos-ao-orcamento\/\" \/>\n<meta property=\"og:site_name\" content=\"Ingesto\" \/>\n<meta property=\"article:publisher\" content=\"https:\/\/www.facebook.com\/institutoingesto\" \/>\n<meta property=\"article:published_time\" content=\"2022-10-07T20:11:41+00:00\" \/>\n<meta property=\"og:image\" content=\"https:\/\/ingesto.org.br\/wp-content\/uploads\/2022\/10\/image-1.png\" \/>\n\t<meta property=\"og:image:width\" content=\"814\" \/>\n\t<meta property=\"og:image:height\" content=\"590\" \/>\n\t<meta property=\"og:image:type\" content=\"image\/png\" \/>\n<meta name=\"author\" content=\"Ingesto\" \/>\n<meta name=\"twitter:card\" content=\"summary_large_image\" \/>\n<meta name=\"twitter:creator\" content=\"@Ingestos\" \/>\n<meta name=\"twitter:site\" content=\"@Ingestos\" \/>\n<meta name=\"twitter:label1\" content=\"Written by\" \/>\n\t<meta name=\"twitter:data1\" content=\"Ingesto\" \/>\n\t<meta name=\"twitter:label2\" content=\"Est. reading time\" \/>\n\t<meta name=\"twitter:data2\" content=\"8 minutes\" \/>\n<script type=\"application\/ld+json\" class=\"yoast-schema-graph\">{\"@context\":\"https:\\\/\\\/schema.org\",\"@graph\":[{\"@type\":\"Article\",\"@id\":\"https:\\\/\\\/ingesto.org.br\\\/parlamentares-que-perderam-a-eleicao-tem-direito-de-indicar-recursos-ao-orcamento\\\/#article\",\"isPartOf\":{\"@id\":\"https:\\\/\\\/ingesto.org.br\\\/parlamentares-que-perderam-a-eleicao-tem-direito-de-indicar-recursos-ao-orcamento\\\/\"},\"author\":{\"name\":\"Ingesto\",\"@id\":\"http:\\\/\\\/ingesto.org.br\\\/en\\\/#\\\/schema\\\/person\\\/b6b24d64bb11f377f79f5f35b9c466dc\"},\"headline\":\"Parlamentares que perderam a elei\u00e7\u00e3o tem direito de indicar recursos ao or\u00e7amento?\",\"datePublished\":\"2022-10-07T20:11:41+00:00\",\"mainEntityOfPage\":{\"@id\":\"https:\\\/\\\/ingesto.org.br\\\/parlamentares-que-perderam-a-eleicao-tem-direito-de-indicar-recursos-ao-orcamento\\\/\"},\"wordCount\":1565,\"commentCount\":0,\"publisher\":{\"@id\":\"http:\\\/\\\/ingesto.org.br\\\/en\\\/#organization\"},\"image\":{\"@id\":\"https:\\\/\\\/ingesto.org.br\\\/parlamentares-que-perderam-a-eleicao-tem-direito-de-indicar-recursos-ao-orcamento\\\/#primaryimage\"},\"thumbnailUrl\":\"https:\\\/\\\/ingesto.org.br\\\/wp-content\\\/uploads\\\/2022\\\/10\\\/image-1.png\",\"keywords\":[\"Or\u00e7amento\",\"parlamentar\",\"Recursos\"],\"articleSection\":[\"Chamamento P\u00fablico\",\"One Page\",\"Or\u00e7amento Geral da Uni\u00e3o, OGU,\"],\"inLanguage\":\"en-US\",\"potentialAction\":[{\"@type\":\"CommentAction\",\"name\":\"Comment\",\"target\":[\"https:\\\/\\\/ingesto.org.br\\\/parlamentares-que-perderam-a-eleicao-tem-direito-de-indicar-recursos-ao-orcamento\\\/#respond\"]}]},{\"@type\":\"WebPage\",\"@id\":\"https:\\\/\\\/ingesto.org.br\\\/parlamentares-que-perderam-a-eleicao-tem-direito-de-indicar-recursos-ao-orcamento\\\/\",\"url\":\"https:\\\/\\\/ingesto.org.br\\\/parlamentares-que-perderam-a-eleicao-tem-direito-de-indicar-recursos-ao-orcamento\\\/\",\"name\":\"Parlamentares que perderam a elei\u00e7\u00e3o tem direito de indicar recursos ao or\u00e7amento? - Ingesto\",\"isPartOf\":{\"@id\":\"http:\\\/\\\/ingesto.org.br\\\/en\\\/#website\"},\"primaryImageOfPage\":{\"@id\":\"https:\\\/\\\/ingesto.org.br\\\/parlamentares-que-perderam-a-eleicao-tem-direito-de-indicar-recursos-ao-orcamento\\\/#primaryimage\"},\"image\":{\"@id\":\"https:\\\/\\\/ingesto.org.br\\\/parlamentares-que-perderam-a-eleicao-tem-direito-de-indicar-recursos-ao-orcamento\\\/#primaryimage\"},\"thumbnailUrl\":\"https:\\\/\\\/ingesto.org.br\\\/wp-content\\\/uploads\\\/2022\\\/10\\\/image-1.png\",\"datePublished\":\"2022-10-07T20:11:41+00:00\",\"breadcrumb\":{\"@id\":\"https:\\\/\\\/ingesto.org.br\\\/parlamentares-que-perderam-a-eleicao-tem-direito-de-indicar-recursos-ao-orcamento\\\/#breadcrumb\"},\"inLanguage\":\"en-US\",\"potentialAction\":[{\"@type\":\"ReadAction\",\"target\":[\"https:\\\/\\\/ingesto.org.br\\\/parlamentares-que-perderam-a-eleicao-tem-direito-de-indicar-recursos-ao-orcamento\\\/\"]}]},{\"@type\":\"ImageObject\",\"inLanguage\":\"en-US\",\"@id\":\"https:\\\/\\\/ingesto.org.br\\\/parlamentares-que-perderam-a-eleicao-tem-direito-de-indicar-recursos-ao-orcamento\\\/#primaryimage\",\"url\":\"https:\\\/\\\/ingesto.org.br\\\/wp-content\\\/uploads\\\/2022\\\/10\\\/image-1.png\",\"contentUrl\":\"https:\\\/\\\/ingesto.org.br\\\/wp-content\\\/uploads\\\/2022\\\/10\\\/image-1.png\",\"width\":814,\"height\":590},{\"@type\":\"BreadcrumbList\",\"@id\":\"https:\\\/\\\/ingesto.org.br\\\/parlamentares-que-perderam-a-eleicao-tem-direito-de-indicar-recursos-ao-orcamento\\\/#breadcrumb\",\"itemListElement\":[{\"@type\":\"ListItem\",\"position\":1,\"name\":\"In\u00edcio\",\"item\":\"https:\\\/\\\/ingesto.org.br\\\/\"},{\"@type\":\"ListItem\",\"position\":2,\"name\":\"Parlamentares que perderam a elei\u00e7\u00e3o tem direito de indicar recursos ao or\u00e7amento?\"}]},{\"@type\":\"WebSite\",\"@id\":\"http:\\\/\\\/ingesto.org.br\\\/en\\\/#website\",\"url\":\"http:\\\/\\\/ingesto.org.br\\\/en\\\/\",\"name\":\"Instituto\",\"description\":\"Instituto para Gest\u00e3o do Terceiro Setor\",\"publisher\":{\"@id\":\"http:\\\/\\\/ingesto.org.br\\\/en\\\/#organization\"},\"alternateName\":\"Ingesto\",\"potentialAction\":[{\"@type\":\"SearchAction\",\"target\":{\"@type\":\"EntryPoint\",\"urlTemplate\":\"http:\\\/\\\/ingesto.org.br\\\/en\\\/?s={search_term_string}\"},\"query-input\":{\"@type\":\"PropertyValueSpecification\",\"valueRequired\":true,\"valueName\":\"search_term_string\"}}],\"inLanguage\":\"en-US\"},{\"@type\":\"Organization\",\"@id\":\"http:\\\/\\\/ingesto.org.br\\\/en\\\/#organization\",\"name\":\"Ingesto\",\"url\":\"http:\\\/\\\/ingesto.org.br\\\/en\\\/\",\"logo\":{\"@type\":\"ImageObject\",\"inLanguage\":\"en-US\",\"@id\":\"http:\\\/\\\/ingesto.org.br\\\/en\\\/#\\\/schema\\\/logo\\\/image\\\/\",\"url\":\"https:\\\/\\\/ingesto.org.br\\\/wp-content\\\/uploads\\\/2020\\\/11\\\/cropped-cropped-icone.png\",\"contentUrl\":\"https:\\\/\\\/ingesto.org.br\\\/wp-content\\\/uploads\\\/2020\\\/11\\\/cropped-cropped-icone.png\",\"width\":512,\"height\":512,\"caption\":\"Ingesto\"},\"image\":{\"@id\":\"http:\\\/\\\/ingesto.org.br\\\/en\\\/#\\\/schema\\\/logo\\\/image\\\/\"},\"sameAs\":[\"https:\\\/\\\/www.facebook.com\\\/institutoingesto\",\"https:\\\/\\\/x.com\\\/Ingestos\",\"https:\\\/\\\/www.instagram.com\\\/institutoingesto\\\/\",\"https:\\\/\\\/www.youtube.com\\\/@institutoingesto\",\"https:\\\/\\\/www.linkedin.com\\\/in\\\/instituto-ingesto\"]},{\"@type\":\"Person\",\"@id\":\"http:\\\/\\\/ingesto.org.br\\\/en\\\/#\\\/schema\\\/person\\\/b6b24d64bb11f377f79f5f35b9c466dc\",\"name\":\"Ingesto\",\"image\":{\"@type\":\"ImageObject\",\"inLanguage\":\"en-US\",\"@id\":\"https:\\\/\\\/ingesto.org.br\\\/wp-content\\\/litespeed\\\/avatar\\\/4d7201aed9dddada281d8ce59ea56991.jpg?ver=1776950236\",\"url\":\"https:\\\/\\\/ingesto.org.br\\\/wp-content\\\/litespeed\\\/avatar\\\/4d7201aed9dddada281d8ce59ea56991.jpg?ver=1776950236\",\"contentUrl\":\"https:\\\/\\\/ingesto.org.br\\\/wp-content\\\/litespeed\\\/avatar\\\/4d7201aed9dddada281d8ce59ea56991.jpg?ver=1776950236\",\"caption\":\"Ingesto\"},\"sameAs\":[\"http:\\\/\\\/ingesto.org.br\"],\"url\":\"https:\\\/\\\/ingesto.org.br\\\/en\\\/author\\\/instituto-ingesto\\\/\"}]}<\/script>\n<!-- \/ Yoast SEO plugin. -->","yoast_head_json":{"title":"Parlamentares que perderam a elei\u00e7\u00e3o tem direito de indicar recursos ao or\u00e7amento? - Ingesto","robots":{"index":"index","follow":"follow","max-snippet":"max-snippet:-1","max-image-preview":"max-image-preview:large","max-video-preview":"max-video-preview:-1"},"canonical":"https:\/\/ingesto.org.br\/en\/parlamentares-que-perderam-a-eleicao-tem-direito-de-indicar-recursos-ao-orcamento\/","og_locale":"en_US","og_type":"article","og_title":"Parlamentares que perderam a elei\u00e7\u00e3o tem direito de indicar recursos ao or\u00e7amento? - Ingesto","og_description":"Saiba se um Parlamentar que perdeu a elei\u00e7\u00e3o tem direito de indicar recursos para sua base.","og_url":"https:\/\/ingesto.org.br\/en\/parlamentares-que-perderam-a-eleicao-tem-direito-de-indicar-recursos-ao-orcamento\/","og_site_name":"Ingesto","article_publisher":"https:\/\/www.facebook.com\/institutoingesto","article_published_time":"2022-10-07T20:11:41+00:00","og_image":[{"width":814,"height":590,"url":"https:\/\/ingesto.org.br\/wp-content\/uploads\/2022\/10\/image-1.png","type":"image\/png"}],"author":"Ingesto","twitter_card":"summary_large_image","twitter_creator":"@Ingestos","twitter_site":"@Ingestos","twitter_misc":{"Written by":"Ingesto","Est. reading time":"8 minutes"},"schema":{"@context":"https:\/\/schema.org","@graph":[{"@type":"Article","@id":"https:\/\/ingesto.org.br\/parlamentares-que-perderam-a-eleicao-tem-direito-de-indicar-recursos-ao-orcamento\/#article","isPartOf":{"@id":"https:\/\/ingesto.org.br\/parlamentares-que-perderam-a-eleicao-tem-direito-de-indicar-recursos-ao-orcamento\/"},"author":{"name":"Ingesto","@id":"http:\/\/ingesto.org.br\/en\/#\/schema\/person\/b6b24d64bb11f377f79f5f35b9c466dc"},"headline":"Parlamentares que perderam a elei\u00e7\u00e3o tem direito de indicar recursos ao or\u00e7amento?","datePublished":"2022-10-07T20:11:41+00:00","mainEntityOfPage":{"@id":"https:\/\/ingesto.org.br\/parlamentares-que-perderam-a-eleicao-tem-direito-de-indicar-recursos-ao-orcamento\/"},"wordCount":1565,"commentCount":0,"publisher":{"@id":"http:\/\/ingesto.org.br\/en\/#organization"},"image":{"@id":"https:\/\/ingesto.org.br\/parlamentares-que-perderam-a-eleicao-tem-direito-de-indicar-recursos-ao-orcamento\/#primaryimage"},"thumbnailUrl":"https:\/\/ingesto.org.br\/wp-content\/uploads\/2022\/10\/image-1.png","keywords":["Or\u00e7amento","parlamentar","Recursos"],"articleSection":["Chamamento P\u00fablico","One Page","Or\u00e7amento Geral da Uni\u00e3o, OGU,"],"inLanguage":"en-US","potentialAction":[{"@type":"CommentAction","name":"Comment","target":["https:\/\/ingesto.org.br\/parlamentares-que-perderam-a-eleicao-tem-direito-de-indicar-recursos-ao-orcamento\/#respond"]}]},{"@type":"WebPage","@id":"https:\/\/ingesto.org.br\/parlamentares-que-perderam-a-eleicao-tem-direito-de-indicar-recursos-ao-orcamento\/","url":"https:\/\/ingesto.org.br\/parlamentares-que-perderam-a-eleicao-tem-direito-de-indicar-recursos-ao-orcamento\/","name":"Parlamentares que perderam a elei\u00e7\u00e3o tem direito de indicar recursos ao or\u00e7amento? - Ingesto","isPartOf":{"@id":"http:\/\/ingesto.org.br\/en\/#website"},"primaryImageOfPage":{"@id":"https:\/\/ingesto.org.br\/parlamentares-que-perderam-a-eleicao-tem-direito-de-indicar-recursos-ao-orcamento\/#primaryimage"},"image":{"@id":"https:\/\/ingesto.org.br\/parlamentares-que-perderam-a-eleicao-tem-direito-de-indicar-recursos-ao-orcamento\/#primaryimage"},"thumbnailUrl":"https:\/\/ingesto.org.br\/wp-content\/uploads\/2022\/10\/image-1.png","datePublished":"2022-10-07T20:11:41+00:00","breadcrumb":{"@id":"https:\/\/ingesto.org.br\/parlamentares-que-perderam-a-eleicao-tem-direito-de-indicar-recursos-ao-orcamento\/#breadcrumb"},"inLanguage":"en-US","potentialAction":[{"@type":"ReadAction","target":["https:\/\/ingesto.org.br\/parlamentares-que-perderam-a-eleicao-tem-direito-de-indicar-recursos-ao-orcamento\/"]}]},{"@type":"ImageObject","inLanguage":"en-US","@id":"https:\/\/ingesto.org.br\/parlamentares-que-perderam-a-eleicao-tem-direito-de-indicar-recursos-ao-orcamento\/#primaryimage","url":"https:\/\/ingesto.org.br\/wp-content\/uploads\/2022\/10\/image-1.png","contentUrl":"https:\/\/ingesto.org.br\/wp-content\/uploads\/2022\/10\/image-1.png","width":814,"height":590},{"@type":"BreadcrumbList","@id":"https:\/\/ingesto.org.br\/parlamentares-que-perderam-a-eleicao-tem-direito-de-indicar-recursos-ao-orcamento\/#breadcrumb","itemListElement":[{"@type":"ListItem","position":1,"name":"In\u00edcio","item":"https:\/\/ingesto.org.br\/"},{"@type":"ListItem","position":2,"name":"Parlamentares que perderam a elei\u00e7\u00e3o tem direito de indicar recursos ao or\u00e7amento?"}]},{"@type":"WebSite","@id":"http:\/\/ingesto.org.br\/en\/#website","url":"http:\/\/ingesto.org.br\/en\/","name":"Institute","description":"Institute for Third Sector Management","publisher":{"@id":"http:\/\/ingesto.org.br\/en\/#organization"},"alternateName":"Ingesto","potentialAction":[{"@type":"SearchAction","target":{"@type":"EntryPoint","urlTemplate":"http:\/\/ingesto.org.br\/en\/?s={search_term_string}"},"query-input":{"@type":"PropertyValueSpecification","valueRequired":true,"valueName":"search_term_string"}}],"inLanguage":"en-US"},{"@type":"Organization","@id":"http:\/\/ingesto.org.br\/en\/#organization","name":"Ingesto","url":"http:\/\/ingesto.org.br\/en\/","logo":{"@type":"ImageObject","inLanguage":"en-US","@id":"http:\/\/ingesto.org.br\/en\/#\/schema\/logo\/image\/","url":"https:\/\/ingesto.org.br\/wp-content\/uploads\/2020\/11\/cropped-cropped-icone.png","contentUrl":"https:\/\/ingesto.org.br\/wp-content\/uploads\/2020\/11\/cropped-cropped-icone.png","width":512,"height":512,"caption":"Ingesto"},"image":{"@id":"http:\/\/ingesto.org.br\/en\/#\/schema\/logo\/image\/"},"sameAs":["https:\/\/www.facebook.com\/institutoingesto","https:\/\/x.com\/Ingestos","https:\/\/www.instagram.com\/institutoingesto\/","https:\/\/www.youtube.com\/@institutoingesto","https:\/\/www.linkedin.com\/in\/instituto-ingesto"]},{"@type":"Person","@id":"http:\/\/ingesto.org.br\/en\/#\/schema\/person\/b6b24d64bb11f377f79f5f35b9c466dc","name":"Ingesto","image":{"@type":"ImageObject","inLanguage":"en-US","@id":"https:\/\/ingesto.org.br\/wp-content\/litespeed\/avatar\/4d7201aed9dddada281d8ce59ea56991.jpg?ver=1776950236","url":"https:\/\/ingesto.org.br\/wp-content\/litespeed\/avatar\/4d7201aed9dddada281d8ce59ea56991.jpg?ver=1776950236","contentUrl":"https:\/\/ingesto.org.br\/wp-content\/litespeed\/avatar\/4d7201aed9dddada281d8ce59ea56991.jpg?ver=1776950236","caption":"Ingesto"},"sameAs":["http:\/\/ingesto.org.br"],"url":"https:\/\/ingesto.org.br\/en\/author\/instituto-ingesto\/"}]}},"jetpack_featured_media_url":"https:\/\/ingesto.org.br\/wp-content\/uploads\/2022\/10\/image-1.png","jetpack_shortlink":"https:\/\/wp.me\/peji5g-1Sw","acf":[],"_links":{"self":[{"href":"https:\/\/ingesto.org.br\/en\/wp-json\/wp\/v2\/posts\/7224","targetHints":{"allow":["GET"]}}],"collection":[{"href":"https:\/\/ingesto.org.br\/en\/wp-json\/wp\/v2\/posts"}],"about":[{"href":"https:\/\/ingesto.org.br\/en\/wp-json\/wp\/v2\/types\/post"}],"author":[{"embeddable":true,"href":"https:\/\/ingesto.org.br\/en\/wp-json\/wp\/v2\/users\/1"}],"replies":[{"embeddable":true,"href":"https:\/\/ingesto.org.br\/en\/wp-json\/wp\/v2\/comments?post=7224"}],"version-history":[{"count":0,"href":"https:\/\/ingesto.org.br\/en\/wp-json\/wp\/v2\/posts\/7224\/revisions"}],"wp:featuredmedia":[{"embeddable":true,"href":"https:\/\/ingesto.org.br\/en\/wp-json\/wp\/v2\/media\/7228"}],"wp:attachment":[{"href":"https:\/\/ingesto.org.br\/en\/wp-json\/wp\/v2\/media?parent=7224"}],"wp:term":[{"taxonomy":"category","embeddable":true,"href":"https:\/\/ingesto.org.br\/en\/wp-json\/wp\/v2\/categories?post=7224"},{"taxonomy":"post_tag","embeddable":true,"href":"https:\/\/ingesto.org.br\/en\/wp-json\/wp\/v2\/tags?post=7224"}],"curies":[{"name":"wp","href":"https:\/\/api.w.org\/{rel}","templated":true}]}}