{"id":6282,"date":"2022-03-16T14:15:48","date_gmt":"2022-03-16T17:15:48","guid":{"rendered":"https:\/\/rubenssantana.com\/?p=6282"},"modified":"2022-03-16T14:15:48","modified_gmt":"2022-03-16T17:15:48","slug":"chamamento-publico-no-valor-de-r-760-mil-reais-para-qualquer-organizacao-do-terceiro-setor","status":"publish","type":"post","link":"https:\/\/ingesto.org.br\/en\/chamamento-publico-no-valor-de-r-760-mil-reais-para-qualquer-organizacao-do-terceiro-setor\/","title":{"rendered":"Public Call worth R$ 760 thousand reais for any Third Sector Organization!"},"content":{"rendered":"<p>Opportunity for <strong>Third Sector Organizations<\/strong>, <strong>Non-Profit Institutions<\/strong>.<\/p>\n\n\n\n<p>The purpose of this <strong>Public Call <\/strong>\u00e9 a sele\u00e7\u00e3o de propostas para a celebra\u00e7\u00e3o de parceria com o <strong>Ministry of Women, Family and Human Rights<\/strong>, through the <strong>National Secretariat for Policies to Promote Racial Equality<\/strong>, por meio da formaliza\u00e7\u00e3o de termo de colabora\u00e7\u00e3o, para a consecu\u00e7\u00e3o de finalidade de interesse p\u00fablico e rec\u00edproco que envolve a transfer\u00eancia de recursos financeiros a <strong>organiza\u00e7\u00e3o da sociedade civil (OSC)<\/strong>, conforme condi\u00e7\u00f5es estabelecidas neste Edital.<\/p>\n\n\n\n<div class=\"wp-block-image\"><figure class=\"aligncenter size-full\"><a href=\"https:\/\/ingesto.org.br\/wp-content\/uploads\/2022\/03\/mapa-Arquipelago-de-Marajo-1.jpg\"><img fetchpriority=\"high\" decoding=\"async\" width=\"800\" height=\"396\" src=\"https:\/\/ingesto.org.br\/wp-content\/uploads\/2022\/03\/mapa-Arquipelago-de-Marajo-1.jpg\" alt=\"\" class=\"wp-image-6287\" srcset=\"https:\/\/ingesto.org.br\/wp-content\/uploads\/2022\/03\/mapa-Arquipelago-de-Marajo-1.jpg 800w, https:\/\/ingesto.org.br\/wp-content\/uploads\/2022\/03\/mapa-Arquipelago-de-Marajo-1-300x149.jpg 300w, https:\/\/ingesto.org.br\/wp-content\/uploads\/2022\/03\/mapa-Arquipelago-de-Marajo-1-768x380.jpg 768w, https:\/\/ingesto.org.br\/wp-content\/uploads\/2022\/03\/mapa-Arquipelago-de-Marajo-1-600x297.jpg 600w\" sizes=\"(max-width: 800px) 100vw, 800px\" \/><\/a><figcaption>Maraj\u00f3 Archipelago<\/figcaption><\/figure><\/div>\n\n\n\n<p class=\"has-black-color has-light-green-cyan-background-color has-text-color has-background\"><strong>Registrations<\/strong>: See you later <strong>10\/04\/2022;<\/strong><br><strong>Notice<\/strong>: <a href=\"https:\/\/ingesto.org.br\/wp-content\/uploads\/2022\/03\/Chamamento_Publico_MDH_Economia_Criativa.pdf\"><strong>Public Call Link<\/strong><\/a><br><strong>Value: R$ 760,000.00<\/strong><br><strong>Object<\/strong>: Execu\u00e7\u00e3o do Projeto <strong>\u201cCREATIVE ECONOMY CARAVAN IN MARAJ\u00d3\u201d:<\/strong><br><strong>The. <\/strong>Carry out initial diagnosis, identifying traditional peoples and communities;<br><strong>B. <\/strong>Select initiatives and provide a minimum of 10 consultancies per municipality;<br><strong>w.<\/strong> Training consultancies must address the insertion of entrepreneurs in the digital world.<br><strong>Who is eligible: <\/strong>Qualquer Organiza\u00e7\u00e3o do Terceiro Setor que cumpra as determina\u00e7\u00f5es do Edital poder\u00e1 participar do Processo.<\/p>\n\n\n\n<p>Understanding the diversity of peoples and traditional communities and the cultural particularities of these groups, which, for the most part, are in a situation of economic vulnerability, we present the <strong>\u201cCREATIVE ECONOMY CARAVAN IN MARAJ\u00d3\u201d<\/strong>.<br>It is important to understand that the Creative Economy is the set of businesses based on intellectual and cultural capital and creativity that generates economic value.<br>The creative industry stimulates income generation, creates jobs and produces revenue, promotes cultural diversity and human development. Activities are considered in which creativity and intellectual capital are the raw material for the creation, production and distribution of goods and services.<br>At the end of the 20th century, creativity began to be recognized as an essential activity in the construction of a new economy, changing the nature of work far beyond capital and raw materials.<\/p>\n\n\n\n<div class=\"wp-block-image\"><figure class=\"aligncenter size-full\"><a href=\"https:\/\/ingesto.org.br\/wp-content\/uploads\/2022\/03\/os-dois-lados-da-ilha-do-marajo.jpg\"><img decoding=\"async\" width=\"800\" height=\"602\" src=\"https:\/\/ingesto.org.br\/wp-content\/uploads\/2022\/03\/os-dois-lados-da-ilha-do-marajo.jpg\" alt=\"\" class=\"wp-image-6285\" srcset=\"https:\/\/ingesto.org.br\/wp-content\/uploads\/2022\/03\/os-dois-lados-da-ilha-do-marajo.jpg 800w, https:\/\/ingesto.org.br\/wp-content\/uploads\/2022\/03\/os-dois-lados-da-ilha-do-marajo-300x226.jpg 300w, https:\/\/ingesto.org.br\/wp-content\/uploads\/2022\/03\/os-dois-lados-da-ilha-do-marajo-768x578.jpg 768w, https:\/\/ingesto.org.br\/wp-content\/uploads\/2022\/03\/os-dois-lados-da-ilha-do-marajo-600x452.jpg 600w\" sizes=\"(max-width: 800px) 100vw, 800px\" \/><\/a><\/figure><\/div>\n\n\n\n<p>With this premise, the term \u201ccreative economy\u201d arises, derived from the term \u201ccreative nation\u201d, uttered by the Prime Minister of Australia in 1994, and later disseminated in England, which committed efforts to the growth of sectors linked to design, fashion, architecture, arts, tourism, media among others.<\/p>\n\n\n\n<p>According to data from <strong>FIRJAN<\/strong>, the Brazilian creative industry in 2019 represented 2.61% of all wealth generated in the national territory.<\/p>\n\n\n\n<p>In the Brazilian market, the following activities are understood as belonging to the creative economy: animation; architecture; performing arts; visual arts; craftsmanship; audio-visual; popular culture; design; entertainment; events; games; gastronomy; literature and publishing market; fashion; music; advertising; radio; software applied to the creative economy; cultural tourism; and TV.<\/p>\n\n\n\n<p>Thus, the <strong>Creative Economy Caravan in Maraj\u00f3 <\/strong>is an action that aims to train entrepreneurs belonging to traditional peoples and communities in the municipalities of Maraj\u00f3, with a view to enhancing the activities they already carry out, with the aim of these groups having greater income acquisition to face the reality of socioeconomic lag. , in addition to the quest to keep their cultural traditions alive.<\/p>\n\n\n\n<div class=\"wp-block-image\"><figure class=\"aligncenter size-full is-resized\"><a href=\"https:\/\/ingesto.org.br\/wp-content\/uploads\/2022\/03\/images.jpg\"><img decoding=\"async\" src=\"https:\/\/ingesto.org.br\/wp-content\/uploads\/2022\/03\/images.jpg\" alt=\"\" class=\"wp-image-6284\" width=\"831\" height=\"434\"\/><\/a><\/figure><\/div>\n\n\n\n<p>O estado do Par\u00e1 carece de investimentos financeiros e pol\u00edticas p\u00fablicas voltadas para povos e comunidades tradicionais. Nestes termos, e com base no indicador <strong>\u201cHuman Development Index (HDI)\u201d <\/strong>calculado ap\u00f3s o Censo Demogr\u00e1fico de 2010, os munic\u00edpios do Arquip\u00e9lago do Maraj\u00f3 figuram entre os 1.600 piores IDHs do Brasil, em rela\u00e7\u00e3o aos 5.566 munic\u00edpios brasileiros. Cabe destaque ainda que nove dos 16 munic\u00edpios do arquip\u00e9lago do Maraj\u00f3 figuram entre<br>the 50 worst <strong>HDIs <\/strong>from the country.<\/p>\n\n\n\n<p>Based on data from the <strong>HDI<\/strong>, when sending information to <strong>SNPIR<\/strong>, by the Marajoara municipalities, on the traditional peoples existing in their territories, and on the geographical layout of the municipalities, which considered the division of Maraj\u00f3 into the micro-regions of the <strong><span style=\"text-decoration: underline;\">Arari, Portel and Furo de Breves, the following municipalities were chosen to develop this action: Afu\u00e1, Cachoeira do Arari, Chaves, Muan\u00e1, Ponta de Pedras Salvaterra, Santa Cruz do Arari and Soure<\/span><\/strong> located in the Arari microregion and the municipality of Afu\u00e1, in the Furo de Breves microregion to pilot this action.<\/p>\n\n\n\n<p>Ante o exposto, conclui-se que esta a\u00e7\u00e3o-piloto para 8 munic\u00edpios do arquip\u00e9lago do Maraj\u00f3 no Par\u00e1, apresenta-se enquanto ferramenta fundamental para a estrutura\u00e7\u00e3o e implementa\u00e7\u00e3o de pol\u00edticas de garantia dos direitos humanos, especialmente no que tange \u00e0 dignidade da pessoa humana, em que, por meio de capacita\u00e7\u00e3o e aprimoramento de atividades de empreendedorismo, busca-se a gera\u00e7\u00e3o de trabalho e renda para este p\u00fablico. Desse modo, prop\u00f5e-se essa a\u00e7\u00e3o.<\/p>","protected":false},"excerpt":{"rendered":"<p>Object: Execution of the Project \u201cCARAVANA DA ECONOMIA CRIATIVA NO MARAJ\u00d3\u201d:<br \/>\nThe. Carry out initial diagnosis, identifying traditional peoples and communities;<br \/>\nB. Select initiatives and provide a minimum of 10 consultancies per municipality;<br \/>\nw. Training consultancies must address the insertion of entrepreneurs in the digital world.<\/p>","protected":false},"author":1,"featured_media":6286,"comment_status":"open","ping_status":"open","sticky":true,"template":"","format":"standard","meta":{"give_campaign_id":0,"_yoast_wpseo_focuskw":"","_yoast_wpseo_title":"","_yoast_wpseo_metadesc":"","_joinchat":[],"footnotes":""},"categories":[1132,282],"tags":[1130,1131,96,1133,1071,1134,1135,1136,146],"class_list":["post-6282","post","type-post","status-publish","format-standard","has-post-thumbnail","hentry","category-chamamento-publico","category-editais","tag-capital-intelectual","tag-caravana","tag-direitos-humanos","tag-economia-solidaria","tag-edital","tag-firjan","tag-idh","tag-marajo","tag-osc"],"yoast_head":"<!-- This site is optimized with the Yoast SEO plugin v27.4 - https:\/\/yoast.com\/product\/yoast-seo-wordpress\/ -->\n<title>Chamamento P\u00fablico no valor de R$ 760 Mil reais para qualquer Organiza\u00e7\u00e3o do Terceiro Setor! - Ingesto<\/title>\n<meta name=\"robots\" content=\"index, follow, max-snippet:-1, max-image-preview:large, max-video-preview:-1\" \/>\n<link rel=\"canonical\" href=\"https:\/\/ingesto.org.br\/en\/chamamento-publico-no-valor-de-r-760-mil-reais-para-qualquer-organizacao-do-terceiro-setor\/\" \/>\n<meta property=\"og:locale\" content=\"en_US\" \/>\n<meta property=\"og:type\" content=\"article\" \/>\n<meta property=\"og:title\" content=\"Chamamento P\u00fablico no valor de R$ 760 Mil reais para qualquer Organiza\u00e7\u00e3o do Terceiro Setor! - Ingesto\" \/>\n<meta property=\"og:description\" content=\"Objeto: Execu\u00e7\u00e3o do Projeto \u201cCARAVANA DA ECONOMIA CRIATIVA NO MARAJ\u00d3\u201d: a. Realizar diagn\u00f3stico inicial, identificando os povos e comunidades tradicionais; b. Selecionar iniciativas e prestar o m\u00ednimo de 10 consultorias por munic\u00edpio; c. As consultorias de capacita\u00e7\u00e3o devem abordar a inser\u00e7\u00e3o dos empreendedores no mundo digital.\" \/>\n<meta property=\"og:url\" content=\"https:\/\/ingesto.org.br\/en\/chamamento-publico-no-valor-de-r-760-mil-reais-para-qualquer-organizacao-do-terceiro-setor\/\" \/>\n<meta property=\"og:site_name\" content=\"Ingesto\" \/>\n<meta property=\"article:publisher\" content=\"https:\/\/www.facebook.com\/institutoingesto\" \/>\n<meta property=\"article:published_time\" content=\"2022-03-16T17:15:48+00:00\" \/>\n<meta property=\"og:image\" content=\"https:\/\/ingesto.org.br\/wp-content\/uploads\/2022\/03\/economia-criativa.jpeg\" \/>\n\t<meta property=\"og:image:width\" content=\"960\" \/>\n\t<meta property=\"og:image:height\" content=\"635\" \/>\n\t<meta property=\"og:image:type\" content=\"image\/jpeg\" \/>\n<meta name=\"author\" content=\"Ingesto\" \/>\n<meta name=\"twitter:card\" content=\"summary_large_image\" \/>\n<meta name=\"twitter:creator\" content=\"@Ingestos\" \/>\n<meta name=\"twitter:site\" content=\"@Ingestos\" \/>\n<meta name=\"twitter:label1\" content=\"Written by\" \/>\n\t<meta name=\"twitter:data1\" content=\"Ingesto\" \/>\n\t<meta name=\"twitter:label2\" content=\"Est. reading time\" \/>\n\t<meta name=\"twitter:data2\" content=\"5 minutes\" \/>\n<script type=\"application\/ld+json\" class=\"yoast-schema-graph\">{\"@context\":\"https:\\\/\\\/schema.org\",\"@graph\":[{\"@type\":\"Article\",\"@id\":\"https:\\\/\\\/ingesto.org.br\\\/chamamento-publico-no-valor-de-r-760-mil-reais-para-qualquer-organizacao-do-terceiro-setor\\\/#article\",\"isPartOf\":{\"@id\":\"https:\\\/\\\/ingesto.org.br\\\/chamamento-publico-no-valor-de-r-760-mil-reais-para-qualquer-organizacao-do-terceiro-setor\\\/\"},\"author\":{\"name\":\"Ingesto\",\"@id\":\"http:\\\/\\\/ingesto.org.br\\\/en\\\/#\\\/schema\\\/person\\\/b6b24d64bb11f377f79f5f35b9c466dc\"},\"headline\":\"Chamamento P\u00fablico no valor de R$ 760 Mil reais para qualquer Organiza\u00e7\u00e3o do Terceiro Setor!\",\"datePublished\":\"2022-03-16T17:15:48+00:00\",\"mainEntityOfPage\":{\"@id\":\"https:\\\/\\\/ingesto.org.br\\\/chamamento-publico-no-valor-de-r-760-mil-reais-para-qualquer-organizacao-do-terceiro-setor\\\/\"},\"wordCount\":803,\"commentCount\":0,\"publisher\":{\"@id\":\"http:\\\/\\\/ingesto.org.br\\\/en\\\/#organization\"},\"image\":{\"@id\":\"https:\\\/\\\/ingesto.org.br\\\/chamamento-publico-no-valor-de-r-760-mil-reais-para-qualquer-organizacao-do-terceiro-setor\\\/#primaryimage\"},\"thumbnailUrl\":\"https:\\\/\\\/ingesto.org.br\\\/wp-content\\\/uploads\\\/2022\\\/03\\\/economia-criativa.jpeg\",\"keywords\":[\"capital intelectual\",\"Caravana\",\"direitos humanos\",\"economia solid\u00e1ria\",\"edital\",\"FIRJAN\",\"IDH\",\"Maraj\u00f3.\",\"OSC\"],\"articleSection\":[\"Chamamento P\u00fablico\",\"Editais\"],\"inLanguage\":\"en-US\",\"potentialAction\":[{\"@type\":\"CommentAction\",\"name\":\"Comment\",\"target\":[\"https:\\\/\\\/ingesto.org.br\\\/chamamento-publico-no-valor-de-r-760-mil-reais-para-qualquer-organizacao-do-terceiro-setor\\\/#respond\"]}]},{\"@type\":\"WebPage\",\"@id\":\"https:\\\/\\\/ingesto.org.br\\\/chamamento-publico-no-valor-de-r-760-mil-reais-para-qualquer-organizacao-do-terceiro-setor\\\/\",\"url\":\"https:\\\/\\\/ingesto.org.br\\\/chamamento-publico-no-valor-de-r-760-mil-reais-para-qualquer-organizacao-do-terceiro-setor\\\/\",\"name\":\"Chamamento P\u00fablico no valor de R$ 760 Mil reais para qualquer Organiza\u00e7\u00e3o do Terceiro Setor! - Ingesto\",\"isPartOf\":{\"@id\":\"http:\\\/\\\/ingesto.org.br\\\/en\\\/#website\"},\"primaryImageOfPage\":{\"@id\":\"https:\\\/\\\/ingesto.org.br\\\/chamamento-publico-no-valor-de-r-760-mil-reais-para-qualquer-organizacao-do-terceiro-setor\\\/#primaryimage\"},\"image\":{\"@id\":\"https:\\\/\\\/ingesto.org.br\\\/chamamento-publico-no-valor-de-r-760-mil-reais-para-qualquer-organizacao-do-terceiro-setor\\\/#primaryimage\"},\"thumbnailUrl\":\"https:\\\/\\\/ingesto.org.br\\\/wp-content\\\/uploads\\\/2022\\\/03\\\/economia-criativa.jpeg\",\"datePublished\":\"2022-03-16T17:15:48+00:00\",\"breadcrumb\":{\"@id\":\"https:\\\/\\\/ingesto.org.br\\\/chamamento-publico-no-valor-de-r-760-mil-reais-para-qualquer-organizacao-do-terceiro-setor\\\/#breadcrumb\"},\"inLanguage\":\"en-US\",\"potentialAction\":[{\"@type\":\"ReadAction\",\"target\":[\"https:\\\/\\\/ingesto.org.br\\\/chamamento-publico-no-valor-de-r-760-mil-reais-para-qualquer-organizacao-do-terceiro-setor\\\/\"]}]},{\"@type\":\"ImageObject\",\"inLanguage\":\"en-US\",\"@id\":\"https:\\\/\\\/ingesto.org.br\\\/chamamento-publico-no-valor-de-r-760-mil-reais-para-qualquer-organizacao-do-terceiro-setor\\\/#primaryimage\",\"url\":\"https:\\\/\\\/ingesto.org.br\\\/wp-content\\\/uploads\\\/2022\\\/03\\\/economia-criativa.jpeg\",\"contentUrl\":\"https:\\\/\\\/ingesto.org.br\\\/wp-content\\\/uploads\\\/2022\\\/03\\\/economia-criativa.jpeg\",\"width\":960,\"height\":635},{\"@type\":\"BreadcrumbList\",\"@id\":\"https:\\\/\\\/ingesto.org.br\\\/chamamento-publico-no-valor-de-r-760-mil-reais-para-qualquer-organizacao-do-terceiro-setor\\\/#breadcrumb\",\"itemListElement\":[{\"@type\":\"ListItem\",\"position\":1,\"name\":\"In\u00edcio\",\"item\":\"https:\\\/\\\/ingesto.org.br\\\/\"},{\"@type\":\"ListItem\",\"position\":2,\"name\":\"Chamamento P\u00fablico no valor de R$ 760 Mil reais para qualquer Organiza\u00e7\u00e3o do Terceiro Setor!\"}]},{\"@type\":\"WebSite\",\"@id\":\"http:\\\/\\\/ingesto.org.br\\\/en\\\/#website\",\"url\":\"http:\\\/\\\/ingesto.org.br\\\/en\\\/\",\"name\":\"Instituto\",\"description\":\"Instituto para Gest\u00e3o do Terceiro Setor\",\"publisher\":{\"@id\":\"http:\\\/\\\/ingesto.org.br\\\/en\\\/#organization\"},\"alternateName\":\"Ingesto\",\"potentialAction\":[{\"@type\":\"SearchAction\",\"target\":{\"@type\":\"EntryPoint\",\"urlTemplate\":\"http:\\\/\\\/ingesto.org.br\\\/en\\\/?s={search_term_string}\"},\"query-input\":{\"@type\":\"PropertyValueSpecification\",\"valueRequired\":true,\"valueName\":\"search_term_string\"}}],\"inLanguage\":\"en-US\"},{\"@type\":\"Organization\",\"@id\":\"http:\\\/\\\/ingesto.org.br\\\/en\\\/#organization\",\"name\":\"Ingesto\",\"url\":\"http:\\\/\\\/ingesto.org.br\\\/en\\\/\",\"logo\":{\"@type\":\"ImageObject\",\"inLanguage\":\"en-US\",\"@id\":\"http:\\\/\\\/ingesto.org.br\\\/en\\\/#\\\/schema\\\/logo\\\/image\\\/\",\"url\":\"https:\\\/\\\/ingesto.org.br\\\/wp-content\\\/uploads\\\/2020\\\/11\\\/cropped-cropped-icone.png\",\"contentUrl\":\"https:\\\/\\\/ingesto.org.br\\\/wp-content\\\/uploads\\\/2020\\\/11\\\/cropped-cropped-icone.png\",\"width\":512,\"height\":512,\"caption\":\"Ingesto\"},\"image\":{\"@id\":\"http:\\\/\\\/ingesto.org.br\\\/en\\\/#\\\/schema\\\/logo\\\/image\\\/\"},\"sameAs\":[\"https:\\\/\\\/www.facebook.com\\\/institutoingesto\",\"https:\\\/\\\/x.com\\\/Ingestos\",\"https:\\\/\\\/www.instagram.com\\\/institutoingesto\\\/\",\"https:\\\/\\\/www.youtube.com\\\/@institutoingesto\",\"https:\\\/\\\/www.linkedin.com\\\/in\\\/instituto-ingesto\"]},{\"@type\":\"Person\",\"@id\":\"http:\\\/\\\/ingesto.org.br\\\/en\\\/#\\\/schema\\\/person\\\/b6b24d64bb11f377f79f5f35b9c466dc\",\"name\":\"Ingesto\",\"image\":{\"@type\":\"ImageObject\",\"inLanguage\":\"en-US\",\"@id\":\"https:\\\/\\\/ingesto.org.br\\\/wp-content\\\/litespeed\\\/avatar\\\/4d7201aed9dddada281d8ce59ea56991.jpg?ver=1776950236\",\"url\":\"https:\\\/\\\/ingesto.org.br\\\/wp-content\\\/litespeed\\\/avatar\\\/4d7201aed9dddada281d8ce59ea56991.jpg?ver=1776950236\",\"contentUrl\":\"https:\\\/\\\/ingesto.org.br\\\/wp-content\\\/litespeed\\\/avatar\\\/4d7201aed9dddada281d8ce59ea56991.jpg?ver=1776950236\",\"caption\":\"Ingesto\"},\"sameAs\":[\"http:\\\/\\\/ingesto.org.br\"],\"url\":\"https:\\\/\\\/ingesto.org.br\\\/en\\\/author\\\/instituto-ingesto\\\/\"}]}<\/script>\n<!-- \/ Yoast SEO plugin. -->","yoast_head_json":{"title":"Chamamento P\u00fablico no valor de R$ 760 Mil reais para qualquer Organiza\u00e7\u00e3o do Terceiro Setor! - Ingesto","robots":{"index":"index","follow":"follow","max-snippet":"max-snippet:-1","max-image-preview":"max-image-preview:large","max-video-preview":"max-video-preview:-1"},"canonical":"https:\/\/ingesto.org.br\/en\/chamamento-publico-no-valor-de-r-760-mil-reais-para-qualquer-organizacao-do-terceiro-setor\/","og_locale":"en_US","og_type":"article","og_title":"Chamamento P\u00fablico no valor de R$ 760 Mil reais para qualquer Organiza\u00e7\u00e3o do Terceiro Setor! - Ingesto","og_description":"Objeto: Execu\u00e7\u00e3o do Projeto \u201cCARAVANA DA ECONOMIA CRIATIVA NO MARAJ\u00d3\u201d: a. Realizar diagn\u00f3stico inicial, identificando os povos e comunidades tradicionais; b. Selecionar iniciativas e prestar o m\u00ednimo de 10 consultorias por munic\u00edpio; c. As consultorias de capacita\u00e7\u00e3o devem abordar a inser\u00e7\u00e3o dos empreendedores no mundo digital.","og_url":"https:\/\/ingesto.org.br\/en\/chamamento-publico-no-valor-de-r-760-mil-reais-para-qualquer-organizacao-do-terceiro-setor\/","og_site_name":"Ingesto","article_publisher":"https:\/\/www.facebook.com\/institutoingesto","article_published_time":"2022-03-16T17:15:48+00:00","og_image":[{"width":960,"height":635,"url":"https:\/\/ingesto.org.br\/wp-content\/uploads\/2022\/03\/economia-criativa.jpeg","type":"image\/jpeg"}],"author":"Ingesto","twitter_card":"summary_large_image","twitter_creator":"@Ingestos","twitter_site":"@Ingestos","twitter_misc":{"Written by":"Ingesto","Est. reading time":"5 minutes"},"schema":{"@context":"https:\/\/schema.org","@graph":[{"@type":"Article","@id":"https:\/\/ingesto.org.br\/chamamento-publico-no-valor-de-r-760-mil-reais-para-qualquer-organizacao-do-terceiro-setor\/#article","isPartOf":{"@id":"https:\/\/ingesto.org.br\/chamamento-publico-no-valor-de-r-760-mil-reais-para-qualquer-organizacao-do-terceiro-setor\/"},"author":{"name":"Ingesto","@id":"http:\/\/ingesto.org.br\/en\/#\/schema\/person\/b6b24d64bb11f377f79f5f35b9c466dc"},"headline":"Chamamento P\u00fablico no valor de R$ 760 Mil reais para qualquer Organiza\u00e7\u00e3o do Terceiro Setor!","datePublished":"2022-03-16T17:15:48+00:00","mainEntityOfPage":{"@id":"https:\/\/ingesto.org.br\/chamamento-publico-no-valor-de-r-760-mil-reais-para-qualquer-organizacao-do-terceiro-setor\/"},"wordCount":803,"commentCount":0,"publisher":{"@id":"http:\/\/ingesto.org.br\/en\/#organization"},"image":{"@id":"https:\/\/ingesto.org.br\/chamamento-publico-no-valor-de-r-760-mil-reais-para-qualquer-organizacao-do-terceiro-setor\/#primaryimage"},"thumbnailUrl":"https:\/\/ingesto.org.br\/wp-content\/uploads\/2022\/03\/economia-criativa.jpeg","keywords":["capital intelectual","Caravana","direitos humanos","economia solid\u00e1ria","edital","FIRJAN","IDH","Maraj\u00f3.","OSC"],"articleSection":["Chamamento P\u00fablico","Editais"],"inLanguage":"en-US","potentialAction":[{"@type":"CommentAction","name":"Comment","target":["https:\/\/ingesto.org.br\/chamamento-publico-no-valor-de-r-760-mil-reais-para-qualquer-organizacao-do-terceiro-setor\/#respond"]}]},{"@type":"WebPage","@id":"https:\/\/ingesto.org.br\/chamamento-publico-no-valor-de-r-760-mil-reais-para-qualquer-organizacao-do-terceiro-setor\/","url":"https:\/\/ingesto.org.br\/chamamento-publico-no-valor-de-r-760-mil-reais-para-qualquer-organizacao-do-terceiro-setor\/","name":"Chamamento P\u00fablico no valor de R$ 760 Mil reais para qualquer Organiza\u00e7\u00e3o do Terceiro Setor! - Ingesto","isPartOf":{"@id":"http:\/\/ingesto.org.br\/en\/#website"},"primaryImageOfPage":{"@id":"https:\/\/ingesto.org.br\/chamamento-publico-no-valor-de-r-760-mil-reais-para-qualquer-organizacao-do-terceiro-setor\/#primaryimage"},"image":{"@id":"https:\/\/ingesto.org.br\/chamamento-publico-no-valor-de-r-760-mil-reais-para-qualquer-organizacao-do-terceiro-setor\/#primaryimage"},"thumbnailUrl":"https:\/\/ingesto.org.br\/wp-content\/uploads\/2022\/03\/economia-criativa.jpeg","datePublished":"2022-03-16T17:15:48+00:00","breadcrumb":{"@id":"https:\/\/ingesto.org.br\/chamamento-publico-no-valor-de-r-760-mil-reais-para-qualquer-organizacao-do-terceiro-setor\/#breadcrumb"},"inLanguage":"en-US","potentialAction":[{"@type":"ReadAction","target":["https:\/\/ingesto.org.br\/chamamento-publico-no-valor-de-r-760-mil-reais-para-qualquer-organizacao-do-terceiro-setor\/"]}]},{"@type":"ImageObject","inLanguage":"en-US","@id":"https:\/\/ingesto.org.br\/chamamento-publico-no-valor-de-r-760-mil-reais-para-qualquer-organizacao-do-terceiro-setor\/#primaryimage","url":"https:\/\/ingesto.org.br\/wp-content\/uploads\/2022\/03\/economia-criativa.jpeg","contentUrl":"https:\/\/ingesto.org.br\/wp-content\/uploads\/2022\/03\/economia-criativa.jpeg","width":960,"height":635},{"@type":"BreadcrumbList","@id":"https:\/\/ingesto.org.br\/chamamento-publico-no-valor-de-r-760-mil-reais-para-qualquer-organizacao-do-terceiro-setor\/#breadcrumb","itemListElement":[{"@type":"ListItem","position":1,"name":"In\u00edcio","item":"https:\/\/ingesto.org.br\/"},{"@type":"ListItem","position":2,"name":"Chamamento P\u00fablico no valor de R$ 760 Mil reais para qualquer Organiza\u00e7\u00e3o do Terceiro Setor!"}]},{"@type":"WebSite","@id":"http:\/\/ingesto.org.br\/en\/#website","url":"http:\/\/ingesto.org.br\/en\/","name":"Institute","description":"Institute for Third Sector Management","publisher":{"@id":"http:\/\/ingesto.org.br\/en\/#organization"},"alternateName":"Ingesto","potentialAction":[{"@type":"SearchAction","target":{"@type":"EntryPoint","urlTemplate":"http:\/\/ingesto.org.br\/en\/?s={search_term_string}"},"query-input":{"@type":"PropertyValueSpecification","valueRequired":true,"valueName":"search_term_string"}}],"inLanguage":"en-US"},{"@type":"Organization","@id":"http:\/\/ingesto.org.br\/en\/#organization","name":"Ingesto","url":"http:\/\/ingesto.org.br\/en\/","logo":{"@type":"ImageObject","inLanguage":"en-US","@id":"http:\/\/ingesto.org.br\/en\/#\/schema\/logo\/image\/","url":"https:\/\/ingesto.org.br\/wp-content\/uploads\/2020\/11\/cropped-cropped-icone.png","contentUrl":"https:\/\/ingesto.org.br\/wp-content\/uploads\/2020\/11\/cropped-cropped-icone.png","width":512,"height":512,"caption":"Ingesto"},"image":{"@id":"http:\/\/ingesto.org.br\/en\/#\/schema\/logo\/image\/"},"sameAs":["https:\/\/www.facebook.com\/institutoingesto","https:\/\/x.com\/Ingestos","https:\/\/www.instagram.com\/institutoingesto\/","https:\/\/www.youtube.com\/@institutoingesto","https:\/\/www.linkedin.com\/in\/instituto-ingesto"]},{"@type":"Person","@id":"http:\/\/ingesto.org.br\/en\/#\/schema\/person\/b6b24d64bb11f377f79f5f35b9c466dc","name":"Ingesto","image":{"@type":"ImageObject","inLanguage":"en-US","@id":"https:\/\/ingesto.org.br\/wp-content\/litespeed\/avatar\/4d7201aed9dddada281d8ce59ea56991.jpg?ver=1776950236","url":"https:\/\/ingesto.org.br\/wp-content\/litespeed\/avatar\/4d7201aed9dddada281d8ce59ea56991.jpg?ver=1776950236","contentUrl":"https:\/\/ingesto.org.br\/wp-content\/litespeed\/avatar\/4d7201aed9dddada281d8ce59ea56991.jpg?ver=1776950236","caption":"Ingesto"},"sameAs":["http:\/\/ingesto.org.br"],"url":"https:\/\/ingesto.org.br\/en\/author\/instituto-ingesto\/"}]}},"jetpack_featured_media_url":"https:\/\/ingesto.org.br\/wp-content\/uploads\/2022\/03\/economia-criativa.jpeg","jetpack_shortlink":"https:\/\/wp.me\/peji5g-1Dk","acf":[],"_links":{"self":[{"href":"https:\/\/ingesto.org.br\/en\/wp-json\/wp\/v2\/posts\/6282","targetHints":{"allow":["GET"]}}],"collection":[{"href":"https:\/\/ingesto.org.br\/en\/wp-json\/wp\/v2\/posts"}],"about":[{"href":"https:\/\/ingesto.org.br\/en\/wp-json\/wp\/v2\/types\/post"}],"author":[{"embeddable":true,"href":"https:\/\/ingesto.org.br\/en\/wp-json\/wp\/v2\/users\/1"}],"replies":[{"embeddable":true,"href":"https:\/\/ingesto.org.br\/en\/wp-json\/wp\/v2\/comments?post=6282"}],"version-history":[{"count":0,"href":"https:\/\/ingesto.org.br\/en\/wp-json\/wp\/v2\/posts\/6282\/revisions"}],"wp:featuredmedia":[{"embeddable":true,"href":"https:\/\/ingesto.org.br\/en\/wp-json\/wp\/v2\/media\/6286"}],"wp:attachment":[{"href":"https:\/\/ingesto.org.br\/en\/wp-json\/wp\/v2\/media?parent=6282"}],"wp:term":[{"taxonomy":"category","embeddable":true,"href":"https:\/\/ingesto.org.br\/en\/wp-json\/wp\/v2\/categories?post=6282"},{"taxonomy":"post_tag","embeddable":true,"href":"https:\/\/ingesto.org.br\/en\/wp-json\/wp\/v2\/tags?post=6282"}],"curies":[{"name":"wp","href":"https:\/\/api.w.org\/{rel}","templated":true}]}}