{"id":6264,"date":"2022-02-21T07:23:56","date_gmt":"2022-02-21T10:23:56","guid":{"rendered":"https:\/\/rubenssantana.com\/?p=6264"},"modified":"2022-12-26T06:49:47","modified_gmt":"2022-12-26T09:49:47","slug":"ibm-lanca-programa-ambiental-para-organizacoes-do-terceiro-setor","status":"publish","type":"post","link":"https:\/\/ingesto.org.br\/en\/ibm-lanca-programa-ambiental-para-organizacoes-do-terceiro-setor\/","title":{"rendered":"IBM launches environmental program for Third Sector Organizations"},"content":{"rendered":"<div class=\"wp-block-jetpack-story wp-story\"><\/div>","protected":false},"excerpt":{"rendered":"<p>IBM launches environmental program for Third Sector Organizations<\/p>","protected":false},"author":1,"featured_media":9643,"comment_status":"closed","ping_status":"closed","sticky":false,"template":"","format":"standard","meta":{"give_campaign_id":0,"_yoast_wpseo_focuskw":"","_yoast_wpseo_title":"","_yoast_wpseo_metadesc":"","_joinchat":[],"footnotes":""},"categories":[29],"tags":[480,481,482,483,484,485,486,487,488,60,492,493,110,495,251,474,497,498,504,505,506],"class_list":["post-6264","post","type-post","status-publish","format-standard","has-post-thumbnail","hentry","category-noticias","tag-3setor","tag-3setorconectado","tag-3setorcuritiba","tag-3setorforte","tag-apae","tag-apaebrasil","tag-apaes","tag-apoiadorcultura","tag-apoiadorcultural","tag-associacao","tag-financiador","tag-financiadora","tag-fundacao","tag-ministerio-da-saude","tag-ongs","tag-organizacoes-da-sociedade-civil","tag-organizacoessociais","tag-oscip","tag-sindicato","tag-terceirosetor","tag-terceirosetorconectado"],"yoast_head":"<!-- This site is optimized with the Yoast SEO plugin v27.4 - https:\/\/yoast.com\/product\/yoast-seo-wordpress\/ -->\n<title>IBM lan\u00e7a programa ambiental para Organiza\u00e7\u00f5es do Terceiro Setor - Ingesto<\/title>\n<meta name=\"robots\" content=\"index, follow, max-snippet:-1, max-image-preview:large, max-video-preview:-1\" \/>\n<link rel=\"canonical\" href=\"https:\/\/ingesto.org.br\/en\/ibm-lanca-programa-ambiental-para-organizacoes-do-terceiro-setor\/\" \/>\n<meta property=\"og:locale\" content=\"en_US\" \/>\n<meta property=\"og:type\" content=\"article\" \/>\n<meta property=\"og:title\" content=\"IBM lan\u00e7a programa ambiental para Organiza\u00e7\u00f5es do Terceiro Setor - Ingesto\" \/>\n<meta property=\"og:description\" content=\"IBM lan\u00e7a programa ambiental para Organiza\u00e7\u00f5es do Terceiro Setor\" \/>\n<meta property=\"og:url\" content=\"https:\/\/ingesto.org.br\/en\/ibm-lanca-programa-ambiental-para-organizacoes-do-terceiro-setor\/\" \/>\n<meta property=\"og:site_name\" content=\"Ingesto\" \/>\n<meta property=\"article:publisher\" content=\"https:\/\/www.facebook.com\/institutoingesto\" \/>\n<meta property=\"article:published_time\" content=\"2022-02-21T10:23:56+00:00\" \/>\n<meta property=\"article:modified_time\" content=\"2022-12-26T09:49:47+00:00\" \/>\n<meta property=\"og:image\" content=\"https:\/\/ingesto.org.br\/wp-content\/uploads\/2022\/02\/ibm-1.jpg\" \/>\n\t<meta property=\"og:image:width\" content=\"771\" \/>\n\t<meta property=\"og:image:height\" content=\"588\" \/>\n\t<meta property=\"og:image:type\" content=\"image\/jpeg\" \/>\n<meta name=\"author\" content=\"Ingesto\" \/>\n<meta name=\"twitter:card\" content=\"summary_large_image\" \/>\n<meta name=\"twitter:creator\" content=\"@Ingestos\" \/>\n<meta name=\"twitter:site\" content=\"@Ingestos\" \/>\n<meta name=\"twitter:label1\" content=\"Written by\" \/>\n\t<meta name=\"twitter:data1\" content=\"Ingesto\" \/>\n<script type=\"application\/ld+json\" class=\"yoast-schema-graph\">{\"@context\":\"https:\\\/\\\/schema.org\",\"@graph\":[{\"@type\":\"Article\",\"@id\":\"https:\\\/\\\/ingesto.org.br\\\/ibm-lanca-programa-ambiental-para-organizacoes-do-terceiro-setor\\\/#article\",\"isPartOf\":{\"@id\":\"https:\\\/\\\/ingesto.org.br\\\/ibm-lanca-programa-ambiental-para-organizacoes-do-terceiro-setor\\\/\"},\"author\":{\"name\":\"Ingesto\",\"@id\":\"http:\\\/\\\/ingesto.org.br\\\/en\\\/#\\\/schema\\\/person\\\/b6b24d64bb11f377f79f5f35b9c466dc\"},\"headline\":\"IBM lan\u00e7a programa ambiental para Organiza\u00e7\u00f5es do Terceiro Setor\",\"datePublished\":\"2022-02-21T10:23:56+00:00\",\"dateModified\":\"2022-12-26T09:49:47+00:00\",\"mainEntityOfPage\":{\"@id\":\"https:\\\/\\\/ingesto.org.br\\\/ibm-lanca-programa-ambiental-para-organizacoes-do-terceiro-setor\\\/\"},\"wordCount\":11,\"publisher\":{\"@id\":\"http:\\\/\\\/ingesto.org.br\\\/en\\\/#organization\"},\"image\":{\"@id\":\"https:\\\/\\\/ingesto.org.br\\\/ibm-lanca-programa-ambiental-para-organizacoes-do-terceiro-setor\\\/#primaryimage\"},\"thumbnailUrl\":\"https:\\\/\\\/ingesto.org.br\\\/wp-content\\\/uploads\\\/2022\\\/02\\\/ibm-1.jpg\",\"keywords\":[\"3setor\",\"3setorconectado\",\"3setorcuritiba\",\"3setorforte\",\"apae\",\"apaebrasil\",\"apaes\",\"apoiadorcultura\",\"apoiadorcultural\",\"associa\u00e7\u00e3o\",\"Financiador\",\"financiadora\",\"funda\u00e7\u00e3o\",\"minist\u00e9rio da sa\u00fade\",\"ONGs\",\"Organiza\u00e7\u00f5es da Sociedade Civil\",\"organizacoessociais\",\"oscip\",\"sindicato\",\"terceirosetor\",\"terceirosetorconectado\"],\"articleSection\":[\"Not\u00edcias\"],\"inLanguage\":\"en-US\"},{\"@type\":\"WebPage\",\"@id\":\"https:\\\/\\\/ingesto.org.br\\\/ibm-lanca-programa-ambiental-para-organizacoes-do-terceiro-setor\\\/\",\"url\":\"https:\\\/\\\/ingesto.org.br\\\/ibm-lanca-programa-ambiental-para-organizacoes-do-terceiro-setor\\\/\",\"name\":\"IBM lan\u00e7a programa ambiental para Organiza\u00e7\u00f5es do Terceiro Setor - Ingesto\",\"isPartOf\":{\"@id\":\"http:\\\/\\\/ingesto.org.br\\\/en\\\/#website\"},\"primaryImageOfPage\":{\"@id\":\"https:\\\/\\\/ingesto.org.br\\\/ibm-lanca-programa-ambiental-para-organizacoes-do-terceiro-setor\\\/#primaryimage\"},\"image\":{\"@id\":\"https:\\\/\\\/ingesto.org.br\\\/ibm-lanca-programa-ambiental-para-organizacoes-do-terceiro-setor\\\/#primaryimage\"},\"thumbnailUrl\":\"https:\\\/\\\/ingesto.org.br\\\/wp-content\\\/uploads\\\/2022\\\/02\\\/ibm-1.jpg\",\"datePublished\":\"2022-02-21T10:23:56+00:00\",\"dateModified\":\"2022-12-26T09:49:47+00:00\",\"breadcrumb\":{\"@id\":\"https:\\\/\\\/ingesto.org.br\\\/ibm-lanca-programa-ambiental-para-organizacoes-do-terceiro-setor\\\/#breadcrumb\"},\"inLanguage\":\"en-US\",\"potentialAction\":[{\"@type\":\"ReadAction\",\"target\":[\"https:\\\/\\\/ingesto.org.br\\\/ibm-lanca-programa-ambiental-para-organizacoes-do-terceiro-setor\\\/\"]}]},{\"@type\":\"ImageObject\",\"inLanguage\":\"en-US\",\"@id\":\"https:\\\/\\\/ingesto.org.br\\\/ibm-lanca-programa-ambiental-para-organizacoes-do-terceiro-setor\\\/#primaryimage\",\"url\":\"https:\\\/\\\/ingesto.org.br\\\/wp-content\\\/uploads\\\/2022\\\/02\\\/ibm-1.jpg\",\"contentUrl\":\"https:\\\/\\\/ingesto.org.br\\\/wp-content\\\/uploads\\\/2022\\\/02\\\/ibm-1.jpg\",\"width\":771,\"height\":588},{\"@type\":\"BreadcrumbList\",\"@id\":\"https:\\\/\\\/ingesto.org.br\\\/ibm-lanca-programa-ambiental-para-organizacoes-do-terceiro-setor\\\/#breadcrumb\",\"itemListElement\":[{\"@type\":\"ListItem\",\"position\":1,\"name\":\"In\u00edcio\",\"item\":\"https:\\\/\\\/ingesto.org.br\\\/\"},{\"@type\":\"ListItem\",\"position\":2,\"name\":\"IBM lan\u00e7a programa ambiental para Organiza\u00e7\u00f5es do Terceiro Setor\"}]},{\"@type\":\"WebSite\",\"@id\":\"http:\\\/\\\/ingesto.org.br\\\/en\\\/#website\",\"url\":\"http:\\\/\\\/ingesto.org.br\\\/en\\\/\",\"name\":\"Instituto\",\"description\":\"Instituto para Gest\u00e3o do Terceiro Setor\",\"publisher\":{\"@id\":\"http:\\\/\\\/ingesto.org.br\\\/en\\\/#organization\"},\"alternateName\":\"Ingesto\",\"potentialAction\":[{\"@type\":\"SearchAction\",\"target\":{\"@type\":\"EntryPoint\",\"urlTemplate\":\"http:\\\/\\\/ingesto.org.br\\\/en\\\/?s={search_term_string}\"},\"query-input\":{\"@type\":\"PropertyValueSpecification\",\"valueRequired\":true,\"valueName\":\"search_term_string\"}}],\"inLanguage\":\"en-US\"},{\"@type\":\"Organization\",\"@id\":\"http:\\\/\\\/ingesto.org.br\\\/en\\\/#organization\",\"name\":\"Ingesto\",\"url\":\"http:\\\/\\\/ingesto.org.br\\\/en\\\/\",\"logo\":{\"@type\":\"ImageObject\",\"inLanguage\":\"en-US\",\"@id\":\"http:\\\/\\\/ingesto.org.br\\\/en\\\/#\\\/schema\\\/logo\\\/image\\\/\",\"url\":\"https:\\\/\\\/ingesto.org.br\\\/wp-content\\\/uploads\\\/2020\\\/11\\\/cropped-cropped-icone.png\",\"contentUrl\":\"https:\\\/\\\/ingesto.org.br\\\/wp-content\\\/uploads\\\/2020\\\/11\\\/cropped-cropped-icone.png\",\"width\":512,\"height\":512,\"caption\":\"Ingesto\"},\"image\":{\"@id\":\"http:\\\/\\\/ingesto.org.br\\\/en\\\/#\\\/schema\\\/logo\\\/image\\\/\"},\"sameAs\":[\"https:\\\/\\\/www.facebook.com\\\/institutoingesto\",\"https:\\\/\\\/x.com\\\/Ingestos\",\"https:\\\/\\\/www.instagram.com\\\/institutoingesto\\\/\",\"https:\\\/\\\/www.youtube.com\\\/@institutoingesto\",\"https:\\\/\\\/www.linkedin.com\\\/in\\\/instituto-ingesto\"]},{\"@type\":\"Person\",\"@id\":\"http:\\\/\\\/ingesto.org.br\\\/en\\\/#\\\/schema\\\/person\\\/b6b24d64bb11f377f79f5f35b9c466dc\",\"name\":\"Ingesto\",\"image\":{\"@type\":\"ImageObject\",\"inLanguage\":\"en-US\",\"@id\":\"https:\\\/\\\/ingesto.org.br\\\/wp-content\\\/litespeed\\\/avatar\\\/4d7201aed9dddada281d8ce59ea56991.jpg?ver=1776950236\",\"url\":\"https:\\\/\\\/ingesto.org.br\\\/wp-content\\\/litespeed\\\/avatar\\\/4d7201aed9dddada281d8ce59ea56991.jpg?ver=1776950236\",\"contentUrl\":\"https:\\\/\\\/ingesto.org.br\\\/wp-content\\\/litespeed\\\/avatar\\\/4d7201aed9dddada281d8ce59ea56991.jpg?ver=1776950236\",\"caption\":\"Ingesto\"},\"sameAs\":[\"http:\\\/\\\/ingesto.org.br\"],\"url\":\"https:\\\/\\\/ingesto.org.br\\\/en\\\/author\\\/instituto-ingesto\\\/\"}]}<\/script>\n<!-- \/ Yoast SEO plugin. -->","yoast_head_json":{"title":"IBM lan\u00e7a programa ambiental para Organiza\u00e7\u00f5es do Terceiro Setor - Ingesto","robots":{"index":"index","follow":"follow","max-snippet":"max-snippet:-1","max-image-preview":"max-image-preview:large","max-video-preview":"max-video-preview:-1"},"canonical":"https:\/\/ingesto.org.br\/en\/ibm-lanca-programa-ambiental-para-organizacoes-do-terceiro-setor\/","og_locale":"en_US","og_type":"article","og_title":"IBM lan\u00e7a programa ambiental para Organiza\u00e7\u00f5es do Terceiro Setor - Ingesto","og_description":"IBM lan\u00e7a programa ambiental para Organiza\u00e7\u00f5es do Terceiro Setor","og_url":"https:\/\/ingesto.org.br\/en\/ibm-lanca-programa-ambiental-para-organizacoes-do-terceiro-setor\/","og_site_name":"Ingesto","article_publisher":"https:\/\/www.facebook.com\/institutoingesto","article_published_time":"2022-02-21T10:23:56+00:00","article_modified_time":"2022-12-26T09:49:47+00:00","og_image":[{"width":771,"height":588,"url":"https:\/\/ingesto.org.br\/wp-content\/uploads\/2022\/02\/ibm-1.jpg","type":"image\/jpeg"}],"author":"Ingesto","twitter_card":"summary_large_image","twitter_creator":"@Ingestos","twitter_site":"@Ingestos","twitter_misc":{"Written by":"Ingesto"},"schema":{"@context":"https:\/\/schema.org","@graph":[{"@type":"Article","@id":"https:\/\/ingesto.org.br\/ibm-lanca-programa-ambiental-para-organizacoes-do-terceiro-setor\/#article","isPartOf":{"@id":"https:\/\/ingesto.org.br\/ibm-lanca-programa-ambiental-para-organizacoes-do-terceiro-setor\/"},"author":{"name":"Ingesto","@id":"http:\/\/ingesto.org.br\/en\/#\/schema\/person\/b6b24d64bb11f377f79f5f35b9c466dc"},"headline":"IBM lan\u00e7a programa ambiental para Organiza\u00e7\u00f5es do Terceiro Setor","datePublished":"2022-02-21T10:23:56+00:00","dateModified":"2022-12-26T09:49:47+00:00","mainEntityOfPage":{"@id":"https:\/\/ingesto.org.br\/ibm-lanca-programa-ambiental-para-organizacoes-do-terceiro-setor\/"},"wordCount":11,"publisher":{"@id":"http:\/\/ingesto.org.br\/en\/#organization"},"image":{"@id":"https:\/\/ingesto.org.br\/ibm-lanca-programa-ambiental-para-organizacoes-do-terceiro-setor\/#primaryimage"},"thumbnailUrl":"https:\/\/ingesto.org.br\/wp-content\/uploads\/2022\/02\/ibm-1.jpg","keywords":["3setor","3setorconectado","3setorcuritiba","3setorforte","apae","apaebrasil","apaes","apoiadorcultura","apoiadorcultural","associa\u00e7\u00e3o","Financiador","financiadora","funda\u00e7\u00e3o","minist\u00e9rio da sa\u00fade","ONGs","Organiza\u00e7\u00f5es da Sociedade Civil","organizacoessociais","oscip","sindicato","terceirosetor","terceirosetorconectado"],"articleSection":["Not\u00edcias"],"inLanguage":"en-US"},{"@type":"WebPage","@id":"https:\/\/ingesto.org.br\/ibm-lanca-programa-ambiental-para-organizacoes-do-terceiro-setor\/","url":"https:\/\/ingesto.org.br\/ibm-lanca-programa-ambiental-para-organizacoes-do-terceiro-setor\/","name":"IBM lan\u00e7a programa ambiental para Organiza\u00e7\u00f5es do Terceiro Setor - Ingesto","isPartOf":{"@id":"http:\/\/ingesto.org.br\/en\/#website"},"primaryImageOfPage":{"@id":"https:\/\/ingesto.org.br\/ibm-lanca-programa-ambiental-para-organizacoes-do-terceiro-setor\/#primaryimage"},"image":{"@id":"https:\/\/ingesto.org.br\/ibm-lanca-programa-ambiental-para-organizacoes-do-terceiro-setor\/#primaryimage"},"thumbnailUrl":"https:\/\/ingesto.org.br\/wp-content\/uploads\/2022\/02\/ibm-1.jpg","datePublished":"2022-02-21T10:23:56+00:00","dateModified":"2022-12-26T09:49:47+00:00","breadcrumb":{"@id":"https:\/\/ingesto.org.br\/ibm-lanca-programa-ambiental-para-organizacoes-do-terceiro-setor\/#breadcrumb"},"inLanguage":"en-US","potentialAction":[{"@type":"ReadAction","target":["https:\/\/ingesto.org.br\/ibm-lanca-programa-ambiental-para-organizacoes-do-terceiro-setor\/"]}]},{"@type":"ImageObject","inLanguage":"en-US","@id":"https:\/\/ingesto.org.br\/ibm-lanca-programa-ambiental-para-organizacoes-do-terceiro-setor\/#primaryimage","url":"https:\/\/ingesto.org.br\/wp-content\/uploads\/2022\/02\/ibm-1.jpg","contentUrl":"https:\/\/ingesto.org.br\/wp-content\/uploads\/2022\/02\/ibm-1.jpg","width":771,"height":588},{"@type":"BreadcrumbList","@id":"https:\/\/ingesto.org.br\/ibm-lanca-programa-ambiental-para-organizacoes-do-terceiro-setor\/#breadcrumb","itemListElement":[{"@type":"ListItem","position":1,"name":"In\u00edcio","item":"https:\/\/ingesto.org.br\/"},{"@type":"ListItem","position":2,"name":"IBM lan\u00e7a programa ambiental para Organiza\u00e7\u00f5es do Terceiro Setor"}]},{"@type":"WebSite","@id":"http:\/\/ingesto.org.br\/en\/#website","url":"http:\/\/ingesto.org.br\/en\/","name":"Institute","description":"Institute for Third Sector Management","publisher":{"@id":"http:\/\/ingesto.org.br\/en\/#organization"},"alternateName":"Ingesto","potentialAction":[{"@type":"SearchAction","target":{"@type":"EntryPoint","urlTemplate":"http:\/\/ingesto.org.br\/en\/?s={search_term_string}"},"query-input":{"@type":"PropertyValueSpecification","valueRequired":true,"valueName":"search_term_string"}}],"inLanguage":"en-US"},{"@type":"Organization","@id":"http:\/\/ingesto.org.br\/en\/#organization","name":"Ingesto","url":"http:\/\/ingesto.org.br\/en\/","logo":{"@type":"ImageObject","inLanguage":"en-US","@id":"http:\/\/ingesto.org.br\/en\/#\/schema\/logo\/image\/","url":"https:\/\/ingesto.org.br\/wp-content\/uploads\/2020\/11\/cropped-cropped-icone.png","contentUrl":"https:\/\/ingesto.org.br\/wp-content\/uploads\/2020\/11\/cropped-cropped-icone.png","width":512,"height":512,"caption":"Ingesto"},"image":{"@id":"http:\/\/ingesto.org.br\/en\/#\/schema\/logo\/image\/"},"sameAs":["https:\/\/www.facebook.com\/institutoingesto","https:\/\/x.com\/Ingestos","https:\/\/www.instagram.com\/institutoingesto\/","https:\/\/www.youtube.com\/@institutoingesto","https:\/\/www.linkedin.com\/in\/instituto-ingesto"]},{"@type":"Person","@id":"http:\/\/ingesto.org.br\/en\/#\/schema\/person\/b6b24d64bb11f377f79f5f35b9c466dc","name":"Ingesto","image":{"@type":"ImageObject","inLanguage":"en-US","@id":"https:\/\/ingesto.org.br\/wp-content\/litespeed\/avatar\/4d7201aed9dddada281d8ce59ea56991.jpg?ver=1776950236","url":"https:\/\/ingesto.org.br\/wp-content\/litespeed\/avatar\/4d7201aed9dddada281d8ce59ea56991.jpg?ver=1776950236","contentUrl":"https:\/\/ingesto.org.br\/wp-content\/litespeed\/avatar\/4d7201aed9dddada281d8ce59ea56991.jpg?ver=1776950236","caption":"Ingesto"},"sameAs":["http:\/\/ingesto.org.br"],"url":"https:\/\/ingesto.org.br\/en\/author\/instituto-ingesto\/"}]}},"jetpack_featured_media_url":"https:\/\/ingesto.org.br\/wp-content\/uploads\/2022\/02\/ibm-1.jpg","jetpack_shortlink":"https:\/\/wp.me\/peji5g-1D2","acf":[],"_links":{"self":[{"href":"https:\/\/ingesto.org.br\/en\/wp-json\/wp\/v2\/posts\/6264","targetHints":{"allow":["GET"]}}],"collection":[{"href":"https:\/\/ingesto.org.br\/en\/wp-json\/wp\/v2\/posts"}],"about":[{"href":"https:\/\/ingesto.org.br\/en\/wp-json\/wp\/v2\/types\/post"}],"author":[{"embeddable":true,"href":"https:\/\/ingesto.org.br\/en\/wp-json\/wp\/v2\/users\/1"}],"replies":[{"embeddable":true,"href":"https:\/\/ingesto.org.br\/en\/wp-json\/wp\/v2\/comments?post=6264"}],"version-history":[{"count":0,"href":"https:\/\/ingesto.org.br\/en\/wp-json\/wp\/v2\/posts\/6264\/revisions"}],"wp:featuredmedia":[{"embeddable":true,"href":"https:\/\/ingesto.org.br\/en\/wp-json\/wp\/v2\/media\/9643"}],"wp:attachment":[{"href":"https:\/\/ingesto.org.br\/en\/wp-json\/wp\/v2\/media?parent=6264"}],"wp:term":[{"taxonomy":"category","embeddable":true,"href":"https:\/\/ingesto.org.br\/en\/wp-json\/wp\/v2\/categories?post=6264"},{"taxonomy":"post_tag","embeddable":true,"href":"https:\/\/ingesto.org.br\/en\/wp-json\/wp\/v2\/tags?post=6264"}],"curies":[{"name":"wp","href":"https:\/\/api.w.org\/{rel}","templated":true}]}}