{"id":4072,"date":"2021-07-02T17:35:11","date_gmt":"2021-07-02T17:35:11","guid":{"rendered":"https:\/\/rubenssantana.com\/?p=4072"},"modified":"2021-07-02T17:35:11","modified_gmt":"2021-07-02T17:35:11","slug":"dia-1-o-de-julho-de-2021-foi-instituida-a-politica-de-inovacao-educacao-conectada-lei-n-o-14-180","status":"publish","type":"post","link":"https:\/\/ingesto.org.br\/en\/dia-1-o-de-julho-de-2021-foi-instituida-a-politica-de-inovacao-educacao-conectada-lei-n-o-14-180\/","title":{"rendered":"On July 1, 2021, the Connected Education Innovation Policy was established. Law No. 14,180."},"content":{"rendered":"<p>This legislation aims to support the universal access to high-speed internet and encourage the pedagogical use of digital technologies in basic education.<\/p>\n\n\n\n<p>The objective of the Connected Education Innovation Program, developed by the Ministry of Education and partners, is to support the universalization of access to high-speed internet and encourage the pedagogical use of digital technologies in Basic Education.<\/p>\n\n\n\n<p>The Connected Education Innovation Policy aims to combine efforts between bodies and entities from the Union, the States, the Federal District and Municipalities, schools, the business sector and <strong>sociedade civil<\/strong> to ensure the necessary conditions for the insertion of technology as a pedagogical tool for daily use in public basic education schools.<\/p>\n\n\n\n<p>Nesse sentido, o Programa fomenta a\u00e7\u00f5es como auxiliar que o ambiente escolar esteja preparado para receber a conex\u00e3o de internet, destinar aos professores a possibilidade de conhecerem novos conte\u00fados educacionais e proporcionar aos alunos o contato com as novas tecnologias educacionais.<\/p>\n\n\n\n<figure class=\"wp-block-embed aligncenter is-type-video is-provider-youtube wp-block-embed-youtube wp-embed-aspect-16-9 wp-has-aspect-ratio\"><div class=\"wp-block-embed__wrapper\">\n<iframe title=\"Connected Education Innovation Program \u2013 what it is and what objectives\" width=\"640\" height=\"360\" src=\"https:\/\/www.youtube.com\/embed\/tdRNf336L4E?feature=oembed\" frameborder=\"0\" allow=\"accelerometer; autoplay; clipboard-write; encrypted-media; gyroscope; picture-in-picture; web-share\" referrerpolicy=\"strict-origin-when-cross-origin\" allowfullscreen><\/iframe>\n<\/div><\/figure>\n\n\n\n<p>Sua implementa\u00e7\u00e3o passou por tr\u00eas fases: (1) indu\u00e7\u00e3o (2017 a 2018) para constru\u00e7\u00e3o e implanta\u00e7\u00e3o do Programa com metas estabelecidas para alcan\u00e7ar o atendimento de 44,6% dos alunos da educa\u00e7\u00e3o b\u00e1sica; (2) expans\u00e3o (2019 a 2021) com a amplia\u00e7\u00e3o da meta para 85% dos alunos da educa\u00e7\u00e3o b\u00e1sica e in\u00edcio da avalia\u00e7\u00e3o dos resultados; e (3) sustentabilidade (2022 a 2024) com o alcance de 100% dos alunos da educa\u00e7\u00e3o b\u00e1sica, transformando o Programa em Pol\u00edtica P\u00fablica de Inova\u00e7\u00e3o e Educa\u00e7\u00e3o Conectada.<\/p>\n\n\n\n<figure class=\"wp-block-image size-large\"><a href=\"https:\/\/rubenssantana.com\/wp-content\/uploads\/2021\/07\/infografico-1-oprograma.png\"><img fetchpriority=\"high\" decoding=\"async\" width=\"1024\" height=\"768\" src=\"https:\/\/rubenssantana.com\/wp-content\/uploads\/2021\/07\/infografico-1-oprograma.png\" alt=\"\" class=\"wp-image-4073\" srcset=\"https:\/\/ingesto.org.br\/wp-content\/uploads\/2021\/07\/infografico-1-oprograma.png 1024w, https:\/\/ingesto.org.br\/wp-content\/uploads\/2021\/07\/infografico-1-oprograma-300x225.png 300w, https:\/\/ingesto.org.br\/wp-content\/uploads\/2021\/07\/infografico-1-oprograma-768x576.png 768w, https:\/\/ingesto.org.br\/wp-content\/uploads\/2021\/07\/infografico-1-oprograma-600x450.png 600w\" sizes=\"(max-width: 1024px) 100vw, 1024px\" \/><\/a><\/figure>\n\n\n\n<p>Follow the link to the Legislation for information: <a href=\"https:\/\/rubenssantana.com\/wp-content\/uploads\/2021\/07\/L14180_Institui_Politica_Inovacao_Educacao_Conectada.pdf\">Law No. 14,180\/2021.<\/a><\/p>\n\n\n\n<figure class=\"wp-block-embed aligncenter is-type-video is-provider-youtube wp-block-embed-youtube wp-embed-aspect-16-9 wp-has-aspect-ratio\"><div class=\"wp-block-embed__wrapper\">\n<iframe title=\"Connected Education Innovation Program - Use of Resources\" width=\"640\" height=\"360\" src=\"https:\/\/www.youtube.com\/embed\/BSoq2DTMdyM?feature=oembed\" frameborder=\"0\" allow=\"accelerometer; autoplay; clipboard-write; encrypted-media; gyroscope; picture-in-picture; web-share\" referrerpolicy=\"strict-origin-when-cross-origin\" allowfullscreen><\/iframe>\n<\/div><\/figure>\n\n\n\n<p style=\"font-size:10px\">Information extracted from the website: educacaoconecetada<\/p>","protected":false},"excerpt":{"rendered":"<p>The objective of the Connected Education Innovation Program, developed by the Ministry of Education and partners, is to support the universalization of access to high-speed internet and encourage the pedagogical use of digital technologies in Basic Education.<\/p>","protected":false},"author":1,"featured_media":4075,"comment_status":"open","ping_status":"open","sticky":false,"template":"","format":"standard","meta":{"give_campaign_id":0,"_yoast_wpseo_focuskw":"","_yoast_wpseo_title":"","_yoast_wpseo_metadesc":"","_joinchat":[],"footnotes":""},"categories":[29],"tags":[480,481,482,483,484,485,486,487,488,489,492,493,494,495,251,474,497,498,499,500,501,502,503,504,505,506,507],"class_list":["post-4072","post","type-post","status-publish","format-standard","has-post-thumbnail","hentry","category-noticias","tag-3setor","tag-3setorconectado","tag-3setorcuritiba","tag-3setorforte","tag-apae","tag-apaebrasil","tag-apaes","tag-apoiadorcultura","tag-apoiadorcultural","tag-associacao-2","tag-financiador","tag-financiadora","tag-fundacao-2","tag-ministerio-da-saude","tag-ongs","tag-organizacoes-da-sociedade-civil","tag-organizacoessociais","tag-oscip","tag-processo-de-credenciamento","tag-programa-nacional","tag-projetossociais","tag-pronas","tag-pronon","tag-sindicato","tag-terceirosetor","tag-terceirosetorconectado","tag-voluntariado"],"yoast_head":"<!-- This site is optimized with the Yoast SEO plugin v27.5 - https:\/\/yoast.com\/product\/yoast-seo-wordpress\/ -->\n<title>Dia 1.\u00ba de Julho de 2021 foi institu\u00edda a Pol\u00edtica de Inova\u00e7\u00e3o Educa\u00e7\u00e3o Conectada. Lei n.\u00ba 14.180. - Ingesto<\/title>\n<meta name=\"robots\" content=\"index, follow, max-snippet:-1, max-image-preview:large, max-video-preview:-1\" \/>\n<link rel=\"canonical\" href=\"https:\/\/ingesto.org.br\/en\/dia-1-o-de-julho-de-2021-foi-instituida-a-politica-de-inovacao-educacao-conectada-lei-n-o-14-180\/\" \/>\n<meta property=\"og:locale\" content=\"en_US\" \/>\n<meta property=\"og:type\" content=\"article\" \/>\n<meta property=\"og:title\" content=\"Dia 1.\u00ba de Julho de 2021 foi institu\u00edda a Pol\u00edtica de Inova\u00e7\u00e3o Educa\u00e7\u00e3o Conectada. Lei n.\u00ba 14.180. - Ingesto\" \/>\n<meta property=\"og:description\" content=\"O objetivo do Programa de Inova\u00e7\u00e3o Educa\u00e7\u00e3o Conectada, desenvolvido pelo Minist\u00e9rio da Educa\u00e7\u00e3o e parceiros, \u00e9 apoiar a universaliza\u00e7\u00e3o do acesso \u00e0 internet de alta velocidade e fomentar o uso pedag\u00f3gico de tecnologias digitais na Educa\u00e7\u00e3o B\u00e1sica.\" \/>\n<meta property=\"og:url\" content=\"https:\/\/ingesto.org.br\/en\/dia-1-o-de-julho-de-2021-foi-instituida-a-politica-de-inovacao-educacao-conectada-lei-n-o-14-180\/\" \/>\n<meta property=\"og:site_name\" content=\"Ingesto\" \/>\n<meta property=\"article:publisher\" content=\"https:\/\/www.facebook.com\/institutoingesto\" \/>\n<meta property=\"article:published_time\" content=\"2021-07-02T17:35:11+00:00\" \/>\n<meta property=\"og:image\" content=\"https:\/\/ingesto.org.br\/wp-content\/uploads\/2021\/07\/educacaoconectada.png\" \/>\n\t<meta property=\"og:image:width\" content=\"264\" \/>\n\t<meta property=\"og:image:height\" content=\"178\" \/>\n\t<meta property=\"og:image:type\" content=\"image\/png\" \/>\n<meta name=\"author\" content=\"Ingesto\" \/>\n<meta name=\"twitter:card\" content=\"summary_large_image\" \/>\n<meta name=\"twitter:creator\" content=\"@Ingestos\" \/>\n<meta name=\"twitter:site\" content=\"@Ingestos\" \/>\n<meta name=\"twitter:label1\" content=\"Written by\" \/>\n\t<meta name=\"twitter:data1\" content=\"Ingesto\" \/>\n\t<meta name=\"twitter:label2\" content=\"Est. reading time\" \/>\n\t<meta name=\"twitter:data2\" content=\"2 minutes\" \/>\n<script type=\"application\/ld+json\" class=\"yoast-schema-graph\">{\"@context\":\"https:\\\/\\\/schema.org\",\"@graph\":[{\"@type\":\"Article\",\"@id\":\"https:\\\/\\\/ingesto.org.br\\\/en\\\/dia-1-o-de-julho-de-2021-foi-instituida-a-politica-de-inovacao-educacao-conectada-lei-n-o-14-180\\\/#article\",\"isPartOf\":{\"@id\":\"https:\\\/\\\/ingesto.org.br\\\/en\\\/dia-1-o-de-julho-de-2021-foi-instituida-a-politica-de-inovacao-educacao-conectada-lei-n-o-14-180\\\/\"},\"author\":{\"name\":\"Ingesto\",\"@id\":\"http:\\\/\\\/ingesto.org.br\\\/en\\\/#\\\/schema\\\/person\\\/b6b24d64bb11f377f79f5f35b9c466dc\"},\"headline\":\"Dia 1.\u00ba de Julho de 2021 foi institu\u00edda a Pol\u00edtica de Inova\u00e7\u00e3o Educa\u00e7\u00e3o Conectada. Lei n.\u00ba 14.180.\",\"datePublished\":\"2021-07-02T17:35:11+00:00\",\"mainEntityOfPage\":{\"@id\":\"https:\\\/\\\/ingesto.org.br\\\/en\\\/dia-1-o-de-julho-de-2021-foi-instituida-a-politica-de-inovacao-educacao-conectada-lei-n-o-14-180\\\/\"},\"wordCount\":314,\"commentCount\":0,\"publisher\":{\"@id\":\"http:\\\/\\\/ingesto.org.br\\\/en\\\/#organization\"},\"image\":{\"@id\":\"https:\\\/\\\/ingesto.org.br\\\/en\\\/dia-1-o-de-julho-de-2021-foi-instituida-a-politica-de-inovacao-educacao-conectada-lei-n-o-14-180\\\/#primaryimage\"},\"thumbnailUrl\":\"https:\\\/\\\/ingesto.org.br\\\/wp-content\\\/uploads\\\/2021\\\/07\\\/educacaoconectada.png\",\"keywords\":[\"3setor\",\"3setorconectado\",\"3setorcuritiba\",\"3setorforte\",\"apae\",\"apaebrasil\",\"apaes\",\"apoiadorcultura\",\"apoiadorcultural\",\"associacao\",\"Financiador\",\"financiadora\",\"fundacao\",\"minist\u00e9rio da sa\u00fade\",\"ONGs\",\"Organiza\u00e7\u00f5es da Sociedade Civil\",\"organizacoessociais\",\"oscip\",\"processo de credenciamento\",\"programa nacional\",\"projetossociais\",\"pronas\",\"pronon\",\"sindicato\",\"terceirosetor\",\"terceirosetorconectado\",\"voluntariado\"],\"articleSection\":[\"Not\u00edcias\"],\"inLanguage\":\"en-US\",\"potentialAction\":[{\"@type\":\"CommentAction\",\"name\":\"Comment\",\"target\":[\"https:\\\/\\\/ingesto.org.br\\\/en\\\/dia-1-o-de-julho-de-2021-foi-instituida-a-politica-de-inovacao-educacao-conectada-lei-n-o-14-180\\\/#respond\"]}]},{\"@type\":\"WebPage\",\"@id\":\"https:\\\/\\\/ingesto.org.br\\\/en\\\/dia-1-o-de-julho-de-2021-foi-instituida-a-politica-de-inovacao-educacao-conectada-lei-n-o-14-180\\\/\",\"url\":\"https:\\\/\\\/ingesto.org.br\\\/en\\\/dia-1-o-de-julho-de-2021-foi-instituida-a-politica-de-inovacao-educacao-conectada-lei-n-o-14-180\\\/\",\"name\":\"Dia 1.\u00ba de Julho de 2021 foi institu\u00edda a Pol\u00edtica de Inova\u00e7\u00e3o Educa\u00e7\u00e3o Conectada. Lei n.\u00ba 14.180. - Ingesto\",\"isPartOf\":{\"@id\":\"http:\\\/\\\/ingesto.org.br\\\/en\\\/#website\"},\"primaryImageOfPage\":{\"@id\":\"https:\\\/\\\/ingesto.org.br\\\/en\\\/dia-1-o-de-julho-de-2021-foi-instituida-a-politica-de-inovacao-educacao-conectada-lei-n-o-14-180\\\/#primaryimage\"},\"image\":{\"@id\":\"https:\\\/\\\/ingesto.org.br\\\/en\\\/dia-1-o-de-julho-de-2021-foi-instituida-a-politica-de-inovacao-educacao-conectada-lei-n-o-14-180\\\/#primaryimage\"},\"thumbnailUrl\":\"https:\\\/\\\/ingesto.org.br\\\/wp-content\\\/uploads\\\/2021\\\/07\\\/educacaoconectada.png\",\"datePublished\":\"2021-07-02T17:35:11+00:00\",\"breadcrumb\":{\"@id\":\"https:\\\/\\\/ingesto.org.br\\\/en\\\/dia-1-o-de-julho-de-2021-foi-instituida-a-politica-de-inovacao-educacao-conectada-lei-n-o-14-180\\\/#breadcrumb\"},\"inLanguage\":\"en-US\",\"potentialAction\":[{\"@type\":\"ReadAction\",\"target\":[\"https:\\\/\\\/ingesto.org.br\\\/en\\\/dia-1-o-de-julho-de-2021-foi-instituida-a-politica-de-inovacao-educacao-conectada-lei-n-o-14-180\\\/\"]}]},{\"@type\":\"ImageObject\",\"inLanguage\":\"en-US\",\"@id\":\"https:\\\/\\\/ingesto.org.br\\\/en\\\/dia-1-o-de-julho-de-2021-foi-instituida-a-politica-de-inovacao-educacao-conectada-lei-n-o-14-180\\\/#primaryimage\",\"url\":\"https:\\\/\\\/ingesto.org.br\\\/wp-content\\\/uploads\\\/2021\\\/07\\\/educacaoconectada.png\",\"contentUrl\":\"https:\\\/\\\/ingesto.org.br\\\/wp-content\\\/uploads\\\/2021\\\/07\\\/educacaoconectada.png\",\"width\":264,\"height\":178},{\"@type\":\"BreadcrumbList\",\"@id\":\"https:\\\/\\\/ingesto.org.br\\\/en\\\/dia-1-o-de-julho-de-2021-foi-instituida-a-politica-de-inovacao-educacao-conectada-lei-n-o-14-180\\\/#breadcrumb\",\"itemListElement\":[{\"@type\":\"ListItem\",\"position\":1,\"name\":\"In\u00edcio\",\"item\":\"https:\\\/\\\/ingesto.org.br\\\/\"},{\"@type\":\"ListItem\",\"position\":2,\"name\":\"Dia 1.\u00ba de Julho de 2021 foi institu\u00edda a Pol\u00edtica de Inova\u00e7\u00e3o Educa\u00e7\u00e3o Conectada. Lei n.\u00ba 14.180.\"}]},{\"@type\":\"WebSite\",\"@id\":\"http:\\\/\\\/ingesto.org.br\\\/en\\\/#website\",\"url\":\"http:\\\/\\\/ingesto.org.br\\\/en\\\/\",\"name\":\"Instituto\",\"description\":\"Instituto para Gest\u00e3o do Terceiro Setor\",\"publisher\":{\"@id\":\"http:\\\/\\\/ingesto.org.br\\\/en\\\/#organization\"},\"alternateName\":\"Ingesto\",\"potentialAction\":[{\"@type\":\"SearchAction\",\"target\":{\"@type\":\"EntryPoint\",\"urlTemplate\":\"http:\\\/\\\/ingesto.org.br\\\/en\\\/?s={search_term_string}\"},\"query-input\":{\"@type\":\"PropertyValueSpecification\",\"valueRequired\":true,\"valueName\":\"search_term_string\"}}],\"inLanguage\":\"en-US\"},{\"@type\":\"Organization\",\"@id\":\"http:\\\/\\\/ingesto.org.br\\\/en\\\/#organization\",\"name\":\"Ingesto\",\"url\":\"http:\\\/\\\/ingesto.org.br\\\/en\\\/\",\"logo\":{\"@type\":\"ImageObject\",\"inLanguage\":\"en-US\",\"@id\":\"http:\\\/\\\/ingesto.org.br\\\/en\\\/#\\\/schema\\\/logo\\\/image\\\/\",\"url\":\"https:\\\/\\\/ingesto.org.br\\\/wp-content\\\/uploads\\\/2020\\\/11\\\/cropped-cropped-icone.png\",\"contentUrl\":\"https:\\\/\\\/ingesto.org.br\\\/wp-content\\\/uploads\\\/2020\\\/11\\\/cropped-cropped-icone.png\",\"width\":512,\"height\":512,\"caption\":\"Ingesto\"},\"image\":{\"@id\":\"http:\\\/\\\/ingesto.org.br\\\/en\\\/#\\\/schema\\\/logo\\\/image\\\/\"},\"sameAs\":[\"https:\\\/\\\/www.facebook.com\\\/institutoingesto\",\"https:\\\/\\\/x.com\\\/Ingestos\",\"https:\\\/\\\/www.instagram.com\\\/institutoingesto\\\/\",\"https:\\\/\\\/www.youtube.com\\\/@institutoingesto\",\"https:\\\/\\\/www.linkedin.com\\\/in\\\/instituto-ingesto\"]},{\"@type\":\"Person\",\"@id\":\"http:\\\/\\\/ingesto.org.br\\\/en\\\/#\\\/schema\\\/person\\\/b6b24d64bb11f377f79f5f35b9c466dc\",\"name\":\"Ingesto\",\"image\":{\"@type\":\"ImageObject\",\"inLanguage\":\"en-US\",\"@id\":\"https:\\\/\\\/ingesto.org.br\\\/wp-content\\\/litespeed\\\/avatar\\\/4d7201aed9dddada281d8ce59ea56991.jpg?ver=1777502375\",\"url\":\"https:\\\/\\\/ingesto.org.br\\\/wp-content\\\/litespeed\\\/avatar\\\/4d7201aed9dddada281d8ce59ea56991.jpg?ver=1777502375\",\"contentUrl\":\"https:\\\/\\\/ingesto.org.br\\\/wp-content\\\/litespeed\\\/avatar\\\/4d7201aed9dddada281d8ce59ea56991.jpg?ver=1777502375\",\"caption\":\"Ingesto\"},\"sameAs\":[\"http:\\\/\\\/ingesto.org.br\"],\"url\":\"https:\\\/\\\/ingesto.org.br\\\/en\\\/author\\\/instituto-ingesto\\\/\"}]}<\/script>\n<!-- \/ Yoast SEO plugin. -->","yoast_head_json":{"title":"Dia 1.\u00ba de Julho de 2021 foi institu\u00edda a Pol\u00edtica de Inova\u00e7\u00e3o Educa\u00e7\u00e3o Conectada. Lei n.\u00ba 14.180. - Ingesto","robots":{"index":"index","follow":"follow","max-snippet":"max-snippet:-1","max-image-preview":"max-image-preview:large","max-video-preview":"max-video-preview:-1"},"canonical":"https:\/\/ingesto.org.br\/en\/dia-1-o-de-julho-de-2021-foi-instituida-a-politica-de-inovacao-educacao-conectada-lei-n-o-14-180\/","og_locale":"en_US","og_type":"article","og_title":"Dia 1.\u00ba de Julho de 2021 foi institu\u00edda a Pol\u00edtica de Inova\u00e7\u00e3o Educa\u00e7\u00e3o Conectada. Lei n.\u00ba 14.180. - Ingesto","og_description":"O objetivo do Programa de Inova\u00e7\u00e3o Educa\u00e7\u00e3o Conectada, desenvolvido pelo Minist\u00e9rio da Educa\u00e7\u00e3o e parceiros, \u00e9 apoiar a universaliza\u00e7\u00e3o do acesso \u00e0 internet de alta velocidade e fomentar o uso pedag\u00f3gico de tecnologias digitais na Educa\u00e7\u00e3o B\u00e1sica.","og_url":"https:\/\/ingesto.org.br\/en\/dia-1-o-de-julho-de-2021-foi-instituida-a-politica-de-inovacao-educacao-conectada-lei-n-o-14-180\/","og_site_name":"Ingesto","article_publisher":"https:\/\/www.facebook.com\/institutoingesto","article_published_time":"2021-07-02T17:35:11+00:00","og_image":[{"width":264,"height":178,"url":"https:\/\/ingesto.org.br\/wp-content\/uploads\/2021\/07\/educacaoconectada.png","type":"image\/png"}],"author":"Ingesto","twitter_card":"summary_large_image","twitter_creator":"@Ingestos","twitter_site":"@Ingestos","twitter_misc":{"Written by":"Ingesto","Est. reading time":"2 minutes"},"schema":{"@context":"https:\/\/schema.org","@graph":[{"@type":"Article","@id":"https:\/\/ingesto.org.br\/en\/dia-1-o-de-julho-de-2021-foi-instituida-a-politica-de-inovacao-educacao-conectada-lei-n-o-14-180\/#article","isPartOf":{"@id":"https:\/\/ingesto.org.br\/en\/dia-1-o-de-julho-de-2021-foi-instituida-a-politica-de-inovacao-educacao-conectada-lei-n-o-14-180\/"},"author":{"name":"Ingesto","@id":"http:\/\/ingesto.org.br\/en\/#\/schema\/person\/b6b24d64bb11f377f79f5f35b9c466dc"},"headline":"Dia 1.\u00ba de Julho de 2021 foi institu\u00edda a Pol\u00edtica de Inova\u00e7\u00e3o Educa\u00e7\u00e3o Conectada. Lei n.\u00ba 14.180.","datePublished":"2021-07-02T17:35:11+00:00","mainEntityOfPage":{"@id":"https:\/\/ingesto.org.br\/en\/dia-1-o-de-julho-de-2021-foi-instituida-a-politica-de-inovacao-educacao-conectada-lei-n-o-14-180\/"},"wordCount":314,"commentCount":0,"publisher":{"@id":"http:\/\/ingesto.org.br\/en\/#organization"},"image":{"@id":"https:\/\/ingesto.org.br\/en\/dia-1-o-de-julho-de-2021-foi-instituida-a-politica-de-inovacao-educacao-conectada-lei-n-o-14-180\/#primaryimage"},"thumbnailUrl":"https:\/\/ingesto.org.br\/wp-content\/uploads\/2021\/07\/educacaoconectada.png","keywords":["3setor","3setorconectado","3setorcuritiba","3setorforte","apae","apaebrasil","apaes","apoiadorcultura","apoiadorcultural","associacao","Financiador","financiadora","fundacao","minist\u00e9rio da sa\u00fade","ONGs","Organiza\u00e7\u00f5es da Sociedade Civil","organizacoessociais","oscip","processo de credenciamento","programa nacional","projetossociais","pronas","pronon","sindicato","terceirosetor","terceirosetorconectado","voluntariado"],"articleSection":["Not\u00edcias"],"inLanguage":"en-US","potentialAction":[{"@type":"CommentAction","name":"Comment","target":["https:\/\/ingesto.org.br\/en\/dia-1-o-de-julho-de-2021-foi-instituida-a-politica-de-inovacao-educacao-conectada-lei-n-o-14-180\/#respond"]}]},{"@type":"WebPage","@id":"https:\/\/ingesto.org.br\/en\/dia-1-o-de-julho-de-2021-foi-instituida-a-politica-de-inovacao-educacao-conectada-lei-n-o-14-180\/","url":"https:\/\/ingesto.org.br\/en\/dia-1-o-de-julho-de-2021-foi-instituida-a-politica-de-inovacao-educacao-conectada-lei-n-o-14-180\/","name":"Dia 1.\u00ba de Julho de 2021 foi institu\u00edda a Pol\u00edtica de Inova\u00e7\u00e3o Educa\u00e7\u00e3o Conectada. Lei n.\u00ba 14.180. - Ingesto","isPartOf":{"@id":"http:\/\/ingesto.org.br\/en\/#website"},"primaryImageOfPage":{"@id":"https:\/\/ingesto.org.br\/en\/dia-1-o-de-julho-de-2021-foi-instituida-a-politica-de-inovacao-educacao-conectada-lei-n-o-14-180\/#primaryimage"},"image":{"@id":"https:\/\/ingesto.org.br\/en\/dia-1-o-de-julho-de-2021-foi-instituida-a-politica-de-inovacao-educacao-conectada-lei-n-o-14-180\/#primaryimage"},"thumbnailUrl":"https:\/\/ingesto.org.br\/wp-content\/uploads\/2021\/07\/educacaoconectada.png","datePublished":"2021-07-02T17:35:11+00:00","breadcrumb":{"@id":"https:\/\/ingesto.org.br\/en\/dia-1-o-de-julho-de-2021-foi-instituida-a-politica-de-inovacao-educacao-conectada-lei-n-o-14-180\/#breadcrumb"},"inLanguage":"en-US","potentialAction":[{"@type":"ReadAction","target":["https:\/\/ingesto.org.br\/en\/dia-1-o-de-julho-de-2021-foi-instituida-a-politica-de-inovacao-educacao-conectada-lei-n-o-14-180\/"]}]},{"@type":"ImageObject","inLanguage":"en-US","@id":"https:\/\/ingesto.org.br\/en\/dia-1-o-de-julho-de-2021-foi-instituida-a-politica-de-inovacao-educacao-conectada-lei-n-o-14-180\/#primaryimage","url":"https:\/\/ingesto.org.br\/wp-content\/uploads\/2021\/07\/educacaoconectada.png","contentUrl":"https:\/\/ingesto.org.br\/wp-content\/uploads\/2021\/07\/educacaoconectada.png","width":264,"height":178},{"@type":"BreadcrumbList","@id":"https:\/\/ingesto.org.br\/en\/dia-1-o-de-julho-de-2021-foi-instituida-a-politica-de-inovacao-educacao-conectada-lei-n-o-14-180\/#breadcrumb","itemListElement":[{"@type":"ListItem","position":1,"name":"In\u00edcio","item":"https:\/\/ingesto.org.br\/"},{"@type":"ListItem","position":2,"name":"Dia 1.\u00ba de Julho de 2021 foi institu\u00edda a Pol\u00edtica de Inova\u00e7\u00e3o Educa\u00e7\u00e3o Conectada. Lei n.\u00ba 14.180."}]},{"@type":"WebSite","@id":"http:\/\/ingesto.org.br\/en\/#website","url":"http:\/\/ingesto.org.br\/en\/","name":"Institute","description":"Institute for Third Sector Management","publisher":{"@id":"http:\/\/ingesto.org.br\/en\/#organization"},"alternateName":"Ingesto","potentialAction":[{"@type":"SearchAction","target":{"@type":"EntryPoint","urlTemplate":"http:\/\/ingesto.org.br\/en\/?s={search_term_string}"},"query-input":{"@type":"PropertyValueSpecification","valueRequired":true,"valueName":"search_term_string"}}],"inLanguage":"en-US"},{"@type":"Organization","@id":"http:\/\/ingesto.org.br\/en\/#organization","name":"Ingesto","url":"http:\/\/ingesto.org.br\/en\/","logo":{"@type":"ImageObject","inLanguage":"en-US","@id":"http:\/\/ingesto.org.br\/en\/#\/schema\/logo\/image\/","url":"https:\/\/ingesto.org.br\/wp-content\/uploads\/2020\/11\/cropped-cropped-icone.png","contentUrl":"https:\/\/ingesto.org.br\/wp-content\/uploads\/2020\/11\/cropped-cropped-icone.png","width":512,"height":512,"caption":"Ingesto"},"image":{"@id":"http:\/\/ingesto.org.br\/en\/#\/schema\/logo\/image\/"},"sameAs":["https:\/\/www.facebook.com\/institutoingesto","https:\/\/x.com\/Ingestos","https:\/\/www.instagram.com\/institutoingesto\/","https:\/\/www.youtube.com\/@institutoingesto","https:\/\/www.linkedin.com\/in\/instituto-ingesto"]},{"@type":"Person","@id":"http:\/\/ingesto.org.br\/en\/#\/schema\/person\/b6b24d64bb11f377f79f5f35b9c466dc","name":"Ingesto","image":{"@type":"ImageObject","inLanguage":"en-US","@id":"https:\/\/ingesto.org.br\/wp-content\/litespeed\/avatar\/4d7201aed9dddada281d8ce59ea56991.jpg?ver=1777502375","url":"https:\/\/ingesto.org.br\/wp-content\/litespeed\/avatar\/4d7201aed9dddada281d8ce59ea56991.jpg?ver=1777502375","contentUrl":"https:\/\/ingesto.org.br\/wp-content\/litespeed\/avatar\/4d7201aed9dddada281d8ce59ea56991.jpg?ver=1777502375","caption":"Ingesto"},"sameAs":["http:\/\/ingesto.org.br"],"url":"https:\/\/ingesto.org.br\/en\/author\/instituto-ingesto\/"}]}},"jetpack_featured_media_url":"https:\/\/ingesto.org.br\/wp-content\/uploads\/2021\/07\/educacaoconectada.png","jetpack_shortlink":"https:\/\/wp.me\/peji5g-13G","acf":[],"_links":{"self":[{"href":"https:\/\/ingesto.org.br\/en\/wp-json\/wp\/v2\/posts\/4072","targetHints":{"allow":["GET"]}}],"collection":[{"href":"https:\/\/ingesto.org.br\/en\/wp-json\/wp\/v2\/posts"}],"about":[{"href":"https:\/\/ingesto.org.br\/en\/wp-json\/wp\/v2\/types\/post"}],"author":[{"embeddable":true,"href":"https:\/\/ingesto.org.br\/en\/wp-json\/wp\/v2\/users\/1"}],"replies":[{"embeddable":true,"href":"https:\/\/ingesto.org.br\/en\/wp-json\/wp\/v2\/comments?post=4072"}],"version-history":[{"count":0,"href":"https:\/\/ingesto.org.br\/en\/wp-json\/wp\/v2\/posts\/4072\/revisions"}],"wp:featuredmedia":[{"embeddable":true,"href":"https:\/\/ingesto.org.br\/en\/wp-json\/wp\/v2\/media\/4075"}],"wp:attachment":[{"href":"https:\/\/ingesto.org.br\/en\/wp-json\/wp\/v2\/media?parent=4072"}],"wp:term":[{"taxonomy":"category","embeddable":true,"href":"https:\/\/ingesto.org.br\/en\/wp-json\/wp\/v2\/categories?post=4072"},{"taxonomy":"post_tag","embeddable":true,"href":"https:\/\/ingesto.org.br\/en\/wp-json\/wp\/v2\/tags?post=4072"}],"curies":[{"name":"wp","href":"https:\/\/api.w.org\/{rel}","templated":true}]}}