{"id":4050,"date":"2021-07-01T12:15:00","date_gmt":"2021-07-01T12:15:00","guid":{"rendered":"https:\/\/rubenssantana.com\/?p=4050"},"modified":"2021-07-01T12:15:00","modified_gmt":"2021-07-01T12:15:00","slug":"cartilha-jovem-aprendiz-erradicando-o-trabalho-infantil","status":"publish","type":"post","link":"https:\/\/ingesto.org.br\/en\/cartilha-jovem-aprendiz-erradicando-o-trabalho-infantil\/","title":{"rendered":"Young Apprentice Booklet \u2013 Eradicating Child Labor!"},"content":{"rendered":"<p>To mark June 12th, National and International Day to Combat Child Labor, the Ministry of Women, Family and Human Rights (MMFDH), through the National Secretariat for the Rights of Children and Adolescents (SNDCA), launches a booklet containing clarifications and information on the eradication of child labor and the valorization of apprentice work, which aims to guide readers, especially families, companies and young people aged 14 to 24.<\/p>\n\n\n\n<div class=\"wp-block-image\"><figure class=\"aligncenter size-large\"><a href=\"https:\/\/rubenssantana.com\/wp-content\/uploads\/2021\/06\/image-1.png\"><img fetchpriority=\"high\" decoding=\"async\" width=\"473\" height=\"596\" src=\"https:\/\/rubenssantana.com\/wp-content\/uploads\/2021\/06\/image-1.png\" alt=\"\" class=\"wp-image-4053\" srcset=\"https:\/\/ingesto.org.br\/wp-content\/uploads\/2021\/06\/image-1.png 473w, https:\/\/ingesto.org.br\/wp-content\/uploads\/2021\/06\/image-1-238x300.png 238w\" sizes=\"(max-width: 473px) 100vw, 473px\" \/><\/a><figcaption>Eradication of Child Labor<\/figcaption><\/figure><\/div>\n\n\n\n<p>Tal iniciativa divulga, de forma objetiva e acess\u00edvel, a import\u00e2ncia da data em refer\u00eancia para a garantia da prote\u00e7\u00e3o integral \u00e0 crian\u00e7a e ao adolescente no contexto das rela\u00e7\u00f5es de trabalho no pa\u00eds, em condi\u00e7\u00f5es dignas e saud\u00e1veis para todos, por meio de&nbsp;Guia Pr\u00e1tico, com o objetivo de mobilizar e sensibilizar a sociedade sobre a import\u00e2ncia da erradica\u00e7\u00e3o do trabalho infantil, ao tempo em que chama a aten\u00e7\u00e3o para a valoriza\u00e7\u00e3o do trabalho do aprendiz.&nbsp;<\/p>\n\n\n\n<p>In this sense, we count on your support in disseminating the attached publication, so that we can promote advances in public policy to eradicate child labor and value the work of young apprentices in Brazil.<\/p>\n\n\n\n<div class=\"wp-block-image\"><figure class=\"aligncenter size-large\"><a href=\"https:\/\/rubenssantana.com\/wp-content\/uploads\/2021\/06\/image-2.png\"><img decoding=\"async\" width=\"479\" height=\"648\" src=\"https:\/\/rubenssantana.com\/wp-content\/uploads\/2021\/06\/image-2.png\" alt=\"\" class=\"wp-image-4054\" srcset=\"https:\/\/ingesto.org.br\/wp-content\/uploads\/2021\/06\/image-2.png 479w, https:\/\/ingesto.org.br\/wp-content\/uploads\/2021\/06\/image-2-222x300.png 222w\" sizes=\"(max-width: 479px) 100vw, 479px\" \/><\/a><\/figure><\/div>\n\n\n\n<p>In time, we inform you that the General Coordination for the Promotion of the Rights of Children and Adolescents is available to resolve any doubts via telephone (61) 2027-3848 or email\u00a0<a href=\"mailto:cgpdca@mdh.gov.br\">cgpdca@mdh.gov.br<\/a>.<\/p>\n\n\n\n<p><a href=\"https:\/\/rubenssantana.com\/wp-content\/uploads\/2021\/06\/Cartilha-Jovem-Aprendiz.pdf\">Young Apprentice Booklet Link<\/a><\/p>\n\n\n\n<p style=\"font-size:10px\">National Secretariat for the Rights of Children and Adolescents.\u200b\u200b<\/p>","protected":false},"excerpt":{"rendered":"<p>Importance of the date in reference to guaranteeing full protection for children and adolescents in the context of labor relations in the country, in dignified and healthy conditions for all, through a Practical Guide, with the aim of mobilizing and raising awareness in society about the importance of eradicating child labor, while drawing attention to valuing the work of apprentices. <\/p>","protected":false},"author":1,"featured_media":4051,"comment_status":"open","ping_status":"open","sticky":true,"template":"","format":"standard","meta":{"give_campaign_id":0,"_yoast_wpseo_focuskw":"","_yoast_wpseo_title":"","_yoast_wpseo_metadesc":"","_joinchat":[],"footnotes":""},"categories":[29],"tags":[1066,736,617,1067,1068,1069],"class_list":["post-4050","post","type-post","status-publish","format-standard","has-post-thumbnail","hentry","category-noticias","tag-aprendiz","tag-empresas","tag-jovem","tag-jovem-aprendiz","tag-ministerio-da-familia","tag-trabalho-infantil"],"yoast_head":"<!-- This site is optimized with the Yoast SEO plugin v27.4 - https:\/\/yoast.com\/product\/yoast-seo-wordpress\/ -->\n<title>Cartilha Jovem Aprendiz - Erradicando o Trabalho Infantil! - Ingesto<\/title>\n<meta name=\"robots\" content=\"index, follow, max-snippet:-1, max-image-preview:large, max-video-preview:-1\" \/>\n<link rel=\"canonical\" href=\"https:\/\/ingesto.org.br\/en\/cartilha-jovem-aprendiz-erradicando-o-trabalho-infantil\/\" \/>\n<meta property=\"og:locale\" content=\"en_US\" \/>\n<meta property=\"og:type\" content=\"article\" \/>\n<meta property=\"og:title\" content=\"Cartilha Jovem Aprendiz - Erradicando o Trabalho Infantil! - Ingesto\" \/>\n<meta property=\"og:description\" content=\"Import\u00e2ncia da data em refer\u00eancia para a garantia da prote\u00e7\u00e3o integral \u00e0 crian\u00e7a e ao adolescente no contexto das rela\u00e7\u00f5es de trabalho no pa\u00eds, em condi\u00e7\u00f5es dignas e saud\u00e1veis para todos, por meio de Guia Pr\u00e1tico, com o objetivo de mobilizar e sensibilizar a sociedade sobre a import\u00e2ncia da erradica\u00e7\u00e3o do trabalho infantil, ao tempo em que chama a aten\u00e7\u00e3o para a valoriza\u00e7\u00e3o do trabalho do aprendiz.\" \/>\n<meta property=\"og:url\" content=\"https:\/\/ingesto.org.br\/en\/cartilha-jovem-aprendiz-erradicando-o-trabalho-infantil\/\" \/>\n<meta property=\"og:site_name\" content=\"Ingesto\" \/>\n<meta property=\"article:publisher\" content=\"https:\/\/www.facebook.com\/institutoingesto\" \/>\n<meta property=\"article:published_time\" content=\"2021-07-01T12:15:00+00:00\" \/>\n<meta property=\"og:image\" content=\"https:\/\/ingesto.org.br\/wp-content\/uploads\/2021\/06\/cartilha-jovem-aprendiz.png\" \/>\n\t<meta property=\"og:image:width\" content=\"952\" \/>\n\t<meta property=\"og:image:height\" content=\"790\" \/>\n\t<meta property=\"og:image:type\" content=\"image\/png\" \/>\n<meta name=\"author\" content=\"Ingesto\" \/>\n<meta name=\"twitter:card\" content=\"summary_large_image\" \/>\n<meta name=\"twitter:creator\" content=\"@Ingestos\" \/>\n<meta name=\"twitter:site\" content=\"@Ingestos\" \/>\n<meta name=\"twitter:label1\" content=\"Written by\" \/>\n\t<meta name=\"twitter:data1\" content=\"Ingesto\" \/>\n\t<meta name=\"twitter:label2\" content=\"Est. reading time\" \/>\n\t<meta name=\"twitter:data2\" content=\"2 minutes\" \/>\n<script type=\"application\/ld+json\" class=\"yoast-schema-graph\">{\"@context\":\"https:\\\/\\\/schema.org\",\"@graph\":[{\"@type\":\"Article\",\"@id\":\"https:\\\/\\\/ingesto.org.br\\\/en\\\/cartilha-jovem-aprendiz-erradicando-o-trabalho-infantil\\\/#article\",\"isPartOf\":{\"@id\":\"https:\\\/\\\/ingesto.org.br\\\/en\\\/cartilha-jovem-aprendiz-erradicando-o-trabalho-infantil\\\/\"},\"author\":{\"name\":\"Ingesto\",\"@id\":\"http:\\\/\\\/ingesto.org.br\\\/en\\\/#\\\/schema\\\/person\\\/b6b24d64bb11f377f79f5f35b9c466dc\"},\"headline\":\"Cartilha Jovem Aprendiz &#8211; Erradicando o Trabalho Infantil!\",\"datePublished\":\"2021-07-01T12:15:00+00:00\",\"mainEntityOfPage\":{\"@id\":\"https:\\\/\\\/ingesto.org.br\\\/en\\\/cartilha-jovem-aprendiz-erradicando-o-trabalho-infantil\\\/\"},\"wordCount\":284,\"commentCount\":0,\"publisher\":{\"@id\":\"http:\\\/\\\/ingesto.org.br\\\/en\\\/#organization\"},\"image\":{\"@id\":\"https:\\\/\\\/ingesto.org.br\\\/en\\\/cartilha-jovem-aprendiz-erradicando-o-trabalho-infantil\\\/#primaryimage\"},\"thumbnailUrl\":\"https:\\\/\\\/ingesto.org.br\\\/wp-content\\\/uploads\\\/2021\\\/06\\\/cartilha-jovem-aprendiz.png\",\"keywords\":[\"aprendiz\",\"Empresas\",\"jovem\",\"jovem aprendiz\",\"minist\u00e9rio da familia\",\"trabalho infantil\"],\"articleSection\":[\"Not\u00edcias\"],\"inLanguage\":\"en-US\",\"potentialAction\":[{\"@type\":\"CommentAction\",\"name\":\"Comment\",\"target\":[\"https:\\\/\\\/ingesto.org.br\\\/en\\\/cartilha-jovem-aprendiz-erradicando-o-trabalho-infantil\\\/#respond\"]}]},{\"@type\":\"WebPage\",\"@id\":\"https:\\\/\\\/ingesto.org.br\\\/en\\\/cartilha-jovem-aprendiz-erradicando-o-trabalho-infantil\\\/\",\"url\":\"https:\\\/\\\/ingesto.org.br\\\/en\\\/cartilha-jovem-aprendiz-erradicando-o-trabalho-infantil\\\/\",\"name\":\"Cartilha Jovem Aprendiz - Erradicando o Trabalho Infantil! - Ingesto\",\"isPartOf\":{\"@id\":\"http:\\\/\\\/ingesto.org.br\\\/en\\\/#website\"},\"primaryImageOfPage\":{\"@id\":\"https:\\\/\\\/ingesto.org.br\\\/en\\\/cartilha-jovem-aprendiz-erradicando-o-trabalho-infantil\\\/#primaryimage\"},\"image\":{\"@id\":\"https:\\\/\\\/ingesto.org.br\\\/en\\\/cartilha-jovem-aprendiz-erradicando-o-trabalho-infantil\\\/#primaryimage\"},\"thumbnailUrl\":\"https:\\\/\\\/ingesto.org.br\\\/wp-content\\\/uploads\\\/2021\\\/06\\\/cartilha-jovem-aprendiz.png\",\"datePublished\":\"2021-07-01T12:15:00+00:00\",\"breadcrumb\":{\"@id\":\"https:\\\/\\\/ingesto.org.br\\\/en\\\/cartilha-jovem-aprendiz-erradicando-o-trabalho-infantil\\\/#breadcrumb\"},\"inLanguage\":\"en-US\",\"potentialAction\":[{\"@type\":\"ReadAction\",\"target\":[\"https:\\\/\\\/ingesto.org.br\\\/en\\\/cartilha-jovem-aprendiz-erradicando-o-trabalho-infantil\\\/\"]}]},{\"@type\":\"ImageObject\",\"inLanguage\":\"en-US\",\"@id\":\"https:\\\/\\\/ingesto.org.br\\\/en\\\/cartilha-jovem-aprendiz-erradicando-o-trabalho-infantil\\\/#primaryimage\",\"url\":\"https:\\\/\\\/ingesto.org.br\\\/wp-content\\\/uploads\\\/2021\\\/06\\\/cartilha-jovem-aprendiz.png\",\"contentUrl\":\"https:\\\/\\\/ingesto.org.br\\\/wp-content\\\/uploads\\\/2021\\\/06\\\/cartilha-jovem-aprendiz.png\",\"width\":952,\"height\":790},{\"@type\":\"BreadcrumbList\",\"@id\":\"https:\\\/\\\/ingesto.org.br\\\/en\\\/cartilha-jovem-aprendiz-erradicando-o-trabalho-infantil\\\/#breadcrumb\",\"itemListElement\":[{\"@type\":\"ListItem\",\"position\":1,\"name\":\"In\u00edcio\",\"item\":\"https:\\\/\\\/ingesto.org.br\\\/\"},{\"@type\":\"ListItem\",\"position\":2,\"name\":\"Cartilha Jovem Aprendiz &#8211; Erradicando o Trabalho Infantil!\"}]},{\"@type\":\"WebSite\",\"@id\":\"http:\\\/\\\/ingesto.org.br\\\/en\\\/#website\",\"url\":\"http:\\\/\\\/ingesto.org.br\\\/en\\\/\",\"name\":\"Instituto\",\"description\":\"Instituto para Gest\u00e3o do Terceiro Setor\",\"publisher\":{\"@id\":\"http:\\\/\\\/ingesto.org.br\\\/en\\\/#organization\"},\"alternateName\":\"Ingesto\",\"potentialAction\":[{\"@type\":\"SearchAction\",\"target\":{\"@type\":\"EntryPoint\",\"urlTemplate\":\"http:\\\/\\\/ingesto.org.br\\\/en\\\/?s={search_term_string}\"},\"query-input\":{\"@type\":\"PropertyValueSpecification\",\"valueRequired\":true,\"valueName\":\"search_term_string\"}}],\"inLanguage\":\"en-US\"},{\"@type\":\"Organization\",\"@id\":\"http:\\\/\\\/ingesto.org.br\\\/en\\\/#organization\",\"name\":\"Ingesto\",\"url\":\"http:\\\/\\\/ingesto.org.br\\\/en\\\/\",\"logo\":{\"@type\":\"ImageObject\",\"inLanguage\":\"en-US\",\"@id\":\"http:\\\/\\\/ingesto.org.br\\\/en\\\/#\\\/schema\\\/logo\\\/image\\\/\",\"url\":\"https:\\\/\\\/ingesto.org.br\\\/wp-content\\\/uploads\\\/2020\\\/11\\\/cropped-cropped-icone.png\",\"contentUrl\":\"https:\\\/\\\/ingesto.org.br\\\/wp-content\\\/uploads\\\/2020\\\/11\\\/cropped-cropped-icone.png\",\"width\":512,\"height\":512,\"caption\":\"Ingesto\"},\"image\":{\"@id\":\"http:\\\/\\\/ingesto.org.br\\\/en\\\/#\\\/schema\\\/logo\\\/image\\\/\"},\"sameAs\":[\"https:\\\/\\\/www.facebook.com\\\/institutoingesto\",\"https:\\\/\\\/x.com\\\/Ingestos\",\"https:\\\/\\\/www.instagram.com\\\/institutoingesto\\\/\",\"https:\\\/\\\/www.youtube.com\\\/@institutoingesto\",\"https:\\\/\\\/www.linkedin.com\\\/in\\\/instituto-ingesto\"]},{\"@type\":\"Person\",\"@id\":\"http:\\\/\\\/ingesto.org.br\\\/en\\\/#\\\/schema\\\/person\\\/b6b24d64bb11f377f79f5f35b9c466dc\",\"name\":\"Ingesto\",\"image\":{\"@type\":\"ImageObject\",\"inLanguage\":\"en-US\",\"@id\":\"https:\\\/\\\/ingesto.org.br\\\/wp-content\\\/litespeed\\\/avatar\\\/4d7201aed9dddada281d8ce59ea56991.jpg?ver=1776950236\",\"url\":\"https:\\\/\\\/ingesto.org.br\\\/wp-content\\\/litespeed\\\/avatar\\\/4d7201aed9dddada281d8ce59ea56991.jpg?ver=1776950236\",\"contentUrl\":\"https:\\\/\\\/ingesto.org.br\\\/wp-content\\\/litespeed\\\/avatar\\\/4d7201aed9dddada281d8ce59ea56991.jpg?ver=1776950236\",\"caption\":\"Ingesto\"},\"sameAs\":[\"http:\\\/\\\/ingesto.org.br\"],\"url\":\"https:\\\/\\\/ingesto.org.br\\\/en\\\/author\\\/instituto-ingesto\\\/\"}]}<\/script>\n<!-- \/ Yoast SEO plugin. -->","yoast_head_json":{"title":"Cartilha Jovem Aprendiz - Erradicando o Trabalho Infantil! - Ingesto","robots":{"index":"index","follow":"follow","max-snippet":"max-snippet:-1","max-image-preview":"max-image-preview:large","max-video-preview":"max-video-preview:-1"},"canonical":"https:\/\/ingesto.org.br\/en\/cartilha-jovem-aprendiz-erradicando-o-trabalho-infantil\/","og_locale":"en_US","og_type":"article","og_title":"Cartilha Jovem Aprendiz - Erradicando o Trabalho Infantil! - Ingesto","og_description":"Import\u00e2ncia da data em refer\u00eancia para a garantia da prote\u00e7\u00e3o integral \u00e0 crian\u00e7a e ao adolescente no contexto das rela\u00e7\u00f5es de trabalho no pa\u00eds, em condi\u00e7\u00f5es dignas e saud\u00e1veis para todos, por meio de Guia Pr\u00e1tico, com o objetivo de mobilizar e sensibilizar a sociedade sobre a import\u00e2ncia da erradica\u00e7\u00e3o do trabalho infantil, ao tempo em que chama a aten\u00e7\u00e3o para a valoriza\u00e7\u00e3o do trabalho do aprendiz.","og_url":"https:\/\/ingesto.org.br\/en\/cartilha-jovem-aprendiz-erradicando-o-trabalho-infantil\/","og_site_name":"Ingesto","article_publisher":"https:\/\/www.facebook.com\/institutoingesto","article_published_time":"2021-07-01T12:15:00+00:00","og_image":[{"width":952,"height":790,"url":"https:\/\/ingesto.org.br\/wp-content\/uploads\/2021\/06\/cartilha-jovem-aprendiz.png","type":"image\/png"}],"author":"Ingesto","twitter_card":"summary_large_image","twitter_creator":"@Ingestos","twitter_site":"@Ingestos","twitter_misc":{"Written by":"Ingesto","Est. reading time":"2 minutes"},"schema":{"@context":"https:\/\/schema.org","@graph":[{"@type":"Article","@id":"https:\/\/ingesto.org.br\/en\/cartilha-jovem-aprendiz-erradicando-o-trabalho-infantil\/#article","isPartOf":{"@id":"https:\/\/ingesto.org.br\/en\/cartilha-jovem-aprendiz-erradicando-o-trabalho-infantil\/"},"author":{"name":"Ingesto","@id":"http:\/\/ingesto.org.br\/en\/#\/schema\/person\/b6b24d64bb11f377f79f5f35b9c466dc"},"headline":"Cartilha Jovem Aprendiz &#8211; Erradicando o Trabalho Infantil!","datePublished":"2021-07-01T12:15:00+00:00","mainEntityOfPage":{"@id":"https:\/\/ingesto.org.br\/en\/cartilha-jovem-aprendiz-erradicando-o-trabalho-infantil\/"},"wordCount":284,"commentCount":0,"publisher":{"@id":"http:\/\/ingesto.org.br\/en\/#organization"},"image":{"@id":"https:\/\/ingesto.org.br\/en\/cartilha-jovem-aprendiz-erradicando-o-trabalho-infantil\/#primaryimage"},"thumbnailUrl":"https:\/\/ingesto.org.br\/wp-content\/uploads\/2021\/06\/cartilha-jovem-aprendiz.png","keywords":["aprendiz","Empresas","jovem","jovem aprendiz","minist\u00e9rio da familia","trabalho infantil"],"articleSection":["Not\u00edcias"],"inLanguage":"en-US","potentialAction":[{"@type":"CommentAction","name":"Comment","target":["https:\/\/ingesto.org.br\/en\/cartilha-jovem-aprendiz-erradicando-o-trabalho-infantil\/#respond"]}]},{"@type":"WebPage","@id":"https:\/\/ingesto.org.br\/en\/cartilha-jovem-aprendiz-erradicando-o-trabalho-infantil\/","url":"https:\/\/ingesto.org.br\/en\/cartilha-jovem-aprendiz-erradicando-o-trabalho-infantil\/","name":"Cartilha Jovem Aprendiz - Erradicando o Trabalho Infantil! - Ingesto","isPartOf":{"@id":"http:\/\/ingesto.org.br\/en\/#website"},"primaryImageOfPage":{"@id":"https:\/\/ingesto.org.br\/en\/cartilha-jovem-aprendiz-erradicando-o-trabalho-infantil\/#primaryimage"},"image":{"@id":"https:\/\/ingesto.org.br\/en\/cartilha-jovem-aprendiz-erradicando-o-trabalho-infantil\/#primaryimage"},"thumbnailUrl":"https:\/\/ingesto.org.br\/wp-content\/uploads\/2021\/06\/cartilha-jovem-aprendiz.png","datePublished":"2021-07-01T12:15:00+00:00","breadcrumb":{"@id":"https:\/\/ingesto.org.br\/en\/cartilha-jovem-aprendiz-erradicando-o-trabalho-infantil\/#breadcrumb"},"inLanguage":"en-US","potentialAction":[{"@type":"ReadAction","target":["https:\/\/ingesto.org.br\/en\/cartilha-jovem-aprendiz-erradicando-o-trabalho-infantil\/"]}]},{"@type":"ImageObject","inLanguage":"en-US","@id":"https:\/\/ingesto.org.br\/en\/cartilha-jovem-aprendiz-erradicando-o-trabalho-infantil\/#primaryimage","url":"https:\/\/ingesto.org.br\/wp-content\/uploads\/2021\/06\/cartilha-jovem-aprendiz.png","contentUrl":"https:\/\/ingesto.org.br\/wp-content\/uploads\/2021\/06\/cartilha-jovem-aprendiz.png","width":952,"height":790},{"@type":"BreadcrumbList","@id":"https:\/\/ingesto.org.br\/en\/cartilha-jovem-aprendiz-erradicando-o-trabalho-infantil\/#breadcrumb","itemListElement":[{"@type":"ListItem","position":1,"name":"In\u00edcio","item":"https:\/\/ingesto.org.br\/"},{"@type":"ListItem","position":2,"name":"Cartilha Jovem Aprendiz &#8211; Erradicando o Trabalho Infantil!"}]},{"@type":"WebSite","@id":"http:\/\/ingesto.org.br\/en\/#website","url":"http:\/\/ingesto.org.br\/en\/","name":"Institute","description":"Institute for Third Sector Management","publisher":{"@id":"http:\/\/ingesto.org.br\/en\/#organization"},"alternateName":"Ingesto","potentialAction":[{"@type":"SearchAction","target":{"@type":"EntryPoint","urlTemplate":"http:\/\/ingesto.org.br\/en\/?s={search_term_string}"},"query-input":{"@type":"PropertyValueSpecification","valueRequired":true,"valueName":"search_term_string"}}],"inLanguage":"en-US"},{"@type":"Organization","@id":"http:\/\/ingesto.org.br\/en\/#organization","name":"Ingesto","url":"http:\/\/ingesto.org.br\/en\/","logo":{"@type":"ImageObject","inLanguage":"en-US","@id":"http:\/\/ingesto.org.br\/en\/#\/schema\/logo\/image\/","url":"https:\/\/ingesto.org.br\/wp-content\/uploads\/2020\/11\/cropped-cropped-icone.png","contentUrl":"https:\/\/ingesto.org.br\/wp-content\/uploads\/2020\/11\/cropped-cropped-icone.png","width":512,"height":512,"caption":"Ingesto"},"image":{"@id":"http:\/\/ingesto.org.br\/en\/#\/schema\/logo\/image\/"},"sameAs":["https:\/\/www.facebook.com\/institutoingesto","https:\/\/x.com\/Ingestos","https:\/\/www.instagram.com\/institutoingesto\/","https:\/\/www.youtube.com\/@institutoingesto","https:\/\/www.linkedin.com\/in\/instituto-ingesto"]},{"@type":"Person","@id":"http:\/\/ingesto.org.br\/en\/#\/schema\/person\/b6b24d64bb11f377f79f5f35b9c466dc","name":"Ingesto","image":{"@type":"ImageObject","inLanguage":"en-US","@id":"https:\/\/ingesto.org.br\/wp-content\/litespeed\/avatar\/4d7201aed9dddada281d8ce59ea56991.jpg?ver=1776950236","url":"https:\/\/ingesto.org.br\/wp-content\/litespeed\/avatar\/4d7201aed9dddada281d8ce59ea56991.jpg?ver=1776950236","contentUrl":"https:\/\/ingesto.org.br\/wp-content\/litespeed\/avatar\/4d7201aed9dddada281d8ce59ea56991.jpg?ver=1776950236","caption":"Ingesto"},"sameAs":["http:\/\/ingesto.org.br"],"url":"https:\/\/ingesto.org.br\/en\/author\/instituto-ingesto\/"}]}},"jetpack_featured_media_url":"https:\/\/ingesto.org.br\/wp-content\/uploads\/2021\/06\/cartilha-jovem-aprendiz.png","jetpack_shortlink":"https:\/\/wp.me\/peji5g-13k","acf":[],"_links":{"self":[{"href":"https:\/\/ingesto.org.br\/en\/wp-json\/wp\/v2\/posts\/4050","targetHints":{"allow":["GET"]}}],"collection":[{"href":"https:\/\/ingesto.org.br\/en\/wp-json\/wp\/v2\/posts"}],"about":[{"href":"https:\/\/ingesto.org.br\/en\/wp-json\/wp\/v2\/types\/post"}],"author":[{"embeddable":true,"href":"https:\/\/ingesto.org.br\/en\/wp-json\/wp\/v2\/users\/1"}],"replies":[{"embeddable":true,"href":"https:\/\/ingesto.org.br\/en\/wp-json\/wp\/v2\/comments?post=4050"}],"version-history":[{"count":0,"href":"https:\/\/ingesto.org.br\/en\/wp-json\/wp\/v2\/posts\/4050\/revisions"}],"wp:featuredmedia":[{"embeddable":true,"href":"https:\/\/ingesto.org.br\/en\/wp-json\/wp\/v2\/media\/4051"}],"wp:attachment":[{"href":"https:\/\/ingesto.org.br\/en\/wp-json\/wp\/v2\/media?parent=4050"}],"wp:term":[{"taxonomy":"category","embeddable":true,"href":"https:\/\/ingesto.org.br\/en\/wp-json\/wp\/v2\/categories?post=4050"},{"taxonomy":"post_tag","embeddable":true,"href":"https:\/\/ingesto.org.br\/en\/wp-json\/wp\/v2\/tags?post=4050"}],"curies":[{"name":"wp","href":"https:\/\/api.w.org\/{rel}","templated":true}]}}