{"id":3065,"date":"2021-04-08T14:34:18","date_gmt":"2021-04-08T14:34:18","guid":{"rendered":"http:\/\/rubenssantana.com\/?p=3065"},"modified":"2021-04-08T14:34:18","modified_gmt":"2021-04-08T14:34:18","slug":"prazos-para-captacao-de-recursos-junto-ao-orcamento-geral-da-uniao-para-o-terceiro-setor","status":"publish","type":"post","link":"https:\/\/ingesto.org.br\/en\/prazos-para-captacao-de-recursos-junto-ao-orcamento-geral-da-uniao-para-o-terceiro-setor\/","title":{"rendered":"Deadlines for Raising Funds from the General Union Budget for the Third Sector!"},"content":{"rendered":"<figure class=\"wp-block-embed is-type-video is-provider-youtube wp-block-embed-youtube wp-embed-aspect-16-9 wp-has-aspect-ratio\"><div class=\"wp-block-embed__wrapper\">\n<iframe title=\"Fundraising for the Third Sector in conjunction with the 2021 General Union Budget!\" width=\"640\" height=\"360\" src=\"https:\/\/www.youtube.com\/embed\/DMcUUVKNcDA?feature=oembed\" frameborder=\"0\" allow=\"accelerometer; autoplay; clipboard-write; encrypted-media; gyroscope; picture-in-picture; web-share\" referrerpolicy=\"strict-origin-when-cross-origin\" allowfullscreen><\/iframe>\n<\/div><\/figure>\n\n\n\n<figure class=\"wp-block-image size-large is-style-default\"><a href=\"http:\/\/rubenssantana.com\/wp-content\/uploads\/2021\/04\/Cover.png\"><img fetchpriority=\"high\" decoding=\"async\" width=\"1024\" height=\"576\" src=\"http:\/\/rubenssantana.com\/wp-content\/uploads\/2021\/04\/Cover-1024x576.png\" alt=\"CAPTA\u00c7\u00c3O DE RECURSOSTerceiro SetorOr\u00e7amento Geral da Uni\u00e3oAinda d\u00e1 tempo de Captar Recursos para o Terceiro Setor junto ao Or\u00e7amento Geral da Uni\u00e3o de 2021?\" class=\"wp-image-3083\" srcset=\"https:\/\/ingesto.org.br\/wp-content\/uploads\/2021\/04\/Cover-1024x576.png 1024w, https:\/\/ingesto.org.br\/wp-content\/uploads\/2021\/04\/Cover-300x169.png 300w, https:\/\/ingesto.org.br\/wp-content\/uploads\/2021\/04\/Cover-768x432.png 768w, https:\/\/ingesto.org.br\/wp-content\/uploads\/2021\/04\/Cover-1536x864.png 1536w, https:\/\/ingesto.org.br\/wp-content\/uploads\/2021\/04\/Cover-600x338.png 600w, https:\/\/ingesto.org.br\/wp-content\/uploads\/2021\/04\/Cover.png 1920w\" sizes=\"(max-width: 1024px) 100vw, 1024px\" \/><\/a><figcaption>Ainda d\u00e1 tempo de Captar Recursos para o Terceiro Setor junto ao Or\u00e7amento Geral da Uni\u00e3o de 2021?<\/figcaption><\/figure>\n\n\n\n<figure class=\"wp-block-image size-large\"><a href=\"http:\/\/rubenssantana.com\/wp-content\/uploads\/2021\/04\/Cover-2.png\"><img decoding=\"async\" width=\"1024\" height=\"576\" src=\"http:\/\/rubenssantana.com\/wp-content\/uploads\/2021\/04\/Cover-2-1024x576.png\" alt=\"Bloco I: Introdu\u00e7\u00e3o - 5 minBloco II: Prazos - 10 minBloco III: Exig\u00eancias - 10 minBloco IV: Caminhos - 10 minBloco V: Erros - 10 minBloco VI: Perguntas e Respostas  - 10 minBloco VII: Encerramento - 5 min\" class=\"wp-image-3066\" srcset=\"https:\/\/ingesto.org.br\/wp-content\/uploads\/2021\/04\/Cover-2-1024x576.png 1024w, https:\/\/ingesto.org.br\/wp-content\/uploads\/2021\/04\/Cover-2-300x169.png 300w, https:\/\/ingesto.org.br\/wp-content\/uploads\/2021\/04\/Cover-2-768x432.png 768w, https:\/\/ingesto.org.br\/wp-content\/uploads\/2021\/04\/Cover-2-1536x864.png 1536w, https:\/\/ingesto.org.br\/wp-content\/uploads\/2021\/04\/Cover-2-600x338.png 600w, https:\/\/ingesto.org.br\/wp-content\/uploads\/2021\/04\/Cover-2.png 1920w\" sizes=\"(max-width: 1024px) 100vw, 1024px\" \/><\/a><figcaption>Schedule<\/figcaption><\/figure>\n\n\n\n<figure class=\"wp-block-embed is-type-video is-provider-youtube wp-block-embed-youtube wp-embed-aspect-16-9 wp-has-aspect-ratio\"><div class=\"wp-block-embed__wrapper\">\n<iframe title=\"Fundraising for the Third Sector in conjunction with the 2021 General Union Budget!\" width=\"640\" height=\"360\" src=\"https:\/\/www.youtube.com\/embed\/DMcUUVKNcDA?feature=oembed\" frameborder=\"0\" allow=\"accelerometer; autoplay; clipboard-write; encrypted-media; gyroscope; picture-in-picture; web-share\" referrerpolicy=\"strict-origin-when-cross-origin\" allowfullscreen><\/iframe>\n<\/div><figcaption>Access Live and all its content\u2026<\/figcaption><\/figure>","protected":false},"excerpt":{"rendered":"<p>Is there still time to Raise Funds from the 2021 General Union Budget?<\/p>\n<p>Yes, there is still time and in this LIVE we will analyze what is still needed for a Non-Profit Organization to raise funds from the General Budget of the Union\/2021.<\/p>\n<p>MATTERS:<\/p>\n<p>Deadlines: Dates of budget legislation for nominations in the General Budget of the Union!<\/p>\n<p>Requirements: What are the basic requirements for your Institution to be able to raise this type of resources!<\/p>\n<p>Paths: We will guide you on the correct paths so that your Institution can present a high success rate in its fundraising!<\/p>\n<p>Errors: We will show you the most common mistakes made by the Third Sector when Raising Funds from the Federal Public Authority!<\/p>\n<p>Questions and Answers: We will have a complete section just for questions and answers on the topic!<\/p>","protected":false},"author":1,"featured_media":3081,"comment_status":"closed","ping_status":"closed","sticky":true,"template":"","format":"standard","meta":{"give_campaign_id":0,"_yoast_wpseo_focuskw":"","_yoast_wpseo_title":"","_yoast_wpseo_metadesc":"","_joinchat":[],"footnotes":""},"categories":[29],"tags":[589,935,182],"class_list":["post-3065","post","type-post","status-publish","format-standard","has-post-thumbnail","hentry","category-noticias","tag-captacao-de-recursos","tag-live","tag-terceiro-setor"],"yoast_head":"<!-- This site is optimized with the Yoast SEO plugin v27.5 - https:\/\/yoast.com\/product\/yoast-seo-wordpress\/ -->\n<title>Prazos para Capta\u00e7\u00e3o de Recursos junto ao Or\u00e7amento Geral da Uni\u00e3o para o Terceiro Setor! - Ingesto<\/title>\n<meta name=\"robots\" content=\"index, follow, max-snippet:-1, max-image-preview:large, max-video-preview:-1\" \/>\n<link rel=\"canonical\" href=\"https:\/\/ingesto.org.br\/en\/prazos-para-captacao-de-recursos-junto-ao-orcamento-geral-da-uniao-para-o-terceiro-setor\/\" \/>\n<meta property=\"og:locale\" content=\"en_US\" \/>\n<meta property=\"og:type\" content=\"article\" \/>\n<meta property=\"og:title\" content=\"Prazos para Capta\u00e7\u00e3o de Recursos junto ao Or\u00e7amento Geral da Uni\u00e3o para o Terceiro Setor! - Ingesto\" \/>\n<meta property=\"og:description\" content=\"Ainda d\u00e1 tempo de Captar Recursos junto ao Or\u00e7amento Geral da Uni\u00e3o de 2021? Sim, ainda d\u00e1 tempo e nessa LIVE analisaremos o que ainda \u00e9 preciso para que uma Organiza\u00e7\u00e3o Sem Fins Lucrativos possa Captar Recursos junto ao Or\u00e7amento Geral da Uni\u00e3o\/2021. ASSUNTOS: Prazos: Datas da legisla\u00e7\u00f5es or\u00e7ament\u00e1rias para as indica\u00e7\u00f5es junto ao Or\u00e7amento Geral da Uni\u00e3o! Exig\u00eancias: Quais as exig\u00eancias b\u00e1sicas para que sua Institui\u00e7\u00e3o esteja apta a captar essa modalidade de recursos! Caminhos: Orientaremos quais os caminhos corretos para que sua Institui\u00e7\u00e3o possa apresentar uma taxa de sucesso elevada em sua capta\u00e7\u00e3o! Erros: Mostraremos quais os erros mais comuns cometidos pelo Terceiro Setor no momento da Capta\u00e7\u00e3o de Recursos junto ao Poder P\u00fablico Federal! Perguntas e Respostas: Teremos um bloco completo somente para perguntas e respostas sobre o tema!\" \/>\n<meta property=\"og:url\" content=\"https:\/\/ingesto.org.br\/en\/prazos-para-captacao-de-recursos-junto-ao-orcamento-geral-da-uniao-para-o-terceiro-setor\/\" \/>\n<meta property=\"og:site_name\" content=\"Ingesto\" \/>\n<meta property=\"article:publisher\" content=\"https:\/\/www.facebook.com\/institutoingesto\" \/>\n<meta property=\"article:published_time\" content=\"2021-04-08T14:34:18+00:00\" \/>\n<meta property=\"og:image\" content=\"https:\/\/ingesto.org.br\/wp-content\/uploads\/2021\/04\/Cover-17.png\" \/>\n\t<meta property=\"og:image:width\" content=\"1920\" \/>\n\t<meta property=\"og:image:height\" content=\"1080\" \/>\n\t<meta property=\"og:image:type\" content=\"image\/png\" \/>\n<meta name=\"author\" content=\"Ingesto\" \/>\n<meta name=\"twitter:card\" content=\"summary_large_image\" \/>\n<meta name=\"twitter:creator\" content=\"@Ingestos\" \/>\n<meta name=\"twitter:site\" content=\"@Ingestos\" \/>\n<meta name=\"twitter:label1\" content=\"Written by\" \/>\n\t<meta name=\"twitter:data1\" content=\"Ingesto\" \/>\n\t<meta name=\"twitter:label2\" content=\"Est. reading time\" \/>\n\t<meta name=\"twitter:data2\" content=\"1 minute\" \/>\n<script type=\"application\/ld+json\" class=\"yoast-schema-graph\">{\"@context\":\"https:\\\/\\\/schema.org\",\"@graph\":[{\"@type\":\"Article\",\"@id\":\"https:\\\/\\\/ingesto.org.br\\\/prazos-para-captacao-de-recursos-junto-ao-orcamento-geral-da-uniao-para-o-terceiro-setor\\\/#article\",\"isPartOf\":{\"@id\":\"https:\\\/\\\/ingesto.org.br\\\/prazos-para-captacao-de-recursos-junto-ao-orcamento-geral-da-uniao-para-o-terceiro-setor\\\/\"},\"author\":{\"name\":\"Ingesto\",\"@id\":\"http:\\\/\\\/ingesto.org.br\\\/en\\\/#\\\/schema\\\/person\\\/b6b24d64bb11f377f79f5f35b9c466dc\"},\"headline\":\"Prazos para Capta\u00e7\u00e3o de Recursos junto ao Or\u00e7amento Geral da Uni\u00e3o para o Terceiro Setor!\",\"datePublished\":\"2021-04-08T14:34:18+00:00\",\"mainEntityOfPage\":{\"@id\":\"https:\\\/\\\/ingesto.org.br\\\/prazos-para-captacao-de-recursos-junto-ao-orcamento-geral-da-uniao-para-o-terceiro-setor\\\/\"},\"wordCount\":57,\"publisher\":{\"@id\":\"http:\\\/\\\/ingesto.org.br\\\/en\\\/#organization\"},\"image\":{\"@id\":\"https:\\\/\\\/ingesto.org.br\\\/prazos-para-captacao-de-recursos-junto-ao-orcamento-geral-da-uniao-para-o-terceiro-setor\\\/#primaryimage\"},\"thumbnailUrl\":\"https:\\\/\\\/ingesto.org.br\\\/wp-content\\\/uploads\\\/2021\\\/04\\\/Cover-17.png\",\"keywords\":[\"Capta\u00e7\u00e3o de Recursos\",\"live\",\"terceiro setor\"],\"articleSection\":[\"Not\u00edcias\"],\"inLanguage\":\"en-US\"},{\"@type\":\"WebPage\",\"@id\":\"https:\\\/\\\/ingesto.org.br\\\/prazos-para-captacao-de-recursos-junto-ao-orcamento-geral-da-uniao-para-o-terceiro-setor\\\/\",\"url\":\"https:\\\/\\\/ingesto.org.br\\\/prazos-para-captacao-de-recursos-junto-ao-orcamento-geral-da-uniao-para-o-terceiro-setor\\\/\",\"name\":\"Prazos para Capta\u00e7\u00e3o de Recursos junto ao Or\u00e7amento Geral da Uni\u00e3o para o Terceiro Setor! - Ingesto\",\"isPartOf\":{\"@id\":\"http:\\\/\\\/ingesto.org.br\\\/en\\\/#website\"},\"primaryImageOfPage\":{\"@id\":\"https:\\\/\\\/ingesto.org.br\\\/prazos-para-captacao-de-recursos-junto-ao-orcamento-geral-da-uniao-para-o-terceiro-setor\\\/#primaryimage\"},\"image\":{\"@id\":\"https:\\\/\\\/ingesto.org.br\\\/prazos-para-captacao-de-recursos-junto-ao-orcamento-geral-da-uniao-para-o-terceiro-setor\\\/#primaryimage\"},\"thumbnailUrl\":\"https:\\\/\\\/ingesto.org.br\\\/wp-content\\\/uploads\\\/2021\\\/04\\\/Cover-17.png\",\"datePublished\":\"2021-04-08T14:34:18+00:00\",\"breadcrumb\":{\"@id\":\"https:\\\/\\\/ingesto.org.br\\\/prazos-para-captacao-de-recursos-junto-ao-orcamento-geral-da-uniao-para-o-terceiro-setor\\\/#breadcrumb\"},\"inLanguage\":\"en-US\",\"potentialAction\":[{\"@type\":\"ReadAction\",\"target\":[\"https:\\\/\\\/ingesto.org.br\\\/prazos-para-captacao-de-recursos-junto-ao-orcamento-geral-da-uniao-para-o-terceiro-setor\\\/\"]}]},{\"@type\":\"ImageObject\",\"inLanguage\":\"en-US\",\"@id\":\"https:\\\/\\\/ingesto.org.br\\\/prazos-para-captacao-de-recursos-junto-ao-orcamento-geral-da-uniao-para-o-terceiro-setor\\\/#primaryimage\",\"url\":\"https:\\\/\\\/ingesto.org.br\\\/wp-content\\\/uploads\\\/2021\\\/04\\\/Cover-17.png\",\"contentUrl\":\"https:\\\/\\\/ingesto.org.br\\\/wp-content\\\/uploads\\\/2021\\\/04\\\/Cover-17.png\",\"width\":1920,\"height\":1080},{\"@type\":\"BreadcrumbList\",\"@id\":\"https:\\\/\\\/ingesto.org.br\\\/prazos-para-captacao-de-recursos-junto-ao-orcamento-geral-da-uniao-para-o-terceiro-setor\\\/#breadcrumb\",\"itemListElement\":[{\"@type\":\"ListItem\",\"position\":1,\"name\":\"In\u00edcio\",\"item\":\"https:\\\/\\\/ingesto.org.br\\\/\"},{\"@type\":\"ListItem\",\"position\":2,\"name\":\"Prazos para Capta\u00e7\u00e3o de Recursos junto ao Or\u00e7amento Geral da Uni\u00e3o para o Terceiro Setor!\"}]},{\"@type\":\"WebSite\",\"@id\":\"http:\\\/\\\/ingesto.org.br\\\/en\\\/#website\",\"url\":\"http:\\\/\\\/ingesto.org.br\\\/en\\\/\",\"name\":\"Instituto\",\"description\":\"Instituto para Gest\u00e3o do Terceiro Setor\",\"publisher\":{\"@id\":\"http:\\\/\\\/ingesto.org.br\\\/en\\\/#organization\"},\"alternateName\":\"Ingesto\",\"potentialAction\":[{\"@type\":\"SearchAction\",\"target\":{\"@type\":\"EntryPoint\",\"urlTemplate\":\"http:\\\/\\\/ingesto.org.br\\\/en\\\/?s={search_term_string}\"},\"query-input\":{\"@type\":\"PropertyValueSpecification\",\"valueRequired\":true,\"valueName\":\"search_term_string\"}}],\"inLanguage\":\"en-US\"},{\"@type\":\"Organization\",\"@id\":\"http:\\\/\\\/ingesto.org.br\\\/en\\\/#organization\",\"name\":\"Ingesto\",\"url\":\"http:\\\/\\\/ingesto.org.br\\\/en\\\/\",\"logo\":{\"@type\":\"ImageObject\",\"inLanguage\":\"en-US\",\"@id\":\"http:\\\/\\\/ingesto.org.br\\\/en\\\/#\\\/schema\\\/logo\\\/image\\\/\",\"url\":\"https:\\\/\\\/ingesto.org.br\\\/wp-content\\\/uploads\\\/2020\\\/11\\\/cropped-cropped-icone.png\",\"contentUrl\":\"https:\\\/\\\/ingesto.org.br\\\/wp-content\\\/uploads\\\/2020\\\/11\\\/cropped-cropped-icone.png\",\"width\":512,\"height\":512,\"caption\":\"Ingesto\"},\"image\":{\"@id\":\"http:\\\/\\\/ingesto.org.br\\\/en\\\/#\\\/schema\\\/logo\\\/image\\\/\"},\"sameAs\":[\"https:\\\/\\\/www.facebook.com\\\/institutoingesto\",\"https:\\\/\\\/x.com\\\/Ingestos\",\"https:\\\/\\\/www.instagram.com\\\/institutoingesto\\\/\",\"https:\\\/\\\/www.youtube.com\\\/@institutoingesto\",\"https:\\\/\\\/www.linkedin.com\\\/in\\\/instituto-ingesto\"]},{\"@type\":\"Person\",\"@id\":\"http:\\\/\\\/ingesto.org.br\\\/en\\\/#\\\/schema\\\/person\\\/b6b24d64bb11f377f79f5f35b9c466dc\",\"name\":\"Ingesto\",\"image\":{\"@type\":\"ImageObject\",\"inLanguage\":\"en-US\",\"@id\":\"https:\\\/\\\/ingesto.org.br\\\/wp-content\\\/litespeed\\\/avatar\\\/4d7201aed9dddada281d8ce59ea56991.jpg?ver=1777502375\",\"url\":\"https:\\\/\\\/ingesto.org.br\\\/wp-content\\\/litespeed\\\/avatar\\\/4d7201aed9dddada281d8ce59ea56991.jpg?ver=1777502375\",\"contentUrl\":\"https:\\\/\\\/ingesto.org.br\\\/wp-content\\\/litespeed\\\/avatar\\\/4d7201aed9dddada281d8ce59ea56991.jpg?ver=1777502375\",\"caption\":\"Ingesto\"},\"sameAs\":[\"http:\\\/\\\/ingesto.org.br\"],\"url\":\"https:\\\/\\\/ingesto.org.br\\\/en\\\/author\\\/instituto-ingesto\\\/\"}]}<\/script>\n<!-- \/ Yoast SEO plugin. -->","yoast_head_json":{"title":"Prazos para Capta\u00e7\u00e3o de Recursos junto ao Or\u00e7amento Geral da Uni\u00e3o para o Terceiro Setor! - Ingesto","robots":{"index":"index","follow":"follow","max-snippet":"max-snippet:-1","max-image-preview":"max-image-preview:large","max-video-preview":"max-video-preview:-1"},"canonical":"https:\/\/ingesto.org.br\/en\/prazos-para-captacao-de-recursos-junto-ao-orcamento-geral-da-uniao-para-o-terceiro-setor\/","og_locale":"en_US","og_type":"article","og_title":"Prazos para Capta\u00e7\u00e3o de Recursos junto ao Or\u00e7amento Geral da Uni\u00e3o para o Terceiro Setor! - Ingesto","og_description":"Ainda d\u00e1 tempo de Captar Recursos junto ao Or\u00e7amento Geral da Uni\u00e3o de 2021? Sim, ainda d\u00e1 tempo e nessa LIVE analisaremos o que ainda \u00e9 preciso para que uma Organiza\u00e7\u00e3o Sem Fins Lucrativos possa Captar Recursos junto ao Or\u00e7amento Geral da Uni\u00e3o\/2021. ASSUNTOS: Prazos: Datas da legisla\u00e7\u00f5es or\u00e7ament\u00e1rias para as indica\u00e7\u00f5es junto ao Or\u00e7amento Geral da Uni\u00e3o! Exig\u00eancias: Quais as exig\u00eancias b\u00e1sicas para que sua Institui\u00e7\u00e3o esteja apta a captar essa modalidade de recursos! Caminhos: Orientaremos quais os caminhos corretos para que sua Institui\u00e7\u00e3o possa apresentar uma taxa de sucesso elevada em sua capta\u00e7\u00e3o! Erros: Mostraremos quais os erros mais comuns cometidos pelo Terceiro Setor no momento da Capta\u00e7\u00e3o de Recursos junto ao Poder P\u00fablico Federal! Perguntas e Respostas: Teremos um bloco completo somente para perguntas e respostas sobre o tema!","og_url":"https:\/\/ingesto.org.br\/en\/prazos-para-captacao-de-recursos-junto-ao-orcamento-geral-da-uniao-para-o-terceiro-setor\/","og_site_name":"Ingesto","article_publisher":"https:\/\/www.facebook.com\/institutoingesto","article_published_time":"2021-04-08T14:34:18+00:00","og_image":[{"width":1920,"height":1080,"url":"https:\/\/ingesto.org.br\/wp-content\/uploads\/2021\/04\/Cover-17.png","type":"image\/png"}],"author":"Ingesto","twitter_card":"summary_large_image","twitter_creator":"@Ingestos","twitter_site":"@Ingestos","twitter_misc":{"Written by":"Ingesto","Est. reading time":"1 minute"},"schema":{"@context":"https:\/\/schema.org","@graph":[{"@type":"Article","@id":"https:\/\/ingesto.org.br\/prazos-para-captacao-de-recursos-junto-ao-orcamento-geral-da-uniao-para-o-terceiro-setor\/#article","isPartOf":{"@id":"https:\/\/ingesto.org.br\/prazos-para-captacao-de-recursos-junto-ao-orcamento-geral-da-uniao-para-o-terceiro-setor\/"},"author":{"name":"Ingesto","@id":"http:\/\/ingesto.org.br\/en\/#\/schema\/person\/b6b24d64bb11f377f79f5f35b9c466dc"},"headline":"Prazos para Capta\u00e7\u00e3o de Recursos junto ao Or\u00e7amento Geral da Uni\u00e3o para o Terceiro Setor!","datePublished":"2021-04-08T14:34:18+00:00","mainEntityOfPage":{"@id":"https:\/\/ingesto.org.br\/prazos-para-captacao-de-recursos-junto-ao-orcamento-geral-da-uniao-para-o-terceiro-setor\/"},"wordCount":57,"publisher":{"@id":"http:\/\/ingesto.org.br\/en\/#organization"},"image":{"@id":"https:\/\/ingesto.org.br\/prazos-para-captacao-de-recursos-junto-ao-orcamento-geral-da-uniao-para-o-terceiro-setor\/#primaryimage"},"thumbnailUrl":"https:\/\/ingesto.org.br\/wp-content\/uploads\/2021\/04\/Cover-17.png","keywords":["Capta\u00e7\u00e3o de Recursos","live","terceiro setor"],"articleSection":["Not\u00edcias"],"inLanguage":"en-US"},{"@type":"WebPage","@id":"https:\/\/ingesto.org.br\/prazos-para-captacao-de-recursos-junto-ao-orcamento-geral-da-uniao-para-o-terceiro-setor\/","url":"https:\/\/ingesto.org.br\/prazos-para-captacao-de-recursos-junto-ao-orcamento-geral-da-uniao-para-o-terceiro-setor\/","name":"Prazos para Capta\u00e7\u00e3o de Recursos junto ao Or\u00e7amento Geral da Uni\u00e3o para o Terceiro Setor! - Ingesto","isPartOf":{"@id":"http:\/\/ingesto.org.br\/en\/#website"},"primaryImageOfPage":{"@id":"https:\/\/ingesto.org.br\/prazos-para-captacao-de-recursos-junto-ao-orcamento-geral-da-uniao-para-o-terceiro-setor\/#primaryimage"},"image":{"@id":"https:\/\/ingesto.org.br\/prazos-para-captacao-de-recursos-junto-ao-orcamento-geral-da-uniao-para-o-terceiro-setor\/#primaryimage"},"thumbnailUrl":"https:\/\/ingesto.org.br\/wp-content\/uploads\/2021\/04\/Cover-17.png","datePublished":"2021-04-08T14:34:18+00:00","breadcrumb":{"@id":"https:\/\/ingesto.org.br\/prazos-para-captacao-de-recursos-junto-ao-orcamento-geral-da-uniao-para-o-terceiro-setor\/#breadcrumb"},"inLanguage":"en-US","potentialAction":[{"@type":"ReadAction","target":["https:\/\/ingesto.org.br\/prazos-para-captacao-de-recursos-junto-ao-orcamento-geral-da-uniao-para-o-terceiro-setor\/"]}]},{"@type":"ImageObject","inLanguage":"en-US","@id":"https:\/\/ingesto.org.br\/prazos-para-captacao-de-recursos-junto-ao-orcamento-geral-da-uniao-para-o-terceiro-setor\/#primaryimage","url":"https:\/\/ingesto.org.br\/wp-content\/uploads\/2021\/04\/Cover-17.png","contentUrl":"https:\/\/ingesto.org.br\/wp-content\/uploads\/2021\/04\/Cover-17.png","width":1920,"height":1080},{"@type":"BreadcrumbList","@id":"https:\/\/ingesto.org.br\/prazos-para-captacao-de-recursos-junto-ao-orcamento-geral-da-uniao-para-o-terceiro-setor\/#breadcrumb","itemListElement":[{"@type":"ListItem","position":1,"name":"In\u00edcio","item":"https:\/\/ingesto.org.br\/"},{"@type":"ListItem","position":2,"name":"Prazos para Capta\u00e7\u00e3o de Recursos junto ao Or\u00e7amento Geral da Uni\u00e3o para o Terceiro Setor!"}]},{"@type":"WebSite","@id":"http:\/\/ingesto.org.br\/en\/#website","url":"http:\/\/ingesto.org.br\/en\/","name":"Institute","description":"Institute for Third Sector Management","publisher":{"@id":"http:\/\/ingesto.org.br\/en\/#organization"},"alternateName":"Ingesto","potentialAction":[{"@type":"SearchAction","target":{"@type":"EntryPoint","urlTemplate":"http:\/\/ingesto.org.br\/en\/?s={search_term_string}"},"query-input":{"@type":"PropertyValueSpecification","valueRequired":true,"valueName":"search_term_string"}}],"inLanguage":"en-US"},{"@type":"Organization","@id":"http:\/\/ingesto.org.br\/en\/#organization","name":"Ingesto","url":"http:\/\/ingesto.org.br\/en\/","logo":{"@type":"ImageObject","inLanguage":"en-US","@id":"http:\/\/ingesto.org.br\/en\/#\/schema\/logo\/image\/","url":"https:\/\/ingesto.org.br\/wp-content\/uploads\/2020\/11\/cropped-cropped-icone.png","contentUrl":"https:\/\/ingesto.org.br\/wp-content\/uploads\/2020\/11\/cropped-cropped-icone.png","width":512,"height":512,"caption":"Ingesto"},"image":{"@id":"http:\/\/ingesto.org.br\/en\/#\/schema\/logo\/image\/"},"sameAs":["https:\/\/www.facebook.com\/institutoingesto","https:\/\/x.com\/Ingestos","https:\/\/www.instagram.com\/institutoingesto\/","https:\/\/www.youtube.com\/@institutoingesto","https:\/\/www.linkedin.com\/in\/instituto-ingesto"]},{"@type":"Person","@id":"http:\/\/ingesto.org.br\/en\/#\/schema\/person\/b6b24d64bb11f377f79f5f35b9c466dc","name":"Ingesto","image":{"@type":"ImageObject","inLanguage":"en-US","@id":"https:\/\/ingesto.org.br\/wp-content\/litespeed\/avatar\/4d7201aed9dddada281d8ce59ea56991.jpg?ver=1777502375","url":"https:\/\/ingesto.org.br\/wp-content\/litespeed\/avatar\/4d7201aed9dddada281d8ce59ea56991.jpg?ver=1777502375","contentUrl":"https:\/\/ingesto.org.br\/wp-content\/litespeed\/avatar\/4d7201aed9dddada281d8ce59ea56991.jpg?ver=1777502375","caption":"Ingesto"},"sameAs":["http:\/\/ingesto.org.br"],"url":"https:\/\/ingesto.org.br\/en\/author\/instituto-ingesto\/"}]}},"jetpack_featured_media_url":"https:\/\/ingesto.org.br\/wp-content\/uploads\/2021\/04\/Cover-17.png","jetpack_shortlink":"https:\/\/wp.me\/peji5g-Nr","acf":[],"_links":{"self":[{"href":"https:\/\/ingesto.org.br\/en\/wp-json\/wp\/v2\/posts\/3065","targetHints":{"allow":["GET"]}}],"collection":[{"href":"https:\/\/ingesto.org.br\/en\/wp-json\/wp\/v2\/posts"}],"about":[{"href":"https:\/\/ingesto.org.br\/en\/wp-json\/wp\/v2\/types\/post"}],"author":[{"embeddable":true,"href":"https:\/\/ingesto.org.br\/en\/wp-json\/wp\/v2\/users\/1"}],"replies":[{"embeddable":true,"href":"https:\/\/ingesto.org.br\/en\/wp-json\/wp\/v2\/comments?post=3065"}],"version-history":[{"count":0,"href":"https:\/\/ingesto.org.br\/en\/wp-json\/wp\/v2\/posts\/3065\/revisions"}],"wp:featuredmedia":[{"embeddable":true,"href":"https:\/\/ingesto.org.br\/en\/wp-json\/wp\/v2\/media\/3081"}],"wp:attachment":[{"href":"https:\/\/ingesto.org.br\/en\/wp-json\/wp\/v2\/media?parent=3065"}],"wp:term":[{"taxonomy":"category","embeddable":true,"href":"https:\/\/ingesto.org.br\/en\/wp-json\/wp\/v2\/categories?post=3065"},{"taxonomy":"post_tag","embeddable":true,"href":"https:\/\/ingesto.org.br\/en\/wp-json\/wp\/v2\/tags?post=3065"}],"curies":[{"name":"wp","href":"https:\/\/api.w.org\/{rel}","templated":true}]}}