{"id":22546,"date":"2026-09-03T20:24:00","date_gmt":"2026-09-03T23:24:00","guid":{"rendered":"https:\/\/ingesto.org.br\/?p=22546"},"modified":"2026-09-03T18:33:57","modified_gmt":"2026-09-03T21:33:57","slug":"fundo-third-wave-abre-inscricoes-para-justica-de-genero","status":"publish","type":"post","link":"https:\/\/ingesto.org.br\/en\/fundo-third-wave-abre-inscricoes-para-justica-de-genero\/","title":{"rendered":"Fundo Third Wave abre inscri\u00e7\u00f5es para justi\u00e7a de g\u00eanero"},"content":{"rendered":"<h4 class=\"wp-block-heading\">Organiza\u00e7\u00f5es eleg\u00edveis recebem at\u00e9 20 mil d\u00f3lares para resposta r\u00e1pida a amea\u00e7as e oportunidades imprevistas.<\/h4>\n\n\n<div class=\"wp-block-image\">\n<figure class=\"aligncenter size-large\"><img fetchpriority=\"high\" decoding=\"async\" width=\"1024\" height=\"576\" src=\"https:\/\/ingesto.org.br\/wp-content\/uploads\/2026\/09\/translated_gender_justice_ptbr-1024x576.jpg\" alt=\"\" class=\"wp-image-22560\" srcset=\"https:\/\/ingesto.org.br\/wp-content\/uploads\/2026\/09\/translated_gender_justice_ptbr-1024x576.jpg 1024w, https:\/\/ingesto.org.br\/wp-content\/uploads\/2026\/09\/translated_gender_justice_ptbr-300x169.jpg 300w, https:\/\/ingesto.org.br\/wp-content\/uploads\/2026\/09\/translated_gender_justice_ptbr-768x432.jpg 768w, https:\/\/ingesto.org.br\/wp-content\/uploads\/2026\/09\/translated_gender_justice_ptbr-1536x864.jpg 1536w, https:\/\/ingesto.org.br\/wp-content\/uploads\/2026\/09\/translated_gender_justice_ptbr-18x10.jpg 18w, https:\/\/ingesto.org.br\/wp-content\/uploads\/2026\/09\/translated_gender_justice_ptbr-2048x1152.jpg 2048w\" sizes=\"(max-width: 1024px) 100vw, 1024px\" \/><\/figure>\n<\/div>\n\n\n<p class=\"wp-block-paragraph\">O Third Wave Fund Mobilize Power Fund 2026 aceita inscri\u00e7\u00f5es para financiamento de resposta r\u00e1pida voltado a grupos de justi\u00e7a de g\u00eanero. O fundo apoia organiza\u00e7\u00f5es nos Estados Unidos e territ\u00f3rios norte-americanos que precisam reagir a mudan\u00e7as imprevistas ocorridas nos \u00faltimos seis meses.<\/p>\n\n\n\n<p class=\"wp-block-paragraph\">O ciclo de setembro de 2026 encerra no dia 8 de setembro, \u00e0s 17h, Hor\u00e1rio do Pac\u00edfico. Logo em seguida, o ciclo de outubro abre no dia 9 de setembro e termina em 6 de outubro de 2026.<\/p>\n\n\n\n<p class=\"wp-block-paragraph\">Novos solicitantes precisam solicitar uma conta no portal Fluxx pelo menos tr\u00eas dias \u00fateis antes do prazo final. A organiza\u00e7\u00e3o prioriza grupos com or\u00e7amentos anuais inferiores a 500 mil d\u00f3lares.<\/p>\n\n\n\n<p class=\"wp-block-paragraph\">O programa fornece recursos flex\u00edveis para que os movimentos adaptem seu trabalho por meio de a\u00e7\u00f5es diretas, ajuda m\u00fatua, apoio jur\u00eddico, resolu\u00e7\u00e3o de conflitos e campanhas legislativas inesperadas. Organiza\u00e7\u00f5es individuais solicitam at\u00e9 10 mil d\u00f3lares, enquanto parcerias ou coaliz\u00f5es com dois ou mais grupos pedem at\u00e9 20 mil d\u00f3lares.<\/p>\n\n\n\n<p class=\"wp-block-paragraph\">O Third Wave Fund avalia crit\u00e9rios como a responsabilidade perante comunidades afetadas pela opress\u00e3o de g\u00eanero e a an\u00e1lise pol\u00edtica clara sobre patriarcado e transfobia. O fundo oferece tr\u00eas vias para a narrativa da inscri\u00e7\u00e3o: formato escrito de uma p\u00e1gina, v\u00eddeo estilo selfie de at\u00e9 dez minutos, ou entrevista por Zoom ou telefone.<\/p>\n\n\n\n<p class=\"wp-block-paragraph\">Os pagamentos ocorrem via dep\u00f3sito direto ACH at\u00e9 dois meses ap\u00f3s o prazo de revis\u00e3o mensal. O fundo prioriza grupos que operam em \u00e1reas com acesso limitado a recursos filantr\u00f3picos e aqueles sem acesso a status fiscal espec\u00edfico.<\/p>\n\n\n\n<p class=\"wp-block-paragraph\">As organiza\u00e7\u00f5es do terceiro setor ganham acesso a um mecanismo financeiro \u00e1gil para enfrentar crises comunit\u00e1rias sem aguardar ciclos tradicionais de longo prazo. Os coletivos estruturam suas propostas com foco estrito em incidentes recentes e demonstram conex\u00f5es reais com a base atendida.<\/p>\n\n\n\n<p class=\"wp-block-paragraph\">Os grupos interessados preenchem os cadastros obrigatoriamente atrav\u00e9s do portal Proteus Fund Fluxx. As equipes verificam o cumprimento dos requisitos geogr\u00e1ficos e o teto or\u00e7ament\u00e1rio antes de enviarem os documentos exigidos dentro dos prazos estabelecidos.<\/p>\n\n\n\n<p class=\"has-small-font-size wp-block-paragraph\"><a href=\"https:\/\/opportunitiesforyouth.org\/2026\/09\/03\/third-wave-fund\/\" target=\"_blank\" rel=\"noopener\">Opportunities for Youth<\/a><\/p>","protected":false},"excerpt":{"rendered":"<p>Confira as principais novidades do terceiro setor nesta edi\u00e7\u00e3o. O Fundo Third Wave abriu inscri\u00e7\u00f5es para financiar organiza\u00e7\u00f5es que atuam com justi\u00e7a de g\u00eanero.<\/p>","protected":false},"author":600,"featured_media":22560,"comment_status":"open","ping_status":"open","sticky":false,"template":"","format":"standard","meta":{"give_campaign_id":0,"_joinchat":[],"footnotes":"","jetpack_post_was_ever_published":false},"categories":[7137,7139],"tags":[96,850,182],"class_list":["post-22546","post","type-post","status-publish","format-standard","has-post-thumbnail","hentry","category-boletim","category-boletim-internacional","tag-direitos-humanos","tag-financiamento","tag-terceiro-setor"],"yoast_head":"<!-- This site is optimized with the Yoast SEO plugin v28.4 - https:\/\/yoast.com\/product\/yoast-seo-wordpress\/ -->\n<title>Fundo Third Wave abre inscri\u00e7\u00f5es para justi\u00e7a de g\u00eanero - Ingesto<\/title>\n<meta name=\"description\" content=\"Fundo Third Wave abre inscri\u00e7\u00f5es e oferece at\u00e9 20 mil d\u00f3lares para resposta r\u00e1pida a organiza\u00e7\u00f5es de justi\u00e7a de g\u00eanero. Confira os detalhes!\" \/>\n<meta name=\"robots\" content=\"index, follow, max-snippet:-1, max-image-preview:large, max-video-preview:-1\" \/>\n<link rel=\"canonical\" href=\"https:\/\/ingesto.org.br\/en\/fundo-third-wave-abre-inscricoes-para-justica-de-genero\/\" \/>\n<meta property=\"og:locale\" content=\"en_US\" \/>\n<meta property=\"og:type\" content=\"article\" \/>\n<meta property=\"og:title\" content=\"Fundo Third Wave abre inscri\u00e7\u00f5es para justi\u00e7a de g\u00eanero - Ingesto\" \/>\n<meta property=\"og:description\" content=\"Fundo Third Wave abre inscri\u00e7\u00f5es e oferece at\u00e9 20 mil d\u00f3lares para resposta r\u00e1pida a organiza\u00e7\u00f5es de justi\u00e7a de g\u00eanero. Confira os detalhes!\" \/>\n<meta property=\"og:url\" content=\"https:\/\/ingesto.org.br\/en\/fundo-third-wave-abre-inscricoes-para-justica-de-genero\/\" \/>\n<meta property=\"og:site_name\" content=\"Ingesto\" \/>\n<meta property=\"article:publisher\" content=\"https:\/\/www.facebook.com\/institutoingesto\" \/>\n<meta property=\"article:published_time\" content=\"2026-09-03T23:24:00+00:00\" \/>\n<meta property=\"og:image\" content=\"https:\/\/ingesto.org.br\/wp-content\/uploads\/2026\/09\/translated_gender_justice_ptbr.jpg\" \/>\n\t<meta property=\"og:image:width\" content=\"2560\" \/>\n\t<meta property=\"og:image:height\" content=\"1440\" \/>\n\t<meta property=\"og:image:type\" content=\"image\/jpeg\" \/>\n<meta name=\"author\" content=\"Reda\u00e7\u00e3o IA + Curadoria Humana\" \/>\n<meta name=\"twitter:card\" content=\"summary_large_image\" \/>\n<meta name=\"twitter:creator\" content=\"@Ingestos\" \/>\n<meta name=\"twitter:site\" content=\"@Ingestos\" \/>\n<meta name=\"twitter:label1\" content=\"Written by\" \/>\n\t<meta name=\"twitter:data1\" content=\"Reda\u00e7\u00e3o IA + Curadoria Humana\" \/>\n\t<meta name=\"twitter:label2\" content=\"Est. reading time\" \/>\n\t<meta name=\"twitter:data2\" content=\"2 minutes\" \/>\n<script type=\"application\/ld+json\" class=\"yoast-schema-graph\">{\"@context\":\"https:\\\/\\\/schema.org\",\"@graph\":[{\"@type\":\"Article\",\"@id\":\"https:\\\/\\\/ingesto.org.br\\\/fundo-third-wave-abre-inscricoes-para-justica-de-genero\\\/#article\",\"isPartOf\":{\"@id\":\"https:\\\/\\\/ingesto.org.br\\\/fundo-third-wave-abre-inscricoes-para-justica-de-genero\\\/\"},\"author\":{\"name\":\"Reda\u00e7\u00e3o IA + Curadoria Humana\",\"@id\":\"http:\\\/\\\/ingesto.org.br\\\/en\\\/#\\\/schema\\\/person\\\/20700121e4ba8023c9d40263a6a7b5fe\"},\"headline\":\"Fundo Third Wave abre inscri\u00e7\u00f5es para justi\u00e7a de g\u00eanero\",\"datePublished\":\"2026-09-03T23:24:00+00:00\",\"mainEntityOfPage\":{\"@id\":\"https:\\\/\\\/ingesto.org.br\\\/fundo-third-wave-abre-inscricoes-para-justica-de-genero\\\/\"},\"wordCount\":396,\"commentCount\":0,\"publisher\":{\"@id\":\"http:\\\/\\\/ingesto.org.br\\\/en\\\/#organization\"},\"image\":{\"@id\":\"https:\\\/\\\/ingesto.org.br\\\/fundo-third-wave-abre-inscricoes-para-justica-de-genero\\\/#primaryimage\"},\"thumbnailUrl\":\"https:\\\/\\\/ingesto.org.br\\\/wp-content\\\/uploads\\\/2026\\\/09\\\/translated_gender_justice_ptbr.jpg\",\"keywords\":[\"direitos humanos\",\"Financiamento\",\"terceiro setor\"],\"articleSection\":[\"Boletim\",\"Boletim Internacional\"],\"inLanguage\":\"en-US\",\"potentialAction\":[{\"@type\":\"CommentAction\",\"name\":\"Comment\",\"target\":[\"https:\\\/\\\/ingesto.org.br\\\/fundo-third-wave-abre-inscricoes-para-justica-de-genero\\\/#respond\"]}]},{\"@type\":\"WebPage\",\"@id\":\"https:\\\/\\\/ingesto.org.br\\\/fundo-third-wave-abre-inscricoes-para-justica-de-genero\\\/\",\"url\":\"https:\\\/\\\/ingesto.org.br\\\/fundo-third-wave-abre-inscricoes-para-justica-de-genero\\\/\",\"name\":\"Fundo Third Wave abre inscri\u00e7\u00f5es para justi\u00e7a de g\u00eanero - Ingesto\",\"isPartOf\":{\"@id\":\"http:\\\/\\\/ingesto.org.br\\\/en\\\/#website\"},\"primaryImageOfPage\":{\"@id\":\"https:\\\/\\\/ingesto.org.br\\\/fundo-third-wave-abre-inscricoes-para-justica-de-genero\\\/#primaryimage\"},\"image\":{\"@id\":\"https:\\\/\\\/ingesto.org.br\\\/fundo-third-wave-abre-inscricoes-para-justica-de-genero\\\/#primaryimage\"},\"thumbnailUrl\":\"https:\\\/\\\/ingesto.org.br\\\/wp-content\\\/uploads\\\/2026\\\/09\\\/translated_gender_justice_ptbr.jpg\",\"datePublished\":\"2026-09-03T23:24:00+00:00\",\"description\":\"Fundo Third Wave abre inscri\u00e7\u00f5es e oferece at\u00e9 20 mil d\u00f3lares para resposta r\u00e1pida a organiza\u00e7\u00f5es de justi\u00e7a de g\u00eanero. Confira os detalhes!\",\"breadcrumb\":{\"@id\":\"https:\\\/\\\/ingesto.org.br\\\/fundo-third-wave-abre-inscricoes-para-justica-de-genero\\\/#breadcrumb\"},\"inLanguage\":\"en-US\",\"potentialAction\":[{\"@type\":\"ReadAction\",\"target\":[\"https:\\\/\\\/ingesto.org.br\\\/fundo-third-wave-abre-inscricoes-para-justica-de-genero\\\/\"]}]},{\"@type\":\"ImageObject\",\"inLanguage\":\"en-US\",\"@id\":\"https:\\\/\\\/ingesto.org.br\\\/fundo-third-wave-abre-inscricoes-para-justica-de-genero\\\/#primaryimage\",\"url\":\"https:\\\/\\\/ingesto.org.br\\\/wp-content\\\/uploads\\\/2026\\\/09\\\/translated_gender_justice_ptbr.jpg\",\"contentUrl\":\"https:\\\/\\\/ingesto.org.br\\\/wp-content\\\/uploads\\\/2026\\\/09\\\/translated_gender_justice_ptbr.jpg\",\"width\":2560,\"height\":1440},{\"@type\":\"BreadcrumbList\",\"@id\":\"https:\\\/\\\/ingesto.org.br\\\/fundo-third-wave-abre-inscricoes-para-justica-de-genero\\\/#breadcrumb\",\"itemListElement\":[{\"@type\":\"ListItem\",\"position\":1,\"name\":\"In\u00edcio\",\"item\":\"https:\\\/\\\/ingesto.org.br\\\/\"},{\"@type\":\"ListItem\",\"position\":2,\"name\":\"Fundo Third Wave abre inscri\u00e7\u00f5es para justi\u00e7a de g\u00eanero\"}]},{\"@type\":\"WebSite\",\"@id\":\"http:\\\/\\\/ingesto.org.br\\\/en\\\/#website\",\"url\":\"http:\\\/\\\/ingesto.org.br\\\/en\\\/\",\"name\":\"Instituto\",\"description\":\"Instituto para Gest\u00e3o do Terceiro Setor\",\"publisher\":{\"@id\":\"http:\\\/\\\/ingesto.org.br\\\/en\\\/#organization\"},\"alternateName\":\"Ingesto\",\"potentialAction\":[{\"@type\":\"SearchAction\",\"target\":{\"@type\":\"EntryPoint\",\"urlTemplate\":\"http:\\\/\\\/ingesto.org.br\\\/en\\\/?s={search_term_string}\"},\"query-input\":{\"@type\":\"PropertyValueSpecification\",\"valueRequired\":true,\"valueName\":\"search_term_string\"}}],\"inLanguage\":\"en-US\"},{\"@type\":\"Organization\",\"@id\":\"http:\\\/\\\/ingesto.org.br\\\/en\\\/#organization\",\"name\":\"Ingesto\",\"url\":\"http:\\\/\\\/ingesto.org.br\\\/en\\\/\",\"logo\":{\"@type\":\"ImageObject\",\"inLanguage\":\"en-US\",\"@id\":\"http:\\\/\\\/ingesto.org.br\\\/en\\\/#\\\/schema\\\/logo\\\/image\\\/\",\"url\":\"https:\\\/\\\/ingesto.org.br\\\/wp-content\\\/uploads\\\/2020\\\/11\\\/cropped-cropped-icone.png\",\"contentUrl\":\"https:\\\/\\\/ingesto.org.br\\\/wp-content\\\/uploads\\\/2020\\\/11\\\/cropped-cropped-icone.png\",\"width\":512,\"height\":512,\"caption\":\"Ingesto\"},\"image\":{\"@id\":\"http:\\\/\\\/ingesto.org.br\\\/en\\\/#\\\/schema\\\/logo\\\/image\\\/\"},\"sameAs\":[\"https:\\\/\\\/www.facebook.com\\\/institutoingesto\",\"https:\\\/\\\/x.com\\\/Ingestos\",\"https:\\\/\\\/www.instagram.com\\\/institutoingesto\\\/\",\"https:\\\/\\\/www.youtube.com\\\/@institutoingesto\",\"https:\\\/\\\/www.linkedin.com\\\/in\\\/instituto-ingesto\"]},{\"@type\":\"Person\",\"@id\":\"http:\\\/\\\/ingesto.org.br\\\/en\\\/#\\\/schema\\\/person\\\/20700121e4ba8023c9d40263a6a7b5fe\",\"name\":\"Reda\u00e7\u00e3o IA + Curadoria Humana\",\"image\":{\"@type\":\"ImageObject\",\"inLanguage\":\"en-US\",\"@id\":\"https:\\\/\\\/secure.gravatar.com\\\/avatar\\\/34d4732bf113075819aa50ac5cd153435fb2b0fbf203671cde89f09687f605a5?s=96&d=mm&r=g\",\"url\":\"https:\\\/\\\/secure.gravatar.com\\\/avatar\\\/34d4732bf113075819aa50ac5cd153435fb2b0fbf203671cde89f09687f605a5?s=96&d=mm&r=g\",\"contentUrl\":\"https:\\\/\\\/secure.gravatar.com\\\/avatar\\\/34d4732bf113075819aa50ac5cd153435fb2b0fbf203671cde89f09687f605a5?s=96&d=mm&r=g\",\"caption\":\"Reda\u00e7\u00e3o IA + Curadoria Humana\"},\"url\":\"https:\\\/\\\/ingesto.org.br\\\/en\\\/author\\\/robo-boletim\\\/\"}]}<\/script>\n<!-- \/ Yoast SEO plugin. -->","yoast_head_json":{"title":"Fundo Third Wave abre inscri\u00e7\u00f5es para justi\u00e7a de g\u00eanero - Ingesto","description":"Fundo Third Wave abre inscri\u00e7\u00f5es e oferece at\u00e9 20 mil d\u00f3lares para resposta r\u00e1pida a organiza\u00e7\u00f5es de justi\u00e7a de g\u00eanero. Confira os detalhes!","robots":{"index":"index","follow":"follow","max-snippet":"max-snippet:-1","max-image-preview":"max-image-preview:large","max-video-preview":"max-video-preview:-1"},"canonical":"https:\/\/ingesto.org.br\/en\/fundo-third-wave-abre-inscricoes-para-justica-de-genero\/","og_locale":"en_US","og_type":"article","og_title":"Fundo Third Wave abre inscri\u00e7\u00f5es para justi\u00e7a de g\u00eanero - Ingesto","og_description":"Fundo Third Wave abre inscri\u00e7\u00f5es e oferece at\u00e9 20 mil d\u00f3lares para resposta r\u00e1pida a organiza\u00e7\u00f5es de justi\u00e7a de g\u00eanero. Confira os detalhes!","og_url":"https:\/\/ingesto.org.br\/en\/fundo-third-wave-abre-inscricoes-para-justica-de-genero\/","og_site_name":"Ingesto","article_publisher":"https:\/\/www.facebook.com\/institutoingesto","article_published_time":"2026-09-03T23:24:00+00:00","og_image":[{"width":2560,"height":1440,"url":"https:\/\/ingesto.org.br\/wp-content\/uploads\/2026\/09\/translated_gender_justice_ptbr.jpg","type":"image\/jpeg"}],"author":"Reda\u00e7\u00e3o IA + Curadoria Humana","twitter_card":"summary_large_image","twitter_creator":"@Ingestos","twitter_site":"@Ingestos","twitter_misc":{"Written by":"Reda\u00e7\u00e3o IA + Curadoria Humana","Est. reading time":"2 minutes"},"schema":{"@context":"https:\/\/schema.org","@graph":[{"@type":"Article","@id":"https:\/\/ingesto.org.br\/fundo-third-wave-abre-inscricoes-para-justica-de-genero\/#article","isPartOf":{"@id":"https:\/\/ingesto.org.br\/fundo-third-wave-abre-inscricoes-para-justica-de-genero\/"},"author":{"name":"Reda\u00e7\u00e3o IA + Curadoria Humana","@id":"http:\/\/ingesto.org.br\/en\/#\/schema\/person\/20700121e4ba8023c9d40263a6a7b5fe"},"headline":"Fundo Third Wave abre inscri\u00e7\u00f5es para justi\u00e7a de g\u00eanero","datePublished":"2026-09-03T23:24:00+00:00","mainEntityOfPage":{"@id":"https:\/\/ingesto.org.br\/fundo-third-wave-abre-inscricoes-para-justica-de-genero\/"},"wordCount":396,"commentCount":0,"publisher":{"@id":"http:\/\/ingesto.org.br\/en\/#organization"},"image":{"@id":"https:\/\/ingesto.org.br\/fundo-third-wave-abre-inscricoes-para-justica-de-genero\/#primaryimage"},"thumbnailUrl":"https:\/\/ingesto.org.br\/wp-content\/uploads\/2026\/09\/translated_gender_justice_ptbr.jpg","keywords":["direitos humanos","Financiamento","terceiro setor"],"articleSection":["Boletim","Boletim Internacional"],"inLanguage":"en-US","potentialAction":[{"@type":"CommentAction","name":"Comment","target":["https:\/\/ingesto.org.br\/fundo-third-wave-abre-inscricoes-para-justica-de-genero\/#respond"]}]},{"@type":"WebPage","@id":"https:\/\/ingesto.org.br\/fundo-third-wave-abre-inscricoes-para-justica-de-genero\/","url":"https:\/\/ingesto.org.br\/fundo-third-wave-abre-inscricoes-para-justica-de-genero\/","name":"Fundo Third Wave abre inscri\u00e7\u00f5es para justi\u00e7a de g\u00eanero - Ingesto","isPartOf":{"@id":"http:\/\/ingesto.org.br\/en\/#website"},"primaryImageOfPage":{"@id":"https:\/\/ingesto.org.br\/fundo-third-wave-abre-inscricoes-para-justica-de-genero\/#primaryimage"},"image":{"@id":"https:\/\/ingesto.org.br\/fundo-third-wave-abre-inscricoes-para-justica-de-genero\/#primaryimage"},"thumbnailUrl":"https:\/\/ingesto.org.br\/wp-content\/uploads\/2026\/09\/translated_gender_justice_ptbr.jpg","datePublished":"2026-09-03T23:24:00+00:00","description":"Fundo Third Wave abre inscri\u00e7\u00f5es e oferece at\u00e9 20 mil d\u00f3lares para resposta r\u00e1pida a organiza\u00e7\u00f5es de justi\u00e7a de g\u00eanero. Confira os detalhes!","breadcrumb":{"@id":"https:\/\/ingesto.org.br\/fundo-third-wave-abre-inscricoes-para-justica-de-genero\/#breadcrumb"},"inLanguage":"en-US","potentialAction":[{"@type":"ReadAction","target":["https:\/\/ingesto.org.br\/fundo-third-wave-abre-inscricoes-para-justica-de-genero\/"]}]},{"@type":"ImageObject","inLanguage":"en-US","@id":"https:\/\/ingesto.org.br\/fundo-third-wave-abre-inscricoes-para-justica-de-genero\/#primaryimage","url":"https:\/\/ingesto.org.br\/wp-content\/uploads\/2026\/09\/translated_gender_justice_ptbr.jpg","contentUrl":"https:\/\/ingesto.org.br\/wp-content\/uploads\/2026\/09\/translated_gender_justice_ptbr.jpg","width":2560,"height":1440},{"@type":"BreadcrumbList","@id":"https:\/\/ingesto.org.br\/fundo-third-wave-abre-inscricoes-para-justica-de-genero\/#breadcrumb","itemListElement":[{"@type":"ListItem","position":1,"name":"In\u00edcio","item":"https:\/\/ingesto.org.br\/"},{"@type":"ListItem","position":2,"name":"Fundo Third Wave abre inscri\u00e7\u00f5es para justi\u00e7a de g\u00eanero"}]},{"@type":"WebSite","@id":"http:\/\/ingesto.org.br\/en\/#website","url":"http:\/\/ingesto.org.br\/en\/","name":"Institute","description":"Institute for Third Sector Management","publisher":{"@id":"http:\/\/ingesto.org.br\/en\/#organization"},"alternateName":"Ingesto","potentialAction":[{"@type":"SearchAction","target":{"@type":"EntryPoint","urlTemplate":"http:\/\/ingesto.org.br\/en\/?s={search_term_string}"},"query-input":{"@type":"PropertyValueSpecification","valueRequired":true,"valueName":"search_term_string"}}],"inLanguage":"en-US"},{"@type":"Organization","@id":"http:\/\/ingesto.org.br\/en\/#organization","name":"Ingesto","url":"http:\/\/ingesto.org.br\/en\/","logo":{"@type":"ImageObject","inLanguage":"en-US","@id":"http:\/\/ingesto.org.br\/en\/#\/schema\/logo\/image\/","url":"https:\/\/ingesto.org.br\/wp-content\/uploads\/2020\/11\/cropped-cropped-icone.png","contentUrl":"https:\/\/ingesto.org.br\/wp-content\/uploads\/2020\/11\/cropped-cropped-icone.png","width":512,"height":512,"caption":"Ingesto"},"image":{"@id":"http:\/\/ingesto.org.br\/en\/#\/schema\/logo\/image\/"},"sameAs":["https:\/\/www.facebook.com\/institutoingesto","https:\/\/x.com\/Ingestos","https:\/\/www.instagram.com\/institutoingesto\/","https:\/\/www.youtube.com\/@institutoingesto","https:\/\/www.linkedin.com\/in\/instituto-ingesto"]},{"@type":"Person","@id":"http:\/\/ingesto.org.br\/en\/#\/schema\/person\/20700121e4ba8023c9d40263a6a7b5fe","name":"Reda\u00e7\u00e3o IA + Curadoria Humana","image":{"@type":"ImageObject","inLanguage":"en-US","@id":"https:\/\/secure.gravatar.com\/avatar\/34d4732bf113075819aa50ac5cd153435fb2b0fbf203671cde89f09687f605a5?s=96&d=mm&r=g","url":"https:\/\/secure.gravatar.com\/avatar\/34d4732bf113075819aa50ac5cd153435fb2b0fbf203671cde89f09687f605a5?s=96&d=mm&r=g","contentUrl":"https:\/\/secure.gravatar.com\/avatar\/34d4732bf113075819aa50ac5cd153435fb2b0fbf203671cde89f09687f605a5?s=96&d=mm&r=g","caption":"Reda\u00e7\u00e3o IA + Curadoria Humana"},"url":"https:\/\/ingesto.org.br\/en\/author\/robo-boletim\/"}]}},"jetpack_shortlink":"https:\/\/wp.me\/peji5g-5RE","jetpack_featured_media_url":"https:\/\/ingesto.org.br\/wp-content\/uploads\/2026\/09\/translated_gender_justice_ptbr.jpg","acf":[],"_links":{"self":[{"href":"https:\/\/ingesto.org.br\/en\/wp-json\/wp\/v2\/posts\/22546","targetHints":{"allow":["GET"]}}],"collection":[{"href":"https:\/\/ingesto.org.br\/en\/wp-json\/wp\/v2\/posts"}],"about":[{"href":"https:\/\/ingesto.org.br\/en\/wp-json\/wp\/v2\/types\/post"}],"author":[{"embeddable":true,"href":"https:\/\/ingesto.org.br\/en\/wp-json\/wp\/v2\/users\/600"}],"replies":[{"embeddable":true,"href":"https:\/\/ingesto.org.br\/en\/wp-json\/wp\/v2\/comments?post=22546"}],"version-history":[{"count":1,"href":"https:\/\/ingesto.org.br\/en\/wp-json\/wp\/v2\/posts\/22546\/revisions"}],"predecessor-version":[{"id":22561,"href":"https:\/\/ingesto.org.br\/en\/wp-json\/wp\/v2\/posts\/22546\/revisions\/22561"}],"wp:featuredmedia":[{"embeddable":true,"href":"https:\/\/ingesto.org.br\/en\/wp-json\/wp\/v2\/media\/22560"}],"wp:attachment":[{"href":"https:\/\/ingesto.org.br\/en\/wp-json\/wp\/v2\/media?parent=22546"}],"wp:term":[{"taxonomy":"category","embeddable":true,"href":"https:\/\/ingesto.org.br\/en\/wp-json\/wp\/v2\/categories?post=22546"},{"taxonomy":"post_tag","embeddable":true,"href":"https:\/\/ingesto.org.br\/en\/wp-json\/wp\/v2\/tags?post=22546"}],"curies":[{"name":"wp","href":"https:\/\/api.w.org\/{rel}","templated":true}]}}