{"id":22545,"date":"2026-09-03T18:13:10","date_gmt":"2026-09-03T21:13:10","guid":{"rendered":"https:\/\/ingesto.org.br\/?p=22545"},"modified":"2026-09-03T18:13:17","modified_gmt":"2026-09-03T21:13:17","slug":"redion-lanca-edital-para-projetos-sociais-e-culturais","status":"publish","type":"post","link":"https:\/\/ingesto.org.br\/en\/redion-lanca-edital-para-projetos-sociais-e-culturais\/","title":{"rendered":"Redion lan\u00e7a edital para projetos sociais e culturais"},"content":{"rendered":"<h4 class=\"wp-block-heading\">Iniciativa seleciona iniciativas aptas a captar recursos via leis de incentivo at\u00e9 setembro.<\/h4>\n\n\n<div class=\"wp-block-image\">\n<figure class=\"aligncenter size-large\"><img fetchpriority=\"high\" decoding=\"async\" width=\"1024\" height=\"683\" src=\"https:\/\/ingesto.org.br\/wp-content\/uploads\/2026\/09\/image-33-1024x683.png\" alt=\"\" class=\"wp-image-22548\" srcset=\"https:\/\/ingesto.org.br\/wp-content\/uploads\/2026\/09\/image-33-1024x683.png 1024w, https:\/\/ingesto.org.br\/wp-content\/uploads\/2026\/09\/image-33-300x200.png 300w, https:\/\/ingesto.org.br\/wp-content\/uploads\/2026\/09\/image-33-768x512.png 768w, https:\/\/ingesto.org.br\/wp-content\/uploads\/2026\/09\/image-33-18x12.png 18w, https:\/\/ingesto.org.br\/wp-content\/uploads\/2026\/09\/image-33-1536x1024.png 1536w, https:\/\/ingesto.org.br\/wp-content\/uploads\/2026\/09\/image-33.png 1600w\" sizes=\"(max-width: 1024px) 100vw, 1024px\" \/><\/figure>\n<\/div>\n\n\n<p class=\"wp-block-paragraph\">A Redion abriu as inscri\u00e7\u00f5es para selecionar projetos sociais e culturais. A empresa busca iniciativas que utilizam leis de incentivo fiscal para a capta\u00e7\u00e3o de recursos. A estrat\u00e9gia atende \u00e0 agenda ESG da companhia e apoia organiza\u00e7\u00f5es locais.<\/p>\n\n\n\n<p class=\"wp-block-paragraph\">O edital prioriza a\u00e7\u00f5es realizadas no entorno da sede da empresa, localizada em Alphaville, na Grande S\u00e3o Paulo. Ligia Dembinski, especialista em ESG da Redion, destaca o compromisso com o desenvolvimento da comunidade.<\/p>\n\n\n\n<p class=\"wp-block-paragraph\">As propostas precisam atender a cinco pilares espec\u00edficos. A empresa prioriza a\u00e7\u00f5es gratuitas com impacto social mensur\u00e1vel e indicadores claros de resultados.<\/p>\n\n\n<div class=\"wp-block-image\">\n<figure class=\"aligncenter size-full is-resized\"><img decoding=\"async\" width=\"201\" height=\"251\" src=\"https:\/\/ingesto.org.br\/wp-content\/uploads\/2026\/09\/image-38.png\" alt=\"\" class=\"wp-image-22554\" style=\"width:419px;height:auto\" srcset=\"https:\/\/ingesto.org.br\/wp-content\/uploads\/2026\/09\/image-38.png 201w, https:\/\/ingesto.org.br\/wp-content\/uploads\/2026\/09\/image-38-10x12.png 10w\" sizes=\"(max-width: 201px) 100vw, 201px\" \/><\/figure>\n<\/div>\n\n\n<p class=\"wp-block-paragraph\">O prazo final para o envio das propostas ocorre em 14 de setembro. A companhia divulga os projetos finalistas em 10 de dezembro de 2026.<\/p>\n\n\n\n<p class=\"wp-block-paragraph\">O processo seletivo contempla pessoas jur\u00eddicas sem fins lucrativos. As organiza\u00e7\u00f5es precisam estar aptas a captar recursos por meio de mecanismos federais espec\u00edficos.<\/p>\n\n\n\n<p class=\"wp-block-paragraph\">A sele\u00e7\u00e3o aceita projetos enquadrados na Lei Rouanet, na Lei Federal de Incentivo ao Esporte e no FUNCAD. O edital tamb\u00e9m contempla o Fundo Nacional do Idoso, o PRONAS\/PCD, o PRONON e a Lei do Audiovisual.<\/p>\n\n\n\n<p class=\"wp-block-paragraph\">As entidades participantes devem cumprir rigorosos requisitos de conformidade jur\u00eddica e normas de compliance.<\/p>\n\n\n\n<p class=\"wp-block-paragraph\">As organiza\u00e7\u00f5es do terceiro setor ganham uma oportunidade direta de financiamento para suas atividades. O apoio financeiro fortalece a execu\u00e7\u00e3o de projetos nas \u00e1reas de inclus\u00e3o e educa\u00e7\u00e3o.<\/p>\n\n\n\n<p class=\"wp-block-paragraph\">Os coletivos sociais focados no empoderamento de mulheres e na valoriza\u00e7\u00e3o da diversidade encontram espa\u00e7o no edital. As iniciativas de sustentabilidade e combate \u00e0s mudan\u00e7as clim\u00e1ticas tamb\u00e9m recebem aten\u00e7\u00e3o priorit\u00e1ria.<\/p>\n\n\n\n<p class=\"wp-block-paragraph\">As institui\u00e7\u00f5es da Grande S\u00e3o Paulo podem expandir suas a\u00e7\u00f5es locais com o suporte corporativo da Redion. O edital exige indicadores de resultados, o que estimula a gest\u00e3o profissionalizada nas OSCs.<\/p>\n\n\n\n<p class=\"has-small-font-size wp-block-paragraph\"><a href=\"https:\/\/nossacausa.com\/2026\/09\/edital-seleciona-projetos-sociais-e-culturais-na-grande-sao-paulo\/\" target=\"_blank\" rel=\"noopener\">Nossa Causa<\/a><\/p>\n\n\n\n<h2 class=\"wp-block-heading\">Editais oferecem apoio financeiro e t\u00e9cnico para projetos sociais em todo o pa\u00eds<\/h2>\n\n\n\n<h4 class=\"wp-block-heading\">Iniciativas contemplam fortalecimento comunit\u00e1rio, preserva\u00e7\u00e3o da mem\u00f3ria afro-brasileira e protagonismo de jovens estudantes.<\/h4>\n\n\n<div class=\"wp-block-image\">\n<figure class=\"aligncenter size-full\"><img decoding=\"async\" width=\"590\" height=\"742\" src=\"https:\/\/ingesto.org.br\/wp-content\/uploads\/2026\/09\/image-35.png\" alt=\"\" class=\"wp-image-22551\" srcset=\"https:\/\/ingesto.org.br\/wp-content\/uploads\/2026\/09\/image-35.png 590w, https:\/\/ingesto.org.br\/wp-content\/uploads\/2026\/09\/image-35-239x300.png 239w, https:\/\/ingesto.org.br\/wp-content\/uploads\/2026\/09\/image-35-10x12.png 10w\" sizes=\"(max-width: 590px) 100vw, 590px\" \/><\/figure>\n<\/div>\n\n\n<p class=\"wp-block-paragraph\">Tr\u00eas grandes oportunidades de apoio a projetos sociais est\u00e3o com inscri\u00e7\u00f5es abertas em 2026. O Instituto Alana e o movimento Design for Change promovem o Pr\u00eamio Criativos 2026. A Iniciativa Viva Pequena \u00c1frica recebe ades\u00f5es para a Rede Mem\u00f3ria Viva at\u00e9 outubro de 2026. O Programa Territ\u00f3rios + Fortes destina recursos para a\u00e7\u00f5es comunit\u00e1rias nos munic\u00edpios de Caucaia e S\u00e3o Gon\u00e7alo do Amarante.<\/p>\n\n\n\n<p class=\"wp-block-paragraph\">O Pr\u00eamio Criativos reconhece projetos de estudantes entre 10 e 18 anos incompletos sobre o ambiente digital. Cada um dos seis vencedores dessa premia\u00e7\u00e3o nacional receber\u00e1 o valor de R$ 12 mil. A Rede Mem\u00f3ria Viva apoia projetos t\u00e9cnicos sem repasse financeiro direto para a execu\u00e7\u00e3o de obras. O edital Territ\u00f3rios + Fortes investe R$ 50 mil no total, repassando at\u00e9 R$ 10 mil por proposta aprovada.<\/p>\n\n\n\n<p class=\"wp-block-paragraph\">Organiza\u00e7\u00f5es da sociedade civil e coletivos locais garantem visibilidade e fortalecimento institucional atrav\u00e9s dessas sele\u00e7\u00f5es. As entidades cadastradas na Rede Mem\u00f3ria Viva recebem capacita\u00e7\u00f5es, interc\u00e2mbios e o selo oficial do programa. Grupos comunit\u00e1rios cearenses acessam verbas diretas de at\u00e9 R$ 10 mil para projetos de desenvolvimento local. O edital cearense destina 30% dos seus recursos preferencialmente aos povos ind\u00edgenas Anac\u00e9 do entorno do empreendimento.<\/p>\n\n\n\n<p class=\"has-small-font-size wp-block-paragraph\"><a href=\"https:\/\/capta.org.br\/oportunidades\/premio-criativo-2026-a-internet-e-nossa\/\" target=\"_blank\" rel=\"noopener\">CAPTA<\/a><\/p>\n\n\n\n<h2 class=\"wp-block-heading\">IDDD abre vaga para capta\u00e7\u00e3o e governan\u00e7a em S\u00e3o Paulo<\/h2>\n\n\n\n<h4 class=\"wp-block-heading\">Organiza\u00e7\u00e3o busca profissional CLT para atua\u00e7\u00e3o h\u00edbrida com prazo de candidatura at\u00e9 setembro de 2026.<\/h4>\n\n\n<div class=\"wp-block-image\">\n<figure class=\"aligncenter size-full\"><img loading=\"lazy\" decoding=\"async\" width=\"1000\" height=\"660\" src=\"https:\/\/ingesto.org.br\/wp-content\/uploads\/2026\/09\/image-37.png\" alt=\"\" class=\"wp-image-22553\" srcset=\"https:\/\/ingesto.org.br\/wp-content\/uploads\/2026\/09\/image-37.png 1000w, https:\/\/ingesto.org.br\/wp-content\/uploads\/2026\/09\/image-37-767x506.png 767w, https:\/\/ingesto.org.br\/wp-content\/uploads\/2026\/09\/image-37-300x198.png 300w, https:\/\/ingesto.org.br\/wp-content\/uploads\/2026\/09\/image-37-18x12.png 18w\" sizes=\"(max-width: 1000px) 100vw, 1000px\" \/><\/figure>\n<\/div>\n\n\n<p class=\"wp-block-paragraph\">O Instituto de Defesa do Direito de Defesa (IDDD) busca uma Pessoa Assessora de Capta\u00e7\u00e3o de Recursos, Relacionamento e Governan\u00e7a III. A organiza\u00e7\u00e3o contrata a profissional pelo regime CLT para uma jornada de 40 horas semanais em modalidade h\u00edbrida em S\u00e3o Paulo.<\/p>\n\n\n\n<p class=\"wp-block-paragraph\">O processo seletivo exige ensino superior completo e ingl\u00eas avan\u00e7ado. As pessoas interessadas preenchem o formul\u00e1rio de candidatura at\u00e9 o dia 8 de setembro de 2026, enviando curr\u00edculo atualizado e carta de motiva\u00e7\u00e3o de at\u00e9 uma p\u00e1gina.<\/p>\n\n\n\n<p class=\"wp-block-paragraph\">A vaga oferece sal\u00e1rio mediante pretens\u00e3o informada, al\u00e9m de benef\u00edcios como conv\u00eanio m\u00e9dico e odontol\u00f3gico 100% custeados, vale-refei\u00e7\u00e3o mensal de R$ 1.058,20 e ajuda de custo para teletrabalho de R$ 110,00.<\/p>\n\n\n\n<p class=\"wp-block-paragraph\">A fun\u00e7\u00e3o abrange a pesquisa de oportunidades de financiamento, o acompanhamento do pipeline de capta\u00e7\u00e3o e a elabora\u00e7\u00e3o de propostas institucionais. A profissional selecionada prospecta e fortalece o relacionamento com associados, doadores e parceiros.<\/p>\n\n\n\n<p class=\"wp-block-paragraph\">O cargo tamb\u00e9m demanda apoio \u00e0s inst\u00e2ncias de governan\u00e7a do IDDD, secretaria do Comit\u00ea de Diversidade, elabora\u00e7\u00e3o de atas e revis\u00e3o de pol\u00edticas internas. A rotina inclui a manuten\u00e7\u00e3o de indicadores da \u00e1rea e o trabalho conjunto com o setor de comunica\u00e7\u00e3o.<\/p>\n\n\n\n<p class=\"wp-block-paragraph\">Organiza\u00e7\u00f5es da sociedade civil observam neste processo uma oportunidade de refer\u00eancia em estrutura\u00e7\u00e3o de cargos de capta\u00e7\u00e3o e governan\u00e7a. O IDDD aplica pol\u00edticas afirmativas e valoriza a diversidade em sua equipe.<\/p>\n\n\n\n<p class=\"wp-block-paragraph\">O modelo de contrata\u00e7\u00e3o detalha direitos consolidados e benef\u00edcios competitivos no terceiro setor, servindo de par\u00e2metro para planejamento de recursos humanos em institui\u00e7\u00f5es similares.<\/p>\n\n\n\n<p class=\"has-small-font-size wp-block-paragraph\"><a href=\"https:\/\/captadores.org.br\/vagas\/iddd-abre-vaga-para-pessoa-assessora-de-captacao-de-recursos-relacionamento-e-governanca\/\" target=\"_blank\" rel=\"noopener\">Captadores<\/a><\/p>","protected":false},"excerpt":{"rendered":"<p>Confira os destaques do terceiro setor nesta edi\u00e7\u00e3o. A Redion lan\u00e7ou edital para selecionar projetos sociais e culturais aptos a captar recursos via leis de incentivo. Diversas iniciativas abrirem inscri\u00e7\u00f5es para apoio financeiro e t\u00e9cnico em todo o pa\u00eds. O IDDD est\u00e1 com vaga aberta em regime CLT para capta\u00e7\u00e3o de recursos e governan\u00e7a em S\u00e3o Paulo.<\/p>","protected":false},"author":600,"featured_media":22550,"comment_status":"open","ping_status":"open","sticky":false,"template":"","format":"standard","meta":{"give_campaign_id":0,"_joinchat":[],"footnotes":"","jetpack_post_was_ever_published":false},"categories":[7137,7138],"tags":[589,1139,850,959,3822,182,4687],"class_list":["post-22545","post","type-post","status-publish","format-standard","has-post-thumbnail","hentry","category-boletim","category-boletim-nacional","tag-captacao-de-recursos","tag-esg","tag-financiamento","tag-governanca","tag-leis-de-incentivo","tag-terceiro-setor","tag-vagas"],"yoast_head":"<!-- This site is optimized with the Yoast SEO plugin v28.4 - https:\/\/yoast.com\/product\/yoast-seo-wordpress\/ -->\n<title>Redion lan\u00e7a edital para projetos sociais e culturais - Ingesto<\/title>\n<meta name=\"description\" content=\"Redion lan\u00e7a edital para projetos sociais. Confira tamb\u00e9m novas oportunidades de financiamento e vaga no IDDD para o terceiro setor.\" \/>\n<meta name=\"robots\" content=\"index, follow, max-snippet:-1, max-image-preview:large, max-video-preview:-1\" \/>\n<link rel=\"canonical\" href=\"https:\/\/ingesto.org.br\/en\/redion-lanca-edital-para-projetos-sociais-e-culturais\/\" \/>\n<meta property=\"og:locale\" content=\"en_US\" \/>\n<meta property=\"og:type\" content=\"article\" \/>\n<meta property=\"og:title\" content=\"Redion lan\u00e7a edital para projetos sociais e culturais - Ingesto\" \/>\n<meta property=\"og:description\" content=\"Redion lan\u00e7a edital para projetos sociais. Confira tamb\u00e9m novas oportunidades de financiamento e vaga no IDDD para o terceiro setor.\" \/>\n<meta property=\"og:url\" content=\"https:\/\/ingesto.org.br\/en\/redion-lanca-edital-para-projetos-sociais-e-culturais\/\" \/>\n<meta property=\"og:site_name\" content=\"Ingesto\" \/>\n<meta property=\"article:publisher\" content=\"https:\/\/www.facebook.com\/institutoingesto\" \/>\n<meta property=\"article:published_time\" content=\"2026-09-03T21:13:10+00:00\" \/>\n<meta property=\"article:modified_time\" content=\"2026-09-03T21:13:17+00:00\" \/>\n<meta property=\"og:image\" content=\"https:\/\/ingesto.org.br\/wp-content\/uploads\/2026\/09\/image-33-1024x683.png\" \/>\n\t<meta property=\"og:image:width\" content=\"1024\" \/>\n\t<meta property=\"og:image:height\" content=\"683\" \/>\n\t<meta property=\"og:image:type\" content=\"image\/png\" \/>\n<meta name=\"author\" content=\"Reda\u00e7\u00e3o IA + Curadoria Humana\" \/>\n<meta name=\"twitter:card\" content=\"summary_large_image\" \/>\n<meta name=\"twitter:creator\" content=\"@Ingestos\" \/>\n<meta name=\"twitter:site\" content=\"@Ingestos\" \/>\n<meta name=\"twitter:label1\" content=\"Written by\" \/>\n\t<meta name=\"twitter:data1\" content=\"Reda\u00e7\u00e3o IA + Curadoria Humana\" \/>\n\t<meta name=\"twitter:label2\" content=\"Est. reading time\" \/>\n\t<meta name=\"twitter:data2\" content=\"4 minutes\" \/>\n<script type=\"application\/ld+json\" class=\"yoast-schema-graph\">{\"@context\":\"https:\\\/\\\/schema.org\",\"@graph\":[{\"@type\":\"Article\",\"@id\":\"https:\\\/\\\/ingesto.org.br\\\/redion-lanca-edital-para-projetos-sociais-e-culturais\\\/#article\",\"isPartOf\":{\"@id\":\"https:\\\/\\\/ingesto.org.br\\\/redion-lanca-edital-para-projetos-sociais-e-culturais\\\/\"},\"author\":{\"name\":\"Reda\u00e7\u00e3o IA + Curadoria Humana\",\"@id\":\"http:\\\/\\\/ingesto.org.br\\\/en\\\/#\\\/schema\\\/person\\\/20700121e4ba8023c9d40263a6a7b5fe\"},\"headline\":\"Redion lan\u00e7a edital para projetos sociais e culturais\",\"datePublished\":\"2026-09-03T21:13:10+00:00\",\"dateModified\":\"2026-09-03T21:13:17+00:00\",\"mainEntityOfPage\":{\"@id\":\"https:\\\/\\\/ingesto.org.br\\\/redion-lanca-edital-para-projetos-sociais-e-culturais\\\/\"},\"wordCount\":877,\"commentCount\":0,\"publisher\":{\"@id\":\"http:\\\/\\\/ingesto.org.br\\\/en\\\/#organization\"},\"image\":{\"@id\":\"https:\\\/\\\/ingesto.org.br\\\/redion-lanca-edital-para-projetos-sociais-e-culturais\\\/#primaryimage\"},\"thumbnailUrl\":\"https:\\\/\\\/ingesto.org.br\\\/wp-content\\\/uploads\\\/2026\\\/09\\\/image-34.png\",\"keywords\":[\"Capta\u00e7\u00e3o de Recursos\",\"ESG\",\"Financiamento\",\"governan\u00e7a\",\"Leis de Incentivo\",\"terceiro setor\",\"Vagas\"],\"articleSection\":[\"Boletim\",\"Boletim Nacional\"],\"inLanguage\":\"en-US\",\"potentialAction\":[{\"@type\":\"CommentAction\",\"name\":\"Comment\",\"target\":[\"https:\\\/\\\/ingesto.org.br\\\/redion-lanca-edital-para-projetos-sociais-e-culturais\\\/#respond\"]}]},{\"@type\":\"WebPage\",\"@id\":\"https:\\\/\\\/ingesto.org.br\\\/redion-lanca-edital-para-projetos-sociais-e-culturais\\\/\",\"url\":\"https:\\\/\\\/ingesto.org.br\\\/redion-lanca-edital-para-projetos-sociais-e-culturais\\\/\",\"name\":\"Redion lan\u00e7a edital para projetos sociais e culturais - Ingesto\",\"isPartOf\":{\"@id\":\"http:\\\/\\\/ingesto.org.br\\\/en\\\/#website\"},\"primaryImageOfPage\":{\"@id\":\"https:\\\/\\\/ingesto.org.br\\\/redion-lanca-edital-para-projetos-sociais-e-culturais\\\/#primaryimage\"},\"image\":{\"@id\":\"https:\\\/\\\/ingesto.org.br\\\/redion-lanca-edital-para-projetos-sociais-e-culturais\\\/#primaryimage\"},\"thumbnailUrl\":\"https:\\\/\\\/ingesto.org.br\\\/wp-content\\\/uploads\\\/2026\\\/09\\\/image-34.png\",\"datePublished\":\"2026-09-03T21:13:10+00:00\",\"dateModified\":\"2026-09-03T21:13:17+00:00\",\"description\":\"Redion lan\u00e7a edital para projetos sociais. Confira tamb\u00e9m novas oportunidades de financiamento e vaga no IDDD para o terceiro setor.\",\"breadcrumb\":{\"@id\":\"https:\\\/\\\/ingesto.org.br\\\/redion-lanca-edital-para-projetos-sociais-e-culturais\\\/#breadcrumb\"},\"inLanguage\":\"en-US\",\"potentialAction\":[{\"@type\":\"ReadAction\",\"target\":[\"https:\\\/\\\/ingesto.org.br\\\/redion-lanca-edital-para-projetos-sociais-e-culturais\\\/\"]}]},{\"@type\":\"ImageObject\",\"inLanguage\":\"en-US\",\"@id\":\"https:\\\/\\\/ingesto.org.br\\\/redion-lanca-edital-para-projetos-sociais-e-culturais\\\/#primaryimage\",\"url\":\"https:\\\/\\\/ingesto.org.br\\\/wp-content\\\/uploads\\\/2026\\\/09\\\/image-34.png\",\"contentUrl\":\"https:\\\/\\\/ingesto.org.br\\\/wp-content\\\/uploads\\\/2026\\\/09\\\/image-34.png\",\"width\":590,\"height\":742},{\"@type\":\"BreadcrumbList\",\"@id\":\"https:\\\/\\\/ingesto.org.br\\\/redion-lanca-edital-para-projetos-sociais-e-culturais\\\/#breadcrumb\",\"itemListElement\":[{\"@type\":\"ListItem\",\"position\":1,\"name\":\"In\u00edcio\",\"item\":\"https:\\\/\\\/ingesto.org.br\\\/\"},{\"@type\":\"ListItem\",\"position\":2,\"name\":\"Redion lan\u00e7a edital para projetos sociais e culturais\"}]},{\"@type\":\"WebSite\",\"@id\":\"http:\\\/\\\/ingesto.org.br\\\/en\\\/#website\",\"url\":\"http:\\\/\\\/ingesto.org.br\\\/en\\\/\",\"name\":\"Instituto\",\"description\":\"Instituto para Gest\u00e3o do Terceiro Setor\",\"publisher\":{\"@id\":\"http:\\\/\\\/ingesto.org.br\\\/en\\\/#organization\"},\"alternateName\":\"Ingesto\",\"potentialAction\":[{\"@type\":\"SearchAction\",\"target\":{\"@type\":\"EntryPoint\",\"urlTemplate\":\"http:\\\/\\\/ingesto.org.br\\\/en\\\/?s={search_term_string}\"},\"query-input\":{\"@type\":\"PropertyValueSpecification\",\"valueRequired\":true,\"valueName\":\"search_term_string\"}}],\"inLanguage\":\"en-US\"},{\"@type\":\"Organization\",\"@id\":\"http:\\\/\\\/ingesto.org.br\\\/en\\\/#organization\",\"name\":\"Ingesto\",\"url\":\"http:\\\/\\\/ingesto.org.br\\\/en\\\/\",\"logo\":{\"@type\":\"ImageObject\",\"inLanguage\":\"en-US\",\"@id\":\"http:\\\/\\\/ingesto.org.br\\\/en\\\/#\\\/schema\\\/logo\\\/image\\\/\",\"url\":\"https:\\\/\\\/ingesto.org.br\\\/wp-content\\\/uploads\\\/2020\\\/11\\\/cropped-cropped-icone.png\",\"contentUrl\":\"https:\\\/\\\/ingesto.org.br\\\/wp-content\\\/uploads\\\/2020\\\/11\\\/cropped-cropped-icone.png\",\"width\":512,\"height\":512,\"caption\":\"Ingesto\"},\"image\":{\"@id\":\"http:\\\/\\\/ingesto.org.br\\\/en\\\/#\\\/schema\\\/logo\\\/image\\\/\"},\"sameAs\":[\"https:\\\/\\\/www.facebook.com\\\/institutoingesto\",\"https:\\\/\\\/x.com\\\/Ingestos\",\"https:\\\/\\\/www.instagram.com\\\/institutoingesto\\\/\",\"https:\\\/\\\/www.youtube.com\\\/@institutoingesto\",\"https:\\\/\\\/www.linkedin.com\\\/in\\\/instituto-ingesto\"]},{\"@type\":\"Person\",\"@id\":\"http:\\\/\\\/ingesto.org.br\\\/en\\\/#\\\/schema\\\/person\\\/20700121e4ba8023c9d40263a6a7b5fe\",\"name\":\"Reda\u00e7\u00e3o IA + Curadoria Humana\",\"image\":{\"@type\":\"ImageObject\",\"inLanguage\":\"en-US\",\"@id\":\"https:\\\/\\\/secure.gravatar.com\\\/avatar\\\/34d4732bf113075819aa50ac5cd153435fb2b0fbf203671cde89f09687f605a5?s=96&d=mm&r=g\",\"url\":\"https:\\\/\\\/secure.gravatar.com\\\/avatar\\\/34d4732bf113075819aa50ac5cd153435fb2b0fbf203671cde89f09687f605a5?s=96&d=mm&r=g\",\"contentUrl\":\"https:\\\/\\\/secure.gravatar.com\\\/avatar\\\/34d4732bf113075819aa50ac5cd153435fb2b0fbf203671cde89f09687f605a5?s=96&d=mm&r=g\",\"caption\":\"Reda\u00e7\u00e3o IA + Curadoria Humana\"},\"url\":\"https:\\\/\\\/ingesto.org.br\\\/en\\\/author\\\/robo-boletim\\\/\"}]}<\/script>\n<!-- \/ Yoast SEO plugin. -->","yoast_head_json":{"title":"Redion lan\u00e7a edital para projetos sociais e culturais - Ingesto","description":"Redion lan\u00e7a edital para projetos sociais. Confira tamb\u00e9m novas oportunidades de financiamento e vaga no IDDD para o terceiro setor.","robots":{"index":"index","follow":"follow","max-snippet":"max-snippet:-1","max-image-preview":"max-image-preview:large","max-video-preview":"max-video-preview:-1"},"canonical":"https:\/\/ingesto.org.br\/en\/redion-lanca-edital-para-projetos-sociais-e-culturais\/","og_locale":"en_US","og_type":"article","og_title":"Redion lan\u00e7a edital para projetos sociais e culturais - Ingesto","og_description":"Redion lan\u00e7a edital para projetos sociais. Confira tamb\u00e9m novas oportunidades de financiamento e vaga no IDDD para o terceiro setor.","og_url":"https:\/\/ingesto.org.br\/en\/redion-lanca-edital-para-projetos-sociais-e-culturais\/","og_site_name":"Ingesto","article_publisher":"https:\/\/www.facebook.com\/institutoingesto","article_published_time":"2026-09-03T21:13:10+00:00","article_modified_time":"2026-09-03T21:13:17+00:00","og_image":[{"width":1024,"height":683,"url":"https:\/\/ingesto.org.br\/wp-content\/uploads\/2026\/09\/image-33-1024x683.png","type":"image\/png"}],"author":"Reda\u00e7\u00e3o IA + Curadoria Humana","twitter_card":"summary_large_image","twitter_creator":"@Ingestos","twitter_site":"@Ingestos","twitter_misc":{"Written by":"Reda\u00e7\u00e3o IA + Curadoria Humana","Est. reading time":"4 minutes"},"schema":{"@context":"https:\/\/schema.org","@graph":[{"@type":"Article","@id":"https:\/\/ingesto.org.br\/redion-lanca-edital-para-projetos-sociais-e-culturais\/#article","isPartOf":{"@id":"https:\/\/ingesto.org.br\/redion-lanca-edital-para-projetos-sociais-e-culturais\/"},"author":{"name":"Reda\u00e7\u00e3o IA + Curadoria Humana","@id":"http:\/\/ingesto.org.br\/en\/#\/schema\/person\/20700121e4ba8023c9d40263a6a7b5fe"},"headline":"Redion lan\u00e7a edital para projetos sociais e culturais","datePublished":"2026-09-03T21:13:10+00:00","dateModified":"2026-09-03T21:13:17+00:00","mainEntityOfPage":{"@id":"https:\/\/ingesto.org.br\/redion-lanca-edital-para-projetos-sociais-e-culturais\/"},"wordCount":877,"commentCount":0,"publisher":{"@id":"http:\/\/ingesto.org.br\/en\/#organization"},"image":{"@id":"https:\/\/ingesto.org.br\/redion-lanca-edital-para-projetos-sociais-e-culturais\/#primaryimage"},"thumbnailUrl":"https:\/\/ingesto.org.br\/wp-content\/uploads\/2026\/09\/image-34.png","keywords":["Capta\u00e7\u00e3o de Recursos","ESG","Financiamento","governan\u00e7a","Leis de Incentivo","terceiro setor","Vagas"],"articleSection":["Boletim","Boletim Nacional"],"inLanguage":"en-US","potentialAction":[{"@type":"CommentAction","name":"Comment","target":["https:\/\/ingesto.org.br\/redion-lanca-edital-para-projetos-sociais-e-culturais\/#respond"]}]},{"@type":"WebPage","@id":"https:\/\/ingesto.org.br\/redion-lanca-edital-para-projetos-sociais-e-culturais\/","url":"https:\/\/ingesto.org.br\/redion-lanca-edital-para-projetos-sociais-e-culturais\/","name":"Redion lan\u00e7a edital para projetos sociais e culturais - Ingesto","isPartOf":{"@id":"http:\/\/ingesto.org.br\/en\/#website"},"primaryImageOfPage":{"@id":"https:\/\/ingesto.org.br\/redion-lanca-edital-para-projetos-sociais-e-culturais\/#primaryimage"},"image":{"@id":"https:\/\/ingesto.org.br\/redion-lanca-edital-para-projetos-sociais-e-culturais\/#primaryimage"},"thumbnailUrl":"https:\/\/ingesto.org.br\/wp-content\/uploads\/2026\/09\/image-34.png","datePublished":"2026-09-03T21:13:10+00:00","dateModified":"2026-09-03T21:13:17+00:00","description":"Redion lan\u00e7a edital para projetos sociais. Confira tamb\u00e9m novas oportunidades de financiamento e vaga no IDDD para o terceiro setor.","breadcrumb":{"@id":"https:\/\/ingesto.org.br\/redion-lanca-edital-para-projetos-sociais-e-culturais\/#breadcrumb"},"inLanguage":"en-US","potentialAction":[{"@type":"ReadAction","target":["https:\/\/ingesto.org.br\/redion-lanca-edital-para-projetos-sociais-e-culturais\/"]}]},{"@type":"ImageObject","inLanguage":"en-US","@id":"https:\/\/ingesto.org.br\/redion-lanca-edital-para-projetos-sociais-e-culturais\/#primaryimage","url":"https:\/\/ingesto.org.br\/wp-content\/uploads\/2026\/09\/image-34.png","contentUrl":"https:\/\/ingesto.org.br\/wp-content\/uploads\/2026\/09\/image-34.png","width":590,"height":742},{"@type":"BreadcrumbList","@id":"https:\/\/ingesto.org.br\/redion-lanca-edital-para-projetos-sociais-e-culturais\/#breadcrumb","itemListElement":[{"@type":"ListItem","position":1,"name":"In\u00edcio","item":"https:\/\/ingesto.org.br\/"},{"@type":"ListItem","position":2,"name":"Redion lan\u00e7a edital para projetos sociais e culturais"}]},{"@type":"WebSite","@id":"http:\/\/ingesto.org.br\/en\/#website","url":"http:\/\/ingesto.org.br\/en\/","name":"Institute","description":"Institute for Third Sector Management","publisher":{"@id":"http:\/\/ingesto.org.br\/en\/#organization"},"alternateName":"Ingesto","potentialAction":[{"@type":"SearchAction","target":{"@type":"EntryPoint","urlTemplate":"http:\/\/ingesto.org.br\/en\/?s={search_term_string}"},"query-input":{"@type":"PropertyValueSpecification","valueRequired":true,"valueName":"search_term_string"}}],"inLanguage":"en-US"},{"@type":"Organization","@id":"http:\/\/ingesto.org.br\/en\/#organization","name":"Ingesto","url":"http:\/\/ingesto.org.br\/en\/","logo":{"@type":"ImageObject","inLanguage":"en-US","@id":"http:\/\/ingesto.org.br\/en\/#\/schema\/logo\/image\/","url":"https:\/\/ingesto.org.br\/wp-content\/uploads\/2020\/11\/cropped-cropped-icone.png","contentUrl":"https:\/\/ingesto.org.br\/wp-content\/uploads\/2020\/11\/cropped-cropped-icone.png","width":512,"height":512,"caption":"Ingesto"},"image":{"@id":"http:\/\/ingesto.org.br\/en\/#\/schema\/logo\/image\/"},"sameAs":["https:\/\/www.facebook.com\/institutoingesto","https:\/\/x.com\/Ingestos","https:\/\/www.instagram.com\/institutoingesto\/","https:\/\/www.youtube.com\/@institutoingesto","https:\/\/www.linkedin.com\/in\/instituto-ingesto"]},{"@type":"Person","@id":"http:\/\/ingesto.org.br\/en\/#\/schema\/person\/20700121e4ba8023c9d40263a6a7b5fe","name":"Reda\u00e7\u00e3o IA + Curadoria Humana","image":{"@type":"ImageObject","inLanguage":"en-US","@id":"https:\/\/secure.gravatar.com\/avatar\/34d4732bf113075819aa50ac5cd153435fb2b0fbf203671cde89f09687f605a5?s=96&d=mm&r=g","url":"https:\/\/secure.gravatar.com\/avatar\/34d4732bf113075819aa50ac5cd153435fb2b0fbf203671cde89f09687f605a5?s=96&d=mm&r=g","contentUrl":"https:\/\/secure.gravatar.com\/avatar\/34d4732bf113075819aa50ac5cd153435fb2b0fbf203671cde89f09687f605a5?s=96&d=mm&r=g","caption":"Reda\u00e7\u00e3o IA + Curadoria Humana"},"url":"https:\/\/ingesto.org.br\/en\/author\/robo-boletim\/"}]}},"jetpack_shortlink":"https:\/\/wp.me\/peji5g-5RD","jetpack_featured_media_url":"https:\/\/ingesto.org.br\/wp-content\/uploads\/2026\/09\/image-34.png","acf":[],"_links":{"self":[{"href":"https:\/\/ingesto.org.br\/en\/wp-json\/wp\/v2\/posts\/22545","targetHints":{"allow":["GET"]}}],"collection":[{"href":"https:\/\/ingesto.org.br\/en\/wp-json\/wp\/v2\/posts"}],"about":[{"href":"https:\/\/ingesto.org.br\/en\/wp-json\/wp\/v2\/types\/post"}],"author":[{"embeddable":true,"href":"https:\/\/ingesto.org.br\/en\/wp-json\/wp\/v2\/users\/600"}],"replies":[{"embeddable":true,"href":"https:\/\/ingesto.org.br\/en\/wp-json\/wp\/v2\/comments?post=22545"}],"version-history":[{"count":1,"href":"https:\/\/ingesto.org.br\/en\/wp-json\/wp\/v2\/posts\/22545\/revisions"}],"predecessor-version":[{"id":22556,"href":"https:\/\/ingesto.org.br\/en\/wp-json\/wp\/v2\/posts\/22545\/revisions\/22556"}],"wp:featuredmedia":[{"embeddable":true,"href":"https:\/\/ingesto.org.br\/en\/wp-json\/wp\/v2\/media\/22550"}],"wp:attachment":[{"href":"https:\/\/ingesto.org.br\/en\/wp-json\/wp\/v2\/media?parent=22545"}],"wp:term":[{"taxonomy":"category","embeddable":true,"href":"https:\/\/ingesto.org.br\/en\/wp-json\/wp\/v2\/categories?post=22545"},{"taxonomy":"post_tag","embeddable":true,"href":"https:\/\/ingesto.org.br\/en\/wp-json\/wp\/v2\/tags?post=22545"}],"curies":[{"name":"wp","href":"https:\/\/api.w.org\/{rel}","templated":true}]}}