{"id":22519,"date":"2026-09-02T09:00:00","date_gmt":"2026-09-02T12:00:00","guid":{"rendered":"https:\/\/ingesto.org.br\/?p=22519"},"modified":"2026-09-02T07:25:10","modified_gmt":"2026-09-02T10:25:10","slug":"plp-11-2026-e-a-imunidade-tributaria-das-entidades-sem-fins-lucrativos","status":"publish","type":"post","link":"https:\/\/ingesto.org.br\/en\/plp-11-2026-e-a-imunidade-tributaria-das-entidades-sem-fins-lucrativos\/","title":{"rendered":"PLP 11\/2026 e a imunidade tribut\u00e1ria das entidades sem fins lucrativos"},"content":{"rendered":"<h4 class=\"wp-block-heading\">O Senado aprovou o projeto que garante isen\u00e7\u00f5es fiscais para organiza\u00e7\u00f5es da sociedade civil sem exig\u00eancia de t\u00edtulos formais.<\/h4>\n\n\n<div class=\"wp-block-image\">\n<figure class=\"aligncenter size-full\"><img fetchpriority=\"high\" decoding=\"async\" width=\"399\" height=\"501\" src=\"https:\/\/ingesto.org.br\/wp-content\/uploads\/2026\/09\/image-15.png\" alt=\"\" class=\"wp-image-22522\" srcset=\"https:\/\/ingesto.org.br\/wp-content\/uploads\/2026\/09\/image-15.png 399w, https:\/\/ingesto.org.br\/wp-content\/uploads\/2026\/09\/image-15-10x12.png 10w, https:\/\/ingesto.org.br\/wp-content\/uploads\/2026\/09\/image-15-239x300.png 239w\" sizes=\"(max-width: 399px) 100vw, 399px\" \/><\/figure>\n<\/div>\n\n\n<p class=\"wp-block-paragraph\">O Plen\u00e1rio do Senado aprovou o PLP 11\/2026 em 26 de maio com 69 votos favor\u00e1veis. O senador Fl\u00e1vio Arns assina o texto. A proposta dispensa titula\u00e7\u00e3o formal como Oscip, OS ou Cebas para frui\u00e7\u00e3o de isen\u00e7\u00f5es fiscais federais. O projeto aguarda vota\u00e7\u00e3o na C\u00e2mara dos Deputados. Antes disso, a Lei Complementar 224 de dezembro de 2025 havia reduzido incentivos de IRPJ, CSLL e Cofins. A Receita Federal respondeu em fevereiro de 2026 publicando a Instru\u00e7\u00e3o Normativa 2.307.<\/p>\n\n\n\n<p class=\"wp-block-paragraph\">A Constitui\u00e7\u00e3o Federal protege patrim\u00f4nio, renda e servi\u00e7os de entidades de educa\u00e7\u00e3o e assist\u00eancia social. O dispositivo exige o atendimento \u00e0s regras do artigo 14 do C\u00f3digo Tribut\u00e1rio Nacional. As institui\u00e7\u00f5es precisam aplicar recursos no pa\u00eds, manter escritura\u00e7\u00e3o regular e n\u00e3o distribuir patrim\u00f4nio ou rendas. A Emenda Constitucional 132 de 2023 manteve preservada essa prote\u00e7\u00e3o jur\u00eddica. Paralelamente, a Lei Complementar 214 de 2025 garante imunidade de IBS e CBS no setor. A norma atual, contudo, n\u00e3o estende essa imunidade \u00e0s aquisi\u00e7\u00f5es feitas pelas organiza\u00e7\u00f5es.<\/p>\n\n\n\n<p class=\"wp-block-paragraph\">As organiza\u00e7\u00f5es da sociedade civil movimentam mais de 4% do PIB brasileiro. As institui\u00e7\u00f5es de sa\u00fade realizam quase metade dos procedimentos efetuados pelo Sistema \u00danico de Sa\u00fade. Elas mant\u00eam o \u00fanico hospital em mais da metade das cidades onde operam. As mudan\u00e7as recentes for\u00e7aram dirigentes a refazer or\u00e7amentos e contratar pareceres t\u00e9cnicos por oito meses. A aus\u00eancia de cr\u00e9dito em opera\u00e7\u00f5es de IBS e CBS cria barreiras comerciais para projetos sociais produtivos. Clientes comerciais perdem o incentivo de comprar de entidades que vendem sem gerar cr\u00e9ditos fiscais. Por fim, disputas judiciais permitem reaver valores de tributos indevidos como ISS, ITCMD, IPVA e ICMS.<\/p>\n\n\n\n<p class=\"has-small-font-size wp-block-paragraph\"><a href=\"https:\/\/nossacausa.com\/2026\/09\/reforma-tributaria-mantem-inseguranca-juridica-no-terceiro-setor\/\" target=\"_blank\" rel=\"noopener\">Nossa Causa<\/a><\/p>\n\n\n\n<h2 class=\"wp-block-heading\">Forma\u00e7\u00e3o capacita gestores de organiza\u00e7\u00f5es sociais em parceria com o poder p\u00fablico<\/h2>\n\n\n\n<h4 class=\"wp-block-heading\">Curso virtual aborda Marco Regulat\u00f3rio, regime tribut\u00e1rio e assist\u00eancia social para fortalecer entidades do terceiro setor.<\/h4>\n\n\n<div class=\"wp-block-image\">\n<figure class=\"aligncenter size-large\"><img decoding=\"async\" width=\"1024\" height=\"544\" src=\"https:\/\/ingesto.org.br\/wp-content\/uploads\/2026\/09\/image-17-1024x544.png\" alt=\"\" class=\"wp-image-22524\" srcset=\"https:\/\/ingesto.org.br\/wp-content\/uploads\/2026\/09\/image-17-1024x544.png 1024w, https:\/\/ingesto.org.br\/wp-content\/uploads\/2026\/09\/image-17-300x159.png 300w, https:\/\/ingesto.org.br\/wp-content\/uploads\/2026\/09\/image-17-1536x815.png 1536w, https:\/\/ingesto.org.br\/wp-content\/uploads\/2026\/09\/image-17-767x407.png 767w, https:\/\/ingesto.org.br\/wp-content\/uploads\/2026\/09\/image-17-2048x1087.png 2048w, https:\/\/ingesto.org.br\/wp-content\/uploads\/2026\/09\/image-17-18x10.png 18w, https:\/\/ingesto.org.br\/wp-content\/uploads\/2026\/09\/image-17-1230x652.png 1230w, https:\/\/ingesto.org.br\/wp-content\/uploads\/2026\/09\/image-17-791x420.png 791w\" sizes=\"(max-width: 1024px) 100vw, 1024px\" \/><\/figure>\n<\/div>\n\n\n<p class=\"wp-block-paragraph\">A C\u00e1ritas Brasileira e a Plataforma MROSC encerraram na \u00faltima quinta-feira o curso virtual gratuito voltado para gestores do terceiro setor. A Universidade Cat\u00f3lica de Bras\u00edlia e a C\u00e1tedra Unesco de Juventude, Educa\u00e7\u00e3o e Sociedade integraram a parceria que promoveu a capacita\u00e7\u00e3o.<\/p>\n\n\n\n<p class=\"wp-block-paragraph\">Cerca de 120 participantes, incluindo lideran\u00e7as e t\u00e9cnicos da rede C\u00e1ritas, cumpriram os nove encontros semanais realizados entre junho e agosto. A Universidade Cat\u00f3lica de Bras\u00edlia emitiu certifica\u00e7\u00e3o reconhecida para os alunos com frequ\u00eancia m\u00ednima nas aulas.<\/p>\n\n\n\n<p class=\"wp-block-paragraph\">O planejamento metodol\u00f3gico distribuiu o conte\u00fado em tr\u00eas m\u00f3dulos tem\u00e1ticos focados em sustentabilidade institucional e execu\u00e7\u00e3o de parcerias. Os encontros abordaram a Lei 13.019 de 2014, o Sistema \u00danico de Assist\u00eancia Social e exig\u00eancias como o Cadastro Nacional de Entidades de Assist\u00eancia Social.<\/p>\n\n\n\n<p class=\"wp-block-paragraph\">O segundo m\u00f3dulo detalhou o Estatuto Social, as certifica\u00e7\u00f5es p\u00fablicas e o regime tribut\u00e1rio das entidades. O terceiro m\u00f3dulo aprofundou as regras operacionais e jur\u00eddicas das parcerias na assist\u00eancia social regidas pelo marco regulat\u00f3rio.<\/p>\n\n\n\n<p class=\"wp-block-paragraph\">As organiza\u00e7\u00f5es qualificam sua atua\u00e7\u00e3o na execu\u00e7\u00e3o de pol\u00edticas de assist\u00eancia social voltadas a popula\u00e7\u00f5es em situa\u00e7\u00e3o de vulnerabilidade. A iniciativa consolida a regularidade jur\u00eddica das entidades para acessar recursos e firmar parcerias de maneira sustent\u00e1vel com a administra\u00e7\u00e3o p\u00fablica.<\/p>\n\n\n\n<p class=\"has-small-font-size wp-block-paragraph\"><a href=\"https:\/\/plataformaosc.org.br\/blog\/2026\/09\/01\/caritas-brasileira-e-plataforma-mrosc-encerram-formacao-voltada-a-sustentabilidade-e-atuacao-das-osc-no-brasil\/\" target=\"_blank\" rel=\"noopener\">Plataforma OSC<\/a><\/p>\n\n\n\n<h2 class=\"wp-block-heading\">Festival ABCR 2026 re\u00fane especialistas em S\u00e3o Paulo para discutir capta\u00e7\u00e3o de recursos<\/h2>\n\n\n\n<h4 class=\"wp-block-heading\">Evento traz nove palcos tem\u00e1ticos e masterclasses pr\u00e1ticas para fortalecer a sustentabilidade financeira das organiza\u00e7\u00f5es sociais.<\/h4>\n\n\n<div class=\"wp-block-image\">\n<figure class=\"aligncenter size-large\"><img decoding=\"async\" width=\"1024\" height=\"464\" src=\"https:\/\/ingesto.org.br\/wp-content\/uploads\/2026\/09\/image-19-1024x464.png\" alt=\"\" class=\"wp-image-22526\" srcset=\"https:\/\/ingesto.org.br\/wp-content\/uploads\/2026\/09\/image-19-1024x464.png 1024w, https:\/\/ingesto.org.br\/wp-content\/uploads\/2026\/09\/image-19-767x348.png 767w, https:\/\/ingesto.org.br\/wp-content\/uploads\/2026\/09\/image-19-300x136.png 300w, https:\/\/ingesto.org.br\/wp-content\/uploads\/2026\/09\/image-19-1536x697.png 1536w, https:\/\/ingesto.org.br\/wp-content\/uploads\/2026\/09\/image-19-18x8.png 18w, https:\/\/ingesto.org.br\/wp-content\/uploads\/2026\/09\/image-19.png 1570w\" sizes=\"(max-width: 1024px) 100vw, 1024px\" \/><\/figure>\n<\/div>\n\n\n<p class=\"wp-block-paragraph\">A Associa\u00e7\u00e3o Brasileira dos Captadores de Recursos realiza a 18\u00aa edi\u00e7\u00e3o do Festival ABCR 2026 nos dias 3 e 4 de setembro. O Centro de Conven\u00e7\u00f5es Frei Caneca sedia o encontro na cidade de S\u00e3o Paulo. A entidade prev\u00ea a presen\u00e7a de mais de 1.200 profissionais do terceiro setor. Os organizadores selecionaram 70 palestras entre 126 propostas submetidas. O evento traz especialistas de 12 estados brasileiros, dos Estados Unidos e da Inglaterra.<\/p>\n\n\n\n<p class=\"wp-block-paragraph\">Os organizadores distribu\u00edram as atividades em cinco eixos tem\u00e1ticos principais. Nove palcos abrigam debates simult\u00e2neos sobre intelig\u00eancia artificial, dados e leis de incentivo. A programa\u00e7\u00e3o tamb\u00e9m inclui uma sess\u00e3o com 20 p\u00f4steres selecionados. As masterclasses ocorrem na FGV EAESP nos dias 2, 5 e 6 de setembro. Especialistas ensinam t\u00e9cnicas para diversificar receitas e reter doadores individuais.<\/p>\n\n\n\n<p class=\"wp-block-paragraph\">As organiza\u00e7\u00f5es aprendem a estruturar capta\u00e7\u00f5es de recursos mais previs\u00edveis e sustent\u00e1veis. Os participantes dominam ferramentas tecnol\u00f3gicas para otimizar a gest\u00e3o de relacionamentos. As equipes trocam experi\u00eancias pr\u00e1ticas com profissionais nacionais e internacionais. As entidades ampliam o acesso a fundos p\u00fablicos e parcerias corporativas. Os gestores aplicam estrat\u00e9gias de comunica\u00e7\u00e3o para reten\u00e7\u00e3o de apoiadores.<\/p>\n\n\n\n<p class=\"has-small-font-size wp-block-paragraph\"><a href=\"https:\/\/observatorio3setor.org.br\/sao-paulo-recebe-maior-conferencia-de-captacao-de-recursos-da-america-latina\/\" target=\"_blank\" rel=\"noopener\">Observatorio 3 Setor<\/a><\/p>","protected":false},"excerpt":{"rendered":"<p>Confira as principais not\u00edcias do terceiro setor nesta edi\u00e7\u00e3o. O Senado aprovou o PLP 11\/2026 que garante isen\u00e7\u00f5es fiscais para entidades sem fins lucrativos sem exigir titula\u00e7\u00e3o formal. C\u00e1ritas Brasileira e Plataforma MROSC conclu\u00edram curso virtual para capacita\u00e7\u00e3o de gestores de organiza\u00e7\u00f5es sociais. O Festival ABCR 2026 reunir\u00e1 especialistas em S\u00e3o Paulo para debater a capta\u00e7\u00e3o de recursos no setor.<\/p>","protected":false},"author":600,"featured_media":22521,"comment_status":"open","ping_status":"open","sticky":false,"template":"","format":"standard","meta":{"give_campaign_id":0,"_joinchat":[],"footnotes":"","jetpack_post_was_ever_published":false},"categories":[7137,7138],"tags":[1084,4721,589,6661,852,6920,4433,4192,182],"class_list":["post-22519","post","type-post","status-publish","format-standard","has-post-thumbnail","hentry","category-boletim","category-boletim-nacional","tag-assistencia-social","tag-capacitacao","tag-captacao-de-recursos","tag-imunidade-tributaria","tag-mrosc","tag-plp-11-2026","tag-reforma-tributaria","tag-sustentabilidade-financeira","tag-terceiro-setor"],"yoast_head":"<!-- This site is optimized with the Yoast SEO plugin v28.4 - https:\/\/yoast.com\/product\/yoast-seo-wordpress\/ -->\n<title>PLP 11\/2026 e a imunidade tribut\u00e1ria das entidades sem fins lucrativos - Ingesto<\/title>\n<meta name=\"description\" content=\"Senado aprova PLP 11\/2026 sobre imunidade tribut\u00e1ria no terceiro setor. Veja tamb\u00e9m a capacita\u00e7\u00e3o do MROSC e novidades do Festival ABCR 2026.\" \/>\n<meta name=\"robots\" content=\"index, follow, max-snippet:-1, max-image-preview:large, max-video-preview:-1\" \/>\n<link rel=\"canonical\" href=\"https:\/\/ingesto.org.br\/en\/plp-11-2026-e-a-imunidade-tributaria-das-entidades-sem-fins-lucrativos\/\" \/>\n<meta property=\"og:locale\" content=\"en_US\" \/>\n<meta property=\"og:type\" content=\"article\" \/>\n<meta property=\"og:title\" content=\"PLP 11\/2026 e a imunidade tribut\u00e1ria das entidades sem fins lucrativos - Ingesto\" \/>\n<meta property=\"og:description\" content=\"Senado aprova PLP 11\/2026 sobre imunidade tribut\u00e1ria no terceiro setor. Veja tamb\u00e9m a capacita\u00e7\u00e3o do MROSC e novidades do Festival ABCR 2026.\" \/>\n<meta property=\"og:url\" content=\"https:\/\/ingesto.org.br\/en\/plp-11-2026-e-a-imunidade-tributaria-das-entidades-sem-fins-lucrativos\/\" \/>\n<meta property=\"og:site_name\" content=\"Ingesto\" \/>\n<meta property=\"article:publisher\" content=\"https:\/\/www.facebook.com\/institutoingesto\" \/>\n<meta property=\"article:published_time\" content=\"2026-09-02T12:00:00+00:00\" \/>\n<meta property=\"og:image\" content=\"https:\/\/ingesto.org.br\/wp-content\/uploads\/2026\/09\/image-14.png\" \/>\n\t<meta property=\"og:image:width\" content=\"399\" \/>\n\t<meta property=\"og:image:height\" content=\"501\" \/>\n\t<meta property=\"og:image:type\" content=\"image\/png\" \/>\n<meta name=\"author\" content=\"Reda\u00e7\u00e3o IA + Curadoria Humana\" \/>\n<meta name=\"twitter:card\" content=\"summary_large_image\" \/>\n<meta name=\"twitter:creator\" content=\"@Ingestos\" \/>\n<meta name=\"twitter:site\" content=\"@Ingestos\" \/>\n<meta name=\"twitter:label1\" content=\"Written by\" \/>\n\t<meta name=\"twitter:data1\" content=\"Reda\u00e7\u00e3o IA + Curadoria Humana\" \/>\n\t<meta name=\"twitter:label2\" content=\"Est. reading time\" \/>\n\t<meta name=\"twitter:data2\" content=\"5 minutes\" \/>\n<script type=\"application\/ld+json\" class=\"yoast-schema-graph\">{\"@context\":\"https:\\\/\\\/schema.org\",\"@graph\":[{\"@type\":\"Article\",\"@id\":\"https:\\\/\\\/ingesto.org.br\\\/plp-11-2026-e-a-imunidade-tributaria-das-entidades-sem-fins-lucrativos\\\/#article\",\"isPartOf\":{\"@id\":\"https:\\\/\\\/ingesto.org.br\\\/plp-11-2026-e-a-imunidade-tributaria-das-entidades-sem-fins-lucrativos\\\/\"},\"author\":{\"name\":\"Reda\u00e7\u00e3o IA + Curadoria Humana\",\"@id\":\"http:\\\/\\\/ingesto.org.br\\\/en\\\/#\\\/schema\\\/person\\\/20700121e4ba8023c9d40263a6a7b5fe\"},\"headline\":\"PLP 11\\\/2026 e a imunidade tribut\u00e1ria das entidades sem fins lucrativos\",\"datePublished\":\"2026-09-02T12:00:00+00:00\",\"mainEntityOfPage\":{\"@id\":\"https:\\\/\\\/ingesto.org.br\\\/plp-11-2026-e-a-imunidade-tributaria-das-entidades-sem-fins-lucrativos\\\/\"},\"wordCount\":831,\"commentCount\":0,\"publisher\":{\"@id\":\"http:\\\/\\\/ingesto.org.br\\\/en\\\/#organization\"},\"image\":{\"@id\":\"https:\\\/\\\/ingesto.org.br\\\/plp-11-2026-e-a-imunidade-tributaria-das-entidades-sem-fins-lucrativos\\\/#primaryimage\"},\"thumbnailUrl\":\"https:\\\/\\\/ingesto.org.br\\\/wp-content\\\/uploads\\\/2026\\\/09\\\/image-14.png\",\"keywords\":[\"Assist\u00eancia Social\",\"Capacita\u00e7\u00e3o\",\"Capta\u00e7\u00e3o de Recursos\",\"Imunidade Tribut\u00e1ria\",\"MROSC\",\"PLP 11\\\/2026\",\"Reforma Tribut\u00e1ria\",\"Sustentabilidade Financeira\",\"terceiro setor\"],\"articleSection\":[\"Boletim\",\"Boletim Nacional\"],\"inLanguage\":\"en-US\",\"potentialAction\":[{\"@type\":\"CommentAction\",\"name\":\"Comment\",\"target\":[\"https:\\\/\\\/ingesto.org.br\\\/plp-11-2026-e-a-imunidade-tributaria-das-entidades-sem-fins-lucrativos\\\/#respond\"]}]},{\"@type\":\"WebPage\",\"@id\":\"https:\\\/\\\/ingesto.org.br\\\/plp-11-2026-e-a-imunidade-tributaria-das-entidades-sem-fins-lucrativos\\\/\",\"url\":\"https:\\\/\\\/ingesto.org.br\\\/plp-11-2026-e-a-imunidade-tributaria-das-entidades-sem-fins-lucrativos\\\/\",\"name\":\"PLP 11\\\/2026 e a imunidade tribut\u00e1ria das entidades sem fins lucrativos - Ingesto\",\"isPartOf\":{\"@id\":\"http:\\\/\\\/ingesto.org.br\\\/en\\\/#website\"},\"primaryImageOfPage\":{\"@id\":\"https:\\\/\\\/ingesto.org.br\\\/plp-11-2026-e-a-imunidade-tributaria-das-entidades-sem-fins-lucrativos\\\/#primaryimage\"},\"image\":{\"@id\":\"https:\\\/\\\/ingesto.org.br\\\/plp-11-2026-e-a-imunidade-tributaria-das-entidades-sem-fins-lucrativos\\\/#primaryimage\"},\"thumbnailUrl\":\"https:\\\/\\\/ingesto.org.br\\\/wp-content\\\/uploads\\\/2026\\\/09\\\/image-14.png\",\"datePublished\":\"2026-09-02T12:00:00+00:00\",\"description\":\"Senado aprova PLP 11\\\/2026 sobre imunidade tribut\u00e1ria no terceiro setor. Veja tamb\u00e9m a capacita\u00e7\u00e3o do MROSC e novidades do Festival ABCR 2026.\",\"breadcrumb\":{\"@id\":\"https:\\\/\\\/ingesto.org.br\\\/plp-11-2026-e-a-imunidade-tributaria-das-entidades-sem-fins-lucrativos\\\/#breadcrumb\"},\"inLanguage\":\"en-US\",\"potentialAction\":[{\"@type\":\"ReadAction\",\"target\":[\"https:\\\/\\\/ingesto.org.br\\\/plp-11-2026-e-a-imunidade-tributaria-das-entidades-sem-fins-lucrativos\\\/\"]}]},{\"@type\":\"ImageObject\",\"inLanguage\":\"en-US\",\"@id\":\"https:\\\/\\\/ingesto.org.br\\\/plp-11-2026-e-a-imunidade-tributaria-das-entidades-sem-fins-lucrativos\\\/#primaryimage\",\"url\":\"https:\\\/\\\/ingesto.org.br\\\/wp-content\\\/uploads\\\/2026\\\/09\\\/image-14.png\",\"contentUrl\":\"https:\\\/\\\/ingesto.org.br\\\/wp-content\\\/uploads\\\/2026\\\/09\\\/image-14.png\",\"width\":399,\"height\":501},{\"@type\":\"BreadcrumbList\",\"@id\":\"https:\\\/\\\/ingesto.org.br\\\/plp-11-2026-e-a-imunidade-tributaria-das-entidades-sem-fins-lucrativos\\\/#breadcrumb\",\"itemListElement\":[{\"@type\":\"ListItem\",\"position\":1,\"name\":\"In\u00edcio\",\"item\":\"https:\\\/\\\/ingesto.org.br\\\/\"},{\"@type\":\"ListItem\",\"position\":2,\"name\":\"PLP 11\\\/2026 e a imunidade tribut\u00e1ria das entidades sem fins lucrativos\"}]},{\"@type\":\"WebSite\",\"@id\":\"http:\\\/\\\/ingesto.org.br\\\/en\\\/#website\",\"url\":\"http:\\\/\\\/ingesto.org.br\\\/en\\\/\",\"name\":\"Instituto\",\"description\":\"Instituto para Gest\u00e3o do Terceiro Setor\",\"publisher\":{\"@id\":\"http:\\\/\\\/ingesto.org.br\\\/en\\\/#organization\"},\"alternateName\":\"Ingesto\",\"potentialAction\":[{\"@type\":\"SearchAction\",\"target\":{\"@type\":\"EntryPoint\",\"urlTemplate\":\"http:\\\/\\\/ingesto.org.br\\\/en\\\/?s={search_term_string}\"},\"query-input\":{\"@type\":\"PropertyValueSpecification\",\"valueRequired\":true,\"valueName\":\"search_term_string\"}}],\"inLanguage\":\"en-US\"},{\"@type\":\"Organization\",\"@id\":\"http:\\\/\\\/ingesto.org.br\\\/en\\\/#organization\",\"name\":\"Ingesto\",\"url\":\"http:\\\/\\\/ingesto.org.br\\\/en\\\/\",\"logo\":{\"@type\":\"ImageObject\",\"inLanguage\":\"en-US\",\"@id\":\"http:\\\/\\\/ingesto.org.br\\\/en\\\/#\\\/schema\\\/logo\\\/image\\\/\",\"url\":\"https:\\\/\\\/ingesto.org.br\\\/wp-content\\\/uploads\\\/2020\\\/11\\\/cropped-cropped-icone.png\",\"contentUrl\":\"https:\\\/\\\/ingesto.org.br\\\/wp-content\\\/uploads\\\/2020\\\/11\\\/cropped-cropped-icone.png\",\"width\":512,\"height\":512,\"caption\":\"Ingesto\"},\"image\":{\"@id\":\"http:\\\/\\\/ingesto.org.br\\\/en\\\/#\\\/schema\\\/logo\\\/image\\\/\"},\"sameAs\":[\"https:\\\/\\\/www.facebook.com\\\/institutoingesto\",\"https:\\\/\\\/x.com\\\/Ingestos\",\"https:\\\/\\\/www.instagram.com\\\/institutoingesto\\\/\",\"https:\\\/\\\/www.youtube.com\\\/@institutoingesto\",\"https:\\\/\\\/www.linkedin.com\\\/in\\\/instituto-ingesto\"]},{\"@type\":\"Person\",\"@id\":\"http:\\\/\\\/ingesto.org.br\\\/en\\\/#\\\/schema\\\/person\\\/20700121e4ba8023c9d40263a6a7b5fe\",\"name\":\"Reda\u00e7\u00e3o IA + Curadoria Humana\",\"image\":{\"@type\":\"ImageObject\",\"inLanguage\":\"en-US\",\"@id\":\"https:\\\/\\\/secure.gravatar.com\\\/avatar\\\/34d4732bf113075819aa50ac5cd153435fb2b0fbf203671cde89f09687f605a5?s=96&d=mm&r=g\",\"url\":\"https:\\\/\\\/secure.gravatar.com\\\/avatar\\\/34d4732bf113075819aa50ac5cd153435fb2b0fbf203671cde89f09687f605a5?s=96&d=mm&r=g\",\"contentUrl\":\"https:\\\/\\\/secure.gravatar.com\\\/avatar\\\/34d4732bf113075819aa50ac5cd153435fb2b0fbf203671cde89f09687f605a5?s=96&d=mm&r=g\",\"caption\":\"Reda\u00e7\u00e3o IA + Curadoria Humana\"},\"url\":\"https:\\\/\\\/ingesto.org.br\\\/en\\\/author\\\/robo-boletim\\\/\"}]}<\/script>\n<!-- \/ Yoast SEO plugin. -->","yoast_head_json":{"title":"PLP 11\/2026 e a imunidade tribut\u00e1ria das entidades sem fins lucrativos - Ingesto","description":"Senado aprova PLP 11\/2026 sobre imunidade tribut\u00e1ria no terceiro setor. Veja tamb\u00e9m a capacita\u00e7\u00e3o do MROSC e novidades do Festival ABCR 2026.","robots":{"index":"index","follow":"follow","max-snippet":"max-snippet:-1","max-image-preview":"max-image-preview:large","max-video-preview":"max-video-preview:-1"},"canonical":"https:\/\/ingesto.org.br\/en\/plp-11-2026-e-a-imunidade-tributaria-das-entidades-sem-fins-lucrativos\/","og_locale":"en_US","og_type":"article","og_title":"PLP 11\/2026 e a imunidade tribut\u00e1ria das entidades sem fins lucrativos - Ingesto","og_description":"Senado aprova PLP 11\/2026 sobre imunidade tribut\u00e1ria no terceiro setor. Veja tamb\u00e9m a capacita\u00e7\u00e3o do MROSC e novidades do Festival ABCR 2026.","og_url":"https:\/\/ingesto.org.br\/en\/plp-11-2026-e-a-imunidade-tributaria-das-entidades-sem-fins-lucrativos\/","og_site_name":"Ingesto","article_publisher":"https:\/\/www.facebook.com\/institutoingesto","article_published_time":"2026-09-02T12:00:00+00:00","og_image":[{"width":399,"height":501,"url":"https:\/\/ingesto.org.br\/wp-content\/uploads\/2026\/09\/image-14.png","type":"image\/png"}],"author":"Reda\u00e7\u00e3o IA + Curadoria Humana","twitter_card":"summary_large_image","twitter_creator":"@Ingestos","twitter_site":"@Ingestos","twitter_misc":{"Written by":"Reda\u00e7\u00e3o IA + Curadoria Humana","Est. reading time":"5 minutes"},"schema":{"@context":"https:\/\/schema.org","@graph":[{"@type":"Article","@id":"https:\/\/ingesto.org.br\/plp-11-2026-e-a-imunidade-tributaria-das-entidades-sem-fins-lucrativos\/#article","isPartOf":{"@id":"https:\/\/ingesto.org.br\/plp-11-2026-e-a-imunidade-tributaria-das-entidades-sem-fins-lucrativos\/"},"author":{"name":"Reda\u00e7\u00e3o IA + Curadoria Humana","@id":"http:\/\/ingesto.org.br\/en\/#\/schema\/person\/20700121e4ba8023c9d40263a6a7b5fe"},"headline":"PLP 11\/2026 e a imunidade tribut\u00e1ria das entidades sem fins lucrativos","datePublished":"2026-09-02T12:00:00+00:00","mainEntityOfPage":{"@id":"https:\/\/ingesto.org.br\/plp-11-2026-e-a-imunidade-tributaria-das-entidades-sem-fins-lucrativos\/"},"wordCount":831,"commentCount":0,"publisher":{"@id":"http:\/\/ingesto.org.br\/en\/#organization"},"image":{"@id":"https:\/\/ingesto.org.br\/plp-11-2026-e-a-imunidade-tributaria-das-entidades-sem-fins-lucrativos\/#primaryimage"},"thumbnailUrl":"https:\/\/ingesto.org.br\/wp-content\/uploads\/2026\/09\/image-14.png","keywords":["Assist\u00eancia Social","Capacita\u00e7\u00e3o","Capta\u00e7\u00e3o de Recursos","Imunidade Tribut\u00e1ria","MROSC","PLP 11\/2026","Reforma Tribut\u00e1ria","Sustentabilidade Financeira","terceiro setor"],"articleSection":["Boletim","Boletim Nacional"],"inLanguage":"en-US","potentialAction":[{"@type":"CommentAction","name":"Comment","target":["https:\/\/ingesto.org.br\/plp-11-2026-e-a-imunidade-tributaria-das-entidades-sem-fins-lucrativos\/#respond"]}]},{"@type":"WebPage","@id":"https:\/\/ingesto.org.br\/plp-11-2026-e-a-imunidade-tributaria-das-entidades-sem-fins-lucrativos\/","url":"https:\/\/ingesto.org.br\/plp-11-2026-e-a-imunidade-tributaria-das-entidades-sem-fins-lucrativos\/","name":"PLP 11\/2026 e a imunidade tribut\u00e1ria das entidades sem fins lucrativos - Ingesto","isPartOf":{"@id":"http:\/\/ingesto.org.br\/en\/#website"},"primaryImageOfPage":{"@id":"https:\/\/ingesto.org.br\/plp-11-2026-e-a-imunidade-tributaria-das-entidades-sem-fins-lucrativos\/#primaryimage"},"image":{"@id":"https:\/\/ingesto.org.br\/plp-11-2026-e-a-imunidade-tributaria-das-entidades-sem-fins-lucrativos\/#primaryimage"},"thumbnailUrl":"https:\/\/ingesto.org.br\/wp-content\/uploads\/2026\/09\/image-14.png","datePublished":"2026-09-02T12:00:00+00:00","description":"Senado aprova PLP 11\/2026 sobre imunidade tribut\u00e1ria no terceiro setor. Veja tamb\u00e9m a capacita\u00e7\u00e3o do MROSC e novidades do Festival ABCR 2026.","breadcrumb":{"@id":"https:\/\/ingesto.org.br\/plp-11-2026-e-a-imunidade-tributaria-das-entidades-sem-fins-lucrativos\/#breadcrumb"},"inLanguage":"en-US","potentialAction":[{"@type":"ReadAction","target":["https:\/\/ingesto.org.br\/plp-11-2026-e-a-imunidade-tributaria-das-entidades-sem-fins-lucrativos\/"]}]},{"@type":"ImageObject","inLanguage":"en-US","@id":"https:\/\/ingesto.org.br\/plp-11-2026-e-a-imunidade-tributaria-das-entidades-sem-fins-lucrativos\/#primaryimage","url":"https:\/\/ingesto.org.br\/wp-content\/uploads\/2026\/09\/image-14.png","contentUrl":"https:\/\/ingesto.org.br\/wp-content\/uploads\/2026\/09\/image-14.png","width":399,"height":501},{"@type":"BreadcrumbList","@id":"https:\/\/ingesto.org.br\/plp-11-2026-e-a-imunidade-tributaria-das-entidades-sem-fins-lucrativos\/#breadcrumb","itemListElement":[{"@type":"ListItem","position":1,"name":"In\u00edcio","item":"https:\/\/ingesto.org.br\/"},{"@type":"ListItem","position":2,"name":"PLP 11\/2026 e a imunidade tribut\u00e1ria das entidades sem fins lucrativos"}]},{"@type":"WebSite","@id":"http:\/\/ingesto.org.br\/en\/#website","url":"http:\/\/ingesto.org.br\/en\/","name":"Institute","description":"Institute for Third Sector Management","publisher":{"@id":"http:\/\/ingesto.org.br\/en\/#organization"},"alternateName":"Ingesto","potentialAction":[{"@type":"SearchAction","target":{"@type":"EntryPoint","urlTemplate":"http:\/\/ingesto.org.br\/en\/?s={search_term_string}"},"query-input":{"@type":"PropertyValueSpecification","valueRequired":true,"valueName":"search_term_string"}}],"inLanguage":"en-US"},{"@type":"Organization","@id":"http:\/\/ingesto.org.br\/en\/#organization","name":"Ingesto","url":"http:\/\/ingesto.org.br\/en\/","logo":{"@type":"ImageObject","inLanguage":"en-US","@id":"http:\/\/ingesto.org.br\/en\/#\/schema\/logo\/image\/","url":"https:\/\/ingesto.org.br\/wp-content\/uploads\/2020\/11\/cropped-cropped-icone.png","contentUrl":"https:\/\/ingesto.org.br\/wp-content\/uploads\/2020\/11\/cropped-cropped-icone.png","width":512,"height":512,"caption":"Ingesto"},"image":{"@id":"http:\/\/ingesto.org.br\/en\/#\/schema\/logo\/image\/"},"sameAs":["https:\/\/www.facebook.com\/institutoingesto","https:\/\/x.com\/Ingestos","https:\/\/www.instagram.com\/institutoingesto\/","https:\/\/www.youtube.com\/@institutoingesto","https:\/\/www.linkedin.com\/in\/instituto-ingesto"]},{"@type":"Person","@id":"http:\/\/ingesto.org.br\/en\/#\/schema\/person\/20700121e4ba8023c9d40263a6a7b5fe","name":"Reda\u00e7\u00e3o IA + Curadoria Humana","image":{"@type":"ImageObject","inLanguage":"en-US","@id":"https:\/\/secure.gravatar.com\/avatar\/34d4732bf113075819aa50ac5cd153435fb2b0fbf203671cde89f09687f605a5?s=96&d=mm&r=g","url":"https:\/\/secure.gravatar.com\/avatar\/34d4732bf113075819aa50ac5cd153435fb2b0fbf203671cde89f09687f605a5?s=96&d=mm&r=g","contentUrl":"https:\/\/secure.gravatar.com\/avatar\/34d4732bf113075819aa50ac5cd153435fb2b0fbf203671cde89f09687f605a5?s=96&d=mm&r=g","caption":"Reda\u00e7\u00e3o IA + Curadoria Humana"},"url":"https:\/\/ingesto.org.br\/en\/author\/robo-boletim\/"}]}},"jetpack_shortlink":"https:\/\/wp.me\/peji5g-5Rd","jetpack_featured_media_url":"https:\/\/ingesto.org.br\/wp-content\/uploads\/2026\/09\/image-14.png","acf":[],"_links":{"self":[{"href":"https:\/\/ingesto.org.br\/en\/wp-json\/wp\/v2\/posts\/22519","targetHints":{"allow":["GET"]}}],"collection":[{"href":"https:\/\/ingesto.org.br\/en\/wp-json\/wp\/v2\/posts"}],"about":[{"href":"https:\/\/ingesto.org.br\/en\/wp-json\/wp\/v2\/types\/post"}],"author":[{"embeddable":true,"href":"https:\/\/ingesto.org.br\/en\/wp-json\/wp\/v2\/users\/600"}],"replies":[{"embeddable":true,"href":"https:\/\/ingesto.org.br\/en\/wp-json\/wp\/v2\/comments?post=22519"}],"version-history":[{"count":1,"href":"https:\/\/ingesto.org.br\/en\/wp-json\/wp\/v2\/posts\/22519\/revisions"}],"predecessor-version":[{"id":22532,"href":"https:\/\/ingesto.org.br\/en\/wp-json\/wp\/v2\/posts\/22519\/revisions\/22532"}],"wp:featuredmedia":[{"embeddable":true,"href":"https:\/\/ingesto.org.br\/en\/wp-json\/wp\/v2\/media\/22521"}],"wp:attachment":[{"href":"https:\/\/ingesto.org.br\/en\/wp-json\/wp\/v2\/media?parent=22519"}],"wp:term":[{"taxonomy":"category","embeddable":true,"href":"https:\/\/ingesto.org.br\/en\/wp-json\/wp\/v2\/categories?post=22519"},{"taxonomy":"post_tag","embeddable":true,"href":"https:\/\/ingesto.org.br\/en\/wp-json\/wp\/v2\/tags?post=22519"}],"curies":[{"name":"wp","href":"https:\/\/api.w.org\/{rel}","templated":true}]}}