{"id":22472,"date":"2026-08-31T11:31:33","date_gmt":"2026-08-31T14:31:33","guid":{"rendered":"https:\/\/ingesto.org.br\/?p=22472"},"modified":"2026-08-31T17:01:03","modified_gmt":"2026-08-31T20:01:03","slug":"transferegov-e-portal-da-transparencia-o-que-mudou-e-o-que-nao-mudou-entre-julho-e-agosto-de-2026","status":"publish","type":"post","link":"https:\/\/ingesto.org.br\/en\/transferegov-e-portal-da-transparencia-o-que-mudou-e-o-que-nao-mudou-entre-julho-e-agosto-de-2026\/","title":{"rendered":"TransfereGov e Portal da Transpar\u00eancia: o que mudou (e o que n\u00e3o mudou) entre julho e agosto de 2026!"},"content":{"rendered":"<h2 class=\"wp-block-heading\">O fato principal: a atualiza\u00e7\u00e3o dos dados do TRANSFEREGOV est\u00e1 parado h\u00e1 mais de 6 semanas<\/h2>\n\n\n\n<p class=\"wp-block-paragraph\">Se voc\u00ea acompanha o Ingesto esperando ver quais recursos federais para OSCs se movimentaram entre julho e agosto, a resposta mais honesta que podemos dar \u00e9 esta: <strong>o arquivo de carga em lote do SICONV, fonte oficial de onde o TransfereGov distribui seus dados abertos, n\u00e3o \u00e9 atualizado desde 17 de julho de 2026.<\/strong><\/p>\n\n\n\n<p class=\"wp-block-paragraph\">Essa informa\u00e7\u00e3o n\u00e3o \u00e9 uma suposi\u00e7\u00e3o nossa. O pr\u00f3prio governo publica a data da \u00faltima carga em <a href=\"http:\/\/repositorio.dados.gov.br\/seges\/detru\/data_carga_siconv.txt\">data_carga_siconv.txt<\/a>, e o valor registrado \u00e9 <code>17\/07\/2026 06:30:47<\/code>. Cruzamos isso com o que est\u00e1 na nossa base: o \u00faltimo programa\/chamamento com data de disponibiliza\u00e7\u00e3o registrada \u00e9 de <strong>16\/07\/2026<\/strong> \u2014 um dia antes, exatamente o padr\u00e3o esperado se a carga do dia seguinte n\u00e3o chegou a acontecer.<\/p>\n\n\n\n<p class=\"wp-block-paragraph\">Importante deixar claro: isso <strong>n\u00e3o \u00e9 uma falha do Ingesto<\/strong>. Nossa coleta autom\u00e1tica roda diariamente, verificamos e confirmamos que ela est\u00e1 processando corretamente o arquivo que o governo disponibiliza \u2014 o problema est\u00e1 na origem, n\u00e3o na captura.<\/p>\n\n\n\n<h2 class=\"wp-block-heading\">O que isso significa na pr\u00e1tica<\/h2>\n\n\n\n<p class=\"wp-block-paragraph\">Aqui est\u00e1 o ponto que mais nos preocupa, e que vale destacar: <strong>o congelamento \u00e9 s\u00f3 do arquivo de carga em lote \u2014 n\u00e3o do sistema do governo como um todo.<\/strong> Confirmamos, cruzando com uma consulta feita diretamente na tela de consulta p\u00fablica do TransfereGov, que chamamentos novos continuaram sendo abertos normalmente depois de 17\/07 \u2014 inclu\u00edmos abaixo tr\u00eas exemplos reais, com in\u00edcio de recebimento de proposta em 18\/07, 03\/08 e 13\/08\/2026, que existem no sistema do governo mas n\u00e3o aparecem na nossa base (nem em nenhuma outra ferramenta que dependa do mesmo arquivo de dados abertos).<\/p>\n\n\n\n<p class=\"wp-block-paragraph\">Ou seja: h\u00e1 chamamento novo acontecendo, mas o canal de dados abertos que alimenta ferramentas como o Ingesto est\u00e1 desatualizado. Isso \u00e9, por si, uma falha de transpar\u00eancia p\u00fablica que merece ser registrada \u2014 o mecanismo de dados abertos do governo est\u00e1 dessincronizado do pr\u00f3prio sistema operacional dele h\u00e1 mais de um m\u00eas e meio, sem comunicado p\u00fablico sobre isso at\u00e9 o momento em que este relat\u00f3rio foi escrito.<\/p>\n\n\n\n<h2 class=\"wp-block-heading\">Situa\u00e7\u00e3o atual da base (snapshot de 31\/08\/2026)<\/h2>\n\n\n\n<p class=\"wp-block-paragraph\">Como n\u00e3o h\u00e1 como comparar &#8220;o que mudou entre julho e agosto&#8221; numa fonte que n\u00e3o mudou nesse per\u00edodo, apresentamos aqui o retrato do momento presente:<\/p>\n\n\n\n<ul class=\"wp-block-list\">\n<li><strong>90.773 propostas<\/strong> de organiza\u00e7\u00f5es da sociedade civil na base, cobrindo todo o hist\u00f3rico do TransfereGov.<\/li>\n\n\n\n<li><strong>9.653 conv\u00eanios atualmente &#8220;Em execu\u00e7\u00e3o&#8221;<\/strong> \u2014 o est\u00e1gio mais avan\u00e7ado antes da presta\u00e7\u00e3o de contas \u2014, somando:<br><\/li>\n<\/ul>\n\n\n\n<p class=\"wp-block-paragraph\">Esses n\u00fameros refletem o estado acumulado de todos os conv\u00eanios em execu\u00e7\u00e3o, n\u00e3o uma varia\u00e7\u00e3o do per\u00edodo \u2014 n\u00e3o temos, hoje, uma forma confi\u00e1vel de isolar &#8220;o que mudou desde julho&#8221; dentro desse total (mais sobre isso na se\u00e7\u00e3o final).<\/p>\n\n\n<div class=\"wp-block-image\">\n<figure class=\"aligncenter size-full\"><a href=\"https:\/\/ingesto.org.br\/en\/minha-assinatura\/estatisticas-livre\/\"><img fetchpriority=\"high\" decoding=\"async\" width=\"750\" height=\"500\" src=\"https:\/\/ingesto.org.br\/wp-content\/uploads\/2026\/08\/painel-federal.png\" alt=\"Transpar\u00eancia de recursos p\u00fablicos federais para organiza\u00e7\u00f5es da sociedade civil!\" class=\"wp-image-22481\" srcset=\"https:\/\/ingesto.org.br\/wp-content\/uploads\/2026\/08\/painel-federal.png 750w, https:\/\/ingesto.org.br\/wp-content\/uploads\/2026\/08\/painel-federal-300x200.png 300w, https:\/\/ingesto.org.br\/wp-content\/uploads\/2026\/08\/painel-federal-18x12.png 18w\" sizes=\"(max-width: 750px) 100vw, 750px\" \/><\/a><\/figure>\n<\/div>\n\n\n<figure class=\"wp-block-image size-large\"><img decoding=\"async\" width=\"1024\" height=\"700\" src=\"https:\/\/ingesto.org.br\/wp-content\/uploads\/2026\/08\/grafico_repasse_empenhado_desembolsado-1024x700.png\" alt=\"\" class=\"wp-image-22475\" srcset=\"https:\/\/ingesto.org.br\/wp-content\/uploads\/2026\/08\/grafico_repasse_empenhado_desembolsado-1024x700.png 1024w, https:\/\/ingesto.org.br\/wp-content\/uploads\/2026\/08\/grafico_repasse_empenhado_desembolsado-767x524.png 767w, https:\/\/ingesto.org.br\/wp-content\/uploads\/2026\/08\/grafico_repasse_empenhado_desembolsado-300x205.png 300w, https:\/\/ingesto.org.br\/wp-content\/uploads\/2026\/08\/grafico_repasse_empenhado_desembolsado-18x12.png 18w, https:\/\/ingesto.org.br\/wp-content\/uploads\/2026\/08\/grafico_repasse_empenhado_desembolsado.png 1185w\" sizes=\"(max-width: 1024px) 100vw, 1024px\" \/><figcaption class=\"wp-element-caption\">Conv\u00eanios em execu\u00e7\u00e3o (9.653) \u2014 situa\u00e7\u00e3o atual, snapshot de 31\/08\/2026<\/figcaption><\/figure>\n\n\n\n<h2 class=\"wp-block-heading\">Chamamentos com recebimento de propostas em aberto (verifica\u00e7\u00e3o manual, 31\/08\/2026)<\/h2>\n\n\n\n<p class=\"wp-block-paragraph\">Dado o congelamento descrito acima, a lista de chamamentos abaixo <strong>n\u00e3o vem da nossa captura autom\u00e1tica<\/strong> \u2014 vem de uma checagem manual feita diretamente na tela de consulta p\u00fablica do TransfereGov (m\u00f3dulo Chamamento P\u00fablico\/MROSC) no dia 31\/08\/2026. Optamos por esse caminho justamente porque nossa base batch est\u00e1 desatualizada desde 16-17\/07, e publicar prazo de chamamento sem essa verifica\u00e7\u00e3o correria o risco de informar uma organiza\u00e7\u00e3o que um edital j\u00e1 fechou quando na verdade ainda est\u00e1 aberto (ou vice-versa) \u2014 checamos isso a fundo antes de publicar.<\/p>\n\n\n\n<p class=\"wp-block-paragraph\">Destes, 4 chamamentos estavam com status &#8220;Em recebimento de propostas&#8221; no momento da consulta:<\/p>\n\n\n\n<figure class=\"wp-block-table\"><table class=\"has-fixed-layout\"><thead><tr><th>C\u00f3digo<\/th><th>Organ<\/th><th>Modality<\/th><th>Recebimento de propostas<\/th><th>Selection Committee<\/th><\/tr><\/thead><tbody><tr><td>3091320260004<\/td><td>Minist\u00e9rio dos Direitos Humanos e Cidadania*<\/td><td>Development Term<\/td><td>18\/08 a 17\/09\/2026<\/td><td>Pendente de Vincula\u00e7\u00e3o<\/td><\/tr><tr><td>4400020260013<\/td><td>N\u00e3o identificado em nossa base**<\/td><td>Collaboration Term<\/td><td>03\/08 a 01\/12\/2026<\/td><td>Vinculada<\/td><\/tr><tr><td>4900020260023<\/td><td>N\u00e3o identificado em nossa base**<\/td><td>Development Term<\/td><td>13\/08 a 14\/09\/2026<\/td><td>Vinculada<\/td><\/tr><tr><td>5500020260028<\/td><td>Minist\u00e9rio do Desenvolvimento e Assist\u00eancia Social, Fam\u00edlia e Combate \u00e0 Fome*<\/td><td>Collaboration Term<\/td><td>10\/06 a 07\/09\/2026<\/td><td>Vinculada<\/td><\/tr><\/tbody><\/table><\/figure>\n\n\n\n<p class=\"has-small-font-size wp-block-paragraph\"><em>*\u00d3rg\u00e3o identificado por cruzamento do c\u00f3digo com nossa base \u2014 a nossa base tem um registro para este mesmo c\u00f3digo, mas com uma janela de datas diferente da consulta ao vivo, o que sugere uma edi\u00e7\u00e3o\/ciclo mais recente do mesmo programa. O nome do \u00f3rg\u00e3o tende a ser est\u00e1vel entre ciclos, mas n\u00e3o confirmamos isso ao vivo \u2014 tratar como indicativo, n\u00e3o como certeza.<br>**N\u00e3o constam na nossa base em nenhum registro \u2014 provavelmente porque s\u00f3 passaram a existir depois do congelamento da fonte em 17\/07.<\/em><\/p>\n\n\n\n<p class=\"wp-block-paragraph\">Vale registrar: dos 4 chamamentos abertos agora, ao menos 2 (Minist\u00e9rio dos Direitos Humanos e Cidadania, e MDS\/Combate \u00e0 Fome) tiveram o prazo final <strong>prorrogado<\/strong> em rela\u00e7\u00e3o ao que qualquer captura anterior teria mostrado \u2014 refor\u00e7o direto de que dado de prazo vindo da nossa base batch n\u00e3o deve ser tratado como definitivo enquanto o congelamento persistir.<\/p>\n\n\n\n<h2 class=\"wp-block-heading\">Fundo a Fundo: categoria \u00e0 parte, em crescimento<\/h2>\n\n\n\n<p class=\"wp-block-paragraph\">Diferente do TransfereGov, a captura de repasses via <strong>Fundo a Fundo<\/strong> (transfer\u00eancias diretas a fundos municipais de sa\u00fade e assist\u00eancia social, fora do circuito de conv\u00eanio tradicional) segue uma fonte e um ritmo de coleta pr\u00f3prios, via Portal da Transpar\u00eancia. Essa frente n\u00e3o foi afetada pelo congelamento do SICONV e est\u00e1 em expans\u00e3o ativa: <strong>142 munic\u00edpios<\/strong> j\u00e1 identificados recebendo esse tipo de repasse, com o pagamento mais recente capturado registrado em 26\/08\/2026.<\/p>\n\n\n\n<p class=\"wp-block-paragraph\"><strong>Vale refor\u00e7ar:<\/strong> Fundo a Fundo \u00e9 uma modalidade de repasse diferente de conv\u00eanio\/termo de fomento \u2014 n\u00e3o deve ser somado aos n\u00fameros de &#8220;Em execu\u00e7\u00e3o&#8221; acima, s\u00e3o categorias de recurso distintas.<\/p>\n\n\n\n<h2 class=\"wp-block-heading\">Nota metodol\u00f3gica: o que este relat\u00f3rio n\u00e3o afirma, e por qu\u00ea<\/h2>\n\n\n\n<p class=\"wp-block-paragraph\">Como parte do compromisso do Ingesto com transpar\u00eancia de dado, \u00e9 importante dizer com a mesma clareza o que <strong>n\u00e3o temos condi\u00e7\u00e3o de afirmar neste relat\u00f3rio<\/strong>:<\/p>\n\n\n\n<ul class=\"wp-block-list\">\n<li><strong>N\u00e3o comparamos situa\u00e7\u00e3o de proposta entre julho e agosto.<\/strong> Nossa base ainda n\u00e3o mant\u00e9m hist\u00f3rico de mudan\u00e7a de status por proposta \u2014 s\u00f3 o estado mais recente. Sem isso, qualquer afirma\u00e7\u00e3o do tipo &#8220;X propostas avan\u00e7aram de est\u00e1gio&#8221; seria inventada, n\u00e3o factual.<\/li>\n\n\n\n<li><strong>N\u00e3o apresentamos tend\u00eancia agregada de empenho, liquida\u00e7\u00e3o ou pagamento via Portal da Transpar\u00eancia.<\/strong> Os dados de despesa que temos hoje cobrem um n\u00famero limitado de organiza\u00e7\u00f5es, pesquisadas pontualmente por usu\u00e1rios da plataforma \u2014 n\u00e3o \u00e9 uma amostra representativa do universo de OSCs, e tratar esse recorte como tend\u00eancia geral seria enganoso.<\/li>\n\n\n\n<li><strong>N\u00e3o apontamos quais \u00e1reas tem\u00e1ticas espec\u00edficas tiveram mais ou menos recurso no per\u00edodo<\/strong>, pela mesma raz\u00e3o: sem compara\u00e7\u00e3o temporal confi\u00e1vel na fonte principal, essa afirma\u00e7\u00e3o n\u00e3o pode ser sustentada com o dado dispon\u00edvel hoje.<\/li>\n\n\n\n<li><strong>Prazos de chamamento p\u00fablico n\u00e3o s\u00e3o publicados a partir da nossa captura autom\u00e1tica enquanto o congelamento da fonte persistir.<\/strong> A se\u00e7\u00e3o acima sobre chamamentos em aberto foi verificada manualmente, n\u00e3o pela nossa base \u2014 \u00e9 mais trabalho, mas \u00e9 a diferen\u00e7a entre informar e desinformar uma organiza\u00e7\u00e3o sobre se ainda h\u00e1 tempo de submeter proposta.<\/li>\n<\/ul>\n\n\n\n<p class=\"wp-block-paragraph\">Essas limita\u00e7\u00f5es est\u00e3o sendo tratadas ativamente \u2014 construir hist\u00f3rico de mudan\u00e7a de status e ampliar a captura de despesa via Portal da Transpar\u00eancia para carga completa (n\u00e3o s\u00f3 pontual) s\u00e3o as duas frentes que, uma vez prontas, v\u00e3o permitir que relat\u00f3rios futuros fa\u00e7am esse tipo de compara\u00e7\u00e3o com responsabilidade.<\/p>\n\n\n<div class=\"wp-block-image\">\n<figure class=\"aligncenter size-full\"><a href=\"https:\/\/ingesto.org.br\/en\/minha-assinatura\/estatisticas-livre\/\"><img fetchpriority=\"high\" decoding=\"async\" width=\"750\" height=\"500\" src=\"https:\/\/ingesto.org.br\/wp-content\/uploads\/2026\/08\/painel-federal.png\" alt=\"Transpar\u00eancia de recursos p\u00fablicos federais para organiza\u00e7\u00f5es da sociedade civil!\" class=\"wp-image-22481\" srcset=\"https:\/\/ingesto.org.br\/wp-content\/uploads\/2026\/08\/painel-federal.png 750w, https:\/\/ingesto.org.br\/wp-content\/uploads\/2026\/08\/painel-federal-300x200.png 300w, https:\/\/ingesto.org.br\/wp-content\/uploads\/2026\/08\/painel-federal-18x12.png 18w\" sizes=\"(max-width: 750px) 100vw, 750px\" \/><\/a><\/figure>\n<\/div>\n\n\n<hr class=\"wp-block-separator has-alpha-channel-opacity\"\/>\n\n\n\n<p class=\"has-small-font-size wp-block-paragraph\"><em>&#8220;A amplia\u00e7\u00e3o da captura de despesa via Portal da Transpar\u00eancia para carga completa (antes s\u00f3 pontual) j\u00e1 est\u00e1 em produ\u00e7\u00e3o desde 31\/08\/2026, cobrindo sistematicamente o universo de CNPJs de OSC. Como a captura n\u00e3o faz retroativo de julho, o relat\u00f3rio de setembro ser\u00e1 o primeiro com base suficiente para compara\u00e7\u00e3o real de empenho, liquida\u00e7\u00e3o e pagamento.&#8221;<\/em><\/p>\n\n\n<p><!--\nT\u00cdTULO SUGERIDO PARA O CAMPO \"T\u00cdTULO\" DO POST (n\u00e3o faz parte do conte\u00fado abaixo):\nTransfereGov e Portal da Transpar\u00eancia: o que mudou (e o que n\u00e3o mudou) entre julho e agosto de 2026\n\nCOMO USAR:\n1. Crie um novo post no WordPress.\n2. Cole o t\u00edtulo sugerido acima no campo de t\u00edtulo (ou ajuste como preferir).\n3. No corpo do post, abra o menu de tr\u00eas pontos (canto superior direito do editor) \u2192 \"Editor de c\u00f3digo\" (Code editor).\n4. Apague qualquer conte\u00fado existente e cole TUDO a partir da linha \"\n<\/p>\n\n\n<\/p>\n\n\n<!--\nT\u00cdTULO SUGERIDO PARA O CAMPO \"T\u00cdTULO\" DO POST (n\u00e3o faz parte do conte\u00fado abaixo):\nTransfereGov e Portal da Transpar\u00eancia: o que mudou (e o que n\u00e3o mudou) entre julho e agosto de 2026\n\nCOMO USAR:\n1. Crie um novo post no WordPress.\n2. Cole o t\u00edtulo sugerido acima no campo de t\u00edtulo (ou ajuste como preferir).\n3. No corpo do post, abra o menu de tr\u00eas pontos (canto superior direito do editor) \u2192 \"Editor de c\u00f3digo\" (Code editor).\n4. Apague qualquer conte\u00fado existente e cole TUDO a partir da linha \"\n\" abaixo (n\u00e3o inclua este bloco de instru\u00e7\u00f5es).\n5. Volte para o editor visual (mesmo menu \u2192 \"Editor visual\"). O conte\u00fado deve aparecer como blocos nativos edit\u00e1veis.\n6. Clique em cada um dos dois blocos de imagem (est\u00e3o com espa\u00e7o reservado, sem imagem ainda) e selecione\/envie os arquivos:\n   - grafico_repasse_empenhado_desembolsado.png\n   - grafico_chamamentos_por_orgao.png\n7. Revise a tabela e os links antes de publicar.\n--&gt;\n\n<h2 class=\"wp-block-heading\">O fato principal: a base oficial do governo est\u00e1 parada h\u00e1 mais de 6 semanas<\/h2>\n\n\n<p class=\"wp-block-paragraph\">Se voc\u00ea acompanha o Ingesto esperando ver quais recursos federais para OSCs se movimentaram entre julho e agosto, a resposta mais honesta que podemos dar \u00e9 esta: <strong>o arquivo de carga em lote do SICONV, fonte oficial de onde o TransfereGov distribui seus dados abertos, n\u00e3o \u00e9 atualizado desde 17 de julho de 2026.<\/strong><\/p>\n\n\n<p class=\"wp-block-paragraph\">Essa informa\u00e7\u00e3o n\u00e3o \u00e9 uma suposi\u00e7\u00e3o nossa. O pr\u00f3prio governo publica a data da \u00faltima carga em <a href=\"http:\/\/repositorio.dados.gov.br\/seges\/detru\/data_carga_siconv.txt\">data_carga_siconv.txt<\/a>, e o valor registrado \u00e9 <code>17\/07\/2026 06:30:47<\/code>. Cruzamos isso com o que est\u00e1 na nossa base: o \u00faltimo programa\/chamamento com data de disponibiliza\u00e7\u00e3o registrada \u00e9 de <strong>16\/07\/2026<\/strong> \u2014 um dia antes, exatamente o padr\u00e3o esperado se a carga do dia seguinte n\u00e3o chegou a acontecer.<\/p>\n\n\n<p class=\"wp-block-paragraph\">Importante deixar claro: isso <strong>n\u00e3o \u00e9 uma falha do Ingesto<\/strong>. Nossa coleta autom\u00e1tica roda diariamente, verificamos e confirmamos que ela est\u00e1 processando corretamente o arquivo que o governo disponibiliza \u2014 o problema est\u00e1 na origem, n\u00e3o na captura.<\/p>\n\n\n<h2 class=\"wp-block-heading\">O que isso significa na pr\u00e1tica<\/h2>\n\n\n<p class=\"wp-block-paragraph\">Aqui est\u00e1 o ponto que mais nos preocupa, e que vale destacar: <strong>o congelamento \u00e9 s\u00f3 do arquivo de carga em lote \u2014 n\u00e3o do sistema do governo como um todo.<\/strong> Confirmamos, cruzando com uma consulta feita diretamente na tela de consulta p\u00fablica do TransfereGov, que chamamentos novos continuaram sendo abertos normalmente depois de 17\/07 \u2014 inclu\u00edmos abaixo tr\u00eas exemplos reais, com in\u00edcio de recebimento de proposta em 18\/07, 03\/08 e 13\/08\/2026, que existem no sistema do governo mas n\u00e3o aparecem na nossa base (nem em nenhuma outra ferramenta que dependa do mesmo arquivo de dados abertos).<\/p>\n\n\n<p class=\"wp-block-paragraph\">Ou seja: h\u00e1 chamamento novo acontecendo, mas o canal de dados abertos que alimenta ferramentas como o Ingesto est\u00e1 desatualizado. Isso \u00e9, por si, uma falha de transpar\u00eancia p\u00fablica que merece ser registrada \u2014 o mecanismo de dados abertos do governo est\u00e1 dessincronizado do pr\u00f3prio sistema operacional dele h\u00e1 mais de um m\u00eas e meio, sem comunicado p\u00fablico sobre isso at\u00e9 o momento em que este relat\u00f3rio foi escrito.<\/p>\n\n\n<h2 class=\"wp-block-heading\">Situa\u00e7\u00e3o atual da base (snapshot de 31\/08\/2026)<\/h2>\n\n\n<p class=\"wp-block-paragraph\">Como n\u00e3o h\u00e1 como comparar \"o que mudou entre julho e agosto\" numa fonte que n\u00e3o mudou nesse per\u00edodo, apresentamos aqui o retrato do momento presente:<\/p>\n\n\n<ul class=\"wp-block-list\">\n<li><strong>90.773 propostas<\/strong> de organiza\u00e7\u00f5es da sociedade civil na base, cobrindo todo o hist\u00f3rico do TransfereGov.<\/li>\n<li><strong>9.653 conv\u00eanios atualmente \"Em execu\u00e7\u00e3o\"<\/strong> \u2014 o est\u00e1gio mais avan\u00e7ado antes da presta\u00e7\u00e3o de contas \u2014, somando:\n\n<ul class=\"wp-block-list\">\n<li><strong>R$ 16,47 bilh\u00f5es<\/strong> em valor de repasse previsto<\/li>\n<li><strong>R$ 11,09 bilh\u00f5es<\/strong> j\u00e1 empenhados<\/li>\n<li><strong>R$ 10,82 bilh\u00f5es<\/strong> j\u00e1 desembolsados<\/li>\n<\/ul>\n\n<\/li>\n<\/ul>\n\n\n<p class=\"wp-block-paragraph\">Esses n\u00fameros refletem o estado acumulado de todos os conv\u00eanios em execu\u00e7\u00e3o, n\u00e3o uma varia\u00e7\u00e3o do per\u00edodo \u2014 n\u00e3o temos, hoje, uma forma confi\u00e1vel de isolar \"o que mudou desde julho\" dentro desse total (mais sobre isso na se\u00e7\u00e3o final).<\/p>\n\n\n\n<h2 class=\"wp-block-heading\">Chamamentos eleg\u00edveis a OSC identificados no per\u00edodo<\/h2>\n\n\n<p class=\"wp-block-paragraph\">Dentro da janela de julho-agosto, mapeamos <strong>9 chamamentos p\u00fablicos eleg\u00edveis a organiza\u00e7\u00f5es da sociedade civil<\/strong> com abertura de recebimento de propostas registrada \u2014 todos com in\u00edcio em julho, refletindo o congelamento da fonte descrito acima. Alguns exemplos:<\/p>\n\n\n<figure class=\"wp-block-table\"><table class=\"has-fixed-layout\">\n<thead>\n<tr><th>Organ<\/th><th>Program<\/th><th>Modality<\/th><th>Recebimento de propostas<\/th><\/tr>\n<\/thead>\n<tbody>\n<tr><td>Minist\u00e9rio das Cidades<\/td><td>Apoio a cooperativas e associa\u00e7\u00f5es de catadores de materiais recicl\u00e1veis<\/td><td>Development Term<\/td><td>01\/07 a 31\/07\/2026<\/td><\/tr>\n<tr><td>Ministry of Health<\/td><td>Fundo Nacional de Investimento em Infraestrutura Social (FIIS)<\/td><td>Termo de Compromisso<\/td><td>01\/07 a 06\/07\/2026<\/td><\/tr>\n<tr><td>Minist\u00e9rio do Desenvolvimento Agr\u00e1rio e Agricultura Familiar<\/td><td>Cadeias produtivas da sociobiodiversidade e plantas medicinais<\/td><td>Development Term<\/td><td>02\/07 a 11\/08\/2026<\/td><\/tr>\n<tr><td>Ministry of the Environment<\/td><td>Manejo florestal comunit\u00e1rio e familiar<\/td><td>Collaboration Term<\/td><td>04\/07 a 07\/08\/2026<\/td><\/tr>\n<tr><td>MDS\/Combate \u00e0 Fome<\/td><td>Apoio \u00e0 Agricultura Urbana e Periurbana (AUP)<\/td><td>Development Term<\/td><td>06\/07 a 05\/08\/2026<\/td><\/tr>\n<\/tbody>\n<\/table><\/figure>\n\n\n\n<h2 class=\"wp-block-heading\">Fundo a Fundo: categoria \u00e0 parte, em crescimento<\/h2>\n\n\n<p class=\"wp-block-paragraph\">Diferente do TransfereGov, a captura de repasses via <strong>Fundo a Fundo<\/strong> (transfer\u00eancias diretas a fundos municipais de sa\u00fade e assist\u00eancia social, fora do circuito de conv\u00eanio tradicional) segue uma fonte e um ritmo de coleta pr\u00f3prios, via Portal da Transpar\u00eancia. Essa frente n\u00e3o foi afetada pelo congelamento do SICONV e est\u00e1 em expans\u00e3o ativa: <strong>142 munic\u00edpios<\/strong> j\u00e1 identificados recebendo esse tipo de repasse, com o pagamento mais recente capturado registrado em 26\/08\/2026.<\/p>\n\n\n<p class=\"wp-block-paragraph\"><strong>Vale refor\u00e7ar:<\/strong> Fundo a Fundo \u00e9 uma modalidade de repasse diferente de conv\u00eanio\/termo de fomento \u2014 n\u00e3o deve ser somado aos n\u00fameros de \"Em execu\u00e7\u00e3o\" acima, s\u00e3o categorias de recurso distintas.<\/p>\n\n\n<h2 class=\"wp-block-heading\">Nota metodol\u00f3gica: o que este relat\u00f3rio n\u00e3o afirma, e por qu\u00ea<\/h2>\n\n\n<p class=\"wp-block-paragraph\">Como parte do compromisso do Ingesto com transpar\u00eancia de dado, \u00e9 importante dizer com a mesma clareza o que <strong>n\u00e3o temos condi\u00e7\u00e3o de afirmar neste relat\u00f3rio<\/strong>:<\/p>\n\n\n<ul class=\"wp-block-list\">\n<li><strong>N\u00e3o comparamos situa\u00e7\u00e3o de proposta entre julho e agosto.<\/strong> Nossa base ainda n\u00e3o mant\u00e9m hist\u00f3rico de mudan\u00e7a de status por proposta \u2014 s\u00f3 o estado mais recente. Sem isso, qualquer afirma\u00e7\u00e3o do tipo \"X propostas avan\u00e7aram de est\u00e1gio\" seria inventada, n\u00e3o factual.<\/li>\n<li><strong>N\u00e3o apresentamos tend\u00eancia agregada de empenho, liquida\u00e7\u00e3o ou pagamento via Portal da Transpar\u00eancia.<\/strong> Os dados de despesa que temos hoje cobrem um n\u00famero limitado de organiza\u00e7\u00f5es, pesquisadas pontualmente por usu\u00e1rios da plataforma \u2014 n\u00e3o \u00e9 uma amostra representativa do universo de OSCs, e tratar esse recorte como tend\u00eancia geral seria enganoso.<\/li>\n<li><strong>N\u00e3o apontamos quais \u00e1reas tem\u00e1ticas espec\u00edficas tiveram mais ou menos recurso no per\u00edodo<\/strong>, pela mesma raz\u00e3o: sem compara\u00e7\u00e3o temporal confi\u00e1vel na fonte principal, essa afirma\u00e7\u00e3o n\u00e3o pode ser sustentada com o dado dispon\u00edvel hoje.<\/li>\n<\/ul>\n\n\n<p class=\"wp-block-paragraph\">Essas limita\u00e7\u00f5es est\u00e3o sendo tratadas ativamente \u2014 construir hist\u00f3rico de mudan\u00e7a de status e ampliar a captura de despesa via Portal da Transpar\u00eancia para carga completa (n\u00e3o s\u00f3 pontual) s\u00e3o as duas frentes que, uma vez prontas, v\u00e3o permitir que relat\u00f3rios futuros fa\u00e7am esse tipo de compara\u00e7\u00e3o com responsabilidade.<\/p>\n\n\n<hr class=\"wp-block-separator has-alpha-channel-opacity\">\n\n\n<p class=\"has-small-font-size wp-block-paragraph\"><em>Dados extra\u00eddos diretamente da base do Ingesto em 31\/08\/2026, cruzados com fontes oficiais do governo federal (TransfereGov e Portal da Transpar\u00eancia). Metodologia de captura dispon\u00edvel mediante solicita\u00e7\u00e3o.<\/em><\/p>\n\n\n\n\n\n<div class=\"ingesto-donate-cta\" role=\"region\" aria-label=\"Apoiar o Ingesto\">\n  <p class=\"ingesto-donate-text\">\n    O Ingesto \u00e9 mantido exclusivamente por doa\u00e7\u00f5es volunt\u00e1rias.<br>\n    Se este conte\u00fado foi \u00fatil para voc\u00ea, considere apoiar a manuten\u00e7\u00e3o da plataforma.\n  <\/p>\n\n  <a class=\"ingesto-donate-btn\" href=\"https:\/\/ingesto.org.br\/en\/colabore\/\" data-cta=\"donate-post-footer\">\n    Apoiar o Ingesto\n  <\/a>\n\n<p class=\"ingesto-donate-note\">\n  Leva menos de um minuto.\n<\/p>\n<\/div>","protected":false},"excerpt":{"rendered":"<p>Se voc\u00ea acompanha o Ingesto esperando ver quais recursos federais para OSCs se movimentaram entre julho e agosto, a resposta mais honesta que podemos dar \u00e9 esta: o arquivo de carga em lote do SICONV, fonte oficial de onde o TransfereGov distribui seus dados abertos, n\u00e3o \u00e9 atualizado desde 17 de julho de 2026.<\/p>","protected":false},"author":1,"featured_media":19481,"comment_status":"open","ping_status":"open","sticky":false,"template":"","format":"standard","meta":{"give_campaign_id":0,"_joinchat":[],"footnotes":"","jetpack_post_was_ever_published":false},"categories":[29],"tags":[],"class_list":["post-22472","post","type-post","status-publish","format-standard","has-post-thumbnail","hentry","category-noticias"],"yoast_head":"<!-- This site is optimized with the Yoast SEO plugin v28.3 - https:\/\/yoast.com\/product\/yoast-seo-wordpress\/ -->\n<title>TransfereGov e Portal da Transpar\u00eancia: o que mudou (e o que n\u00e3o mudou) entre julho e agosto de 2026! Ingesto - Ingesto<\/title>\n<meta name=\"description\" content=\"O arquivo de carga em lote do SICONV, onde o TransfereGov distribui seus dados abertos, n\u00e3o \u00e9 atualizado desde 17 de julho de 2026.\" \/>\n<meta name=\"robots\" content=\"index, follow, max-snippet:-1, max-image-preview:large, max-video-preview:-1\" \/>\n<link rel=\"canonical\" href=\"https:\/\/ingesto.org.br\/en\/transferegov-e-portal-da-transparencia-o-que-mudou-e-o-que-nao-mudou-entre-julho-e-agosto-de-2026\/\" \/>\n<meta property=\"og:locale\" content=\"en_US\" \/>\n<meta property=\"og:type\" content=\"article\" \/>\n<meta property=\"og:title\" content=\"TransfereGov e Portal da Transpar\u00eancia: o que mudou (e o que n\u00e3o mudou) entre julho e agosto de 2026! Ingesto - Ingesto\" \/>\n<meta property=\"og:description\" content=\"O arquivo de carga em lote do SICONV, onde o TransfereGov distribui seus dados abertos, n\u00e3o \u00e9 atualizado desde 17 de julho de 2026.\" \/>\n<meta property=\"og:url\" content=\"https:\/\/ingesto.org.br\/en\/transferegov-e-portal-da-transparencia-o-que-mudou-e-o-que-nao-mudou-entre-julho-e-agosto-de-2026\/\" \/>\n<meta property=\"og:site_name\" content=\"Ingesto\" \/>\n<meta property=\"article:publisher\" content=\"https:\/\/www.facebook.com\/institutoingesto\" \/>\n<meta property=\"article:published_time\" content=\"2026-08-31T14:31:33+00:00\" \/>\n<meta property=\"article:modified_time\" content=\"2026-08-31T20:01:03+00:00\" \/>\n<meta property=\"og:image\" content=\"https:\/\/ingesto.org.br\/wp-content\/uploads\/2026\/04\/transferegov.jpg\" \/>\n\t<meta property=\"og:image:width\" content=\"680\" \/>\n\t<meta property=\"og:image:height\" content=\"400\" \/>\n\t<meta property=\"og:image:type\" content=\"image\/jpeg\" \/>\n<meta name=\"author\" content=\"Ingesto\" \/>\n<meta name=\"twitter:card\" content=\"summary_large_image\" \/>\n<meta name=\"twitter:creator\" content=\"@Ingestos\" \/>\n<meta name=\"twitter:site\" content=\"@Ingestos\" \/>\n<meta name=\"twitter:label1\" content=\"Written by\" \/>\n\t<meta name=\"twitter:data1\" content=\"Ingesto\" \/>\n\t<meta name=\"twitter:label2\" content=\"Est. reading time\" \/>\n\t<meta name=\"twitter:data2\" content=\"14 minutes\" \/>\n<script type=\"application\/ld+json\" class=\"yoast-schema-graph\">{\"@context\":\"https:\\\/\\\/schema.org\",\"@graph\":[{\"@type\":\"Article\",\"@id\":\"https:\\\/\\\/ingesto.org.br\\\/transferegov-e-portal-da-transparencia-o-que-mudou-e-o-que-nao-mudou-entre-julho-e-agosto-de-2026\\\/#article\",\"isPartOf\":{\"@id\":\"https:\\\/\\\/ingesto.org.br\\\/transferegov-e-portal-da-transparencia-o-que-mudou-e-o-que-nao-mudou-entre-julho-e-agosto-de-2026\\\/\"},\"author\":{\"name\":\"Ingesto\",\"@id\":\"http:\\\/\\\/ingesto.org.br\\\/en\\\/#\\\/schema\\\/person\\\/b6b24d64bb11f377f79f5f35b9c466dc\"},\"headline\":\"TransfereGov e Portal da Transpar\u00eancia: o que mudou (e o que n\u00e3o mudou) entre julho e agosto de 2026!\",\"datePublished\":\"2026-08-31T14:31:33+00:00\",\"dateModified\":\"2026-08-31T20:01:03+00:00\",\"mainEntityOfPage\":{\"@id\":\"https:\\\/\\\/ingesto.org.br\\\/transferegov-e-portal-da-transparencia-o-que-mudou-e-o-que-nao-mudou-entre-julho-e-agosto-de-2026\\\/\"},\"wordCount\":2457,\"commentCount\":0,\"publisher\":{\"@id\":\"http:\\\/\\\/ingesto.org.br\\\/en\\\/#organization\"},\"image\":{\"@id\":\"https:\\\/\\\/ingesto.org.br\\\/transferegov-e-portal-da-transparencia-o-que-mudou-e-o-que-nao-mudou-entre-julho-e-agosto-de-2026\\\/#primaryimage\"},\"thumbnailUrl\":\"https:\\\/\\\/ingesto.org.br\\\/wp-content\\\/uploads\\\/2026\\\/04\\\/transferegov.jpg\",\"articleSection\":[\"Not\u00edcias\"],\"inLanguage\":\"en-US\",\"potentialAction\":[{\"@type\":\"CommentAction\",\"name\":\"Comment\",\"target\":[\"https:\\\/\\\/ingesto.org.br\\\/transferegov-e-portal-da-transparencia-o-que-mudou-e-o-que-nao-mudou-entre-julho-e-agosto-de-2026\\\/#respond\"]}]},{\"@type\":\"WebPage\",\"@id\":\"https:\\\/\\\/ingesto.org.br\\\/transferegov-e-portal-da-transparencia-o-que-mudou-e-o-que-nao-mudou-entre-julho-e-agosto-de-2026\\\/\",\"url\":\"https:\\\/\\\/ingesto.org.br\\\/transferegov-e-portal-da-transparencia-o-que-mudou-e-o-que-nao-mudou-entre-julho-e-agosto-de-2026\\\/\",\"name\":\"TransfereGov e Portal da Transpar\u00eancia: o que mudou (e o que n\u00e3o mudou) entre julho e agosto de 2026! Ingesto - Ingesto\",\"isPartOf\":{\"@id\":\"http:\\\/\\\/ingesto.org.br\\\/en\\\/#website\"},\"primaryImageOfPage\":{\"@id\":\"https:\\\/\\\/ingesto.org.br\\\/transferegov-e-portal-da-transparencia-o-que-mudou-e-o-que-nao-mudou-entre-julho-e-agosto-de-2026\\\/#primaryimage\"},\"image\":{\"@id\":\"https:\\\/\\\/ingesto.org.br\\\/transferegov-e-portal-da-transparencia-o-que-mudou-e-o-que-nao-mudou-entre-julho-e-agosto-de-2026\\\/#primaryimage\"},\"thumbnailUrl\":\"https:\\\/\\\/ingesto.org.br\\\/wp-content\\\/uploads\\\/2026\\\/04\\\/transferegov.jpg\",\"datePublished\":\"2026-08-31T14:31:33+00:00\",\"dateModified\":\"2026-08-31T20:01:03+00:00\",\"description\":\"O arquivo de carga em lote do SICONV, onde o TransfereGov distribui seus dados abertos, n\u00e3o \u00e9 atualizado desde 17 de julho de 2026.\",\"breadcrumb\":{\"@id\":\"https:\\\/\\\/ingesto.org.br\\\/transferegov-e-portal-da-transparencia-o-que-mudou-e-o-que-nao-mudou-entre-julho-e-agosto-de-2026\\\/#breadcrumb\"},\"inLanguage\":\"en-US\",\"potentialAction\":[{\"@type\":\"ReadAction\",\"target\":[\"https:\\\/\\\/ingesto.org.br\\\/transferegov-e-portal-da-transparencia-o-que-mudou-e-o-que-nao-mudou-entre-julho-e-agosto-de-2026\\\/\"]}]},{\"@type\":\"ImageObject\",\"inLanguage\":\"en-US\",\"@id\":\"https:\\\/\\\/ingesto.org.br\\\/transferegov-e-portal-da-transparencia-o-que-mudou-e-o-que-nao-mudou-entre-julho-e-agosto-de-2026\\\/#primaryimage\",\"url\":\"https:\\\/\\\/ingesto.org.br\\\/wp-content\\\/uploads\\\/2026\\\/04\\\/transferegov.jpg\",\"contentUrl\":\"https:\\\/\\\/ingesto.org.br\\\/wp-content\\\/uploads\\\/2026\\\/04\\\/transferegov.jpg\",\"width\":680,\"height\":400},{\"@type\":\"BreadcrumbList\",\"@id\":\"https:\\\/\\\/ingesto.org.br\\\/transferegov-e-portal-da-transparencia-o-que-mudou-e-o-que-nao-mudou-entre-julho-e-agosto-de-2026\\\/#breadcrumb\",\"itemListElement\":[{\"@type\":\"ListItem\",\"position\":1,\"name\":\"In\u00edcio\",\"item\":\"https:\\\/\\\/ingesto.org.br\\\/\"},{\"@type\":\"ListItem\",\"position\":2,\"name\":\"TransfereGov e Portal da Transpar\u00eancia: o que mudou (e o que n\u00e3o mudou) entre julho e agosto de 2026!\"}]},{\"@type\":\"WebSite\",\"@id\":\"http:\\\/\\\/ingesto.org.br\\\/en\\\/#website\",\"url\":\"http:\\\/\\\/ingesto.org.br\\\/en\\\/\",\"name\":\"Instituto\",\"description\":\"Instituto para Gest\u00e3o do Terceiro Setor\",\"publisher\":{\"@id\":\"http:\\\/\\\/ingesto.org.br\\\/en\\\/#organization\"},\"alternateName\":\"Ingesto\",\"potentialAction\":[{\"@type\":\"SearchAction\",\"target\":{\"@type\":\"EntryPoint\",\"urlTemplate\":\"http:\\\/\\\/ingesto.org.br\\\/en\\\/?s={search_term_string}\"},\"query-input\":{\"@type\":\"PropertyValueSpecification\",\"valueRequired\":true,\"valueName\":\"search_term_string\"}}],\"inLanguage\":\"en-US\"},{\"@type\":\"Organization\",\"@id\":\"http:\\\/\\\/ingesto.org.br\\\/en\\\/#organization\",\"name\":\"Ingesto\",\"url\":\"http:\\\/\\\/ingesto.org.br\\\/en\\\/\",\"logo\":{\"@type\":\"ImageObject\",\"inLanguage\":\"en-US\",\"@id\":\"http:\\\/\\\/ingesto.org.br\\\/en\\\/#\\\/schema\\\/logo\\\/image\\\/\",\"url\":\"https:\\\/\\\/ingesto.org.br\\\/wp-content\\\/uploads\\\/2020\\\/11\\\/cropped-cropped-icone.png\",\"contentUrl\":\"https:\\\/\\\/ingesto.org.br\\\/wp-content\\\/uploads\\\/2020\\\/11\\\/cropped-cropped-icone.png\",\"width\":512,\"height\":512,\"caption\":\"Ingesto\"},\"image\":{\"@id\":\"http:\\\/\\\/ingesto.org.br\\\/en\\\/#\\\/schema\\\/logo\\\/image\\\/\"},\"sameAs\":[\"https:\\\/\\\/www.facebook.com\\\/institutoingesto\",\"https:\\\/\\\/x.com\\\/Ingestos\",\"https:\\\/\\\/www.instagram.com\\\/institutoingesto\\\/\",\"https:\\\/\\\/www.youtube.com\\\/@institutoingesto\",\"https:\\\/\\\/www.linkedin.com\\\/in\\\/instituto-ingesto\"]},{\"@type\":\"Person\",\"@id\":\"http:\\\/\\\/ingesto.org.br\\\/en\\\/#\\\/schema\\\/person\\\/b6b24d64bb11f377f79f5f35b9c466dc\",\"name\":\"Ingesto\",\"image\":{\"@type\":\"ImageObject\",\"inLanguage\":\"en-US\",\"@id\":\"https:\\\/\\\/secure.gravatar.com\\\/avatar\\\/1906accabc578f0bae16455945e4e43a3b4c1eea1477138e8429fbcddc0f0447?s=96&d=mm&r=g\",\"url\":\"https:\\\/\\\/secure.gravatar.com\\\/avatar\\\/1906accabc578f0bae16455945e4e43a3b4c1eea1477138e8429fbcddc0f0447?s=96&d=mm&r=g\",\"contentUrl\":\"https:\\\/\\\/secure.gravatar.com\\\/avatar\\\/1906accabc578f0bae16455945e4e43a3b4c1eea1477138e8429fbcddc0f0447?s=96&d=mm&r=g\",\"caption\":\"Ingesto\"},\"sameAs\":[\"http:\\\/\\\/ingesto.org.br\"],\"url\":\"https:\\\/\\\/ingesto.org.br\\\/en\\\/author\\\/instituto-ingesto\\\/\"}]}<\/script>\n<!-- \/ Yoast SEO plugin. -->","yoast_head_json":{"title":"TransfereGov e Portal da Transpar\u00eancia: o que mudou (e o que n\u00e3o mudou) entre julho e agosto de 2026! Ingesto - Ingesto","description":"O arquivo de carga em lote do SICONV, onde o TransfereGov distribui seus dados abertos, n\u00e3o \u00e9 atualizado desde 17 de julho de 2026.","robots":{"index":"index","follow":"follow","max-snippet":"max-snippet:-1","max-image-preview":"max-image-preview:large","max-video-preview":"max-video-preview:-1"},"canonical":"https:\/\/ingesto.org.br\/en\/transferegov-e-portal-da-transparencia-o-que-mudou-e-o-que-nao-mudou-entre-julho-e-agosto-de-2026\/","og_locale":"en_US","og_type":"article","og_title":"TransfereGov e Portal da Transpar\u00eancia: o que mudou (e o que n\u00e3o mudou) entre julho e agosto de 2026! Ingesto - Ingesto","og_description":"O arquivo de carga em lote do SICONV, onde o TransfereGov distribui seus dados abertos, n\u00e3o \u00e9 atualizado desde 17 de julho de 2026.","og_url":"https:\/\/ingesto.org.br\/en\/transferegov-e-portal-da-transparencia-o-que-mudou-e-o-que-nao-mudou-entre-julho-e-agosto-de-2026\/","og_site_name":"Ingesto","article_publisher":"https:\/\/www.facebook.com\/institutoingesto","article_published_time":"2026-08-31T14:31:33+00:00","article_modified_time":"2026-08-31T20:01:03+00:00","og_image":[{"width":680,"height":400,"url":"https:\/\/ingesto.org.br\/wp-content\/uploads\/2026\/04\/transferegov.jpg","type":"image\/jpeg"}],"author":"Ingesto","twitter_card":"summary_large_image","twitter_creator":"@Ingestos","twitter_site":"@Ingestos","twitter_misc":{"Written by":"Ingesto","Est. reading time":"14 minutes"},"schema":{"@context":"https:\/\/schema.org","@graph":[{"@type":"Article","@id":"https:\/\/ingesto.org.br\/transferegov-e-portal-da-transparencia-o-que-mudou-e-o-que-nao-mudou-entre-julho-e-agosto-de-2026\/#article","isPartOf":{"@id":"https:\/\/ingesto.org.br\/transferegov-e-portal-da-transparencia-o-que-mudou-e-o-que-nao-mudou-entre-julho-e-agosto-de-2026\/"},"author":{"name":"Ingesto","@id":"http:\/\/ingesto.org.br\/en\/#\/schema\/person\/b6b24d64bb11f377f79f5f35b9c466dc"},"headline":"TransfereGov e Portal da Transpar\u00eancia: o que mudou (e o que n\u00e3o mudou) entre julho e agosto de 2026!","datePublished":"2026-08-31T14:31:33+00:00","dateModified":"2026-08-31T20:01:03+00:00","mainEntityOfPage":{"@id":"https:\/\/ingesto.org.br\/transferegov-e-portal-da-transparencia-o-que-mudou-e-o-que-nao-mudou-entre-julho-e-agosto-de-2026\/"},"wordCount":2457,"commentCount":0,"publisher":{"@id":"http:\/\/ingesto.org.br\/en\/#organization"},"image":{"@id":"https:\/\/ingesto.org.br\/transferegov-e-portal-da-transparencia-o-que-mudou-e-o-que-nao-mudou-entre-julho-e-agosto-de-2026\/#primaryimage"},"thumbnailUrl":"https:\/\/ingesto.org.br\/wp-content\/uploads\/2026\/04\/transferegov.jpg","articleSection":["Not\u00edcias"],"inLanguage":"en-US","potentialAction":[{"@type":"CommentAction","name":"Comment","target":["https:\/\/ingesto.org.br\/transferegov-e-portal-da-transparencia-o-que-mudou-e-o-que-nao-mudou-entre-julho-e-agosto-de-2026\/#respond"]}]},{"@type":"WebPage","@id":"https:\/\/ingesto.org.br\/transferegov-e-portal-da-transparencia-o-que-mudou-e-o-que-nao-mudou-entre-julho-e-agosto-de-2026\/","url":"https:\/\/ingesto.org.br\/transferegov-e-portal-da-transparencia-o-que-mudou-e-o-que-nao-mudou-entre-julho-e-agosto-de-2026\/","name":"TransfereGov e Portal da Transpar\u00eancia: o que mudou (e o que n\u00e3o mudou) entre julho e agosto de 2026! Ingesto - Ingesto","isPartOf":{"@id":"http:\/\/ingesto.org.br\/en\/#website"},"primaryImageOfPage":{"@id":"https:\/\/ingesto.org.br\/transferegov-e-portal-da-transparencia-o-que-mudou-e-o-que-nao-mudou-entre-julho-e-agosto-de-2026\/#primaryimage"},"image":{"@id":"https:\/\/ingesto.org.br\/transferegov-e-portal-da-transparencia-o-que-mudou-e-o-que-nao-mudou-entre-julho-e-agosto-de-2026\/#primaryimage"},"thumbnailUrl":"https:\/\/ingesto.org.br\/wp-content\/uploads\/2026\/04\/transferegov.jpg","datePublished":"2026-08-31T14:31:33+00:00","dateModified":"2026-08-31T20:01:03+00:00","description":"O arquivo de carga em lote do SICONV, onde o TransfereGov distribui seus dados abertos, n\u00e3o \u00e9 atualizado desde 17 de julho de 2026.","breadcrumb":{"@id":"https:\/\/ingesto.org.br\/transferegov-e-portal-da-transparencia-o-que-mudou-e-o-que-nao-mudou-entre-julho-e-agosto-de-2026\/#breadcrumb"},"inLanguage":"en-US","potentialAction":[{"@type":"ReadAction","target":["https:\/\/ingesto.org.br\/transferegov-e-portal-da-transparencia-o-que-mudou-e-o-que-nao-mudou-entre-julho-e-agosto-de-2026\/"]}]},{"@type":"ImageObject","inLanguage":"en-US","@id":"https:\/\/ingesto.org.br\/transferegov-e-portal-da-transparencia-o-que-mudou-e-o-que-nao-mudou-entre-julho-e-agosto-de-2026\/#primaryimage","url":"https:\/\/ingesto.org.br\/wp-content\/uploads\/2026\/04\/transferegov.jpg","contentUrl":"https:\/\/ingesto.org.br\/wp-content\/uploads\/2026\/04\/transferegov.jpg","width":680,"height":400},{"@type":"BreadcrumbList","@id":"https:\/\/ingesto.org.br\/transferegov-e-portal-da-transparencia-o-que-mudou-e-o-que-nao-mudou-entre-julho-e-agosto-de-2026\/#breadcrumb","itemListElement":[{"@type":"ListItem","position":1,"name":"In\u00edcio","item":"https:\/\/ingesto.org.br\/"},{"@type":"ListItem","position":2,"name":"TransfereGov e Portal da Transpar\u00eancia: o que mudou (e o que n\u00e3o mudou) entre julho e agosto de 2026!"}]},{"@type":"WebSite","@id":"http:\/\/ingesto.org.br\/en\/#website","url":"http:\/\/ingesto.org.br\/en\/","name":"Institute","description":"Institute for Third Sector Management","publisher":{"@id":"http:\/\/ingesto.org.br\/en\/#organization"},"alternateName":"Ingesto","potentialAction":[{"@type":"SearchAction","target":{"@type":"EntryPoint","urlTemplate":"http:\/\/ingesto.org.br\/en\/?s={search_term_string}"},"query-input":{"@type":"PropertyValueSpecification","valueRequired":true,"valueName":"search_term_string"}}],"inLanguage":"en-US"},{"@type":"Organization","@id":"http:\/\/ingesto.org.br\/en\/#organization","name":"Ingesto","url":"http:\/\/ingesto.org.br\/en\/","logo":{"@type":"ImageObject","inLanguage":"en-US","@id":"http:\/\/ingesto.org.br\/en\/#\/schema\/logo\/image\/","url":"https:\/\/ingesto.org.br\/wp-content\/uploads\/2020\/11\/cropped-cropped-icone.png","contentUrl":"https:\/\/ingesto.org.br\/wp-content\/uploads\/2020\/11\/cropped-cropped-icone.png","width":512,"height":512,"caption":"Ingesto"},"image":{"@id":"http:\/\/ingesto.org.br\/en\/#\/schema\/logo\/image\/"},"sameAs":["https:\/\/www.facebook.com\/institutoingesto","https:\/\/x.com\/Ingestos","https:\/\/www.instagram.com\/institutoingesto\/","https:\/\/www.youtube.com\/@institutoingesto","https:\/\/www.linkedin.com\/in\/instituto-ingesto"]},{"@type":"Person","@id":"http:\/\/ingesto.org.br\/en\/#\/schema\/person\/b6b24d64bb11f377f79f5f35b9c466dc","name":"Ingesto","image":{"@type":"ImageObject","inLanguage":"en-US","@id":"https:\/\/secure.gravatar.com\/avatar\/1906accabc578f0bae16455945e4e43a3b4c1eea1477138e8429fbcddc0f0447?s=96&d=mm&r=g","url":"https:\/\/secure.gravatar.com\/avatar\/1906accabc578f0bae16455945e4e43a3b4c1eea1477138e8429fbcddc0f0447?s=96&d=mm&r=g","contentUrl":"https:\/\/secure.gravatar.com\/avatar\/1906accabc578f0bae16455945e4e43a3b4c1eea1477138e8429fbcddc0f0447?s=96&d=mm&r=g","caption":"Ingesto"},"sameAs":["http:\/\/ingesto.org.br"],"url":"https:\/\/ingesto.org.br\/en\/author\/instituto-ingesto\/"}]}},"jetpack_shortlink":"https:\/\/wp.me\/peji5g-5Qs","jetpack_featured_media_url":"https:\/\/ingesto.org.br\/wp-content\/uploads\/2026\/04\/transferegov.jpg","acf":[],"_links":{"self":[{"href":"https:\/\/ingesto.org.br\/en\/wp-json\/wp\/v2\/posts\/22472","targetHints":{"allow":["GET"]}}],"collection":[{"href":"https:\/\/ingesto.org.br\/en\/wp-json\/wp\/v2\/posts"}],"about":[{"href":"https:\/\/ingesto.org.br\/en\/wp-json\/wp\/v2\/types\/post"}],"author":[{"embeddable":true,"href":"https:\/\/ingesto.org.br\/en\/wp-json\/wp\/v2\/users\/1"}],"replies":[{"embeddable":true,"href":"https:\/\/ingesto.org.br\/en\/wp-json\/wp\/v2\/comments?post=22472"}],"version-history":[{"count":5,"href":"https:\/\/ingesto.org.br\/en\/wp-json\/wp\/v2\/posts\/22472\/revisions"}],"predecessor-version":[{"id":22483,"href":"https:\/\/ingesto.org.br\/en\/wp-json\/wp\/v2\/posts\/22472\/revisions\/22483"}],"wp:featuredmedia":[{"embeddable":true,"href":"https:\/\/ingesto.org.br\/en\/wp-json\/wp\/v2\/media\/19481"}],"wp:attachment":[{"href":"https:\/\/ingesto.org.br\/en\/wp-json\/wp\/v2\/media?parent=22472"}],"wp:term":[{"taxonomy":"category","embeddable":true,"href":"https:\/\/ingesto.org.br\/en\/wp-json\/wp\/v2\/categories?post=22472"},{"taxonomy":"post_tag","embeddable":true,"href":"https:\/\/ingesto.org.br\/en\/wp-json\/wp\/v2\/tags?post=22472"}],"curies":[{"name":"wp","href":"https:\/\/api.w.org\/{rel}","templated":true}]}}