{"id":22465,"date":"2026-08-31T12:07:00","date_gmt":"2026-08-31T15:07:00","guid":{"rendered":"https:\/\/ingesto.org.br\/?p=22465"},"modified":"2026-08-31T06:53:03","modified_gmt":"2026-08-31T09:53:03","slug":"observatorio-realiza-16a-live-sobre-protagonismo-jovem-no-terceiro-setor","status":"publish","type":"post","link":"https:\/\/ingesto.org.br\/en\/observatorio-realiza-16a-live-sobre-protagonismo-jovem-no-terceiro-setor\/","title":{"rendered":"Observat\u00f3rio realiza 16\u00aa live sobre protagonismo jovem no Terceiro Setor"},"content":{"rendered":"<h4 class=\"wp-block-heading\">Encontro quinzenal re\u00fane Marina Pechlivanis e Samara Moura para debater educa\u00e7\u00e3o, cultura e voluntariado transformador.<\/h4>\n\n\n<div class=\"wp-block-image\">\n<figure class=\"aligncenter size-full\"><img fetchpriority=\"high\" decoding=\"async\" width=\"405\" height=\"493\" src=\"https:\/\/ingesto.org.br\/wp-content\/uploads\/2026\/08\/image-274.png\" alt=\"\" class=\"wp-image-22467\" srcset=\"https:\/\/ingesto.org.br\/wp-content\/uploads\/2026\/08\/image-274.png 405w, https:\/\/ingesto.org.br\/wp-content\/uploads\/2026\/08\/image-274-246x300.png 246w, https:\/\/ingesto.org.br\/wp-content\/uploads\/2026\/08\/image-274-10x12.png 10w\" sizes=\"(max-width: 405px) 100vw, 405px\" \/><\/figure>\n<\/div>\n\n\n<p class=\"wp-block-paragraph\">Marina Pechlivanis comanda a 16\u00aa live do ano no Observat\u00f3rio do Terceiro Setor nesta quinta-feira, dia 27. A transmiss\u00e3o recebe Samara Moura, fundadora do Projeto Terr\u00e1via. A convidada trabalha como percussionista, arte-educadora e produtora cultural.<\/p>\n\n\n\n<p class=\"wp-block-paragraph\">A Plataforma de Educa\u00e7\u00e3o para Gentileza e Generosidade produz o ciclo de lives a cada quinze dias. A iniciativa integra a sexta s\u00e9rie de encontros em parceria com a Umbigo do Mundo. Os epis\u00f3dios apresentam jovens lideran\u00e7as e empreendedores sociais. O programa debate o papel da juventude e incentiva pr\u00e1ticas de voluntariado transformador.<\/p>\n\n\n\n<p class=\"wp-block-paragraph\">O projeto oferece vitrine para iniciativas sociais criadas por jovens lideran\u00e7as. Organiza\u00e7\u00f5es da sociedade civil acompanham cases pr\u00e1ticos de educa\u00e7\u00e3o, cultura e sustentabilidade. As entidades utilizam esses exemplos para fortalecer suas pr\u00f3prias redes de voluntariado e mobiliza\u00e7\u00e3o.<\/p>\n\n\n\n<p class=\"has-small-font-size wp-block-paragraph\"><a href=\"https:\/\/observatorio3setor.org.br\/gentileza-e-generosidade-realiza-16a-live-no-observatorio-em-2026\/\" target=\"_blank\" rel=\"noopener\">Observatorio 3 Setor<\/a><\/p>\n\n\n\n<h2 class=\"wp-block-heading\">IDIS aponta presta\u00e7\u00e3o de contas como ativo estrat\u00e9gico para sustentabilidade de OSCs<\/h2>\n\n\n\n<h4 class=\"wp-block-heading\">Especialistas do IDIS orientam organiza\u00e7\u00f5es a integrar gest\u00e3o financeira e execu\u00e7\u00e3o t\u00e9cnica para fortalecer a transpar\u00eancia.<\/h4>\n\n\n<div class=\"wp-block-image\">\n<figure class=\"aligncenter size-full\"><img decoding=\"async\" width=\"1000\" height=\"1000\" src=\"https:\/\/ingesto.org.br\/wp-content\/uploads\/2026\/08\/image-276.png\" alt=\"\" class=\"wp-image-22469\" srcset=\"https:\/\/ingesto.org.br\/wp-content\/uploads\/2026\/08\/image-276.png 1000w, https:\/\/ingesto.org.br\/wp-content\/uploads\/2026\/08\/image-276-150x150.png 150w, https:\/\/ingesto.org.br\/wp-content\/uploads\/2026\/08\/image-276-300x300.png 300w, https:\/\/ingesto.org.br\/wp-content\/uploads\/2026\/08\/image-276-12x12.png 12w, https:\/\/ingesto.org.br\/wp-content\/uploads\/2026\/08\/image-276-768x768.png 768w\" sizes=\"(max-width: 1000px) 100vw, 1000px\" \/><\/figure>\n<\/div>\n\n\n<p class=\"wp-block-paragraph\">Especialistas do IDIS publicaram orienta\u00e7\u00f5es sobre presta\u00e7\u00e3o de contas em Organiza\u00e7\u00f5es da Sociedade Civil. Marcelo Destito, Agatha Pires e Vit\u00f3ria Vivian assinam a an\u00e1lise do instituto. Os autores afirmam que prestar contas vai al\u00e9m de cumprir obriga\u00e7\u00f5es administrativas. A pr\u00e1tica fortalece a confian\u00e7a de financiadores e amplia a capta\u00e7\u00e3o de recursos.<\/p>\n\n\n\n<p class=\"wp-block-paragraph\">O processo de presta\u00e7\u00e3o de contas come\u00e7a na elabora\u00e7\u00e3o do or\u00e7amento da OSC. A entidade deve definir categorias de despesas e crit\u00e9rios de uso das rubricas desde o in\u00edcio. As equipes devem manter registro cont\u00ednuo das movimenta\u00e7\u00f5es e separar o fluxo de caixa por projeto. Pr\u00e1ticas como concilia\u00e7\u00e3o banc\u00e1ria peri\u00f3dica e cota\u00e7\u00e3o para compras evitam inconsist\u00eancias e glosas na presta\u00e7\u00e3o final. Rateios de custos fixos tamb\u00e9m exigem crit\u00e9rios claros pactuados com apoiadores.<\/p>\n\n\n\n<p class=\"wp-block-paragraph\">Organiza\u00e7\u00f5es de pequeno e m\u00e9dio porte garantem maior seguran\u00e7a reputacional ao adotarem esses procedimentos. A boa governan\u00e7a financeira protege a institui\u00e7\u00e3o contra falhas e perdas de documentos. Al\u00e9m disso, a transpar\u00eancia amplia as chances de renova\u00e7\u00e3o de parcerias no terceiro setor. A integridade dos relat\u00f3rios reduz a cautela de investidores sociais e fortalece todo o ecossistema filantr\u00f3pico.<\/p>\n\n\n\n<p class=\"has-small-font-size wp-block-paragraph\"><a href=\"https:\/\/www.idis.org.br\/prestacao-de-contas-confianca-que-sustenta-a-missao-das-oscs\/\" target=\"_blank\" rel=\"noopener\">IDIS<\/a><\/p>\n\n\n\n<p class=\"wp-block-paragraph\"><\/p>","protected":false},"excerpt":{"rendered":"<p>Confira os destaques do terceiro setor nesta edi\u00e7\u00e3o. O Observat\u00f3rio do Terceiro Setor debate protagonismo jovem em sua d\u00e9cima sexta live. Especialistas do IDIS explicam como a presta\u00e7\u00e3o de contas fortalece a sustentabilidade das OSCs.<\/p>","protected":false},"author":600,"featured_media":22466,"comment_status":"open","ping_status":"open","sticky":false,"template":"","format":"standard","meta":{"give_campaign_id":0,"_joinchat":[],"footnotes":"","jetpack_post_was_ever_published":false},"categories":[7137,7138],"tags":[734,1085,3812,6683,4726,182,4730,507],"class_list":["post-22465","post","type-post","status-publish","format-standard","has-post-thumbnail","hentry","category-boletim","category-boletim-nacional","tag-cultura","tag-educacao","tag-idis","tag-juventude","tag-prestacao-de-contas","tag-terceiro-setor","tag-transparencia","tag-voluntariado"],"yoast_head":"<!-- This site is optimized with the Yoast SEO plugin v28.3 - https:\/\/yoast.com\/product\/yoast-seo-wordpress\/ -->\n<title>Observat\u00f3rio realiza 16\u00aa live sobre protagonismo jovem no Terceiro Setor - Ingesto<\/title>\n<meta name=\"description\" content=\"Acompanhe a live do Observat\u00f3rio sobre protagonismo jovem no Terceiro Setor. Orienta\u00e7\u00f5es do IDIS sobre presta\u00e7\u00e3o de contas em OSCs.\" \/>\n<meta name=\"robots\" content=\"index, follow, max-snippet:-1, max-image-preview:large, max-video-preview:-1\" \/>\n<link rel=\"canonical\" href=\"https:\/\/ingesto.org.br\/en\/observatorio-realiza-16a-live-sobre-protagonismo-jovem-no-terceiro-setor\/\" \/>\n<meta property=\"og:locale\" content=\"en_US\" \/>\n<meta property=\"og:type\" content=\"article\" \/>\n<meta property=\"og:title\" content=\"Observat\u00f3rio realiza 16\u00aa live sobre protagonismo jovem no Terceiro Setor - Ingesto\" \/>\n<meta property=\"og:description\" content=\"Acompanhe a live do Observat\u00f3rio sobre protagonismo jovem no Terceiro Setor. Orienta\u00e7\u00f5es do IDIS sobre presta\u00e7\u00e3o de contas em OSCs.\" \/>\n<meta property=\"og:url\" content=\"https:\/\/ingesto.org.br\/en\/observatorio-realiza-16a-live-sobre-protagonismo-jovem-no-terceiro-setor\/\" \/>\n<meta property=\"og:site_name\" content=\"Ingesto\" \/>\n<meta property=\"article:publisher\" content=\"https:\/\/www.facebook.com\/institutoingesto\" \/>\n<meta property=\"article:published_time\" content=\"2026-08-31T15:07:00+00:00\" \/>\n<meta property=\"og:image\" content=\"https:\/\/ingesto.org.br\/wp-content\/uploads\/2026\/08\/image-273.png\" \/>\n\t<meta property=\"og:image:width\" content=\"405\" \/>\n\t<meta property=\"og:image:height\" content=\"493\" \/>\n\t<meta property=\"og:image:type\" content=\"image\/png\" \/>\n<meta name=\"author\" content=\"Reda\u00e7\u00e3o IA + Curadoria Humana\" \/>\n<meta name=\"twitter:card\" content=\"summary_large_image\" \/>\n<meta name=\"twitter:creator\" content=\"@Ingestos\" \/>\n<meta name=\"twitter:site\" content=\"@Ingestos\" \/>\n<meta name=\"twitter:label1\" content=\"Written by\" \/>\n\t<meta name=\"twitter:data1\" content=\"Reda\u00e7\u00e3o IA + Curadoria Humana\" \/>\n\t<meta name=\"twitter:label2\" content=\"Est. reading time\" \/>\n\t<meta name=\"twitter:data2\" content=\"3 minutes\" \/>\n<script type=\"application\/ld+json\" class=\"yoast-schema-graph\">{\"@context\":\"https:\\\/\\\/schema.org\",\"@graph\":[{\"@type\":\"Article\",\"@id\":\"https:\\\/\\\/ingesto.org.br\\\/observatorio-realiza-16a-live-sobre-protagonismo-jovem-no-terceiro-setor\\\/#article\",\"isPartOf\":{\"@id\":\"https:\\\/\\\/ingesto.org.br\\\/observatorio-realiza-16a-live-sobre-protagonismo-jovem-no-terceiro-setor\\\/\"},\"author\":{\"name\":\"Reda\u00e7\u00e3o IA + Curadoria Humana\",\"@id\":\"http:\\\/\\\/ingesto.org.br\\\/en\\\/#\\\/schema\\\/person\\\/20700121e4ba8023c9d40263a6a7b5fe\"},\"headline\":\"Observat\u00f3rio realiza 16\u00aa live sobre protagonismo jovem no Terceiro Setor\",\"datePublished\":\"2026-08-31T15:07:00+00:00\",\"mainEntityOfPage\":{\"@id\":\"https:\\\/\\\/ingesto.org.br\\\/observatorio-realiza-16a-live-sobre-protagonismo-jovem-no-terceiro-setor\\\/\"},\"wordCount\":419,\"commentCount\":0,\"publisher\":{\"@id\":\"http:\\\/\\\/ingesto.org.br\\\/en\\\/#organization\"},\"image\":{\"@id\":\"https:\\\/\\\/ingesto.org.br\\\/observatorio-realiza-16a-live-sobre-protagonismo-jovem-no-terceiro-setor\\\/#primaryimage\"},\"thumbnailUrl\":\"https:\\\/\\\/ingesto.org.br\\\/wp-content\\\/uploads\\\/2026\\\/08\\\/image-273.png\",\"keywords\":[\"Cultura\",\"educa\u00e7\u00e3o\",\"IDIS\",\"Juventude\",\"Presta\u00e7\u00e3o de Contas\",\"terceiro setor\",\"Transpar\u00eancia\",\"voluntariado\"],\"articleSection\":[\"Boletim\",\"Boletim Nacional\"],\"inLanguage\":\"en-US\",\"potentialAction\":[{\"@type\":\"CommentAction\",\"name\":\"Comment\",\"target\":[\"https:\\\/\\\/ingesto.org.br\\\/observatorio-realiza-16a-live-sobre-protagonismo-jovem-no-terceiro-setor\\\/#respond\"]}]},{\"@type\":\"WebPage\",\"@id\":\"https:\\\/\\\/ingesto.org.br\\\/observatorio-realiza-16a-live-sobre-protagonismo-jovem-no-terceiro-setor\\\/\",\"url\":\"https:\\\/\\\/ingesto.org.br\\\/observatorio-realiza-16a-live-sobre-protagonismo-jovem-no-terceiro-setor\\\/\",\"name\":\"Observat\u00f3rio realiza 16\u00aa live sobre protagonismo jovem no Terceiro Setor - Ingesto\",\"isPartOf\":{\"@id\":\"http:\\\/\\\/ingesto.org.br\\\/en\\\/#website\"},\"primaryImageOfPage\":{\"@id\":\"https:\\\/\\\/ingesto.org.br\\\/observatorio-realiza-16a-live-sobre-protagonismo-jovem-no-terceiro-setor\\\/#primaryimage\"},\"image\":{\"@id\":\"https:\\\/\\\/ingesto.org.br\\\/observatorio-realiza-16a-live-sobre-protagonismo-jovem-no-terceiro-setor\\\/#primaryimage\"},\"thumbnailUrl\":\"https:\\\/\\\/ingesto.org.br\\\/wp-content\\\/uploads\\\/2026\\\/08\\\/image-273.png\",\"datePublished\":\"2026-08-31T15:07:00+00:00\",\"description\":\"Acompanhe a live do Observat\u00f3rio sobre protagonismo jovem no Terceiro Setor. Orienta\u00e7\u00f5es do IDIS sobre presta\u00e7\u00e3o de contas em OSCs.\",\"breadcrumb\":{\"@id\":\"https:\\\/\\\/ingesto.org.br\\\/observatorio-realiza-16a-live-sobre-protagonismo-jovem-no-terceiro-setor\\\/#breadcrumb\"},\"inLanguage\":\"en-US\",\"potentialAction\":[{\"@type\":\"ReadAction\",\"target\":[\"https:\\\/\\\/ingesto.org.br\\\/observatorio-realiza-16a-live-sobre-protagonismo-jovem-no-terceiro-setor\\\/\"]}]},{\"@type\":\"ImageObject\",\"inLanguage\":\"en-US\",\"@id\":\"https:\\\/\\\/ingesto.org.br\\\/observatorio-realiza-16a-live-sobre-protagonismo-jovem-no-terceiro-setor\\\/#primaryimage\",\"url\":\"https:\\\/\\\/ingesto.org.br\\\/wp-content\\\/uploads\\\/2026\\\/08\\\/image-273.png\",\"contentUrl\":\"https:\\\/\\\/ingesto.org.br\\\/wp-content\\\/uploads\\\/2026\\\/08\\\/image-273.png\",\"width\":405,\"height\":493},{\"@type\":\"BreadcrumbList\",\"@id\":\"https:\\\/\\\/ingesto.org.br\\\/observatorio-realiza-16a-live-sobre-protagonismo-jovem-no-terceiro-setor\\\/#breadcrumb\",\"itemListElement\":[{\"@type\":\"ListItem\",\"position\":1,\"name\":\"In\u00edcio\",\"item\":\"https:\\\/\\\/ingesto.org.br\\\/\"},{\"@type\":\"ListItem\",\"position\":2,\"name\":\"Observat\u00f3rio realiza 16\u00aa live sobre protagonismo jovem no Terceiro Setor\"}]},{\"@type\":\"WebSite\",\"@id\":\"http:\\\/\\\/ingesto.org.br\\\/en\\\/#website\",\"url\":\"http:\\\/\\\/ingesto.org.br\\\/en\\\/\",\"name\":\"Instituto\",\"description\":\"Instituto para Gest\u00e3o do Terceiro Setor\",\"publisher\":{\"@id\":\"http:\\\/\\\/ingesto.org.br\\\/en\\\/#organization\"},\"alternateName\":\"Ingesto\",\"potentialAction\":[{\"@type\":\"SearchAction\",\"target\":{\"@type\":\"EntryPoint\",\"urlTemplate\":\"http:\\\/\\\/ingesto.org.br\\\/en\\\/?s={search_term_string}\"},\"query-input\":{\"@type\":\"PropertyValueSpecification\",\"valueRequired\":true,\"valueName\":\"search_term_string\"}}],\"inLanguage\":\"en-US\"},{\"@type\":\"Organization\",\"@id\":\"http:\\\/\\\/ingesto.org.br\\\/en\\\/#organization\",\"name\":\"Ingesto\",\"url\":\"http:\\\/\\\/ingesto.org.br\\\/en\\\/\",\"logo\":{\"@type\":\"ImageObject\",\"inLanguage\":\"en-US\",\"@id\":\"http:\\\/\\\/ingesto.org.br\\\/en\\\/#\\\/schema\\\/logo\\\/image\\\/\",\"url\":\"https:\\\/\\\/ingesto.org.br\\\/wp-content\\\/uploads\\\/2020\\\/11\\\/cropped-cropped-icone.png\",\"contentUrl\":\"https:\\\/\\\/ingesto.org.br\\\/wp-content\\\/uploads\\\/2020\\\/11\\\/cropped-cropped-icone.png\",\"width\":512,\"height\":512,\"caption\":\"Ingesto\"},\"image\":{\"@id\":\"http:\\\/\\\/ingesto.org.br\\\/en\\\/#\\\/schema\\\/logo\\\/image\\\/\"},\"sameAs\":[\"https:\\\/\\\/www.facebook.com\\\/institutoingesto\",\"https:\\\/\\\/x.com\\\/Ingestos\",\"https:\\\/\\\/www.instagram.com\\\/institutoingesto\\\/\",\"https:\\\/\\\/www.youtube.com\\\/@institutoingesto\",\"https:\\\/\\\/www.linkedin.com\\\/in\\\/instituto-ingesto\"]},{\"@type\":\"Person\",\"@id\":\"http:\\\/\\\/ingesto.org.br\\\/en\\\/#\\\/schema\\\/person\\\/20700121e4ba8023c9d40263a6a7b5fe\",\"name\":\"Reda\u00e7\u00e3o IA + Curadoria Humana\",\"image\":{\"@type\":\"ImageObject\",\"inLanguage\":\"en-US\",\"@id\":\"https:\\\/\\\/secure.gravatar.com\\\/avatar\\\/34d4732bf113075819aa50ac5cd153435fb2b0fbf203671cde89f09687f605a5?s=96&d=mm&r=g\",\"url\":\"https:\\\/\\\/secure.gravatar.com\\\/avatar\\\/34d4732bf113075819aa50ac5cd153435fb2b0fbf203671cde89f09687f605a5?s=96&d=mm&r=g\",\"contentUrl\":\"https:\\\/\\\/secure.gravatar.com\\\/avatar\\\/34d4732bf113075819aa50ac5cd153435fb2b0fbf203671cde89f09687f605a5?s=96&d=mm&r=g\",\"caption\":\"Reda\u00e7\u00e3o IA + Curadoria Humana\"},\"url\":\"https:\\\/\\\/ingesto.org.br\\\/en\\\/author\\\/robo-boletim\\\/\"}]}<\/script>\n<!-- \/ Yoast SEO plugin. -->","yoast_head_json":{"title":"Observat\u00f3rio realiza 16\u00aa live sobre protagonismo jovem no Terceiro Setor - Ingesto","description":"Acompanhe a live do Observat\u00f3rio sobre protagonismo jovem no Terceiro Setor. Orienta\u00e7\u00f5es do IDIS sobre presta\u00e7\u00e3o de contas em OSCs.","robots":{"index":"index","follow":"follow","max-snippet":"max-snippet:-1","max-image-preview":"max-image-preview:large","max-video-preview":"max-video-preview:-1"},"canonical":"https:\/\/ingesto.org.br\/en\/observatorio-realiza-16a-live-sobre-protagonismo-jovem-no-terceiro-setor\/","og_locale":"en_US","og_type":"article","og_title":"Observat\u00f3rio realiza 16\u00aa live sobre protagonismo jovem no Terceiro Setor - Ingesto","og_description":"Acompanhe a live do Observat\u00f3rio sobre protagonismo jovem no Terceiro Setor. Orienta\u00e7\u00f5es do IDIS sobre presta\u00e7\u00e3o de contas em OSCs.","og_url":"https:\/\/ingesto.org.br\/en\/observatorio-realiza-16a-live-sobre-protagonismo-jovem-no-terceiro-setor\/","og_site_name":"Ingesto","article_publisher":"https:\/\/www.facebook.com\/institutoingesto","article_published_time":"2026-08-31T15:07:00+00:00","og_image":[{"width":405,"height":493,"url":"https:\/\/ingesto.org.br\/wp-content\/uploads\/2026\/08\/image-273.png","type":"image\/png"}],"author":"Reda\u00e7\u00e3o IA + Curadoria Humana","twitter_card":"summary_large_image","twitter_creator":"@Ingestos","twitter_site":"@Ingestos","twitter_misc":{"Written by":"Reda\u00e7\u00e3o IA + Curadoria Humana","Est. reading time":"3 minutes"},"schema":{"@context":"https:\/\/schema.org","@graph":[{"@type":"Article","@id":"https:\/\/ingesto.org.br\/observatorio-realiza-16a-live-sobre-protagonismo-jovem-no-terceiro-setor\/#article","isPartOf":{"@id":"https:\/\/ingesto.org.br\/observatorio-realiza-16a-live-sobre-protagonismo-jovem-no-terceiro-setor\/"},"author":{"name":"Reda\u00e7\u00e3o IA + Curadoria Humana","@id":"http:\/\/ingesto.org.br\/en\/#\/schema\/person\/20700121e4ba8023c9d40263a6a7b5fe"},"headline":"Observat\u00f3rio realiza 16\u00aa live sobre protagonismo jovem no Terceiro Setor","datePublished":"2026-08-31T15:07:00+00:00","mainEntityOfPage":{"@id":"https:\/\/ingesto.org.br\/observatorio-realiza-16a-live-sobre-protagonismo-jovem-no-terceiro-setor\/"},"wordCount":419,"commentCount":0,"publisher":{"@id":"http:\/\/ingesto.org.br\/en\/#organization"},"image":{"@id":"https:\/\/ingesto.org.br\/observatorio-realiza-16a-live-sobre-protagonismo-jovem-no-terceiro-setor\/#primaryimage"},"thumbnailUrl":"https:\/\/ingesto.org.br\/wp-content\/uploads\/2026\/08\/image-273.png","keywords":["Cultura","educa\u00e7\u00e3o","IDIS","Juventude","Presta\u00e7\u00e3o de Contas","terceiro setor","Transpar\u00eancia","voluntariado"],"articleSection":["Boletim","Boletim Nacional"],"inLanguage":"en-US","potentialAction":[{"@type":"CommentAction","name":"Comment","target":["https:\/\/ingesto.org.br\/observatorio-realiza-16a-live-sobre-protagonismo-jovem-no-terceiro-setor\/#respond"]}]},{"@type":"WebPage","@id":"https:\/\/ingesto.org.br\/observatorio-realiza-16a-live-sobre-protagonismo-jovem-no-terceiro-setor\/","url":"https:\/\/ingesto.org.br\/observatorio-realiza-16a-live-sobre-protagonismo-jovem-no-terceiro-setor\/","name":"Observat\u00f3rio realiza 16\u00aa live sobre protagonismo jovem no Terceiro Setor - Ingesto","isPartOf":{"@id":"http:\/\/ingesto.org.br\/en\/#website"},"primaryImageOfPage":{"@id":"https:\/\/ingesto.org.br\/observatorio-realiza-16a-live-sobre-protagonismo-jovem-no-terceiro-setor\/#primaryimage"},"image":{"@id":"https:\/\/ingesto.org.br\/observatorio-realiza-16a-live-sobre-protagonismo-jovem-no-terceiro-setor\/#primaryimage"},"thumbnailUrl":"https:\/\/ingesto.org.br\/wp-content\/uploads\/2026\/08\/image-273.png","datePublished":"2026-08-31T15:07:00+00:00","description":"Acompanhe a live do Observat\u00f3rio sobre protagonismo jovem no Terceiro Setor. Orienta\u00e7\u00f5es do IDIS sobre presta\u00e7\u00e3o de contas em OSCs.","breadcrumb":{"@id":"https:\/\/ingesto.org.br\/observatorio-realiza-16a-live-sobre-protagonismo-jovem-no-terceiro-setor\/#breadcrumb"},"inLanguage":"en-US","potentialAction":[{"@type":"ReadAction","target":["https:\/\/ingesto.org.br\/observatorio-realiza-16a-live-sobre-protagonismo-jovem-no-terceiro-setor\/"]}]},{"@type":"ImageObject","inLanguage":"en-US","@id":"https:\/\/ingesto.org.br\/observatorio-realiza-16a-live-sobre-protagonismo-jovem-no-terceiro-setor\/#primaryimage","url":"https:\/\/ingesto.org.br\/wp-content\/uploads\/2026\/08\/image-273.png","contentUrl":"https:\/\/ingesto.org.br\/wp-content\/uploads\/2026\/08\/image-273.png","width":405,"height":493},{"@type":"BreadcrumbList","@id":"https:\/\/ingesto.org.br\/observatorio-realiza-16a-live-sobre-protagonismo-jovem-no-terceiro-setor\/#breadcrumb","itemListElement":[{"@type":"ListItem","position":1,"name":"In\u00edcio","item":"https:\/\/ingesto.org.br\/"},{"@type":"ListItem","position":2,"name":"Observat\u00f3rio realiza 16\u00aa live sobre protagonismo jovem no Terceiro Setor"}]},{"@type":"WebSite","@id":"http:\/\/ingesto.org.br\/en\/#website","url":"http:\/\/ingesto.org.br\/en\/","name":"Institute","description":"Institute for Third Sector Management","publisher":{"@id":"http:\/\/ingesto.org.br\/en\/#organization"},"alternateName":"Ingesto","potentialAction":[{"@type":"SearchAction","target":{"@type":"EntryPoint","urlTemplate":"http:\/\/ingesto.org.br\/en\/?s={search_term_string}"},"query-input":{"@type":"PropertyValueSpecification","valueRequired":true,"valueName":"search_term_string"}}],"inLanguage":"en-US"},{"@type":"Organization","@id":"http:\/\/ingesto.org.br\/en\/#organization","name":"Ingesto","url":"http:\/\/ingesto.org.br\/en\/","logo":{"@type":"ImageObject","inLanguage":"en-US","@id":"http:\/\/ingesto.org.br\/en\/#\/schema\/logo\/image\/","url":"https:\/\/ingesto.org.br\/wp-content\/uploads\/2020\/11\/cropped-cropped-icone.png","contentUrl":"https:\/\/ingesto.org.br\/wp-content\/uploads\/2020\/11\/cropped-cropped-icone.png","width":512,"height":512,"caption":"Ingesto"},"image":{"@id":"http:\/\/ingesto.org.br\/en\/#\/schema\/logo\/image\/"},"sameAs":["https:\/\/www.facebook.com\/institutoingesto","https:\/\/x.com\/Ingestos","https:\/\/www.instagram.com\/institutoingesto\/","https:\/\/www.youtube.com\/@institutoingesto","https:\/\/www.linkedin.com\/in\/instituto-ingesto"]},{"@type":"Person","@id":"http:\/\/ingesto.org.br\/en\/#\/schema\/person\/20700121e4ba8023c9d40263a6a7b5fe","name":"Reda\u00e7\u00e3o IA + Curadoria Humana","image":{"@type":"ImageObject","inLanguage":"en-US","@id":"https:\/\/secure.gravatar.com\/avatar\/34d4732bf113075819aa50ac5cd153435fb2b0fbf203671cde89f09687f605a5?s=96&d=mm&r=g","url":"https:\/\/secure.gravatar.com\/avatar\/34d4732bf113075819aa50ac5cd153435fb2b0fbf203671cde89f09687f605a5?s=96&d=mm&r=g","contentUrl":"https:\/\/secure.gravatar.com\/avatar\/34d4732bf113075819aa50ac5cd153435fb2b0fbf203671cde89f09687f605a5?s=96&d=mm&r=g","caption":"Reda\u00e7\u00e3o IA + Curadoria Humana"},"url":"https:\/\/ingesto.org.br\/en\/author\/robo-boletim\/"}]}},"jetpack_shortlink":"https:\/\/wp.me\/peji5g-5Ql","jetpack_featured_media_url":"https:\/\/ingesto.org.br\/wp-content\/uploads\/2026\/08\/image-273.png","acf":[],"_links":{"self":[{"href":"https:\/\/ingesto.org.br\/en\/wp-json\/wp\/v2\/posts\/22465","targetHints":{"allow":["GET"]}}],"collection":[{"href":"https:\/\/ingesto.org.br\/en\/wp-json\/wp\/v2\/posts"}],"about":[{"href":"https:\/\/ingesto.org.br\/en\/wp-json\/wp\/v2\/types\/post"}],"author":[{"embeddable":true,"href":"https:\/\/ingesto.org.br\/en\/wp-json\/wp\/v2\/users\/600"}],"replies":[{"embeddable":true,"href":"https:\/\/ingesto.org.br\/en\/wp-json\/wp\/v2\/comments?post=22465"}],"version-history":[{"count":1,"href":"https:\/\/ingesto.org.br\/en\/wp-json\/wp\/v2\/posts\/22465\/revisions"}],"predecessor-version":[{"id":22471,"href":"https:\/\/ingesto.org.br\/en\/wp-json\/wp\/v2\/posts\/22465\/revisions\/22471"}],"wp:featuredmedia":[{"embeddable":true,"href":"https:\/\/ingesto.org.br\/en\/wp-json\/wp\/v2\/media\/22466"}],"wp:attachment":[{"href":"https:\/\/ingesto.org.br\/en\/wp-json\/wp\/v2\/media?parent=22465"}],"wp:term":[{"taxonomy":"category","embeddable":true,"href":"https:\/\/ingesto.org.br\/en\/wp-json\/wp\/v2\/categories?post=22465"},{"taxonomy":"post_tag","embeddable":true,"href":"https:\/\/ingesto.org.br\/en\/wp-json\/wp\/v2\/tags?post=22465"}],"curies":[{"name":"wp","href":"https:\/\/api.w.org\/{rel}","templated":true}]}}