{"id":22415,"date":"2026-08-30T08:30:14","date_gmt":"2026-08-30T11:30:14","guid":{"rendered":"https:\/\/ingesto.org.br\/?p=22415"},"modified":"2026-08-31T06:36:00","modified_gmt":"2026-08-31T09:36:00","slug":"idis-abre-selecao-para-analista-de-projetos-senior-focado-em-gestao-da-doacao","status":"publish","type":"post","link":"https:\/\/ingesto.org.br\/en\/idis-abre-selecao-para-analista-de-projetos-senior-focado-em-gestao-da-doacao\/","title":{"rendered":"IDIS abre sele\u00e7\u00e3o para Analista de Projetos S\u00eanior focado em Gest\u00e3o da Doa\u00e7\u00e3o"},"content":{"rendered":"<h4 class=\"wp-block-heading\">Profissionais interessados podem se candidatar at\u00e9 9 de junho pela plataforma 99Jobs no modelo h\u00edbrido.<\/h4>\n\n\n<div class=\"wp-block-image\">\n<figure class=\"aligncenter size-large\"><img fetchpriority=\"high\" decoding=\"async\" width=\"1024\" height=\"309\" src=\"https:\/\/ingesto.org.br\/wp-content\/uploads\/2026\/08\/image-263-1024x309.png\" alt=\"\" class=\"wp-image-22423\" srcset=\"https:\/\/ingesto.org.br\/wp-content\/uploads\/2026\/08\/image-263-1024x309.png 1024w, https:\/\/ingesto.org.br\/wp-content\/uploads\/2026\/08\/image-263-300x91.png 300w, https:\/\/ingesto.org.br\/wp-content\/uploads\/2026\/08\/image-263-768x232.png 768w, https:\/\/ingesto.org.br\/wp-content\/uploads\/2026\/08\/image-263-18x5.png 18w, https:\/\/ingesto.org.br\/wp-content\/uploads\/2026\/08\/image-263-1536x464.png 1536w, https:\/\/ingesto.org.br\/wp-content\/uploads\/2026\/08\/image-263.png 1920w\" sizes=\"(max-width: 1024px) 100vw, 1024px\" \/><\/figure>\n<\/div>\n\n\n<p class=\"wp-block-paragraph\">O Instituto para o Desenvolvimento do Investimento Social seleciona um Analista de Projetos S\u00eanior. A vaga busca refor\u00e7ar a \u00e1rea de Gest\u00e3o da Doa\u00e7\u00e3o na consultoria da organiza\u00e7\u00e3o. Os candidatos devem enviar curr\u00edculo pela plataforma 99Jobs at\u00e9 o dia 9 de junho. O IDIS atua desde 1999 como OSCIP e conta com mais de 60 colaboradores.<\/p>\n\n\n\n<p class=\"wp-block-paragraph\">O profissional apoia a condu\u00e7\u00e3o de projetos com autonomia e gest\u00e3o de prazos. As atribui\u00e7\u00f5es incluem pesquisas de conceitos, revis\u00e3o de contratos e elabora\u00e7\u00e3o de relat\u00f3rios gerenciais. A fun\u00e7\u00e3o exige conhecimentos em Investimento Social Privado e an\u00e1lise de dados no Excel. A oportunidade oferece trabalho h\u00edbrido, assist\u00eancia m\u00e9dica, vale-refei\u00e7\u00e3o e credencial do Sesc.<\/p>\n\n\n<div class=\"wp-block-image\">\n<figure class=\"aligncenter size-full\"><img decoding=\"async\" width=\"399\" height=\"501\" src=\"https:\/\/ingesto.org.br\/wp-content\/uploads\/2026\/08\/image-264.png\" alt=\"\" class=\"wp-image-22424\" srcset=\"https:\/\/ingesto.org.br\/wp-content\/uploads\/2026\/08\/image-264.png 399w, https:\/\/ingesto.org.br\/wp-content\/uploads\/2026\/08\/image-264-10x12.png 10w, https:\/\/ingesto.org.br\/wp-content\/uploads\/2026\/08\/image-264-239x300.png 239w\" sizes=\"(max-width: 399px) 100vw, 399px\" \/><\/figure>\n<\/div>\n\n\n<p class=\"wp-block-paragraph\">O fortalecimento da equipe do IDIS amplia o apoio t\u00e9cnico ao ecossistema da filantropia. A contrata\u00e7\u00e3o qualifica as consultorias oferecidas a empresas, fam\u00edlias e organiza\u00e7\u00f5es da sociedade civil. Essa estrutura\u00e7\u00e3o estimula a cultura de doa\u00e7\u00e3o e a redu\u00e7\u00e3o das desigualdades sociais no Brasil.<\/p>\n\n\n\n<p class=\"has-small-font-size wp-block-paragraph\"><a href=\"https:\/\/www.idis.org.br\/vaga-para-analista-de-projetos-senior-gestao-da-doacao\/\" target=\"_blank\" rel=\"noopener\">IDIS<\/a><\/p>\n\n\n\n<h2 class=\"wp-block-heading\">GT de Mulheres da Plataforma MROSC debate os 20 anos da Lei Maria da Penha<\/h2>\n\n\n\n<h4 class=\"wp-block-heading\">Iniciativa coordenada pelo ELO refor\u00e7a o papel das OSCs no enfrentamento \u00e0 viol\u00eancia dom\u00e9stica e na defesa de direitos.<\/h4>\n\n\n<div class=\"wp-block-image\">\n<figure class=\"aligncenter size-full\"><img decoding=\"async\" width=\"399\" height=\"501\" src=\"https:\/\/ingesto.org.br\/wp-content\/uploads\/2026\/08\/image-266.png\" alt=\"\" class=\"wp-image-22427\" srcset=\"https:\/\/ingesto.org.br\/wp-content\/uploads\/2026\/08\/image-266.png 399w, https:\/\/ingesto.org.br\/wp-content\/uploads\/2026\/08\/image-266-239x300.png 239w, https:\/\/ingesto.org.br\/wp-content\/uploads\/2026\/08\/image-266-10x12.png 10w\" sizes=\"(max-width: 399px) 100vw, 399px\" \/><\/figure>\n<\/div>\n\n\n<p class=\"wp-block-paragraph\">A Lei Maria da Penha completa 20 anos no dia 7 de agosto de 2026. O Grupo Tem\u00e1tico de Mulheres da Plataforma MROSC promove uma reflex\u00e3o para marcar a data. A organiza\u00e7\u00e3o ELO \u2013 Liga\u00e7\u00e3o e Organiza\u00e7\u00e3o coordena essa a\u00e7\u00e3o no Comit\u00ea Facilitador da plataforma. M\u00e1rcia Santana, do Instituto Mais Social, apresentou a proposta inicial de mobiliza\u00e7\u00e3o coletiva ao grupo.<\/p>\n\n\n\n<p class=\"wp-block-paragraph\">A Lei n\u00ba 11.340 de 2006 criou mecanismos de preven\u00e7\u00e3o, prote\u00e7\u00e3o e responsabiliza\u00e7\u00e3o contra a viol\u00eancia dom\u00e9stica. O texto legal estabelece o direito de todas as mulheres viverem sem viol\u00eancia. Essa garantia abrange diferentes ra\u00e7as, classes, idades, religi\u00f5es e orienta\u00e7\u00f5es sexuais. O GT inclui representantes LGBTQIAPN+ para ampliar o debate sobre barreiras no acesso \u00e0 prote\u00e7\u00e3o estatal.<\/p>\n\n\n\n<p class=\"wp-block-paragraph\">As organiza\u00e7\u00f5es da sociedade civil atuam diretamente nos territ\u00f3rios acolhendo mulheres e produzindo conhecimento. Elas desenvolvem projetos de preven\u00e7\u00e3o e pressionam pelo fortalecimento de pol\u00edticas p\u00fablicas com or\u00e7amento adequado. O grupo destaca a necessidade do autocuidado para as ativistas que sustentam essas a\u00e7\u00f5es sociais.<\/p>\n\n\n\n<p class=\"has-small-font-size wp-block-paragraph\"><a href=\"https:\/\/plataformaosc.org.br\/blog\/2026\/08\/07\/lei-maria-da-penha-completa-20-anos-uma-conquista-que-permanece-viva-na-luta-das-mulheres\/\" target=\"_blank\" rel=\"noopener\">Plataforma OSC<\/a><\/p>\n\n\n\n<h2 class=\"wp-block-heading\">Banco do Nordeste abre inscri\u00e7\u00f5es para os Editais Sociais 2026<\/h2>\n\n\n\n<h4 class=\"wp-block-heading\">Sele\u00e7\u00e3o destina recursos via incentivo fiscal para projetos no Nordeste, Minas Gerais e Esp\u00edrito Santo.<\/h4>\n\n\n<div class=\"wp-block-image\">\n<figure class=\"aligncenter size-full\"><img loading=\"lazy\" decoding=\"async\" width=\"800\" height=\"533\" src=\"https:\/\/ingesto.org.br\/wp-content\/uploads\/2026\/08\/image-268.png\" alt=\"\" class=\"wp-image-22429\" srcset=\"https:\/\/ingesto.org.br\/wp-content\/uploads\/2026\/08\/image-268.png 800w, https:\/\/ingesto.org.br\/wp-content\/uploads\/2026\/08\/image-268-300x200.png 300w, https:\/\/ingesto.org.br\/wp-content\/uploads\/2026\/08\/image-268-767x511.png 767w, https:\/\/ingesto.org.br\/wp-content\/uploads\/2026\/08\/image-268-18x12.png 18w\" sizes=\"(max-width: 800px) 100vw, 800px\" \/><\/figure>\n<\/div>\n\n\n<p class=\"wp-block-paragraph\">O Banco do Nordeste abriu inscri\u00e7\u00f5es para os Editais Sociais 2026. O processo seleciona projetos aptos a captar recursos por meio de incentivos fiscais.<\/p>\n\n\n\n<p class=\"wp-block-paragraph\">Organiza\u00e7\u00f5es podem submeter propostas at\u00e9 13 de setembro pelo sistema ConveniosWeb. As iniciativas do Pronon e do Pronas-PCD possuem prazo estendido at\u00e9 30 de setembro. Na edi\u00e7\u00e3o anterior, a institui\u00e7\u00e3o destinou 23,6 milh\u00f5es de reais para projetos n\u00e3o reembols\u00e1veis.<\/p>\n\n\n\n<p class=\"wp-block-paragraph\">O edital aceita apenas propostas previamente aprovadas nos mecanismos de incentivo fiscal. Os projetos dos Fundos da Inf\u00e2ncia e da Pessoa Idosa exigem chancela dos conselhos de direitos. Esses fundos limitam o teto de apoio a 350 mil reais por proposta.<\/p>\n\n\n\n<p class=\"wp-block-paragraph\">Iniciativas vinculadas \u00e0 Lei de Incentivo ao Esporte podem captar at\u00e9 500 mil reais. As propostas para o Pronon e Pronas-PCD alcan\u00e7am teto de 1,5 milh\u00e3o de reais. Cada projeto deve cumprir rigorosamente as exig\u00eancias da legisla\u00e7\u00e3o espec\u00edfica da \u00e1rea.<\/p>\n\n\n\n<p class=\"wp-block-paragraph\">Entidades sem fins lucrativos atuantes no Nordeste e em partes de MG e ES podem concorrer. O banco exige situa\u00e7\u00e3o cadastral regular e aus\u00eancia de pend\u00eancias em projetos anteriores.<\/p>\n\n\n\n<p class=\"wp-block-paragraph\">As OSCs devem cadastrar propostas na se\u00e7\u00e3o de Investimentos Sociais e Esportivos do portal. Institui\u00e7\u00f5es com apoio anterior reutilizam o cadastro antigo ap\u00f3s atualizarem as informa\u00e7\u00f5es requeridas.<\/p>\n\n\n\n<p class=\"has-small-font-size wp-block-paragraph\"><a href=\"https:\/\/captadores.org.br\/editais\/banco-do-nordeste-abre-inscricoes-para-editais-sociais-com-aportes-de-ate-r-15-milhao-por-projeto\/\" target=\"_blank\" rel=\"noopener\">Captadores<\/a><\/p>","protected":false},"excerpt":{"rendered":"<p>Confira os principais destaques do terceiro setor. O IDIS abre vaga para Analista de Projetos S\u00eanior na \u00e1rea de Gest\u00e3o da Doa\u00e7\u00e3o. O GT de Mulheres da Plataforma MROSC debate os 20 anos da Lei Maria da Penha. O Banco do Nordeste abre inscri\u00e7\u00f5es para os Editais Sociais 2026.<\/p>","protected":false},"author":600,"featured_media":22428,"comment_status":"open","ping_status":"open","sticky":false,"template":"","format":"standard","meta":{"give_campaign_id":0,"_joinchat":[],"footnotes":"","jetpack_post_was_ever_published":false},"categories":[7137,7138],"tags":[589,3812,4694,4665,256],"class_list":["post-22415","post","type-post","status-publish","format-standard","has-post-thumbnail","hentry","category-boletim","category-boletim-nacional","tag-captacao-de-recursos","tag-idis","tag-incentivo-fiscal","tag-investimento-social-privado","tag-oscs"],"yoast_head":"<!-- This site is optimized with the Yoast SEO plugin v28.3 - https:\/\/yoast.com\/product\/yoast-seo-wordpress\/ -->\n<title>IDIS abre sele\u00e7\u00e3o para Analista de Projetos S\u00eanior focado em Gest\u00e3o da Doa\u00e7\u00e3o - Ingesto<\/title>\n<meta name=\"description\" content=\"IDIS seleciona Analista de Projetos S\u00eanior para Gest\u00e3o da Doa\u00e7\u00e3o. Debate da MROSC e os Editais Sociais 2026 do Banco do Nordeste.\" \/>\n<meta name=\"robots\" content=\"index, follow, max-snippet:-1, max-image-preview:large, max-video-preview:-1\" \/>\n<link rel=\"canonical\" href=\"https:\/\/ingesto.org.br\/en\/idis-abre-selecao-para-analista-de-projetos-senior-focado-em-gestao-da-doacao\/\" \/>\n<meta property=\"og:locale\" content=\"en_US\" \/>\n<meta property=\"og:type\" content=\"article\" \/>\n<meta property=\"og:title\" content=\"IDIS abre sele\u00e7\u00e3o para Analista de Projetos S\u00eanior focado em Gest\u00e3o da Doa\u00e7\u00e3o - Ingesto\" \/>\n<meta property=\"og:description\" content=\"IDIS seleciona Analista de Projetos S\u00eanior para Gest\u00e3o da Doa\u00e7\u00e3o. Debate da MROSC e os Editais Sociais 2026 do Banco do Nordeste.\" \/>\n<meta property=\"og:url\" content=\"https:\/\/ingesto.org.br\/en\/idis-abre-selecao-para-analista-de-projetos-senior-focado-em-gestao-da-doacao\/\" \/>\n<meta property=\"og:site_name\" content=\"Ingesto\" \/>\n<meta property=\"article:publisher\" content=\"https:\/\/www.facebook.com\/institutoingesto\" \/>\n<meta property=\"article:published_time\" content=\"2026-08-30T11:30:14+00:00\" \/>\n<meta property=\"article:modified_time\" content=\"2026-08-31T09:36:00+00:00\" \/>\n<meta property=\"og:image\" content=\"https:\/\/ingesto.org.br\/wp-content\/uploads\/2026\/08\/image-267.png\" \/>\n\t<meta property=\"og:image:width\" content=\"800\" \/>\n\t<meta property=\"og:image:height\" content=\"533\" \/>\n\t<meta property=\"og:image:type\" content=\"image\/png\" \/>\n<meta name=\"author\" content=\"Reda\u00e7\u00e3o IA + Curadoria Humana\" \/>\n<meta name=\"twitter:card\" content=\"summary_large_image\" \/>\n<meta name=\"twitter:creator\" content=\"@Ingestos\" \/>\n<meta name=\"twitter:site\" content=\"@Ingestos\" \/>\n<meta name=\"twitter:label1\" content=\"Written by\" \/>\n\t<meta name=\"twitter:data1\" content=\"Reda\u00e7\u00e3o IA + Curadoria Humana\" \/>\n\t<meta name=\"twitter:label2\" content=\"Est. reading time\" \/>\n\t<meta name=\"twitter:data2\" content=\"5 minutes\" \/>\n<script type=\"application\/ld+json\" class=\"yoast-schema-graph\">{\"@context\":\"https:\\\/\\\/schema.org\",\"@graph\":[{\"@type\":\"Article\",\"@id\":\"https:\\\/\\\/ingesto.org.br\\\/idis-abre-selecao-para-analista-de-projetos-senior-focado-em-gestao-da-doacao\\\/#article\",\"isPartOf\":{\"@id\":\"https:\\\/\\\/ingesto.org.br\\\/idis-abre-selecao-para-analista-de-projetos-senior-focado-em-gestao-da-doacao\\\/\"},\"author\":{\"name\":\"Reda\u00e7\u00e3o IA + Curadoria Humana\",\"@id\":\"http:\\\/\\\/ingesto.org.br\\\/en\\\/#\\\/schema\\\/person\\\/20700121e4ba8023c9d40263a6a7b5fe\"},\"headline\":\"IDIS abre sele\u00e7\u00e3o para Analista de Projetos S\u00eanior focado em Gest\u00e3o da Doa\u00e7\u00e3o\",\"datePublished\":\"2026-08-30T11:30:14+00:00\",\"dateModified\":\"2026-08-31T09:36:00+00:00\",\"mainEntityOfPage\":{\"@id\":\"https:\\\/\\\/ingesto.org.br\\\/idis-abre-selecao-para-analista-de-projetos-senior-focado-em-gestao-da-doacao\\\/\"},\"wordCount\":663,\"commentCount\":0,\"publisher\":{\"@id\":\"http:\\\/\\\/ingesto.org.br\\\/en\\\/#organization\"},\"image\":{\"@id\":\"https:\\\/\\\/ingesto.org.br\\\/idis-abre-selecao-para-analista-de-projetos-senior-focado-em-gestao-da-doacao\\\/#primaryimage\"},\"thumbnailUrl\":\"https:\\\/\\\/ingesto.org.br\\\/wp-content\\\/uploads\\\/2026\\\/08\\\/image-267.png\",\"keywords\":[\"Capta\u00e7\u00e3o de Recursos\",\"IDIS\",\"Incentivo Fiscal\",\"Investimento Social Privado\",\"OSCs\"],\"articleSection\":[\"Boletim\",\"Boletim Nacional\"],\"inLanguage\":\"en-US\",\"potentialAction\":[{\"@type\":\"CommentAction\",\"name\":\"Comment\",\"target\":[\"https:\\\/\\\/ingesto.org.br\\\/idis-abre-selecao-para-analista-de-projetos-senior-focado-em-gestao-da-doacao\\\/#respond\"]}]},{\"@type\":\"WebPage\",\"@id\":\"https:\\\/\\\/ingesto.org.br\\\/idis-abre-selecao-para-analista-de-projetos-senior-focado-em-gestao-da-doacao\\\/\",\"url\":\"https:\\\/\\\/ingesto.org.br\\\/idis-abre-selecao-para-analista-de-projetos-senior-focado-em-gestao-da-doacao\\\/\",\"name\":\"IDIS abre sele\u00e7\u00e3o para Analista de Projetos S\u00eanior focado em Gest\u00e3o da Doa\u00e7\u00e3o - Ingesto\",\"isPartOf\":{\"@id\":\"http:\\\/\\\/ingesto.org.br\\\/en\\\/#website\"},\"primaryImageOfPage\":{\"@id\":\"https:\\\/\\\/ingesto.org.br\\\/idis-abre-selecao-para-analista-de-projetos-senior-focado-em-gestao-da-doacao\\\/#primaryimage\"},\"image\":{\"@id\":\"https:\\\/\\\/ingesto.org.br\\\/idis-abre-selecao-para-analista-de-projetos-senior-focado-em-gestao-da-doacao\\\/#primaryimage\"},\"thumbnailUrl\":\"https:\\\/\\\/ingesto.org.br\\\/wp-content\\\/uploads\\\/2026\\\/08\\\/image-267.png\",\"datePublished\":\"2026-08-30T11:30:14+00:00\",\"dateModified\":\"2026-08-31T09:36:00+00:00\",\"description\":\"IDIS seleciona Analista de Projetos S\u00eanior para Gest\u00e3o da Doa\u00e7\u00e3o. Debate da MROSC e os Editais Sociais 2026 do Banco do Nordeste.\",\"breadcrumb\":{\"@id\":\"https:\\\/\\\/ingesto.org.br\\\/idis-abre-selecao-para-analista-de-projetos-senior-focado-em-gestao-da-doacao\\\/#breadcrumb\"},\"inLanguage\":\"en-US\",\"potentialAction\":[{\"@type\":\"ReadAction\",\"target\":[\"https:\\\/\\\/ingesto.org.br\\\/idis-abre-selecao-para-analista-de-projetos-senior-focado-em-gestao-da-doacao\\\/\"]}]},{\"@type\":\"ImageObject\",\"inLanguage\":\"en-US\",\"@id\":\"https:\\\/\\\/ingesto.org.br\\\/idis-abre-selecao-para-analista-de-projetos-senior-focado-em-gestao-da-doacao\\\/#primaryimage\",\"url\":\"https:\\\/\\\/ingesto.org.br\\\/wp-content\\\/uploads\\\/2026\\\/08\\\/image-267.png\",\"contentUrl\":\"https:\\\/\\\/ingesto.org.br\\\/wp-content\\\/uploads\\\/2026\\\/08\\\/image-267.png\",\"width\":800,\"height\":533},{\"@type\":\"BreadcrumbList\",\"@id\":\"https:\\\/\\\/ingesto.org.br\\\/idis-abre-selecao-para-analista-de-projetos-senior-focado-em-gestao-da-doacao\\\/#breadcrumb\",\"itemListElement\":[{\"@type\":\"ListItem\",\"position\":1,\"name\":\"In\u00edcio\",\"item\":\"https:\\\/\\\/ingesto.org.br\\\/\"},{\"@type\":\"ListItem\",\"position\":2,\"name\":\"IDIS abre sele\u00e7\u00e3o para Analista de Projetos S\u00eanior focado em Gest\u00e3o da Doa\u00e7\u00e3o\"}]},{\"@type\":\"WebSite\",\"@id\":\"http:\\\/\\\/ingesto.org.br\\\/en\\\/#website\",\"url\":\"http:\\\/\\\/ingesto.org.br\\\/en\\\/\",\"name\":\"Instituto\",\"description\":\"Instituto para Gest\u00e3o do Terceiro Setor\",\"publisher\":{\"@id\":\"http:\\\/\\\/ingesto.org.br\\\/en\\\/#organization\"},\"alternateName\":\"Ingesto\",\"potentialAction\":[{\"@type\":\"SearchAction\",\"target\":{\"@type\":\"EntryPoint\",\"urlTemplate\":\"http:\\\/\\\/ingesto.org.br\\\/en\\\/?s={search_term_string}\"},\"query-input\":{\"@type\":\"PropertyValueSpecification\",\"valueRequired\":true,\"valueName\":\"search_term_string\"}}],\"inLanguage\":\"en-US\"},{\"@type\":\"Organization\",\"@id\":\"http:\\\/\\\/ingesto.org.br\\\/en\\\/#organization\",\"name\":\"Ingesto\",\"url\":\"http:\\\/\\\/ingesto.org.br\\\/en\\\/\",\"logo\":{\"@type\":\"ImageObject\",\"inLanguage\":\"en-US\",\"@id\":\"http:\\\/\\\/ingesto.org.br\\\/en\\\/#\\\/schema\\\/logo\\\/image\\\/\",\"url\":\"https:\\\/\\\/ingesto.org.br\\\/wp-content\\\/uploads\\\/2020\\\/11\\\/cropped-cropped-icone.png\",\"contentUrl\":\"https:\\\/\\\/ingesto.org.br\\\/wp-content\\\/uploads\\\/2020\\\/11\\\/cropped-cropped-icone.png\",\"width\":512,\"height\":512,\"caption\":\"Ingesto\"},\"image\":{\"@id\":\"http:\\\/\\\/ingesto.org.br\\\/en\\\/#\\\/schema\\\/logo\\\/image\\\/\"},\"sameAs\":[\"https:\\\/\\\/www.facebook.com\\\/institutoingesto\",\"https:\\\/\\\/x.com\\\/Ingestos\",\"https:\\\/\\\/www.instagram.com\\\/institutoingesto\\\/\",\"https:\\\/\\\/www.youtube.com\\\/@institutoingesto\",\"https:\\\/\\\/www.linkedin.com\\\/in\\\/instituto-ingesto\"]},{\"@type\":\"Person\",\"@id\":\"http:\\\/\\\/ingesto.org.br\\\/en\\\/#\\\/schema\\\/person\\\/20700121e4ba8023c9d40263a6a7b5fe\",\"name\":\"Reda\u00e7\u00e3o IA + Curadoria Humana\",\"image\":{\"@type\":\"ImageObject\",\"inLanguage\":\"en-US\",\"@id\":\"https:\\\/\\\/secure.gravatar.com\\\/avatar\\\/34d4732bf113075819aa50ac5cd153435fb2b0fbf203671cde89f09687f605a5?s=96&d=mm&r=g\",\"url\":\"https:\\\/\\\/secure.gravatar.com\\\/avatar\\\/34d4732bf113075819aa50ac5cd153435fb2b0fbf203671cde89f09687f605a5?s=96&d=mm&r=g\",\"contentUrl\":\"https:\\\/\\\/secure.gravatar.com\\\/avatar\\\/34d4732bf113075819aa50ac5cd153435fb2b0fbf203671cde89f09687f605a5?s=96&d=mm&r=g\",\"caption\":\"Reda\u00e7\u00e3o IA + Curadoria Humana\"},\"url\":\"https:\\\/\\\/ingesto.org.br\\\/en\\\/author\\\/robo-boletim\\\/\"}]}<\/script>\n<!-- \/ Yoast SEO plugin. -->","yoast_head_json":{"title":"IDIS abre sele\u00e7\u00e3o para Analista de Projetos S\u00eanior focado em Gest\u00e3o da Doa\u00e7\u00e3o - Ingesto","description":"IDIS seleciona Analista de Projetos S\u00eanior para Gest\u00e3o da Doa\u00e7\u00e3o. Debate da MROSC e os Editais Sociais 2026 do Banco do Nordeste.","robots":{"index":"index","follow":"follow","max-snippet":"max-snippet:-1","max-image-preview":"max-image-preview:large","max-video-preview":"max-video-preview:-1"},"canonical":"https:\/\/ingesto.org.br\/en\/idis-abre-selecao-para-analista-de-projetos-senior-focado-em-gestao-da-doacao\/","og_locale":"en_US","og_type":"article","og_title":"IDIS abre sele\u00e7\u00e3o para Analista de Projetos S\u00eanior focado em Gest\u00e3o da Doa\u00e7\u00e3o - Ingesto","og_description":"IDIS seleciona Analista de Projetos S\u00eanior para Gest\u00e3o da Doa\u00e7\u00e3o. Debate da MROSC e os Editais Sociais 2026 do Banco do Nordeste.","og_url":"https:\/\/ingesto.org.br\/en\/idis-abre-selecao-para-analista-de-projetos-senior-focado-em-gestao-da-doacao\/","og_site_name":"Ingesto","article_publisher":"https:\/\/www.facebook.com\/institutoingesto","article_published_time":"2026-08-30T11:30:14+00:00","article_modified_time":"2026-08-31T09:36:00+00:00","og_image":[{"width":800,"height":533,"url":"https:\/\/ingesto.org.br\/wp-content\/uploads\/2026\/08\/image-267.png","type":"image\/png"}],"author":"Reda\u00e7\u00e3o IA + Curadoria Humana","twitter_card":"summary_large_image","twitter_creator":"@Ingestos","twitter_site":"@Ingestos","twitter_misc":{"Written by":"Reda\u00e7\u00e3o IA + Curadoria Humana","Est. reading time":"5 minutes"},"schema":{"@context":"https:\/\/schema.org","@graph":[{"@type":"Article","@id":"https:\/\/ingesto.org.br\/idis-abre-selecao-para-analista-de-projetos-senior-focado-em-gestao-da-doacao\/#article","isPartOf":{"@id":"https:\/\/ingesto.org.br\/idis-abre-selecao-para-analista-de-projetos-senior-focado-em-gestao-da-doacao\/"},"author":{"name":"Reda\u00e7\u00e3o IA + Curadoria Humana","@id":"http:\/\/ingesto.org.br\/en\/#\/schema\/person\/20700121e4ba8023c9d40263a6a7b5fe"},"headline":"IDIS abre sele\u00e7\u00e3o para Analista de Projetos S\u00eanior focado em Gest\u00e3o da Doa\u00e7\u00e3o","datePublished":"2026-08-30T11:30:14+00:00","dateModified":"2026-08-31T09:36:00+00:00","mainEntityOfPage":{"@id":"https:\/\/ingesto.org.br\/idis-abre-selecao-para-analista-de-projetos-senior-focado-em-gestao-da-doacao\/"},"wordCount":663,"commentCount":0,"publisher":{"@id":"http:\/\/ingesto.org.br\/en\/#organization"},"image":{"@id":"https:\/\/ingesto.org.br\/idis-abre-selecao-para-analista-de-projetos-senior-focado-em-gestao-da-doacao\/#primaryimage"},"thumbnailUrl":"https:\/\/ingesto.org.br\/wp-content\/uploads\/2026\/08\/image-267.png","keywords":["Capta\u00e7\u00e3o de Recursos","IDIS","Incentivo Fiscal","Investimento Social Privado","OSCs"],"articleSection":["Boletim","Boletim Nacional"],"inLanguage":"en-US","potentialAction":[{"@type":"CommentAction","name":"Comment","target":["https:\/\/ingesto.org.br\/idis-abre-selecao-para-analista-de-projetos-senior-focado-em-gestao-da-doacao\/#respond"]}]},{"@type":"WebPage","@id":"https:\/\/ingesto.org.br\/idis-abre-selecao-para-analista-de-projetos-senior-focado-em-gestao-da-doacao\/","url":"https:\/\/ingesto.org.br\/idis-abre-selecao-para-analista-de-projetos-senior-focado-em-gestao-da-doacao\/","name":"IDIS abre sele\u00e7\u00e3o para Analista de Projetos S\u00eanior focado em Gest\u00e3o da Doa\u00e7\u00e3o - Ingesto","isPartOf":{"@id":"http:\/\/ingesto.org.br\/en\/#website"},"primaryImageOfPage":{"@id":"https:\/\/ingesto.org.br\/idis-abre-selecao-para-analista-de-projetos-senior-focado-em-gestao-da-doacao\/#primaryimage"},"image":{"@id":"https:\/\/ingesto.org.br\/idis-abre-selecao-para-analista-de-projetos-senior-focado-em-gestao-da-doacao\/#primaryimage"},"thumbnailUrl":"https:\/\/ingesto.org.br\/wp-content\/uploads\/2026\/08\/image-267.png","datePublished":"2026-08-30T11:30:14+00:00","dateModified":"2026-08-31T09:36:00+00:00","description":"IDIS seleciona Analista de Projetos S\u00eanior para Gest\u00e3o da Doa\u00e7\u00e3o. Debate da MROSC e os Editais Sociais 2026 do Banco do Nordeste.","breadcrumb":{"@id":"https:\/\/ingesto.org.br\/idis-abre-selecao-para-analista-de-projetos-senior-focado-em-gestao-da-doacao\/#breadcrumb"},"inLanguage":"en-US","potentialAction":[{"@type":"ReadAction","target":["https:\/\/ingesto.org.br\/idis-abre-selecao-para-analista-de-projetos-senior-focado-em-gestao-da-doacao\/"]}]},{"@type":"ImageObject","inLanguage":"en-US","@id":"https:\/\/ingesto.org.br\/idis-abre-selecao-para-analista-de-projetos-senior-focado-em-gestao-da-doacao\/#primaryimage","url":"https:\/\/ingesto.org.br\/wp-content\/uploads\/2026\/08\/image-267.png","contentUrl":"https:\/\/ingesto.org.br\/wp-content\/uploads\/2026\/08\/image-267.png","width":800,"height":533},{"@type":"BreadcrumbList","@id":"https:\/\/ingesto.org.br\/idis-abre-selecao-para-analista-de-projetos-senior-focado-em-gestao-da-doacao\/#breadcrumb","itemListElement":[{"@type":"ListItem","position":1,"name":"In\u00edcio","item":"https:\/\/ingesto.org.br\/"},{"@type":"ListItem","position":2,"name":"IDIS abre sele\u00e7\u00e3o para Analista de Projetos S\u00eanior focado em Gest\u00e3o da Doa\u00e7\u00e3o"}]},{"@type":"WebSite","@id":"http:\/\/ingesto.org.br\/en\/#website","url":"http:\/\/ingesto.org.br\/en\/","name":"Institute","description":"Institute for Third Sector Management","publisher":{"@id":"http:\/\/ingesto.org.br\/en\/#organization"},"alternateName":"Ingesto","potentialAction":[{"@type":"SearchAction","target":{"@type":"EntryPoint","urlTemplate":"http:\/\/ingesto.org.br\/en\/?s={search_term_string}"},"query-input":{"@type":"PropertyValueSpecification","valueRequired":true,"valueName":"search_term_string"}}],"inLanguage":"en-US"},{"@type":"Organization","@id":"http:\/\/ingesto.org.br\/en\/#organization","name":"Ingesto","url":"http:\/\/ingesto.org.br\/en\/","logo":{"@type":"ImageObject","inLanguage":"en-US","@id":"http:\/\/ingesto.org.br\/en\/#\/schema\/logo\/image\/","url":"https:\/\/ingesto.org.br\/wp-content\/uploads\/2020\/11\/cropped-cropped-icone.png","contentUrl":"https:\/\/ingesto.org.br\/wp-content\/uploads\/2020\/11\/cropped-cropped-icone.png","width":512,"height":512,"caption":"Ingesto"},"image":{"@id":"http:\/\/ingesto.org.br\/en\/#\/schema\/logo\/image\/"},"sameAs":["https:\/\/www.facebook.com\/institutoingesto","https:\/\/x.com\/Ingestos","https:\/\/www.instagram.com\/institutoingesto\/","https:\/\/www.youtube.com\/@institutoingesto","https:\/\/www.linkedin.com\/in\/instituto-ingesto"]},{"@type":"Person","@id":"http:\/\/ingesto.org.br\/en\/#\/schema\/person\/20700121e4ba8023c9d40263a6a7b5fe","name":"Reda\u00e7\u00e3o IA + Curadoria Humana","image":{"@type":"ImageObject","inLanguage":"en-US","@id":"https:\/\/secure.gravatar.com\/avatar\/34d4732bf113075819aa50ac5cd153435fb2b0fbf203671cde89f09687f605a5?s=96&d=mm&r=g","url":"https:\/\/secure.gravatar.com\/avatar\/34d4732bf113075819aa50ac5cd153435fb2b0fbf203671cde89f09687f605a5?s=96&d=mm&r=g","contentUrl":"https:\/\/secure.gravatar.com\/avatar\/34d4732bf113075819aa50ac5cd153435fb2b0fbf203671cde89f09687f605a5?s=96&d=mm&r=g","caption":"Reda\u00e7\u00e3o IA + Curadoria Humana"},"url":"https:\/\/ingesto.org.br\/en\/author\/robo-boletim\/"}]}},"jetpack_shortlink":"https:\/\/wp.me\/peji5g-5Px","jetpack_featured_media_url":"https:\/\/ingesto.org.br\/wp-content\/uploads\/2026\/08\/image-267.png","acf":[],"_links":{"self":[{"href":"https:\/\/ingesto.org.br\/en\/wp-json\/wp\/v2\/posts\/22415","targetHints":{"allow":["GET"]}}],"collection":[{"href":"https:\/\/ingesto.org.br\/en\/wp-json\/wp\/v2\/posts"}],"about":[{"href":"https:\/\/ingesto.org.br\/en\/wp-json\/wp\/v2\/types\/post"}],"author":[{"embeddable":true,"href":"https:\/\/ingesto.org.br\/en\/wp-json\/wp\/v2\/users\/600"}],"replies":[{"embeddable":true,"href":"https:\/\/ingesto.org.br\/en\/wp-json\/wp\/v2\/comments?post=22415"}],"version-history":[{"count":1,"href":"https:\/\/ingesto.org.br\/en\/wp-json\/wp\/v2\/posts\/22415\/revisions"}],"predecessor-version":[{"id":22431,"href":"https:\/\/ingesto.org.br\/en\/wp-json\/wp\/v2\/posts\/22415\/revisions\/22431"}],"wp:featuredmedia":[{"embeddable":true,"href":"https:\/\/ingesto.org.br\/en\/wp-json\/wp\/v2\/media\/22428"}],"wp:attachment":[{"href":"https:\/\/ingesto.org.br\/en\/wp-json\/wp\/v2\/media?parent=22415"}],"wp:term":[{"taxonomy":"category","embeddable":true,"href":"https:\/\/ingesto.org.br\/en\/wp-json\/wp\/v2\/categories?post=22415"},{"taxonomy":"post_tag","embeddable":true,"href":"https:\/\/ingesto.org.br\/en\/wp-json\/wp\/v2\/tags?post=22415"}],"curies":[{"name":"wp","href":"https:\/\/api.w.org\/{rel}","templated":true}]}}