{"id":22385,"date":"2026-08-29T09:06:00","date_gmt":"2026-08-29T12:06:00","guid":{"rendered":"https:\/\/ingesto.org.br\/?p=22385"},"modified":"2026-08-29T08:25:30","modified_gmt":"2026-08-29T11:25:30","slug":"festival-abcr-2026-reune-especialistas-em-captacao-de-recursos-em-sao-paulo","status":"publish","type":"post","link":"https:\/\/ingesto.org.br\/en\/festival-abcr-2026-reune-especialistas-em-captacao-de-recursos-em-sao-paulo\/","title":{"rendered":"Festival ABCR 2026 re\u00fane especialistas em capta\u00e7\u00e3o de recursos em S\u00e3o Paulo"},"content":{"rendered":"<h4 class=\"wp-block-heading\">Evento nos dias 3 e 4 de setembro apresenta mais de 70 palestras em nove palcos simult\u00e2neos para fortalecer o terceiro setor.<\/h4>\n\n\n<div class=\"wp-block-image\">\n<figure class=\"aligncenter size-full\"><img fetchpriority=\"high\" decoding=\"async\" width=\"1000\" height=\"660\" src=\"https:\/\/ingesto.org.br\/wp-content\/uploads\/2026\/08\/image-254.png\" alt=\"\" class=\"wp-image-22390\" srcset=\"https:\/\/ingesto.org.br\/wp-content\/uploads\/2026\/08\/image-254.png 1000w, https:\/\/ingesto.org.br\/wp-content\/uploads\/2026\/08\/image-254-300x198.png 300w, https:\/\/ingesto.org.br\/wp-content\/uploads\/2026\/08\/image-254-18x12.png 18w, https:\/\/ingesto.org.br\/wp-content\/uploads\/2026\/08\/image-254-767x506.png 767w\" sizes=\"(max-width: 1000px) 100vw, 1000px\" \/><\/figure>\n<\/div>\n\n\n<p class=\"wp-block-paragraph\">A Associa\u00e7\u00e3o Brasileira dos Captadores de Recursos promove o Festival ABCR 2026 nos dias 3 e 4 de setembro. O encontro ocorre no Centro de Conven\u00e7\u00f5es Frei Caneca, na cidade de S\u00e3o Paulo. A organiza\u00e7\u00e3o selecionou mais de 70 palestras entre 126 propostas submetidas por especialistas. O evento reunir\u00e1 palestrantes de 12 estados brasileiros, al\u00e9m de convidados dos Estados Unidos e da Inglaterra. A ABCR espera receber mais de 1.200 profissionais no local.<\/p>\n\n\n\n<p class=\"wp-block-paragraph\">A organiza\u00e7\u00e3o divide a programa\u00e7\u00e3o da 18\u00aa edi\u00e7\u00e3o em cinco eixos tem\u00e1ticos. Nove palcos simult\u00e2neos abrigam debates sobre custos estruturais e intelig\u00eancia artificial. Os palestrantes abordam temas como a Lei Geral de Prote\u00e7\u00e3o de Dados e a Reforma Tribut\u00e1ria. O encontro traz tamb\u00e9m discuss\u00f5es sobre gest\u00e3o de relacionamento com doadores e capta\u00e7\u00e3o internacional. Martha Schumacher realiza a palestra de abertura sobre escuta ativa na lideran\u00e7a.<\/p>\n\n\n<div class=\"wp-block-image\">\n<figure class=\"aligncenter size-full\"><img decoding=\"async\" width=\"1024\" height=\"531\" src=\"https:\/\/ingesto.org.br\/wp-content\/uploads\/2026\/08\/image-251.png\" alt=\"\" class=\"wp-image-22387\" srcset=\"https:\/\/ingesto.org.br\/wp-content\/uploads\/2026\/08\/image-251.png 1024w, https:\/\/ingesto.org.br\/wp-content\/uploads\/2026\/08\/image-251-300x156.png 300w, https:\/\/ingesto.org.br\/wp-content\/uploads\/2026\/08\/image-251-18x9.png 18w, https:\/\/ingesto.org.br\/wp-content\/uploads\/2026\/08\/image-251-768x398.png 768w\" sizes=\"(max-width: 1024px) 100vw, 1024px\" \/><\/figure>\n<\/div>\n\n\n<p class=\"wp-block-paragraph\">As organiza\u00e7\u00f5es da sociedade civil acessam estrat\u00e9gias pr\u00e1ticas para diversificar e ampliar suas receitas. O Festival apresenta 35% de novos palestrantes na grade de conte\u00fados. O evento oferece 23% de atividades focadas em n\u00edvel avan\u00e7ado. Os participantes aprendem t\u00e9cnicas sobre engajamento de doadores, testamento solid\u00e1rio e propostas para editais. As pessoas interessadas encontram a programa\u00e7\u00e3o completa no site oficial do evento.<\/p>\n\n\n\n<p class=\"has-small-font-size wp-block-paragraph\"><a href=\"https:\/\/nossacausa.com\/2026\/08\/festival-abcr-2026-reune-mais-de-70-palestras-em-sp\/\" target=\"_blank\" rel=\"noopener\">Nossa Causa<\/a><\/p>\n\n\n\n<h2 class=\"wp-block-heading\">IDIS promove webinar sobre desenvolvimento institucional para turma do programa IA.3<\/h2>\n\n\n\n<h4 class=\"wp-block-heading\">Especialistas debateram gest\u00e3o estrat\u00e9gica e aprendizado cont\u00ednuo durante o encontro exclusivo para OSCs selecionadas.<\/h4>\n\n\n<div class=\"wp-block-image\">\n<figure class=\"aligncenter size-large\"><img decoding=\"async\" width=\"1024\" height=\"683\" src=\"https:\/\/ingesto.org.br\/wp-content\/uploads\/2026\/08\/image-255-1024x683.png\" alt=\"\" class=\"wp-image-22391\" srcset=\"https:\/\/ingesto.org.br\/wp-content\/uploads\/2026\/08\/image-255-1024x683.png 1024w, https:\/\/ingesto.org.br\/wp-content\/uploads\/2026\/08\/image-255-18x12.png 18w, https:\/\/ingesto.org.br\/wp-content\/uploads\/2026\/08\/image-255-300x200.png 300w, https:\/\/ingesto.org.br\/wp-content\/uploads\/2026\/08\/image-255-768x512.png 768w, https:\/\/ingesto.org.br\/wp-content\/uploads\/2026\/08\/image-255.png 1420w\" sizes=\"(max-width: 1024px) 100vw, 1024px\" \/><\/figure>\n<\/div>\n\n\n<p class=\"wp-block-paragraph\">O IDIS realizou o webinar sobre desenvolvimento institucional no dia 23 de junho. O evento atendeu participantes da segunda turma do programa IA.3.<\/p>\n\n\n\n<p class=\"wp-block-paragraph\">A iniciativa conta com suporte do Google.org e apoio t\u00e9cnico do Canal SabIAr. Felipe Insunza Groba mediou as conversas da atividade.<\/p>\n\n\n\n<p class=\"wp-block-paragraph\">Erika Sanchez Saez defendeu a prioriza\u00e7\u00e3o intencional da gest\u00e3o na rotina di\u00e1ria das entidades. Fernando Nogueira ressaltou a import\u00e2ncia de aprender com os erros e vit\u00f3rias.<\/p>\n\n\n\n<p class=\"wp-block-paragraph\">O programa IA.3 estrutura capacita\u00e7\u00f5es em m\u00faltiplas etapas para ONGs brasileiras. A primeira fase incluiu um webinar formativo gratuito no dia 22 de outubro.<\/p>\n\n\n\n<p class=\"wp-block-paragraph\">Essa etapa inicial reuniu mais de 2500 inscri\u00e7\u00f5es de cerca de 1,6 mil organiza\u00e7\u00f5es da sociedade civil. A iniciativa tamb\u00e9m prev\u00ea um encontro presencial em S\u00e3o Paulo.<\/p>\n\n\n<div class=\"wp-block-image\">\n<figure class=\"aligncenter size-full\"><img loading=\"lazy\" decoding=\"async\" width=\"800\" height=\"533\" src=\"https:\/\/ingesto.org.br\/wp-content\/uploads\/2026\/08\/image-257.png\" alt=\"\" class=\"wp-image-22393\" srcset=\"https:\/\/ingesto.org.br\/wp-content\/uploads\/2026\/08\/image-257.png 800w, https:\/\/ingesto.org.br\/wp-content\/uploads\/2026\/08\/image-257-300x200.png 300w, https:\/\/ingesto.org.br\/wp-content\/uploads\/2026\/08\/image-257-767x511.png 767w, https:\/\/ingesto.org.br\/wp-content\/uploads\/2026\/08\/image-257-18x12.png 18w\" sizes=\"(max-width: 800px) 100vw, 800px\" \/><\/figure>\n<\/div>\n\n\n<p class=\"wp-block-paragraph\">O projeto seleciona 30 organiza\u00e7\u00f5es com melhor aproveitamento para receberem mentorias individualizadas.<\/p>\n\n\n\n<p class=\"wp-block-paragraph\">As organiza\u00e7\u00f5es selecionadas para a nova turma iniciam as jornadas de aprendizado em fevereiro de 2027. O programa busca democratizar o uso da intelig\u00eancia artificial no setor.<\/p>\n\n\n\n<p class=\"wp-block-paragraph\">As entidades participantes constroem solu\u00e7\u00f5es concretas para seus desafios cotidianos. Al\u00e9m disso, as mentorias fortalecem as redes de colabora\u00e7\u00e3o entre os gestores.<\/p>\n\n\n\n<p class=\"has-small-font-size wp-block-paragraph\"><a href=\"https:\/\/www.idis.org.br\/webinar-do-ia-3-destaca-o-desenvolvimento-institucional-como-base-para-fortalecer-organizacoes-da-sociedade-civil\/\" target=\"_blank\" rel=\"noopener\">IDIS<\/a><\/p>","protected":false},"excerpt":{"rendered":"<p>Confira os destaques do terceiro setor nesta edi\u00e7\u00e3o. O Festival ABCR 2026 reunir\u00e1 especialistas em capta\u00e7\u00e3o de recursos nos dias 3 e 4 de setembro em S\u00e3o Paulo. Veja tamb\u00e9m os detalhes do webinar do IDIS sobre desenvolvimento institucional para a turma do programa IA.3.<\/p>","protected":false},"author":600,"featured_media":22387,"comment_status":"open","ping_status":"open","sticky":false,"template":"","format":"standard","meta":{"give_campaign_id":0,"_joinchat":[],"footnotes":"","jetpack_post_was_ever_published":false},"categories":[7137,7138],"tags":[4721,589,6930,4728,850,3812,3305,146,182],"class_list":["post-22385","post","type-post","status-publish","format-standard","has-post-thumbnail","hentry","category-boletim","category-boletim-nacional","tag-capacitacao","tag-captacao-de-recursos","tag-desenvolvimento-institucional","tag-festival-abcr","tag-financiamento","tag-idis","tag-inteligencia-artificial","tag-osc","tag-terceiro-setor"],"yoast_head":"<!-- This site is optimized with the Yoast SEO plugin v28.3 - https:\/\/yoast.com\/product\/yoast-seo-wordpress\/ -->\n<title>Festival ABCR 2026 re\u00fane especialistas em capta\u00e7\u00e3o de recursos em S\u00e3o Paulo - Ingesto<\/title>\n<meta name=\"description\" content=\"Descubra as novidades do Festival ABCR 2026 sobre capta\u00e7\u00e3o de recursos e o webinar do IDIS sobre desenvolvimento institucional no terceiro setor.\" \/>\n<meta name=\"robots\" content=\"index, follow, max-snippet:-1, max-image-preview:large, max-video-preview:-1\" \/>\n<link rel=\"canonical\" href=\"https:\/\/ingesto.org.br\/en\/festival-abcr-2026-reune-especialistas-em-captacao-de-recursos-em-sao-paulo\/\" \/>\n<meta property=\"og:locale\" content=\"en_US\" \/>\n<meta property=\"og:type\" content=\"article\" \/>\n<meta property=\"og:title\" content=\"Festival ABCR 2026 re\u00fane especialistas em capta\u00e7\u00e3o de recursos em S\u00e3o Paulo - Ingesto\" \/>\n<meta property=\"og:description\" content=\"Descubra as novidades do Festival ABCR 2026 sobre capta\u00e7\u00e3o de recursos e o webinar do IDIS sobre desenvolvimento institucional no terceiro setor.\" \/>\n<meta property=\"og:url\" content=\"https:\/\/ingesto.org.br\/en\/festival-abcr-2026-reune-especialistas-em-captacao-de-recursos-em-sao-paulo\/\" \/>\n<meta property=\"og:site_name\" content=\"Ingesto\" \/>\n<meta property=\"article:publisher\" content=\"https:\/\/www.facebook.com\/institutoingesto\" \/>\n<meta property=\"article:published_time\" content=\"2026-08-29T12:06:00+00:00\" \/>\n<meta property=\"og:image\" content=\"https:\/\/ingesto.org.br\/wp-content\/uploads\/2026\/08\/image-251.png\" \/>\n\t<meta property=\"og:image:width\" content=\"1024\" \/>\n\t<meta property=\"og:image:height\" content=\"531\" \/>\n\t<meta property=\"og:image:type\" content=\"image\/png\" \/>\n<meta name=\"author\" content=\"Reda\u00e7\u00e3o IA + Curadoria Humana\" \/>\n<meta name=\"twitter:card\" content=\"summary_large_image\" \/>\n<meta name=\"twitter:creator\" content=\"@Ingestos\" \/>\n<meta name=\"twitter:site\" content=\"@Ingestos\" \/>\n<meta name=\"twitter:label1\" content=\"Written by\" \/>\n\t<meta name=\"twitter:data1\" content=\"Reda\u00e7\u00e3o IA + Curadoria Humana\" \/>\n\t<meta name=\"twitter:label2\" content=\"Est. reading time\" \/>\n\t<meta name=\"twitter:data2\" content=\"4 minutes\" \/>\n<script type=\"application\/ld+json\" class=\"yoast-schema-graph\">{\"@context\":\"https:\\\/\\\/schema.org\",\"@graph\":[{\"@type\":\"Article\",\"@id\":\"https:\\\/\\\/ingesto.org.br\\\/festival-abcr-2026-reune-especialistas-em-captacao-de-recursos-em-sao-paulo\\\/#article\",\"isPartOf\":{\"@id\":\"https:\\\/\\\/ingesto.org.br\\\/festival-abcr-2026-reune-especialistas-em-captacao-de-recursos-em-sao-paulo\\\/\"},\"author\":{\"name\":\"Reda\u00e7\u00e3o IA + Curadoria Humana\",\"@id\":\"http:\\\/\\\/ingesto.org.br\\\/en\\\/#\\\/schema\\\/person\\\/20700121e4ba8023c9d40263a6a7b5fe\"},\"headline\":\"Festival ABCR 2026 re\u00fane especialistas em capta\u00e7\u00e3o de recursos em S\u00e3o Paulo\",\"datePublished\":\"2026-08-29T12:06:00+00:00\",\"mainEntityOfPage\":{\"@id\":\"https:\\\/\\\/ingesto.org.br\\\/festival-abcr-2026-reune-especialistas-em-captacao-de-recursos-em-sao-paulo\\\/\"},\"wordCount\":476,\"commentCount\":0,\"publisher\":{\"@id\":\"http:\\\/\\\/ingesto.org.br\\\/en\\\/#organization\"},\"image\":{\"@id\":\"https:\\\/\\\/ingesto.org.br\\\/festival-abcr-2026-reune-especialistas-em-captacao-de-recursos-em-sao-paulo\\\/#primaryimage\"},\"thumbnailUrl\":\"https:\\\/\\\/ingesto.org.br\\\/wp-content\\\/uploads\\\/2026\\\/08\\\/image-251.png\",\"keywords\":[\"Capacita\u00e7\u00e3o\",\"Capta\u00e7\u00e3o de Recursos\",\"desenvolvimento institucional\",\"Festival ABCR\",\"Financiamento\",\"IDIS\",\"intelig\u00eancia artificial\",\"OSC\",\"terceiro setor\"],\"articleSection\":[\"Boletim\",\"Boletim Nacional\"],\"inLanguage\":\"en-US\",\"potentialAction\":[{\"@type\":\"CommentAction\",\"name\":\"Comment\",\"target\":[\"https:\\\/\\\/ingesto.org.br\\\/festival-abcr-2026-reune-especialistas-em-captacao-de-recursos-em-sao-paulo\\\/#respond\"]}]},{\"@type\":\"WebPage\",\"@id\":\"https:\\\/\\\/ingesto.org.br\\\/festival-abcr-2026-reune-especialistas-em-captacao-de-recursos-em-sao-paulo\\\/\",\"url\":\"https:\\\/\\\/ingesto.org.br\\\/festival-abcr-2026-reune-especialistas-em-captacao-de-recursos-em-sao-paulo\\\/\",\"name\":\"Festival ABCR 2026 re\u00fane especialistas em capta\u00e7\u00e3o de recursos em S\u00e3o Paulo - Ingesto\",\"isPartOf\":{\"@id\":\"http:\\\/\\\/ingesto.org.br\\\/en\\\/#website\"},\"primaryImageOfPage\":{\"@id\":\"https:\\\/\\\/ingesto.org.br\\\/festival-abcr-2026-reune-especialistas-em-captacao-de-recursos-em-sao-paulo\\\/#primaryimage\"},\"image\":{\"@id\":\"https:\\\/\\\/ingesto.org.br\\\/festival-abcr-2026-reune-especialistas-em-captacao-de-recursos-em-sao-paulo\\\/#primaryimage\"},\"thumbnailUrl\":\"https:\\\/\\\/ingesto.org.br\\\/wp-content\\\/uploads\\\/2026\\\/08\\\/image-251.png\",\"datePublished\":\"2026-08-29T12:06:00+00:00\",\"description\":\"Descubra as novidades do Festival ABCR 2026 sobre capta\u00e7\u00e3o de recursos e o webinar do IDIS sobre desenvolvimento institucional no terceiro setor.\",\"breadcrumb\":{\"@id\":\"https:\\\/\\\/ingesto.org.br\\\/festival-abcr-2026-reune-especialistas-em-captacao-de-recursos-em-sao-paulo\\\/#breadcrumb\"},\"inLanguage\":\"en-US\",\"potentialAction\":[{\"@type\":\"ReadAction\",\"target\":[\"https:\\\/\\\/ingesto.org.br\\\/festival-abcr-2026-reune-especialistas-em-captacao-de-recursos-em-sao-paulo\\\/\"]}]},{\"@type\":\"ImageObject\",\"inLanguage\":\"en-US\",\"@id\":\"https:\\\/\\\/ingesto.org.br\\\/festival-abcr-2026-reune-especialistas-em-captacao-de-recursos-em-sao-paulo\\\/#primaryimage\",\"url\":\"https:\\\/\\\/ingesto.org.br\\\/wp-content\\\/uploads\\\/2026\\\/08\\\/image-251.png\",\"contentUrl\":\"https:\\\/\\\/ingesto.org.br\\\/wp-content\\\/uploads\\\/2026\\\/08\\\/image-251.png\",\"width\":1024,\"height\":531},{\"@type\":\"BreadcrumbList\",\"@id\":\"https:\\\/\\\/ingesto.org.br\\\/festival-abcr-2026-reune-especialistas-em-captacao-de-recursos-em-sao-paulo\\\/#breadcrumb\",\"itemListElement\":[{\"@type\":\"ListItem\",\"position\":1,\"name\":\"In\u00edcio\",\"item\":\"https:\\\/\\\/ingesto.org.br\\\/\"},{\"@type\":\"ListItem\",\"position\":2,\"name\":\"Festival ABCR 2026 re\u00fane especialistas em capta\u00e7\u00e3o de recursos em S\u00e3o Paulo\"}]},{\"@type\":\"WebSite\",\"@id\":\"http:\\\/\\\/ingesto.org.br\\\/en\\\/#website\",\"url\":\"http:\\\/\\\/ingesto.org.br\\\/en\\\/\",\"name\":\"Instituto\",\"description\":\"Instituto para Gest\u00e3o do Terceiro Setor\",\"publisher\":{\"@id\":\"http:\\\/\\\/ingesto.org.br\\\/en\\\/#organization\"},\"alternateName\":\"Ingesto\",\"potentialAction\":[{\"@type\":\"SearchAction\",\"target\":{\"@type\":\"EntryPoint\",\"urlTemplate\":\"http:\\\/\\\/ingesto.org.br\\\/en\\\/?s={search_term_string}\"},\"query-input\":{\"@type\":\"PropertyValueSpecification\",\"valueRequired\":true,\"valueName\":\"search_term_string\"}}],\"inLanguage\":\"en-US\"},{\"@type\":\"Organization\",\"@id\":\"http:\\\/\\\/ingesto.org.br\\\/en\\\/#organization\",\"name\":\"Ingesto\",\"url\":\"http:\\\/\\\/ingesto.org.br\\\/en\\\/\",\"logo\":{\"@type\":\"ImageObject\",\"inLanguage\":\"en-US\",\"@id\":\"http:\\\/\\\/ingesto.org.br\\\/en\\\/#\\\/schema\\\/logo\\\/image\\\/\",\"url\":\"https:\\\/\\\/ingesto.org.br\\\/wp-content\\\/uploads\\\/2020\\\/11\\\/cropped-cropped-icone.png\",\"contentUrl\":\"https:\\\/\\\/ingesto.org.br\\\/wp-content\\\/uploads\\\/2020\\\/11\\\/cropped-cropped-icone.png\",\"width\":512,\"height\":512,\"caption\":\"Ingesto\"},\"image\":{\"@id\":\"http:\\\/\\\/ingesto.org.br\\\/en\\\/#\\\/schema\\\/logo\\\/image\\\/\"},\"sameAs\":[\"https:\\\/\\\/www.facebook.com\\\/institutoingesto\",\"https:\\\/\\\/x.com\\\/Ingestos\",\"https:\\\/\\\/www.instagram.com\\\/institutoingesto\\\/\",\"https:\\\/\\\/www.youtube.com\\\/@institutoingesto\",\"https:\\\/\\\/www.linkedin.com\\\/in\\\/instituto-ingesto\"]},{\"@type\":\"Person\",\"@id\":\"http:\\\/\\\/ingesto.org.br\\\/en\\\/#\\\/schema\\\/person\\\/20700121e4ba8023c9d40263a6a7b5fe\",\"name\":\"Reda\u00e7\u00e3o IA + Curadoria Humana\",\"image\":{\"@type\":\"ImageObject\",\"inLanguage\":\"en-US\",\"@id\":\"https:\\\/\\\/secure.gravatar.com\\\/avatar\\\/34d4732bf113075819aa50ac5cd153435fb2b0fbf203671cde89f09687f605a5?s=96&d=mm&r=g\",\"url\":\"https:\\\/\\\/secure.gravatar.com\\\/avatar\\\/34d4732bf113075819aa50ac5cd153435fb2b0fbf203671cde89f09687f605a5?s=96&d=mm&r=g\",\"contentUrl\":\"https:\\\/\\\/secure.gravatar.com\\\/avatar\\\/34d4732bf113075819aa50ac5cd153435fb2b0fbf203671cde89f09687f605a5?s=96&d=mm&r=g\",\"caption\":\"Reda\u00e7\u00e3o IA + Curadoria Humana\"},\"url\":\"https:\\\/\\\/ingesto.org.br\\\/en\\\/author\\\/robo-boletim\\\/\"}]}<\/script>\n<!-- \/ Yoast SEO plugin. -->","yoast_head_json":{"title":"Festival ABCR 2026 re\u00fane especialistas em capta\u00e7\u00e3o de recursos em S\u00e3o Paulo - Ingesto","description":"Descubra as novidades do Festival ABCR 2026 sobre capta\u00e7\u00e3o de recursos e o webinar do IDIS sobre desenvolvimento institucional no terceiro setor.","robots":{"index":"index","follow":"follow","max-snippet":"max-snippet:-1","max-image-preview":"max-image-preview:large","max-video-preview":"max-video-preview:-1"},"canonical":"https:\/\/ingesto.org.br\/en\/festival-abcr-2026-reune-especialistas-em-captacao-de-recursos-em-sao-paulo\/","og_locale":"en_US","og_type":"article","og_title":"Festival ABCR 2026 re\u00fane especialistas em capta\u00e7\u00e3o de recursos em S\u00e3o Paulo - Ingesto","og_description":"Descubra as novidades do Festival ABCR 2026 sobre capta\u00e7\u00e3o de recursos e o webinar do IDIS sobre desenvolvimento institucional no terceiro setor.","og_url":"https:\/\/ingesto.org.br\/en\/festival-abcr-2026-reune-especialistas-em-captacao-de-recursos-em-sao-paulo\/","og_site_name":"Ingesto","article_publisher":"https:\/\/www.facebook.com\/institutoingesto","article_published_time":"2026-08-29T12:06:00+00:00","og_image":[{"width":1024,"height":531,"url":"https:\/\/ingesto.org.br\/wp-content\/uploads\/2026\/08\/image-251.png","type":"image\/png"}],"author":"Reda\u00e7\u00e3o IA + Curadoria Humana","twitter_card":"summary_large_image","twitter_creator":"@Ingestos","twitter_site":"@Ingestos","twitter_misc":{"Written by":"Reda\u00e7\u00e3o IA + Curadoria Humana","Est. reading time":"4 minutes"},"schema":{"@context":"https:\/\/schema.org","@graph":[{"@type":"Article","@id":"https:\/\/ingesto.org.br\/festival-abcr-2026-reune-especialistas-em-captacao-de-recursos-em-sao-paulo\/#article","isPartOf":{"@id":"https:\/\/ingesto.org.br\/festival-abcr-2026-reune-especialistas-em-captacao-de-recursos-em-sao-paulo\/"},"author":{"name":"Reda\u00e7\u00e3o IA + Curadoria Humana","@id":"http:\/\/ingesto.org.br\/en\/#\/schema\/person\/20700121e4ba8023c9d40263a6a7b5fe"},"headline":"Festival ABCR 2026 re\u00fane especialistas em capta\u00e7\u00e3o de recursos em S\u00e3o Paulo","datePublished":"2026-08-29T12:06:00+00:00","mainEntityOfPage":{"@id":"https:\/\/ingesto.org.br\/festival-abcr-2026-reune-especialistas-em-captacao-de-recursos-em-sao-paulo\/"},"wordCount":476,"commentCount":0,"publisher":{"@id":"http:\/\/ingesto.org.br\/en\/#organization"},"image":{"@id":"https:\/\/ingesto.org.br\/festival-abcr-2026-reune-especialistas-em-captacao-de-recursos-em-sao-paulo\/#primaryimage"},"thumbnailUrl":"https:\/\/ingesto.org.br\/wp-content\/uploads\/2026\/08\/image-251.png","keywords":["Capacita\u00e7\u00e3o","Capta\u00e7\u00e3o de Recursos","desenvolvimento institucional","Festival ABCR","Financiamento","IDIS","intelig\u00eancia artificial","OSC","terceiro setor"],"articleSection":["Boletim","Boletim Nacional"],"inLanguage":"en-US","potentialAction":[{"@type":"CommentAction","name":"Comment","target":["https:\/\/ingesto.org.br\/festival-abcr-2026-reune-especialistas-em-captacao-de-recursos-em-sao-paulo\/#respond"]}]},{"@type":"WebPage","@id":"https:\/\/ingesto.org.br\/festival-abcr-2026-reune-especialistas-em-captacao-de-recursos-em-sao-paulo\/","url":"https:\/\/ingesto.org.br\/festival-abcr-2026-reune-especialistas-em-captacao-de-recursos-em-sao-paulo\/","name":"Festival ABCR 2026 re\u00fane especialistas em capta\u00e7\u00e3o de recursos em S\u00e3o Paulo - Ingesto","isPartOf":{"@id":"http:\/\/ingesto.org.br\/en\/#website"},"primaryImageOfPage":{"@id":"https:\/\/ingesto.org.br\/festival-abcr-2026-reune-especialistas-em-captacao-de-recursos-em-sao-paulo\/#primaryimage"},"image":{"@id":"https:\/\/ingesto.org.br\/festival-abcr-2026-reune-especialistas-em-captacao-de-recursos-em-sao-paulo\/#primaryimage"},"thumbnailUrl":"https:\/\/ingesto.org.br\/wp-content\/uploads\/2026\/08\/image-251.png","datePublished":"2026-08-29T12:06:00+00:00","description":"Descubra as novidades do Festival ABCR 2026 sobre capta\u00e7\u00e3o de recursos e o webinar do IDIS sobre desenvolvimento institucional no terceiro setor.","breadcrumb":{"@id":"https:\/\/ingesto.org.br\/festival-abcr-2026-reune-especialistas-em-captacao-de-recursos-em-sao-paulo\/#breadcrumb"},"inLanguage":"en-US","potentialAction":[{"@type":"ReadAction","target":["https:\/\/ingesto.org.br\/festival-abcr-2026-reune-especialistas-em-captacao-de-recursos-em-sao-paulo\/"]}]},{"@type":"ImageObject","inLanguage":"en-US","@id":"https:\/\/ingesto.org.br\/festival-abcr-2026-reune-especialistas-em-captacao-de-recursos-em-sao-paulo\/#primaryimage","url":"https:\/\/ingesto.org.br\/wp-content\/uploads\/2026\/08\/image-251.png","contentUrl":"https:\/\/ingesto.org.br\/wp-content\/uploads\/2026\/08\/image-251.png","width":1024,"height":531},{"@type":"BreadcrumbList","@id":"https:\/\/ingesto.org.br\/festival-abcr-2026-reune-especialistas-em-captacao-de-recursos-em-sao-paulo\/#breadcrumb","itemListElement":[{"@type":"ListItem","position":1,"name":"In\u00edcio","item":"https:\/\/ingesto.org.br\/"},{"@type":"ListItem","position":2,"name":"Festival ABCR 2026 re\u00fane especialistas em capta\u00e7\u00e3o de recursos em S\u00e3o Paulo"}]},{"@type":"WebSite","@id":"http:\/\/ingesto.org.br\/en\/#website","url":"http:\/\/ingesto.org.br\/en\/","name":"Institute","description":"Institute for Third Sector Management","publisher":{"@id":"http:\/\/ingesto.org.br\/en\/#organization"},"alternateName":"Ingesto","potentialAction":[{"@type":"SearchAction","target":{"@type":"EntryPoint","urlTemplate":"http:\/\/ingesto.org.br\/en\/?s={search_term_string}"},"query-input":{"@type":"PropertyValueSpecification","valueRequired":true,"valueName":"search_term_string"}}],"inLanguage":"en-US"},{"@type":"Organization","@id":"http:\/\/ingesto.org.br\/en\/#organization","name":"Ingesto","url":"http:\/\/ingesto.org.br\/en\/","logo":{"@type":"ImageObject","inLanguage":"en-US","@id":"http:\/\/ingesto.org.br\/en\/#\/schema\/logo\/image\/","url":"https:\/\/ingesto.org.br\/wp-content\/uploads\/2020\/11\/cropped-cropped-icone.png","contentUrl":"https:\/\/ingesto.org.br\/wp-content\/uploads\/2020\/11\/cropped-cropped-icone.png","width":512,"height":512,"caption":"Ingesto"},"image":{"@id":"http:\/\/ingesto.org.br\/en\/#\/schema\/logo\/image\/"},"sameAs":["https:\/\/www.facebook.com\/institutoingesto","https:\/\/x.com\/Ingestos","https:\/\/www.instagram.com\/institutoingesto\/","https:\/\/www.youtube.com\/@institutoingesto","https:\/\/www.linkedin.com\/in\/instituto-ingesto"]},{"@type":"Person","@id":"http:\/\/ingesto.org.br\/en\/#\/schema\/person\/20700121e4ba8023c9d40263a6a7b5fe","name":"Reda\u00e7\u00e3o IA + Curadoria Humana","image":{"@type":"ImageObject","inLanguage":"en-US","@id":"https:\/\/secure.gravatar.com\/avatar\/34d4732bf113075819aa50ac5cd153435fb2b0fbf203671cde89f09687f605a5?s=96&d=mm&r=g","url":"https:\/\/secure.gravatar.com\/avatar\/34d4732bf113075819aa50ac5cd153435fb2b0fbf203671cde89f09687f605a5?s=96&d=mm&r=g","contentUrl":"https:\/\/secure.gravatar.com\/avatar\/34d4732bf113075819aa50ac5cd153435fb2b0fbf203671cde89f09687f605a5?s=96&d=mm&r=g","caption":"Reda\u00e7\u00e3o IA + Curadoria Humana"},"url":"https:\/\/ingesto.org.br\/en\/author\/robo-boletim\/"}]}},"jetpack_shortlink":"https:\/\/wp.me\/peji5g-5P3","jetpack_featured_media_url":"https:\/\/ingesto.org.br\/wp-content\/uploads\/2026\/08\/image-251.png","acf":[],"_links":{"self":[{"href":"https:\/\/ingesto.org.br\/en\/wp-json\/wp\/v2\/posts\/22385","targetHints":{"allow":["GET"]}}],"collection":[{"href":"https:\/\/ingesto.org.br\/en\/wp-json\/wp\/v2\/posts"}],"about":[{"href":"https:\/\/ingesto.org.br\/en\/wp-json\/wp\/v2\/types\/post"}],"author":[{"embeddable":true,"href":"https:\/\/ingesto.org.br\/en\/wp-json\/wp\/v2\/users\/600"}],"replies":[{"embeddable":true,"href":"https:\/\/ingesto.org.br\/en\/wp-json\/wp\/v2\/comments?post=22385"}],"version-history":[{"count":1,"href":"https:\/\/ingesto.org.br\/en\/wp-json\/wp\/v2\/posts\/22385\/revisions"}],"predecessor-version":[{"id":22397,"href":"https:\/\/ingesto.org.br\/en\/wp-json\/wp\/v2\/posts\/22385\/revisions\/22397"}],"wp:featuredmedia":[{"embeddable":true,"href":"https:\/\/ingesto.org.br\/en\/wp-json\/wp\/v2\/media\/22387"}],"wp:attachment":[{"href":"https:\/\/ingesto.org.br\/en\/wp-json\/wp\/v2\/media?parent=22385"}],"wp:term":[{"taxonomy":"category","embeddable":true,"href":"https:\/\/ingesto.org.br\/en\/wp-json\/wp\/v2\/categories?post=22385"},{"taxonomy":"post_tag","embeddable":true,"href":"https:\/\/ingesto.org.br\/en\/wp-json\/wp\/v2\/tags?post=22385"}],"curies":[{"name":"wp","href":"https:\/\/api.w.org\/{rel}","templated":true}]}}