{"id":22357,"date":"2026-08-28T14:00:00","date_gmt":"2026-08-28T17:00:00","guid":{"rendered":"https:\/\/ingesto.org.br\/?p=22357"},"modified":"2026-08-28T07:07:14","modified_gmt":"2026-08-28T10:07:14","slug":"aws-detalha-barreiras-e-uso-responsavel-de-ia-no-ai-for-good-global-summit-2024","status":"publish","type":"post","link":"https:\/\/ingesto.org.br\/en\/aws-detalha-barreiras-e-uso-responsavel-de-ia-no-ai-for-good-global-summit-2024\/","title":{"rendered":"AWS detalha barreiras e uso respons\u00e1vel de IA no AI for Good Global Summit 2024"},"content":{"rendered":"<h4 class=\"wp-block-heading\">Em Genebra, foram discutidas iniciativas para os ODS, diretrizes de governan\u00e7a e estrat\u00e9gias contra a lacuna de habilidades digitais.<\/h4>\n\n\n<div class=\"wp-block-image\">\n<figure class=\"aligncenter size-full\"><img fetchpriority=\"high\" decoding=\"async\" width=\"399\" height=\"501\" src=\"https:\/\/ingesto.org.br\/wp-content\/uploads\/2026\/08\/image-246.png\" alt=\"\" class=\"wp-image-22367\" srcset=\"https:\/\/ingesto.org.br\/wp-content\/uploads\/2026\/08\/image-246.png 399w, https:\/\/ingesto.org.br\/wp-content\/uploads\/2026\/08\/image-246-239x300.png 239w, https:\/\/ingesto.org.br\/wp-content\/uploads\/2026\/08\/image-246-10x12.png 10w\" sizes=\"(max-width: 399px) 100vw, 399px\" \/><\/figure>\n<\/div>\n\n\n<p class=\"wp-block-paragraph\">Durante o AI for Good Global Summit 2024, realizado em Genebra, a executiva Sasha Rubel, respons\u00e1vel por Pol\u00edticas P\u00fablicas de IA e Aprendizado de M\u00e1quina da AWS para a regi\u00e3o EMEA, apresentou a aplica\u00e7\u00e3o da intelig\u00eancia artificial voltada aos Objetivos de Desenvolvimento Sustent\u00e1vel (ODS). Na ocasi\u00e3o, foram destacados projetos apoiados pela empresa que utilizam a tecnologia para mitigar vieses de g\u00eanero em vagas de emprego, monitorar a equidade no tempo de fala em ve\u00edculos midi\u00e1ticos, aprimorar a agricultura vertical contra a fome e viabilizar a medicina e a educa\u00e7\u00e3o personalizadas. Rubel ressaltou ainda um relat\u00f3rio encomendado pela institui\u00e7\u00e3o indicando a expectativa de que a tecnologia impacte \u00e1reas como sa\u00fade, educa\u00e7\u00e3o, redu\u00e7\u00e3o da pobreza e igualdade nos pr\u00f3ximos cinco anos.<\/p>\n\n\n\n<p class=\"wp-block-paragraph\">A estrutura corporativa apresentada para garantir governan\u00e7a tecnol\u00f3gica baseia-se em quatro pilares fundamentais: a operacionaliza\u00e7\u00e3o de diretrizes operacionais de transpar\u00eancia, explicabilidade, responsabilidade e privacidade; a forma\u00e7\u00e3o de equipes multidisciplinares compostas por fil\u00f3sofos, advogados e especialistas em \u00e9tica; a capacita\u00e7\u00e3o por meio do programa AI Ready Commitment, que disp\u00f5e de mais de 80 cursos virtuais gratuitos; e o fomento \u00e0 pesquisa colaborativa entre academia, setor privado e sociedade civil. Al\u00e9m disso, para lidar com entraves regulat\u00f3rios que amea\u00e7am reduzir em at\u00e9 48% os investimentos corporativos em tr\u00eas anos, defende-se o alinhamento a par\u00e2metros globais, tais como o c\u00f3digo de conduta do G7 e estruturas normativas da ONU e da OCDE.<\/p>\n\n\n<div class=\"wp-block-image\">\n<figure class=\"aligncenter size-full\"><img decoding=\"async\" width=\"770\" height=\"420\" src=\"https:\/\/ingesto.org.br\/wp-content\/uploads\/2026\/08\/image-250.png\" alt=\"\" class=\"wp-image-22371\" srcset=\"https:\/\/ingesto.org.br\/wp-content\/uploads\/2026\/08\/image-250.png 770w, https:\/\/ingesto.org.br\/wp-content\/uploads\/2026\/08\/image-250-300x164.png 300w, https:\/\/ingesto.org.br\/wp-content\/uploads\/2026\/08\/image-250-766x418.png 766w, https:\/\/ingesto.org.br\/wp-content\/uploads\/2026\/08\/image-250-18x10.png 18w\" sizes=\"(max-width: 770px) 100vw, 770px\" \/><\/figure>\n<\/div>\n\n\n<p class=\"wp-block-paragraph\">Os dados e diagn\u00f3sticos apresentados refor\u00e7am desafios centrais vivenciados pelas organiza\u00e7\u00f5es da sociedade civil, sobretudo a discrep\u00e2ncia no acesso tecnol\u00f3gico, evidenciada pelo fato de que 51% das grandes corpora\u00e7\u00f5es j\u00e1 adotam a IA contra apenas 31% das institui\u00e7\u00f5es de menor porte. Com 61% das entidades apontando a escassez de habilidades digitais como entrave, agravado por limita\u00e7\u00f5es de or\u00e7amento e tempo, as OSCs podem recorrer \u00e0s trilhas de forma\u00e7\u00e3o abertas e sem custo ofertadas pelo setor produtivo para qualificar suas equipes. A aproxima\u00e7\u00e3o entre o setor social, a academia e o mercado tamb\u00e9m surge como caminho estrat\u00e9gico para mitigar a incerteza regulat\u00f3ria e assegurar que o desenvolvimento da IA incorpore a perspectiva e as demandas das entidades sem fins lucrativos.<\/p>\n\n\n\n<p class=\"has-small-font-size wp-block-paragraph\"><a href=\"https:\/\/aiforgood.itu.int\/advancing-responsible-ai-for-global-good\/\" target=\"_blank\" rel=\"noopener\">AI for Good (ITU)<\/a><\/p>\n\n\n\n<div class=\"ingesto-donate-cta\" role=\"region\" aria-label=\"Apoiar o Ingesto\">\n  <p class=\"ingesto-donate-text\">\n    O Ingesto \u00e9 mantido exclusivamente por doa\u00e7\u00f5es volunt\u00e1rias.<br>\n    Se este conte\u00fado foi \u00fatil para voc\u00ea, considere apoiar a manuten\u00e7\u00e3o da plataforma.\n  <\/p>\n  <a class=\"ingesto-donate-btn\" href=\"https:\/\/ingesto.org.br\/en\/colabore\/\" data-cta=\"donate-post-footer\">\n    Apoiar o Ingesto\n  <\/a>\n  <p class=\"ingesto-donate-note\">\n    Leva menos de um minuto.\n  <\/p>\n<\/div>","protected":false},"excerpt":{"rendered":"<p>Confira os destaques sobre tecnologia e impacto social nesta edi\u00e7\u00e3o. A AWS detalhou o uso respons\u00e1vel da intelig\u00eancia artificial voltado aos Objetivos de Desenvolvimento Sustent\u00e1vel no AI for Good Global Summit 2024.<\/p>","protected":false},"author":600,"featured_media":22366,"comment_status":"open","ping_status":"open","sticky":false,"template":"","format":"standard","meta":{"give_campaign_id":0,"_joinchat":[],"footnotes":"","jetpack_post_was_ever_published":false},"categories":[7137,7139],"tags":[959,3305,6761,4727],"class_list":["post-22357","post","type-post","status-publish","format-standard","has-post-thumbnail","hentry","category-boletim","category-boletim-internacional","tag-governanca","tag-inteligencia-artificial","tag-ods","tag-tecnologia-social"],"yoast_head":"<!-- This site is optimized with the Yoast SEO plugin v28.3 - https:\/\/yoast.com\/product\/yoast-seo-wordpress\/ -->\n<title>AWS detalha barreiras e uso respons\u00e1vel de IA no AI for Good Global Summit 2024 - Ingesto<\/title>\n<meta name=\"description\" content=\"Veja como a AWS apresentou o uso respons\u00e1vel da intelig\u00eancia artificial para os ODS durante o AI for Good Global Summit 2024 em Genebra.\" \/>\n<meta name=\"robots\" content=\"index, follow, max-snippet:-1, max-image-preview:large, max-video-preview:-1\" \/>\n<link rel=\"canonical\" href=\"https:\/\/ingesto.org.br\/en\/aws-detalha-barreiras-e-uso-responsavel-de-ia-no-ai-for-good-global-summit-2024\/\" \/>\n<meta property=\"og:locale\" content=\"en_US\" \/>\n<meta property=\"og:type\" content=\"article\" \/>\n<meta property=\"og:title\" content=\"AWS detalha barreiras e uso respons\u00e1vel de IA no AI for Good Global Summit 2024 - Ingesto\" \/>\n<meta property=\"og:description\" content=\"Veja como a AWS apresentou o uso respons\u00e1vel da intelig\u00eancia artificial para os ODS durante o AI for Good Global Summit 2024 em Genebra.\" \/>\n<meta property=\"og:url\" content=\"https:\/\/ingesto.org.br\/en\/aws-detalha-barreiras-e-uso-responsavel-de-ia-no-ai-for-good-global-summit-2024\/\" \/>\n<meta property=\"og:site_name\" content=\"Ingesto\" \/>\n<meta property=\"article:publisher\" content=\"https:\/\/www.facebook.com\/institutoingesto\" \/>\n<meta property=\"article:published_time\" content=\"2026-08-28T17:00:00+00:00\" \/>\n<meta property=\"og:image\" content=\"https:\/\/ingesto.org.br\/wp-content\/uploads\/2026\/08\/image-245.png\" \/>\n\t<meta property=\"og:image:width\" content=\"399\" \/>\n\t<meta property=\"og:image:height\" content=\"501\" \/>\n\t<meta property=\"og:image:type\" content=\"image\/png\" \/>\n<meta name=\"author\" content=\"Reda\u00e7\u00e3o IA + Curadoria Humana\" \/>\n<meta name=\"twitter:card\" content=\"summary_large_image\" \/>\n<meta name=\"twitter:creator\" content=\"@Ingestos\" \/>\n<meta name=\"twitter:site\" content=\"@Ingestos\" \/>\n<meta name=\"twitter:label1\" content=\"Written by\" \/>\n\t<meta name=\"twitter:data1\" content=\"Reda\u00e7\u00e3o IA + Curadoria Humana\" \/>\n\t<meta name=\"twitter:label2\" content=\"Est. reading time\" \/>\n\t<meta name=\"twitter:data2\" content=\"3 minutes\" \/>\n<script type=\"application\/ld+json\" class=\"yoast-schema-graph\">{\"@context\":\"https:\\\/\\\/schema.org\",\"@graph\":[{\"@type\":\"Article\",\"@id\":\"https:\\\/\\\/ingesto.org.br\\\/aws-detalha-barreiras-e-uso-responsavel-de-ia-no-ai-for-good-global-summit-2024\\\/#article\",\"isPartOf\":{\"@id\":\"https:\\\/\\\/ingesto.org.br\\\/aws-detalha-barreiras-e-uso-responsavel-de-ia-no-ai-for-good-global-summit-2024\\\/\"},\"author\":{\"name\":\"Reda\u00e7\u00e3o IA + Curadoria Humana\",\"@id\":\"http:\\\/\\\/ingesto.org.br\\\/en\\\/#\\\/schema\\\/person\\\/20700121e4ba8023c9d40263a6a7b5fe\"},\"headline\":\"AWS detalha barreiras e uso respons\u00e1vel de IA no AI for Good Global Summit 2024\",\"datePublished\":\"2026-08-28T17:00:00+00:00\",\"mainEntityOfPage\":{\"@id\":\"https:\\\/\\\/ingesto.org.br\\\/aws-detalha-barreiras-e-uso-responsavel-de-ia-no-ai-for-good-global-summit-2024\\\/\"},\"wordCount\":459,\"commentCount\":0,\"publisher\":{\"@id\":\"http:\\\/\\\/ingesto.org.br\\\/en\\\/#organization\"},\"image\":{\"@id\":\"https:\\\/\\\/ingesto.org.br\\\/aws-detalha-barreiras-e-uso-responsavel-de-ia-no-ai-for-good-global-summit-2024\\\/#primaryimage\"},\"thumbnailUrl\":\"https:\\\/\\\/ingesto.org.br\\\/wp-content\\\/uploads\\\/2026\\\/08\\\/image-245.png\",\"keywords\":[\"governan\u00e7a\",\"intelig\u00eancia artificial\",\"ODS\",\"Tecnologia Social\"],\"articleSection\":[\"Boletim\",\"Boletim Internacional\"],\"inLanguage\":\"en-US\",\"potentialAction\":[{\"@type\":\"CommentAction\",\"name\":\"Comment\",\"target\":[\"https:\\\/\\\/ingesto.org.br\\\/aws-detalha-barreiras-e-uso-responsavel-de-ia-no-ai-for-good-global-summit-2024\\\/#respond\"]}]},{\"@type\":\"WebPage\",\"@id\":\"https:\\\/\\\/ingesto.org.br\\\/aws-detalha-barreiras-e-uso-responsavel-de-ia-no-ai-for-good-global-summit-2024\\\/\",\"url\":\"https:\\\/\\\/ingesto.org.br\\\/aws-detalha-barreiras-e-uso-responsavel-de-ia-no-ai-for-good-global-summit-2024\\\/\",\"name\":\"AWS detalha barreiras e uso respons\u00e1vel de IA no AI for Good Global Summit 2024 - Ingesto\",\"isPartOf\":{\"@id\":\"http:\\\/\\\/ingesto.org.br\\\/en\\\/#website\"},\"primaryImageOfPage\":{\"@id\":\"https:\\\/\\\/ingesto.org.br\\\/aws-detalha-barreiras-e-uso-responsavel-de-ia-no-ai-for-good-global-summit-2024\\\/#primaryimage\"},\"image\":{\"@id\":\"https:\\\/\\\/ingesto.org.br\\\/aws-detalha-barreiras-e-uso-responsavel-de-ia-no-ai-for-good-global-summit-2024\\\/#primaryimage\"},\"thumbnailUrl\":\"https:\\\/\\\/ingesto.org.br\\\/wp-content\\\/uploads\\\/2026\\\/08\\\/image-245.png\",\"datePublished\":\"2026-08-28T17:00:00+00:00\",\"description\":\"Veja como a AWS apresentou o uso respons\u00e1vel da intelig\u00eancia artificial para os ODS durante o AI for Good Global Summit 2024 em Genebra.\",\"breadcrumb\":{\"@id\":\"https:\\\/\\\/ingesto.org.br\\\/aws-detalha-barreiras-e-uso-responsavel-de-ia-no-ai-for-good-global-summit-2024\\\/#breadcrumb\"},\"inLanguage\":\"en-US\",\"potentialAction\":[{\"@type\":\"ReadAction\",\"target\":[\"https:\\\/\\\/ingesto.org.br\\\/aws-detalha-barreiras-e-uso-responsavel-de-ia-no-ai-for-good-global-summit-2024\\\/\"]}]},{\"@type\":\"ImageObject\",\"inLanguage\":\"en-US\",\"@id\":\"https:\\\/\\\/ingesto.org.br\\\/aws-detalha-barreiras-e-uso-responsavel-de-ia-no-ai-for-good-global-summit-2024\\\/#primaryimage\",\"url\":\"https:\\\/\\\/ingesto.org.br\\\/wp-content\\\/uploads\\\/2026\\\/08\\\/image-245.png\",\"contentUrl\":\"https:\\\/\\\/ingesto.org.br\\\/wp-content\\\/uploads\\\/2026\\\/08\\\/image-245.png\",\"width\":399,\"height\":501},{\"@type\":\"BreadcrumbList\",\"@id\":\"https:\\\/\\\/ingesto.org.br\\\/aws-detalha-barreiras-e-uso-responsavel-de-ia-no-ai-for-good-global-summit-2024\\\/#breadcrumb\",\"itemListElement\":[{\"@type\":\"ListItem\",\"position\":1,\"name\":\"In\u00edcio\",\"item\":\"https:\\\/\\\/ingesto.org.br\\\/\"},{\"@type\":\"ListItem\",\"position\":2,\"name\":\"AWS detalha barreiras e uso respons\u00e1vel de IA no AI for Good Global Summit 2024\"}]},{\"@type\":\"WebSite\",\"@id\":\"http:\\\/\\\/ingesto.org.br\\\/en\\\/#website\",\"url\":\"http:\\\/\\\/ingesto.org.br\\\/en\\\/\",\"name\":\"Instituto\",\"description\":\"Instituto para Gest\u00e3o do Terceiro Setor\",\"publisher\":{\"@id\":\"http:\\\/\\\/ingesto.org.br\\\/en\\\/#organization\"},\"alternateName\":\"Ingesto\",\"potentialAction\":[{\"@type\":\"SearchAction\",\"target\":{\"@type\":\"EntryPoint\",\"urlTemplate\":\"http:\\\/\\\/ingesto.org.br\\\/en\\\/?s={search_term_string}\"},\"query-input\":{\"@type\":\"PropertyValueSpecification\",\"valueRequired\":true,\"valueName\":\"search_term_string\"}}],\"inLanguage\":\"en-US\"},{\"@type\":\"Organization\",\"@id\":\"http:\\\/\\\/ingesto.org.br\\\/en\\\/#organization\",\"name\":\"Ingesto\",\"url\":\"http:\\\/\\\/ingesto.org.br\\\/en\\\/\",\"logo\":{\"@type\":\"ImageObject\",\"inLanguage\":\"en-US\",\"@id\":\"http:\\\/\\\/ingesto.org.br\\\/en\\\/#\\\/schema\\\/logo\\\/image\\\/\",\"url\":\"https:\\\/\\\/ingesto.org.br\\\/wp-content\\\/uploads\\\/2020\\\/11\\\/cropped-cropped-icone.png\",\"contentUrl\":\"https:\\\/\\\/ingesto.org.br\\\/wp-content\\\/uploads\\\/2020\\\/11\\\/cropped-cropped-icone.png\",\"width\":512,\"height\":512,\"caption\":\"Ingesto\"},\"image\":{\"@id\":\"http:\\\/\\\/ingesto.org.br\\\/en\\\/#\\\/schema\\\/logo\\\/image\\\/\"},\"sameAs\":[\"https:\\\/\\\/www.facebook.com\\\/institutoingesto\",\"https:\\\/\\\/x.com\\\/Ingestos\",\"https:\\\/\\\/www.instagram.com\\\/institutoingesto\\\/\",\"https:\\\/\\\/www.youtube.com\\\/@institutoingesto\",\"https:\\\/\\\/www.linkedin.com\\\/in\\\/instituto-ingesto\"]},{\"@type\":\"Person\",\"@id\":\"http:\\\/\\\/ingesto.org.br\\\/en\\\/#\\\/schema\\\/person\\\/20700121e4ba8023c9d40263a6a7b5fe\",\"name\":\"Reda\u00e7\u00e3o IA + Curadoria Humana\",\"image\":{\"@type\":\"ImageObject\",\"inLanguage\":\"en-US\",\"@id\":\"https:\\\/\\\/secure.gravatar.com\\\/avatar\\\/34d4732bf113075819aa50ac5cd153435fb2b0fbf203671cde89f09687f605a5?s=96&d=mm&r=g\",\"url\":\"https:\\\/\\\/secure.gravatar.com\\\/avatar\\\/34d4732bf113075819aa50ac5cd153435fb2b0fbf203671cde89f09687f605a5?s=96&d=mm&r=g\",\"contentUrl\":\"https:\\\/\\\/secure.gravatar.com\\\/avatar\\\/34d4732bf113075819aa50ac5cd153435fb2b0fbf203671cde89f09687f605a5?s=96&d=mm&r=g\",\"caption\":\"Reda\u00e7\u00e3o IA + Curadoria Humana\"},\"url\":\"https:\\\/\\\/ingesto.org.br\\\/en\\\/author\\\/robo-boletim\\\/\"}]}<\/script>\n<!-- \/ Yoast SEO plugin. -->","yoast_head_json":{"title":"AWS detalha barreiras e uso respons\u00e1vel de IA no AI for Good Global Summit 2024 - Ingesto","description":"Veja como a AWS apresentou o uso respons\u00e1vel da intelig\u00eancia artificial para os ODS durante o AI for Good Global Summit 2024 em Genebra.","robots":{"index":"index","follow":"follow","max-snippet":"max-snippet:-1","max-image-preview":"max-image-preview:large","max-video-preview":"max-video-preview:-1"},"canonical":"https:\/\/ingesto.org.br\/en\/aws-detalha-barreiras-e-uso-responsavel-de-ia-no-ai-for-good-global-summit-2024\/","og_locale":"en_US","og_type":"article","og_title":"AWS detalha barreiras e uso respons\u00e1vel de IA no AI for Good Global Summit 2024 - Ingesto","og_description":"Veja como a AWS apresentou o uso respons\u00e1vel da intelig\u00eancia artificial para os ODS durante o AI for Good Global Summit 2024 em Genebra.","og_url":"https:\/\/ingesto.org.br\/en\/aws-detalha-barreiras-e-uso-responsavel-de-ia-no-ai-for-good-global-summit-2024\/","og_site_name":"Ingesto","article_publisher":"https:\/\/www.facebook.com\/institutoingesto","article_published_time":"2026-08-28T17:00:00+00:00","og_image":[{"width":399,"height":501,"url":"https:\/\/ingesto.org.br\/wp-content\/uploads\/2026\/08\/image-245.png","type":"image\/png"}],"author":"Reda\u00e7\u00e3o IA + Curadoria Humana","twitter_card":"summary_large_image","twitter_creator":"@Ingestos","twitter_site":"@Ingestos","twitter_misc":{"Written by":"Reda\u00e7\u00e3o IA + Curadoria Humana","Est. reading time":"3 minutes"},"schema":{"@context":"https:\/\/schema.org","@graph":[{"@type":"Article","@id":"https:\/\/ingesto.org.br\/aws-detalha-barreiras-e-uso-responsavel-de-ia-no-ai-for-good-global-summit-2024\/#article","isPartOf":{"@id":"https:\/\/ingesto.org.br\/aws-detalha-barreiras-e-uso-responsavel-de-ia-no-ai-for-good-global-summit-2024\/"},"author":{"name":"Reda\u00e7\u00e3o IA + Curadoria Humana","@id":"http:\/\/ingesto.org.br\/en\/#\/schema\/person\/20700121e4ba8023c9d40263a6a7b5fe"},"headline":"AWS detalha barreiras e uso respons\u00e1vel de IA no AI for Good Global Summit 2024","datePublished":"2026-08-28T17:00:00+00:00","mainEntityOfPage":{"@id":"https:\/\/ingesto.org.br\/aws-detalha-barreiras-e-uso-responsavel-de-ia-no-ai-for-good-global-summit-2024\/"},"wordCount":459,"commentCount":0,"publisher":{"@id":"http:\/\/ingesto.org.br\/en\/#organization"},"image":{"@id":"https:\/\/ingesto.org.br\/aws-detalha-barreiras-e-uso-responsavel-de-ia-no-ai-for-good-global-summit-2024\/#primaryimage"},"thumbnailUrl":"https:\/\/ingesto.org.br\/wp-content\/uploads\/2026\/08\/image-245.png","keywords":["governan\u00e7a","intelig\u00eancia artificial","ODS","Tecnologia Social"],"articleSection":["Boletim","Boletim Internacional"],"inLanguage":"en-US","potentialAction":[{"@type":"CommentAction","name":"Comment","target":["https:\/\/ingesto.org.br\/aws-detalha-barreiras-e-uso-responsavel-de-ia-no-ai-for-good-global-summit-2024\/#respond"]}]},{"@type":"WebPage","@id":"https:\/\/ingesto.org.br\/aws-detalha-barreiras-e-uso-responsavel-de-ia-no-ai-for-good-global-summit-2024\/","url":"https:\/\/ingesto.org.br\/aws-detalha-barreiras-e-uso-responsavel-de-ia-no-ai-for-good-global-summit-2024\/","name":"AWS detalha barreiras e uso respons\u00e1vel de IA no AI for Good Global Summit 2024 - Ingesto","isPartOf":{"@id":"http:\/\/ingesto.org.br\/en\/#website"},"primaryImageOfPage":{"@id":"https:\/\/ingesto.org.br\/aws-detalha-barreiras-e-uso-responsavel-de-ia-no-ai-for-good-global-summit-2024\/#primaryimage"},"image":{"@id":"https:\/\/ingesto.org.br\/aws-detalha-barreiras-e-uso-responsavel-de-ia-no-ai-for-good-global-summit-2024\/#primaryimage"},"thumbnailUrl":"https:\/\/ingesto.org.br\/wp-content\/uploads\/2026\/08\/image-245.png","datePublished":"2026-08-28T17:00:00+00:00","description":"Veja como a AWS apresentou o uso respons\u00e1vel da intelig\u00eancia artificial para os ODS durante o AI for Good Global Summit 2024 em Genebra.","breadcrumb":{"@id":"https:\/\/ingesto.org.br\/aws-detalha-barreiras-e-uso-responsavel-de-ia-no-ai-for-good-global-summit-2024\/#breadcrumb"},"inLanguage":"en-US","potentialAction":[{"@type":"ReadAction","target":["https:\/\/ingesto.org.br\/aws-detalha-barreiras-e-uso-responsavel-de-ia-no-ai-for-good-global-summit-2024\/"]}]},{"@type":"ImageObject","inLanguage":"en-US","@id":"https:\/\/ingesto.org.br\/aws-detalha-barreiras-e-uso-responsavel-de-ia-no-ai-for-good-global-summit-2024\/#primaryimage","url":"https:\/\/ingesto.org.br\/wp-content\/uploads\/2026\/08\/image-245.png","contentUrl":"https:\/\/ingesto.org.br\/wp-content\/uploads\/2026\/08\/image-245.png","width":399,"height":501},{"@type":"BreadcrumbList","@id":"https:\/\/ingesto.org.br\/aws-detalha-barreiras-e-uso-responsavel-de-ia-no-ai-for-good-global-summit-2024\/#breadcrumb","itemListElement":[{"@type":"ListItem","position":1,"name":"In\u00edcio","item":"https:\/\/ingesto.org.br\/"},{"@type":"ListItem","position":2,"name":"AWS detalha barreiras e uso respons\u00e1vel de IA no AI for Good Global Summit 2024"}]},{"@type":"WebSite","@id":"http:\/\/ingesto.org.br\/en\/#website","url":"http:\/\/ingesto.org.br\/en\/","name":"Institute","description":"Institute for Third Sector Management","publisher":{"@id":"http:\/\/ingesto.org.br\/en\/#organization"},"alternateName":"Ingesto","potentialAction":[{"@type":"SearchAction","target":{"@type":"EntryPoint","urlTemplate":"http:\/\/ingesto.org.br\/en\/?s={search_term_string}"},"query-input":{"@type":"PropertyValueSpecification","valueRequired":true,"valueName":"search_term_string"}}],"inLanguage":"en-US"},{"@type":"Organization","@id":"http:\/\/ingesto.org.br\/en\/#organization","name":"Ingesto","url":"http:\/\/ingesto.org.br\/en\/","logo":{"@type":"ImageObject","inLanguage":"en-US","@id":"http:\/\/ingesto.org.br\/en\/#\/schema\/logo\/image\/","url":"https:\/\/ingesto.org.br\/wp-content\/uploads\/2020\/11\/cropped-cropped-icone.png","contentUrl":"https:\/\/ingesto.org.br\/wp-content\/uploads\/2020\/11\/cropped-cropped-icone.png","width":512,"height":512,"caption":"Ingesto"},"image":{"@id":"http:\/\/ingesto.org.br\/en\/#\/schema\/logo\/image\/"},"sameAs":["https:\/\/www.facebook.com\/institutoingesto","https:\/\/x.com\/Ingestos","https:\/\/www.instagram.com\/institutoingesto\/","https:\/\/www.youtube.com\/@institutoingesto","https:\/\/www.linkedin.com\/in\/instituto-ingesto"]},{"@type":"Person","@id":"http:\/\/ingesto.org.br\/en\/#\/schema\/person\/20700121e4ba8023c9d40263a6a7b5fe","name":"Reda\u00e7\u00e3o IA + Curadoria Humana","image":{"@type":"ImageObject","inLanguage":"en-US","@id":"https:\/\/secure.gravatar.com\/avatar\/34d4732bf113075819aa50ac5cd153435fb2b0fbf203671cde89f09687f605a5?s=96&d=mm&r=g","url":"https:\/\/secure.gravatar.com\/avatar\/34d4732bf113075819aa50ac5cd153435fb2b0fbf203671cde89f09687f605a5?s=96&d=mm&r=g","contentUrl":"https:\/\/secure.gravatar.com\/avatar\/34d4732bf113075819aa50ac5cd153435fb2b0fbf203671cde89f09687f605a5?s=96&d=mm&r=g","caption":"Reda\u00e7\u00e3o IA + Curadoria Humana"},"url":"https:\/\/ingesto.org.br\/en\/author\/robo-boletim\/"}]}},"jetpack_shortlink":"https:\/\/wp.me\/peji5g-5OB","jetpack_featured_media_url":"https:\/\/ingesto.org.br\/wp-content\/uploads\/2026\/08\/image-245.png","acf":[],"_links":{"self":[{"href":"https:\/\/ingesto.org.br\/en\/wp-json\/wp\/v2\/posts\/22357","targetHints":{"allow":["GET"]}}],"collection":[{"href":"https:\/\/ingesto.org.br\/en\/wp-json\/wp\/v2\/posts"}],"about":[{"href":"https:\/\/ingesto.org.br\/en\/wp-json\/wp\/v2\/types\/post"}],"author":[{"embeddable":true,"href":"https:\/\/ingesto.org.br\/en\/wp-json\/wp\/v2\/users\/600"}],"replies":[{"embeddable":true,"href":"https:\/\/ingesto.org.br\/en\/wp-json\/wp\/v2\/comments?post=22357"}],"version-history":[{"count":1,"href":"https:\/\/ingesto.org.br\/en\/wp-json\/wp\/v2\/posts\/22357\/revisions"}],"predecessor-version":[{"id":22373,"href":"https:\/\/ingesto.org.br\/en\/wp-json\/wp\/v2\/posts\/22357\/revisions\/22373"}],"wp:featuredmedia":[{"embeddable":true,"href":"https:\/\/ingesto.org.br\/en\/wp-json\/wp\/v2\/media\/22366"}],"wp:attachment":[{"href":"https:\/\/ingesto.org.br\/en\/wp-json\/wp\/v2\/media?parent=22357"}],"wp:term":[{"taxonomy":"category","embeddable":true,"href":"https:\/\/ingesto.org.br\/en\/wp-json\/wp\/v2\/categories?post=22357"},{"taxonomy":"post_tag","embeddable":true,"href":"https:\/\/ingesto.org.br\/en\/wp-json\/wp\/v2\/tags?post=22357"}],"curies":[{"name":"wp","href":"https:\/\/api.w.org\/{rel}","templated":true}]}}