{"id":22356,"date":"2026-08-28T12:05:00","date_gmt":"2026-08-28T15:05:00","guid":{"rendered":"https:\/\/ingesto.org.br\/?p=22356"},"modified":"2026-08-28T06:54:04","modified_gmt":"2026-08-28T09:54:04","slug":"escola-da-nuvem-abre-inscricoes-para-capacitacao-gratuita-em-tecnologia-e-inteligencia-artificial","status":"publish","type":"post","link":"https:\/\/ingesto.org.br\/en\/escola-da-nuvem-abre-inscricoes-para-capacitacao-gratuita-em-tecnologia-e-inteligencia-artificial\/","title":{"rendered":"Escola da Nuvem abre inscri\u00e7\u00f5es para capacita\u00e7\u00e3o gratuita em tecnologia e intelig\u00eancia artificial"},"content":{"rendered":"<h4 class=\"wp-block-heading\">Oportunidade online e ao vivo inclui apoio \u00e0 empregabilidade para moradores da Grande S\u00e3o Paulo e Campinas.<\/h4>\n\n\n<div class=\"wp-block-image\">\n<figure class=\"aligncenter size-full\"><img fetchpriority=\"high\" decoding=\"async\" width=\"335\" height=\"597\" src=\"https:\/\/ingesto.org.br\/wp-content\/uploads\/2026\/08\/image-240.png\" alt=\"\" class=\"wp-image-22359\" srcset=\"https:\/\/ingesto.org.br\/wp-content\/uploads\/2026\/08\/image-240.png 335w, https:\/\/ingesto.org.br\/wp-content\/uploads\/2026\/08\/image-240-7x12.png 7w, https:\/\/ingesto.org.br\/wp-content\/uploads\/2026\/08\/image-240-168x300.png 168w\" sizes=\"(max-width: 335px) 100vw, 335px\" \/><\/figure>\n<\/div>\n\n\n<p class=\"wp-block-paragraph\">A Escola da Nuvem abriu o processo de sele\u00e7\u00e3o para seu programa gratuito de forma\u00e7\u00e3o tecnol\u00f3gica, voltado a pessoas com mais de 18 anos, ensino m\u00e9dio completo e em situa\u00e7\u00e3o de vulnerabilidade social. As aulas s\u00e3o ministradas online e ao vivo, com conte\u00fados dedicados a \u00e1reas como intelig\u00eancia artificial, computa\u00e7\u00e3o em nuvem e ferramentas No Code. Os interessados devem realizar a candidatura pelo site escoladanuvem.org.<\/p>\n\n\n\n<p class=\"wp-block-paragraph\">A jornada pedag\u00f3gica come\u00e7a pelo m\u00f3dulo Tech Para Todos, projetado para quem n\u00e3o possui conhecimento pr\u00e9vio na \u00e1rea. Conforme progridem, os alunos avan\u00e7am para conte\u00fados sobre vendas e tecnologia, podendo alcan\u00e7ar forma\u00e7\u00f5es especializadas em Desenvolvimento, CloudOps e Arquitetura Cloud. Para ingressar nas op\u00e7\u00f5es t\u00e9cnicas, \u00e9 necess\u00e1rio morar na Regi\u00e3o Metropolitana de S\u00e3o Paulo ou no munic\u00edpio de Campinas, al\u00e9m de alcan\u00e7ar ao menos 80% de pontua\u00e7\u00e3o nas provas de l\u00f3gica, matem\u00e1tica e interpreta\u00e7\u00e3o de texto do processo seletivo.<\/p>\n\n\n\n<p class=\"wp-block-paragraph\">O projeto exemplifica como as organiza\u00e7\u00f5es da sociedade civil podem impulsionar a empregabilidade conectando forma\u00e7\u00e3o t\u00e9cnica direta ao mercado corporativo. Com um hist\u00f3rico de mais de 8,4 mil alunos formados e mais de 4 mil inser\u00e7\u00f5es profissionais alcan\u00e7adas por meio do trabalho de 1,8 mil volunt\u00e1rios e 1,2 mil empresas parceiras, a iniciativa atua na prepara\u00e7\u00e3o e no acompanhamento cont\u00ednuo dos contratados.<\/p>\n\n\n\n<p class=\"has-small-font-size wp-block-paragraph\"><a href=\"https:\/\/nossacausa.com\/2026\/08\/escola-da-nuvem-abre-vagas-para-formacao-em-tecnologia-e-ia\/\" target=\"_blank\" rel=\"noopener\">Nossa Causa<\/a><\/p>\n\n\n\n<h2 class=\"wp-block-heading\">LAMSA abre edital socioambiental de at\u00e9 R$ 300 mil no Rio de Janeiro<\/h2>\n\n\n\n<h4 class=\"wp-block-heading\">Iniciativa contempla projetos de educa\u00e7\u00e3o, meio ambiente, cultura e esporte nas comunidades do entorno da Linha Amarela.<\/h4>\n\n\n<div class=\"wp-block-image\">\n<figure class=\"aligncenter size-full\"><img decoding=\"async\" width=\"399\" height=\"501\" src=\"https:\/\/ingesto.org.br\/wp-content\/uploads\/2026\/08\/image-242.png\" alt=\"\" class=\"wp-image-22361\" srcset=\"https:\/\/ingesto.org.br\/wp-content\/uploads\/2026\/08\/image-242.png 399w, https:\/\/ingesto.org.br\/wp-content\/uploads\/2026\/08\/image-242-10x12.png 10w, https:\/\/ingesto.org.br\/wp-content\/uploads\/2026\/08\/image-242-239x300.png 239w\" sizes=\"(max-width: 399px) 100vw, 399px\" \/><\/figure>\n<\/div>\n\n\n<p class=\"wp-block-paragraph\">A concession\u00e1ria Linha Amarela S\/A (LAMSA) lan\u00e7ou o Edital de Sele\u00e7\u00e3o de Projetos Socioambientais 2026, voltado a impulsionar o desenvolvimento socioambiental e econ\u00f4mico em comunidades situadas no entorno da Linha Amarela, no munic\u00edpio do Rio de Janeiro. O processo de inscri\u00e7\u00e3o permanece aberto at\u00e9 o dia 3 de setembro de 2026, buscando selecionar propostas focadas nas \u00e1reas de cultura, meio ambiente, esporte e educa\u00e7\u00e3o que gerem impacto positivo e solu\u00e7\u00f5es sustent\u00e1veis nos territ\u00f3rios atendidos.<\/p>\n\n\n\n<p class=\"wp-block-paragraph\">O apoio financeiro concedido pode atingir at\u00e9 R$ 300 mil por projeto, disponibilizado de forma total ou parcial em faixas de at\u00e9 R$ 50 mil, R$ 100 mil, R$ 200 mil ou R$ 300 mil. As iniciativas selecionadas devem ser executadas em um prazo de at\u00e9 12 meses e precisam manter alinhamento expl\u00edcito com os Objetivos de Desenvolvimento Sustent\u00e1vel (ODS) estabelecidos pela ONU.<\/p>\n\n\n\n<p class=\"wp-block-paragraph\">Podem submeter propostas associa\u00e7\u00f5es, funda\u00e7\u00f5es e cooperativas sem fins lucrativos que estejam legalmente constitu\u00eddas h\u00e1 pelo menos um ano. Organiza\u00e7\u00f5es sediadas fora das regi\u00f5es de abrang\u00eancia tamb\u00e9m podem concorrer, desde que atuem em parceria com entidades locais de \u00e1reas como Complexo da Mar\u00e9, \u00c1gua Santa, Bonsucesso, Cidade de Deus e Del Castilho. O edital prev\u00ea ainda que pessoas jur\u00eddicas com fins lucrativos participem exclusivamente no caso de projetos culturais incentivados.<\/p>\n\n\n\n<p class=\"has-small-font-size wp-block-paragraph\"><a href=\"https:\/\/capta.org.br\/oportunidades\/edital-de-selecao-de-projetos-socioambientais-2026\/\" target=\"_blank\" rel=\"noopener\">CAPTA<\/a><\/p>\n\n\n\n<h2 class=\"wp-block-heading\">Relat\u00f3rio do IDIS destaca clima, IA e confian\u00e7a como eixos centrais para a filantropia<\/h2>\n\n\n\n<h4 class=\"wp-block-heading\">Estudo detalha transforma\u00e7\u00f5es no terceiro setor e aborda o uso de intelig\u00eancia artificial e a percep\u00e7\u00e3o p\u00fablica das OSCs.<\/h4>\n\n\n<div class=\"wp-block-image\">\n<figure class=\"aligncenter size-full\"><img decoding=\"async\" width=\"561\" height=\"776\" src=\"https:\/\/ingesto.org.br\/wp-content\/uploads\/2026\/08\/image-244.png\" alt=\"\" class=\"wp-image-22363\" srcset=\"https:\/\/ingesto.org.br\/wp-content\/uploads\/2026\/08\/image-244.png 561w, https:\/\/ingesto.org.br\/wp-content\/uploads\/2026\/08\/image-244-217x300.png 217w, https:\/\/ingesto.org.br\/wp-content\/uploads\/2026\/08\/image-244-9x12.png 9w\" sizes=\"(max-width: 561px) 100vw, 561px\" \/><\/figure>\n<\/div>\n\n\n<p class=\"wp-block-paragraph\">A publica\u00e7\u00e3o &#8216;Perspectivas para a Filantropia no Brasil&#8217;, elaborada pelo Instituto de Desenvolvimento do Social (IDIS) e divulgada por Luisa Lima no blog WINGS, apresenta as respostas do setor socioambiental frente a crises pol\u00edticas e clim\u00e1ticas. O levantamento aponta que a Pesquisa Doa\u00e7\u00e3o Brasil 2024 identificou que 30% da popula\u00e7\u00e3o brasileira considera as organiza\u00e7\u00f5es da sociedade civil confi\u00e1veis. Em resposta a esse cen\u00e1rio e \u00e0 necessidade de articula\u00e7\u00e3o, surgiram iniciativas como o Brasil Fala, o movimento Sociedade Viva e o Compromisso Brasileiro pela Filantropia com a Mudan\u00e7a Clim\u00e1tica, este \u00faltimo vinculado \u00e0s redes internacionais WINGS e Philea.<\/p>\n\n\n\n<p class=\"wp-block-paragraph\">O funcionamento das novas propostas foca em estrutura\u00e7\u00e3o digital, descentraliza\u00e7\u00e3o decis\u00f3ria e instrumentos financeiros de longo prazo. No campo tecnol\u00f3gico, projetos como o IA.3 \u2013 Intelig\u00eancia Artificial para o Terceiro Setor, criado pelo IDIS com suporte da Google.org e parceria do Canal SabIAr, buscam capacitar institui\u00e7\u00f5es para o uso \u00e9tico da IA, visto que somente 6% das entidades brasileiras utilizam recursos tecnol\u00f3gicos avan\u00e7ados. Paralelamente, proje\u00e7\u00f5es do UBS Global Wealth Report 2025 indicam a movimenta\u00e7\u00e3o de aproximadamente US$ 9 trilh\u00f5es em transfer\u00eancias intergeracionais no Brasil, estimulando debates sobre fundos patrimoniais (endowments), doa\u00e7\u00e3o planejada e modelos de steward-ownership.<\/p>\n\n\n\n<p class=\"wp-block-paragraph\">Para as organiza\u00e7\u00f5es da sociedade civil, as transforma\u00e7\u00f5es exigem a reformula\u00e7\u00e3o direta das pr\u00e1ticas de governan\u00e7a e da rela\u00e7\u00e3o com os territ\u00f3rios. Entidades do setor precisam integrar lideran\u00e7as locais e de base em seus processos decis\u00f3rios, a exemplo do modelo adotado pelo Fundo Socioambiental Casa com popula\u00e7\u00f5es ind\u00edgenas e tradicionais. Al\u00e9m disso, as OSCs devem utilizar ferramentas qualificadas de comunica\u00e7\u00e3o \u2014 como os guias pr\u00e1ticos e listas de fontes disponibilizados pela iniciativa Sociedade Viva \u2014 para aproximar sua atua\u00e7\u00e3o da imprensa, refor\u00e7ar sua reputa\u00e7\u00e3o institucional e atrair novos aportes de capital social.<\/p>\n\n\n\n<p class=\"has-small-font-size wp-block-paragraph\"><a href=\"https:\/\/www.idis.org.br\/como-a-filantropia-pode-permanecer-relevante-em-um-mundo-em-transformacao-licoes-da-filantropia-brasileira\/\" target=\"_blank\" rel=\"noopener\">IDIS<\/a><\/p>\n\n\n\n<div class=\"ingesto-donate-cta\" role=\"region\" aria-label=\"Apoiar o Ingesto\">\n  <p class=\"ingesto-donate-text\">\n    O Ingesto \u00e9 mantido exclusivamente por doa\u00e7\u00f5es volunt\u00e1rias.<br>\n    Se este conte\u00fado foi \u00fatil para voc\u00ea, considere apoiar a manuten\u00e7\u00e3o da plataforma.\n  <\/p>\n  <a class=\"ingesto-donate-btn\" href=\"https:\/\/ingesto.org.br\/en\/colabore\/\" data-cta=\"donate-post-footer\">\n    Apoiar o Ingesto\n  <\/a>\n  <p class=\"ingesto-donate-note\">\n    Leva menos de um minuto.\n  <\/p>\n<\/div>\n\n\n\n<p class=\"wp-block-paragraph\"><\/p>","protected":false},"excerpt":{"rendered":"<p>Confira os destaques do terceiro setor nesta edi\u00e7\u00e3o. A Escola da Nuvem abre inscri\u00e7\u00f5es para capacita\u00e7\u00e3o gratuita em tecnologia e intelig\u00eancia artificial. A LAMSA lan\u00e7a edital socioambiental de at\u00e9 300 mil reais para o Rio de Janeiro. Um estudo do IDIS destaca clima, intelig\u00eancia artificial e confian\u00e7a como eixos da filantropia.<\/p>","protected":false},"author":600,"featured_media":22360,"comment_status":"open","ping_status":"open","sticky":false,"template":"","format":"standard","meta":{"give_campaign_id":0,"_joinchat":[],"footnotes":"","jetpack_post_was_ever_published":false},"categories":[7137,7138],"tags":[1071,3826,3812,3305,6746,6761,165,986,182],"class_list":["post-22356","post","type-post","status-publish","format-standard","has-post-thumbnail","hentry","category-boletim","category-boletim-nacional","tag-edital","tag-filantropia","tag-idis","tag-inteligencia-artificial","tag-mudancas-climaticas","tag-ods","tag-rio-de-janeiro","tag-tecnologia","tag-terceiro-setor"],"yoast_head":"<!-- This site is optimized with the Yoast SEO plugin v28.3 - https:\/\/yoast.com\/product\/yoast-seo-wordpress\/ -->\n<title>Escola da Nuvem abre inscri\u00e7\u00f5es para capacita\u00e7\u00e3o gratuita em tecnologia e intelig\u00eancia artificial - Ingesto<\/title>\n<meta name=\"description\" content=\"Escola da Nuvem abre vagas em capacita\u00e7\u00e3o gratuita de IA. Confira tamb\u00e9m edital da LAMSA no Rio e estudo do IDIS sobre filantropia.\" \/>\n<meta name=\"robots\" content=\"index, follow, max-snippet:-1, max-image-preview:large, max-video-preview:-1\" \/>\n<link rel=\"canonical\" href=\"https:\/\/ingesto.org.br\/en\/escola-da-nuvem-abre-inscricoes-para-capacitacao-gratuita-em-tecnologia-e-inteligencia-artificial\/\" \/>\n<meta property=\"og:locale\" content=\"en_US\" \/>\n<meta property=\"og:type\" content=\"article\" \/>\n<meta property=\"og:title\" content=\"Escola da Nuvem abre inscri\u00e7\u00f5es para capacita\u00e7\u00e3o gratuita em tecnologia e intelig\u00eancia artificial - Ingesto\" \/>\n<meta property=\"og:description\" content=\"Escola da Nuvem abre vagas em capacita\u00e7\u00e3o gratuita de IA. Confira tamb\u00e9m edital da LAMSA no Rio e estudo do IDIS sobre filantropia.\" \/>\n<meta property=\"og:url\" content=\"https:\/\/ingesto.org.br\/en\/escola-da-nuvem-abre-inscricoes-para-capacitacao-gratuita-em-tecnologia-e-inteligencia-artificial\/\" \/>\n<meta property=\"og:site_name\" content=\"Ingesto\" \/>\n<meta property=\"article:publisher\" content=\"https:\/\/www.facebook.com\/institutoingesto\" \/>\n<meta property=\"article:published_time\" content=\"2026-08-28T15:05:00+00:00\" \/>\n<meta property=\"og:image\" content=\"https:\/\/ingesto.org.br\/wp-content\/uploads\/2026\/08\/image-241.png\" \/>\n\t<meta property=\"og:image:width\" content=\"399\" \/>\n\t<meta property=\"og:image:height\" content=\"501\" \/>\n\t<meta property=\"og:image:type\" content=\"image\/png\" \/>\n<meta name=\"author\" content=\"Reda\u00e7\u00e3o IA + Curadoria Humana\" \/>\n<meta name=\"twitter:card\" content=\"summary_large_image\" \/>\n<meta name=\"twitter:creator\" content=\"@Ingestos\" \/>\n<meta name=\"twitter:site\" content=\"@Ingestos\" \/>\n<meta name=\"twitter:label1\" content=\"Written by\" \/>\n\t<meta name=\"twitter:data1\" content=\"Reda\u00e7\u00e3o IA + Curadoria Humana\" \/>\n\t<meta name=\"twitter:label2\" content=\"Est. reading time\" \/>\n\t<meta name=\"twitter:data2\" content=\"6 minutes\" \/>\n<script type=\"application\/ld+json\" class=\"yoast-schema-graph\">{\"@context\":\"https:\\\/\\\/schema.org\",\"@graph\":[{\"@type\":\"Article\",\"@id\":\"https:\\\/\\\/ingesto.org.br\\\/escola-da-nuvem-abre-inscricoes-para-capacitacao-gratuita-em-tecnologia-e-inteligencia-artificial\\\/#article\",\"isPartOf\":{\"@id\":\"https:\\\/\\\/ingesto.org.br\\\/escola-da-nuvem-abre-inscricoes-para-capacitacao-gratuita-em-tecnologia-e-inteligencia-artificial\\\/\"},\"author\":{\"name\":\"Reda\u00e7\u00e3o IA + Curadoria Humana\",\"@id\":\"http:\\\/\\\/ingesto.org.br\\\/en\\\/#\\\/schema\\\/person\\\/20700121e4ba8023c9d40263a6a7b5fe\"},\"headline\":\"Escola da Nuvem abre inscri\u00e7\u00f5es para capacita\u00e7\u00e3o gratuita em tecnologia e intelig\u00eancia artificial\",\"datePublished\":\"2026-08-28T15:05:00+00:00\",\"mainEntityOfPage\":{\"@id\":\"https:\\\/\\\/ingesto.org.br\\\/escola-da-nuvem-abre-inscricoes-para-capacitacao-gratuita-em-tecnologia-e-inteligencia-artificial\\\/\"},\"wordCount\":913,\"commentCount\":0,\"publisher\":{\"@id\":\"http:\\\/\\\/ingesto.org.br\\\/en\\\/#organization\"},\"image\":{\"@id\":\"https:\\\/\\\/ingesto.org.br\\\/escola-da-nuvem-abre-inscricoes-para-capacitacao-gratuita-em-tecnologia-e-inteligencia-artificial\\\/#primaryimage\"},\"thumbnailUrl\":\"https:\\\/\\\/ingesto.org.br\\\/wp-content\\\/uploads\\\/2026\\\/08\\\/image-241.png\",\"keywords\":[\"edital\",\"Filantropia\",\"IDIS\",\"intelig\u00eancia artificial\",\"Mudancas climaticas\",\"ODS\",\"Rio de Janeiro\",\"tecnologia\",\"terceiro setor\"],\"articleSection\":[\"Boletim\",\"Boletim Nacional\"],\"inLanguage\":\"en-US\",\"potentialAction\":[{\"@type\":\"CommentAction\",\"name\":\"Comment\",\"target\":[\"https:\\\/\\\/ingesto.org.br\\\/escola-da-nuvem-abre-inscricoes-para-capacitacao-gratuita-em-tecnologia-e-inteligencia-artificial\\\/#respond\"]}]},{\"@type\":\"WebPage\",\"@id\":\"https:\\\/\\\/ingesto.org.br\\\/escola-da-nuvem-abre-inscricoes-para-capacitacao-gratuita-em-tecnologia-e-inteligencia-artificial\\\/\",\"url\":\"https:\\\/\\\/ingesto.org.br\\\/escola-da-nuvem-abre-inscricoes-para-capacitacao-gratuita-em-tecnologia-e-inteligencia-artificial\\\/\",\"name\":\"Escola da Nuvem abre inscri\u00e7\u00f5es para capacita\u00e7\u00e3o gratuita em tecnologia e intelig\u00eancia artificial - Ingesto\",\"isPartOf\":{\"@id\":\"http:\\\/\\\/ingesto.org.br\\\/en\\\/#website\"},\"primaryImageOfPage\":{\"@id\":\"https:\\\/\\\/ingesto.org.br\\\/escola-da-nuvem-abre-inscricoes-para-capacitacao-gratuita-em-tecnologia-e-inteligencia-artificial\\\/#primaryimage\"},\"image\":{\"@id\":\"https:\\\/\\\/ingesto.org.br\\\/escola-da-nuvem-abre-inscricoes-para-capacitacao-gratuita-em-tecnologia-e-inteligencia-artificial\\\/#primaryimage\"},\"thumbnailUrl\":\"https:\\\/\\\/ingesto.org.br\\\/wp-content\\\/uploads\\\/2026\\\/08\\\/image-241.png\",\"datePublished\":\"2026-08-28T15:05:00+00:00\",\"description\":\"Escola da Nuvem abre vagas em capacita\u00e7\u00e3o gratuita de IA. Confira tamb\u00e9m edital da LAMSA no Rio e estudo do IDIS sobre filantropia.\",\"breadcrumb\":{\"@id\":\"https:\\\/\\\/ingesto.org.br\\\/escola-da-nuvem-abre-inscricoes-para-capacitacao-gratuita-em-tecnologia-e-inteligencia-artificial\\\/#breadcrumb\"},\"inLanguage\":\"en-US\",\"potentialAction\":[{\"@type\":\"ReadAction\",\"target\":[\"https:\\\/\\\/ingesto.org.br\\\/escola-da-nuvem-abre-inscricoes-para-capacitacao-gratuita-em-tecnologia-e-inteligencia-artificial\\\/\"]}]},{\"@type\":\"ImageObject\",\"inLanguage\":\"en-US\",\"@id\":\"https:\\\/\\\/ingesto.org.br\\\/escola-da-nuvem-abre-inscricoes-para-capacitacao-gratuita-em-tecnologia-e-inteligencia-artificial\\\/#primaryimage\",\"url\":\"https:\\\/\\\/ingesto.org.br\\\/wp-content\\\/uploads\\\/2026\\\/08\\\/image-241.png\",\"contentUrl\":\"https:\\\/\\\/ingesto.org.br\\\/wp-content\\\/uploads\\\/2026\\\/08\\\/image-241.png\",\"width\":399,\"height\":501},{\"@type\":\"BreadcrumbList\",\"@id\":\"https:\\\/\\\/ingesto.org.br\\\/escola-da-nuvem-abre-inscricoes-para-capacitacao-gratuita-em-tecnologia-e-inteligencia-artificial\\\/#breadcrumb\",\"itemListElement\":[{\"@type\":\"ListItem\",\"position\":1,\"name\":\"In\u00edcio\",\"item\":\"https:\\\/\\\/ingesto.org.br\\\/\"},{\"@type\":\"ListItem\",\"position\":2,\"name\":\"Escola da Nuvem abre inscri\u00e7\u00f5es para capacita\u00e7\u00e3o gratuita em tecnologia e intelig\u00eancia artificial\"}]},{\"@type\":\"WebSite\",\"@id\":\"http:\\\/\\\/ingesto.org.br\\\/en\\\/#website\",\"url\":\"http:\\\/\\\/ingesto.org.br\\\/en\\\/\",\"name\":\"Instituto\",\"description\":\"Instituto para Gest\u00e3o do Terceiro Setor\",\"publisher\":{\"@id\":\"http:\\\/\\\/ingesto.org.br\\\/en\\\/#organization\"},\"alternateName\":\"Ingesto\",\"potentialAction\":[{\"@type\":\"SearchAction\",\"target\":{\"@type\":\"EntryPoint\",\"urlTemplate\":\"http:\\\/\\\/ingesto.org.br\\\/en\\\/?s={search_term_string}\"},\"query-input\":{\"@type\":\"PropertyValueSpecification\",\"valueRequired\":true,\"valueName\":\"search_term_string\"}}],\"inLanguage\":\"en-US\"},{\"@type\":\"Organization\",\"@id\":\"http:\\\/\\\/ingesto.org.br\\\/en\\\/#organization\",\"name\":\"Ingesto\",\"url\":\"http:\\\/\\\/ingesto.org.br\\\/en\\\/\",\"logo\":{\"@type\":\"ImageObject\",\"inLanguage\":\"en-US\",\"@id\":\"http:\\\/\\\/ingesto.org.br\\\/en\\\/#\\\/schema\\\/logo\\\/image\\\/\",\"url\":\"https:\\\/\\\/ingesto.org.br\\\/wp-content\\\/uploads\\\/2020\\\/11\\\/cropped-cropped-icone.png\",\"contentUrl\":\"https:\\\/\\\/ingesto.org.br\\\/wp-content\\\/uploads\\\/2020\\\/11\\\/cropped-cropped-icone.png\",\"width\":512,\"height\":512,\"caption\":\"Ingesto\"},\"image\":{\"@id\":\"http:\\\/\\\/ingesto.org.br\\\/en\\\/#\\\/schema\\\/logo\\\/image\\\/\"},\"sameAs\":[\"https:\\\/\\\/www.facebook.com\\\/institutoingesto\",\"https:\\\/\\\/x.com\\\/Ingestos\",\"https:\\\/\\\/www.instagram.com\\\/institutoingesto\\\/\",\"https:\\\/\\\/www.youtube.com\\\/@institutoingesto\",\"https:\\\/\\\/www.linkedin.com\\\/in\\\/instituto-ingesto\"]},{\"@type\":\"Person\",\"@id\":\"http:\\\/\\\/ingesto.org.br\\\/en\\\/#\\\/schema\\\/person\\\/20700121e4ba8023c9d40263a6a7b5fe\",\"name\":\"Reda\u00e7\u00e3o IA + Curadoria Humana\",\"image\":{\"@type\":\"ImageObject\",\"inLanguage\":\"en-US\",\"@id\":\"https:\\\/\\\/secure.gravatar.com\\\/avatar\\\/34d4732bf113075819aa50ac5cd153435fb2b0fbf203671cde89f09687f605a5?s=96&d=mm&r=g\",\"url\":\"https:\\\/\\\/secure.gravatar.com\\\/avatar\\\/34d4732bf113075819aa50ac5cd153435fb2b0fbf203671cde89f09687f605a5?s=96&d=mm&r=g\",\"contentUrl\":\"https:\\\/\\\/secure.gravatar.com\\\/avatar\\\/34d4732bf113075819aa50ac5cd153435fb2b0fbf203671cde89f09687f605a5?s=96&d=mm&r=g\",\"caption\":\"Reda\u00e7\u00e3o IA + Curadoria Humana\"},\"url\":\"https:\\\/\\\/ingesto.org.br\\\/en\\\/author\\\/robo-boletim\\\/\"}]}<\/script>\n<!-- \/ Yoast SEO plugin. -->","yoast_head_json":{"title":"Escola da Nuvem abre inscri\u00e7\u00f5es para capacita\u00e7\u00e3o gratuita em tecnologia e intelig\u00eancia artificial - Ingesto","description":"Escola da Nuvem abre vagas em capacita\u00e7\u00e3o gratuita de IA. Confira tamb\u00e9m edital da LAMSA no Rio e estudo do IDIS sobre filantropia.","robots":{"index":"index","follow":"follow","max-snippet":"max-snippet:-1","max-image-preview":"max-image-preview:large","max-video-preview":"max-video-preview:-1"},"canonical":"https:\/\/ingesto.org.br\/en\/escola-da-nuvem-abre-inscricoes-para-capacitacao-gratuita-em-tecnologia-e-inteligencia-artificial\/","og_locale":"en_US","og_type":"article","og_title":"Escola da Nuvem abre inscri\u00e7\u00f5es para capacita\u00e7\u00e3o gratuita em tecnologia e intelig\u00eancia artificial - Ingesto","og_description":"Escola da Nuvem abre vagas em capacita\u00e7\u00e3o gratuita de IA. Confira tamb\u00e9m edital da LAMSA no Rio e estudo do IDIS sobre filantropia.","og_url":"https:\/\/ingesto.org.br\/en\/escola-da-nuvem-abre-inscricoes-para-capacitacao-gratuita-em-tecnologia-e-inteligencia-artificial\/","og_site_name":"Ingesto","article_publisher":"https:\/\/www.facebook.com\/institutoingesto","article_published_time":"2026-08-28T15:05:00+00:00","og_image":[{"width":399,"height":501,"url":"https:\/\/ingesto.org.br\/wp-content\/uploads\/2026\/08\/image-241.png","type":"image\/png"}],"author":"Reda\u00e7\u00e3o IA + Curadoria Humana","twitter_card":"summary_large_image","twitter_creator":"@Ingestos","twitter_site":"@Ingestos","twitter_misc":{"Written by":"Reda\u00e7\u00e3o IA + Curadoria Humana","Est. reading time":"6 minutes"},"schema":{"@context":"https:\/\/schema.org","@graph":[{"@type":"Article","@id":"https:\/\/ingesto.org.br\/escola-da-nuvem-abre-inscricoes-para-capacitacao-gratuita-em-tecnologia-e-inteligencia-artificial\/#article","isPartOf":{"@id":"https:\/\/ingesto.org.br\/escola-da-nuvem-abre-inscricoes-para-capacitacao-gratuita-em-tecnologia-e-inteligencia-artificial\/"},"author":{"name":"Reda\u00e7\u00e3o IA + Curadoria Humana","@id":"http:\/\/ingesto.org.br\/en\/#\/schema\/person\/20700121e4ba8023c9d40263a6a7b5fe"},"headline":"Escola da Nuvem abre inscri\u00e7\u00f5es para capacita\u00e7\u00e3o gratuita em tecnologia e intelig\u00eancia artificial","datePublished":"2026-08-28T15:05:00+00:00","mainEntityOfPage":{"@id":"https:\/\/ingesto.org.br\/escola-da-nuvem-abre-inscricoes-para-capacitacao-gratuita-em-tecnologia-e-inteligencia-artificial\/"},"wordCount":913,"commentCount":0,"publisher":{"@id":"http:\/\/ingesto.org.br\/en\/#organization"},"image":{"@id":"https:\/\/ingesto.org.br\/escola-da-nuvem-abre-inscricoes-para-capacitacao-gratuita-em-tecnologia-e-inteligencia-artificial\/#primaryimage"},"thumbnailUrl":"https:\/\/ingesto.org.br\/wp-content\/uploads\/2026\/08\/image-241.png","keywords":["edital","Filantropia","IDIS","intelig\u00eancia artificial","Mudancas climaticas","ODS","Rio de Janeiro","tecnologia","terceiro setor"],"articleSection":["Boletim","Boletim Nacional"],"inLanguage":"en-US","potentialAction":[{"@type":"CommentAction","name":"Comment","target":["https:\/\/ingesto.org.br\/escola-da-nuvem-abre-inscricoes-para-capacitacao-gratuita-em-tecnologia-e-inteligencia-artificial\/#respond"]}]},{"@type":"WebPage","@id":"https:\/\/ingesto.org.br\/escola-da-nuvem-abre-inscricoes-para-capacitacao-gratuita-em-tecnologia-e-inteligencia-artificial\/","url":"https:\/\/ingesto.org.br\/escola-da-nuvem-abre-inscricoes-para-capacitacao-gratuita-em-tecnologia-e-inteligencia-artificial\/","name":"Escola da Nuvem abre inscri\u00e7\u00f5es para capacita\u00e7\u00e3o gratuita em tecnologia e intelig\u00eancia artificial - Ingesto","isPartOf":{"@id":"http:\/\/ingesto.org.br\/en\/#website"},"primaryImageOfPage":{"@id":"https:\/\/ingesto.org.br\/escola-da-nuvem-abre-inscricoes-para-capacitacao-gratuita-em-tecnologia-e-inteligencia-artificial\/#primaryimage"},"image":{"@id":"https:\/\/ingesto.org.br\/escola-da-nuvem-abre-inscricoes-para-capacitacao-gratuita-em-tecnologia-e-inteligencia-artificial\/#primaryimage"},"thumbnailUrl":"https:\/\/ingesto.org.br\/wp-content\/uploads\/2026\/08\/image-241.png","datePublished":"2026-08-28T15:05:00+00:00","description":"Escola da Nuvem abre vagas em capacita\u00e7\u00e3o gratuita de IA. Confira tamb\u00e9m edital da LAMSA no Rio e estudo do IDIS sobre filantropia.","breadcrumb":{"@id":"https:\/\/ingesto.org.br\/escola-da-nuvem-abre-inscricoes-para-capacitacao-gratuita-em-tecnologia-e-inteligencia-artificial\/#breadcrumb"},"inLanguage":"en-US","potentialAction":[{"@type":"ReadAction","target":["https:\/\/ingesto.org.br\/escola-da-nuvem-abre-inscricoes-para-capacitacao-gratuita-em-tecnologia-e-inteligencia-artificial\/"]}]},{"@type":"ImageObject","inLanguage":"en-US","@id":"https:\/\/ingesto.org.br\/escola-da-nuvem-abre-inscricoes-para-capacitacao-gratuita-em-tecnologia-e-inteligencia-artificial\/#primaryimage","url":"https:\/\/ingesto.org.br\/wp-content\/uploads\/2026\/08\/image-241.png","contentUrl":"https:\/\/ingesto.org.br\/wp-content\/uploads\/2026\/08\/image-241.png","width":399,"height":501},{"@type":"BreadcrumbList","@id":"https:\/\/ingesto.org.br\/escola-da-nuvem-abre-inscricoes-para-capacitacao-gratuita-em-tecnologia-e-inteligencia-artificial\/#breadcrumb","itemListElement":[{"@type":"ListItem","position":1,"name":"In\u00edcio","item":"https:\/\/ingesto.org.br\/"},{"@type":"ListItem","position":2,"name":"Escola da Nuvem abre inscri\u00e7\u00f5es para capacita\u00e7\u00e3o gratuita em tecnologia e intelig\u00eancia artificial"}]},{"@type":"WebSite","@id":"http:\/\/ingesto.org.br\/en\/#website","url":"http:\/\/ingesto.org.br\/en\/","name":"Institute","description":"Institute for Third Sector Management","publisher":{"@id":"http:\/\/ingesto.org.br\/en\/#organization"},"alternateName":"Ingesto","potentialAction":[{"@type":"SearchAction","target":{"@type":"EntryPoint","urlTemplate":"http:\/\/ingesto.org.br\/en\/?s={search_term_string}"},"query-input":{"@type":"PropertyValueSpecification","valueRequired":true,"valueName":"search_term_string"}}],"inLanguage":"en-US"},{"@type":"Organization","@id":"http:\/\/ingesto.org.br\/en\/#organization","name":"Ingesto","url":"http:\/\/ingesto.org.br\/en\/","logo":{"@type":"ImageObject","inLanguage":"en-US","@id":"http:\/\/ingesto.org.br\/en\/#\/schema\/logo\/image\/","url":"https:\/\/ingesto.org.br\/wp-content\/uploads\/2020\/11\/cropped-cropped-icone.png","contentUrl":"https:\/\/ingesto.org.br\/wp-content\/uploads\/2020\/11\/cropped-cropped-icone.png","width":512,"height":512,"caption":"Ingesto"},"image":{"@id":"http:\/\/ingesto.org.br\/en\/#\/schema\/logo\/image\/"},"sameAs":["https:\/\/www.facebook.com\/institutoingesto","https:\/\/x.com\/Ingestos","https:\/\/www.instagram.com\/institutoingesto\/","https:\/\/www.youtube.com\/@institutoingesto","https:\/\/www.linkedin.com\/in\/instituto-ingesto"]},{"@type":"Person","@id":"http:\/\/ingesto.org.br\/en\/#\/schema\/person\/20700121e4ba8023c9d40263a6a7b5fe","name":"Reda\u00e7\u00e3o IA + Curadoria Humana","image":{"@type":"ImageObject","inLanguage":"en-US","@id":"https:\/\/secure.gravatar.com\/avatar\/34d4732bf113075819aa50ac5cd153435fb2b0fbf203671cde89f09687f605a5?s=96&d=mm&r=g","url":"https:\/\/secure.gravatar.com\/avatar\/34d4732bf113075819aa50ac5cd153435fb2b0fbf203671cde89f09687f605a5?s=96&d=mm&r=g","contentUrl":"https:\/\/secure.gravatar.com\/avatar\/34d4732bf113075819aa50ac5cd153435fb2b0fbf203671cde89f09687f605a5?s=96&d=mm&r=g","caption":"Reda\u00e7\u00e3o IA + Curadoria Humana"},"url":"https:\/\/ingesto.org.br\/en\/author\/robo-boletim\/"}]}},"jetpack_shortlink":"https:\/\/wp.me\/peji5g-5OA","jetpack_featured_media_url":"https:\/\/ingesto.org.br\/wp-content\/uploads\/2026\/08\/image-241.png","acf":[],"_links":{"self":[{"href":"https:\/\/ingesto.org.br\/en\/wp-json\/wp\/v2\/posts\/22356","targetHints":{"allow":["GET"]}}],"collection":[{"href":"https:\/\/ingesto.org.br\/en\/wp-json\/wp\/v2\/posts"}],"about":[{"href":"https:\/\/ingesto.org.br\/en\/wp-json\/wp\/v2\/types\/post"}],"author":[{"embeddable":true,"href":"https:\/\/ingesto.org.br\/en\/wp-json\/wp\/v2\/users\/600"}],"replies":[{"embeddable":true,"href":"https:\/\/ingesto.org.br\/en\/wp-json\/wp\/v2\/comments?post=22356"}],"version-history":[{"count":1,"href":"https:\/\/ingesto.org.br\/en\/wp-json\/wp\/v2\/posts\/22356\/revisions"}],"predecessor-version":[{"id":22365,"href":"https:\/\/ingesto.org.br\/en\/wp-json\/wp\/v2\/posts\/22356\/revisions\/22365"}],"wp:featuredmedia":[{"embeddable":true,"href":"https:\/\/ingesto.org.br\/en\/wp-json\/wp\/v2\/media\/22360"}],"wp:attachment":[{"href":"https:\/\/ingesto.org.br\/en\/wp-json\/wp\/v2\/media?parent=22356"}],"wp:term":[{"taxonomy":"category","embeddable":true,"href":"https:\/\/ingesto.org.br\/en\/wp-json\/wp\/v2\/categories?post=22356"},{"taxonomy":"post_tag","embeddable":true,"href":"https:\/\/ingesto.org.br\/en\/wp-json\/wp\/v2\/tags?post=22356"}],"curies":[{"name":"wp","href":"https:\/\/api.w.org\/{rel}","templated":true}]}}