{"id":22326,"date":"2026-08-27T21:00:00","date_gmt":"2026-08-28T00:00:00","guid":{"rendered":"https:\/\/ingesto.org.br\/?p=22326"},"modified":"2026-08-27T18:57:14","modified_gmt":"2026-08-27T21:57:14","slug":"salvador-recebe-edicao-gratuita-do-giro-filantropia-no-dia-10-de-setembro","status":"publish","type":"post","link":"https:\/\/ingesto.org.br\/en\/salvador-recebe-edicao-gratuita-do-giro-filantropia-no-dia-10-de-setembro\/","title":{"rendered":"Salvador recebe edi\u00e7\u00e3o gratuita do Giro Filantropia no dia 10 de setembro"},"content":{"rendered":"<h4 class=\"wp-block-heading\">Semin\u00e1rio re\u00fane especialistas para capacitar gestores e equipes do Terceiro Setor em capta\u00e7\u00e3o, finan\u00e7as e tecnologia.<\/h4>\n\n\n<div class=\"wp-block-image\">\n<figure class=\"aligncenter size-full\"><img fetchpriority=\"high\" decoding=\"async\" width=\"399\" height=\"501\" src=\"https:\/\/ingesto.org.br\/wp-content\/uploads\/2026\/08\/image-231.png\" alt=\"\" class=\"wp-image-22342\" srcset=\"https:\/\/ingesto.org.br\/wp-content\/uploads\/2026\/08\/image-231.png 399w, https:\/\/ingesto.org.br\/wp-content\/uploads\/2026\/08\/image-231-239x300.png 239w, https:\/\/ingesto.org.br\/wp-content\/uploads\/2026\/08\/image-231-10x12.png 10w\" sizes=\"(max-width: 399px) 100vw, 399px\" \/><\/figure>\n<\/div>\n\n\n<p class=\"wp-block-paragraph\">No dia 10 de setembro, Salvador sediar\u00e1 uma nova edi\u00e7\u00e3o do Giro Filantropia, evento itinerante voltado \u00e0 capacita\u00e7\u00e3o t\u00e9cnica gratuita para profissionais, dirigentes, volunt\u00e1rios e conselheiros do Terceiro Setor. A programa\u00e7\u00e3o ser\u00e1 realizada das 9h \u00e0s 17h20, no audit\u00f3rio Makota da Secretaria Municipal de Cultura e Turismo da capital baiana. A participa\u00e7\u00e3o exige cadastro pr\u00e9vio, disponibilizado por meio do endere\u00e7o eletr\u00f4nico dialogosocial.com.br\/salvador.<\/p>\n\n\n\n<p class=\"wp-block-paragraph\">Criado em 2015 pela Rede Filantropia, o semin\u00e1rio estrutura sua grade t\u00e9cnica em m\u00f3dulos tem\u00e1ticos ministrados por especialistas ao longo de um dia inteiro. Durante os pain\u00e9is matutinos, s\u00e3o abordados os pilares de capta\u00e7\u00e3o de recursos, a organiza\u00e7\u00e3o financeira e o desenvolvimento institucional de longo prazo. No per\u00edodo da tarde, os t\u00f3picos cobrem a automa\u00e7\u00e3o de processos por ferramentas digitais, o controle patrimonial de ativos, a auditoria cont\u00e1bil focada na execu\u00e7\u00e3o de projetos sociais e a aplica\u00e7\u00e3o de networking na mobiliza\u00e7\u00e3o de apoio financeiro.<\/p>\n\n\n\n<p class=\"wp-block-paragraph\">A participa\u00e7\u00e3o possibilita que entidades sem fins lucrativos, funda\u00e7\u00f5es e coletivos aprimorem a conformidade t\u00e9cnica de suas rotinas operacionais e cont\u00e1beis. A aplica\u00e7\u00e3o pr\u00e1tica dos conte\u00fados sobre auditabilidade, governan\u00e7a de ativos e automa\u00e7\u00e3o tecnol\u00f3gica amplia a seguran\u00e7a na presta\u00e7\u00e3o de contas e fortalece a capacidade das equipes em estruturar parcerias sustent\u00e1veis com doadores.<\/p>\n\n\n\n<p class=\"has-small-font-size wp-block-paragraph\"><a href=\"https:\/\/captadores.org.br\/noticias\/salvador-tera-seminario-gratuito-para-fortalecer-organizacoes-do-terceiro-setor\/\" target=\"_blank\" rel=\"noopener\">Captadores<\/a><\/p>\n\n\n\n<h2 class=\"wp-block-heading\">Enap lan\u00e7a 1\u00ba Pr\u00eamio Nacional para prote\u00e7\u00e3o de crian\u00e7as e adolescentes em situa\u00e7\u00e3o de rua<\/h2>\n\n\n\n<h4 class=\"wp-block-heading\">Iniciativa oferece premia\u00e7\u00e3o de at\u00e9 R$ 20 mil e aceita inscri\u00e7\u00f5es de organiza\u00e7\u00f5es da sociedade civil at\u00e9 29 de setembro.<\/h4>\n\n\n<div class=\"wp-block-image\">\n<figure class=\"aligncenter size-full\"><img decoding=\"async\" width=\"840\" height=\"520\" src=\"https:\/\/ingesto.org.br\/wp-content\/uploads\/2026\/08\/image-233.png\" alt=\"\" class=\"wp-image-22344\" srcset=\"https:\/\/ingesto.org.br\/wp-content\/uploads\/2026\/08\/image-233.png 840w, https:\/\/ingesto.org.br\/wp-content\/uploads\/2026\/08\/image-233-300x186.png 300w, https:\/\/ingesto.org.br\/wp-content\/uploads\/2026\/08\/image-233-767x475.png 767w, https:\/\/ingesto.org.br\/wp-content\/uploads\/2026\/08\/image-233-18x11.png 18w\" sizes=\"(max-width: 840px) 100vw, 840px\" \/><\/figure>\n<\/div>\n\n\n<p class=\"wp-block-paragraph\">A Escola Nacional de Administra\u00e7\u00e3o P\u00fablica (Enap) est\u00e1 com inscri\u00e7\u00f5es abertas para o 1\u00ba Pr\u00eamio Nacional de Prote\u00e7\u00e3o Integral de Crian\u00e7as e Adolescentes em Situa\u00e7\u00e3o de Rua. A iniciativa de alcance nacional \u00e9 promovida em parceria com a Secretaria Nacional dos Direitos da Crian\u00e7a e do Adolescente do Minist\u00e9rio dos Direitos Humanos e da Cidadania (SNDCA\/MDHC), contando tamb\u00e9m com o apoio da Secretaria Nacional de Promo\u00e7\u00e3o e Defesa dos Direitos Humanos, do Conanda e do CIAMP-Rua. Os interessados em submeter propostas t\u00eam at\u00e9 o dia 29 de setembro para realizar a inscri\u00e7\u00e3o.<\/p>\n\n\n\n<p class=\"wp-block-paragraph\">O pr\u00eamio divide-se em tr\u00eas modalidades: Pesquisa e produ\u00e7\u00e3o de conhecimento cient\u00edfico; Gest\u00e3o e Pol\u00edticas P\u00fablicas; e Sociedade Civil, Participa\u00e7\u00e3o e Mobiliza\u00e7\u00e3o Social. No grupo direcionado \u00e0 sociedade civil, podem concorrer pr\u00e1ticas e experi\u00eancias conduzidas por organiza\u00e7\u00f5es da sociedade civil, coletivos, movimentos sociais, iniciativas de base e redes comunit\u00e1rias, desde que cumpram o tempo m\u00ednimo de execu\u00e7\u00e3o previsto no edital. A banca examinadora avaliar\u00e1 crit\u00e9rios como impacto, inova\u00e7\u00e3o, governan\u00e7a, sustentabilidade da interven\u00e7\u00e3o, consist\u00eancia das a\u00e7\u00f5es, produ\u00e7\u00e3o de evid\u00eancias, uso de indicadores de monitoramento e capacidade de atua\u00e7\u00e3o em rede.<\/p>\n\n\n\n<p class=\"wp-block-paragraph\">Para as organiza\u00e7\u00f5es do terceiro setor, a iniciativa vencedora do primeiro lugar na categoria receber\u00e1 uma premia\u00e7\u00e3o financeira de at\u00e9 R$ 20 mil. No entanto, o regulamento determina que os recursos n\u00e3o s\u00e3o transferidos diretamente para o CNPJ da institui\u00e7\u00e3o. O valor financeiro \u00e9 pago obrigatoriamente \u00e0 pessoa f\u00edsica registrada como representante da proposta. O representante tem a faculdade de repassar o montante \u00e0 entidade, cabendo ao respons\u00e1vel e \u00e0 organiza\u00e7\u00e3o observarem os desdobramentos cont\u00e1beis, tribut\u00e1rios e jur\u00eddicos dessa transa\u00e7\u00e3o.<\/p>\n\n\n\n<p class=\"has-small-font-size wp-block-paragraph\"><a href=\"https:\/\/observatorio3setor.org.br\/premio-nacional-da-enap-oferece-ate-r-20-mil-para-iniciativas-que-protegem-criancas-e-adolescentes-em-situacao-de-rua\/\" target=\"_blank\" rel=\"noopener\">Observatorio 3 Setor<\/a><\/p>\n\n\n\n<h2 class=\"wp-block-heading\">Edital Territ\u00f3rios Cl\u00ednicos abre inscri\u00e7\u00f5es para projetos de sa\u00fade mental em S\u00e3o Paulo<\/h2>\n\n\n\n<h4 class=\"wp-block-heading\">Funda\u00e7\u00e3o Tide Setubal vai selecionar 10 iniciativas no estado paulista, com repasse individual de R$ 200 mil<\/h4>\n\n\n<div class=\"wp-block-image\">\n<figure class=\"aligncenter size-full\"><img decoding=\"async\" width=\"399\" height=\"501\" src=\"https:\/\/ingesto.org.br\/wp-content\/uploads\/2026\/08\/image-235.png\" alt=\"\" class=\"wp-image-22346\" srcset=\"https:\/\/ingesto.org.br\/wp-content\/uploads\/2026\/08\/image-235.png 399w, https:\/\/ingesto.org.br\/wp-content\/uploads\/2026\/08\/image-235-239x300.png 239w, https:\/\/ingesto.org.br\/wp-content\/uploads\/2026\/08\/image-235-10x12.png 10w\" sizes=\"(max-width: 399px) 100vw, 399px\" \/><\/figure>\n<\/div>\n\n\n<p class=\"wp-block-paragraph\">A Funda\u00e7\u00e3o Tide Setubal oficializou a abertura das inscri\u00e7\u00f5es para a terceira edi\u00e7\u00e3o do edital Territ\u00f3rios Cl\u00ednicos. O processo seletivo destina-se a escolher dez projetos, representados por organiza\u00e7\u00f5es, coletivos ou grupos formais e informais, com atua\u00e7\u00e3o focada no campo da sa\u00fade mental e abordagem prioritariamente psicanal\u00edtica dentro do estado de S\u00e3o Paulo. Os interessados t\u00eam at\u00e9 as 23h59 do dia 31 de agosto para efetuar o cadastro gratuito na p\u00e1gina oficial da chamada.<\/p>\n\n\n\n<p class=\"wp-block-paragraph\">As dez iniciativas contempladas receber\u00e3o uma verba de R$ 200 mil cada, combinada ao suporte t\u00e9cnico fornecido pela Funda\u00e7\u00e3o. O investimento financeiro deve ser direcionado para a execu\u00e7\u00e3o de um Plano de A\u00e7\u00e3o abrangente. Este plano precisa contemplar atividades final\u00edsticas \u2014 a exemplo de atendimentos, pesquisas, articula\u00e7\u00f5es e interven\u00e7\u00f5es territoriais \u2014 e tamb\u00e9m medidas voltadas \u00e0 estrutura\u00e7\u00e3o interna das entidades, abrangendo melhorias na gest\u00e3o, comunica\u00e7\u00e3o, sustentabilidade financeira, metodologia e cuidados com a pr\u00f3pria equipe.<\/p>\n\n\n\n<p class=\"wp-block-paragraph\">A oportunidade contempla entidades com ou sem CNPJ estabelecidas no estado de S\u00e3o Paulo, desde que contem obrigatoriamente com profissionais de psicologia, psican\u00e1lise ou psiquiatria atuantes no projeto e comprovem hist\u00f3rico de trabalho na \u00e1rea. A sele\u00e7\u00e3o abrange frentes como forma\u00e7\u00e3o e suporte a profissionais dos servi\u00e7os p\u00fablicos de sa\u00fade, educa\u00e7\u00e3o e assist\u00eancia social, presta\u00e7\u00e3o de servi\u00e7os cl\u00ednicos a popula\u00e7\u00f5es vulner\u00e1veis e desenvolvimento de estudos cient\u00edficos. Al\u00e9m disso, a presen\u00e7a de integrantes negros, ind\u00edgenas, perif\u00e9ricos, LGBTQIAPN+, imigrantes, pessoas com defici\u00eancia e equipes multidisciplinares constitui crit\u00e9rio de diferencia\u00e7\u00e3o na avalia\u00e7\u00e3o.<\/p>\n\n\n\n<p class=\"has-small-font-size wp-block-paragraph\"><a href=\"https:\/\/escolaaberta3setor.org.br\/edital-seleciona-dez-iniciativas-de-saude-mental-em-sp\/\" target=\"_blank\" rel=\"noopener\">Escola Aberta 3 Setor<\/a><\/p>\n\n\n\n<div class=\"ingesto-donate-cta\" role=\"region\" aria-label=\"Apoiar o Ingesto\">\n  <p class=\"ingesto-donate-text\">\n    O Ingesto \u00e9 mantido exclusivamente por doa\u00e7\u00f5es volunt\u00e1rias.<br>\n    Se este conte\u00fado foi \u00fatil para voc\u00ea, considere apoiar a manuten\u00e7\u00e3o da plataforma.\n  <\/p>\n  <a class=\"ingesto-donate-btn\" href=\"https:\/\/ingesto.org.br\/en\/colabore\/\" data-cta=\"donate-post-footer\">\n    Apoiar o Ingesto\n  <\/a>\n  <p class=\"ingesto-donate-note\">\n    Leva menos de um minuto.\n  <\/p>\n<\/div>\n\n\n\n<p class=\"wp-block-paragraph\"><\/p>","protected":false},"excerpt":{"rendered":"<p>Confira os destaques do terceiro setor nesta edi\u00e7\u00e3o. Salvador sediar\u00e1 edi\u00e7\u00e3o gratuita do Giro Filantropia voltada \u00e0 capacita\u00e7\u00e3o t\u00e9cnica de gestores. A Enap abriu inscri\u00e7\u00f5es para o pr\u00eamio de prote\u00e7\u00e3o a crian\u00e7as e adolescentes em situa\u00e7\u00e3o de rua. A Funda\u00e7\u00e3o Tide Setubal seleciona projetos de sa\u00fade mental no estado de S\u00e3o Paulo.<\/p>","protected":false},"author":600,"featured_media":22341,"comment_status":"open","ping_status":"open","sticky":false,"template":"","format":"standard","meta":{"give_campaign_id":0,"_joinchat":[],"footnotes":"","jetpack_post_was_ever_published":false},"categories":[7137,7138],"tags":[96,101,7045,6830,182],"class_list":["post-22326","post","type-post","status-publish","format-standard","has-post-thumbnail","hentry","category-boletim","category-boletim-nacional","tag-direitos-humanos","tag-editais","tag-sao-paulo","tag-saude-mental","tag-terceiro-setor"],"yoast_head":"<!-- This site is optimized with the Yoast SEO plugin v28.3 - https:\/\/yoast.com\/product\/yoast-seo-wordpress\/ -->\n<title>Salvador recebe edi\u00e7\u00e3o gratuita do Giro Filantropia no dia 10 de setembro - Ingesto<\/title>\n<meta name=\"description\" content=\"Salvador recebe o Giro Filantropia com capacita\u00e7\u00e3o gratuita no terceiro setor. Saiba mais e confira novidades da Enap e da Funda\u00e7\u00e3o Tide Setubal!\" \/>\n<meta name=\"robots\" content=\"index, follow, max-snippet:-1, max-image-preview:large, max-video-preview:-1\" \/>\n<link rel=\"canonical\" href=\"https:\/\/ingesto.org.br\/en\/salvador-recebe-edicao-gratuita-do-giro-filantropia-no-dia-10-de-setembro\/\" \/>\n<meta property=\"og:locale\" content=\"en_US\" \/>\n<meta property=\"og:type\" content=\"article\" \/>\n<meta property=\"og:title\" content=\"Salvador recebe edi\u00e7\u00e3o gratuita do Giro Filantropia no dia 10 de setembro - Ingesto\" \/>\n<meta property=\"og:description\" content=\"Salvador recebe o Giro Filantropia com capacita\u00e7\u00e3o gratuita no terceiro setor. Saiba mais e confira novidades da Enap e da Funda\u00e7\u00e3o Tide Setubal!\" \/>\n<meta property=\"og:url\" content=\"https:\/\/ingesto.org.br\/en\/salvador-recebe-edicao-gratuita-do-giro-filantropia-no-dia-10-de-setembro\/\" \/>\n<meta property=\"og:site_name\" content=\"Ingesto\" \/>\n<meta property=\"article:publisher\" content=\"https:\/\/www.facebook.com\/institutoingesto\" \/>\n<meta property=\"article:published_time\" content=\"2026-08-28T00:00:00+00:00\" \/>\n<meta property=\"og:image\" content=\"https:\/\/ingesto.org.br\/wp-content\/uploads\/2026\/08\/image-230.png\" \/>\n\t<meta property=\"og:image:width\" content=\"399\" \/>\n\t<meta property=\"og:image:height\" content=\"501\" \/>\n\t<meta property=\"og:image:type\" content=\"image\/png\" \/>\n<meta name=\"author\" content=\"Reda\u00e7\u00e3o IA + Curadoria Humana\" \/>\n<meta name=\"twitter:card\" content=\"summary_large_image\" \/>\n<meta name=\"twitter:creator\" content=\"@Ingestos\" \/>\n<meta name=\"twitter:site\" content=\"@Ingestos\" \/>\n<meta name=\"twitter:label1\" content=\"Written by\" \/>\n\t<meta name=\"twitter:data1\" content=\"Reda\u00e7\u00e3o IA + Curadoria Humana\" \/>\n\t<meta name=\"twitter:label2\" content=\"Est. reading time\" \/>\n\t<meta name=\"twitter:data2\" content=\"6 minutes\" \/>\n<script type=\"application\/ld+json\" class=\"yoast-schema-graph\">{\"@context\":\"https:\\\/\\\/schema.org\",\"@graph\":[{\"@type\":\"Article\",\"@id\":\"https:\\\/\\\/ingesto.org.br\\\/salvador-recebe-edicao-gratuita-do-giro-filantropia-no-dia-10-de-setembro\\\/#article\",\"isPartOf\":{\"@id\":\"https:\\\/\\\/ingesto.org.br\\\/salvador-recebe-edicao-gratuita-do-giro-filantropia-no-dia-10-de-setembro\\\/\"},\"author\":{\"name\":\"Reda\u00e7\u00e3o IA + Curadoria Humana\",\"@id\":\"http:\\\/\\\/ingesto.org.br\\\/en\\\/#\\\/schema\\\/person\\\/20700121e4ba8023c9d40263a6a7b5fe\"},\"headline\":\"Salvador recebe edi\u00e7\u00e3o gratuita do Giro Filantropia no dia 10 de setembro\",\"datePublished\":\"2026-08-28T00:00:00+00:00\",\"mainEntityOfPage\":{\"@id\":\"https:\\\/\\\/ingesto.org.br\\\/salvador-recebe-edicao-gratuita-do-giro-filantropia-no-dia-10-de-setembro\\\/\"},\"wordCount\":963,\"commentCount\":0,\"publisher\":{\"@id\":\"http:\\\/\\\/ingesto.org.br\\\/en\\\/#organization\"},\"image\":{\"@id\":\"https:\\\/\\\/ingesto.org.br\\\/salvador-recebe-edicao-gratuita-do-giro-filantropia-no-dia-10-de-setembro\\\/#primaryimage\"},\"thumbnailUrl\":\"https:\\\/\\\/ingesto.org.br\\\/wp-content\\\/uploads\\\/2026\\\/08\\\/image-230.png\",\"keywords\":[\"direitos humanos\",\"editais\",\"S\u00e3o Paulo\",\"sa\u00fade mental\",\"terceiro setor\"],\"articleSection\":[\"Boletim\",\"Boletim Nacional\"],\"inLanguage\":\"en-US\",\"potentialAction\":[{\"@type\":\"CommentAction\",\"name\":\"Comment\",\"target\":[\"https:\\\/\\\/ingesto.org.br\\\/salvador-recebe-edicao-gratuita-do-giro-filantropia-no-dia-10-de-setembro\\\/#respond\"]}]},{\"@type\":\"WebPage\",\"@id\":\"https:\\\/\\\/ingesto.org.br\\\/salvador-recebe-edicao-gratuita-do-giro-filantropia-no-dia-10-de-setembro\\\/\",\"url\":\"https:\\\/\\\/ingesto.org.br\\\/salvador-recebe-edicao-gratuita-do-giro-filantropia-no-dia-10-de-setembro\\\/\",\"name\":\"Salvador recebe edi\u00e7\u00e3o gratuita do Giro Filantropia no dia 10 de setembro - Ingesto\",\"isPartOf\":{\"@id\":\"http:\\\/\\\/ingesto.org.br\\\/en\\\/#website\"},\"primaryImageOfPage\":{\"@id\":\"https:\\\/\\\/ingesto.org.br\\\/salvador-recebe-edicao-gratuita-do-giro-filantropia-no-dia-10-de-setembro\\\/#primaryimage\"},\"image\":{\"@id\":\"https:\\\/\\\/ingesto.org.br\\\/salvador-recebe-edicao-gratuita-do-giro-filantropia-no-dia-10-de-setembro\\\/#primaryimage\"},\"thumbnailUrl\":\"https:\\\/\\\/ingesto.org.br\\\/wp-content\\\/uploads\\\/2026\\\/08\\\/image-230.png\",\"datePublished\":\"2026-08-28T00:00:00+00:00\",\"description\":\"Salvador recebe o Giro Filantropia com capacita\u00e7\u00e3o gratuita no terceiro setor. Saiba mais e confira novidades da Enap e da Funda\u00e7\u00e3o Tide Setubal!\",\"breadcrumb\":{\"@id\":\"https:\\\/\\\/ingesto.org.br\\\/salvador-recebe-edicao-gratuita-do-giro-filantropia-no-dia-10-de-setembro\\\/#breadcrumb\"},\"inLanguage\":\"en-US\",\"potentialAction\":[{\"@type\":\"ReadAction\",\"target\":[\"https:\\\/\\\/ingesto.org.br\\\/salvador-recebe-edicao-gratuita-do-giro-filantropia-no-dia-10-de-setembro\\\/\"]}]},{\"@type\":\"ImageObject\",\"inLanguage\":\"en-US\",\"@id\":\"https:\\\/\\\/ingesto.org.br\\\/salvador-recebe-edicao-gratuita-do-giro-filantropia-no-dia-10-de-setembro\\\/#primaryimage\",\"url\":\"https:\\\/\\\/ingesto.org.br\\\/wp-content\\\/uploads\\\/2026\\\/08\\\/image-230.png\",\"contentUrl\":\"https:\\\/\\\/ingesto.org.br\\\/wp-content\\\/uploads\\\/2026\\\/08\\\/image-230.png\",\"width\":399,\"height\":501},{\"@type\":\"BreadcrumbList\",\"@id\":\"https:\\\/\\\/ingesto.org.br\\\/salvador-recebe-edicao-gratuita-do-giro-filantropia-no-dia-10-de-setembro\\\/#breadcrumb\",\"itemListElement\":[{\"@type\":\"ListItem\",\"position\":1,\"name\":\"In\u00edcio\",\"item\":\"https:\\\/\\\/ingesto.org.br\\\/\"},{\"@type\":\"ListItem\",\"position\":2,\"name\":\"Salvador recebe edi\u00e7\u00e3o gratuita do Giro Filantropia no dia 10 de setembro\"}]},{\"@type\":\"WebSite\",\"@id\":\"http:\\\/\\\/ingesto.org.br\\\/en\\\/#website\",\"url\":\"http:\\\/\\\/ingesto.org.br\\\/en\\\/\",\"name\":\"Instituto\",\"description\":\"Instituto para Gest\u00e3o do Terceiro Setor\",\"publisher\":{\"@id\":\"http:\\\/\\\/ingesto.org.br\\\/en\\\/#organization\"},\"alternateName\":\"Ingesto\",\"potentialAction\":[{\"@type\":\"SearchAction\",\"target\":{\"@type\":\"EntryPoint\",\"urlTemplate\":\"http:\\\/\\\/ingesto.org.br\\\/en\\\/?s={search_term_string}\"},\"query-input\":{\"@type\":\"PropertyValueSpecification\",\"valueRequired\":true,\"valueName\":\"search_term_string\"}}],\"inLanguage\":\"en-US\"},{\"@type\":\"Organization\",\"@id\":\"http:\\\/\\\/ingesto.org.br\\\/en\\\/#organization\",\"name\":\"Ingesto\",\"url\":\"http:\\\/\\\/ingesto.org.br\\\/en\\\/\",\"logo\":{\"@type\":\"ImageObject\",\"inLanguage\":\"en-US\",\"@id\":\"http:\\\/\\\/ingesto.org.br\\\/en\\\/#\\\/schema\\\/logo\\\/image\\\/\",\"url\":\"https:\\\/\\\/ingesto.org.br\\\/wp-content\\\/uploads\\\/2020\\\/11\\\/cropped-cropped-icone.png\",\"contentUrl\":\"https:\\\/\\\/ingesto.org.br\\\/wp-content\\\/uploads\\\/2020\\\/11\\\/cropped-cropped-icone.png\",\"width\":512,\"height\":512,\"caption\":\"Ingesto\"},\"image\":{\"@id\":\"http:\\\/\\\/ingesto.org.br\\\/en\\\/#\\\/schema\\\/logo\\\/image\\\/\"},\"sameAs\":[\"https:\\\/\\\/www.facebook.com\\\/institutoingesto\",\"https:\\\/\\\/x.com\\\/Ingestos\",\"https:\\\/\\\/www.instagram.com\\\/institutoingesto\\\/\",\"https:\\\/\\\/www.youtube.com\\\/@institutoingesto\",\"https:\\\/\\\/www.linkedin.com\\\/in\\\/instituto-ingesto\"]},{\"@type\":\"Person\",\"@id\":\"http:\\\/\\\/ingesto.org.br\\\/en\\\/#\\\/schema\\\/person\\\/20700121e4ba8023c9d40263a6a7b5fe\",\"name\":\"Reda\u00e7\u00e3o IA + Curadoria Humana\",\"image\":{\"@type\":\"ImageObject\",\"inLanguage\":\"en-US\",\"@id\":\"https:\\\/\\\/secure.gravatar.com\\\/avatar\\\/34d4732bf113075819aa50ac5cd153435fb2b0fbf203671cde89f09687f605a5?s=96&d=mm&r=g\",\"url\":\"https:\\\/\\\/secure.gravatar.com\\\/avatar\\\/34d4732bf113075819aa50ac5cd153435fb2b0fbf203671cde89f09687f605a5?s=96&d=mm&r=g\",\"contentUrl\":\"https:\\\/\\\/secure.gravatar.com\\\/avatar\\\/34d4732bf113075819aa50ac5cd153435fb2b0fbf203671cde89f09687f605a5?s=96&d=mm&r=g\",\"caption\":\"Reda\u00e7\u00e3o IA + Curadoria Humana\"},\"url\":\"https:\\\/\\\/ingesto.org.br\\\/en\\\/author\\\/robo-boletim\\\/\"}]}<\/script>\n<!-- \/ Yoast SEO plugin. -->","yoast_head_json":{"title":"Salvador recebe edi\u00e7\u00e3o gratuita do Giro Filantropia no dia 10 de setembro - Ingesto","description":"Salvador recebe o Giro Filantropia com capacita\u00e7\u00e3o gratuita no terceiro setor. Saiba mais e confira novidades da Enap e da Funda\u00e7\u00e3o Tide Setubal!","robots":{"index":"index","follow":"follow","max-snippet":"max-snippet:-1","max-image-preview":"max-image-preview:large","max-video-preview":"max-video-preview:-1"},"canonical":"https:\/\/ingesto.org.br\/en\/salvador-recebe-edicao-gratuita-do-giro-filantropia-no-dia-10-de-setembro\/","og_locale":"en_US","og_type":"article","og_title":"Salvador recebe edi\u00e7\u00e3o gratuita do Giro Filantropia no dia 10 de setembro - Ingesto","og_description":"Salvador recebe o Giro Filantropia com capacita\u00e7\u00e3o gratuita no terceiro setor. Saiba mais e confira novidades da Enap e da Funda\u00e7\u00e3o Tide Setubal!","og_url":"https:\/\/ingesto.org.br\/en\/salvador-recebe-edicao-gratuita-do-giro-filantropia-no-dia-10-de-setembro\/","og_site_name":"Ingesto","article_publisher":"https:\/\/www.facebook.com\/institutoingesto","article_published_time":"2026-08-28T00:00:00+00:00","og_image":[{"width":399,"height":501,"url":"https:\/\/ingesto.org.br\/wp-content\/uploads\/2026\/08\/image-230.png","type":"image\/png"}],"author":"Reda\u00e7\u00e3o IA + Curadoria Humana","twitter_card":"summary_large_image","twitter_creator":"@Ingestos","twitter_site":"@Ingestos","twitter_misc":{"Written by":"Reda\u00e7\u00e3o IA + Curadoria Humana","Est. reading time":"6 minutes"},"schema":{"@context":"https:\/\/schema.org","@graph":[{"@type":"Article","@id":"https:\/\/ingesto.org.br\/salvador-recebe-edicao-gratuita-do-giro-filantropia-no-dia-10-de-setembro\/#article","isPartOf":{"@id":"https:\/\/ingesto.org.br\/salvador-recebe-edicao-gratuita-do-giro-filantropia-no-dia-10-de-setembro\/"},"author":{"name":"Reda\u00e7\u00e3o IA + Curadoria Humana","@id":"http:\/\/ingesto.org.br\/en\/#\/schema\/person\/20700121e4ba8023c9d40263a6a7b5fe"},"headline":"Salvador recebe edi\u00e7\u00e3o gratuita do Giro Filantropia no dia 10 de setembro","datePublished":"2026-08-28T00:00:00+00:00","mainEntityOfPage":{"@id":"https:\/\/ingesto.org.br\/salvador-recebe-edicao-gratuita-do-giro-filantropia-no-dia-10-de-setembro\/"},"wordCount":963,"commentCount":0,"publisher":{"@id":"http:\/\/ingesto.org.br\/en\/#organization"},"image":{"@id":"https:\/\/ingesto.org.br\/salvador-recebe-edicao-gratuita-do-giro-filantropia-no-dia-10-de-setembro\/#primaryimage"},"thumbnailUrl":"https:\/\/ingesto.org.br\/wp-content\/uploads\/2026\/08\/image-230.png","keywords":["direitos humanos","editais","S\u00e3o Paulo","sa\u00fade mental","terceiro setor"],"articleSection":["Boletim","Boletim Nacional"],"inLanguage":"en-US","potentialAction":[{"@type":"CommentAction","name":"Comment","target":["https:\/\/ingesto.org.br\/salvador-recebe-edicao-gratuita-do-giro-filantropia-no-dia-10-de-setembro\/#respond"]}]},{"@type":"WebPage","@id":"https:\/\/ingesto.org.br\/salvador-recebe-edicao-gratuita-do-giro-filantropia-no-dia-10-de-setembro\/","url":"https:\/\/ingesto.org.br\/salvador-recebe-edicao-gratuita-do-giro-filantropia-no-dia-10-de-setembro\/","name":"Salvador recebe edi\u00e7\u00e3o gratuita do Giro Filantropia no dia 10 de setembro - Ingesto","isPartOf":{"@id":"http:\/\/ingesto.org.br\/en\/#website"},"primaryImageOfPage":{"@id":"https:\/\/ingesto.org.br\/salvador-recebe-edicao-gratuita-do-giro-filantropia-no-dia-10-de-setembro\/#primaryimage"},"image":{"@id":"https:\/\/ingesto.org.br\/salvador-recebe-edicao-gratuita-do-giro-filantropia-no-dia-10-de-setembro\/#primaryimage"},"thumbnailUrl":"https:\/\/ingesto.org.br\/wp-content\/uploads\/2026\/08\/image-230.png","datePublished":"2026-08-28T00:00:00+00:00","description":"Salvador recebe o Giro Filantropia com capacita\u00e7\u00e3o gratuita no terceiro setor. Saiba mais e confira novidades da Enap e da Funda\u00e7\u00e3o Tide Setubal!","breadcrumb":{"@id":"https:\/\/ingesto.org.br\/salvador-recebe-edicao-gratuita-do-giro-filantropia-no-dia-10-de-setembro\/#breadcrumb"},"inLanguage":"en-US","potentialAction":[{"@type":"ReadAction","target":["https:\/\/ingesto.org.br\/salvador-recebe-edicao-gratuita-do-giro-filantropia-no-dia-10-de-setembro\/"]}]},{"@type":"ImageObject","inLanguage":"en-US","@id":"https:\/\/ingesto.org.br\/salvador-recebe-edicao-gratuita-do-giro-filantropia-no-dia-10-de-setembro\/#primaryimage","url":"https:\/\/ingesto.org.br\/wp-content\/uploads\/2026\/08\/image-230.png","contentUrl":"https:\/\/ingesto.org.br\/wp-content\/uploads\/2026\/08\/image-230.png","width":399,"height":501},{"@type":"BreadcrumbList","@id":"https:\/\/ingesto.org.br\/salvador-recebe-edicao-gratuita-do-giro-filantropia-no-dia-10-de-setembro\/#breadcrumb","itemListElement":[{"@type":"ListItem","position":1,"name":"In\u00edcio","item":"https:\/\/ingesto.org.br\/"},{"@type":"ListItem","position":2,"name":"Salvador recebe edi\u00e7\u00e3o gratuita do Giro Filantropia no dia 10 de setembro"}]},{"@type":"WebSite","@id":"http:\/\/ingesto.org.br\/en\/#website","url":"http:\/\/ingesto.org.br\/en\/","name":"Institute","description":"Institute for Third Sector Management","publisher":{"@id":"http:\/\/ingesto.org.br\/en\/#organization"},"alternateName":"Ingesto","potentialAction":[{"@type":"SearchAction","target":{"@type":"EntryPoint","urlTemplate":"http:\/\/ingesto.org.br\/en\/?s={search_term_string}"},"query-input":{"@type":"PropertyValueSpecification","valueRequired":true,"valueName":"search_term_string"}}],"inLanguage":"en-US"},{"@type":"Organization","@id":"http:\/\/ingesto.org.br\/en\/#organization","name":"Ingesto","url":"http:\/\/ingesto.org.br\/en\/","logo":{"@type":"ImageObject","inLanguage":"en-US","@id":"http:\/\/ingesto.org.br\/en\/#\/schema\/logo\/image\/","url":"https:\/\/ingesto.org.br\/wp-content\/uploads\/2020\/11\/cropped-cropped-icone.png","contentUrl":"https:\/\/ingesto.org.br\/wp-content\/uploads\/2020\/11\/cropped-cropped-icone.png","width":512,"height":512,"caption":"Ingesto"},"image":{"@id":"http:\/\/ingesto.org.br\/en\/#\/schema\/logo\/image\/"},"sameAs":["https:\/\/www.facebook.com\/institutoingesto","https:\/\/x.com\/Ingestos","https:\/\/www.instagram.com\/institutoingesto\/","https:\/\/www.youtube.com\/@institutoingesto","https:\/\/www.linkedin.com\/in\/instituto-ingesto"]},{"@type":"Person","@id":"http:\/\/ingesto.org.br\/en\/#\/schema\/person\/20700121e4ba8023c9d40263a6a7b5fe","name":"Reda\u00e7\u00e3o IA + Curadoria Humana","image":{"@type":"ImageObject","inLanguage":"en-US","@id":"https:\/\/secure.gravatar.com\/avatar\/34d4732bf113075819aa50ac5cd153435fb2b0fbf203671cde89f09687f605a5?s=96&d=mm&r=g","url":"https:\/\/secure.gravatar.com\/avatar\/34d4732bf113075819aa50ac5cd153435fb2b0fbf203671cde89f09687f605a5?s=96&d=mm&r=g","contentUrl":"https:\/\/secure.gravatar.com\/avatar\/34d4732bf113075819aa50ac5cd153435fb2b0fbf203671cde89f09687f605a5?s=96&d=mm&r=g","caption":"Reda\u00e7\u00e3o IA + Curadoria Humana"},"url":"https:\/\/ingesto.org.br\/en\/author\/robo-boletim\/"}]}},"jetpack_shortlink":"https:\/\/wp.me\/peji5g-5O6","jetpack_featured_media_url":"https:\/\/ingesto.org.br\/wp-content\/uploads\/2026\/08\/image-230.png","acf":[],"_links":{"self":[{"href":"https:\/\/ingesto.org.br\/en\/wp-json\/wp\/v2\/posts\/22326","targetHints":{"allow":["GET"]}}],"collection":[{"href":"https:\/\/ingesto.org.br\/en\/wp-json\/wp\/v2\/posts"}],"about":[{"href":"https:\/\/ingesto.org.br\/en\/wp-json\/wp\/v2\/types\/post"}],"author":[{"embeddable":true,"href":"https:\/\/ingesto.org.br\/en\/wp-json\/wp\/v2\/users\/600"}],"replies":[{"embeddable":true,"href":"https:\/\/ingesto.org.br\/en\/wp-json\/wp\/v2\/comments?post=22326"}],"version-history":[{"count":1,"href":"https:\/\/ingesto.org.br\/en\/wp-json\/wp\/v2\/posts\/22326\/revisions"}],"predecessor-version":[{"id":22349,"href":"https:\/\/ingesto.org.br\/en\/wp-json\/wp\/v2\/posts\/22326\/revisions\/22349"}],"wp:featuredmedia":[{"embeddable":true,"href":"https:\/\/ingesto.org.br\/en\/wp-json\/wp\/v2\/media\/22341"}],"wp:attachment":[{"href":"https:\/\/ingesto.org.br\/en\/wp-json\/wp\/v2\/media?parent=22326"}],"wp:term":[{"taxonomy":"category","embeddable":true,"href":"https:\/\/ingesto.org.br\/en\/wp-json\/wp\/v2\/categories?post=22326"},{"taxonomy":"post_tag","embeddable":true,"href":"https:\/\/ingesto.org.br\/en\/wp-json\/wp\/v2\/tags?post=22326"}],"curies":[{"name":"wp","href":"https:\/\/api.w.org\/{rel}","templated":true}]}}