{"id":22324,"date":"2026-08-27T18:52:59","date_gmt":"2026-08-27T21:52:59","guid":{"rendered":"https:\/\/ingesto.org.br\/?p=22324"},"modified":"2026-08-27T18:53:14","modified_gmt":"2026-08-27T21:53:14","slug":"idis-divulga-balanco-de-2025-com-avancos-em-fundos-patrimoniais-inteligencia-artificial-e-saude","status":"publish","type":"post","link":"https:\/\/ingesto.org.br\/en\/idis-divulga-balanco-de-2025-com-avancos-em-fundos-patrimoniais-inteligencia-artificial-e-saude\/","title":{"rendered":"IDIS divulga balan\u00e7o de 2025 com avan\u00e7os em fundos patrimoniais, intelig\u00eancia artificial e sa\u00fade"},"content":{"rendered":"<h4 class=\"wp-block-heading\">Relat\u00f3rio destaca R$ 113 milh\u00f5es para a sa\u00fade, aporte de R$ 5 milh\u00f5es para capacita\u00e7\u00e3o em IA e novos incentivos \u00e0 cultura.<\/h4>\n\n\n<div class=\"wp-block-image\">\n<figure class=\"aligncenter size-large\"><img fetchpriority=\"high\" decoding=\"async\" width=\"1024\" height=\"686\" src=\"https:\/\/ingesto.org.br\/wp-content\/uploads\/2026\/08\/image-224-1024x686.png\" alt=\"\" class=\"wp-image-22331\" srcset=\"https:\/\/ingesto.org.br\/wp-content\/uploads\/2026\/08\/image-224-1024x686.png 1024w, https:\/\/ingesto.org.br\/wp-content\/uploads\/2026\/08\/image-224-300x201.png 300w, https:\/\/ingesto.org.br\/wp-content\/uploads\/2026\/08\/image-224-768x514.png 768w, https:\/\/ingesto.org.br\/wp-content\/uploads\/2026\/08\/image-224-18x12.png 18w, https:\/\/ingesto.org.br\/wp-content\/uploads\/2026\/08\/image-224-1536x1028.png 1536w, https:\/\/ingesto.org.br\/wp-content\/uploads\/2026\/08\/image-224.png 2048w\" sizes=\"(max-width: 1024px) 100vw, 1024px\" \/><\/figure>\n<\/div>\n\n\n<p class=\"wp-block-paragraph\">O Instituto de Desenvolvimento do Investimento Social (IDIS) lan\u00e7ou seu Relat\u00f3rio de Atividades relativo a 2025, per\u00edodo em que conduziu 39 projetos de consultoria e lan\u00e7ou 50 novos produtos de conhecimento, incluindo publica\u00e7\u00f5es, pesquisas e eventos. Entre os projetos iniciados no ano, destaca-se o programa IA.3, financiado por um aporte de R$ 5 milh\u00f5es do Google.org e desenvolvido em parceria com o Canal SabIAr para oferecer forma\u00e7\u00e3o e mentoria em intelig\u00eancia artificial para organiza\u00e7\u00f5es da sociedade civil em todo o Brasil.<\/p>\n\n\n\n<p class=\"wp-block-paragraph\">No \u00e2mbito dos fundos patrimoniais, a atua\u00e7\u00e3o da Coaliz\u00e3o pelos Fundos Filantr\u00f3picos acompanhou a promulga\u00e7\u00e3o da Instru\u00e7\u00e3o Normativa n\u00ba 26 pelo Minist\u00e9rio da Cultura, que regulamentou a capta\u00e7\u00e3o de recursos via Lei de Incentivo \u00e0 Cultura para fundos patrimoniais culturais nos moldes da Lei n\u00ba 13.800\/2019. Al\u00e9m disso, o Programa Juntos pela Sa\u00fade, gerido pelo IDIS e concebido pelo BNDES, acumulou 12 projetos em execu\u00e7\u00e3o e dois finalizados, prevendo a aplica\u00e7\u00e3o de cerca de R$ 113 milh\u00f5es at\u00e9 2026 em formato de matchfunding parit\u00e1rio entre a institui\u00e7\u00e3o banc\u00e1ria e parceiros privados.<\/p>\n\n\n\n<p class=\"wp-block-paragraph\">A estrutura dos projetos apresentados abrange mecanismos financeiros diversificados e arranjos institucionais de incentivo \u00e0 doa\u00e7\u00e3o. O modelo de matchfunding empregado na \u00e1rea da sa\u00fade combina aportes diretos do BNDES com capta\u00e7\u00e3o complementar do setor privado na propor\u00e7\u00e3o de 50% para cada parte. Paralelamente, o programa Compromisso 1%, realizado em parceria com o Instituto MOL, engaja 22 empresas que se comprometem formalmente a repassar ao menos 1% do seu lucro l\u00edquido anual por meio de recursos financeiros, doa\u00e7\u00e3o de produtos ou trabalhos pro bono.<\/p>\n\n\n\n<p class=\"wp-block-paragraph\">Para as organiza\u00e7\u00f5es do terceiro setor, as iniciativas consolidadas expandem os canais de financiamento e moderniza\u00e7\u00e3o operacional. ONGs locais passam a contar com oportunidades de forma\u00e7\u00e3o tecnol\u00f3gica no uso de intelig\u00eancia artificial, al\u00e9m de apoio t\u00e9cnico para fundos patrimoniais e acesso a recursos de programas territoriais, a exemplo do Transformando Territ\u00f3rios, que completou cinco anos atendendo 15 organiza\u00e7\u00f5es comunit\u00e1rias em dez estados brasileiros.<\/p>\n\n\n\n<p class=\"has-small-font-size wp-block-paragraph\"><a href=\"https:\/\/www.idis.org.br\/relatorio-de-atividades-2025-esperancamos-e-realizamos-idis\/\" target=\"_blank\" rel=\"noopener\">IDIS<\/a><\/p>\n\n\n\n<h2 class=\"wp-block-heading\">Programa IA.3 re\u00fane 30 organiza\u00e7\u00f5es sociais para criar solu\u00e7\u00f5es de intelig\u00eancia artificial em S\u00e3o Paulo<\/h2>\n\n\n\n<h4 class=\"wp-block-heading\">Iniciativa do IDIS, Google.org e SabIAr apoia desenvolvimento de prot\u00f3tipos em capta\u00e7\u00e3o, gest\u00e3o e presta\u00e7\u00e3o de contas.<\/h4>\n\n\n<div class=\"wp-block-image\">\n<figure class=\"aligncenter size-large\"><img decoding=\"async\" width=\"1024\" height=\"576\" src=\"https:\/\/ingesto.org.br\/wp-content\/uploads\/2026\/08\/image-225-1024x576-1.png\" alt=\"\" class=\"wp-image-22333\" srcset=\"https:\/\/ingesto.org.br\/wp-content\/uploads\/2026\/08\/image-225-1024x576-1.png 1024w, https:\/\/ingesto.org.br\/wp-content\/uploads\/2026\/08\/image-225-300x169-1.png 300w, https:\/\/ingesto.org.br\/wp-content\/uploads\/2026\/08\/image-225-768x432-1.png 768w, https:\/\/ingesto.org.br\/wp-content\/uploads\/2026\/08\/image-225-18x10-1.png 18w, https:\/\/ingesto.org.br\/wp-content\/uploads\/2026\/08\/image-225.png 1280w\" sizes=\"(max-width: 1024px) 100vw, 1024px\" \/><\/figure>\n<\/div>\n\n\n<p class=\"wp-block-paragraph\">A etapa presencial do programa IA.3 \u2013 Intelig\u00eancia Artificial para o Terceiro Setor reuniu 89 profissionais de 30 organiza\u00e7\u00f5es da sociedade civil, vindos de 13 estados brasileiros, entre os dias 22 e 24 de julho em S\u00e3o Paulo. O encontro integrou uma jornada de forma\u00e7\u00e3o iniciada em fevereiro de 2026 e serviu para a apresenta\u00e7\u00e3o de prot\u00f3tipos tecnol\u00f3gicos voltados a resolver problemas pr\u00e1ticos das entidades. A iniciativa \u00e9 realizada pelo IDIS (Instituto para o Desenvolvimento do Investimento Social), conta com o suporte do Google.org e possui parceria t\u00e9cnica do Canal SabIAr.<\/p>\n\n\n\n<p class=\"wp-block-paragraph\">As equipes de trabalho atuaram em cinco frentes tem\u00e1ticas centrais: capta\u00e7\u00e3o inteligente de recursos, gest\u00e3o do conhecimento institucional, relacionamento com doadores e benefici\u00e1rios, automa\u00e7\u00e3o de processos internos e monitoramento de resultados com presta\u00e7\u00e3o de contas. Ao longo da imers\u00e3o, os profissionais cumpriram etapas de diagn\u00f3stico, idea\u00e7\u00e3o, prototipagem e valida\u00e7\u00e3o das ferramentas com suporte de especialistas. Entre os modelos criados est\u00e3o agentes para identifica\u00e7\u00e3o de editais de financiamento, pain\u00e9is de monitoramento de projetos como o do Instituto Ame Sua Mente e um sistema de triagem de sintomas de c\u00e2ncer infantil desenvolvido pela Casa Durval Paiva.<\/p>\n\n\n\n<p class=\"wp-block-paragraph\">Ap\u00f3s o evento presencial, as institui\u00e7\u00f5es participantes iniciam a fase de testes e desenvolvimento dos seus produtos m\u00ednimos vi\u00e1veis (MVPs), contando com suporte t\u00e9cnico e mentorias personalizadas. Segundo pesquisa conduzida pelo Canal SabIAr, 42% das organiza\u00e7\u00f5es do setor apontam a aus\u00eancia de conhecimento t\u00e9cnico como a barreira principal para avan\u00e7ar no uso de tecnologia, enquanto 58% est\u00e3o em fases iniciais de ado\u00e7\u00e3o. O acompanhamento das solu\u00e7\u00f5es criadas neste ciclo servir\u00e1 de base para a futura edi\u00e7\u00e3o do programa, prevendo reunir mais de cem organiza\u00e7\u00f5es da sociedade civil.<\/p>\n\n\n\n<p class=\"has-small-font-size wp-block-paragraph\"><a href=\"https:\/\/observatorio3setor.org.br\/saimos-com-uma-solucao-construida-ia-3-reune-organizacoes-para-transformar-desafios-em-inovacao\/\" target=\"_blank\" rel=\"noopener\">Observatorio 3 Setor<\/a><\/p>\n\n\n\n<h2 class=\"wp-block-heading\">Abong promove interc\u00e2mbio com organiza\u00e7\u00f5es da Alemanha, Eti\u00f3pia e \u00cdndia em SP<\/h2>\n\n\n\n<h4 class=\"wp-block-heading\">Agenda inclui imers\u00e3o em iniciativas perif\u00e9ricas e semin\u00e1rio p\u00fablico sobre coopera\u00e7\u00e3o e articula\u00e7\u00e3o em rede.<\/h4>\n\n\n<div class=\"wp-block-image\">\n<figure class=\"aligncenter size-large\"><img decoding=\"async\" width=\"1024\" height=\"568\" src=\"https:\/\/ingesto.org.br\/wp-content\/uploads\/2026\/08\/image-227-1024x568.png\" alt=\"\" class=\"wp-image-22335\" srcset=\"https:\/\/ingesto.org.br\/wp-content\/uploads\/2026\/08\/image-227-1024x568.png 1024w, https:\/\/ingesto.org.br\/wp-content\/uploads\/2026\/08\/image-227-300x166.png 300w, https:\/\/ingesto.org.br\/wp-content\/uploads\/2026\/08\/image-227-767x425.png 767w, https:\/\/ingesto.org.br\/wp-content\/uploads\/2026\/08\/image-227-18x10.png 18w, https:\/\/ingesto.org.br\/wp-content\/uploads\/2026\/08\/image-227.png 1252w\" sizes=\"(max-width: 1024px) 100vw, 1024px\" \/><\/figure>\n<\/div>\n\n\n<p class=\"wp-block-paragraph\">Entre os dias 24 e 28 de agosto de 2026, a Abong realiza em S\u00e3o Paulo a iniciativa &#8216;De Olho no Interc\u00e2mbio \u2013 Welcome to Brasil&#8217;, desenvolvida em parceria com as associa\u00e7\u00f5es internacionais VENRO (Alemanha), CCRDA (Eti\u00f3pia) e VANI (\u00cdndia). A programa\u00e7\u00e3o contempla oficinas de planejamento operacional, agendas internas de trabalho e imers\u00f5es comunit\u00e1rias em projetos paulistas como A\u00e7\u00e3o Educativa, Instituto Aprendiz, IBEAC e Bloco do Beco.<\/p>\n\n\n\n<p class=\"wp-block-paragraph\">O mecanismo central da iniciativa combina interc\u00e2mbio presencial de tecnologias sociais com debates de incid\u00eancia p\u00fablica. No dia 27 de agosto, das 14h \u00e0s 18h, o evento realiza um semin\u00e1rio aberto no Audit\u00f3rio da A\u00e7\u00e3o Educativa para discutir a sustentabilidade do setor e o papel da comunica\u00e7\u00e3o articulada, apresentando an\u00e1lises de caso como a experi\u00eancia da Rede Cardume e a atua\u00e7\u00e3o de ONGs em per\u00edodos eleitorais.<\/p>\n\n\n\n<p class=\"wp-block-paragraph\">Para as organiza\u00e7\u00f5es da sociedade civil brasileiras, o encontro possibilita a troca direta de metodologias e a constru\u00e7\u00e3o de estrat\u00e9gias conjuntas contra a limita\u00e7\u00e3o de financiamento no setor. A aproxima\u00e7\u00e3o entre as plataformas nacionais e internacionais fortalece a atua\u00e7\u00e3o coordenada de base e amplia a capacidade de press\u00e3o pol\u00edtica das entidades em agendas de direitos humanos e desenvolvimento social.<\/p>\n\n\n\n<p class=\"has-small-font-size wp-block-paragraph\"><a href=\"https:\/\/observatorio3setor.org.br\/abong-promove-encontro-internacional-com-organizacoes-da-alemanha-etiopia-e-india\/\" target=\"_blank\" rel=\"noopener\">Observatorio 3 Setor<\/a><\/p>\n\n\n\n<div class=\"ingesto-donate-cta\" role=\"region\" aria-label=\"Apoiar o Ingesto\">\n  <p class=\"ingesto-donate-text\">\n    O Ingesto \u00e9 mantido exclusivamente por doa\u00e7\u00f5es volunt\u00e1rias.<br>\n    Se este conte\u00fado foi \u00fatil para voc\u00ea, considere apoiar a manuten\u00e7\u00e3o da plataforma.\n  <\/p>\n  <a class=\"ingesto-donate-btn\" href=\"https:\/\/ingesto.org.br\/en\/colabore\/\" data-cta=\"donate-post-footer\">\n    Apoiar o Ingesto\n  <\/a>\n  <p class=\"ingesto-donate-note\">\n    Leva menos de um minuto.\n  <\/p>\n<\/div>","protected":false},"excerpt":{"rendered":"<p>Confira os destaques do terceiro setor nesta edi\u00e7\u00e3o. O IDIS divulga seu balan\u00e7o de 2025 com avan\u00e7os em sa\u00fade e fundos patrimoniais. O programa IA.3 re\u00fane 30 organiza\u00e7\u00f5es sociais para criar solu\u00e7\u00f5es de intelig\u00eancia artificial. A Abong promove interc\u00e2mbio com entidades da Alemanha, Eti\u00f3pia e \u00cdndia.<\/p>","protected":false},"author":600,"featured_media":22333,"comment_status":"open","ping_status":"open","sticky":false,"template":"","format":"standard","meta":{"give_campaign_id":0,"_joinchat":[],"footnotes":"","jetpack_post_was_ever_published":false},"categories":[7137,7138],"tags":[589,6769,4684,3812,4187,3305,7045,182],"class_list":["post-22324","post","type-post","status-publish","format-standard","has-post-thumbnail","hentry","category-boletim","category-boletim-nacional","tag-captacao-de-recursos","tag-cooperacao-internacional","tag-fundos-patrimoniais","tag-idis","tag-inovacao-social","tag-inteligencia-artificial","tag-sao-paulo","tag-terceiro-setor"],"yoast_head":"<!-- This site is optimized with the Yoast SEO plugin v28.3 - https:\/\/yoast.com\/product\/yoast-seo-wordpress\/ -->\n<title>IDIS divulga balan\u00e7o de 2025 com avan\u00e7os em fundos patrimoniais, intelig\u00eancia artificial e sa\u00fade - Ingesto<\/title>\n<meta name=\"description\" content=\"IDIS lan\u00e7a balan\u00e7o de 2025 com avan\u00e7os em sa\u00fade e IA. Veja tamb\u00e9m o programa IA.3 e o interc\u00e2mbio internacional da Abong.\" \/>\n<meta name=\"robots\" content=\"index, follow, max-snippet:-1, max-image-preview:large, max-video-preview:-1\" \/>\n<link rel=\"canonical\" href=\"https:\/\/ingesto.org.br\/en\/idis-divulga-balanco-de-2025-com-avancos-em-fundos-patrimoniais-inteligencia-artificial-e-saude\/\" \/>\n<meta property=\"og:locale\" content=\"en_US\" \/>\n<meta property=\"og:type\" content=\"article\" \/>\n<meta property=\"og:title\" content=\"IDIS divulga balan\u00e7o de 2025 com avan\u00e7os em fundos patrimoniais, intelig\u00eancia artificial e sa\u00fade - Ingesto\" \/>\n<meta property=\"og:description\" content=\"IDIS lan\u00e7a balan\u00e7o de 2025 com avan\u00e7os em sa\u00fade e IA. Veja tamb\u00e9m o programa IA.3 e o interc\u00e2mbio internacional da Abong.\" \/>\n<meta property=\"og:url\" content=\"https:\/\/ingesto.org.br\/en\/idis-divulga-balanco-de-2025-com-avancos-em-fundos-patrimoniais-inteligencia-artificial-e-saude\/\" \/>\n<meta property=\"og:site_name\" content=\"Ingesto\" \/>\n<meta property=\"article:publisher\" content=\"https:\/\/www.facebook.com\/institutoingesto\" \/>\n<meta property=\"article:published_time\" content=\"2026-08-27T21:52:59+00:00\" \/>\n<meta property=\"article:modified_time\" content=\"2026-08-27T21:53:14+00:00\" \/>\n<meta property=\"og:image\" content=\"https:\/\/ingesto.org.br\/wp-content\/uploads\/2026\/08\/image-225.png\" \/>\n\t<meta property=\"og:image:width\" content=\"1280\" \/>\n\t<meta property=\"og:image:height\" content=\"720\" \/>\n\t<meta property=\"og:image:type\" content=\"image\/png\" \/>\n<meta name=\"author\" content=\"Reda\u00e7\u00e3o IA + Curadoria Humana\" \/>\n<meta name=\"twitter:card\" content=\"summary_large_image\" \/>\n<meta name=\"twitter:creator\" content=\"@Ingestos\" \/>\n<meta name=\"twitter:site\" content=\"@Ingestos\" \/>\n<meta name=\"twitter:label1\" content=\"Written by\" \/>\n\t<meta name=\"twitter:data1\" content=\"Reda\u00e7\u00e3o IA + Curadoria Humana\" \/>\n\t<meta name=\"twitter:label2\" content=\"Est. reading time\" \/>\n\t<meta name=\"twitter:data2\" content=\"6 minutes\" \/>\n<script type=\"application\/ld+json\" class=\"yoast-schema-graph\">{\"@context\":\"https:\\\/\\\/schema.org\",\"@graph\":[{\"@type\":\"Article\",\"@id\":\"https:\\\/\\\/ingesto.org.br\\\/idis-divulga-balanco-de-2025-com-avancos-em-fundos-patrimoniais-inteligencia-artificial-e-saude\\\/#article\",\"isPartOf\":{\"@id\":\"https:\\\/\\\/ingesto.org.br\\\/idis-divulga-balanco-de-2025-com-avancos-em-fundos-patrimoniais-inteligencia-artificial-e-saude\\\/\"},\"author\":{\"name\":\"Reda\u00e7\u00e3o IA + Curadoria Humana\",\"@id\":\"http:\\\/\\\/ingesto.org.br\\\/en\\\/#\\\/schema\\\/person\\\/20700121e4ba8023c9d40263a6a7b5fe\"},\"headline\":\"IDIS divulga balan\u00e7o de 2025 com avan\u00e7os em fundos patrimoniais, intelig\u00eancia artificial e sa\u00fade\",\"datePublished\":\"2026-08-27T21:52:59+00:00\",\"dateModified\":\"2026-08-27T21:53:14+00:00\",\"mainEntityOfPage\":{\"@id\":\"https:\\\/\\\/ingesto.org.br\\\/idis-divulga-balanco-de-2025-com-avancos-em-fundos-patrimoniais-inteligencia-artificial-e-saude\\\/\"},\"wordCount\":1013,\"commentCount\":0,\"publisher\":{\"@id\":\"http:\\\/\\\/ingesto.org.br\\\/en\\\/#organization\"},\"image\":{\"@id\":\"https:\\\/\\\/ingesto.org.br\\\/idis-divulga-balanco-de-2025-com-avancos-em-fundos-patrimoniais-inteligencia-artificial-e-saude\\\/#primaryimage\"},\"thumbnailUrl\":\"https:\\\/\\\/ingesto.org.br\\\/wp-content\\\/uploads\\\/2026\\\/08\\\/image-225.png\",\"keywords\":[\"Capta\u00e7\u00e3o de Recursos\",\"Coopera\u00e7\u00e3o Internacional\",\"Fundos Patrimoniais\",\"IDIS\",\"Inova\u00e7\u00e3o Social\",\"intelig\u00eancia artificial\",\"S\u00e3o Paulo\",\"terceiro setor\"],\"articleSection\":[\"Boletim\",\"Boletim Nacional\"],\"inLanguage\":\"en-US\",\"potentialAction\":[{\"@type\":\"CommentAction\",\"name\":\"Comment\",\"target\":[\"https:\\\/\\\/ingesto.org.br\\\/idis-divulga-balanco-de-2025-com-avancos-em-fundos-patrimoniais-inteligencia-artificial-e-saude\\\/#respond\"]}]},{\"@type\":\"WebPage\",\"@id\":\"https:\\\/\\\/ingesto.org.br\\\/idis-divulga-balanco-de-2025-com-avancos-em-fundos-patrimoniais-inteligencia-artificial-e-saude\\\/\",\"url\":\"https:\\\/\\\/ingesto.org.br\\\/idis-divulga-balanco-de-2025-com-avancos-em-fundos-patrimoniais-inteligencia-artificial-e-saude\\\/\",\"name\":\"IDIS divulga balan\u00e7o de 2025 com avan\u00e7os em fundos patrimoniais, intelig\u00eancia artificial e sa\u00fade - Ingesto\",\"isPartOf\":{\"@id\":\"http:\\\/\\\/ingesto.org.br\\\/en\\\/#website\"},\"primaryImageOfPage\":{\"@id\":\"https:\\\/\\\/ingesto.org.br\\\/idis-divulga-balanco-de-2025-com-avancos-em-fundos-patrimoniais-inteligencia-artificial-e-saude\\\/#primaryimage\"},\"image\":{\"@id\":\"https:\\\/\\\/ingesto.org.br\\\/idis-divulga-balanco-de-2025-com-avancos-em-fundos-patrimoniais-inteligencia-artificial-e-saude\\\/#primaryimage\"},\"thumbnailUrl\":\"https:\\\/\\\/ingesto.org.br\\\/wp-content\\\/uploads\\\/2026\\\/08\\\/image-225.png\",\"datePublished\":\"2026-08-27T21:52:59+00:00\",\"dateModified\":\"2026-08-27T21:53:14+00:00\",\"description\":\"IDIS lan\u00e7a balan\u00e7o de 2025 com avan\u00e7os em sa\u00fade e IA. Veja tamb\u00e9m o programa IA.3 e o interc\u00e2mbio internacional da Abong.\",\"breadcrumb\":{\"@id\":\"https:\\\/\\\/ingesto.org.br\\\/idis-divulga-balanco-de-2025-com-avancos-em-fundos-patrimoniais-inteligencia-artificial-e-saude\\\/#breadcrumb\"},\"inLanguage\":\"en-US\",\"potentialAction\":[{\"@type\":\"ReadAction\",\"target\":[\"https:\\\/\\\/ingesto.org.br\\\/idis-divulga-balanco-de-2025-com-avancos-em-fundos-patrimoniais-inteligencia-artificial-e-saude\\\/\"]}]},{\"@type\":\"ImageObject\",\"inLanguage\":\"en-US\",\"@id\":\"https:\\\/\\\/ingesto.org.br\\\/idis-divulga-balanco-de-2025-com-avancos-em-fundos-patrimoniais-inteligencia-artificial-e-saude\\\/#primaryimage\",\"url\":\"https:\\\/\\\/ingesto.org.br\\\/wp-content\\\/uploads\\\/2026\\\/08\\\/image-225.png\",\"contentUrl\":\"https:\\\/\\\/ingesto.org.br\\\/wp-content\\\/uploads\\\/2026\\\/08\\\/image-225.png\",\"width\":1280,\"height\":720},{\"@type\":\"BreadcrumbList\",\"@id\":\"https:\\\/\\\/ingesto.org.br\\\/idis-divulga-balanco-de-2025-com-avancos-em-fundos-patrimoniais-inteligencia-artificial-e-saude\\\/#breadcrumb\",\"itemListElement\":[{\"@type\":\"ListItem\",\"position\":1,\"name\":\"In\u00edcio\",\"item\":\"https:\\\/\\\/ingesto.org.br\\\/\"},{\"@type\":\"ListItem\",\"position\":2,\"name\":\"IDIS divulga balan\u00e7o de 2025 com avan\u00e7os em fundos patrimoniais, intelig\u00eancia artificial e sa\u00fade\"}]},{\"@type\":\"WebSite\",\"@id\":\"http:\\\/\\\/ingesto.org.br\\\/en\\\/#website\",\"url\":\"http:\\\/\\\/ingesto.org.br\\\/en\\\/\",\"name\":\"Instituto\",\"description\":\"Instituto para Gest\u00e3o do Terceiro Setor\",\"publisher\":{\"@id\":\"http:\\\/\\\/ingesto.org.br\\\/en\\\/#organization\"},\"alternateName\":\"Ingesto\",\"potentialAction\":[{\"@type\":\"SearchAction\",\"target\":{\"@type\":\"EntryPoint\",\"urlTemplate\":\"http:\\\/\\\/ingesto.org.br\\\/en\\\/?s={search_term_string}\"},\"query-input\":{\"@type\":\"PropertyValueSpecification\",\"valueRequired\":true,\"valueName\":\"search_term_string\"}}],\"inLanguage\":\"en-US\"},{\"@type\":\"Organization\",\"@id\":\"http:\\\/\\\/ingesto.org.br\\\/en\\\/#organization\",\"name\":\"Ingesto\",\"url\":\"http:\\\/\\\/ingesto.org.br\\\/en\\\/\",\"logo\":{\"@type\":\"ImageObject\",\"inLanguage\":\"en-US\",\"@id\":\"http:\\\/\\\/ingesto.org.br\\\/en\\\/#\\\/schema\\\/logo\\\/image\\\/\",\"url\":\"https:\\\/\\\/ingesto.org.br\\\/wp-content\\\/uploads\\\/2020\\\/11\\\/cropped-cropped-icone.png\",\"contentUrl\":\"https:\\\/\\\/ingesto.org.br\\\/wp-content\\\/uploads\\\/2020\\\/11\\\/cropped-cropped-icone.png\",\"width\":512,\"height\":512,\"caption\":\"Ingesto\"},\"image\":{\"@id\":\"http:\\\/\\\/ingesto.org.br\\\/en\\\/#\\\/schema\\\/logo\\\/image\\\/\"},\"sameAs\":[\"https:\\\/\\\/www.facebook.com\\\/institutoingesto\",\"https:\\\/\\\/x.com\\\/Ingestos\",\"https:\\\/\\\/www.instagram.com\\\/institutoingesto\\\/\",\"https:\\\/\\\/www.youtube.com\\\/@institutoingesto\",\"https:\\\/\\\/www.linkedin.com\\\/in\\\/instituto-ingesto\"]},{\"@type\":\"Person\",\"@id\":\"http:\\\/\\\/ingesto.org.br\\\/en\\\/#\\\/schema\\\/person\\\/20700121e4ba8023c9d40263a6a7b5fe\",\"name\":\"Reda\u00e7\u00e3o IA + Curadoria Humana\",\"image\":{\"@type\":\"ImageObject\",\"inLanguage\":\"en-US\",\"@id\":\"https:\\\/\\\/secure.gravatar.com\\\/avatar\\\/34d4732bf113075819aa50ac5cd153435fb2b0fbf203671cde89f09687f605a5?s=96&d=mm&r=g\",\"url\":\"https:\\\/\\\/secure.gravatar.com\\\/avatar\\\/34d4732bf113075819aa50ac5cd153435fb2b0fbf203671cde89f09687f605a5?s=96&d=mm&r=g\",\"contentUrl\":\"https:\\\/\\\/secure.gravatar.com\\\/avatar\\\/34d4732bf113075819aa50ac5cd153435fb2b0fbf203671cde89f09687f605a5?s=96&d=mm&r=g\",\"caption\":\"Reda\u00e7\u00e3o IA + Curadoria Humana\"},\"url\":\"https:\\\/\\\/ingesto.org.br\\\/en\\\/author\\\/robo-boletim\\\/\"}]}<\/script>\n<!-- \/ Yoast SEO plugin. -->","yoast_head_json":{"title":"IDIS divulga balan\u00e7o de 2025 com avan\u00e7os em fundos patrimoniais, intelig\u00eancia artificial e sa\u00fade - Ingesto","description":"IDIS lan\u00e7a balan\u00e7o de 2025 com avan\u00e7os em sa\u00fade e IA. Veja tamb\u00e9m o programa IA.3 e o interc\u00e2mbio internacional da Abong.","robots":{"index":"index","follow":"follow","max-snippet":"max-snippet:-1","max-image-preview":"max-image-preview:large","max-video-preview":"max-video-preview:-1"},"canonical":"https:\/\/ingesto.org.br\/en\/idis-divulga-balanco-de-2025-com-avancos-em-fundos-patrimoniais-inteligencia-artificial-e-saude\/","og_locale":"en_US","og_type":"article","og_title":"IDIS divulga balan\u00e7o de 2025 com avan\u00e7os em fundos patrimoniais, intelig\u00eancia artificial e sa\u00fade - Ingesto","og_description":"IDIS lan\u00e7a balan\u00e7o de 2025 com avan\u00e7os em sa\u00fade e IA. Veja tamb\u00e9m o programa IA.3 e o interc\u00e2mbio internacional da Abong.","og_url":"https:\/\/ingesto.org.br\/en\/idis-divulga-balanco-de-2025-com-avancos-em-fundos-patrimoniais-inteligencia-artificial-e-saude\/","og_site_name":"Ingesto","article_publisher":"https:\/\/www.facebook.com\/institutoingesto","article_published_time":"2026-08-27T21:52:59+00:00","article_modified_time":"2026-08-27T21:53:14+00:00","og_image":[{"width":1280,"height":720,"url":"https:\/\/ingesto.org.br\/wp-content\/uploads\/2026\/08\/image-225.png","type":"image\/png"}],"author":"Reda\u00e7\u00e3o IA + Curadoria Humana","twitter_card":"summary_large_image","twitter_creator":"@Ingestos","twitter_site":"@Ingestos","twitter_misc":{"Written by":"Reda\u00e7\u00e3o IA + Curadoria Humana","Est. reading time":"6 minutes"},"schema":{"@context":"https:\/\/schema.org","@graph":[{"@type":"Article","@id":"https:\/\/ingesto.org.br\/idis-divulga-balanco-de-2025-com-avancos-em-fundos-patrimoniais-inteligencia-artificial-e-saude\/#article","isPartOf":{"@id":"https:\/\/ingesto.org.br\/idis-divulga-balanco-de-2025-com-avancos-em-fundos-patrimoniais-inteligencia-artificial-e-saude\/"},"author":{"name":"Reda\u00e7\u00e3o IA + Curadoria Humana","@id":"http:\/\/ingesto.org.br\/en\/#\/schema\/person\/20700121e4ba8023c9d40263a6a7b5fe"},"headline":"IDIS divulga balan\u00e7o de 2025 com avan\u00e7os em fundos patrimoniais, intelig\u00eancia artificial e sa\u00fade","datePublished":"2026-08-27T21:52:59+00:00","dateModified":"2026-08-27T21:53:14+00:00","mainEntityOfPage":{"@id":"https:\/\/ingesto.org.br\/idis-divulga-balanco-de-2025-com-avancos-em-fundos-patrimoniais-inteligencia-artificial-e-saude\/"},"wordCount":1013,"commentCount":0,"publisher":{"@id":"http:\/\/ingesto.org.br\/en\/#organization"},"image":{"@id":"https:\/\/ingesto.org.br\/idis-divulga-balanco-de-2025-com-avancos-em-fundos-patrimoniais-inteligencia-artificial-e-saude\/#primaryimage"},"thumbnailUrl":"https:\/\/ingesto.org.br\/wp-content\/uploads\/2026\/08\/image-225.png","keywords":["Capta\u00e7\u00e3o de Recursos","Coopera\u00e7\u00e3o Internacional","Fundos Patrimoniais","IDIS","Inova\u00e7\u00e3o Social","intelig\u00eancia artificial","S\u00e3o Paulo","terceiro setor"],"articleSection":["Boletim","Boletim Nacional"],"inLanguage":"en-US","potentialAction":[{"@type":"CommentAction","name":"Comment","target":["https:\/\/ingesto.org.br\/idis-divulga-balanco-de-2025-com-avancos-em-fundos-patrimoniais-inteligencia-artificial-e-saude\/#respond"]}]},{"@type":"WebPage","@id":"https:\/\/ingesto.org.br\/idis-divulga-balanco-de-2025-com-avancos-em-fundos-patrimoniais-inteligencia-artificial-e-saude\/","url":"https:\/\/ingesto.org.br\/idis-divulga-balanco-de-2025-com-avancos-em-fundos-patrimoniais-inteligencia-artificial-e-saude\/","name":"IDIS divulga balan\u00e7o de 2025 com avan\u00e7os em fundos patrimoniais, intelig\u00eancia artificial e sa\u00fade - Ingesto","isPartOf":{"@id":"http:\/\/ingesto.org.br\/en\/#website"},"primaryImageOfPage":{"@id":"https:\/\/ingesto.org.br\/idis-divulga-balanco-de-2025-com-avancos-em-fundos-patrimoniais-inteligencia-artificial-e-saude\/#primaryimage"},"image":{"@id":"https:\/\/ingesto.org.br\/idis-divulga-balanco-de-2025-com-avancos-em-fundos-patrimoniais-inteligencia-artificial-e-saude\/#primaryimage"},"thumbnailUrl":"https:\/\/ingesto.org.br\/wp-content\/uploads\/2026\/08\/image-225.png","datePublished":"2026-08-27T21:52:59+00:00","dateModified":"2026-08-27T21:53:14+00:00","description":"IDIS lan\u00e7a balan\u00e7o de 2025 com avan\u00e7os em sa\u00fade e IA. Veja tamb\u00e9m o programa IA.3 e o interc\u00e2mbio internacional da Abong.","breadcrumb":{"@id":"https:\/\/ingesto.org.br\/idis-divulga-balanco-de-2025-com-avancos-em-fundos-patrimoniais-inteligencia-artificial-e-saude\/#breadcrumb"},"inLanguage":"en-US","potentialAction":[{"@type":"ReadAction","target":["https:\/\/ingesto.org.br\/idis-divulga-balanco-de-2025-com-avancos-em-fundos-patrimoniais-inteligencia-artificial-e-saude\/"]}]},{"@type":"ImageObject","inLanguage":"en-US","@id":"https:\/\/ingesto.org.br\/idis-divulga-balanco-de-2025-com-avancos-em-fundos-patrimoniais-inteligencia-artificial-e-saude\/#primaryimage","url":"https:\/\/ingesto.org.br\/wp-content\/uploads\/2026\/08\/image-225.png","contentUrl":"https:\/\/ingesto.org.br\/wp-content\/uploads\/2026\/08\/image-225.png","width":1280,"height":720},{"@type":"BreadcrumbList","@id":"https:\/\/ingesto.org.br\/idis-divulga-balanco-de-2025-com-avancos-em-fundos-patrimoniais-inteligencia-artificial-e-saude\/#breadcrumb","itemListElement":[{"@type":"ListItem","position":1,"name":"In\u00edcio","item":"https:\/\/ingesto.org.br\/"},{"@type":"ListItem","position":2,"name":"IDIS divulga balan\u00e7o de 2025 com avan\u00e7os em fundos patrimoniais, intelig\u00eancia artificial e sa\u00fade"}]},{"@type":"WebSite","@id":"http:\/\/ingesto.org.br\/en\/#website","url":"http:\/\/ingesto.org.br\/en\/","name":"Institute","description":"Institute for Third Sector Management","publisher":{"@id":"http:\/\/ingesto.org.br\/en\/#organization"},"alternateName":"Ingesto","potentialAction":[{"@type":"SearchAction","target":{"@type":"EntryPoint","urlTemplate":"http:\/\/ingesto.org.br\/en\/?s={search_term_string}"},"query-input":{"@type":"PropertyValueSpecification","valueRequired":true,"valueName":"search_term_string"}}],"inLanguage":"en-US"},{"@type":"Organization","@id":"http:\/\/ingesto.org.br\/en\/#organization","name":"Ingesto","url":"http:\/\/ingesto.org.br\/en\/","logo":{"@type":"ImageObject","inLanguage":"en-US","@id":"http:\/\/ingesto.org.br\/en\/#\/schema\/logo\/image\/","url":"https:\/\/ingesto.org.br\/wp-content\/uploads\/2020\/11\/cropped-cropped-icone.png","contentUrl":"https:\/\/ingesto.org.br\/wp-content\/uploads\/2020\/11\/cropped-cropped-icone.png","width":512,"height":512,"caption":"Ingesto"},"image":{"@id":"http:\/\/ingesto.org.br\/en\/#\/schema\/logo\/image\/"},"sameAs":["https:\/\/www.facebook.com\/institutoingesto","https:\/\/x.com\/Ingestos","https:\/\/www.instagram.com\/institutoingesto\/","https:\/\/www.youtube.com\/@institutoingesto","https:\/\/www.linkedin.com\/in\/instituto-ingesto"]},{"@type":"Person","@id":"http:\/\/ingesto.org.br\/en\/#\/schema\/person\/20700121e4ba8023c9d40263a6a7b5fe","name":"Reda\u00e7\u00e3o IA + Curadoria Humana","image":{"@type":"ImageObject","inLanguage":"en-US","@id":"https:\/\/secure.gravatar.com\/avatar\/34d4732bf113075819aa50ac5cd153435fb2b0fbf203671cde89f09687f605a5?s=96&d=mm&r=g","url":"https:\/\/secure.gravatar.com\/avatar\/34d4732bf113075819aa50ac5cd153435fb2b0fbf203671cde89f09687f605a5?s=96&d=mm&r=g","contentUrl":"https:\/\/secure.gravatar.com\/avatar\/34d4732bf113075819aa50ac5cd153435fb2b0fbf203671cde89f09687f605a5?s=96&d=mm&r=g","caption":"Reda\u00e7\u00e3o IA + Curadoria Humana"},"url":"https:\/\/ingesto.org.br\/en\/author\/robo-boletim\/"}]}},"jetpack_shortlink":"https:\/\/wp.me\/peji5g-5O4","jetpack_featured_media_url":"https:\/\/ingesto.org.br\/wp-content\/uploads\/2026\/08\/image-225.png","acf":[],"_links":{"self":[{"href":"https:\/\/ingesto.org.br\/en\/wp-json\/wp\/v2\/posts\/22324","targetHints":{"allow":["GET"]}}],"collection":[{"href":"https:\/\/ingesto.org.br\/en\/wp-json\/wp\/v2\/posts"}],"about":[{"href":"https:\/\/ingesto.org.br\/en\/wp-json\/wp\/v2\/types\/post"}],"author":[{"embeddable":true,"href":"https:\/\/ingesto.org.br\/en\/wp-json\/wp\/v2\/users\/600"}],"replies":[{"embeddable":true,"href":"https:\/\/ingesto.org.br\/en\/wp-json\/wp\/v2\/comments?post=22324"}],"version-history":[{"count":1,"href":"https:\/\/ingesto.org.br\/en\/wp-json\/wp\/v2\/posts\/22324\/revisions"}],"predecessor-version":[{"id":22337,"href":"https:\/\/ingesto.org.br\/en\/wp-json\/wp\/v2\/posts\/22324\/revisions\/22337"}],"wp:featuredmedia":[{"embeddable":true,"href":"https:\/\/ingesto.org.br\/en\/wp-json\/wp\/v2\/media\/22333"}],"wp:attachment":[{"href":"https:\/\/ingesto.org.br\/en\/wp-json\/wp\/v2\/media?parent=22324"}],"wp:term":[{"taxonomy":"category","embeddable":true,"href":"https:\/\/ingesto.org.br\/en\/wp-json\/wp\/v2\/categories?post=22324"},{"taxonomy":"post_tag","embeddable":true,"href":"https:\/\/ingesto.org.br\/en\/wp-json\/wp\/v2\/tags?post=22324"}],"curies":[{"name":"wp","href":"https:\/\/api.w.org\/{rel}","templated":true}]}}