{"id":2124,"date":"2019-04-08T15:54:04","date_gmt":"2019-04-08T15:54:04","guid":{"rendered":"http:\/\/rubenssantana.com\/?p=2124"},"modified":"2019-04-08T15:54:04","modified_gmt":"2019-04-08T15:54:04","slug":"alteracao-do-cronograma-do-orcamento-impositivo","status":"publish","type":"post","link":"https:\/\/ingesto.org.br\/en\/alteracao-do-cronograma-do-orcamento-impositivo\/","title":{"rendered":"CHANGING THE TAX BUDGET SCHEDULE"},"content":{"rendered":"<p style=\"text-align:center\" class=\"has-medium-font-size\"><strong>CHANGING THE TAX BUDGET SCHEDULE<\/strong><\/p>\n\n\n\n<p><strong>NOTICE No. 07\/2019 \u2013 AMENDMENT TO THE TAX BUDGET SCHEDULE \u2013 AMENDMENT TO NOTICE No. 05\/2019<\/strong><\/p>\n\n\n\n<p><strong>NEW SCHEDULE FOR EXECUTION OF INDIVIDUAL TAX AMENDMENTS \u2013 RP6<\/strong><\/p>\n\n\n\n<p>In compliance with the provisions of art. 6th of&nbsp;<a rel=\"noreferrer noopener\" href=\"http:\/\/portal.convenios.gov.br\/images\/PORTARIA_INTERMINISTERIAL_N%C2%BA_78_DE_26_DE_FEVEREIRO_DE_2019-_DOU.pdf\" target=\"_blank\">Interministerial Ordinance No. 78, of February 26, 2019<\/a>&nbsp;and considering the provisions of the&nbsp;<a rel=\"noreferrer noopener\" href=\"http:\/\/www.planalto.gov.br\/ccivil_03\/_ato2019-2022\/2019\/decreto\/D9741.htm\" target=\"_blank\">Decree No. 9,741, of March 29, 2019<\/a>, the Management Secretariat of the Special Secretariat for Debureaucratization, Management and Digital Government of the Ministry of Economy (SEGES\/SEDGG\/ME)&nbsp;<strong>amends the Schedule published through Notice No. 5, of 2019, published on February 27, 2019, making the following Schedule effective:<\/strong><\/p>\n\n\n\n<p><strong>2019 TAX BUDGET SCHEDULE<\/strong><\/p>\n\n\n\n<p><strong>EXECUTION OF INDIVIDUAL AMENDMENTS \u2013 RP 6<\/strong><\/p>\n\n\n\n<figure class=\"wp-block-image\"><img fetchpriority=\"high\" decoding=\"async\" width=\"657\" height=\"283\" src=\"http:\/\/rubenssantana.com\/wp-content\/uploads\/2019\/04\/image.png\" alt=\"\" class=\"wp-image-2125\" srcset=\"https:\/\/ingesto.org.br\/wp-content\/uploads\/2019\/04\/image.png 657w, https:\/\/ingesto.org.br\/wp-content\/uploads\/2019\/04\/image-300x129.png 300w, https:\/\/ingesto.org.br\/wp-content\/uploads\/2019\/04\/image-600x258.png 600w\" sizes=\"(max-width: 657px) 100vw, 657px\" \/><\/figure>\n\n\n\n<p><strong>Note 1:&nbsp;<\/strong>The above schedule applies to all individual mandatory amendments to the General Budget of the Union, fiscal year 2019, executed in SICONV;<\/p>\n\n\n\n<p><strong>Note 2:&nbsp;<\/strong>The SPOF Sectoral Bodies contained in the Fiscal and Social Security Budgets that have been covered by individual amendments will analyze the<strong>&nbsp;PROPOSALS&nbsp;<\/strong>presented by the respective indicated beneficiaries and will conclude on the existence or non-existence of a technical impediment to the execution of the expense;&nbsp;&nbsp;<\/p>\n\n\n\n<p><strong>Note 3:&nbsp;<\/strong>Para a indica\u00e7\u00e3o do impedimento de ordem t\u00e9cnica de que trata o inciso I do \u00a7 14 do art. 166 da Constitui\u00e7\u00e3o Federal (120 dias ap\u00f3s san\u00e7\u00e3o da LOA), os \u00f3rg\u00e3os e entidades dever\u00e3o considerar apenas as PROPOSTAS, n\u00e3o sendo necess\u00e1ria a an\u00e1lise e aprova\u00e7\u00e3o do Plano de Trabalho para indica\u00e7\u00e3o de impedimento t\u00e9cnico;<\/p>\n\n\n\n<p><strong>Note 4:&nbsp;<\/strong>O descumprimento pelo Proponente dos prazos estabelecidos nos itens 2 e 4, dever\u00e3o ser registrados como&nbsp;<strong>TECHNICAL ORDER IMPEDIMENT<\/strong>, in compliance with the provisions of paragraph \u201cf\u201d of \u00a7 1 of art. 5th of Interministerial Ordinance No. 78, of February 26, 2019;<\/p>\n\n\n\n<p><strong>Note 5:&nbsp;<\/strong>A an\u00e1lise conclusiva das PROPOSTAS no SICONV pelo concedente dever\u00e1 ser at\u00e9 29\/04\/2019 e o registro de impedimentos de ordem t\u00e9cnica no SIOP dever\u00e1 ocorrer impreterivelmente at\u00e9 30\/04\/2019;<\/p>\n\n\n\n<p><strong>Note 6:<\/strong>&nbsp;Para as emendas individuais que ser\u00e3o executadas por meio de contrato de repasse, o envio das propostas para a Mandat\u00e1ria da Uni\u00e3o dever\u00e1 ocorrer somente ap\u00f3s o dia 30\/04\/2019;&nbsp; e<\/p>\n\n\n\n<p><strong>Note 7:<\/strong>&nbsp;In compliance with the provisions of \u00a7 13 of art. 166 of the Federal Constitution,&nbsp;<em>the release of resources from the amendments&nbsp;<\/em><em>intended for States, the Federal District and Municipalities,&nbsp;<strong>will not depend on the compliance of the recipient federative entity.&nbsp;<\/strong><\/em><\/p>\n\n\n\n<p><em>&#8220;\u00a7 13. Quando a transfer\u00eancia obrigat\u00f3ria da Uni\u00e3o, para a execu\u00e7\u00e3o da programa\u00e7\u00e3o prevista no \u00a711 deste artigo, for destinada a Estados, ao Distrito Federal e a Munic\u00edpios, independer\u00e1 da adimpl\u00eancia do ente federativo destinat\u00e1rio e n\u00e3o integrar\u00e1 a base de c\u00e1lculo da receita corrente l\u00edquida para fins de aplica\u00e7\u00e3o dos limites de despesa de pessoal de que trata o caput do art. 169.&#8221;&nbsp;<\/em><\/p>\n\n\n\n<p><strong>Bras\u00edlia, April 5, 2019.<\/strong><\/p>\n\n\n\n<p><strong>Ministry of Economy<\/strong><\/p>\n\n\n\n<p><strong>Special Secretariat for Debureaucratization, Management and Digital Government<\/strong><\/p>\n\n\n\n<p><strong>Management Secretariat<\/strong><\/p>\n\n\n\n<p><strong>Voluntary Transfers Department<\/strong><\/p>","protected":false},"excerpt":{"rendered":"<p>Amendment of the General Union Budget Schedule<\/p>","protected":false},"author":1,"featured_media":2126,"comment_status":"closed","ping_status":"closed","sticky":false,"template":"","format":"standard","meta":{"give_campaign_id":0,"_yoast_wpseo_focuskw":"","_yoast_wpseo_title":"","_yoast_wpseo_metadesc":"","_joinchat":[],"footnotes":""},"categories":[472],"tags":[842,846,847,840,848,473,272,849],"class_list":["post-2124","post","type-post","status-publish","format-standard","has-post-thumbnail","hentry","category-ogu","tag-cronograma","tag-emendas-impositivas","tag-impedimentos-de-ordem-tecnica","tag-loa","tag-novos-prazos","tag-ogu","tag-siconv","tag-spof"],"yoast_head":"<!-- This site is optimized with the Yoast SEO plugin v27.4 - https:\/\/yoast.com\/product\/yoast-seo-wordpress\/ -->\n<title>ALTERA\u00c7\u00c3O DO CRONOGRAMA DO OR\u00c7AMENTO IMPOSITIVO - Ingesto<\/title>\n<meta name=\"robots\" content=\"index, follow, max-snippet:-1, max-image-preview:large, max-video-preview:-1\" \/>\n<link rel=\"canonical\" href=\"https:\/\/ingesto.org.br\/en\/alteracao-do-cronograma-do-orcamento-impositivo\/\" \/>\n<meta property=\"og:locale\" content=\"en_US\" \/>\n<meta property=\"og:type\" content=\"article\" \/>\n<meta property=\"og:title\" content=\"ALTERA\u00c7\u00c3O DO CRONOGRAMA DO OR\u00c7AMENTO IMPOSITIVO - Ingesto\" \/>\n<meta property=\"og:description\" content=\"Altera\u00e7\u00e3o do Cronograma do Or\u00e7amento Geral da Uni\u00e3o\" \/>\n<meta property=\"og:url\" content=\"https:\/\/ingesto.org.br\/en\/alteracao-do-cronograma-do-orcamento-impositivo\/\" \/>\n<meta property=\"og:site_name\" content=\"Ingesto\" \/>\n<meta property=\"article:publisher\" content=\"https:\/\/www.facebook.com\/institutoingesto\" \/>\n<meta property=\"article:published_time\" content=\"2019-04-08T15:54:04+00:00\" \/>\n<meta property=\"og:image\" content=\"https:\/\/ingesto.org.br\/wp-content\/uploads\/2019\/04\/gestaobrasil.jpg\" \/>\n\t<meta property=\"og:image:width\" content=\"649\" \/>\n\t<meta property=\"og:image:height\" content=\"445\" \/>\n\t<meta property=\"og:image:type\" content=\"image\/jpeg\" \/>\n<meta name=\"author\" content=\"Ingesto\" \/>\n<meta name=\"twitter:card\" content=\"summary_large_image\" \/>\n<meta name=\"twitter:creator\" content=\"@Ingestos\" \/>\n<meta name=\"twitter:site\" content=\"@Ingestos\" \/>\n<meta name=\"twitter:label1\" content=\"Written by\" \/>\n\t<meta name=\"twitter:data1\" content=\"Ingesto\" \/>\n\t<meta name=\"twitter:label2\" content=\"Est. reading time\" \/>\n\t<meta name=\"twitter:data2\" content=\"3 minutes\" \/>\n<script type=\"application\/ld+json\" class=\"yoast-schema-graph\">{\"@context\":\"https:\\\/\\\/schema.org\",\"@graph\":[{\"@type\":\"Article\",\"@id\":\"https:\\\/\\\/ingesto.org.br\\\/alteracao-do-cronograma-do-orcamento-impositivo\\\/#article\",\"isPartOf\":{\"@id\":\"https:\\\/\\\/ingesto.org.br\\\/alteracao-do-cronograma-do-orcamento-impositivo\\\/\"},\"author\":{\"name\":\"Ingesto\",\"@id\":\"http:\\\/\\\/ingesto.org.br\\\/en\\\/#\\\/schema\\\/person\\\/b6b24d64bb11f377f79f5f35b9c466dc\"},\"headline\":\"ALTERA\u00c7\u00c3O DO CRONOGRAMA DO OR\u00c7AMENTO IMPOSITIVO\",\"datePublished\":\"2019-04-08T15:54:04+00:00\",\"mainEntityOfPage\":{\"@id\":\"https:\\\/\\\/ingesto.org.br\\\/alteracao-do-cronograma-do-orcamento-impositivo\\\/\"},\"wordCount\":538,\"publisher\":{\"@id\":\"http:\\\/\\\/ingesto.org.br\\\/en\\\/#organization\"},\"image\":{\"@id\":\"https:\\\/\\\/ingesto.org.br\\\/alteracao-do-cronograma-do-orcamento-impositivo\\\/#primaryimage\"},\"thumbnailUrl\":\"https:\\\/\\\/ingesto.org.br\\\/wp-content\\\/uploads\\\/2019\\\/04\\\/gestaobrasil.jpg\",\"keywords\":[\"cronograma\",\"Emendas Impositivas\",\"Impedimentos de Ordem T\u00e9cnica\",\"loa\",\"Novos Prazos\",\"OGU\",\"SICONV\",\"SPOF\"],\"articleSection\":[\"OGU\"],\"inLanguage\":\"en-US\"},{\"@type\":\"WebPage\",\"@id\":\"https:\\\/\\\/ingesto.org.br\\\/alteracao-do-cronograma-do-orcamento-impositivo\\\/\",\"url\":\"https:\\\/\\\/ingesto.org.br\\\/alteracao-do-cronograma-do-orcamento-impositivo\\\/\",\"name\":\"ALTERA\u00c7\u00c3O DO CRONOGRAMA DO OR\u00c7AMENTO IMPOSITIVO - Ingesto\",\"isPartOf\":{\"@id\":\"http:\\\/\\\/ingesto.org.br\\\/en\\\/#website\"},\"primaryImageOfPage\":{\"@id\":\"https:\\\/\\\/ingesto.org.br\\\/alteracao-do-cronograma-do-orcamento-impositivo\\\/#primaryimage\"},\"image\":{\"@id\":\"https:\\\/\\\/ingesto.org.br\\\/alteracao-do-cronograma-do-orcamento-impositivo\\\/#primaryimage\"},\"thumbnailUrl\":\"https:\\\/\\\/ingesto.org.br\\\/wp-content\\\/uploads\\\/2019\\\/04\\\/gestaobrasil.jpg\",\"datePublished\":\"2019-04-08T15:54:04+00:00\",\"breadcrumb\":{\"@id\":\"https:\\\/\\\/ingesto.org.br\\\/alteracao-do-cronograma-do-orcamento-impositivo\\\/#breadcrumb\"},\"inLanguage\":\"en-US\",\"potentialAction\":[{\"@type\":\"ReadAction\",\"target\":[\"https:\\\/\\\/ingesto.org.br\\\/alteracao-do-cronograma-do-orcamento-impositivo\\\/\"]}]},{\"@type\":\"ImageObject\",\"inLanguage\":\"en-US\",\"@id\":\"https:\\\/\\\/ingesto.org.br\\\/alteracao-do-cronograma-do-orcamento-impositivo\\\/#primaryimage\",\"url\":\"https:\\\/\\\/ingesto.org.br\\\/wp-content\\\/uploads\\\/2019\\\/04\\\/gestaobrasil.jpg\",\"contentUrl\":\"https:\\\/\\\/ingesto.org.br\\\/wp-content\\\/uploads\\\/2019\\\/04\\\/gestaobrasil.jpg\",\"width\":649,\"height\":445,\"caption\":\"Gest\u00e3o Brasil\"},{\"@type\":\"BreadcrumbList\",\"@id\":\"https:\\\/\\\/ingesto.org.br\\\/alteracao-do-cronograma-do-orcamento-impositivo\\\/#breadcrumb\",\"itemListElement\":[{\"@type\":\"ListItem\",\"position\":1,\"name\":\"In\u00edcio\",\"item\":\"https:\\\/\\\/ingesto.org.br\\\/\"},{\"@type\":\"ListItem\",\"position\":2,\"name\":\"ALTERA\u00c7\u00c3O DO CRONOGRAMA DO OR\u00c7AMENTO IMPOSITIVO\"}]},{\"@type\":\"WebSite\",\"@id\":\"http:\\\/\\\/ingesto.org.br\\\/en\\\/#website\",\"url\":\"http:\\\/\\\/ingesto.org.br\\\/en\\\/\",\"name\":\"Instituto\",\"description\":\"Instituto para Gest\u00e3o do Terceiro Setor\",\"publisher\":{\"@id\":\"http:\\\/\\\/ingesto.org.br\\\/en\\\/#organization\"},\"alternateName\":\"Ingesto\",\"potentialAction\":[{\"@type\":\"SearchAction\",\"target\":{\"@type\":\"EntryPoint\",\"urlTemplate\":\"http:\\\/\\\/ingesto.org.br\\\/en\\\/?s={search_term_string}\"},\"query-input\":{\"@type\":\"PropertyValueSpecification\",\"valueRequired\":true,\"valueName\":\"search_term_string\"}}],\"inLanguage\":\"en-US\"},{\"@type\":\"Organization\",\"@id\":\"http:\\\/\\\/ingesto.org.br\\\/en\\\/#organization\",\"name\":\"Ingesto\",\"url\":\"http:\\\/\\\/ingesto.org.br\\\/en\\\/\",\"logo\":{\"@type\":\"ImageObject\",\"inLanguage\":\"en-US\",\"@id\":\"http:\\\/\\\/ingesto.org.br\\\/en\\\/#\\\/schema\\\/logo\\\/image\\\/\",\"url\":\"https:\\\/\\\/ingesto.org.br\\\/wp-content\\\/uploads\\\/2020\\\/11\\\/cropped-cropped-icone.png\",\"contentUrl\":\"https:\\\/\\\/ingesto.org.br\\\/wp-content\\\/uploads\\\/2020\\\/11\\\/cropped-cropped-icone.png\",\"width\":512,\"height\":512,\"caption\":\"Ingesto\"},\"image\":{\"@id\":\"http:\\\/\\\/ingesto.org.br\\\/en\\\/#\\\/schema\\\/logo\\\/image\\\/\"},\"sameAs\":[\"https:\\\/\\\/www.facebook.com\\\/institutoingesto\",\"https:\\\/\\\/x.com\\\/Ingestos\",\"https:\\\/\\\/www.instagram.com\\\/institutoingesto\\\/\",\"https:\\\/\\\/www.youtube.com\\\/@institutoingesto\",\"https:\\\/\\\/www.linkedin.com\\\/in\\\/instituto-ingesto\"]},{\"@type\":\"Person\",\"@id\":\"http:\\\/\\\/ingesto.org.br\\\/en\\\/#\\\/schema\\\/person\\\/b6b24d64bb11f377f79f5f35b9c466dc\",\"name\":\"Ingesto\",\"image\":{\"@type\":\"ImageObject\",\"inLanguage\":\"en-US\",\"@id\":\"https:\\\/\\\/ingesto.org.br\\\/wp-content\\\/litespeed\\\/avatar\\\/4d7201aed9dddada281d8ce59ea56991.jpg?ver=1776950236\",\"url\":\"https:\\\/\\\/ingesto.org.br\\\/wp-content\\\/litespeed\\\/avatar\\\/4d7201aed9dddada281d8ce59ea56991.jpg?ver=1776950236\",\"contentUrl\":\"https:\\\/\\\/ingesto.org.br\\\/wp-content\\\/litespeed\\\/avatar\\\/4d7201aed9dddada281d8ce59ea56991.jpg?ver=1776950236\",\"caption\":\"Ingesto\"},\"sameAs\":[\"http:\\\/\\\/ingesto.org.br\"],\"url\":\"https:\\\/\\\/ingesto.org.br\\\/en\\\/author\\\/instituto-ingesto\\\/\"}]}<\/script>\n<!-- \/ Yoast SEO plugin. -->","yoast_head_json":{"title":"ALTERA\u00c7\u00c3O DO CRONOGRAMA DO OR\u00c7AMENTO IMPOSITIVO - Ingesto","robots":{"index":"index","follow":"follow","max-snippet":"max-snippet:-1","max-image-preview":"max-image-preview:large","max-video-preview":"max-video-preview:-1"},"canonical":"https:\/\/ingesto.org.br\/en\/alteracao-do-cronograma-do-orcamento-impositivo\/","og_locale":"en_US","og_type":"article","og_title":"ALTERA\u00c7\u00c3O DO CRONOGRAMA DO OR\u00c7AMENTO IMPOSITIVO - Ingesto","og_description":"Altera\u00e7\u00e3o do Cronograma do Or\u00e7amento Geral da Uni\u00e3o","og_url":"https:\/\/ingesto.org.br\/en\/alteracao-do-cronograma-do-orcamento-impositivo\/","og_site_name":"Ingesto","article_publisher":"https:\/\/www.facebook.com\/institutoingesto","article_published_time":"2019-04-08T15:54:04+00:00","og_image":[{"width":649,"height":445,"url":"https:\/\/ingesto.org.br\/wp-content\/uploads\/2019\/04\/gestaobrasil.jpg","type":"image\/jpeg"}],"author":"Ingesto","twitter_card":"summary_large_image","twitter_creator":"@Ingestos","twitter_site":"@Ingestos","twitter_misc":{"Written by":"Ingesto","Est. reading time":"3 minutes"},"schema":{"@context":"https:\/\/schema.org","@graph":[{"@type":"Article","@id":"https:\/\/ingesto.org.br\/alteracao-do-cronograma-do-orcamento-impositivo\/#article","isPartOf":{"@id":"https:\/\/ingesto.org.br\/alteracao-do-cronograma-do-orcamento-impositivo\/"},"author":{"name":"Ingesto","@id":"http:\/\/ingesto.org.br\/en\/#\/schema\/person\/b6b24d64bb11f377f79f5f35b9c466dc"},"headline":"ALTERA\u00c7\u00c3O DO CRONOGRAMA DO OR\u00c7AMENTO IMPOSITIVO","datePublished":"2019-04-08T15:54:04+00:00","mainEntityOfPage":{"@id":"https:\/\/ingesto.org.br\/alteracao-do-cronograma-do-orcamento-impositivo\/"},"wordCount":538,"publisher":{"@id":"http:\/\/ingesto.org.br\/en\/#organization"},"image":{"@id":"https:\/\/ingesto.org.br\/alteracao-do-cronograma-do-orcamento-impositivo\/#primaryimage"},"thumbnailUrl":"https:\/\/ingesto.org.br\/wp-content\/uploads\/2019\/04\/gestaobrasil.jpg","keywords":["cronograma","Emendas Impositivas","Impedimentos de Ordem T\u00e9cnica","loa","Novos Prazos","OGU","SICONV","SPOF"],"articleSection":["OGU"],"inLanguage":"en-US"},{"@type":"WebPage","@id":"https:\/\/ingesto.org.br\/alteracao-do-cronograma-do-orcamento-impositivo\/","url":"https:\/\/ingesto.org.br\/alteracao-do-cronograma-do-orcamento-impositivo\/","name":"ALTERA\u00c7\u00c3O DO CRONOGRAMA DO OR\u00c7AMENTO IMPOSITIVO - Ingesto","isPartOf":{"@id":"http:\/\/ingesto.org.br\/en\/#website"},"primaryImageOfPage":{"@id":"https:\/\/ingesto.org.br\/alteracao-do-cronograma-do-orcamento-impositivo\/#primaryimage"},"image":{"@id":"https:\/\/ingesto.org.br\/alteracao-do-cronograma-do-orcamento-impositivo\/#primaryimage"},"thumbnailUrl":"https:\/\/ingesto.org.br\/wp-content\/uploads\/2019\/04\/gestaobrasil.jpg","datePublished":"2019-04-08T15:54:04+00:00","breadcrumb":{"@id":"https:\/\/ingesto.org.br\/alteracao-do-cronograma-do-orcamento-impositivo\/#breadcrumb"},"inLanguage":"en-US","potentialAction":[{"@type":"ReadAction","target":["https:\/\/ingesto.org.br\/alteracao-do-cronograma-do-orcamento-impositivo\/"]}]},{"@type":"ImageObject","inLanguage":"en-US","@id":"https:\/\/ingesto.org.br\/alteracao-do-cronograma-do-orcamento-impositivo\/#primaryimage","url":"https:\/\/ingesto.org.br\/wp-content\/uploads\/2019\/04\/gestaobrasil.jpg","contentUrl":"https:\/\/ingesto.org.br\/wp-content\/uploads\/2019\/04\/gestaobrasil.jpg","width":649,"height":445,"caption":"Gest\u00e3o Brasil"},{"@type":"BreadcrumbList","@id":"https:\/\/ingesto.org.br\/alteracao-do-cronograma-do-orcamento-impositivo\/#breadcrumb","itemListElement":[{"@type":"ListItem","position":1,"name":"In\u00edcio","item":"https:\/\/ingesto.org.br\/"},{"@type":"ListItem","position":2,"name":"ALTERA\u00c7\u00c3O DO CRONOGRAMA DO OR\u00c7AMENTO IMPOSITIVO"}]},{"@type":"WebSite","@id":"http:\/\/ingesto.org.br\/en\/#website","url":"http:\/\/ingesto.org.br\/en\/","name":"Institute","description":"Institute for Third Sector Management","publisher":{"@id":"http:\/\/ingesto.org.br\/en\/#organization"},"alternateName":"Ingesto","potentialAction":[{"@type":"SearchAction","target":{"@type":"EntryPoint","urlTemplate":"http:\/\/ingesto.org.br\/en\/?s={search_term_string}"},"query-input":{"@type":"PropertyValueSpecification","valueRequired":true,"valueName":"search_term_string"}}],"inLanguage":"en-US"},{"@type":"Organization","@id":"http:\/\/ingesto.org.br\/en\/#organization","name":"Ingesto","url":"http:\/\/ingesto.org.br\/en\/","logo":{"@type":"ImageObject","inLanguage":"en-US","@id":"http:\/\/ingesto.org.br\/en\/#\/schema\/logo\/image\/","url":"https:\/\/ingesto.org.br\/wp-content\/uploads\/2020\/11\/cropped-cropped-icone.png","contentUrl":"https:\/\/ingesto.org.br\/wp-content\/uploads\/2020\/11\/cropped-cropped-icone.png","width":512,"height":512,"caption":"Ingesto"},"image":{"@id":"http:\/\/ingesto.org.br\/en\/#\/schema\/logo\/image\/"},"sameAs":["https:\/\/www.facebook.com\/institutoingesto","https:\/\/x.com\/Ingestos","https:\/\/www.instagram.com\/institutoingesto\/","https:\/\/www.youtube.com\/@institutoingesto","https:\/\/www.linkedin.com\/in\/instituto-ingesto"]},{"@type":"Person","@id":"http:\/\/ingesto.org.br\/en\/#\/schema\/person\/b6b24d64bb11f377f79f5f35b9c466dc","name":"Ingesto","image":{"@type":"ImageObject","inLanguage":"en-US","@id":"https:\/\/ingesto.org.br\/wp-content\/litespeed\/avatar\/4d7201aed9dddada281d8ce59ea56991.jpg?ver=1776950236","url":"https:\/\/ingesto.org.br\/wp-content\/litespeed\/avatar\/4d7201aed9dddada281d8ce59ea56991.jpg?ver=1776950236","contentUrl":"https:\/\/ingesto.org.br\/wp-content\/litespeed\/avatar\/4d7201aed9dddada281d8ce59ea56991.jpg?ver=1776950236","caption":"Ingesto"},"sameAs":["http:\/\/ingesto.org.br"],"url":"https:\/\/ingesto.org.br\/en\/author\/instituto-ingesto\/"}]}},"jetpack_featured_media_url":"https:\/\/ingesto.org.br\/wp-content\/uploads\/2019\/04\/gestaobrasil.jpg","jetpack_shortlink":"https:\/\/wp.me\/peji5g-yg","acf":[],"_links":{"self":[{"href":"https:\/\/ingesto.org.br\/en\/wp-json\/wp\/v2\/posts\/2124","targetHints":{"allow":["GET"]}}],"collection":[{"href":"https:\/\/ingesto.org.br\/en\/wp-json\/wp\/v2\/posts"}],"about":[{"href":"https:\/\/ingesto.org.br\/en\/wp-json\/wp\/v2\/types\/post"}],"author":[{"embeddable":true,"href":"https:\/\/ingesto.org.br\/en\/wp-json\/wp\/v2\/users\/1"}],"replies":[{"embeddable":true,"href":"https:\/\/ingesto.org.br\/en\/wp-json\/wp\/v2\/comments?post=2124"}],"version-history":[{"count":0,"href":"https:\/\/ingesto.org.br\/en\/wp-json\/wp\/v2\/posts\/2124\/revisions"}],"wp:featuredmedia":[{"embeddable":true,"href":"https:\/\/ingesto.org.br\/en\/wp-json\/wp\/v2\/media\/2126"}],"wp:attachment":[{"href":"https:\/\/ingesto.org.br\/en\/wp-json\/wp\/v2\/media?parent=2124"}],"wp:term":[{"taxonomy":"category","embeddable":true,"href":"https:\/\/ingesto.org.br\/en\/wp-json\/wp\/v2\/categories?post=2124"},{"taxonomy":"post_tag","embeddable":true,"href":"https:\/\/ingesto.org.br\/en\/wp-json\/wp\/v2\/tags?post=2124"}],"curies":[{"name":"wp","href":"https:\/\/api.w.org\/{rel}","templated":true}]}}