{"id":2107,"date":"2019-04-02T00:18:46","date_gmt":"2019-04-02T00:18:46","guid":{"rendered":"http:\/\/rubenssantana.com\/?p=2107"},"modified":"2019-04-02T00:18:46","modified_gmt":"2019-04-02T00:18:46","slug":"decreto-de-programacao-orcamentaria-e-financeira-referente-ao-primeiro-bimestre-de-2019","status":"publish","type":"post","link":"https:\/\/ingesto.org.br\/en\/decreto-de-programacao-orcamentaria-e-financeira-referente-ao-primeiro-bimestre-de-2019\/","title":{"rendered":"Budgetary and Financial Programming Decree for the first two months of 2019"},"content":{"rendered":"<h3 class=\"wp-block-heading\" style=\"text-align:center\"><strong>Budgetary and Financial Programming Decree for the first two months of 2019<\/strong><\/h3>\n\n\n\n<p>Decree No. 9,741 of March 29, 2019, proposes the amendment of Decree No. 9,711, of February 15, 2019, which provides for the budgetary and financial programming and establishes the monthly disbursement schedule of the Federal Executive Branch for the year 2019 .&nbsp;<\/p>\n\n\n\n<div class=\"wp-block-image\"><figure class=\"aligncenter\"><img fetchpriority=\"high\" decoding=\"async\" width=\"571\" height=\"444\" src=\"http:\/\/rubenssantana.com\/wp-content\/uploads\/2019\/04\/divida-publica.png\" alt=\"\" class=\"wp-image-2110\" srcset=\"https:\/\/ingesto.org.br\/wp-content\/uploads\/2019\/04\/divida-publica.png 571w, https:\/\/ingesto.org.br\/wp-content\/uploads\/2019\/04\/divida-publica-300x233.png 300w\" sizes=\"(max-width: 571px) 100vw, 571px\" \/><figcaption>D\u00edvida P\u00fablica, grande gargalo das contas p\u00fablicas<\/figcaption><\/figure><\/div>\n\n\n\n<p>A referida altera\u00e7\u00e3o atende ao disposto no caput do art. 9\u00ba da Lei Complementar n\u00ba 101, de 4 de maio de 2000, Lei de Responsabilidade Fiscal &#8211; LRF, e nos \u00a7\u00a7 1\u00ba e 12, inciso I, do art. 59 da Lei n\u00ba 13.707, de 14 de agosto de 2018, Lei de Diretrizes Or\u00e7ament\u00e1rias para 2019, LDO-2019, tendo em vista que a avalia\u00e7\u00e3o de receitas e despesas do primeiro bimestre indicou a necessidade de se proceder \u00e0 limita\u00e7\u00e3o de empenho e movimenta\u00e7\u00e3o financeira das despesas prim\u00e1rias discricion\u00e1rias do Poder Executivo, no montante de R$ 29.582,8 milh\u00f5es, para fins de cumprimento da meta de resultado prim\u00e1rio do Governo Central, conforme demonstrado em Relat\u00f3rio enviado ao Congresso Nacional, por meio da Mensagem n\u00ba 95, de 21 de mar\u00e7o de 2019.&nbsp;<\/p>\n\n\n\n<div class=\"wp-block-image\"><figure class=\"aligncenter\"><img decoding=\"async\" width=\"759\" height=\"564\" src=\"http:\/\/rubenssantana.com\/wp-content\/uploads\/2019\/04\/programacao-por-orgao.png\" alt=\"Programa\u00e7\u00e3o por \u00d3rg\u00e3o\" class=\"wp-image-2108\" srcset=\"https:\/\/ingesto.org.br\/wp-content\/uploads\/2019\/04\/programacao-por-orgao.png 759w, https:\/\/ingesto.org.br\/wp-content\/uploads\/2019\/04\/programacao-por-orgao-300x223.png 300w, https:\/\/ingesto.org.br\/wp-content\/uploads\/2019\/04\/programacao-por-orgao-600x446.png 600w\" sizes=\"(max-width: 759px) 100vw, 759px\" \/><figcaption> <strong>Table: Budget and financial programming decree \u2013 1st two months of 2019<\/strong> <br><\/figcaption><\/figure><\/div>\n\n\n\n<p>Destaque-se que, do montante da limita\u00e7\u00e3o de movimenta\u00e7\u00e3o e empenho e de pagamento do Poder Executivo, R$ 1.965,1 milh\u00f5es referem-se \u00e0s emendas individuais e R$ 990,6 milh\u00f5es \u00e0s emendas de bancada estadual de execu\u00e7\u00e3o obrigat\u00f3ria, em conson\u00e2ncia com as autoriza\u00e7\u00f5es constantes do \u00a7 17 do art. 166 da Constitui\u00e7\u00e3o e do \u00a7 3\u00ba do art. 62 da LDO-2019, equivalentes a 21,63% do montante das respectivas emendas, uma vez que esse foi o percentual da limita\u00e7\u00e3o global das despesas prim\u00e1rias discricion\u00e1rias sujeitas a essa limita\u00e7\u00e3o.&nbsp;<\/p>\n\n\n\n<p>In relation to the limited global value (R$ 29,582.8 million), the following table details this distribution by body:<\/p>\n\n\n\n<p><strong><a href=\"http:\/\/www.economia.gov.br\/area-de-imprensa\/notas-a-imprensa\/2019\/03\/decreto-de-programacao-orcamentaria-e-financeira-referente-ao-primeiro-bimestre-de-2019\">per<\/a> <\/strong>Published: 03\/29\/2019 \u2013 5:45 pm Last modified: 03\/29\/2019 5:48 pm <\/p>","protected":false},"excerpt":{"rendered":"<p>Decree provides for the budgetary and financial programming and establishes the monthly disbursement schedule of the Federal Executive Branch for the 2019 financial year. <\/p>","protected":false},"author":1,"featured_media":2109,"comment_status":"closed","ping_status":"closed","sticky":false,"template":"","format":"standard","meta":{"give_campaign_id":0,"_yoast_wpseo_focuskw":"","_yoast_wpseo_title":"","_yoast_wpseo_metadesc":"","_joinchat":[],"footnotes":""},"categories":[29],"tags":[842,843,839,840,844,473,462,845],"class_list":["post-2107","post","type-post","status-publish","format-standard","has-post-thumbnail","hentry","category-noticias","tag-cronograma","tag-decreto","tag-ldo","tag-loa","tag-meta-fiscal","tag-ogu","tag-orcamento","tag-poder-executivo"],"yoast_head":"<!-- This site is optimized with the Yoast SEO plugin v27.4 - https:\/\/yoast.com\/product\/yoast-seo-wordpress\/ -->\n<title>Decreto de Programa\u00e7\u00e3o Or\u00e7ament\u00e1ria e Financeira referente ao primeiro bimestre de 2019 - Ingesto<\/title>\n<meta name=\"robots\" content=\"index, follow, max-snippet:-1, max-image-preview:large, max-video-preview:-1\" \/>\n<link rel=\"canonical\" href=\"https:\/\/ingesto.org.br\/en\/decreto-de-programacao-orcamentaria-e-financeira-referente-ao-primeiro-bimestre-de-2019\/\" \/>\n<meta property=\"og:locale\" content=\"en_US\" \/>\n<meta property=\"og:type\" content=\"article\" \/>\n<meta property=\"og:title\" content=\"Decreto de Programa\u00e7\u00e3o Or\u00e7ament\u00e1ria e Financeira referente ao primeiro bimestre de 2019 - Ingesto\" \/>\n<meta property=\"og:description\" content=\"Decreto disp\u00f5e que disp\u00f5e sobre a programa\u00e7\u00e3o or\u00e7ament\u00e1ria e financeira e estabelece o cronograma mensal de desembolso do Poder Executivo Federal para o exerc\u00edcio de 2019.\" \/>\n<meta property=\"og:url\" content=\"https:\/\/ingesto.org.br\/en\/decreto-de-programacao-orcamentaria-e-financeira-referente-ao-primeiro-bimestre-de-2019\/\" \/>\n<meta property=\"og:site_name\" content=\"Ingesto\" \/>\n<meta property=\"article:publisher\" content=\"https:\/\/www.facebook.com\/institutoingesto\" \/>\n<meta property=\"article:published_time\" content=\"2019-04-02T00:18:46+00:00\" \/>\n<meta property=\"og:image\" content=\"https:\/\/ingesto.org.br\/wp-content\/uploads\/2019\/04\/orcamento_uniao-scaled-1.jpg\" \/>\n\t<meta property=\"og:image:width\" content=\"2560\" \/>\n\t<meta property=\"og:image:height\" content=\"1692\" \/>\n\t<meta property=\"og:image:type\" content=\"image\/jpeg\" \/>\n<meta name=\"author\" content=\"Ingesto\" \/>\n<meta name=\"twitter:card\" content=\"summary_large_image\" \/>\n<meta name=\"twitter:creator\" content=\"@Ingestos\" \/>\n<meta name=\"twitter:site\" content=\"@Ingestos\" \/>\n<meta name=\"twitter:label1\" content=\"Written by\" \/>\n\t<meta name=\"twitter:data1\" content=\"Ingesto\" \/>\n\t<meta name=\"twitter:label2\" content=\"Est. reading time\" \/>\n\t<meta name=\"twitter:data2\" content=\"2 minutes\" \/>\n<script type=\"application\/ld+json\" class=\"yoast-schema-graph\">{\"@context\":\"https:\\\/\\\/schema.org\",\"@graph\":[{\"@type\":\"Article\",\"@id\":\"https:\\\/\\\/ingesto.org.br\\\/en\\\/decreto-de-programacao-orcamentaria-e-financeira-referente-ao-primeiro-bimestre-de-2019\\\/#article\",\"isPartOf\":{\"@id\":\"https:\\\/\\\/ingesto.org.br\\\/en\\\/decreto-de-programacao-orcamentaria-e-financeira-referente-ao-primeiro-bimestre-de-2019\\\/\"},\"author\":{\"name\":\"Ingesto\",\"@id\":\"http:\\\/\\\/ingesto.org.br\\\/en\\\/#\\\/schema\\\/person\\\/b6b24d64bb11f377f79f5f35b9c466dc\"},\"headline\":\"Decreto de Programa\u00e7\u00e3o Or\u00e7ament\u00e1ria e Financeira referente ao primeiro bimestre de 2019\",\"datePublished\":\"2019-04-02T00:18:46+00:00\",\"mainEntityOfPage\":{\"@id\":\"https:\\\/\\\/ingesto.org.br\\\/en\\\/decreto-de-programacao-orcamentaria-e-financeira-referente-ao-primeiro-bimestre-de-2019\\\/\"},\"wordCount\":342,\"publisher\":{\"@id\":\"http:\\\/\\\/ingesto.org.br\\\/en\\\/#organization\"},\"image\":{\"@id\":\"https:\\\/\\\/ingesto.org.br\\\/en\\\/decreto-de-programacao-orcamentaria-e-financeira-referente-ao-primeiro-bimestre-de-2019\\\/#primaryimage\"},\"thumbnailUrl\":\"https:\\\/\\\/ingesto.org.br\\\/wp-content\\\/uploads\\\/2019\\\/04\\\/orcamento_uniao-scaled-1.jpg\",\"keywords\":[\"cronograma\",\"decreto\",\"ldo\",\"loa\",\"meta fiscal\",\"OGU\",\"Or\u00e7amento\",\"poder executivo\"],\"articleSection\":[\"Not\u00edcias\"],\"inLanguage\":\"en-US\"},{\"@type\":\"WebPage\",\"@id\":\"https:\\\/\\\/ingesto.org.br\\\/en\\\/decreto-de-programacao-orcamentaria-e-financeira-referente-ao-primeiro-bimestre-de-2019\\\/\",\"url\":\"https:\\\/\\\/ingesto.org.br\\\/en\\\/decreto-de-programacao-orcamentaria-e-financeira-referente-ao-primeiro-bimestre-de-2019\\\/\",\"name\":\"Decreto de Programa\u00e7\u00e3o Or\u00e7ament\u00e1ria e Financeira referente ao primeiro bimestre de 2019 - Ingesto\",\"isPartOf\":{\"@id\":\"http:\\\/\\\/ingesto.org.br\\\/en\\\/#website\"},\"primaryImageOfPage\":{\"@id\":\"https:\\\/\\\/ingesto.org.br\\\/en\\\/decreto-de-programacao-orcamentaria-e-financeira-referente-ao-primeiro-bimestre-de-2019\\\/#primaryimage\"},\"image\":{\"@id\":\"https:\\\/\\\/ingesto.org.br\\\/en\\\/decreto-de-programacao-orcamentaria-e-financeira-referente-ao-primeiro-bimestre-de-2019\\\/#primaryimage\"},\"thumbnailUrl\":\"https:\\\/\\\/ingesto.org.br\\\/wp-content\\\/uploads\\\/2019\\\/04\\\/orcamento_uniao-scaled-1.jpg\",\"datePublished\":\"2019-04-02T00:18:46+00:00\",\"breadcrumb\":{\"@id\":\"https:\\\/\\\/ingesto.org.br\\\/en\\\/decreto-de-programacao-orcamentaria-e-financeira-referente-ao-primeiro-bimestre-de-2019\\\/#breadcrumb\"},\"inLanguage\":\"en-US\",\"potentialAction\":[{\"@type\":\"ReadAction\",\"target\":[\"https:\\\/\\\/ingesto.org.br\\\/en\\\/decreto-de-programacao-orcamentaria-e-financeira-referente-ao-primeiro-bimestre-de-2019\\\/\"]}]},{\"@type\":\"ImageObject\",\"inLanguage\":\"en-US\",\"@id\":\"https:\\\/\\\/ingesto.org.br\\\/en\\\/decreto-de-programacao-orcamentaria-e-financeira-referente-ao-primeiro-bimestre-de-2019\\\/#primaryimage\",\"url\":\"https:\\\/\\\/ingesto.org.br\\\/wp-content\\\/uploads\\\/2019\\\/04\\\/orcamento_uniao-scaled-1.jpg\",\"contentUrl\":\"https:\\\/\\\/ingesto.org.br\\\/wp-content\\\/uploads\\\/2019\\\/04\\\/orcamento_uniao-scaled-1.jpg\",\"width\":2560,\"height\":1692,\"caption\":\"orcamento_uniao\"},{\"@type\":\"BreadcrumbList\",\"@id\":\"https:\\\/\\\/ingesto.org.br\\\/en\\\/decreto-de-programacao-orcamentaria-e-financeira-referente-ao-primeiro-bimestre-de-2019\\\/#breadcrumb\",\"itemListElement\":[{\"@type\":\"ListItem\",\"position\":1,\"name\":\"In\u00edcio\",\"item\":\"https:\\\/\\\/ingesto.org.br\\\/\"},{\"@type\":\"ListItem\",\"position\":2,\"name\":\"Decreto de Programa\u00e7\u00e3o Or\u00e7ament\u00e1ria e Financeira referente ao primeiro bimestre de 2019\"}]},{\"@type\":\"WebSite\",\"@id\":\"http:\\\/\\\/ingesto.org.br\\\/en\\\/#website\",\"url\":\"http:\\\/\\\/ingesto.org.br\\\/en\\\/\",\"name\":\"Instituto\",\"description\":\"Instituto para Gest\u00e3o do Terceiro Setor\",\"publisher\":{\"@id\":\"http:\\\/\\\/ingesto.org.br\\\/en\\\/#organization\"},\"alternateName\":\"Ingesto\",\"potentialAction\":[{\"@type\":\"SearchAction\",\"target\":{\"@type\":\"EntryPoint\",\"urlTemplate\":\"http:\\\/\\\/ingesto.org.br\\\/en\\\/?s={search_term_string}\"},\"query-input\":{\"@type\":\"PropertyValueSpecification\",\"valueRequired\":true,\"valueName\":\"search_term_string\"}}],\"inLanguage\":\"en-US\"},{\"@type\":\"Organization\",\"@id\":\"http:\\\/\\\/ingesto.org.br\\\/en\\\/#organization\",\"name\":\"Ingesto\",\"url\":\"http:\\\/\\\/ingesto.org.br\\\/en\\\/\",\"logo\":{\"@type\":\"ImageObject\",\"inLanguage\":\"en-US\",\"@id\":\"http:\\\/\\\/ingesto.org.br\\\/en\\\/#\\\/schema\\\/logo\\\/image\\\/\",\"url\":\"https:\\\/\\\/ingesto.org.br\\\/wp-content\\\/uploads\\\/2020\\\/11\\\/cropped-cropped-icone.png\",\"contentUrl\":\"https:\\\/\\\/ingesto.org.br\\\/wp-content\\\/uploads\\\/2020\\\/11\\\/cropped-cropped-icone.png\",\"width\":512,\"height\":512,\"caption\":\"Ingesto\"},\"image\":{\"@id\":\"http:\\\/\\\/ingesto.org.br\\\/en\\\/#\\\/schema\\\/logo\\\/image\\\/\"},\"sameAs\":[\"https:\\\/\\\/www.facebook.com\\\/institutoingesto\",\"https:\\\/\\\/x.com\\\/Ingestos\",\"https:\\\/\\\/www.instagram.com\\\/institutoingesto\\\/\",\"https:\\\/\\\/www.youtube.com\\\/@institutoingesto\",\"https:\\\/\\\/www.linkedin.com\\\/in\\\/instituto-ingesto\"]},{\"@type\":\"Person\",\"@id\":\"http:\\\/\\\/ingesto.org.br\\\/en\\\/#\\\/schema\\\/person\\\/b6b24d64bb11f377f79f5f35b9c466dc\",\"name\":\"Ingesto\",\"image\":{\"@type\":\"ImageObject\",\"inLanguage\":\"en-US\",\"@id\":\"https:\\\/\\\/ingesto.org.br\\\/wp-content\\\/litespeed\\\/avatar\\\/4d7201aed9dddada281d8ce59ea56991.jpg?ver=1776950236\",\"url\":\"https:\\\/\\\/ingesto.org.br\\\/wp-content\\\/litespeed\\\/avatar\\\/4d7201aed9dddada281d8ce59ea56991.jpg?ver=1776950236\",\"contentUrl\":\"https:\\\/\\\/ingesto.org.br\\\/wp-content\\\/litespeed\\\/avatar\\\/4d7201aed9dddada281d8ce59ea56991.jpg?ver=1776950236\",\"caption\":\"Ingesto\"},\"sameAs\":[\"http:\\\/\\\/ingesto.org.br\"],\"url\":\"https:\\\/\\\/ingesto.org.br\\\/en\\\/author\\\/instituto-ingesto\\\/\"}]}<\/script>\n<!-- \/ Yoast SEO plugin. -->","yoast_head_json":{"title":"Decreto de Programa\u00e7\u00e3o Or\u00e7ament\u00e1ria e Financeira referente ao primeiro bimestre de 2019 - Ingesto","robots":{"index":"index","follow":"follow","max-snippet":"max-snippet:-1","max-image-preview":"max-image-preview:large","max-video-preview":"max-video-preview:-1"},"canonical":"https:\/\/ingesto.org.br\/en\/decreto-de-programacao-orcamentaria-e-financeira-referente-ao-primeiro-bimestre-de-2019\/","og_locale":"en_US","og_type":"article","og_title":"Decreto de Programa\u00e7\u00e3o Or\u00e7ament\u00e1ria e Financeira referente ao primeiro bimestre de 2019 - Ingesto","og_description":"Decreto disp\u00f5e que disp\u00f5e sobre a programa\u00e7\u00e3o or\u00e7ament\u00e1ria e financeira e estabelece o cronograma mensal de desembolso do Poder Executivo Federal para o exerc\u00edcio de 2019.","og_url":"https:\/\/ingesto.org.br\/en\/decreto-de-programacao-orcamentaria-e-financeira-referente-ao-primeiro-bimestre-de-2019\/","og_site_name":"Ingesto","article_publisher":"https:\/\/www.facebook.com\/institutoingesto","article_published_time":"2019-04-02T00:18:46+00:00","og_image":[{"width":2560,"height":1692,"url":"https:\/\/ingesto.org.br\/wp-content\/uploads\/2019\/04\/orcamento_uniao-scaled-1.jpg","type":"image\/jpeg"}],"author":"Ingesto","twitter_card":"summary_large_image","twitter_creator":"@Ingestos","twitter_site":"@Ingestos","twitter_misc":{"Written by":"Ingesto","Est. reading time":"2 minutes"},"schema":{"@context":"https:\/\/schema.org","@graph":[{"@type":"Article","@id":"https:\/\/ingesto.org.br\/en\/decreto-de-programacao-orcamentaria-e-financeira-referente-ao-primeiro-bimestre-de-2019\/#article","isPartOf":{"@id":"https:\/\/ingesto.org.br\/en\/decreto-de-programacao-orcamentaria-e-financeira-referente-ao-primeiro-bimestre-de-2019\/"},"author":{"name":"Ingesto","@id":"http:\/\/ingesto.org.br\/en\/#\/schema\/person\/b6b24d64bb11f377f79f5f35b9c466dc"},"headline":"Decreto de Programa\u00e7\u00e3o Or\u00e7ament\u00e1ria e Financeira referente ao primeiro bimestre de 2019","datePublished":"2019-04-02T00:18:46+00:00","mainEntityOfPage":{"@id":"https:\/\/ingesto.org.br\/en\/decreto-de-programacao-orcamentaria-e-financeira-referente-ao-primeiro-bimestre-de-2019\/"},"wordCount":342,"publisher":{"@id":"http:\/\/ingesto.org.br\/en\/#organization"},"image":{"@id":"https:\/\/ingesto.org.br\/en\/decreto-de-programacao-orcamentaria-e-financeira-referente-ao-primeiro-bimestre-de-2019\/#primaryimage"},"thumbnailUrl":"https:\/\/ingesto.org.br\/wp-content\/uploads\/2019\/04\/orcamento_uniao-scaled-1.jpg","keywords":["cronograma","decreto","ldo","loa","meta fiscal","OGU","Or\u00e7amento","poder executivo"],"articleSection":["Not\u00edcias"],"inLanguage":"en-US"},{"@type":"WebPage","@id":"https:\/\/ingesto.org.br\/en\/decreto-de-programacao-orcamentaria-e-financeira-referente-ao-primeiro-bimestre-de-2019\/","url":"https:\/\/ingesto.org.br\/en\/decreto-de-programacao-orcamentaria-e-financeira-referente-ao-primeiro-bimestre-de-2019\/","name":"Decreto de Programa\u00e7\u00e3o Or\u00e7ament\u00e1ria e Financeira referente ao primeiro bimestre de 2019 - Ingesto","isPartOf":{"@id":"http:\/\/ingesto.org.br\/en\/#website"},"primaryImageOfPage":{"@id":"https:\/\/ingesto.org.br\/en\/decreto-de-programacao-orcamentaria-e-financeira-referente-ao-primeiro-bimestre-de-2019\/#primaryimage"},"image":{"@id":"https:\/\/ingesto.org.br\/en\/decreto-de-programacao-orcamentaria-e-financeira-referente-ao-primeiro-bimestre-de-2019\/#primaryimage"},"thumbnailUrl":"https:\/\/ingesto.org.br\/wp-content\/uploads\/2019\/04\/orcamento_uniao-scaled-1.jpg","datePublished":"2019-04-02T00:18:46+00:00","breadcrumb":{"@id":"https:\/\/ingesto.org.br\/en\/decreto-de-programacao-orcamentaria-e-financeira-referente-ao-primeiro-bimestre-de-2019\/#breadcrumb"},"inLanguage":"en-US","potentialAction":[{"@type":"ReadAction","target":["https:\/\/ingesto.org.br\/en\/decreto-de-programacao-orcamentaria-e-financeira-referente-ao-primeiro-bimestre-de-2019\/"]}]},{"@type":"ImageObject","inLanguage":"en-US","@id":"https:\/\/ingesto.org.br\/en\/decreto-de-programacao-orcamentaria-e-financeira-referente-ao-primeiro-bimestre-de-2019\/#primaryimage","url":"https:\/\/ingesto.org.br\/wp-content\/uploads\/2019\/04\/orcamento_uniao-scaled-1.jpg","contentUrl":"https:\/\/ingesto.org.br\/wp-content\/uploads\/2019\/04\/orcamento_uniao-scaled-1.jpg","width":2560,"height":1692,"caption":"orcamento_uniao"},{"@type":"BreadcrumbList","@id":"https:\/\/ingesto.org.br\/en\/decreto-de-programacao-orcamentaria-e-financeira-referente-ao-primeiro-bimestre-de-2019\/#breadcrumb","itemListElement":[{"@type":"ListItem","position":1,"name":"In\u00edcio","item":"https:\/\/ingesto.org.br\/"},{"@type":"ListItem","position":2,"name":"Decreto de Programa\u00e7\u00e3o Or\u00e7ament\u00e1ria e Financeira referente ao primeiro bimestre de 2019"}]},{"@type":"WebSite","@id":"http:\/\/ingesto.org.br\/en\/#website","url":"http:\/\/ingesto.org.br\/en\/","name":"Institute","description":"Institute for Third Sector Management","publisher":{"@id":"http:\/\/ingesto.org.br\/en\/#organization"},"alternateName":"Ingesto","potentialAction":[{"@type":"SearchAction","target":{"@type":"EntryPoint","urlTemplate":"http:\/\/ingesto.org.br\/en\/?s={search_term_string}"},"query-input":{"@type":"PropertyValueSpecification","valueRequired":true,"valueName":"search_term_string"}}],"inLanguage":"en-US"},{"@type":"Organization","@id":"http:\/\/ingesto.org.br\/en\/#organization","name":"Ingesto","url":"http:\/\/ingesto.org.br\/en\/","logo":{"@type":"ImageObject","inLanguage":"en-US","@id":"http:\/\/ingesto.org.br\/en\/#\/schema\/logo\/image\/","url":"https:\/\/ingesto.org.br\/wp-content\/uploads\/2020\/11\/cropped-cropped-icone.png","contentUrl":"https:\/\/ingesto.org.br\/wp-content\/uploads\/2020\/11\/cropped-cropped-icone.png","width":512,"height":512,"caption":"Ingesto"},"image":{"@id":"http:\/\/ingesto.org.br\/en\/#\/schema\/logo\/image\/"},"sameAs":["https:\/\/www.facebook.com\/institutoingesto","https:\/\/x.com\/Ingestos","https:\/\/www.instagram.com\/institutoingesto\/","https:\/\/www.youtube.com\/@institutoingesto","https:\/\/www.linkedin.com\/in\/instituto-ingesto"]},{"@type":"Person","@id":"http:\/\/ingesto.org.br\/en\/#\/schema\/person\/b6b24d64bb11f377f79f5f35b9c466dc","name":"Ingesto","image":{"@type":"ImageObject","inLanguage":"en-US","@id":"https:\/\/ingesto.org.br\/wp-content\/litespeed\/avatar\/4d7201aed9dddada281d8ce59ea56991.jpg?ver=1776950236","url":"https:\/\/ingesto.org.br\/wp-content\/litespeed\/avatar\/4d7201aed9dddada281d8ce59ea56991.jpg?ver=1776950236","contentUrl":"https:\/\/ingesto.org.br\/wp-content\/litespeed\/avatar\/4d7201aed9dddada281d8ce59ea56991.jpg?ver=1776950236","caption":"Ingesto"},"sameAs":["http:\/\/ingesto.org.br"],"url":"https:\/\/ingesto.org.br\/en\/author\/instituto-ingesto\/"}]}},"jetpack_featured_media_url":"https:\/\/ingesto.org.br\/wp-content\/uploads\/2019\/04\/orcamento_uniao-scaled-1.jpg","jetpack_shortlink":"https:\/\/wp.me\/peji5g-xZ","acf":[],"_links":{"self":[{"href":"https:\/\/ingesto.org.br\/en\/wp-json\/wp\/v2\/posts\/2107","targetHints":{"allow":["GET"]}}],"collection":[{"href":"https:\/\/ingesto.org.br\/en\/wp-json\/wp\/v2\/posts"}],"about":[{"href":"https:\/\/ingesto.org.br\/en\/wp-json\/wp\/v2\/types\/post"}],"author":[{"embeddable":true,"href":"https:\/\/ingesto.org.br\/en\/wp-json\/wp\/v2\/users\/1"}],"replies":[{"embeddable":true,"href":"https:\/\/ingesto.org.br\/en\/wp-json\/wp\/v2\/comments?post=2107"}],"version-history":[{"count":0,"href":"https:\/\/ingesto.org.br\/en\/wp-json\/wp\/v2\/posts\/2107\/revisions"}],"wp:featuredmedia":[{"embeddable":true,"href":"https:\/\/ingesto.org.br\/en\/wp-json\/wp\/v2\/media\/2109"}],"wp:attachment":[{"href":"https:\/\/ingesto.org.br\/en\/wp-json\/wp\/v2\/media?parent=2107"}],"wp:term":[{"taxonomy":"category","embeddable":true,"href":"https:\/\/ingesto.org.br\/en\/wp-json\/wp\/v2\/categories?post=2107"},{"taxonomy":"post_tag","embeddable":true,"href":"https:\/\/ingesto.org.br\/en\/wp-json\/wp\/v2\/tags?post=2107"}],"curies":[{"name":"wp","href":"https:\/\/api.w.org\/{rel}","templated":true}]}}