{"id":20201,"date":"2026-04-30T12:47:25","date_gmt":"2026-04-30T15:47:25","guid":{"rendered":"https:\/\/ingesto.org.br\/?p=20201"},"modified":"2026-04-30T16:23:24","modified_gmt":"2026-04-30T19:23:24","slug":"cenario-terceiro-setor-abril-2026-editais-leis","status":"publish","type":"post","link":"https:\/\/ingesto.org.br\/en\/cenario-terceiro-setor-abril-2026-editais-leis\/","title":{"rendered":"Editais de Capta\u00e7\u00e3o e Novas Leis: O Cen\u00e1rio do Terceiro Setor em Abril de 2026!"},"content":{"rendered":"<figure class=\"wp-block-image\"><img decoding=\"async\" src=\"https:\/\/private-us-east-1.manuscdn.com\/sessionFile\/WZCJZer4F6LmG88Ke6fDQU\/sandbox\/LUIg5foreFsMNcV7JRk4WL-images_1777536808219_na1fn_L2hvbWUvdWJ1bnR1L1RhcmVmYXMgRGnDoXJpYXMgVGVyY2Vpcm8gU2V0b3IvMjAyNi0wNC0zMF8wNC0xNV9DdXJhZG9yaWEvaW1hZ2VzL2VkaXRhbF9jb25hYl9ibmRlc19hbWF6b25pYQ.webp?Policy=eyJTdGF0ZW1lbnQiOlt7IlJlc291cmNlIjoiaHR0cHM6Ly9wcml2YXRlLXVzLWVhc3QtMS5tYW51c2Nkbi5jb20vc2Vzc2lvbkZpbGUvV1pDSlplcjRGNkxtRzg4S2U2ZkRRVS9zYW5kYm94L0xVSWc1Zm9yZUZzTU5jVjdKUms0V0wtaW1hZ2VzXzE3Nzc1MzY4MDgyMTlfbmExZm5fTDJodmJXVXZkV0oxYm5SMUwxUmhjbVZtWVhNZ1JHbkRvWEpwWVhNZ1ZHVnlZMlZwY204Z1UyVjBiM0l2TWpBeU5pMHdOQzB6TUY4d05DMHhOVjlEZFhKaFpHOXlhV0V2YVcxaFoyVnpMMlZrYVhSaGJGOWpiMjVoWWw5aWJtUmxjMTloYldGNmIyNXBZUS53ZWJwIiwiQ29uZGl0aW9uIjp7IkRhdGVMZXNzVGhhbiI6eyJBV1M6RXBvY2hUaW1lIjoxNzk4NzYxNjAwfX19XX0_&amp;Key-Pair-Id=K2HSFNDJXOU9YS&amp;Signature=Rj4lMsR1mLyotBL9s4CvUw1h1bwPbXe5U5pY6~NsmoNFPArMsvVxe7FtP4MGAWggTPzLwf81ttsZ-b-EpCuffT-ZyVcWailE8cbEMGvLqfMx9suvularKyNTKBMQHN8jl3N6N-COZhTXVFTUFMpxGpcy7HbHe14~yvE2-TCa9wVjgvdGvkBBCw3L5wpfTC3ECpHb89lBhiNIY1HHQHUOibQqfwdFkTcpacIfG-XKIAkPJLYP5eWyzkARDge7Fh4uALdtnILZHLFSCDPtv8-P2YaoCzEG73nKDpXz6tIx6xRQuY17H-LTKjZwUA~caNxWpZAURRCeTNEgqvwexXAfjA__\" alt=\"Destaque: Capta\u00e7\u00e3o de Recursos\"\/><\/figure>\n\n\n\n<p>O cen\u00e1rio para as Organiza\u00e7\u00f5es da Sociedade Civil (OSCs) neste final de abril de 2026 est\u00e1 marcado por grandes oportunidades de financiamento, especialmente voltadas para a conserva\u00e7\u00e3o ambiental e direitos digitais. O destaque principal vai para o lan\u00e7amento do edital &#8220;Florestas e Comunidades: Amaz\u00f4nia Viva&#8221;, uma parceria estrat\u00e9gica entre a Conab e o BNDES. Esta iniciativa visa fortalecer comunidades ind\u00edgenas, tradicionais e a agricultura familiar na regi\u00e3o amaz\u00f4nica, oferecendo suporte financeiro para projetos que unem preserva\u00e7\u00e3o florestal e desenvolvimento sustent\u00e1vel.<\/p>\n\n\n\n<p>Al\u00e9m das oportunidades na Amaz\u00f4nia, o Fundo Brasil de Direitos Humanos anunciou um edital expressivo de at\u00e9 R$ 2 milh\u00f5es focado em direitos digitais e regula\u00e7\u00e3o de plataformas. O objetivo \u00e9 apoiar organiza\u00e7\u00f5es que lutam por um ambiente digital mais democr\u00e1tico e combatem a desinforma\u00e7\u00e3o. Outra frente importante de capta\u00e7\u00e3o \u00e9 o Fundo de Empoderamento Comunit\u00e1rio do Brasil, apoiado pela Apple, que permite que lideran\u00e7as locais conduzam a\u00e7\u00f5es ambientais de base, com inscri\u00e7\u00f5es abertas at\u00e9 o dia 8 de maio.<\/p>\n\n\n\n<p>No campo legislativo, o Senado Federal iniciou a tramita\u00e7\u00e3o do PL 427\/2026, que prop\u00f5e a cria\u00e7\u00e3o do Fundo Nacional de Apoio ao Terceiro Setor (FUNATS). De autoria do senador Izalci Lucas, o projeto busca garantir recursos permanentes para a estrutura\u00e7\u00e3o e governan\u00e7a das institui\u00e7\u00f5es privadas sem fins lucrativos que prestam servi\u00e7os p\u00fablicos. Paralelamente, a publica\u00e7\u00e3o da Lei n\u00ba 15.391\/2026 traz medidas excepcionais para parcerias em situa\u00e7\u00f5es de calamidade, oferecendo maior seguran\u00e7a jur\u00eddica e agilidade para as ONGs que atuam em contextos de emerg\u00eancia.<\/p>\n\n\n\n<h4 class=\"wp-block-heading\">Detalhes das Not\u00edcias<\/h4>\n\n\n\n<h5 class=\"wp-block-heading\">1. Conab e BNDES: Edital Amaz\u00f4nia Viva<\/h5>\n\n\n<div class=\"wp-block-image\">\n<figure class=\"aligncenter size-large\"><img fetchpriority=\"high\" decoding=\"async\" width=\"1024\" height=\"576\" src=\"https:\/\/ingesto.org.br\/wp-content\/uploads\/2026\/04\/image-220-1024x576.png\" alt=\"\" class=\"wp-image-20205\" srcset=\"https:\/\/ingesto.org.br\/wp-content\/uploads\/2026\/04\/image-220-1024x576.png 1024w, https:\/\/ingesto.org.br\/wp-content\/uploads\/2026\/04\/image-220-300x169.png 300w, https:\/\/ingesto.org.br\/wp-content\/uploads\/2026\/04\/image-220-768x432.png 768w, https:\/\/ingesto.org.br\/wp-content\/uploads\/2026\/04\/image-220-18x10.png 18w, https:\/\/ingesto.org.br\/wp-content\/uploads\/2026\/04\/image-220.png 1278w\" sizes=\"(max-width: 1024px) 100vw, 1024px\" \/><\/figure>\n<\/div>\n\n\n<p>A chamada apoia organiza\u00e7\u00f5es que atuam na linha de frente da conserva\u00e7\u00e3o. \u00c9 uma das maiores iniciativas de fomento direto para comunidades de base na regi\u00e3o.<\/p>\n\n\n\n<p>\u2022 Foco: Capta\u00e7\u00e3o de Recursos \/ Sustentabilidade<\/p>\n\n\n\n<p class=\"has-small-font-size\">Link: <a href=\"https:\/\/www.gov.br\/conab\/pt-br\/atuacao\/paa\/amazonia-viva\" target=\"_blank\" rel=\"noreferrer noopener\">Edital Amaz\u00f4nia Viva<\/a><br><a href=\"https:\/\/www.gov.br\/conab\/pt-br\/atuacao\/paa\/amazonia-viva\/edital-amazonia-viva\/edital-amazonia-viva\">Click here<\/a>&nbsp;para acessar o edital e anexos.<br><a href=\"http:\/\/forms.conab.gov.br\/index.php\/454239?lang=pt-BR\">Click here<\/a>&nbsp;para acessar o formul\u00e1rio de inscri\u00e7\u00e3o.<br><a href=\"https:\/\/www.gov.br\/conab\/pt-br\/atuacao\/paa\/amazonia-viva\/tutorial-formulario-de-inscricao.pdf\">Click here<\/a>&nbsp;para acessar o passo a passo para preenchimento do formul\u00e1rio de inscri\u00e7\u00e3o<br><a href=\"https:\/\/www.gov.br\/conab\/pt-br\/atuacao\/paa\/amazonia-viva\/videos-amazonia-viva\/videos-amazonia-viva\">Click here<\/a>&nbsp;para assistir os v\u00eddeos.<br><a href=\"https:\/\/www.gov.br\/conab\/pt-br\/atuacao\/paa\/amazonia-viva\/apresentacao-amazonia-viva.pdf\">Click here<\/a>&nbsp;para acessar a apresenta\u00e7\u00e3o em pdf.<br><a href=\"https:\/\/www.gov.br\/conab\/pt-br\/atuacao\/paa\/amazonia-viva\/apresentacao-na-1a-oficina-amazonia-viva.pdf\">Click here<\/a>&nbsp;para acessar a apresenta\u00e7\u00e3o realizada na&nbsp;I Oficina de Elabora\u00e7\u00e3o de Propostas da Chamada P\u00fablica Florestas e Comunidades: Amaz\u00f4nia Viva<\/p>\n\n\n\n<ul class=\"wp-block-list has-small-font-size\">\n<li><\/li>\n<\/ul>\n\n\n\n<h5 class=\"wp-block-heading\">2. Fundo Brasil: Direitos Digitais<\/h5>\n\n\n<div class=\"wp-block-image\">\n<figure class=\"aligncenter size-large\"><img decoding=\"async\" width=\"1024\" height=\"309\" src=\"https:\/\/ingesto.org.br\/wp-content\/uploads\/2026\/04\/image-218-1024x309.png\" alt=\"\" class=\"wp-image-20203\" srcset=\"https:\/\/ingesto.org.br\/wp-content\/uploads\/2026\/04\/image-218-1024x309.png 1024w, https:\/\/ingesto.org.br\/wp-content\/uploads\/2026\/04\/image-218-300x91.png 300w, https:\/\/ingesto.org.br\/wp-content\/uploads\/2026\/04\/image-218-768x232.png 768w, https:\/\/ingesto.org.br\/wp-content\/uploads\/2026\/04\/image-218-18x5.png 18w, https:\/\/ingesto.org.br\/wp-content\/uploads\/2026\/04\/image-218.png 1390w\" sizes=\"(max-width: 1024px) 100vw, 1024px\" \/><\/figure>\n<\/div>\n\n\n<p>Com um aporte de R$ 2 milh\u00f5es, o edital busca projetos que enfrentem os desafios da era digital, promovendo a justi\u00e7a social e a prote\u00e7\u00e3o de dados.<\/p>\n\n\n\n<h5 class=\"wp-block-heading\"><strong>QUANTIDADE E VALOR DOS APOIOS<\/strong><\/h5>\n\n\n\n<p>Por meio deste edital, ser\u00e3o doados at\u00e9 R$ 2.000.000,00 (dois milh\u00f5es de reais) para 20 projetos de organiza\u00e7\u00f5es da sociedade civil a serem executados em no m\u00e1ximo 12 meses, em dois eixos:&nbsp;<\/p>\n\n\n\n<ul class=\"wp-block-list\">\n<li><strong>Eixo 1 \u2013 Fortalecimento institucional:<\/strong>&nbsp;ser\u00e3o apoiadas 15 organiza\u00e7\u00f5es, grupos, movimentos e coletivos atuantes no campo de direitos digitais, com o valor de at\u00e9 R$80.000,00 (oitenta mil reais) cada, totalizando at\u00e9 R$1.200.000,00 (um milh\u00e3o e duzentos mil reais) em doa\u00e7\u00f5es.<\/li>\n\n\n\n<li><strong>Eixo 2 \u2013 Incid\u00eancia e litig\u00e2ncia estrat\u00e9gica:<\/strong>&nbsp;Ser\u00e3o apoiadas 5 organiza\u00e7\u00f5es de direitos humanos para atuar na agenda de regula\u00e7\u00e3o das plataformas digitais, com o valor de at\u00e9 R$160.000,00 (cento e sessenta mil reais) cada, totalizando at\u00e9 R$800.000,00 (oitocentos mil reais) em doa\u00e7\u00f5es.&nbsp;<\/li>\n<\/ul>\n\n\n\n<p>\u2022Foco: Capta\u00e7\u00e3o de Recursos \/ Direitos Humanos<\/p>\n\n\n\n<p class=\"has-small-font-size\">\u2022Link: <a href=\"https:\/\/www.fundobrasil.org.br\/edital\/direitos-digitais-2026\/\" target=\"_blank\" rel=\"noreferrer noopener\">Fundo Brasil<\/a><\/p>\n\n\n\n<h4 class=\"wp-block-heading\">3. PL 427\/2026: Fundo Nacional de Apoio ao Terceiro Setor<\/h4>\n\n\n<div class=\"wp-block-image\">\n<figure class=\"aligncenter size-full\"><img decoding=\"async\" width=\"600\" height=\"400\" src=\"https:\/\/ingesto.org.br\/wp-content\/uploads\/2026\/04\/image-222.png\" alt=\"\" class=\"wp-image-20208\" srcset=\"https:\/\/ingesto.org.br\/wp-content\/uploads\/2026\/04\/image-222.png 600w, https:\/\/ingesto.org.br\/wp-content\/uploads\/2026\/04\/image-222-300x200.png 300w, https:\/\/ingesto.org.br\/wp-content\/uploads\/2026\/04\/image-222-18x12.png 18w\" sizes=\"(max-width: 600px) 100vw, 600px\" \/><\/figure>\n<\/div>\n\n\n<p>O projeto pode mudar o patamar de sustentabilidade das OSCs no Brasil, criando uma fonte de recursos dedicada ao fortalecimento institucional.<\/p>\n\n\n\n<p>\u2022Foco: Legisla\u00e7\u00e3o \/ Sustentabilidade<\/p>\n\n\n\n<h5 class=\"wp-block-heading\">\u00c1udio<\/h5>\n\n\n\n<figure class=\"wp-block-audio\"><audio controls src=\"https:\/\/ingesto.org.br\/wp-content\/uploads\/2026\/04\/pl.mp3\"><\/audio><\/figure>\n\n\n\n<p>\u2022Link: <a href=\"https:\/\/www12.senado.leg.br\/noticias\/audios\/2026\/04\/projeto-autoriza-criacao-de-fundo-para-entidades-do-terceiro-setor\" rel=\"noreferrer noopener\" target=\"_blank\">Senado Not\u00edcias<\/a><\/p>\n\n\n\n<h5 class=\"wp-block-heading\">4. Lei n\u00ba 15.391\/2026: Parcerias em Calamidades<\/h5>\n\n\n<div class=\"wp-block-image\">\n<figure class=\"aligncenter size-full\"><img loading=\"lazy\" decoding=\"async\" width=\"860\" height=\"570\" src=\"https:\/\/ingesto.org.br\/wp-content\/uploads\/2026\/04\/image-224.png\" alt=\"\" class=\"wp-image-20210\" srcset=\"https:\/\/ingesto.org.br\/wp-content\/uploads\/2026\/04\/image-224.png 860w, https:\/\/ingesto.org.br\/wp-content\/uploads\/2026\/04\/image-224-300x199.png 300w, https:\/\/ingesto.org.br\/wp-content\/uploads\/2026\/04\/image-224-768x509.png 768w, https:\/\/ingesto.org.br\/wp-content\/uploads\/2026\/04\/image-224-18x12.png 18w\" sizes=\"(max-width: 860px) 100vw, 860px\" \/><\/figure>\n<\/div>\n\n\n<p>Nova legisla\u00e7\u00e3o que flexibiliza e protege parcerias entre o poder p\u00fablico e o terceiro setor em momentos cr\u00edticos de desastres naturais ou crises humanit\u00e1rias.<\/p>\n\n\n\n<p>\u2022Foco: Legisla\u00e7\u00e3o \/ Gest\u00e3o<\/p>\n\n\n\n<p class=\"has-small-font-size\">\u2022Fonte: <a href=\"https:\/\/ingesto.org.br\/en\/inovacao-legislacao-terceiro-setor-abril-2026\/\" target=\"_blank\" rel=\"noreferrer noopener\">Ingesto \/ Instagram ComissaoTerceiroSetorCE<\/a><\/p>\n\n\n\n<div class=\"ingesto-donate-cta\" role=\"region\" aria-label=\"Apoiar o Ingesto\">\n  <p class=\"ingesto-donate-text\">\n    O Ingesto \u00e9 mantido exclusivamente por doa\u00e7\u00f5es volunt\u00e1rias.<br>\n    Se este conte\u00fado foi \u00fatil para voc\u00ea, considere apoiar a manuten\u00e7\u00e3o da plataforma.\n  <\/p>\n\n  <a class=\"ingesto-donate-btn\" href=\"https:\/\/ingesto.org.br\/en\/colabore\/\" data-cta=\"donate-post-footer\">\n    Apoiar o Ingesto\n  <\/a>\n\n<p class=\"ingesto-donate-note\">\n  Leva menos de um minuto.\n<\/p>\n<\/div>","protected":false},"excerpt":{"rendered":"<p>A Companhia Nacional de Abastecimento \u2013 CONAB e o Banco Nacional de Desenvolvimento Econ\u00f4mico e Social \u2013 BNDES, por meio da disponibilidade de recursos do Fundo Amaz\u00f4nia \u2013 apresentam o projeto \u201cFlorestas e Comunidades: Amaz\u00f4nia Viva\u201d, que tem como objetivo o fortalecimento social e econ\u00f4mico de organiza\u00e7\u00f5es produtivas de povos ind\u00edgenas, povos e comunidades tradicionais e agricultores familiares (PIPCTAFs). Com investimento total de R$ 96 milh\u00f5es, pretende-se ampliar o acesso a mercados de alimentos e produtos da sociobiodiversidade Amaz\u00f4nica, o fornecimento de alimentos para o Programa de Aquisi\u00e7\u00e3o de Alimentos (PAA), para o Programa Nacional de Alimenta\u00e7\u00e3o Escolar (PNAE), al\u00e9m do acesso a opera\u00e7\u00f5es do Programa de Valoriza\u00e7\u00e3o da Sociobiodiversidade e do Extrativismo (SocioBio Mais).<\/p>","protected":false},"author":1,"featured_media":20205,"comment_status":"open","ping_status":"open","sticky":false,"template":"","format":"standard","meta":{"give_campaign_id":0,"_yoast_wpseo_focuskw":"chamamento p\u00fablico","_yoast_wpseo_title":"","_yoast_wpseo_metadesc":"Confira as principais not\u00edcias do terceiro setor: novos editais da Conab\/BNDES e Fundo Brasil, al\u00e9m da tramita\u00e7\u00e3o do PL 427\/2026 que cria o Fundo Nacional de Apoio ao Terceiro Setor.","_joinchat":[],"footnotes":""},"categories":[282,29],"tags":[6903,589,4702,4723,6902,6901,182,6904],"class_list":["post-20201","post","type-post","status-publish","format-standard","has-post-thumbnail","hentry","category-editais","category-noticias","tag-bndes-amazonia","tag-captacao-de-recursos","tag-editais-sociais","tag-fundo-brasil","tag-legislacao-ongs","tag-pl-427-2026","tag-terceiro-setor","tag-voluntariado-brasil"],"yoast_head":"<!-- This site is optimized with the Yoast SEO plugin v27.5 - https:\/\/yoast.com\/product\/yoast-seo-wordpress\/ -->\n<title>Editais de Capta\u00e7\u00e3o e Novas Leis: O Cen\u00e1rio do Terceiro Setor em Abril de 2026! - Ingesto<\/title>\n<meta name=\"description\" content=\"Confira as principais not\u00edcias do terceiro setor: novos editais da Conab\/BNDES e Fundo Brasil, al\u00e9m da tramita\u00e7\u00e3o do PL 427\/2026 que cria o Fundo Nacional de Apoio ao Terceiro Setor.\" \/>\n<meta name=\"robots\" content=\"index, follow, max-snippet:-1, max-image-preview:large, max-video-preview:-1\" \/>\n<link rel=\"canonical\" href=\"https:\/\/ingesto.org.br\/en\/cenario-terceiro-setor-abril-2026-editais-leis\/\" \/>\n<meta property=\"og:locale\" content=\"en_US\" \/>\n<meta property=\"og:type\" content=\"article\" \/>\n<meta property=\"og:title\" content=\"Editais de Capta\u00e7\u00e3o e Novas Leis: O Cen\u00e1rio do Terceiro Setor em Abril de 2026! - Ingesto\" \/>\n<meta property=\"og:description\" content=\"Confira as principais not\u00edcias do terceiro setor: novos editais da Conab\/BNDES e Fundo Brasil, al\u00e9m da tramita\u00e7\u00e3o do PL 427\/2026 que cria o Fundo Nacional de Apoio ao Terceiro Setor.\" \/>\n<meta property=\"og:url\" content=\"https:\/\/ingesto.org.br\/en\/cenario-terceiro-setor-abril-2026-editais-leis\/\" \/>\n<meta property=\"og:site_name\" content=\"Ingesto\" \/>\n<meta property=\"article:publisher\" content=\"https:\/\/www.facebook.com\/institutoingesto\" \/>\n<meta property=\"article:published_time\" content=\"2026-04-30T15:47:25+00:00\" \/>\n<meta property=\"article:modified_time\" content=\"2026-04-30T19:23:24+00:00\" \/>\n<meta property=\"og:image\" content=\"https:\/\/ingesto.org.br\/wp-content\/uploads\/2026\/04\/image-220.png\" \/>\n\t<meta property=\"og:image:width\" content=\"1278\" \/>\n\t<meta property=\"og:image:height\" content=\"719\" \/>\n\t<meta property=\"og:image:type\" content=\"image\/png\" \/>\n<meta name=\"author\" content=\"Ingesto\" \/>\n<meta name=\"twitter:card\" content=\"summary_large_image\" \/>\n<meta name=\"twitter:creator\" content=\"@Ingestos\" \/>\n<meta name=\"twitter:site\" content=\"@Ingestos\" \/>\n<meta name=\"twitter:label1\" content=\"Written by\" \/>\n\t<meta name=\"twitter:data1\" content=\"Ingesto\" \/>\n\t<meta name=\"twitter:label2\" content=\"Est. reading time\" \/>\n\t<meta name=\"twitter:data2\" content=\"5 minutes\" \/>\n<script type=\"application\/ld+json\" class=\"yoast-schema-graph\">{\"@context\":\"https:\\\/\\\/schema.org\",\"@graph\":[{\"@type\":\"Article\",\"@id\":\"https:\\\/\\\/ingesto.org.br\\\/cenario-terceiro-setor-abril-2026-editais-leis\\\/#article\",\"isPartOf\":{\"@id\":\"https:\\\/\\\/ingesto.org.br\\\/cenario-terceiro-setor-abril-2026-editais-leis\\\/\"},\"author\":{\"name\":\"Ingesto\",\"@id\":\"http:\\\/\\\/ingesto.org.br\\\/en\\\/#\\\/schema\\\/person\\\/b6b24d64bb11f377f79f5f35b9c466dc\"},\"headline\":\"Editais de Capta\u00e7\u00e3o e Novas Leis: O Cen\u00e1rio do Terceiro Setor em Abril de 2026!\",\"datePublished\":\"2026-04-30T15:47:25+00:00\",\"dateModified\":\"2026-04-30T19:23:24+00:00\",\"mainEntityOfPage\":{\"@id\":\"https:\\\/\\\/ingesto.org.br\\\/cenario-terceiro-setor-abril-2026-editais-leis\\\/\"},\"wordCount\":674,\"commentCount\":0,\"publisher\":{\"@id\":\"http:\\\/\\\/ingesto.org.br\\\/en\\\/#organization\"},\"image\":{\"@id\":\"https:\\\/\\\/ingesto.org.br\\\/cenario-terceiro-setor-abril-2026-editais-leis\\\/#primaryimage\"},\"thumbnailUrl\":\"https:\\\/\\\/ingesto.org.br\\\/wp-content\\\/uploads\\\/2026\\\/04\\\/image-220.png\",\"keywords\":[\"BNDES Amaz\u00f4nia\",\"Capta\u00e7\u00e3o de Recursos\",\"Editais Sociais\",\"Fundo Brasil\",\"legisla\u00e7\u00e3o ONGs\",\"PL 427\\\/2026\",\"terceiro setor\",\"voluntariado Brasil\"],\"articleSection\":[\"Editais\",\"Not\u00edcias\"],\"inLanguage\":\"en-US\",\"potentialAction\":[{\"@type\":\"CommentAction\",\"name\":\"Comment\",\"target\":[\"https:\\\/\\\/ingesto.org.br\\\/cenario-terceiro-setor-abril-2026-editais-leis\\\/#respond\"]}]},{\"@type\":\"WebPage\",\"@id\":\"https:\\\/\\\/ingesto.org.br\\\/cenario-terceiro-setor-abril-2026-editais-leis\\\/\",\"url\":\"https:\\\/\\\/ingesto.org.br\\\/cenario-terceiro-setor-abril-2026-editais-leis\\\/\",\"name\":\"Editais de Capta\u00e7\u00e3o e Novas Leis: O Cen\u00e1rio do Terceiro Setor em Abril de 2026! - Ingesto\",\"isPartOf\":{\"@id\":\"http:\\\/\\\/ingesto.org.br\\\/en\\\/#website\"},\"primaryImageOfPage\":{\"@id\":\"https:\\\/\\\/ingesto.org.br\\\/cenario-terceiro-setor-abril-2026-editais-leis\\\/#primaryimage\"},\"image\":{\"@id\":\"https:\\\/\\\/ingesto.org.br\\\/cenario-terceiro-setor-abril-2026-editais-leis\\\/#primaryimage\"},\"thumbnailUrl\":\"https:\\\/\\\/ingesto.org.br\\\/wp-content\\\/uploads\\\/2026\\\/04\\\/image-220.png\",\"datePublished\":\"2026-04-30T15:47:25+00:00\",\"dateModified\":\"2026-04-30T19:23:24+00:00\",\"description\":\"Confira as principais not\u00edcias do terceiro setor: novos editais da Conab\\\/BNDES e Fundo Brasil, al\u00e9m da tramita\u00e7\u00e3o do PL 427\\\/2026 que cria o Fundo Nacional de Apoio ao Terceiro Setor.\",\"breadcrumb\":{\"@id\":\"https:\\\/\\\/ingesto.org.br\\\/cenario-terceiro-setor-abril-2026-editais-leis\\\/#breadcrumb\"},\"inLanguage\":\"en-US\",\"potentialAction\":[{\"@type\":\"ReadAction\",\"target\":[\"https:\\\/\\\/ingesto.org.br\\\/cenario-terceiro-setor-abril-2026-editais-leis\\\/\"]}]},{\"@type\":\"ImageObject\",\"inLanguage\":\"en-US\",\"@id\":\"https:\\\/\\\/ingesto.org.br\\\/cenario-terceiro-setor-abril-2026-editais-leis\\\/#primaryimage\",\"url\":\"https:\\\/\\\/ingesto.org.br\\\/wp-content\\\/uploads\\\/2026\\\/04\\\/image-220.png\",\"contentUrl\":\"https:\\\/\\\/ingesto.org.br\\\/wp-content\\\/uploads\\\/2026\\\/04\\\/image-220.png\",\"width\":1278,\"height\":719},{\"@type\":\"BreadcrumbList\",\"@id\":\"https:\\\/\\\/ingesto.org.br\\\/cenario-terceiro-setor-abril-2026-editais-leis\\\/#breadcrumb\",\"itemListElement\":[{\"@type\":\"ListItem\",\"position\":1,\"name\":\"In\u00edcio\",\"item\":\"https:\\\/\\\/ingesto.org.br\\\/\"},{\"@type\":\"ListItem\",\"position\":2,\"name\":\"Editais de Capta\u00e7\u00e3o e Novas Leis: O Cen\u00e1rio do Terceiro Setor em Abril de 2026!\"}]},{\"@type\":\"WebSite\",\"@id\":\"http:\\\/\\\/ingesto.org.br\\\/en\\\/#website\",\"url\":\"http:\\\/\\\/ingesto.org.br\\\/en\\\/\",\"name\":\"Instituto\",\"description\":\"Instituto para Gest\u00e3o do Terceiro Setor\",\"publisher\":{\"@id\":\"http:\\\/\\\/ingesto.org.br\\\/en\\\/#organization\"},\"alternateName\":\"Ingesto\",\"potentialAction\":[{\"@type\":\"SearchAction\",\"target\":{\"@type\":\"EntryPoint\",\"urlTemplate\":\"http:\\\/\\\/ingesto.org.br\\\/en\\\/?s={search_term_string}\"},\"query-input\":{\"@type\":\"PropertyValueSpecification\",\"valueRequired\":true,\"valueName\":\"search_term_string\"}}],\"inLanguage\":\"en-US\"},{\"@type\":\"Organization\",\"@id\":\"http:\\\/\\\/ingesto.org.br\\\/en\\\/#organization\",\"name\":\"Ingesto\",\"url\":\"http:\\\/\\\/ingesto.org.br\\\/en\\\/\",\"logo\":{\"@type\":\"ImageObject\",\"inLanguage\":\"en-US\",\"@id\":\"http:\\\/\\\/ingesto.org.br\\\/en\\\/#\\\/schema\\\/logo\\\/image\\\/\",\"url\":\"https:\\\/\\\/ingesto.org.br\\\/wp-content\\\/uploads\\\/2020\\\/11\\\/cropped-cropped-icone.png\",\"contentUrl\":\"https:\\\/\\\/ingesto.org.br\\\/wp-content\\\/uploads\\\/2020\\\/11\\\/cropped-cropped-icone.png\",\"width\":512,\"height\":512,\"caption\":\"Ingesto\"},\"image\":{\"@id\":\"http:\\\/\\\/ingesto.org.br\\\/en\\\/#\\\/schema\\\/logo\\\/image\\\/\"},\"sameAs\":[\"https:\\\/\\\/www.facebook.com\\\/institutoingesto\",\"https:\\\/\\\/x.com\\\/Ingestos\",\"https:\\\/\\\/www.instagram.com\\\/institutoingesto\\\/\",\"https:\\\/\\\/www.youtube.com\\\/@institutoingesto\",\"https:\\\/\\\/www.linkedin.com\\\/in\\\/instituto-ingesto\"]},{\"@type\":\"Person\",\"@id\":\"http:\\\/\\\/ingesto.org.br\\\/en\\\/#\\\/schema\\\/person\\\/b6b24d64bb11f377f79f5f35b9c466dc\",\"name\":\"Ingesto\",\"image\":{\"@type\":\"ImageObject\",\"inLanguage\":\"en-US\",\"@id\":\"https:\\\/\\\/ingesto.org.br\\\/wp-content\\\/litespeed\\\/avatar\\\/4d7201aed9dddada281d8ce59ea56991.jpg?ver=1777502375\",\"url\":\"https:\\\/\\\/ingesto.org.br\\\/wp-content\\\/litespeed\\\/avatar\\\/4d7201aed9dddada281d8ce59ea56991.jpg?ver=1777502375\",\"contentUrl\":\"https:\\\/\\\/ingesto.org.br\\\/wp-content\\\/litespeed\\\/avatar\\\/4d7201aed9dddada281d8ce59ea56991.jpg?ver=1777502375\",\"caption\":\"Ingesto\"},\"sameAs\":[\"http:\\\/\\\/ingesto.org.br\"],\"url\":\"https:\\\/\\\/ingesto.org.br\\\/en\\\/author\\\/instituto-ingesto\\\/\"}]}<\/script>\n<!-- \/ Yoast SEO plugin. -->","yoast_head_json":{"title":"Editais de Capta\u00e7\u00e3o e Novas Leis: O Cen\u00e1rio do Terceiro Setor em Abril de 2026! - Ingesto","description":"Confira as principais not\u00edcias do terceiro setor: novos editais da Conab\/BNDES e Fundo Brasil, al\u00e9m da tramita\u00e7\u00e3o do PL 427\/2026 que cria o Fundo Nacional de Apoio ao Terceiro Setor.","robots":{"index":"index","follow":"follow","max-snippet":"max-snippet:-1","max-image-preview":"max-image-preview:large","max-video-preview":"max-video-preview:-1"},"canonical":"https:\/\/ingesto.org.br\/en\/cenario-terceiro-setor-abril-2026-editais-leis\/","og_locale":"en_US","og_type":"article","og_title":"Editais de Capta\u00e7\u00e3o e Novas Leis: O Cen\u00e1rio do Terceiro Setor em Abril de 2026! - Ingesto","og_description":"Confira as principais not\u00edcias do terceiro setor: novos editais da Conab\/BNDES e Fundo Brasil, al\u00e9m da tramita\u00e7\u00e3o do PL 427\/2026 que cria o Fundo Nacional de Apoio ao Terceiro Setor.","og_url":"https:\/\/ingesto.org.br\/en\/cenario-terceiro-setor-abril-2026-editais-leis\/","og_site_name":"Ingesto","article_publisher":"https:\/\/www.facebook.com\/institutoingesto","article_published_time":"2026-04-30T15:47:25+00:00","article_modified_time":"2026-04-30T19:23:24+00:00","og_image":[{"width":1278,"height":719,"url":"https:\/\/ingesto.org.br\/wp-content\/uploads\/2026\/04\/image-220.png","type":"image\/png"}],"author":"Ingesto","twitter_card":"summary_large_image","twitter_creator":"@Ingestos","twitter_site":"@Ingestos","twitter_misc":{"Written by":"Ingesto","Est. reading time":"5 minutes"},"schema":{"@context":"https:\/\/schema.org","@graph":[{"@type":"Article","@id":"https:\/\/ingesto.org.br\/cenario-terceiro-setor-abril-2026-editais-leis\/#article","isPartOf":{"@id":"https:\/\/ingesto.org.br\/cenario-terceiro-setor-abril-2026-editais-leis\/"},"author":{"name":"Ingesto","@id":"http:\/\/ingesto.org.br\/en\/#\/schema\/person\/b6b24d64bb11f377f79f5f35b9c466dc"},"headline":"Editais de Capta\u00e7\u00e3o e Novas Leis: O Cen\u00e1rio do Terceiro Setor em Abril de 2026!","datePublished":"2026-04-30T15:47:25+00:00","dateModified":"2026-04-30T19:23:24+00:00","mainEntityOfPage":{"@id":"https:\/\/ingesto.org.br\/cenario-terceiro-setor-abril-2026-editais-leis\/"},"wordCount":674,"commentCount":0,"publisher":{"@id":"http:\/\/ingesto.org.br\/en\/#organization"},"image":{"@id":"https:\/\/ingesto.org.br\/cenario-terceiro-setor-abril-2026-editais-leis\/#primaryimage"},"thumbnailUrl":"https:\/\/ingesto.org.br\/wp-content\/uploads\/2026\/04\/image-220.png","keywords":["BNDES Amaz\u00f4nia","Capta\u00e7\u00e3o de Recursos","Editais Sociais","Fundo Brasil","legisla\u00e7\u00e3o ONGs","PL 427\/2026","terceiro setor","voluntariado Brasil"],"articleSection":["Editais","Not\u00edcias"],"inLanguage":"en-US","potentialAction":[{"@type":"CommentAction","name":"Comment","target":["https:\/\/ingesto.org.br\/cenario-terceiro-setor-abril-2026-editais-leis\/#respond"]}]},{"@type":"WebPage","@id":"https:\/\/ingesto.org.br\/cenario-terceiro-setor-abril-2026-editais-leis\/","url":"https:\/\/ingesto.org.br\/cenario-terceiro-setor-abril-2026-editais-leis\/","name":"Editais de Capta\u00e7\u00e3o e Novas Leis: O Cen\u00e1rio do Terceiro Setor em Abril de 2026! - Ingesto","isPartOf":{"@id":"http:\/\/ingesto.org.br\/en\/#website"},"primaryImageOfPage":{"@id":"https:\/\/ingesto.org.br\/cenario-terceiro-setor-abril-2026-editais-leis\/#primaryimage"},"image":{"@id":"https:\/\/ingesto.org.br\/cenario-terceiro-setor-abril-2026-editais-leis\/#primaryimage"},"thumbnailUrl":"https:\/\/ingesto.org.br\/wp-content\/uploads\/2026\/04\/image-220.png","datePublished":"2026-04-30T15:47:25+00:00","dateModified":"2026-04-30T19:23:24+00:00","description":"Confira as principais not\u00edcias do terceiro setor: novos editais da Conab\/BNDES e Fundo Brasil, al\u00e9m da tramita\u00e7\u00e3o do PL 427\/2026 que cria o Fundo Nacional de Apoio ao Terceiro Setor.","breadcrumb":{"@id":"https:\/\/ingesto.org.br\/cenario-terceiro-setor-abril-2026-editais-leis\/#breadcrumb"},"inLanguage":"en-US","potentialAction":[{"@type":"ReadAction","target":["https:\/\/ingesto.org.br\/cenario-terceiro-setor-abril-2026-editais-leis\/"]}]},{"@type":"ImageObject","inLanguage":"en-US","@id":"https:\/\/ingesto.org.br\/cenario-terceiro-setor-abril-2026-editais-leis\/#primaryimage","url":"https:\/\/ingesto.org.br\/wp-content\/uploads\/2026\/04\/image-220.png","contentUrl":"https:\/\/ingesto.org.br\/wp-content\/uploads\/2026\/04\/image-220.png","width":1278,"height":719},{"@type":"BreadcrumbList","@id":"https:\/\/ingesto.org.br\/cenario-terceiro-setor-abril-2026-editais-leis\/#breadcrumb","itemListElement":[{"@type":"ListItem","position":1,"name":"In\u00edcio","item":"https:\/\/ingesto.org.br\/"},{"@type":"ListItem","position":2,"name":"Editais de Capta\u00e7\u00e3o e Novas Leis: O Cen\u00e1rio do Terceiro Setor em Abril de 2026!"}]},{"@type":"WebSite","@id":"http:\/\/ingesto.org.br\/en\/#website","url":"http:\/\/ingesto.org.br\/en\/","name":"Institute","description":"Institute for Third Sector Management","publisher":{"@id":"http:\/\/ingesto.org.br\/en\/#organization"},"alternateName":"Ingesto","potentialAction":[{"@type":"SearchAction","target":{"@type":"EntryPoint","urlTemplate":"http:\/\/ingesto.org.br\/en\/?s={search_term_string}"},"query-input":{"@type":"PropertyValueSpecification","valueRequired":true,"valueName":"search_term_string"}}],"inLanguage":"en-US"},{"@type":"Organization","@id":"http:\/\/ingesto.org.br\/en\/#organization","name":"Ingesto","url":"http:\/\/ingesto.org.br\/en\/","logo":{"@type":"ImageObject","inLanguage":"en-US","@id":"http:\/\/ingesto.org.br\/en\/#\/schema\/logo\/image\/","url":"https:\/\/ingesto.org.br\/wp-content\/uploads\/2020\/11\/cropped-cropped-icone.png","contentUrl":"https:\/\/ingesto.org.br\/wp-content\/uploads\/2020\/11\/cropped-cropped-icone.png","width":512,"height":512,"caption":"Ingesto"},"image":{"@id":"http:\/\/ingesto.org.br\/en\/#\/schema\/logo\/image\/"},"sameAs":["https:\/\/www.facebook.com\/institutoingesto","https:\/\/x.com\/Ingestos","https:\/\/www.instagram.com\/institutoingesto\/","https:\/\/www.youtube.com\/@institutoingesto","https:\/\/www.linkedin.com\/in\/instituto-ingesto"]},{"@type":"Person","@id":"http:\/\/ingesto.org.br\/en\/#\/schema\/person\/b6b24d64bb11f377f79f5f35b9c466dc","name":"Ingesto","image":{"@type":"ImageObject","inLanguage":"en-US","@id":"https:\/\/ingesto.org.br\/wp-content\/litespeed\/avatar\/4d7201aed9dddada281d8ce59ea56991.jpg?ver=1777502375","url":"https:\/\/ingesto.org.br\/wp-content\/litespeed\/avatar\/4d7201aed9dddada281d8ce59ea56991.jpg?ver=1777502375","contentUrl":"https:\/\/ingesto.org.br\/wp-content\/litespeed\/avatar\/4d7201aed9dddada281d8ce59ea56991.jpg?ver=1777502375","caption":"Ingesto"},"sameAs":["http:\/\/ingesto.org.br"],"url":"https:\/\/ingesto.org.br\/en\/author\/instituto-ingesto\/"}]}},"jetpack_featured_media_url":"https:\/\/ingesto.org.br\/wp-content\/uploads\/2026\/04\/image-220.png","jetpack_shortlink":"https:\/\/wp.me\/peji5g-5fP","acf":[],"_links":{"self":[{"href":"https:\/\/ingesto.org.br\/en\/wp-json\/wp\/v2\/posts\/20201","targetHints":{"allow":["GET"]}}],"collection":[{"href":"https:\/\/ingesto.org.br\/en\/wp-json\/wp\/v2\/posts"}],"about":[{"href":"https:\/\/ingesto.org.br\/en\/wp-json\/wp\/v2\/types\/post"}],"author":[{"embeddable":true,"href":"https:\/\/ingesto.org.br\/en\/wp-json\/wp\/v2\/users\/1"}],"replies":[{"embeddable":true,"href":"https:\/\/ingesto.org.br\/en\/wp-json\/wp\/v2\/comments?post=20201"}],"version-history":[{"count":3,"href":"https:\/\/ingesto.org.br\/en\/wp-json\/wp\/v2\/posts\/20201\/revisions"}],"predecessor-version":[{"id":20299,"href":"https:\/\/ingesto.org.br\/en\/wp-json\/wp\/v2\/posts\/20201\/revisions\/20299"}],"wp:featuredmedia":[{"embeddable":true,"href":"https:\/\/ingesto.org.br\/en\/wp-json\/wp\/v2\/media\/20205"}],"wp:attachment":[{"href":"https:\/\/ingesto.org.br\/en\/wp-json\/wp\/v2\/media?parent=20201"}],"wp:term":[{"taxonomy":"category","embeddable":true,"href":"https:\/\/ingesto.org.br\/en\/wp-json\/wp\/v2\/categories?post=20201"},{"taxonomy":"post_tag","embeddable":true,"href":"https:\/\/ingesto.org.br\/en\/wp-json\/wp\/v2\/tags?post=20201"}],"curies":[{"name":"wp","href":"https:\/\/api.w.org\/{rel}","templated":true}]}}