{"id":20155,"date":"2026-04-28T05:56:24","date_gmt":"2026-04-28T08:56:24","guid":{"rendered":"https:\/\/ingesto.org.br\/?p=20155"},"modified":"2026-04-28T05:56:27","modified_gmt":"2026-04-28T08:56:27","slug":"fundo-brasil-e-fundo-casa-abrem-r-45-milhoes-em-recursos","status":"publish","type":"post","link":"https:\/\/ingesto.org.br\/en\/fundo-brasil-e-fundo-casa-abrem-r-45-milhoes-em-recursos\/","title":{"rendered":"Fundo Brasil e Fundo Casa Abrem Editais Milion\u00e1rios para o Terceiro Setor em 2026!"},"content":{"rendered":"<p>O cen\u00e1rio de capta\u00e7\u00e3o de recursos para o terceiro setor em 2026 inicia a \u00faltima semana de abril com oportunidades significativas. O Fundo Brasil de Direitos Humanos anunciou a abertura de um edital com aporte de at\u00e9 R$ 2 milh\u00f5es voltado para projetos que combatem a desinforma\u00e7\u00e3o e promovem a regula\u00e7\u00e3o de plataformas digitais sob a \u00f3tica dos direitos humanos. Esta iniciativa \u00e9 crucial em um ano onde a integridade democr\u00e1tica enfrenta desafios crescentes devido ao uso de intelig\u00eancia artificial e fake news.<\/p>\n\n\n\n<figure class=\"wp-block-image\"><img decoding=\"async\" src=\"https:\/\/private-us-east-1.manuscdn.com\/sessionFile\/79eV3x2GUu9y6ebuUttwTm\/sandbox\/TcqVpbtErxVrxpyfBCTNL3-images_1777363613013_na1fn_L2hvbWUvdWJ1bnR1L1RhcmVmYXMgRGnDoXJpYXMgVGVyY2Vpcm8gU2V0b3IvMjAyNi0wNC0yOF8wNC0wMF9Ob3RpY2lhcy9pbWFnZXMvZnVuZG9fYnJhc2lsXzIwMjY.webp?Policy=eyJTdGF0ZW1lbnQiOlt7IlJlc291cmNlIjoiaHR0cHM6Ly9wcml2YXRlLXVzLWVhc3QtMS5tYW51c2Nkbi5jb20vc2Vzc2lvbkZpbGUvNzllVjN4MkdVdTl5NmVidVV0dHdUbS9zYW5kYm94L1RjcVZwYnRFcnhWcnhweWZCQ1ROTDMtaW1hZ2VzXzE3NzczNjM2MTMwMTNfbmExZm5fTDJodmJXVXZkV0oxYm5SMUwxUmhjbVZtWVhNZ1JHbkRvWEpwWVhNZ1ZHVnlZMlZwY204Z1UyVjBiM0l2TWpBeU5pMHdOQzB5T0Y4d05DMHdNRjlPYjNScFkybGhjeTlwYldGblpYTXZablZ1Wkc5ZlluSmhjMmxzWHpJd01qWS53ZWJwIiwiQ29uZGl0aW9uIjp7IkRhdGVMZXNzVGhhbiI6eyJBV1M6RXBvY2hUaW1lIjoxNzk4NzYxNjAwfX19XX0_&amp;Key-Pair-Id=K2HSFNDJXOU9YS&amp;Signature=VBf9vm1hefe8qcLg2oQmKQSU17rF0AHAHo2EMKRhVac6EDu6a-YOSzl2Dj68opYnnNrbXFo483R7vTKDcgMF6mt9Nh4t2jnZ3wuZMRJeoHzGLYFLOl8Q43i5E3J0vTUqzXvzAX1MLqaZf6fH45b0GSB0QbZ6j8s1qDUvUyG~tKHy348bamDYMCo9Y2GezOXn5D6jZFR19SVTq--HeFoISSuBG4rNtCEkTHA6DyxuTMuya613K4Bj3IpUq-MU~QKQdIexiSlfq-SPEQtnR2cDCgT9OwgsFCPFMbezx3THugsBjST76xNpvXQMaPMhJHwa--PhkbYSnk9LB1MuIbOT1A__\" alt=\"Fundo Brasil 2026\"\/><\/figure>\n\n\n\n<p>Al\u00e9m disso, o Fundo Casa Socioambiental lan\u00e7ou uma chamada que destinar\u00e1 R$ 2,5 milh\u00f5es para fortalecer organiza\u00e7\u00f5es comunit\u00e1rias na Amaz\u00f4nia e no Nordeste. O foco est\u00e1 na justi\u00e7a socioambiental e na transi\u00e7\u00e3o energ\u00e9tica, apoiando comunidades que lutam pela defesa de seus territ\u00f3rios. Estas oportunidades refor\u00e7am a import\u00e2ncia de estrat\u00e9gias s\u00f3lidas de capta\u00e7\u00e3o para as ONGs brasileiras, permitindo a sustentabilidade de projetos de base com alto impacto social.<\/p>\n\n\n\n<h4 class=\"wp-block-heading\">Frente Parlamentar Define Prioridades Legislativas<\/h4>\n\n\n<div class=\"wp-block-image\">\n<figure class=\"aligncenter is-resized\"><img decoding=\"async\" src=\"https:\/\/private-us-east-1.manuscdn.com\/sessionFile\/79eV3x2GUu9y6ebuUttwTm\/sandbox\/TcqVpbtErxVrxpyfBCTNL3-images_1777363613013_na1fn_L2hvbWUvdWJ1bnR1L1RhcmVmYXMgRGnDoXJpYXMgVGVyY2Vpcm8gU2V0b3IvMjAyNi0wNC0yOF8wNC0wMF9Ob3RpY2lhcy9pbWFnZXMvZnJlbnRlX3BhcmxhbWVudGFyXzIwMjY.webp?Policy=eyJTdGF0ZW1lbnQiOlt7IlJlc291cmNlIjoiaHR0cHM6Ly9wcml2YXRlLXVzLWVhc3QtMS5tYW51c2Nkbi5jb20vc2Vzc2lvbkZpbGUvNzllVjN4MkdVdTl5NmVidVV0dHdUbS9zYW5kYm94L1RjcVZwYnRFcnhWcnhweWZCQ1ROTDMtaW1hZ2VzXzE3NzczNjM2MTMwMTNfbmExZm5fTDJodmJXVXZkV0oxYm5SMUwxUmhjbVZtWVhNZ1JHbkRvWEpwWVhNZ1ZHVnlZMlZwY204Z1UyVjBiM0l2TWpBeU5pMHdOQzB5T0Y4d05DMHdNRjlPYjNScFkybGhjeTlwYldGblpYTXZabkpsYm5SbFgzQmhjbXhoYldWdWRHRnlYekl3TWpZLndlYnAiLCJDb25kaXRpb24iOnsiRGF0ZUxlc3NUaGFuIjp7IkFXUzpFcG9jaFRpbWUiOjE3OTg3NjE2MDB9fX1dfQ__&amp;Key-Pair-Id=K2HSFNDJXOU9YS&amp;Signature=ST~lO6wh~OpsuGp9iLnrmrDmqKxt5qKg6EVRgYboVdETvu0QRUtVOeaoEa1KfbgREMPCE-wbyP8~WRiFLfli13wacZORcSMjAcTpVCK-AZ7K8j8NHy7d~azqyeVjaRCFKcczIS5QJa2UXiR7aEmM1N0niK03g1Kc~K0yyhjbJoYqVkzLI4QqUZiGZXSxmQj7dOQbv9psn1oSFZBB7qcagY73Oxp5xD1RZX~BMjWZEPkDi-t2iIrxcfWWa3MjFioraFXsNyWTdd9miKb7E7F8o5HAUHBzFPE~yRkjY9cq-snGREj-H0ymT9mKA1d20BcdCkHQTe8crhBR4g08EhbN3w__\" alt=\"Frente Parlamentar 2026\" style=\"aspect-ratio:1.7333399592506087;width:415px;height:auto\"\/><\/figure>\n<\/div>\n\n\n<p>No campo da legisla\u00e7\u00e3o, a nova mesa diretora da Frente Parlamentar Mista em Defesa das Organiza\u00e7\u00f5es da Sociedade Civil estabeleceu suas prioridades para 2026. O compromisso central \u00e9 o fortalecimento do Marco Regulat\u00f3rio do Terceiro Setor (MROSC) e a cria\u00e7\u00e3o de mecanismos que facilitem a sustentabilidade financeira das institui\u00e7\u00f5es. A Frente busca atuar como uma ponte entre as demandas das ONGs e o Congresso Nacional, garantindo que o ambiente jur\u00eddico seja favor\u00e1vel ao desenvolvimento social.<\/p>\n\n\n\n<p>A articula\u00e7\u00e3o pol\u00edtica \u00e9 vista como um pilar essencial para a prote\u00e7\u00e3o do espa\u00e7o c\u00edvico no Brasil. Entre as metas discutidas, destaca-se a simplifica\u00e7\u00e3o de processos burocr\u00e1ticos para parcerias p\u00fablicas e a promo\u00e7\u00e3o de incentivos fiscais que estimulem a cultura de doa\u00e7\u00e3o no pa\u00eds. Este movimento legislativo ocorre em paralelo a projetos como o PL 427\/2026, que prop\u00f5e a cria\u00e7\u00e3o de um Fundo Nacional de Apoio ao Terceiro Setor.<\/p>\n\n\n\n<h4 class=\"wp-block-heading\">Sustentabilidade Comunit\u00e1ria e Apoio Internacional<\/h4>\n\n\n<div class=\"wp-block-image\">\n<figure class=\"aligncenter\"><img decoding=\"async\" src=\"https:\/\/private-us-east-1.manuscdn.com\/sessionFile\/79eV3x2GUu9y6ebuUttwTm\/sandbox\/TcqVpbtErxVrxpyfBCTNL3-images_1777363613013_na1fn_L2hvbWUvdWJ1bnR1L1RhcmVmYXMgRGnDoXJpYXMgVGVyY2Vpcm8gU2V0b3IvMjAyNi0wNC0yOF8wNC0wMF9Ob3RpY2lhcy9pbWFnZXMvZnVuZG9fZW1wb2RlcmFtZW50b18yMDI2.webp?Policy=eyJTdGF0ZW1lbnQiOlt7IlJlc291cmNlIjoiaHR0cHM6Ly9wcml2YXRlLXVzLWVhc3QtMS5tYW51c2Nkbi5jb20vc2Vzc2lvbkZpbGUvNzllVjN4MkdVdTl5NmVidVV0dHdUbS9zYW5kYm94L1RjcVZwYnRFcnhWcnhweWZCQ1ROTDMtaW1hZ2VzXzE3NzczNjM2MTMwMTNfbmExZm5fTDJodmJXVXZkV0oxYm5SMUwxUmhjbVZtWVhNZ1JHbkRvWEpwWVhNZ1ZHVnlZMlZwY204Z1UyVjBiM0l2TWpBeU5pMHdOQzB5T0Y4d05DMHdNRjlPYjNScFkybGhjeTlwYldGblpYTXZablZ1Wkc5ZlpXMXdiMlJsY21GdFpXNTBiMTh5TURJMi53ZWJwIiwiQ29uZGl0aW9uIjp7IkRhdGVMZXNzVGhhbiI6eyJBV1M6RXBvY2hUaW1lIjoxNzk4NzYxNjAwfX19XX0_&amp;Key-Pair-Id=K2HSFNDJXOU9YS&amp;Signature=PVcnwUswpC8txJFckIUGk2UKqcgv-cJaaJwu~eASqzEahiVtwJZjMsPUg6IQpZ0soJ3cFNRjAQuPA9g9c3DUuku-YOiMNz-jH7LegpW~G9DiKTcZcbpu4iROLitOExHsrqsjU0BZXt1gkunMpdX2G16ol~tOgXXOHuHgH1TaIqPTKIouAHZRleLCbrVJGEV70b6twSLrfFg8B8oTAUaVC3dbC5dQ2q3j~5GkXX0Ddi0EBSVl67lxYbolMRF59JoQ5Ow5t7b-2QcELjYDk4pa7ZYoM-OOjKDCW98UnA1MQOxT7dVpa-THDNllmnSMJPucjAbj-e1wZKkF5nP1eY~8Cg__\" alt=\"Fundo de Empoderamento 2026\"\/><\/figure>\n<\/div>\n\n\n<p>O Fundo de Empoderamento Comunit\u00e1rio do Brasil, uma iniciativa da ChangeX com apoio da Apple, tamb\u00e9m est\u00e1 com inscri\u00e7\u00f5es abertas at\u00e9 o dia 8 de maio. O fundo visa apoiar projetos locais de sustentabilidade liderados pelas pr\u00f3prias comunidades, permitindo que solu\u00e7\u00f5es ambientais de base recebam o investimento necess\u00e1rio para prosperar. \u00c9 uma oportunidade \u00edmpar para coletivos que buscam autonomia e impacto direto em seus territ\u00f3rios atrav\u00e9s de a\u00e7\u00f5es pr\u00e1ticas e inovadoras.<\/p>\n\n\n\n<p>No \u00e2mbito internacional, a UNESCO abriu inscri\u00e7\u00f5es para seu fundo de apoio a projetos culturais em pa\u00edses emergentes. A chamada foca no fortalecimento de pol\u00edticas culturais e no empreendedorismo criativo, oferecendo recursos para iniciativas que democratizam o acesso \u00e0 cultura e aos mercados. Para as organiza\u00e7\u00f5es brasileiras que atuam no setor cultural, este edital representa uma via importante de financiamento externo e reconhecimento global de suas atividades.<\/p>\n\n\n\n<div class=\"ingesto-donate-cta\" role=\"region\" aria-label=\"Apoiar o Ingesto\">\n  <p class=\"ingesto-donate-text\">\n    O Ingesto \u00e9 mantido exclusivamente por doa\u00e7\u00f5es volunt\u00e1rias.<br>\n    Se este conte\u00fado foi \u00fatil para voc\u00ea, considere apoiar a manuten\u00e7\u00e3o da plataforma.\n  <\/p>\n\n  <a class=\"ingesto-donate-btn\" href=\"https:\/\/ingesto.org.br\/en\/colabore\/\" data-cta=\"donate-post-footer\">\n    Apoiar o Ingesto\n  <\/a>\n\n<p class=\"ingesto-donate-note\">\n  Leva menos de um minuto.\n<\/p>\n<\/div>","protected":false},"excerpt":{"rendered":"<p>Confira os principais editais abertos para o terceiro setor em abril de 2026. Fundo Brasil e Fundo Casa anunciam mais de R$ 4,5 milh\u00f5es para projetos sociais e ambientais.<\/p>","protected":false},"author":1,"featured_media":20156,"comment_status":"open","ping_status":"open","sticky":false,"template":"","format":"standard","meta":{"give_campaign_id":0,"_yoast_wpseo_focuskw":"Fundo Brasil e Fundo Casa Abrem R$ 4.5 Milh\u00f5es em Recursos","_yoast_wpseo_title":"","_yoast_wpseo_metadesc":"Confira os principais editais abertos para o terceiro setor em abril de 2026. Fundo Brasil e Fundo Casa anunciam mais de R$ 4,5 milh\u00f5es para projetos sociais e ambientais.","_joinchat":[],"footnotes":""},"categories":[282,29],"tags":[4723,6897],"class_list":["post-20155","post","type-post","status-publish","format-standard","has-post-thumbnail","hentry","category-editais","category-noticias","tag-fundo-brasil","tag-fundo-casa-socoioambiental"],"yoast_head":"<!-- This site is optimized with the Yoast SEO plugin v27.5 - https:\/\/yoast.com\/product\/yoast-seo-wordpress\/ -->\n<title>Fundo Brasil e Fundo Casa Abrem Editais Milion\u00e1rios para o Terceiro Setor em 2026! - Ingesto<\/title>\n<meta name=\"description\" content=\"Confira os principais editais abertos para o terceiro setor em abril de 2026. Fundo Brasil e Fundo Casa anunciam mais de R$ 4,5 milh\u00f5es para projetos sociais e ambientais.\" \/>\n<meta name=\"robots\" content=\"index, follow, max-snippet:-1, max-image-preview:large, max-video-preview:-1\" \/>\n<link rel=\"canonical\" href=\"https:\/\/ingesto.org.br\/en\/fundo-brasil-e-fundo-casa-abrem-r-45-milhoes-em-recursos\/\" \/>\n<meta property=\"og:locale\" content=\"en_US\" \/>\n<meta property=\"og:type\" content=\"article\" \/>\n<meta property=\"og:title\" content=\"Fundo Brasil e Fundo Casa Abrem Editais Milion\u00e1rios para o Terceiro Setor em 2026! - Ingesto\" \/>\n<meta property=\"og:description\" content=\"Confira os principais editais abertos para o terceiro setor em abril de 2026. Fundo Brasil e Fundo Casa anunciam mais de R$ 4,5 milh\u00f5es para projetos sociais e ambientais.\" \/>\n<meta property=\"og:url\" content=\"https:\/\/ingesto.org.br\/en\/fundo-brasil-e-fundo-casa-abrem-r-45-milhoes-em-recursos\/\" \/>\n<meta property=\"og:site_name\" content=\"Ingesto\" \/>\n<meta property=\"article:publisher\" content=\"https:\/\/www.facebook.com\/institutoingesto\" \/>\n<meta property=\"article:published_time\" content=\"2026-04-28T08:56:24+00:00\" \/>\n<meta property=\"article:modified_time\" content=\"2026-04-28T08:56:27+00:00\" \/>\n<meta property=\"og:image\" content=\"https:\/\/ingesto.org.br\/wp-content\/uploads\/2026\/04\/fundocasasocioambiental.png\" \/>\n\t<meta property=\"og:image:width\" content=\"1279\" \/>\n\t<meta property=\"og:image:height\" content=\"720\" \/>\n\t<meta property=\"og:image:type\" content=\"image\/png\" \/>\n<meta name=\"author\" content=\"Ingesto\" \/>\n<meta name=\"twitter:card\" content=\"summary_large_image\" \/>\n<meta name=\"twitter:creator\" content=\"@Ingestos\" \/>\n<meta name=\"twitter:site\" content=\"@Ingestos\" \/>\n<meta name=\"twitter:label1\" content=\"Written by\" \/>\n\t<meta name=\"twitter:data1\" content=\"Ingesto\" \/>\n\t<meta name=\"twitter:label2\" content=\"Est. reading time\" \/>\n\t<meta name=\"twitter:data2\" content=\"4 minutes\" \/>\n<script type=\"application\/ld+json\" class=\"yoast-schema-graph\">{\"@context\":\"https:\\\/\\\/schema.org\",\"@graph\":[{\"@type\":\"Article\",\"@id\":\"https:\\\/\\\/ingesto.org.br\\\/fundo-brasil-e-fundo-casa-abrem-r-45-milhoes-em-recursos\\\/#article\",\"isPartOf\":{\"@id\":\"https:\\\/\\\/ingesto.org.br\\\/fundo-brasil-e-fundo-casa-abrem-r-45-milhoes-em-recursos\\\/\"},\"author\":{\"name\":\"Ingesto\",\"@id\":\"http:\\\/\\\/ingesto.org.br\\\/en\\\/#\\\/schema\\\/person\\\/b6b24d64bb11f377f79f5f35b9c466dc\"},\"headline\":\"Fundo Brasil e Fundo Casa Abrem Editais Milion\u00e1rios para o Terceiro Setor em 2026!\",\"datePublished\":\"2026-04-28T08:56:24+00:00\",\"dateModified\":\"2026-04-28T08:56:27+00:00\",\"mainEntityOfPage\":{\"@id\":\"https:\\\/\\\/ingesto.org.br\\\/fundo-brasil-e-fundo-casa-abrem-r-45-milhoes-em-recursos\\\/\"},\"wordCount\":502,\"commentCount\":0,\"publisher\":{\"@id\":\"http:\\\/\\\/ingesto.org.br\\\/en\\\/#organization\"},\"image\":{\"@id\":\"https:\\\/\\\/ingesto.org.br\\\/fundo-brasil-e-fundo-casa-abrem-r-45-milhoes-em-recursos\\\/#primaryimage\"},\"thumbnailUrl\":\"https:\\\/\\\/ingesto.org.br\\\/wp-content\\\/uploads\\\/2026\\\/04\\\/fundocasasocioambiental.png\",\"keywords\":[\"Fundo Brasil\",\"Fundo Casa Socoioambiental\"],\"articleSection\":[\"Editais\",\"Not\u00edcias\"],\"inLanguage\":\"en-US\",\"potentialAction\":[{\"@type\":\"CommentAction\",\"name\":\"Comment\",\"target\":[\"https:\\\/\\\/ingesto.org.br\\\/fundo-brasil-e-fundo-casa-abrem-r-45-milhoes-em-recursos\\\/#respond\"]}]},{\"@type\":\"WebPage\",\"@id\":\"https:\\\/\\\/ingesto.org.br\\\/fundo-brasil-e-fundo-casa-abrem-r-45-milhoes-em-recursos\\\/\",\"url\":\"https:\\\/\\\/ingesto.org.br\\\/fundo-brasil-e-fundo-casa-abrem-r-45-milhoes-em-recursos\\\/\",\"name\":\"Fundo Brasil e Fundo Casa Abrem Editais Milion\u00e1rios para o Terceiro Setor em 2026! - Ingesto\",\"isPartOf\":{\"@id\":\"http:\\\/\\\/ingesto.org.br\\\/en\\\/#website\"},\"primaryImageOfPage\":{\"@id\":\"https:\\\/\\\/ingesto.org.br\\\/fundo-brasil-e-fundo-casa-abrem-r-45-milhoes-em-recursos\\\/#primaryimage\"},\"image\":{\"@id\":\"https:\\\/\\\/ingesto.org.br\\\/fundo-brasil-e-fundo-casa-abrem-r-45-milhoes-em-recursos\\\/#primaryimage\"},\"thumbnailUrl\":\"https:\\\/\\\/ingesto.org.br\\\/wp-content\\\/uploads\\\/2026\\\/04\\\/fundocasasocioambiental.png\",\"datePublished\":\"2026-04-28T08:56:24+00:00\",\"dateModified\":\"2026-04-28T08:56:27+00:00\",\"description\":\"Confira os principais editais abertos para o terceiro setor em abril de 2026. Fundo Brasil e Fundo Casa anunciam mais de R$ 4,5 milh\u00f5es para projetos sociais e ambientais.\",\"breadcrumb\":{\"@id\":\"https:\\\/\\\/ingesto.org.br\\\/fundo-brasil-e-fundo-casa-abrem-r-45-milhoes-em-recursos\\\/#breadcrumb\"},\"inLanguage\":\"en-US\",\"potentialAction\":[{\"@type\":\"ReadAction\",\"target\":[\"https:\\\/\\\/ingesto.org.br\\\/fundo-brasil-e-fundo-casa-abrem-r-45-milhoes-em-recursos\\\/\"]}]},{\"@type\":\"ImageObject\",\"inLanguage\":\"en-US\",\"@id\":\"https:\\\/\\\/ingesto.org.br\\\/fundo-brasil-e-fundo-casa-abrem-r-45-milhoes-em-recursos\\\/#primaryimage\",\"url\":\"https:\\\/\\\/ingesto.org.br\\\/wp-content\\\/uploads\\\/2026\\\/04\\\/fundocasasocioambiental.png\",\"contentUrl\":\"https:\\\/\\\/ingesto.org.br\\\/wp-content\\\/uploads\\\/2026\\\/04\\\/fundocasasocioambiental.png\",\"width\":1279,\"height\":720},{\"@type\":\"BreadcrumbList\",\"@id\":\"https:\\\/\\\/ingesto.org.br\\\/fundo-brasil-e-fundo-casa-abrem-r-45-milhoes-em-recursos\\\/#breadcrumb\",\"itemListElement\":[{\"@type\":\"ListItem\",\"position\":1,\"name\":\"In\u00edcio\",\"item\":\"https:\\\/\\\/ingesto.org.br\\\/\"},{\"@type\":\"ListItem\",\"position\":2,\"name\":\"Fundo Brasil e Fundo Casa Abrem Editais Milion\u00e1rios para o Terceiro Setor em 2026!\"}]},{\"@type\":\"WebSite\",\"@id\":\"http:\\\/\\\/ingesto.org.br\\\/en\\\/#website\",\"url\":\"http:\\\/\\\/ingesto.org.br\\\/en\\\/\",\"name\":\"Instituto\",\"description\":\"Instituto para Gest\u00e3o do Terceiro Setor\",\"publisher\":{\"@id\":\"http:\\\/\\\/ingesto.org.br\\\/en\\\/#organization\"},\"alternateName\":\"Ingesto\",\"potentialAction\":[{\"@type\":\"SearchAction\",\"target\":{\"@type\":\"EntryPoint\",\"urlTemplate\":\"http:\\\/\\\/ingesto.org.br\\\/en\\\/?s={search_term_string}\"},\"query-input\":{\"@type\":\"PropertyValueSpecification\",\"valueRequired\":true,\"valueName\":\"search_term_string\"}}],\"inLanguage\":\"en-US\"},{\"@type\":\"Organization\",\"@id\":\"http:\\\/\\\/ingesto.org.br\\\/en\\\/#organization\",\"name\":\"Ingesto\",\"url\":\"http:\\\/\\\/ingesto.org.br\\\/en\\\/\",\"logo\":{\"@type\":\"ImageObject\",\"inLanguage\":\"en-US\",\"@id\":\"http:\\\/\\\/ingesto.org.br\\\/en\\\/#\\\/schema\\\/logo\\\/image\\\/\",\"url\":\"https:\\\/\\\/ingesto.org.br\\\/wp-content\\\/uploads\\\/2020\\\/11\\\/cropped-cropped-icone.png\",\"contentUrl\":\"https:\\\/\\\/ingesto.org.br\\\/wp-content\\\/uploads\\\/2020\\\/11\\\/cropped-cropped-icone.png\",\"width\":512,\"height\":512,\"caption\":\"Ingesto\"},\"image\":{\"@id\":\"http:\\\/\\\/ingesto.org.br\\\/en\\\/#\\\/schema\\\/logo\\\/image\\\/\"},\"sameAs\":[\"https:\\\/\\\/www.facebook.com\\\/institutoingesto\",\"https:\\\/\\\/x.com\\\/Ingestos\",\"https:\\\/\\\/www.instagram.com\\\/institutoingesto\\\/\",\"https:\\\/\\\/www.youtube.com\\\/@institutoingesto\",\"https:\\\/\\\/www.linkedin.com\\\/in\\\/instituto-ingesto\"]},{\"@type\":\"Person\",\"@id\":\"http:\\\/\\\/ingesto.org.br\\\/en\\\/#\\\/schema\\\/person\\\/b6b24d64bb11f377f79f5f35b9c466dc\",\"name\":\"Ingesto\",\"image\":{\"@type\":\"ImageObject\",\"inLanguage\":\"en-US\",\"@id\":\"https:\\\/\\\/ingesto.org.br\\\/wp-content\\\/litespeed\\\/avatar\\\/4d7201aed9dddada281d8ce59ea56991.jpg?ver=1777502375\",\"url\":\"https:\\\/\\\/ingesto.org.br\\\/wp-content\\\/litespeed\\\/avatar\\\/4d7201aed9dddada281d8ce59ea56991.jpg?ver=1777502375\",\"contentUrl\":\"https:\\\/\\\/ingesto.org.br\\\/wp-content\\\/litespeed\\\/avatar\\\/4d7201aed9dddada281d8ce59ea56991.jpg?ver=1777502375\",\"caption\":\"Ingesto\"},\"sameAs\":[\"http:\\\/\\\/ingesto.org.br\"],\"url\":\"https:\\\/\\\/ingesto.org.br\\\/en\\\/author\\\/instituto-ingesto\\\/\"}]}<\/script>\n<!-- \/ Yoast SEO plugin. -->","yoast_head_json":{"title":"Fundo Brasil e Fundo Casa Abrem Editais Milion\u00e1rios para o Terceiro Setor em 2026! - Ingesto","description":"Confira os principais editais abertos para o terceiro setor em abril de 2026. Fundo Brasil e Fundo Casa anunciam mais de R$ 4,5 milh\u00f5es para projetos sociais e ambientais.","robots":{"index":"index","follow":"follow","max-snippet":"max-snippet:-1","max-image-preview":"max-image-preview:large","max-video-preview":"max-video-preview:-1"},"canonical":"https:\/\/ingesto.org.br\/en\/fundo-brasil-e-fundo-casa-abrem-r-45-milhoes-em-recursos\/","og_locale":"en_US","og_type":"article","og_title":"Fundo Brasil e Fundo Casa Abrem Editais Milion\u00e1rios para o Terceiro Setor em 2026! - Ingesto","og_description":"Confira os principais editais abertos para o terceiro setor em abril de 2026. Fundo Brasil e Fundo Casa anunciam mais de R$ 4,5 milh\u00f5es para projetos sociais e ambientais.","og_url":"https:\/\/ingesto.org.br\/en\/fundo-brasil-e-fundo-casa-abrem-r-45-milhoes-em-recursos\/","og_site_name":"Ingesto","article_publisher":"https:\/\/www.facebook.com\/institutoingesto","article_published_time":"2026-04-28T08:56:24+00:00","article_modified_time":"2026-04-28T08:56:27+00:00","og_image":[{"width":1279,"height":720,"url":"https:\/\/ingesto.org.br\/wp-content\/uploads\/2026\/04\/fundocasasocioambiental.png","type":"image\/png"}],"author":"Ingesto","twitter_card":"summary_large_image","twitter_creator":"@Ingestos","twitter_site":"@Ingestos","twitter_misc":{"Written by":"Ingesto","Est. reading time":"4 minutes"},"schema":{"@context":"https:\/\/schema.org","@graph":[{"@type":"Article","@id":"https:\/\/ingesto.org.br\/fundo-brasil-e-fundo-casa-abrem-r-45-milhoes-em-recursos\/#article","isPartOf":{"@id":"https:\/\/ingesto.org.br\/fundo-brasil-e-fundo-casa-abrem-r-45-milhoes-em-recursos\/"},"author":{"name":"Ingesto","@id":"http:\/\/ingesto.org.br\/en\/#\/schema\/person\/b6b24d64bb11f377f79f5f35b9c466dc"},"headline":"Fundo Brasil e Fundo Casa Abrem Editais Milion\u00e1rios para o Terceiro Setor em 2026!","datePublished":"2026-04-28T08:56:24+00:00","dateModified":"2026-04-28T08:56:27+00:00","mainEntityOfPage":{"@id":"https:\/\/ingesto.org.br\/fundo-brasil-e-fundo-casa-abrem-r-45-milhoes-em-recursos\/"},"wordCount":502,"commentCount":0,"publisher":{"@id":"http:\/\/ingesto.org.br\/en\/#organization"},"image":{"@id":"https:\/\/ingesto.org.br\/fundo-brasil-e-fundo-casa-abrem-r-45-milhoes-em-recursos\/#primaryimage"},"thumbnailUrl":"https:\/\/ingesto.org.br\/wp-content\/uploads\/2026\/04\/fundocasasocioambiental.png","keywords":["Fundo Brasil","Fundo Casa Socoioambiental"],"articleSection":["Editais","Not\u00edcias"],"inLanguage":"en-US","potentialAction":[{"@type":"CommentAction","name":"Comment","target":["https:\/\/ingesto.org.br\/fundo-brasil-e-fundo-casa-abrem-r-45-milhoes-em-recursos\/#respond"]}]},{"@type":"WebPage","@id":"https:\/\/ingesto.org.br\/fundo-brasil-e-fundo-casa-abrem-r-45-milhoes-em-recursos\/","url":"https:\/\/ingesto.org.br\/fundo-brasil-e-fundo-casa-abrem-r-45-milhoes-em-recursos\/","name":"Fundo Brasil e Fundo Casa Abrem Editais Milion\u00e1rios para o Terceiro Setor em 2026! - Ingesto","isPartOf":{"@id":"http:\/\/ingesto.org.br\/en\/#website"},"primaryImageOfPage":{"@id":"https:\/\/ingesto.org.br\/fundo-brasil-e-fundo-casa-abrem-r-45-milhoes-em-recursos\/#primaryimage"},"image":{"@id":"https:\/\/ingesto.org.br\/fundo-brasil-e-fundo-casa-abrem-r-45-milhoes-em-recursos\/#primaryimage"},"thumbnailUrl":"https:\/\/ingesto.org.br\/wp-content\/uploads\/2026\/04\/fundocasasocioambiental.png","datePublished":"2026-04-28T08:56:24+00:00","dateModified":"2026-04-28T08:56:27+00:00","description":"Confira os principais editais abertos para o terceiro setor em abril de 2026. Fundo Brasil e Fundo Casa anunciam mais de R$ 4,5 milh\u00f5es para projetos sociais e ambientais.","breadcrumb":{"@id":"https:\/\/ingesto.org.br\/fundo-brasil-e-fundo-casa-abrem-r-45-milhoes-em-recursos\/#breadcrumb"},"inLanguage":"en-US","potentialAction":[{"@type":"ReadAction","target":["https:\/\/ingesto.org.br\/fundo-brasil-e-fundo-casa-abrem-r-45-milhoes-em-recursos\/"]}]},{"@type":"ImageObject","inLanguage":"en-US","@id":"https:\/\/ingesto.org.br\/fundo-brasil-e-fundo-casa-abrem-r-45-milhoes-em-recursos\/#primaryimage","url":"https:\/\/ingesto.org.br\/wp-content\/uploads\/2026\/04\/fundocasasocioambiental.png","contentUrl":"https:\/\/ingesto.org.br\/wp-content\/uploads\/2026\/04\/fundocasasocioambiental.png","width":1279,"height":720},{"@type":"BreadcrumbList","@id":"https:\/\/ingesto.org.br\/fundo-brasil-e-fundo-casa-abrem-r-45-milhoes-em-recursos\/#breadcrumb","itemListElement":[{"@type":"ListItem","position":1,"name":"In\u00edcio","item":"https:\/\/ingesto.org.br\/"},{"@type":"ListItem","position":2,"name":"Fundo Brasil e Fundo Casa Abrem Editais Milion\u00e1rios para o Terceiro Setor em 2026!"}]},{"@type":"WebSite","@id":"http:\/\/ingesto.org.br\/en\/#website","url":"http:\/\/ingesto.org.br\/en\/","name":"Institute","description":"Institute for Third Sector Management","publisher":{"@id":"http:\/\/ingesto.org.br\/en\/#organization"},"alternateName":"Ingesto","potentialAction":[{"@type":"SearchAction","target":{"@type":"EntryPoint","urlTemplate":"http:\/\/ingesto.org.br\/en\/?s={search_term_string}"},"query-input":{"@type":"PropertyValueSpecification","valueRequired":true,"valueName":"search_term_string"}}],"inLanguage":"en-US"},{"@type":"Organization","@id":"http:\/\/ingesto.org.br\/en\/#organization","name":"Ingesto","url":"http:\/\/ingesto.org.br\/en\/","logo":{"@type":"ImageObject","inLanguage":"en-US","@id":"http:\/\/ingesto.org.br\/en\/#\/schema\/logo\/image\/","url":"https:\/\/ingesto.org.br\/wp-content\/uploads\/2020\/11\/cropped-cropped-icone.png","contentUrl":"https:\/\/ingesto.org.br\/wp-content\/uploads\/2020\/11\/cropped-cropped-icone.png","width":512,"height":512,"caption":"Ingesto"},"image":{"@id":"http:\/\/ingesto.org.br\/en\/#\/schema\/logo\/image\/"},"sameAs":["https:\/\/www.facebook.com\/institutoingesto","https:\/\/x.com\/Ingestos","https:\/\/www.instagram.com\/institutoingesto\/","https:\/\/www.youtube.com\/@institutoingesto","https:\/\/www.linkedin.com\/in\/instituto-ingesto"]},{"@type":"Person","@id":"http:\/\/ingesto.org.br\/en\/#\/schema\/person\/b6b24d64bb11f377f79f5f35b9c466dc","name":"Ingesto","image":{"@type":"ImageObject","inLanguage":"en-US","@id":"https:\/\/ingesto.org.br\/wp-content\/litespeed\/avatar\/4d7201aed9dddada281d8ce59ea56991.jpg?ver=1777502375","url":"https:\/\/ingesto.org.br\/wp-content\/litespeed\/avatar\/4d7201aed9dddada281d8ce59ea56991.jpg?ver=1777502375","contentUrl":"https:\/\/ingesto.org.br\/wp-content\/litespeed\/avatar\/4d7201aed9dddada281d8ce59ea56991.jpg?ver=1777502375","caption":"Ingesto"},"sameAs":["http:\/\/ingesto.org.br"],"url":"https:\/\/ingesto.org.br\/en\/author\/instituto-ingesto\/"}]}},"jetpack_featured_media_url":"https:\/\/ingesto.org.br\/wp-content\/uploads\/2026\/04\/fundocasasocioambiental.png","jetpack_shortlink":"https:\/\/wp.me\/peji5g-5f5","acf":[],"_links":{"self":[{"href":"https:\/\/ingesto.org.br\/en\/wp-json\/wp\/v2\/posts\/20155","targetHints":{"allow":["GET"]}}],"collection":[{"href":"https:\/\/ingesto.org.br\/en\/wp-json\/wp\/v2\/posts"}],"about":[{"href":"https:\/\/ingesto.org.br\/en\/wp-json\/wp\/v2\/types\/post"}],"author":[{"embeddable":true,"href":"https:\/\/ingesto.org.br\/en\/wp-json\/wp\/v2\/users\/1"}],"replies":[{"embeddable":true,"href":"https:\/\/ingesto.org.br\/en\/wp-json\/wp\/v2\/comments?post=20155"}],"version-history":[{"count":1,"href":"https:\/\/ingesto.org.br\/en\/wp-json\/wp\/v2\/posts\/20155\/revisions"}],"predecessor-version":[{"id":20157,"href":"https:\/\/ingesto.org.br\/en\/wp-json\/wp\/v2\/posts\/20155\/revisions\/20157"}],"wp:featuredmedia":[{"embeddable":true,"href":"https:\/\/ingesto.org.br\/en\/wp-json\/wp\/v2\/media\/20156"}],"wp:attachment":[{"href":"https:\/\/ingesto.org.br\/en\/wp-json\/wp\/v2\/media?parent=20155"}],"wp:term":[{"taxonomy":"category","embeddable":true,"href":"https:\/\/ingesto.org.br\/en\/wp-json\/wp\/v2\/categories?post=20155"},{"taxonomy":"post_tag","embeddable":true,"href":"https:\/\/ingesto.org.br\/en\/wp-json\/wp\/v2\/tags?post=20155"}],"curies":[{"name":"wp","href":"https:\/\/api.w.org\/{rel}","templated":true}]}}