{"id":20133,"date":"2026-04-27T09:00:00","date_gmt":"2026-04-27T12:00:00","guid":{"rendered":"https:\/\/ingesto.org.br\/?p=20133"},"modified":"2026-04-28T05:22:38","modified_gmt":"2026-04-28T08:22:38","slug":"noticias-terceiro-setor-edital-bndes-imunidade-itcmd-e-amazonia","status":"publish","type":"post","link":"https:\/\/ingesto.org.br\/en\/noticias-terceiro-setor-edital-bndes-imunidade-itcmd-e-amazonia\/","title":{"rendered":"Not\u00edcias Terceiro Setor: Edital BNDES, Imunidade ITCMD e Amaz\u00f4nia"},"content":{"rendered":"\n<h4 class=\"wp-block-heading\" id=\"bndes-fundo-social\">BNDES abre nova sele\u00e7\u00e3o p\u00fablica para o Fundo Social<\/h4>\n\n\n<div class=\"wp-block-image\">\n<figure class=\"aligncenter size-full is-resized\"><img fetchpriority=\"high\" decoding=\"async\" width=\"276\" height=\"183\" src=\"https:\/\/ingesto.org.br\/wp-content\/uploads\/2026\/04\/image-202.png\" alt=\"\" class=\"wp-image-20139\" style=\"width:555px;height:auto\" srcset=\"https:\/\/ingesto.org.br\/wp-content\/uploads\/2026\/04\/image-202.png 276w, https:\/\/ingesto.org.br\/wp-content\/uploads\/2026\/04\/image-202-18x12.png 18w\" sizes=\"(max-width: 276px) 100vw, 276px\" \/><figcaption class=\"wp-element-caption\">Sede do BNDES e \u00edcones de impacto social e economia solid\u00e1ria<\/figcaption><\/figure>\n<\/div>\n\n\n<p>O Banco Nacional de Desenvolvimento Econ\u00f4mico e Social (BNDES) anunciou a abertura de uma nova chamada p\u00fablica destinada ao apoio de projetos de inclus\u00e3o produtiva e economia solid\u00e1ria. A iniciativa visa aportar recursos n\u00e3o reembols\u00e1veis em propostas que demonstrem capacidade de escala e gera\u00e7\u00e3o de renda em comunidades vulner\u00e1veis, priorizando regi\u00f5es com menor IDH.<\/p>\n\n\n\n<p>A sele\u00e7\u00e3o funciona por meio de fluxo cont\u00ednuo de an\u00e1lise t\u00e9cnica, onde as organiza\u00e7\u00f5es devem submeter planos de trabalho detalhados, incluindo cronograma f\u00edsico-financeiro e indicadores de impacto social mensur\u00e1veis. O foco est\u00e1 na estrutura\u00e7\u00e3o de cadeias produtivas locais e no fortalecimento de cooperativas j\u00e1 existentes, exigindo contrapartidas que podem ser em servi\u00e7os ou infraestrutura.<\/p>\n\n\n\n<p>Para as OSCs, o impacto \u00e9 significativo no fluxo de caixa, pois permite o financiamento de despesas operacionais vinculadas diretamente \u00e0 execu\u00e7\u00e3o do projeto. A exig\u00eancia de governan\u00e7a robusta e regularidade fiscal integral (Cofins, INSS, FGTS) atua como um filtro, refor\u00e7ando a necessidade de conformidade administrativa para o acesso a recursos de grande escala do governo federal.<\/p>\n\n\n\n<p class=\"has-small-font-size\"><a href=\"[https:\/\/www.bndes.gov.br\/wps\/portal\/site\/home\/institucional\/fundos-e-gestao\/fundo-social](https:\/\/www.bndes.gov.br\/wps\/portal\/site\/home\/institucional\/fundos-e-gestao\/fundo-social)\">BNDES<\/a><\/p>\n\n\n\n<h4 class=\"wp-block-heading\" id=\"stf-itcmd\">STF consolida entendimento sobre imunidade de ITCMD para OSCs<\/h4>\n\n\n<div class=\"wp-block-image\">\n<figure class=\"aligncenter size-full\"><img decoding=\"async\" width=\"1024\" height=\"654\" src=\"https:\/\/ingesto.org.br\/wp-content\/uploads\/2026\/04\/imunidadetributaria.png\" alt=\"\" class=\"wp-image-20138\" srcset=\"https:\/\/ingesto.org.br\/wp-content\/uploads\/2026\/04\/imunidadetributaria.png 1024w, https:\/\/ingesto.org.br\/wp-content\/uploads\/2026\/04\/imunidadetributaria-300x192.png 300w, https:\/\/ingesto.org.br\/wp-content\/uploads\/2026\/04\/imunidadetributaria-768x491.png 768w, https:\/\/ingesto.org.br\/wp-content\/uploads\/2026\/04\/imunidadetributaria-18x12.png 18w\" sizes=\"(max-width: 1024px) 100vw, 1024px\" \/><\/figure>\n<\/div>\n\n\n<p>O Supremo Tribunal Federal (STF) finalizou o julgamento de recurso extraordin\u00e1rio que discutia a extens\u00e3o da imunidade tribut\u00e1ria sobre doa\u00e7\u00f5es e legados (ITCMD) para institui\u00e7\u00f5es de assist\u00eancia social e educa\u00e7\u00e3o. A decis\u00e3o reafirma que a imunidade prevista no Art. 150 da Constitui\u00e7\u00e3o Federal \u00e9 autoaplic\u00e1vel, desde que a entidade cumpra os requisitos do C\u00f3digo Tribut\u00e1rio Nacional, como a n\u00e3o distribui\u00e7\u00e3o de lucros.<\/p>\n\n\n\n<p>Tecnicamente, isso impede que estados exijam o pagamento do imposto sobre heran\u00e7as ou doa\u00e7\u00f5es financeiras destinadas a entidades sem fins lucrativos que possuam o Certificado de Entidade Beneficente de Assist\u00eancia Social (CEBAS) ou comprovem sua finalidade social. A decis\u00e3o obriga as secretarias de fazenda estaduais a adequarem seus sistemas de cobran\u00e7a e reconhecimento de isen\u00e7\u00e3o, desburocratizando o recebimento de recursos privados.<\/p>\n\n\n<div class=\"wp-block-image\">\n<figure class=\"aligncenter size-full\"><img decoding=\"async\" width=\"442\" height=\"261\" src=\"https:\/\/ingesto.org.br\/wp-content\/uploads\/2026\/04\/image-201.png\" alt=\"\" class=\"wp-image-20137\" srcset=\"https:\/\/ingesto.org.br\/wp-content\/uploads\/2026\/04\/image-201.png 442w, https:\/\/ingesto.org.br\/wp-content\/uploads\/2026\/04\/image-201-300x177.png 300w, https:\/\/ingesto.org.br\/wp-content\/uploads\/2026\/04\/image-201-18x12.png 18w\" sizes=\"(max-width: 442px) 100vw, 442px\" \/><figcaption class=\"wp-element-caption\">Fachada do STF e balan\u00e7a da justi\u00e7a simbolizando isen\u00e7\u00e3o tribut\u00e1ria<\/figcaption><\/figure>\n<\/div>\n\n\n<p>O impacto pr\u00e1tico para as organiza\u00e7\u00f5es \u00e9 a redu\u00e7\u00e3o imediata de custos jur\u00eddicos e administrativos em processos de sucess\u00e3o ou grandes doa\u00e7\u00f5es patrimoniais. Com a seguran\u00e7a jur\u00eddica estabelecida, as OSCs podem estruturar campanhas de &#8220;endowment&#8221; (fundos patrimoniais) com maior transpar\u00eancia e menor risco de reten\u00e7\u00e3o de valores por parte do fisco estadual.<\/p>\n\n\n\n<p class=\"has-small-font-size\"><a href=\"[https:\/\/portal.stf.jus.br\/](https:\/\/portal.stf.jus.br\/)\">Supremo Tribunal Federal<\/a><\/p>\n\n\n\n<h4 class=\"wp-block-heading\" id=\"moore-amazonia\">Edital Gordon and Betty Moore abre chamamento para conserva\u00e7\u00e3o na Amaz\u00f4nia<\/h4>\n\n\n<div class=\"wp-block-image\">\n<figure class=\"aligncenter size-full\"><img loading=\"lazy\" decoding=\"async\" width=\"430\" height=\"117\" src=\"https:\/\/ingesto.org.br\/wp-content\/uploads\/2026\/04\/image-204.png\" alt=\"\" class=\"wp-image-20141\" srcset=\"https:\/\/ingesto.org.br\/wp-content\/uploads\/2026\/04\/image-204.png 430w, https:\/\/ingesto.org.br\/wp-content\/uploads\/2026\/04\/image-204-300x82.png 300w, https:\/\/ingesto.org.br\/wp-content\/uploads\/2026\/04\/image-204-18x5.png 18w\" sizes=\"(max-width: 430px) 100vw, 430px\" \/><\/figure>\n<\/div>\n\n\n<p>A Funda\u00e7\u00e3o Moore lan\u00e7ou seu novo programa de subs\u00eddios voltado para a Iniciativa de Conserva\u00e7\u00e3o dos Andes-Amaz\u00f4nia, focando em projetos que integram ci\u00eancia de dados e prote\u00e7\u00e3o territorial. O edital busca parcerias com organiza\u00e7\u00f5es que atuem na interface entre a tecnologia de monitoramento remoto e o fortalecimento de capacidades de gest\u00e3o de popula\u00e7\u00f5es tradicionais e ind\u00edgenas.<\/p>\n\n\n\n<p>O processo seletivo exige a submiss\u00e3o inicial de uma carta de inten\u00e7\u00e3o (LOI) detalhando a metodologia cient\u00edfica e a viabilidade t\u00e9cnica da interven\u00e7\u00e3o proposta. As propostas selecionadas avan\u00e7am para uma fase de due diligence rigorosa, onde s\u00e3o avaliados os protocolos de salvaguardas sociais e a capacidade de execu\u00e7\u00e3o financeira internacional, dado que os repasses s\u00e3o feitos em moeda estrangeira.<\/p>\n\n\n\n<figure class=\"wp-block-image size-full\"><img loading=\"lazy\" decoding=\"async\" width=\"1024\" height=\"576\" src=\"https:\/\/ingesto.org.br\/wp-content\/uploads\/2026\/04\/image-200.png\" alt=\"\" class=\"wp-image-20136\" srcset=\"https:\/\/ingesto.org.br\/wp-content\/uploads\/2026\/04\/image-200.png 1024w, https:\/\/ingesto.org.br\/wp-content\/uploads\/2026\/04\/image-200-300x169.png 300w, https:\/\/ingesto.org.br\/wp-content\/uploads\/2026\/04\/image-200-768x432.png 768w, https:\/\/ingesto.org.br\/wp-content\/uploads\/2026\/04\/image-200-18x10.png 18w\" sizes=\"(max-width: 1024px) 100vw, 1024px\" \/><\/figure>\n\n\n\n<p>Este edital representa uma oportunidade estrat\u00e9gica para OSCs brasileiras que buscam diversifica\u00e7\u00e3o de fontes de receita internacional em um cen\u00e1rio de c\u00e2mbio favor\u00e1vel. A \u00eanfase em dados t\u00e9cnicos permite que organiza\u00e7\u00f5es com bra\u00e7os de pesquisa e inova\u00e7\u00e3o tecnol\u00f3gica consigam financiar infraestrutura de TI e equipes especializadas para projetos de longo prazo (3 a 5 anos).<\/p>\n\n\n\n<p class=\"has-small-font-size\"><a href=\"[https:\/\/www.moore.org\/strategy-detail?strategyId=andes-amazon-initiative](https:\/\/www.moore.org\/strategy-detail?strategyId=andes-amazon-initiative)\">Gordon and Betty Moore Foundation<\/a><\/p>\n\n\n\n<h2 class=\"wp-block-heading\">Radar de Editais<\/h2>\n\n\n\n<figure class=\"wp-block-table\"><table class=\"has-fixed-layout\"><thead><tr><th>Edital<\/th><th>Prioridade<\/th><th>Exig\u00eancia T\u00e9cnica<\/th><\/tr><\/thead><tbody><tr><td>BNDES Fundo Social<\/td><td>Alta<\/td><td>Alta (Governan\u00e7a\/Fiscal)<\/td><\/tr><tr><td>Funda\u00e7\u00e3o Moore<\/td><td>Estrat\u00e9gica<\/td><td>Alta (Tecnologia\/Dados)<\/td><\/tr><tr><td>Isen\u00e7\u00e3o ITCMD (Jur\u00eddico)<\/td><td>M\u00e9dia<\/td><td>Processual<\/td><\/tr><\/tbody><\/table><\/figure>\n\n\n\n<div class=\"ingesto-donate-cta\" role=\"region\" aria-label=\"Apoiar o Ingesto\">\n  <p class=\"ingesto-donate-text\">\n    O Ingesto \u00e9 mantido exclusivamente por doa\u00e7\u00f5es volunt\u00e1rias.<br>\n    Se este conte\u00fado foi \u00fatil para voc\u00ea, considere apoiar a manuten\u00e7\u00e3o da plataforma.\n  <\/p>\n\n  <a class=\"ingesto-donate-btn\" href=\"https:\/\/ingesto.org.br\/colabore\/\" data-cta=\"donate-post-footer\">\n    Apoiar o Ingesto\n  <\/a>\n\n<p class=\"ingesto-donate-note\">\n  Leva menos de um minuto.\n<\/p>\n<\/div>\n","protected":false},"excerpt":{"rendered":"<p>Atualiza\u00e7\u00e3o t\u00e9cnica para OSCs: Novo edital BNDES Fundo Social para inclus\u00e3o produtiva, decis\u00e3o do STF sobre ITCMD e financiamento internacional da Funda\u00e7\u00e3o Moore para a Amaz\u00f4nia.<\/p>","protected":false},"author":1,"featured_media":20136,"comment_status":"open","ping_status":"open","sticky":false,"template":"","format":"standard","meta":{"give_campaign_id":0,"_yoast_wpseo_focuskw":"Not\u00edcias Terceiro Setor: Edital BNDES Imunidade ITCMD e Amaz\u00f4nia","_yoast_wpseo_title":"","_yoast_wpseo_metadesc":"Not\u00edcias Terceiro Setor: Edital BNDES, Imunidade ITCMD e Amaz\u00f4nia","_joinchat":[],"footnotes":""},"categories":[29],"tags":[4711,68,101,6888,6889,6733],"class_list":["post-20133","post","type-post","status-publish","format-standard","has-post-thumbnail","hentry","category-noticias","tag-amazonia","tag-bndes","tag-editais","tag-foundation","tag-fundacao-moore","tag-itcmd"],"yoast_head":"<!-- This site is optimized with the Yoast SEO plugin v27.4 - https:\/\/yoast.com\/product\/yoast-seo-wordpress\/ -->\n<title>Not\u00edcias Terceiro Setor: Edital BNDES, Imunidade ITCMD e Amaz\u00f4nia - Ingesto<\/title>\n<meta name=\"description\" content=\"Not\u00edcias Terceiro Setor: Edital BNDES, Imunidade ITCMD e Amaz\u00f4nia\" \/>\n<meta name=\"robots\" content=\"index, follow, max-snippet:-1, max-image-preview:large, max-video-preview:-1\" \/>\n<link rel=\"canonical\" href=\"https:\/\/ingesto.org.br\/en\/noticias-terceiro-setor-edital-bndes-imunidade-itcmd-e-amazonia\/\" \/>\n<meta property=\"og:locale\" content=\"en_US\" \/>\n<meta property=\"og:type\" content=\"article\" \/>\n<meta property=\"og:title\" content=\"Not\u00edcias Terceiro Setor: Edital BNDES, Imunidade ITCMD e Amaz\u00f4nia - Ingesto\" \/>\n<meta property=\"og:description\" content=\"Not\u00edcias Terceiro Setor: Edital BNDES, Imunidade ITCMD e Amaz\u00f4nia\" \/>\n<meta property=\"og:url\" content=\"https:\/\/ingesto.org.br\/en\/noticias-terceiro-setor-edital-bndes-imunidade-itcmd-e-amazonia\/\" \/>\n<meta property=\"og:site_name\" content=\"Ingesto\" \/>\n<meta property=\"article:publisher\" content=\"https:\/\/www.facebook.com\/institutoingesto\" \/>\n<meta property=\"article:published_time\" content=\"2026-04-27T12:00:00+00:00\" \/>\n<meta property=\"article:modified_time\" content=\"2026-04-28T08:22:38+00:00\" \/>\n<meta property=\"og:image\" content=\"https:\/\/ingesto.org.br\/wp-content\/uploads\/2026\/04\/image-200.png\" \/>\n\t<meta property=\"og:image:width\" content=\"1024\" \/>\n\t<meta property=\"og:image:height\" content=\"576\" \/>\n\t<meta property=\"og:image:type\" content=\"image\/png\" \/>\n<meta name=\"author\" content=\"Ingesto\" \/>\n<meta name=\"twitter:card\" content=\"summary_large_image\" \/>\n<meta name=\"twitter:creator\" content=\"@Ingestos\" \/>\n<meta name=\"twitter:site\" content=\"@Ingestos\" \/>\n<meta name=\"twitter:label1\" content=\"Written by\" \/>\n\t<meta name=\"twitter:data1\" content=\"Ingesto\" \/>\n\t<meta name=\"twitter:label2\" content=\"Est. reading time\" \/>\n\t<meta name=\"twitter:data2\" content=\"5 minutes\" \/>\n<script type=\"application\/ld+json\" class=\"yoast-schema-graph\">{\"@context\":\"https:\\\/\\\/schema.org\",\"@graph\":[{\"@type\":\"Article\",\"@id\":\"https:\\\/\\\/ingesto.org.br\\\/noticias-terceiro-setor-edital-bndes-imunidade-itcmd-e-amazonia\\\/#article\",\"isPartOf\":{\"@id\":\"https:\\\/\\\/ingesto.org.br\\\/noticias-terceiro-setor-edital-bndes-imunidade-itcmd-e-amazonia\\\/\"},\"author\":{\"name\":\"Ingesto\",\"@id\":\"http:\\\/\\\/ingesto.org.br\\\/en\\\/#\\\/schema\\\/person\\\/b6b24d64bb11f377f79f5f35b9c466dc\"},\"headline\":\"Not\u00edcias Terceiro Setor: Edital BNDES, Imunidade ITCMD e Amaz\u00f4nia\",\"datePublished\":\"2026-04-27T12:00:00+00:00\",\"dateModified\":\"2026-04-28T08:22:38+00:00\",\"mainEntityOfPage\":{\"@id\":\"https:\\\/\\\/ingesto.org.br\\\/noticias-terceiro-setor-edital-bndes-imunidade-itcmd-e-amazonia\\\/\"},\"wordCount\":697,\"commentCount\":0,\"publisher\":{\"@id\":\"http:\\\/\\\/ingesto.org.br\\\/en\\\/#organization\"},\"image\":{\"@id\":\"https:\\\/\\\/ingesto.org.br\\\/noticias-terceiro-setor-edital-bndes-imunidade-itcmd-e-amazonia\\\/#primaryimage\"},\"thumbnailUrl\":\"https:\\\/\\\/ingesto.org.br\\\/wp-content\\\/uploads\\\/2026\\\/04\\\/image-200.png\",\"keywords\":[\"Amaz\u00f4nia\",\"BNDES\",\"editais\",\"Foundation\",\"Funda\u00e7\u00e3o Moore\",\"ITCMD\"],\"articleSection\":[\"Not\u00edcias\"],\"inLanguage\":\"en-US\",\"potentialAction\":[{\"@type\":\"CommentAction\",\"name\":\"Comment\",\"target\":[\"https:\\\/\\\/ingesto.org.br\\\/noticias-terceiro-setor-edital-bndes-imunidade-itcmd-e-amazonia\\\/#respond\"]}]},{\"@type\":\"WebPage\",\"@id\":\"https:\\\/\\\/ingesto.org.br\\\/noticias-terceiro-setor-edital-bndes-imunidade-itcmd-e-amazonia\\\/\",\"url\":\"https:\\\/\\\/ingesto.org.br\\\/noticias-terceiro-setor-edital-bndes-imunidade-itcmd-e-amazonia\\\/\",\"name\":\"Not\u00edcias Terceiro Setor: Edital BNDES, Imunidade ITCMD e Amaz\u00f4nia - Ingesto\",\"isPartOf\":{\"@id\":\"http:\\\/\\\/ingesto.org.br\\\/en\\\/#website\"},\"primaryImageOfPage\":{\"@id\":\"https:\\\/\\\/ingesto.org.br\\\/noticias-terceiro-setor-edital-bndes-imunidade-itcmd-e-amazonia\\\/#primaryimage\"},\"image\":{\"@id\":\"https:\\\/\\\/ingesto.org.br\\\/noticias-terceiro-setor-edital-bndes-imunidade-itcmd-e-amazonia\\\/#primaryimage\"},\"thumbnailUrl\":\"https:\\\/\\\/ingesto.org.br\\\/wp-content\\\/uploads\\\/2026\\\/04\\\/image-200.png\",\"datePublished\":\"2026-04-27T12:00:00+00:00\",\"dateModified\":\"2026-04-28T08:22:38+00:00\",\"description\":\"Not\u00edcias Terceiro Setor: Edital BNDES, Imunidade ITCMD e Amaz\u00f4nia\",\"breadcrumb\":{\"@id\":\"https:\\\/\\\/ingesto.org.br\\\/noticias-terceiro-setor-edital-bndes-imunidade-itcmd-e-amazonia\\\/#breadcrumb\"},\"inLanguage\":\"en-US\",\"potentialAction\":[{\"@type\":\"ReadAction\",\"target\":[\"https:\\\/\\\/ingesto.org.br\\\/noticias-terceiro-setor-edital-bndes-imunidade-itcmd-e-amazonia\\\/\"]}]},{\"@type\":\"ImageObject\",\"inLanguage\":\"en-US\",\"@id\":\"https:\\\/\\\/ingesto.org.br\\\/noticias-terceiro-setor-edital-bndes-imunidade-itcmd-e-amazonia\\\/#primaryimage\",\"url\":\"https:\\\/\\\/ingesto.org.br\\\/wp-content\\\/uploads\\\/2026\\\/04\\\/image-200.png\",\"contentUrl\":\"https:\\\/\\\/ingesto.org.br\\\/wp-content\\\/uploads\\\/2026\\\/04\\\/image-200.png\",\"width\":1024,\"height\":576},{\"@type\":\"BreadcrumbList\",\"@id\":\"https:\\\/\\\/ingesto.org.br\\\/noticias-terceiro-setor-edital-bndes-imunidade-itcmd-e-amazonia\\\/#breadcrumb\",\"itemListElement\":[{\"@type\":\"ListItem\",\"position\":1,\"name\":\"In\u00edcio\",\"item\":\"https:\\\/\\\/ingesto.org.br\\\/\"},{\"@type\":\"ListItem\",\"position\":2,\"name\":\"Not\u00edcias Terceiro Setor: Edital BNDES, Imunidade ITCMD e Amaz\u00f4nia\"}]},{\"@type\":\"WebSite\",\"@id\":\"http:\\\/\\\/ingesto.org.br\\\/en\\\/#website\",\"url\":\"http:\\\/\\\/ingesto.org.br\\\/en\\\/\",\"name\":\"Instituto\",\"description\":\"Instituto para Gest\u00e3o do Terceiro Setor\",\"publisher\":{\"@id\":\"http:\\\/\\\/ingesto.org.br\\\/en\\\/#organization\"},\"alternateName\":\"Ingesto\",\"potentialAction\":[{\"@type\":\"SearchAction\",\"target\":{\"@type\":\"EntryPoint\",\"urlTemplate\":\"http:\\\/\\\/ingesto.org.br\\\/en\\\/?s={search_term_string}\"},\"query-input\":{\"@type\":\"PropertyValueSpecification\",\"valueRequired\":true,\"valueName\":\"search_term_string\"}}],\"inLanguage\":\"en-US\"},{\"@type\":\"Organization\",\"@id\":\"http:\\\/\\\/ingesto.org.br\\\/en\\\/#organization\",\"name\":\"Ingesto\",\"url\":\"http:\\\/\\\/ingesto.org.br\\\/en\\\/\",\"logo\":{\"@type\":\"ImageObject\",\"inLanguage\":\"en-US\",\"@id\":\"http:\\\/\\\/ingesto.org.br\\\/en\\\/#\\\/schema\\\/logo\\\/image\\\/\",\"url\":\"https:\\\/\\\/ingesto.org.br\\\/wp-content\\\/uploads\\\/2020\\\/11\\\/cropped-cropped-icone.png\",\"contentUrl\":\"https:\\\/\\\/ingesto.org.br\\\/wp-content\\\/uploads\\\/2020\\\/11\\\/cropped-cropped-icone.png\",\"width\":512,\"height\":512,\"caption\":\"Ingesto\"},\"image\":{\"@id\":\"http:\\\/\\\/ingesto.org.br\\\/en\\\/#\\\/schema\\\/logo\\\/image\\\/\"},\"sameAs\":[\"https:\\\/\\\/www.facebook.com\\\/institutoingesto\",\"https:\\\/\\\/x.com\\\/Ingestos\",\"https:\\\/\\\/www.instagram.com\\\/institutoingesto\\\/\",\"https:\\\/\\\/www.youtube.com\\\/@institutoingesto\",\"https:\\\/\\\/www.linkedin.com\\\/in\\\/instituto-ingesto\"]},{\"@type\":\"Person\",\"@id\":\"http:\\\/\\\/ingesto.org.br\\\/en\\\/#\\\/schema\\\/person\\\/b6b24d64bb11f377f79f5f35b9c466dc\",\"name\":\"Ingesto\",\"image\":{\"@type\":\"ImageObject\",\"inLanguage\":\"en-US\",\"@id\":\"https:\\\/\\\/ingesto.org.br\\\/wp-content\\\/litespeed\\\/avatar\\\/4d7201aed9dddada281d8ce59ea56991.jpg?ver=1776950236\",\"url\":\"https:\\\/\\\/ingesto.org.br\\\/wp-content\\\/litespeed\\\/avatar\\\/4d7201aed9dddada281d8ce59ea56991.jpg?ver=1776950236\",\"contentUrl\":\"https:\\\/\\\/ingesto.org.br\\\/wp-content\\\/litespeed\\\/avatar\\\/4d7201aed9dddada281d8ce59ea56991.jpg?ver=1776950236\",\"caption\":\"Ingesto\"},\"sameAs\":[\"http:\\\/\\\/ingesto.org.br\"],\"url\":\"https:\\\/\\\/ingesto.org.br\\\/en\\\/author\\\/instituto-ingesto\\\/\"}]}<\/script>\n<!-- \/ Yoast SEO plugin. -->","yoast_head_json":{"title":"Not\u00edcias Terceiro Setor: Edital BNDES, Imunidade ITCMD e Amaz\u00f4nia - Ingesto","description":"Not\u00edcias Terceiro Setor: Edital BNDES, Imunidade ITCMD e Amaz\u00f4nia","robots":{"index":"index","follow":"follow","max-snippet":"max-snippet:-1","max-image-preview":"max-image-preview:large","max-video-preview":"max-video-preview:-1"},"canonical":"https:\/\/ingesto.org.br\/en\/noticias-terceiro-setor-edital-bndes-imunidade-itcmd-e-amazonia\/","og_locale":"en_US","og_type":"article","og_title":"Not\u00edcias Terceiro Setor: Edital BNDES, Imunidade ITCMD e Amaz\u00f4nia - Ingesto","og_description":"Not\u00edcias Terceiro Setor: Edital BNDES, Imunidade ITCMD e Amaz\u00f4nia","og_url":"https:\/\/ingesto.org.br\/en\/noticias-terceiro-setor-edital-bndes-imunidade-itcmd-e-amazonia\/","og_site_name":"Ingesto","article_publisher":"https:\/\/www.facebook.com\/institutoingesto","article_published_time":"2026-04-27T12:00:00+00:00","article_modified_time":"2026-04-28T08:22:38+00:00","og_image":[{"width":1024,"height":576,"url":"https:\/\/ingesto.org.br\/wp-content\/uploads\/2026\/04\/image-200.png","type":"image\/png"}],"author":"Ingesto","twitter_card":"summary_large_image","twitter_creator":"@Ingestos","twitter_site":"@Ingestos","twitter_misc":{"Written by":"Ingesto","Est. reading time":"5 minutes"},"schema":{"@context":"https:\/\/schema.org","@graph":[{"@type":"Article","@id":"https:\/\/ingesto.org.br\/noticias-terceiro-setor-edital-bndes-imunidade-itcmd-e-amazonia\/#article","isPartOf":{"@id":"https:\/\/ingesto.org.br\/noticias-terceiro-setor-edital-bndes-imunidade-itcmd-e-amazonia\/"},"author":{"name":"Ingesto","@id":"http:\/\/ingesto.org.br\/en\/#\/schema\/person\/b6b24d64bb11f377f79f5f35b9c466dc"},"headline":"Not\u00edcias Terceiro Setor: Edital BNDES, Imunidade ITCMD e Amaz\u00f4nia","datePublished":"2026-04-27T12:00:00+00:00","dateModified":"2026-04-28T08:22:38+00:00","mainEntityOfPage":{"@id":"https:\/\/ingesto.org.br\/noticias-terceiro-setor-edital-bndes-imunidade-itcmd-e-amazonia\/"},"wordCount":697,"commentCount":0,"publisher":{"@id":"http:\/\/ingesto.org.br\/en\/#organization"},"image":{"@id":"https:\/\/ingesto.org.br\/noticias-terceiro-setor-edital-bndes-imunidade-itcmd-e-amazonia\/#primaryimage"},"thumbnailUrl":"https:\/\/ingesto.org.br\/wp-content\/uploads\/2026\/04\/image-200.png","keywords":["Amaz\u00f4nia","BNDES","editais","Foundation","Funda\u00e7\u00e3o Moore","ITCMD"],"articleSection":["Not\u00edcias"],"inLanguage":"en-US","potentialAction":[{"@type":"CommentAction","name":"Comment","target":["https:\/\/ingesto.org.br\/noticias-terceiro-setor-edital-bndes-imunidade-itcmd-e-amazonia\/#respond"]}]},{"@type":"WebPage","@id":"https:\/\/ingesto.org.br\/noticias-terceiro-setor-edital-bndes-imunidade-itcmd-e-amazonia\/","url":"https:\/\/ingesto.org.br\/noticias-terceiro-setor-edital-bndes-imunidade-itcmd-e-amazonia\/","name":"Not\u00edcias Terceiro Setor: Edital BNDES, Imunidade ITCMD e Amaz\u00f4nia - Ingesto","isPartOf":{"@id":"http:\/\/ingesto.org.br\/en\/#website"},"primaryImageOfPage":{"@id":"https:\/\/ingesto.org.br\/noticias-terceiro-setor-edital-bndes-imunidade-itcmd-e-amazonia\/#primaryimage"},"image":{"@id":"https:\/\/ingesto.org.br\/noticias-terceiro-setor-edital-bndes-imunidade-itcmd-e-amazonia\/#primaryimage"},"thumbnailUrl":"https:\/\/ingesto.org.br\/wp-content\/uploads\/2026\/04\/image-200.png","datePublished":"2026-04-27T12:00:00+00:00","dateModified":"2026-04-28T08:22:38+00:00","description":"Not\u00edcias Terceiro Setor: Edital BNDES, Imunidade ITCMD e Amaz\u00f4nia","breadcrumb":{"@id":"https:\/\/ingesto.org.br\/noticias-terceiro-setor-edital-bndes-imunidade-itcmd-e-amazonia\/#breadcrumb"},"inLanguage":"en-US","potentialAction":[{"@type":"ReadAction","target":["https:\/\/ingesto.org.br\/noticias-terceiro-setor-edital-bndes-imunidade-itcmd-e-amazonia\/"]}]},{"@type":"ImageObject","inLanguage":"en-US","@id":"https:\/\/ingesto.org.br\/noticias-terceiro-setor-edital-bndes-imunidade-itcmd-e-amazonia\/#primaryimage","url":"https:\/\/ingesto.org.br\/wp-content\/uploads\/2026\/04\/image-200.png","contentUrl":"https:\/\/ingesto.org.br\/wp-content\/uploads\/2026\/04\/image-200.png","width":1024,"height":576},{"@type":"BreadcrumbList","@id":"https:\/\/ingesto.org.br\/noticias-terceiro-setor-edital-bndes-imunidade-itcmd-e-amazonia\/#breadcrumb","itemListElement":[{"@type":"ListItem","position":1,"name":"In\u00edcio","item":"https:\/\/ingesto.org.br\/"},{"@type":"ListItem","position":2,"name":"Not\u00edcias Terceiro Setor: Edital BNDES, Imunidade ITCMD e Amaz\u00f4nia"}]},{"@type":"WebSite","@id":"http:\/\/ingesto.org.br\/en\/#website","url":"http:\/\/ingesto.org.br\/en\/","name":"Institute","description":"Institute for Third Sector Management","publisher":{"@id":"http:\/\/ingesto.org.br\/en\/#organization"},"alternateName":"Ingesto","potentialAction":[{"@type":"SearchAction","target":{"@type":"EntryPoint","urlTemplate":"http:\/\/ingesto.org.br\/en\/?s={search_term_string}"},"query-input":{"@type":"PropertyValueSpecification","valueRequired":true,"valueName":"search_term_string"}}],"inLanguage":"en-US"},{"@type":"Organization","@id":"http:\/\/ingesto.org.br\/en\/#organization","name":"Ingesto","url":"http:\/\/ingesto.org.br\/en\/","logo":{"@type":"ImageObject","inLanguage":"en-US","@id":"http:\/\/ingesto.org.br\/en\/#\/schema\/logo\/image\/","url":"https:\/\/ingesto.org.br\/wp-content\/uploads\/2020\/11\/cropped-cropped-icone.png","contentUrl":"https:\/\/ingesto.org.br\/wp-content\/uploads\/2020\/11\/cropped-cropped-icone.png","width":512,"height":512,"caption":"Ingesto"},"image":{"@id":"http:\/\/ingesto.org.br\/en\/#\/schema\/logo\/image\/"},"sameAs":["https:\/\/www.facebook.com\/institutoingesto","https:\/\/x.com\/Ingestos","https:\/\/www.instagram.com\/institutoingesto\/","https:\/\/www.youtube.com\/@institutoingesto","https:\/\/www.linkedin.com\/in\/instituto-ingesto"]},{"@type":"Person","@id":"http:\/\/ingesto.org.br\/en\/#\/schema\/person\/b6b24d64bb11f377f79f5f35b9c466dc","name":"Ingesto","image":{"@type":"ImageObject","inLanguage":"en-US","@id":"https:\/\/ingesto.org.br\/wp-content\/litespeed\/avatar\/4d7201aed9dddada281d8ce59ea56991.jpg?ver=1776950236","url":"https:\/\/ingesto.org.br\/wp-content\/litespeed\/avatar\/4d7201aed9dddada281d8ce59ea56991.jpg?ver=1776950236","contentUrl":"https:\/\/ingesto.org.br\/wp-content\/litespeed\/avatar\/4d7201aed9dddada281d8ce59ea56991.jpg?ver=1776950236","caption":"Ingesto"},"sameAs":["http:\/\/ingesto.org.br"],"url":"https:\/\/ingesto.org.br\/en\/author\/instituto-ingesto\/"}]}},"jetpack_featured_media_url":"https:\/\/ingesto.org.br\/wp-content\/uploads\/2026\/04\/image-200.png","jetpack_shortlink":"https:\/\/wp.me\/peji5g-5eJ","acf":[],"_links":{"self":[{"href":"https:\/\/ingesto.org.br\/en\/wp-json\/wp\/v2\/posts\/20133","targetHints":{"allow":["GET"]}}],"collection":[{"href":"https:\/\/ingesto.org.br\/en\/wp-json\/wp\/v2\/posts"}],"about":[{"href":"https:\/\/ingesto.org.br\/en\/wp-json\/wp\/v2\/types\/post"}],"author":[{"embeddable":true,"href":"https:\/\/ingesto.org.br\/en\/wp-json\/wp\/v2\/users\/1"}],"replies":[{"embeddable":true,"href":"https:\/\/ingesto.org.br\/en\/wp-json\/wp\/v2\/comments?post=20133"}],"version-history":[{"count":1,"href":"https:\/\/ingesto.org.br\/en\/wp-json\/wp\/v2\/posts\/20133\/revisions"}],"predecessor-version":[{"id":20142,"href":"https:\/\/ingesto.org.br\/en\/wp-json\/wp\/v2\/posts\/20133\/revisions\/20142"}],"wp:featuredmedia":[{"embeddable":true,"href":"https:\/\/ingesto.org.br\/en\/wp-json\/wp\/v2\/media\/20136"}],"wp:attachment":[{"href":"https:\/\/ingesto.org.br\/en\/wp-json\/wp\/v2\/media?parent=20133"}],"wp:term":[{"taxonomy":"category","embeddable":true,"href":"https:\/\/ingesto.org.br\/en\/wp-json\/wp\/v2\/categories?post=20133"},{"taxonomy":"post_tag","embeddable":true,"href":"https:\/\/ingesto.org.br\/en\/wp-json\/wp\/v2\/tags?post=20133"}],"curies":[{"name":"wp","href":"https:\/\/api.w.org\/{rel}","templated":true}]}}