{"id":19505,"date":"2026-04-09T09:46:43","date_gmt":"2026-04-09T12:46:43","guid":{"rendered":"https:\/\/ingesto.org.br\/?p=19505"},"modified":"2026-04-09T09:46:46","modified_gmt":"2026-04-09T12:46:46","slug":"editais-incidencia-politica-e-mobilizacao-social-ganham-forca-no-terceiro-setor","status":"publish","type":"post","link":"https:\/\/ingesto.org.br\/en\/editais-incidencia-politica-e-mobilizacao-social-ganham-forca-no-terceiro-setor\/","title":{"rendered":"Editais, incid\u00eancia pol\u00edtica e mobiliza\u00e7\u00e3o social ganham for\u00e7a no terceiro setor!"},"content":{"rendered":"<h5 class=\"wp-block-heading\">Oportunidades de Capta\u00e7\u00e3o de Recursos: Edital Lojas Renner e Programa VOA 2026 da Ambev Impulsionam o Terceiro Setor<\/h5>\n\n\n<div class=\"wp-block-image\">\n<figure class=\"aligncenter\"><img decoding=\"async\" src=\"https:\/\/private-us-east-1.manuscdn.com\/sessionFile\/mjhqWbFiGLWNdcqz5moo92\/sandbox\/CfNUEBn7rrrpfdPMv3flDb-images_1775722104813_na1fn_L2hvbWUvdWJ1bnR1L2ltYWdlcy9lZGl0YWxfcmVubmVyX211bGhlcmVzXzIwMjY.jpeg?Policy=eyJTdGF0ZW1lbnQiOlt7IlJlc291cmNlIjoiaHR0cHM6Ly9wcml2YXRlLXVzLWVhc3QtMS5tYW51c2Nkbi5jb20vc2Vzc2lvbkZpbGUvbWpocVdiRmlHTFdOZGNxejVtb285Mi9zYW5kYm94L0NmTlVFQm43cnJycGZkUE12M2ZsRGItaW1hZ2VzXzE3NzU3MjIxMDQ4MTNfbmExZm5fTDJodmJXVXZkV0oxYm5SMUwybHRZV2RsY3k5bFpHbDBZV3hmY21WdWJtVnlYMjExYkdobGNtVnpYekl3TWpZLmpwZWciLCJDb25kaXRpb24iOnsiRGF0ZUxlc3NUaGFuIjp7IkFXUzpFcG9jaFRpbWUiOjE3OTg3NjE2MDB9fX1dfQ__&amp;Key-Pair-Id=K2HSFNDJXOU9YS&amp;Signature=A3O-BZ00HMaq1cHnKu-nescbXL8pujHR8HZPwCOpje6-D3O-nvv1Axw4XCyJX1X559YNKtlVTKKfcQDdx5NRQlfncmby8Yw1ldmSI-8QWiSp2ApYgb9TVAsBv-JUYpN8QdPwYvOBtMUZQgocz0rqsjpC2A28e-rpGg3BnudBNBtBq1AnSooQeRlerE0MbmVzvyk3Dy23IzkRLbF-HM484klFplOlWsI3YlYsZ6JfAF50w9DnIY8VYAlkPM~9XsjEbn8X4wyXolrR6WGNsKaL5k13Y3iy9bHK1-TgA-x0PZHK40pLen2fUf~nXr7XVR~owi4aYzxLUr69VMiHP8MogA__\" alt=\"Edital Lojas Renner\"\/><\/figure>\n<\/div>\n\n\n<p>O cen\u00e1rio do Terceiro Setor no Brasil \u00e9 din\u00e2mico e repleto de oportunidades para organiza\u00e7\u00f5es que buscam impulsionar suas a\u00e7\u00f5es sociais. Nos \u00faltimos dias, destacam-se iniciativas significativas que prometem fortalecer a capta\u00e7\u00e3o de recursos, o voluntariado e a qualifica\u00e7\u00e3o de entidades. Entre elas, o Instituto Lojas Renner lan\u00e7ou um edital de R$ 1 milh\u00e3o, visando fomentar o trabalho e a renda de mulheres em todo o pa\u00eds. Esta iniciativa selecionar\u00e1 cinco projetos de organiza\u00e7\u00f5es da sociedade civil, com cada proposta podendo receber at\u00e9 R$ 220 mil para execu\u00e7\u00e3o em at\u00e9 18 meses, focando em empreendedorismo e empregabilidade feminina .<\/p>\n\n\n\n<p>Outra grande oportunidade surge com o Programa VOA 2026 da Ambev, que abriu inscri\u00e7\u00f5es para seu principal programa de transforma\u00e7\u00e3o social. Em parceria com a Ago Social, o VOA busca fortalecer o terceiro setor e os neg\u00f3cios de impacto socioambiental, selecionando 50 organiza\u00e7\u00f5es que atuam na gera\u00e7\u00e3o de renda, autonomia financeira e empregabilidade em territ\u00f3rios vulner\u00e1veis. O programa oferece trilhas de desenvolvimento e mentorias de especialistas da Ambev, com inscri\u00e7\u00f5es abertas at\u00e9 7 de maio .<\/p>\n\n\n\n<p>Al\u00e9m das oportunidades de capta\u00e7\u00e3o, o ambiente legal para o Terceiro Setor tamb\u00e9m est\u00e1 em evolu\u00e7\u00e3o. A Lei 15.364\/2026 trouxe importantes atualiza\u00e7\u00f5es para o Programa Nacional de Microcr\u00e9dito Produtivo Orientado (PNMPO) e a Lei das Organiza\u00e7\u00f5es da Sociedade Civil de Interesse P\u00fablico (Oscips). Esta nova legisla\u00e7\u00e3o define conceitos de microcr\u00e9dito e microfinan\u00e7as, e amplia as possibilidades de qualifica\u00e7\u00e3o para Oscips, incluindo a disponibiliza\u00e7\u00e3o de produtos ou servi\u00e7os nessas \u00e1reas. As mudan\u00e7as visam reduzir ambiguidades e conferir maior seguran\u00e7a jur\u00eddica, reconhecendo o microcr\u00e9dito como um campo leg\u00edtimo de atua\u00e7\u00e3o para iniciativas privadas sem fins lucrativos .<\/p>\n\n\n\n<p class=\"has-small-font-size\"><a href=\"https:\/\/filantropia.ong\/informacao\/instituto-lojas-renner-abre-edital-de-r-1-milhao-para-impulsionar-trabalho-e-renda-de-mulheres\/\" target=\"_blank\" rel=\"noreferrer noopener\">Instituto Lojas Renner abre edital de R$ 1 milh\u00e3o para impulsionar trabalho e renda de mulheres &#8211; Rede Filantropia<\/a><\/p>\n\n\n<div class=\"wp-block-image\">\n<figure class=\"aligncenter\"><img decoding=\"async\" src=\"https:\/\/private-us-east-1.manuscdn.com\/sessionFile\/mjhqWbFiGLWNdcqz5moo92\/sandbox\/CfNUEBn7rrrpfdPMv3flDb-images_1775722104813_na1fn_L2hvbWUvdWJ1bnR1L2ltYWdlcy9hbWJldl92b2FfMjAyNl92b2x1bnRhcmlhZG8.avif?Policy=eyJTdGF0ZW1lbnQiOlt7IlJlc291cmNlIjoiaHR0cHM6Ly9wcml2YXRlLXVzLWVhc3QtMS5tYW51c2Nkbi5jb20vc2Vzc2lvbkZpbGUvbWpocVdiRmlHTFdOZGNxejVtb285Mi9zYW5kYm94L0NmTlVFQm43cnJycGZkUE12M2ZsRGItaW1hZ2VzXzE3NzU3MjIxMDQ4MTNfbmExZm5fTDJodmJXVXZkV0oxYm5SMUwybHRZV2RsY3k5aGJXSmxkbDkyYjJGZk1qQXlObDkyYjJ4MWJuUmhjbWxoWkc4LmF2aWYiLCJDb25kaXRpb24iOnsiRGF0ZUxlc3NUaGFuIjp7IkFXUzpFcG9jaFRpbWUiOjE3OTg3NjE2MDB9fX1dfQ__&amp;Key-Pair-Id=K2HSFNDJXOU9YS&amp;Signature=ZyFbwEZQ-v~UK4BYVv1jwSpDX-M4vAWnQvh83qoCROlmQA2YH~5vuu~TU9aF7m45uIzniuUg~uSUsMz7-JRaOEOvuKsBbxad89mC9LuKKHruyIUchTymtwZYO1-AKKZ8K8DN1-PsXWW8E6QRfE7kCzyypa6mAIrpuGf1vTZ8gyvKT3nHOMG~BIj3g~06JmsEmUHg~ToRipxv2REJufcrJyZ4msWqdYEPgzcE0h1MuF4Cug3fCcI2puZMMN3Zv5Tf06pYRAr0XTKWY~-3i~CyLILZ6SbtzThZPKdp6GuFf~kqT5hbC8NX06xCjT9MCWGa1SeUEWsItH2OZ18BMKgd5Q__\" alt=\"Programa VOA Ambev\"\/><\/figure>\n<\/div>\n\n\n<p class=\"has-small-font-size\"><a href=\"https:\/\/esginside.com.br\/2026\/04\/08\/voa-2026-programa-de-voluntariado-da-ambev-abre-inscricoes-com-foco-em-geracao-de-renda-e-impacto-social\/\" target=\"_blank\" rel=\"noreferrer noopener\">VOA 2026: programa de voluntariado da Ambev abre inscri\u00e7\u00f5es com foco em gera\u00e7\u00e3o de renda e impacto social | ESG Inside<\/a><\/p>\n\n\n\n<figure class=\"wp-block-image\"><img decoding=\"async\" src=\"https:\/\/private-us-east-1.manuscdn.com\/sessionFile\/mjhqWbFiGLWNdcqz5moo92\/sandbox\/CfNUEBn7rrrpfdPMv3flDb-images_1775722104813_na1fn_L2hvbWUvdWJ1bnR1L2ltYWdlcy9taWNyb2NyZWRpdG9fb3NjaXBfMjAyNg.jpg?Policy=eyJTdGF0ZW1lbnQiOlt7IlJlc291cmNlIjoiaHR0cHM6Ly9wcml2YXRlLXVzLWVhc3QtMS5tYW51c2Nkbi5jb20vc2Vzc2lvbkZpbGUvbWpocVdiRmlHTFdOZGNxejVtb285Mi9zYW5kYm94L0NmTlVFQm43cnJycGZkUE12M2ZsRGItaW1hZ2VzXzE3NzU3MjIxMDQ4MTNfbmExZm5fTDJodmJXVXZkV0oxYm5SMUwybHRZV2RsY3k5dGFXTnliMk55WldScGRHOWZiM05qYVhCZk1qQXlOZy5qcGciLCJDb25kaXRpb24iOnsiRGF0ZUxlc3NUaGFuIjp7IkFXUzpFcG9jaFRpbWUiOjE3OTg3NjE2MDB9fX1dfQ__&amp;Key-Pair-Id=K2HSFNDJXOU9YS&amp;Signature=sVRjQndj4pxgjgmAPwNHaBtO03oB0Qk-2Jy2oWlgfs2pf1xHATw50BfAYotIFSkiq8FEEQIn0fcdN7TW9FAXNhPIN23akWW2Hn3Qv2XiFBPMX-n9lumiZMMAYMunZ9VVZbYivuwwonrt-flRBX0aVYycNHhMwt3fSdyt9Qz5HZ000GC6QJpeXtgGCuNxFSQhxeaBPNAPqdcsQeG839FbZsjCZVMVIUQVS-8t4CkonVx~a~mW-sSsNGpfg1O-thf1lCgl-ElyZ2b~rOHyrbEk95LpTWO1ggg1n~J7wZHeeZbhD-Y~OxNkleK4lmyV7GAJly77sZa-bKerHAFbR6Jecw__\" alt=\"Microcr\u00e9dito e OSCIP\"\/><\/figure>\n\n\n\n<p class=\"has-small-font-size\"><a href=\"https:\/\/www.conjur.com.br\/2026-abr-07\/a-evolucao-da-regulacao-de-microcredito-e-o-papel-das-oscips\/\" target=\"_blank\" rel=\"noreferrer noopener\">Nova lei fomenta microcr\u00e9dito e destaca qualifica\u00e7\u00e3o das Oscips<\/a><\/p>\n\n\n<div class=\"wp-block-image\">\n<figure class=\"aligncenter size-full\"><img fetchpriority=\"high\" decoding=\"async\" width=\"720\" height=\"400\" src=\"https:\/\/ingesto.org.br\/wp-content\/uploads\/2026\/04\/image-20.png\" alt=\"\" class=\"wp-image-19513\" srcset=\"https:\/\/ingesto.org.br\/wp-content\/uploads\/2026\/04\/image-20.png 720w, https:\/\/ingesto.org.br\/wp-content\/uploads\/2026\/04\/image-20-300x167.png 300w, https:\/\/ingesto.org.br\/wp-content\/uploads\/2026\/04\/image-20-18x10.png 18w\" sizes=\"(max-width: 720px) 100vw, 720px\" \/><figcaption class=\"wp-element-caption\"><em>Organiza\u00e7\u00f5es sociais ampliam atua\u00e7\u00e3o em incid\u00eancia pol\u00edtica e novos editais fortalecem projetos de base<\/em><\/figcaption><\/figure>\n<\/div>\n\n\n<p>O terceiro setor inicia abril com sinais claros de fortalecimento institucional e amplia\u00e7\u00e3o de oportunidades, especialmente para organiza\u00e7\u00f5es de pequeno e m\u00e9dio porte. Novos editais e iniciativas indicam uma agenda mais estruturada de financiamento e atua\u00e7\u00e3o estrat\u00e9gica.<\/p>\n\n\n\n<p>Ao mesmo tempo, cresce o papel das organiza\u00e7\u00f5es na incid\u00eancia pol\u00edtica e na defesa de direitos, consolidando o setor como ator relevante no debate p\u00fablico e na formula\u00e7\u00e3o de pol\u00edticas.<\/p>\n\n\n\n<p>Esse movimento aponta para um cen\u00e1rio em que financiamento, articula\u00e7\u00e3o e impacto caminham juntos, exigindo maior <strong><a href=\"https:\/\/ingesto.org.br\/en\/p\/19514\/\" target=\"_blank\" rel=\"noreferrer noopener\">profissionaliza\u00e7\u00e3o das OSCs<\/a><\/strong>.<\/p>\n\n\n\n<h4 class=\"wp-block-heading\">Fundo OSC lan\u00e7a edital para projetos de incid\u00eancia pol\u00edtica<\/h4>\n\n\n<div class=\"wp-block-image\">\n<figure class=\"aligncenter size-large is-resized\"><img decoding=\"async\" width=\"819\" height=\"1024\" src=\"https:\/\/ingesto.org.br\/wp-content\/uploads\/2026\/04\/image-18-819x1024.png\" alt=\"\" class=\"wp-image-19511\" style=\"aspect-ratio:0.8;width:686px;height:auto\" srcset=\"https:\/\/ingesto.org.br\/wp-content\/uploads\/2026\/04\/image-18-819x1024.png 819w, https:\/\/ingesto.org.br\/wp-content\/uploads\/2026\/04\/image-18-240x300.png 240w, https:\/\/ingesto.org.br\/wp-content\/uploads\/2026\/04\/image-18-768x960.png 768w, https:\/\/ingesto.org.br\/wp-content\/uploads\/2026\/04\/image-18-10x12.png 10w, https:\/\/ingesto.org.br\/wp-content\/uploads\/2026\/04\/image-18.png 1080w\" sizes=\"(max-width: 819px) 100vw, 819px\" \/><figcaption class=\"wp-element-caption\"><em>Apoio financeiro busca fortalecer atua\u00e7\u00e3o pol\u00edtica de organiza\u00e7\u00f5es da sociedade civil<\/em><\/figcaption><\/figure>\n<\/div>\n\n\n<p>Um novo edital do Fundo OSC vai selecionar at\u00e9 20 projetos voltados \u00e0 incid\u00eancia pol\u00edtica, com apoio financeiro de at\u00e9 R$ 40 mil por iniciativa. A chamada prioriza organiza\u00e7\u00f5es de pequeno e m\u00e9dio porte, ampliando o acesso a recursos estrat\u00e9gicos.<\/p>\n\n\n\n<p>A proposta busca fortalecer a capacidade das OSCs de influenciar pol\u00edticas p\u00fablicas, promover direitos e atuar em agendas estruturantes, como transpar\u00eancia, participa\u00e7\u00e3o social e controle social.<\/p>\n\n\n\n<p>O edital refor\u00e7a uma tend\u00eancia crescente no terceiro setor: sair da execu\u00e7\u00e3o direta de projetos e avan\u00e7ar tamb\u00e9m na atua\u00e7\u00e3o pol\u00edtica qualificada.<\/p>\n\n\n\n<p class=\"has-small-font-size\"><a href=\"https:\/\/ongnews.com.br\/2026\/04\/07\/\">ONG News<\/a><\/p>\n\n\n\n<h4 class=\"wp-block-heading\">Iniciativas comunit\u00e1rias ampliam atua\u00e7\u00e3o social em territ\u00f3rios perif\u00e9ricos<\/h4>\n\n\n<div class=\"wp-block-image\">\n<figure class=\"aligncenter size-full is-resized\"><img decoding=\"async\" width=\"306\" height=\"165\" src=\"https:\/\/ingesto.org.br\/wp-content\/uploads\/2026\/04\/image-17.png\" alt=\"\" class=\"wp-image-19510\" style=\"width:591px;height:auto\" srcset=\"https:\/\/ingesto.org.br\/wp-content\/uploads\/2026\/04\/image-17.png 306w, https:\/\/ingesto.org.br\/wp-content\/uploads\/2026\/04\/image-17-300x162.png 300w, https:\/\/ingesto.org.br\/wp-content\/uploads\/2026\/04\/image-17-18x10.png 18w\" sizes=\"(max-width: 306px) 100vw, 306px\" \/><figcaption class=\"wp-element-caption\"><em>Projetos locais fortalecem redes de apoio e inclus\u00e3o social em \u00e1reas vulner\u00e1vei<\/em><\/figcaption><\/figure>\n<\/div>\n\n\n<p>Organiza\u00e7\u00f5es comunit\u00e1rias continuam ampliando sua presen\u00e7a em territ\u00f3rios perif\u00e9ricos, com foco em sa\u00fade mental, inclus\u00e3o produtiva e direitos humanos. A atua\u00e7\u00e3o local tem sido fundamental para alcan\u00e7ar popula\u00e7\u00f5es historicamente exclu\u00eddas.<\/p>\n\n\n\n<p>Essas iniciativas combinam servi\u00e7os diretos com forma\u00e7\u00e3o de lideran\u00e7as e mobiliza\u00e7\u00e3o social, criando redes mais resilientes e articuladas com o poder p\u00fablico e outras institui\u00e7\u00f5es.<\/p>\n\n\n\n<p>O fortalecimento dessas organiza\u00e7\u00f5es aponta para uma tend\u00eancia de descentraliza\u00e7\u00e3o das pol\u00edticas sociais, com maior protagonismo das comunidades.<\/p>\n\n\n\n<p class=\"has-small-font-size\"><a href=\"https:\/\/pt.wikipedia.org\/wiki\/Ong_Arco\">ARCO<\/a><\/p>\n\n\n\n<h4 class=\"wp-block-heading\">Filantropia estrat\u00e9gica ganha espa\u00e7o na capacita\u00e7\u00e3o de OSCs<\/h4>\n\n\n<div class=\"wp-block-image\">\n<figure class=\"aligncenter size-large\"><img loading=\"lazy\" decoding=\"async\" width=\"1024\" height=\"683\" src=\"https:\/\/ingesto.org.br\/wp-content\/uploads\/2026\/04\/image-16-1024x683.png\" alt=\"\" class=\"wp-image-19509\" srcset=\"https:\/\/ingesto.org.br\/wp-content\/uploads\/2026\/04\/image-16-1024x683.png 1024w, https:\/\/ingesto.org.br\/wp-content\/uploads\/2026\/04\/image-16-300x200.png 300w, https:\/\/ingesto.org.br\/wp-content\/uploads\/2026\/04\/image-16-768x512.png 768w, https:\/\/ingesto.org.br\/wp-content\/uploads\/2026\/04\/image-16-18x12.png 18w, https:\/\/ingesto.org.br\/wp-content\/uploads\/2026\/04\/image-16-650x433.png 650w, https:\/\/ingesto.org.br\/wp-content\/uploads\/2026\/04\/image-16.png 1200w\" sizes=\"(max-width: 1024px) 100vw, 1024px\" \/><figcaption class=\"wp-element-caption\"><em>Forma\u00e7\u00e3o de lideran\u00e7as e gest\u00e3o qualificada impulsionam impacto social<\/em><\/figcaption><\/figure>\n<\/div>\n\n\n<p>Eventos e redes de capacita\u00e7\u00e3o voltados ao terceiro setor v\u00eam ganhando relev\u00e2ncia ao promover gest\u00e3o profissional e inova\u00e7\u00e3o nas organiza\u00e7\u00f5es sociais.<\/p>\n\n\n\n<p>A forma\u00e7\u00e3o estrat\u00e9gica tem se consolidado como um dos principais gargalos do setor, especialmente em temas como governan\u00e7a, capta\u00e7\u00e3o de recursos e mensura\u00e7\u00e3o de impacto.<\/p>\n\n\n\n<p>Esse movimento indica uma mudan\u00e7a de maturidade: mais do que executar projetos, as OSCs buscam sustentabilidade e escala de impacto.<\/p>\n\n\n\n<p class=\"has-small-font-size\"><a>FIFE<\/a><\/p>\n\n\n\n<h4 class=\"wp-block-heading\">Projetos de conserva\u00e7\u00e3o ambiental seguem atraindo grandes financiamentos<\/h4>\n\n\n<div class=\"wp-block-image\">\n<figure class=\"aligncenter size-large\"><img loading=\"lazy\" decoding=\"async\" width=\"1024\" height=\"350\" src=\"https:\/\/ingesto.org.br\/wp-content\/uploads\/2026\/04\/image-13-1024x350.png\" alt=\"\" class=\"wp-image-19506\" srcset=\"https:\/\/ingesto.org.br\/wp-content\/uploads\/2026\/04\/image-13-1024x350.png 1024w, https:\/\/ingesto.org.br\/wp-content\/uploads\/2026\/04\/image-13-300x103.png 300w, https:\/\/ingesto.org.br\/wp-content\/uploads\/2026\/04\/image-13-768x262.png 768w, https:\/\/ingesto.org.br\/wp-content\/uploads\/2026\/04\/image-13-18x6.png 18w, https:\/\/ingesto.org.br\/wp-content\/uploads\/2026\/04\/image-13.png 1200w\" sizes=\"(max-width: 1024px) 100vw, 1024px\" \/><figcaption class=\"wp-element-caption\"><em>Recursos voltados \u00e0 restaura\u00e7\u00e3o ecol\u00f3gica e territ\u00f3rios ind\u00edgenas crescem no Brasil<\/em><\/figcaption><\/figure>\n<\/div>\n\n\n<p>Iniciativas de conserva\u00e7\u00e3o ambiental seguem como uma das principais frentes de financiamento do terceiro setor, com destaque para projetos de restaura\u00e7\u00e3o ecol\u00f3gica e prote\u00e7\u00e3o de territ\u00f3rios ind\u00edgenas.<\/p>\n\n\n\n<p>Nos \u00faltimos ciclos, programas estruturados t\u00eam direcionado recursos significativos para a\u00e7\u00f5es de longo prazo, incluindo governan\u00e7a local e participa\u00e7\u00e3o comunit\u00e1ria.<\/p>\n\n\n\n<p>A tend\u00eancia refor\u00e7a a centralidade da agenda clim\u00e1tica no financiamento internacional e nacional, com impacto direto sobre organiza\u00e7\u00f5es ambientais.<\/p>\n\n\n\n<p class=\"has-small-font-size\"><a href=\"https:\/\/en.wikipedia.org\/wiki\/Conservation_International_Brazil\">Conservation International Brasil<\/a><\/p>\n\n\n\n<h6 class=\"wp-block-heading\">O que fazer amanh\u00e3<\/h6>\n\n\n\n<p class=\"has-small-font-size\">Revisar se sua organiza\u00e7\u00e3o pode se encaixar em editais de incid\u00eancia pol\u00edtica<br>Mapear oportunidades fora do eixo tradicional (ambiental, direitos humanos, base comunit\u00e1ria)<br>Investir em forma\u00e7\u00e3o estrat\u00e9gica da equipe (governan\u00e7a e capta\u00e7\u00e3o)<br>Fortalecer articula\u00e7\u00e3o com redes e outras OSCs para aumentar escala de impacto<\/p>\n\n\n\n<div class=\"ingesto-donate-cta\" role=\"region\" aria-label=\"Apoiar o Ingesto\">\n  <p class=\"ingesto-donate-text\">\n    O Ingesto \u00e9 mantido exclusivamente por doa\u00e7\u00f5es volunt\u00e1rias.<br>\n    Se este conte\u00fado foi \u00fatil para voc\u00ea, considere apoiar a manuten\u00e7\u00e3o da plataforma.\n  <\/p>\n\n  <a class=\"ingesto-donate-btn\" href=\"https:\/\/ingesto.org.br\/en\/colabore\/\" data-cta=\"donate-post-footer\">\n    Apoiar o Ingesto\n  <\/a>\n\n<p class=\"ingesto-donate-note\">\n  Leva menos de um minuto.\n<\/p>\n<\/div>","protected":false},"excerpt":{"rendered":"<p>O cen\u00e1rio do Terceiro Setor no Brasil \u00e9 din\u00e2mico e repleto de oportunidades para organiza\u00e7\u00f5es que buscam impulsionar suas a\u00e7\u00f5es sociais. Nos \u00faltimos dias, destacam-se iniciativas significativas que prometem fortalecer a capta\u00e7\u00e3o de recursos, o voluntariado e a qualifica\u00e7\u00e3o de entidades. Entre elas, o Instituto Lojas Renner lan\u00e7ou um edital de R$ 1 milh\u00e3o, visando fomentar o trabalho e a renda de mulheres em todo o pa\u00eds. Esta iniciativa selecionar\u00e1 cinco projetos de organiza\u00e7\u00f5es da sociedade civil, com cada proposta podendo receber at\u00e9 R$ 220 mil para execu\u00e7\u00e3o em at\u00e9 18 meses, focando em empreendedorismo e empregabilidade feminina <\/p>","protected":false},"author":1,"featured_media":19523,"comment_status":"open","ping_status":"open","sticky":false,"template":"","format":"standard","meta":{"give_campaign_id":0,"_yoast_wpseo_focuskw":"Editais incid\u00eancia pol\u00edtica e mobiliza\u00e7\u00e3o social ganham for\u00e7a no terceiro setor","_yoast_wpseo_title":"","_yoast_wpseo_metadesc":"Al\u00e9m das oportunidades de capta\u00e7\u00e3o, o ambiente legal para o Terceiro Setor tamb\u00e9m est\u00e1 em evolu\u00e7\u00e3o. A Lei 15.364\/2026 trouxe importantes atualiza\u00e7\u00f5es para o Programa Nacional de Microcr\u00e9dito Produtivo Orientado (PNMPO) e a Lei das Organiza\u00e7\u00f5es da Sociedade Civil de Interesse P\u00fablico (Oscips).","_joinchat":[],"footnotes":""},"categories":[467,1132,282,29],"tags":[1071,6789,6804,6802,6803,147,6799],"class_list":["post-19505","post","type-post","status-publish","format-standard","has-post-thumbnail","hentry","category-captacao","category-chamamento-publico","category-editais","category-noticias","tag-edital","tag-fundo-osc","tag-iniciativas-comunitarias","tag-lojas-renner","tag-microcredito","tag-oscips","tag-voa2026"],"yoast_head":"<!-- This site is optimized with the Yoast SEO plugin v27.4 - https:\/\/yoast.com\/product\/yoast-seo-wordpress\/ -->\n<title>Editais, incid\u00eancia pol\u00edtica e mobiliza\u00e7\u00e3o social ganham for\u00e7a no terceiro setor! - Ingesto<\/title>\n<meta name=\"description\" content=\"Al\u00e9m das oportunidades de capta\u00e7\u00e3o, o ambiente legal para o Terceiro Setor tamb\u00e9m est\u00e1 em evolu\u00e7\u00e3o. A Lei 15.364\/2026 trouxe importantes atualiza\u00e7\u00f5es para o Programa Nacional de Microcr\u00e9dito Produtivo Orientado (PNMPO) e a Lei das Organiza\u00e7\u00f5es da Sociedade Civil de Interesse P\u00fablico (Oscips).\" \/>\n<meta name=\"robots\" content=\"index, follow, max-snippet:-1, max-image-preview:large, max-video-preview:-1\" \/>\n<link rel=\"canonical\" href=\"https:\/\/ingesto.org.br\/en\/editais-incidencia-politica-e-mobilizacao-social-ganham-forca-no-terceiro-setor\/\" \/>\n<meta property=\"og:locale\" content=\"en_US\" \/>\n<meta property=\"og:type\" content=\"article\" \/>\n<meta property=\"og:title\" content=\"Editais, incid\u00eancia pol\u00edtica e mobiliza\u00e7\u00e3o social ganham for\u00e7a no terceiro setor! - Ingesto\" \/>\n<meta property=\"og:description\" content=\"Al\u00e9m das oportunidades de capta\u00e7\u00e3o, o ambiente legal para o Terceiro Setor tamb\u00e9m est\u00e1 em evolu\u00e7\u00e3o. A Lei 15.364\/2026 trouxe importantes atualiza\u00e7\u00f5es para o Programa Nacional de Microcr\u00e9dito Produtivo Orientado (PNMPO) e a Lei das Organiza\u00e7\u00f5es da Sociedade Civil de Interesse P\u00fablico (Oscips).\" \/>\n<meta property=\"og:url\" content=\"https:\/\/ingesto.org.br\/en\/editais-incidencia-politica-e-mobilizacao-social-ganham-forca-no-terceiro-setor\/\" \/>\n<meta property=\"og:site_name\" content=\"Ingesto\" \/>\n<meta property=\"article:publisher\" content=\"https:\/\/www.facebook.com\/institutoingesto\" \/>\n<meta property=\"article:published_time\" content=\"2026-04-09T12:46:43+00:00\" \/>\n<meta property=\"article:modified_time\" content=\"2026-04-09T12:46:46+00:00\" \/>\n<meta property=\"og:image\" content=\"https:\/\/ingesto.org.br\/wp-content\/uploads\/2026\/04\/1-PaginaInicial-Mobile.png\" \/>\n\t<meta property=\"og:image:width\" content=\"600\" \/>\n\t<meta property=\"og:image:height\" content=\"240\" \/>\n\t<meta property=\"og:image:type\" content=\"image\/png\" \/>\n<meta name=\"author\" content=\"Ingesto\" \/>\n<meta name=\"twitter:card\" content=\"summary_large_image\" \/>\n<meta name=\"twitter:creator\" content=\"@Ingestos\" \/>\n<meta name=\"twitter:site\" content=\"@Ingestos\" \/>\n<meta name=\"twitter:label1\" content=\"Written by\" \/>\n\t<meta name=\"twitter:data1\" content=\"Ingesto\" \/>\n\t<meta name=\"twitter:label2\" content=\"Est. reading time\" \/>\n\t<meta name=\"twitter:data2\" content=\"7 minutes\" \/>\n<script type=\"application\/ld+json\" class=\"yoast-schema-graph\">{\"@context\":\"https:\\\/\\\/schema.org\",\"@graph\":[{\"@type\":\"Article\",\"@id\":\"https:\\\/\\\/ingesto.org.br\\\/editais-incidencia-politica-e-mobilizacao-social-ganham-forca-no-terceiro-setor\\\/#article\",\"isPartOf\":{\"@id\":\"https:\\\/\\\/ingesto.org.br\\\/editais-incidencia-politica-e-mobilizacao-social-ganham-forca-no-terceiro-setor\\\/\"},\"author\":{\"name\":\"Ingesto\",\"@id\":\"http:\\\/\\\/ingesto.org.br\\\/en\\\/#\\\/schema\\\/person\\\/b6b24d64bb11f377f79f5f35b9c466dc\"},\"headline\":\"Editais, incid\u00eancia pol\u00edtica e mobiliza\u00e7\u00e3o social ganham for\u00e7a no terceiro setor!\",\"datePublished\":\"2026-04-09T12:46:43+00:00\",\"dateModified\":\"2026-04-09T12:46:46+00:00\",\"mainEntityOfPage\":{\"@id\":\"https:\\\/\\\/ingesto.org.br\\\/editais-incidencia-politica-e-mobilizacao-social-ganham-forca-no-terceiro-setor\\\/\"},\"wordCount\":1015,\"commentCount\":0,\"publisher\":{\"@id\":\"http:\\\/\\\/ingesto.org.br\\\/en\\\/#organization\"},\"image\":{\"@id\":\"https:\\\/\\\/ingesto.org.br\\\/editais-incidencia-politica-e-mobilizacao-social-ganham-forca-no-terceiro-setor\\\/#primaryimage\"},\"thumbnailUrl\":\"https:\\\/\\\/ingesto.org.br\\\/wp-content\\\/uploads\\\/2026\\\/04\\\/1-PaginaInicial-Mobile.png\",\"keywords\":[\"edital\",\"Fundo OSC\",\"Iniciativas Comunit\u00e1rias\",\"Lojas Renner\",\"Microcr\u00e9dito\",\"OSCIPs\",\"VOA2026\"],\"articleSection\":[\"Capta\u00e7\u00e3o\",\"Chamamento P\u00fablico\",\"Editais\",\"Not\u00edcias\"],\"inLanguage\":\"en-US\",\"potentialAction\":[{\"@type\":\"CommentAction\",\"name\":\"Comment\",\"target\":[\"https:\\\/\\\/ingesto.org.br\\\/editais-incidencia-politica-e-mobilizacao-social-ganham-forca-no-terceiro-setor\\\/#respond\"]}]},{\"@type\":\"WebPage\",\"@id\":\"https:\\\/\\\/ingesto.org.br\\\/editais-incidencia-politica-e-mobilizacao-social-ganham-forca-no-terceiro-setor\\\/\",\"url\":\"https:\\\/\\\/ingesto.org.br\\\/editais-incidencia-politica-e-mobilizacao-social-ganham-forca-no-terceiro-setor\\\/\",\"name\":\"Editais, incid\u00eancia pol\u00edtica e mobiliza\u00e7\u00e3o social ganham for\u00e7a no terceiro setor! - Ingesto\",\"isPartOf\":{\"@id\":\"http:\\\/\\\/ingesto.org.br\\\/en\\\/#website\"},\"primaryImageOfPage\":{\"@id\":\"https:\\\/\\\/ingesto.org.br\\\/editais-incidencia-politica-e-mobilizacao-social-ganham-forca-no-terceiro-setor\\\/#primaryimage\"},\"image\":{\"@id\":\"https:\\\/\\\/ingesto.org.br\\\/editais-incidencia-politica-e-mobilizacao-social-ganham-forca-no-terceiro-setor\\\/#primaryimage\"},\"thumbnailUrl\":\"https:\\\/\\\/ingesto.org.br\\\/wp-content\\\/uploads\\\/2026\\\/04\\\/1-PaginaInicial-Mobile.png\",\"datePublished\":\"2026-04-09T12:46:43+00:00\",\"dateModified\":\"2026-04-09T12:46:46+00:00\",\"description\":\"Al\u00e9m das oportunidades de capta\u00e7\u00e3o, o ambiente legal para o Terceiro Setor tamb\u00e9m est\u00e1 em evolu\u00e7\u00e3o. A Lei 15.364\\\/2026 trouxe importantes atualiza\u00e7\u00f5es para o Programa Nacional de Microcr\u00e9dito Produtivo Orientado (PNMPO) e a Lei das Organiza\u00e7\u00f5es da Sociedade Civil de Interesse P\u00fablico (Oscips).\",\"breadcrumb\":{\"@id\":\"https:\\\/\\\/ingesto.org.br\\\/editais-incidencia-politica-e-mobilizacao-social-ganham-forca-no-terceiro-setor\\\/#breadcrumb\"},\"inLanguage\":\"en-US\",\"potentialAction\":[{\"@type\":\"ReadAction\",\"target\":[\"https:\\\/\\\/ingesto.org.br\\\/editais-incidencia-politica-e-mobilizacao-social-ganham-forca-no-terceiro-setor\\\/\"]}]},{\"@type\":\"ImageObject\",\"inLanguage\":\"en-US\",\"@id\":\"https:\\\/\\\/ingesto.org.br\\\/editais-incidencia-politica-e-mobilizacao-social-ganham-forca-no-terceiro-setor\\\/#primaryimage\",\"url\":\"https:\\\/\\\/ingesto.org.br\\\/wp-content\\\/uploads\\\/2026\\\/04\\\/1-PaginaInicial-Mobile.png\",\"contentUrl\":\"https:\\\/\\\/ingesto.org.br\\\/wp-content\\\/uploads\\\/2026\\\/04\\\/1-PaginaInicial-Mobile.png\",\"width\":600,\"height\":240},{\"@type\":\"BreadcrumbList\",\"@id\":\"https:\\\/\\\/ingesto.org.br\\\/editais-incidencia-politica-e-mobilizacao-social-ganham-forca-no-terceiro-setor\\\/#breadcrumb\",\"itemListElement\":[{\"@type\":\"ListItem\",\"position\":1,\"name\":\"In\u00edcio\",\"item\":\"https:\\\/\\\/ingesto.org.br\\\/\"},{\"@type\":\"ListItem\",\"position\":2,\"name\":\"Editais, incid\u00eancia pol\u00edtica e mobiliza\u00e7\u00e3o social ganham for\u00e7a no terceiro setor!\"}]},{\"@type\":\"WebSite\",\"@id\":\"http:\\\/\\\/ingesto.org.br\\\/en\\\/#website\",\"url\":\"http:\\\/\\\/ingesto.org.br\\\/en\\\/\",\"name\":\"Instituto\",\"description\":\"Instituto para Gest\u00e3o do Terceiro Setor\",\"publisher\":{\"@id\":\"http:\\\/\\\/ingesto.org.br\\\/en\\\/#organization\"},\"alternateName\":\"Ingesto\",\"potentialAction\":[{\"@type\":\"SearchAction\",\"target\":{\"@type\":\"EntryPoint\",\"urlTemplate\":\"http:\\\/\\\/ingesto.org.br\\\/en\\\/?s={search_term_string}\"},\"query-input\":{\"@type\":\"PropertyValueSpecification\",\"valueRequired\":true,\"valueName\":\"search_term_string\"}}],\"inLanguage\":\"en-US\"},{\"@type\":\"Organization\",\"@id\":\"http:\\\/\\\/ingesto.org.br\\\/en\\\/#organization\",\"name\":\"Ingesto\",\"url\":\"http:\\\/\\\/ingesto.org.br\\\/en\\\/\",\"logo\":{\"@type\":\"ImageObject\",\"inLanguage\":\"en-US\",\"@id\":\"http:\\\/\\\/ingesto.org.br\\\/en\\\/#\\\/schema\\\/logo\\\/image\\\/\",\"url\":\"https:\\\/\\\/ingesto.org.br\\\/wp-content\\\/uploads\\\/2020\\\/11\\\/cropped-cropped-icone.png\",\"contentUrl\":\"https:\\\/\\\/ingesto.org.br\\\/wp-content\\\/uploads\\\/2020\\\/11\\\/cropped-cropped-icone.png\",\"width\":512,\"height\":512,\"caption\":\"Ingesto\"},\"image\":{\"@id\":\"http:\\\/\\\/ingesto.org.br\\\/en\\\/#\\\/schema\\\/logo\\\/image\\\/\"},\"sameAs\":[\"https:\\\/\\\/www.facebook.com\\\/institutoingesto\",\"https:\\\/\\\/x.com\\\/Ingestos\",\"https:\\\/\\\/www.instagram.com\\\/institutoingesto\\\/\",\"https:\\\/\\\/www.youtube.com\\\/@institutoingesto\",\"https:\\\/\\\/www.linkedin.com\\\/in\\\/instituto-ingesto\"]},{\"@type\":\"Person\",\"@id\":\"http:\\\/\\\/ingesto.org.br\\\/en\\\/#\\\/schema\\\/person\\\/b6b24d64bb11f377f79f5f35b9c466dc\",\"name\":\"Ingesto\",\"image\":{\"@type\":\"ImageObject\",\"inLanguage\":\"en-US\",\"@id\":\"https:\\\/\\\/ingesto.org.br\\\/wp-content\\\/litespeed\\\/avatar\\\/4d7201aed9dddada281d8ce59ea56991.jpg?ver=1776950236\",\"url\":\"https:\\\/\\\/ingesto.org.br\\\/wp-content\\\/litespeed\\\/avatar\\\/4d7201aed9dddada281d8ce59ea56991.jpg?ver=1776950236\",\"contentUrl\":\"https:\\\/\\\/ingesto.org.br\\\/wp-content\\\/litespeed\\\/avatar\\\/4d7201aed9dddada281d8ce59ea56991.jpg?ver=1776950236\",\"caption\":\"Ingesto\"},\"sameAs\":[\"http:\\\/\\\/ingesto.org.br\"],\"url\":\"https:\\\/\\\/ingesto.org.br\\\/en\\\/author\\\/instituto-ingesto\\\/\"}]}<\/script>\n<!-- \/ Yoast SEO plugin. -->","yoast_head_json":{"title":"Editais, incid\u00eancia pol\u00edtica e mobiliza\u00e7\u00e3o social ganham for\u00e7a no terceiro setor! - Ingesto","description":"Al\u00e9m das oportunidades de capta\u00e7\u00e3o, o ambiente legal para o Terceiro Setor tamb\u00e9m est\u00e1 em evolu\u00e7\u00e3o. A Lei 15.364\/2026 trouxe importantes atualiza\u00e7\u00f5es para o Programa Nacional de Microcr\u00e9dito Produtivo Orientado (PNMPO) e a Lei das Organiza\u00e7\u00f5es da Sociedade Civil de Interesse P\u00fablico (Oscips).","robots":{"index":"index","follow":"follow","max-snippet":"max-snippet:-1","max-image-preview":"max-image-preview:large","max-video-preview":"max-video-preview:-1"},"canonical":"https:\/\/ingesto.org.br\/en\/editais-incidencia-politica-e-mobilizacao-social-ganham-forca-no-terceiro-setor\/","og_locale":"en_US","og_type":"article","og_title":"Editais, incid\u00eancia pol\u00edtica e mobiliza\u00e7\u00e3o social ganham for\u00e7a no terceiro setor! - Ingesto","og_description":"Al\u00e9m das oportunidades de capta\u00e7\u00e3o, o ambiente legal para o Terceiro Setor tamb\u00e9m est\u00e1 em evolu\u00e7\u00e3o. A Lei 15.364\/2026 trouxe importantes atualiza\u00e7\u00f5es para o Programa Nacional de Microcr\u00e9dito Produtivo Orientado (PNMPO) e a Lei das Organiza\u00e7\u00f5es da Sociedade Civil de Interesse P\u00fablico (Oscips).","og_url":"https:\/\/ingesto.org.br\/en\/editais-incidencia-politica-e-mobilizacao-social-ganham-forca-no-terceiro-setor\/","og_site_name":"Ingesto","article_publisher":"https:\/\/www.facebook.com\/institutoingesto","article_published_time":"2026-04-09T12:46:43+00:00","article_modified_time":"2026-04-09T12:46:46+00:00","og_image":[{"width":600,"height":240,"url":"https:\/\/ingesto.org.br\/wp-content\/uploads\/2026\/04\/1-PaginaInicial-Mobile.png","type":"image\/png"}],"author":"Ingesto","twitter_card":"summary_large_image","twitter_creator":"@Ingestos","twitter_site":"@Ingestos","twitter_misc":{"Written by":"Ingesto","Est. reading time":"7 minutes"},"schema":{"@context":"https:\/\/schema.org","@graph":[{"@type":"Article","@id":"https:\/\/ingesto.org.br\/editais-incidencia-politica-e-mobilizacao-social-ganham-forca-no-terceiro-setor\/#article","isPartOf":{"@id":"https:\/\/ingesto.org.br\/editais-incidencia-politica-e-mobilizacao-social-ganham-forca-no-terceiro-setor\/"},"author":{"name":"Ingesto","@id":"http:\/\/ingesto.org.br\/en\/#\/schema\/person\/b6b24d64bb11f377f79f5f35b9c466dc"},"headline":"Editais, incid\u00eancia pol\u00edtica e mobiliza\u00e7\u00e3o social ganham for\u00e7a no terceiro setor!","datePublished":"2026-04-09T12:46:43+00:00","dateModified":"2026-04-09T12:46:46+00:00","mainEntityOfPage":{"@id":"https:\/\/ingesto.org.br\/editais-incidencia-politica-e-mobilizacao-social-ganham-forca-no-terceiro-setor\/"},"wordCount":1015,"commentCount":0,"publisher":{"@id":"http:\/\/ingesto.org.br\/en\/#organization"},"image":{"@id":"https:\/\/ingesto.org.br\/editais-incidencia-politica-e-mobilizacao-social-ganham-forca-no-terceiro-setor\/#primaryimage"},"thumbnailUrl":"https:\/\/ingesto.org.br\/wp-content\/uploads\/2026\/04\/1-PaginaInicial-Mobile.png","keywords":["edital","Fundo OSC","Iniciativas Comunit\u00e1rias","Lojas Renner","Microcr\u00e9dito","OSCIPs","VOA2026"],"articleSection":["Capta\u00e7\u00e3o","Chamamento P\u00fablico","Editais","Not\u00edcias"],"inLanguage":"en-US","potentialAction":[{"@type":"CommentAction","name":"Comment","target":["https:\/\/ingesto.org.br\/editais-incidencia-politica-e-mobilizacao-social-ganham-forca-no-terceiro-setor\/#respond"]}]},{"@type":"WebPage","@id":"https:\/\/ingesto.org.br\/editais-incidencia-politica-e-mobilizacao-social-ganham-forca-no-terceiro-setor\/","url":"https:\/\/ingesto.org.br\/editais-incidencia-politica-e-mobilizacao-social-ganham-forca-no-terceiro-setor\/","name":"Editais, incid\u00eancia pol\u00edtica e mobiliza\u00e7\u00e3o social ganham for\u00e7a no terceiro setor! - Ingesto","isPartOf":{"@id":"http:\/\/ingesto.org.br\/en\/#website"},"primaryImageOfPage":{"@id":"https:\/\/ingesto.org.br\/editais-incidencia-politica-e-mobilizacao-social-ganham-forca-no-terceiro-setor\/#primaryimage"},"image":{"@id":"https:\/\/ingesto.org.br\/editais-incidencia-politica-e-mobilizacao-social-ganham-forca-no-terceiro-setor\/#primaryimage"},"thumbnailUrl":"https:\/\/ingesto.org.br\/wp-content\/uploads\/2026\/04\/1-PaginaInicial-Mobile.png","datePublished":"2026-04-09T12:46:43+00:00","dateModified":"2026-04-09T12:46:46+00:00","description":"Al\u00e9m das oportunidades de capta\u00e7\u00e3o, o ambiente legal para o Terceiro Setor tamb\u00e9m est\u00e1 em evolu\u00e7\u00e3o. A Lei 15.364\/2026 trouxe importantes atualiza\u00e7\u00f5es para o Programa Nacional de Microcr\u00e9dito Produtivo Orientado (PNMPO) e a Lei das Organiza\u00e7\u00f5es da Sociedade Civil de Interesse P\u00fablico (Oscips).","breadcrumb":{"@id":"https:\/\/ingesto.org.br\/editais-incidencia-politica-e-mobilizacao-social-ganham-forca-no-terceiro-setor\/#breadcrumb"},"inLanguage":"en-US","potentialAction":[{"@type":"ReadAction","target":["https:\/\/ingesto.org.br\/editais-incidencia-politica-e-mobilizacao-social-ganham-forca-no-terceiro-setor\/"]}]},{"@type":"ImageObject","inLanguage":"en-US","@id":"https:\/\/ingesto.org.br\/editais-incidencia-politica-e-mobilizacao-social-ganham-forca-no-terceiro-setor\/#primaryimage","url":"https:\/\/ingesto.org.br\/wp-content\/uploads\/2026\/04\/1-PaginaInicial-Mobile.png","contentUrl":"https:\/\/ingesto.org.br\/wp-content\/uploads\/2026\/04\/1-PaginaInicial-Mobile.png","width":600,"height":240},{"@type":"BreadcrumbList","@id":"https:\/\/ingesto.org.br\/editais-incidencia-politica-e-mobilizacao-social-ganham-forca-no-terceiro-setor\/#breadcrumb","itemListElement":[{"@type":"ListItem","position":1,"name":"In\u00edcio","item":"https:\/\/ingesto.org.br\/"},{"@type":"ListItem","position":2,"name":"Editais, incid\u00eancia pol\u00edtica e mobiliza\u00e7\u00e3o social ganham for\u00e7a no terceiro setor!"}]},{"@type":"WebSite","@id":"http:\/\/ingesto.org.br\/en\/#website","url":"http:\/\/ingesto.org.br\/en\/","name":"Institute","description":"Institute for Third Sector Management","publisher":{"@id":"http:\/\/ingesto.org.br\/en\/#organization"},"alternateName":"Ingesto","potentialAction":[{"@type":"SearchAction","target":{"@type":"EntryPoint","urlTemplate":"http:\/\/ingesto.org.br\/en\/?s={search_term_string}"},"query-input":{"@type":"PropertyValueSpecification","valueRequired":true,"valueName":"search_term_string"}}],"inLanguage":"en-US"},{"@type":"Organization","@id":"http:\/\/ingesto.org.br\/en\/#organization","name":"Ingesto","url":"http:\/\/ingesto.org.br\/en\/","logo":{"@type":"ImageObject","inLanguage":"en-US","@id":"http:\/\/ingesto.org.br\/en\/#\/schema\/logo\/image\/","url":"https:\/\/ingesto.org.br\/wp-content\/uploads\/2020\/11\/cropped-cropped-icone.png","contentUrl":"https:\/\/ingesto.org.br\/wp-content\/uploads\/2020\/11\/cropped-cropped-icone.png","width":512,"height":512,"caption":"Ingesto"},"image":{"@id":"http:\/\/ingesto.org.br\/en\/#\/schema\/logo\/image\/"},"sameAs":["https:\/\/www.facebook.com\/institutoingesto","https:\/\/x.com\/Ingestos","https:\/\/www.instagram.com\/institutoingesto\/","https:\/\/www.youtube.com\/@institutoingesto","https:\/\/www.linkedin.com\/in\/instituto-ingesto"]},{"@type":"Person","@id":"http:\/\/ingesto.org.br\/en\/#\/schema\/person\/b6b24d64bb11f377f79f5f35b9c466dc","name":"Ingesto","image":{"@type":"ImageObject","inLanguage":"en-US","@id":"https:\/\/ingesto.org.br\/wp-content\/litespeed\/avatar\/4d7201aed9dddada281d8ce59ea56991.jpg?ver=1776950236","url":"https:\/\/ingesto.org.br\/wp-content\/litespeed\/avatar\/4d7201aed9dddada281d8ce59ea56991.jpg?ver=1776950236","contentUrl":"https:\/\/ingesto.org.br\/wp-content\/litespeed\/avatar\/4d7201aed9dddada281d8ce59ea56991.jpg?ver=1776950236","caption":"Ingesto"},"sameAs":["http:\/\/ingesto.org.br"],"url":"https:\/\/ingesto.org.br\/en\/author\/instituto-ingesto\/"}]}},"jetpack_featured_media_url":"https:\/\/ingesto.org.br\/wp-content\/uploads\/2026\/04\/1-PaginaInicial-Mobile.png","jetpack_shortlink":"https:\/\/wp.me\/peji5g-54B","acf":[],"_links":{"self":[{"href":"https:\/\/ingesto.org.br\/en\/wp-json\/wp\/v2\/posts\/19505","targetHints":{"allow":["GET"]}}],"collection":[{"href":"https:\/\/ingesto.org.br\/en\/wp-json\/wp\/v2\/posts"}],"about":[{"href":"https:\/\/ingesto.org.br\/en\/wp-json\/wp\/v2\/types\/post"}],"author":[{"embeddable":true,"href":"https:\/\/ingesto.org.br\/en\/wp-json\/wp\/v2\/users\/1"}],"replies":[{"embeddable":true,"href":"https:\/\/ingesto.org.br\/en\/wp-json\/wp\/v2\/comments?post=19505"}],"version-history":[{"count":1,"href":"https:\/\/ingesto.org.br\/en\/wp-json\/wp\/v2\/posts\/19505\/revisions"}],"predecessor-version":[{"id":19524,"href":"https:\/\/ingesto.org.br\/en\/wp-json\/wp\/v2\/posts\/19505\/revisions\/19524"}],"wp:featuredmedia":[{"embeddable":true,"href":"https:\/\/ingesto.org.br\/en\/wp-json\/wp\/v2\/media\/19523"}],"wp:attachment":[{"href":"https:\/\/ingesto.org.br\/en\/wp-json\/wp\/v2\/media?parent=19505"}],"wp:term":[{"taxonomy":"category","embeddable":true,"href":"https:\/\/ingesto.org.br\/en\/wp-json\/wp\/v2\/categories?post=19505"},{"taxonomy":"post_tag","embeddable":true,"href":"https:\/\/ingesto.org.br\/en\/wp-json\/wp\/v2\/tags?post=19505"}],"curies":[{"name":"wp","href":"https:\/\/api.w.org\/{rel}","templated":true}]}}