{"id":19499,"date":"2026-04-08T07:11:32","date_gmt":"2026-04-08T10:11:32","guid":{"rendered":"https:\/\/ingesto.org.br\/?p=19499"},"modified":"2026-04-08T07:11:36","modified_gmt":"2026-04-08T10:11:36","slug":"captacao-recursos-terceiro-setor-editais-onu-mulheres-fundo-osc-2026","status":"publish","type":"post","link":"https:\/\/ingesto.org.br\/en\/captacao-recursos-terceiro-setor-editais-onu-mulheres-fundo-osc-2026\/","title":{"rendered":"Editais da ONU Mulheres e Fundo OSC somam recursos para Projetos Sociais!"},"content":{"rendered":"<h4 class=\"wp-block-heading\">Oportunidades de Capta\u00e7\u00e3o e Inova\u00e7\u00e3o no Terceiro Setor<\/h4>\n\n\n<div class=\"wp-block-image\">\n<figure class=\"aligncenter\"><img decoding=\"async\" src=\"https:\/\/private-us-east-1.manuscdn.com\/sessionFile\/8FbY9xyMBGNevAP9ARooAQ\/sandbox\/RmCRMeuWXFvvYxNHIpxNln-images_1775635597371_na1fn_L2hvbWUvdWJ1bnR1L2ltYWdlcy9lZGl0YWxfb251X211bGhlcmVzX2p1c3RpY2FfY2xpbWF0aWNh.jpeg?Policy=eyJTdGF0ZW1lbnQiOlt7IlJlc291cmNlIjoiaHR0cHM6Ly9wcml2YXRlLXVzLWVhc3QtMS5tYW51c2Nkbi5jb20vc2Vzc2lvbkZpbGUvOEZiWTl4eU1CR05ldkFQOUFSb29BUS9zYW5kYm94L1JtQ1JNZXVXWEZ2dll4TkhJcHhObG4taW1hZ2VzXzE3NzU2MzU1OTczNzFfbmExZm5fTDJodmJXVXZkV0oxYm5SMUwybHRZV2RsY3k5bFpHbDBZV3hmYjI1MVgyMTFiR2hsY21WelgycDFjM1JwWTJGZlkyeHBiV0YwYVdOaC5qcGVnIiwiQ29uZGl0aW9uIjp7IkRhdGVMZXNzVGhhbiI6eyJBV1M6RXBvY2hUaW1lIjoxNzk4NzYxNjAwfX19XX0_&amp;Key-Pair-Id=K2HSFNDJXOU9YS&amp;Signature=uVfs3iM59joR7Em9GodyWM7EdxEu4WU376QXgT~BOp0alV2fSyCW26LWDvQG9cmrr8GVktmi1gsn3ApALQEcbbK35xCfa2V2YQWyAWTOj8-BTz3qdzxAeSWiV9tn1jZDKk9oq47MZwuHzQ~BhcPVek~WDEEYXaU5R3A8b6H2Jx7Y5hDBWp1-e-ycE2oyk7DBDd6ErJqC67Sh-TrE0mA9wDfwesF1kj7uWBgDo-H4-LpnLzSQW~ZnZuA7zwmSBW-QJXxZn8Sfue9r3QNuKS3MCkKPJgWRctG~q0VrhRaqtsmPOOT-kN9MHCpWAjtmy-jdyGhMQaTfPyWPFpwZ1mB62A__\" alt=\"Justi\u00e7a Clim\u00e1tica e G\u00eanero\"\/><\/figure>\n<\/div>\n\n\n<p>O cen\u00e1rio para as Organiza\u00e7\u00f5es da Sociedade Civil (OSCs) em abril de 2026 inicia com importantes janelas de financiamento e reconhecimento. A ONU Mulheres Brasil, em parceria com o Minist\u00e9rio das Mulheres, lan\u00e7ou um edital estrat\u00e9gico voltado \u00e0 promo\u00e7\u00e3o da justi\u00e7a clim\u00e1tica com perspectiva de g\u00eanero. A iniciativa busca selecionar projetos que fortale\u00e7am a autonomia econ\u00f4mica e a participa\u00e7\u00e3o pol\u00edtica de mulheres e meninas frente aos desafios das mudan\u00e7as clim\u00e1ticas. Com apoios que variam de R$ 80 mil a R$ 150 mil, o edital foca em eixos como a qualifica\u00e7\u00e3o profissional e a incid\u00eancia pol\u00edtica em pol\u00edticas p\u00fablicas ambientais.<\/p>\n\n\n\n<p>As organiza\u00e7\u00f5es interessadas devem possuir CNPJ ativo h\u00e1 pelo menos tr\u00eas anos e experi\u00eancia comprovada na tem\u00e1tica de g\u00eanero e meio ambiente. O diferencial deste chamamento \u00e9 a exig\u00eancia de que os recursos sejam geridos por mulheres, refor\u00e7ando o compromisso com o protagonismo feminino no setor. As propostas podem ser enviadas at\u00e9 o dia 20 de abril exclusivamente por formul\u00e1rio online. Esta \u00e9 uma oportunidade \u00edmpar para OSCs que j\u00e1 atuam na base e buscam escala para suas metodologias de adapta\u00e7\u00e3o e mitiga\u00e7\u00e3o clim\u00e1tica.<\/p>\n\n\n\n<p class=\"has-small-font-size\"><a href=\"https:\/\/forms.office.com\/r\/6tBFeEEL2a\" target=\"_blank\" rel=\"noreferrer noopener\">UN<\/a><\/p>\n\n\n\n<h4 class=\"wp-block-heading\">Fortalecimento da Democracia e Incid\u00eancia Pol\u00edtica<\/h4>\n\n\n<div class=\"wp-block-image\">\n<figure class=\"aligncenter\"><img decoding=\"async\" src=\"https:\/\/private-us-east-1.manuscdn.com\/sessionFile\/8FbY9xyMBGNevAP9ARooAQ\/sandbox\/RmCRMeuWXFvvYxNHIpxNln-images_1775635597371_na1fn_L2hvbWUvdWJ1bnR1L2ltYWdlcy9lZGl0YWxfZnVuZG9fb3NjX2luY2lkZW5jaWFfcG9saXRpY2E.jpeg?Policy=eyJTdGF0ZW1lbnQiOlt7IlJlc291cmNlIjoiaHR0cHM6Ly9wcml2YXRlLXVzLWVhc3QtMS5tYW51c2Nkbi5jb20vc2Vzc2lvbkZpbGUvOEZiWTl4eU1CR05ldkFQOUFSb29BUS9zYW5kYm94L1JtQ1JNZXVXWEZ2dll4TkhJcHhObG4taW1hZ2VzXzE3NzU2MzU1OTczNzFfbmExZm5fTDJodmJXVXZkV0oxYm5SMUwybHRZV2RsY3k5bFpHbDBZV3hmWm5WdVpHOWZiM05qWDJsdVkybGtaVzVqYVdGZmNHOXNhWFJwWTJFLmpwZWciLCJDb25kaXRpb24iOnsiRGF0ZUxlc3NUaGFuIjp7IkFXUzpFcG9jaFRpbWUiOjE3OTg3NjE2MDB9fX1dfQ__&amp;Key-Pair-Id=K2HSFNDJXOU9YS&amp;Signature=bs3ksmHOaVVlr624PQaC3JWqJIQBgqxML3dxbDOb9iF1pGDbIb3RMtDlKPSfH6Af1mJmLn0sG0atEdZfUf4bwBzUq0OGqw6sPzKOVZh58eQ1Xk-Lo1oAob8ltZl1xIOg69lX7OhBGbZpMIqN1WakQZr10AiSpYeijL7Qf0k3d11E6kcZpJOHrcrdiQCbMq80vXiOTH0f4JtR---gkgKUEfuBoFHURnRaMQqTKF7YSIlD91-0ZF-IY5amRAdCVXPymHmHX2f~08h6lDG3i0wjZVF~ggDgYGTOiIoy2ppoCdzriJEK-K2o-pEnyzENg2NYGXkThGmeDMKpcMtpyTHs7A__\" alt=\"Fundo OSC e Participa\u00e7\u00e3o Social\"\/><\/figure>\n<\/div>\n\n\n<p>Paralelamente, o Fundo OSC abriu inscri\u00e7\u00f5es para o seu Edital 01\/2026, com foco no fortalecimento da democracia e da participa\u00e7\u00e3o social. Executado pela C\u00e1ritas Brasileira com cofinanciamento da Uni\u00e3o Europeia, o edital apoiar\u00e1 at\u00e9 20 projetos divididos em iniciativas de pequeno porte (at\u00e9 R$ 15 mil) e m\u00e9dio porte (at\u00e9 R$ 40 mil). O objetivo central \u00e9 ampliar a capacidade de articula\u00e7\u00e3o das OSCs e sua atua\u00e7\u00e3o no controle social de pol\u00edticas p\u00fablicas, al\u00e9m de enfrentar desafios contempor\u00e2neos como a desinforma\u00e7\u00e3o.<\/p>\n\n\n\n<p>As propostas devem ser submetidas por organiza\u00e7\u00f5es signat\u00e1rias da Plataforma MROSC, mas grupos sem CNPJ tamb\u00e9m podem participar atrav\u00e9s de uma organiza\u00e7\u00e3o respons\u00e1vel. O edital contempla eixos de digitaliza\u00e7\u00e3o e mobilidade, reconhecendo a necessidade de moderniza\u00e7\u00e3o tecnol\u00f3gica para a defesa de direitos. Com o resultado final previsto para julho, os projetos selecionados ter\u00e3o um ciclo de execu\u00e7\u00e3o entre agosto de 2026 e junho de 2027, permitindo um planejamento estruturado de m\u00e9dio prazo para as institui\u00e7\u00f5es.<\/p>\n\n\n\n<p class=\"has-small-font-size\"><a href=\"https:\/\/docs.google.com\/forms\/d\/e\/1FAIpQLSdKSbg0zRsSkjG5XI362j5PE4yBXDdJfZypb5nFM4ui7ies6g\/viewform\" target=\"_blank\" rel=\"noreferrer noopener\">MROSC<\/a><\/p>\n\n\n\n<h4 class=\"wp-block-heading\">Reconhecimento \u00e0 Inova\u00e7\u00e3o e Novas Ferramentas de Capta\u00e7\u00e3o<\/h4>\n\n\n<div class=\"wp-block-image\">\n<figure class=\"aligncenter\"><img decoding=\"async\" src=\"https:\/\/private-us-east-1.manuscdn.com\/sessionFile\/8FbY9xyMBGNevAP9ARooAQ\/sandbox\/RmCRMeuWXFvvYxNHIpxNln-images_1775635597371_na1fn_L2hvbWUvdWJ1bnR1L2ltYWdlcy9wcmVtaW9faW5vdmFfbWluYXNfZ2VyYWlzXzlfZWRpY2Fv.jpeg?Policy=eyJTdGF0ZW1lbnQiOlt7IlJlc291cmNlIjoiaHR0cHM6Ly9wcml2YXRlLXVzLWVhc3QtMS5tYW51c2Nkbi5jb20vc2Vzc2lvbkZpbGUvOEZiWTl4eU1CR05ldkFQOUFSb29BUS9zYW5kYm94L1JtQ1JNZXVXWEZ2dll4TkhJcHhObG4taW1hZ2VzXzE3NzU2MzU1OTczNzFfbmExZm5fTDJodmJXVXZkV0oxYm5SMUwybHRZV2RsY3k5d2NtVnRhVzlmYVc1dmRtRmZiV2x1WVhOZloyVnlZV2x6WHpsZlpXUnBZMkZ2LmpwZWciLCJDb25kaXRpb24iOnsiRGF0ZUxlc3NUaGFuIjp7IkFXUzpFcG9jaFRpbWUiOjE3OTg3NjE2MDB9fX1dfQ__&amp;Key-Pair-Id=K2HSFNDJXOU9YS&amp;Signature=G1-zpZ5cORrXavTc-PgJPrzr2eW~1l063ZwjuorIlit9BZkxyxCHiAXSaazFtPRrpu96rICtu2DXsIwOKY1UBYwKjn0iOX2pi3k2Bc~kC-vTL1gI~nZO1ERfjsXrOhOa7ovU4i5gxN4bx0~2b0TgD~LDogZw25n51pduCZcyEhFPS0p5zOTfpTGsvrDfT-cVnD8cZehymnwtnWrqYPLG~YbKw62F4ghcHIj4p-gJmLVSP-Brl8FuAdVQ02WrFUCzdIuqq~PAon1M31TVKt570KmcTKYx~wUI~Jk4Ye7j0kodHwMrKoqlYfTvW8RuKuvKjtRJFxdmpDWRYYALI197NQ__\" alt=\"Pr\u00eamio Inova Minas Gerais\"\/><\/figure>\n<\/div>\n\n\n<p>No campo da gest\u00e3o e inova\u00e7\u00e3o, a Secretaria de Planejamento de Minas Gerais lan\u00e7ou a 9\u00aa edi\u00e7\u00e3o do Pr\u00eamio Inova Minas Gerais. Embora voltado a servidores p\u00fablicos, o pr\u00eamio abriu uma chamada para especialistas do terceiro setor atuarem como avaliadores das iniciativas. Esta \u00e9 uma excelente forma de profissionais do setor social influenciarem a moderniza\u00e7\u00e3o da m\u00e1quina p\u00fablica e compartilharem expertises em \u00e1reas como desenvolvimento social e transpar\u00eancia. A edi\u00e7\u00e3o de 2026 destaca o uso de Intelig\u00eancia Artificial e automatiza\u00e7\u00e3o como crit\u00e9rios de excel\u00eancia.<\/p>\n\n\n\n<p>Al\u00e9m dos editais, o ecossistema do terceiro setor ganha o refor\u00e7o do kit &#8220;Construindo seu Doador Ideal&#8221;, lan\u00e7ado pelo s-lab. A ferramenta utiliza a metodologia do Canvas IDP (Ideal Donor Profile) para ajudar as organiza\u00e7\u00f5es a sa\u00edrem de comunica\u00e7\u00f5es gen\u00e9ricas para estrat\u00e9gias baseadas em dados e comportamento. Com o aux\u00edlio de um assistente de IA, as OSCs podem agora estruturar pesquisas de p\u00fablico mais assertivas, visando aumentar a recorr\u00eancia das doa\u00e7\u00f5es e o engajamento comunit\u00e1rio, resolvendo um dos maiores gargalos da sustentabilidade institucional.<\/p>\n\n\n\n<p class=\"has-small-font-size\"><a href=\"https:\/\/www.premioinova.mg.gov.br\/\" target=\"_blank\" rel=\"noreferrer noopener\">Inova Minas<\/a><\/p>\n\n\n\n<h4 class=\"wp-block-heading\">Financiamento clim\u00e1tico entra no centro da estrat\u00e9gia p\u00fablica e internacional<\/h4>\n\n\n<div class=\"wp-block-image\">\n<figure class=\"aligncenter size-full\"><img fetchpriority=\"high\" decoding=\"async\" width=\"600\" height=\"400\" src=\"https:\/\/ingesto.org.br\/wp-content\/uploads\/2026\/04\/image-10.png\" alt=\"\" class=\"wp-image-19500\" srcset=\"https:\/\/ingesto.org.br\/wp-content\/uploads\/2026\/04\/image-10.png 600w, https:\/\/ingesto.org.br\/wp-content\/uploads\/2026\/04\/image-10-300x200.png 300w, https:\/\/ingesto.org.br\/wp-content\/uploads\/2026\/04\/image-10-18x12.png 18w\" sizes=\"(max-width: 600px) 100vw, 600px\" \/><figcaption class=\"wp-element-caption\"><em>Pol\u00edtica clim\u00e1tica brasileira se alinha a compromissos internacionais e amplia espa\u00e7o para atua\u00e7\u00e3o de OSCs.<\/em><\/figcaption><\/figure>\n<\/div>\n\n\n<p>O avan\u00e7o da agenda clim\u00e1tica no Brasil acompanha compromissos internacionais e tende a ampliar o volume de recursos destinados a projetos de mitiga\u00e7\u00e3o e adapta\u00e7\u00e3o \u00e0s mudan\u00e7as clim\u00e1ticas, incluindo iniciativas executadas por organiza\u00e7\u00f5es da sociedade civil.<\/p>\n\n\n\n<p>Esse movimento coloca o terceiro setor como pe\u00e7a importante na execu\u00e7\u00e3o de pol\u00edticas p\u00fablicas ambientais, especialmente em territ\u00f3rios vulner\u00e1veis e em a\u00e7\u00f5es de conserva\u00e7\u00e3o e desenvolvimento sustent\u00e1vel.<\/p>\n\n\n\n<p>A exig\u00eancia, no entanto, tamb\u00e9m cresce: projetos precisam demonstrar impacto mensur\u00e1vel, consist\u00eancia t\u00e9cnica e alinhamento com indicadores internacionais, o que eleva o n\u00edvel de maturidade exigido das organiza\u00e7\u00f5es.<\/p>\n\n\n\n<p class=\"has-small-font-size\"><a href=\"https:\/\/www.gov.br\/mma\">Ministry of the Environment<\/a><\/p>\n\n\n\n<hr class=\"wp-block-separator has-alpha-channel-opacity\"\/>\n\n\n\n<h4 class=\"wp-block-heading\">Transferegov refor\u00e7a controle institucional sobre execu\u00e7\u00e3o de recursos p\u00fablicos<\/h4>\n\n\n\n<figure class=\"wp-block-image size-large\"><img decoding=\"async\" width=\"1024\" height=\"564\" src=\"https:\/\/ingesto.org.br\/wp-content\/uploads\/2026\/04\/transferencias-voluntarias-1024x564.png\" alt=\"\" class=\"wp-image-19501\" srcset=\"https:\/\/ingesto.org.br\/wp-content\/uploads\/2026\/04\/transferencias-voluntarias-1024x564.png 1024w, https:\/\/ingesto.org.br\/wp-content\/uploads\/2026\/04\/transferencias-voluntarias-300x165.png 300w, https:\/\/ingesto.org.br\/wp-content\/uploads\/2026\/04\/transferencias-voluntarias-768x423.png 768w, https:\/\/ingesto.org.br\/wp-content\/uploads\/2026\/04\/transferencias-voluntarias-1536x845.png 1536w, https:\/\/ingesto.org.br\/wp-content\/uploads\/2026\/04\/transferencias-voluntarias-2048x1127.png 2048w, https:\/\/ingesto.org.br\/wp-content\/uploads\/2026\/04\/transferencias-voluntarias-18x10.png 18w\" sizes=\"(max-width: 1024px) 100vw, 1024px\" \/><figcaption class=\"wp-element-caption\"><em>Plataforma centraliza e aumenta o controle sobre transfer\u00eancias volunt\u00e1rias e parcerias com OSCs.<\/em><\/figcaption><\/figure>\n\n\n\n<p>O Transferegov vem consolidando seu papel como principal instrumento de formaliza\u00e7\u00e3o e acompanhamento de parcerias entre o poder p\u00fablico e organiza\u00e7\u00f5es da sociedade civil, ampliando a rastreabilidade e o controle sobre recursos p\u00fablicos.<\/p>\n\n\n\n<p>As atualiza\u00e7\u00f5es recentes indicam um ambiente mais rigoroso, com exig\u00eancia crescente de conformidade documental, clareza nos planos de trabalho e capacidade de presta\u00e7\u00e3o de contas estruturada.<\/p>\n\n\n\n<p>Esse cen\u00e1rio favorece organiza\u00e7\u00f5es mais preparadas tecnicamente e aumenta o risco para aquelas que operam com baixa governan\u00e7a, refor\u00e7ando a necessidade de profissionaliza\u00e7\u00e3o do terceiro setor.<\/p>\n\n\n\n<p class=\"has-small-font-size\"><a href=\"https:\/\/www.gov.br\/transferegov\/pt-br\">Transferegov<\/a><\/p>\n\n\n\n<hr class=\"wp-block-separator has-alpha-channel-opacity\"\/>\n\n\n\n<h4 class=\"wp-block-heading\">Uni\u00e3o Europeia amplia financiamento para inova\u00e7\u00e3o social e digital<\/h4>\n\n\n<div class=\"wp-block-image\">\n<figure class=\"aligncenter size-full\"><img decoding=\"async\" width=\"700\" height=\"538\" src=\"https:\/\/ingesto.org.br\/wp-content\/uploads\/2026\/04\/image-11.png\" alt=\"\" class=\"wp-image-19502\" srcset=\"https:\/\/ingesto.org.br\/wp-content\/uploads\/2026\/04\/image-11.png 700w, https:\/\/ingesto.org.br\/wp-content\/uploads\/2026\/04\/image-11-300x231.png 300w, https:\/\/ingesto.org.br\/wp-content\/uploads\/2026\/04\/image-11-16x12.png 16w\" sizes=\"(max-width: 700px) 100vw, 700px\" \/><figcaption class=\"wp-element-caption\"><em>Programas europeus priorizam inova\u00e7\u00e3o social, inclus\u00e3o e transforma\u00e7\u00e3o digital.<\/em><\/figcaption><\/figure>\n<\/div>\n\n\n<p>A Uni\u00e3o Europeia mant\u00e9m um volume relevante de financiamento por meio de programas estruturados voltados \u00e0 inova\u00e7\u00e3o social, inclus\u00e3o e transforma\u00e7\u00e3o digital, com oportunidades acess\u00edveis a organiza\u00e7\u00f5es de diferentes pa\u00edses.<\/p>\n\n\n\n<p>Esses programas exigem alto n\u00edvel de organiza\u00e7\u00e3o, frequentemente envolvendo cons\u00f3rcios internacionais e projetos de maior escala, o que aumenta a complexidade, mas tamb\u00e9m o potencial de impacto.<\/p>\n\n\n\n<p>Para organiza\u00e7\u00f5es brasileiras, a entrada nesses editais depende da capacidade de articula\u00e7\u00e3o internacional e do alinhamento com agendas globais estrat\u00e9gicas.<\/p>\n\n\n\n<p class=\"has-small-font-size\"><a href=\"https:\/\/ec.europa.eu\/info\/funding-tenders\/opportunities\/portal\/screen\/home\">European Commission<\/a><\/p>\n\n\n\n<hr class=\"wp-block-separator has-alpha-channel-opacity\"\/>\n\n\n\n<h4 class=\"wp-block-heading\">Fundos internacionais seguem financiando projetos de direitos e governan\u00e7a<\/h4>\n\n\n<div class=\"wp-block-image\">\n<figure class=\"aligncenter size-full\"><img loading=\"lazy\" decoding=\"async\" width=\"931\" height=\"877\" src=\"https:\/\/ingesto.org.br\/wp-content\/uploads\/2026\/04\/image-12.png\" alt=\"\" class=\"wp-image-19503\" srcset=\"https:\/\/ingesto.org.br\/wp-content\/uploads\/2026\/04\/image-12.png 931w, https:\/\/ingesto.org.br\/wp-content\/uploads\/2026\/04\/image-12-300x283.png 300w, https:\/\/ingesto.org.br\/wp-content\/uploads\/2026\/04\/image-12-768x723.png 768w, https:\/\/ingesto.org.br\/wp-content\/uploads\/2026\/04\/image-12-13x12.png 13w\" sizes=\"(max-width: 931px) 100vw, 931px\" \/><figcaption class=\"wp-element-caption\"><em>Financiamento internacional continua priorizando democracia, transpar\u00eancia e direitos humanos.<\/em><\/figcaption><\/figure>\n<\/div>\n\n\n<p>Fundos internacionais continuam direcionando recursos para projetos ligados \u00e0 promo\u00e7\u00e3o da democracia, transpar\u00eancia e direitos humanos, especialmente em pa\u00edses em desenvolvimento.<\/p>\n\n\n\n<p>O acesso a esses recursos depende fortemente de posicionamento institucional, hist\u00f3rico consistente e alinhamento com agendas estrat\u00e9gicas globais, mais do que participa\u00e7\u00e3o em editais abertos tradicionais.<\/p>\n\n\n\n<p>Para OSCs, isso exige maturidade institucional, clareza de atua\u00e7\u00e3o e capacidade de articula\u00e7\u00e3o com redes e financiadores internacionais.<\/p>\n\n\n\n<p class=\"has-small-font-size\"><a href=\"https:\/\/www.opensocietyfoundations.org\">Open Society Foundations<\/a><\/p>\n\n\n\n<div class=\"ingesto-donate-cta\" role=\"region\" aria-label=\"Apoiar o Ingesto\">\n  <p class=\"ingesto-donate-text\">\n    O Ingesto \u00e9 mantido exclusivamente por doa\u00e7\u00f5es volunt\u00e1rias.<br>\n    Se este conte\u00fado foi \u00fatil para voc\u00ea, considere apoiar a manuten\u00e7\u00e3o da plataforma.\n  <\/p>\n\n  <a class=\"ingesto-donate-btn\" href=\"https:\/\/ingesto.org.br\/en\/colabore\/\" data-cta=\"donate-post-footer\">\n    Apoiar o Ingesto\n  <\/a>\n\n<p class=\"ingesto-donate-note\">\n  Leva menos de um minuto.\n<\/p>\n<\/div>","protected":false},"excerpt":{"rendered":"<p>Confira as \u00faltimas not\u00edcias do terceiro setor: Editais da ONU Mulheres e Fundo OSC para capta\u00e7\u00e3o de recursos, Pr\u00eamio Inova Minas Gerais e novas ferramentas de capta\u00e7\u00e3o do s-lab.<\/p>","protected":false},"author":1,"featured_media":19503,"comment_status":"open","ping_status":"open","sticky":false,"template":"","format":"standard","meta":{"give_campaign_id":0,"_yoast_wpseo_focuskw":"Capta\u00e7\u00e3o de Recursos no Terceiro Setor: Editais ONU Mulheres e Fundo OSC 2026","_yoast_wpseo_title":"","_yoast_wpseo_metadesc":"Confira as \u00faltimas not\u00edcias do terceiro setor: Editais da ONU Mulheres e Fundo OSC para capta\u00e7\u00e3o de recursos, Pr\u00eamio Inova Minas Gerais e novas ferramentas de capta\u00e7\u00e3o do s-lab.","_joinchat":[],"footnotes":""},"categories":[467,468,282,29],"tags":[589,6791,6008,6789,6787,6684,6788,6790,182],"class_list":["post-19499","post","type-post","status-publish","format-standard","has-post-thumbnail","hentry","category-captacao","category-captacao-de-recursos","category-editais","category-noticias","tag-captacao-de-recursos","tag-doador-ideal","tag-editais-2026","tag-fundo-osc","tag-incidencia-politica","tag-justica-climatica","tag-onu-mulheres","tag-s-lab","tag-terceiro-setor"],"yoast_head":"<!-- This site is optimized with the Yoast SEO plugin v27.5 - https:\/\/yoast.com\/product\/yoast-seo-wordpress\/ -->\n<title>Editais da ONU Mulheres e Fundo OSC somam recursos para Projetos Sociais! - Ingesto<\/title>\n<meta name=\"description\" content=\"Confira as \u00faltimas not\u00edcias do terceiro setor: Editais da ONU Mulheres e Fundo OSC para capta\u00e7\u00e3o de recursos, Pr\u00eamio Inova Minas Gerais e novas ferramentas de capta\u00e7\u00e3o do s-lab.\" \/>\n<meta name=\"robots\" content=\"index, follow, max-snippet:-1, max-image-preview:large, max-video-preview:-1\" \/>\n<link rel=\"canonical\" href=\"https:\/\/ingesto.org.br\/en\/captacao-recursos-terceiro-setor-editais-onu-mulheres-fundo-osc-2026\/\" \/>\n<meta property=\"og:locale\" content=\"en_US\" \/>\n<meta property=\"og:type\" content=\"article\" \/>\n<meta property=\"og:title\" content=\"Editais da ONU Mulheres e Fundo OSC somam recursos para Projetos Sociais! - Ingesto\" \/>\n<meta property=\"og:description\" content=\"Confira as \u00faltimas not\u00edcias do terceiro setor: Editais da ONU Mulheres e Fundo OSC para capta\u00e7\u00e3o de recursos, Pr\u00eamio Inova Minas Gerais e novas ferramentas de capta\u00e7\u00e3o do s-lab.\" \/>\n<meta property=\"og:url\" content=\"https:\/\/ingesto.org.br\/en\/captacao-recursos-terceiro-setor-editais-onu-mulheres-fundo-osc-2026\/\" \/>\n<meta property=\"og:site_name\" content=\"Ingesto\" \/>\n<meta property=\"article:publisher\" content=\"https:\/\/www.facebook.com\/institutoingesto\" \/>\n<meta property=\"article:published_time\" content=\"2026-04-08T10:11:32+00:00\" \/>\n<meta property=\"article:modified_time\" content=\"2026-04-08T10:11:36+00:00\" \/>\n<meta property=\"og:image\" content=\"https:\/\/ingesto.org.br\/wp-content\/uploads\/2026\/04\/image-12.png\" \/>\n\t<meta property=\"og:image:width\" content=\"931\" \/>\n\t<meta property=\"og:image:height\" content=\"877\" \/>\n\t<meta property=\"og:image:type\" content=\"image\/png\" \/>\n<meta name=\"author\" content=\"Ingesto\" \/>\n<meta name=\"twitter:card\" content=\"summary_large_image\" \/>\n<meta name=\"twitter:creator\" content=\"@Ingestos\" \/>\n<meta name=\"twitter:site\" content=\"@Ingestos\" \/>\n<meta name=\"twitter:label1\" content=\"Written by\" \/>\n\t<meta name=\"twitter:data1\" content=\"Ingesto\" \/>\n\t<meta name=\"twitter:label2\" content=\"Est. reading time\" \/>\n\t<meta name=\"twitter:data2\" content=\"7 minutes\" \/>\n<script type=\"application\/ld+json\" class=\"yoast-schema-graph\">{\"@context\":\"https:\\\/\\\/schema.org\",\"@graph\":[{\"@type\":\"Article\",\"@id\":\"https:\\\/\\\/ingesto.org.br\\\/captacao-recursos-terceiro-setor-editais-onu-mulheres-fundo-osc-2026\\\/#article\",\"isPartOf\":{\"@id\":\"https:\\\/\\\/ingesto.org.br\\\/captacao-recursos-terceiro-setor-editais-onu-mulheres-fundo-osc-2026\\\/\"},\"author\":{\"name\":\"Ingesto\",\"@id\":\"http:\\\/\\\/ingesto.org.br\\\/en\\\/#\\\/schema\\\/person\\\/b6b24d64bb11f377f79f5f35b9c466dc\"},\"headline\":\"Editais da ONU Mulheres e Fundo OSC somam recursos para Projetos Sociais!\",\"datePublished\":\"2026-04-08T10:11:32+00:00\",\"dateModified\":\"2026-04-08T10:11:36+00:00\",\"mainEntityOfPage\":{\"@id\":\"https:\\\/\\\/ingesto.org.br\\\/captacao-recursos-terceiro-setor-editais-onu-mulheres-fundo-osc-2026\\\/\"},\"wordCount\":1104,\"commentCount\":0,\"publisher\":{\"@id\":\"http:\\\/\\\/ingesto.org.br\\\/en\\\/#organization\"},\"image\":{\"@id\":\"https:\\\/\\\/ingesto.org.br\\\/captacao-recursos-terceiro-setor-editais-onu-mulheres-fundo-osc-2026\\\/#primaryimage\"},\"thumbnailUrl\":\"https:\\\/\\\/ingesto.org.br\\\/wp-content\\\/uploads\\\/2026\\\/04\\\/image-12.png\",\"keywords\":[\"Capta\u00e7\u00e3o de Recursos\",\"doador ideal\",\"Editais 2026\",\"Fundo OSC\",\"incid\u00eancia pol\u00edtica\",\"Justi\u00e7a Clim\u00e1tica\",\"ONU Mulheres\",\"s-lab\",\"terceiro setor\"],\"articleSection\":[\"Capta\u00e7\u00e3o\",\"Capta\u00e7\u00e3o de Recursos\",\"Editais\",\"Not\u00edcias\"],\"inLanguage\":\"en-US\",\"potentialAction\":[{\"@type\":\"CommentAction\",\"name\":\"Comment\",\"target\":[\"https:\\\/\\\/ingesto.org.br\\\/captacao-recursos-terceiro-setor-editais-onu-mulheres-fundo-osc-2026\\\/#respond\"]}]},{\"@type\":\"WebPage\",\"@id\":\"https:\\\/\\\/ingesto.org.br\\\/captacao-recursos-terceiro-setor-editais-onu-mulheres-fundo-osc-2026\\\/\",\"url\":\"https:\\\/\\\/ingesto.org.br\\\/captacao-recursos-terceiro-setor-editais-onu-mulheres-fundo-osc-2026\\\/\",\"name\":\"Editais da ONU Mulheres e Fundo OSC somam recursos para Projetos Sociais! - Ingesto\",\"isPartOf\":{\"@id\":\"http:\\\/\\\/ingesto.org.br\\\/en\\\/#website\"},\"primaryImageOfPage\":{\"@id\":\"https:\\\/\\\/ingesto.org.br\\\/captacao-recursos-terceiro-setor-editais-onu-mulheres-fundo-osc-2026\\\/#primaryimage\"},\"image\":{\"@id\":\"https:\\\/\\\/ingesto.org.br\\\/captacao-recursos-terceiro-setor-editais-onu-mulheres-fundo-osc-2026\\\/#primaryimage\"},\"thumbnailUrl\":\"https:\\\/\\\/ingesto.org.br\\\/wp-content\\\/uploads\\\/2026\\\/04\\\/image-12.png\",\"datePublished\":\"2026-04-08T10:11:32+00:00\",\"dateModified\":\"2026-04-08T10:11:36+00:00\",\"description\":\"Confira as \u00faltimas not\u00edcias do terceiro setor: Editais da ONU Mulheres e Fundo OSC para capta\u00e7\u00e3o de recursos, Pr\u00eamio Inova Minas Gerais e novas ferramentas de capta\u00e7\u00e3o do s-lab.\",\"breadcrumb\":{\"@id\":\"https:\\\/\\\/ingesto.org.br\\\/captacao-recursos-terceiro-setor-editais-onu-mulheres-fundo-osc-2026\\\/#breadcrumb\"},\"inLanguage\":\"en-US\",\"potentialAction\":[{\"@type\":\"ReadAction\",\"target\":[\"https:\\\/\\\/ingesto.org.br\\\/captacao-recursos-terceiro-setor-editais-onu-mulheres-fundo-osc-2026\\\/\"]}]},{\"@type\":\"ImageObject\",\"inLanguage\":\"en-US\",\"@id\":\"https:\\\/\\\/ingesto.org.br\\\/captacao-recursos-terceiro-setor-editais-onu-mulheres-fundo-osc-2026\\\/#primaryimage\",\"url\":\"https:\\\/\\\/ingesto.org.br\\\/wp-content\\\/uploads\\\/2026\\\/04\\\/image-12.png\",\"contentUrl\":\"https:\\\/\\\/ingesto.org.br\\\/wp-content\\\/uploads\\\/2026\\\/04\\\/image-12.png\",\"width\":931,\"height\":877},{\"@type\":\"BreadcrumbList\",\"@id\":\"https:\\\/\\\/ingesto.org.br\\\/captacao-recursos-terceiro-setor-editais-onu-mulheres-fundo-osc-2026\\\/#breadcrumb\",\"itemListElement\":[{\"@type\":\"ListItem\",\"position\":1,\"name\":\"In\u00edcio\",\"item\":\"https:\\\/\\\/ingesto.org.br\\\/\"},{\"@type\":\"ListItem\",\"position\":2,\"name\":\"Editais da ONU Mulheres e Fundo OSC somam recursos para Projetos Sociais!\"}]},{\"@type\":\"WebSite\",\"@id\":\"http:\\\/\\\/ingesto.org.br\\\/en\\\/#website\",\"url\":\"http:\\\/\\\/ingesto.org.br\\\/en\\\/\",\"name\":\"Instituto\",\"description\":\"Instituto para Gest\u00e3o do Terceiro Setor\",\"publisher\":{\"@id\":\"http:\\\/\\\/ingesto.org.br\\\/en\\\/#organization\"},\"alternateName\":\"Ingesto\",\"potentialAction\":[{\"@type\":\"SearchAction\",\"target\":{\"@type\":\"EntryPoint\",\"urlTemplate\":\"http:\\\/\\\/ingesto.org.br\\\/en\\\/?s={search_term_string}\"},\"query-input\":{\"@type\":\"PropertyValueSpecification\",\"valueRequired\":true,\"valueName\":\"search_term_string\"}}],\"inLanguage\":\"en-US\"},{\"@type\":\"Organization\",\"@id\":\"http:\\\/\\\/ingesto.org.br\\\/en\\\/#organization\",\"name\":\"Ingesto\",\"url\":\"http:\\\/\\\/ingesto.org.br\\\/en\\\/\",\"logo\":{\"@type\":\"ImageObject\",\"inLanguage\":\"en-US\",\"@id\":\"http:\\\/\\\/ingesto.org.br\\\/en\\\/#\\\/schema\\\/logo\\\/image\\\/\",\"url\":\"https:\\\/\\\/ingesto.org.br\\\/wp-content\\\/uploads\\\/2020\\\/11\\\/cropped-cropped-icone.png\",\"contentUrl\":\"https:\\\/\\\/ingesto.org.br\\\/wp-content\\\/uploads\\\/2020\\\/11\\\/cropped-cropped-icone.png\",\"width\":512,\"height\":512,\"caption\":\"Ingesto\"},\"image\":{\"@id\":\"http:\\\/\\\/ingesto.org.br\\\/en\\\/#\\\/schema\\\/logo\\\/image\\\/\"},\"sameAs\":[\"https:\\\/\\\/www.facebook.com\\\/institutoingesto\",\"https:\\\/\\\/x.com\\\/Ingestos\",\"https:\\\/\\\/www.instagram.com\\\/institutoingesto\\\/\",\"https:\\\/\\\/www.youtube.com\\\/@institutoingesto\",\"https:\\\/\\\/www.linkedin.com\\\/in\\\/instituto-ingesto\"]},{\"@type\":\"Person\",\"@id\":\"http:\\\/\\\/ingesto.org.br\\\/en\\\/#\\\/schema\\\/person\\\/b6b24d64bb11f377f79f5f35b9c466dc\",\"name\":\"Ingesto\",\"image\":{\"@type\":\"ImageObject\",\"inLanguage\":\"en-US\",\"@id\":\"https:\\\/\\\/ingesto.org.br\\\/wp-content\\\/litespeed\\\/avatar\\\/4d7201aed9dddada281d8ce59ea56991.jpg?ver=1777502375\",\"url\":\"https:\\\/\\\/ingesto.org.br\\\/wp-content\\\/litespeed\\\/avatar\\\/4d7201aed9dddada281d8ce59ea56991.jpg?ver=1777502375\",\"contentUrl\":\"https:\\\/\\\/ingesto.org.br\\\/wp-content\\\/litespeed\\\/avatar\\\/4d7201aed9dddada281d8ce59ea56991.jpg?ver=1777502375\",\"caption\":\"Ingesto\"},\"sameAs\":[\"http:\\\/\\\/ingesto.org.br\"],\"url\":\"https:\\\/\\\/ingesto.org.br\\\/en\\\/author\\\/instituto-ingesto\\\/\"}]}<\/script>\n<!-- \/ Yoast SEO plugin. -->","yoast_head_json":{"title":"Editais da ONU Mulheres e Fundo OSC somam recursos para Projetos Sociais! - Ingesto","description":"Confira as \u00faltimas not\u00edcias do terceiro setor: Editais da ONU Mulheres e Fundo OSC para capta\u00e7\u00e3o de recursos, Pr\u00eamio Inova Minas Gerais e novas ferramentas de capta\u00e7\u00e3o do s-lab.","robots":{"index":"index","follow":"follow","max-snippet":"max-snippet:-1","max-image-preview":"max-image-preview:large","max-video-preview":"max-video-preview:-1"},"canonical":"https:\/\/ingesto.org.br\/en\/captacao-recursos-terceiro-setor-editais-onu-mulheres-fundo-osc-2026\/","og_locale":"en_US","og_type":"article","og_title":"Editais da ONU Mulheres e Fundo OSC somam recursos para Projetos Sociais! - Ingesto","og_description":"Confira as \u00faltimas not\u00edcias do terceiro setor: Editais da ONU Mulheres e Fundo OSC para capta\u00e7\u00e3o de recursos, Pr\u00eamio Inova Minas Gerais e novas ferramentas de capta\u00e7\u00e3o do s-lab.","og_url":"https:\/\/ingesto.org.br\/en\/captacao-recursos-terceiro-setor-editais-onu-mulheres-fundo-osc-2026\/","og_site_name":"Ingesto","article_publisher":"https:\/\/www.facebook.com\/institutoingesto","article_published_time":"2026-04-08T10:11:32+00:00","article_modified_time":"2026-04-08T10:11:36+00:00","og_image":[{"width":931,"height":877,"url":"https:\/\/ingesto.org.br\/wp-content\/uploads\/2026\/04\/image-12.png","type":"image\/png"}],"author":"Ingesto","twitter_card":"summary_large_image","twitter_creator":"@Ingestos","twitter_site":"@Ingestos","twitter_misc":{"Written by":"Ingesto","Est. reading time":"7 minutes"},"schema":{"@context":"https:\/\/schema.org","@graph":[{"@type":"Article","@id":"https:\/\/ingesto.org.br\/captacao-recursos-terceiro-setor-editais-onu-mulheres-fundo-osc-2026\/#article","isPartOf":{"@id":"https:\/\/ingesto.org.br\/captacao-recursos-terceiro-setor-editais-onu-mulheres-fundo-osc-2026\/"},"author":{"name":"Ingesto","@id":"http:\/\/ingesto.org.br\/en\/#\/schema\/person\/b6b24d64bb11f377f79f5f35b9c466dc"},"headline":"Editais da ONU Mulheres e Fundo OSC somam recursos para Projetos Sociais!","datePublished":"2026-04-08T10:11:32+00:00","dateModified":"2026-04-08T10:11:36+00:00","mainEntityOfPage":{"@id":"https:\/\/ingesto.org.br\/captacao-recursos-terceiro-setor-editais-onu-mulheres-fundo-osc-2026\/"},"wordCount":1104,"commentCount":0,"publisher":{"@id":"http:\/\/ingesto.org.br\/en\/#organization"},"image":{"@id":"https:\/\/ingesto.org.br\/captacao-recursos-terceiro-setor-editais-onu-mulheres-fundo-osc-2026\/#primaryimage"},"thumbnailUrl":"https:\/\/ingesto.org.br\/wp-content\/uploads\/2026\/04\/image-12.png","keywords":["Capta\u00e7\u00e3o de Recursos","doador ideal","Editais 2026","Fundo OSC","incid\u00eancia pol\u00edtica","Justi\u00e7a Clim\u00e1tica","ONU Mulheres","s-lab","terceiro setor"],"articleSection":["Capta\u00e7\u00e3o","Capta\u00e7\u00e3o de Recursos","Editais","Not\u00edcias"],"inLanguage":"en-US","potentialAction":[{"@type":"CommentAction","name":"Comment","target":["https:\/\/ingesto.org.br\/captacao-recursos-terceiro-setor-editais-onu-mulheres-fundo-osc-2026\/#respond"]}]},{"@type":"WebPage","@id":"https:\/\/ingesto.org.br\/captacao-recursos-terceiro-setor-editais-onu-mulheres-fundo-osc-2026\/","url":"https:\/\/ingesto.org.br\/captacao-recursos-terceiro-setor-editais-onu-mulheres-fundo-osc-2026\/","name":"Editais da ONU Mulheres e Fundo OSC somam recursos para Projetos Sociais! - Ingesto","isPartOf":{"@id":"http:\/\/ingesto.org.br\/en\/#website"},"primaryImageOfPage":{"@id":"https:\/\/ingesto.org.br\/captacao-recursos-terceiro-setor-editais-onu-mulheres-fundo-osc-2026\/#primaryimage"},"image":{"@id":"https:\/\/ingesto.org.br\/captacao-recursos-terceiro-setor-editais-onu-mulheres-fundo-osc-2026\/#primaryimage"},"thumbnailUrl":"https:\/\/ingesto.org.br\/wp-content\/uploads\/2026\/04\/image-12.png","datePublished":"2026-04-08T10:11:32+00:00","dateModified":"2026-04-08T10:11:36+00:00","description":"Confira as \u00faltimas not\u00edcias do terceiro setor: Editais da ONU Mulheres e Fundo OSC para capta\u00e7\u00e3o de recursos, Pr\u00eamio Inova Minas Gerais e novas ferramentas de capta\u00e7\u00e3o do s-lab.","breadcrumb":{"@id":"https:\/\/ingesto.org.br\/captacao-recursos-terceiro-setor-editais-onu-mulheres-fundo-osc-2026\/#breadcrumb"},"inLanguage":"en-US","potentialAction":[{"@type":"ReadAction","target":["https:\/\/ingesto.org.br\/captacao-recursos-terceiro-setor-editais-onu-mulheres-fundo-osc-2026\/"]}]},{"@type":"ImageObject","inLanguage":"en-US","@id":"https:\/\/ingesto.org.br\/captacao-recursos-terceiro-setor-editais-onu-mulheres-fundo-osc-2026\/#primaryimage","url":"https:\/\/ingesto.org.br\/wp-content\/uploads\/2026\/04\/image-12.png","contentUrl":"https:\/\/ingesto.org.br\/wp-content\/uploads\/2026\/04\/image-12.png","width":931,"height":877},{"@type":"BreadcrumbList","@id":"https:\/\/ingesto.org.br\/captacao-recursos-terceiro-setor-editais-onu-mulheres-fundo-osc-2026\/#breadcrumb","itemListElement":[{"@type":"ListItem","position":1,"name":"In\u00edcio","item":"https:\/\/ingesto.org.br\/"},{"@type":"ListItem","position":2,"name":"Editais da ONU Mulheres e Fundo OSC somam recursos para Projetos Sociais!"}]},{"@type":"WebSite","@id":"http:\/\/ingesto.org.br\/en\/#website","url":"http:\/\/ingesto.org.br\/en\/","name":"Institute","description":"Institute for Third Sector Management","publisher":{"@id":"http:\/\/ingesto.org.br\/en\/#organization"},"alternateName":"Ingesto","potentialAction":[{"@type":"SearchAction","target":{"@type":"EntryPoint","urlTemplate":"http:\/\/ingesto.org.br\/en\/?s={search_term_string}"},"query-input":{"@type":"PropertyValueSpecification","valueRequired":true,"valueName":"search_term_string"}}],"inLanguage":"en-US"},{"@type":"Organization","@id":"http:\/\/ingesto.org.br\/en\/#organization","name":"Ingesto","url":"http:\/\/ingesto.org.br\/en\/","logo":{"@type":"ImageObject","inLanguage":"en-US","@id":"http:\/\/ingesto.org.br\/en\/#\/schema\/logo\/image\/","url":"https:\/\/ingesto.org.br\/wp-content\/uploads\/2020\/11\/cropped-cropped-icone.png","contentUrl":"https:\/\/ingesto.org.br\/wp-content\/uploads\/2020\/11\/cropped-cropped-icone.png","width":512,"height":512,"caption":"Ingesto"},"image":{"@id":"http:\/\/ingesto.org.br\/en\/#\/schema\/logo\/image\/"},"sameAs":["https:\/\/www.facebook.com\/institutoingesto","https:\/\/x.com\/Ingestos","https:\/\/www.instagram.com\/institutoingesto\/","https:\/\/www.youtube.com\/@institutoingesto","https:\/\/www.linkedin.com\/in\/instituto-ingesto"]},{"@type":"Person","@id":"http:\/\/ingesto.org.br\/en\/#\/schema\/person\/b6b24d64bb11f377f79f5f35b9c466dc","name":"Ingesto","image":{"@type":"ImageObject","inLanguage":"en-US","@id":"https:\/\/ingesto.org.br\/wp-content\/litespeed\/avatar\/4d7201aed9dddada281d8ce59ea56991.jpg?ver=1777502375","url":"https:\/\/ingesto.org.br\/wp-content\/litespeed\/avatar\/4d7201aed9dddada281d8ce59ea56991.jpg?ver=1777502375","contentUrl":"https:\/\/ingesto.org.br\/wp-content\/litespeed\/avatar\/4d7201aed9dddada281d8ce59ea56991.jpg?ver=1777502375","caption":"Ingesto"},"sameAs":["http:\/\/ingesto.org.br"],"url":"https:\/\/ingesto.org.br\/en\/author\/instituto-ingesto\/"}]}},"jetpack_featured_media_url":"https:\/\/ingesto.org.br\/wp-content\/uploads\/2026\/04\/image-12.png","jetpack_shortlink":"https:\/\/wp.me\/peji5g-54v","acf":[],"_links":{"self":[{"href":"https:\/\/ingesto.org.br\/en\/wp-json\/wp\/v2\/posts\/19499","targetHints":{"allow":["GET"]}}],"collection":[{"href":"https:\/\/ingesto.org.br\/en\/wp-json\/wp\/v2\/posts"}],"about":[{"href":"https:\/\/ingesto.org.br\/en\/wp-json\/wp\/v2\/types\/post"}],"author":[{"embeddable":true,"href":"https:\/\/ingesto.org.br\/en\/wp-json\/wp\/v2\/users\/1"}],"replies":[{"embeddable":true,"href":"https:\/\/ingesto.org.br\/en\/wp-json\/wp\/v2\/comments?post=19499"}],"version-history":[{"count":1,"href":"https:\/\/ingesto.org.br\/en\/wp-json\/wp\/v2\/posts\/19499\/revisions"}],"predecessor-version":[{"id":19504,"href":"https:\/\/ingesto.org.br\/en\/wp-json\/wp\/v2\/posts\/19499\/revisions\/19504"}],"wp:featuredmedia":[{"embeddable":true,"href":"https:\/\/ingesto.org.br\/en\/wp-json\/wp\/v2\/media\/19503"}],"wp:attachment":[{"href":"https:\/\/ingesto.org.br\/en\/wp-json\/wp\/v2\/media?parent=19499"}],"wp:term":[{"taxonomy":"category","embeddable":true,"href":"https:\/\/ingesto.org.br\/en\/wp-json\/wp\/v2\/categories?post=19499"},{"taxonomy":"post_tag","embeddable":true,"href":"https:\/\/ingesto.org.br\/en\/wp-json\/wp\/v2\/tags?post=19499"}],"curies":[{"name":"wp","href":"https:\/\/api.w.org\/{rel}","templated":true}]}}