{"id":19340,"date":"2026-03-17T07:05:57","date_gmt":"2026-03-17T10:05:57","guid":{"rendered":"https:\/\/ingesto.org.br\/?p=19340"},"modified":"2026-03-17T07:06:04","modified_gmt":"2026-03-17T10:06:04","slug":"captacao-de-recursos-terceiro-setor-editais-abertos-e-legislacao-2026","status":"publish","type":"post","link":"https:\/\/ingesto.org.br\/en\/captacao-de-recursos-terceiro-setor-editais-abertos-e-legislacao-2026\/","title":{"rendered":"Capta\u00e7\u00e3o de Recursos e Editais: Oportunidades e Desafios para o Terceiro Setor em 2026!"},"content":{"rendered":"<p>Nesta edi\u00e7\u00e3o di\u00e1ria, destacamos as principais movimenta\u00e7\u00f5es no Terceiro Setor, com foco especial em novas oportunidades de financiamento e as recentes mudan\u00e7as legislativas que impactam diretamente a sustentabilidade das Organiza\u00e7\u00f5es da Sociedade Civil (OSCs). Acompanhe os detalhes sobre editais abertos, pr\u00eamios nacionais e o cen\u00e1rio tribut\u00e1rio atualizado.<\/p>\n\n\n\n<h3 class=\"wp-block-heading\">Capta\u00e7\u00e3o de Recursos e Editais<\/h3>\n\n\n\n<h4 class=\"wp-block-heading\">Fundo Casa Socioambiental: Chamada &#8220;Mata Atl\u00e2ntica Viva 2026&#8221;<\/h4>\n\n\n<div class=\"wp-block-image\">\n<figure class=\"aligncenter\"><img decoding=\"async\" src=\"https:\/\/private-us-east-1.manuscdn.com\/sessionFile\/QmvJXvM7kuRGAJQoUyK7cv\/sandbox\/AbeXNgxZEtAelcH61kgOC9-images_1773734735868_na1fn_L2hvbWUvdWJ1bnR1L1RhcmVmYXMgRGnDoXJpYXMgVGVyY2Vpcm8gU2V0b3IvMjAyNi0wMy0xN18xNS0wMF9Ob3RpY2lhcy9pbWFnZXMvZWRpdGFpc19wcm9qZXRvcw.png?Policy=eyJTdGF0ZW1lbnQiOlt7IlJlc291cmNlIjoiaHR0cHM6Ly9wcml2YXRlLXVzLWVhc3QtMS5tYW51c2Nkbi5jb20vc2Vzc2lvbkZpbGUvUW12Slh2TTdrdVJHQUpRb1V5Szdjdi9zYW5kYm94L0FiZVhOZ3haRXRBZWxjSDYxa2dPQzktaW1hZ2VzXzE3NzM3MzQ3MzU4NjhfbmExZm5fTDJodmJXVXZkV0oxYm5SMUwxUmhjbVZtWVhNZ1JHbkRvWEpwWVhNZ1ZHVnlZMlZwY204Z1UyVjBiM0l2TWpBeU5pMHdNeTB4TjE4eE5TMHdNRjlPYjNScFkybGhjeTlwYldGblpYTXZaV1JwZEdGcGMxOXdjbTlxWlhSdmN3LnBuZyIsIkNvbmRpdGlvbiI6eyJEYXRlTGVzc1RoYW4iOnsiQVdTOkVwb2NoVGltZSI6MTc5ODc2MTYwMH19fV19&amp;Key-Pair-Id=K2HSFNDJXOU9YS&amp;Signature=dPbzkW~PayINm7bLB71xf35AhLcwL~fXsRxR9pWVazlO2luPfc4MqwgnZ8ZL1cD9GyZ6VWixjZd0ny01zJNNGpKHmitEBLKNwvqRoxCyGkbTr6o6CIdQ5k4YOGhcDYAxYTGQHpyH7rgwFYMOta01uZn1Itb4o8FiMTaqyafYMUDep0Jz1~qNlYXqjxlj8g~OfG1RVrxAuxzdmaNnkvnwfBtKBP3WLlhbALhCUcd2iHlQFMBW~EaE1jiL5iNbbDUhMKqbU01a-drOQUpD95C4VFy334JfQZ4TMWosK6i8qJpfkE-qCa30Ti209oaD0WcW~s5xQ8TXEKF98TiSISFeXQ__\" alt=\"Fundo Casa Socioambiental\"\/><\/figure>\n<\/div>\n\n\n<p>O Fundo Casa Socioambiental lan\u00e7ou uma nova chamada p\u00fablica com um montante total de R$ 2.546.000,00 para apoiar projetos de conserva\u00e7\u00e3o e regenera\u00e7\u00e3o da Mata Atl\u00e2ntica. O edital visa fortalecer organiza\u00e7\u00f5es comunit\u00e1rias e tradicionais, oferecendo apoios individuais de at\u00e9 R$ 100 mil por projeto.<\/p>\n\n\n\n<p>As inscri\u00e7\u00f5es est\u00e3o abertas at\u00e9 o dia 9 de abril de 2026. Esta \u00e9 uma oportunidade estrat\u00e9gica para OSCs que atuam com justi\u00e7a clim\u00e1tica, soberania alimentar e prote\u00e7\u00e3o da biodiversidade, permitindo que as comunidades locais sejam protagonistas em suas solu\u00e7\u00f5es socioambientais.<\/p>\n\n\n\n<h4 class=\"wp-block-heading\">Pr\u00eamio Melhores ONGs 2026: Inscri\u00e7\u00f5es Abertas<\/h4>\n\n\n<div class=\"wp-block-image\">\n<figure class=\"aligncenter\"><img decoding=\"async\" src=\"https:\/\/private-us-east-1.manuscdn.com\/sessionFile\/QmvJXvM7kuRGAJQoUyK7cv\/sandbox\/AbeXNgxZEtAelcH61kgOC9-images_1773734735868_na1fn_L2hvbWUvdWJ1bnR1L1RhcmVmYXMgRGnDoXJpYXMgVGVyY2Vpcm8gU2V0b3IvMjAyNi0wMy0xN18xNS0wMF9Ob3RpY2lhcy9pbWFnZXMvY2FwdGFjYW9fcmVjdXJzb3M.png?Policy=eyJTdGF0ZW1lbnQiOlt7IlJlc291cmNlIjoiaHR0cHM6Ly9wcml2YXRlLXVzLWVhc3QtMS5tYW51c2Nkbi5jb20vc2Vzc2lvbkZpbGUvUW12Slh2TTdrdVJHQUpRb1V5Szdjdi9zYW5kYm94L0FiZVhOZ3haRXRBZWxjSDYxa2dPQzktaW1hZ2VzXzE3NzM3MzQ3MzU4NjhfbmExZm5fTDJodmJXVXZkV0oxYm5SMUwxUmhjbVZtWVhNZ1JHbkRvWEpwWVhNZ1ZHVnlZMlZwY204Z1UyVjBiM0l2TWpBeU5pMHdNeTB4TjE4eE5TMHdNRjlPYjNScFkybGhjeTlwYldGblpYTXZZMkZ3ZEdGallXOWZjbVZqZFhKemIzTS5wbmciLCJDb25kaXRpb24iOnsiRGF0ZUxlc3NUaGFuIjp7IkFXUzpFcG9jaFRpbWUiOjE3OTg3NjE2MDB9fX1dfQ__&amp;Key-Pair-Id=K2HSFNDJXOU9YS&amp;Signature=P20xOiSTRt24rnkZjTjcnM4VOCYFWaifH1ezv9oXbzT1ElEkLoyC5TCA5AomaAa599v8wJHHzAblBoetChHvzlIS6iTf~q5fE3tZPe-wO25Vzx6OVMSSWIHbFjnfI0URNB-AfpAcjthlP6dAKsWNS~yhJd3uQH~OWOSAjpTrEw4YDGK5QTN55nZuUYq5gm5CSaD5Gu3cYy9uFZTUxnlmVzU9Eg-rx-l-qMs8hg~7m6faAvVO-iRtsrnF6UdqeybN1OfpbQi1RdhnRhywNPptuyb7xpI216ww2dGJUAlOZT1ImL~5UUYvkbe5IaWR9GEZsC1uEL0or7rSpOTJFJCV0w__\" alt=\"Capta\u00e7\u00e3o de Recursos\"\/><\/figure>\n<\/div>\n\n\n<p>A 10\u00aa edi\u00e7\u00e3o do Pr\u00eamio Melhores ONGs j\u00e1 est\u00e1 com inscri\u00e7\u00f5es abertas para organiza\u00e7\u00f5es que desejam obter reconhecimento nacional por sua excel\u00eancia em gest\u00e3o e transpar\u00eancia. O pr\u00eamio \u00e9 uma vitrine importante para atrair novos doadores e fortalecer a credibilidade institucional perante a sociedade e o setor privado.<\/p>\n\n\n\n<p>As organiza\u00e7\u00f5es interessadas t\u00eam at\u00e9 o dia 30 de abril para formalizar a inscri\u00e7\u00e3o. Participar deste processo permite uma autoavalia\u00e7\u00e3o profunda dos processos internos, al\u00e9m de oferecer visibilidade para as causas defendidas pelas institui\u00e7\u00f5es selecionadas em todo o Brasil.<\/p>\n\n\n\n<h3 class=\"wp-block-heading\">Legisla\u00e7\u00e3o e Cen\u00e1rio Tribut\u00e1rio<\/h3>\n\n\n\n<h4 class=\"wp-block-heading\">Impactos da Lei Complementar n\u00ba 224 no Terceiro Setor<\/h4>\n\n\n<div class=\"wp-block-image\">\n<figure class=\"aligncenter\"><img decoding=\"async\" src=\"https:\/\/private-us-east-1.manuscdn.com\/sessionFile\/QmvJXvM7kuRGAJQoUyK7cv\/sandbox\/AbeXNgxZEtAelcH61kgOC9-images_1773734735868_na1fn_L2hvbWUvdWJ1bnR1L1RhcmVmYXMgRGnDoXJpYXMgVGVyY2Vpcm8gU2V0b3IvMjAyNi0wMy0xN18xNS0wMF9Ob3RpY2lhcy9pbWFnZXMvbGVnaXNsYWNhb190ZXJjZWlyb19zZXRvcg.webp?Policy=eyJTdGF0ZW1lbnQiOlt7IlJlc291cmNlIjoiaHR0cHM6Ly9wcml2YXRlLXVzLWVhc3QtMS5tYW51c2Nkbi5jb20vc2Vzc2lvbkZpbGUvUW12Slh2TTdrdVJHQUpRb1V5Szdjdi9zYW5kYm94L0FiZVhOZ3haRXRBZWxjSDYxa2dPQzktaW1hZ2VzXzE3NzM3MzQ3MzU4NjhfbmExZm5fTDJodmJXVXZkV0oxYm5SMUwxUmhjbVZtWVhNZ1JHbkRvWEpwWVhNZ1ZHVnlZMlZwY204Z1UyVjBiM0l2TWpBeU5pMHdNeTB4TjE4eE5TMHdNRjlPYjNScFkybGhjeTlwYldGblpYTXZiR1ZuYVhOc1lXTmhiMTkwWlhKalpXbHliMTl6WlhSdmNnLndlYnAiLCJDb25kaXRpb24iOnsiRGF0ZUxlc3NUaGFuIjp7IkFXUzpFcG9jaFRpbWUiOjE3OTg3NjE2MDB9fX1dfQ__&amp;Key-Pair-Id=K2HSFNDJXOU9YS&amp;Signature=r4MM2YA45B~wSE4a8PuCMSC4vy6LGicC6OO3sNYh52im4sxeyq~uAreiQUED6JB9-~o340y2bLX1l3dDfae8Gqh4Vy4TdEUQuUUQrsu7zZFUBhs9aTLtkzs-3ULj2sSJz-HFIN8cDkHgEswyJ7wSsOljdP9yXCTFu8pRt4~HXZ-9eSz04IHhlapSbRC32IR0XLAsFTlKbQs~5Opr-1GBohKkKXa2rAEYeNUUKGunTH6ABJ0eFSh1jKYys-vuuGj~2RP5mGwWrH-Q8e5GQsNTi0vQaXxWg4Bi9LEU-3wkWfiFeHqDiANYJs4LDt5BzpG3C0YypMpbzH~J1O0PlNg9bQ__\" alt=\"Legisla\u00e7\u00e3o Terceiro Setor\"\/><\/figure>\n<\/div>\n\n\n<p>O debate sobre a Lei Complementar n\u00ba 224\/2026 ganhou for\u00e7a nesta semana. A legisla\u00e7\u00e3o estabelece uma redu\u00e7\u00e3o linear de 10% em diversos benef\u00edcios e incentivos fiscais federais, o que gerou preocupa\u00e7\u00e3o inicial sobre a tributa\u00e7\u00e3o de imunidades garantidas constitucionalmente. No entanto, a Receita Federal recuou parcialmente, sinalizando que a isen\u00e7\u00e3o autom\u00e1tica para entidades sem fins lucrativos deve ser preservada em conformidade com o C\u00f3digo Tribut\u00e1rio Nacional.<\/p>\n\n\n\n<p>Para o ano de 2026, uma mudan\u00e7a importante \u00e9 a substitui\u00e7\u00e3o de multas por descumprimento de obriga\u00e7\u00f5es acess\u00f3rias por notifica\u00e7\u00f5es educativas. As OSCs devem ficar atentas \u00e0 transi\u00e7\u00e3o para o novo CNPJ alfanum\u00e9rico, que come\u00e7ar\u00e1 a ser implementado para modernizar o cadastro de pessoas jur\u00eddicas no pa\u00eds.<\/p>\n\n\n\n<h3 class=\"wp-block-heading\">Voluntariado e Impacto Social<\/h3>\n\n\n\n<h4 class=\"wp-block-heading\">Fortalecimento do Voluntariado Comunit\u00e1rio<\/h4>\n\n\n<div class=\"wp-block-image\">\n<figure class=\"aligncenter\"><img decoding=\"async\" src=\"https:\/\/private-us-east-1.manuscdn.com\/sessionFile\/QmvJXvM7kuRGAJQoUyK7cv\/sandbox\/AbeXNgxZEtAelcH61kgOC9-images_1773734735868_na1fn_L2hvbWUvdWJ1bnR1L1RhcmVmYXMgRGnDoXJpYXMgVGVyY2Vpcm8gU2V0b3IvMjAyNi0wMy0xN18xNS0wMF9Ob3RpY2lhcy9pbWFnZXMvdm9sdW50YXJpYWRvX2ltcGFjdG8.webp?Policy=eyJTdGF0ZW1lbnQiOlt7IlJlc291cmNlIjoiaHR0cHM6Ly9wcml2YXRlLXVzLWVhc3QtMS5tYW51c2Nkbi5jb20vc2Vzc2lvbkZpbGUvUW12Slh2TTdrdVJHQUpRb1V5Szdjdi9zYW5kYm94L0FiZVhOZ3haRXRBZWxjSDYxa2dPQzktaW1hZ2VzXzE3NzM3MzQ3MzU4NjhfbmExZm5fTDJodmJXVXZkV0oxYm5SMUwxUmhjbVZtWVhNZ1JHbkRvWEpwWVhNZ1ZHVnlZMlZwY204Z1UyVjBiM0l2TWpBeU5pMHdNeTB4TjE4eE5TMHdNRjlPYjNScFkybGhjeTlwYldGblpYTXZkbTlzZFc1MFlYSnBZV1J2WDJsdGNHRmpkRzgud2VicCIsIkNvbmRpdGlvbiI6eyJEYXRlTGVzc1RoYW4iOnsiQVdTOkVwb2NoVGltZSI6MTc5ODc2MTYwMH19fV19&amp;Key-Pair-Id=K2HSFNDJXOU9YS&amp;Signature=dPuqt7qaaSC4sMqHA04zvcp6ei8WhwPoAFs03qQ1wpk81oMcNINcIBIDrKfMduWUqg7KK1YTBZzM35OyxbhMuOcN2y0lasr~0SXI94y54SF~~xwAfYzwhpTJofyQ4i4Jtc1H-gk7TF9b~K8CwsCsxlP7OcuQs3nrb-7HGAW9CAXOLixBXW5zV96FfIQU91eWfyIeSOoNqH-T5aRqngrSQQoEpv2HDoUJu7CA1Ouj5rcjbK~EvvmFgjRkZOvfkkH7I6XuJtQmJYZRa9CRE5~t-E-DYljBRyUWVp6k6Na5-3yyXJ68Y5v810cr5QnqqaXIXY5g5nxwHr3FVauTybBMYQ__\" alt=\"Voluntariado e Impacto\"\/><\/figure>\n<\/div>\n\n\n<p>Iniciativas como a Caravana Samaritana e a Miss\u00e3o Canad\u00e1 2026 demonstram a for\u00e7a do voluntariado como motor de transforma\u00e7\u00e3o social. Enquanto projetos itinerantes levam servi\u00e7os b\u00e1sicos e solidariedade a bairros perif\u00e9ricos, programas de interc\u00e2mbio corporativo conectam colaboradores a prop\u00f3sitos sociais, fortalecendo a cultura de doa\u00e7\u00e3o de tempo e expertise.<\/p>\n\n\n\n<p>O engajamento volunt\u00e1rio continua sendo um pilar essencial para a execu\u00e7\u00e3o de projetos de impacto, especialmente em \u00e1reas onde o poder p\u00fablico possui presen\u00e7a limitada. A profissionaliza\u00e7\u00e3o da gest\u00e3o de volunt\u00e1rios \u00e9 apontada como tend\u00eancia para maximizar os resultados sociais em 2026.<\/p>\n\n\n\n<p class=\"has-small-font-size\">Fontes: <a href=\"https:\/\/casa.org.br\" rel=\"noreferrer noopener\" target=\"_blank\">Fundo Casa Socioambiental<\/a>, <a href=\"https:\/\/www.melhores.org.br\" rel=\"noreferrer noopener\" target=\"_blank\">Pr\u00eamio Melhores ONGs<\/a>, <a href=\"https:\/\/ongnews.com.br\" rel=\"noreferrer noopener\" target=\"_blank\">ONG News<\/a>, <a href=\"https:\/\/www.gov.br\/receitafederal\" rel=\"noreferrer noopener\" target=\"_blank\">Receita Federal<\/a>.<\/p>","protected":false},"excerpt":{"rendered":"<p> Confira as \u00faltimas not\u00edcias do terceiro setor em 2026: Editais do Fundo Casa Socioambiental e Pr\u00eamio Melhores ONGs abertos, al\u00e9m dos impactos da Lei Complementar n\u00ba 224 na capta\u00e7\u00e3o de recursos.<\/p>","protected":false},"author":1,"featured_media":19284,"comment_status":"open","ping_status":"open","sticky":false,"template":"","format":"standard","meta":{"give_campaign_id":0,"_yoast_wpseo_focuskw":"Capta\u00e7\u00e3o de Recursos Terceiro Setor: Editais Abertos e Legisla\u00e7\u00e3o 2026","_yoast_wpseo_title":"","_yoast_wpseo_metadesc":"Confira as \u00faltimas not\u00edcias do terceiro setor em 2026: Editais do Fundo Casa Socioambiental e Pr\u00eamio Melhores ONGs abertos, al\u00e9m dos impactos da Lei Complementar n\u00ba 224 na capta\u00e7\u00e3o de recursos.","_joinchat":[],"footnotes":""},"categories":[29],"tags":[589,6739,6734,6660,6663,6735,182,6740],"class_list":["post-19340","post","type-post","status-publish","format-standard","has-post-thumbnail","hentry","category-noticias","tag-captacao-de-recursos","tag-editais-abertos-2026","tag-fundo-casa-socioambiental","tag-legislacao-terceiro-setor","tag-lei-complementar-224","tag-premio-melhores-ongs","tag-terceiro-setor","tag-voluntariado-impacto-social"],"yoast_head":"<!-- This site is optimized with the Yoast SEO plugin v27.5 - https:\/\/yoast.com\/product\/yoast-seo-wordpress\/ -->\n<title>Capta\u00e7\u00e3o de Recursos e Editais: Oportunidades e Desafios para o Terceiro Setor em 2026! - Ingesto<\/title>\n<meta name=\"description\" content=\"Confira as \u00faltimas not\u00edcias do terceiro setor em 2026: Editais do Fundo Casa Socioambiental e Pr\u00eamio Melhores ONGs abertos, al\u00e9m dos impactos da Lei Complementar n\u00ba 224 na capta\u00e7\u00e3o de recursos.\" \/>\n<meta name=\"robots\" content=\"index, follow, max-snippet:-1, max-image-preview:large, max-video-preview:-1\" \/>\n<link rel=\"canonical\" href=\"https:\/\/ingesto.org.br\/en\/captacao-de-recursos-terceiro-setor-editais-abertos-e-legislacao-2026\/\" \/>\n<meta property=\"og:locale\" content=\"en_US\" \/>\n<meta property=\"og:type\" content=\"article\" \/>\n<meta property=\"og:title\" content=\"Capta\u00e7\u00e3o de Recursos e Editais: Oportunidades e Desafios para o Terceiro Setor em 2026! - Ingesto\" \/>\n<meta property=\"og:description\" content=\"Confira as \u00faltimas not\u00edcias do terceiro setor em 2026: Editais do Fundo Casa Socioambiental e Pr\u00eamio Melhores ONGs abertos, al\u00e9m dos impactos da Lei Complementar n\u00ba 224 na capta\u00e7\u00e3o de recursos.\" \/>\n<meta property=\"og:url\" content=\"https:\/\/ingesto.org.br\/en\/captacao-de-recursos-terceiro-setor-editais-abertos-e-legislacao-2026\/\" \/>\n<meta property=\"og:site_name\" content=\"Ingesto\" \/>\n<meta property=\"article:publisher\" content=\"https:\/\/www.facebook.com\/institutoingesto\" \/>\n<meta property=\"article:published_time\" content=\"2026-03-17T10:05:57+00:00\" \/>\n<meta property=\"article:modified_time\" content=\"2026-03-17T10:06:04+00:00\" \/>\n<meta property=\"og:image\" content=\"https:\/\/ingesto.org.br\/wp-content\/uploads\/2026\/03\/materia-1-1200x630-2.jpg\" \/>\n\t<meta property=\"og:image:width\" content=\"701\" \/>\n\t<meta property=\"og:image:height\" content=\"438\" \/>\n\t<meta property=\"og:image:type\" content=\"image\/jpeg\" \/>\n<meta name=\"author\" content=\"Ingesto\" \/>\n<meta name=\"twitter:card\" content=\"summary_large_image\" \/>\n<meta name=\"twitter:creator\" content=\"@Ingestos\" \/>\n<meta name=\"twitter:site\" content=\"@Ingestos\" \/>\n<meta name=\"twitter:label1\" content=\"Written by\" \/>\n\t<meta name=\"twitter:data1\" content=\"Ingesto\" \/>\n\t<meta name=\"twitter:label2\" content=\"Est. reading time\" \/>\n\t<meta name=\"twitter:data2\" content=\"4 minutes\" \/>\n<script type=\"application\/ld+json\" class=\"yoast-schema-graph\">{\"@context\":\"https:\\\/\\\/schema.org\",\"@graph\":[{\"@type\":\"Article\",\"@id\":\"https:\\\/\\\/ingesto.org.br\\\/captacao-de-recursos-terceiro-setor-editais-abertos-e-legislacao-2026\\\/#article\",\"isPartOf\":{\"@id\":\"https:\\\/\\\/ingesto.org.br\\\/captacao-de-recursos-terceiro-setor-editais-abertos-e-legislacao-2026\\\/\"},\"author\":{\"name\":\"Ingesto\",\"@id\":\"http:\\\/\\\/ingesto.org.br\\\/en\\\/#\\\/schema\\\/person\\\/b6b24d64bb11f377f79f5f35b9c466dc\"},\"headline\":\"Capta\u00e7\u00e3o de Recursos e Editais: Oportunidades e Desafios para o Terceiro Setor em 2026!\",\"datePublished\":\"2026-03-17T10:05:57+00:00\",\"dateModified\":\"2026-03-17T10:06:04+00:00\",\"mainEntityOfPage\":{\"@id\":\"https:\\\/\\\/ingesto.org.br\\\/captacao-de-recursos-terceiro-setor-editais-abertos-e-legislacao-2026\\\/\"},\"wordCount\":551,\"commentCount\":0,\"publisher\":{\"@id\":\"http:\\\/\\\/ingesto.org.br\\\/en\\\/#organization\"},\"image\":{\"@id\":\"https:\\\/\\\/ingesto.org.br\\\/captacao-de-recursos-terceiro-setor-editais-abertos-e-legislacao-2026\\\/#primaryimage\"},\"thumbnailUrl\":\"https:\\\/\\\/ingesto.org.br\\\/wp-content\\\/uploads\\\/2026\\\/03\\\/materia-1-1200x630-2.jpg\",\"keywords\":[\"Capta\u00e7\u00e3o de Recursos\",\"editais abertos 2026\",\"Fundo Casa Socioambiental\",\"Legisla\u00e7\u00e3o Terceiro Setor\",\"Lei Complementar 224\",\"Pr\u00eamio Melhores ONGs\",\"terceiro setor\",\"voluntariado impacto social\"],\"articleSection\":[\"Not\u00edcias\"],\"inLanguage\":\"en-US\",\"potentialAction\":[{\"@type\":\"CommentAction\",\"name\":\"Comment\",\"target\":[\"https:\\\/\\\/ingesto.org.br\\\/captacao-de-recursos-terceiro-setor-editais-abertos-e-legislacao-2026\\\/#respond\"]}]},{\"@type\":\"WebPage\",\"@id\":\"https:\\\/\\\/ingesto.org.br\\\/captacao-de-recursos-terceiro-setor-editais-abertos-e-legislacao-2026\\\/\",\"url\":\"https:\\\/\\\/ingesto.org.br\\\/captacao-de-recursos-terceiro-setor-editais-abertos-e-legislacao-2026\\\/\",\"name\":\"Capta\u00e7\u00e3o de Recursos e Editais: Oportunidades e Desafios para o Terceiro Setor em 2026! - Ingesto\",\"isPartOf\":{\"@id\":\"http:\\\/\\\/ingesto.org.br\\\/en\\\/#website\"},\"primaryImageOfPage\":{\"@id\":\"https:\\\/\\\/ingesto.org.br\\\/captacao-de-recursos-terceiro-setor-editais-abertos-e-legislacao-2026\\\/#primaryimage\"},\"image\":{\"@id\":\"https:\\\/\\\/ingesto.org.br\\\/captacao-de-recursos-terceiro-setor-editais-abertos-e-legislacao-2026\\\/#primaryimage\"},\"thumbnailUrl\":\"https:\\\/\\\/ingesto.org.br\\\/wp-content\\\/uploads\\\/2026\\\/03\\\/materia-1-1200x630-2.jpg\",\"datePublished\":\"2026-03-17T10:05:57+00:00\",\"dateModified\":\"2026-03-17T10:06:04+00:00\",\"description\":\"Confira as \u00faltimas not\u00edcias do terceiro setor em 2026: Editais do Fundo Casa Socioambiental e Pr\u00eamio Melhores ONGs abertos, al\u00e9m dos impactos da Lei Complementar n\u00ba 224 na capta\u00e7\u00e3o de recursos.\",\"breadcrumb\":{\"@id\":\"https:\\\/\\\/ingesto.org.br\\\/captacao-de-recursos-terceiro-setor-editais-abertos-e-legislacao-2026\\\/#breadcrumb\"},\"inLanguage\":\"en-US\",\"potentialAction\":[{\"@type\":\"ReadAction\",\"target\":[\"https:\\\/\\\/ingesto.org.br\\\/captacao-de-recursos-terceiro-setor-editais-abertos-e-legislacao-2026\\\/\"]}]},{\"@type\":\"ImageObject\",\"inLanguage\":\"en-US\",\"@id\":\"https:\\\/\\\/ingesto.org.br\\\/captacao-de-recursos-terceiro-setor-editais-abertos-e-legislacao-2026\\\/#primaryimage\",\"url\":\"https:\\\/\\\/ingesto.org.br\\\/wp-content\\\/uploads\\\/2026\\\/03\\\/materia-1-1200x630-2.jpg\",\"contentUrl\":\"https:\\\/\\\/ingesto.org.br\\\/wp-content\\\/uploads\\\/2026\\\/03\\\/materia-1-1200x630-2.jpg\",\"width\":701,\"height\":438,\"caption\":\"A expans\u00e3o do Transferegov para entes subnacionais tende a elevar a padroniza\u00e7\u00e3o e a rastreabilidade das parcerias\"},{\"@type\":\"BreadcrumbList\",\"@id\":\"https:\\\/\\\/ingesto.org.br\\\/captacao-de-recursos-terceiro-setor-editais-abertos-e-legislacao-2026\\\/#breadcrumb\",\"itemListElement\":[{\"@type\":\"ListItem\",\"position\":1,\"name\":\"In\u00edcio\",\"item\":\"https:\\\/\\\/ingesto.org.br\\\/\"},{\"@type\":\"ListItem\",\"position\":2,\"name\":\"Capta\u00e7\u00e3o de Recursos e Editais: Oportunidades e Desafios para o Terceiro Setor em 2026!\"}]},{\"@type\":\"WebSite\",\"@id\":\"http:\\\/\\\/ingesto.org.br\\\/en\\\/#website\",\"url\":\"http:\\\/\\\/ingesto.org.br\\\/en\\\/\",\"name\":\"Instituto\",\"description\":\"Instituto para Gest\u00e3o do Terceiro Setor\",\"publisher\":{\"@id\":\"http:\\\/\\\/ingesto.org.br\\\/en\\\/#organization\"},\"alternateName\":\"Ingesto\",\"potentialAction\":[{\"@type\":\"SearchAction\",\"target\":{\"@type\":\"EntryPoint\",\"urlTemplate\":\"http:\\\/\\\/ingesto.org.br\\\/en\\\/?s={search_term_string}\"},\"query-input\":{\"@type\":\"PropertyValueSpecification\",\"valueRequired\":true,\"valueName\":\"search_term_string\"}}],\"inLanguage\":\"en-US\"},{\"@type\":\"Organization\",\"@id\":\"http:\\\/\\\/ingesto.org.br\\\/en\\\/#organization\",\"name\":\"Ingesto\",\"url\":\"http:\\\/\\\/ingesto.org.br\\\/en\\\/\",\"logo\":{\"@type\":\"ImageObject\",\"inLanguage\":\"en-US\",\"@id\":\"http:\\\/\\\/ingesto.org.br\\\/en\\\/#\\\/schema\\\/logo\\\/image\\\/\",\"url\":\"https:\\\/\\\/ingesto.org.br\\\/wp-content\\\/uploads\\\/2020\\\/11\\\/cropped-cropped-icone.png\",\"contentUrl\":\"https:\\\/\\\/ingesto.org.br\\\/wp-content\\\/uploads\\\/2020\\\/11\\\/cropped-cropped-icone.png\",\"width\":512,\"height\":512,\"caption\":\"Ingesto\"},\"image\":{\"@id\":\"http:\\\/\\\/ingesto.org.br\\\/en\\\/#\\\/schema\\\/logo\\\/image\\\/\"},\"sameAs\":[\"https:\\\/\\\/www.facebook.com\\\/institutoingesto\",\"https:\\\/\\\/x.com\\\/Ingestos\",\"https:\\\/\\\/www.instagram.com\\\/institutoingesto\\\/\",\"https:\\\/\\\/www.youtube.com\\\/@institutoingesto\",\"https:\\\/\\\/www.linkedin.com\\\/in\\\/instituto-ingesto\"]},{\"@type\":\"Person\",\"@id\":\"http:\\\/\\\/ingesto.org.br\\\/en\\\/#\\\/schema\\\/person\\\/b6b24d64bb11f377f79f5f35b9c466dc\",\"name\":\"Ingesto\",\"image\":{\"@type\":\"ImageObject\",\"inLanguage\":\"en-US\",\"@id\":\"https:\\\/\\\/ingesto.org.br\\\/wp-content\\\/litespeed\\\/avatar\\\/4d7201aed9dddada281d8ce59ea56991.jpg?ver=1777502375\",\"url\":\"https:\\\/\\\/ingesto.org.br\\\/wp-content\\\/litespeed\\\/avatar\\\/4d7201aed9dddada281d8ce59ea56991.jpg?ver=1777502375\",\"contentUrl\":\"https:\\\/\\\/ingesto.org.br\\\/wp-content\\\/litespeed\\\/avatar\\\/4d7201aed9dddada281d8ce59ea56991.jpg?ver=1777502375\",\"caption\":\"Ingesto\"},\"sameAs\":[\"http:\\\/\\\/ingesto.org.br\"],\"url\":\"https:\\\/\\\/ingesto.org.br\\\/en\\\/author\\\/instituto-ingesto\\\/\"}]}<\/script>\n<!-- \/ Yoast SEO plugin. -->","yoast_head_json":{"title":"Capta\u00e7\u00e3o de Recursos e Editais: Oportunidades e Desafios para o Terceiro Setor em 2026! - Ingesto","description":"Confira as \u00faltimas not\u00edcias do terceiro setor em 2026: Editais do Fundo Casa Socioambiental e Pr\u00eamio Melhores ONGs abertos, al\u00e9m dos impactos da Lei Complementar n\u00ba 224 na capta\u00e7\u00e3o de recursos.","robots":{"index":"index","follow":"follow","max-snippet":"max-snippet:-1","max-image-preview":"max-image-preview:large","max-video-preview":"max-video-preview:-1"},"canonical":"https:\/\/ingesto.org.br\/en\/captacao-de-recursos-terceiro-setor-editais-abertos-e-legislacao-2026\/","og_locale":"en_US","og_type":"article","og_title":"Capta\u00e7\u00e3o de Recursos e Editais: Oportunidades e Desafios para o Terceiro Setor em 2026! - Ingesto","og_description":"Confira as \u00faltimas not\u00edcias do terceiro setor em 2026: Editais do Fundo Casa Socioambiental e Pr\u00eamio Melhores ONGs abertos, al\u00e9m dos impactos da Lei Complementar n\u00ba 224 na capta\u00e7\u00e3o de recursos.","og_url":"https:\/\/ingesto.org.br\/en\/captacao-de-recursos-terceiro-setor-editais-abertos-e-legislacao-2026\/","og_site_name":"Ingesto","article_publisher":"https:\/\/www.facebook.com\/institutoingesto","article_published_time":"2026-03-17T10:05:57+00:00","article_modified_time":"2026-03-17T10:06:04+00:00","og_image":[{"width":701,"height":438,"url":"https:\/\/ingesto.org.br\/wp-content\/uploads\/2026\/03\/materia-1-1200x630-2.jpg","type":"image\/jpeg"}],"author":"Ingesto","twitter_card":"summary_large_image","twitter_creator":"@Ingestos","twitter_site":"@Ingestos","twitter_misc":{"Written by":"Ingesto","Est. reading time":"4 minutes"},"schema":{"@context":"https:\/\/schema.org","@graph":[{"@type":"Article","@id":"https:\/\/ingesto.org.br\/captacao-de-recursos-terceiro-setor-editais-abertos-e-legislacao-2026\/#article","isPartOf":{"@id":"https:\/\/ingesto.org.br\/captacao-de-recursos-terceiro-setor-editais-abertos-e-legislacao-2026\/"},"author":{"name":"Ingesto","@id":"http:\/\/ingesto.org.br\/en\/#\/schema\/person\/b6b24d64bb11f377f79f5f35b9c466dc"},"headline":"Capta\u00e7\u00e3o de Recursos e Editais: Oportunidades e Desafios para o Terceiro Setor em 2026!","datePublished":"2026-03-17T10:05:57+00:00","dateModified":"2026-03-17T10:06:04+00:00","mainEntityOfPage":{"@id":"https:\/\/ingesto.org.br\/captacao-de-recursos-terceiro-setor-editais-abertos-e-legislacao-2026\/"},"wordCount":551,"commentCount":0,"publisher":{"@id":"http:\/\/ingesto.org.br\/en\/#organization"},"image":{"@id":"https:\/\/ingesto.org.br\/captacao-de-recursos-terceiro-setor-editais-abertos-e-legislacao-2026\/#primaryimage"},"thumbnailUrl":"https:\/\/ingesto.org.br\/wp-content\/uploads\/2026\/03\/materia-1-1200x630-2.jpg","keywords":["Capta\u00e7\u00e3o de Recursos","editais abertos 2026","Fundo Casa Socioambiental","Legisla\u00e7\u00e3o Terceiro Setor","Lei Complementar 224","Pr\u00eamio Melhores ONGs","terceiro setor","voluntariado impacto social"],"articleSection":["Not\u00edcias"],"inLanguage":"en-US","potentialAction":[{"@type":"CommentAction","name":"Comment","target":["https:\/\/ingesto.org.br\/captacao-de-recursos-terceiro-setor-editais-abertos-e-legislacao-2026\/#respond"]}]},{"@type":"WebPage","@id":"https:\/\/ingesto.org.br\/captacao-de-recursos-terceiro-setor-editais-abertos-e-legislacao-2026\/","url":"https:\/\/ingesto.org.br\/captacao-de-recursos-terceiro-setor-editais-abertos-e-legislacao-2026\/","name":"Capta\u00e7\u00e3o de Recursos e Editais: Oportunidades e Desafios para o Terceiro Setor em 2026! - Ingesto","isPartOf":{"@id":"http:\/\/ingesto.org.br\/en\/#website"},"primaryImageOfPage":{"@id":"https:\/\/ingesto.org.br\/captacao-de-recursos-terceiro-setor-editais-abertos-e-legislacao-2026\/#primaryimage"},"image":{"@id":"https:\/\/ingesto.org.br\/captacao-de-recursos-terceiro-setor-editais-abertos-e-legislacao-2026\/#primaryimage"},"thumbnailUrl":"https:\/\/ingesto.org.br\/wp-content\/uploads\/2026\/03\/materia-1-1200x630-2.jpg","datePublished":"2026-03-17T10:05:57+00:00","dateModified":"2026-03-17T10:06:04+00:00","description":"Confira as \u00faltimas not\u00edcias do terceiro setor em 2026: Editais do Fundo Casa Socioambiental e Pr\u00eamio Melhores ONGs abertos, al\u00e9m dos impactos da Lei Complementar n\u00ba 224 na capta\u00e7\u00e3o de recursos.","breadcrumb":{"@id":"https:\/\/ingesto.org.br\/captacao-de-recursos-terceiro-setor-editais-abertos-e-legislacao-2026\/#breadcrumb"},"inLanguage":"en-US","potentialAction":[{"@type":"ReadAction","target":["https:\/\/ingesto.org.br\/captacao-de-recursos-terceiro-setor-editais-abertos-e-legislacao-2026\/"]}]},{"@type":"ImageObject","inLanguage":"en-US","@id":"https:\/\/ingesto.org.br\/captacao-de-recursos-terceiro-setor-editais-abertos-e-legislacao-2026\/#primaryimage","url":"https:\/\/ingesto.org.br\/wp-content\/uploads\/2026\/03\/materia-1-1200x630-2.jpg","contentUrl":"https:\/\/ingesto.org.br\/wp-content\/uploads\/2026\/03\/materia-1-1200x630-2.jpg","width":701,"height":438,"caption":"A expans\u00e3o do Transferegov para entes subnacionais tende a elevar a padroniza\u00e7\u00e3o e a rastreabilidade das parcerias"},{"@type":"BreadcrumbList","@id":"https:\/\/ingesto.org.br\/captacao-de-recursos-terceiro-setor-editais-abertos-e-legislacao-2026\/#breadcrumb","itemListElement":[{"@type":"ListItem","position":1,"name":"In\u00edcio","item":"https:\/\/ingesto.org.br\/"},{"@type":"ListItem","position":2,"name":"Capta\u00e7\u00e3o de Recursos e Editais: Oportunidades e Desafios para o Terceiro Setor em 2026!"}]},{"@type":"WebSite","@id":"http:\/\/ingesto.org.br\/en\/#website","url":"http:\/\/ingesto.org.br\/en\/","name":"Institute","description":"Institute for Third Sector Management","publisher":{"@id":"http:\/\/ingesto.org.br\/en\/#organization"},"alternateName":"Ingesto","potentialAction":[{"@type":"SearchAction","target":{"@type":"EntryPoint","urlTemplate":"http:\/\/ingesto.org.br\/en\/?s={search_term_string}"},"query-input":{"@type":"PropertyValueSpecification","valueRequired":true,"valueName":"search_term_string"}}],"inLanguage":"en-US"},{"@type":"Organization","@id":"http:\/\/ingesto.org.br\/en\/#organization","name":"Ingesto","url":"http:\/\/ingesto.org.br\/en\/","logo":{"@type":"ImageObject","inLanguage":"en-US","@id":"http:\/\/ingesto.org.br\/en\/#\/schema\/logo\/image\/","url":"https:\/\/ingesto.org.br\/wp-content\/uploads\/2020\/11\/cropped-cropped-icone.png","contentUrl":"https:\/\/ingesto.org.br\/wp-content\/uploads\/2020\/11\/cropped-cropped-icone.png","width":512,"height":512,"caption":"Ingesto"},"image":{"@id":"http:\/\/ingesto.org.br\/en\/#\/schema\/logo\/image\/"},"sameAs":["https:\/\/www.facebook.com\/institutoingesto","https:\/\/x.com\/Ingestos","https:\/\/www.instagram.com\/institutoingesto\/","https:\/\/www.youtube.com\/@institutoingesto","https:\/\/www.linkedin.com\/in\/instituto-ingesto"]},{"@type":"Person","@id":"http:\/\/ingesto.org.br\/en\/#\/schema\/person\/b6b24d64bb11f377f79f5f35b9c466dc","name":"Ingesto","image":{"@type":"ImageObject","inLanguage":"en-US","@id":"https:\/\/ingesto.org.br\/wp-content\/litespeed\/avatar\/4d7201aed9dddada281d8ce59ea56991.jpg?ver=1777502375","url":"https:\/\/ingesto.org.br\/wp-content\/litespeed\/avatar\/4d7201aed9dddada281d8ce59ea56991.jpg?ver=1777502375","contentUrl":"https:\/\/ingesto.org.br\/wp-content\/litespeed\/avatar\/4d7201aed9dddada281d8ce59ea56991.jpg?ver=1777502375","caption":"Ingesto"},"sameAs":["http:\/\/ingesto.org.br"],"url":"https:\/\/ingesto.org.br\/en\/author\/instituto-ingesto\/"}]}},"jetpack_featured_media_url":"https:\/\/ingesto.org.br\/wp-content\/uploads\/2026\/03\/materia-1-1200x630-2.jpg","jetpack_shortlink":"https:\/\/wp.me\/peji5g-51W","acf":[],"_links":{"self":[{"href":"https:\/\/ingesto.org.br\/en\/wp-json\/wp\/v2\/posts\/19340","targetHints":{"allow":["GET"]}}],"collection":[{"href":"https:\/\/ingesto.org.br\/en\/wp-json\/wp\/v2\/posts"}],"about":[{"href":"https:\/\/ingesto.org.br\/en\/wp-json\/wp\/v2\/types\/post"}],"author":[{"embeddable":true,"href":"https:\/\/ingesto.org.br\/en\/wp-json\/wp\/v2\/users\/1"}],"replies":[{"embeddable":true,"href":"https:\/\/ingesto.org.br\/en\/wp-json\/wp\/v2\/comments?post=19340"}],"version-history":[{"count":1,"href":"https:\/\/ingesto.org.br\/en\/wp-json\/wp\/v2\/posts\/19340\/revisions"}],"predecessor-version":[{"id":19341,"href":"https:\/\/ingesto.org.br\/en\/wp-json\/wp\/v2\/posts\/19340\/revisions\/19341"}],"wp:featuredmedia":[{"embeddable":true,"href":"https:\/\/ingesto.org.br\/en\/wp-json\/wp\/v2\/media\/19284"}],"wp:attachment":[{"href":"https:\/\/ingesto.org.br\/en\/wp-json\/wp\/v2\/media?parent=19340"}],"wp:term":[{"taxonomy":"category","embeddable":true,"href":"https:\/\/ingesto.org.br\/en\/wp-json\/wp\/v2\/categories?post=19340"},{"taxonomy":"post_tag","embeddable":true,"href":"https:\/\/ingesto.org.br\/en\/wp-json\/wp\/v2\/tags?post=19340"}],"curies":[{"name":"wp","href":"https:\/\/api.w.org\/{rel}","templated":true}]}}