{"id":19209,"date":"2026-03-07T08:22:07","date_gmt":"2026-03-07T11:22:07","guid":{"rendered":"https:\/\/ingesto.org.br\/?p=19209"},"modified":"2026-03-07T08:22:14","modified_gmt":"2026-03-07T11:22:14","slug":"distribuicao-de-recursos-e-capacidade-institucional-no-terceiro-setor-brasileiro","status":"publish","type":"post","link":"https:\/\/ingesto.org.br\/en\/distribuicao-de-recursos-e-capacidade-institucional-no-terceiro-setor-brasileiro\/","title":{"rendered":"Distribui\u00e7\u00e3o de Recursos e Capacidade Institucional no Terceiro Setor Brasileiro!"},"content":{"rendered":"<h4 class=\"wp-block-heading\">Uma an\u00e1lise sobre munic\u00edpios, OSCs e pol\u00edticas p\u00fablicas<\/h4>\n\n\n<div class=\"wp-block-image\">\n<figure class=\"aligncenter size-large\"><img fetchpriority=\"high\" decoding=\"async\" width=\"1024\" height=\"666\" src=\"https:\/\/ingesto.org.br\/wp-content\/uploads\/2026\/03\/politicas-publicas-1024x666.png\" alt=\"\" class=\"wp-image-19211\" srcset=\"https:\/\/ingesto.org.br\/wp-content\/uploads\/2026\/03\/politicas-publicas-1024x666.png 1024w, https:\/\/ingesto.org.br\/wp-content\/uploads\/2026\/03\/politicas-publicas-300x195.png 300w, https:\/\/ingesto.org.br\/wp-content\/uploads\/2026\/03\/politicas-publicas-768x499.png 768w, https:\/\/ingesto.org.br\/wp-content\/uploads\/2026\/03\/politicas-publicas-1536x999.png 1536w, https:\/\/ingesto.org.br\/wp-content\/uploads\/2026\/03\/politicas-publicas-2048x1332.png 2048w, https:\/\/ingesto.org.br\/wp-content\/uploads\/2026\/03\/politicas-publicas-18x12.png 18w\" sizes=\"(max-width: 1024px) 100vw, 1024px\" \/><\/figure>\n<\/div>\n\n\n<p>A discuss\u00e3o sobre financiamento e execu\u00e7\u00e3o de pol\u00edticas p\u00fablicas por organiza\u00e7\u00f5es da sociedade civil (OSCs) frequentemente parte de uma premissa equivocada: a de que existe uma grande quantidade de organiza\u00e7\u00f5es estruturadas e prontas para executar pol\u00edticas p\u00fablicas em todo o territ\u00f3rio nacional.<\/p>\n\n\n\n<p>A realidade institucional brasileira \u00e9 mais complexa.<\/p>\n\n\n\n<p>A an\u00e1lise do sistema revela que o principal desafio n\u00e3o \u00e9 apenas a disponibilidade de recursos, mas a <strong>distribui\u00e7\u00e3o territorial da capacidade institucional<\/strong>, tanto das organiza\u00e7\u00f5es quanto dos pr\u00f3prios entes federados.<\/p>\n\n\n\n<hr class=\"wp-block-separator has-alpha-channel-opacity\"\/>\n\n\n\n<h4 class=\"wp-block-heading\">O universo real das organiza\u00e7\u00f5es sem fins lucrativos<\/h4>\n\n\n<div class=\"wp-block-image\">\n<figure class=\"aligncenter size-full\"><img decoding=\"async\" width=\"750\" height=\"622\" src=\"https:\/\/ingesto.org.br\/wp-content\/uploads\/2026\/03\/distribuicao-territorial.png\" alt=\"\" class=\"wp-image-19212\" srcset=\"https:\/\/ingesto.org.br\/wp-content\/uploads\/2026\/03\/distribuicao-territorial.png 750w, https:\/\/ingesto.org.br\/wp-content\/uploads\/2026\/03\/distribuicao-territorial-300x249.png 300w, https:\/\/ingesto.org.br\/wp-content\/uploads\/2026\/03\/distribuicao-territorial-14x12.png 14w\" sizes=\"(max-width: 750px) 100vw, 750px\" \/><\/figure>\n<\/div>\n\n\n<p>Uma das primeiras distor\u00e7\u00f5es recorrentes no debate p\u00fablico diz respeito ao n\u00famero de organiza\u00e7\u00f5es existentes no pa\u00eds.<\/p>\n\n\n\n<p>Bases administrativas ampliadas indicam centenas de milhares de entidades privadas sem fins lucrativos. Entretanto, para fins de an\u00e1lise institucional mais rigorosa, o recorte mais conservador continua sendo o estudo <strong>FASFIL (Funda\u00e7\u00f5es Privadas e Associa\u00e7\u00f5es Sem Fins Lucrativos)<\/strong> do IBGE.<\/p>\n\n\n\n<p>Segundo esse levantamento, o Brasil possu\u00eda aproximadamente:<\/p>\n\n\n\n<p><strong>236.950 funda\u00e7\u00f5es e associa\u00e7\u00f5es sem fins lucrativos.<\/strong><\/p>\n\n\n\n<p>Esse n\u00famero exclui diversas categorias que aparecem em registros administrativos amplos, como:<\/p>\n\n\n\n<ul class=\"wp-block-list\">\n<li>partidos pol\u00edticos<\/li>\n\n\n\n<li>unions<\/li>\n\n\n\n<li>organiza\u00e7\u00f5es religiosas puras<\/li>\n\n\n\n<li>condom\u00ednios e associa\u00e7\u00f5es de interesse estritamente privado.<\/li>\n<\/ul>\n\n\n\n<p>Trata-se, portanto, do n\u00facleo institucional mais consistente do terceiro setor brasileiro.<\/p>\n\n\n\n<hr class=\"wp-block-separator has-alpha-channel-opacity\"\/>\n\n\n\n<h4 class=\"wp-block-heading\">Densidade institucional da sociedade civil<\/h4>\n\n\n\n<p>Considerando a popula\u00e7\u00e3o brasileira estimada em aproximadamente <strong>203 milh\u00f5es de habitantes<\/strong>, \u00e9 poss\u00edvel calcular uma medida simples de densidade institucional.<\/p>\n\n\n\n<p>A rela\u00e7\u00e3o aproximada \u00e9:<\/p>\n\n\n\n<p><strong>1 organiza\u00e7\u00e3o sem fins lucrativos para cada 857 habitantes.<\/strong><\/p>\n\n\n\n<p>Ou, de outra forma:<\/p>\n\n\n\n<p><strong>cerca de 12 organiza\u00e7\u00f5es para cada 10 mil habitantes.<\/strong><\/p>\n\n\n\n<p>Esse n\u00famero coloca o Brasil abaixo da densidade observada em pa\u00edses com sociedades civis historicamente mais estruturadas.<\/p>\n\n\n\n<hr class=\"wp-block-separator has-alpha-channel-opacity\"\/>\n\n\n\n<h4 class=\"wp-block-heading\">Desigualdade territorial das organiza\u00e7\u00f5es<\/h4>\n\n\n<div class=\"wp-block-image\">\n<figure class=\"aligncenter size-full\"><img decoding=\"async\" width=\"429\" height=\"329\" src=\"https:\/\/ingesto.org.br\/wp-content\/uploads\/2026\/03\/desigualdade.png\" alt=\"\" class=\"wp-image-19213\" srcset=\"https:\/\/ingesto.org.br\/wp-content\/uploads\/2026\/03\/desigualdade.png 429w, https:\/\/ingesto.org.br\/wp-content\/uploads\/2026\/03\/desigualdade-300x230.png 300w, https:\/\/ingesto.org.br\/wp-content\/uploads\/2026\/03\/desigualdade-16x12.png 16w\" sizes=\"(max-width: 429px) 100vw, 429px\" \/><\/figure>\n<\/div>\n\n\n<p>A distribui\u00e7\u00e3o dessas organiza\u00e7\u00f5es no territ\u00f3rio nacional \u00e9 altamente desigual.<\/p>\n\n\n\n<p>Regi\u00f5es mais urbanizadas e economicamente din\u00e2micas concentram maior n\u00famero de institui\u00e7\u00f5es. Em termos aproximados, a distribui\u00e7\u00e3o segue o seguinte padr\u00e3o:<\/p>\n\n\n\n<figure class=\"wp-block-table\"><table class=\"has-light-background-color has-background has-fixed-layout\"><thead><tr><th>Regi\u00e3o<\/th><th>Participa\u00e7\u00e3o aproximada<\/th><\/tr><\/thead><tbody><tr><td>Sudeste<\/td><td>~40%<\/td><\/tr><tr><td>Nordeste<\/td><td>~25%<\/td><\/tr><tr><td>Sul<\/td><td>~20%<\/td><\/tr><tr><td>Centro-Oeste<\/td><td>~8%<\/td><\/tr><tr><td>Norte<\/td><td>~7%<\/td><\/tr><\/tbody><\/table><\/figure>\n\n\n\n<p>Essa concentra\u00e7\u00e3o reproduz as mesmas desigualdades estruturais observadas em indicadores econ\u00f4micos e demogr\u00e1ficos.<\/p>\n\n\n\n<hr class=\"wp-block-separator has-alpha-channel-opacity\"\/>\n\n\n\n<h4 class=\"wp-block-heading\">Munic\u00edpios e capacidade institucional<\/h4>\n\n\n\n<p>O Brasil possui aproximadamente <strong>5.570 munic\u00edpios<\/strong>, sendo que a grande maioria \u00e9 composta por cidades de pequeno porte.<\/p>\n\n\n\n<p>Quando se distribui o n\u00famero total de organiza\u00e7\u00f5es pelo conjunto dos munic\u00edpios, obt\u00e9m-se uma m\u00e9dia aproximada de:<\/p>\n\n\n\n<p><strong>42 organiza\u00e7\u00f5es por munic\u00edpio.<\/strong><\/p>\n\n\n\n<p>Entretanto, essa m\u00e9dia esconde uma forte desigualdade territorial.<\/p>\n\n\n\n<p>Uma aproxima\u00e7\u00e3o mais realista da distribui\u00e7\u00e3o institucional indica algo pr\u00f3ximo de:<\/p>\n\n\n\n<figure class=\"wp-block-table\"><table class=\"has-light-background-color has-background has-fixed-layout\"><thead><tr><th>Porte do munic\u00edpio<\/th><th>Organiza\u00e7\u00f5es m\u00e9dias<\/th><\/tr><\/thead><tbody><tr><td>Pequeno porte I<\/td><td>10 \u2013 20<\/td><\/tr><tr><td>Pequeno porte II<\/td><td>20 \u2013 40<\/td><\/tr><tr><td>M\u00e9dio porte<\/td><td>40 \u2013 100<\/td><\/tr><tr><td>Grande porte<\/td><td>200 ou mais<\/td><\/tr><\/tbody><\/table><\/figure>\n\n\n\n<p>Isso ocorre porque organiza\u00e7\u00f5es da sociedade civil tendem a surgir e se consolidar em contextos com maior densidade populacional, maior disponibilidade de recursos e maior complexidade institucional.<\/p>\n\n\n\n<hr class=\"wp-block-separator has-alpha-channel-opacity\"\/>\n\n\n\n<h4 class=\"wp-block-heading\">Implica\u00e7\u00f5es para a pol\u00edtica p\u00fablica<\/h4>\n\n\n\n<p>Essa realidade tem impacto direto na implementa\u00e7\u00e3o de pol\u00edticas p\u00fablicas baseadas em parcerias com OSCs.<\/p>\n\n\n\n<p>Em muitos munic\u00edpios pequenos, observa-se:<\/p>\n\n\n\n<ul class=\"wp-block-list\">\n<li>baixa densidade institucional<\/li>\n\n\n\n<li>poucas organiza\u00e7\u00f5es estruturadas<\/li>\n\n\n\n<li>depend\u00eancia maior da execu\u00e7\u00e3o direta pelo poder p\u00fablico.<\/li>\n<\/ul>\n\n\n\n<p>J\u00e1 em cidades maiores ocorre o fen\u00f4meno inverso:<\/p>\n\n\n\n<ul class=\"wp-block-list\">\n<li>grande n\u00famero de organiza\u00e7\u00f5es<\/li>\n\n\n\n<li>maior competi\u00e7\u00e3o por recursos<\/li>\n\n\n\n<li>pulveriza\u00e7\u00e3o de projetos.<\/li>\n<\/ul>\n\n\n\n<p>Essa diferen\u00e7a territorial explica por que determinados programas federais encontram maior dificuldade de execu\u00e7\u00e3o em regi\u00f5es espec\u00edficas do pa\u00eds.<\/p>\n\n\n\n<hr class=\"wp-block-separator has-alpha-channel-opacity\"\/>\n\n\n\n<h4 class=\"wp-block-heading\">O caso das transfer\u00eancias no Sistema \u00danico de Assist\u00eancia Social<\/h4>\n\n\n<div class=\"wp-block-image\">\n<figure class=\"aligncenter size-full is-resized\"><img loading=\"lazy\" decoding=\"async\" width=\"283\" height=\"178\" src=\"https:\/\/ingesto.org.br\/wp-content\/uploads\/2026\/03\/suas.jpg\" alt=\"\" class=\"wp-image-19214\" style=\"width:655px;height:auto\" srcset=\"https:\/\/ingesto.org.br\/wp-content\/uploads\/2026\/03\/suas.jpg 283w, https:\/\/ingesto.org.br\/wp-content\/uploads\/2026\/03\/suas-18x12.jpg 18w\" sizes=\"(max-width: 283px) 100vw, 283px\" \/><\/figure>\n<\/div>\n\n\n<p>No \u00e2mbito da pol\u00edtica de assist\u00eancia social, a <strong>Resolu\u00e7\u00e3o CNAS\/MDS n\u00ba 177 de 2024<\/strong> estabeleceu limites m\u00e1ximos de programa\u00e7\u00e3o de recursos da A\u00e7\u00e3o Or\u00e7ament\u00e1ria 219G para entes federados, considerando o porte dos munic\u00edpios.<\/p>\n\n\n\n<p>Os tetos definidos s\u00e3o:<\/p>\n\n\n\n<figure class=\"wp-block-table\"><table class=\"has-light-background-color has-background has-fixed-layout\"><thead><tr><th>Porte do munic\u00edpio<\/th><th>Limite m\u00e1ximo<\/th><\/tr><\/thead><tbody><tr><td>Pequeno porte I<\/td><td>R$ 1.000.000<\/td><\/tr><tr><td>Pequeno porte II<\/td><td>R$ 2.300.000<\/td><\/tr><tr><td>M\u00e9dio porte<\/td><td>R$ 4.100.000<\/td><\/tr><tr><td>Grande porte<\/td><td>R$ 8.800.000<\/td><\/tr><\/tbody><\/table><\/figure>\n\n\n\n<p>Esses limites se referem \u00e0 programa\u00e7\u00e3o de recursos para o <strong>ente federado<\/strong>, e n\u00e3o diretamente \u00e0s organiza\u00e7\u00f5es da sociedade civil.<\/p>\n\n\n\n<p>A execu\u00e7\u00e3o final da pol\u00edtica p\u00fablica continua sendo responsabilidade do munic\u00edpio, que pode optar por:<\/p>\n\n\n\n<ul class=\"wp-block-list\">\n<li>execu\u00e7\u00e3o direta dos servi\u00e7os<\/li>\n\n\n\n<li>parcerias com OSCs<\/li>\n\n\n\n<li>modelos h\u00edbridos.<\/li>\n<\/ul>\n\n\n\n<hr class=\"wp-block-separator has-alpha-channel-opacity\"\/>\n\n\n\n<h4 class=\"wp-block-heading\">Desafio estrutural: recursos versus capacidade institucional<\/h4>\n\n\n\n<p>O debate sobre financiamento do terceiro setor frequentemente enfatiza a escassez de recursos. Entretanto, a an\u00e1lise institucional revela que em muitas regi\u00f5es o problema central n\u00e3o \u00e9 apenas financeiro.<\/p>\n\n\n\n<p>O principal gargalo est\u00e1 na <strong>capacidade institucional instalada<\/strong>.<\/p>\n\n\n\n<p>Isso inclui:<\/p>\n\n\n\n<ul class=\"wp-block-list\">\n<li>organiza\u00e7\u00f5es estruturadas<\/li>\n\n\n\n<li>governan\u00e7a institucional<\/li>\n\n\n\n<li>capacidade t\u00e9cnica<\/li>\n\n\n\n<li>mecanismos adequados de sele\u00e7\u00e3o e monitoramento.<\/li>\n<\/ul>\n\n\n\n<p>Sem esses elementos, mesmo recursos dispon\u00edveis podem ter baixa efetividade na execu\u00e7\u00e3o das pol\u00edticas p\u00fablicas.<\/p>\n\n\n\n<hr class=\"wp-block-separator has-alpha-channel-opacity\"\/>\n\n\n\n<h4 class=\"wp-block-heading\">Caminhos para aprimorar o sistema<\/h4>\n\n\n\n<p>A experi\u00eancia institucional brasileira indica que algumas medidas podem contribuir para melhorar a distribui\u00e7\u00e3o e a efetividade das pol\u00edticas p\u00fablicas executadas por OSCs:<\/p>\n\n\n\n<p><strong>1. Crit\u00e9rios de financiamento mais sens\u00edveis \u00e0 vulnerabilidade social<\/strong>, e n\u00e3o apenas ao porte populacional.<\/p>\n\n\n\n<p><strong>2. Programas de fortalecimento institucional de organiza\u00e7\u00f5es locais<\/strong>, especialmente em munic\u00edpios pequenos.<\/p>\n\n\n\n<p><strong>3. Incentivo a arranjos intermunicipais e redes territoriais<\/strong>, permitindo ganho de escala e maior racionalidade na execu\u00e7\u00e3o de servi\u00e7os.<\/p>\n\n\n\n<p><strong>4. Aperfei\u00e7oamento dos processos de chamamento p\u00fablico<\/strong>, garantindo sele\u00e7\u00e3o mais transparente e baseada em crit\u00e9rios t\u00e9cnicos.<\/p>\n\n\n\n<p><strong>5. Sistemas de monitoramento e avalia\u00e7\u00e3o focados em resultados<\/strong>, e n\u00e3o apenas em controle documental.<\/p>\n\n\n\n<hr class=\"wp-block-separator has-alpha-channel-opacity\"\/>\n\n\n\n<h4 class=\"wp-block-heading\">Conclusion<\/h4>\n\n\n\n<p>O terceiro setor brasileiro possui papel fundamental na implementa\u00e7\u00e3o de pol\u00edticas p\u00fablicas e na amplia\u00e7\u00e3o da capacidade estatal de resposta \u00e0s demandas sociais.<\/p>\n\n\n\n<p>Entretanto, para que esse potencial seja plenamente aproveitado, \u00e9 necess\u00e1rio reconhecer uma caracter\u00edstica estrutural do pa\u00eds: <strong>a desigualdade territorial da capacidade institucional<\/strong>.<\/p>\n\n\n\n<p>Sem pol\u00edticas voltadas ao fortalecimento das organiza\u00e7\u00f5es e \u00e0 organiza\u00e7\u00e3o das redes locais de atendimento, a simples amplia\u00e7\u00e3o de recursos financeiros dificilmente ser\u00e1 suficiente para produzir resultados mais equilibrados no territ\u00f3rio nacional.<\/p>\n\n\n\n<div class=\"ingesto-donate-cta\" role=\"region\" aria-label=\"Apoiar o Ingesto\">\n  <p class=\"ingesto-donate-text\">\n    O Ingesto \u00e9 mantido exclusivamente por doa\u00e7\u00f5es volunt\u00e1rias.<br>\n    Se este conte\u00fado foi \u00fatil para voc\u00ea, considere apoiar a manuten\u00e7\u00e3o da plataforma.\n  <\/p>\n\n  <a class=\"ingesto-donate-btn\" href=\"https:\/\/ingesto.org.br\/en\/colabore\/\" data-cta=\"donate-post-footer\">\n    Apoiar o Ingesto\n  <\/a>\n\n<p class=\"ingesto-donate-note\">\n  Leva menos de um minuto.\n<\/p>\n<\/div>","protected":false},"excerpt":{"rendered":"<p>A discuss\u00e3o sobre financiamento e execu\u00e7\u00e3o de pol\u00edticas p\u00fablicas por organiza\u00e7\u00f5es da sociedade civil (OSCs) frequentemente parte de uma premissa equivocada: a de que existe uma grande quantidade de organiza\u00e7\u00f5es estruturadas e prontas para executar pol\u00edticas p\u00fablicas em todo o territ\u00f3rio nacional.<\/p>","protected":false},"author":1,"featured_media":19211,"comment_status":"open","ping_status":"open","sticky":false,"template":"","format":"standard","meta":{"give_campaign_id":0,"_yoast_wpseo_focuskw":"Analise do Terceiro Setor e sua Capilaridade","_yoast_wpseo_title":"","_yoast_wpseo_metadesc":"A discuss\u00e3o sobre financiamento e execu\u00e7\u00e3o de pol\u00edticas p\u00fablicas por organiza\u00e7\u00f5es da sociedade civil (OSCs) frequentemente parte de uma premissa equivocada: a de que existe uma grande quantidade de organiza\u00e7\u00f5es estruturadas e prontas para executar pol\u00edticas p\u00fablicas em todo o territ\u00f3rio nacional.","_joinchat":[],"footnotes":""},"categories":[869],"tags":[6721,256,6722],"class_list":["post-19209","post","type-post","status-publish","format-standard","has-post-thumbnail","hentry","category-estudos","tag-distribuicoes-de-recursos","tag-oscs","tag-politicas-publicas"],"yoast_head":"<!-- This site is optimized with the Yoast SEO plugin v27.4 - https:\/\/yoast.com\/product\/yoast-seo-wordpress\/ -->\n<title>Distribui\u00e7\u00e3o de Recursos e Capacidade Institucional no Terceiro Setor Brasileiro! - Ingesto<\/title>\n<meta name=\"description\" content=\"A discuss\u00e3o sobre financiamento e execu\u00e7\u00e3o de pol\u00edticas p\u00fablicas por organiza\u00e7\u00f5es da sociedade civil (OSCs) frequentemente parte de uma premissa equivocada: a de que existe uma grande quantidade de organiza\u00e7\u00f5es estruturadas e prontas para executar pol\u00edticas p\u00fablicas em todo o territ\u00f3rio nacional.\" \/>\n<meta name=\"robots\" content=\"index, follow, max-snippet:-1, max-image-preview:large, max-video-preview:-1\" \/>\n<link rel=\"canonical\" href=\"https:\/\/ingesto.org.br\/en\/distribuicao-de-recursos-e-capacidade-institucional-no-terceiro-setor-brasileiro\/\" \/>\n<meta property=\"og:locale\" content=\"en_US\" \/>\n<meta property=\"og:type\" content=\"article\" \/>\n<meta property=\"og:title\" content=\"Distribui\u00e7\u00e3o de Recursos e Capacidade Institucional no Terceiro Setor Brasileiro! - Ingesto\" \/>\n<meta property=\"og:description\" content=\"A discuss\u00e3o sobre financiamento e execu\u00e7\u00e3o de pol\u00edticas p\u00fablicas por organiza\u00e7\u00f5es da sociedade civil (OSCs) frequentemente parte de uma premissa equivocada: a de que existe uma grande quantidade de organiza\u00e7\u00f5es estruturadas e prontas para executar pol\u00edticas p\u00fablicas em todo o territ\u00f3rio nacional.\" \/>\n<meta property=\"og:url\" content=\"https:\/\/ingesto.org.br\/en\/distribuicao-de-recursos-e-capacidade-institucional-no-terceiro-setor-brasileiro\/\" \/>\n<meta property=\"og:site_name\" content=\"Ingesto\" \/>\n<meta property=\"article:publisher\" content=\"https:\/\/www.facebook.com\/institutoingesto\" \/>\n<meta property=\"article:published_time\" content=\"2026-03-07T11:22:07+00:00\" \/>\n<meta property=\"article:modified_time\" content=\"2026-03-07T11:22:14+00:00\" \/>\n<meta property=\"og:image\" content=\"https:\/\/ingesto.org.br\/wp-content\/uploads\/2026\/03\/politicas-publicas-scaled.png\" \/>\n\t<meta property=\"og:image:width\" content=\"2560\" \/>\n\t<meta property=\"og:image:height\" content=\"1664\" \/>\n\t<meta property=\"og:image:type\" content=\"image\/png\" \/>\n<meta name=\"author\" content=\"Ingesto\" \/>\n<meta name=\"twitter:card\" content=\"summary_large_image\" \/>\n<meta name=\"twitter:creator\" content=\"@Ingestos\" \/>\n<meta name=\"twitter:site\" content=\"@Ingestos\" \/>\n<meta name=\"twitter:label1\" content=\"Written by\" \/>\n\t<meta name=\"twitter:data1\" content=\"Ingesto\" \/>\n\t<meta name=\"twitter:label2\" content=\"Est. reading time\" \/>\n\t<meta name=\"twitter:data2\" content=\"7 minutes\" \/>\n<script type=\"application\/ld+json\" class=\"yoast-schema-graph\">{\"@context\":\"https:\\\/\\\/schema.org\",\"@graph\":[{\"@type\":\"Article\",\"@id\":\"https:\\\/\\\/ingesto.org.br\\\/distribuicao-de-recursos-e-capacidade-institucional-no-terceiro-setor-brasileiro\\\/#article\",\"isPartOf\":{\"@id\":\"https:\\\/\\\/ingesto.org.br\\\/distribuicao-de-recursos-e-capacidade-institucional-no-terceiro-setor-brasileiro\\\/\"},\"author\":{\"name\":\"Ingesto\",\"@id\":\"http:\\\/\\\/ingesto.org.br\\\/en\\\/#\\\/schema\\\/person\\\/b6b24d64bb11f377f79f5f35b9c466dc\"},\"headline\":\"Distribui\u00e7\u00e3o de Recursos e Capacidade Institucional no Terceiro Setor Brasileiro!\",\"datePublished\":\"2026-03-07T11:22:07+00:00\",\"dateModified\":\"2026-03-07T11:22:14+00:00\",\"mainEntityOfPage\":{\"@id\":\"https:\\\/\\\/ingesto.org.br\\\/distribuicao-de-recursos-e-capacidade-institucional-no-terceiro-setor-brasileiro\\\/\"},\"wordCount\":1024,\"commentCount\":0,\"publisher\":{\"@id\":\"http:\\\/\\\/ingesto.org.br\\\/en\\\/#organization\"},\"image\":{\"@id\":\"https:\\\/\\\/ingesto.org.br\\\/distribuicao-de-recursos-e-capacidade-institucional-no-terceiro-setor-brasileiro\\\/#primaryimage\"},\"thumbnailUrl\":\"https:\\\/\\\/ingesto.org.br\\\/wp-content\\\/uploads\\\/2026\\\/03\\\/politicas-publicas-scaled.png\",\"keywords\":[\"Distribui\u00e7\u00f5es de Recursos\",\"OSCs\",\"Pol\u00edticas P\u00fablicas\"],\"articleSection\":[\"Estudos\"],\"inLanguage\":\"en-US\",\"potentialAction\":[{\"@type\":\"CommentAction\",\"name\":\"Comment\",\"target\":[\"https:\\\/\\\/ingesto.org.br\\\/distribuicao-de-recursos-e-capacidade-institucional-no-terceiro-setor-brasileiro\\\/#respond\"]}]},{\"@type\":\"WebPage\",\"@id\":\"https:\\\/\\\/ingesto.org.br\\\/distribuicao-de-recursos-e-capacidade-institucional-no-terceiro-setor-brasileiro\\\/\",\"url\":\"https:\\\/\\\/ingesto.org.br\\\/distribuicao-de-recursos-e-capacidade-institucional-no-terceiro-setor-brasileiro\\\/\",\"name\":\"Distribui\u00e7\u00e3o de Recursos e Capacidade Institucional no Terceiro Setor Brasileiro! - Ingesto\",\"isPartOf\":{\"@id\":\"http:\\\/\\\/ingesto.org.br\\\/en\\\/#website\"},\"primaryImageOfPage\":{\"@id\":\"https:\\\/\\\/ingesto.org.br\\\/distribuicao-de-recursos-e-capacidade-institucional-no-terceiro-setor-brasileiro\\\/#primaryimage\"},\"image\":{\"@id\":\"https:\\\/\\\/ingesto.org.br\\\/distribuicao-de-recursos-e-capacidade-institucional-no-terceiro-setor-brasileiro\\\/#primaryimage\"},\"thumbnailUrl\":\"https:\\\/\\\/ingesto.org.br\\\/wp-content\\\/uploads\\\/2026\\\/03\\\/politicas-publicas-scaled.png\",\"datePublished\":\"2026-03-07T11:22:07+00:00\",\"dateModified\":\"2026-03-07T11:22:14+00:00\",\"description\":\"A discuss\u00e3o sobre financiamento e execu\u00e7\u00e3o de pol\u00edticas p\u00fablicas por organiza\u00e7\u00f5es da sociedade civil (OSCs) frequentemente parte de uma premissa equivocada: a de que existe uma grande quantidade de organiza\u00e7\u00f5es estruturadas e prontas para executar pol\u00edticas p\u00fablicas em todo o territ\u00f3rio nacional.\",\"breadcrumb\":{\"@id\":\"https:\\\/\\\/ingesto.org.br\\\/distribuicao-de-recursos-e-capacidade-institucional-no-terceiro-setor-brasileiro\\\/#breadcrumb\"},\"inLanguage\":\"en-US\",\"potentialAction\":[{\"@type\":\"ReadAction\",\"target\":[\"https:\\\/\\\/ingesto.org.br\\\/distribuicao-de-recursos-e-capacidade-institucional-no-terceiro-setor-brasileiro\\\/\"]}]},{\"@type\":\"ImageObject\",\"inLanguage\":\"en-US\",\"@id\":\"https:\\\/\\\/ingesto.org.br\\\/distribuicao-de-recursos-e-capacidade-institucional-no-terceiro-setor-brasileiro\\\/#primaryimage\",\"url\":\"https:\\\/\\\/ingesto.org.br\\\/wp-content\\\/uploads\\\/2026\\\/03\\\/politicas-publicas-scaled.png\",\"contentUrl\":\"https:\\\/\\\/ingesto.org.br\\\/wp-content\\\/uploads\\\/2026\\\/03\\\/politicas-publicas-scaled.png\",\"width\":2560,\"height\":1664},{\"@type\":\"BreadcrumbList\",\"@id\":\"https:\\\/\\\/ingesto.org.br\\\/distribuicao-de-recursos-e-capacidade-institucional-no-terceiro-setor-brasileiro\\\/#breadcrumb\",\"itemListElement\":[{\"@type\":\"ListItem\",\"position\":1,\"name\":\"In\u00edcio\",\"item\":\"https:\\\/\\\/ingesto.org.br\\\/\"},{\"@type\":\"ListItem\",\"position\":2,\"name\":\"Distribui\u00e7\u00e3o de Recursos e Capacidade Institucional no Terceiro Setor Brasileiro!\"}]},{\"@type\":\"WebSite\",\"@id\":\"http:\\\/\\\/ingesto.org.br\\\/en\\\/#website\",\"url\":\"http:\\\/\\\/ingesto.org.br\\\/en\\\/\",\"name\":\"Instituto\",\"description\":\"Instituto para Gest\u00e3o do Terceiro Setor\",\"publisher\":{\"@id\":\"http:\\\/\\\/ingesto.org.br\\\/en\\\/#organization\"},\"alternateName\":\"Ingesto\",\"potentialAction\":[{\"@type\":\"SearchAction\",\"target\":{\"@type\":\"EntryPoint\",\"urlTemplate\":\"http:\\\/\\\/ingesto.org.br\\\/en\\\/?s={search_term_string}\"},\"query-input\":{\"@type\":\"PropertyValueSpecification\",\"valueRequired\":true,\"valueName\":\"search_term_string\"}}],\"inLanguage\":\"en-US\"},{\"@type\":\"Organization\",\"@id\":\"http:\\\/\\\/ingesto.org.br\\\/en\\\/#organization\",\"name\":\"Ingesto\",\"url\":\"http:\\\/\\\/ingesto.org.br\\\/en\\\/\",\"logo\":{\"@type\":\"ImageObject\",\"inLanguage\":\"en-US\",\"@id\":\"http:\\\/\\\/ingesto.org.br\\\/en\\\/#\\\/schema\\\/logo\\\/image\\\/\",\"url\":\"https:\\\/\\\/ingesto.org.br\\\/wp-content\\\/uploads\\\/2020\\\/11\\\/cropped-cropped-icone.png\",\"contentUrl\":\"https:\\\/\\\/ingesto.org.br\\\/wp-content\\\/uploads\\\/2020\\\/11\\\/cropped-cropped-icone.png\",\"width\":512,\"height\":512,\"caption\":\"Ingesto\"},\"image\":{\"@id\":\"http:\\\/\\\/ingesto.org.br\\\/en\\\/#\\\/schema\\\/logo\\\/image\\\/\"},\"sameAs\":[\"https:\\\/\\\/www.facebook.com\\\/institutoingesto\",\"https:\\\/\\\/x.com\\\/Ingestos\",\"https:\\\/\\\/www.instagram.com\\\/institutoingesto\\\/\",\"https:\\\/\\\/www.youtube.com\\\/@institutoingesto\",\"https:\\\/\\\/www.linkedin.com\\\/in\\\/instituto-ingesto\"]},{\"@type\":\"Person\",\"@id\":\"http:\\\/\\\/ingesto.org.br\\\/en\\\/#\\\/schema\\\/person\\\/b6b24d64bb11f377f79f5f35b9c466dc\",\"name\":\"Ingesto\",\"image\":{\"@type\":\"ImageObject\",\"inLanguage\":\"en-US\",\"@id\":\"https:\\\/\\\/ingesto.org.br\\\/wp-content\\\/litespeed\\\/avatar\\\/4d7201aed9dddada281d8ce59ea56991.jpg?ver=1776950236\",\"url\":\"https:\\\/\\\/ingesto.org.br\\\/wp-content\\\/litespeed\\\/avatar\\\/4d7201aed9dddada281d8ce59ea56991.jpg?ver=1776950236\",\"contentUrl\":\"https:\\\/\\\/ingesto.org.br\\\/wp-content\\\/litespeed\\\/avatar\\\/4d7201aed9dddada281d8ce59ea56991.jpg?ver=1776950236\",\"caption\":\"Ingesto\"},\"sameAs\":[\"http:\\\/\\\/ingesto.org.br\"],\"url\":\"https:\\\/\\\/ingesto.org.br\\\/en\\\/author\\\/instituto-ingesto\\\/\"}]}<\/script>\n<!-- \/ Yoast SEO plugin. -->","yoast_head_json":{"title":"Distribui\u00e7\u00e3o de Recursos e Capacidade Institucional no Terceiro Setor Brasileiro! - Ingesto","description":"A discuss\u00e3o sobre financiamento e execu\u00e7\u00e3o de pol\u00edticas p\u00fablicas por organiza\u00e7\u00f5es da sociedade civil (OSCs) frequentemente parte de uma premissa equivocada: a de que existe uma grande quantidade de organiza\u00e7\u00f5es estruturadas e prontas para executar pol\u00edticas p\u00fablicas em todo o territ\u00f3rio nacional.","robots":{"index":"index","follow":"follow","max-snippet":"max-snippet:-1","max-image-preview":"max-image-preview:large","max-video-preview":"max-video-preview:-1"},"canonical":"https:\/\/ingesto.org.br\/en\/distribuicao-de-recursos-e-capacidade-institucional-no-terceiro-setor-brasileiro\/","og_locale":"en_US","og_type":"article","og_title":"Distribui\u00e7\u00e3o de Recursos e Capacidade Institucional no Terceiro Setor Brasileiro! - Ingesto","og_description":"A discuss\u00e3o sobre financiamento e execu\u00e7\u00e3o de pol\u00edticas p\u00fablicas por organiza\u00e7\u00f5es da sociedade civil (OSCs) frequentemente parte de uma premissa equivocada: a de que existe uma grande quantidade de organiza\u00e7\u00f5es estruturadas e prontas para executar pol\u00edticas p\u00fablicas em todo o territ\u00f3rio nacional.","og_url":"https:\/\/ingesto.org.br\/en\/distribuicao-de-recursos-e-capacidade-institucional-no-terceiro-setor-brasileiro\/","og_site_name":"Ingesto","article_publisher":"https:\/\/www.facebook.com\/institutoingesto","article_published_time":"2026-03-07T11:22:07+00:00","article_modified_time":"2026-03-07T11:22:14+00:00","og_image":[{"width":2560,"height":1664,"url":"https:\/\/ingesto.org.br\/wp-content\/uploads\/2026\/03\/politicas-publicas-scaled.png","type":"image\/png"}],"author":"Ingesto","twitter_card":"summary_large_image","twitter_creator":"@Ingestos","twitter_site":"@Ingestos","twitter_misc":{"Written by":"Ingesto","Est. reading time":"7 minutes"},"schema":{"@context":"https:\/\/schema.org","@graph":[{"@type":"Article","@id":"https:\/\/ingesto.org.br\/distribuicao-de-recursos-e-capacidade-institucional-no-terceiro-setor-brasileiro\/#article","isPartOf":{"@id":"https:\/\/ingesto.org.br\/distribuicao-de-recursos-e-capacidade-institucional-no-terceiro-setor-brasileiro\/"},"author":{"name":"Ingesto","@id":"http:\/\/ingesto.org.br\/en\/#\/schema\/person\/b6b24d64bb11f377f79f5f35b9c466dc"},"headline":"Distribui\u00e7\u00e3o de Recursos e Capacidade Institucional no Terceiro Setor Brasileiro!","datePublished":"2026-03-07T11:22:07+00:00","dateModified":"2026-03-07T11:22:14+00:00","mainEntityOfPage":{"@id":"https:\/\/ingesto.org.br\/distribuicao-de-recursos-e-capacidade-institucional-no-terceiro-setor-brasileiro\/"},"wordCount":1024,"commentCount":0,"publisher":{"@id":"http:\/\/ingesto.org.br\/en\/#organization"},"image":{"@id":"https:\/\/ingesto.org.br\/distribuicao-de-recursos-e-capacidade-institucional-no-terceiro-setor-brasileiro\/#primaryimage"},"thumbnailUrl":"https:\/\/ingesto.org.br\/wp-content\/uploads\/2026\/03\/politicas-publicas-scaled.png","keywords":["Distribui\u00e7\u00f5es de Recursos","OSCs","Pol\u00edticas P\u00fablicas"],"articleSection":["Estudos"],"inLanguage":"en-US","potentialAction":[{"@type":"CommentAction","name":"Comment","target":["https:\/\/ingesto.org.br\/distribuicao-de-recursos-e-capacidade-institucional-no-terceiro-setor-brasileiro\/#respond"]}]},{"@type":"WebPage","@id":"https:\/\/ingesto.org.br\/distribuicao-de-recursos-e-capacidade-institucional-no-terceiro-setor-brasileiro\/","url":"https:\/\/ingesto.org.br\/distribuicao-de-recursos-e-capacidade-institucional-no-terceiro-setor-brasileiro\/","name":"Distribui\u00e7\u00e3o de Recursos e Capacidade Institucional no Terceiro Setor Brasileiro! - Ingesto","isPartOf":{"@id":"http:\/\/ingesto.org.br\/en\/#website"},"primaryImageOfPage":{"@id":"https:\/\/ingesto.org.br\/distribuicao-de-recursos-e-capacidade-institucional-no-terceiro-setor-brasileiro\/#primaryimage"},"image":{"@id":"https:\/\/ingesto.org.br\/distribuicao-de-recursos-e-capacidade-institucional-no-terceiro-setor-brasileiro\/#primaryimage"},"thumbnailUrl":"https:\/\/ingesto.org.br\/wp-content\/uploads\/2026\/03\/politicas-publicas-scaled.png","datePublished":"2026-03-07T11:22:07+00:00","dateModified":"2026-03-07T11:22:14+00:00","description":"A discuss\u00e3o sobre financiamento e execu\u00e7\u00e3o de pol\u00edticas p\u00fablicas por organiza\u00e7\u00f5es da sociedade civil (OSCs) frequentemente parte de uma premissa equivocada: a de que existe uma grande quantidade de organiza\u00e7\u00f5es estruturadas e prontas para executar pol\u00edticas p\u00fablicas em todo o territ\u00f3rio nacional.","breadcrumb":{"@id":"https:\/\/ingesto.org.br\/distribuicao-de-recursos-e-capacidade-institucional-no-terceiro-setor-brasileiro\/#breadcrumb"},"inLanguage":"en-US","potentialAction":[{"@type":"ReadAction","target":["https:\/\/ingesto.org.br\/distribuicao-de-recursos-e-capacidade-institucional-no-terceiro-setor-brasileiro\/"]}]},{"@type":"ImageObject","inLanguage":"en-US","@id":"https:\/\/ingesto.org.br\/distribuicao-de-recursos-e-capacidade-institucional-no-terceiro-setor-brasileiro\/#primaryimage","url":"https:\/\/ingesto.org.br\/wp-content\/uploads\/2026\/03\/politicas-publicas-scaled.png","contentUrl":"https:\/\/ingesto.org.br\/wp-content\/uploads\/2026\/03\/politicas-publicas-scaled.png","width":2560,"height":1664},{"@type":"BreadcrumbList","@id":"https:\/\/ingesto.org.br\/distribuicao-de-recursos-e-capacidade-institucional-no-terceiro-setor-brasileiro\/#breadcrumb","itemListElement":[{"@type":"ListItem","position":1,"name":"In\u00edcio","item":"https:\/\/ingesto.org.br\/"},{"@type":"ListItem","position":2,"name":"Distribui\u00e7\u00e3o de Recursos e Capacidade Institucional no Terceiro Setor Brasileiro!"}]},{"@type":"WebSite","@id":"http:\/\/ingesto.org.br\/en\/#website","url":"http:\/\/ingesto.org.br\/en\/","name":"Institute","description":"Institute for Third Sector Management","publisher":{"@id":"http:\/\/ingesto.org.br\/en\/#organization"},"alternateName":"Ingesto","potentialAction":[{"@type":"SearchAction","target":{"@type":"EntryPoint","urlTemplate":"http:\/\/ingesto.org.br\/en\/?s={search_term_string}"},"query-input":{"@type":"PropertyValueSpecification","valueRequired":true,"valueName":"search_term_string"}}],"inLanguage":"en-US"},{"@type":"Organization","@id":"http:\/\/ingesto.org.br\/en\/#organization","name":"Ingesto","url":"http:\/\/ingesto.org.br\/en\/","logo":{"@type":"ImageObject","inLanguage":"en-US","@id":"http:\/\/ingesto.org.br\/en\/#\/schema\/logo\/image\/","url":"https:\/\/ingesto.org.br\/wp-content\/uploads\/2020\/11\/cropped-cropped-icone.png","contentUrl":"https:\/\/ingesto.org.br\/wp-content\/uploads\/2020\/11\/cropped-cropped-icone.png","width":512,"height":512,"caption":"Ingesto"},"image":{"@id":"http:\/\/ingesto.org.br\/en\/#\/schema\/logo\/image\/"},"sameAs":["https:\/\/www.facebook.com\/institutoingesto","https:\/\/x.com\/Ingestos","https:\/\/www.instagram.com\/institutoingesto\/","https:\/\/www.youtube.com\/@institutoingesto","https:\/\/www.linkedin.com\/in\/instituto-ingesto"]},{"@type":"Person","@id":"http:\/\/ingesto.org.br\/en\/#\/schema\/person\/b6b24d64bb11f377f79f5f35b9c466dc","name":"Ingesto","image":{"@type":"ImageObject","inLanguage":"en-US","@id":"https:\/\/ingesto.org.br\/wp-content\/litespeed\/avatar\/4d7201aed9dddada281d8ce59ea56991.jpg?ver=1776950236","url":"https:\/\/ingesto.org.br\/wp-content\/litespeed\/avatar\/4d7201aed9dddada281d8ce59ea56991.jpg?ver=1776950236","contentUrl":"https:\/\/ingesto.org.br\/wp-content\/litespeed\/avatar\/4d7201aed9dddada281d8ce59ea56991.jpg?ver=1776950236","caption":"Ingesto"},"sameAs":["http:\/\/ingesto.org.br"],"url":"https:\/\/ingesto.org.br\/en\/author\/instituto-ingesto\/"}]}},"jetpack_featured_media_url":"https:\/\/ingesto.org.br\/wp-content\/uploads\/2026\/03\/politicas-publicas-scaled.png","jetpack_shortlink":"https:\/\/wp.me\/peji5g-4ZP","acf":[],"_links":{"self":[{"href":"https:\/\/ingesto.org.br\/en\/wp-json\/wp\/v2\/posts\/19209","targetHints":{"allow":["GET"]}}],"collection":[{"href":"https:\/\/ingesto.org.br\/en\/wp-json\/wp\/v2\/posts"}],"about":[{"href":"https:\/\/ingesto.org.br\/en\/wp-json\/wp\/v2\/types\/post"}],"author":[{"embeddable":true,"href":"https:\/\/ingesto.org.br\/en\/wp-json\/wp\/v2\/users\/1"}],"replies":[{"embeddable":true,"href":"https:\/\/ingesto.org.br\/en\/wp-json\/wp\/v2\/comments?post=19209"}],"version-history":[{"count":1,"href":"https:\/\/ingesto.org.br\/en\/wp-json\/wp\/v2\/posts\/19209\/revisions"}],"predecessor-version":[{"id":19216,"href":"https:\/\/ingesto.org.br\/en\/wp-json\/wp\/v2\/posts\/19209\/revisions\/19216"}],"wp:featuredmedia":[{"embeddable":true,"href":"https:\/\/ingesto.org.br\/en\/wp-json\/wp\/v2\/media\/19211"}],"wp:attachment":[{"href":"https:\/\/ingesto.org.br\/en\/wp-json\/wp\/v2\/media?parent=19209"}],"wp:term":[{"taxonomy":"category","embeddable":true,"href":"https:\/\/ingesto.org.br\/en\/wp-json\/wp\/v2\/categories?post=19209"},{"taxonomy":"post_tag","embeddable":true,"href":"https:\/\/ingesto.org.br\/en\/wp-json\/wp\/v2\/tags?post=19209"}],"curies":[{"name":"wp","href":"https:\/\/api.w.org\/{rel}","templated":true}]}}