{"id":19098,"date":"2026-03-01T06:47:14","date_gmt":"2026-03-01T09:47:14","guid":{"rendered":"https:\/\/ingesto.org.br\/?p=19098"},"modified":"2026-03-01T06:47:20","modified_gmt":"2026-03-01T09:47:20","slug":"vetores-estrategicos-para-o-terceiro-setor","status":"publish","type":"post","link":"https:\/\/ingesto.org.br\/en\/vetores-estrategicos-para-o-terceiro-setor\/","title":{"rendered":"Or\u00e7amento p\u00fablico, dados abertos e prote\u00e7\u00e3o de dados!"},"content":{"rendered":"<hr class=\"wp-block-separator has-alpha-channel-opacity\"\/>\n\n\n\n<h4 class=\"wp-block-heading\">Vetores estrat\u00e9gicos para o Terceiro Setor<\/h4>\n\n\n\n<p><em>Visualiza\u00e7\u00e3o de dados e acompanhamento or\u00e7ament\u00e1rio aplicado \u00e0 gest\u00e3o p\u00fablica.<\/em><\/p>\n\n\n\n<p>A agenda institucional de 2026 revela um deslocamento importante: organiza\u00e7\u00f5es da sociedade civil come\u00e7am a operar com l\u00f3gica de intelig\u00eancia institucional baseada em dados p\u00fablicos. A leitura sistem\u00e1tica da LOA, LDO, execu\u00e7\u00e3o or\u00e7ament\u00e1ria e emendas parlamentares deixa de ser atividade pontual e passa a compor estrat\u00e9gia permanente de capta\u00e7\u00e3o e planejamento.<\/p>\n\n\n\n<p>Esse movimento altera a postura tradicional das OSCs. Em vez de reagirem a editais e conv\u00eanios, passam a antecipar ciclos de investimento e prioridades governamentais.<\/p>\n\n\n\n<hr class=\"wp-block-separator has-alpha-channel-opacity\"\/>\n\n\n\n<h2 class=\"wp-block-heading\">Monitoramento de or\u00e7amento p\u00fablico como ferramenta estrat\u00e9gica<\/h2>\n\n\n\n<p><em>Planejamento financeiro estruturado e an\u00e1lise de execu\u00e7\u00e3o or\u00e7ament\u00e1ria.<\/em><\/p>\n\n\n<div class=\"wp-block-image\">\n<figure class=\"aligncenter size-large\"><img fetchpriority=\"high\" decoding=\"async\" width=\"1024\" height=\"683\" src=\"https:\/\/ingesto.org.br\/wp-content\/uploads\/2026\/03\/orcamento-publico-1024x683.png\" alt=\"\" class=\"wp-image-19101\" srcset=\"https:\/\/ingesto.org.br\/wp-content\/uploads\/2026\/03\/orcamento-publico-1024x683.png 1024w, https:\/\/ingesto.org.br\/wp-content\/uploads\/2026\/03\/orcamento-publico-300x200.png 300w, https:\/\/ingesto.org.br\/wp-content\/uploads\/2026\/03\/orcamento-publico-768x512.png 768w, https:\/\/ingesto.org.br\/wp-content\/uploads\/2026\/03\/orcamento-publico-18x12.png 18w, https:\/\/ingesto.org.br\/wp-content\/uploads\/2026\/03\/orcamento-publico-650x433.png 650w, https:\/\/ingesto.org.br\/wp-content\/uploads\/2026\/03\/orcamento-publico.png 1536w\" sizes=\"(max-width: 1024px) 100vw, 1024px\" \/><\/figure>\n<\/div>\n\n\n<p>Plataformas p\u00fablicas de transpar\u00eancia permitem mapear execu\u00e7\u00e3o de despesas e identificar padr\u00f5es de aloca\u00e7\u00e3o de recursos. A utiliza\u00e7\u00e3o sistem\u00e1tica dessas bases pode indicar tend\u00eancias setoriais, \u00e1reas com maior probabilidade de investimento e movimentos de retra\u00e7\u00e3o.<\/p>\n\n\n\n<p>O uso do Portal da Transpar\u00eancia e sistemas correlatos exige capacidade t\u00e9cnica m\u00ednima para interpreta\u00e7\u00e3o de dados e integra\u00e7\u00e3o com planejamento institucional.<\/p>\n\n\n\n<p><a href=\"https:\/\/www.portaltransparencia.gov.br\/\">Portal da Transpar\u00eancia<\/a><\/p>\n\n\n\n<hr class=\"wp-block-separator has-alpha-channel-opacity\"\/>\n\n\n\n<h2 class=\"wp-block-heading\">LGPD e maturidade em prote\u00e7\u00e3o de dados como crit\u00e9rio reputacional<\/h2>\n\n\n\n<p><em>Prote\u00e7\u00e3o de dados e governan\u00e7a informacional no ambiente institucional.<\/em><\/p>\n\n\n<div class=\"wp-block-image\">\n<figure class=\"aligncenter size-large\"><img decoding=\"async\" width=\"1024\" height=\"683\" src=\"https:\/\/ingesto.org.br\/wp-content\/uploads\/2026\/03\/LGPD-1024x683.png\" alt=\"\" class=\"wp-image-19100\" srcset=\"https:\/\/ingesto.org.br\/wp-content\/uploads\/2026\/03\/LGPD-1024x683.png 1024w, https:\/\/ingesto.org.br\/wp-content\/uploads\/2026\/03\/LGPD-300x200.png 300w, https:\/\/ingesto.org.br\/wp-content\/uploads\/2026\/03\/LGPD-768x512.png 768w, https:\/\/ingesto.org.br\/wp-content\/uploads\/2026\/03\/LGPD-18x12.png 18w, https:\/\/ingesto.org.br\/wp-content\/uploads\/2026\/03\/LGPD-650x433.png 650w, https:\/\/ingesto.org.br\/wp-content\/uploads\/2026\/03\/LGPD.png 1536w\" sizes=\"(max-width: 1024px) 100vw, 1024px\" \/><\/figure>\n<\/div>\n\n\n<p>A consolida\u00e7\u00e3o da aplica\u00e7\u00e3o da LGPD imp\u00f5e nova camada de responsabilidade \u00e0s organiza\u00e7\u00f5es sociais, especialmente nas \u00e1reas de sa\u00fade, assist\u00eancia social e educa\u00e7\u00e3o. O tratamento de dados sens\u00edveis exige pol\u00edticas internas claras, controle de acesso e documenta\u00e7\u00e3o de processos.<\/p>\n\n\n\n<p>Mais do que evitar san\u00e7\u00f5es, maturidade em prote\u00e7\u00e3o de dados torna-se indicador de confiabilidade institucional para financiadores e parceiros.<\/p>\n\n\n\n<p><a href=\"https:\/\/www.gov.br\/anpd\/\">Autoridade Nacional de Prote\u00e7\u00e3o de Dados<\/a><\/p>\n\n\n\n<hr class=\"wp-block-separator has-alpha-channel-opacity\"\/>\n\n\n\n<h2 class=\"wp-block-heading\">Coopera\u00e7\u00e3o internacional e padr\u00f5es globais de conformidade<\/h2>\n\n\n\n<p><em>Articula\u00e7\u00e3o internacional e coopera\u00e7\u00e3o t\u00e9cnica entre organiza\u00e7\u00f5es.<\/em><\/p>\n\n\n<div class=\"wp-block-image\">\n<figure class=\"aligncenter size-large\"><img decoding=\"async\" width=\"1024\" height=\"683\" src=\"https:\/\/ingesto.org.br\/wp-content\/uploads\/2026\/03\/cooperacao-internacional-1024x683.png\" alt=\"\" class=\"wp-image-19099\" srcset=\"https:\/\/ingesto.org.br\/wp-content\/uploads\/2026\/03\/cooperacao-internacional-1024x683.png 1024w, https:\/\/ingesto.org.br\/wp-content\/uploads\/2026\/03\/cooperacao-internacional-300x200.png 300w, https:\/\/ingesto.org.br\/wp-content\/uploads\/2026\/03\/cooperacao-internacional-768x512.png 768w, https:\/\/ingesto.org.br\/wp-content\/uploads\/2026\/03\/cooperacao-internacional-18x12.png 18w, https:\/\/ingesto.org.br\/wp-content\/uploads\/2026\/03\/cooperacao-internacional-650x433.png 650w, https:\/\/ingesto.org.br\/wp-content\/uploads\/2026\/03\/cooperacao-internacional.png 1536w\" sizes=\"(max-width: 1024px) 100vw, 1024px\" \/><\/figure>\n<\/div>\n\n\n<p>Organiza\u00e7\u00f5es internacionais e redes multilaterais ampliam programas de coopera\u00e7\u00e3o t\u00e9cnica e financiamento cruzado. Para acessar essas oportunidades, OSCs brasileiras precisam demonstrar capacidade administrativa compat\u00edvel com padr\u00f5es internacionais de presta\u00e7\u00e3o de contas.<\/p>\n\n\n\n<p>A tend\u00eancia aponta para maior integra\u00e7\u00e3o entre organiza\u00e7\u00f5es locais e redes globais, desde que haja governan\u00e7a estruturada e documenta\u00e7\u00e3o adequada.<\/p>\n\n\n\n<p><a href=\"https:\/\/www.oecd.org\/\">OCDE<\/a><\/p>\n\n\n\n<hr class=\"wp-block-separator has-alpha-channel-opacity\"\/>\n\n\n\n<h2 class=\"wp-block-heading\">Implica\u00e7\u00e3o pr\u00e1tica para dirigentes de OSC<\/h2>\n\n\n\n<p>A vantagem institucional em 2026 estar\u00e1 na capacidade de antecipar movimentos or\u00e7ament\u00e1rios, estruturar governan\u00e7a de dados e manter conformidade regulat\u00f3ria consistente. Capta\u00e7\u00e3o continuar\u00e1 importante, mas intelig\u00eancia institucional ser\u00e1 diferencial estrat\u00e9gico.<\/p>\n\n\n\n<div class=\"ingesto-donate-cta\" role=\"region\" aria-label=\"Apoiar o Ingesto\">\n  <p class=\"ingesto-donate-text\">\n    O Ingesto \u00e9 mantido exclusivamente por doa\u00e7\u00f5es volunt\u00e1rias.<br>\n    Se este conte\u00fado foi \u00fatil para voc\u00ea, considere apoiar a manuten\u00e7\u00e3o da plataforma.\n  <\/p>\n\n  <a class=\"ingesto-donate-btn\" href=\"https:\/\/ingesto.org.br\/en\/colabore\/\" data-cta=\"donate-post-footer\">\n    Apoiar o Ingesto\n  <\/a>\n\n<p class=\"ingesto-donate-note\">\n  Leva menos de um minuto.\n<\/p>\n<\/div>","protected":false},"excerpt":{"rendered":"<p>A agenda institucional de 2026 revela um deslocamento importante: organiza\u00e7\u00f5es da sociedade civil come\u00e7am a operar com l\u00f3gica de intelig\u00eancia institucional baseada em dados p\u00fablicos. A leitura sistem\u00e1tica da LOA, LDO, execu\u00e7\u00e3o or\u00e7ament\u00e1ria e emendas parlamentares deixa de ser atividade pontual e passa a compor estrat\u00e9gia permanente de capta\u00e7\u00e3o e planejamento.<\/p>","protected":false},"author":1,"featured_media":19099,"comment_status":"open","ping_status":"open","sticky":false,"template":"","format":"standard","meta":{"give_campaign_id":0,"_yoast_wpseo_focuskw":"Vetores estrat\u00e9gicos para o Terceiro Setor","_yoast_wpseo_title":"","_yoast_wpseo_metadesc":"Leitura estrat\u00e9gica sobre as principais tend\u00eancias no Terceiro Setor para 2026: profissionaliza\u00e7\u00e3o, medi\u00e7\u00e3o de impacto, tecnologia, ESG e sustentabilidade institucional.","_joinchat":[],"footnotes":""},"categories":[6706,29,33],"tags":[6704,1139,959,3308,6705,986,182],"class_list":["post-19098","post","type-post","status-publish","format-standard","has-post-thumbnail","hentry","category-lgpd","category-noticias","category-orcamento-geral-da-uniao","tag-captacao-2","tag-esg","tag-governanca","tag-impacto-social","tag-medicao-de-impacto","tag-tecnologia","tag-terceiro-setor"],"yoast_head":"<!-- This site is optimized with the Yoast SEO plugin v27.4 - https:\/\/yoast.com\/product\/yoast-seo-wordpress\/ -->\n<title>Or\u00e7amento p\u00fablico, dados abertos e prote\u00e7\u00e3o de dados! - Ingesto<\/title>\n<meta name=\"description\" content=\"Leitura estrat\u00e9gica sobre as principais tend\u00eancias no Terceiro Setor para 2026: profissionaliza\u00e7\u00e3o, medi\u00e7\u00e3o de impacto, tecnologia, ESG e sustentabilidade institucional.\" \/>\n<meta name=\"robots\" content=\"index, follow, max-snippet:-1, max-image-preview:large, max-video-preview:-1\" \/>\n<link rel=\"canonical\" href=\"https:\/\/ingesto.org.br\/en\/vetores-estrategicos-para-o-terceiro-setor\/\" \/>\n<meta property=\"og:locale\" content=\"en_US\" \/>\n<meta property=\"og:type\" content=\"article\" \/>\n<meta property=\"og:title\" content=\"Or\u00e7amento p\u00fablico, dados abertos e prote\u00e7\u00e3o de dados! - Ingesto\" \/>\n<meta property=\"og:description\" content=\"Leitura estrat\u00e9gica sobre as principais tend\u00eancias no Terceiro Setor para 2026: profissionaliza\u00e7\u00e3o, medi\u00e7\u00e3o de impacto, tecnologia, ESG e sustentabilidade institucional.\" \/>\n<meta property=\"og:url\" content=\"https:\/\/ingesto.org.br\/en\/vetores-estrategicos-para-o-terceiro-setor\/\" \/>\n<meta property=\"og:site_name\" content=\"Ingesto\" \/>\n<meta property=\"article:publisher\" content=\"https:\/\/www.facebook.com\/institutoingesto\" \/>\n<meta property=\"article:published_time\" content=\"2026-03-01T09:47:14+00:00\" \/>\n<meta property=\"article:modified_time\" content=\"2026-03-01T09:47:20+00:00\" \/>\n<meta property=\"og:image\" content=\"https:\/\/ingesto.org.br\/wp-content\/uploads\/2026\/03\/cooperacao-internacional-1024x683.png\" \/>\n\t<meta property=\"og:image:width\" content=\"1024\" \/>\n\t<meta property=\"og:image:height\" content=\"683\" \/>\n\t<meta property=\"og:image:type\" content=\"image\/png\" \/>\n<meta name=\"author\" content=\"Ingesto\" \/>\n<meta name=\"twitter:card\" content=\"summary_large_image\" \/>\n<meta name=\"twitter:creator\" content=\"@Ingestos\" \/>\n<meta name=\"twitter:site\" content=\"@Ingestos\" \/>\n<meta name=\"twitter:label1\" content=\"Written by\" \/>\n\t<meta name=\"twitter:data1\" content=\"Ingesto\" \/>\n\t<meta name=\"twitter:label2\" content=\"Est. reading time\" \/>\n\t<meta name=\"twitter:data2\" content=\"3 minutes\" \/>\n<script type=\"application\/ld+json\" class=\"yoast-schema-graph\">{\"@context\":\"https:\\\/\\\/schema.org\",\"@graph\":[{\"@type\":\"Article\",\"@id\":\"https:\\\/\\\/ingesto.org.br\\\/vetores-estrategicos-para-o-terceiro-setor\\\/#article\",\"isPartOf\":{\"@id\":\"https:\\\/\\\/ingesto.org.br\\\/vetores-estrategicos-para-o-terceiro-setor\\\/\"},\"author\":{\"name\":\"Ingesto\",\"@id\":\"http:\\\/\\\/ingesto.org.br\\\/en\\\/#\\\/schema\\\/person\\\/b6b24d64bb11f377f79f5f35b9c466dc\"},\"headline\":\"Or\u00e7amento p\u00fablico, dados abertos e prote\u00e7\u00e3o de dados!\",\"datePublished\":\"2026-03-01T09:47:14+00:00\",\"dateModified\":\"2026-03-01T09:47:20+00:00\",\"mainEntityOfPage\":{\"@id\":\"https:\\\/\\\/ingesto.org.br\\\/vetores-estrategicos-para-o-terceiro-setor\\\/\"},\"wordCount\":475,\"commentCount\":0,\"publisher\":{\"@id\":\"http:\\\/\\\/ingesto.org.br\\\/en\\\/#organization\"},\"image\":{\"@id\":\"https:\\\/\\\/ingesto.org.br\\\/vetores-estrategicos-para-o-terceiro-setor\\\/#primaryimage\"},\"thumbnailUrl\":\"https:\\\/\\\/ingesto.org.br\\\/wp-content\\\/uploads\\\/2026\\\/03\\\/cooperacao-internacional.png\",\"keywords\":[\"Capta\u00e7\u00e3o\",\"ESG\",\"governan\u00e7a\",\"impacto social\",\"Medi\u00e7\u00e3o de Impacto\",\"tecnologia\",\"terceiro setor\"],\"articleSection\":[\"LGPD\",\"Not\u00edcias\",\"Or\u00e7amento Geral da Uni\u00e3o\"],\"inLanguage\":\"en-US\",\"potentialAction\":[{\"@type\":\"CommentAction\",\"name\":\"Comment\",\"target\":[\"https:\\\/\\\/ingesto.org.br\\\/vetores-estrategicos-para-o-terceiro-setor\\\/#respond\"]}]},{\"@type\":\"WebPage\",\"@id\":\"https:\\\/\\\/ingesto.org.br\\\/vetores-estrategicos-para-o-terceiro-setor\\\/\",\"url\":\"https:\\\/\\\/ingesto.org.br\\\/vetores-estrategicos-para-o-terceiro-setor\\\/\",\"name\":\"Or\u00e7amento p\u00fablico, dados abertos e prote\u00e7\u00e3o de dados! - Ingesto\",\"isPartOf\":{\"@id\":\"http:\\\/\\\/ingesto.org.br\\\/en\\\/#website\"},\"primaryImageOfPage\":{\"@id\":\"https:\\\/\\\/ingesto.org.br\\\/vetores-estrategicos-para-o-terceiro-setor\\\/#primaryimage\"},\"image\":{\"@id\":\"https:\\\/\\\/ingesto.org.br\\\/vetores-estrategicos-para-o-terceiro-setor\\\/#primaryimage\"},\"thumbnailUrl\":\"https:\\\/\\\/ingesto.org.br\\\/wp-content\\\/uploads\\\/2026\\\/03\\\/cooperacao-internacional.png\",\"datePublished\":\"2026-03-01T09:47:14+00:00\",\"dateModified\":\"2026-03-01T09:47:20+00:00\",\"description\":\"Leitura estrat\u00e9gica sobre as principais tend\u00eancias no Terceiro Setor para 2026: profissionaliza\u00e7\u00e3o, medi\u00e7\u00e3o de impacto, tecnologia, ESG e sustentabilidade institucional.\",\"breadcrumb\":{\"@id\":\"https:\\\/\\\/ingesto.org.br\\\/vetores-estrategicos-para-o-terceiro-setor\\\/#breadcrumb\"},\"inLanguage\":\"en-US\",\"potentialAction\":[{\"@type\":\"ReadAction\",\"target\":[\"https:\\\/\\\/ingesto.org.br\\\/vetores-estrategicos-para-o-terceiro-setor\\\/\"]}]},{\"@type\":\"ImageObject\",\"inLanguage\":\"en-US\",\"@id\":\"https:\\\/\\\/ingesto.org.br\\\/vetores-estrategicos-para-o-terceiro-setor\\\/#primaryimage\",\"url\":\"https:\\\/\\\/ingesto.org.br\\\/wp-content\\\/uploads\\\/2026\\\/03\\\/cooperacao-internacional.png\",\"contentUrl\":\"https:\\\/\\\/ingesto.org.br\\\/wp-content\\\/uploads\\\/2026\\\/03\\\/cooperacao-internacional.png\",\"width\":1536,\"height\":1024},{\"@type\":\"BreadcrumbList\",\"@id\":\"https:\\\/\\\/ingesto.org.br\\\/vetores-estrategicos-para-o-terceiro-setor\\\/#breadcrumb\",\"itemListElement\":[{\"@type\":\"ListItem\",\"position\":1,\"name\":\"In\u00edcio\",\"item\":\"https:\\\/\\\/ingesto.org.br\\\/\"},{\"@type\":\"ListItem\",\"position\":2,\"name\":\"Or\u00e7amento p\u00fablico, dados abertos e prote\u00e7\u00e3o de dados!\"}]},{\"@type\":\"WebSite\",\"@id\":\"http:\\\/\\\/ingesto.org.br\\\/en\\\/#website\",\"url\":\"http:\\\/\\\/ingesto.org.br\\\/en\\\/\",\"name\":\"Instituto\",\"description\":\"Instituto para Gest\u00e3o do Terceiro Setor\",\"publisher\":{\"@id\":\"http:\\\/\\\/ingesto.org.br\\\/en\\\/#organization\"},\"alternateName\":\"Ingesto\",\"potentialAction\":[{\"@type\":\"SearchAction\",\"target\":{\"@type\":\"EntryPoint\",\"urlTemplate\":\"http:\\\/\\\/ingesto.org.br\\\/en\\\/?s={search_term_string}\"},\"query-input\":{\"@type\":\"PropertyValueSpecification\",\"valueRequired\":true,\"valueName\":\"search_term_string\"}}],\"inLanguage\":\"en-US\"},{\"@type\":\"Organization\",\"@id\":\"http:\\\/\\\/ingesto.org.br\\\/en\\\/#organization\",\"name\":\"Ingesto\",\"url\":\"http:\\\/\\\/ingesto.org.br\\\/en\\\/\",\"logo\":{\"@type\":\"ImageObject\",\"inLanguage\":\"en-US\",\"@id\":\"http:\\\/\\\/ingesto.org.br\\\/en\\\/#\\\/schema\\\/logo\\\/image\\\/\",\"url\":\"https:\\\/\\\/ingesto.org.br\\\/wp-content\\\/uploads\\\/2020\\\/11\\\/cropped-cropped-icone.png\",\"contentUrl\":\"https:\\\/\\\/ingesto.org.br\\\/wp-content\\\/uploads\\\/2020\\\/11\\\/cropped-cropped-icone.png\",\"width\":512,\"height\":512,\"caption\":\"Ingesto\"},\"image\":{\"@id\":\"http:\\\/\\\/ingesto.org.br\\\/en\\\/#\\\/schema\\\/logo\\\/image\\\/\"},\"sameAs\":[\"https:\\\/\\\/www.facebook.com\\\/institutoingesto\",\"https:\\\/\\\/x.com\\\/Ingestos\",\"https:\\\/\\\/www.instagram.com\\\/institutoingesto\\\/\",\"https:\\\/\\\/www.youtube.com\\\/@institutoingesto\",\"https:\\\/\\\/www.linkedin.com\\\/in\\\/instituto-ingesto\"]},{\"@type\":\"Person\",\"@id\":\"http:\\\/\\\/ingesto.org.br\\\/en\\\/#\\\/schema\\\/person\\\/b6b24d64bb11f377f79f5f35b9c466dc\",\"name\":\"Ingesto\",\"image\":{\"@type\":\"ImageObject\",\"inLanguage\":\"en-US\",\"@id\":\"https:\\\/\\\/ingesto.org.br\\\/wp-content\\\/litespeed\\\/avatar\\\/4d7201aed9dddada281d8ce59ea56991.jpg?ver=1776950236\",\"url\":\"https:\\\/\\\/ingesto.org.br\\\/wp-content\\\/litespeed\\\/avatar\\\/4d7201aed9dddada281d8ce59ea56991.jpg?ver=1776950236\",\"contentUrl\":\"https:\\\/\\\/ingesto.org.br\\\/wp-content\\\/litespeed\\\/avatar\\\/4d7201aed9dddada281d8ce59ea56991.jpg?ver=1776950236\",\"caption\":\"Ingesto\"},\"sameAs\":[\"http:\\\/\\\/ingesto.org.br\"],\"url\":\"https:\\\/\\\/ingesto.org.br\\\/en\\\/author\\\/instituto-ingesto\\\/\"}]}<\/script>\n<!-- \/ Yoast SEO plugin. -->","yoast_head_json":{"title":"Or\u00e7amento p\u00fablico, dados abertos e prote\u00e7\u00e3o de dados! - Ingesto","description":"Leitura estrat\u00e9gica sobre as principais tend\u00eancias no Terceiro Setor para 2026: profissionaliza\u00e7\u00e3o, medi\u00e7\u00e3o de impacto, tecnologia, ESG e sustentabilidade institucional.","robots":{"index":"index","follow":"follow","max-snippet":"max-snippet:-1","max-image-preview":"max-image-preview:large","max-video-preview":"max-video-preview:-1"},"canonical":"https:\/\/ingesto.org.br\/en\/vetores-estrategicos-para-o-terceiro-setor\/","og_locale":"en_US","og_type":"article","og_title":"Or\u00e7amento p\u00fablico, dados abertos e prote\u00e7\u00e3o de dados! - Ingesto","og_description":"Leitura estrat\u00e9gica sobre as principais tend\u00eancias no Terceiro Setor para 2026: profissionaliza\u00e7\u00e3o, medi\u00e7\u00e3o de impacto, tecnologia, ESG e sustentabilidade institucional.","og_url":"https:\/\/ingesto.org.br\/en\/vetores-estrategicos-para-o-terceiro-setor\/","og_site_name":"Ingesto","article_publisher":"https:\/\/www.facebook.com\/institutoingesto","article_published_time":"2026-03-01T09:47:14+00:00","article_modified_time":"2026-03-01T09:47:20+00:00","og_image":[{"width":1024,"height":683,"url":"https:\/\/ingesto.org.br\/wp-content\/uploads\/2026\/03\/cooperacao-internacional-1024x683.png","type":"image\/png"}],"author":"Ingesto","twitter_card":"summary_large_image","twitter_creator":"@Ingestos","twitter_site":"@Ingestos","twitter_misc":{"Written by":"Ingesto","Est. reading time":"3 minutes"},"schema":{"@context":"https:\/\/schema.org","@graph":[{"@type":"Article","@id":"https:\/\/ingesto.org.br\/vetores-estrategicos-para-o-terceiro-setor\/#article","isPartOf":{"@id":"https:\/\/ingesto.org.br\/vetores-estrategicos-para-o-terceiro-setor\/"},"author":{"name":"Ingesto","@id":"http:\/\/ingesto.org.br\/en\/#\/schema\/person\/b6b24d64bb11f377f79f5f35b9c466dc"},"headline":"Or\u00e7amento p\u00fablico, dados abertos e prote\u00e7\u00e3o de dados!","datePublished":"2026-03-01T09:47:14+00:00","dateModified":"2026-03-01T09:47:20+00:00","mainEntityOfPage":{"@id":"https:\/\/ingesto.org.br\/vetores-estrategicos-para-o-terceiro-setor\/"},"wordCount":475,"commentCount":0,"publisher":{"@id":"http:\/\/ingesto.org.br\/en\/#organization"},"image":{"@id":"https:\/\/ingesto.org.br\/vetores-estrategicos-para-o-terceiro-setor\/#primaryimage"},"thumbnailUrl":"https:\/\/ingesto.org.br\/wp-content\/uploads\/2026\/03\/cooperacao-internacional.png","keywords":["Capta\u00e7\u00e3o","ESG","governan\u00e7a","impacto social","Medi\u00e7\u00e3o de Impacto","tecnologia","terceiro setor"],"articleSection":["LGPD","Not\u00edcias","Or\u00e7amento Geral da Uni\u00e3o"],"inLanguage":"en-US","potentialAction":[{"@type":"CommentAction","name":"Comment","target":["https:\/\/ingesto.org.br\/vetores-estrategicos-para-o-terceiro-setor\/#respond"]}]},{"@type":"WebPage","@id":"https:\/\/ingesto.org.br\/vetores-estrategicos-para-o-terceiro-setor\/","url":"https:\/\/ingesto.org.br\/vetores-estrategicos-para-o-terceiro-setor\/","name":"Or\u00e7amento p\u00fablico, dados abertos e prote\u00e7\u00e3o de dados! - Ingesto","isPartOf":{"@id":"http:\/\/ingesto.org.br\/en\/#website"},"primaryImageOfPage":{"@id":"https:\/\/ingesto.org.br\/vetores-estrategicos-para-o-terceiro-setor\/#primaryimage"},"image":{"@id":"https:\/\/ingesto.org.br\/vetores-estrategicos-para-o-terceiro-setor\/#primaryimage"},"thumbnailUrl":"https:\/\/ingesto.org.br\/wp-content\/uploads\/2026\/03\/cooperacao-internacional.png","datePublished":"2026-03-01T09:47:14+00:00","dateModified":"2026-03-01T09:47:20+00:00","description":"Leitura estrat\u00e9gica sobre as principais tend\u00eancias no Terceiro Setor para 2026: profissionaliza\u00e7\u00e3o, medi\u00e7\u00e3o de impacto, tecnologia, ESG e sustentabilidade institucional.","breadcrumb":{"@id":"https:\/\/ingesto.org.br\/vetores-estrategicos-para-o-terceiro-setor\/#breadcrumb"},"inLanguage":"en-US","potentialAction":[{"@type":"ReadAction","target":["https:\/\/ingesto.org.br\/vetores-estrategicos-para-o-terceiro-setor\/"]}]},{"@type":"ImageObject","inLanguage":"en-US","@id":"https:\/\/ingesto.org.br\/vetores-estrategicos-para-o-terceiro-setor\/#primaryimage","url":"https:\/\/ingesto.org.br\/wp-content\/uploads\/2026\/03\/cooperacao-internacional.png","contentUrl":"https:\/\/ingesto.org.br\/wp-content\/uploads\/2026\/03\/cooperacao-internacional.png","width":1536,"height":1024},{"@type":"BreadcrumbList","@id":"https:\/\/ingesto.org.br\/vetores-estrategicos-para-o-terceiro-setor\/#breadcrumb","itemListElement":[{"@type":"ListItem","position":1,"name":"In\u00edcio","item":"https:\/\/ingesto.org.br\/"},{"@type":"ListItem","position":2,"name":"Or\u00e7amento p\u00fablico, dados abertos e prote\u00e7\u00e3o de dados!"}]},{"@type":"WebSite","@id":"http:\/\/ingesto.org.br\/en\/#website","url":"http:\/\/ingesto.org.br\/en\/","name":"Institute","description":"Institute for Third Sector Management","publisher":{"@id":"http:\/\/ingesto.org.br\/en\/#organization"},"alternateName":"Ingesto","potentialAction":[{"@type":"SearchAction","target":{"@type":"EntryPoint","urlTemplate":"http:\/\/ingesto.org.br\/en\/?s={search_term_string}"},"query-input":{"@type":"PropertyValueSpecification","valueRequired":true,"valueName":"search_term_string"}}],"inLanguage":"en-US"},{"@type":"Organization","@id":"http:\/\/ingesto.org.br\/en\/#organization","name":"Ingesto","url":"http:\/\/ingesto.org.br\/en\/","logo":{"@type":"ImageObject","inLanguage":"en-US","@id":"http:\/\/ingesto.org.br\/en\/#\/schema\/logo\/image\/","url":"https:\/\/ingesto.org.br\/wp-content\/uploads\/2020\/11\/cropped-cropped-icone.png","contentUrl":"https:\/\/ingesto.org.br\/wp-content\/uploads\/2020\/11\/cropped-cropped-icone.png","width":512,"height":512,"caption":"Ingesto"},"image":{"@id":"http:\/\/ingesto.org.br\/en\/#\/schema\/logo\/image\/"},"sameAs":["https:\/\/www.facebook.com\/institutoingesto","https:\/\/x.com\/Ingestos","https:\/\/www.instagram.com\/institutoingesto\/","https:\/\/www.youtube.com\/@institutoingesto","https:\/\/www.linkedin.com\/in\/instituto-ingesto"]},{"@type":"Person","@id":"http:\/\/ingesto.org.br\/en\/#\/schema\/person\/b6b24d64bb11f377f79f5f35b9c466dc","name":"Ingesto","image":{"@type":"ImageObject","inLanguage":"en-US","@id":"https:\/\/ingesto.org.br\/wp-content\/litespeed\/avatar\/4d7201aed9dddada281d8ce59ea56991.jpg?ver=1776950236","url":"https:\/\/ingesto.org.br\/wp-content\/litespeed\/avatar\/4d7201aed9dddada281d8ce59ea56991.jpg?ver=1776950236","contentUrl":"https:\/\/ingesto.org.br\/wp-content\/litespeed\/avatar\/4d7201aed9dddada281d8ce59ea56991.jpg?ver=1776950236","caption":"Ingesto"},"sameAs":["http:\/\/ingesto.org.br"],"url":"https:\/\/ingesto.org.br\/en\/author\/instituto-ingesto\/"}]}},"jetpack_featured_media_url":"https:\/\/ingesto.org.br\/wp-content\/uploads\/2026\/03\/cooperacao-internacional.png","jetpack_shortlink":"https:\/\/wp.me\/peji5g-4Y2","acf":[],"_links":{"self":[{"href":"https:\/\/ingesto.org.br\/en\/wp-json\/wp\/v2\/posts\/19098","targetHints":{"allow":["GET"]}}],"collection":[{"href":"https:\/\/ingesto.org.br\/en\/wp-json\/wp\/v2\/posts"}],"about":[{"href":"https:\/\/ingesto.org.br\/en\/wp-json\/wp\/v2\/types\/post"}],"author":[{"embeddable":true,"href":"https:\/\/ingesto.org.br\/en\/wp-json\/wp\/v2\/users\/1"}],"replies":[{"embeddable":true,"href":"https:\/\/ingesto.org.br\/en\/wp-json\/wp\/v2\/comments?post=19098"}],"version-history":[{"count":1,"href":"https:\/\/ingesto.org.br\/en\/wp-json\/wp\/v2\/posts\/19098\/revisions"}],"predecessor-version":[{"id":19102,"href":"https:\/\/ingesto.org.br\/en\/wp-json\/wp\/v2\/posts\/19098\/revisions\/19102"}],"wp:featuredmedia":[{"embeddable":true,"href":"https:\/\/ingesto.org.br\/en\/wp-json\/wp\/v2\/media\/19099"}],"wp:attachment":[{"href":"https:\/\/ingesto.org.br\/en\/wp-json\/wp\/v2\/media?parent=19098"}],"wp:term":[{"taxonomy":"category","embeddable":true,"href":"https:\/\/ingesto.org.br\/en\/wp-json\/wp\/v2\/categories?post=19098"},{"taxonomy":"post_tag","embeddable":true,"href":"https:\/\/ingesto.org.br\/en\/wp-json\/wp\/v2\/tags?post=19098"}],"curies":[{"name":"wp","href":"https:\/\/api.w.org\/{rel}","templated":true}]}}