{"id":19033,"date":"2026-02-24T07:28:23","date_gmt":"2026-02-24T10:28:23","guid":{"rendered":"https:\/\/ingesto.org.br\/?p=19033"},"modified":"2026-02-26T12:20:09","modified_gmt":"2026-02-26T15:20:09","slug":"receita-federal-isencao-impostos-terceiro-setor-2026","status":"publish","type":"post","link":"https:\/\/ingesto.org.br\/en\/receita-federal-isencao-impostos-terceiro-setor-2026\/","title":{"rendered":"Receita Federal Protege Isen\u00e7\u00f5es do Terceiro Setor em Nova Instru\u00e7\u00e3o Normativa"},"content":{"rendered":"<h4 class=\"wp-block-heading\">Receita Federal Protege Isen\u00e7\u00f5es do Terceiro Setor em Nova Instru\u00e7\u00e3o Normativa<\/h4>\n\n\n<div class=\"wp-block-image\">\n<figure class=\"aligncenter size-large\"><img fetchpriority=\"high\" decoding=\"async\" width=\"1024\" height=\"571\" src=\"https:\/\/ingesto.org.br\/wp-content\/uploads\/2026\/02\/Foto-Fernando-FrazaoAgencia-Brasil-_24_-1024x571.jpg\" alt=\"\" class=\"wp-image-19034\" srcset=\"https:\/\/ingesto.org.br\/wp-content\/uploads\/2026\/02\/Foto-Fernando-FrazaoAgencia-Brasil-_24_-1024x571.jpg 1024w, https:\/\/ingesto.org.br\/wp-content\/uploads\/2026\/02\/Foto-Fernando-FrazaoAgencia-Brasil-_24_-300x167.jpg 300w, https:\/\/ingesto.org.br\/wp-content\/uploads\/2026\/02\/Foto-Fernando-FrazaoAgencia-Brasil-_24_-768x428.jpg 768w, https:\/\/ingesto.org.br\/wp-content\/uploads\/2026\/02\/Foto-Fernando-FrazaoAgencia-Brasil-_24_-18x10.jpg 18w, https:\/\/ingesto.org.br\/wp-content\/uploads\/2026\/02\/Foto-Fernando-FrazaoAgencia-Brasil-_24_.jpg 1072w\" sizes=\"(max-width: 1024px) 100vw, 1024px\" \/><figcaption class=\"wp-element-caption\">Receita Federal garante manuten\u00e7\u00e3o de benef\u00edcios fiscais para associa\u00e7\u00f5es sem fins lucrativos<\/figcaption><\/figure>\n<\/div>\n\n\n<p><a href=\"https:\/\/www1.folha.uol.com.br\/blogs\/que-imposto-e-esse\/2026\/02\/receita-exclui-associacoes-sem-fins-lucrativos-de-corte-de-beneficio-fiscal.shtml\" target=\"_blank\" rel=\"noreferrer noopener\">Folha de S.Paulo<\/a><\/p>\n\n\n\n<p>O Terceiro Setor brasileiro recebeu uma not\u00edcia fundamental para sua sustentabilidade financeira nesta semana. A Receita Federal, atrav\u00e9s da Instru\u00e7\u00e3o Normativa RFB n\u00ba 2.307\/2026, oficializou a exclus\u00e3o das associa\u00e7\u00f5es civis sem fins lucrativos da redu\u00e7\u00e3o linear de benef\u00edcios fiscais que estava prevista na legisla\u00e7\u00e3o complementar recente. Essa decis\u00e3o representa um al\u00edvio direto no caixa das institui\u00e7\u00f5es, preservando isen\u00e7\u00f5es vitais para a continuidade de projetos sociais em todo o pa\u00eds.<\/p>\n\n\n\n<p>A nova norma esclarece que as isen\u00e7\u00f5es de Imposto de Renda (IR), CSLL e Cofins aplic\u00e1veis a essas entidades n\u00e3o sofrer\u00e3o o corte de 10% que atingiu outros setores. No entanto, h\u00e1 um ponto de aten\u00e7\u00e3o: a Receita revogou o dispositivo que protegia o incentivo fiscal para quem faz doa\u00e7\u00f5es, o que pode impactar o est\u00edmulo a novos aportes empresariais. Para os gestores, a medida traz seguran\u00e7a jur\u00eddica imediata, mas refor\u00e7a a necessidade de estrat\u00e9gias diversificadas de capta\u00e7\u00e3o.<\/p>\n\n\n\n<h4 class=\"wp-block-heading\">Fundo de Justi\u00e7a Clim\u00e1tica para a Juventude 2026: At\u00e9 US$ 40 mil para Coletivos Juvenis<\/h4>\n\n\n\n<p>Uma oportunidade internacional de peso acaba de abrir inscri\u00e7\u00f5es para organiza\u00e7\u00f5es brasileiras. O Youth Climate Justice Fund (YCJF) 2026 lan\u00e7ou sua chamada global oferecendo aportes de at\u00e9 US$ 40 mil (aproximadamente R$ 204 mil) para coletivos e organiza\u00e7\u00f5es lideradas por jovens que atuam com justi\u00e7a clim\u00e1tica e socioambiental. O fundo prioriza grupos de base comunit\u00e1ria e movimentos emergentes, mesmo aqueles que ainda n\u00e3o possuem formaliza\u00e7\u00e3o jur\u00eddica (CNPJ).<\/p>\n\n\n\n<figure class=\"wp-block-image\"><img decoding=\"async\" src=\"https:\/\/private-us-east-1.manuscdn.com\/sessionFile\/2tPCVIE6nDGrmYk6dUknp9\/sandbox\/tmsbgMWQ4Z18L6B7MY3R1d-images_1771926909294_na1fn_L2hvbWUvdWJ1bnR1L3Byb2plY3RfbmV3cy9pbWFnZXMvY2xpbWFfanV2ZW50dWRl.webp?Policy=eyJTdGF0ZW1lbnQiOlt7IlJlc291cmNlIjoiaHR0cHM6Ly9wcml2YXRlLXVzLWVhc3QtMS5tYW51c2Nkbi5jb20vc2Vzc2lvbkZpbGUvMnRQQ1ZJRTZuREdybVlrNmRVa25wOS9zYW5kYm94L3Rtc2JnTVdRNFoxOEw2QjdNWTNSMWQtaW1hZ2VzXzE3NzE5MjY5MDkyOTRfbmExZm5fTDJodmJXVXZkV0oxYm5SMUwzQnliMnBsWTNSZmJtVjNjeTlwYldGblpYTXZZMnhwYldGZmFuVjJaVzUwZFdSbC53ZWJwIiwiQ29uZGl0aW9uIjp7IkRhdGVMZXNzVGhhbiI6eyJBV1M6RXBvY2hUaW1lIjoxNzk4NzYxNjAwfX19XX0_&amp;Key-Pair-Id=K2HSFNDJXOU9YS&amp;Signature=L-5A~NpcJrpBkCqSYDBXUXc3iKPB1puUuE~VK471hD2hSVt~L-O3RM7vd49np8GtWKo7SpX4N5Vv2v6UzwXXNlvKhHAO2wsJL6JLXh3yiQ~einqsZfZFNY0bM9zH7bZ1sulzvk42j26eNWzT1GAOaInBri4TcAaP4BVM3JZ7J~k3A-ZHQPxWwfgIVn7z4EjBcwGT~i5fzeSMwSfwwMVfY8Bzud58y5SWCB4PyQyv1LXpKCbft34YVE-YrSM1hp0N~65tAQux7Yh1kjdG9OUezB3WEuZFyfHkGcBlhpJHDVDFkN87otJcSOOtGOdDkjr3GFWH~mvN2Ky~p-ba6U89iw__\" alt=\"Justi\u00e7a Clim\u00e1tica e Juventude\"\/><\/figure>\n\n\n\n<p>Legenda: Youth Climate Justice Fund apoia lideran\u00e7as juvenis no enfrentamento \u00e0 crise clim\u00e1tica.<\/p>\n\n\n\n<p><a href=\"https:\/\/ycjf.org\/how-to-apply\" type=\"link\" id=\"https:\/\/ycjf.org\/how-to-apply\" target=\"_blank\" rel=\"noreferrer noopener\">YCJF<\/a><\/p>\n\n\n\n<p>O recurso \u00e9 flex\u00edvel e pode ser destinado tanto para campanhas e incid\u00eancia pol\u00edtica quanto para o desenvolvimento institucional das organiza\u00e7\u00f5es. O edital busca fortalecer a governan\u00e7a e a capacidade de execu\u00e7\u00e3o de grupos que trabalham com popula\u00e7\u00f5es historicamente marginalizadas. As inscri\u00e7\u00f5es seguem abertas at\u00e9 o dia 1\u00ba de mar\u00e7o, sendo uma das janelas mais estrat\u00e9gicas de 2026 para o financiamento de a\u00e7\u00f5es clim\u00e1ticas lideradas pela juventude no Brasil.<\/p>\n\n\n\n<h4 class=\"wp-block-heading\">O Rigor das Emendas Parlamentares: Como Proteger sua OSC em 2026<\/h4>\n\n\n\n<p>Com o aumento expressivo no volume de recursos transferidos via emendas parlamentares, o debate sobre a seguran\u00e7a jur\u00eddica dos dirigentes de OSCs tornou-se central. Especialistas alertam que falhas administrativas na presta\u00e7\u00e3o de contas est\u00e3o sendo cada vez mais acompanhadas de perto por \u00f3rg\u00e3os de controle, o que exige das institui\u00e7\u00f5es um dom\u00ednio t\u00e9cnico absoluto do MROSC (Lei 13.019\/2014).<\/p>\n\n\n<div class=\"wp-block-image\">\n<figure class=\"aligncenter\"><img decoding=\"async\" src=\"https:\/\/private-us-east-1.manuscdn.com\/sessionFile\/2tPCVIE6nDGrmYk6dUknp9\/sandbox\/tmsbgMWQ4Z18L6B7MY3R1d-images_1771926909294_na1fn_L2hvbWUvdWJ1bnR1L3Byb2plY3RfbmV3cy9pbWFnZXMvZW1lbmRhc19wYXJsYW1lbnRhcmVz.jpg?Policy=eyJTdGF0ZW1lbnQiOlt7IlJlc291cmNlIjoiaHR0cHM6Ly9wcml2YXRlLXVzLWVhc3QtMS5tYW51c2Nkbi5jb20vc2Vzc2lvbkZpbGUvMnRQQ1ZJRTZuREdybVlrNmRVa25wOS9zYW5kYm94L3Rtc2JnTVdRNFoxOEw2QjdNWTNSMWQtaW1hZ2VzXzE3NzE5MjY5MDkyOTRfbmExZm5fTDJodmJXVXZkV0oxYm5SMUwzQnliMnBsWTNSZmJtVjNjeTlwYldGblpYTXZaVzFsYm1SaGMxOXdZWEpzWVcxbGJuUmhjbVZ6LmpwZyIsIkNvbmRpdGlvbiI6eyJEYXRlTGVzc1RoYW4iOnsiQVdTOkVwb2NoVGltZSI6MTc5ODc2MTYwMH19fV19&amp;Key-Pair-Id=K2HSFNDJXOU9YS&amp;Signature=hePNpjYlbaAk~-ehdMa1XPuhfjN16RefXurZaF-sGwQk7TpEDX5kyorPn~s-T6-6hRoghZuys6Ye08tLwBzhg4lLdXHkcFZzRWfOL7eqgI93EWhwFhXuStrUhvnWDQYRNko-SUftCtVL96A-1DmFvXd~tTD2~7kV9j~cAnRaFAY827aK8sGrp8HN9ikWpmKHacDwgsmNlucHqkkSJzOk6QZf3G7saINVbnKWo-nimC4UTZ6Csjaex2-flKL4RHEVvs5mfIercGJKAF1nQHigGicBLkMZtK6MwY9LUs6FBg0c4OzifQHOh-CmB8LtoHQuM8cbjByj4aq3m4vL-7b0ng__\" alt=\"Seguran\u00e7a Jur\u00eddica e Emendas\"\/><figcaption class=\"wp-element-caption\">Transpar\u00eancia e rigor t\u00e9cnico s\u00e3o fundamentais na gest\u00e3o de emendas parlamentares.<\/figcaption><\/figure>\n<\/div>\n\n\n<p><a href=\"https:\/\/www.conjur.com.br\/2026-fev-23\/quando-a-emenda-parlamentar-vira-crime-limites-penais-das-oscs\/\" target=\"_blank\" rel=\"noreferrer noopener\">Consultor Jur\u00eddico<\/a><\/p>\n\n\n\n<p>A recomenda\u00e7\u00e3o para 2026 \u00e9 clara: investir na capacita\u00e7\u00e3o das equipes de gest\u00e3o e contabilidade. A comprova\u00e7\u00e3o de dolo espec\u00edfico \u00e9 necess\u00e1ria para a configura\u00e7\u00e3o de crimes de improbidade, mas a preven\u00e7\u00e3o de erros formais evita processos desgastantes e protege a reputa\u00e7\u00e3o da entidade. A transpar\u00eancia ativa, com a publica\u00e7\u00e3o detalhada de gastos e resultados em sites oficiais, continua sendo a melhor defesa para as organiza\u00e7\u00f5es que buscam atuar como parceiras do Estado na execu\u00e7\u00e3o de pol\u00edticas p\u00fablicas.<\/p>\n\n\n\n<h3 class=\"wp-block-heading\">Resumo T\u00e9cnico para Gestores:<\/h3>\n\n\n\n<figure class=\"wp-block-table\"><table class=\"has-fixed-layout\"><tbody><tr><td>Not\u00edcia<\/td><td>Destaque Principal<\/td><td>Prazo \/ Link<\/td><\/tr><tr><td>Isen\u00e7\u00e3o Receita Federal<\/td><td>Manuten\u00e7\u00e3o de IR\/CSLL\/Cofins<\/td><td><a href=\"https:\/\/www1.folha.uol.com.br\/blogs\/que-imposto-e-esse\/2026\/02\/receita-exclui-associacoes-sem-fins-lucrativos-de-corte-de-beneficio-fiscal.shtml\" rel=\"noreferrer noopener\" target=\"_blank\">IN RFB 2.307\/2026<\/a><\/td><\/tr><tr><td>Youth Climate Fund<\/td><td>At\u00e9 US$ 40 mil para jovens<\/td><td><a href=\"https:\/\/conjunta.org\/recurso-financeiro\/youth-climate-justice-fund-2026-justica-climatica-juventudes\/\" rel=\"noreferrer noopener\" target=\"_blank\">At\u00e9 01\/03<\/a><\/td><\/tr><tr><td>Parliamentary Amendments<\/td><td>Rigor na Presta\u00e7\u00e3o de Contas<\/td><td><a href=\"https:\/\/www.conjur.com.br\/2026-fev-23\/quando-a-emenda-parlamentar-vira-crime-limites-penais-das-oscs\/\" rel=\"noreferrer noopener\" target=\"_blank\">Technical analysis<\/a><\/td><\/tr><\/tbody><\/table><\/figure>\n\n\n\n<div class=\"ingesto-donate-cta\" role=\"region\" aria-label=\"Apoiar o Ingesto\">\n  <p class=\"ingesto-donate-text\">\n    O Ingesto \u00e9 mantido exclusivamente por doa\u00e7\u00f5es volunt\u00e1rias.<br>\n    Se este conte\u00fado foi \u00fatil para voc\u00ea, considere apoiar a manuten\u00e7\u00e3o da plataforma.\n  <\/p>\n\n  <a class=\"ingesto-donate-btn\" href=\"https:\/\/ingesto.org.br\/en\/colabore\/\" data-cta=\"donate-post-footer\">\n    Apoiar o Ingesto\n  <\/a>\n\n<p class=\"ingesto-donate-note\">\n  Leva menos de um minuto.\n<\/p>\n<\/div>","protected":false},"excerpt":{"rendered":"<p>Esta postagem destaca a recente decis\u00e3o da Receita Federal de excluir as associa\u00e7\u00f5es civis sem fins lucrativos da redu\u00e7\u00e3o linear de benef\u00edcios fiscais, garantindo a manuten\u00e7\u00e3o de isen\u00e7\u00f5es cruciais de IR, CSLL e Cofins. Al\u00e9m deste al\u00edvio tribut\u00e1rio, apresentamos o Youth Climate Justice Fund 2026, uma oportunidade internacional de capta\u00e7\u00e3o de at\u00e9 US$ 40 mil para coletivos juvenis, e um alerta sobre o rigor na presta\u00e7\u00e3o de contas de emendas parlamentares. Conte\u00fado essencial para a sustentabilidade financeira e seguran\u00e7a jur\u00eddica das OSCs.<\/p>","protected":false},"author":1,"featured_media":19035,"comment_status":"open","ping_status":"open","sticky":false,"template":"","format":"standard","meta":{"give_campaign_id":0,"_yoast_wpseo_focuskw":"Receita Federal Protege Isen\u00e7\u00f5es do Terceiro Setor em Nova Instru\u00e7\u00e3o Normativa","_yoast_wpseo_title":"","_yoast_wpseo_metadesc":"Receita Federal publica IN 2.307\/2026 protegendo associa\u00e7\u00f5es sem fins lucrativos de cortes fiscais. Confira tamb\u00e9m o Youth Climate Justice Fund 2026.","_joinchat":[],"footnotes":""},"categories":[861,6685,29],"tags":[6677],"class_list":["post-19033","post","type-post","status-publish","format-standard","has-post-thumbnail","hentry","category-legislacao","category-normas","category-noticias","tag-esta-postagem-destaca-a-recente-decisao-da-receita-federal-de-excluir-as-associacoes-civis-sem-fins-lucrativos-da-reducao-linear-de-beneficios-fiscais"],"yoast_head":"<!-- This site is optimized with the Yoast SEO plugin v27.4 - https:\/\/yoast.com\/product\/yoast-seo-wordpress\/ -->\n<title>Receita Federal Protege Isen\u00e7\u00f5es do Terceiro Setor em Nova Instru\u00e7\u00e3o Normativa - Ingesto<\/title>\n<meta name=\"description\" content=\"Receita Federal publica IN 2.307\/2026 protegendo associa\u00e7\u00f5es sem fins lucrativos de cortes fiscais. Confira tamb\u00e9m o Youth Climate Justice Fund 2026.\" \/>\n<meta name=\"robots\" content=\"index, follow, max-snippet:-1, max-image-preview:large, max-video-preview:-1\" \/>\n<link rel=\"canonical\" href=\"https:\/\/ingesto.org.br\/en\/receita-federal-isencao-impostos-terceiro-setor-2026\/\" \/>\n<meta property=\"og:locale\" content=\"en_US\" \/>\n<meta property=\"og:type\" content=\"article\" \/>\n<meta property=\"og:title\" content=\"Receita Federal Protege Isen\u00e7\u00f5es do Terceiro Setor em Nova Instru\u00e7\u00e3o Normativa - Ingesto\" \/>\n<meta property=\"og:description\" content=\"Receita Federal publica IN 2.307\/2026 protegendo associa\u00e7\u00f5es sem fins lucrativos de cortes fiscais. Confira tamb\u00e9m o Youth Climate Justice Fund 2026.\" \/>\n<meta property=\"og:url\" content=\"https:\/\/ingesto.org.br\/en\/receita-federal-isencao-impostos-terceiro-setor-2026\/\" \/>\n<meta property=\"og:site_name\" content=\"Ingesto\" \/>\n<meta property=\"article:publisher\" content=\"https:\/\/www.facebook.com\/institutoingesto\" \/>\n<meta property=\"article:published_time\" content=\"2026-02-24T10:28:23+00:00\" \/>\n<meta property=\"article:modified_time\" content=\"2026-02-26T15:20:09+00:00\" \/>\n<meta property=\"og:image\" content=\"https:\/\/ingesto.org.br\/wp-content\/uploads\/2026\/02\/10966827.png\" \/>\n\t<meta property=\"og:image:width\" content=\"1500\" \/>\n\t<meta property=\"og:image:height\" content=\"1500\" \/>\n\t<meta property=\"og:image:type\" content=\"image\/png\" \/>\n<meta name=\"author\" content=\"Ingesto\" \/>\n<meta name=\"twitter:card\" content=\"summary_large_image\" \/>\n<meta name=\"twitter:creator\" content=\"@Ingestos\" \/>\n<meta name=\"twitter:site\" content=\"@Ingestos\" \/>\n<meta name=\"twitter:label1\" content=\"Written by\" \/>\n\t<meta name=\"twitter:data1\" content=\"Ingesto\" \/>\n\t<meta name=\"twitter:label2\" content=\"Est. reading time\" \/>\n\t<meta name=\"twitter:data2\" content=\"4 minutes\" \/>\n<script type=\"application\/ld+json\" class=\"yoast-schema-graph\">{\"@context\":\"https:\\\/\\\/schema.org\",\"@graph\":[{\"@type\":\"Article\",\"@id\":\"https:\\\/\\\/ingesto.org.br\\\/receita-federal-isencao-impostos-terceiro-setor-2026\\\/#article\",\"isPartOf\":{\"@id\":\"https:\\\/\\\/ingesto.org.br\\\/receita-federal-isencao-impostos-terceiro-setor-2026\\\/\"},\"author\":{\"name\":\"Ingesto\",\"@id\":\"http:\\\/\\\/ingesto.org.br\\\/en\\\/#\\\/schema\\\/person\\\/b6b24d64bb11f377f79f5f35b9c466dc\"},\"headline\":\"Receita Federal Protege Isen\u00e7\u00f5es do Terceiro Setor em Nova Instru\u00e7\u00e3o Normativa\",\"datePublished\":\"2026-02-24T10:28:23+00:00\",\"dateModified\":\"2026-02-26T15:20:09+00:00\",\"mainEntityOfPage\":{\"@id\":\"https:\\\/\\\/ingesto.org.br\\\/receita-federal-isencao-impostos-terceiro-setor-2026\\\/\"},\"wordCount\":656,\"commentCount\":0,\"publisher\":{\"@id\":\"http:\\\/\\\/ingesto.org.br\\\/en\\\/#organization\"},\"image\":{\"@id\":\"https:\\\/\\\/ingesto.org.br\\\/receita-federal-isencao-impostos-terceiro-setor-2026\\\/#primaryimage\"},\"thumbnailUrl\":\"https:\\\/\\\/ingesto.org.br\\\/wp-content\\\/uploads\\\/2026\\\/02\\\/10966827.png\",\"keywords\":[\"Esta postagem destaca a recente decis\u00e3o da Receita Federal de excluir as associa\u00e7\u00f5es civis sem fins lucrativos da redu\u00e7\u00e3o linear de benef\u00edcios fiscais\"],\"articleSection\":[\"Legisla\u00e7\u00e3o\",\"Normas\",\"Not\u00edcias\"],\"inLanguage\":\"en-US\",\"potentialAction\":[{\"@type\":\"CommentAction\",\"name\":\"Comment\",\"target\":[\"https:\\\/\\\/ingesto.org.br\\\/receita-federal-isencao-impostos-terceiro-setor-2026\\\/#respond\"]}]},{\"@type\":\"WebPage\",\"@id\":\"https:\\\/\\\/ingesto.org.br\\\/receita-federal-isencao-impostos-terceiro-setor-2026\\\/\",\"url\":\"https:\\\/\\\/ingesto.org.br\\\/receita-federal-isencao-impostos-terceiro-setor-2026\\\/\",\"name\":\"Receita Federal Protege Isen\u00e7\u00f5es do Terceiro Setor em Nova Instru\u00e7\u00e3o Normativa - Ingesto\",\"isPartOf\":{\"@id\":\"http:\\\/\\\/ingesto.org.br\\\/en\\\/#website\"},\"primaryImageOfPage\":{\"@id\":\"https:\\\/\\\/ingesto.org.br\\\/receita-federal-isencao-impostos-terceiro-setor-2026\\\/#primaryimage\"},\"image\":{\"@id\":\"https:\\\/\\\/ingesto.org.br\\\/receita-federal-isencao-impostos-terceiro-setor-2026\\\/#primaryimage\"},\"thumbnailUrl\":\"https:\\\/\\\/ingesto.org.br\\\/wp-content\\\/uploads\\\/2026\\\/02\\\/10966827.png\",\"datePublished\":\"2026-02-24T10:28:23+00:00\",\"dateModified\":\"2026-02-26T15:20:09+00:00\",\"description\":\"Receita Federal publica IN 2.307\\\/2026 protegendo associa\u00e7\u00f5es sem fins lucrativos de cortes fiscais. Confira tamb\u00e9m o Youth Climate Justice Fund 2026.\",\"breadcrumb\":{\"@id\":\"https:\\\/\\\/ingesto.org.br\\\/receita-federal-isencao-impostos-terceiro-setor-2026\\\/#breadcrumb\"},\"inLanguage\":\"en-US\",\"potentialAction\":[{\"@type\":\"ReadAction\",\"target\":[\"https:\\\/\\\/ingesto.org.br\\\/receita-federal-isencao-impostos-terceiro-setor-2026\\\/\"]}]},{\"@type\":\"ImageObject\",\"inLanguage\":\"en-US\",\"@id\":\"https:\\\/\\\/ingesto.org.br\\\/receita-federal-isencao-impostos-terceiro-setor-2026\\\/#primaryimage\",\"url\":\"https:\\\/\\\/ingesto.org.br\\\/wp-content\\\/uploads\\\/2026\\\/02\\\/10966827.png\",\"contentUrl\":\"https:\\\/\\\/ingesto.org.br\\\/wp-content\\\/uploads\\\/2026\\\/02\\\/10966827.png\",\"width\":1500,\"height\":1500},{\"@type\":\"BreadcrumbList\",\"@id\":\"https:\\\/\\\/ingesto.org.br\\\/receita-federal-isencao-impostos-terceiro-setor-2026\\\/#breadcrumb\",\"itemListElement\":[{\"@type\":\"ListItem\",\"position\":1,\"name\":\"In\u00edcio\",\"item\":\"https:\\\/\\\/ingesto.org.br\\\/\"},{\"@type\":\"ListItem\",\"position\":2,\"name\":\"Receita Federal Protege Isen\u00e7\u00f5es do Terceiro Setor em Nova Instru\u00e7\u00e3o Normativa\"}]},{\"@type\":\"WebSite\",\"@id\":\"http:\\\/\\\/ingesto.org.br\\\/en\\\/#website\",\"url\":\"http:\\\/\\\/ingesto.org.br\\\/en\\\/\",\"name\":\"Instituto\",\"description\":\"Instituto para Gest\u00e3o do Terceiro Setor\",\"publisher\":{\"@id\":\"http:\\\/\\\/ingesto.org.br\\\/en\\\/#organization\"},\"alternateName\":\"Ingesto\",\"potentialAction\":[{\"@type\":\"SearchAction\",\"target\":{\"@type\":\"EntryPoint\",\"urlTemplate\":\"http:\\\/\\\/ingesto.org.br\\\/en\\\/?s={search_term_string}\"},\"query-input\":{\"@type\":\"PropertyValueSpecification\",\"valueRequired\":true,\"valueName\":\"search_term_string\"}}],\"inLanguage\":\"en-US\"},{\"@type\":\"Organization\",\"@id\":\"http:\\\/\\\/ingesto.org.br\\\/en\\\/#organization\",\"name\":\"Ingesto\",\"url\":\"http:\\\/\\\/ingesto.org.br\\\/en\\\/\",\"logo\":{\"@type\":\"ImageObject\",\"inLanguage\":\"en-US\",\"@id\":\"http:\\\/\\\/ingesto.org.br\\\/en\\\/#\\\/schema\\\/logo\\\/image\\\/\",\"url\":\"https:\\\/\\\/ingesto.org.br\\\/wp-content\\\/uploads\\\/2020\\\/11\\\/cropped-cropped-icone.png\",\"contentUrl\":\"https:\\\/\\\/ingesto.org.br\\\/wp-content\\\/uploads\\\/2020\\\/11\\\/cropped-cropped-icone.png\",\"width\":512,\"height\":512,\"caption\":\"Ingesto\"},\"image\":{\"@id\":\"http:\\\/\\\/ingesto.org.br\\\/en\\\/#\\\/schema\\\/logo\\\/image\\\/\"},\"sameAs\":[\"https:\\\/\\\/www.facebook.com\\\/institutoingesto\",\"https:\\\/\\\/x.com\\\/Ingestos\",\"https:\\\/\\\/www.instagram.com\\\/institutoingesto\\\/\",\"https:\\\/\\\/www.youtube.com\\\/@institutoingesto\",\"https:\\\/\\\/www.linkedin.com\\\/in\\\/instituto-ingesto\"]},{\"@type\":\"Person\",\"@id\":\"http:\\\/\\\/ingesto.org.br\\\/en\\\/#\\\/schema\\\/person\\\/b6b24d64bb11f377f79f5f35b9c466dc\",\"name\":\"Ingesto\",\"image\":{\"@type\":\"ImageObject\",\"inLanguage\":\"en-US\",\"@id\":\"https:\\\/\\\/ingesto.org.br\\\/wp-content\\\/litespeed\\\/avatar\\\/4d7201aed9dddada281d8ce59ea56991.jpg?ver=1776950236\",\"url\":\"https:\\\/\\\/ingesto.org.br\\\/wp-content\\\/litespeed\\\/avatar\\\/4d7201aed9dddada281d8ce59ea56991.jpg?ver=1776950236\",\"contentUrl\":\"https:\\\/\\\/ingesto.org.br\\\/wp-content\\\/litespeed\\\/avatar\\\/4d7201aed9dddada281d8ce59ea56991.jpg?ver=1776950236\",\"caption\":\"Ingesto\"},\"sameAs\":[\"http:\\\/\\\/ingesto.org.br\"],\"url\":\"https:\\\/\\\/ingesto.org.br\\\/en\\\/author\\\/instituto-ingesto\\\/\"}]}<\/script>\n<!-- \/ Yoast SEO plugin. -->","yoast_head_json":{"title":"Receita Federal Protege Isen\u00e7\u00f5es do Terceiro Setor em Nova Instru\u00e7\u00e3o Normativa - Ingesto","description":"Receita Federal publica IN 2.307\/2026 protegendo associa\u00e7\u00f5es sem fins lucrativos de cortes fiscais. Confira tamb\u00e9m o Youth Climate Justice Fund 2026.","robots":{"index":"index","follow":"follow","max-snippet":"max-snippet:-1","max-image-preview":"max-image-preview:large","max-video-preview":"max-video-preview:-1"},"canonical":"https:\/\/ingesto.org.br\/en\/receita-federal-isencao-impostos-terceiro-setor-2026\/","og_locale":"en_US","og_type":"article","og_title":"Receita Federal Protege Isen\u00e7\u00f5es do Terceiro Setor em Nova Instru\u00e7\u00e3o Normativa - Ingesto","og_description":"Receita Federal publica IN 2.307\/2026 protegendo associa\u00e7\u00f5es sem fins lucrativos de cortes fiscais. Confira tamb\u00e9m o Youth Climate Justice Fund 2026.","og_url":"https:\/\/ingesto.org.br\/en\/receita-federal-isencao-impostos-terceiro-setor-2026\/","og_site_name":"Ingesto","article_publisher":"https:\/\/www.facebook.com\/institutoingesto","article_published_time":"2026-02-24T10:28:23+00:00","article_modified_time":"2026-02-26T15:20:09+00:00","og_image":[{"width":1500,"height":1500,"url":"https:\/\/ingesto.org.br\/wp-content\/uploads\/2026\/02\/10966827.png","type":"image\/png"}],"author":"Ingesto","twitter_card":"summary_large_image","twitter_creator":"@Ingestos","twitter_site":"@Ingestos","twitter_misc":{"Written by":"Ingesto","Est. reading time":"4 minutes"},"schema":{"@context":"https:\/\/schema.org","@graph":[{"@type":"Article","@id":"https:\/\/ingesto.org.br\/receita-federal-isencao-impostos-terceiro-setor-2026\/#article","isPartOf":{"@id":"https:\/\/ingesto.org.br\/receita-federal-isencao-impostos-terceiro-setor-2026\/"},"author":{"name":"Ingesto","@id":"http:\/\/ingesto.org.br\/en\/#\/schema\/person\/b6b24d64bb11f377f79f5f35b9c466dc"},"headline":"Receita Federal Protege Isen\u00e7\u00f5es do Terceiro Setor em Nova Instru\u00e7\u00e3o Normativa","datePublished":"2026-02-24T10:28:23+00:00","dateModified":"2026-02-26T15:20:09+00:00","mainEntityOfPage":{"@id":"https:\/\/ingesto.org.br\/receita-federal-isencao-impostos-terceiro-setor-2026\/"},"wordCount":656,"commentCount":0,"publisher":{"@id":"http:\/\/ingesto.org.br\/en\/#organization"},"image":{"@id":"https:\/\/ingesto.org.br\/receita-federal-isencao-impostos-terceiro-setor-2026\/#primaryimage"},"thumbnailUrl":"https:\/\/ingesto.org.br\/wp-content\/uploads\/2026\/02\/10966827.png","keywords":["Esta postagem destaca a recente decis\u00e3o da Receita Federal de excluir as associa\u00e7\u00f5es civis sem fins lucrativos da redu\u00e7\u00e3o linear de benef\u00edcios fiscais"],"articleSection":["Legisla\u00e7\u00e3o","Normas","Not\u00edcias"],"inLanguage":"en-US","potentialAction":[{"@type":"CommentAction","name":"Comment","target":["https:\/\/ingesto.org.br\/receita-federal-isencao-impostos-terceiro-setor-2026\/#respond"]}]},{"@type":"WebPage","@id":"https:\/\/ingesto.org.br\/receita-federal-isencao-impostos-terceiro-setor-2026\/","url":"https:\/\/ingesto.org.br\/receita-federal-isencao-impostos-terceiro-setor-2026\/","name":"Receita Federal Protege Isen\u00e7\u00f5es do Terceiro Setor em Nova Instru\u00e7\u00e3o Normativa - Ingesto","isPartOf":{"@id":"http:\/\/ingesto.org.br\/en\/#website"},"primaryImageOfPage":{"@id":"https:\/\/ingesto.org.br\/receita-federal-isencao-impostos-terceiro-setor-2026\/#primaryimage"},"image":{"@id":"https:\/\/ingesto.org.br\/receita-federal-isencao-impostos-terceiro-setor-2026\/#primaryimage"},"thumbnailUrl":"https:\/\/ingesto.org.br\/wp-content\/uploads\/2026\/02\/10966827.png","datePublished":"2026-02-24T10:28:23+00:00","dateModified":"2026-02-26T15:20:09+00:00","description":"Receita Federal publica IN 2.307\/2026 protegendo associa\u00e7\u00f5es sem fins lucrativos de cortes fiscais. Confira tamb\u00e9m o Youth Climate Justice Fund 2026.","breadcrumb":{"@id":"https:\/\/ingesto.org.br\/receita-federal-isencao-impostos-terceiro-setor-2026\/#breadcrumb"},"inLanguage":"en-US","potentialAction":[{"@type":"ReadAction","target":["https:\/\/ingesto.org.br\/receita-federal-isencao-impostos-terceiro-setor-2026\/"]}]},{"@type":"ImageObject","inLanguage":"en-US","@id":"https:\/\/ingesto.org.br\/receita-federal-isencao-impostos-terceiro-setor-2026\/#primaryimage","url":"https:\/\/ingesto.org.br\/wp-content\/uploads\/2026\/02\/10966827.png","contentUrl":"https:\/\/ingesto.org.br\/wp-content\/uploads\/2026\/02\/10966827.png","width":1500,"height":1500},{"@type":"BreadcrumbList","@id":"https:\/\/ingesto.org.br\/receita-federal-isencao-impostos-terceiro-setor-2026\/#breadcrumb","itemListElement":[{"@type":"ListItem","position":1,"name":"In\u00edcio","item":"https:\/\/ingesto.org.br\/"},{"@type":"ListItem","position":2,"name":"Receita Federal Protege Isen\u00e7\u00f5es do Terceiro Setor em Nova Instru\u00e7\u00e3o Normativa"}]},{"@type":"WebSite","@id":"http:\/\/ingesto.org.br\/en\/#website","url":"http:\/\/ingesto.org.br\/en\/","name":"Institute","description":"Institute for Third Sector Management","publisher":{"@id":"http:\/\/ingesto.org.br\/en\/#organization"},"alternateName":"Ingesto","potentialAction":[{"@type":"SearchAction","target":{"@type":"EntryPoint","urlTemplate":"http:\/\/ingesto.org.br\/en\/?s={search_term_string}"},"query-input":{"@type":"PropertyValueSpecification","valueRequired":true,"valueName":"search_term_string"}}],"inLanguage":"en-US"},{"@type":"Organization","@id":"http:\/\/ingesto.org.br\/en\/#organization","name":"Ingesto","url":"http:\/\/ingesto.org.br\/en\/","logo":{"@type":"ImageObject","inLanguage":"en-US","@id":"http:\/\/ingesto.org.br\/en\/#\/schema\/logo\/image\/","url":"https:\/\/ingesto.org.br\/wp-content\/uploads\/2020\/11\/cropped-cropped-icone.png","contentUrl":"https:\/\/ingesto.org.br\/wp-content\/uploads\/2020\/11\/cropped-cropped-icone.png","width":512,"height":512,"caption":"Ingesto"},"image":{"@id":"http:\/\/ingesto.org.br\/en\/#\/schema\/logo\/image\/"},"sameAs":["https:\/\/www.facebook.com\/institutoingesto","https:\/\/x.com\/Ingestos","https:\/\/www.instagram.com\/institutoingesto\/","https:\/\/www.youtube.com\/@institutoingesto","https:\/\/www.linkedin.com\/in\/instituto-ingesto"]},{"@type":"Person","@id":"http:\/\/ingesto.org.br\/en\/#\/schema\/person\/b6b24d64bb11f377f79f5f35b9c466dc","name":"Ingesto","image":{"@type":"ImageObject","inLanguage":"en-US","@id":"https:\/\/ingesto.org.br\/wp-content\/litespeed\/avatar\/4d7201aed9dddada281d8ce59ea56991.jpg?ver=1776950236","url":"https:\/\/ingesto.org.br\/wp-content\/litespeed\/avatar\/4d7201aed9dddada281d8ce59ea56991.jpg?ver=1776950236","contentUrl":"https:\/\/ingesto.org.br\/wp-content\/litespeed\/avatar\/4d7201aed9dddada281d8ce59ea56991.jpg?ver=1776950236","caption":"Ingesto"},"sameAs":["http:\/\/ingesto.org.br"],"url":"https:\/\/ingesto.org.br\/en\/author\/instituto-ingesto\/"}]}},"jetpack_featured_media_url":"https:\/\/ingesto.org.br\/wp-content\/uploads\/2026\/02\/10966827.png","jetpack_shortlink":"https:\/\/wp.me\/peji5g-4WZ","acf":[],"_links":{"self":[{"href":"https:\/\/ingesto.org.br\/en\/wp-json\/wp\/v2\/posts\/19033","targetHints":{"allow":["GET"]}}],"collection":[{"href":"https:\/\/ingesto.org.br\/en\/wp-json\/wp\/v2\/posts"}],"about":[{"href":"https:\/\/ingesto.org.br\/en\/wp-json\/wp\/v2\/types\/post"}],"author":[{"embeddable":true,"href":"https:\/\/ingesto.org.br\/en\/wp-json\/wp\/v2\/users\/1"}],"replies":[{"embeddable":true,"href":"https:\/\/ingesto.org.br\/en\/wp-json\/wp\/v2\/comments?post=19033"}],"version-history":[{"count":2,"href":"https:\/\/ingesto.org.br\/en\/wp-json\/wp\/v2\/posts\/19033\/revisions"}],"predecessor-version":[{"id":19048,"href":"https:\/\/ingesto.org.br\/en\/wp-json\/wp\/v2\/posts\/19033\/revisions\/19048"}],"wp:featuredmedia":[{"embeddable":true,"href":"https:\/\/ingesto.org.br\/en\/wp-json\/wp\/v2\/media\/19035"}],"wp:attachment":[{"href":"https:\/\/ingesto.org.br\/en\/wp-json\/wp\/v2\/media?parent=19033"}],"wp:term":[{"taxonomy":"category","embeddable":true,"href":"https:\/\/ingesto.org.br\/en\/wp-json\/wp\/v2\/categories?post=19033"},{"taxonomy":"post_tag","embeddable":true,"href":"https:\/\/ingesto.org.br\/en\/wp-json\/wp\/v2\/tags?post=19033"}],"curies":[{"name":"wp","href":"https:\/\/api.w.org\/{rel}","templated":true}]}}