{"id":19027,"date":"2026-02-23T08:43:30","date_gmt":"2026-02-23T11:43:30","guid":{"rendered":"https:\/\/ingesto.org.br\/?p=19027"},"modified":"2026-02-23T08:43:37","modified_gmt":"2026-02-23T11:43:37","slug":"cronograma-do-periodo-de-indicacoes-de-emendas-parlamentares-junto-ao-sistema-do-mdsa","status":"publish","type":"post","link":"https:\/\/ingesto.org.br\/en\/cronograma-do-periodo-de-indicacoes-de-emendas-parlamentares-junto-ao-sistema-do-mdsa\/","title":{"rendered":"Cronograma do Per\u00edodo de Indica\u00e7\u00f5es de Emendas Parlamentares junto ao Sistema do MDSA!"},"content":{"rendered":"<div class=\"wp-block-image\">\n<figure class=\"aligncenter size-large\"><img fetchpriority=\"high\" decoding=\"async\" width=\"1024\" height=\"514\" src=\"https:\/\/ingesto.org.br\/wp-content\/uploads\/2026\/02\/indicacoes-Emendas-MDSA-1024x514.webp\" alt=\"\" class=\"wp-image-19028\" srcset=\"https:\/\/ingesto.org.br\/wp-content\/uploads\/2026\/02\/indicacoes-Emendas-MDSA-1024x514.webp 1024w, https:\/\/ingesto.org.br\/wp-content\/uploads\/2026\/02\/indicacoes-Emendas-MDSA-300x151.webp 300w, https:\/\/ingesto.org.br\/wp-content\/uploads\/2026\/02\/indicacoes-Emendas-MDSA-768x386.webp 768w, https:\/\/ingesto.org.br\/wp-content\/uploads\/2026\/02\/indicacoes-Emendas-MDSA-18x9.webp 18w, https:\/\/ingesto.org.br\/wp-content\/uploads\/2026\/02\/indicacoes-Emendas-MDSA.webp 1055w\" sizes=\"(max-width: 1024px) 100vw, 1024px\" \/><\/figure>\n<\/div>\n\n\n<p>Pessoal, saiu o cronograma de indica\u00e7\u00f5es de Emendas Impositiva junto ao Minist\u00e9rio do Desenvolvimento Social e Combate \u00e0 Fome &#8211; MDSA. \u00c9 importante est\u00e1 atento aos prazos, datas e procedimentos necess\u00e1rios para apresenta\u00e7\u00e3o dos projetos. Esse cronograma atende ao parlametares e seus t\u00e9cnicos or\u00e7ament\u00e1rios que far\u00e3o as indica\u00e7\u00f5es do benefici\u00e1rios no sistema, bem como atende aos gestores, conselheiros e organiza\u00e7\u00f5es sem fins lucrativos que possuem CNEAS junto ao Minist\u00e9rio.<br><br>\u00c9 fundamental tamb\u00e9m que as organiza\u00e7\u00f5es estejam cientes que o cadasttro no CNEAS precisa estar atualizado e que os recursos p\u00fablicos federias que atendem especificamente a A\u00e7\u00e3o 219G, s\u00f3 podem ser indicados para organiza\u00e7\u00f5es que ofertem servi\u00e7os para \u00e1rea de assist\u00eancia social.<\/p>\n\n\n\n<p>Foi disponibilizado hoje, pelo Fundo Nacional de Assist\u00eancia Social (FNAS), no sistema EstruturaSUAS, a consulta aos entes federados contemplados em 2026 com emendas parlamentares impositivas (RP6).<\/p>\n\n\n\n<p>Estas emendas s\u00e3o destinadas \u00e0 Estrutura\u00e7\u00e3o da Rede de Servi\u00e7os e ao Fortalecimento da Gest\u00e3o do Sistema \u00danico de Assist\u00eancia Social (SUAS), na A\u00e7\u00e3o 219G, modalidade fundo a fundo.<\/p>\n\n\n\n<p>A consulta tamb\u00e9m poder\u00e1 ser feita atrav\u00e9s da planilha disponibilizada no link abaixo:<\/p>\n\n\n\n<p><a href=\"https:\/\/fnas.mds.gov.br\/wp-content\/uploads\/2026\/02\/ENTES_2026_219G-1.xlsx\">Lista de Entes e\u00a0<\/a><a href=\"https:\/\/fnas.mds.gov.br\/wp-content\/uploads\/2026\/02\/ENTES_2026_219G.pdf\">Parlamentares\u00a0<\/a><a href=\"https:\/\/fnas.mds.gov.br\/wp-content\/uploads\/2026\/02\/ENTES_2026_219G-1.xlsx\">Contemplados<\/a><br><a href=\"https:\/\/ingesto.org.br\/wp-content\/uploads\/2026\/02\/ENTES_2026_219G-1.pdf\" type=\"link\" id=\"https:\/\/ingesto.org.br\/wp-content\/uploads\/2026\/02\/ENTES_2026_219G-1.pdf\">Lista de Indica\u00e7\u00f5es arquivo em PDF<\/a><\/p>\n\n\n\n<p>\u00c9 importante observar o cronograma. Cada etapa prev\u00ea um per\u00edodo a ser cumprido e um respons\u00e1vel para preench\u00ea-lo.<\/p>\n\n\n\n<p>Lembrando que as etapas seguem as orienta\u00e7\u00f5es da Portaria<strong>&nbsp;<\/strong>MDS n\u00ba 1.044, de 24 de dezembro de 2024.<\/p>\n\n\n\n<p>Neste primeiro momento, at\u00e9 06 de mar\u00e7o, conforme o cronograma, apenas os parlamentares far\u00e3o as indica\u00e7\u00f5es e\/ou delega\u00e7\u00e3o das Unidades Benefici\u00e1rias pelos parlamentares no EstruturaSUAS.<\/p>\n\n\n\n<p>Posteriormente, os entes federados, gest\u00e3o e conselho, dever\u00e3o realizar o cadastro e envio das programa\u00e7\u00f5es no EstruturaSUAS, devendo observar os prazos determinados no cronograma.<\/p>\n\n\n\n<h4 class=\"wp-block-heading\">Cronograma de etapas (EstruturaSUAS)<\/h4>\n\n\n\n<figure class=\"wp-block-table\"><table class=\"has-fixed-layout\"><tbody><tr><td><strong>&nbsp;<\/strong>&nbsp;<strong>A\u00c7\u00c3O<\/strong>&nbsp;<\/td><td><strong>&nbsp;<\/strong>&nbsp;<strong>RESPONS\u00c1VEL<\/strong><\/td><td><strong>&nbsp;<\/strong>&nbsp;<strong>PRAZOS<\/strong>&nbsp;<\/td><\/tr><tr><td>Abertura do EstruturaSUAS<\/td><td>FNAS<\/td><td><strong>a partir de 20\/02<\/strong><strong><\/strong><\/td><\/tr><tr><td>Indica\u00e7\u00e3o de benefici\u00e1rios finais ou delega\u00e7\u00e3o da indica\u00e7\u00e3o no EstruturaSUAS<\/td><td>Parlamentares<\/td><td><strong>at\u00e9 06\/03<\/strong><strong><\/strong><\/td><\/tr><tr><td>Cadastro e envio das programa\u00e7\u00f5es para an\u00e1lise<\/td><td>Gestores e Conselhos da Assist\u00eancia Social<\/td><td><strong>at\u00e9 15\/03<\/strong><strong><\/strong><\/td><\/tr><tr><td>An\u00e1lise das programa\u00e7\u00f5es<\/td><td>FNAS<\/td><td><strong>a partir de 20\/02<br><br><\/strong><strong><\/strong><\/td><\/tr><tr><td>Complementa\u00e7\u00e3o das programa\u00e7\u00f5es<\/td><td>Gestores e (ou) Conselhos da Assist\u00eancia Social<\/td><td><strong>at\u00e9 08\/05<\/strong><strong><\/strong><\/td><\/tr><tr><td>Conclus\u00e3o das programa\u00e7\u00f5es<\/td><td>FNAS<\/td><td><strong>at\u00e9 15\/05<\/strong><strong><\/strong><\/td><\/tr><tr><td>Registro de impedimento t\u00e9cnico no SIOP<\/td><td>FNAS<\/td><td><strong>de 18\/05 at\u00e9 20\/05<\/strong><strong><\/strong><\/td><\/tr><\/tbody><\/table><\/figure>\n\n\n\n<h4 class=\"wp-block-heading\">Consulte aqui o passo a passo para o cadastro das Programa\u00e7\u00f5es no EstruturaSUAS:<\/h4>\n\n\n\n<p>\u00d8&nbsp;&nbsp;&nbsp;&nbsp;<strong>GUIA PR\u00c1TICO \u2013&nbsp;<\/strong><a href=\"https:\/\/fnas.mds.gov.br\/wp-content\/uploads\/2025\/05\/GUIA-PRATICO-ESTRUTURASUAS_GESTOR.docx-1.pdf\" target=\"_blank\" rel=\"noreferrer noopener\"><strong>M\u00d3DULO PARLAMETAR<\/strong><\/a><\/p>\n\n\n\n<p>\u00d8&nbsp;&nbsp;&nbsp;&nbsp;<strong>GUIA PR\u00c1TICO \u2013&nbsp;<\/strong><a href=\"https:\/\/fnas.mds.gov.br\/wp-content\/uploads\/2025\/05\/GUIA-PRATICO-ESTRUTURASUAS_GESTOR.docx-1.pdf\" target=\"_blank\" rel=\"noreferrer noopener\"><strong>M\u00d3DULO GESTOR<\/strong><\/a><\/p>\n\n\n\n<p>\u00d8&nbsp;&nbsp;&nbsp;&nbsp;<strong>GUIA PR\u00c1TICO \u2013&nbsp;<\/strong><a href=\"https:\/\/fnas.mds.gov.br\/wp-content\/uploads\/2025\/06\/GUIA-PRATICO-ESTRUTURASUAS_CONSELHO_FINAL.pdf\" target=\"_blank\" rel=\"noreferrer noopener\"><strong>M\u00d3DULO CONSELHO<\/strong><\/a><\/p>\n\n\n\n<h6 class=\"wp-block-heading\">Em caso de d\u00favidas, entre em contato com o FNAS pelos seguintes canais de comunica\u00e7\u00e3o:<\/h6>\n\n\n\n<p>Telefones: (61) 2030 \u2013 1766 \/ 1777 \/ 1817 \/ 1891 \/ 3024 \/ 3080 \/ 3723 \/ 3773 \/ 3792<\/p>\n\n\n\n<p>Email:&nbsp;<a href=\"https:\/\/fnas.mds.gov.br\/entes-federados-com-pendencias-nas-programacoes-das-emendas-individuais-de-2024\/fnas.convenios@mds.gov.br\" target=\"_blank\" rel=\"noreferrer noopener\">fnas.convenios@mds.gov.br<\/a>.<\/p>\n\n\n\n<div class=\"ingesto-donate-cta\" role=\"region\" aria-label=\"Apoiar o Ingesto\">\n  <p class=\"ingesto-donate-text\">\n    O Ingesto \u00e9 mantido exclusivamente por doa\u00e7\u00f5es volunt\u00e1rias.<br>\n    Se este conte\u00fado foi \u00fatil para voc\u00ea, considere apoiar a manuten\u00e7\u00e3o da plataforma.\n  <\/p>\n\n  <a class=\"ingesto-donate-btn\" href=\"https:\/\/ingesto.org.br\/en\/colabore\/\" data-cta=\"donate-post-footer\">\n    Apoiar o Ingesto\n  <\/a>\n\n<p class=\"ingesto-donate-note\">\n  Leva menos de um minuto.\n<\/p>\n<\/div>","protected":false},"excerpt":{"rendered":"<p>Pessoal, saiu o cronograma de indica\u00e7\u00f5es de Emendas Impositiva junto ao Minist\u00e9rio do Desenvolvimento Social e Combate \u00e0 Fome &#8211; MDSA. \u00c9 importante est\u00e1 atento aos prazos, datas e procedimentos necess\u00e1rios para apresenta\u00e7\u00e3o dos projetos. Esse cronograma atende ao parlametares e seus t\u00e9cnicos or\u00e7ament\u00e1rios que far\u00e3o as indica\u00e7\u00f5es do benefici\u00e1rios no sistema, bem como atende aos gestores, conselheiros e organiza\u00e7\u00f5es sem fins lucrativos que possuem CNEAS junto ao Minist\u00e9rio.<\/p>\n<p>\u00c9 fundamental tamb\u00e9m que as organiza\u00e7\u00f5es estejam cientes que o cadasttro no CNEAS precisa estar atualizado e que os recursos p\u00fablicos federias que atendem especificamente a A\u00e7\u00e3o 219G, s\u00f3 podem ser indicados para organiza\u00e7\u00f5es que ofertem servi\u00e7os para \u00e1rea de assist\u00eancia social.<\/p>","protected":false},"author":1,"featured_media":19029,"comment_status":"open","ping_status":"open","sticky":false,"template":"","format":"standard","meta":{"give_campaign_id":0,"_yoast_wpseo_focuskw":"Cronograma do Per\u00edodo de Indica\u00e7\u00f5es de Emendas Parlamentares junto ao Sistema do MDSA!","_yoast_wpseo_title":"","_yoast_wpseo_metadesc":"Cronograma do Per\u00edodo de Indica\u00e7\u00f5es de Emendas Parlamentares junto ao Sistema do MDSA!","_joinchat":[],"footnotes":""},"categories":[861,6676],"tags":[6672,6675,6674],"class_list":["post-19027","post","type-post","status-publish","format-standard","has-post-thumbnail","hentry","category-legislacao","category-mdsa","tag-mdsa","tag-ogu2026","tag-prazos"],"yoast_head":"<!-- This site is optimized with the Yoast SEO plugin v27.5 - https:\/\/yoast.com\/product\/yoast-seo-wordpress\/ -->\n<title>Cronograma do Per\u00edodo de Indica\u00e7\u00f5es de Emendas Parlamentares junto ao Sistema do MDSA! - Ingesto<\/title>\n<meta name=\"description\" content=\"Cronograma do Per\u00edodo de Indica\u00e7\u00f5es de Emendas Parlamentares junto ao Sistema do MDSA!\" \/>\n<meta name=\"robots\" content=\"index, follow, max-snippet:-1, max-image-preview:large, max-video-preview:-1\" \/>\n<link rel=\"canonical\" href=\"https:\/\/ingesto.org.br\/en\/cronograma-do-periodo-de-indicacoes-de-emendas-parlamentares-junto-ao-sistema-do-mdsa\/\" \/>\n<meta property=\"og:locale\" content=\"en_US\" \/>\n<meta property=\"og:type\" content=\"article\" \/>\n<meta property=\"og:title\" content=\"Cronograma do Per\u00edodo de Indica\u00e7\u00f5es de Emendas Parlamentares junto ao Sistema do MDSA! - Ingesto\" \/>\n<meta property=\"og:description\" content=\"Cronograma do Per\u00edodo de Indica\u00e7\u00f5es de Emendas Parlamentares junto ao Sistema do MDSA!\" \/>\n<meta property=\"og:url\" content=\"https:\/\/ingesto.org.br\/en\/cronograma-do-periodo-de-indicacoes-de-emendas-parlamentares-junto-ao-sistema-do-mdsa\/\" \/>\n<meta property=\"og:site_name\" content=\"Ingesto\" \/>\n<meta property=\"article:publisher\" content=\"https:\/\/www.facebook.com\/institutoingesto\" \/>\n<meta property=\"article:published_time\" content=\"2026-02-23T11:43:30+00:00\" \/>\n<meta property=\"article:modified_time\" content=\"2026-02-23T11:43:37+00:00\" \/>\n<meta property=\"og:image\" content=\"https:\/\/ingesto.org.br\/wp-content\/uploads\/2026\/02\/indicacoes-Emendas-MDSA-1.webp\" \/>\n\t<meta property=\"og:image:width\" content=\"1055\" \/>\n\t<meta property=\"og:image:height\" content=\"530\" \/>\n\t<meta property=\"og:image:type\" content=\"image\/webp\" \/>\n<meta name=\"author\" content=\"Ingesto\" \/>\n<meta name=\"twitter:card\" content=\"summary_large_image\" \/>\n<meta name=\"twitter:creator\" content=\"@Ingestos\" \/>\n<meta name=\"twitter:site\" content=\"@Ingestos\" \/>\n<meta name=\"twitter:label1\" content=\"Written by\" \/>\n\t<meta name=\"twitter:data1\" content=\"Ingesto\" \/>\n\t<meta name=\"twitter:label2\" content=\"Est. reading time\" \/>\n\t<meta name=\"twitter:data2\" content=\"3 minutes\" \/>\n<script type=\"application\/ld+json\" class=\"yoast-schema-graph\">{\"@context\":\"https:\\\/\\\/schema.org\",\"@graph\":[{\"@type\":\"Article\",\"@id\":\"https:\\\/\\\/ingesto.org.br\\\/cronograma-do-periodo-de-indicacoes-de-emendas-parlamentares-junto-ao-sistema-do-mdsa\\\/#article\",\"isPartOf\":{\"@id\":\"https:\\\/\\\/ingesto.org.br\\\/cronograma-do-periodo-de-indicacoes-de-emendas-parlamentares-junto-ao-sistema-do-mdsa\\\/\"},\"author\":{\"name\":\"Ingesto\",\"@id\":\"http:\\\/\\\/ingesto.org.br\\\/en\\\/#\\\/schema\\\/person\\\/b6b24d64bb11f377f79f5f35b9c466dc\"},\"headline\":\"Cronograma do Per\u00edodo de Indica\u00e7\u00f5es de Emendas Parlamentares junto ao Sistema do MDSA!\",\"datePublished\":\"2026-02-23T11:43:30+00:00\",\"dateModified\":\"2026-02-23T11:43:37+00:00\",\"mainEntityOfPage\":{\"@id\":\"https:\\\/\\\/ingesto.org.br\\\/cronograma-do-periodo-de-indicacoes-de-emendas-parlamentares-junto-ao-sistema-do-mdsa\\\/\"},\"wordCount\":525,\"commentCount\":0,\"publisher\":{\"@id\":\"http:\\\/\\\/ingesto.org.br\\\/en\\\/#organization\"},\"image\":{\"@id\":\"https:\\\/\\\/ingesto.org.br\\\/cronograma-do-periodo-de-indicacoes-de-emendas-parlamentares-junto-ao-sistema-do-mdsa\\\/#primaryimage\"},\"thumbnailUrl\":\"https:\\\/\\\/ingesto.org.br\\\/wp-content\\\/uploads\\\/2026\\\/02\\\/indicacoes-Emendas-MDSA-1.webp\",\"keywords\":[\"MDSA\",\"OGU2026\",\"prazos\"],\"articleSection\":[\"Legisla\u00e7\u00e3o\",\"MDSA\"],\"inLanguage\":\"en-US\",\"potentialAction\":[{\"@type\":\"CommentAction\",\"name\":\"Comment\",\"target\":[\"https:\\\/\\\/ingesto.org.br\\\/cronograma-do-periodo-de-indicacoes-de-emendas-parlamentares-junto-ao-sistema-do-mdsa\\\/#respond\"]}]},{\"@type\":\"WebPage\",\"@id\":\"https:\\\/\\\/ingesto.org.br\\\/cronograma-do-periodo-de-indicacoes-de-emendas-parlamentares-junto-ao-sistema-do-mdsa\\\/\",\"url\":\"https:\\\/\\\/ingesto.org.br\\\/cronograma-do-periodo-de-indicacoes-de-emendas-parlamentares-junto-ao-sistema-do-mdsa\\\/\",\"name\":\"Cronograma do Per\u00edodo de Indica\u00e7\u00f5es de Emendas Parlamentares junto ao Sistema do MDSA! - Ingesto\",\"isPartOf\":{\"@id\":\"http:\\\/\\\/ingesto.org.br\\\/en\\\/#website\"},\"primaryImageOfPage\":{\"@id\":\"https:\\\/\\\/ingesto.org.br\\\/cronograma-do-periodo-de-indicacoes-de-emendas-parlamentares-junto-ao-sistema-do-mdsa\\\/#primaryimage\"},\"image\":{\"@id\":\"https:\\\/\\\/ingesto.org.br\\\/cronograma-do-periodo-de-indicacoes-de-emendas-parlamentares-junto-ao-sistema-do-mdsa\\\/#primaryimage\"},\"thumbnailUrl\":\"https:\\\/\\\/ingesto.org.br\\\/wp-content\\\/uploads\\\/2026\\\/02\\\/indicacoes-Emendas-MDSA-1.webp\",\"datePublished\":\"2026-02-23T11:43:30+00:00\",\"dateModified\":\"2026-02-23T11:43:37+00:00\",\"description\":\"Cronograma do Per\u00edodo de Indica\u00e7\u00f5es de Emendas Parlamentares junto ao Sistema do MDSA!\",\"breadcrumb\":{\"@id\":\"https:\\\/\\\/ingesto.org.br\\\/cronograma-do-periodo-de-indicacoes-de-emendas-parlamentares-junto-ao-sistema-do-mdsa\\\/#breadcrumb\"},\"inLanguage\":\"en-US\",\"potentialAction\":[{\"@type\":\"ReadAction\",\"target\":[\"https:\\\/\\\/ingesto.org.br\\\/cronograma-do-periodo-de-indicacoes-de-emendas-parlamentares-junto-ao-sistema-do-mdsa\\\/\"]}]},{\"@type\":\"ImageObject\",\"inLanguage\":\"en-US\",\"@id\":\"https:\\\/\\\/ingesto.org.br\\\/cronograma-do-periodo-de-indicacoes-de-emendas-parlamentares-junto-ao-sistema-do-mdsa\\\/#primaryimage\",\"url\":\"https:\\\/\\\/ingesto.org.br\\\/wp-content\\\/uploads\\\/2026\\\/02\\\/indicacoes-Emendas-MDSA-1.webp\",\"contentUrl\":\"https:\\\/\\\/ingesto.org.br\\\/wp-content\\\/uploads\\\/2026\\\/02\\\/indicacoes-Emendas-MDSA-1.webp\",\"width\":1055,\"height\":530},{\"@type\":\"BreadcrumbList\",\"@id\":\"https:\\\/\\\/ingesto.org.br\\\/cronograma-do-periodo-de-indicacoes-de-emendas-parlamentares-junto-ao-sistema-do-mdsa\\\/#breadcrumb\",\"itemListElement\":[{\"@type\":\"ListItem\",\"position\":1,\"name\":\"In\u00edcio\",\"item\":\"https:\\\/\\\/ingesto.org.br\\\/\"},{\"@type\":\"ListItem\",\"position\":2,\"name\":\"Cronograma do Per\u00edodo de Indica\u00e7\u00f5es de Emendas Parlamentares junto ao Sistema do MDSA!\"}]},{\"@type\":\"WebSite\",\"@id\":\"http:\\\/\\\/ingesto.org.br\\\/en\\\/#website\",\"url\":\"http:\\\/\\\/ingesto.org.br\\\/en\\\/\",\"name\":\"Instituto\",\"description\":\"Instituto para Gest\u00e3o do Terceiro Setor\",\"publisher\":{\"@id\":\"http:\\\/\\\/ingesto.org.br\\\/en\\\/#organization\"},\"alternateName\":\"Ingesto\",\"potentialAction\":[{\"@type\":\"SearchAction\",\"target\":{\"@type\":\"EntryPoint\",\"urlTemplate\":\"http:\\\/\\\/ingesto.org.br\\\/en\\\/?s={search_term_string}\"},\"query-input\":{\"@type\":\"PropertyValueSpecification\",\"valueRequired\":true,\"valueName\":\"search_term_string\"}}],\"inLanguage\":\"en-US\"},{\"@type\":\"Organization\",\"@id\":\"http:\\\/\\\/ingesto.org.br\\\/en\\\/#organization\",\"name\":\"Ingesto\",\"url\":\"http:\\\/\\\/ingesto.org.br\\\/en\\\/\",\"logo\":{\"@type\":\"ImageObject\",\"inLanguage\":\"en-US\",\"@id\":\"http:\\\/\\\/ingesto.org.br\\\/en\\\/#\\\/schema\\\/logo\\\/image\\\/\",\"url\":\"https:\\\/\\\/ingesto.org.br\\\/wp-content\\\/uploads\\\/2020\\\/11\\\/cropped-cropped-icone.png\",\"contentUrl\":\"https:\\\/\\\/ingesto.org.br\\\/wp-content\\\/uploads\\\/2020\\\/11\\\/cropped-cropped-icone.png\",\"width\":512,\"height\":512,\"caption\":\"Ingesto\"},\"image\":{\"@id\":\"http:\\\/\\\/ingesto.org.br\\\/en\\\/#\\\/schema\\\/logo\\\/image\\\/\"},\"sameAs\":[\"https:\\\/\\\/www.facebook.com\\\/institutoingesto\",\"https:\\\/\\\/x.com\\\/Ingestos\",\"https:\\\/\\\/www.instagram.com\\\/institutoingesto\\\/\",\"https:\\\/\\\/www.youtube.com\\\/@institutoingesto\",\"https:\\\/\\\/www.linkedin.com\\\/in\\\/instituto-ingesto\"]},{\"@type\":\"Person\",\"@id\":\"http:\\\/\\\/ingesto.org.br\\\/en\\\/#\\\/schema\\\/person\\\/b6b24d64bb11f377f79f5f35b9c466dc\",\"name\":\"Ingesto\",\"image\":{\"@type\":\"ImageObject\",\"inLanguage\":\"en-US\",\"@id\":\"https:\\\/\\\/ingesto.org.br\\\/wp-content\\\/litespeed\\\/avatar\\\/4d7201aed9dddada281d8ce59ea56991.jpg?ver=1777502375\",\"url\":\"https:\\\/\\\/ingesto.org.br\\\/wp-content\\\/litespeed\\\/avatar\\\/4d7201aed9dddada281d8ce59ea56991.jpg?ver=1777502375\",\"contentUrl\":\"https:\\\/\\\/ingesto.org.br\\\/wp-content\\\/litespeed\\\/avatar\\\/4d7201aed9dddada281d8ce59ea56991.jpg?ver=1777502375\",\"caption\":\"Ingesto\"},\"sameAs\":[\"http:\\\/\\\/ingesto.org.br\"],\"url\":\"https:\\\/\\\/ingesto.org.br\\\/en\\\/author\\\/instituto-ingesto\\\/\"}]}<\/script>\n<!-- \/ Yoast SEO plugin. -->","yoast_head_json":{"title":"Cronograma do Per\u00edodo de Indica\u00e7\u00f5es de Emendas Parlamentares junto ao Sistema do MDSA! - Ingesto","description":"Cronograma do Per\u00edodo de Indica\u00e7\u00f5es de Emendas Parlamentares junto ao Sistema do MDSA!","robots":{"index":"index","follow":"follow","max-snippet":"max-snippet:-1","max-image-preview":"max-image-preview:large","max-video-preview":"max-video-preview:-1"},"canonical":"https:\/\/ingesto.org.br\/en\/cronograma-do-periodo-de-indicacoes-de-emendas-parlamentares-junto-ao-sistema-do-mdsa\/","og_locale":"en_US","og_type":"article","og_title":"Cronograma do Per\u00edodo de Indica\u00e7\u00f5es de Emendas Parlamentares junto ao Sistema do MDSA! - Ingesto","og_description":"Cronograma do Per\u00edodo de Indica\u00e7\u00f5es de Emendas Parlamentares junto ao Sistema do MDSA!","og_url":"https:\/\/ingesto.org.br\/en\/cronograma-do-periodo-de-indicacoes-de-emendas-parlamentares-junto-ao-sistema-do-mdsa\/","og_site_name":"Ingesto","article_publisher":"https:\/\/www.facebook.com\/institutoingesto","article_published_time":"2026-02-23T11:43:30+00:00","article_modified_time":"2026-02-23T11:43:37+00:00","og_image":[{"width":1055,"height":530,"url":"https:\/\/ingesto.org.br\/wp-content\/uploads\/2026\/02\/indicacoes-Emendas-MDSA-1.webp","type":"image\/webp"}],"author":"Ingesto","twitter_card":"summary_large_image","twitter_creator":"@Ingestos","twitter_site":"@Ingestos","twitter_misc":{"Written by":"Ingesto","Est. reading time":"3 minutes"},"schema":{"@context":"https:\/\/schema.org","@graph":[{"@type":"Article","@id":"https:\/\/ingesto.org.br\/cronograma-do-periodo-de-indicacoes-de-emendas-parlamentares-junto-ao-sistema-do-mdsa\/#article","isPartOf":{"@id":"https:\/\/ingesto.org.br\/cronograma-do-periodo-de-indicacoes-de-emendas-parlamentares-junto-ao-sistema-do-mdsa\/"},"author":{"name":"Ingesto","@id":"http:\/\/ingesto.org.br\/en\/#\/schema\/person\/b6b24d64bb11f377f79f5f35b9c466dc"},"headline":"Cronograma do Per\u00edodo de Indica\u00e7\u00f5es de Emendas Parlamentares junto ao Sistema do MDSA!","datePublished":"2026-02-23T11:43:30+00:00","dateModified":"2026-02-23T11:43:37+00:00","mainEntityOfPage":{"@id":"https:\/\/ingesto.org.br\/cronograma-do-periodo-de-indicacoes-de-emendas-parlamentares-junto-ao-sistema-do-mdsa\/"},"wordCount":525,"commentCount":0,"publisher":{"@id":"http:\/\/ingesto.org.br\/en\/#organization"},"image":{"@id":"https:\/\/ingesto.org.br\/cronograma-do-periodo-de-indicacoes-de-emendas-parlamentares-junto-ao-sistema-do-mdsa\/#primaryimage"},"thumbnailUrl":"https:\/\/ingesto.org.br\/wp-content\/uploads\/2026\/02\/indicacoes-Emendas-MDSA-1.webp","keywords":["MDSA","OGU2026","prazos"],"articleSection":["Legisla\u00e7\u00e3o","MDSA"],"inLanguage":"en-US","potentialAction":[{"@type":"CommentAction","name":"Comment","target":["https:\/\/ingesto.org.br\/cronograma-do-periodo-de-indicacoes-de-emendas-parlamentares-junto-ao-sistema-do-mdsa\/#respond"]}]},{"@type":"WebPage","@id":"https:\/\/ingesto.org.br\/cronograma-do-periodo-de-indicacoes-de-emendas-parlamentares-junto-ao-sistema-do-mdsa\/","url":"https:\/\/ingesto.org.br\/cronograma-do-periodo-de-indicacoes-de-emendas-parlamentares-junto-ao-sistema-do-mdsa\/","name":"Cronograma do Per\u00edodo de Indica\u00e7\u00f5es de Emendas Parlamentares junto ao Sistema do MDSA! - Ingesto","isPartOf":{"@id":"http:\/\/ingesto.org.br\/en\/#website"},"primaryImageOfPage":{"@id":"https:\/\/ingesto.org.br\/cronograma-do-periodo-de-indicacoes-de-emendas-parlamentares-junto-ao-sistema-do-mdsa\/#primaryimage"},"image":{"@id":"https:\/\/ingesto.org.br\/cronograma-do-periodo-de-indicacoes-de-emendas-parlamentares-junto-ao-sistema-do-mdsa\/#primaryimage"},"thumbnailUrl":"https:\/\/ingesto.org.br\/wp-content\/uploads\/2026\/02\/indicacoes-Emendas-MDSA-1.webp","datePublished":"2026-02-23T11:43:30+00:00","dateModified":"2026-02-23T11:43:37+00:00","description":"Cronograma do Per\u00edodo de Indica\u00e7\u00f5es de Emendas Parlamentares junto ao Sistema do MDSA!","breadcrumb":{"@id":"https:\/\/ingesto.org.br\/cronograma-do-periodo-de-indicacoes-de-emendas-parlamentares-junto-ao-sistema-do-mdsa\/#breadcrumb"},"inLanguage":"en-US","potentialAction":[{"@type":"ReadAction","target":["https:\/\/ingesto.org.br\/cronograma-do-periodo-de-indicacoes-de-emendas-parlamentares-junto-ao-sistema-do-mdsa\/"]}]},{"@type":"ImageObject","inLanguage":"en-US","@id":"https:\/\/ingesto.org.br\/cronograma-do-periodo-de-indicacoes-de-emendas-parlamentares-junto-ao-sistema-do-mdsa\/#primaryimage","url":"https:\/\/ingesto.org.br\/wp-content\/uploads\/2026\/02\/indicacoes-Emendas-MDSA-1.webp","contentUrl":"https:\/\/ingesto.org.br\/wp-content\/uploads\/2026\/02\/indicacoes-Emendas-MDSA-1.webp","width":1055,"height":530},{"@type":"BreadcrumbList","@id":"https:\/\/ingesto.org.br\/cronograma-do-periodo-de-indicacoes-de-emendas-parlamentares-junto-ao-sistema-do-mdsa\/#breadcrumb","itemListElement":[{"@type":"ListItem","position":1,"name":"In\u00edcio","item":"https:\/\/ingesto.org.br\/"},{"@type":"ListItem","position":2,"name":"Cronograma do Per\u00edodo de Indica\u00e7\u00f5es de Emendas Parlamentares junto ao Sistema do MDSA!"}]},{"@type":"WebSite","@id":"http:\/\/ingesto.org.br\/en\/#website","url":"http:\/\/ingesto.org.br\/en\/","name":"Institute","description":"Institute for Third Sector Management","publisher":{"@id":"http:\/\/ingesto.org.br\/en\/#organization"},"alternateName":"Ingesto","potentialAction":[{"@type":"SearchAction","target":{"@type":"EntryPoint","urlTemplate":"http:\/\/ingesto.org.br\/en\/?s={search_term_string}"},"query-input":{"@type":"PropertyValueSpecification","valueRequired":true,"valueName":"search_term_string"}}],"inLanguage":"en-US"},{"@type":"Organization","@id":"http:\/\/ingesto.org.br\/en\/#organization","name":"Ingesto","url":"http:\/\/ingesto.org.br\/en\/","logo":{"@type":"ImageObject","inLanguage":"en-US","@id":"http:\/\/ingesto.org.br\/en\/#\/schema\/logo\/image\/","url":"https:\/\/ingesto.org.br\/wp-content\/uploads\/2020\/11\/cropped-cropped-icone.png","contentUrl":"https:\/\/ingesto.org.br\/wp-content\/uploads\/2020\/11\/cropped-cropped-icone.png","width":512,"height":512,"caption":"Ingesto"},"image":{"@id":"http:\/\/ingesto.org.br\/en\/#\/schema\/logo\/image\/"},"sameAs":["https:\/\/www.facebook.com\/institutoingesto","https:\/\/x.com\/Ingestos","https:\/\/www.instagram.com\/institutoingesto\/","https:\/\/www.youtube.com\/@institutoingesto","https:\/\/www.linkedin.com\/in\/instituto-ingesto"]},{"@type":"Person","@id":"http:\/\/ingesto.org.br\/en\/#\/schema\/person\/b6b24d64bb11f377f79f5f35b9c466dc","name":"Ingesto","image":{"@type":"ImageObject","inLanguage":"en-US","@id":"https:\/\/ingesto.org.br\/wp-content\/litespeed\/avatar\/4d7201aed9dddada281d8ce59ea56991.jpg?ver=1777502375","url":"https:\/\/ingesto.org.br\/wp-content\/litespeed\/avatar\/4d7201aed9dddada281d8ce59ea56991.jpg?ver=1777502375","contentUrl":"https:\/\/ingesto.org.br\/wp-content\/litespeed\/avatar\/4d7201aed9dddada281d8ce59ea56991.jpg?ver=1777502375","caption":"Ingesto"},"sameAs":["http:\/\/ingesto.org.br"],"url":"https:\/\/ingesto.org.br\/en\/author\/instituto-ingesto\/"}]}},"jetpack_featured_media_url":"https:\/\/ingesto.org.br\/wp-content\/uploads\/2026\/02\/indicacoes-Emendas-MDSA-1.webp","jetpack_shortlink":"https:\/\/wp.me\/peji5g-4WT","acf":[],"_links":{"self":[{"href":"https:\/\/ingesto.org.br\/en\/wp-json\/wp\/v2\/posts\/19027","targetHints":{"allow":["GET"]}}],"collection":[{"href":"https:\/\/ingesto.org.br\/en\/wp-json\/wp\/v2\/posts"}],"about":[{"href":"https:\/\/ingesto.org.br\/en\/wp-json\/wp\/v2\/types\/post"}],"author":[{"embeddable":true,"href":"https:\/\/ingesto.org.br\/en\/wp-json\/wp\/v2\/users\/1"}],"replies":[{"embeddable":true,"href":"https:\/\/ingesto.org.br\/en\/wp-json\/wp\/v2\/comments?post=19027"}],"version-history":[{"count":1,"href":"https:\/\/ingesto.org.br\/en\/wp-json\/wp\/v2\/posts\/19027\/revisions"}],"predecessor-version":[{"id":19031,"href":"https:\/\/ingesto.org.br\/en\/wp-json\/wp\/v2\/posts\/19027\/revisions\/19031"}],"wp:featuredmedia":[{"embeddable":true,"href":"https:\/\/ingesto.org.br\/en\/wp-json\/wp\/v2\/media\/19029"}],"wp:attachment":[{"href":"https:\/\/ingesto.org.br\/en\/wp-json\/wp\/v2\/media?parent=19027"}],"wp:term":[{"taxonomy":"category","embeddable":true,"href":"https:\/\/ingesto.org.br\/en\/wp-json\/wp\/v2\/categories?post=19027"},{"taxonomy":"post_tag","embeddable":true,"href":"https:\/\/ingesto.org.br\/en\/wp-json\/wp\/v2\/tags?post=19027"}],"curies":[{"name":"wp","href":"https:\/\/api.w.org\/{rel}","templated":true}]}}