{"id":17845,"date":"2025-08-27T16:39:46","date_gmt":"2025-08-27T19:39:46","guid":{"rendered":"https:\/\/ingesto.org.br\/?p=17845"},"modified":"2025-08-27T19:32:55","modified_gmt":"2025-08-27T22:32:55","slug":"noticias-terceiro-setor-inovacao-impacto-captacao-recursos","status":"publish","type":"post","link":"https:\/\/ingesto.org.br\/en\/noticias-terceiro-setor-inovacao-impacto-captacao-recursos\/","title":{"rendered":"Not\u00edcias Essenciais do Terceiro Setor: Inova\u00e7\u00e3o, Impacto e Capta\u00e7\u00e3o de Recursos!"},"content":{"rendered":"<figure class=\"wp-block-image size-large\"><img fetchpriority=\"high\" decoding=\"async\" width=\"1024\" height=\"576\" src=\"https:\/\/ingesto.org.br\/wp-content\/uploads\/2025\/08\/VUXNY7NJzFYv-1024x576.jpg\" alt=\"\" class=\"wp-image-17856\" srcset=\"https:\/\/ingesto.org.br\/wp-content\/uploads\/2025\/08\/VUXNY7NJzFYv-1024x576.jpg 1024w, https:\/\/ingesto.org.br\/wp-content\/uploads\/2025\/08\/VUXNY7NJzFYv-300x169.jpg 300w, https:\/\/ingesto.org.br\/wp-content\/uploads\/2025\/08\/VUXNY7NJzFYv-768x432.jpg 768w, https:\/\/ingesto.org.br\/wp-content\/uploads\/2025\/08\/VUXNY7NJzFYv-18x10.jpg 18w, https:\/\/ingesto.org.br\/wp-content\/uploads\/2025\/08\/VUXNY7NJzFYv-600x338.jpg 600w, https:\/\/ingesto.org.br\/wp-content\/uploads\/2025\/08\/VUXNY7NJzFYv.jpg 1280w\" sizes=\"(max-width: 1024px) 100vw, 1024px\" \/><\/figure>\n\n\n\n<h2 class=\"wp-block-heading\">Not\u00edcias Essenciais do Terceiro Setor: Inova\u00e7\u00e3o, Impacto e Capta\u00e7\u00e3o de Recursos!<\/h2>\n\n\n\n<h4 class=\"wp-block-heading\">1) Lupa do Bem lan\u00e7a e-book gratuito para fortalecer a comunica\u00e7\u00e3o de ONGs<\/h4>\n\n\n<div class=\"wp-block-image\">\n<figure class=\"aligncenter size-full\"><img decoding=\"async\" width=\"700\" height=\"420\" src=\"https:\/\/ingesto.org.br\/wp-content\/uploads\/2025\/08\/sFVKUiW4oIHk.jpg\" alt=\"\" class=\"wp-image-17878\" srcset=\"https:\/\/ingesto.org.br\/wp-content\/uploads\/2025\/08\/sFVKUiW4oIHk.jpg 700w, https:\/\/ingesto.org.br\/wp-content\/uploads\/2025\/08\/sFVKUiW4oIHk-300x180.jpg 300w, https:\/\/ingesto.org.br\/wp-content\/uploads\/2025\/08\/sFVKUiW4oIHk-18x12.jpg 18w, https:\/\/ingesto.org.br\/wp-content\/uploads\/2025\/08\/sFVKUiW4oIHk-600x360.jpg 600w\" sizes=\"(max-width: 700px) 100vw, 700px\" \/><\/figure>\n<\/div>\n\n\n<p>A iniciativa Lupa do Bem lan\u00e7ou, em parceria com a especialista Marina Cipolla, o e-book gratuito \u201cComunica\u00e7\u00e3o para ONGs e Projetos Comunit\u00e1rios\u201d. O material traz orienta\u00e7\u00f5es pr\u00e1ticas, modelos e sugest\u00f5es pensadas especialmente para organiza\u00e7\u00f5es pequenas, ajudando a ativar uma comunica\u00e7\u00e3o eficaz mesmo com recursos limitados.<\/p>\n\n\n\n<p>Segundo a cofundadora Fabiana Rosa, comunicar bem \u00e9 uma habilidade estrat\u00e9gica acess\u00edvel a qualquer ONG. O e-book estimula a reflex\u00e3o sobre p\u00fablicos priorit\u00e1rios, presen\u00e7a territorial e uso das ferramentas digitais para fortalecer a credibilidade, atrair parcerias e ampliar o impacto social.<\/p>\n\n\n\n<p><strong>Leia a mat\u00e9ria:<\/strong>&nbsp;<a href=\"https:\/\/observatorio3setor.org.br\/noticias\/lupa-do-bem-lanca-e-book-gratuito-para-fortalecer-comunicacao-de-ongs\/\" target=\"_blank\" rel=\"noreferrer noopener\">Observat\u00f3rio do 3\u00ba Setor (21\/08\/2025)<\/a><\/p>\n\n\n\n<hr class=\"wp-block-separator has-alpha-channel-opacity\"\/>\n\n\n\n<h4 class=\"wp-block-heading\">2) Uzbequist\u00e3o moderniza sistema de prote\u00e7\u00e3o social com foco em resultados<\/h4>\n\n\n\n<figure class=\"wp-block-gallery has-nested-images columns-default is-cropped wp-block-gallery-1 is-layout-flex wp-block-gallery-is-layout-flex\">\n<figure class=\"wp-block-image size-large\"><img decoding=\"async\" width=\"1024\" height=\"576\" data-id=\"17902\" src=\"https:\/\/ingesto.org.br\/wp-content\/uploads\/2025\/08\/m85kl8Ri7oNW-1024x576.jpg\" alt=\"\" class=\"wp-image-17902\" style=\"aspect-ratio:1\" srcset=\"https:\/\/ingesto.org.br\/wp-content\/uploads\/2025\/08\/m85kl8Ri7oNW-1024x576.jpg 1024w, https:\/\/ingesto.org.br\/wp-content\/uploads\/2025\/08\/m85kl8Ri7oNW-300x169.jpg 300w, https:\/\/ingesto.org.br\/wp-content\/uploads\/2025\/08\/m85kl8Ri7oNW-768x432.jpg 768w, https:\/\/ingesto.org.br\/wp-content\/uploads\/2025\/08\/m85kl8Ri7oNW-18x10.jpg 18w, https:\/\/ingesto.org.br\/wp-content\/uploads\/2025\/08\/m85kl8Ri7oNW-600x338.jpg 600w, https:\/\/ingesto.org.br\/wp-content\/uploads\/2025\/08\/m85kl8Ri7oNW.jpg 1536w\" sizes=\"(max-width: 1024px) 100vw, 1024px\" \/><\/figure>\n<\/figure>\n\n\n\n<p>Reportagem da Euronews detalha a moderniza\u00e7\u00e3o do sistema de prote\u00e7\u00e3o social do Uzbequist\u00e3o, com a integra\u00e7\u00e3o de programas de bem-estar, defici\u00eancia e combate \u00e0 pobreza sob a Ag\u00eancia Nacional de Prote\u00e7\u00e3o Social. Com processos digitalizados e avalia\u00e7\u00f5es locais mais \u00e1geis, o pa\u00eds j\u00e1 registra avan\u00e7os como a inser\u00e7\u00e3o de milhares de pessoas com defici\u00eancia no mercado de trabalho e a cria\u00e7\u00e3o de um Registro Nacional de Fam\u00edlias com Baixos Rendimentos.<\/p>\n\n\n\n<p>Entre as melhorias, destaca-se a ado\u00e7\u00e3o de uma \u201cescala de funcionalidade\u201d para avalia\u00e7\u00f5es, o que reduz burocracia e encurta deslocamentos. A amplia\u00e7\u00e3o do cat\u00e1logo de dispositivos de assist\u00eancia e o atendimento em regi\u00f5es remotas tamb\u00e9m fazem parte das mudan\u00e7as que visam levar servi\u00e7os a quem mais precisa com maior efici\u00eancia.<\/p>\n\n\n\n<p><strong>Leia a mat\u00e9ria:<\/strong>&nbsp;<a href=\"https:\/\/pt.euronews.com\/saude\/2025\/08\/19\/como-o-uzbequistao-esta-a-melhorar-o-seu-sistema-de-protecao-social\" target=\"_blank\" rel=\"noreferrer noopener\">Euronews (19\/08\/2025)<\/a><\/p>\n\n\n\n<hr class=\"wp-block-separator has-alpha-channel-opacity\"\/>\n\n\n\n<h4 class=\"wp-block-heading\">3) Reflorestamento em Portugal: Story Studio direciona doa\u00e7\u00f5es por reserva<\/h4>\n\n\n\n<figure class=\"wp-block-image size-large\"><img loading=\"lazy\" decoding=\"async\" width=\"1024\" height=\"640\" src=\"https:\/\/ingesto.org.br\/wp-content\/uploads\/2025\/08\/cmhJK6LFRh1N-1024x640.webp\" alt=\"\" class=\"wp-image-17903\" srcset=\"https:\/\/ingesto.org.br\/wp-content\/uploads\/2025\/08\/cmhJK6LFRh1N-1024x640.webp 1024w, https:\/\/ingesto.org.br\/wp-content\/uploads\/2025\/08\/cmhJK6LFRh1N-300x188.webp 300w, https:\/\/ingesto.org.br\/wp-content\/uploads\/2025\/08\/cmhJK6LFRh1N-768x480.webp 768w, https:\/\/ingesto.org.br\/wp-content\/uploads\/2025\/08\/cmhJK6LFRh1N-18x12.webp 18w, https:\/\/ingesto.org.br\/wp-content\/uploads\/2025\/08\/cmhJK6LFRh1N-600x375.webp 600w, https:\/\/ingesto.org.br\/wp-content\/uploads\/2025\/08\/cmhJK6LFRh1N.webp 1080w\" sizes=\"(max-width: 1024px) 100vw, 1024px\" \/><\/figure>\n\n\n\n<p>A Story Studio, marca de alojamentos eco-friendly, anunciou que doar\u00e1 2,50\u20ac por cada reserva realizada at\u00e9 31\/12\/2025 para apoiar a refloresta\u00e7\u00e3o na regi\u00e3o centro de Portugal. As doa\u00e7\u00f5es beneficiar\u00e3o a Associa\u00e7\u00e3o Geopark Estrela e a Comiss\u00e3o de Melhoramentos da Freguesia de Piod\u00e3o, que atuam na recupera\u00e7\u00e3o de \u00e1reas florestais atingidas por inc\u00eandios.<\/p>\n\n\n\n<p>Segundo a fundadora M\u00e1rcia Vilar, o turismo pode ser um aliado na regenera\u00e7\u00e3o ambiental e no fortalecimento das comunidades locais, transformando a experi\u00eancia dos h\u00f3spedes em contribui\u00e7\u00e3o direta para a preserva\u00e7\u00e3o do territ\u00f3rio.<\/p>\n\n\n\n<p><strong>Leia a mat\u00e9ria:<\/strong>&nbsp;<a href=\"https:\/\/www.briefing.pt\/2050\/story-studio-apoia-a-reflorestacao-da-regiao-centro-do-pais\/\" target=\"_blank\" rel=\"noreferrer noopener\">Briefing (20\/08\/2025)<\/a><\/p>\n\n\n\n<hr class=\"wp-block-separator has-alpha-channel-opacity\"\/>\n\n\n\n<h4 class=\"wp-block-heading\">4) Caf\u00e9 Joyeux promove jantar solid\u00e1rio para mobiliar novo espa\u00e7o no NorteShopping<\/h4>\n\n\n<div class=\"wp-block-image\">\n<figure class=\"aligncenter size-large is-resized\"><img loading=\"lazy\" decoding=\"async\" width=\"1024\" height=\"683\" src=\"https:\/\/ingesto.org.br\/wp-content\/uploads\/2025\/08\/Fkal320KPNxE-1024x683.jpg\" alt=\"Equipe do Caf\u00e9 Joyeux posa para foto na cozinha do estabelecimento\" class=\"wp-image-17904\" style=\"aspect-ratio:1;width:1010px;height:auto\" srcset=\"https:\/\/ingesto.org.br\/wp-content\/uploads\/2025\/08\/Fkal320KPNxE-1024x683.jpg 1024w, https:\/\/ingesto.org.br\/wp-content\/uploads\/2025\/08\/Fkal320KPNxE-300x200.jpg 300w, https:\/\/ingesto.org.br\/wp-content\/uploads\/2025\/08\/Fkal320KPNxE-768x512.jpg 768w, https:\/\/ingesto.org.br\/wp-content\/uploads\/2025\/08\/Fkal320KPNxE-1536x1024.jpg 1536w, https:\/\/ingesto.org.br\/wp-content\/uploads\/2025\/08\/Fkal320KPNxE-2048x1365.jpg 2048w, https:\/\/ingesto.org.br\/wp-content\/uploads\/2025\/08\/Fkal320KPNxE-18x12.jpg 18w, https:\/\/ingesto.org.br\/wp-content\/uploads\/2025\/08\/Fkal320KPNxE-650x433.jpg 650w, https:\/\/ingesto.org.br\/wp-content\/uploads\/2025\/08\/Fkal320KPNxE-600x400.jpg 600w\" sizes=\"(max-width: 1024px) 100vw, 1024px\" \/><\/figure>\n<\/div>\n\n\n<p>No Porto, o Caf\u00e9 Joyeux realizar\u00e1 um jantar solid\u00e1rio em 3 de setembro para angariar fundos destinados \u00e0 mob\u00edlia e decora\u00e7\u00e3o do novo caf\u00e9-restaurante que abrir\u00e1 no NorteShopping. Durante o evento, participantes poder\u00e3o escolher itens de um cat\u00e1logo \u2013 de fardas a mobili\u00e1rio \u2013 para doar ao novo espa\u00e7o.<\/p>\n\n\n\n<p>Quem n\u00e3o puder comparecer poder\u00e1 contribuir com doa\u00e7\u00f5es diretas para a Associa\u00e7\u00e3o VilacomVida. A iniciativa refor\u00e7a a miss\u00e3o de inclus\u00e3o do Caf\u00e9 Joyeux, que emprega jovens com dificuldades intelectuais e do desenvolvimento, gerando oportunidade e autonomia.<\/p>\n\n\n\n<p><strong>Leia a mat\u00e9ria:<\/strong>&nbsp;<a href=\"https:\/\/www.briefing.pt\/2050\/cafe-joyeux-promove-jantar-solidario-para-decorar-novo-espaco-do-norteshopping\/\" target=\"_blank\" rel=\"noreferrer noopener\">Briefing (20\/08\/2025)<\/a><\/p>\n\n\n\n<hr class=\"wp-block-separator has-alpha-channel-opacity\"\/>\n\n\n\n<h4 class=\"wp-block-heading\">5) Cultura de Doa\u00e7\u00e3o no Brasil: tend\u00eancias, desafios e oportunidades<\/h4>\n\n\n<div class=\"wp-block-image\">\n<figure class=\"aligncenter size-large\"><img loading=\"lazy\" decoding=\"async\" width=\"1024\" height=\"587\" src=\"https:\/\/ingesto.org.br\/wp-content\/uploads\/2025\/08\/K1sssjSw1KiK-1-1-1024x587.png\" alt=\"\" class=\"wp-image-17905\" srcset=\"https:\/\/ingesto.org.br\/wp-content\/uploads\/2025\/08\/K1sssjSw1KiK-1-1-1024x587.png 1024w, https:\/\/ingesto.org.br\/wp-content\/uploads\/2025\/08\/K1sssjSw1KiK-1-1-300x172.png 300w, https:\/\/ingesto.org.br\/wp-content\/uploads\/2025\/08\/K1sssjSw1KiK-1-1-768x440.png 768w, https:\/\/ingesto.org.br\/wp-content\/uploads\/2025\/08\/K1sssjSw1KiK-1-1-1536x880.png 1536w, https:\/\/ingesto.org.br\/wp-content\/uploads\/2025\/08\/K1sssjSw1KiK-1-1-2048x1173.png 2048w, https:\/\/ingesto.org.br\/wp-content\/uploads\/2025\/08\/K1sssjSw1KiK-1-1-18x10.png 18w, https:\/\/ingesto.org.br\/wp-content\/uploads\/2025\/08\/K1sssjSw1KiK-1-1-600x344.png 600w\" sizes=\"(max-width: 1024px) 100vw, 1024px\" \/><\/figure>\n<\/div>\n\n\n<p>An\u00e1lise do portal Para Quem Doar aponta evolu\u00e7\u00e3o da cultura de doa\u00e7\u00e3o no Brasil e tra\u00e7a o perfil do doador \u2013 frequentemente com maior escolaridade e renda, e com doa\u00e7\u00f5es regulares e planejadas. O texto destaca o papel das novas gera\u00e7\u00f5es, a facilidade proporcionada por meios digitais como o Pix e a import\u00e2ncia da transpar\u00eancia e da presta\u00e7\u00e3o de contas.<\/p>\n\n\n\n<p>Al\u00e9m de doa\u00e7\u00f5es financeiras, ganham for\u00e7a o voluntariado, a doa\u00e7\u00e3o de expertise e de bens. Para fortalecer o ecossistema, a mat\u00e9ria sugere incentivo via pol\u00edticas p\u00fablicas e maior engajamento do setor privado, incluindo programas de \u201cmatching gifts\u201d.<\/p>\n\n\n\n<p><strong>Leia a mat\u00e9ria:<\/strong>&nbsp;<a href=\"https:\/\/paraquemdoar.org\/noticias\/cultura-de-doacao-no-brasil-3\/\" target=\"_blank\" rel=\"noreferrer noopener\">Para Quem Doar (19\/08\/2025)<\/a><\/p>\n\n\n\n<hr class=\"wp-block-separator has-alpha-channel-opacity\"\/>\n\n\n\n<h4 class=\"wp-block-heading\">6) Prosas lan\u00e7a programa de dados para impulsionar capta\u00e7\u00e3o via leis de incentivo<\/h4>\n\n\n<div class=\"wp-block-image\">\n<figure class=\"aligncenter size-full\"><img loading=\"lazy\" decoding=\"async\" width=\"1001\" height=\"439\" src=\"https:\/\/ingesto.org.br\/wp-content\/uploads\/2025\/08\/te6ZYXYDIe5C-1-1.png\" alt=\"Tabela com limites de dedu\u00e7\u00e3o para Leis de Incentivo Fiscal\" class=\"wp-image-17906\" srcset=\"https:\/\/ingesto.org.br\/wp-content\/uploads\/2025\/08\/te6ZYXYDIe5C-1-1.png 1001w, https:\/\/ingesto.org.br\/wp-content\/uploads\/2025\/08\/te6ZYXYDIe5C-1-1-300x132.png 300w, https:\/\/ingesto.org.br\/wp-content\/uploads\/2025\/08\/te6ZYXYDIe5C-1-1-768x337.png 768w, https:\/\/ingesto.org.br\/wp-content\/uploads\/2025\/08\/te6ZYXYDIe5C-1-1-18x8.png 18w, https:\/\/ingesto.org.br\/wp-content\/uploads\/2025\/08\/te6ZYXYDIe5C-1-1-600x263.png 600w\" sizes=\"(max-width: 1001px) 100vw, 1001px\" \/><\/figure>\n<\/div>\n\n\n<p>A plataforma Prosas anunciou o Programa de Dados, com painel in\u00e9dito que cruza informa\u00e7\u00f5es da Receita Federal e dos principais mecanismos de incentivo (Lei Rouanet, Lei do Esporte, Fundos da Crian\u00e7a e do Idoso e PAT). A ferramenta ajuda OSCs a entenderem o comportamento de patrocinadores e a identificarem potencial de investimento ainda n\u00e3o aproveitado.<\/p>\n\n\n\n<p>Al\u00e9m do painel, h\u00e1 recortes estrat\u00e9gicos, planilhas anal\u00edticas, reuni\u00f5es mensais para mapeamento de tend\u00eancias e destaque aos projetos efetivamente apoiados. O programa busca fortalecer um ecossistema \u00e9tico e colaborativo no uso de dados para impacto social.<\/p>\n\n\n\n<p><strong>Leia a mat\u00e9ria:<\/strong>&nbsp;<a href=\"https:\/\/captadores.org.br\/noticias\/prosas-lanca-programa-com-dados-ineditos-para-impulsionar-captacao-via-leis-de-incentivo\/\" target=\"_blank\" rel=\"noreferrer noopener\">ABCR (15\/08\/2025)<\/a><\/p>","protected":false},"excerpt":{"rendered":"<p>Este compilado apresenta as not\u00edcias mais relevantes do terceiro setor na \u00faltima semana, abordando desde estrat\u00e9gias inovadoras de angaria\u00e7\u00e3o de fundos at\u00e9 avan\u00e7os em prote\u00e7\u00e3o social e reflorestamento. Fique por dentro das tend\u00eancias e do impacto das organiza\u00e7\u00f5es sociais.<\/p>","protected":false},"author":1,"featured_media":17883,"comment_status":"open","ping_status":"open","sticky":false,"template":"","format":"standard","meta":{"give_campaign_id":0,"_yoast_wpseo_focuskw":"","_yoast_wpseo_title":"","_yoast_wpseo_metadesc":"Mantenha-se atualizado com as \u00faltimas not\u00edcias do terceiro setor no Brasil e no mundo. Explore inova\u00e7\u00f5es em capta\u00e7\u00e3o de recursos, voluntariado, legisla\u00e7\u00e3o e iniciativas de impacto social.","_joinchat":[],"footnotes":""},"categories":[29],"tags":[97,111,3822,852,251,256,3825],"class_list":["post-17845","post","type-post","status-publish","format-standard","has-post-thumbnail","hentry","category-noticias","tag-doacoes","tag-fundacoes","tag-leis-de-incentivo","tag-mrosc","tag-ongs","tag-oscs","tag-sustentabilidade"],"yoast_head":"<!-- This site is optimized with the Yoast SEO plugin v27.4 - https:\/\/yoast.com\/product\/yoast-seo-wordpress\/ -->\n<title>Not\u00edcias Essenciais do Terceiro Setor: Inova\u00e7\u00e3o, Impacto e Capta\u00e7\u00e3o de Recursos! - Ingesto<\/title>\n<meta name=\"description\" content=\"Mantenha-se atualizado com as \u00faltimas not\u00edcias do terceiro setor no Brasil e no mundo. Explore inova\u00e7\u00f5es em capta\u00e7\u00e3o de recursos, voluntariado, legisla\u00e7\u00e3o e iniciativas de impacto social.\" \/>\n<meta name=\"robots\" content=\"index, follow, max-snippet:-1, max-image-preview:large, max-video-preview:-1\" \/>\n<link rel=\"canonical\" href=\"https:\/\/ingesto.org.br\/en\/noticias-terceiro-setor-inovacao-impacto-captacao-recursos\/\" \/>\n<meta property=\"og:locale\" content=\"en_US\" \/>\n<meta property=\"og:type\" content=\"article\" \/>\n<meta property=\"og:title\" content=\"Not\u00edcias Essenciais do Terceiro Setor: Inova\u00e7\u00e3o, Impacto e Capta\u00e7\u00e3o de Recursos! - Ingesto\" \/>\n<meta property=\"og:description\" content=\"Mantenha-se atualizado com as \u00faltimas not\u00edcias do terceiro setor no Brasil e no mundo. Explore inova\u00e7\u00f5es em capta\u00e7\u00e3o de recursos, voluntariado, legisla\u00e7\u00e3o e iniciativas de impacto social.\" \/>\n<meta property=\"og:url\" content=\"https:\/\/ingesto.org.br\/en\/noticias-terceiro-setor-inovacao-impacto-captacao-recursos\/\" \/>\n<meta property=\"og:site_name\" content=\"Ingesto\" \/>\n<meta property=\"article:publisher\" content=\"https:\/\/www.facebook.com\/institutoingesto\" \/>\n<meta property=\"article:published_time\" content=\"2025-08-27T19:39:46+00:00\" \/>\n<meta property=\"article:modified_time\" content=\"2025-08-27T22:32:55+00:00\" \/>\n<meta property=\"og:image\" content=\"https:\/\/ingesto.org.br\/wp-content\/uploads\/2025\/08\/HpJgdkD3kpJt.png\" \/>\n\t<meta property=\"og:image:width\" content=\"1600\" \/>\n\t<meta property=\"og:image:height\" content=\"900\" \/>\n\t<meta property=\"og:image:type\" content=\"image\/png\" \/>\n<meta name=\"author\" content=\"Ingesto\" \/>\n<meta name=\"twitter:card\" content=\"summary_large_image\" \/>\n<meta name=\"twitter:creator\" content=\"@Ingestos\" \/>\n<meta name=\"twitter:site\" content=\"@Ingestos\" \/>\n<meta name=\"twitter:label1\" content=\"Written by\" \/>\n\t<meta name=\"twitter:data1\" content=\"Ingesto\" \/>\n\t<meta name=\"twitter:label2\" content=\"Est. reading time\" \/>\n\t<meta name=\"twitter:data2\" content=\"6 minutes\" \/>\n<script type=\"application\/ld+json\" class=\"yoast-schema-graph\">{\"@context\":\"https:\\\/\\\/schema.org\",\"@graph\":[{\"@type\":\"Article\",\"@id\":\"https:\\\/\\\/ingesto.org.br\\\/noticias-terceiro-setor-inovacao-impacto-captacao-recursos\\\/#article\",\"isPartOf\":{\"@id\":\"https:\\\/\\\/ingesto.org.br\\\/noticias-terceiro-setor-inovacao-impacto-captacao-recursos\\\/\"},\"author\":{\"name\":\"Ingesto\",\"@id\":\"http:\\\/\\\/ingesto.org.br\\\/en\\\/#\\\/schema\\\/person\\\/b6b24d64bb11f377f79f5f35b9c466dc\"},\"headline\":\"Not\u00edcias Essenciais do Terceiro Setor: Inova\u00e7\u00e3o, Impacto e Capta\u00e7\u00e3o de Recursos!\",\"datePublished\":\"2025-08-27T19:39:46+00:00\",\"dateModified\":\"2025-08-27T22:32:55+00:00\",\"mainEntityOfPage\":{\"@id\":\"https:\\\/\\\/ingesto.org.br\\\/noticias-terceiro-setor-inovacao-impacto-captacao-recursos\\\/\"},\"wordCount\":791,\"commentCount\":0,\"publisher\":{\"@id\":\"http:\\\/\\\/ingesto.org.br\\\/en\\\/#organization\"},\"image\":{\"@id\":\"https:\\\/\\\/ingesto.org.br\\\/noticias-terceiro-setor-inovacao-impacto-captacao-recursos\\\/#primaryimage\"},\"thumbnailUrl\":\"https:\\\/\\\/ingesto.org.br\\\/wp-content\\\/uploads\\\/2025\\\/08\\\/HpJgdkD3kpJt.png\",\"keywords\":[\"doa\u00e7\u00f5es\",\"funda\u00e7\u00f5es\",\"Leis de Incentivo\",\"MROSC\",\"ONGs\",\"OSCs\",\"Sustentabilidade\"],\"articleSection\":[\"Not\u00edcias\"],\"inLanguage\":\"en-US\",\"potentialAction\":[{\"@type\":\"CommentAction\",\"name\":\"Comment\",\"target\":[\"https:\\\/\\\/ingesto.org.br\\\/noticias-terceiro-setor-inovacao-impacto-captacao-recursos\\\/#respond\"]}]},{\"@type\":\"WebPage\",\"@id\":\"https:\\\/\\\/ingesto.org.br\\\/noticias-terceiro-setor-inovacao-impacto-captacao-recursos\\\/\",\"url\":\"https:\\\/\\\/ingesto.org.br\\\/noticias-terceiro-setor-inovacao-impacto-captacao-recursos\\\/\",\"name\":\"Not\u00edcias Essenciais do Terceiro Setor: Inova\u00e7\u00e3o, Impacto e Capta\u00e7\u00e3o de Recursos! - Ingesto\",\"isPartOf\":{\"@id\":\"http:\\\/\\\/ingesto.org.br\\\/en\\\/#website\"},\"primaryImageOfPage\":{\"@id\":\"https:\\\/\\\/ingesto.org.br\\\/noticias-terceiro-setor-inovacao-impacto-captacao-recursos\\\/#primaryimage\"},\"image\":{\"@id\":\"https:\\\/\\\/ingesto.org.br\\\/noticias-terceiro-setor-inovacao-impacto-captacao-recursos\\\/#primaryimage\"},\"thumbnailUrl\":\"https:\\\/\\\/ingesto.org.br\\\/wp-content\\\/uploads\\\/2025\\\/08\\\/HpJgdkD3kpJt.png\",\"datePublished\":\"2025-08-27T19:39:46+00:00\",\"dateModified\":\"2025-08-27T22:32:55+00:00\",\"description\":\"Mantenha-se atualizado com as \u00faltimas not\u00edcias do terceiro setor no Brasil e no mundo. Explore inova\u00e7\u00f5es em capta\u00e7\u00e3o de recursos, voluntariado, legisla\u00e7\u00e3o e iniciativas de impacto social.\",\"breadcrumb\":{\"@id\":\"https:\\\/\\\/ingesto.org.br\\\/noticias-terceiro-setor-inovacao-impacto-captacao-recursos\\\/#breadcrumb\"},\"inLanguage\":\"en-US\",\"potentialAction\":[{\"@type\":\"ReadAction\",\"target\":[\"https:\\\/\\\/ingesto.org.br\\\/noticias-terceiro-setor-inovacao-impacto-captacao-recursos\\\/\"]}]},{\"@type\":\"ImageObject\",\"inLanguage\":\"en-US\",\"@id\":\"https:\\\/\\\/ingesto.org.br\\\/noticias-terceiro-setor-inovacao-impacto-captacao-recursos\\\/#primaryimage\",\"url\":\"https:\\\/\\\/ingesto.org.br\\\/wp-content\\\/uploads\\\/2025\\\/08\\\/HpJgdkD3kpJt.png\",\"contentUrl\":\"https:\\\/\\\/ingesto.org.br\\\/wp-content\\\/uploads\\\/2025\\\/08\\\/HpJgdkD3kpJt.png\",\"width\":1600,\"height\":900,\"caption\":\"Veja a sele\u00e7\u00e3o das principais novidades do terceiro setor nesta semana, com foco em capta\u00e7\u00e3o de recursos, legisla\u00e7\u00e3o e iniciativas de alto impacto. Cada item inclui o link para leitura completa na fonte original.\"},{\"@type\":\"BreadcrumbList\",\"@id\":\"https:\\\/\\\/ingesto.org.br\\\/noticias-terceiro-setor-inovacao-impacto-captacao-recursos\\\/#breadcrumb\",\"itemListElement\":[{\"@type\":\"ListItem\",\"position\":1,\"name\":\"In\u00edcio\",\"item\":\"https:\\\/\\\/ingesto.org.br\\\/\"},{\"@type\":\"ListItem\",\"position\":2,\"name\":\"Not\u00edcias Essenciais do Terceiro Setor: Inova\u00e7\u00e3o, Impacto e Capta\u00e7\u00e3o de Recursos!\"}]},{\"@type\":\"WebSite\",\"@id\":\"http:\\\/\\\/ingesto.org.br\\\/en\\\/#website\",\"url\":\"http:\\\/\\\/ingesto.org.br\\\/en\\\/\",\"name\":\"Instituto\",\"description\":\"Instituto para Gest\u00e3o do Terceiro Setor\",\"publisher\":{\"@id\":\"http:\\\/\\\/ingesto.org.br\\\/en\\\/#organization\"},\"alternateName\":\"Ingesto\",\"potentialAction\":[{\"@type\":\"SearchAction\",\"target\":{\"@type\":\"EntryPoint\",\"urlTemplate\":\"http:\\\/\\\/ingesto.org.br\\\/en\\\/?s={search_term_string}\"},\"query-input\":{\"@type\":\"PropertyValueSpecification\",\"valueRequired\":true,\"valueName\":\"search_term_string\"}}],\"inLanguage\":\"en-US\"},{\"@type\":\"Organization\",\"@id\":\"http:\\\/\\\/ingesto.org.br\\\/en\\\/#organization\",\"name\":\"Ingesto\",\"url\":\"http:\\\/\\\/ingesto.org.br\\\/en\\\/\",\"logo\":{\"@type\":\"ImageObject\",\"inLanguage\":\"en-US\",\"@id\":\"http:\\\/\\\/ingesto.org.br\\\/en\\\/#\\\/schema\\\/logo\\\/image\\\/\",\"url\":\"https:\\\/\\\/ingesto.org.br\\\/wp-content\\\/uploads\\\/2020\\\/11\\\/cropped-cropped-icone.png\",\"contentUrl\":\"https:\\\/\\\/ingesto.org.br\\\/wp-content\\\/uploads\\\/2020\\\/11\\\/cropped-cropped-icone.png\",\"width\":512,\"height\":512,\"caption\":\"Ingesto\"},\"image\":{\"@id\":\"http:\\\/\\\/ingesto.org.br\\\/en\\\/#\\\/schema\\\/logo\\\/image\\\/\"},\"sameAs\":[\"https:\\\/\\\/www.facebook.com\\\/institutoingesto\",\"https:\\\/\\\/x.com\\\/Ingestos\",\"https:\\\/\\\/www.instagram.com\\\/institutoingesto\\\/\",\"https:\\\/\\\/www.youtube.com\\\/@institutoingesto\",\"https:\\\/\\\/www.linkedin.com\\\/in\\\/instituto-ingesto\"]},{\"@type\":\"Person\",\"@id\":\"http:\\\/\\\/ingesto.org.br\\\/en\\\/#\\\/schema\\\/person\\\/b6b24d64bb11f377f79f5f35b9c466dc\",\"name\":\"Ingesto\",\"image\":{\"@type\":\"ImageObject\",\"inLanguage\":\"en-US\",\"@id\":\"https:\\\/\\\/ingesto.org.br\\\/wp-content\\\/litespeed\\\/avatar\\\/4d7201aed9dddada281d8ce59ea56991.jpg?ver=1776950236\",\"url\":\"https:\\\/\\\/ingesto.org.br\\\/wp-content\\\/litespeed\\\/avatar\\\/4d7201aed9dddada281d8ce59ea56991.jpg?ver=1776950236\",\"contentUrl\":\"https:\\\/\\\/ingesto.org.br\\\/wp-content\\\/litespeed\\\/avatar\\\/4d7201aed9dddada281d8ce59ea56991.jpg?ver=1776950236\",\"caption\":\"Ingesto\"},\"sameAs\":[\"http:\\\/\\\/ingesto.org.br\"],\"url\":\"https:\\\/\\\/ingesto.org.br\\\/en\\\/author\\\/instituto-ingesto\\\/\"}]}<\/script>\n<!-- \/ Yoast SEO plugin. -->","yoast_head_json":{"title":"Not\u00edcias Essenciais do Terceiro Setor: Inova\u00e7\u00e3o, Impacto e Capta\u00e7\u00e3o de Recursos! - Ingesto","description":"Mantenha-se atualizado com as \u00faltimas not\u00edcias do terceiro setor no Brasil e no mundo. Explore inova\u00e7\u00f5es em capta\u00e7\u00e3o de recursos, voluntariado, legisla\u00e7\u00e3o e iniciativas de impacto social.","robots":{"index":"index","follow":"follow","max-snippet":"max-snippet:-1","max-image-preview":"max-image-preview:large","max-video-preview":"max-video-preview:-1"},"canonical":"https:\/\/ingesto.org.br\/en\/noticias-terceiro-setor-inovacao-impacto-captacao-recursos\/","og_locale":"en_US","og_type":"article","og_title":"Not\u00edcias Essenciais do Terceiro Setor: Inova\u00e7\u00e3o, Impacto e Capta\u00e7\u00e3o de Recursos! - Ingesto","og_description":"Mantenha-se atualizado com as \u00faltimas not\u00edcias do terceiro setor no Brasil e no mundo. Explore inova\u00e7\u00f5es em capta\u00e7\u00e3o de recursos, voluntariado, legisla\u00e7\u00e3o e iniciativas de impacto social.","og_url":"https:\/\/ingesto.org.br\/en\/noticias-terceiro-setor-inovacao-impacto-captacao-recursos\/","og_site_name":"Ingesto","article_publisher":"https:\/\/www.facebook.com\/institutoingesto","article_published_time":"2025-08-27T19:39:46+00:00","article_modified_time":"2025-08-27T22:32:55+00:00","og_image":[{"width":1600,"height":900,"url":"https:\/\/ingesto.org.br\/wp-content\/uploads\/2025\/08\/HpJgdkD3kpJt.png","type":"image\/png"}],"author":"Ingesto","twitter_card":"summary_large_image","twitter_creator":"@Ingestos","twitter_site":"@Ingestos","twitter_misc":{"Written by":"Ingesto","Est. reading time":"6 minutes"},"schema":{"@context":"https:\/\/schema.org","@graph":[{"@type":"Article","@id":"https:\/\/ingesto.org.br\/noticias-terceiro-setor-inovacao-impacto-captacao-recursos\/#article","isPartOf":{"@id":"https:\/\/ingesto.org.br\/noticias-terceiro-setor-inovacao-impacto-captacao-recursos\/"},"author":{"name":"Ingesto","@id":"http:\/\/ingesto.org.br\/en\/#\/schema\/person\/b6b24d64bb11f377f79f5f35b9c466dc"},"headline":"Not\u00edcias Essenciais do Terceiro Setor: Inova\u00e7\u00e3o, Impacto e Capta\u00e7\u00e3o de Recursos!","datePublished":"2025-08-27T19:39:46+00:00","dateModified":"2025-08-27T22:32:55+00:00","mainEntityOfPage":{"@id":"https:\/\/ingesto.org.br\/noticias-terceiro-setor-inovacao-impacto-captacao-recursos\/"},"wordCount":791,"commentCount":0,"publisher":{"@id":"http:\/\/ingesto.org.br\/en\/#organization"},"image":{"@id":"https:\/\/ingesto.org.br\/noticias-terceiro-setor-inovacao-impacto-captacao-recursos\/#primaryimage"},"thumbnailUrl":"https:\/\/ingesto.org.br\/wp-content\/uploads\/2025\/08\/HpJgdkD3kpJt.png","keywords":["doa\u00e7\u00f5es","funda\u00e7\u00f5es","Leis de Incentivo","MROSC","ONGs","OSCs","Sustentabilidade"],"articleSection":["Not\u00edcias"],"inLanguage":"en-US","potentialAction":[{"@type":"CommentAction","name":"Comment","target":["https:\/\/ingesto.org.br\/noticias-terceiro-setor-inovacao-impacto-captacao-recursos\/#respond"]}]},{"@type":"WebPage","@id":"https:\/\/ingesto.org.br\/noticias-terceiro-setor-inovacao-impacto-captacao-recursos\/","url":"https:\/\/ingesto.org.br\/noticias-terceiro-setor-inovacao-impacto-captacao-recursos\/","name":"Not\u00edcias Essenciais do Terceiro Setor: Inova\u00e7\u00e3o, Impacto e Capta\u00e7\u00e3o de Recursos! - Ingesto","isPartOf":{"@id":"http:\/\/ingesto.org.br\/en\/#website"},"primaryImageOfPage":{"@id":"https:\/\/ingesto.org.br\/noticias-terceiro-setor-inovacao-impacto-captacao-recursos\/#primaryimage"},"image":{"@id":"https:\/\/ingesto.org.br\/noticias-terceiro-setor-inovacao-impacto-captacao-recursos\/#primaryimage"},"thumbnailUrl":"https:\/\/ingesto.org.br\/wp-content\/uploads\/2025\/08\/HpJgdkD3kpJt.png","datePublished":"2025-08-27T19:39:46+00:00","dateModified":"2025-08-27T22:32:55+00:00","description":"Mantenha-se atualizado com as \u00faltimas not\u00edcias do terceiro setor no Brasil e no mundo. Explore inova\u00e7\u00f5es em capta\u00e7\u00e3o de recursos, voluntariado, legisla\u00e7\u00e3o e iniciativas de impacto social.","breadcrumb":{"@id":"https:\/\/ingesto.org.br\/noticias-terceiro-setor-inovacao-impacto-captacao-recursos\/#breadcrumb"},"inLanguage":"en-US","potentialAction":[{"@type":"ReadAction","target":["https:\/\/ingesto.org.br\/noticias-terceiro-setor-inovacao-impacto-captacao-recursos\/"]}]},{"@type":"ImageObject","inLanguage":"en-US","@id":"https:\/\/ingesto.org.br\/noticias-terceiro-setor-inovacao-impacto-captacao-recursos\/#primaryimage","url":"https:\/\/ingesto.org.br\/wp-content\/uploads\/2025\/08\/HpJgdkD3kpJt.png","contentUrl":"https:\/\/ingesto.org.br\/wp-content\/uploads\/2025\/08\/HpJgdkD3kpJt.png","width":1600,"height":900,"caption":"Veja a sele\u00e7\u00e3o das principais novidades do terceiro setor nesta semana, com foco em capta\u00e7\u00e3o de recursos, legisla\u00e7\u00e3o e iniciativas de alto impacto. Cada item inclui o link para leitura completa na fonte original."},{"@type":"BreadcrumbList","@id":"https:\/\/ingesto.org.br\/noticias-terceiro-setor-inovacao-impacto-captacao-recursos\/#breadcrumb","itemListElement":[{"@type":"ListItem","position":1,"name":"In\u00edcio","item":"https:\/\/ingesto.org.br\/"},{"@type":"ListItem","position":2,"name":"Not\u00edcias Essenciais do Terceiro Setor: Inova\u00e7\u00e3o, Impacto e Capta\u00e7\u00e3o de Recursos!"}]},{"@type":"WebSite","@id":"http:\/\/ingesto.org.br\/en\/#website","url":"http:\/\/ingesto.org.br\/en\/","name":"Institute","description":"Institute for Third Sector Management","publisher":{"@id":"http:\/\/ingesto.org.br\/en\/#organization"},"alternateName":"Ingesto","potentialAction":[{"@type":"SearchAction","target":{"@type":"EntryPoint","urlTemplate":"http:\/\/ingesto.org.br\/en\/?s={search_term_string}"},"query-input":{"@type":"PropertyValueSpecification","valueRequired":true,"valueName":"search_term_string"}}],"inLanguage":"en-US"},{"@type":"Organization","@id":"http:\/\/ingesto.org.br\/en\/#organization","name":"Ingesto","url":"http:\/\/ingesto.org.br\/en\/","logo":{"@type":"ImageObject","inLanguage":"en-US","@id":"http:\/\/ingesto.org.br\/en\/#\/schema\/logo\/image\/","url":"https:\/\/ingesto.org.br\/wp-content\/uploads\/2020\/11\/cropped-cropped-icone.png","contentUrl":"https:\/\/ingesto.org.br\/wp-content\/uploads\/2020\/11\/cropped-cropped-icone.png","width":512,"height":512,"caption":"Ingesto"},"image":{"@id":"http:\/\/ingesto.org.br\/en\/#\/schema\/logo\/image\/"},"sameAs":["https:\/\/www.facebook.com\/institutoingesto","https:\/\/x.com\/Ingestos","https:\/\/www.instagram.com\/institutoingesto\/","https:\/\/www.youtube.com\/@institutoingesto","https:\/\/www.linkedin.com\/in\/instituto-ingesto"]},{"@type":"Person","@id":"http:\/\/ingesto.org.br\/en\/#\/schema\/person\/b6b24d64bb11f377f79f5f35b9c466dc","name":"Ingesto","image":{"@type":"ImageObject","inLanguage":"en-US","@id":"https:\/\/ingesto.org.br\/wp-content\/litespeed\/avatar\/4d7201aed9dddada281d8ce59ea56991.jpg?ver=1776950236","url":"https:\/\/ingesto.org.br\/wp-content\/litespeed\/avatar\/4d7201aed9dddada281d8ce59ea56991.jpg?ver=1776950236","contentUrl":"https:\/\/ingesto.org.br\/wp-content\/litespeed\/avatar\/4d7201aed9dddada281d8ce59ea56991.jpg?ver=1776950236","caption":"Ingesto"},"sameAs":["http:\/\/ingesto.org.br"],"url":"https:\/\/ingesto.org.br\/en\/author\/instituto-ingesto\/"}]}},"jetpack_featured_media_url":"https:\/\/ingesto.org.br\/wp-content\/uploads\/2025\/08\/HpJgdkD3kpJt.png","jetpack_shortlink":"https:\/\/wp.me\/peji5g-4DP","acf":[],"_links":{"self":[{"href":"https:\/\/ingesto.org.br\/en\/wp-json\/wp\/v2\/posts\/17845","targetHints":{"allow":["GET"]}}],"collection":[{"href":"https:\/\/ingesto.org.br\/en\/wp-json\/wp\/v2\/posts"}],"about":[{"href":"https:\/\/ingesto.org.br\/en\/wp-json\/wp\/v2\/types\/post"}],"author":[{"embeddable":true,"href":"https:\/\/ingesto.org.br\/en\/wp-json\/wp\/v2\/users\/1"}],"replies":[{"embeddable":true,"href":"https:\/\/ingesto.org.br\/en\/wp-json\/wp\/v2\/comments?post=17845"}],"version-history":[{"count":4,"href":"https:\/\/ingesto.org.br\/en\/wp-json\/wp\/v2\/posts\/17845\/revisions"}],"predecessor-version":[{"id":17909,"href":"https:\/\/ingesto.org.br\/en\/wp-json\/wp\/v2\/posts\/17845\/revisions\/17909"}],"wp:featuredmedia":[{"embeddable":true,"href":"https:\/\/ingesto.org.br\/en\/wp-json\/wp\/v2\/media\/17883"}],"wp:attachment":[{"href":"https:\/\/ingesto.org.br\/en\/wp-json\/wp\/v2\/media?parent=17845"}],"wp:term":[{"taxonomy":"category","embeddable":true,"href":"https:\/\/ingesto.org.br\/en\/wp-json\/wp\/v2\/categories?post=17845"},{"taxonomy":"post_tag","embeddable":true,"href":"https:\/\/ingesto.org.br\/en\/wp-json\/wp\/v2\/tags?post=17845"}],"curies":[{"name":"wp","href":"https:\/\/api.w.org\/{rel}","templated":true}]}}