{"id":17812,"date":"2025-08-18T10:00:33","date_gmt":"2025-08-18T13:00:33","guid":{"rendered":"https:\/\/ingesto.org.br\/?p=17812"},"modified":"2025-08-18T10:00:43","modified_gmt":"2025-08-18T13:00:43","slug":"o-terceiro-setor-em-destaque-noticias-essenciais-para-o-impacto-social","status":"publish","type":"post","link":"https:\/\/ingesto.org.br\/en\/o-terceiro-setor-em-destaque-noticias-essenciais-para-o-impacto-social\/","title":{"rendered":"O Terceiro Setor em Destaque: Not\u00edcias Essenciais para o Impacto Social!"},"content":{"rendered":"\n<h3 class=\"wp-block-heading has-text-align-center\">O Terceiro Setor em Destaque: Not\u00edcias Essenciais para o Impacto Social!<\/h3>\n\n\n\n<h4 class=\"wp-block-heading has-text-align-left\">1. O Impacto da Suspens\u00e3o da USAID no Brasil: Desafios e Perspectivas para Projetos Socioambientais<\/h4>\n\n\n<div class=\"wp-block-image\">\n<figure class=\"aligncenter size-large\"><img fetchpriority=\"high\" decoding=\"async\" width=\"1024\" height=\"683\" src=\"https:\/\/ingesto.org.br\/wp-content\/uploads\/2025\/08\/usaid_impacto_ambiental-1024x683.png\" alt=\"\" class=\"wp-image-17815\" srcset=\"https:\/\/ingesto.org.br\/wp-content\/uploads\/2025\/08\/usaid_impacto_ambiental-1024x683.png 1024w, https:\/\/ingesto.org.br\/wp-content\/uploads\/2025\/08\/usaid_impacto_ambiental-300x200.png 300w, https:\/\/ingesto.org.br\/wp-content\/uploads\/2025\/08\/usaid_impacto_ambiental-768x512.png 768w, https:\/\/ingesto.org.br\/wp-content\/uploads\/2025\/08\/usaid_impacto_ambiental-18x12.png 18w, https:\/\/ingesto.org.br\/wp-content\/uploads\/2025\/08\/usaid_impacto_ambiental-650x433.png 650w, https:\/\/ingesto.org.br\/wp-content\/uploads\/2025\/08\/usaid_impacto_ambiental-600x400.png 600w, https:\/\/ingesto.org.br\/wp-content\/uploads\/2025\/08\/usaid_impacto_ambiental.png 1248w\" sizes=\"(max-width: 1024px) 100vw, 1024px\" \/><\/figure>\n<\/div>\n\n\n<p>A recente suspens\u00e3o da coopera\u00e7\u00e3o da USAID (Ag\u00eancia dos Estados Unidos para o Desenvolvimento Internacional) no Brasil gerou um cen\u00e1rio de incerteza e desafios significativos para projetos socioambientais que dependem de financiamento internacional. Estima-se que cerca de R$ 200 milh\u00f5es em recursos sejam diretamente afetados, impactando a continuidade de iniciativas cruciais para a conserva\u00e7\u00e3o ambiental, o desenvolvimento sustent\u00e1vel e a inclus\u00e3o social em diversas regi\u00f5es do pa\u00eds [1].<\/p>\n\n\n\n<p>Essa interrup\u00e7\u00e3o coloca em risco programas vitais de combate ao desmatamento, prote\u00e7\u00e3o de esp\u00e9cies amea\u00e7adas e sistemas agroflorestais, especialmente na Amaz\u00f4nia. Comunidades ind\u00edgenas, que frequentemente atuam na linha de frente da defesa ambiental, s\u00e3o particularmente vulner\u00e1veis, enfrentando maiores desafios para sustentar seus modos de vida e pr\u00e1ticas tradicionais sem o apoio financeiro da USAID. A perda desses recursos pode resultar na redu\u00e7\u00e3o da capacidade de monitoramento de crimes ambientais e na diminui\u00e7\u00e3o do suporte para projetos de educa\u00e7\u00e3o e sa\u00fade voltados para essas popula\u00e7\u00f5es [1].<\/p>\n\n\n\n<p>Diante desse panorama, organiza\u00e7\u00f5es brasileiras de impacto social s\u00e3o compelidas a buscar novas e diversificadas fontes de financiamento. Alternativas incluem o fortalecimento de parcerias com a Uni\u00e3o Europeia, pa\u00edses n\u00f3rdicos e o setor privado engajado em pr\u00e1ticas de ESG (Ambiental, Social e Governan\u00e7a). A necessidade de desenvolver maior autonomia financeira e capacidades internas de capta\u00e7\u00e3o de recursos torna-se imperativa para garantir a resili\u00eancia e a continuidade das a\u00e7\u00f5es dessas organiza\u00e7\u00f5es. A retomada do financiamento da USAID no futuro depender\u00e1 de fatores pol\u00edticos e econ\u00f4micos, bem como da transpar\u00eancia e efic\u00e1cia dos projetos apoiados [1].<\/p>\n\n\n\n<p class=\"has-small-font-size\">Links de Sa\u00edda:<br>\u2022[1] <a href=\"https:\/\/paraquemdoar.org\/noticias\/impacto-da-suspensao-da-usaid-no-brasil\/\" target=\"_blank\" rel=\"noreferrer noopener\">https:\/\/paraquemdoar.org\/noticias\/impacto-da-suspensao-da-usaid-no-brasil\/<\/a><\/p>\n\n\n\n<h4 class=\"wp-block-heading\">2. O Poder Transformador da Comunidade no Terceiro Setor<\/h4>\n\n\n<div class=\"wp-block-image\">\n<figure class=\"aligncenter size-large\"><img decoding=\"async\" width=\"1024\" height=\"683\" src=\"https:\/\/ingesto.org.br\/wp-content\/uploads\/2025\/08\/comunidade_terceiro_setor-1024x683.png\" alt=\"\" class=\"wp-image-17814\" srcset=\"https:\/\/ingesto.org.br\/wp-content\/uploads\/2025\/08\/comunidade_terceiro_setor-1024x683.png 1024w, https:\/\/ingesto.org.br\/wp-content\/uploads\/2025\/08\/comunidade_terceiro_setor-300x200.png 300w, https:\/\/ingesto.org.br\/wp-content\/uploads\/2025\/08\/comunidade_terceiro_setor-768x512.png 768w, https:\/\/ingesto.org.br\/wp-content\/uploads\/2025\/08\/comunidade_terceiro_setor-18x12.png 18w, https:\/\/ingesto.org.br\/wp-content\/uploads\/2025\/08\/comunidade_terceiro_setor-650x433.png 650w, https:\/\/ingesto.org.br\/wp-content\/uploads\/2025\/08\/comunidade_terceiro_setor-600x400.png 600w, https:\/\/ingesto.org.br\/wp-content\/uploads\/2025\/08\/comunidade_terceiro_setor.png 1248w\" sizes=\"(max-width: 1024px) 100vw, 1024px\" \/><\/figure>\n<\/div>\n\n\n<p>No universo do Terceiro Setor, cada projeto \u00e9, em sua ess\u00eancia, uma comunidade vibrante de indiv\u00edduos que compartilham um prop\u00f3sito comum. Essa din\u00e2mica vai al\u00e9m da simples colabora\u00e7\u00e3o; ela envolve o estabelecimento de regras claras, a cria\u00e7\u00e3o de rituais de encontro e um aprendizado cont\u00ednuo atrav\u00e9s da troca m\u00fatua de experi\u00eancias e conhecimentos. Essa abordagem comunit\u00e1ria \u00e9 um catalisador para o crescimento, acelerando o aprendizado, fortalecendo a coragem para a execu\u00e7\u00e3o de novas iniciativas e multiplicando as solu\u00e7\u00f5es para os desafios sociais [2].<\/p>\n\n\n\n<p>Os elementos fundamentais para o sucesso de uma comunidade no Terceiro Setor incluem um prop\u00f3sito bem definido, que serve como a for\u00e7a unificadora; pap\u00e9is claros para cada membro, delineando quem decide, quem executa e quem apoia; um ambiente seguro que encoraje questionamentos e a livre express\u00e3o; a constru\u00e7\u00e3o de uma mem\u00f3ria coletiva, onde as pr\u00e1ticas bem-sucedidas se tornam padr\u00f5es; e um ritmo consistente de encontros, tarefas e feedbacks, que garantem a cad\u00eancia e o progresso cont\u00ednuo. Esses ingredientes s\u00e3o cruciais para transformar a inten\u00e7\u00e3o em impacto real [2].<\/p>\n\n\n\n<p>Quando esses elementos est\u00e3o presentes, a efici\u00eancia em todas as \u00e1reas da organiza\u00e7\u00e3o melhora significativamente. A capta\u00e7\u00e3o de recursos se torna mais estrat\u00e9gica e assertiva, a execu\u00e7\u00e3o dos projetos ganha previsibilidade e a presta\u00e7\u00e3o de contas, antes vista como um fardo, integra-se \u00e0 rotina de forma transparente e natural. Pequenas vit\u00f3rias compartilhadas inspiram e servem de refer\u00eancia para outras organiza\u00e7\u00f5es, enquanto os erros s\u00e3o encarados como oportunidades de aprendizado, evitando que sejam repetidos. A convic\u00e7\u00e3o \u00e9 que as comunidades s\u00e3o a infraestrutura invis\u00edvel do impacto, onde v\u00ednculos, confian\u00e7a e disciplina s\u00e3o a base para a for\u00e7a duradoura do Terceiro Setor [2].<\/p>\n\n\n\n<p class=\"has-small-font-size\">Links de Sa\u00edda:<br>\u2022[2] <a href=\"https:\/\/observatorio3setor.org.br\/o-poder-da-comunidade-no-terceiro-setor\/\" target=\"_blank\" rel=\"noreferrer noopener\">https:\/\/observatorio3setor.org.br\/o-poder-da-comunidade-no-terceiro-setor\/<\/a><\/p>\n\n\n\n<h4 class=\"wp-block-heading\">3. Governo Federal Lan\u00e7a Manual MROSC: Guia Completo para Parcerias com OSCs<\/h4>\n\n\n<div class=\"wp-block-image\">\n<figure class=\"aligncenter size-large\"><img decoding=\"async\" width=\"761\" height=\"1024\" src=\"https:\/\/ingesto.org.br\/wp-content\/uploads\/2025\/08\/manual_mrosc-761x1024.png\" alt=\"\" class=\"wp-image-17813\" srcset=\"https:\/\/ingesto.org.br\/wp-content\/uploads\/2025\/08\/manual_mrosc-761x1024.png 761w, https:\/\/ingesto.org.br\/wp-content\/uploads\/2025\/08\/manual_mrosc-223x300.png 223w, https:\/\/ingesto.org.br\/wp-content\/uploads\/2025\/08\/manual_mrosc-768x1033.png 768w, https:\/\/ingesto.org.br\/wp-content\/uploads\/2025\/08\/manual_mrosc-9x12.png 9w, https:\/\/ingesto.org.br\/wp-content\/uploads\/2025\/08\/manual_mrosc-600x807.png 600w, https:\/\/ingesto.org.br\/wp-content\/uploads\/2025\/08\/manual_mrosc.png 880w\" sizes=\"(max-width: 761px) 100vw, 761px\" \/><\/figure>\n<\/div>\n\n\n<p>O Governo Federal deu um passo significativo para aprimorar a rela\u00e7\u00e3o entre a administra\u00e7\u00e3o p\u00fablica e as Organiza\u00e7\u00f5es da Sociedade Civil (OSCs) com o lan\u00e7amento do Manual MROSC \u2013 Do Planejamento \u00e0 Presta\u00e7\u00e3o de Contas. Este guia abrangente oferece orienta\u00e7\u00f5es completas para a implementa\u00e7\u00e3o do Marco Regulat\u00f3rio das Organiza\u00e7\u00f5es da Sociedade Civil (MROSC) no \u00e2mbito federal. A publica\u00e7\u00e3o \u00e9 resultado de um esfor\u00e7o colaborativo entre a Advocacia-Geral da Uni\u00e3o (AGU), o Minist\u00e9rio da Gest\u00e3o e da Inova\u00e7\u00e3o em Servi\u00e7os P\u00fablicos (MGI) e a Secretaria-Geral da Presid\u00eancia da Rep\u00fablica, contando com mais de 200 contribui\u00e7\u00f5es de \u00f3rg\u00e3os p\u00fablicos e entidades da sociedade civil [3].<\/p>\n\n\n\n<p>O manual consolida boas pr\u00e1ticas, interpreta\u00e7\u00f5es jur\u00eddicas e procedimentos para todas as etapas das parcerias, conforme previsto na Lei n\u00ba 13.019\/2014 e no Decreto n\u00ba 8.726\/2016. Seus principais objetivos s\u00e3o padronizar procedimentos, garantir maior seguran\u00e7a jur\u00eddica, aumentar a transpar\u00eancia e fortalecer a efetividade das pol\u00edticas p\u00fablicas executadas por meio dessas parcerias. O documento detalha didaticamente as fases de planejamento, sele\u00e7\u00e3o, celebra\u00e7\u00e3o, execu\u00e7\u00e3o, monitoramento, avalia\u00e7\u00e3o e presta\u00e7\u00e3o de contas, al\u00e9m de explicar as hip\u00f3teses de dispensa e inexigibilidade de chamamento p\u00fablico e fornecer modelos de documentos t\u00e9cnicos [3].<\/p>\n\n\n\n<p>Embora o foco principal seja orientar servidores federais e dirigentes de OSCs, o Manual MROSC tamb\u00e9m serve como uma valiosa fonte de inspira\u00e7\u00e3o para estados e munic\u00edpios que desejam adotar boas pr\u00e1ticas em suas pr\u00f3prias parcerias. A obra enfatiza a import\u00e2ncia de construir parcerias baseadas em confian\u00e7a m\u00fatua, reconhecimento das compet\u00eancias de cada parte e um foco claro em resultados que beneficiem a sociedade, promovendo um ambiente mais colaborativo e eficiente para o desenvolvimento social no Brasil [3].<\/p>\n\n\n\n<p class=\"has-small-font-size\">Links de Sa\u00edda:<br>\u2022[3] <a href=\"https:\/\/www.gbacont.com.br\/governo-federal-lanca-manual-mrosc-guia-completo-para-parcerias-com-oscs\" target=\"_blank\" rel=\"noreferrer noopener\">https:\/\/www.gbacont.com.br\/governo-federal-lanca-manual-mrosc-guia-completo-para-parcerias-com-oscs<\/a><\/p>\n\n\n\n<h4 class=\"wp-block-heading\">4. Prosas Lan\u00e7a Programa de Dados In\u00e9ditos para Impulsionar Capta\u00e7\u00e3o via Leis de Incentivo<\/h4>\n\n\n\n<p>A plataforma Prosas, conhecida por sua atua\u00e7\u00e3o no fomento de projetos sociais, anunciou o lan\u00e7amento do Programa de Dados, uma iniciativa inovadora destinada a capacitar organiza\u00e7\u00f5es a otimizar sua capta\u00e7\u00e3o de recursos por meio das leis de incentivo fiscal. O lan\u00e7amento oficial, marcado para 21 de agosto, introduzir\u00e1 a comunidade interativa &#8220;Dados para Impacto&#8221;, que visa promover o uso estrat\u00e9gico de informa\u00e7\u00f5es p\u00fablicas e an\u00e1lises aprofundadas sobre o financiamento incentivado no Brasil [4].<\/p>\n\n\n\n<p>O grande diferencial do programa \u00e9 um painel de dados in\u00e9dito, que integra e cruza informa\u00e7\u00f5es da Receita Federal com os principais mecanismos de incentivo fiscal do pa\u00eds, como a Lei Rouanet, a Lei do Esporte, os Fundos da Crian\u00e7a e do Idoso, e at\u00e9 mesmo o Programa de Alimenta\u00e7\u00e3o do Trabalhador (PAT). Essa ferramenta permitir\u00e1 uma compreens\u00e3o clara e intuitiva do comportamento de empresas patrocinadoras, revelando o potencial de investimento que muitas vezes n\u00e3o \u00e9 aproveitado anualmente nesses mecanismos [4].<\/p>\n\n\n\n<p>Para as organiza\u00e7\u00f5es sociais e profissionais da \u00e1rea, o Programa de Dados oferece uma s\u00e9rie de recursos valiosos, incluindo recortes estrat\u00e9gicos, planilhas com an\u00e1lises aprofundadas, reuni\u00f5es mensais para identificar tend\u00eancias, e a capacidade de exportar dados. Al\u00e9m disso, pain\u00e9is integrados da Lei Rouanet e do Esporte destacar\u00e3o os projetos que efetivamente receberam apoio. A participa\u00e7\u00e3o na comunidade &#8220;Dados para Impacto&#8221; ser\u00e1 restrita a entidades que n\u00e3o cobram comiss\u00f5es de proponentes, refor\u00e7ando o compromisso com um ecossistema \u00e9tico e colaborativo focado no impacto social [4].<\/p>\n\n\n\n<p class=\"has-small-font-size\">Links de Sa\u00edda:<br>\u2022[4] <a href=\"https:\/\/captadores.org.br\/noticias\/prosas-lanca-programa-com-dados-ineditos-para-impulsionar-captacao-via-leis-de-incentivo\/\" target=\"_blank\" rel=\"noreferrer noopener\">https:\/\/captadores.org.br\/noticias\/prosas-lanca-programa-com-dados-ineditos-para-impulsionar-captacao-via-leis-de-incentivo\/<\/a><\/p>\n\n\n\n<h4 class=\"wp-block-heading\">5. Imposto de Renda: Uma Ferramenta Poderosa para Impulsionar A\u00e7\u00f5es Sociais e Cidadania<\/h4>\n\n\n\n<p>O Imposto de Renda, muitas vezes visto apenas como uma obriga\u00e7\u00e3o fiscal, revela-se uma ferramenta poderosa para o fomento da responsabilidade social no Brasil. Ao direcionar uma parcela desse imposto para institui\u00e7\u00f5es sociais, tanto cidad\u00e3os quanto empresas t\u00eam a oportunidade de transformar vidas e, simultaneamente, usufruir de incentivos fiscais. Essa pr\u00e1tica n\u00e3o apenas beneficia a sociedade, mas tamb\u00e9m contribui para a redu\u00e7\u00e3o da carga tribut\u00e1ria, criando um ciclo virtuoso de apoio e desenvolvimento [5].<\/p>\n\n\n\n<p>Essa modalidade de doa\u00e7\u00e3o permite que o contribuinte exer\u00e7a um papel ativo na destina\u00e7\u00e3o de seus recursos, escolhendo as causas e institui\u00e7\u00f5es que mais se alinham aos seus valores. Ao apoiar \u00e1reas como sa\u00fade, educa\u00e7\u00e3o e assist\u00eancia social, o indiv\u00edduo ou a empresa contribui diretamente para o fortalecimento de organiza\u00e7\u00f5es que atuam na linha de frente do combate \u00e0s desigualdades e na promo\u00e7\u00e3o do bem-estar social. \u00c9 uma forma tang\u00edvel de exercer a cidadania e de ver o impacto direto de sua contribui\u00e7\u00e3o [5].<\/p>\n\n\n\n<p>Os incentivos fiscais s\u00e3o um atrativo significativo, pois permitem que parte do imposto devido seja convertida em doa\u00e7\u00e3o, gerando um desconto no valor final a ser pago. O impacto dessas doa\u00e7\u00f5es \u00e9 imenso, pois os recursos s\u00e3o aplicados em projetos que fornecem desde alimentos e educa\u00e7\u00e3o at\u00e9 suporte psicol\u00f3gico e tratamento de doen\u00e7as. Al\u00e9m dos benef\u00edcios fiscais, empresas que se engajam em a\u00e7\u00f5es sociais melhoram sua imagem e atraem clientes conscientes, enquanto indiv\u00edduos experimentam uma profunda sensa\u00e7\u00e3o de realiza\u00e7\u00e3o e fortalecem la\u00e7os com comunidades que compartilham seus ideais de solidariedade [5].<\/p>\n\n\n\n<p class=\"has-small-font-size\">Links de Sa\u00edda:<br>\u2022[5] <a href=\"https:\/\/www.idealbusinessschool.com.br\/blog\/como-o-imposto-de-renda-pode-impulsionar-acoes-sociais-e-cidadania\/\" target=\"_blank\" rel=\"noreferrer noopener\">https:\/\/www.idealbusinessschool.com.br\/blog\/como-o-imposto-de-renda-pode-impulsionar-acoes-sociais-e-cidadania\/<\/a><\/p>\n","protected":false},"excerpt":{"rendered":"<p>O cen\u00e1rio do Terceiro Setor est\u00e1 em constante evolu\u00e7\u00e3o, com desafios e oportunidades que moldam o futuro das organiza\u00e7\u00f5es sociais. Este compilado de not\u00edcias recentes, publicadas nos \u00faltimos 7 dias, oferece uma vis\u00e3o aprofundada sobre os temas mais relevantes que impactam a filantropia, o voluntariado e a sustentabilidade financeira no Brasil e internacionalmente. Abordaremos desde o impacto da suspens\u00e3o de financiamentos internacionais at\u00e9 o poder transformador das comunidades e as novas diretrizes regulat\u00f3rias, fornecendo informa\u00e7\u00f5es cruciais para gestores, volunt\u00e1rios e todos os interessados em fazer a diferen\u00e7a.<\/p>","protected":false},"author":1,"featured_media":17815,"comment_status":"open","ping_status":"open","sticky":false,"template":"","format":"standard","meta":{"give_campaign_id":0,"_yoast_wpseo_focuskw":"","_yoast_wpseo_title":"","_yoast_wpseo_metadesc":"Mantenha-se atualizado com as \u00faltimas not\u00edcias do Terceiro Setor no Brasil e no mundo. Explore temas como capta\u00e7\u00e3o de recursos, voluntariado, legisla\u00e7\u00e3o e o impacto da USAID. Essencial para ONGs, OSCs e profissionais da \u00e1rea.","_joinchat":[],"footnotes":""},"categories":[29],"tags":[632,589,3824,97,3826,3827,3822,852,251,256,3825,3823],"class_list":["post-17812","post","type-post","status-publish","format-standard","has-post-thumbnail","hentry","category-noticias","tag-brasil","tag-captacao-de-recursos","tag-comunidade","tag-doacoes","tag-filantropia","tag-internacional","tag-leis-de-incentivo","tag-mrosc","tag-ongs","tag-oscs","tag-sustentabilidade","tag-usaid"],"yoast_head":"<!-- This site is optimized with the Yoast SEO plugin v27.4 - https:\/\/yoast.com\/product\/yoast-seo-wordpress\/ -->\n<title>O Terceiro Setor em Destaque: Not\u00edcias Essenciais para o Impacto Social! - Ingesto<\/title>\n<meta name=\"description\" content=\"Mantenha-se atualizado com as \u00faltimas not\u00edcias do Terceiro Setor no Brasil e no mundo. Explore temas como capta\u00e7\u00e3o de recursos, voluntariado, legisla\u00e7\u00e3o e o impacto da USAID. Essencial para ONGs, OSCs e profissionais da \u00e1rea.\" \/>\n<meta name=\"robots\" content=\"index, follow, max-snippet:-1, max-image-preview:large, max-video-preview:-1\" \/>\n<link rel=\"canonical\" href=\"https:\/\/ingesto.org.br\/en\/o-terceiro-setor-em-destaque-noticias-essenciais-para-o-impacto-social\/\" \/>\n<meta property=\"og:locale\" content=\"en_US\" \/>\n<meta property=\"og:type\" content=\"article\" \/>\n<meta property=\"og:title\" content=\"O Terceiro Setor em Destaque: Not\u00edcias Essenciais para o Impacto Social! - Ingesto\" \/>\n<meta property=\"og:description\" content=\"Mantenha-se atualizado com as \u00faltimas not\u00edcias do Terceiro Setor no Brasil e no mundo. Explore temas como capta\u00e7\u00e3o de recursos, voluntariado, legisla\u00e7\u00e3o e o impacto da USAID. Essencial para ONGs, OSCs e profissionais da \u00e1rea.\" \/>\n<meta property=\"og:url\" content=\"https:\/\/ingesto.org.br\/en\/o-terceiro-setor-em-destaque-noticias-essenciais-para-o-impacto-social\/\" \/>\n<meta property=\"og:site_name\" content=\"Ingesto\" \/>\n<meta property=\"article:publisher\" content=\"https:\/\/www.facebook.com\/institutoingesto\" \/>\n<meta property=\"article:published_time\" content=\"2025-08-18T13:00:33+00:00\" \/>\n<meta property=\"article:modified_time\" content=\"2025-08-18T13:00:43+00:00\" \/>\n<meta property=\"og:image\" content=\"https:\/\/ingesto.org.br\/wp-content\/uploads\/2025\/08\/usaid_impacto_ambiental.png\" \/>\n\t<meta property=\"og:image:width\" content=\"1248\" \/>\n\t<meta property=\"og:image:height\" content=\"832\" \/>\n\t<meta property=\"og:image:type\" content=\"image\/png\" \/>\n<meta name=\"author\" content=\"Ingesto\" \/>\n<meta name=\"twitter:card\" content=\"summary_large_image\" \/>\n<meta name=\"twitter:creator\" content=\"@Ingestos\" \/>\n<meta name=\"twitter:site\" content=\"@Ingestos\" \/>\n<meta name=\"twitter:label1\" content=\"Written by\" \/>\n\t<meta name=\"twitter:data1\" content=\"Ingesto\" \/>\n\t<meta name=\"twitter:label2\" content=\"Est. reading time\" \/>\n\t<meta name=\"twitter:data2\" content=\"9 minutes\" \/>\n<script type=\"application\/ld+json\" class=\"yoast-schema-graph\">{\"@context\":\"https:\\\/\\\/schema.org\",\"@graph\":[{\"@type\":\"Article\",\"@id\":\"https:\\\/\\\/ingesto.org.br\\\/o-terceiro-setor-em-destaque-noticias-essenciais-para-o-impacto-social\\\/#article\",\"isPartOf\":{\"@id\":\"https:\\\/\\\/ingesto.org.br\\\/o-terceiro-setor-em-destaque-noticias-essenciais-para-o-impacto-social\\\/\"},\"author\":{\"name\":\"Ingesto\",\"@id\":\"http:\\\/\\\/ingesto.org.br\\\/en\\\/#\\\/schema\\\/person\\\/b6b24d64bb11f377f79f5f35b9c466dc\"},\"headline\":\"O Terceiro Setor em Destaque: Not\u00edcias Essenciais para o Impacto Social!\",\"datePublished\":\"2025-08-18T13:00:33+00:00\",\"dateModified\":\"2025-08-18T13:00:43+00:00\",\"mainEntityOfPage\":{\"@id\":\"https:\\\/\\\/ingesto.org.br\\\/o-terceiro-setor-em-destaque-noticias-essenciais-para-o-impacto-social\\\/\"},\"wordCount\":1578,\"commentCount\":0,\"publisher\":{\"@id\":\"http:\\\/\\\/ingesto.org.br\\\/en\\\/#organization\"},\"image\":{\"@id\":\"https:\\\/\\\/ingesto.org.br\\\/o-terceiro-setor-em-destaque-noticias-essenciais-para-o-impacto-social\\\/#primaryimage\"},\"thumbnailUrl\":\"https:\\\/\\\/ingesto.org.br\\\/wp-content\\\/uploads\\\/2025\\\/08\\\/usaid_impacto_ambiental.png\",\"keywords\":[\"Brasil\",\"Capta\u00e7\u00e3o de Recursos\",\"Comunidade\",\"doa\u00e7\u00f5es\",\"Filantropia\",\"Internacional\",\"Leis de Incentivo\",\"MROSC\",\"ONGs\",\"OSCs\",\"Sustentabilidade\",\"USAID\"],\"articleSection\":[\"Not\u00edcias\"],\"inLanguage\":\"en-US\",\"potentialAction\":[{\"@type\":\"CommentAction\",\"name\":\"Comment\",\"target\":[\"https:\\\/\\\/ingesto.org.br\\\/o-terceiro-setor-em-destaque-noticias-essenciais-para-o-impacto-social\\\/#respond\"]}]},{\"@type\":\"WebPage\",\"@id\":\"https:\\\/\\\/ingesto.org.br\\\/o-terceiro-setor-em-destaque-noticias-essenciais-para-o-impacto-social\\\/\",\"url\":\"https:\\\/\\\/ingesto.org.br\\\/o-terceiro-setor-em-destaque-noticias-essenciais-para-o-impacto-social\\\/\",\"name\":\"O Terceiro Setor em Destaque: Not\u00edcias Essenciais para o Impacto Social! - Ingesto\",\"isPartOf\":{\"@id\":\"http:\\\/\\\/ingesto.org.br\\\/en\\\/#website\"},\"primaryImageOfPage\":{\"@id\":\"https:\\\/\\\/ingesto.org.br\\\/o-terceiro-setor-em-destaque-noticias-essenciais-para-o-impacto-social\\\/#primaryimage\"},\"image\":{\"@id\":\"https:\\\/\\\/ingesto.org.br\\\/o-terceiro-setor-em-destaque-noticias-essenciais-para-o-impacto-social\\\/#primaryimage\"},\"thumbnailUrl\":\"https:\\\/\\\/ingesto.org.br\\\/wp-content\\\/uploads\\\/2025\\\/08\\\/usaid_impacto_ambiental.png\",\"datePublished\":\"2025-08-18T13:00:33+00:00\",\"dateModified\":\"2025-08-18T13:00:43+00:00\",\"description\":\"Mantenha-se atualizado com as \u00faltimas not\u00edcias do Terceiro Setor no Brasil e no mundo. Explore temas como capta\u00e7\u00e3o de recursos, voluntariado, legisla\u00e7\u00e3o e o impacto da USAID. Essencial para ONGs, OSCs e profissionais da \u00e1rea.\",\"breadcrumb\":{\"@id\":\"https:\\\/\\\/ingesto.org.br\\\/o-terceiro-setor-em-destaque-noticias-essenciais-para-o-impacto-social\\\/#breadcrumb\"},\"inLanguage\":\"en-US\",\"potentialAction\":[{\"@type\":\"ReadAction\",\"target\":[\"https:\\\/\\\/ingesto.org.br\\\/o-terceiro-setor-em-destaque-noticias-essenciais-para-o-impacto-social\\\/\"]}]},{\"@type\":\"ImageObject\",\"inLanguage\":\"en-US\",\"@id\":\"https:\\\/\\\/ingesto.org.br\\\/o-terceiro-setor-em-destaque-noticias-essenciais-para-o-impacto-social\\\/#primaryimage\",\"url\":\"https:\\\/\\\/ingesto.org.br\\\/wp-content\\\/uploads\\\/2025\\\/08\\\/usaid_impacto_ambiental.png\",\"contentUrl\":\"https:\\\/\\\/ingesto.org.br\\\/wp-content\\\/uploads\\\/2025\\\/08\\\/usaid_impacto_ambiental.png\",\"width\":1248,\"height\":832},{\"@type\":\"BreadcrumbList\",\"@id\":\"https:\\\/\\\/ingesto.org.br\\\/o-terceiro-setor-em-destaque-noticias-essenciais-para-o-impacto-social\\\/#breadcrumb\",\"itemListElement\":[{\"@type\":\"ListItem\",\"position\":1,\"name\":\"In\u00edcio\",\"item\":\"https:\\\/\\\/ingesto.org.br\\\/\"},{\"@type\":\"ListItem\",\"position\":2,\"name\":\"O Terceiro Setor em Destaque: Not\u00edcias Essenciais para o Impacto Social!\"}]},{\"@type\":\"WebSite\",\"@id\":\"http:\\\/\\\/ingesto.org.br\\\/en\\\/#website\",\"url\":\"http:\\\/\\\/ingesto.org.br\\\/en\\\/\",\"name\":\"Instituto\",\"description\":\"Instituto para Gest\u00e3o do Terceiro Setor\",\"publisher\":{\"@id\":\"http:\\\/\\\/ingesto.org.br\\\/en\\\/#organization\"},\"alternateName\":\"Ingesto\",\"potentialAction\":[{\"@type\":\"SearchAction\",\"target\":{\"@type\":\"EntryPoint\",\"urlTemplate\":\"http:\\\/\\\/ingesto.org.br\\\/en\\\/?s={search_term_string}\"},\"query-input\":{\"@type\":\"PropertyValueSpecification\",\"valueRequired\":true,\"valueName\":\"search_term_string\"}}],\"inLanguage\":\"en-US\"},{\"@type\":\"Organization\",\"@id\":\"http:\\\/\\\/ingesto.org.br\\\/en\\\/#organization\",\"name\":\"Ingesto\",\"url\":\"http:\\\/\\\/ingesto.org.br\\\/en\\\/\",\"logo\":{\"@type\":\"ImageObject\",\"inLanguage\":\"en-US\",\"@id\":\"http:\\\/\\\/ingesto.org.br\\\/en\\\/#\\\/schema\\\/logo\\\/image\\\/\",\"url\":\"https:\\\/\\\/ingesto.org.br\\\/wp-content\\\/uploads\\\/2020\\\/11\\\/cropped-cropped-icone.png\",\"contentUrl\":\"https:\\\/\\\/ingesto.org.br\\\/wp-content\\\/uploads\\\/2020\\\/11\\\/cropped-cropped-icone.png\",\"width\":512,\"height\":512,\"caption\":\"Ingesto\"},\"image\":{\"@id\":\"http:\\\/\\\/ingesto.org.br\\\/en\\\/#\\\/schema\\\/logo\\\/image\\\/\"},\"sameAs\":[\"https:\\\/\\\/www.facebook.com\\\/institutoingesto\",\"https:\\\/\\\/x.com\\\/Ingestos\",\"https:\\\/\\\/www.instagram.com\\\/institutoingesto\\\/\",\"https:\\\/\\\/www.youtube.com\\\/@institutoingesto\",\"https:\\\/\\\/www.linkedin.com\\\/in\\\/instituto-ingesto\"]},{\"@type\":\"Person\",\"@id\":\"http:\\\/\\\/ingesto.org.br\\\/en\\\/#\\\/schema\\\/person\\\/b6b24d64bb11f377f79f5f35b9c466dc\",\"name\":\"Ingesto\",\"image\":{\"@type\":\"ImageObject\",\"inLanguage\":\"en-US\",\"@id\":\"https:\\\/\\\/ingesto.org.br\\\/wp-content\\\/litespeed\\\/avatar\\\/4d7201aed9dddada281d8ce59ea56991.jpg?ver=1776950236\",\"url\":\"https:\\\/\\\/ingesto.org.br\\\/wp-content\\\/litespeed\\\/avatar\\\/4d7201aed9dddada281d8ce59ea56991.jpg?ver=1776950236\",\"contentUrl\":\"https:\\\/\\\/ingesto.org.br\\\/wp-content\\\/litespeed\\\/avatar\\\/4d7201aed9dddada281d8ce59ea56991.jpg?ver=1776950236\",\"caption\":\"Ingesto\"},\"sameAs\":[\"http:\\\/\\\/ingesto.org.br\"],\"url\":\"https:\\\/\\\/ingesto.org.br\\\/en\\\/author\\\/instituto-ingesto\\\/\"}]}<\/script>\n<!-- \/ Yoast SEO plugin. -->","yoast_head_json":{"title":"O Terceiro Setor em Destaque: Not\u00edcias Essenciais para o Impacto Social! - Ingesto","description":"Mantenha-se atualizado com as \u00faltimas not\u00edcias do Terceiro Setor no Brasil e no mundo. Explore temas como capta\u00e7\u00e3o de recursos, voluntariado, legisla\u00e7\u00e3o e o impacto da USAID. Essencial para ONGs, OSCs e profissionais da \u00e1rea.","robots":{"index":"index","follow":"follow","max-snippet":"max-snippet:-1","max-image-preview":"max-image-preview:large","max-video-preview":"max-video-preview:-1"},"canonical":"https:\/\/ingesto.org.br\/en\/o-terceiro-setor-em-destaque-noticias-essenciais-para-o-impacto-social\/","og_locale":"en_US","og_type":"article","og_title":"O Terceiro Setor em Destaque: Not\u00edcias Essenciais para o Impacto Social! - Ingesto","og_description":"Mantenha-se atualizado com as \u00faltimas not\u00edcias do Terceiro Setor no Brasil e no mundo. Explore temas como capta\u00e7\u00e3o de recursos, voluntariado, legisla\u00e7\u00e3o e o impacto da USAID. Essencial para ONGs, OSCs e profissionais da \u00e1rea.","og_url":"https:\/\/ingesto.org.br\/en\/o-terceiro-setor-em-destaque-noticias-essenciais-para-o-impacto-social\/","og_site_name":"Ingesto","article_publisher":"https:\/\/www.facebook.com\/institutoingesto","article_published_time":"2025-08-18T13:00:33+00:00","article_modified_time":"2025-08-18T13:00:43+00:00","og_image":[{"width":1248,"height":832,"url":"https:\/\/ingesto.org.br\/wp-content\/uploads\/2025\/08\/usaid_impacto_ambiental.png","type":"image\/png"}],"author":"Ingesto","twitter_card":"summary_large_image","twitter_creator":"@Ingestos","twitter_site":"@Ingestos","twitter_misc":{"Written by":"Ingesto","Est. reading time":"9 minutes"},"schema":{"@context":"https:\/\/schema.org","@graph":[{"@type":"Article","@id":"https:\/\/ingesto.org.br\/o-terceiro-setor-em-destaque-noticias-essenciais-para-o-impacto-social\/#article","isPartOf":{"@id":"https:\/\/ingesto.org.br\/o-terceiro-setor-em-destaque-noticias-essenciais-para-o-impacto-social\/"},"author":{"name":"Ingesto","@id":"http:\/\/ingesto.org.br\/en\/#\/schema\/person\/b6b24d64bb11f377f79f5f35b9c466dc"},"headline":"O Terceiro Setor em Destaque: Not\u00edcias Essenciais para o Impacto Social!","datePublished":"2025-08-18T13:00:33+00:00","dateModified":"2025-08-18T13:00:43+00:00","mainEntityOfPage":{"@id":"https:\/\/ingesto.org.br\/o-terceiro-setor-em-destaque-noticias-essenciais-para-o-impacto-social\/"},"wordCount":1578,"commentCount":0,"publisher":{"@id":"http:\/\/ingesto.org.br\/en\/#organization"},"image":{"@id":"https:\/\/ingesto.org.br\/o-terceiro-setor-em-destaque-noticias-essenciais-para-o-impacto-social\/#primaryimage"},"thumbnailUrl":"https:\/\/ingesto.org.br\/wp-content\/uploads\/2025\/08\/usaid_impacto_ambiental.png","keywords":["Brasil","Capta\u00e7\u00e3o de Recursos","Comunidade","doa\u00e7\u00f5es","Filantropia","Internacional","Leis de Incentivo","MROSC","ONGs","OSCs","Sustentabilidade","USAID"],"articleSection":["Not\u00edcias"],"inLanguage":"en-US","potentialAction":[{"@type":"CommentAction","name":"Comment","target":["https:\/\/ingesto.org.br\/o-terceiro-setor-em-destaque-noticias-essenciais-para-o-impacto-social\/#respond"]}]},{"@type":"WebPage","@id":"https:\/\/ingesto.org.br\/o-terceiro-setor-em-destaque-noticias-essenciais-para-o-impacto-social\/","url":"https:\/\/ingesto.org.br\/o-terceiro-setor-em-destaque-noticias-essenciais-para-o-impacto-social\/","name":"O Terceiro Setor em Destaque: Not\u00edcias Essenciais para o Impacto Social! - Ingesto","isPartOf":{"@id":"http:\/\/ingesto.org.br\/en\/#website"},"primaryImageOfPage":{"@id":"https:\/\/ingesto.org.br\/o-terceiro-setor-em-destaque-noticias-essenciais-para-o-impacto-social\/#primaryimage"},"image":{"@id":"https:\/\/ingesto.org.br\/o-terceiro-setor-em-destaque-noticias-essenciais-para-o-impacto-social\/#primaryimage"},"thumbnailUrl":"https:\/\/ingesto.org.br\/wp-content\/uploads\/2025\/08\/usaid_impacto_ambiental.png","datePublished":"2025-08-18T13:00:33+00:00","dateModified":"2025-08-18T13:00:43+00:00","description":"Mantenha-se atualizado com as \u00faltimas not\u00edcias do Terceiro Setor no Brasil e no mundo. Explore temas como capta\u00e7\u00e3o de recursos, voluntariado, legisla\u00e7\u00e3o e o impacto da USAID. Essencial para ONGs, OSCs e profissionais da \u00e1rea.","breadcrumb":{"@id":"https:\/\/ingesto.org.br\/o-terceiro-setor-em-destaque-noticias-essenciais-para-o-impacto-social\/#breadcrumb"},"inLanguage":"en-US","potentialAction":[{"@type":"ReadAction","target":["https:\/\/ingesto.org.br\/o-terceiro-setor-em-destaque-noticias-essenciais-para-o-impacto-social\/"]}]},{"@type":"ImageObject","inLanguage":"en-US","@id":"https:\/\/ingesto.org.br\/o-terceiro-setor-em-destaque-noticias-essenciais-para-o-impacto-social\/#primaryimage","url":"https:\/\/ingesto.org.br\/wp-content\/uploads\/2025\/08\/usaid_impacto_ambiental.png","contentUrl":"https:\/\/ingesto.org.br\/wp-content\/uploads\/2025\/08\/usaid_impacto_ambiental.png","width":1248,"height":832},{"@type":"BreadcrumbList","@id":"https:\/\/ingesto.org.br\/o-terceiro-setor-em-destaque-noticias-essenciais-para-o-impacto-social\/#breadcrumb","itemListElement":[{"@type":"ListItem","position":1,"name":"In\u00edcio","item":"https:\/\/ingesto.org.br\/"},{"@type":"ListItem","position":2,"name":"O Terceiro Setor em Destaque: Not\u00edcias Essenciais para o Impacto Social!"}]},{"@type":"WebSite","@id":"http:\/\/ingesto.org.br\/en\/#website","url":"http:\/\/ingesto.org.br\/en\/","name":"Institute","description":"Institute for Third Sector Management","publisher":{"@id":"http:\/\/ingesto.org.br\/en\/#organization"},"alternateName":"Ingesto","potentialAction":[{"@type":"SearchAction","target":{"@type":"EntryPoint","urlTemplate":"http:\/\/ingesto.org.br\/en\/?s={search_term_string}"},"query-input":{"@type":"PropertyValueSpecification","valueRequired":true,"valueName":"search_term_string"}}],"inLanguage":"en-US"},{"@type":"Organization","@id":"http:\/\/ingesto.org.br\/en\/#organization","name":"Ingesto","url":"http:\/\/ingesto.org.br\/en\/","logo":{"@type":"ImageObject","inLanguage":"en-US","@id":"http:\/\/ingesto.org.br\/en\/#\/schema\/logo\/image\/","url":"https:\/\/ingesto.org.br\/wp-content\/uploads\/2020\/11\/cropped-cropped-icone.png","contentUrl":"https:\/\/ingesto.org.br\/wp-content\/uploads\/2020\/11\/cropped-cropped-icone.png","width":512,"height":512,"caption":"Ingesto"},"image":{"@id":"http:\/\/ingesto.org.br\/en\/#\/schema\/logo\/image\/"},"sameAs":["https:\/\/www.facebook.com\/institutoingesto","https:\/\/x.com\/Ingestos","https:\/\/www.instagram.com\/institutoingesto\/","https:\/\/www.youtube.com\/@institutoingesto","https:\/\/www.linkedin.com\/in\/instituto-ingesto"]},{"@type":"Person","@id":"http:\/\/ingesto.org.br\/en\/#\/schema\/person\/b6b24d64bb11f377f79f5f35b9c466dc","name":"Ingesto","image":{"@type":"ImageObject","inLanguage":"en-US","@id":"https:\/\/ingesto.org.br\/wp-content\/litespeed\/avatar\/4d7201aed9dddada281d8ce59ea56991.jpg?ver=1776950236","url":"https:\/\/ingesto.org.br\/wp-content\/litespeed\/avatar\/4d7201aed9dddada281d8ce59ea56991.jpg?ver=1776950236","contentUrl":"https:\/\/ingesto.org.br\/wp-content\/litespeed\/avatar\/4d7201aed9dddada281d8ce59ea56991.jpg?ver=1776950236","caption":"Ingesto"},"sameAs":["http:\/\/ingesto.org.br"],"url":"https:\/\/ingesto.org.br\/en\/author\/instituto-ingesto\/"}]}},"jetpack_featured_media_url":"https:\/\/ingesto.org.br\/wp-content\/uploads\/2025\/08\/usaid_impacto_ambiental.png","jetpack_shortlink":"https:\/\/wp.me\/peji5g-4Di","acf":[],"_links":{"self":[{"href":"https:\/\/ingesto.org.br\/en\/wp-json\/wp\/v2\/posts\/17812","targetHints":{"allow":["GET"]}}],"collection":[{"href":"https:\/\/ingesto.org.br\/en\/wp-json\/wp\/v2\/posts"}],"about":[{"href":"https:\/\/ingesto.org.br\/en\/wp-json\/wp\/v2\/types\/post"}],"author":[{"embeddable":true,"href":"https:\/\/ingesto.org.br\/en\/wp-json\/wp\/v2\/users\/1"}],"replies":[{"embeddable":true,"href":"https:\/\/ingesto.org.br\/en\/wp-json\/wp\/v2\/comments?post=17812"}],"version-history":[{"count":2,"href":"https:\/\/ingesto.org.br\/en\/wp-json\/wp\/v2\/posts\/17812\/revisions"}],"predecessor-version":[{"id":17817,"href":"https:\/\/ingesto.org.br\/en\/wp-json\/wp\/v2\/posts\/17812\/revisions\/17817"}],"wp:featuredmedia":[{"embeddable":true,"href":"https:\/\/ingesto.org.br\/en\/wp-json\/wp\/v2\/media\/17815"}],"wp:attachment":[{"href":"https:\/\/ingesto.org.br\/en\/wp-json\/wp\/v2\/media?parent=17812"}],"wp:term":[{"taxonomy":"category","embeddable":true,"href":"https:\/\/ingesto.org.br\/en\/wp-json\/wp\/v2\/categories?post=17812"},{"taxonomy":"post_tag","embeddable":true,"href":"https:\/\/ingesto.org.br\/en\/wp-json\/wp\/v2\/tags?post=17812"}],"curies":[{"name":"wp","href":"https:\/\/api.w.org\/{rel}","templated":true}]}}