{"id":1734,"date":"2021-04-08T16:30:52","date_gmt":"2021-04-08T19:30:52","guid":{"rendered":"http:\/\/ingesto.com.br\/?p=1734"},"modified":"2021-04-08T16:30:52","modified_gmt":"2021-04-08T19:30:52","slug":"instituto-edp-doa-r-1-milhao-para-comunidades-em-razao-do-coronavirus","status":"publish","type":"post","link":"https:\/\/ingesto.org.br\/en\/instituto-edp-doa-r-1-milhao-para-comunidades-em-razao-do-coronavirus\/","title":{"rendered":"EDP Institute donates R$ 1 million to communities due to coronavirus"},"content":{"rendered":"<p>[vc_row][vc_column][vc_text_separator title=&#8221;Instituto EDP doa R$ 1 milh\u00e3o para comunidades em raz\u00e3o do coronav\u00edrus&#8221;][vc_column_text]A EDP Brasil, empresa do setor el\u00e9trico, e a EDP Renov\u00e1veis Brasil recebem inscri\u00e7\u00f5es para o edital EDP Solid\u00e1ria \u2013 Covid 19, com o objetivo de selecionar iniciativas voltadas ao enfrentamento da pandemia em comunidades vulner\u00e1veis do Brasil.<\/p>\n<p>Por meio do Instituto EDP, ser\u00e1 destinado R$ 1 milh\u00e3o em recursos pr\u00f3prios para apoiar projetos que apresentem solu\u00e7\u00f5es aos problemas gerados pelo novo coronav\u00edrus. As inscri\u00e7\u00f5es podem ser feitas at\u00e9 o dia 10 de abril pelo\u00a0<a href=\"http:\/\/www.institutoedp.org.br\/\" target=\"_blank\" rel=\"noopener noreferrer\">site do instituto<\/a>.<\/p>\n<p>O edital EDP Solid\u00e1ria \u2013 Covid 19 aceita candidaturas de entidades n\u00e3o governamentais, associa\u00e7\u00f5es, startups, consultorias e prestadores de servi\u00e7os, entre outros.<\/p>\n<p>Os projetos devem propor solu\u00e7\u00f5es socioecon\u00f4micas contra os problemas gerados pelo novo coronav\u00edrus, de prefer\u00eancia em comunidades vulner\u00e1veis dentro da \u00e1rea de atua\u00e7\u00e3o da EDP no pa\u00eds, nos estados de S\u00e3o Paulo, Esp\u00edrito Santo, Mato Grosso, Amap\u00e1, Cear\u00e1, Rio Grande do Sul e Tocantins.<\/p>\n<h5>Os projetos devem apresentar solu\u00e7\u00f5es, como:<\/h5>\n<ul>\n<li>Apoio a p\u00fablicos vulner\u00e1veis, com prioridade para comunidades de baixa renda\/carentes, idosos e comunidades ind\u00edgenas. Ser\u00e3o consideradas a\u00e7\u00f5es e iniciativas que atendam \u00e0s necessidades b\u00e1sicas\/sanit\u00e1rias desse p\u00fablico, como garantia do direito \u00e0 alimenta\u00e7\u00e3o, higiene e limpeza, saneamento b\u00e1sico e sensibiliza\u00e7\u00e3o da popula\u00e7\u00e3o.<\/li>\n<li>Projetos e a\u00e7\u00f5es que possibilitem a redu\u00e7\u00e3o do impacto econ\u00f4mico resultante da crise, como por meio de gera\u00e7\u00e3o de trabalho e renda, solu\u00e7\u00f5es em economia colaborativa e valoriza\u00e7\u00e3o do empreendedorismo local.<\/li>\n<li>Projetos que apresentem solu\u00e7\u00f5es para detectar e combater o coronav\u00edrus e para prevenir a popula\u00e7\u00e3o em geral.<\/li>\n<\/ul>\n<p>O resultado ser\u00e1 divulgado no dia 15 de abril e o repasse da verba ser\u00e1 realizado no dia 16. Os projetos devem ter in\u00edcio imediato e o recurso investido poder\u00e1 ser utilizado por at\u00e9 seis meses, contando a partir da data do repasse pelo Instituto EDP.<\/p>\n<p>Na \u00faltima semana, a EDP havia anunciado a doa\u00e7\u00e3o de R$ 6 milh\u00f5es para a compra de respiradores para as Unidades de Terapia Intensiva (UTI) dos hospitais p\u00fablicos do Estado de S\u00e3o Paulo. A doa\u00e7\u00e3o foi realizada por meio da organiza\u00e7\u00e3o Comunitas, que arrecadou, no total, R$ 23,4 milh\u00f5es, com 150 empresas.<\/p>\n<p>Fonte: <a href=\"https:\/\/observatorio3setor.org.br\/noticias\/instituto-edp-doa-r-1-milhao-para-comunidades-em-razao-do-coronavirus\/\">Observat\u00f3rio do 3\u00ba Setor<\/a>[\/vc_column_text][\/vc_column][\/vc_row]<\/p>\n","protected":false},"excerpt":{"rendered":"<p>EDP Institute&#039;s notice will support initiatives aimed at combating coronavirus in vulnerable communities in the country; Registration closes until April 10th<\/p>","protected":false},"author":1,"featured_media":1736,"comment_status":"open","ping_status":"open","sticky":false,"template":"","format":"standard","meta":{"give_campaign_id":0,"_yoast_wpseo_focuskw":"","_yoast_wpseo_title":"","_yoast_wpseo_metadesc":"Edital do Instituto EDP apoiar\u00e1 iniciativas voltadas ao enfrentamento do coronav\u00edrus em comunidades vulner\u00e1veis do pa\u00eds; inscri\u00e7\u00f5es v\u00e3o at\u00e9 10 de abril","_joinchat":[],"footnotes":""},"categories":[29,38],"tags":[54,56,80,84,87,101,125,158,182],"class_list":["post-1734","post","type-post","status-publish","format-standard","has-post-thumbnail","hentry","category-noticias","category-people","tag-ajuda","tag-apoio","tag-comunidades","tag-coronavirus","tag-covid-19","tag-editais","tag-instituto-edp","tag-projetos","tag-terceiro-setor"],"yoast_head":"<!-- This site is optimized with the Yoast SEO plugin v27.4 - https:\/\/yoast.com\/product\/yoast-seo-wordpress\/ -->\n<title>Instituto EDP doa R$ 1 milh\u00e3o para comunidades em raz\u00e3o do coronav\u00edrus - Ingesto<\/title>\n<meta name=\"description\" content=\"Edital do Instituto EDP apoiar\u00e1 iniciativas voltadas ao enfrentamento do coronav\u00edrus em comunidades vulner\u00e1veis do pa\u00eds; inscri\u00e7\u00f5es v\u00e3o at\u00e9 10 de abril\" \/>\n<meta name=\"robots\" content=\"index, follow, max-snippet:-1, max-image-preview:large, max-video-preview:-1\" \/>\n<link rel=\"canonical\" href=\"https:\/\/ingesto.org.br\/en\/instituto-edp-doa-r-1-milhao-para-comunidades-em-razao-do-coronavirus\/\" \/>\n<meta property=\"og:locale\" content=\"en_US\" \/>\n<meta property=\"og:type\" content=\"article\" \/>\n<meta property=\"og:title\" content=\"Instituto EDP doa R$ 1 milh\u00e3o para comunidades em raz\u00e3o do coronav\u00edrus - Ingesto\" \/>\n<meta property=\"og:description\" content=\"Edital do Instituto EDP apoiar\u00e1 iniciativas voltadas ao enfrentamento do coronav\u00edrus em comunidades vulner\u00e1veis do pa\u00eds; inscri\u00e7\u00f5es v\u00e3o at\u00e9 10 de abril\" \/>\n<meta property=\"og:url\" content=\"https:\/\/ingesto.org.br\/en\/instituto-edp-doa-r-1-milhao-para-comunidades-em-razao-do-coronavirus\/\" \/>\n<meta property=\"og:site_name\" content=\"Ingesto\" \/>\n<meta property=\"article:publisher\" content=\"https:\/\/www.facebook.com\/institutoingesto\" \/>\n<meta property=\"article:published_time\" content=\"2021-04-08T19:30:52+00:00\" \/>\n<meta property=\"og:image\" content=\"https:\/\/ingesto.org.br\/wp-content\/uploads\/2020\/04\/Comunidade-1.jpg\" \/>\n\t<meta property=\"og:image:width\" content=\"720\" \/>\n\t<meta property=\"og:image:height\" content=\"400\" \/>\n\t<meta property=\"og:image:type\" content=\"image\/jpeg\" \/>\n<meta name=\"author\" content=\"Ingesto\" \/>\n<meta name=\"twitter:card\" content=\"summary_large_image\" \/>\n<meta name=\"twitter:creator\" content=\"@Ingestos\" \/>\n<meta name=\"twitter:site\" content=\"@Ingestos\" \/>\n<meta name=\"twitter:label1\" content=\"Written by\" \/>\n\t<meta name=\"twitter:data1\" content=\"Ingesto\" \/>\n\t<meta name=\"twitter:label2\" content=\"Est. reading time\" \/>\n\t<meta name=\"twitter:data2\" content=\"2 minutes\" \/>\n<script type=\"application\/ld+json\" class=\"yoast-schema-graph\">{\"@context\":\"https:\\\/\\\/schema.org\",\"@graph\":[{\"@type\":\"Article\",\"@id\":\"https:\\\/\\\/ingesto.org.br\\\/instituto-edp-doa-r-1-milhao-para-comunidades-em-razao-do-coronavirus\\\/#article\",\"isPartOf\":{\"@id\":\"https:\\\/\\\/ingesto.org.br\\\/instituto-edp-doa-r-1-milhao-para-comunidades-em-razao-do-coronavirus\\\/\"},\"author\":{\"name\":\"Ingesto\",\"@id\":\"http:\\\/\\\/ingesto.org.br\\\/en\\\/#\\\/schema\\\/person\\\/b6b24d64bb11f377f79f5f35b9c466dc\"},\"headline\":\"Instituto EDP doa R$ 1 milh\u00e3o para comunidades em raz\u00e3o do coronav\u00edrus\",\"datePublished\":\"2021-04-08T19:30:52+00:00\",\"mainEntityOfPage\":{\"@id\":\"https:\\\/\\\/ingesto.org.br\\\/instituto-edp-doa-r-1-milhao-para-comunidades-em-razao-do-coronavirus\\\/\"},\"wordCount\":432,\"commentCount\":0,\"publisher\":{\"@id\":\"http:\\\/\\\/ingesto.org.br\\\/en\\\/#organization\"},\"image\":{\"@id\":\"https:\\\/\\\/ingesto.org.br\\\/instituto-edp-doa-r-1-milhao-para-comunidades-em-razao-do-coronavirus\\\/#primaryimage\"},\"thumbnailUrl\":\"https:\\\/\\\/ingesto.org.br\\\/wp-content\\\/uploads\\\/2020\\\/04\\\/Comunidade-1.jpg\",\"keywords\":[\"ajuda\",\"apoio\",\"comunidades\",\"coronav\u00edrus\",\"covid-19\",\"editais\",\"Instituto EDP\",\"projetos\",\"terceiro setor\"],\"articleSection\":[\"Not\u00edcias\",\"People\"],\"inLanguage\":\"en-US\",\"potentialAction\":[{\"@type\":\"CommentAction\",\"name\":\"Comment\",\"target\":[\"https:\\\/\\\/ingesto.org.br\\\/instituto-edp-doa-r-1-milhao-para-comunidades-em-razao-do-coronavirus\\\/#respond\"]}]},{\"@type\":\"WebPage\",\"@id\":\"https:\\\/\\\/ingesto.org.br\\\/instituto-edp-doa-r-1-milhao-para-comunidades-em-razao-do-coronavirus\\\/\",\"url\":\"https:\\\/\\\/ingesto.org.br\\\/instituto-edp-doa-r-1-milhao-para-comunidades-em-razao-do-coronavirus\\\/\",\"name\":\"Instituto EDP doa R$ 1 milh\u00e3o para comunidades em raz\u00e3o do coronav\u00edrus - Ingesto\",\"isPartOf\":{\"@id\":\"http:\\\/\\\/ingesto.org.br\\\/en\\\/#website\"},\"primaryImageOfPage\":{\"@id\":\"https:\\\/\\\/ingesto.org.br\\\/instituto-edp-doa-r-1-milhao-para-comunidades-em-razao-do-coronavirus\\\/#primaryimage\"},\"image\":{\"@id\":\"https:\\\/\\\/ingesto.org.br\\\/instituto-edp-doa-r-1-milhao-para-comunidades-em-razao-do-coronavirus\\\/#primaryimage\"},\"thumbnailUrl\":\"https:\\\/\\\/ingesto.org.br\\\/wp-content\\\/uploads\\\/2020\\\/04\\\/Comunidade-1.jpg\",\"datePublished\":\"2021-04-08T19:30:52+00:00\",\"description\":\"Edital do Instituto EDP apoiar\u00e1 iniciativas voltadas ao enfrentamento do coronav\u00edrus em comunidades vulner\u00e1veis do pa\u00eds; inscri\u00e7\u00f5es v\u00e3o at\u00e9 10 de abril\",\"breadcrumb\":{\"@id\":\"https:\\\/\\\/ingesto.org.br\\\/instituto-edp-doa-r-1-milhao-para-comunidades-em-razao-do-coronavirus\\\/#breadcrumb\"},\"inLanguage\":\"en-US\",\"potentialAction\":[{\"@type\":\"ReadAction\",\"target\":[\"https:\\\/\\\/ingesto.org.br\\\/instituto-edp-doa-r-1-milhao-para-comunidades-em-razao-do-coronavirus\\\/\"]}]},{\"@type\":\"ImageObject\",\"inLanguage\":\"en-US\",\"@id\":\"https:\\\/\\\/ingesto.org.br\\\/instituto-edp-doa-r-1-milhao-para-comunidades-em-razao-do-coronavirus\\\/#primaryimage\",\"url\":\"https:\\\/\\\/ingesto.org.br\\\/wp-content\\\/uploads\\\/2020\\\/04\\\/Comunidade-1.jpg\",\"contentUrl\":\"https:\\\/\\\/ingesto.org.br\\\/wp-content\\\/uploads\\\/2020\\\/04\\\/Comunidade-1.jpg\",\"width\":720,\"height\":400,\"caption\":\"S\u00e3o Paulo - Constru\u00e7\u00f5es nas margens da represa Billings, que \u00e9 um dos principais reservat\u00f3rios de \u00e1gua da Regi\u00e3o Metropolitana de S\u00e3o Paulo (Rovena Rosa\\\/Ag\u00eancia Brasil)\"},{\"@type\":\"BreadcrumbList\",\"@id\":\"https:\\\/\\\/ingesto.org.br\\\/instituto-edp-doa-r-1-milhao-para-comunidades-em-razao-do-coronavirus\\\/#breadcrumb\",\"itemListElement\":[{\"@type\":\"ListItem\",\"position\":1,\"name\":\"In\u00edcio\",\"item\":\"https:\\\/\\\/ingesto.org.br\\\/\"},{\"@type\":\"ListItem\",\"position\":2,\"name\":\"Instituto EDP doa R$ 1 milh\u00e3o para comunidades em raz\u00e3o do coronav\u00edrus\"}]},{\"@type\":\"WebSite\",\"@id\":\"http:\\\/\\\/ingesto.org.br\\\/en\\\/#website\",\"url\":\"http:\\\/\\\/ingesto.org.br\\\/en\\\/\",\"name\":\"Instituto\",\"description\":\"Instituto para Gest\u00e3o do Terceiro Setor\",\"publisher\":{\"@id\":\"http:\\\/\\\/ingesto.org.br\\\/en\\\/#organization\"},\"alternateName\":\"Ingesto\",\"potentialAction\":[{\"@type\":\"SearchAction\",\"target\":{\"@type\":\"EntryPoint\",\"urlTemplate\":\"http:\\\/\\\/ingesto.org.br\\\/en\\\/?s={search_term_string}\"},\"query-input\":{\"@type\":\"PropertyValueSpecification\",\"valueRequired\":true,\"valueName\":\"search_term_string\"}}],\"inLanguage\":\"en-US\"},{\"@type\":\"Organization\",\"@id\":\"http:\\\/\\\/ingesto.org.br\\\/en\\\/#organization\",\"name\":\"Ingesto\",\"url\":\"http:\\\/\\\/ingesto.org.br\\\/en\\\/\",\"logo\":{\"@type\":\"ImageObject\",\"inLanguage\":\"en-US\",\"@id\":\"http:\\\/\\\/ingesto.org.br\\\/en\\\/#\\\/schema\\\/logo\\\/image\\\/\",\"url\":\"https:\\\/\\\/ingesto.org.br\\\/wp-content\\\/uploads\\\/2020\\\/11\\\/cropped-cropped-icone.png\",\"contentUrl\":\"https:\\\/\\\/ingesto.org.br\\\/wp-content\\\/uploads\\\/2020\\\/11\\\/cropped-cropped-icone.png\",\"width\":512,\"height\":512,\"caption\":\"Ingesto\"},\"image\":{\"@id\":\"http:\\\/\\\/ingesto.org.br\\\/en\\\/#\\\/schema\\\/logo\\\/image\\\/\"},\"sameAs\":[\"https:\\\/\\\/www.facebook.com\\\/institutoingesto\",\"https:\\\/\\\/x.com\\\/Ingestos\",\"https:\\\/\\\/www.instagram.com\\\/institutoingesto\\\/\",\"https:\\\/\\\/www.youtube.com\\\/@institutoingesto\",\"https:\\\/\\\/www.linkedin.com\\\/in\\\/instituto-ingesto\"]},{\"@type\":\"Person\",\"@id\":\"http:\\\/\\\/ingesto.org.br\\\/en\\\/#\\\/schema\\\/person\\\/b6b24d64bb11f377f79f5f35b9c466dc\",\"name\":\"Ingesto\",\"image\":{\"@type\":\"ImageObject\",\"inLanguage\":\"en-US\",\"@id\":\"https:\\\/\\\/ingesto.org.br\\\/wp-content\\\/litespeed\\\/avatar\\\/4d7201aed9dddada281d8ce59ea56991.jpg?ver=1776950236\",\"url\":\"https:\\\/\\\/ingesto.org.br\\\/wp-content\\\/litespeed\\\/avatar\\\/4d7201aed9dddada281d8ce59ea56991.jpg?ver=1776950236\",\"contentUrl\":\"https:\\\/\\\/ingesto.org.br\\\/wp-content\\\/litespeed\\\/avatar\\\/4d7201aed9dddada281d8ce59ea56991.jpg?ver=1776950236\",\"caption\":\"Ingesto\"},\"sameAs\":[\"http:\\\/\\\/ingesto.org.br\"],\"url\":\"https:\\\/\\\/ingesto.org.br\\\/en\\\/author\\\/instituto-ingesto\\\/\"}]}<\/script>\n<!-- \/ Yoast SEO plugin. -->","yoast_head_json":{"title":"Instituto EDP doa R$ 1 milh\u00e3o para comunidades em raz\u00e3o do coronav\u00edrus - Ingesto","description":"EDP Institute&#039;s notice will support initiatives aimed at combating coronavirus in vulnerable communities in the country; Registration closes until April 10th","robots":{"index":"index","follow":"follow","max-snippet":"max-snippet:-1","max-image-preview":"max-image-preview:large","max-video-preview":"max-video-preview:-1"},"canonical":"https:\/\/ingesto.org.br\/en\/instituto-edp-doa-r-1-milhao-para-comunidades-em-razao-do-coronavirus\/","og_locale":"en_US","og_type":"article","og_title":"Instituto EDP doa R$ 1 milh\u00e3o para comunidades em raz\u00e3o do coronav\u00edrus - Ingesto","og_description":"Edital do Instituto EDP apoiar\u00e1 iniciativas voltadas ao enfrentamento do coronav\u00edrus em comunidades vulner\u00e1veis do pa\u00eds; inscri\u00e7\u00f5es v\u00e3o at\u00e9 10 de abril","og_url":"https:\/\/ingesto.org.br\/en\/instituto-edp-doa-r-1-milhao-para-comunidades-em-razao-do-coronavirus\/","og_site_name":"Ingesto","article_publisher":"https:\/\/www.facebook.com\/institutoingesto","article_published_time":"2021-04-08T19:30:52+00:00","og_image":[{"width":720,"height":400,"url":"https:\/\/ingesto.org.br\/wp-content\/uploads\/2020\/04\/Comunidade-1.jpg","type":"image\/jpeg"}],"author":"Ingesto","twitter_card":"summary_large_image","twitter_creator":"@Ingestos","twitter_site":"@Ingestos","twitter_misc":{"Written by":"Ingesto","Est. reading time":"2 minutes"},"schema":{"@context":"https:\/\/schema.org","@graph":[{"@type":"Article","@id":"https:\/\/ingesto.org.br\/instituto-edp-doa-r-1-milhao-para-comunidades-em-razao-do-coronavirus\/#article","isPartOf":{"@id":"https:\/\/ingesto.org.br\/instituto-edp-doa-r-1-milhao-para-comunidades-em-razao-do-coronavirus\/"},"author":{"name":"Ingesto","@id":"http:\/\/ingesto.org.br\/en\/#\/schema\/person\/b6b24d64bb11f377f79f5f35b9c466dc"},"headline":"Instituto EDP doa R$ 1 milh\u00e3o para comunidades em raz\u00e3o do coronav\u00edrus","datePublished":"2021-04-08T19:30:52+00:00","mainEntityOfPage":{"@id":"https:\/\/ingesto.org.br\/instituto-edp-doa-r-1-milhao-para-comunidades-em-razao-do-coronavirus\/"},"wordCount":432,"commentCount":0,"publisher":{"@id":"http:\/\/ingesto.org.br\/en\/#organization"},"image":{"@id":"https:\/\/ingesto.org.br\/instituto-edp-doa-r-1-milhao-para-comunidades-em-razao-do-coronavirus\/#primaryimage"},"thumbnailUrl":"https:\/\/ingesto.org.br\/wp-content\/uploads\/2020\/04\/Comunidade-1.jpg","keywords":["ajuda","apoio","comunidades","coronav\u00edrus","covid-19","editais","Instituto EDP","projetos","terceiro setor"],"articleSection":["Not\u00edcias","People"],"inLanguage":"en-US","potentialAction":[{"@type":"CommentAction","name":"Comment","target":["https:\/\/ingesto.org.br\/instituto-edp-doa-r-1-milhao-para-comunidades-em-razao-do-coronavirus\/#respond"]}]},{"@type":"WebPage","@id":"https:\/\/ingesto.org.br\/instituto-edp-doa-r-1-milhao-para-comunidades-em-razao-do-coronavirus\/","url":"https:\/\/ingesto.org.br\/instituto-edp-doa-r-1-milhao-para-comunidades-em-razao-do-coronavirus\/","name":"Instituto EDP doa R$ 1 milh\u00e3o para comunidades em raz\u00e3o do coronav\u00edrus - Ingesto","isPartOf":{"@id":"http:\/\/ingesto.org.br\/en\/#website"},"primaryImageOfPage":{"@id":"https:\/\/ingesto.org.br\/instituto-edp-doa-r-1-milhao-para-comunidades-em-razao-do-coronavirus\/#primaryimage"},"image":{"@id":"https:\/\/ingesto.org.br\/instituto-edp-doa-r-1-milhao-para-comunidades-em-razao-do-coronavirus\/#primaryimage"},"thumbnailUrl":"https:\/\/ingesto.org.br\/wp-content\/uploads\/2020\/04\/Comunidade-1.jpg","datePublished":"2021-04-08T19:30:52+00:00","description":"EDP Institute&#039;s notice will support initiatives aimed at combating coronavirus in vulnerable communities in the country; Registration closes until April 10th","breadcrumb":{"@id":"https:\/\/ingesto.org.br\/instituto-edp-doa-r-1-milhao-para-comunidades-em-razao-do-coronavirus\/#breadcrumb"},"inLanguage":"en-US","potentialAction":[{"@type":"ReadAction","target":["https:\/\/ingesto.org.br\/instituto-edp-doa-r-1-milhao-para-comunidades-em-razao-do-coronavirus\/"]}]},{"@type":"ImageObject","inLanguage":"en-US","@id":"https:\/\/ingesto.org.br\/instituto-edp-doa-r-1-milhao-para-comunidades-em-razao-do-coronavirus\/#primaryimage","url":"https:\/\/ingesto.org.br\/wp-content\/uploads\/2020\/04\/Comunidade-1.jpg","contentUrl":"https:\/\/ingesto.org.br\/wp-content\/uploads\/2020\/04\/Comunidade-1.jpg","width":720,"height":400,"caption":"S\u00e3o Paulo - Constru\u00e7\u00f5es nas margens da represa Billings, que \u00e9 um dos principais reservat\u00f3rios de \u00e1gua da Regi\u00e3o Metropolitana de S\u00e3o Paulo (Rovena Rosa\/Ag\u00eancia Brasil)"},{"@type":"BreadcrumbList","@id":"https:\/\/ingesto.org.br\/instituto-edp-doa-r-1-milhao-para-comunidades-em-razao-do-coronavirus\/#breadcrumb","itemListElement":[{"@type":"ListItem","position":1,"name":"In\u00edcio","item":"https:\/\/ingesto.org.br\/"},{"@type":"ListItem","position":2,"name":"Instituto EDP doa R$ 1 milh\u00e3o para comunidades em raz\u00e3o do coronav\u00edrus"}]},{"@type":"WebSite","@id":"http:\/\/ingesto.org.br\/en\/#website","url":"http:\/\/ingesto.org.br\/en\/","name":"Institute","description":"Institute for Third Sector Management","publisher":{"@id":"http:\/\/ingesto.org.br\/en\/#organization"},"alternateName":"Ingesto","potentialAction":[{"@type":"SearchAction","target":{"@type":"EntryPoint","urlTemplate":"http:\/\/ingesto.org.br\/en\/?s={search_term_string}"},"query-input":{"@type":"PropertyValueSpecification","valueRequired":true,"valueName":"search_term_string"}}],"inLanguage":"en-US"},{"@type":"Organization","@id":"http:\/\/ingesto.org.br\/en\/#organization","name":"Ingesto","url":"http:\/\/ingesto.org.br\/en\/","logo":{"@type":"ImageObject","inLanguage":"en-US","@id":"http:\/\/ingesto.org.br\/en\/#\/schema\/logo\/image\/","url":"https:\/\/ingesto.org.br\/wp-content\/uploads\/2020\/11\/cropped-cropped-icone.png","contentUrl":"https:\/\/ingesto.org.br\/wp-content\/uploads\/2020\/11\/cropped-cropped-icone.png","width":512,"height":512,"caption":"Ingesto"},"image":{"@id":"http:\/\/ingesto.org.br\/en\/#\/schema\/logo\/image\/"},"sameAs":["https:\/\/www.facebook.com\/institutoingesto","https:\/\/x.com\/Ingestos","https:\/\/www.instagram.com\/institutoingesto\/","https:\/\/www.youtube.com\/@institutoingesto","https:\/\/www.linkedin.com\/in\/instituto-ingesto"]},{"@type":"Person","@id":"http:\/\/ingesto.org.br\/en\/#\/schema\/person\/b6b24d64bb11f377f79f5f35b9c466dc","name":"Ingesto","image":{"@type":"ImageObject","inLanguage":"en-US","@id":"https:\/\/ingesto.org.br\/wp-content\/litespeed\/avatar\/4d7201aed9dddada281d8ce59ea56991.jpg?ver=1776950236","url":"https:\/\/ingesto.org.br\/wp-content\/litespeed\/avatar\/4d7201aed9dddada281d8ce59ea56991.jpg?ver=1776950236","contentUrl":"https:\/\/ingesto.org.br\/wp-content\/litespeed\/avatar\/4d7201aed9dddada281d8ce59ea56991.jpg?ver=1776950236","caption":"Ingesto"},"sameAs":["http:\/\/ingesto.org.br"],"url":"https:\/\/ingesto.org.br\/en\/author\/instituto-ingesto\/"}]}},"jetpack_featured_media_url":"https:\/\/ingesto.org.br\/wp-content\/uploads\/2020\/04\/Comunidade-1.jpg","jetpack_shortlink":"https:\/\/wp.me\/peji5g-rY","acf":[],"_links":{"self":[{"href":"https:\/\/ingesto.org.br\/en\/wp-json\/wp\/v2\/posts\/1734","targetHints":{"allow":["GET"]}}],"collection":[{"href":"https:\/\/ingesto.org.br\/en\/wp-json\/wp\/v2\/posts"}],"about":[{"href":"https:\/\/ingesto.org.br\/en\/wp-json\/wp\/v2\/types\/post"}],"author":[{"embeddable":true,"href":"https:\/\/ingesto.org.br\/en\/wp-json\/wp\/v2\/users\/1"}],"replies":[{"embeddable":true,"href":"https:\/\/ingesto.org.br\/en\/wp-json\/wp\/v2\/comments?post=1734"}],"version-history":[{"count":0,"href":"https:\/\/ingesto.org.br\/en\/wp-json\/wp\/v2\/posts\/1734\/revisions"}],"wp:featuredmedia":[{"embeddable":true,"href":"https:\/\/ingesto.org.br\/en\/wp-json\/wp\/v2\/media\/1736"}],"wp:attachment":[{"href":"https:\/\/ingesto.org.br\/en\/wp-json\/wp\/v2\/media?parent=1734"}],"wp:term":[{"taxonomy":"category","embeddable":true,"href":"https:\/\/ingesto.org.br\/en\/wp-json\/wp\/v2\/categories?post=1734"},{"taxonomy":"post_tag","embeddable":true,"href":"https:\/\/ingesto.org.br\/en\/wp-json\/wp\/v2\/tags?post=1734"}],"curies":[{"name":"wp","href":"https:\/\/api.w.org\/{rel}","templated":true}]}}