{"id":1728,"date":"2021-04-03T18:04:01","date_gmt":"2021-04-03T21:04:01","guid":{"rendered":"http:\/\/ingesto.com.br\/?p=1728"},"modified":"2021-04-03T18:04:01","modified_gmt":"2021-04-03T21:04:01","slug":"grupo-de-trabalho-quer-garantir-direito-de-pessoas-em-situacoes-de-rua","status":"publish","type":"post","link":"https:\/\/ingesto.org.br\/en\/grupo-de-trabalho-quer-garantir-direito-de-pessoas-em-situacoes-de-rua\/","title":{"rendered":"Working group wants to guarantee the rights of homeless people"},"content":{"rendered":"<p>[vc_row][vc_column][vc_text_separator title=&#8221;Pandemia de coronav\u00edrus preocupa Defensoria P\u00fablica da Uni\u00e3o&#8221;][vc_column_text]O Grupo de Trabalho (GT) em Prol das Pessoas em Situa\u00e7\u00e3o de Rua (GT Rua), da Defensoria P\u00fablica da Uni\u00e3o (DPU), recomendou a estados e munic\u00edpios medidas para preservar os direitos dessa popula\u00e7\u00e3o diante da pandemia da Covid-19.<\/p>\n<p>A garantia de funcionamento dos equipamentos e servi\u00e7os, que atendam \u00e0 popula\u00e7\u00e3o em situa\u00e7\u00e3o de rua, \u00e9 uma das recomenda\u00e7\u00f5es, al\u00e9m da disponibiliza\u00e7\u00e3o de \u00e1lcool em gel, m\u00e1scaras faciais de prote\u00e7\u00e3o descart\u00e1veis e material informativo sobre a doen\u00e7a.<\/p>\n<p>Todo esse material, segundo a DPU, deve estar dispon\u00edvel nos equipamentos e servi\u00e7os que atendam a essas pessoas. Deve haver tamb\u00e9m a destina\u00e7\u00e3o de espa\u00e7o espec\u00edfico, nesses locais, para as pessoas que se enquadram em grupo de risco da Covid-19, como os idosos, as gestantes e as pessoas com doen\u00e7as cr\u00f4nicas.<\/p>\n<p>Uma outra sugest\u00e3o da DPU \u00e9 que os espa\u00e7os p\u00fablicos educacionais e esportivos com a utiliza\u00e7\u00e3o suspensa em consequ\u00eancia da pandemia tenham equipamentos de higiene como vesti\u00e1rios e banheiros, usados para acomodar pessoas em situa\u00e7\u00e3o de rua, e que n\u00e3o aconte\u00e7a uma pol\u00edtica indiscriminada de interna\u00e7\u00e3o compuls\u00f3ria dessa popula\u00e7\u00e3o.<\/p>\n<p>O documento com as recomenda\u00e7\u00f5es da DPU indica que, na situa\u00e7\u00e3o atual da evolu\u00e7\u00e3o do coronav\u00edrus no Brasil, \u00e9 imprescind\u00edvel que a higiene seja uma prioridade individual e coletiva.<\/p>\n<p>\u201cSurge, ent\u00e3o, uma necessidade ainda maior de que se assegure aos cidad\u00e3os em situa\u00e7\u00e3o de rua o necess\u00e1rio para que possam proceder sua higieniza\u00e7\u00e3o e ter seu direito \u00e0 sa\u00fade garantido\u201d, disse o \u00f3rg\u00e3o nas sugest\u00f5es, lembrando, que estas tamb\u00e9m s\u00e3o recomenda\u00e7\u00f5es do Minist\u00e9rio da Sa\u00fade.<\/p>\n<h5>Rio de Janeiro ter\u00e1 kits de higiene<\/h5>\n<p>Na cidade do Rio de Janeiro, a prefeitura vai distribuir\u00a0<em>kits\u00a0<\/em>de higiene \u00e0 popula\u00e7\u00e3o em situa\u00e7\u00e3o de rua.<\/p>\n<p>A secret\u00e1ria municipal de Assist\u00eancia Social e Direitos Humanos, Tia Ju, informou que a pasta est\u00e1 fazendo o levantamento de pre\u00e7os para a compra dos kits.<\/p>\n<p>\u201cEstamos cotando para adquirir kits de higiene a serem distribu\u00eddos para esta popula\u00e7\u00e3o e trabalhar incisivamente com a conscientiza\u00e7\u00e3o do acolhimento, porque quando a gente acolhe ela com certeza ficar\u00e1 menos vulner\u00e1vel do que est\u00e1 nas ruas. Estamos j\u00e1 na fase de cota\u00e7\u00e3o desses\u00a0<em>kits<\/em>\u201d, disse.<\/p>\n<p>Outra decis\u00e3o da secretaria \u00e9 instalar chuveiros e pias em alguns locais da cidade para que a popula\u00e7\u00e3o em situa\u00e7\u00e3o de rua possa fazer a higiene.<\/p>\n<p>A secret\u00e1ria contou que est\u00e1 em entendimentos com o Minist\u00e9rio P\u00fablico, Santa Casa e a Igreja Cat\u00f3lica para definir os locais e a cess\u00e3o de espa\u00e7os.<\/p>\n<p>\u201cA Santa Casa, o Minist\u00e9rio P\u00fablico e Igreja Cat\u00f3lica v\u00e3o ceder espa\u00e7os para a gente implantar chuveiros e pias, no centro da cidade e em outras \u00e1reas, para que as pessoas possam fazer uso desses kits de higiene que estaremos distribuindo. Ent\u00e3o, as a\u00e7\u00f5es ser\u00e3o intensificadas tamb\u00e9m para essa popula\u00e7\u00e3o que sabemos precisa muito\u201d, afirmou.<\/p>\n<p>Segundo a secret\u00e1ria, o atendimento \u00e0 popula\u00e7\u00e3o em situa\u00e7\u00e3o de rua \u00e9 uma preocupa\u00e7\u00e3o da pasta, principalmente, porque \u00e9 mais vulner\u00e1vel.<\/p>\n<p>As medidas s\u00e3o discutidas em reuni\u00f5es com t\u00e9cnicos da secretaria e da prefeitura, al\u00e9m de assistentes sociais.[\/vc_column_text][vc_column_text]Fonte: <strong><a href=\"https:\/\/agenciabrasil.ebc.com.br\/direitos-humanos\/noticia\/2020-03\/grupo-de-trabalho-quer-garantir-direitos-de-pessoas-em-situacao-de\">Ag\u00eanciaBrasil<\/a><\/strong>[\/vc_column_text][\/vc_column][\/vc_row]<\/p>\n","protected":false},"excerpt":{"rendered":"<p>The Working Group (GT) for Homeless People (GT Rua), of the Federal Public Defender&#039;s Office (DPU), recommended measures to states and municipalities to preserve the rights of this population in the face of the Covid-19 pandemic.<\/p>","protected":false},"author":1,"featured_media":1730,"comment_status":"open","ping_status":"open","sticky":false,"template":"","format":"standard","meta":{"give_campaign_id":0,"_yoast_wpseo_focuskw":"","_yoast_wpseo_title":"","_yoast_wpseo_metadesc":"O GT Rua, da DPU, recomendou a estados e munic\u00edpios medidas para preservar os direitos dessa popula\u00e7\u00e3o diante da pandemia da Covid-19.","_joinchat":[],"footnotes":""},"categories":[29,38],"tags":[72,84,87,96,97,98,116,138,149],"class_list":["post-1728","post","type-post","status-publish","format-standard","has-post-thumbnail","hentry","category-noticias","category-people","tag-caridade","tag-coronavirus","tag-covid-19","tag-direitos-humanos","tag-doacoes","tag-dpu","tag-gt-rua","tag-moradores-de-rua","tag-pandemia"],"yoast_head":"<!-- This site is optimized with the Yoast SEO plugin v27.4 - https:\/\/yoast.com\/product\/yoast-seo-wordpress\/ -->\n<title>Grupo de trabalho quer garantir direitos de pessoas em situa\u00e7\u00e3o de rua - Ingesto<\/title>\n<meta name=\"description\" content=\"O GT Rua, da DPU, recomendou a estados e munic\u00edpios medidas para preservar os direitos dessa popula\u00e7\u00e3o diante da pandemia da Covid-19.\" \/>\n<meta name=\"robots\" content=\"index, follow, max-snippet:-1, max-image-preview:large, max-video-preview:-1\" \/>\n<link rel=\"canonical\" href=\"https:\/\/ingesto.org.br\/en\/grupo-de-trabalho-quer-garantir-direito-de-pessoas-em-situacoes-de-rua\/\" \/>\n<meta property=\"og:locale\" content=\"en_US\" \/>\n<meta property=\"og:type\" content=\"article\" \/>\n<meta property=\"og:title\" content=\"Grupo de trabalho quer garantir direitos de pessoas em situa\u00e7\u00e3o de rua - Ingesto\" \/>\n<meta property=\"og:description\" content=\"O GT Rua, da DPU, recomendou a estados e munic\u00edpios medidas para preservar os direitos dessa popula\u00e7\u00e3o diante da pandemia da Covid-19.\" \/>\n<meta property=\"og:url\" content=\"https:\/\/ingesto.org.br\/en\/grupo-de-trabalho-quer-garantir-direito-de-pessoas-em-situacoes-de-rua\/\" \/>\n<meta property=\"og:site_name\" content=\"Ingesto\" \/>\n<meta property=\"article:publisher\" content=\"https:\/\/www.facebook.com\/institutoingesto\" \/>\n<meta property=\"article:published_time\" content=\"2021-04-03T21:04:01+00:00\" \/>\n<meta property=\"og:image\" content=\"https:\/\/ingesto.org.br\/wp-content\/uploads\/2020\/04\/994125-13012016avenida-rebolcas-morador-nao-identificado-.jpg\" \/>\n\t<meta property=\"og:image:width\" content=\"1170\" \/>\n\t<meta property=\"og:image:height\" content=\"700\" \/>\n\t<meta property=\"og:image:type\" content=\"image\/jpeg\" \/>\n<meta name=\"author\" content=\"Ingesto\" \/>\n<meta name=\"twitter:card\" content=\"summary_large_image\" \/>\n<meta name=\"twitter:creator\" content=\"@Ingestos\" \/>\n<meta name=\"twitter:site\" content=\"@Ingestos\" \/>\n<meta name=\"twitter:label1\" content=\"Written by\" \/>\n\t<meta name=\"twitter:data1\" content=\"Ingesto\" \/>\n\t<meta name=\"twitter:label2\" content=\"Est. reading time\" \/>\n\t<meta name=\"twitter:data2\" content=\"3 minutes\" \/>\n<script type=\"application\/ld+json\" class=\"yoast-schema-graph\">{\"@context\":\"https:\\\/\\\/schema.org\",\"@graph\":[{\"@type\":\"Article\",\"@id\":\"https:\\\/\\\/ingesto.org.br\\\/grupo-de-trabalho-quer-garantir-direito-de-pessoas-em-situacoes-de-rua\\\/#article\",\"isPartOf\":{\"@id\":\"https:\\\/\\\/ingesto.org.br\\\/grupo-de-trabalho-quer-garantir-direito-de-pessoas-em-situacoes-de-rua\\\/\"},\"author\":{\"name\":\"Ingesto\",\"@id\":\"http:\\\/\\\/ingesto.org.br\\\/en\\\/#\\\/schema\\\/person\\\/b6b24d64bb11f377f79f5f35b9c466dc\"},\"headline\":\"Grupo de trabalho quer garantir direitos de pessoas em situa\u00e7\u00e3o de rua\",\"datePublished\":\"2021-04-03T21:04:01+00:00\",\"mainEntityOfPage\":{\"@id\":\"https:\\\/\\\/ingesto.org.br\\\/grupo-de-trabalho-quer-garantir-direito-de-pessoas-em-situacoes-de-rua\\\/\"},\"wordCount\":627,\"commentCount\":0,\"publisher\":{\"@id\":\"http:\\\/\\\/ingesto.org.br\\\/en\\\/#organization\"},\"image\":{\"@id\":\"https:\\\/\\\/ingesto.org.br\\\/grupo-de-trabalho-quer-garantir-direito-de-pessoas-em-situacoes-de-rua\\\/#primaryimage\"},\"thumbnailUrl\":\"https:\\\/\\\/ingesto.org.br\\\/wp-content\\\/uploads\\\/2020\\\/04\\\/994125-13012016avenida-rebolcas-morador-nao-identificado-.jpg\",\"keywords\":[\"caridade\",\"coronav\u00edrus\",\"covid-19\",\"direitos humanos\",\"doa\u00e7\u00f5es\",\"DPU\",\"GT Rua\",\"moradores de rua\",\"pandemia\"],\"articleSection\":[\"Not\u00edcias\",\"People\"],\"inLanguage\":\"en-US\",\"potentialAction\":[{\"@type\":\"CommentAction\",\"name\":\"Comment\",\"target\":[\"https:\\\/\\\/ingesto.org.br\\\/grupo-de-trabalho-quer-garantir-direito-de-pessoas-em-situacoes-de-rua\\\/#respond\"]}]},{\"@type\":\"WebPage\",\"@id\":\"https:\\\/\\\/ingesto.org.br\\\/grupo-de-trabalho-quer-garantir-direito-de-pessoas-em-situacoes-de-rua\\\/\",\"url\":\"https:\\\/\\\/ingesto.org.br\\\/grupo-de-trabalho-quer-garantir-direito-de-pessoas-em-situacoes-de-rua\\\/\",\"name\":\"Grupo de trabalho quer garantir direitos de pessoas em situa\u00e7\u00e3o de rua - Ingesto\",\"isPartOf\":{\"@id\":\"http:\\\/\\\/ingesto.org.br\\\/en\\\/#website\"},\"primaryImageOfPage\":{\"@id\":\"https:\\\/\\\/ingesto.org.br\\\/grupo-de-trabalho-quer-garantir-direito-de-pessoas-em-situacoes-de-rua\\\/#primaryimage\"},\"image\":{\"@id\":\"https:\\\/\\\/ingesto.org.br\\\/grupo-de-trabalho-quer-garantir-direito-de-pessoas-em-situacoes-de-rua\\\/#primaryimage\"},\"thumbnailUrl\":\"https:\\\/\\\/ingesto.org.br\\\/wp-content\\\/uploads\\\/2020\\\/04\\\/994125-13012016avenida-rebolcas-morador-nao-identificado-.jpg\",\"datePublished\":\"2021-04-03T21:04:01+00:00\",\"description\":\"O GT Rua, da DPU, recomendou a estados e munic\u00edpios medidas para preservar os direitos dessa popula\u00e7\u00e3o diante da pandemia da Covid-19.\",\"breadcrumb\":{\"@id\":\"https:\\\/\\\/ingesto.org.br\\\/grupo-de-trabalho-quer-garantir-direito-de-pessoas-em-situacoes-de-rua\\\/#breadcrumb\"},\"inLanguage\":\"en-US\",\"potentialAction\":[{\"@type\":\"ReadAction\",\"target\":[\"https:\\\/\\\/ingesto.org.br\\\/grupo-de-trabalho-quer-garantir-direito-de-pessoas-em-situacoes-de-rua\\\/\"]}]},{\"@type\":\"ImageObject\",\"inLanguage\":\"en-US\",\"@id\":\"https:\\\/\\\/ingesto.org.br\\\/grupo-de-trabalho-quer-garantir-direito-de-pessoas-em-situacoes-de-rua\\\/#primaryimage\",\"url\":\"https:\\\/\\\/ingesto.org.br\\\/wp-content\\\/uploads\\\/2020\\\/04\\\/994125-13012016avenida-rebolcas-morador-nao-identificado-.jpg\",\"contentUrl\":\"https:\\\/\\\/ingesto.org.br\\\/wp-content\\\/uploads\\\/2020\\\/04\\\/994125-13012016avenida-rebolcas-morador-nao-identificado-.jpg\",\"width\":1170,\"height\":700,\"caption\":\"S\u00e3o Paulo - Em meio a Avenida Rebou\u00e7as, moradores em situa\u00e7\u00e3o de rua sobrevivem (Rovena Rosa\\\/Ag\u00eancia Brasil)\"},{\"@type\":\"BreadcrumbList\",\"@id\":\"https:\\\/\\\/ingesto.org.br\\\/grupo-de-trabalho-quer-garantir-direito-de-pessoas-em-situacoes-de-rua\\\/#breadcrumb\",\"itemListElement\":[{\"@type\":\"ListItem\",\"position\":1,\"name\":\"In\u00edcio\",\"item\":\"https:\\\/\\\/ingesto.org.br\\\/\"},{\"@type\":\"ListItem\",\"position\":2,\"name\":\"Grupo de trabalho quer garantir direitos de pessoas em situa\u00e7\u00e3o de rua\"}]},{\"@type\":\"WebSite\",\"@id\":\"http:\\\/\\\/ingesto.org.br\\\/en\\\/#website\",\"url\":\"http:\\\/\\\/ingesto.org.br\\\/en\\\/\",\"name\":\"Instituto\",\"description\":\"Instituto para Gest\u00e3o do Terceiro Setor\",\"publisher\":{\"@id\":\"http:\\\/\\\/ingesto.org.br\\\/en\\\/#organization\"},\"alternateName\":\"Ingesto\",\"potentialAction\":[{\"@type\":\"SearchAction\",\"target\":{\"@type\":\"EntryPoint\",\"urlTemplate\":\"http:\\\/\\\/ingesto.org.br\\\/en\\\/?s={search_term_string}\"},\"query-input\":{\"@type\":\"PropertyValueSpecification\",\"valueRequired\":true,\"valueName\":\"search_term_string\"}}],\"inLanguage\":\"en-US\"},{\"@type\":\"Organization\",\"@id\":\"http:\\\/\\\/ingesto.org.br\\\/en\\\/#organization\",\"name\":\"Ingesto\",\"url\":\"http:\\\/\\\/ingesto.org.br\\\/en\\\/\",\"logo\":{\"@type\":\"ImageObject\",\"inLanguage\":\"en-US\",\"@id\":\"http:\\\/\\\/ingesto.org.br\\\/en\\\/#\\\/schema\\\/logo\\\/image\\\/\",\"url\":\"https:\\\/\\\/ingesto.org.br\\\/wp-content\\\/uploads\\\/2020\\\/11\\\/cropped-cropped-icone.png\",\"contentUrl\":\"https:\\\/\\\/ingesto.org.br\\\/wp-content\\\/uploads\\\/2020\\\/11\\\/cropped-cropped-icone.png\",\"width\":512,\"height\":512,\"caption\":\"Ingesto\"},\"image\":{\"@id\":\"http:\\\/\\\/ingesto.org.br\\\/en\\\/#\\\/schema\\\/logo\\\/image\\\/\"},\"sameAs\":[\"https:\\\/\\\/www.facebook.com\\\/institutoingesto\",\"https:\\\/\\\/x.com\\\/Ingestos\",\"https:\\\/\\\/www.instagram.com\\\/institutoingesto\\\/\",\"https:\\\/\\\/www.youtube.com\\\/@institutoingesto\",\"https:\\\/\\\/www.linkedin.com\\\/in\\\/instituto-ingesto\"]},{\"@type\":\"Person\",\"@id\":\"http:\\\/\\\/ingesto.org.br\\\/en\\\/#\\\/schema\\\/person\\\/b6b24d64bb11f377f79f5f35b9c466dc\",\"name\":\"Ingesto\",\"image\":{\"@type\":\"ImageObject\",\"inLanguage\":\"en-US\",\"@id\":\"https:\\\/\\\/ingesto.org.br\\\/wp-content\\\/litespeed\\\/avatar\\\/4d7201aed9dddada281d8ce59ea56991.jpg?ver=1776950236\",\"url\":\"https:\\\/\\\/ingesto.org.br\\\/wp-content\\\/litespeed\\\/avatar\\\/4d7201aed9dddada281d8ce59ea56991.jpg?ver=1776950236\",\"contentUrl\":\"https:\\\/\\\/ingesto.org.br\\\/wp-content\\\/litespeed\\\/avatar\\\/4d7201aed9dddada281d8ce59ea56991.jpg?ver=1776950236\",\"caption\":\"Ingesto\"},\"sameAs\":[\"http:\\\/\\\/ingesto.org.br\"],\"url\":\"https:\\\/\\\/ingesto.org.br\\\/en\\\/author\\\/instituto-ingesto\\\/\"}]}<\/script>\n<!-- \/ Yoast SEO plugin. -->","yoast_head_json":{"title":"Grupo de trabalho quer garantir direitos de pessoas em situa\u00e7\u00e3o de rua - Ingesto","description":"O GT Rua, da DPU, recomendou a estados e munic\u00edpios medidas para preservar os direitos dessa popula\u00e7\u00e3o diante da pandemia da Covid-19.","robots":{"index":"index","follow":"follow","max-snippet":"max-snippet:-1","max-image-preview":"max-image-preview:large","max-video-preview":"max-video-preview:-1"},"canonical":"https:\/\/ingesto.org.br\/en\/grupo-de-trabalho-quer-garantir-direito-de-pessoas-em-situacoes-de-rua\/","og_locale":"en_US","og_type":"article","og_title":"Grupo de trabalho quer garantir direitos de pessoas em situa\u00e7\u00e3o de rua - Ingesto","og_description":"O GT Rua, da DPU, recomendou a estados e munic\u00edpios medidas para preservar os direitos dessa popula\u00e7\u00e3o diante da pandemia da Covid-19.","og_url":"https:\/\/ingesto.org.br\/en\/grupo-de-trabalho-quer-garantir-direito-de-pessoas-em-situacoes-de-rua\/","og_site_name":"Ingesto","article_publisher":"https:\/\/www.facebook.com\/institutoingesto","article_published_time":"2021-04-03T21:04:01+00:00","og_image":[{"width":1170,"height":700,"url":"https:\/\/ingesto.org.br\/wp-content\/uploads\/2020\/04\/994125-13012016avenida-rebolcas-morador-nao-identificado-.jpg","type":"image\/jpeg"}],"author":"Ingesto","twitter_card":"summary_large_image","twitter_creator":"@Ingestos","twitter_site":"@Ingestos","twitter_misc":{"Written by":"Ingesto","Est. reading time":"3 minutes"},"schema":{"@context":"https:\/\/schema.org","@graph":[{"@type":"Article","@id":"https:\/\/ingesto.org.br\/grupo-de-trabalho-quer-garantir-direito-de-pessoas-em-situacoes-de-rua\/#article","isPartOf":{"@id":"https:\/\/ingesto.org.br\/grupo-de-trabalho-quer-garantir-direito-de-pessoas-em-situacoes-de-rua\/"},"author":{"name":"Ingesto","@id":"http:\/\/ingesto.org.br\/en\/#\/schema\/person\/b6b24d64bb11f377f79f5f35b9c466dc"},"headline":"Grupo de trabalho quer garantir direitos de pessoas em situa\u00e7\u00e3o de rua","datePublished":"2021-04-03T21:04:01+00:00","mainEntityOfPage":{"@id":"https:\/\/ingesto.org.br\/grupo-de-trabalho-quer-garantir-direito-de-pessoas-em-situacoes-de-rua\/"},"wordCount":627,"commentCount":0,"publisher":{"@id":"http:\/\/ingesto.org.br\/en\/#organization"},"image":{"@id":"https:\/\/ingesto.org.br\/grupo-de-trabalho-quer-garantir-direito-de-pessoas-em-situacoes-de-rua\/#primaryimage"},"thumbnailUrl":"https:\/\/ingesto.org.br\/wp-content\/uploads\/2020\/04\/994125-13012016avenida-rebolcas-morador-nao-identificado-.jpg","keywords":["caridade","coronav\u00edrus","covid-19","direitos humanos","doa\u00e7\u00f5es","DPU","GT Rua","moradores de rua","pandemia"],"articleSection":["Not\u00edcias","People"],"inLanguage":"en-US","potentialAction":[{"@type":"CommentAction","name":"Comment","target":["https:\/\/ingesto.org.br\/grupo-de-trabalho-quer-garantir-direito-de-pessoas-em-situacoes-de-rua\/#respond"]}]},{"@type":"WebPage","@id":"https:\/\/ingesto.org.br\/grupo-de-trabalho-quer-garantir-direito-de-pessoas-em-situacoes-de-rua\/","url":"https:\/\/ingesto.org.br\/grupo-de-trabalho-quer-garantir-direito-de-pessoas-em-situacoes-de-rua\/","name":"Grupo de trabalho quer garantir direitos de pessoas em situa\u00e7\u00e3o de rua - Ingesto","isPartOf":{"@id":"http:\/\/ingesto.org.br\/en\/#website"},"primaryImageOfPage":{"@id":"https:\/\/ingesto.org.br\/grupo-de-trabalho-quer-garantir-direito-de-pessoas-em-situacoes-de-rua\/#primaryimage"},"image":{"@id":"https:\/\/ingesto.org.br\/grupo-de-trabalho-quer-garantir-direito-de-pessoas-em-situacoes-de-rua\/#primaryimage"},"thumbnailUrl":"https:\/\/ingesto.org.br\/wp-content\/uploads\/2020\/04\/994125-13012016avenida-rebolcas-morador-nao-identificado-.jpg","datePublished":"2021-04-03T21:04:01+00:00","description":"O GT Rua, da DPU, recomendou a estados e munic\u00edpios medidas para preservar os direitos dessa popula\u00e7\u00e3o diante da pandemia da Covid-19.","breadcrumb":{"@id":"https:\/\/ingesto.org.br\/grupo-de-trabalho-quer-garantir-direito-de-pessoas-em-situacoes-de-rua\/#breadcrumb"},"inLanguage":"en-US","potentialAction":[{"@type":"ReadAction","target":["https:\/\/ingesto.org.br\/grupo-de-trabalho-quer-garantir-direito-de-pessoas-em-situacoes-de-rua\/"]}]},{"@type":"ImageObject","inLanguage":"en-US","@id":"https:\/\/ingesto.org.br\/grupo-de-trabalho-quer-garantir-direito-de-pessoas-em-situacoes-de-rua\/#primaryimage","url":"https:\/\/ingesto.org.br\/wp-content\/uploads\/2020\/04\/994125-13012016avenida-rebolcas-morador-nao-identificado-.jpg","contentUrl":"https:\/\/ingesto.org.br\/wp-content\/uploads\/2020\/04\/994125-13012016avenida-rebolcas-morador-nao-identificado-.jpg","width":1170,"height":700,"caption":"S\u00e3o Paulo - Em meio a Avenida Rebou\u00e7as, moradores em situa\u00e7\u00e3o de rua sobrevivem (Rovena Rosa\/Ag\u00eancia Brasil)"},{"@type":"BreadcrumbList","@id":"https:\/\/ingesto.org.br\/grupo-de-trabalho-quer-garantir-direito-de-pessoas-em-situacoes-de-rua\/#breadcrumb","itemListElement":[{"@type":"ListItem","position":1,"name":"In\u00edcio","item":"https:\/\/ingesto.org.br\/"},{"@type":"ListItem","position":2,"name":"Grupo de trabalho quer garantir direitos de pessoas em situa\u00e7\u00e3o de rua"}]},{"@type":"WebSite","@id":"http:\/\/ingesto.org.br\/en\/#website","url":"http:\/\/ingesto.org.br\/en\/","name":"Institute","description":"Institute for Third Sector Management","publisher":{"@id":"http:\/\/ingesto.org.br\/en\/#organization"},"alternateName":"Ingesto","potentialAction":[{"@type":"SearchAction","target":{"@type":"EntryPoint","urlTemplate":"http:\/\/ingesto.org.br\/en\/?s={search_term_string}"},"query-input":{"@type":"PropertyValueSpecification","valueRequired":true,"valueName":"search_term_string"}}],"inLanguage":"en-US"},{"@type":"Organization","@id":"http:\/\/ingesto.org.br\/en\/#organization","name":"Ingesto","url":"http:\/\/ingesto.org.br\/en\/","logo":{"@type":"ImageObject","inLanguage":"en-US","@id":"http:\/\/ingesto.org.br\/en\/#\/schema\/logo\/image\/","url":"https:\/\/ingesto.org.br\/wp-content\/uploads\/2020\/11\/cropped-cropped-icone.png","contentUrl":"https:\/\/ingesto.org.br\/wp-content\/uploads\/2020\/11\/cropped-cropped-icone.png","width":512,"height":512,"caption":"Ingesto"},"image":{"@id":"http:\/\/ingesto.org.br\/en\/#\/schema\/logo\/image\/"},"sameAs":["https:\/\/www.facebook.com\/institutoingesto","https:\/\/x.com\/Ingestos","https:\/\/www.instagram.com\/institutoingesto\/","https:\/\/www.youtube.com\/@institutoingesto","https:\/\/www.linkedin.com\/in\/instituto-ingesto"]},{"@type":"Person","@id":"http:\/\/ingesto.org.br\/en\/#\/schema\/person\/b6b24d64bb11f377f79f5f35b9c466dc","name":"Ingesto","image":{"@type":"ImageObject","inLanguage":"en-US","@id":"https:\/\/ingesto.org.br\/wp-content\/litespeed\/avatar\/4d7201aed9dddada281d8ce59ea56991.jpg?ver=1776950236","url":"https:\/\/ingesto.org.br\/wp-content\/litespeed\/avatar\/4d7201aed9dddada281d8ce59ea56991.jpg?ver=1776950236","contentUrl":"https:\/\/ingesto.org.br\/wp-content\/litespeed\/avatar\/4d7201aed9dddada281d8ce59ea56991.jpg?ver=1776950236","caption":"Ingesto"},"sameAs":["http:\/\/ingesto.org.br"],"url":"https:\/\/ingesto.org.br\/en\/author\/instituto-ingesto\/"}]}},"jetpack_featured_media_url":"https:\/\/ingesto.org.br\/wp-content\/uploads\/2020\/04\/994125-13012016avenida-rebolcas-morador-nao-identificado-.jpg","jetpack_shortlink":"https:\/\/wp.me\/peji5g-rS","acf":[],"_links":{"self":[{"href":"https:\/\/ingesto.org.br\/en\/wp-json\/wp\/v2\/posts\/1728","targetHints":{"allow":["GET"]}}],"collection":[{"href":"https:\/\/ingesto.org.br\/en\/wp-json\/wp\/v2\/posts"}],"about":[{"href":"https:\/\/ingesto.org.br\/en\/wp-json\/wp\/v2\/types\/post"}],"author":[{"embeddable":true,"href":"https:\/\/ingesto.org.br\/en\/wp-json\/wp\/v2\/users\/1"}],"replies":[{"embeddable":true,"href":"https:\/\/ingesto.org.br\/en\/wp-json\/wp\/v2\/comments?post=1728"}],"version-history":[{"count":0,"href":"https:\/\/ingesto.org.br\/en\/wp-json\/wp\/v2\/posts\/1728\/revisions"}],"wp:featuredmedia":[{"embeddable":true,"href":"https:\/\/ingesto.org.br\/en\/wp-json\/wp\/v2\/media\/1730"}],"wp:attachment":[{"href":"https:\/\/ingesto.org.br\/en\/wp-json\/wp\/v2\/media?parent=1728"}],"wp:term":[{"taxonomy":"category","embeddable":true,"href":"https:\/\/ingesto.org.br\/en\/wp-json\/wp\/v2\/categories?post=1728"},{"taxonomy":"post_tag","embeddable":true,"href":"https:\/\/ingesto.org.br\/en\/wp-json\/wp\/v2\/tags?post=1728"}],"curies":[{"name":"wp","href":"https:\/\/api.w.org\/{rel}","templated":true}]}}