{"id":1698,"date":"2021-03-18T18:42:30","date_gmt":"2021-03-18T21:42:30","guid":{"rendered":"http:\/\/ingesto.com.br\/?p=1698"},"modified":"2021-03-18T18:42:30","modified_gmt":"2021-03-18T21:42:30","slug":"camara-setorial-do-terceiro-setor-promoveu-reuniao-nessa-ultima-segunda-feira","status":"publish","type":"post","link":"https:\/\/ingesto.org.br\/en\/camara-setorial-do-terceiro-setor-promoveu-reuniao-nessa-ultima-segunda-feira\/","title":{"rendered":"Third Sector Sector Chamber held a meeting this past Monday"},"content":{"rendered":"<p>[vc_row][vc_column][vc_text_separator title=&#8221;C\u00e2mara Setorial do Terceiro Setor promoveu reuni\u00e3o nessa \u00faltima segunda-feira&#8221;][vc_column_text]<\/p>\n<p>Dr. Gimenez explica a import\u00e2ncia de profissionalizar o trabalho do terceiro setor que envolve mais de 12 milh\u00f5es de pessoas no pa\u00eds e contribuir com servi\u00e7os \u00e0 sociedade<\/p>\n<p>A C\u00e2mara Setorial Tem\u00e1tica do Terceiro Setor promoveu a primeira reuni\u00e3o do ano na segunda-feira (16), \u00e0s 9h, na sala de comiss\u00f5es da Assembleia Legislativa. Entre as pautas estava a orienta\u00e7\u00e3o sobre a capta\u00e7\u00e3o de recursos p\u00fablicos em Mato Grosso para o exerc\u00edcio de 2020.<\/p>\n<p><!-- \/wp:post-content -->\n\n<!-- wp:paragraph -->Conforme o deputado estadual Dr. Gimenez (PV), que preside a CST, o objetivo principal era contribuir com a profissionaliza\u00e7\u00e3o na atua\u00e7\u00e3o de associa\u00e7\u00f5es, funda\u00e7\u00f5es e entidades filantr\u00f3picas em todo o estado, de modo a melhorar a presta\u00e7\u00e3o dos diversos servi\u00e7os oferecidos \u00e0 sociedade.<\/p>\n<p><!-- \/wp:paragraph -->\n\n<!-- wp:paragraph -->\u201cMais de 12 milh\u00f5es de pessoas est\u00e3o envolvidas em atividades filantr\u00f3picas do terceiro setor no Brasil. Devido a esta relev\u00e2ncia, n\u00f3s instalamos a C\u00e2mara Setorial Tem\u00e1tica no dia 29 de outubro do ano passado, buscando orientar, divulgar e informar esses profissionais acerca de elabora\u00e7\u00e3o de projetos, voluntariado e suas especificidades, gest\u00e3o e administra\u00e7\u00e3o financeira e cont\u00e1bil\u201d.<\/p>\n<p><!-- \/wp:paragraph -->\n\n<!-- wp:paragraph -->Com as novas regras advindas com o Marco Relat\u00f3rio, h\u00e1 necessidade que as entidades se adequem para atender as parcerias p\u00fablico-privadas (PPPs). Por isso tamb\u00e9m foram tratados na reuni\u00e3o: divis\u00e3o dos eixos de trabalho; divulga\u00e7\u00e3o de cursos para membros da C\u00e2mara Setorial, do Fundo para Inf\u00e2ncia e Adolesc\u00eancia e a Audi\u00eancia P\u00fablica \u201cMarco Regulat\u00f3rio das Organiza\u00e7\u00f5es da Sociedade Civil \u2013 Lei 13.019\/2014 e suas aplica\u00e7\u00f5es pr\u00e1ticas\u201d.<\/p>\n<p><!-- \/wp:paragraph -->\n\n<!-- wp:paragraph -->Terceiro setor \u2013 \u00c9 o conjunto de institui\u00e7\u00f5es como funda\u00e7\u00f5es, associa\u00e7\u00f5es, organiza\u00e7\u00f5es n\u00e3o governamentais, entidades filantr\u00f3picas e outras, que s\u00e3o iniciativas privadas por\u00e9m sem fins lucrativos, que atuam em prol do bem comum e da cidadania. A capacita\u00e7\u00e3o dos profissionais que atuam no terceiro setor preenche lacunas sociais geradas pelas falhas no primeiro e segundo setores (governo e setor privado\/mercado).<\/p>\n<p><!-- \/wp:paragraph -->\u00a0<\/p>\n<p>[\/vc_column_text][vc_column_text]<\/p>\n<p style=\"text-align: left;\"><em>Fonte: <a href=\"https:\/\/www.al.mt.gov.br\/midia\/texto\/camara-setorial-do-terceiro-setor-promove-primeira-reuniao-do-ano\/visualizar\">ALMT<\/a><\/em><\/p>\n<p>[\/vc_column_text][\/vc_column][\/vc_row]<\/p>","protected":false},"excerpt":{"rendered":"<p>[vc_row][vc_column][vc_text_separator title=&#8221;C\u00e2mara Setorial do Terceiro Setor promoveu reuni\u00e3o nessa \u00faltima segunda-feira&#8221;][vc_column_text] Dr. Gimenez explica a import\u00e2ncia de profissionalizar o trabalho do terceiro setor que envolve mais de 12 milh\u00f5es de pessoas no pa\u00eds e contribuir com servi\u00e7os \u00e0 sociedade A C\u00e2mara Setorial Tem\u00e1tica do Terceiro Setor promoveu a primeira reuni\u00e3o do ano na segunda-feira (16), [&hellip;]<\/p>\n","protected":false},"author":1,"featured_media":1699,"comment_status":"open","ping_status":"open","sticky":false,"template":"","format":"standard","meta":{"give_campaign_id":0,"_yoast_wpseo_focuskw":"terceiro setor","_yoast_wpseo_title":"","_yoast_wpseo_metadesc":"Dr. Gimenez explica a import\u00e2ncia de profissionalizar o trabalho do terceiro setor que envolve mais de 12 milh\u00f5es de pessoas no pa\u00eds e contribuir com servi\u00e7os \u00e0 sociedade","_joinchat":[],"footnotes":""},"categories":[29,38],"tags":[59,61,64,90,111,124,132,182],"class_list":["post-1698","post","type-post","status-publish","format-standard","has-post-thumbnail","hentry","category-noticias","category-people","tag-assembleia","tag-associacoes","tag-atividades-filantropicas","tag-cts","tag-fundacoes","tag-instituicoes","tag-mato-grosso","tag-terceiro-setor"],"yoast_head":"<!-- This site is optimized with the Yoast SEO plugin v27.4 - https:\/\/yoast.com\/product\/yoast-seo-wordpress\/ -->\n<title>C\u00e2mara Setorial do Terceiro Setor promoveu reuni\u00e3o nessa \u00faltima segunda-feira - Ingesto<\/title>\n<meta name=\"description\" content=\"Dr. Gimenez explica a import\u00e2ncia de profissionalizar o trabalho do terceiro setor que envolve mais de 12 milh\u00f5es de pessoas no pa\u00eds e contribuir com servi\u00e7os \u00e0 sociedade\" \/>\n<meta name=\"robots\" content=\"index, follow, max-snippet:-1, max-image-preview:large, max-video-preview:-1\" \/>\n<link rel=\"canonical\" href=\"https:\/\/ingesto.org.br\/en\/camara-setorial-do-terceiro-setor-promoveu-reuniao-nessa-ultima-segunda-feira\/\" \/>\n<meta property=\"og:locale\" content=\"en_US\" \/>\n<meta property=\"og:type\" content=\"article\" \/>\n<meta property=\"og:title\" content=\"C\u00e2mara Setorial do Terceiro Setor promoveu reuni\u00e3o nessa \u00faltima segunda-feira - Ingesto\" \/>\n<meta property=\"og:description\" content=\"Dr. Gimenez explica a import\u00e2ncia de profissionalizar o trabalho do terceiro setor que envolve mais de 12 milh\u00f5es de pessoas no pa\u00eds e contribuir com servi\u00e7os \u00e0 sociedade\" \/>\n<meta property=\"og:url\" content=\"https:\/\/ingesto.org.br\/en\/camara-setorial-do-terceiro-setor-promoveu-reuniao-nessa-ultima-segunda-feira\/\" \/>\n<meta property=\"og:site_name\" content=\"Ingesto\" \/>\n<meta property=\"article:publisher\" content=\"https:\/\/www.facebook.com\/institutoingesto\" \/>\n<meta property=\"article:published_time\" content=\"2021-03-18T21:42:30+00:00\" \/>\n<meta property=\"og:image\" content=\"https:\/\/ingesto.org.br\/wp-content\/uploads\/2020\/03\/Camara-Setorial-e1584567300533.jpg\" \/>\n\t<meta property=\"og:image:width\" content=\"1080\" \/>\n\t<meta property=\"og:image:height\" content=\"720\" \/>\n\t<meta property=\"og:image:type\" content=\"image\/jpeg\" \/>\n<meta name=\"author\" content=\"Ingesto\" \/>\n<meta name=\"twitter:card\" content=\"summary_large_image\" \/>\n<meta name=\"twitter:creator\" content=\"@Ingestos\" \/>\n<meta name=\"twitter:site\" content=\"@Ingestos\" \/>\n<meta name=\"twitter:label1\" content=\"Written by\" \/>\n\t<meta name=\"twitter:data1\" content=\"Ingesto\" \/>\n\t<meta name=\"twitter:label2\" content=\"Est. reading time\" \/>\n\t<meta name=\"twitter:data2\" content=\"2 minutes\" \/>\n<script type=\"application\/ld+json\" class=\"yoast-schema-graph\">{\"@context\":\"https:\\\/\\\/schema.org\",\"@graph\":[{\"@type\":\"Article\",\"@id\":\"https:\\\/\\\/ingesto.org.br\\\/camara-setorial-do-terceiro-setor-promoveu-reuniao-nessa-ultima-segunda-feira\\\/#article\",\"isPartOf\":{\"@id\":\"https:\\\/\\\/ingesto.org.br\\\/camara-setorial-do-terceiro-setor-promoveu-reuniao-nessa-ultima-segunda-feira\\\/\"},\"author\":{\"name\":\"Ingesto\",\"@id\":\"http:\\\/\\\/ingesto.org.br\\\/en\\\/#\\\/schema\\\/person\\\/b6b24d64bb11f377f79f5f35b9c466dc\"},\"headline\":\"C\u00e2mara Setorial do Terceiro Setor promoveu reuni\u00e3o nessa \u00faltima segunda-feira\",\"datePublished\":\"2021-03-18T21:42:30+00:00\",\"mainEntityOfPage\":{\"@id\":\"https:\\\/\\\/ingesto.org.br\\\/camara-setorial-do-terceiro-setor-promoveu-reuniao-nessa-ultima-segunda-feira\\\/\"},\"wordCount\":392,\"commentCount\":0,\"publisher\":{\"@id\":\"http:\\\/\\\/ingesto.org.br\\\/en\\\/#organization\"},\"image\":{\"@id\":\"https:\\\/\\\/ingesto.org.br\\\/camara-setorial-do-terceiro-setor-promoveu-reuniao-nessa-ultima-segunda-feira\\\/#primaryimage\"},\"thumbnailUrl\":\"https:\\\/\\\/ingesto.org.br\\\/wp-content\\\/uploads\\\/2020\\\/03\\\/Camara-Setorial-e1584567300533.jpg\",\"keywords\":[\"assembl\u00e9ia\",\"associa\u00e7\u00f5es\",\"atividades filantropicas\",\"cts\",\"funda\u00e7\u00f5es\",\"institui\u00e7\u00f5es\",\"mato grosso\",\"terceiro setor\"],\"articleSection\":[\"Not\u00edcias\",\"People\"],\"inLanguage\":\"en-US\",\"potentialAction\":[{\"@type\":\"CommentAction\",\"name\":\"Comment\",\"target\":[\"https:\\\/\\\/ingesto.org.br\\\/camara-setorial-do-terceiro-setor-promoveu-reuniao-nessa-ultima-segunda-feira\\\/#respond\"]}]},{\"@type\":\"WebPage\",\"@id\":\"https:\\\/\\\/ingesto.org.br\\\/camara-setorial-do-terceiro-setor-promoveu-reuniao-nessa-ultima-segunda-feira\\\/\",\"url\":\"https:\\\/\\\/ingesto.org.br\\\/camara-setorial-do-terceiro-setor-promoveu-reuniao-nessa-ultima-segunda-feira\\\/\",\"name\":\"C\u00e2mara Setorial do Terceiro Setor promoveu reuni\u00e3o nessa \u00faltima segunda-feira - Ingesto\",\"isPartOf\":{\"@id\":\"http:\\\/\\\/ingesto.org.br\\\/en\\\/#website\"},\"primaryImageOfPage\":{\"@id\":\"https:\\\/\\\/ingesto.org.br\\\/camara-setorial-do-terceiro-setor-promoveu-reuniao-nessa-ultima-segunda-feira\\\/#primaryimage\"},\"image\":{\"@id\":\"https:\\\/\\\/ingesto.org.br\\\/camara-setorial-do-terceiro-setor-promoveu-reuniao-nessa-ultima-segunda-feira\\\/#primaryimage\"},\"thumbnailUrl\":\"https:\\\/\\\/ingesto.org.br\\\/wp-content\\\/uploads\\\/2020\\\/03\\\/Camara-Setorial-e1584567300533.jpg\",\"datePublished\":\"2021-03-18T21:42:30+00:00\",\"description\":\"Dr. Gimenez explica a import\u00e2ncia de profissionalizar o trabalho do terceiro setor que envolve mais de 12 milh\u00f5es de pessoas no pa\u00eds e contribuir com servi\u00e7os \u00e0 sociedade\",\"breadcrumb\":{\"@id\":\"https:\\\/\\\/ingesto.org.br\\\/camara-setorial-do-terceiro-setor-promoveu-reuniao-nessa-ultima-segunda-feira\\\/#breadcrumb\"},\"inLanguage\":\"en-US\",\"potentialAction\":[{\"@type\":\"ReadAction\",\"target\":[\"https:\\\/\\\/ingesto.org.br\\\/camara-setorial-do-terceiro-setor-promoveu-reuniao-nessa-ultima-segunda-feira\\\/\"]}]},{\"@type\":\"ImageObject\",\"inLanguage\":\"en-US\",\"@id\":\"https:\\\/\\\/ingesto.org.br\\\/camara-setorial-do-terceiro-setor-promoveu-reuniao-nessa-ultima-segunda-feira\\\/#primaryimage\",\"url\":\"https:\\\/\\\/ingesto.org.br\\\/wp-content\\\/uploads\\\/2020\\\/03\\\/Camara-Setorial-e1584567300533.jpg\",\"contentUrl\":\"https:\\\/\\\/ingesto.org.br\\\/wp-content\\\/uploads\\\/2020\\\/03\\\/Camara-Setorial-e1584567300533.jpg\",\"width\":1080,\"height\":720,\"caption\":\"C\u00e2mara-Setorial\"},{\"@type\":\"BreadcrumbList\",\"@id\":\"https:\\\/\\\/ingesto.org.br\\\/camara-setorial-do-terceiro-setor-promoveu-reuniao-nessa-ultima-segunda-feira\\\/#breadcrumb\",\"itemListElement\":[{\"@type\":\"ListItem\",\"position\":1,\"name\":\"In\u00edcio\",\"item\":\"https:\\\/\\\/ingesto.org.br\\\/\"},{\"@type\":\"ListItem\",\"position\":2,\"name\":\"C\u00e2mara Setorial do Terceiro Setor promoveu reuni\u00e3o nessa \u00faltima segunda-feira\"}]},{\"@type\":\"WebSite\",\"@id\":\"http:\\\/\\\/ingesto.org.br\\\/en\\\/#website\",\"url\":\"http:\\\/\\\/ingesto.org.br\\\/en\\\/\",\"name\":\"Instituto\",\"description\":\"Instituto para Gest\u00e3o do Terceiro Setor\",\"publisher\":{\"@id\":\"http:\\\/\\\/ingesto.org.br\\\/en\\\/#organization\"},\"alternateName\":\"Ingesto\",\"potentialAction\":[{\"@type\":\"SearchAction\",\"target\":{\"@type\":\"EntryPoint\",\"urlTemplate\":\"http:\\\/\\\/ingesto.org.br\\\/en\\\/?s={search_term_string}\"},\"query-input\":{\"@type\":\"PropertyValueSpecification\",\"valueRequired\":true,\"valueName\":\"search_term_string\"}}],\"inLanguage\":\"en-US\"},{\"@type\":\"Organization\",\"@id\":\"http:\\\/\\\/ingesto.org.br\\\/en\\\/#organization\",\"name\":\"Ingesto\",\"url\":\"http:\\\/\\\/ingesto.org.br\\\/en\\\/\",\"logo\":{\"@type\":\"ImageObject\",\"inLanguage\":\"en-US\",\"@id\":\"http:\\\/\\\/ingesto.org.br\\\/en\\\/#\\\/schema\\\/logo\\\/image\\\/\",\"url\":\"https:\\\/\\\/ingesto.org.br\\\/wp-content\\\/uploads\\\/2020\\\/11\\\/cropped-cropped-icone.png\",\"contentUrl\":\"https:\\\/\\\/ingesto.org.br\\\/wp-content\\\/uploads\\\/2020\\\/11\\\/cropped-cropped-icone.png\",\"width\":512,\"height\":512,\"caption\":\"Ingesto\"},\"image\":{\"@id\":\"http:\\\/\\\/ingesto.org.br\\\/en\\\/#\\\/schema\\\/logo\\\/image\\\/\"},\"sameAs\":[\"https:\\\/\\\/www.facebook.com\\\/institutoingesto\",\"https:\\\/\\\/x.com\\\/Ingestos\",\"https:\\\/\\\/www.instagram.com\\\/institutoingesto\\\/\",\"https:\\\/\\\/www.youtube.com\\\/@institutoingesto\",\"https:\\\/\\\/www.linkedin.com\\\/in\\\/instituto-ingesto\"]},{\"@type\":\"Person\",\"@id\":\"http:\\\/\\\/ingesto.org.br\\\/en\\\/#\\\/schema\\\/person\\\/b6b24d64bb11f377f79f5f35b9c466dc\",\"name\":\"Ingesto\",\"image\":{\"@type\":\"ImageObject\",\"inLanguage\":\"en-US\",\"@id\":\"https:\\\/\\\/ingesto.org.br\\\/wp-content\\\/litespeed\\\/avatar\\\/4d7201aed9dddada281d8ce59ea56991.jpg?ver=1776950236\",\"url\":\"https:\\\/\\\/ingesto.org.br\\\/wp-content\\\/litespeed\\\/avatar\\\/4d7201aed9dddada281d8ce59ea56991.jpg?ver=1776950236\",\"contentUrl\":\"https:\\\/\\\/ingesto.org.br\\\/wp-content\\\/litespeed\\\/avatar\\\/4d7201aed9dddada281d8ce59ea56991.jpg?ver=1776950236\",\"caption\":\"Ingesto\"},\"sameAs\":[\"http:\\\/\\\/ingesto.org.br\"],\"url\":\"https:\\\/\\\/ingesto.org.br\\\/en\\\/author\\\/instituto-ingesto\\\/\"}]}<\/script>\n<!-- \/ Yoast SEO plugin. -->","yoast_head_json":{"title":"C\u00e2mara Setorial do Terceiro Setor promoveu reuni\u00e3o nessa \u00faltima segunda-feira - Ingesto","description":"Dr. Gimenez explica a import\u00e2ncia de profissionalizar o trabalho do terceiro setor que envolve mais de 12 milh\u00f5es de pessoas no pa\u00eds e contribuir com servi\u00e7os \u00e0 sociedade","robots":{"index":"index","follow":"follow","max-snippet":"max-snippet:-1","max-image-preview":"max-image-preview:large","max-video-preview":"max-video-preview:-1"},"canonical":"https:\/\/ingesto.org.br\/en\/camara-setorial-do-terceiro-setor-promoveu-reuniao-nessa-ultima-segunda-feira\/","og_locale":"en_US","og_type":"article","og_title":"C\u00e2mara Setorial do Terceiro Setor promoveu reuni\u00e3o nessa \u00faltima segunda-feira - Ingesto","og_description":"Dr. Gimenez explica a import\u00e2ncia de profissionalizar o trabalho do terceiro setor que envolve mais de 12 milh\u00f5es de pessoas no pa\u00eds e contribuir com servi\u00e7os \u00e0 sociedade","og_url":"https:\/\/ingesto.org.br\/en\/camara-setorial-do-terceiro-setor-promoveu-reuniao-nessa-ultima-segunda-feira\/","og_site_name":"Ingesto","article_publisher":"https:\/\/www.facebook.com\/institutoingesto","article_published_time":"2021-03-18T21:42:30+00:00","og_image":[{"width":1080,"height":720,"url":"https:\/\/ingesto.org.br\/wp-content\/uploads\/2020\/03\/Camara-Setorial-e1584567300533.jpg","type":"image\/jpeg"}],"author":"Ingesto","twitter_card":"summary_large_image","twitter_creator":"@Ingestos","twitter_site":"@Ingestos","twitter_misc":{"Written by":"Ingesto","Est. reading time":"2 minutes"},"schema":{"@context":"https:\/\/schema.org","@graph":[{"@type":"Article","@id":"https:\/\/ingesto.org.br\/camara-setorial-do-terceiro-setor-promoveu-reuniao-nessa-ultima-segunda-feira\/#article","isPartOf":{"@id":"https:\/\/ingesto.org.br\/camara-setorial-do-terceiro-setor-promoveu-reuniao-nessa-ultima-segunda-feira\/"},"author":{"name":"Ingesto","@id":"http:\/\/ingesto.org.br\/en\/#\/schema\/person\/b6b24d64bb11f377f79f5f35b9c466dc"},"headline":"C\u00e2mara Setorial do Terceiro Setor promoveu reuni\u00e3o nessa \u00faltima segunda-feira","datePublished":"2021-03-18T21:42:30+00:00","mainEntityOfPage":{"@id":"https:\/\/ingesto.org.br\/camara-setorial-do-terceiro-setor-promoveu-reuniao-nessa-ultima-segunda-feira\/"},"wordCount":392,"commentCount":0,"publisher":{"@id":"http:\/\/ingesto.org.br\/en\/#organization"},"image":{"@id":"https:\/\/ingesto.org.br\/camara-setorial-do-terceiro-setor-promoveu-reuniao-nessa-ultima-segunda-feira\/#primaryimage"},"thumbnailUrl":"https:\/\/ingesto.org.br\/wp-content\/uploads\/2020\/03\/Camara-Setorial-e1584567300533.jpg","keywords":["assembl\u00e9ia","associa\u00e7\u00f5es","atividades filantropicas","cts","funda\u00e7\u00f5es","institui\u00e7\u00f5es","mato grosso","terceiro setor"],"articleSection":["Not\u00edcias","People"],"inLanguage":"en-US","potentialAction":[{"@type":"CommentAction","name":"Comment","target":["https:\/\/ingesto.org.br\/camara-setorial-do-terceiro-setor-promoveu-reuniao-nessa-ultima-segunda-feira\/#respond"]}]},{"@type":"WebPage","@id":"https:\/\/ingesto.org.br\/camara-setorial-do-terceiro-setor-promoveu-reuniao-nessa-ultima-segunda-feira\/","url":"https:\/\/ingesto.org.br\/camara-setorial-do-terceiro-setor-promoveu-reuniao-nessa-ultima-segunda-feira\/","name":"C\u00e2mara Setorial do Terceiro Setor promoveu reuni\u00e3o nessa \u00faltima segunda-feira - Ingesto","isPartOf":{"@id":"http:\/\/ingesto.org.br\/en\/#website"},"primaryImageOfPage":{"@id":"https:\/\/ingesto.org.br\/camara-setorial-do-terceiro-setor-promoveu-reuniao-nessa-ultima-segunda-feira\/#primaryimage"},"image":{"@id":"https:\/\/ingesto.org.br\/camara-setorial-do-terceiro-setor-promoveu-reuniao-nessa-ultima-segunda-feira\/#primaryimage"},"thumbnailUrl":"https:\/\/ingesto.org.br\/wp-content\/uploads\/2020\/03\/Camara-Setorial-e1584567300533.jpg","datePublished":"2021-03-18T21:42:30+00:00","description":"Dr. Gimenez explica a import\u00e2ncia de profissionalizar o trabalho do terceiro setor que envolve mais de 12 milh\u00f5es de pessoas no pa\u00eds e contribuir com servi\u00e7os \u00e0 sociedade","breadcrumb":{"@id":"https:\/\/ingesto.org.br\/camara-setorial-do-terceiro-setor-promoveu-reuniao-nessa-ultima-segunda-feira\/#breadcrumb"},"inLanguage":"en-US","potentialAction":[{"@type":"ReadAction","target":["https:\/\/ingesto.org.br\/camara-setorial-do-terceiro-setor-promoveu-reuniao-nessa-ultima-segunda-feira\/"]}]},{"@type":"ImageObject","inLanguage":"en-US","@id":"https:\/\/ingesto.org.br\/camara-setorial-do-terceiro-setor-promoveu-reuniao-nessa-ultima-segunda-feira\/#primaryimage","url":"https:\/\/ingesto.org.br\/wp-content\/uploads\/2020\/03\/Camara-Setorial-e1584567300533.jpg","contentUrl":"https:\/\/ingesto.org.br\/wp-content\/uploads\/2020\/03\/Camara-Setorial-e1584567300533.jpg","width":1080,"height":720,"caption":"C\u00e2mara-Setorial"},{"@type":"BreadcrumbList","@id":"https:\/\/ingesto.org.br\/camara-setorial-do-terceiro-setor-promoveu-reuniao-nessa-ultima-segunda-feira\/#breadcrumb","itemListElement":[{"@type":"ListItem","position":1,"name":"In\u00edcio","item":"https:\/\/ingesto.org.br\/"},{"@type":"ListItem","position":2,"name":"C\u00e2mara Setorial do Terceiro Setor promoveu reuni\u00e3o nessa \u00faltima segunda-feira"}]},{"@type":"WebSite","@id":"http:\/\/ingesto.org.br\/en\/#website","url":"http:\/\/ingesto.org.br\/en\/","name":"Institute","description":"Institute for Third Sector Management","publisher":{"@id":"http:\/\/ingesto.org.br\/en\/#organization"},"alternateName":"Ingesto","potentialAction":[{"@type":"SearchAction","target":{"@type":"EntryPoint","urlTemplate":"http:\/\/ingesto.org.br\/en\/?s={search_term_string}"},"query-input":{"@type":"PropertyValueSpecification","valueRequired":true,"valueName":"search_term_string"}}],"inLanguage":"en-US"},{"@type":"Organization","@id":"http:\/\/ingesto.org.br\/en\/#organization","name":"Ingesto","url":"http:\/\/ingesto.org.br\/en\/","logo":{"@type":"ImageObject","inLanguage":"en-US","@id":"http:\/\/ingesto.org.br\/en\/#\/schema\/logo\/image\/","url":"https:\/\/ingesto.org.br\/wp-content\/uploads\/2020\/11\/cropped-cropped-icone.png","contentUrl":"https:\/\/ingesto.org.br\/wp-content\/uploads\/2020\/11\/cropped-cropped-icone.png","width":512,"height":512,"caption":"Ingesto"},"image":{"@id":"http:\/\/ingesto.org.br\/en\/#\/schema\/logo\/image\/"},"sameAs":["https:\/\/www.facebook.com\/institutoingesto","https:\/\/x.com\/Ingestos","https:\/\/www.instagram.com\/institutoingesto\/","https:\/\/www.youtube.com\/@institutoingesto","https:\/\/www.linkedin.com\/in\/instituto-ingesto"]},{"@type":"Person","@id":"http:\/\/ingesto.org.br\/en\/#\/schema\/person\/b6b24d64bb11f377f79f5f35b9c466dc","name":"Ingesto","image":{"@type":"ImageObject","inLanguage":"en-US","@id":"https:\/\/ingesto.org.br\/wp-content\/litespeed\/avatar\/4d7201aed9dddada281d8ce59ea56991.jpg?ver=1776950236","url":"https:\/\/ingesto.org.br\/wp-content\/litespeed\/avatar\/4d7201aed9dddada281d8ce59ea56991.jpg?ver=1776950236","contentUrl":"https:\/\/ingesto.org.br\/wp-content\/litespeed\/avatar\/4d7201aed9dddada281d8ce59ea56991.jpg?ver=1776950236","caption":"Ingesto"},"sameAs":["http:\/\/ingesto.org.br"],"url":"https:\/\/ingesto.org.br\/en\/author\/instituto-ingesto\/"}]}},"jetpack_featured_media_url":"https:\/\/ingesto.org.br\/wp-content\/uploads\/2020\/03\/Camara-Setorial-e1584567300533.jpg","jetpack_shortlink":"https:\/\/wp.me\/peji5g-ro","acf":[],"_links":{"self":[{"href":"https:\/\/ingesto.org.br\/en\/wp-json\/wp\/v2\/posts\/1698","targetHints":{"allow":["GET"]}}],"collection":[{"href":"https:\/\/ingesto.org.br\/en\/wp-json\/wp\/v2\/posts"}],"about":[{"href":"https:\/\/ingesto.org.br\/en\/wp-json\/wp\/v2\/types\/post"}],"author":[{"embeddable":true,"href":"https:\/\/ingesto.org.br\/en\/wp-json\/wp\/v2\/users\/1"}],"replies":[{"embeddable":true,"href":"https:\/\/ingesto.org.br\/en\/wp-json\/wp\/v2\/comments?post=1698"}],"version-history":[{"count":0,"href":"https:\/\/ingesto.org.br\/en\/wp-json\/wp\/v2\/posts\/1698\/revisions"}],"wp:featuredmedia":[{"embeddable":true,"href":"https:\/\/ingesto.org.br\/en\/wp-json\/wp\/v2\/media\/1699"}],"wp:attachment":[{"href":"https:\/\/ingesto.org.br\/en\/wp-json\/wp\/v2\/media?parent=1698"}],"wp:term":[{"taxonomy":"category","embeddable":true,"href":"https:\/\/ingesto.org.br\/en\/wp-json\/wp\/v2\/categories?post=1698"},{"taxonomy":"post_tag","embeddable":true,"href":"https:\/\/ingesto.org.br\/en\/wp-json\/wp\/v2\/tags?post=1698"}],"curies":[{"name":"wp","href":"https:\/\/api.w.org\/{rel}","templated":true}]}}