{"id":1532,"date":"2017-08-14T12:00:18","date_gmt":"2017-08-14T12:00:18","guid":{"rendered":"http:\/\/rubenssantana.com\/?p=1532"},"modified":"2017-08-14T12:00:18","modified_gmt":"2017-08-14T12:00:18","slug":"analise-das-bancadas-na-camara-dos-deputados","status":"publish","type":"post","link":"https:\/\/ingesto.org.br\/en\/analise-das-bancadas-na-camara-dos-deputados\/","title":{"rendered":"Analysis of the Benches in the Chamber of Deputies"},"content":{"rendered":"<h2 style=\"text-align: center;\">Analysis of the Benches in the Chamber of Deputies<\/h2>\n<p>The graphic available in the link below comes from an article by the Investigative Reporting and Journalism Agency, whose authors are<strong><em> \u00c9tore Medeiros and Bruno Fonseca<\/em><\/strong>. The article can be found at the link: <a href=\"http:\/\/apublica.org\/2016\/02\/truco-as-bancadas-da-camara\/\">\u201cThe Chamber Benches\u201d<\/a>, on February 18, 2016.<\/p>\n<p>The file with the information can be accessed by anyone, however, it is in CSV format, and will have to be reconfigured for reading by graphic production systems.<\/p>\n<p>Our work was to extract the information from the csv file, change it to adapt it to graphical analysis tools, remodeling it for this presentation.<\/p>\n<p><a href=\"http:\/\/rubenssantana.com\/wp-content\/uploads\/2017\/07\/info_bancada_congresso.png\"><img fetchpriority=\"high\" decoding=\"async\" class=\"size-medium wp-image-1331 aligncenter\" src=\"http:\/\/rubenssantana.com\/wp-content\/uploads\/2017\/07\/info_bancada_congresso-300x184.png\" alt=\"info_bancada_congresso\" width=\"300\" height=\"184\" srcset=\"https:\/\/ingesto.org.br\/wp-content\/uploads\/2017\/07\/info_bancada_congresso-300x184.png 300w, https:\/\/ingesto.org.br\/wp-content\/uploads\/2017\/07\/info_bancada_congresso.png 577w\" sizes=\"(max-width: 300px) 100vw, 300px\" \/><\/a><\/p>\n<p><em>\u201cAccording to the authors, federal deputies from the Agricultural Parliamentary Front (FPA), one of the largest and most organized groups in the Chamber of Deputies, meet weekly during lunch in a mansion in Lago Sul, an upscale neighborhood of Bras\u00edlia. Also released in advance to the press, the \u201cmenu\u201d \u2013 the name given by the FPA&#039;s own advisors to the topics that will be debated \u2013 on Tuesday (16) included the taxation of agricultural products, the compensation of properties when expropriated and the indication of members for the permanent committees of the Chamber of Deputies, whose composition is renewed each year. In addition to the Agriculture board, ruralists are paying particular attention to two others: the Constitution, Justice and Citizenship (CCJ) and the Environment.<\/em><\/p>\n<p><em>\u201cWe are going to try to get as many people as possible to debate the environmental issue in Brazil, not in an ideological or radical way, but in a balanced way. Let\u2019s try, yes, to have a large majority\u201d, he told\u00a0<strong>Public<\/strong>, ap\u00f3s o almo\u00e7o, o deputado federal Nilson Leit\u00e3o (PSDB-MT). Vice-presidente da FPA, ele \u00e9 o relator da CPI da Funai e do Incra,\u00a0<a href=\"http:\/\/apublica.org\/2015\/11\/truco-devassa-ruralista-na-funai-e-no-incra\/\">that intends to raid federal agencies<\/a>, e presidiu a comiss\u00e3o especial que em 2015 aprovou a PEC 215 \u2013 que inclui o Congresso Nacional no processo de demarca\u00e7\u00e3o de terras ind\u00edgenas. \u201cN\u00f3s vencemos na parte da comiss\u00e3o; agora \u00e9 tentar colocar logo em plen\u00e1rio, ver o que a C\u00e2mara vai decidir e fazer com que o Senado tamb\u00e9m possa acelerar o processo\u201d, diz, sobre a PEC 215, cuja aprova\u00e7\u00e3o em definitivo \u00e9 um dos principais objetivos da frente para 2016 \u2013 por mais que ela seja taxada por muitos juristas como\u00a0<a href=\"http:\/\/apublica.org\/2015\/09\/truco-serraglio-e-terras-indigenas-blefe\/\">unconstitutional<\/a>.<\/em><\/p>\n<p><em>Al\u00e9m da FPA, diversas outras bancadas atuam diariamente no Congresso Nacional, reunindo deputados com ideologias, motiva\u00e7\u00f5es ou objetivos semelhantes, ou ainda com financiadores do mesmo setor. A din\u00e2mica de funcionamento desses conjuntos tem\u00e1ticos \u00e9 heterog\u00eanea. Nem todos possuem estrutura ou estrat\u00e9gia semelhante aos ruralistas \u2013 que contam com coordenadores, agitadores e negociadores entre os seus inscritos \u2013, e em muitos casos a forma\u00e7\u00e3o da bancada s\u00f3 fica clara com o\u00a0desenrolar de pautas espec\u00edficas ou com a ajuda dos dados de doa\u00e7\u00e3o de campanha.<\/em><\/p>\n<p><em>To show which parliamentarians defend which interests, the\u00a0<strong>Public<\/strong>\u00a0raised the composition of eleven of the most active benches. In addition to the ruralists, who have 207 deputies, we mapped other giants in the Chamber: the evangelical (196), the business (208), the contractors and construction companies (226) and the relatives (238), the largest grouping in the House \u2013 confirming the trend of increasing the number of deputies with political family members.\u201d<\/em><\/p>\n<p>Analyzing the files, I came across several technical inconsistencies, which, to be honest, are sometimes difficult to notice or verify.<\/p>\n<p>Therefore, the graph, in fact, is just a graphic sampling of the data already publicly available on the aforementioned website and in the annals of the Chamber of Deputies<\/p>\n<p><a href=\"http:\/\/rubenssantana.com\/analise\/bancada\/network\/\">Chart analyzing the participation of parliamentarians on the Benches of the Chamber of Deputies<\/a><\/p>\n<p><a href=\"http:\/\/rubenssantana.com\/analise\/bancada\/network\/\"><img decoding=\"async\" class=\"wp-image-1336 aligncenter\" src=\"http:\/\/rubenssantana.com\/wp-content\/uploads\/2017\/07\/bancada-300x176.png\" alt=\"bancada\" width=\"569\" height=\"334\" srcset=\"https:\/\/ingesto.org.br\/wp-content\/uploads\/2017\/07\/bancada-300x176.png 300w, https:\/\/ingesto.org.br\/wp-content\/uploads\/2017\/07\/bancada-1024x600.png 1024w, https:\/\/ingesto.org.br\/wp-content\/uploads\/2017\/07\/bancada-768x450.png 768w, https:\/\/ingesto.org.br\/wp-content\/uploads\/2017\/07\/bancada-600x352.png 600w, https:\/\/ingesto.org.br\/wp-content\/uploads\/2017\/07\/bancada.png 1073w\" sizes=\"(max-width: 569px) 100vw, 569px\" \/><\/a><\/p>","protected":false},"excerpt":{"rendered":"<p>Analise das Bancadas na C\u00e2mara dos Deputados O gr\u00e1fico disponibilizado no link abaixo \u00e9 oriundo de uma mat\u00e9ria da Ag\u00eancia de Reportagem e Jornalismo Investigativo, que tem como autores o \u00c9tore Medeiros e o Bruno Fonseca. A mat\u00e9ria se encontra no link: &#8220;As Bancadas da C\u00e2mara&#8221;, do dia 18 de fevereiro de 2016. O arquivo [&hellip;]<\/p>\n","protected":false},"author":1,"featured_media":1533,"comment_status":"open","ping_status":"open","sticky":false,"template":"","format":"standard","meta":{"give_campaign_id":0,"_yoast_wpseo_focuskw":"Analise das Bancadas na C\u00e2mara dos Deputados","_yoast_wpseo_title":"","_yoast_wpseo_metadesc":"","_joinchat":[],"footnotes":""},"categories":[758],"tags":[753,754,96,755,756,757,759,521,253],"class_list":["post-1532","post","type-post","status-publish","format-standard","has-post-thumbnail","hentry","category-graficos","tag-bancadas","tag-camara-dos-deputados","tag-direitos-humanos","tag-empreiteiras","tag-empresarial","tag-evangelico","tag-parentes","tag-saude","tag-sindicatos"],"yoast_head":"<!-- This site is optimized with the Yoast SEO plugin v27.4 - https:\/\/yoast.com\/product\/yoast-seo-wordpress\/ -->\n<title>Analise das Bancadas na C\u00e2mara dos Deputados - Ingesto<\/title>\n<meta name=\"robots\" content=\"index, follow, max-snippet:-1, max-image-preview:large, max-video-preview:-1\" \/>\n<link rel=\"canonical\" href=\"https:\/\/ingesto.org.br\/en\/analise-das-bancadas-na-camara-dos-deputados\/\" \/>\n<meta property=\"og:locale\" content=\"en_US\" \/>\n<meta property=\"og:type\" content=\"article\" \/>\n<meta property=\"og:title\" content=\"Analise das Bancadas na C\u00e2mara dos Deputados - Ingesto\" \/>\n<meta property=\"og:description\" content=\"Analise das Bancadas na C\u00e2mara dos Deputados O gr\u00e1fico disponibilizado no link abaixo \u00e9 oriundo de uma mat\u00e9ria da Ag\u00eancia de Reportagem e Jornalismo Investigativo, que tem como autores o \u00c9tore Medeiros e o Bruno Fonseca. A mat\u00e9ria se encontra no link: &#8220;As Bancadas da C\u00e2mara&#8221;, do dia 18 de fevereiro de 2016. O arquivo [&hellip;]\" \/>\n<meta property=\"og:url\" content=\"https:\/\/ingesto.org.br\/en\/analise-das-bancadas-na-camara-dos-deputados\/\" \/>\n<meta property=\"og:site_name\" content=\"Ingesto\" \/>\n<meta property=\"article:publisher\" content=\"https:\/\/www.facebook.com\/institutoingesto\" \/>\n<meta property=\"article:published_time\" content=\"2017-08-14T12:00:18+00:00\" \/>\n<meta property=\"og:image\" content=\"https:\/\/ingesto.org.br\/wp-content\/uploads\/2017\/08\/analise-bancada-na-camara-dos-deputados.png\" \/>\n\t<meta property=\"og:image:width\" content=\"642\" \/>\n\t<meta property=\"og:image:height\" content=\"506\" \/>\n\t<meta property=\"og:image:type\" content=\"image\/png\" \/>\n<meta name=\"author\" content=\"Ingesto\" \/>\n<meta name=\"twitter:card\" content=\"summary_large_image\" \/>\n<meta name=\"twitter:creator\" content=\"@Ingestos\" \/>\n<meta name=\"twitter:site\" content=\"@Ingestos\" \/>\n<meta name=\"twitter:label1\" content=\"Written by\" \/>\n\t<meta name=\"twitter:data1\" content=\"Ingesto\" \/>\n\t<meta name=\"twitter:label2\" content=\"Est. reading time\" \/>\n\t<meta name=\"twitter:data2\" content=\"3 minutes\" \/>\n<script type=\"application\/ld+json\" class=\"yoast-schema-graph\">{\"@context\":\"https:\\\/\\\/schema.org\",\"@graph\":[{\"@type\":\"Article\",\"@id\":\"https:\\\/\\\/ingesto.org.br\\\/en\\\/analise-das-bancadas-na-camara-dos-deputados\\\/#article\",\"isPartOf\":{\"@id\":\"https:\\\/\\\/ingesto.org.br\\\/en\\\/analise-das-bancadas-na-camara-dos-deputados\\\/\"},\"author\":{\"name\":\"Ingesto\",\"@id\":\"http:\\\/\\\/ingesto.org.br\\\/en\\\/#\\\/schema\\\/person\\\/b6b24d64bb11f377f79f5f35b9c466dc\"},\"headline\":\"Analise das Bancadas na C\u00e2mara dos Deputados\",\"datePublished\":\"2017-08-14T12:00:18+00:00\",\"mainEntityOfPage\":{\"@id\":\"https:\\\/\\\/ingesto.org.br\\\/en\\\/analise-das-bancadas-na-camara-dos-deputados\\\/\"},\"wordCount\":664,\"commentCount\":0,\"publisher\":{\"@id\":\"http:\\\/\\\/ingesto.org.br\\\/en\\\/#organization\"},\"image\":{\"@id\":\"https:\\\/\\\/ingesto.org.br\\\/en\\\/analise-das-bancadas-na-camara-dos-deputados\\\/#primaryimage\"},\"thumbnailUrl\":\"https:\\\/\\\/ingesto.org.br\\\/wp-content\\\/uploads\\\/2017\\\/08\\\/analise-bancada-na-camara-dos-deputados.png\",\"keywords\":[\"bancadas\",\"C\u00e2mara dos Deputados\",\"direitos humanos\",\"empreiteiras\",\"empresarial\",\"evang\u00e9lico\",\"parentes\",\"sa\u00fade\",\"sindicatos\"],\"articleSection\":[\"gr\u00e1ficos\"],\"inLanguage\":\"en-US\",\"potentialAction\":[{\"@type\":\"CommentAction\",\"name\":\"Comment\",\"target\":[\"https:\\\/\\\/ingesto.org.br\\\/en\\\/analise-das-bancadas-na-camara-dos-deputados\\\/#respond\"]}]},{\"@type\":\"WebPage\",\"@id\":\"https:\\\/\\\/ingesto.org.br\\\/en\\\/analise-das-bancadas-na-camara-dos-deputados\\\/\",\"url\":\"https:\\\/\\\/ingesto.org.br\\\/en\\\/analise-das-bancadas-na-camara-dos-deputados\\\/\",\"name\":\"Analise das Bancadas na C\u00e2mara dos Deputados - Ingesto\",\"isPartOf\":{\"@id\":\"http:\\\/\\\/ingesto.org.br\\\/en\\\/#website\"},\"primaryImageOfPage\":{\"@id\":\"https:\\\/\\\/ingesto.org.br\\\/en\\\/analise-das-bancadas-na-camara-dos-deputados\\\/#primaryimage\"},\"image\":{\"@id\":\"https:\\\/\\\/ingesto.org.br\\\/en\\\/analise-das-bancadas-na-camara-dos-deputados\\\/#primaryimage\"},\"thumbnailUrl\":\"https:\\\/\\\/ingesto.org.br\\\/wp-content\\\/uploads\\\/2017\\\/08\\\/analise-bancada-na-camara-dos-deputados.png\",\"datePublished\":\"2017-08-14T12:00:18+00:00\",\"breadcrumb\":{\"@id\":\"https:\\\/\\\/ingesto.org.br\\\/en\\\/analise-das-bancadas-na-camara-dos-deputados\\\/#breadcrumb\"},\"inLanguage\":\"en-US\",\"potentialAction\":[{\"@type\":\"ReadAction\",\"target\":[\"https:\\\/\\\/ingesto.org.br\\\/en\\\/analise-das-bancadas-na-camara-dos-deputados\\\/\"]}]},{\"@type\":\"ImageObject\",\"inLanguage\":\"en-US\",\"@id\":\"https:\\\/\\\/ingesto.org.br\\\/en\\\/analise-das-bancadas-na-camara-dos-deputados\\\/#primaryimage\",\"url\":\"https:\\\/\\\/ingesto.org.br\\\/wp-content\\\/uploads\\\/2017\\\/08\\\/analise-bancada-na-camara-dos-deputados.png\",\"contentUrl\":\"https:\\\/\\\/ingesto.org.br\\\/wp-content\\\/uploads\\\/2017\\\/08\\\/analise-bancada-na-camara-dos-deputados.png\",\"width\":642,\"height\":506,\"caption\":\"analise-bancada-na-camara-dos-deputados\"},{\"@type\":\"BreadcrumbList\",\"@id\":\"https:\\\/\\\/ingesto.org.br\\\/en\\\/analise-das-bancadas-na-camara-dos-deputados\\\/#breadcrumb\",\"itemListElement\":[{\"@type\":\"ListItem\",\"position\":1,\"name\":\"In\u00edcio\",\"item\":\"https:\\\/\\\/ingesto.org.br\\\/\"},{\"@type\":\"ListItem\",\"position\":2,\"name\":\"Analise das Bancadas na C\u00e2mara dos Deputados\"}]},{\"@type\":\"WebSite\",\"@id\":\"http:\\\/\\\/ingesto.org.br\\\/en\\\/#website\",\"url\":\"http:\\\/\\\/ingesto.org.br\\\/en\\\/\",\"name\":\"Instituto\",\"description\":\"Instituto para Gest\u00e3o do Terceiro Setor\",\"publisher\":{\"@id\":\"http:\\\/\\\/ingesto.org.br\\\/en\\\/#organization\"},\"alternateName\":\"Ingesto\",\"potentialAction\":[{\"@type\":\"SearchAction\",\"target\":{\"@type\":\"EntryPoint\",\"urlTemplate\":\"http:\\\/\\\/ingesto.org.br\\\/en\\\/?s={search_term_string}\"},\"query-input\":{\"@type\":\"PropertyValueSpecification\",\"valueRequired\":true,\"valueName\":\"search_term_string\"}}],\"inLanguage\":\"en-US\"},{\"@type\":\"Organization\",\"@id\":\"http:\\\/\\\/ingesto.org.br\\\/en\\\/#organization\",\"name\":\"Ingesto\",\"url\":\"http:\\\/\\\/ingesto.org.br\\\/en\\\/\",\"logo\":{\"@type\":\"ImageObject\",\"inLanguage\":\"en-US\",\"@id\":\"http:\\\/\\\/ingesto.org.br\\\/en\\\/#\\\/schema\\\/logo\\\/image\\\/\",\"url\":\"https:\\\/\\\/ingesto.org.br\\\/wp-content\\\/uploads\\\/2020\\\/11\\\/cropped-cropped-icone.png\",\"contentUrl\":\"https:\\\/\\\/ingesto.org.br\\\/wp-content\\\/uploads\\\/2020\\\/11\\\/cropped-cropped-icone.png\",\"width\":512,\"height\":512,\"caption\":\"Ingesto\"},\"image\":{\"@id\":\"http:\\\/\\\/ingesto.org.br\\\/en\\\/#\\\/schema\\\/logo\\\/image\\\/\"},\"sameAs\":[\"https:\\\/\\\/www.facebook.com\\\/institutoingesto\",\"https:\\\/\\\/x.com\\\/Ingestos\",\"https:\\\/\\\/www.instagram.com\\\/institutoingesto\\\/\",\"https:\\\/\\\/www.youtube.com\\\/@institutoingesto\",\"https:\\\/\\\/www.linkedin.com\\\/in\\\/instituto-ingesto\"]},{\"@type\":\"Person\",\"@id\":\"http:\\\/\\\/ingesto.org.br\\\/en\\\/#\\\/schema\\\/person\\\/b6b24d64bb11f377f79f5f35b9c466dc\",\"name\":\"Ingesto\",\"image\":{\"@type\":\"ImageObject\",\"inLanguage\":\"en-US\",\"@id\":\"https:\\\/\\\/ingesto.org.br\\\/wp-content\\\/litespeed\\\/avatar\\\/4d7201aed9dddada281d8ce59ea56991.jpg?ver=1776950236\",\"url\":\"https:\\\/\\\/ingesto.org.br\\\/wp-content\\\/litespeed\\\/avatar\\\/4d7201aed9dddada281d8ce59ea56991.jpg?ver=1776950236\",\"contentUrl\":\"https:\\\/\\\/ingesto.org.br\\\/wp-content\\\/litespeed\\\/avatar\\\/4d7201aed9dddada281d8ce59ea56991.jpg?ver=1776950236\",\"caption\":\"Ingesto\"},\"sameAs\":[\"http:\\\/\\\/ingesto.org.br\"],\"url\":\"https:\\\/\\\/ingesto.org.br\\\/en\\\/author\\\/instituto-ingesto\\\/\"}]}<\/script>\n<!-- \/ Yoast SEO plugin. -->","yoast_head_json":{"title":"Analise das Bancadas na C\u00e2mara dos Deputados - Ingesto","robots":{"index":"index","follow":"follow","max-snippet":"max-snippet:-1","max-image-preview":"max-image-preview:large","max-video-preview":"max-video-preview:-1"},"canonical":"https:\/\/ingesto.org.br\/en\/analise-das-bancadas-na-camara-dos-deputados\/","og_locale":"en_US","og_type":"article","og_title":"Analise das Bancadas na C\u00e2mara dos Deputados - Ingesto","og_description":"Analise das Bancadas na C\u00e2mara dos Deputados O gr\u00e1fico disponibilizado no link abaixo \u00e9 oriundo de uma mat\u00e9ria da Ag\u00eancia de Reportagem e Jornalismo Investigativo, que tem como autores o \u00c9tore Medeiros e o Bruno Fonseca. A mat\u00e9ria se encontra no link: &#8220;As Bancadas da C\u00e2mara&#8221;, do dia 18 de fevereiro de 2016. O arquivo [&hellip;]","og_url":"https:\/\/ingesto.org.br\/en\/analise-das-bancadas-na-camara-dos-deputados\/","og_site_name":"Ingesto","article_publisher":"https:\/\/www.facebook.com\/institutoingesto","article_published_time":"2017-08-14T12:00:18+00:00","og_image":[{"width":642,"height":506,"url":"https:\/\/ingesto.org.br\/wp-content\/uploads\/2017\/08\/analise-bancada-na-camara-dos-deputados.png","type":"image\/png"}],"author":"Ingesto","twitter_card":"summary_large_image","twitter_creator":"@Ingestos","twitter_site":"@Ingestos","twitter_misc":{"Written by":"Ingesto","Est. reading time":"3 minutes"},"schema":{"@context":"https:\/\/schema.org","@graph":[{"@type":"Article","@id":"https:\/\/ingesto.org.br\/en\/analise-das-bancadas-na-camara-dos-deputados\/#article","isPartOf":{"@id":"https:\/\/ingesto.org.br\/en\/analise-das-bancadas-na-camara-dos-deputados\/"},"author":{"name":"Ingesto","@id":"http:\/\/ingesto.org.br\/en\/#\/schema\/person\/b6b24d64bb11f377f79f5f35b9c466dc"},"headline":"Analise das Bancadas na C\u00e2mara dos Deputados","datePublished":"2017-08-14T12:00:18+00:00","mainEntityOfPage":{"@id":"https:\/\/ingesto.org.br\/en\/analise-das-bancadas-na-camara-dos-deputados\/"},"wordCount":664,"commentCount":0,"publisher":{"@id":"http:\/\/ingesto.org.br\/en\/#organization"},"image":{"@id":"https:\/\/ingesto.org.br\/en\/analise-das-bancadas-na-camara-dos-deputados\/#primaryimage"},"thumbnailUrl":"https:\/\/ingesto.org.br\/wp-content\/uploads\/2017\/08\/analise-bancada-na-camara-dos-deputados.png","keywords":["bancadas","C\u00e2mara dos Deputados","direitos humanos","empreiteiras","empresarial","evang\u00e9lico","parentes","sa\u00fade","sindicatos"],"articleSection":["gr\u00e1ficos"],"inLanguage":"en-US","potentialAction":[{"@type":"CommentAction","name":"Comment","target":["https:\/\/ingesto.org.br\/en\/analise-das-bancadas-na-camara-dos-deputados\/#respond"]}]},{"@type":"WebPage","@id":"https:\/\/ingesto.org.br\/en\/analise-das-bancadas-na-camara-dos-deputados\/","url":"https:\/\/ingesto.org.br\/en\/analise-das-bancadas-na-camara-dos-deputados\/","name":"Analise das Bancadas na C\u00e2mara dos Deputados - Ingesto","isPartOf":{"@id":"http:\/\/ingesto.org.br\/en\/#website"},"primaryImageOfPage":{"@id":"https:\/\/ingesto.org.br\/en\/analise-das-bancadas-na-camara-dos-deputados\/#primaryimage"},"image":{"@id":"https:\/\/ingesto.org.br\/en\/analise-das-bancadas-na-camara-dos-deputados\/#primaryimage"},"thumbnailUrl":"https:\/\/ingesto.org.br\/wp-content\/uploads\/2017\/08\/analise-bancada-na-camara-dos-deputados.png","datePublished":"2017-08-14T12:00:18+00:00","breadcrumb":{"@id":"https:\/\/ingesto.org.br\/en\/analise-das-bancadas-na-camara-dos-deputados\/#breadcrumb"},"inLanguage":"en-US","potentialAction":[{"@type":"ReadAction","target":["https:\/\/ingesto.org.br\/en\/analise-das-bancadas-na-camara-dos-deputados\/"]}]},{"@type":"ImageObject","inLanguage":"en-US","@id":"https:\/\/ingesto.org.br\/en\/analise-das-bancadas-na-camara-dos-deputados\/#primaryimage","url":"https:\/\/ingesto.org.br\/wp-content\/uploads\/2017\/08\/analise-bancada-na-camara-dos-deputados.png","contentUrl":"https:\/\/ingesto.org.br\/wp-content\/uploads\/2017\/08\/analise-bancada-na-camara-dos-deputados.png","width":642,"height":506,"caption":"analise-bancada-na-camara-dos-deputados"},{"@type":"BreadcrumbList","@id":"https:\/\/ingesto.org.br\/en\/analise-das-bancadas-na-camara-dos-deputados\/#breadcrumb","itemListElement":[{"@type":"ListItem","position":1,"name":"In\u00edcio","item":"https:\/\/ingesto.org.br\/"},{"@type":"ListItem","position":2,"name":"Analise das Bancadas na C\u00e2mara dos Deputados"}]},{"@type":"WebSite","@id":"http:\/\/ingesto.org.br\/en\/#website","url":"http:\/\/ingesto.org.br\/en\/","name":"Institute","description":"Institute for Third Sector Management","publisher":{"@id":"http:\/\/ingesto.org.br\/en\/#organization"},"alternateName":"Ingesto","potentialAction":[{"@type":"SearchAction","target":{"@type":"EntryPoint","urlTemplate":"http:\/\/ingesto.org.br\/en\/?s={search_term_string}"},"query-input":{"@type":"PropertyValueSpecification","valueRequired":true,"valueName":"search_term_string"}}],"inLanguage":"en-US"},{"@type":"Organization","@id":"http:\/\/ingesto.org.br\/en\/#organization","name":"Ingesto","url":"http:\/\/ingesto.org.br\/en\/","logo":{"@type":"ImageObject","inLanguage":"en-US","@id":"http:\/\/ingesto.org.br\/en\/#\/schema\/logo\/image\/","url":"https:\/\/ingesto.org.br\/wp-content\/uploads\/2020\/11\/cropped-cropped-icone.png","contentUrl":"https:\/\/ingesto.org.br\/wp-content\/uploads\/2020\/11\/cropped-cropped-icone.png","width":512,"height":512,"caption":"Ingesto"},"image":{"@id":"http:\/\/ingesto.org.br\/en\/#\/schema\/logo\/image\/"},"sameAs":["https:\/\/www.facebook.com\/institutoingesto","https:\/\/x.com\/Ingestos","https:\/\/www.instagram.com\/institutoingesto\/","https:\/\/www.youtube.com\/@institutoingesto","https:\/\/www.linkedin.com\/in\/instituto-ingesto"]},{"@type":"Person","@id":"http:\/\/ingesto.org.br\/en\/#\/schema\/person\/b6b24d64bb11f377f79f5f35b9c466dc","name":"Ingesto","image":{"@type":"ImageObject","inLanguage":"en-US","@id":"https:\/\/ingesto.org.br\/wp-content\/litespeed\/avatar\/4d7201aed9dddada281d8ce59ea56991.jpg?ver=1776950236","url":"https:\/\/ingesto.org.br\/wp-content\/litespeed\/avatar\/4d7201aed9dddada281d8ce59ea56991.jpg?ver=1776950236","contentUrl":"https:\/\/ingesto.org.br\/wp-content\/litespeed\/avatar\/4d7201aed9dddada281d8ce59ea56991.jpg?ver=1776950236","caption":"Ingesto"},"sameAs":["http:\/\/ingesto.org.br"],"url":"https:\/\/ingesto.org.br\/en\/author\/instituto-ingesto\/"}]}},"jetpack_featured_media_url":"https:\/\/ingesto.org.br\/wp-content\/uploads\/2017\/08\/analise-bancada-na-camara-dos-deputados.png","jetpack_shortlink":"https:\/\/wp.me\/peji5g-oI","acf":[],"_links":{"self":[{"href":"https:\/\/ingesto.org.br\/en\/wp-json\/wp\/v2\/posts\/1532","targetHints":{"allow":["GET"]}}],"collection":[{"href":"https:\/\/ingesto.org.br\/en\/wp-json\/wp\/v2\/posts"}],"about":[{"href":"https:\/\/ingesto.org.br\/en\/wp-json\/wp\/v2\/types\/post"}],"author":[{"embeddable":true,"href":"https:\/\/ingesto.org.br\/en\/wp-json\/wp\/v2\/users\/1"}],"replies":[{"embeddable":true,"href":"https:\/\/ingesto.org.br\/en\/wp-json\/wp\/v2\/comments?post=1532"}],"version-history":[{"count":0,"href":"https:\/\/ingesto.org.br\/en\/wp-json\/wp\/v2\/posts\/1532\/revisions"}],"wp:featuredmedia":[{"embeddable":true,"href":"https:\/\/ingesto.org.br\/en\/wp-json\/wp\/v2\/media\/1533"}],"wp:attachment":[{"href":"https:\/\/ingesto.org.br\/en\/wp-json\/wp\/v2\/media?parent=1532"}],"wp:term":[{"taxonomy":"category","embeddable":true,"href":"https:\/\/ingesto.org.br\/en\/wp-json\/wp\/v2\/categories?post=1532"},{"taxonomy":"post_tag","embeddable":true,"href":"https:\/\/ingesto.org.br\/en\/wp-json\/wp\/v2\/tags?post=1532"}],"curies":[{"name":"wp","href":"https:\/\/api.w.org\/{rel}","templated":true}]}}