{"id":12784,"date":"2013-05-01T09:25:00","date_gmt":"2013-05-01T12:25:00","guid":{"rendered":"https:\/\/ingesto.org.br\/?p=12784"},"modified":"2023-09-22T17:19:40","modified_gmt":"2023-09-22T20:19:40","slug":"1o-de-maio-cristao-reune-grandes-nomes-da-musica-gospel-em-belo-horizonte","status":"publish","type":"post","link":"https:\/\/ingesto.org.br\/en\/1o-de-maio-cristao-reune-grandes-nomes-da-musica-gospel-em-belo-horizonte\/","title":{"rendered":"Christian May 1st brings together big names in gospel music in Belo Horizonte"},"content":{"rendered":"<p>Show in honor of the worker brings together big names in gospel music in the capital of Minas Gerais.<\/p>\n\n\n\n<p>On May 1st, the third edition of Christian May Day takes place in Belo Horizonte, an event that features the participation of Mariana Valad\u00e3o, PG, Thalles Roberto and Dan and Daniel.<\/p>\n\n\n<div class=\"wp-block-image\">\n<figure class=\"aligncenter size-large\"><img fetchpriority=\"high\" decoding=\"async\" width=\"1024\" height=\"348\" src=\"https:\/\/ingesto.org.br\/wp-content\/uploads\/2023\/09\/banner-1024x348.png\" alt=\"\" class=\"wp-image-12754\" srcset=\"https:\/\/ingesto.org.br\/wp-content\/uploads\/2023\/09\/banner-1024x348.png 1024w, https:\/\/ingesto.org.br\/wp-content\/uploads\/2023\/09\/banner-300x102.png 300w, https:\/\/ingesto.org.br\/wp-content\/uploads\/2023\/09\/banner-768x261.png 768w, https:\/\/ingesto.org.br\/wp-content\/uploads\/2023\/09\/banner-1536x522.png 1536w, https:\/\/ingesto.org.br\/wp-content\/uploads\/2023\/09\/banner-600x204.png 600w, https:\/\/ingesto.org.br\/wp-content\/uploads\/2023\/09\/banner.png 1920w\" sizes=\"(max-width: 1024px) 100vw, 1024px\" \/><\/figure>\n<\/div>\n\n\n<p>The event has free entry, but entry is only permitted upon presentation of tickets, which must be collected free of charge at authorized points. Children under 12 must be accompanied by their parents.<\/p>\n\n\n\n<p>O 1\u00ba de Maio Crist\u00e3o \u00e9 realizado pelo INTRAC &#8211; Instituto do Trabalhador Crist\u00e3o e SETTASPOC &#8211; Sindicato dos Profissionais de Inform\u00e1tica de Minas Gerais com apoio da Prefeitura de Belo Horizonte e Governo de Minas Gerais.<\/p>\n\n\n\n<p>The organizers ask for the public&#039;s collaboration to donate 1 kg of non-perishable food that will be sent to philanthropic institutions, NGOs and daycare centers.<\/p>\n\n\n\n<p>May 1st Christian<br>Date: 05\/01\/2013<br>Location: Station Square<br>Time: from 11am<br>Free entrance<br>Collect your ticket for free at authorized locations:<br>Alian\u00e7as BH \u2013 Minas Shopping<br>1st Floor \u2013 Shop. 140 \u2013 BH \u2013 Tel: (31)3426-5997<br>Alian\u00e7as BH \u2013 Shopping Esta\u00e7\u00e3o<br>3rd Floor \u2013 Shop. 3025 \u2013 Venda Nova \u2013 BH \u2013 Tel: 3118-9740<br>Alian\u00e7as BH \u2013 Ouvidor Gallery<br>Rua Curitiba, 715 \u2013 Store CT56 \u2013 Center \u2013 BH \u2013 Tel: 3212-9232&nbsp;<br>Omega Distributor<br>Avenida Oleg\u00e1rio Maciel, 220 \u2013 Centro \u2013 BH<br>Evangelical World&nbsp;<br>Rua Tupis, 205 \u2013 Centro \u2013 BH&nbsp;<br>NGO Valorizar<br>Ingesto Institute<br>Rua Itarar\u00e9, 573 \u2013 Bairro Conc\u00f3rdia \u2013 BH \u2013 Tel:(31)3442-1434<br>SETTASPOC \/ INTRAC<br>Rua Alexandre Siqueira, 73 \u2013 Cai\u00e7ara \u2013 BH \u2013 Tel: (31) 3043-6232<br>Information:&nbsp;<br>(31) 3043-6323 or 3482-2025<br><a href=\"http:\/\/www.primeirodemaiocristao.com.br\/\">www. Primeirodemaiocristao.com.br<\/a><\/p>","protected":false},"excerpt":{"rendered":"<p>Show in honor of the worker brings together big names in gospel music in the capital of Minas Gerais.<\/p>\n<p>On May 1st, the third edition of Christian May Day takes place in Belo Horizonte, an event that features the participation of Mariana Valad\u00e3o, PG, Thalles Roberto and Dan and Daniel.<\/p>","protected":false},"author":1,"featured_media":12764,"comment_status":"closed","ping_status":"closed","sticky":false,"template":"","format":"standard","meta":{"give_campaign_id":0,"_yoast_wpseo_focuskw":"","_yoast_wpseo_title":"","_yoast_wpseo_metadesc":"","_joinchat":[],"footnotes":""},"categories":[2477],"tags":[2478,2479,2483,2482,2481],"class_list":["post-12784","post","type-post","status-publish","format-standard","has-post-thumbnail","hentry","category-eventos","tag-1-de-maio-cristao","tag-csb","tag-feitting","tag-futura","tag-intrac"],"yoast_head":"<!-- This site is optimized with the Yoast SEO plugin v27.4 - https:\/\/yoast.com\/product\/yoast-seo-wordpress\/ -->\n<title>1\u00ba de Maio Crist\u00e3o re\u00fane grandes nomes da m\u00fasica gospel em Belo Horizonte - Ingesto<\/title>\n<meta name=\"robots\" content=\"index, follow, max-snippet:-1, max-image-preview:large, max-video-preview:-1\" \/>\n<link rel=\"canonical\" href=\"https:\/\/ingesto.org.br\/en\/1o-de-maio-cristao-reune-grandes-nomes-da-musica-gospel-em-belo-horizonte\/\" \/>\n<meta property=\"og:locale\" content=\"en_US\" \/>\n<meta property=\"og:type\" content=\"article\" \/>\n<meta property=\"og:title\" content=\"1\u00ba de Maio Crist\u00e3o re\u00fane grandes nomes da m\u00fasica gospel em Belo Horizonte - Ingesto\" \/>\n<meta property=\"og:description\" content=\"Show em homenagem ao trabalhador re\u00fane grandes nomes da m\u00fasica gospel na capital mineira. No dia primeiro de maio acontece em Belo Horizonte a terceira edi\u00e7\u00e3o do 1\u00b0 de Maio Crist\u00e3o, evento que conta com as participa\u00e7\u00f5es de Mariana Valad\u00e3o, PG, Thalles Roberto e Dan e Daniel.\" \/>\n<meta property=\"og:url\" content=\"https:\/\/ingesto.org.br\/en\/1o-de-maio-cristao-reune-grandes-nomes-da-musica-gospel-em-belo-horizonte\/\" \/>\n<meta property=\"og:site_name\" content=\"Ingesto\" \/>\n<meta property=\"article:publisher\" content=\"https:\/\/www.facebook.com\/institutoingesto\" \/>\n<meta property=\"article:published_time\" content=\"2013-05-01T12:25:00+00:00\" \/>\n<meta property=\"article:modified_time\" content=\"2023-09-22T20:19:40+00:00\" \/>\n<meta property=\"og:image\" content=\"https:\/\/ingesto.org.br\/wp-content\/uploads\/2023\/09\/folder2.jpeg\" \/>\n\t<meta property=\"og:image:width\" content=\"1151\" \/>\n\t<meta property=\"og:image:height\" content=\"1600\" \/>\n\t<meta property=\"og:image:type\" content=\"image\/jpeg\" \/>\n<meta name=\"author\" content=\"Ingesto\" \/>\n<meta name=\"twitter:card\" content=\"summary_large_image\" \/>\n<meta name=\"twitter:creator\" content=\"@Ingestos\" \/>\n<meta name=\"twitter:site\" content=\"@Ingestos\" \/>\n<meta name=\"twitter:label1\" content=\"Written by\" \/>\n\t<meta name=\"twitter:data1\" content=\"Ingesto\" \/>\n\t<meta name=\"twitter:label2\" content=\"Est. reading time\" \/>\n\t<meta name=\"twitter:data2\" content=\"2 minutes\" \/>\n<script type=\"application\/ld+json\" class=\"yoast-schema-graph\">{\"@context\":\"https:\\\/\\\/schema.org\",\"@graph\":[{\"@type\":\"Article\",\"@id\":\"https:\\\/\\\/ingesto.org.br\\\/1o-de-maio-cristao-reune-grandes-nomes-da-musica-gospel-em-belo-horizonte\\\/#article\",\"isPartOf\":{\"@id\":\"https:\\\/\\\/ingesto.org.br\\\/1o-de-maio-cristao-reune-grandes-nomes-da-musica-gospel-em-belo-horizonte\\\/\"},\"author\":{\"name\":\"Ingesto\",\"@id\":\"http:\\\/\\\/ingesto.org.br\\\/en\\\/#\\\/schema\\\/person\\\/b6b24d64bb11f377f79f5f35b9c466dc\"},\"headline\":\"1\u00ba de Maio Crist\u00e3o re\u00fane grandes nomes da m\u00fasica gospel em Belo Horizonte\",\"datePublished\":\"2013-05-01T12:25:00+00:00\",\"dateModified\":\"2023-09-22T20:19:40+00:00\",\"mainEntityOfPage\":{\"@id\":\"https:\\\/\\\/ingesto.org.br\\\/1o-de-maio-cristao-reune-grandes-nomes-da-musica-gospel-em-belo-horizonte\\\/\"},\"wordCount\":273,\"publisher\":{\"@id\":\"http:\\\/\\\/ingesto.org.br\\\/en\\\/#organization\"},\"image\":{\"@id\":\"https:\\\/\\\/ingesto.org.br\\\/1o-de-maio-cristao-reune-grandes-nomes-da-musica-gospel-em-belo-horizonte\\\/#primaryimage\"},\"thumbnailUrl\":\"https:\\\/\\\/ingesto.org.br\\\/wp-content\\\/uploads\\\/2023\\\/09\\\/folder2.jpeg\",\"keywords\":[\"1 de Maio Crist\u00e3o\",\"CSB\",\"FEITTING\",\"FUTURA\",\"INTRAC\"],\"articleSection\":[\"Eventos\"],\"inLanguage\":\"en-US\"},{\"@type\":\"WebPage\",\"@id\":\"https:\\\/\\\/ingesto.org.br\\\/1o-de-maio-cristao-reune-grandes-nomes-da-musica-gospel-em-belo-horizonte\\\/\",\"url\":\"https:\\\/\\\/ingesto.org.br\\\/1o-de-maio-cristao-reune-grandes-nomes-da-musica-gospel-em-belo-horizonte\\\/\",\"name\":\"1\u00ba de Maio Crist\u00e3o re\u00fane grandes nomes da m\u00fasica gospel em Belo Horizonte - Ingesto\",\"isPartOf\":{\"@id\":\"http:\\\/\\\/ingesto.org.br\\\/en\\\/#website\"},\"primaryImageOfPage\":{\"@id\":\"https:\\\/\\\/ingesto.org.br\\\/1o-de-maio-cristao-reune-grandes-nomes-da-musica-gospel-em-belo-horizonte\\\/#primaryimage\"},\"image\":{\"@id\":\"https:\\\/\\\/ingesto.org.br\\\/1o-de-maio-cristao-reune-grandes-nomes-da-musica-gospel-em-belo-horizonte\\\/#primaryimage\"},\"thumbnailUrl\":\"https:\\\/\\\/ingesto.org.br\\\/wp-content\\\/uploads\\\/2023\\\/09\\\/folder2.jpeg\",\"datePublished\":\"2013-05-01T12:25:00+00:00\",\"dateModified\":\"2023-09-22T20:19:40+00:00\",\"breadcrumb\":{\"@id\":\"https:\\\/\\\/ingesto.org.br\\\/1o-de-maio-cristao-reune-grandes-nomes-da-musica-gospel-em-belo-horizonte\\\/#breadcrumb\"},\"inLanguage\":\"en-US\",\"potentialAction\":[{\"@type\":\"ReadAction\",\"target\":[\"https:\\\/\\\/ingesto.org.br\\\/1o-de-maio-cristao-reune-grandes-nomes-da-musica-gospel-em-belo-horizonte\\\/\"]}]},{\"@type\":\"ImageObject\",\"inLanguage\":\"en-US\",\"@id\":\"https:\\\/\\\/ingesto.org.br\\\/1o-de-maio-cristao-reune-grandes-nomes-da-musica-gospel-em-belo-horizonte\\\/#primaryimage\",\"url\":\"https:\\\/\\\/ingesto.org.br\\\/wp-content\\\/uploads\\\/2023\\\/09\\\/folder2.jpeg\",\"contentUrl\":\"https:\\\/\\\/ingesto.org.br\\\/wp-content\\\/uploads\\\/2023\\\/09\\\/folder2.jpeg\",\"width\":1151,\"height\":1600},{\"@type\":\"BreadcrumbList\",\"@id\":\"https:\\\/\\\/ingesto.org.br\\\/1o-de-maio-cristao-reune-grandes-nomes-da-musica-gospel-em-belo-horizonte\\\/#breadcrumb\",\"itemListElement\":[{\"@type\":\"ListItem\",\"position\":1,\"name\":\"In\u00edcio\",\"item\":\"https:\\\/\\\/ingesto.org.br\\\/\"},{\"@type\":\"ListItem\",\"position\":2,\"name\":\"1\u00ba de Maio Crist\u00e3o re\u00fane grandes nomes da m\u00fasica gospel em Belo Horizonte\"}]},{\"@type\":\"WebSite\",\"@id\":\"http:\\\/\\\/ingesto.org.br\\\/en\\\/#website\",\"url\":\"http:\\\/\\\/ingesto.org.br\\\/en\\\/\",\"name\":\"Instituto\",\"description\":\"Instituto para Gest\u00e3o do Terceiro Setor\",\"publisher\":{\"@id\":\"http:\\\/\\\/ingesto.org.br\\\/en\\\/#organization\"},\"alternateName\":\"Ingesto\",\"potentialAction\":[{\"@type\":\"SearchAction\",\"target\":{\"@type\":\"EntryPoint\",\"urlTemplate\":\"http:\\\/\\\/ingesto.org.br\\\/en\\\/?s={search_term_string}\"},\"query-input\":{\"@type\":\"PropertyValueSpecification\",\"valueRequired\":true,\"valueName\":\"search_term_string\"}}],\"inLanguage\":\"en-US\"},{\"@type\":\"Organization\",\"@id\":\"http:\\\/\\\/ingesto.org.br\\\/en\\\/#organization\",\"name\":\"Ingesto\",\"url\":\"http:\\\/\\\/ingesto.org.br\\\/en\\\/\",\"logo\":{\"@type\":\"ImageObject\",\"inLanguage\":\"en-US\",\"@id\":\"http:\\\/\\\/ingesto.org.br\\\/en\\\/#\\\/schema\\\/logo\\\/image\\\/\",\"url\":\"https:\\\/\\\/ingesto.org.br\\\/wp-content\\\/uploads\\\/2020\\\/11\\\/cropped-cropped-icone.png\",\"contentUrl\":\"https:\\\/\\\/ingesto.org.br\\\/wp-content\\\/uploads\\\/2020\\\/11\\\/cropped-cropped-icone.png\",\"width\":512,\"height\":512,\"caption\":\"Ingesto\"},\"image\":{\"@id\":\"http:\\\/\\\/ingesto.org.br\\\/en\\\/#\\\/schema\\\/logo\\\/image\\\/\"},\"sameAs\":[\"https:\\\/\\\/www.facebook.com\\\/institutoingesto\",\"https:\\\/\\\/x.com\\\/Ingestos\",\"https:\\\/\\\/www.instagram.com\\\/institutoingesto\\\/\",\"https:\\\/\\\/www.youtube.com\\\/@institutoingesto\",\"https:\\\/\\\/www.linkedin.com\\\/in\\\/instituto-ingesto\"]},{\"@type\":\"Person\",\"@id\":\"http:\\\/\\\/ingesto.org.br\\\/en\\\/#\\\/schema\\\/person\\\/b6b24d64bb11f377f79f5f35b9c466dc\",\"name\":\"Ingesto\",\"image\":{\"@type\":\"ImageObject\",\"inLanguage\":\"en-US\",\"@id\":\"https:\\\/\\\/ingesto.org.br\\\/wp-content\\\/litespeed\\\/avatar\\\/4d7201aed9dddada281d8ce59ea56991.jpg?ver=1776950236\",\"url\":\"https:\\\/\\\/ingesto.org.br\\\/wp-content\\\/litespeed\\\/avatar\\\/4d7201aed9dddada281d8ce59ea56991.jpg?ver=1776950236\",\"contentUrl\":\"https:\\\/\\\/ingesto.org.br\\\/wp-content\\\/litespeed\\\/avatar\\\/4d7201aed9dddada281d8ce59ea56991.jpg?ver=1776950236\",\"caption\":\"Ingesto\"},\"sameAs\":[\"http:\\\/\\\/ingesto.org.br\"],\"url\":\"https:\\\/\\\/ingesto.org.br\\\/en\\\/author\\\/instituto-ingesto\\\/\"}]}<\/script>\n<!-- \/ Yoast SEO plugin. -->","yoast_head_json":{"title":"1\u00ba de Maio Crist\u00e3o re\u00fane grandes nomes da m\u00fasica gospel em Belo Horizonte - Ingesto","robots":{"index":"index","follow":"follow","max-snippet":"max-snippet:-1","max-image-preview":"max-image-preview:large","max-video-preview":"max-video-preview:-1"},"canonical":"https:\/\/ingesto.org.br\/en\/1o-de-maio-cristao-reune-grandes-nomes-da-musica-gospel-em-belo-horizonte\/","og_locale":"en_US","og_type":"article","og_title":"1\u00ba de Maio Crist\u00e3o re\u00fane grandes nomes da m\u00fasica gospel em Belo Horizonte - Ingesto","og_description":"Show em homenagem ao trabalhador re\u00fane grandes nomes da m\u00fasica gospel na capital mineira. No dia primeiro de maio acontece em Belo Horizonte a terceira edi\u00e7\u00e3o do 1\u00b0 de Maio Crist\u00e3o, evento que conta com as participa\u00e7\u00f5es de Mariana Valad\u00e3o, PG, Thalles Roberto e Dan e Daniel.","og_url":"https:\/\/ingesto.org.br\/en\/1o-de-maio-cristao-reune-grandes-nomes-da-musica-gospel-em-belo-horizonte\/","og_site_name":"Ingesto","article_publisher":"https:\/\/www.facebook.com\/institutoingesto","article_published_time":"2013-05-01T12:25:00+00:00","article_modified_time":"2023-09-22T20:19:40+00:00","og_image":[{"width":1151,"height":1600,"url":"https:\/\/ingesto.org.br\/wp-content\/uploads\/2023\/09\/folder2.jpeg","type":"image\/jpeg"}],"author":"Ingesto","twitter_card":"summary_large_image","twitter_creator":"@Ingestos","twitter_site":"@Ingestos","twitter_misc":{"Written by":"Ingesto","Est. reading time":"2 minutes"},"schema":{"@context":"https:\/\/schema.org","@graph":[{"@type":"Article","@id":"https:\/\/ingesto.org.br\/1o-de-maio-cristao-reune-grandes-nomes-da-musica-gospel-em-belo-horizonte\/#article","isPartOf":{"@id":"https:\/\/ingesto.org.br\/1o-de-maio-cristao-reune-grandes-nomes-da-musica-gospel-em-belo-horizonte\/"},"author":{"name":"Ingesto","@id":"http:\/\/ingesto.org.br\/en\/#\/schema\/person\/b6b24d64bb11f377f79f5f35b9c466dc"},"headline":"1\u00ba de Maio Crist\u00e3o re\u00fane grandes nomes da m\u00fasica gospel em Belo Horizonte","datePublished":"2013-05-01T12:25:00+00:00","dateModified":"2023-09-22T20:19:40+00:00","mainEntityOfPage":{"@id":"https:\/\/ingesto.org.br\/1o-de-maio-cristao-reune-grandes-nomes-da-musica-gospel-em-belo-horizonte\/"},"wordCount":273,"publisher":{"@id":"http:\/\/ingesto.org.br\/en\/#organization"},"image":{"@id":"https:\/\/ingesto.org.br\/1o-de-maio-cristao-reune-grandes-nomes-da-musica-gospel-em-belo-horizonte\/#primaryimage"},"thumbnailUrl":"https:\/\/ingesto.org.br\/wp-content\/uploads\/2023\/09\/folder2.jpeg","keywords":["1 de Maio Crist\u00e3o","CSB","FEITTING","FUTURA","INTRAC"],"articleSection":["Eventos"],"inLanguage":"en-US"},{"@type":"WebPage","@id":"https:\/\/ingesto.org.br\/1o-de-maio-cristao-reune-grandes-nomes-da-musica-gospel-em-belo-horizonte\/","url":"https:\/\/ingesto.org.br\/1o-de-maio-cristao-reune-grandes-nomes-da-musica-gospel-em-belo-horizonte\/","name":"1\u00ba de Maio Crist\u00e3o re\u00fane grandes nomes da m\u00fasica gospel em Belo Horizonte - Ingesto","isPartOf":{"@id":"http:\/\/ingesto.org.br\/en\/#website"},"primaryImageOfPage":{"@id":"https:\/\/ingesto.org.br\/1o-de-maio-cristao-reune-grandes-nomes-da-musica-gospel-em-belo-horizonte\/#primaryimage"},"image":{"@id":"https:\/\/ingesto.org.br\/1o-de-maio-cristao-reune-grandes-nomes-da-musica-gospel-em-belo-horizonte\/#primaryimage"},"thumbnailUrl":"https:\/\/ingesto.org.br\/wp-content\/uploads\/2023\/09\/folder2.jpeg","datePublished":"2013-05-01T12:25:00+00:00","dateModified":"2023-09-22T20:19:40+00:00","breadcrumb":{"@id":"https:\/\/ingesto.org.br\/1o-de-maio-cristao-reune-grandes-nomes-da-musica-gospel-em-belo-horizonte\/#breadcrumb"},"inLanguage":"en-US","potentialAction":[{"@type":"ReadAction","target":["https:\/\/ingesto.org.br\/1o-de-maio-cristao-reune-grandes-nomes-da-musica-gospel-em-belo-horizonte\/"]}]},{"@type":"ImageObject","inLanguage":"en-US","@id":"https:\/\/ingesto.org.br\/1o-de-maio-cristao-reune-grandes-nomes-da-musica-gospel-em-belo-horizonte\/#primaryimage","url":"https:\/\/ingesto.org.br\/wp-content\/uploads\/2023\/09\/folder2.jpeg","contentUrl":"https:\/\/ingesto.org.br\/wp-content\/uploads\/2023\/09\/folder2.jpeg","width":1151,"height":1600},{"@type":"BreadcrumbList","@id":"https:\/\/ingesto.org.br\/1o-de-maio-cristao-reune-grandes-nomes-da-musica-gospel-em-belo-horizonte\/#breadcrumb","itemListElement":[{"@type":"ListItem","position":1,"name":"In\u00edcio","item":"https:\/\/ingesto.org.br\/"},{"@type":"ListItem","position":2,"name":"1\u00ba de Maio Crist\u00e3o re\u00fane grandes nomes da m\u00fasica gospel em Belo Horizonte"}]},{"@type":"WebSite","@id":"http:\/\/ingesto.org.br\/en\/#website","url":"http:\/\/ingesto.org.br\/en\/","name":"Institute","description":"Institute for Third Sector Management","publisher":{"@id":"http:\/\/ingesto.org.br\/en\/#organization"},"alternateName":"Ingesto","potentialAction":[{"@type":"SearchAction","target":{"@type":"EntryPoint","urlTemplate":"http:\/\/ingesto.org.br\/en\/?s={search_term_string}"},"query-input":{"@type":"PropertyValueSpecification","valueRequired":true,"valueName":"search_term_string"}}],"inLanguage":"en-US"},{"@type":"Organization","@id":"http:\/\/ingesto.org.br\/en\/#organization","name":"Ingesto","url":"http:\/\/ingesto.org.br\/en\/","logo":{"@type":"ImageObject","inLanguage":"en-US","@id":"http:\/\/ingesto.org.br\/en\/#\/schema\/logo\/image\/","url":"https:\/\/ingesto.org.br\/wp-content\/uploads\/2020\/11\/cropped-cropped-icone.png","contentUrl":"https:\/\/ingesto.org.br\/wp-content\/uploads\/2020\/11\/cropped-cropped-icone.png","width":512,"height":512,"caption":"Ingesto"},"image":{"@id":"http:\/\/ingesto.org.br\/en\/#\/schema\/logo\/image\/"},"sameAs":["https:\/\/www.facebook.com\/institutoingesto","https:\/\/x.com\/Ingestos","https:\/\/www.instagram.com\/institutoingesto\/","https:\/\/www.youtube.com\/@institutoingesto","https:\/\/www.linkedin.com\/in\/instituto-ingesto"]},{"@type":"Person","@id":"http:\/\/ingesto.org.br\/en\/#\/schema\/person\/b6b24d64bb11f377f79f5f35b9c466dc","name":"Ingesto","image":{"@type":"ImageObject","inLanguage":"en-US","@id":"https:\/\/ingesto.org.br\/wp-content\/litespeed\/avatar\/4d7201aed9dddada281d8ce59ea56991.jpg?ver=1776950236","url":"https:\/\/ingesto.org.br\/wp-content\/litespeed\/avatar\/4d7201aed9dddada281d8ce59ea56991.jpg?ver=1776950236","contentUrl":"https:\/\/ingesto.org.br\/wp-content\/litespeed\/avatar\/4d7201aed9dddada281d8ce59ea56991.jpg?ver=1776950236","caption":"Ingesto"},"sameAs":["http:\/\/ingesto.org.br"],"url":"https:\/\/ingesto.org.br\/en\/author\/instituto-ingesto\/"}]}},"jetpack_featured_media_url":"https:\/\/ingesto.org.br\/wp-content\/uploads\/2023\/09\/folder2.jpeg","jetpack_shortlink":"https:\/\/wp.me\/peji5g-3kc","acf":[],"_links":{"self":[{"href":"https:\/\/ingesto.org.br\/en\/wp-json\/wp\/v2\/posts\/12784","targetHints":{"allow":["GET"]}}],"collection":[{"href":"https:\/\/ingesto.org.br\/en\/wp-json\/wp\/v2\/posts"}],"about":[{"href":"https:\/\/ingesto.org.br\/en\/wp-json\/wp\/v2\/types\/post"}],"author":[{"embeddable":true,"href":"https:\/\/ingesto.org.br\/en\/wp-json\/wp\/v2\/users\/1"}],"replies":[{"embeddable":true,"href":"https:\/\/ingesto.org.br\/en\/wp-json\/wp\/v2\/comments?post=12784"}],"version-history":[{"count":0,"href":"https:\/\/ingesto.org.br\/en\/wp-json\/wp\/v2\/posts\/12784\/revisions"}],"wp:featuredmedia":[{"embeddable":true,"href":"https:\/\/ingesto.org.br\/en\/wp-json\/wp\/v2\/media\/12764"}],"wp:attachment":[{"href":"https:\/\/ingesto.org.br\/en\/wp-json\/wp\/v2\/media?parent=12784"}],"wp:term":[{"taxonomy":"category","embeddable":true,"href":"https:\/\/ingesto.org.br\/en\/wp-json\/wp\/v2\/categories?post=12784"},{"taxonomy":"post_tag","embeddable":true,"href":"https:\/\/ingesto.org.br\/en\/wp-json\/wp\/v2\/tags?post=12784"}],"curies":[{"name":"wp","href":"https:\/\/api.w.org\/{rel}","templated":true}]}}