{"id":12751,"date":"2023-08-29T12:01:32","date_gmt":"2023-08-29T15:01:32","guid":{"rendered":"https:\/\/ingesto.org.br\/?p=12751"},"modified":"2023-08-29T12:01:40","modified_gmt":"2023-08-29T15:01:40","slug":"minc-abre-edital-para-execucao-da-programacao-cultural","status":"publish","type":"post","link":"https:\/\/ingesto.org.br\/en\/minc-abre-edital-para-execucao-da-programacao-cultural\/","title":{"rendered":"MinC opens Notice for execution of cultural programming"},"content":{"rendered":"<p>The selected Organization will have <strong>R$ 1.5 million<\/strong> para realizar o projeto<\/p>\n\n\n\n<p>It is open\u00a0<a href=\"https:\/\/www.gov.br\/cultura\/pt-br\/assuntos\/editais-e-portarias\/editais\/2023\/inscricoes-abertas\/editalbdb.pdf\"><strong><span style=\"text-decoration: underline;\">edital\u00a0<\/span><\/strong><\/a>do Minist\u00e9rio da Cultura (MinC) de Chamamento P\u00fablico para a Programa\u00e7\u00e3o Cultural da Biblioteca Demonstrativa Maria da Concei\u00e7\u00e3o Moreira Salles (BDB), em Bras\u00edlia-DF. O objetivo \u00e9 selecionar uma Organiza\u00e7\u00e3o da Sociedade Civil (OSC) para executar a Programa\u00e7\u00e3o Cultural da Biblioteca, abrangendo eventos comemorativos, atividades art\u00edsticas, educacionais e de promo\u00e7\u00e3o da leitura. O investimento para a realiza\u00e7\u00e3o do projeto \u00e9 de R$ 1,5 milh\u00e3o e as inscri\u00e7\u00f5es v\u00e3o at\u00e9 27 de setembro.<\/p>\n\n\n\n<p>\u201cCom esse edital queremos fortalecer a miss\u00e3o da biblioteca como um espa\u00e7o de cultura, intera\u00e7\u00e3o e constru\u00e7\u00e3o social, buscando disseminar pr\u00e1ticas inovadoras e a realiza\u00e7\u00e3o de atividades diversificadas para o p\u00fablico\u201d, disse o secret\u00e1rio de Forma\u00e7\u00e3o, Livro e Leitura (Sefli), Fabiano Pi\u00faba.<\/p>\n\n\n<div class=\"wp-block-image\">\n<figure class=\"aligncenter size-full\"><img fetchpriority=\"high\" decoding=\"async\" width=\"768\" height=\"345\" src=\"https:\/\/ingesto.org.br\/wp-content\/uploads\/2023\/08\/edital-minc.jpg\" alt=\"\" class=\"wp-image-12752\" srcset=\"https:\/\/ingesto.org.br\/wp-content\/uploads\/2023\/08\/edital-minc.jpg 768w, https:\/\/ingesto.org.br\/wp-content\/uploads\/2023\/08\/edital-minc-300x135.jpg 300w, https:\/\/ingesto.org.br\/wp-content\/uploads\/2023\/08\/edital-minc-600x270.jpg 600w\" sizes=\"(max-width: 768px) 100vw, 768px\" \/><\/figure>\n<\/div>\n\n\n<p>A OSC selecionada ir\u00e1 planejar e executar a\u00e7\u00f5es de incentivo \u00e0 leitura atrav\u00e9s de projeto espec\u00edfico de programa\u00e7\u00e3o cultural que contemple atividades art\u00edsticas, liter\u00e1rias, formativas e de promo\u00e7\u00e3o e media\u00e7\u00e3o da leitura como: clubes de leitura, conta\u00e7\u00e3o de hist\u00f3ria, eventos liter\u00e1rios, espet\u00e1culos de dan\u00e7a, teatro, m\u00fasica, oficinas de escrita criativa, semin\u00e1rios, palestras, entre outras a\u00e7\u00f5es de fomento \u00e0 leitura e dinamiza\u00e7\u00e3o do acervo da biblioteca.<\/p>\n\n\n\n<p>Proposals must be sent through the portal&nbsp;<a href=\"https:\/\/idp.transferegov.sistema.gov.br\/idp\/\">Transferegov.br<\/a>&nbsp;e a avalia\u00e7\u00e3o das propostas ser\u00e1 conduzida por uma Comiss\u00e3o de Sele\u00e7\u00e3o, seguindo as etapas previstas no edital.&nbsp;<\/p>\n\n\n\n<p>Podem participar do edital as organiza\u00e7\u00f5es da sociedade civil (OSCs) definidas pelo&nbsp;<a href=\"https:\/\/www.planalto.gov.br\/ccivil_03\/_ato2011-2014\/2014\/lei\/l13019.htm\">art. 2nd of Law No. 13,019, of 2014, as amended by Law No. 13,204, of 2015<\/a>.<\/p>\n\n\n\n<p>Todas as informa\u00e7\u00f5es sobre o edital est\u00e3o na aba editais, no\u00a0<a href=\"https:\/\/www.gov.br\/cultura\/pt-br\/assuntos\/editais-e-portarias\/editais\/2023\/inscricoes-abertas\/Edital%20BDB\"><strong><span style=\"text-decoration: underline;\">MinC Portal<\/span><\/strong><\/a>.<\/p>","protected":false},"excerpt":{"rendered":"<p>The notice from the Ministry of Culture (MinC) for a Public Call for the Cultural Programming of the Maria da Concei\u00e7\u00e3o Moreira Salles Demonstration Library (BDB), in Bras\u00edlia-DF, is open. The objective is to select a Civil Society Organization (CSO) to carry out the Library&#039;s Cultural Programming, covering commemorative events, artistic, educational and reading promotion activities. The investment to carry out the project is R$ 1.5 million and registrations are open until September 27th<\/p>","protected":false},"author":1,"featured_media":12752,"comment_status":"closed","ping_status":"closed","sticky":true,"template":"","format":"standard","meta":{"give_campaign_id":0,"_yoast_wpseo_focuskw":"","_yoast_wpseo_title":"","_yoast_wpseo_metadesc":"","_joinchat":[],"footnotes":""},"categories":[1132,282],"tags":[734,2475,256],"class_list":["post-12751","post","type-post","status-publish","format-standard","has-post-thumbnail","hentry","category-chamamento-publico","category-editais","tag-cultura","tag-minc","tag-oscs"],"yoast_head":"<!-- This site is optimized with the Yoast SEO plugin v27.5 - https:\/\/yoast.com\/product\/yoast-seo-wordpress\/ -->\n<title>MinC abre Edital para execu\u00e7\u00e3o da programa\u00e7\u00e3o cultural - Ingesto<\/title>\n<meta name=\"robots\" content=\"index, follow, max-snippet:-1, max-image-preview:large, max-video-preview:-1\" \/>\n<link rel=\"canonical\" href=\"https:\/\/ingesto.org.br\/en\/minc-abre-edital-para-execucao-da-programacao-cultural\/\" \/>\n<meta property=\"og:locale\" content=\"en_US\" \/>\n<meta property=\"og:type\" content=\"article\" \/>\n<meta property=\"og:title\" content=\"MinC abre Edital para execu\u00e7\u00e3o da programa\u00e7\u00e3o cultural - Ingesto\" \/>\n<meta property=\"og:description\" content=\"Est\u00e1 aberto o\u00a0edital\u00a0do Minist\u00e9rio da Cultura (MinC) de Chamamento P\u00fablico para a Programa\u00e7\u00e3o Cultural da Biblioteca Demonstrativa Maria da Concei\u00e7\u00e3o Moreira Salles (BDB), em Bras\u00edlia-DF. O objetivo \u00e9 selecionar uma Organiza\u00e7\u00e3o da Sociedade Civil (OSC) para executar a Programa\u00e7\u00e3o Cultural da Biblioteca, abrangendo eventos comemorativos, atividades art\u00edsticas, educacionais e de promo\u00e7\u00e3o da leitura. O investimento para a realiza\u00e7\u00e3o do projeto \u00e9 de R$ 1,5 milh\u00e3o e as inscri\u00e7\u00f5es v\u00e3o at\u00e9 27 de setembro\" \/>\n<meta property=\"og:url\" content=\"https:\/\/ingesto.org.br\/en\/minc-abre-edital-para-execucao-da-programacao-cultural\/\" \/>\n<meta property=\"og:site_name\" content=\"Ingesto\" \/>\n<meta property=\"article:publisher\" content=\"https:\/\/www.facebook.com\/institutoingesto\" \/>\n<meta property=\"article:published_time\" content=\"2023-08-29T15:01:32+00:00\" \/>\n<meta property=\"article:modified_time\" content=\"2023-08-29T15:01:40+00:00\" \/>\n<meta property=\"og:image\" content=\"https:\/\/ingesto.org.br\/wp-content\/uploads\/2023\/08\/edital-minc.jpg\" \/>\n\t<meta property=\"og:image:width\" content=\"768\" \/>\n\t<meta property=\"og:image:height\" content=\"345\" \/>\n\t<meta property=\"og:image:type\" content=\"image\/jpeg\" \/>\n<meta name=\"author\" content=\"Ingesto\" \/>\n<meta name=\"twitter:card\" content=\"summary_large_image\" \/>\n<meta name=\"twitter:creator\" content=\"@Ingestos\" \/>\n<meta name=\"twitter:site\" content=\"@Ingestos\" \/>\n<meta name=\"twitter:label1\" content=\"Written by\" \/>\n\t<meta name=\"twitter:data1\" content=\"Ingesto\" \/>\n\t<meta name=\"twitter:label2\" content=\"Est. reading time\" \/>\n\t<meta name=\"twitter:data2\" content=\"2 minutes\" \/>\n<script type=\"application\/ld+json\" class=\"yoast-schema-graph\">{\"@context\":\"https:\\\/\\\/schema.org\",\"@graph\":[{\"@type\":\"Article\",\"@id\":\"https:\\\/\\\/ingesto.org.br\\\/minc-abre-edital-para-execucao-da-programacao-cultural\\\/#article\",\"isPartOf\":{\"@id\":\"https:\\\/\\\/ingesto.org.br\\\/minc-abre-edital-para-execucao-da-programacao-cultural\\\/\"},\"author\":{\"name\":\"Ingesto\",\"@id\":\"http:\\\/\\\/ingesto.org.br\\\/en\\\/#\\\/schema\\\/person\\\/b6b24d64bb11f377f79f5f35b9c466dc\"},\"headline\":\"MinC abre Edital para execu\u00e7\u00e3o da programa\u00e7\u00e3o cultural\",\"datePublished\":\"2023-08-29T15:01:32+00:00\",\"dateModified\":\"2023-08-29T15:01:40+00:00\",\"mainEntityOfPage\":{\"@id\":\"https:\\\/\\\/ingesto.org.br\\\/minc-abre-edital-para-execucao-da-programacao-cultural\\\/\"},\"wordCount\":316,\"publisher\":{\"@id\":\"http:\\\/\\\/ingesto.org.br\\\/en\\\/#organization\"},\"image\":{\"@id\":\"https:\\\/\\\/ingesto.org.br\\\/minc-abre-edital-para-execucao-da-programacao-cultural\\\/#primaryimage\"},\"thumbnailUrl\":\"https:\\\/\\\/ingesto.org.br\\\/wp-content\\\/uploads\\\/2023\\\/08\\\/edital-minc.jpg\",\"keywords\":[\"Cultura\",\"MINC\",\"OSCs\"],\"articleSection\":[\"Chamamento P\u00fablico\",\"Editais\"],\"inLanguage\":\"en-US\"},{\"@type\":\"WebPage\",\"@id\":\"https:\\\/\\\/ingesto.org.br\\\/minc-abre-edital-para-execucao-da-programacao-cultural\\\/\",\"url\":\"https:\\\/\\\/ingesto.org.br\\\/minc-abre-edital-para-execucao-da-programacao-cultural\\\/\",\"name\":\"MinC abre Edital para execu\u00e7\u00e3o da programa\u00e7\u00e3o cultural - Ingesto\",\"isPartOf\":{\"@id\":\"http:\\\/\\\/ingesto.org.br\\\/en\\\/#website\"},\"primaryImageOfPage\":{\"@id\":\"https:\\\/\\\/ingesto.org.br\\\/minc-abre-edital-para-execucao-da-programacao-cultural\\\/#primaryimage\"},\"image\":{\"@id\":\"https:\\\/\\\/ingesto.org.br\\\/minc-abre-edital-para-execucao-da-programacao-cultural\\\/#primaryimage\"},\"thumbnailUrl\":\"https:\\\/\\\/ingesto.org.br\\\/wp-content\\\/uploads\\\/2023\\\/08\\\/edital-minc.jpg\",\"datePublished\":\"2023-08-29T15:01:32+00:00\",\"dateModified\":\"2023-08-29T15:01:40+00:00\",\"breadcrumb\":{\"@id\":\"https:\\\/\\\/ingesto.org.br\\\/minc-abre-edital-para-execucao-da-programacao-cultural\\\/#breadcrumb\"},\"inLanguage\":\"en-US\",\"potentialAction\":[{\"@type\":\"ReadAction\",\"target\":[\"https:\\\/\\\/ingesto.org.br\\\/minc-abre-edital-para-execucao-da-programacao-cultural\\\/\"]}]},{\"@type\":\"ImageObject\",\"inLanguage\":\"en-US\",\"@id\":\"https:\\\/\\\/ingesto.org.br\\\/minc-abre-edital-para-execucao-da-programacao-cultural\\\/#primaryimage\",\"url\":\"https:\\\/\\\/ingesto.org.br\\\/wp-content\\\/uploads\\\/2023\\\/08\\\/edital-minc.jpg\",\"contentUrl\":\"https:\\\/\\\/ingesto.org.br\\\/wp-content\\\/uploads\\\/2023\\\/08\\\/edital-minc.jpg\",\"width\":768,\"height\":345},{\"@type\":\"BreadcrumbList\",\"@id\":\"https:\\\/\\\/ingesto.org.br\\\/minc-abre-edital-para-execucao-da-programacao-cultural\\\/#breadcrumb\",\"itemListElement\":[{\"@type\":\"ListItem\",\"position\":1,\"name\":\"In\u00edcio\",\"item\":\"https:\\\/\\\/ingesto.org.br\\\/\"},{\"@type\":\"ListItem\",\"position\":2,\"name\":\"MinC abre Edital para execu\u00e7\u00e3o da programa\u00e7\u00e3o cultural\"}]},{\"@type\":\"WebSite\",\"@id\":\"http:\\\/\\\/ingesto.org.br\\\/en\\\/#website\",\"url\":\"http:\\\/\\\/ingesto.org.br\\\/en\\\/\",\"name\":\"Instituto\",\"description\":\"Instituto para Gest\u00e3o do Terceiro Setor\",\"publisher\":{\"@id\":\"http:\\\/\\\/ingesto.org.br\\\/en\\\/#organization\"},\"alternateName\":\"Ingesto\",\"potentialAction\":[{\"@type\":\"SearchAction\",\"target\":{\"@type\":\"EntryPoint\",\"urlTemplate\":\"http:\\\/\\\/ingesto.org.br\\\/en\\\/?s={search_term_string}\"},\"query-input\":{\"@type\":\"PropertyValueSpecification\",\"valueRequired\":true,\"valueName\":\"search_term_string\"}}],\"inLanguage\":\"en-US\"},{\"@type\":\"Organization\",\"@id\":\"http:\\\/\\\/ingesto.org.br\\\/en\\\/#organization\",\"name\":\"Ingesto\",\"url\":\"http:\\\/\\\/ingesto.org.br\\\/en\\\/\",\"logo\":{\"@type\":\"ImageObject\",\"inLanguage\":\"en-US\",\"@id\":\"http:\\\/\\\/ingesto.org.br\\\/en\\\/#\\\/schema\\\/logo\\\/image\\\/\",\"url\":\"https:\\\/\\\/ingesto.org.br\\\/wp-content\\\/uploads\\\/2020\\\/11\\\/cropped-cropped-icone.png\",\"contentUrl\":\"https:\\\/\\\/ingesto.org.br\\\/wp-content\\\/uploads\\\/2020\\\/11\\\/cropped-cropped-icone.png\",\"width\":512,\"height\":512,\"caption\":\"Ingesto\"},\"image\":{\"@id\":\"http:\\\/\\\/ingesto.org.br\\\/en\\\/#\\\/schema\\\/logo\\\/image\\\/\"},\"sameAs\":[\"https:\\\/\\\/www.facebook.com\\\/institutoingesto\",\"https:\\\/\\\/x.com\\\/Ingestos\",\"https:\\\/\\\/www.instagram.com\\\/institutoingesto\\\/\",\"https:\\\/\\\/www.youtube.com\\\/@institutoingesto\",\"https:\\\/\\\/www.linkedin.com\\\/in\\\/instituto-ingesto\"]},{\"@type\":\"Person\",\"@id\":\"http:\\\/\\\/ingesto.org.br\\\/en\\\/#\\\/schema\\\/person\\\/b6b24d64bb11f377f79f5f35b9c466dc\",\"name\":\"Ingesto\",\"image\":{\"@type\":\"ImageObject\",\"inLanguage\":\"en-US\",\"@id\":\"https:\\\/\\\/ingesto.org.br\\\/wp-content\\\/litespeed\\\/avatar\\\/4d7201aed9dddada281d8ce59ea56991.jpg?ver=1777502375\",\"url\":\"https:\\\/\\\/ingesto.org.br\\\/wp-content\\\/litespeed\\\/avatar\\\/4d7201aed9dddada281d8ce59ea56991.jpg?ver=1777502375\",\"contentUrl\":\"https:\\\/\\\/ingesto.org.br\\\/wp-content\\\/litespeed\\\/avatar\\\/4d7201aed9dddada281d8ce59ea56991.jpg?ver=1777502375\",\"caption\":\"Ingesto\"},\"sameAs\":[\"http:\\\/\\\/ingesto.org.br\"],\"url\":\"https:\\\/\\\/ingesto.org.br\\\/en\\\/author\\\/instituto-ingesto\\\/\"}]}<\/script>\n<!-- \/ Yoast SEO plugin. -->","yoast_head_json":{"title":"MinC abre Edital para execu\u00e7\u00e3o da programa\u00e7\u00e3o cultural - Ingesto","robots":{"index":"index","follow":"follow","max-snippet":"max-snippet:-1","max-image-preview":"max-image-preview:large","max-video-preview":"max-video-preview:-1"},"canonical":"https:\/\/ingesto.org.br\/en\/minc-abre-edital-para-execucao-da-programacao-cultural\/","og_locale":"en_US","og_type":"article","og_title":"MinC abre Edital para execu\u00e7\u00e3o da programa\u00e7\u00e3o cultural - Ingesto","og_description":"Est\u00e1 aberto o\u00a0edital\u00a0do Minist\u00e9rio da Cultura (MinC) de Chamamento P\u00fablico para a Programa\u00e7\u00e3o Cultural da Biblioteca Demonstrativa Maria da Concei\u00e7\u00e3o Moreira Salles (BDB), em Bras\u00edlia-DF. O objetivo \u00e9 selecionar uma Organiza\u00e7\u00e3o da Sociedade Civil (OSC) para executar a Programa\u00e7\u00e3o Cultural da Biblioteca, abrangendo eventos comemorativos, atividades art\u00edsticas, educacionais e de promo\u00e7\u00e3o da leitura. O investimento para a realiza\u00e7\u00e3o do projeto \u00e9 de R$ 1,5 milh\u00e3o e as inscri\u00e7\u00f5es v\u00e3o at\u00e9 27 de setembro","og_url":"https:\/\/ingesto.org.br\/en\/minc-abre-edital-para-execucao-da-programacao-cultural\/","og_site_name":"Ingesto","article_publisher":"https:\/\/www.facebook.com\/institutoingesto","article_published_time":"2023-08-29T15:01:32+00:00","article_modified_time":"2023-08-29T15:01:40+00:00","og_image":[{"width":768,"height":345,"url":"https:\/\/ingesto.org.br\/wp-content\/uploads\/2023\/08\/edital-minc.jpg","type":"image\/jpeg"}],"author":"Ingesto","twitter_card":"summary_large_image","twitter_creator":"@Ingestos","twitter_site":"@Ingestos","twitter_misc":{"Written by":"Ingesto","Est. reading time":"2 minutes"},"schema":{"@context":"https:\/\/schema.org","@graph":[{"@type":"Article","@id":"https:\/\/ingesto.org.br\/minc-abre-edital-para-execucao-da-programacao-cultural\/#article","isPartOf":{"@id":"https:\/\/ingesto.org.br\/minc-abre-edital-para-execucao-da-programacao-cultural\/"},"author":{"name":"Ingesto","@id":"http:\/\/ingesto.org.br\/en\/#\/schema\/person\/b6b24d64bb11f377f79f5f35b9c466dc"},"headline":"MinC abre Edital para execu\u00e7\u00e3o da programa\u00e7\u00e3o cultural","datePublished":"2023-08-29T15:01:32+00:00","dateModified":"2023-08-29T15:01:40+00:00","mainEntityOfPage":{"@id":"https:\/\/ingesto.org.br\/minc-abre-edital-para-execucao-da-programacao-cultural\/"},"wordCount":316,"publisher":{"@id":"http:\/\/ingesto.org.br\/en\/#organization"},"image":{"@id":"https:\/\/ingesto.org.br\/minc-abre-edital-para-execucao-da-programacao-cultural\/#primaryimage"},"thumbnailUrl":"https:\/\/ingesto.org.br\/wp-content\/uploads\/2023\/08\/edital-minc.jpg","keywords":["Cultura","MINC","OSCs"],"articleSection":["Chamamento P\u00fablico","Editais"],"inLanguage":"en-US"},{"@type":"WebPage","@id":"https:\/\/ingesto.org.br\/minc-abre-edital-para-execucao-da-programacao-cultural\/","url":"https:\/\/ingesto.org.br\/minc-abre-edital-para-execucao-da-programacao-cultural\/","name":"MinC abre Edital para execu\u00e7\u00e3o da programa\u00e7\u00e3o cultural - Ingesto","isPartOf":{"@id":"http:\/\/ingesto.org.br\/en\/#website"},"primaryImageOfPage":{"@id":"https:\/\/ingesto.org.br\/minc-abre-edital-para-execucao-da-programacao-cultural\/#primaryimage"},"image":{"@id":"https:\/\/ingesto.org.br\/minc-abre-edital-para-execucao-da-programacao-cultural\/#primaryimage"},"thumbnailUrl":"https:\/\/ingesto.org.br\/wp-content\/uploads\/2023\/08\/edital-minc.jpg","datePublished":"2023-08-29T15:01:32+00:00","dateModified":"2023-08-29T15:01:40+00:00","breadcrumb":{"@id":"https:\/\/ingesto.org.br\/minc-abre-edital-para-execucao-da-programacao-cultural\/#breadcrumb"},"inLanguage":"en-US","potentialAction":[{"@type":"ReadAction","target":["https:\/\/ingesto.org.br\/minc-abre-edital-para-execucao-da-programacao-cultural\/"]}]},{"@type":"ImageObject","inLanguage":"en-US","@id":"https:\/\/ingesto.org.br\/minc-abre-edital-para-execucao-da-programacao-cultural\/#primaryimage","url":"https:\/\/ingesto.org.br\/wp-content\/uploads\/2023\/08\/edital-minc.jpg","contentUrl":"https:\/\/ingesto.org.br\/wp-content\/uploads\/2023\/08\/edital-minc.jpg","width":768,"height":345},{"@type":"BreadcrumbList","@id":"https:\/\/ingesto.org.br\/minc-abre-edital-para-execucao-da-programacao-cultural\/#breadcrumb","itemListElement":[{"@type":"ListItem","position":1,"name":"In\u00edcio","item":"https:\/\/ingesto.org.br\/"},{"@type":"ListItem","position":2,"name":"MinC abre Edital para execu\u00e7\u00e3o da programa\u00e7\u00e3o cultural"}]},{"@type":"WebSite","@id":"http:\/\/ingesto.org.br\/en\/#website","url":"http:\/\/ingesto.org.br\/en\/","name":"Institute","description":"Institute for Third Sector Management","publisher":{"@id":"http:\/\/ingesto.org.br\/en\/#organization"},"alternateName":"Ingesto","potentialAction":[{"@type":"SearchAction","target":{"@type":"EntryPoint","urlTemplate":"http:\/\/ingesto.org.br\/en\/?s={search_term_string}"},"query-input":{"@type":"PropertyValueSpecification","valueRequired":true,"valueName":"search_term_string"}}],"inLanguage":"en-US"},{"@type":"Organization","@id":"http:\/\/ingesto.org.br\/en\/#organization","name":"Ingesto","url":"http:\/\/ingesto.org.br\/en\/","logo":{"@type":"ImageObject","inLanguage":"en-US","@id":"http:\/\/ingesto.org.br\/en\/#\/schema\/logo\/image\/","url":"https:\/\/ingesto.org.br\/wp-content\/uploads\/2020\/11\/cropped-cropped-icone.png","contentUrl":"https:\/\/ingesto.org.br\/wp-content\/uploads\/2020\/11\/cropped-cropped-icone.png","width":512,"height":512,"caption":"Ingesto"},"image":{"@id":"http:\/\/ingesto.org.br\/en\/#\/schema\/logo\/image\/"},"sameAs":["https:\/\/www.facebook.com\/institutoingesto","https:\/\/x.com\/Ingestos","https:\/\/www.instagram.com\/institutoingesto\/","https:\/\/www.youtube.com\/@institutoingesto","https:\/\/www.linkedin.com\/in\/instituto-ingesto"]},{"@type":"Person","@id":"http:\/\/ingesto.org.br\/en\/#\/schema\/person\/b6b24d64bb11f377f79f5f35b9c466dc","name":"Ingesto","image":{"@type":"ImageObject","inLanguage":"en-US","@id":"https:\/\/ingesto.org.br\/wp-content\/litespeed\/avatar\/4d7201aed9dddada281d8ce59ea56991.jpg?ver=1777502375","url":"https:\/\/ingesto.org.br\/wp-content\/litespeed\/avatar\/4d7201aed9dddada281d8ce59ea56991.jpg?ver=1777502375","contentUrl":"https:\/\/ingesto.org.br\/wp-content\/litespeed\/avatar\/4d7201aed9dddada281d8ce59ea56991.jpg?ver=1777502375","caption":"Ingesto"},"sameAs":["http:\/\/ingesto.org.br"],"url":"https:\/\/ingesto.org.br\/en\/author\/instituto-ingesto\/"}]}},"jetpack_featured_media_url":"https:\/\/ingesto.org.br\/wp-content\/uploads\/2023\/08\/edital-minc.jpg","jetpack_shortlink":"https:\/\/wp.me\/peji5g-3jF","acf":[],"_links":{"self":[{"href":"https:\/\/ingesto.org.br\/en\/wp-json\/wp\/v2\/posts\/12751","targetHints":{"allow":["GET"]}}],"collection":[{"href":"https:\/\/ingesto.org.br\/en\/wp-json\/wp\/v2\/posts"}],"about":[{"href":"https:\/\/ingesto.org.br\/en\/wp-json\/wp\/v2\/types\/post"}],"author":[{"embeddable":true,"href":"https:\/\/ingesto.org.br\/en\/wp-json\/wp\/v2\/users\/1"}],"replies":[{"embeddable":true,"href":"https:\/\/ingesto.org.br\/en\/wp-json\/wp\/v2\/comments?post=12751"}],"version-history":[{"count":0,"href":"https:\/\/ingesto.org.br\/en\/wp-json\/wp\/v2\/posts\/12751\/revisions"}],"wp:featuredmedia":[{"embeddable":true,"href":"https:\/\/ingesto.org.br\/en\/wp-json\/wp\/v2\/media\/12752"}],"wp:attachment":[{"href":"https:\/\/ingesto.org.br\/en\/wp-json\/wp\/v2\/media?parent=12751"}],"wp:term":[{"taxonomy":"category","embeddable":true,"href":"https:\/\/ingesto.org.br\/en\/wp-json\/wp\/v2\/categories?post=12751"},{"taxonomy":"post_tag","embeddable":true,"href":"https:\/\/ingesto.org.br\/en\/wp-json\/wp\/v2\/tags?post=12751"}],"curies":[{"name":"wp","href":"https:\/\/api.w.org\/{rel}","templated":true}]}}