{"id":12454,"date":"2023-07-13T08:28:19","date_gmt":"2023-07-13T11:28:19","guid":{"rendered":"https:\/\/ingesto.org.br\/?p=12454"},"modified":"2024-11-03T18:17:54","modified_gmt":"2024-11-03T21:17:54","slug":"edital-do-ministerio-da-saude-para-oscs-que-atuam-com-saude-indigena","status":"publish","type":"post","link":"https:\/\/ingesto.org.br\/en\/edital-do-ministerio-da-saude-para-oscs-que-atuam-com-saude-indigena\/","title":{"rendered":"Notice from the Ministry of Health for CSOs that work with Indigenous Health!"},"content":{"rendered":"<div class=\"wp-block-post-author\"><div class=\"wp-block-post-author__avatar\"><img alt='' src='https:\/\/ingesto.org.br\/wp-content\/litespeed\/avatar\/69070ff00cd4fab0d52cd56e0df8af6c.jpg?ver=1776957697' srcset='https:\/\/ingesto.org.br\/wp-content\/litespeed\/avatar\/4d7201aed9dddada281d8ce59ea56991.jpg?ver=1776950236 2x' class='avatar avatar-48 photo' height='48' width='48' \/><\/div><div class=\"wp-block-post-author__content\"><p class=\"wp-block-post-author__byline\">Rubens Santana<br>Site: <a href=\"https:\/\/rubenssantana.com\" target=\"_blank\" rel=\"noreferrer noopener\">https:\/\/rubenssantana.com<\/a><\/p><p class=\"wp-block-post-author__name\">Ingesto<\/p><\/div><\/div>\n\n\n<p>O <strong>Ministry of Health <\/strong>est\u00e1 com Edital aberto ara <strong>Organiza\u00e7\u00f5es da Sociedade Civil &#8211; OSCs<\/strong> who work with <strong>Indigenous Health<\/strong>. Segue algumas caracter\u00edsticas que verificamos no Edital:<\/p>\n\n\n<div class=\"wp-block-image\">\n<figure class=\"aligncenter size-full\"><img fetchpriority=\"high\" decoding=\"async\" width=\"940\" height=\"627\" src=\"https:\/\/ingesto.org.br\/wp-content\/uploads\/2023\/07\/luis_oliveira_-_ministerio_da_saude.jpg\" alt=\"\" class=\"wp-image-12456\" srcset=\"https:\/\/ingesto.org.br\/wp-content\/uploads\/2023\/07\/luis_oliveira_-_ministerio_da_saude.jpg 940w, https:\/\/ingesto.org.br\/wp-content\/uploads\/2023\/07\/luis_oliveira_-_ministerio_da_saude-300x200.jpg 300w, https:\/\/ingesto.org.br\/wp-content\/uploads\/2023\/07\/luis_oliveira_-_ministerio_da_saude-768x512.jpg 768w, https:\/\/ingesto.org.br\/wp-content\/uploads\/2023\/07\/luis_oliveira_-_ministerio_da_saude-650x433.jpg 650w, https:\/\/ingesto.org.br\/wp-content\/uploads\/2023\/07\/luis_oliveira_-_ministerio_da_saude-600x400.jpg 600w\" sizes=\"(max-width: 940px) 100vw, 940px\" \/><\/figure>\n<\/div>\n\n\n<h4 class=\"wp-block-heading has-text-align-center\"><strong>GOALS<\/strong><\/h4>\n\n\n\n<p>1.3.1. Recruit, select, hire and maintain multidisciplinary teams that will carry out complementary health actions in indigenous territories;<br>1.3.2. Develop ongoing education actions for health professionals who work in indigenous territories;<br>1.3.3. Develop actions to promote social control activities in indigenous health;<br>1.3.4. Develop integrative health actions aimed at valuing traditional practices and knowledge;<br>1.3.5. Develop on-site supervision actions and organization of work processes in the area.<\/p>\n\n\n\n<h4 class=\"wp-block-heading has-text-align-center\"><strong>REGIONS OF OPERATION<\/strong><\/h4>\n\n\n\n<p>Cear\u00e1, Maranh\u00e3o, Potiguara, Alagoas and Sergipe, Bahia, Pernambuco, S\u00e3o Paulo, Bras\u00edlia, Southern Interior, South Coast, Minas Gerais and Esp\u00edrito Santo, Araguaia, Tocanti, Xavante, Xingu, Amap\u00e1 and Northern Par\u00e1, Altamira, Parinti, Guam\u00e1 -Tocanti, Tapaj\u00f3s River, Kaiap\u00f3 do Mato Grosso, Kaiap\u00f3 do Par\u00e1, Middle Rio Solim\u00f5es, Manaus, Upper Rio Negro, Upper Rio Solim\u00f5es, Yanomami,<br>East Roraima, Upper Rio Juru\u00e1, Upper Rio Purus, Middle Rio Purus, Vale do Javari, Cuiab\u00e1, Mato Grosso do Sul, Porto Velho, Vilhena.<\/p>\n\n\n\n<h4 class=\"wp-block-heading has-text-align-center\"><strong>VALUES BY REGION<\/strong><\/h4>\n\n\n<div class=\"wp-block-image\">\n<figure class=\"aligncenter size-full is-resized\"><img decoding=\"async\" src=\"https:\/\/ingesto.org.br\/wp-content\/uploads\/2023\/07\/image.png\" alt=\"\" class=\"wp-image-12457\" width=\"725\" height=\"751\" srcset=\"https:\/\/ingesto.org.br\/wp-content\/uploads\/2023\/07\/image.png 725w, https:\/\/ingesto.org.br\/wp-content\/uploads\/2023\/07\/image-290x300.png 290w, https:\/\/ingesto.org.br\/wp-content\/uploads\/2023\/07\/image-600x622.png 600w\" sizes=\"(max-width: 725px) 100vw, 725px\" \/><\/figure>\n<\/div>\n\n<div class=\"wp-block-image\">\n<figure class=\"aligncenter size-full\"><img decoding=\"async\" width=\"724\" height=\"804\" src=\"https:\/\/ingesto.org.br\/wp-content\/uploads\/2023\/07\/image-1.png\" alt=\"\" class=\"wp-image-12458\" srcset=\"https:\/\/ingesto.org.br\/wp-content\/uploads\/2023\/07\/image-1.png 724w, https:\/\/ingesto.org.br\/wp-content\/uploads\/2023\/07\/image-1-270x300.png 270w, https:\/\/ingesto.org.br\/wp-content\/uploads\/2023\/07\/image-1-600x666.png 600w\" sizes=\"(max-width: 724px) 100vw, 724px\" \/><\/figure>\n<\/div>\n\n\n<h4 class=\"wp-block-heading has-text-align-center\"><strong>MORE RELEVANT REQUIREMENTS<\/strong><\/h4>\n\n\n\n<ul class=\"wp-block-list\">\n<li>Demonstration, by the entity, of managerial, operational and technical capacity;<\/li>\n\n\n\n<li>Demonstrate financial capacity through a Certificate of Financial Capacity relating to the Bidding Social Organization in accordance with the relevant legislation, issued by <strong>State Controllership and General Auditorship (CAGE)<\/strong>, where it has its administrative headquarters; <strong>(THIS ITEM WILL ELIMINATE MANY ORGANIZATIONS<\/strong>);<\/li>\n\n\n\n<li>Comprova\u00e7\u00e3o pela entidade privada sem fins lucrativos de efetivo exerc\u00edcio, durante os \u00faltimos tr\u00eas anos, de atividades relacionadas \u00e0 mat\u00e9ria objeto da parceria;<\/li>\n\n\n\n<li>Have a Certificate of Benevolent Entity <strong>Assist\u00eancia Social na \u00c1rea de Sa\u00fade(CEBAS) <\/strong>valid, issued by the Ministry of Health, in accordance with Subsection I, Section II of Chapter II of Complementary Law No. 187, of December 16, 2021; <strong>(THIS ITEM ELIMINATES MORE THAN 80 OF Brazil&#039;s CSOs<\/strong>);<\/li>\n\n\n\n<li>It is prohibited to sign an instrument with establishments registered as branches in the <strong>CNPJ<\/strong>.<\/li>\n<\/ul>\n\n\n\n<h4 class=\"wp-block-heading has-text-align-center\">EDITAL<\/h4>\n\n\n\n<p><a href=\"https:\/\/ingesto.org.br\/wp-content\/uploads\/2023\/07\/edital-de-chamamento-publico.pdf\" target=\"_blank\" rel=\"noreferrer noopener\"><span style=\"text-decoration: underline;\">Link do Edital de Chamamento P\u00fablico para Organiza\u00e7\u00f5es da Sociedade Civil do Terceiro Setor &#8211; OSCs<\/span><\/a><\/p>\n\n\n\n<p><a href=\"https:\/\/www.gov.br\/saude\/pt-br\/acesso-a-informacao\/participacao-social\/chamamentos-publicos\/2023\/chamamento-publico-sesai-ms-no-01-2023\" target=\"_blank\" rel=\"noreferrer noopener\"><span style=\"text-decoration: underline;\">Call Link<\/span><\/a><\/p>\n\n\n\n<h4 class=\"wp-block-heading has-text-align-center\">ANALYSIS<\/h4>\n\n\n\n<p>Pela an\u00e1lise do Edital posso dizer que poucas <strong>CSOs <\/strong>no Brasil estariam preparadas para esse modelos de Edital eu creio que n\u00e3o chega a uma centena de <strong>CSOs<\/strong>.<\/p>\n\n\n\n<p>Como \u00e9 um edital muito espec\u00edfico e os valores s\u00e3o razoavelmente altos, realmente as exig\u00eancias para o prestador de servi\u00e7os devem ser maiores.<\/p>\n\n\n\n<p>Esse Edital apresenta uma <strong>Public policy <\/strong>extremely commendable that benefits a population that lacks the presence of the state. It is a Public Policy aligned with the<strong> PT Government Programs<\/strong>. Congratulations.<\/p>\n\n\n\n<p>No entanto, dizer que esse edital \u00e9 democr\u00e1tico para as <strong>CSOs <\/strong>It&#039;s laughable, it&#039;s pushing the envelope too much. A few dozen organizations will be able to meet all the requirements of this <strong>Public Call<\/strong>. Uma pena, entendemos que o Edital poderia ter inovado  e ter sido mais eficiente nas escolhas das <strong>CSOs.<\/strong> <\/p>","protected":false},"excerpt":{"rendered":"<p>Indigenous Health<\/p>","protected":false},"author":1,"featured_media":12455,"comment_status":"closed","ping_status":"closed","sticky":true,"template":"","format":"standard","meta":{"give_campaign_id":0,"_yoast_wpseo_focuskw":"","_yoast_wpseo_title":"","_yoast_wpseo_metadesc":"","_joinchat":[],"footnotes":""},"categories":[1132,282],"tags":[1127,1071,474,256,521,2473,182],"class_list":["post-12454","post","type-post","status-publish","format-standard","has-post-thumbnail","hentry","category-chamamento-publico","category-editais","tag-chamamento-publico","tag-edital","tag-organizacoes-da-sociedade-civil","tag-oscs","tag-saude","tag-saude-indigena","tag-terceiro-setor"],"yoast_head":"<!-- This site is optimized with the Yoast SEO plugin v27.4 - https:\/\/yoast.com\/product\/yoast-seo-wordpress\/ -->\n<title>Edital do Minist\u00e9rio da Sa\u00fade para OSCs que atuam com Sa\u00fade Ind\u00edgena! - Ingesto<\/title>\n<meta name=\"robots\" content=\"index, follow, max-snippet:-1, max-image-preview:large, max-video-preview:-1\" \/>\n<link rel=\"canonical\" href=\"https:\/\/ingesto.org.br\/en\/edital-do-ministerio-da-saude-para-oscs-que-atuam-com-saude-indigena\/\" \/>\n<meta property=\"og:locale\" content=\"en_US\" \/>\n<meta property=\"og:type\" content=\"article\" \/>\n<meta property=\"og:title\" content=\"Edital do Minist\u00e9rio da Sa\u00fade para OSCs que atuam com Sa\u00fade Ind\u00edgena! - Ingesto\" \/>\n<meta property=\"og:description\" content=\"Sa\u00fade Ind\u00edgena\" \/>\n<meta property=\"og:url\" content=\"https:\/\/ingesto.org.br\/en\/edital-do-ministerio-da-saude-para-oscs-que-atuam-com-saude-indigena\/\" \/>\n<meta property=\"og:site_name\" content=\"Ingesto\" \/>\n<meta property=\"article:publisher\" content=\"https:\/\/www.facebook.com\/institutoingesto\" \/>\n<meta property=\"article:published_time\" content=\"2023-07-13T11:28:19+00:00\" \/>\n<meta property=\"article:modified_time\" content=\"2024-11-03T21:17:54+00:00\" \/>\n<meta property=\"og:image\" content=\"https:\/\/ingesto.org.br\/wp-content\/uploads\/2023\/07\/saude-indigena.jpg\" \/>\n\t<meta property=\"og:image:width\" content=\"1086\" \/>\n\t<meta property=\"og:image:height\" content=\"652\" \/>\n\t<meta property=\"og:image:type\" content=\"image\/jpeg\" \/>\n<meta name=\"author\" content=\"Ingesto\" \/>\n<meta name=\"twitter:card\" content=\"summary_large_image\" \/>\n<meta name=\"twitter:creator\" content=\"@Ingestos\" \/>\n<meta name=\"twitter:site\" content=\"@Ingestos\" \/>\n<meta name=\"twitter:label1\" content=\"Written by\" \/>\n\t<meta name=\"twitter:data1\" content=\"Ingesto\" \/>\n\t<meta name=\"twitter:label2\" content=\"Est. reading time\" \/>\n\t<meta name=\"twitter:data2\" content=\"4 minutes\" \/>\n<script type=\"application\/ld+json\" class=\"yoast-schema-graph\">{\"@context\":\"https:\\\/\\\/schema.org\",\"@graph\":[{\"@type\":\"Article\",\"@id\":\"https:\\\/\\\/ingesto.org.br\\\/edital-do-ministerio-da-saude-para-oscs-que-atuam-com-saude-indigena\\\/#article\",\"isPartOf\":{\"@id\":\"https:\\\/\\\/ingesto.org.br\\\/edital-do-ministerio-da-saude-para-oscs-que-atuam-com-saude-indigena\\\/\"},\"author\":{\"name\":\"Ingesto\",\"@id\":\"http:\\\/\\\/ingesto.org.br\\\/en\\\/#\\\/schema\\\/person\\\/b6b24d64bb11f377f79f5f35b9c466dc\"},\"headline\":\"Edital do Minist\u00e9rio da Sa\u00fade para OSCs que atuam com Sa\u00fade Ind\u00edgena!\",\"datePublished\":\"2023-07-13T11:28:19+00:00\",\"dateModified\":\"2024-11-03T21:17:54+00:00\",\"mainEntityOfPage\":{\"@id\":\"https:\\\/\\\/ingesto.org.br\\\/edital-do-ministerio-da-saude-para-oscs-que-atuam-com-saude-indigena\\\/\"},\"wordCount\":553,\"publisher\":{\"@id\":\"http:\\\/\\\/ingesto.org.br\\\/en\\\/#organization\"},\"image\":{\"@id\":\"https:\\\/\\\/ingesto.org.br\\\/edital-do-ministerio-da-saude-para-oscs-que-atuam-com-saude-indigena\\\/#primaryimage\"},\"thumbnailUrl\":\"https:\\\/\\\/ingesto.org.br\\\/wp-content\\\/uploads\\\/2023\\\/07\\\/saude-indigena.jpg\",\"keywords\":[\"chamamento p\u00fablico\",\"edital\",\"Organiza\u00e7\u00f5es da Sociedade Civil\",\"OSCs\",\"sa\u00fade\",\"Sa\u00fade Ind\u00edgena\",\"terceiro setor\"],\"articleSection\":[\"Chamamento P\u00fablico\",\"Editais\"],\"inLanguage\":\"en-US\"},{\"@type\":\"WebPage\",\"@id\":\"https:\\\/\\\/ingesto.org.br\\\/edital-do-ministerio-da-saude-para-oscs-que-atuam-com-saude-indigena\\\/\",\"url\":\"https:\\\/\\\/ingesto.org.br\\\/edital-do-ministerio-da-saude-para-oscs-que-atuam-com-saude-indigena\\\/\",\"name\":\"Edital do Minist\u00e9rio da Sa\u00fade para OSCs que atuam com Sa\u00fade Ind\u00edgena! - Ingesto\",\"isPartOf\":{\"@id\":\"http:\\\/\\\/ingesto.org.br\\\/en\\\/#website\"},\"primaryImageOfPage\":{\"@id\":\"https:\\\/\\\/ingesto.org.br\\\/edital-do-ministerio-da-saude-para-oscs-que-atuam-com-saude-indigena\\\/#primaryimage\"},\"image\":{\"@id\":\"https:\\\/\\\/ingesto.org.br\\\/edital-do-ministerio-da-saude-para-oscs-que-atuam-com-saude-indigena\\\/#primaryimage\"},\"thumbnailUrl\":\"https:\\\/\\\/ingesto.org.br\\\/wp-content\\\/uploads\\\/2023\\\/07\\\/saude-indigena.jpg\",\"datePublished\":\"2023-07-13T11:28:19+00:00\",\"dateModified\":\"2024-11-03T21:17:54+00:00\",\"breadcrumb\":{\"@id\":\"https:\\\/\\\/ingesto.org.br\\\/edital-do-ministerio-da-saude-para-oscs-que-atuam-com-saude-indigena\\\/#breadcrumb\"},\"inLanguage\":\"en-US\",\"potentialAction\":[{\"@type\":\"ReadAction\",\"target\":[\"https:\\\/\\\/ingesto.org.br\\\/edital-do-ministerio-da-saude-para-oscs-que-atuam-com-saude-indigena\\\/\"]}]},{\"@type\":\"ImageObject\",\"inLanguage\":\"en-US\",\"@id\":\"https:\\\/\\\/ingesto.org.br\\\/edital-do-ministerio-da-saude-para-oscs-que-atuam-com-saude-indigena\\\/#primaryimage\",\"url\":\"https:\\\/\\\/ingesto.org.br\\\/wp-content\\\/uploads\\\/2023\\\/07\\\/saude-indigena.jpg\",\"contentUrl\":\"https:\\\/\\\/ingesto.org.br\\\/wp-content\\\/uploads\\\/2023\\\/07\\\/saude-indigena.jpg\",\"width\":1086,\"height\":652},{\"@type\":\"BreadcrumbList\",\"@id\":\"https:\\\/\\\/ingesto.org.br\\\/edital-do-ministerio-da-saude-para-oscs-que-atuam-com-saude-indigena\\\/#breadcrumb\",\"itemListElement\":[{\"@type\":\"ListItem\",\"position\":1,\"name\":\"In\u00edcio\",\"item\":\"https:\\\/\\\/ingesto.org.br\\\/\"},{\"@type\":\"ListItem\",\"position\":2,\"name\":\"Edital do Minist\u00e9rio da Sa\u00fade para OSCs que atuam com Sa\u00fade Ind\u00edgena!\"}]},{\"@type\":\"WebSite\",\"@id\":\"http:\\\/\\\/ingesto.org.br\\\/en\\\/#website\",\"url\":\"http:\\\/\\\/ingesto.org.br\\\/en\\\/\",\"name\":\"Instituto\",\"description\":\"Instituto para Gest\u00e3o do Terceiro Setor\",\"publisher\":{\"@id\":\"http:\\\/\\\/ingesto.org.br\\\/en\\\/#organization\"},\"alternateName\":\"Ingesto\",\"potentialAction\":[{\"@type\":\"SearchAction\",\"target\":{\"@type\":\"EntryPoint\",\"urlTemplate\":\"http:\\\/\\\/ingesto.org.br\\\/en\\\/?s={search_term_string}\"},\"query-input\":{\"@type\":\"PropertyValueSpecification\",\"valueRequired\":true,\"valueName\":\"search_term_string\"}}],\"inLanguage\":\"en-US\"},{\"@type\":\"Organization\",\"@id\":\"http:\\\/\\\/ingesto.org.br\\\/en\\\/#organization\",\"name\":\"Ingesto\",\"url\":\"http:\\\/\\\/ingesto.org.br\\\/en\\\/\",\"logo\":{\"@type\":\"ImageObject\",\"inLanguage\":\"en-US\",\"@id\":\"http:\\\/\\\/ingesto.org.br\\\/en\\\/#\\\/schema\\\/logo\\\/image\\\/\",\"url\":\"https:\\\/\\\/ingesto.org.br\\\/wp-content\\\/uploads\\\/2020\\\/11\\\/cropped-cropped-icone.png\",\"contentUrl\":\"https:\\\/\\\/ingesto.org.br\\\/wp-content\\\/uploads\\\/2020\\\/11\\\/cropped-cropped-icone.png\",\"width\":512,\"height\":512,\"caption\":\"Ingesto\"},\"image\":{\"@id\":\"http:\\\/\\\/ingesto.org.br\\\/en\\\/#\\\/schema\\\/logo\\\/image\\\/\"},\"sameAs\":[\"https:\\\/\\\/www.facebook.com\\\/institutoingesto\",\"https:\\\/\\\/x.com\\\/Ingestos\",\"https:\\\/\\\/www.instagram.com\\\/institutoingesto\\\/\",\"https:\\\/\\\/www.youtube.com\\\/@institutoingesto\",\"https:\\\/\\\/www.linkedin.com\\\/in\\\/instituto-ingesto\"]},{\"@type\":\"Person\",\"@id\":\"http:\\\/\\\/ingesto.org.br\\\/en\\\/#\\\/schema\\\/person\\\/b6b24d64bb11f377f79f5f35b9c466dc\",\"name\":\"Ingesto\",\"image\":{\"@type\":\"ImageObject\",\"inLanguage\":\"en-US\",\"@id\":\"https:\\\/\\\/ingesto.org.br\\\/wp-content\\\/litespeed\\\/avatar\\\/4d7201aed9dddada281d8ce59ea56991.jpg?ver=1776950236\",\"url\":\"https:\\\/\\\/ingesto.org.br\\\/wp-content\\\/litespeed\\\/avatar\\\/4d7201aed9dddada281d8ce59ea56991.jpg?ver=1776950236\",\"contentUrl\":\"https:\\\/\\\/ingesto.org.br\\\/wp-content\\\/litespeed\\\/avatar\\\/4d7201aed9dddada281d8ce59ea56991.jpg?ver=1776950236\",\"caption\":\"Ingesto\"},\"sameAs\":[\"http:\\\/\\\/ingesto.org.br\"],\"url\":\"https:\\\/\\\/ingesto.org.br\\\/en\\\/author\\\/instituto-ingesto\\\/\"}]}<\/script>\n<!-- \/ Yoast SEO plugin. -->","yoast_head_json":{"title":"Edital do Minist\u00e9rio da Sa\u00fade para OSCs que atuam com Sa\u00fade Ind\u00edgena! - Ingesto","robots":{"index":"index","follow":"follow","max-snippet":"max-snippet:-1","max-image-preview":"max-image-preview:large","max-video-preview":"max-video-preview:-1"},"canonical":"https:\/\/ingesto.org.br\/en\/edital-do-ministerio-da-saude-para-oscs-que-atuam-com-saude-indigena\/","og_locale":"en_US","og_type":"article","og_title":"Edital do Minist\u00e9rio da Sa\u00fade para OSCs que atuam com Sa\u00fade Ind\u00edgena! - Ingesto","og_description":"Sa\u00fade Ind\u00edgena","og_url":"https:\/\/ingesto.org.br\/en\/edital-do-ministerio-da-saude-para-oscs-que-atuam-com-saude-indigena\/","og_site_name":"Ingesto","article_publisher":"https:\/\/www.facebook.com\/institutoingesto","article_published_time":"2023-07-13T11:28:19+00:00","article_modified_time":"2024-11-03T21:17:54+00:00","og_image":[{"width":1086,"height":652,"url":"https:\/\/ingesto.org.br\/wp-content\/uploads\/2023\/07\/saude-indigena.jpg","type":"image\/jpeg"}],"author":"Ingesto","twitter_card":"summary_large_image","twitter_creator":"@Ingestos","twitter_site":"@Ingestos","twitter_misc":{"Written by":"Ingesto","Est. reading time":"4 minutes"},"schema":{"@context":"https:\/\/schema.org","@graph":[{"@type":"Article","@id":"https:\/\/ingesto.org.br\/edital-do-ministerio-da-saude-para-oscs-que-atuam-com-saude-indigena\/#article","isPartOf":{"@id":"https:\/\/ingesto.org.br\/edital-do-ministerio-da-saude-para-oscs-que-atuam-com-saude-indigena\/"},"author":{"name":"Ingesto","@id":"http:\/\/ingesto.org.br\/en\/#\/schema\/person\/b6b24d64bb11f377f79f5f35b9c466dc"},"headline":"Edital do Minist\u00e9rio da Sa\u00fade para OSCs que atuam com Sa\u00fade Ind\u00edgena!","datePublished":"2023-07-13T11:28:19+00:00","dateModified":"2024-11-03T21:17:54+00:00","mainEntityOfPage":{"@id":"https:\/\/ingesto.org.br\/edital-do-ministerio-da-saude-para-oscs-que-atuam-com-saude-indigena\/"},"wordCount":553,"publisher":{"@id":"http:\/\/ingesto.org.br\/en\/#organization"},"image":{"@id":"https:\/\/ingesto.org.br\/edital-do-ministerio-da-saude-para-oscs-que-atuam-com-saude-indigena\/#primaryimage"},"thumbnailUrl":"https:\/\/ingesto.org.br\/wp-content\/uploads\/2023\/07\/saude-indigena.jpg","keywords":["chamamento p\u00fablico","edital","Organiza\u00e7\u00f5es da Sociedade Civil","OSCs","sa\u00fade","Sa\u00fade Ind\u00edgena","terceiro setor"],"articleSection":["Chamamento P\u00fablico","Editais"],"inLanguage":"en-US"},{"@type":"WebPage","@id":"https:\/\/ingesto.org.br\/edital-do-ministerio-da-saude-para-oscs-que-atuam-com-saude-indigena\/","url":"https:\/\/ingesto.org.br\/edital-do-ministerio-da-saude-para-oscs-que-atuam-com-saude-indigena\/","name":"Edital do Minist\u00e9rio da Sa\u00fade para OSCs que atuam com Sa\u00fade Ind\u00edgena! - Ingesto","isPartOf":{"@id":"http:\/\/ingesto.org.br\/en\/#website"},"primaryImageOfPage":{"@id":"https:\/\/ingesto.org.br\/edital-do-ministerio-da-saude-para-oscs-que-atuam-com-saude-indigena\/#primaryimage"},"image":{"@id":"https:\/\/ingesto.org.br\/edital-do-ministerio-da-saude-para-oscs-que-atuam-com-saude-indigena\/#primaryimage"},"thumbnailUrl":"https:\/\/ingesto.org.br\/wp-content\/uploads\/2023\/07\/saude-indigena.jpg","datePublished":"2023-07-13T11:28:19+00:00","dateModified":"2024-11-03T21:17:54+00:00","breadcrumb":{"@id":"https:\/\/ingesto.org.br\/edital-do-ministerio-da-saude-para-oscs-que-atuam-com-saude-indigena\/#breadcrumb"},"inLanguage":"en-US","potentialAction":[{"@type":"ReadAction","target":["https:\/\/ingesto.org.br\/edital-do-ministerio-da-saude-para-oscs-que-atuam-com-saude-indigena\/"]}]},{"@type":"ImageObject","inLanguage":"en-US","@id":"https:\/\/ingesto.org.br\/edital-do-ministerio-da-saude-para-oscs-que-atuam-com-saude-indigena\/#primaryimage","url":"https:\/\/ingesto.org.br\/wp-content\/uploads\/2023\/07\/saude-indigena.jpg","contentUrl":"https:\/\/ingesto.org.br\/wp-content\/uploads\/2023\/07\/saude-indigena.jpg","width":1086,"height":652},{"@type":"BreadcrumbList","@id":"https:\/\/ingesto.org.br\/edital-do-ministerio-da-saude-para-oscs-que-atuam-com-saude-indigena\/#breadcrumb","itemListElement":[{"@type":"ListItem","position":1,"name":"In\u00edcio","item":"https:\/\/ingesto.org.br\/"},{"@type":"ListItem","position":2,"name":"Edital do Minist\u00e9rio da Sa\u00fade para OSCs que atuam com Sa\u00fade Ind\u00edgena!"}]},{"@type":"WebSite","@id":"http:\/\/ingesto.org.br\/en\/#website","url":"http:\/\/ingesto.org.br\/en\/","name":"Institute","description":"Institute for Third Sector Management","publisher":{"@id":"http:\/\/ingesto.org.br\/en\/#organization"},"alternateName":"Ingesto","potentialAction":[{"@type":"SearchAction","target":{"@type":"EntryPoint","urlTemplate":"http:\/\/ingesto.org.br\/en\/?s={search_term_string}"},"query-input":{"@type":"PropertyValueSpecification","valueRequired":true,"valueName":"search_term_string"}}],"inLanguage":"en-US"},{"@type":"Organization","@id":"http:\/\/ingesto.org.br\/en\/#organization","name":"Ingesto","url":"http:\/\/ingesto.org.br\/en\/","logo":{"@type":"ImageObject","inLanguage":"en-US","@id":"http:\/\/ingesto.org.br\/en\/#\/schema\/logo\/image\/","url":"https:\/\/ingesto.org.br\/wp-content\/uploads\/2020\/11\/cropped-cropped-icone.png","contentUrl":"https:\/\/ingesto.org.br\/wp-content\/uploads\/2020\/11\/cropped-cropped-icone.png","width":512,"height":512,"caption":"Ingesto"},"image":{"@id":"http:\/\/ingesto.org.br\/en\/#\/schema\/logo\/image\/"},"sameAs":["https:\/\/www.facebook.com\/institutoingesto","https:\/\/x.com\/Ingestos","https:\/\/www.instagram.com\/institutoingesto\/","https:\/\/www.youtube.com\/@institutoingesto","https:\/\/www.linkedin.com\/in\/instituto-ingesto"]},{"@type":"Person","@id":"http:\/\/ingesto.org.br\/en\/#\/schema\/person\/b6b24d64bb11f377f79f5f35b9c466dc","name":"Ingesto","image":{"@type":"ImageObject","inLanguage":"en-US","@id":"https:\/\/ingesto.org.br\/wp-content\/litespeed\/avatar\/4d7201aed9dddada281d8ce59ea56991.jpg?ver=1776950236","url":"https:\/\/ingesto.org.br\/wp-content\/litespeed\/avatar\/4d7201aed9dddada281d8ce59ea56991.jpg?ver=1776950236","contentUrl":"https:\/\/ingesto.org.br\/wp-content\/litespeed\/avatar\/4d7201aed9dddada281d8ce59ea56991.jpg?ver=1776950236","caption":"Ingesto"},"sameAs":["http:\/\/ingesto.org.br"],"url":"https:\/\/ingesto.org.br\/en\/author\/instituto-ingesto\/"}]}},"jetpack_featured_media_url":"https:\/\/ingesto.org.br\/wp-content\/uploads\/2023\/07\/saude-indigena.jpg","jetpack_shortlink":"https:\/\/wp.me\/peji5g-3eS","acf":[],"_links":{"self":[{"href":"https:\/\/ingesto.org.br\/en\/wp-json\/wp\/v2\/posts\/12454","targetHints":{"allow":["GET"]}}],"collection":[{"href":"https:\/\/ingesto.org.br\/en\/wp-json\/wp\/v2\/posts"}],"about":[{"href":"https:\/\/ingesto.org.br\/en\/wp-json\/wp\/v2\/types\/post"}],"author":[{"embeddable":true,"href":"https:\/\/ingesto.org.br\/en\/wp-json\/wp\/v2\/users\/1"}],"replies":[{"embeddable":true,"href":"https:\/\/ingesto.org.br\/en\/wp-json\/wp\/v2\/comments?post=12454"}],"version-history":[{"count":0,"href":"https:\/\/ingesto.org.br\/en\/wp-json\/wp\/v2\/posts\/12454\/revisions"}],"wp:featuredmedia":[{"embeddable":true,"href":"https:\/\/ingesto.org.br\/en\/wp-json\/wp\/v2\/media\/12455"}],"wp:attachment":[{"href":"https:\/\/ingesto.org.br\/en\/wp-json\/wp\/v2\/media?parent=12454"}],"wp:term":[{"taxonomy":"category","embeddable":true,"href":"https:\/\/ingesto.org.br\/en\/wp-json\/wp\/v2\/categories?post=12454"},{"taxonomy":"post_tag","embeddable":true,"href":"https:\/\/ingesto.org.br\/en\/wp-json\/wp\/v2\/tags?post=12454"}],"curies":[{"name":"wp","href":"https:\/\/api.w.org\/{rel}","templated":true}]}}